{"id":560018,"date":"2025-02-28T23:12:47","date_gmt":"2025-02-28T22:12:47","guid":{"rendered":"https:\/\/dicodusport.fr\/blog\/?p=560018&#038;preview=true&#038;preview_id=560018"},"modified":"2025-02-28T23:42:43","modified_gmt":"2025-02-28T22:42:43","slug":"all-star-perche-2025-la-victoire-et-le-record-du-monde-pour-armand-duplantis","status":"publish","type":"post","link":"https:\/\/dicodusport.fr\/blog\/all-star-perche-2025-la-victoire-et-le-record-du-monde-pour-armand-duplantis\/","title":{"rendered":"All Star Perche 2025 : La victoire et le record du monde pour Armand Duplantis !"},"content":{"rendered":"<h4 style=\"text-align: justify;\"><em>ATHL\u00c9TISME &#8211; Dans une ambiance de folie, Armand Duplantis a battu un nouveau record du monde en franchissant 6.27m \u00e0 son premier essai. Les Fran\u00e7ais ont r\u00e9alis\u00e9 une performance magnifique : ils sont trois \u00e0 avoir franchi 5.91m dans une soir\u00e9e historique. Chez les femmes, la victoire est revenue \u00e0 Angelica Moser devant Marie-Julie Bonnin.<\/em><\/h4>\n<ul style=\"text-align: justify;\">\n<li style=\"text-align: justify;\"><strong>\u00c0 ce sujet : <a href=\"https:\/\/dicodusport.fr\/blog\/all-star-perche-2025-armand-duplantis-chez-renaud-lavillenie\/\">All Star Perche 2025 : Armand Duplantis chez Renaud Lavillenie<\/a><\/strong><\/li>\n<\/ul>\n<p style=\"text-align: justify;\">Du beau monde \u00e9tait engag\u00e9 ce vendredi soir pour un rendez-vous devenu traditionnel pour ne pas dire incontournable : le All Star Perche ! C\u00f4t\u00e9 messieurs, <strong>Renaud Lavillenie<\/strong>, \u00e0 la maison avait rendez-vous avec <strong>Mondo Duplantis<\/strong>. Le Su\u00e9dois \u00e9tait le favori logique du concours, mais esp\u00e9rait \u00eatre pouss\u00e9 dans ses retranchements par <strong>Emmanouil Karalis<\/strong>, 6.01m il y a six jours. Chez les femmes, on esp\u00e9rait voir le record de France (4.75 m\u00e8tres) trembler tant <strong>Marie-Julie Bonnin<\/strong> semble gagner en r\u00e9gularit\u00e9 \u00e0 des barres \u00e0 4.63m et plus.<\/p>\n<h2 style=\"text-align: justify;\">Duplantis et les autres<\/h2>\n<h3 style=\"text-align: justify;\">Les <em>minima<\/em> pour Renaud Lavillenie,\u00a0 Thibaut Collet et Baptiste Thiery !<\/h3>\n<p style=\"text-align: justify;\">Les Fran\u00e7ais n&rsquo;ont pas tous connu le m\u00eame d\u00e9but de concours. Si <strong>Baptiste Thiery<\/strong> et <strong>Thibaut Collet<\/strong> \u00e9taient les mieux partis, franchissant 5.75m \u00e0 leur premier essai, <strong>Anthony Ammirati<\/strong> \u00e9tait le premier \u00e9limin\u00e9 en \u00e9chouant par trois fois \u00e0 5.65m apr\u00e8s avoir n\u00e9anmoins franchi 5.55m quelques instants auparavant. <strong>Renaud Lavillenie<\/strong> faisait lui l&rsquo;impasse \u00e0 5.65m,\u00a0 pour tenter 5.75m \u00e0 son tour, ayant pass\u00e9 la barre pr\u00e9c\u00e9dente au deuxi\u00e8me essai seulement. Une hauteur qu&rsquo;il a r\u00e9apprivois\u00e9 r\u00e9cemment au Perch&rsquo;Xtrem de Caen il y a quatre semaines. Pass\u00e9 proche de la correctionnelle, le champion olympique 2012 a finalement bien r\u00e9agi en passant au troisi\u00e8me essai. Ils \u00e9taient donc trois Fran\u00e7ais au rendez-vous \u00e0 5.85m. Une premi\u00e8re dans un concours depuis sept ans.<\/p>\n<p style=\"text-align: justify;\">Une barre qui devait servir d&rsquo;\u00e9cr\u00e9mage, mais qui a plut\u00f4t \u00e9t\u00e9 celle de la renaissance au plus haut niveau pour<strong> Lavillenie<\/strong> ! Le Fran\u00e7ais l&rsquo;a pass\u00e9e sans sourciller d\u00e8s le premier essai, signant par ailleurs son 171e concours \u00e0 5.80m et plus ! Immortel, il r\u00e9alisait l\u00e0 les<em> minima<\/em> pour les Championnats du monde en salle dans trois semaines. Loin d&rsquo;\u00eatre intimid\u00e9 par une hauteur in\u00e9dite pour lui, <strong>Baptiste Thiery<\/strong> a imit\u00e9 son a\u00een\u00e9 dans la foul\u00e9e (au deuxi\u00e8me essai) pour s&rsquo;inscrire lui aussi au programme du rendez-vous plan\u00e9taire. Ils \u00e9taient trois Fran\u00e7ais \u00e0 5.85m, ils seront autant \u00e0 91. En effet, <strong>Thibaut Collet<\/strong> a, lui aussi, pass\u00e9 5.85m &#8211; \u00e0 son dernier essai &#8211; tout comme <strong>Karalis, Kurtis Marschall<\/strong> et <strong>Ersu Sasma<\/strong>.<\/p>\n<h3 style=\"text-align: justify;\">Six \u00e0 tenter 6.02m et record du monde master pour Renaud Lavillenie !<\/h3>\n<p style=\"text-align: justify;\"><strong>Duplantis,<\/strong> qui avait termin\u00e9 son \u00e9chauffement en entrant tranquillement \u00e0 5.65m, a choisi cette hauteur pour reprendre son concours. Apr\u00e8s deux impasses \u00e0 75 et 85, le recordman du monde prenait tranquillement la t\u00eate \u00e0 son premier essai. Bien remis de son alerte \u00e0 5.85m, <strong>Thibaut Collet<\/strong> franchissait 5.91m au premier essai dans un concours qui prenait de la hauteur. En effet, les deux hommes ont \u00e9t\u00e9 imit\u00e9s par<strong> Karalis<\/strong> et <strong>Marschall<\/strong>, eux aussi au premier essai.<\/p>\n<p style=\"text-align: justify;\">Dans une ambiance de feu \u00e0 Clermont, <strong>Baptiste Thiery<\/strong> s&rsquo;est lui aussi invit\u00e9 \u00e0 la f\u00eate ! S&rsquo;il a d\u00e9j\u00e0 battu son record personnel sur la hauteur pr\u00e9c\u00e9dente, le Fran\u00e7ais de 23 ans \u00e9tait loin de s&rsquo;en contenter et est lui aussi pass\u00e9 \u00e0 5.91m. Et comme on dit : jamais deux sans trois ! \u00c0 son troisi\u00e8me essai, <strong>Renaud Lavillenie<\/strong> passait lui aussi 5.91m ! Son premier saut \u00e0 une hauteur si importante depuis Stockholm en 2021. Une prouesse \u00e9galement synonyme de record du monde master puisque la marque \u00e9tait jusque-l\u00e0 d\u00e9tenue par l&rsquo;Allemand <strong>Bj\u00f6rn Otto<\/strong> (5.90m en 2013). Finalement, seul le\u00a0Turc <strong>Sasma<\/strong> s&rsquo;arr\u00eatait donc \u00e0 5.91m.<\/p>\n<blockquote class=\"twitter-tweet\">\n<p dir=\"ltr\" lang=\"fr\">QUEL CONCOURS ! Renaud Lavillenie passe 5,91 m \u00e0 son tour<\/p>\n<p>Suivez le All star perche sur la chaine L&rsquo;\u00c9quipe &gt; <a href=\"https:\/\/t.co\/mK0Cb23Chi\">https:\/\/t.co\/mK0Cb23Chi<\/a> <a href=\"https:\/\/t.co\/z5g6v8BiBG\">pic.twitter.com\/z5g6v8BiBG<\/a><\/p>\n<p>\u2014 L&rsquo;\u00c9QUIPE (@lequipe) <a href=\"https:\/\/twitter.com\/lequipe\/status\/1895585025803829702?ref_src=twsrc%5Etfw\">February 28, 2025<\/a><\/p><\/blockquote>\n<p style=\"text-align: justify;\"><script async src=\"https:\/\/platform.twitter.com\/widgets.js\" charset=\"utf-8\"><\/script><\/p>\n<p style=\"text-align: justify;\">Ils \u00e9taient trois \u00e0 85, trois \u00e0 91 et donc 3 \u00e0 6.02m ! Trois Fran\u00e7ais et six perchistes au total ! Un concours historique. Gr\u00e2ce \u00e0 une \u00e9mulation folle et un soutien sans faille du public, <strong>Karalis<\/strong> a \u00e9t\u00e9 le premier \u00e0 franchir cette barre, d\u00e8s son premier essai, battant d&rsquo;un centim\u00e8tre son tout r\u00e9cent record de Gr\u00e8ce. Rapidement imit\u00e9 par <strong>Mondo Duplantis<\/strong>, insolent de facilit\u00e9. Pour les trois Fran\u00e7ais engag\u00e9s, la marche \u00e9tait trop haute cette fois-ci. Les trois \u00e9chouaient par trois fois, mais prenaient date pour les Championnats d&rsquo;Europe de la semaine prochaine. Ce n&rsquo;est peut-\u00eatre que partie remise tant <strong>Collet<\/strong> est pass\u00e9 proche sur son troisi\u00e8me essai. Il termine 4e devant<strong> Thiery<\/strong> et <strong>Lavillenie<\/strong>.<\/p>\n<h3 style=\"text-align: justify;\">Armand Duplantis bat \u00e0 nouveau le record du monde<\/h3>\n<p style=\"text-align: justify;\">\u00c9tant donn\u00e9 l&rsquo;\u00e9chec de <strong>Marschall<\/strong> \u00e9galement, il ne restait que <strong>Duplantis<\/strong> et<strong> Karalis<\/strong> pour tenter 6.07m. Si l\u00e0 encore cette barre n&rsquo;a \u00e9t\u00e9 qu&rsquo;une formalit\u00e9 pour le Su\u00e9dois, il s&rsquo;agissait d&rsquo;une hauteur in\u00e9dite pour le Grec. Ainsi, il n&rsquo;a pas \u00e9t\u00e9 surprenant de le voir stopper son concours apr\u00e8s sa premi\u00e8re tentative. <strong>Duplantis<\/strong> s&rsquo;impose ainsi devant Karalis (6.02m) avant de tenter un nouveau record du monde \u00e0 6.27m. Plus haut, toujours plus haut, le Su\u00e9dois a r\u00e9ussi sa premi\u00e8re tentative \u00e0 cette hauteur. Dans une soir\u00e9e exceptionnelle en termes de performances, il bat ainsi son onzi\u00e8me record du monde. Le douzi\u00e8me interviendra peut-\u00eatre en Chine, aux Championnats du monde dans trois semaines.<\/p>\n<blockquote class=\"twitter-tweet\">\n<p dir=\"ltr\" lang=\"fr\">NOUVEAU RECORD DU MONDE !!!<\/p>\n<p>Armand Duplantis saute 6,27 m et bat son propre record du monde de saut \u00e0 la perche <a href=\"https:\/\/t.co\/4LgQArkxCI\">pic.twitter.com\/4LgQArkxCI<\/a><\/p>\n<p>\u2014 la chaine L&rsquo;\u00c9quipe (@lachainelequipe) <a href=\"https:\/\/twitter.com\/lachainelequipe\/status\/1895596790109384844?ref_src=twsrc%5Etfw\">February 28, 2025<\/a><\/p><\/blockquote>\n<p style=\"text-align: justify;\"><script async src=\"https:\/\/platform.twitter.com\/widgets.js\" charset=\"utf-8\"><\/script><\/p>\n<h2 style=\"text-align: justify;\">La victoire pour Moser, Bonnin bute sur le record de France<\/h2>\n<p style=\"text-align: justify;\">Favorite du jour, <strong>Angelica Moser<\/strong> connaissait un premier \u00e9chec \u00e0 4.60m. Un \u00e9chec sans grande cons\u00e9quence puisqu&rsquo;aucune femme n&rsquo;est parvenue \u00e0 passer au premier essai. Le deuxi\u00e8me essai aura \u00e9t\u00e9 le bon, tout comme pour <strong>Roberta Bruni<\/strong> tout comme le troisi\u00e8me pour la Finlandaise <strong>Elina Lampela<\/strong>\u00a0et <strong>Marie-Julie Bonnin.<\/strong> La Fran\u00e7aise a connu un d\u00e9but de soir\u00e9e contrast\u00e9 puisqu&rsquo;il lui a fallu deux essais pour passer 4.50m et trois donc \u00e0 4.60m.<\/p>\n<p style=\"text-align: justify;\">Une mise en jambes qui aura peut-\u00eatre \u00e9t\u00e9 b\u00e9n\u00e9fique tant la Bordelaise a pass\u00e9 4.70m ais\u00e9ment. Un accomplissement qui signifiait qu&rsquo;elle allait tenter le record de France. Ainsi, elles \u00e9taient trois encore en lice \u00e0 ce moment pr\u00e9cis. La victoire allait se jouer entre<strong> Marie-Julin Bonnin, Angelica Moser<\/strong> et <strong>Roberta Bruni<\/strong>. Aux essais, la tricolore \u00e9tait en t\u00eate puisque les deux autres femmes ont franchi 4.70m au dernier essai. N\u00e9anmoins, la Suissesse mettait tout le monde d&rsquo;accord en franchissant 4.76m \u00e0 son deuxi\u00e8me essai. Dos au mur, il ne restait qu&rsquo;une tentative \u00e0 la Fran\u00e7aise alors que l&rsquo;Italienne \u00e9chouait par trois fois. Malheureusement, la Fran\u00e7aise \u00e9choue une nouvelle fois face au record de France et termine ainsi deuxi\u00e8me du concours.<\/p>\n<p style=\"text-align: justify;\">Seule dans le concours, <strong>Moser<\/strong> s&rsquo;attaquait \u00e0 4.81m. Sans succ\u00e8s cependant. N\u00e9anmoins, ses 4.76m repr\u00e9sentent sa meilleure marque de l&rsquo;hiver et suffisent ainsi \u00e0 lui offrir la victoire. <strong>Alix Dehaynain<\/strong> termine quant \u00e0 elle 7e et derni\u00e8re avec une barre \u00e0 4.35m mais trois \u00e9checs \u00e0 la hauteur suivante.<\/p>\n","protected":false},"excerpt":{"rendered":"<p>ATHL\u00c9TISME &#8211; Dans une ambiance de folie, Armand Duplantis a battu un nouveau record du monde en franchissant 6.27m \u00e0 son premier essai. Les Fran\u00e7ais ont r\u00e9alis\u00e9 une performance magnifique : ils sont trois \u00e0 avoir franchi 5.91m dans une soir\u00e9e historique. Chez les femmes, la victoire est revenue \u00e0 Angelica Moser devant Marie-Julie Bonnin.<\/p>\n","protected":false},"author":91,"featured_media":560064,"comment_status":"open","ping_status":"closed","sticky":false,"template":"","format":"standard","meta":{"_acf_changed":false,"_daextam_enable_autolinks":"1","footnotes":""},"categories":[2308],"tags":[5220,143,17964,16878,32833,1036,24,17945],"class_list":["post-560018","post","type-post","status-publish","format-standard","has-post-thumbnail","hentry","category-athletisme","tag-armand-duplantis","tag-athletisme","tag-baptiste-thiery","tag-breve","tag-marie-julie-bonnin","tag-renaud-lavillenie","tag-sport","tag-thibaut-collet"],"acf":[],"yoast_head":"<!-- This site is optimized with the Yoast SEO Premium plugin v26.7 (Yoast SEO v26.7) - https:\/\/yoast.com\/wordpress\/plugins\/seo\/ -->\n<title>All Star Perche 2025 : La victoire et le record du monde pour Armand Duplantis !<\/title>\n<meta name=\"description\" content=\"ATHL\u00c9TISME - Dans une ambiance de folie, Armand Duplantis a battu un nouveau record du monde en franchissant 6.27m \u00e0 son premier essai. : ils sont trois \u00e0 avoir franchi 5.91m dans une soir\u00e9e historique. Chez les femmes, la victoire est revenue \u00e0 Angelica Moser devant Marie-Julie Bonni\" \/>\n<meta name=\"robots\" content=\"index, follow, max-snippet:-1, max-image-preview:large, max-video-preview:-1\" \/>\n<link rel=\"canonical\" href=\"https:\/\/dicodusport.fr\/blog\/all-star-perche-2025-la-victoire-et-le-record-du-monde-pour-armand-duplantis\/\" \/>\n<meta property=\"og:locale\" content=\"fr_FR\" \/>\n<meta property=\"og:type\" content=\"article\" \/>\n<meta property=\"og:title\" content=\"All Star Perche 2025 : La victoire et le record du monde pour Armand Duplantis !\" \/>\n<meta property=\"og:description\" content=\"ATHL\u00c9TISME - Dans une ambiance de folie, Armand Duplantis a battu un nouveau record du monde en franchissant 6.27m \u00e0 son premier essai. : ils sont trois \u00e0 avoir franchi 5.91m dans une soir\u00e9e historique. Chez les femmes, la victoire est revenue \u00e0 Angelica Moser devant Marie-Julie Bonni\" \/>\n<meta property=\"og:url\" content=\"https:\/\/dicodusport.fr\/blog\/all-star-perche-2025-la-victoire-et-le-record-du-monde-pour-armand-duplantis\/\" \/>\n<meta property=\"og:site_name\" content=\"Dicodusport\" \/>\n<meta property=\"article:publisher\" content=\"https:\/\/www.facebook.com\/dicodusport\" \/>\n<meta property=\"article:published_time\" content=\"2025-02-28T22:12:47+00:00\" \/>\n<meta property=\"article:modified_time\" content=\"2025-02-28T22:42:43+00:00\" \/>\n<meta property=\"og:image\" content=\"https:\/\/dicodusport.fr\/blog\/wp-content\/uploads\/2025\/02\/All-Star-Perche-2025-La-victoire-et-le-record-du-monde-pour-Armand-Duplantis-1-1.png\" \/>\n\t<meta property=\"og:image:width\" content=\"1200\" \/>\n\t<meta property=\"og:image:height\" content=\"674\" \/>\n\t<meta property=\"og:image:type\" content=\"image\/png\" \/>\n<meta name=\"author\" content=\"Victor Clot-Amiot\" \/>\n<meta name=\"twitter:card\" content=\"summary_large_image\" \/>\n<meta name=\"twitter:title\" content=\"All Star Perche 2025 : La victoire et le record du monde pour Armand Duplantis !\" \/>\n<meta name=\"twitter:creator\" content=\"@https:\/\/x.com\/VictorClotAmiot\" \/>\n<meta name=\"twitter:site\" content=\"@dicodusport\" \/>\n<script type=\"application\/ld+json\" class=\"yoast-schema-graph\">{\"@context\":\"https:\/\/schema.org\",\"@graph\":[{\"@type\":\"NewsArticle\",\"@id\":\"https:\/\/dicodusport.fr\/blog\/all-star-perche-2025-la-victoire-et-le-record-du-monde-pour-armand-duplantis\/#article\",\"isPartOf\":{\"@id\":\"https:\/\/dicodusport.fr\/blog\/all-star-perche-2025-la-victoire-et-le-record-du-monde-pour-armand-duplantis\/\"},\"author\":{\"name\":\"Victor Clot-Amiot\",\"@id\":\"https:\/\/dicodusport.fr\/blog\/#\/schema\/person\/b623199cba9ba90fe84a3d16e9282360\"},\"headline\":\"All Star Perche 2025 : La victoire et le record du monde pour Armand Duplantis !\",\"datePublished\":\"2025-02-28T22:12:47+00:00\",\"dateModified\":\"2025-02-28T22:42:43+00:00\",\"mainEntityOfPage\":{\"@id\":\"https:\/\/dicodusport.fr\/blog\/all-star-perche-2025-la-victoire-et-le-record-du-monde-pour-armand-duplantis\/\"},\"wordCount\":1231,\"commentCount\":0,\"publisher\":{\"@id\":\"https:\/\/dicodusport.fr\/blog\/#organization\"},\"image\":{\"@id\":\"https:\/\/dicodusport.fr\/blog\/all-star-perche-2025-la-victoire-et-le-record-du-monde-pour-armand-duplantis\/#primaryimage\"},\"thumbnailUrl\":\"https:\/\/dicodusport.fr\/blog\/wp-content\/uploads\/2025\/02\/All-Star-Perche-2025-La-victoire-et-le-record-du-monde-pour-Armand-Duplantis-1-1.png\",\"keywords\":[\"Armand Duplantis\",\"Athl\u00e9tisme\",\"Baptiste Thiery\",\"br\u00e8ve\",\"Marie-Julie Bonnin\",\"renaud lavillenie\",\"sport\",\"Thibaut Collet\"],\"articleSection\":[\"Athl\u00e9tisme\"],\"inLanguage\":\"fr-FR\",\"potentialAction\":[{\"@type\":\"CommentAction\",\"name\":\"Comment\",\"target\":[\"https:\/\/dicodusport.fr\/blog\/all-star-perche-2025-la-victoire-et-le-record-du-monde-pour-armand-duplantis\/#respond\"]}],\"copyrightYear\":\"2025\",\"copyrightHolder\":{\"@id\":\"https:\/\/dicodusport.fr\/blog\/#organization\"}},{\"@type\":\"WebPage\",\"@id\":\"https:\/\/dicodusport.fr\/blog\/all-star-perche-2025-la-victoire-et-le-record-du-monde-pour-armand-duplantis\/\",\"url\":\"https:\/\/dicodusport.fr\/blog\/all-star-perche-2025-la-victoire-et-le-record-du-monde-pour-armand-duplantis\/\",\"name\":\"All Star Perche 2025 : La victoire et le record du monde pour Armand Duplantis !\",\"isPartOf\":{\"@id\":\"https:\/\/dicodusport.fr\/blog\/#website\"},\"primaryImageOfPage\":{\"@id\":\"https:\/\/dicodusport.fr\/blog\/all-star-perche-2025-la-victoire-et-le-record-du-monde-pour-armand-duplantis\/#primaryimage\"},\"image\":{\"@id\":\"https:\/\/dicodusport.fr\/blog\/all-star-perche-2025-la-victoire-et-le-record-du-monde-pour-armand-duplantis\/#primaryimage\"},\"thumbnailUrl\":\"https:\/\/dicodusport.fr\/blog\/wp-content\/uploads\/2025\/02\/All-Star-Perche-2025-La-victoire-et-le-record-du-monde-pour-Armand-Duplantis-1-1.png\",\"datePublished\":\"2025-02-28T22:12:47+00:00\",\"dateModified\":\"2025-02-28T22:42:43+00:00\",\"description\":\"ATHL\u00c9TISME - Dans une ambiance de folie, Armand Duplantis a battu un nouveau record du monde en franchissant 6.27m \u00e0 son premier essai. : ils sont trois \u00e0 avoir franchi 5.91m dans une soir\u00e9e historique. Chez les femmes, la victoire est revenue \u00e0 Angelica Moser devant Marie-Julie Bonni\",\"breadcrumb\":{\"@id\":\"https:\/\/dicodusport.fr\/blog\/all-star-perche-2025-la-victoire-et-le-record-du-monde-pour-armand-duplantis\/#breadcrumb\"},\"inLanguage\":\"fr-FR\",\"potentialAction\":[{\"@type\":\"ReadAction\",\"target\":[\"https:\/\/dicodusport.fr\/blog\/all-star-perche-2025-la-victoire-et-le-record-du-monde-pour-armand-duplantis\/\"]}]},{\"@type\":\"ImageObject\",\"inLanguage\":\"fr-FR\",\"@id\":\"https:\/\/dicodusport.fr\/blog\/all-star-perche-2025-la-victoire-et-le-record-du-monde-pour-armand-duplantis\/#primaryimage\",\"url\":\"https:\/\/dicodusport.fr\/blog\/wp-content\/uploads\/2025\/02\/All-Star-Perche-2025-La-victoire-et-le-record-du-monde-pour-Armand-Duplantis-1-1.png\",\"contentUrl\":\"https:\/\/dicodusport.fr\/blog\/wp-content\/uploads\/2025\/02\/All-Star-Perche-2025-La-victoire-et-le-record-du-monde-pour-Armand-Duplantis-1-1.png\",\"width\":1200,\"height\":674,\"caption\":\"All Star Perche 2025 La victoire et le record du monde pour Armand Duplantis !\"},{\"@type\":\"BreadcrumbList\",\"@id\":\"https:\/\/dicodusport.fr\/blog\/all-star-perche-2025-la-victoire-et-le-record-du-monde-pour-armand-duplantis\/#breadcrumb\",\"itemListElement\":[{\"@type\":\"ListItem\",\"position\":1,\"name\":\"Accueil\",\"item\":\"https:\/\/dicodusport.fr\/blog\/\"},{\"@type\":\"ListItem\",\"position\":2,\"name\":\"All Star Perche 2025 : La victoire et le record du monde pour Armand Duplantis !\"}]},{\"@type\":\"WebSite\",\"@id\":\"https:\/\/dicodusport.fr\/blog\/#website\",\"url\":\"https:\/\/dicodusport.fr\/blog\/\",\"name\":\"Dicodusport\",\"description\":\"L&#039;encyclop\u00e9die de l&#039;actualit\u00e9 sportive\",\"publisher\":{\"@id\":\"https:\/\/dicodusport.fr\/blog\/#organization\"},\"potentialAction\":[{\"@type\":\"SearchAction\",\"target\":{\"@type\":\"EntryPoint\",\"urlTemplate\":\"https:\/\/dicodusport.fr\/blog\/?s={search_term_string}\"},\"query-input\":{\"@type\":\"PropertyValueSpecification\",\"valueRequired\":true,\"valueName\":\"search_term_string\"}}],\"inLanguage\":\"fr-FR\"},{\"@type\":\"NewsMediaOrganization\",\"@id\":\"https:\/\/dicodusport.fr\/blog\/#organization\",\"name\":\"Dicodusport\",\"url\":\"https:\/\/dicodusport.fr\/blog\/\",\"logo\":{\"@type\":\"ImageObject\",\"inLanguage\":\"fr-FR\",\"@id\":\"https:\/\/dicodusport.fr\/blog\/#\/schema\/logo\/image\/\",\"url\":\"https:\/\/dicodusport.fr\/blog\/wp-content\/uploads\/2020\/06\/cropped-LOGO-DICODUSPORT-2020-SANS-FOND-SANS-TEXTE.png\",\"contentUrl\":\"https:\/\/dicodusport.fr\/blog\/wp-content\/uploads\/2020\/06\/cropped-LOGO-DICODUSPORT-2020-SANS-FOND-SANS-TEXTE.png\",\"width\":512,\"height\":512,\"caption\":\"Dicodusport\"},\"image\":{\"@id\":\"https:\/\/dicodusport.fr\/blog\/#\/schema\/logo\/image\/\"},\"sameAs\":[\"https:\/\/www.facebook.com\/dicodusport\",\"https:\/\/x.com\/dicodusport\",\"https:\/\/www.instagram.com\/dicodusport\/\",\"https:\/\/www.youtube.com\/channel\/UC7V2KZ5sd3htJivAbA4ZG3w\"],\"description\":\"Dicodusport est l'encyclop\u00e9die de l'actualit\u00e9 sportive.\",\"email\":\"bonjour@dicodusport.fr\",\"legalName\":\"DICODUSPORT\",\"foundingDate\":\"2018-01-14\",\"vatID\":\"FR71834470973\",\"taxID\":\"83447097300043\",\"numberOfEmployees\":{\"@type\":\"QuantitativeValue\",\"minValue\":\"1\",\"maxValue\":\"10\"}},{\"@type\":\"Person\",\"@id\":\"https:\/\/dicodusport.fr\/blog\/#\/schema\/person\/b623199cba9ba90fe84a3d16e9282360\",\"name\":\"Victor Clot-Amiot\",\"image\":{\"@type\":\"ImageObject\",\"inLanguage\":\"fr-FR\",\"@id\":\"https:\/\/dicodusport.fr\/blog\/#\/schema\/person\/image\/\",\"url\":\"https:\/\/dicodusport.fr\/blog\/wp-content\/uploads\/2023\/09\/IMG_20190826_114722-150x150.jpg\",\"contentUrl\":\"https:\/\/dicodusport.fr\/blog\/wp-content\/uploads\/2023\/09\/IMG_20190826_114722-150x150.jpg\",\"caption\":\"Victor Clot-Amiot\"},\"description\":\"Passionn\u00e9 de sport depuis toujours, un jour \u00e0 l'adolescence mes parents m'ont dit : \\\"quitte \u00e0 passer ton temps \u00e0 regarder du sport, au moins va le voir en vrai\\\" ! Depuis, cette remarque ne m'a plus quitt\u00e9 et je passe une grande partie de mon temps libre \u00e0 assister \u00e0 des comp\u00e9titions de tous sports. Je m\u00eale d'ailleurs mes deux passions, le sport et les voyages afin de faire une pierre deux coups ! Outre l'US Open ou l'Euro 2021 par exemple, j'ai assist\u00e9 cet \u00e9t\u00e9 aux Mondiaux d'athl\u00e9tisme \u00e0 Budapest. Mon plus gros coup dur est et restera les JO 2020-2021 pour lesquels j'avais r\u00e9serv\u00e9 17 \u00e9preuves. La suite, vous la connaissez...\",\"sameAs\":[\"https:\/\/x.com\/https:\/\/x.com\/VictorClotAmiot\"],\"url\":\"https:\/\/dicodusport.fr\/blog\/author\/victor-clot-amiot\/\"}]}<\/script>\n<!-- \/ Yoast SEO Premium plugin. -->","yoast_head_json":{"title":"All Star Perche 2025 : La victoire et le record du monde pour Armand Duplantis !","description":"ATHL\u00c9TISME - Dans une ambiance de folie, Armand Duplantis a battu un nouveau record du monde en franchissant 6.27m \u00e0 son premier essai. : ils sont trois \u00e0 avoir franchi 5.91m dans une soir\u00e9e historique. Chez les femmes, la victoire est revenue \u00e0 Angelica Moser devant Marie-Julie Bonni","robots":{"index":"index","follow":"follow","max-snippet":"max-snippet:-1","max-image-preview":"max-image-preview:large","max-video-preview":"max-video-preview:-1"},"canonical":"https:\/\/dicodusport.fr\/blog\/all-star-perche-2025-la-victoire-et-le-record-du-monde-pour-armand-duplantis\/","og_locale":"fr_FR","og_type":"article","og_title":"All Star Perche 2025 : La victoire et le record du monde pour Armand Duplantis !","og_description":"ATHL\u00c9TISME - Dans une ambiance de folie, Armand Duplantis a battu un nouveau record du monde en franchissant 6.27m \u00e0 son premier essai. : ils sont trois \u00e0 avoir franchi 5.91m dans une soir\u00e9e historique. Chez les femmes, la victoire est revenue \u00e0 Angelica Moser devant Marie-Julie Bonni","og_url":"https:\/\/dicodusport.fr\/blog\/all-star-perche-2025-la-victoire-et-le-record-du-monde-pour-armand-duplantis\/","og_site_name":"Dicodusport","article_publisher":"https:\/\/www.facebook.com\/dicodusport","article_published_time":"2025-02-28T22:12:47+00:00","article_modified_time":"2025-02-28T22:42:43+00:00","og_image":[{"width":1200,"height":674,"url":"https:\/\/dicodusport.fr\/blog\/wp-content\/uploads\/2025\/02\/All-Star-Perche-2025-La-victoire-et-le-record-du-monde-pour-Armand-Duplantis-1-1.png","type":"image\/png"}],"author":"Victor Clot-Amiot","twitter_card":"summary_large_image","twitter_title":"All Star Perche 2025 : La victoire et le record du monde pour Armand Duplantis !","twitter_creator":"@https:\/\/x.com\/VictorClotAmiot","twitter_site":"@dicodusport","schema":{"@context":"https:\/\/schema.org","@graph":[{"@type":"NewsArticle","@id":"https:\/\/dicodusport.fr\/blog\/all-star-perche-2025-la-victoire-et-le-record-du-monde-pour-armand-duplantis\/#article","isPartOf":{"@id":"https:\/\/dicodusport.fr\/blog\/all-star-perche-2025-la-victoire-et-le-record-du-monde-pour-armand-duplantis\/"},"author":{"name":"Victor Clot-Amiot","@id":"https:\/\/dicodusport.fr\/blog\/#\/schema\/person\/b623199cba9ba90fe84a3d16e9282360"},"headline":"All Star Perche 2025 : La victoire et le record du monde pour Armand Duplantis !","datePublished":"2025-02-28T22:12:47+00:00","dateModified":"2025-02-28T22:42:43+00:00","mainEntityOfPage":{"@id":"https:\/\/dicodusport.fr\/blog\/all-star-perche-2025-la-victoire-et-le-record-du-monde-pour-armand-duplantis\/"},"wordCount":1231,"commentCount":0,"publisher":{"@id":"https:\/\/dicodusport.fr\/blog\/#organization"},"image":{"@id":"https:\/\/dicodusport.fr\/blog\/all-star-perche-2025-la-victoire-et-le-record-du-monde-pour-armand-duplantis\/#primaryimage"},"thumbnailUrl":"https:\/\/dicodusport.fr\/blog\/wp-content\/uploads\/2025\/02\/All-Star-Perche-2025-La-victoire-et-le-record-du-monde-pour-Armand-Duplantis-1-1.png","keywords":["Armand Duplantis","Athl\u00e9tisme","Baptiste Thiery","br\u00e8ve","Marie-Julie Bonnin","renaud lavillenie","sport","Thibaut Collet"],"articleSection":["Athl\u00e9tisme"],"inLanguage":"fr-FR","potentialAction":[{"@type":"CommentAction","name":"Comment","target":["https:\/\/dicodusport.fr\/blog\/all-star-perche-2025-la-victoire-et-le-record-du-monde-pour-armand-duplantis\/#respond"]}],"copyrightYear":"2025","copyrightHolder":{"@id":"https:\/\/dicodusport.fr\/blog\/#organization"}},{"@type":"WebPage","@id":"https:\/\/dicodusport.fr\/blog\/all-star-perche-2025-la-victoire-et-le-record-du-monde-pour-armand-duplantis\/","url":"https:\/\/dicodusport.fr\/blog\/all-star-perche-2025-la-victoire-et-le-record-du-monde-pour-armand-duplantis\/","name":"All Star Perche 2025 : La victoire et le record du monde pour Armand Duplantis !","isPartOf":{"@id":"https:\/\/dicodusport.fr\/blog\/#website"},"primaryImageOfPage":{"@id":"https:\/\/dicodusport.fr\/blog\/all-star-perche-2025-la-victoire-et-le-record-du-monde-pour-armand-duplantis\/#primaryimage"},"image":{"@id":"https:\/\/dicodusport.fr\/blog\/all-star-perche-2025-la-victoire-et-le-record-du-monde-pour-armand-duplantis\/#primaryimage"},"thumbnailUrl":"https:\/\/dicodusport.fr\/blog\/wp-content\/uploads\/2025\/02\/All-Star-Perche-2025-La-victoire-et-le-record-du-monde-pour-Armand-Duplantis-1-1.png","datePublished":"2025-02-28T22:12:47+00:00","dateModified":"2025-02-28T22:42:43+00:00","description":"ATHL\u00c9TISME - Dans une ambiance de folie, Armand Duplantis a battu un nouveau record du monde en franchissant 6.27m \u00e0 son premier essai. : ils sont trois \u00e0 avoir franchi 5.91m dans une soir\u00e9e historique. Chez les femmes, la victoire est revenue \u00e0 Angelica Moser devant Marie-Julie Bonni","breadcrumb":{"@id":"https:\/\/dicodusport.fr\/blog\/all-star-perche-2025-la-victoire-et-le-record-du-monde-pour-armand-duplantis\/#breadcrumb"},"inLanguage":"fr-FR","potentialAction":[{"@type":"ReadAction","target":["https:\/\/dicodusport.fr\/blog\/all-star-perche-2025-la-victoire-et-le-record-du-monde-pour-armand-duplantis\/"]}]},{"@type":"ImageObject","inLanguage":"fr-FR","@id":"https:\/\/dicodusport.fr\/blog\/all-star-perche-2025-la-victoire-et-le-record-du-monde-pour-armand-duplantis\/#primaryimage","url":"https:\/\/dicodusport.fr\/blog\/wp-content\/uploads\/2025\/02\/All-Star-Perche-2025-La-victoire-et-le-record-du-monde-pour-Armand-Duplantis-1-1.png","contentUrl":"https:\/\/dicodusport.fr\/blog\/wp-content\/uploads\/2025\/02\/All-Star-Perche-2025-La-victoire-et-le-record-du-monde-pour-Armand-Duplantis-1-1.png","width":1200,"height":674,"caption":"All Star Perche 2025 La victoire et le record du monde pour Armand Duplantis !"},{"@type":"BreadcrumbList","@id":"https:\/\/dicodusport.fr\/blog\/all-star-perche-2025-la-victoire-et-le-record-du-monde-pour-armand-duplantis\/#breadcrumb","itemListElement":[{"@type":"ListItem","position":1,"name":"Accueil","item":"https:\/\/dicodusport.fr\/blog\/"},{"@type":"ListItem","position":2,"name":"All Star Perche 2025 : La victoire et le record du monde pour Armand Duplantis !"}]},{"@type":"WebSite","@id":"https:\/\/dicodusport.fr\/blog\/#website","url":"https:\/\/dicodusport.fr\/blog\/","name":"Dicodusport","description":"L&#039;encyclop\u00e9die de l&#039;actualit\u00e9 sportive","publisher":{"@id":"https:\/\/dicodusport.fr\/blog\/#organization"},"potentialAction":[{"@type":"SearchAction","target":{"@type":"EntryPoint","urlTemplate":"https:\/\/dicodusport.fr\/blog\/?s={search_term_string}"},"query-input":{"@type":"PropertyValueSpecification","valueRequired":true,"valueName":"search_term_string"}}],"inLanguage":"fr-FR"},{"@type":"NewsMediaOrganization","@id":"https:\/\/dicodusport.fr\/blog\/#organization","name":"Dicodusport","url":"https:\/\/dicodusport.fr\/blog\/","logo":{"@type":"ImageObject","inLanguage":"fr-FR","@id":"https:\/\/dicodusport.fr\/blog\/#\/schema\/logo\/image\/","url":"https:\/\/dicodusport.fr\/blog\/wp-content\/uploads\/2020\/06\/cropped-LOGO-DICODUSPORT-2020-SANS-FOND-SANS-TEXTE.png","contentUrl":"https:\/\/dicodusport.fr\/blog\/wp-content\/uploads\/2020\/06\/cropped-LOGO-DICODUSPORT-2020-SANS-FOND-SANS-TEXTE.png","width":512,"height":512,"caption":"Dicodusport"},"image":{"@id":"https:\/\/dicodusport.fr\/blog\/#\/schema\/logo\/image\/"},"sameAs":["https:\/\/www.facebook.com\/dicodusport","https:\/\/x.com\/dicodusport","https:\/\/www.instagram.com\/dicodusport\/","https:\/\/www.youtube.com\/channel\/UC7V2KZ5sd3htJivAbA4ZG3w"],"description":"Dicodusport est l'encyclop\u00e9die de l'actualit\u00e9 sportive.","email":"bonjour@dicodusport.fr","legalName":"DICODUSPORT","foundingDate":"2018-01-14","vatID":"FR71834470973","taxID":"83447097300043","numberOfEmployees":{"@type":"QuantitativeValue","minValue":"1","maxValue":"10"}},{"@type":"Person","@id":"https:\/\/dicodusport.fr\/blog\/#\/schema\/person\/b623199cba9ba90fe84a3d16e9282360","name":"Victor Clot-Amiot","image":{"@type":"ImageObject","inLanguage":"fr-FR","@id":"https:\/\/dicodusport.fr\/blog\/#\/schema\/person\/image\/","url":"https:\/\/dicodusport.fr\/blog\/wp-content\/uploads\/2023\/09\/IMG_20190826_114722-150x150.jpg","contentUrl":"https:\/\/dicodusport.fr\/blog\/wp-content\/uploads\/2023\/09\/IMG_20190826_114722-150x150.jpg","caption":"Victor Clot-Amiot"},"description":"Passionn\u00e9 de sport depuis toujours, un jour \u00e0 l'adolescence mes parents m'ont dit : \"quitte \u00e0 passer ton temps \u00e0 regarder du sport, au moins va le voir en vrai\" ! Depuis, cette remarque ne m'a plus quitt\u00e9 et je passe une grande partie de mon temps libre \u00e0 assister \u00e0 des comp\u00e9titions de tous sports. Je m\u00eale d'ailleurs mes deux passions, le sport et les voyages afin de faire une pierre deux coups ! Outre l'US Open ou l'Euro 2021 par exemple, j'ai assist\u00e9 cet \u00e9t\u00e9 aux Mondiaux d'athl\u00e9tisme \u00e0 Budapest. Mon plus gros coup dur est et restera les JO 2020-2021 pour lesquels j'avais r\u00e9serv\u00e9 17 \u00e9preuves. La suite, vous la connaissez...","sameAs":["https:\/\/x.com\/https:\/\/x.com\/VictorClotAmiot"],"url":"https:\/\/dicodusport.fr\/blog\/author\/victor-clot-amiot\/"}]}},"_links":{"self":[{"href":"https:\/\/dicodusport.fr\/blog\/wp-json\/wp\/v2\/posts\/560018","targetHints":{"allow":["GET"]}}],"collection":[{"href":"https:\/\/dicodusport.fr\/blog\/wp-json\/wp\/v2\/posts"}],"about":[{"href":"https:\/\/dicodusport.fr\/blog\/wp-json\/wp\/v2\/types\/post"}],"author":[{"embeddable":true,"href":"https:\/\/dicodusport.fr\/blog\/wp-json\/wp\/v2\/users\/91"}],"replies":[{"embeddable":true,"href":"https:\/\/dicodusport.fr\/blog\/wp-json\/wp\/v2\/comments?post=560018"}],"version-history":[{"count":5,"href":"https:\/\/dicodusport.fr\/blog\/wp-json\/wp\/v2\/posts\/560018\/revisions"}],"predecessor-version":[{"id":560072,"href":"https:\/\/dicodusport.fr\/blog\/wp-json\/wp\/v2\/posts\/560018\/revisions\/560072"}],"wp:featuredmedia":[{"embeddable":true,"href":"https:\/\/dicodusport.fr\/blog\/wp-json\/wp\/v2\/media\/560064"}],"wp:attachment":[{"href":"https:\/\/dicodusport.fr\/blog\/wp-json\/wp\/v2\/media?parent=560018"}],"wp:term":[{"taxonomy":"category","embeddable":true,"href":"https:\/\/dicodusport.fr\/blog\/wp-json\/wp\/v2\/categories?post=560018"},{"taxonomy":"post_tag","embeddable":true,"href":"https:\/\/dicodusport.fr\/blog\/wp-json\/wp\/v2\/tags?post=560018"}],"curies":[{"name":"wp","href":"https:\/\/api.w.org\/{rel}","templated":true}]}}