{"id":560093,"date":"2025-03-01T09:53:53","date_gmt":"2025-03-01T08:53:53","guid":{"rendered":"https:\/\/dicodusport.fr\/blog\/?p=560093&#038;preview=true&#038;preview_id=560093"},"modified":"2025-03-01T09:53:28","modified_gmt":"2025-03-01T08:53:28","slug":"kuurne-bruxelles-kuurne-2025-la-liste-des-engages-et-diffusion-tv","status":"publish","type":"post","link":"https:\/\/dicodusport.fr\/blog\/kuurne-bruxelles-kuurne-2025-la-liste-des-engages-et-diffusion-tv\/","title":{"rendered":"Kuurne-Bruxelles-Kuurne 2025 : Engag\u00e9s et Cha\u00eene TV"},"content":{"rendered":"<h4 style=\"text-align: justify;\"><strong><em><a href=\"https:\/\/dicodusport.fr\/blog\/actualites\/cyclisme\/cyclisme-sur-route-2025\/\">CYCLISME SUR ROUTE 2025<\/a> &#8211; Kuurne-Bruxelles-Kuurne 2025 aura lieu le dimanche 2 mars. D\u00e9couvrez la liste des engag\u00e9s pour l&rsquo;\u00e9preuve belge.<\/em><\/strong><\/h4>\n<ul style=\"text-align: justify;\">\n<li style=\"text-align: justify;\"><strong>\u00c0 ce sujet &#8211; <a href=\"https:\/\/dicodusport.fr\/blog\/kuurne-bruxelles-kuurne-2025-decouvrez-le-parcours-et-le-profil-detaille-de-la-course\/\" target=\"_blank\" rel=\"noopener\">Kuurne-Bruxelles-Kuurne 2025 : D\u00e9couvrez le parcours et le profil d\u00e9taill\u00e9 de la course<\/a><\/strong><\/li>\n<\/ul>\n<p style=\"text-align: justify;\">Qui pour succ\u00e9der \u00e0 <strong>Wout Van Aert<\/strong> (Visma Lease a Bike), <a href=\"https:\/\/dicodusport.fr\/blog\/kuurne-bruxelles-kuurne-2024-wout-van-aert-simpose-en-patron\/\"><strong>vainqueur de l&rsquo;\u00e9dition 2024 de Kuurne-Bruxelles-Kuurne<\/strong><\/a> ? Le Belge sera de nouveau pr\u00e9sent et parmi les favoris ce dimanche. Comme la veille, il pourra compter sur la pr\u00e9sence de <strong>Matteo<\/strong> <strong>Jorgenson,<\/strong> alors que la formation n\u00e9erlandaise aura une autre carte \u00e0 jouer puisque <strong>Olav Kooij<\/strong> est au d\u00e9part.<\/p>\n<p style=\"text-align: justify;\"><strong>Jonathan<\/strong> <strong>Milan<\/strong> (Lidl &#8211; Trek), tr\u00e8s en forme sur ce d\u00e9but de saison avec d\u00e9j\u00e0 quatre victoires, sera un des coureurs \u00e0 suivre sur une \u00e9preuve dans laquelle les sprinteurs peuvent tirer leur \u00e9pingle du jeu par rapport aux <strong>Flandriens<\/strong>. <strong>Japser<\/strong> <strong>Philipsen<\/strong> (Alpecin Deceuninck) sera de nouveau le leader de sa formation, avec <strong>Kaden<\/strong> <strong>Groves<\/strong> pour l&rsquo;\u00e9pauler.<\/p>\n<p style=\"text-align: justify;\"><strong>Tim<\/strong> <strong>Merlier<\/strong> (Soudal Quick Step), <strong>Jonathan<\/strong> <strong>Narv\u00e1ez\u00a0<\/strong>(UAE Team Emirates XRG) et <strong>Tim<\/strong> <strong>Wellens<\/strong> (UAE Team Emirates XRG) seront aussi \u00e0 surveiller pour la victoire finale. Dans les rangs fran\u00e7ais, <strong>Arnaud<\/strong> <strong>D\u00e9mare<\/strong> (Ark\u00e9a B&amp;B Hotels), <strong>Matis<\/strong> <strong>Louvel<\/strong> (Israel Premier Tech) et <strong>Florian<\/strong> <strong>S\u00e9n\u00e9chal<\/strong> (Ark\u00e9a B&amp;B Hotels) sont les meilleures cartes.<\/p>\n<h2 style=\"text-align: justify;\">Heure et Cha\u00eene TV de Kuurne-Bruxelles-Kuurne 2025<\/h2>\n<p style=\"text-align: justify;\">Kuurne-Bruxelles-Kuurne 2025 se dispute ce dimanche 2 mars 2025. La course est \u00e0 suivre sur <em>Eurosport Max \u00e0 14h30 et Eurosport 2 \u00e0 partir de 15h30.<\/em><\/p>\n<h2 style=\"text-align: justify;\">Les engag\u00e9s de Kuurne-Bruxelles-Kuurne 2025<\/h2>\n<p style=\"text-align: justify;\"><a href=\"https:\/\/dicodusport.fr\/blog\/wp-content\/uploads\/2025\/02\/Engages-Kuurne-Bruxelles-Kuurne-2025.pdf\" class=\"pdfemb-viewer\" style=\"\" data-width=\"max\" data-height=\"max\"  data-toolbar=\"both\" data-toolbar-fixed=\"on\">Engage\u0301s Kuurne-Bruxelles-Kuurne 2025<br\/><\/a>\n","protected":false},"excerpt":{"rendered":"<p>CYCLISME SUR ROUTE 2025 &#8211; Kuurne-Bruxelles-Kuurne 2025 aura lieu le dimanche 2 mars. D\u00e9couvrez la liste des engag\u00e9s pour l&rsquo;\u00e9preuve belge.<\/p>\n","protected":false},"author":1,"featured_media":560092,"comment_status":"open","ping_status":"closed","sticky":false,"template":"","format":"standard","meta":{"_acf_changed":false,"_daextam_enable_autolinks":"1","footnotes":""},"categories":[44295,46994],"tags":[16878,574,10042],"class_list":["post-560093","post","type-post","status-publish","format-standard","has-post-thumbnail","hentry","category-chaine-tv","category-cyclisme-sur-route","tag-breve","tag-cyclisme","tag-kuurne-bruxelles-kuurne"],"acf":[],"yoast_head":"<!-- This site is optimized with the Yoast SEO Premium plugin v26.7 (Yoast SEO v26.7) - https:\/\/yoast.com\/wordpress\/plugins\/seo\/ -->\n<title>Kuurne-Bruxelles-Kuurne 2025 : Engag\u00e9s et Cha\u00eene TV<\/title>\n<meta name=\"description\" content=\"CYCLISME SUR ROUTE 2025 - Kuurne-Bruxelles-Kuurne 2025 aura lieu le dimanche 2 mars. D\u00e9couvrez la liste des engag\u00e9s pour l&#039;\u00e9preuve belge.\" \/>\n<meta name=\"robots\" content=\"index, follow, max-snippet:-1, max-image-preview:large, max-video-preview:-1\" \/>\n<link rel=\"canonical\" href=\"https:\/\/dicodusport.fr\/blog\/kuurne-bruxelles-kuurne-2025-la-liste-des-engages-et-diffusion-tv\/\" \/>\n<meta property=\"og:locale\" content=\"fr_FR\" \/>\n<meta property=\"og:type\" content=\"article\" \/>\n<meta property=\"og:title\" content=\"Kuurne-Bruxelles-Kuurne 2025 : Engag\u00e9s et Cha\u00eene TV\" \/>\n<meta property=\"og:description\" content=\"CYCLISME SUR ROUTE 2025 - Kuurne-Bruxelles-Kuurne 2025 aura lieu le dimanche 2 mars. D\u00e9couvrez la liste des engag\u00e9s pour l&#039;\u00e9preuve belge.\" \/>\n<meta property=\"og:url\" content=\"https:\/\/dicodusport.fr\/blog\/kuurne-bruxelles-kuurne-2025-la-liste-des-engages-et-diffusion-tv\/\" \/>\n<meta property=\"og:site_name\" content=\"Dicodusport\" \/>\n<meta property=\"article:publisher\" content=\"https:\/\/www.facebook.com\/dicodusport\" \/>\n<meta property=\"article:author\" content=\"https:\/\/www.facebook.com\/dicodusport\" \/>\n<meta property=\"article:published_time\" content=\"2025-03-01T08:53:53+00:00\" \/>\n<meta property=\"og:image\" content=\"https:\/\/dicodusport.fr\/blog\/wp-content\/uploads\/2025\/02\/Kuurne-Bruxelles-Kuurne-2025-Parcours-detaille-et-profil-de-la-course.png\" \/>\n\t<meta property=\"og:image:width\" content=\"1200\" \/>\n\t<meta property=\"og:image:height\" content=\"674\" \/>\n\t<meta property=\"og:image:type\" content=\"image\/png\" \/>\n<meta name=\"author\" content=\"Nicolas Jacquemard\" \/>\n<meta name=\"twitter:card\" content=\"summary_large_image\" \/>\n<meta name=\"twitter:title\" content=\"Kuurne-Bruxelles-Kuurne 2025 : Engag\u00e9s et Cha\u00eene TV\" \/>\n<meta name=\"twitter:creator\" content=\"@https:\/\/twitter.com\/Nico_Jacquemard\" \/>\n<meta name=\"twitter:site\" content=\"@dicodusport\" \/>\n<script type=\"application\/ld+json\" class=\"yoast-schema-graph\">{\"@context\":\"https:\/\/schema.org\",\"@graph\":[{\"@type\":\"NewsArticle\",\"@id\":\"https:\/\/dicodusport.fr\/blog\/kuurne-bruxelles-kuurne-2025-la-liste-des-engages-et-diffusion-tv\/#article\",\"isPartOf\":{\"@id\":\"https:\/\/dicodusport.fr\/blog\/kuurne-bruxelles-kuurne-2025-la-liste-des-engages-et-diffusion-tv\/\"},\"author\":{\"name\":\"Nicolas Jacquemard\",\"@id\":\"https:\/\/dicodusport.fr\/blog\/#\/schema\/person\/55dcb50ad410894e431ed812bbb70191\"},\"headline\":\"Kuurne-Bruxelles-Kuurne 2025 : Engag\u00e9s et Cha\u00eene TV\",\"datePublished\":\"2025-03-01T08:53:53+00:00\",\"mainEntityOfPage\":{\"@id\":\"https:\/\/dicodusport.fr\/blog\/kuurne-bruxelles-kuurne-2025-la-liste-des-engages-et-diffusion-tv\/\"},\"wordCount\":270,\"commentCount\":0,\"publisher\":{\"@id\":\"https:\/\/dicodusport.fr\/blog\/#organization\"},\"image\":{\"@id\":\"https:\/\/dicodusport.fr\/blog\/kuurne-bruxelles-kuurne-2025-la-liste-des-engages-et-diffusion-tv\/#primaryimage\"},\"thumbnailUrl\":\"https:\/\/dicodusport.fr\/blog\/wp-content\/uploads\/2025\/02\/Kuurne-Bruxelles-Kuurne-2025-Parcours-detaille-et-profil-de-la-course.png\",\"keywords\":[\"br\u00e8ve\",\"Cyclisme\",\"Kuurne \u2013 Bruxelles \u2013 Kuurne\"],\"articleSection\":[\"Cha\u00eene TV\",\"Cyclisme sur route\"],\"inLanguage\":\"fr-FR\",\"potentialAction\":[{\"@type\":\"CommentAction\",\"name\":\"Comment\",\"target\":[\"https:\/\/dicodusport.fr\/blog\/kuurne-bruxelles-kuurne-2025-la-liste-des-engages-et-diffusion-tv\/#respond\"]}],\"copyrightYear\":\"2025\",\"copyrightHolder\":{\"@id\":\"https:\/\/dicodusport.fr\/blog\/#organization\"}},{\"@type\":\"WebPage\",\"@id\":\"https:\/\/dicodusport.fr\/blog\/kuurne-bruxelles-kuurne-2025-la-liste-des-engages-et-diffusion-tv\/\",\"url\":\"https:\/\/dicodusport.fr\/blog\/kuurne-bruxelles-kuurne-2025-la-liste-des-engages-et-diffusion-tv\/\",\"name\":\"Kuurne-Bruxelles-Kuurne 2025 : Engag\u00e9s et Cha\u00eene TV\",\"isPartOf\":{\"@id\":\"https:\/\/dicodusport.fr\/blog\/#website\"},\"primaryImageOfPage\":{\"@id\":\"https:\/\/dicodusport.fr\/blog\/kuurne-bruxelles-kuurne-2025-la-liste-des-engages-et-diffusion-tv\/#primaryimage\"},\"image\":{\"@id\":\"https:\/\/dicodusport.fr\/blog\/kuurne-bruxelles-kuurne-2025-la-liste-des-engages-et-diffusion-tv\/#primaryimage\"},\"thumbnailUrl\":\"https:\/\/dicodusport.fr\/blog\/wp-content\/uploads\/2025\/02\/Kuurne-Bruxelles-Kuurne-2025-Parcours-detaille-et-profil-de-la-course.png\",\"datePublished\":\"2025-03-01T08:53:53+00:00\",\"description\":\"CYCLISME SUR ROUTE 2025 - Kuurne-Bruxelles-Kuurne 2025 aura lieu le dimanche 2 mars. D\u00e9couvrez la liste des engag\u00e9s pour l'\u00e9preuve belge.\",\"breadcrumb\":{\"@id\":\"https:\/\/dicodusport.fr\/blog\/kuurne-bruxelles-kuurne-2025-la-liste-des-engages-et-diffusion-tv\/#breadcrumb\"},\"inLanguage\":\"fr-FR\",\"potentialAction\":[{\"@type\":\"ReadAction\",\"target\":[\"https:\/\/dicodusport.fr\/blog\/kuurne-bruxelles-kuurne-2025-la-liste-des-engages-et-diffusion-tv\/\"]}]},{\"@type\":\"ImageObject\",\"inLanguage\":\"fr-FR\",\"@id\":\"https:\/\/dicodusport.fr\/blog\/kuurne-bruxelles-kuurne-2025-la-liste-des-engages-et-diffusion-tv\/#primaryimage\",\"url\":\"https:\/\/dicodusport.fr\/blog\/wp-content\/uploads\/2025\/02\/Kuurne-Bruxelles-Kuurne-2025-Parcours-detaille-et-profil-de-la-course.png\",\"contentUrl\":\"https:\/\/dicodusport.fr\/blog\/wp-content\/uploads\/2025\/02\/Kuurne-Bruxelles-Kuurne-2025-Parcours-detaille-et-profil-de-la-course.png\",\"width\":1200,\"height\":674},{\"@type\":\"BreadcrumbList\",\"@id\":\"https:\/\/dicodusport.fr\/blog\/kuurne-bruxelles-kuurne-2025-la-liste-des-engages-et-diffusion-tv\/#breadcrumb\",\"itemListElement\":[{\"@type\":\"ListItem\",\"position\":1,\"name\":\"Accueil\",\"item\":\"https:\/\/dicodusport.fr\/blog\/\"},{\"@type\":\"ListItem\",\"position\":2,\"name\":\"Kuurne-Bruxelles-Kuurne 2025 : Engag\u00e9s et Cha\u00eene TV\"}]},{\"@type\":\"WebSite\",\"@id\":\"https:\/\/dicodusport.fr\/blog\/#website\",\"url\":\"https:\/\/dicodusport.fr\/blog\/\",\"name\":\"Dicodusport\",\"description\":\"L&#039;encyclop\u00e9die de l&#039;actualit\u00e9 sportive\",\"publisher\":{\"@id\":\"https:\/\/dicodusport.fr\/blog\/#organization\"},\"potentialAction\":[{\"@type\":\"SearchAction\",\"target\":{\"@type\":\"EntryPoint\",\"urlTemplate\":\"https:\/\/dicodusport.fr\/blog\/?s={search_term_string}\"},\"query-input\":{\"@type\":\"PropertyValueSpecification\",\"valueRequired\":true,\"valueName\":\"search_term_string\"}}],\"inLanguage\":\"fr-FR\"},{\"@type\":\"NewsMediaOrganization\",\"@id\":\"https:\/\/dicodusport.fr\/blog\/#organization\",\"name\":\"Dicodusport\",\"url\":\"https:\/\/dicodusport.fr\/blog\/\",\"logo\":{\"@type\":\"ImageObject\",\"inLanguage\":\"fr-FR\",\"@id\":\"https:\/\/dicodusport.fr\/blog\/#\/schema\/logo\/image\/\",\"url\":\"https:\/\/dicodusport.fr\/blog\/wp-content\/uploads\/2020\/06\/cropped-LOGO-DICODUSPORT-2020-SANS-FOND-SANS-TEXTE.png\",\"contentUrl\":\"https:\/\/dicodusport.fr\/blog\/wp-content\/uploads\/2020\/06\/cropped-LOGO-DICODUSPORT-2020-SANS-FOND-SANS-TEXTE.png\",\"width\":512,\"height\":512,\"caption\":\"Dicodusport\"},\"image\":{\"@id\":\"https:\/\/dicodusport.fr\/blog\/#\/schema\/logo\/image\/\"},\"sameAs\":[\"https:\/\/www.facebook.com\/dicodusport\",\"https:\/\/x.com\/dicodusport\",\"https:\/\/www.instagram.com\/dicodusport\/\",\"https:\/\/www.youtube.com\/channel\/UC7V2KZ5sd3htJivAbA4ZG3w\"],\"description\":\"Dicodusport est l'encyclop\u00e9die de l'actualit\u00e9 sportive.\",\"email\":\"bonjour@dicodusport.fr\",\"legalName\":\"DICODUSPORT\",\"foundingDate\":\"2018-01-14\",\"vatID\":\"FR71834470973\",\"taxID\":\"83447097300043\",\"numberOfEmployees\":{\"@type\":\"QuantitativeValue\",\"minValue\":\"1\",\"maxValue\":\"10\"}},{\"@type\":\"Person\",\"@id\":\"https:\/\/dicodusport.fr\/blog\/#\/schema\/person\/55dcb50ad410894e431ed812bbb70191\",\"name\":\"Nicolas Jacquemard\",\"image\":{\"@type\":\"ImageObject\",\"inLanguage\":\"fr-FR\",\"@id\":\"https:\/\/dicodusport.fr\/blog\/#\/schema\/person\/image\/\",\"url\":\"https:\/\/dicodusport.fr\/blog\/wp-content\/uploads\/2021\/05\/Nicolas-Jacquemard-150x150.jpeg\",\"contentUrl\":\"https:\/\/dicodusport.fr\/blog\/wp-content\/uploads\/2021\/05\/Nicolas-Jacquemard-150x150.jpeg\",\"caption\":\"Nicolas Jacquemard\"},\"description\":\"Passionn\u00e9 de sport et entrepreneur depuis mes 18 ans, la cr\u00e9ation de Dicodusport m'a sembl\u00e9 \u00e9vidente pour participer \u00e0 la m\u00e9diatisation d'un plus grand nombre de sports. Le chemin est long mais avec une \u00e9quipe des plus motiv\u00e9es et les Jeux Olympiques de Paris 2024 en point de mire, nous y arriverons ! Journaliste dans le monde du sport depuis plus de 5 ans, je traite aussi bien de football, de rugby, de biathlon que de cyclisme.\",\"sameAs\":[\"https:\/\/www.facebook.com\/dicodusport\",\"https:\/\/x.com\/https:\/\/twitter.com\/Nico_Jacquemard\"],\"url\":\"https:\/\/dicodusport.fr\/blog\/author\/dicodusport\/\"}]}<\/script>\n<!-- \/ Yoast SEO Premium plugin. -->","yoast_head_json":{"title":"Kuurne-Bruxelles-Kuurne 2025 : Engag\u00e9s et Cha\u00eene TV","description":"CYCLISME SUR ROUTE 2025 - Kuurne-Bruxelles-Kuurne 2025 aura lieu le dimanche 2 mars. D\u00e9couvrez la liste des engag\u00e9s pour l'\u00e9preuve belge.","robots":{"index":"index","follow":"follow","max-snippet":"max-snippet:-1","max-image-preview":"max-image-preview:large","max-video-preview":"max-video-preview:-1"},"canonical":"https:\/\/dicodusport.fr\/blog\/kuurne-bruxelles-kuurne-2025-la-liste-des-engages-et-diffusion-tv\/","og_locale":"fr_FR","og_type":"article","og_title":"Kuurne-Bruxelles-Kuurne 2025 : Engag\u00e9s et Cha\u00eene TV","og_description":"CYCLISME SUR ROUTE 2025 - Kuurne-Bruxelles-Kuurne 2025 aura lieu le dimanche 2 mars. D\u00e9couvrez la liste des engag\u00e9s pour l'\u00e9preuve belge.","og_url":"https:\/\/dicodusport.fr\/blog\/kuurne-bruxelles-kuurne-2025-la-liste-des-engages-et-diffusion-tv\/","og_site_name":"Dicodusport","article_publisher":"https:\/\/www.facebook.com\/dicodusport","article_author":"https:\/\/www.facebook.com\/dicodusport","article_published_time":"2025-03-01T08:53:53+00:00","og_image":[{"width":1200,"height":674,"url":"https:\/\/dicodusport.fr\/blog\/wp-content\/uploads\/2025\/02\/Kuurne-Bruxelles-Kuurne-2025-Parcours-detaille-et-profil-de-la-course.png","type":"image\/png"}],"author":"Nicolas Jacquemard","twitter_card":"summary_large_image","twitter_title":"Kuurne-Bruxelles-Kuurne 2025 : Engag\u00e9s et Cha\u00eene TV","twitter_creator":"@https:\/\/twitter.com\/Nico_Jacquemard","twitter_site":"@dicodusport","schema":{"@context":"https:\/\/schema.org","@graph":[{"@type":"NewsArticle","@id":"https:\/\/dicodusport.fr\/blog\/kuurne-bruxelles-kuurne-2025-la-liste-des-engages-et-diffusion-tv\/#article","isPartOf":{"@id":"https:\/\/dicodusport.fr\/blog\/kuurne-bruxelles-kuurne-2025-la-liste-des-engages-et-diffusion-tv\/"},"author":{"name":"Nicolas Jacquemard","@id":"https:\/\/dicodusport.fr\/blog\/#\/schema\/person\/55dcb50ad410894e431ed812bbb70191"},"headline":"Kuurne-Bruxelles-Kuurne 2025 : Engag\u00e9s et Cha\u00eene TV","datePublished":"2025-03-01T08:53:53+00:00","mainEntityOfPage":{"@id":"https:\/\/dicodusport.fr\/blog\/kuurne-bruxelles-kuurne-2025-la-liste-des-engages-et-diffusion-tv\/"},"wordCount":270,"commentCount":0,"publisher":{"@id":"https:\/\/dicodusport.fr\/blog\/#organization"},"image":{"@id":"https:\/\/dicodusport.fr\/blog\/kuurne-bruxelles-kuurne-2025-la-liste-des-engages-et-diffusion-tv\/#primaryimage"},"thumbnailUrl":"https:\/\/dicodusport.fr\/blog\/wp-content\/uploads\/2025\/02\/Kuurne-Bruxelles-Kuurne-2025-Parcours-detaille-et-profil-de-la-course.png","keywords":["br\u00e8ve","Cyclisme","Kuurne \u2013 Bruxelles \u2013 Kuurne"],"articleSection":["Cha\u00eene TV","Cyclisme sur route"],"inLanguage":"fr-FR","potentialAction":[{"@type":"CommentAction","name":"Comment","target":["https:\/\/dicodusport.fr\/blog\/kuurne-bruxelles-kuurne-2025-la-liste-des-engages-et-diffusion-tv\/#respond"]}],"copyrightYear":"2025","copyrightHolder":{"@id":"https:\/\/dicodusport.fr\/blog\/#organization"}},{"@type":"WebPage","@id":"https:\/\/dicodusport.fr\/blog\/kuurne-bruxelles-kuurne-2025-la-liste-des-engages-et-diffusion-tv\/","url":"https:\/\/dicodusport.fr\/blog\/kuurne-bruxelles-kuurne-2025-la-liste-des-engages-et-diffusion-tv\/","name":"Kuurne-Bruxelles-Kuurne 2025 : Engag\u00e9s et Cha\u00eene TV","isPartOf":{"@id":"https:\/\/dicodusport.fr\/blog\/#website"},"primaryImageOfPage":{"@id":"https:\/\/dicodusport.fr\/blog\/kuurne-bruxelles-kuurne-2025-la-liste-des-engages-et-diffusion-tv\/#primaryimage"},"image":{"@id":"https:\/\/dicodusport.fr\/blog\/kuurne-bruxelles-kuurne-2025-la-liste-des-engages-et-diffusion-tv\/#primaryimage"},"thumbnailUrl":"https:\/\/dicodusport.fr\/blog\/wp-content\/uploads\/2025\/02\/Kuurne-Bruxelles-Kuurne-2025-Parcours-detaille-et-profil-de-la-course.png","datePublished":"2025-03-01T08:53:53+00:00","description":"CYCLISME SUR ROUTE 2025 - Kuurne-Bruxelles-Kuurne 2025 aura lieu le dimanche 2 mars. D\u00e9couvrez la liste des engag\u00e9s pour l'\u00e9preuve belge.","breadcrumb":{"@id":"https:\/\/dicodusport.fr\/blog\/kuurne-bruxelles-kuurne-2025-la-liste-des-engages-et-diffusion-tv\/#breadcrumb"},"inLanguage":"fr-FR","potentialAction":[{"@type":"ReadAction","target":["https:\/\/dicodusport.fr\/blog\/kuurne-bruxelles-kuurne-2025-la-liste-des-engages-et-diffusion-tv\/"]}]},{"@type":"ImageObject","inLanguage":"fr-FR","@id":"https:\/\/dicodusport.fr\/blog\/kuurne-bruxelles-kuurne-2025-la-liste-des-engages-et-diffusion-tv\/#primaryimage","url":"https:\/\/dicodusport.fr\/blog\/wp-content\/uploads\/2025\/02\/Kuurne-Bruxelles-Kuurne-2025-Parcours-detaille-et-profil-de-la-course.png","contentUrl":"https:\/\/dicodusport.fr\/blog\/wp-content\/uploads\/2025\/02\/Kuurne-Bruxelles-Kuurne-2025-Parcours-detaille-et-profil-de-la-course.png","width":1200,"height":674},{"@type":"BreadcrumbList","@id":"https:\/\/dicodusport.fr\/blog\/kuurne-bruxelles-kuurne-2025-la-liste-des-engages-et-diffusion-tv\/#breadcrumb","itemListElement":[{"@type":"ListItem","position":1,"name":"Accueil","item":"https:\/\/dicodusport.fr\/blog\/"},{"@type":"ListItem","position":2,"name":"Kuurne-Bruxelles-Kuurne 2025 : Engag\u00e9s et Cha\u00eene TV"}]},{"@type":"WebSite","@id":"https:\/\/dicodusport.fr\/blog\/#website","url":"https:\/\/dicodusport.fr\/blog\/","name":"Dicodusport","description":"L&#039;encyclop\u00e9die de l&#039;actualit\u00e9 sportive","publisher":{"@id":"https:\/\/dicodusport.fr\/blog\/#organization"},"potentialAction":[{"@type":"SearchAction","target":{"@type":"EntryPoint","urlTemplate":"https:\/\/dicodusport.fr\/blog\/?s={search_term_string}"},"query-input":{"@type":"PropertyValueSpecification","valueRequired":true,"valueName":"search_term_string"}}],"inLanguage":"fr-FR"},{"@type":"NewsMediaOrganization","@id":"https:\/\/dicodusport.fr\/blog\/#organization","name":"Dicodusport","url":"https:\/\/dicodusport.fr\/blog\/","logo":{"@type":"ImageObject","inLanguage":"fr-FR","@id":"https:\/\/dicodusport.fr\/blog\/#\/schema\/logo\/image\/","url":"https:\/\/dicodusport.fr\/blog\/wp-content\/uploads\/2020\/06\/cropped-LOGO-DICODUSPORT-2020-SANS-FOND-SANS-TEXTE.png","contentUrl":"https:\/\/dicodusport.fr\/blog\/wp-content\/uploads\/2020\/06\/cropped-LOGO-DICODUSPORT-2020-SANS-FOND-SANS-TEXTE.png","width":512,"height":512,"caption":"Dicodusport"},"image":{"@id":"https:\/\/dicodusport.fr\/blog\/#\/schema\/logo\/image\/"},"sameAs":["https:\/\/www.facebook.com\/dicodusport","https:\/\/x.com\/dicodusport","https:\/\/www.instagram.com\/dicodusport\/","https:\/\/www.youtube.com\/channel\/UC7V2KZ5sd3htJivAbA4ZG3w"],"description":"Dicodusport est l'encyclop\u00e9die de l'actualit\u00e9 sportive.","email":"bonjour@dicodusport.fr","legalName":"DICODUSPORT","foundingDate":"2018-01-14","vatID":"FR71834470973","taxID":"83447097300043","numberOfEmployees":{"@type":"QuantitativeValue","minValue":"1","maxValue":"10"}},{"@type":"Person","@id":"https:\/\/dicodusport.fr\/blog\/#\/schema\/person\/55dcb50ad410894e431ed812bbb70191","name":"Nicolas Jacquemard","image":{"@type":"ImageObject","inLanguage":"fr-FR","@id":"https:\/\/dicodusport.fr\/blog\/#\/schema\/person\/image\/","url":"https:\/\/dicodusport.fr\/blog\/wp-content\/uploads\/2021\/05\/Nicolas-Jacquemard-150x150.jpeg","contentUrl":"https:\/\/dicodusport.fr\/blog\/wp-content\/uploads\/2021\/05\/Nicolas-Jacquemard-150x150.jpeg","caption":"Nicolas Jacquemard"},"description":"Passionn\u00e9 de sport et entrepreneur depuis mes 18 ans, la cr\u00e9ation de Dicodusport m'a sembl\u00e9 \u00e9vidente pour participer \u00e0 la m\u00e9diatisation d'un plus grand nombre de sports. Le chemin est long mais avec une \u00e9quipe des plus motiv\u00e9es et les Jeux Olympiques de Paris 2024 en point de mire, nous y arriverons ! Journaliste dans le monde du sport depuis plus de 5 ans, je traite aussi bien de football, de rugby, de biathlon que de cyclisme.","sameAs":["https:\/\/www.facebook.com\/dicodusport","https:\/\/x.com\/https:\/\/twitter.com\/Nico_Jacquemard"],"url":"https:\/\/dicodusport.fr\/blog\/author\/dicodusport\/"}]}},"_links":{"self":[{"href":"https:\/\/dicodusport.fr\/blog\/wp-json\/wp\/v2\/posts\/560093","targetHints":{"allow":["GET"]}}],"collection":[{"href":"https:\/\/dicodusport.fr\/blog\/wp-json\/wp\/v2\/posts"}],"about":[{"href":"https:\/\/dicodusport.fr\/blog\/wp-json\/wp\/v2\/types\/post"}],"author":[{"embeddable":true,"href":"https:\/\/dicodusport.fr\/blog\/wp-json\/wp\/v2\/users\/1"}],"replies":[{"embeddable":true,"href":"https:\/\/dicodusport.fr\/blog\/wp-json\/wp\/v2\/comments?post=560093"}],"version-history":[{"count":3,"href":"https:\/\/dicodusport.fr\/blog\/wp-json\/wp\/v2\/posts\/560093\/revisions"}],"predecessor-version":[{"id":560118,"href":"https:\/\/dicodusport.fr\/blog\/wp-json\/wp\/v2\/posts\/560093\/revisions\/560118"}],"wp:featuredmedia":[{"embeddable":true,"href":"https:\/\/dicodusport.fr\/blog\/wp-json\/wp\/v2\/media\/560092"}],"wp:attachment":[{"href":"https:\/\/dicodusport.fr\/blog\/wp-json\/wp\/v2\/media?parent=560093"}],"wp:term":[{"taxonomy":"category","embeddable":true,"href":"https:\/\/dicodusport.fr\/blog\/wp-json\/wp\/v2\/categories?post=560093"},{"taxonomy":"post_tag","embeddable":true,"href":"https:\/\/dicodusport.fr\/blog\/wp-json\/wp\/v2\/tags?post=560093"}],"curies":[{"name":"wp","href":"https:\/\/api.w.org\/{rel}","templated":true}]}}