{"id":560279,"date":"2025-03-01T16:30:31","date_gmt":"2025-03-01T15:30:31","guid":{"rendered":"https:\/\/dicodusport.fr\/blog\/?p=560279&#038;preview=true&#038;preview_id=560279"},"modified":"2025-03-01T18:34:25","modified_gmt":"2025-03-01T17:34:25","slug":"faun-ardeche-classic-2025-victoire-de-romain-gregoire","status":"publish","type":"post","link":"https:\/\/dicodusport.fr\/blog\/faun-ardeche-classic-2025-victoire-de-romain-gregoire\/","title":{"rendered":"Faun-Ard\u00e8che Classic 2025 : Victoire de Romain Gr\u00e9goire"},"content":{"rendered":"<h4 style=\"text-align: justify;\"><em>FAUN-ARD\u00c8CHE CLASSIC 2024 &#8211; Le Doubiste Romain Gr\u00e9goire (Groupama-FDJ) remporte une victoire de prestige sur la Faun-Ard\u00e8che Classic 2025, apr\u00e8s un final encore perturb\u00e9 par des coureurs ayant pris une mauvaise direction.\u00a0<\/em><\/h4>\n<ul>\n<li style=\"text-align: justify;\"><strong>\u00c0 ce sujet &#8211; <a href=\"https:\/\/dicodusport.fr\/blog\/faun-ardeche-classic-2025-classement-et-resultats\/\">Faun-Ard\u00e8che Classic 2025 : Classement et r\u00e9sultats<\/a><\/strong><\/li>\n<\/ul>\n<p style=\"text-align: justify;\">L&rsquo;Algarve n&rsquo;aura donc pas \u00e9t\u00e9 un cas unique. Souvenons-nous de cette premi\u00e8re \u00e9tape il y a deux semaines o\u00f9 une partie du peloton s&rsquo;est tromp\u00e9 de route apr\u00e8s un rond-point en plein sprint final. On ne pensait pas revivre cet \u00e9pisode sur la classique fran\u00e7aise. N\u00e9anmoins, la faute en revient avant tout aux coureurs qui ont suivi une moto dans les derniers hectom\u00e8tres, alors qu&rsquo;ils connaissaient l&rsquo;arriv\u00e9e puisque le parcours en boucle avait permis trois passages sur la ligne. <strong>Romain Gr\u00e9goire<\/strong> (Groupama-FDJ) a eu le m\u00e9rite de rester lucide et sa victoire sur la <a href=\"https:\/\/dicodusport.fr\/blog\/faun-ardeche-classic-2025-parcours-profil-et-favoris-a-surveiller\/\">Faun-Ard\u00e8che Classic 2025<\/a> ne souffre ainsi d&rsquo;aucune contestation.<\/p>\n<p style=\"text-align: justify;\">Derri\u00e8re le Fran\u00e7ais, l&rsquo;Allemand <strong>Marco Brenner<\/strong> (Tudor Pro Cycling Team), en feu aujourd&rsquo;hui, a pris la deuxi\u00e8me place en d\u00e9pit d&rsquo;un grand nombre d&rsquo;efforts dans le final pour son leader <strong>Marc Hirschi<\/strong>. Ensuite, c&rsquo;est encore un carton de points pour XDS Astana avec <strong>Fortunato<\/strong>, <strong>Champoussin<\/strong> et <strong>Scaroni<\/strong> respectivement 3, 4 et 5\u00e8me.<\/p>\n<blockquote class=\"twitter-tweet\">\n<p dir=\"ltr\" lang=\"fr\">Improbable arriv\u00e9e sur la Faun Ard\u00e8che Classic !<\/p>\n<p>Romain Gr\u00e9goire s&rsquo;impose, alors que la majorit\u00e9 de ses adversaires dans le groupe de t\u00eate se sont tromp\u00e9s de route dans le dernier kilom\u00e8tre ! <a href=\"https:\/\/twitter.com\/hashtag\/lequipeVELO?src=hash&amp;ref_src=twsrc%5Etfw\">#lequipeVELO<\/a> <a href=\"https:\/\/t.co\/GALghLgSEw\">pic.twitter.com\/GALghLgSEw<\/a><\/p>\n<p>\u2014 la chaine L&rsquo;\u00c9quipe (@lachainelequipe) <a href=\"https:\/\/twitter.com\/lachainelequipe\/status\/1895857874611441780?ref_src=twsrc%5Etfw\">March 1, 2025<\/a><\/p><\/blockquote>\n<p><script async src=\"https:\/\/platform.twitter.com\/widgets.js\" charset=\"utf-8\"><\/script><\/p>\n<h2 style=\"text-align: justify;\">Un clan des sept \u00e0 l&rsquo;avant<\/h2>\n<p style=\"text-align: justify;\">Auparavant, sept coureurs ont form\u00e9 l&rsquo;\u00e9chapp\u00e9e du jour sur les routes ard\u00e9choises.<strong> Jonas Gregaard<\/strong> (Uno-X Mobility), <strong>Kamiel Bonneu<\/strong> (Intermarch\u00e9-Wanty), <strong>Baptiste Poulard<\/strong> (Ark\u00e9a-B&amp;B H\u00f4tels), <strong>Matt\u00e9o Vercher<\/strong> (Team TotalEnergies), <strong>Xabier Mikel Azparren<\/strong> (Q36.5 Pro Cycling Team), <strong>C\u00e9lestin Guillon<\/strong> (Van Rysel Roubaix) et <strong>Joris Chaussinand<\/strong> (CIC U &#8211; Nantes) ont ainsi ouvert la route et ont compt\u00e9 jusqu&rsquo;\u00e0 deux minutes d&rsquo;avance. Peu apr\u00e8s le premier Val d&rsquo;Enfer, \u00e0 45 km de l&rsquo;arriv\u00e9e, le groupe a explos\u00e9 sur un talus difficile et <strong>Bonneu<\/strong> et <strong>Vercher<\/strong> se sont d\u00e9tach\u00e9s pour un nouveau raid, bient\u00f4t rejoints par l&rsquo;Espagnol <strong>Azparren<\/strong>.<\/p>\n<h2 style=\"text-align: justify;\">Lidl-Trek fait tout exploser<\/h2>\n<p style=\"text-align: justify;\">Derri\u00e8re, les \u00e9quipes se sont relay\u00e9es dans le peloton pour contr\u00f4ler l&rsquo;\u00e9cart avec les \u00e9chapp\u00e9s tout au long de la journ\u00e9e. On notait bien entendu les UAE Team Emirates &#8211; XRG, mais aussi la Groupama-FDJ et les Lidl-Trek. Ces derniers ont tent\u00e9 un gros coup de force \u00e0 40 km de l&rsquo;arriv\u00e9e sous l&rsquo;impulsion de <strong>Quinn Simmons<\/strong>, en d\u00e9pit d&rsquo;un ennui m\u00e9canique pour <strong>Tao Geoghegan Hart<\/strong>, mais en montrant ainsi les ambitions de <strong>Mattias Skjelmose<\/strong> pour sa reprise. Suffisant en tout cas pour r\u00e9duire le peloton \u00e0 une quarantaine d&rsquo;unit\u00e9s. Ensuite, c&rsquo;est au tour des Suisses de Tudor d&#8217;embrayer pour leur leader <strong>Marc Hirschi<\/strong> reprenant au passage les trois derniers fuyards \u00e0 25 km de l&rsquo;arriv\u00e9e.<\/p>\n<h2 style=\"text-align: justify;\">Le show Fortunato<\/h2>\n<p style=\"text-align: justify;\">Puis, <strong>Juan Ayuso<\/strong> (UAE Team Emirates &#8211; XRG) et <strong>Romain Gr\u00e9goire<\/strong> (Groupama-FDJ) ont lanc\u00e9 les hostilit\u00e9s vers Saint-Romain de Lerps, avant que <strong>Lorenzo Fortunato<\/strong> (XDS Astana) s&rsquo;isole seul devant une vingtaine de coureurs et la majorit\u00e9 des favoris. Dans le Val d&rsquo;Enfer, l&rsquo;Italien a encore fait de la r\u00e9sistance en d\u00e9pit d&rsquo;une pente moyenne de 10% repris seulement <strong>Enric Mas<\/strong> (Movistar Team). Finalement, apr\u00e8s un gros travail de <strong>Marco Brenner<\/strong> (Tudor Pro Cycling Team), intenable, la victoire allait probablement se jouer au sprint entre une douzaine d&rsquo;hommes, mais cette nouvelle confusion allait rendre le d\u00e9nouement de la classique ard\u00e9choise atypique.<\/p>\n","protected":false},"excerpt":{"rendered":"<p>Victoire de Romain Gr\u00e9goire<\/p>\n","protected":false},"author":92,"featured_media":560391,"comment_status":"open","ping_status":"closed","sticky":false,"template":"","format":"standard","meta":{"_acf_changed":false,"_daextam_enable_autolinks":"1","footnotes":""},"categories":[46994],"tags":[32415,3119,16878,10043,3279,19485],"class_list":["post-560279","post","type-post","status-publish","format-standard","has-post-thumbnail","hentry","category-cyclisme-sur-route","tag-actu","tag-actualite-cyclisme","tag-breve","tag-faun-ardeche-classic","tag-groupama-fdj","tag-romain-gregoire"],"acf":[],"yoast_head":"<!-- This site is optimized with the Yoast SEO Premium plugin v26.7 (Yoast SEO v26.7) - https:\/\/yoast.com\/wordpress\/plugins\/seo\/ -->\n<title>Faun-Ard\u00e8che Classic 2025 : Victoire de Romain Gr\u00e9goire<\/title>\n<meta name=\"description\" content=\"FAUN-ARDECHE CLASSIC 2024 - Le Doubiste Romain Gr\u00e9goire (Groupama-FDJ) remporte une victoire de prestige sur la Faun-Ard\u00e8che Classic 2025.\" \/>\n<meta name=\"robots\" content=\"index, follow, max-snippet:-1, max-image-preview:large, max-video-preview:-1\" \/>\n<link rel=\"canonical\" href=\"https:\/\/dicodusport.fr\/blog\/faun-ardeche-classic-2025-victoire-de-romain-gregoire\/\" \/>\n<meta property=\"og:locale\" content=\"fr_FR\" \/>\n<meta property=\"og:type\" content=\"article\" \/>\n<meta property=\"og:title\" content=\"Faun-Ard\u00e8che Classic 2025 : Victoire de Romain Gr\u00e9goire\" \/>\n<meta property=\"og:description\" content=\"FAUN-ARDECHE CLASSIC 2024 - Le Doubiste Romain Gr\u00e9goire (Groupama-FDJ) remporte une victoire de prestige sur la Faun-Ard\u00e8che Classic 2025.\" \/>\n<meta property=\"og:url\" content=\"https:\/\/dicodusport.fr\/blog\/faun-ardeche-classic-2025-victoire-de-romain-gregoire\/\" \/>\n<meta property=\"og:site_name\" content=\"Dicodusport\" \/>\n<meta property=\"article:publisher\" content=\"https:\/\/www.facebook.com\/dicodusport\" \/>\n<meta property=\"article:published_time\" content=\"2025-03-01T15:30:31+00:00\" \/>\n<meta property=\"article:modified_time\" content=\"2025-03-01T17:34:25+00:00\" \/>\n<meta property=\"og:image\" content=\"https:\/\/dicodusport.fr\/blog\/wp-content\/uploads\/2025\/03\/Faun-Ardeche-Classic-2025-Victoire-de-Romain-Gregoire-1.png\" \/>\n\t<meta property=\"og:image:width\" content=\"1200\" \/>\n\t<meta property=\"og:image:height\" content=\"674\" \/>\n\t<meta property=\"og:image:type\" content=\"image\/png\" \/>\n<meta name=\"author\" content=\"Olivier Dobiezynski\" \/>\n<meta name=\"twitter:card\" content=\"summary_large_image\" \/>\n<meta name=\"twitter:title\" content=\"Faun-Ard\u00e8che Classic 2025 : Victoire de Romain Gr\u00e9goire\" \/>\n<meta name=\"twitter:creator\" content=\"@https:\/\/x.com\/Olivier_Matros\" \/>\n<meta name=\"twitter:site\" content=\"@dicodusport\" \/>\n<script type=\"application\/ld+json\" class=\"yoast-schema-graph\">{\"@context\":\"https:\/\/schema.org\",\"@graph\":[{\"@type\":\"NewsArticle\",\"@id\":\"https:\/\/dicodusport.fr\/blog\/faun-ardeche-classic-2025-victoire-de-romain-gregoire\/#article\",\"isPartOf\":{\"@id\":\"https:\/\/dicodusport.fr\/blog\/faun-ardeche-classic-2025-victoire-de-romain-gregoire\/\"},\"author\":{\"name\":\"Olivier Dobiezynski\",\"@id\":\"https:\/\/dicodusport.fr\/blog\/#\/schema\/person\/fe500246414ca17ddf0c0312d7a792cc\"},\"headline\":\"Faun-Ard\u00e8che Classic 2025 : Victoire de Romain Gr\u00e9goire\",\"datePublished\":\"2025-03-01T15:30:31+00:00\",\"dateModified\":\"2025-03-01T17:34:25+00:00\",\"mainEntityOfPage\":{\"@id\":\"https:\/\/dicodusport.fr\/blog\/faun-ardeche-classic-2025-victoire-de-romain-gregoire\/\"},\"wordCount\":640,\"commentCount\":0,\"publisher\":{\"@id\":\"https:\/\/dicodusport.fr\/blog\/#organization\"},\"image\":{\"@id\":\"https:\/\/dicodusport.fr\/blog\/faun-ardeche-classic-2025-victoire-de-romain-gregoire\/#primaryimage\"},\"thumbnailUrl\":\"https:\/\/dicodusport.fr\/blog\/wp-content\/uploads\/2025\/03\/Faun-Ardeche-Classic-2025-Victoire-de-Romain-Gregoire-1.png\",\"keywords\":[\"actu\",\"Actualit\u00e9 Cyclisme\",\"br\u00e8ve\",\"Faun-Ard\u00e8che Classic\",\"Groupama FDJ\",\"Romain Gr\u00e9goire\"],\"articleSection\":[\"Cyclisme sur route\"],\"inLanguage\":\"fr-FR\",\"potentialAction\":[{\"@type\":\"CommentAction\",\"name\":\"Comment\",\"target\":[\"https:\/\/dicodusport.fr\/blog\/faun-ardeche-classic-2025-victoire-de-romain-gregoire\/#respond\"]}],\"copyrightYear\":\"2025\",\"copyrightHolder\":{\"@id\":\"https:\/\/dicodusport.fr\/blog\/#organization\"}},{\"@type\":\"WebPage\",\"@id\":\"https:\/\/dicodusport.fr\/blog\/faun-ardeche-classic-2025-victoire-de-romain-gregoire\/\",\"url\":\"https:\/\/dicodusport.fr\/blog\/faun-ardeche-classic-2025-victoire-de-romain-gregoire\/\",\"name\":\"Faun-Ard\u00e8che Classic 2025 : Victoire de Romain Gr\u00e9goire\",\"isPartOf\":{\"@id\":\"https:\/\/dicodusport.fr\/blog\/#website\"},\"primaryImageOfPage\":{\"@id\":\"https:\/\/dicodusport.fr\/blog\/faun-ardeche-classic-2025-victoire-de-romain-gregoire\/#primaryimage\"},\"image\":{\"@id\":\"https:\/\/dicodusport.fr\/blog\/faun-ardeche-classic-2025-victoire-de-romain-gregoire\/#primaryimage\"},\"thumbnailUrl\":\"https:\/\/dicodusport.fr\/blog\/wp-content\/uploads\/2025\/03\/Faun-Ardeche-Classic-2025-Victoire-de-Romain-Gregoire-1.png\",\"datePublished\":\"2025-03-01T15:30:31+00:00\",\"dateModified\":\"2025-03-01T17:34:25+00:00\",\"description\":\"FAUN-ARDECHE CLASSIC 2024 - Le Doubiste Romain Gr\u00e9goire (Groupama-FDJ) remporte une victoire de prestige sur la Faun-Ard\u00e8che Classic 2025.\",\"breadcrumb\":{\"@id\":\"https:\/\/dicodusport.fr\/blog\/faun-ardeche-classic-2025-victoire-de-romain-gregoire\/#breadcrumb\"},\"inLanguage\":\"fr-FR\",\"potentialAction\":[{\"@type\":\"ReadAction\",\"target\":[\"https:\/\/dicodusport.fr\/blog\/faun-ardeche-classic-2025-victoire-de-romain-gregoire\/\"]}]},{\"@type\":\"ImageObject\",\"inLanguage\":\"fr-FR\",\"@id\":\"https:\/\/dicodusport.fr\/blog\/faun-ardeche-classic-2025-victoire-de-romain-gregoire\/#primaryimage\",\"url\":\"https:\/\/dicodusport.fr\/blog\/wp-content\/uploads\/2025\/03\/Faun-Ardeche-Classic-2025-Victoire-de-Romain-Gregoire-1.png\",\"contentUrl\":\"https:\/\/dicodusport.fr\/blog\/wp-content\/uploads\/2025\/03\/Faun-Ardeche-Classic-2025-Victoire-de-Romain-Gregoire-1.png\",\"width\":1200,\"height\":674,\"caption\":\"Faun-Ard\u00e8che Classic 2025 Victoire de Romain Gr\u00e9goire (1)\"},{\"@type\":\"BreadcrumbList\",\"@id\":\"https:\/\/dicodusport.fr\/blog\/faun-ardeche-classic-2025-victoire-de-romain-gregoire\/#breadcrumb\",\"itemListElement\":[{\"@type\":\"ListItem\",\"position\":1,\"name\":\"Accueil\",\"item\":\"https:\/\/dicodusport.fr\/blog\/\"},{\"@type\":\"ListItem\",\"position\":2,\"name\":\"Faun-Ard\u00e8che Classic 2025 : Victoire de Romain Gr\u00e9goire\"}]},{\"@type\":\"WebSite\",\"@id\":\"https:\/\/dicodusport.fr\/blog\/#website\",\"url\":\"https:\/\/dicodusport.fr\/blog\/\",\"name\":\"Dicodusport\",\"description\":\"L&#039;encyclop\u00e9die de l&#039;actualit\u00e9 sportive\",\"publisher\":{\"@id\":\"https:\/\/dicodusport.fr\/blog\/#organization\"},\"potentialAction\":[{\"@type\":\"SearchAction\",\"target\":{\"@type\":\"EntryPoint\",\"urlTemplate\":\"https:\/\/dicodusport.fr\/blog\/?s={search_term_string}\"},\"query-input\":{\"@type\":\"PropertyValueSpecification\",\"valueRequired\":true,\"valueName\":\"search_term_string\"}}],\"inLanguage\":\"fr-FR\"},{\"@type\":\"NewsMediaOrganization\",\"@id\":\"https:\/\/dicodusport.fr\/blog\/#organization\",\"name\":\"Dicodusport\",\"url\":\"https:\/\/dicodusport.fr\/blog\/\",\"logo\":{\"@type\":\"ImageObject\",\"inLanguage\":\"fr-FR\",\"@id\":\"https:\/\/dicodusport.fr\/blog\/#\/schema\/logo\/image\/\",\"url\":\"https:\/\/dicodusport.fr\/blog\/wp-content\/uploads\/2020\/06\/cropped-LOGO-DICODUSPORT-2020-SANS-FOND-SANS-TEXTE.png\",\"contentUrl\":\"https:\/\/dicodusport.fr\/blog\/wp-content\/uploads\/2020\/06\/cropped-LOGO-DICODUSPORT-2020-SANS-FOND-SANS-TEXTE.png\",\"width\":512,\"height\":512,\"caption\":\"Dicodusport\"},\"image\":{\"@id\":\"https:\/\/dicodusport.fr\/blog\/#\/schema\/logo\/image\/\"},\"sameAs\":[\"https:\/\/www.facebook.com\/dicodusport\",\"https:\/\/x.com\/dicodusport\",\"https:\/\/www.instagram.com\/dicodusport\/\",\"https:\/\/www.youtube.com\/channel\/UC7V2KZ5sd3htJivAbA4ZG3w\"],\"description\":\"Dicodusport est l'encyclop\u00e9die de l'actualit\u00e9 sportive.\",\"email\":\"bonjour@dicodusport.fr\",\"legalName\":\"DICODUSPORT\",\"foundingDate\":\"2018-01-14\",\"vatID\":\"FR71834470973\",\"taxID\":\"83447097300043\",\"numberOfEmployees\":{\"@type\":\"QuantitativeValue\",\"minValue\":\"1\",\"maxValue\":\"10\"}},{\"@type\":\"Person\",\"@id\":\"https:\/\/dicodusport.fr\/blog\/#\/schema\/person\/fe500246414ca17ddf0c0312d7a792cc\",\"name\":\"Olivier Dobiezynski\",\"image\":{\"@type\":\"ImageObject\",\"inLanguage\":\"fr-FR\",\"@id\":\"https:\/\/dicodusport.fr\/blog\/#\/schema\/person\/image\/\",\"url\":\"https:\/\/dicodusport.fr\/blog\/wp-content\/uploads\/2024\/09\/5be8fe8d-9962-4f1e-ad06-d6f9dee30e6d-150x150.jpg\",\"contentUrl\":\"https:\/\/dicodusport.fr\/blog\/wp-content\/uploads\/2024\/09\/5be8fe8d-9962-4f1e-ad06-d6f9dee30e6d-150x150.jpg\",\"caption\":\"Olivier Dobiezynski\"},\"description\":\"Depuis le milieu des ann\u00e9es 90, la passion du cyclisme m'anime. Mes h\u00e9ros s'appellent Luc Leblanc, Piotr Ugrumov, Paolo Savoldelli, Peter Sagan et bien \u00e9videmment Romain Bardet. R\u00e9dacteur depuis 2023, je suis ici pour partager cet amour de la Petite Reine. Vous pourrez me lire \u00e9galement sur du trail, du ski de fond et tout autre sujet susceptible d'\u00e9veiller ma curiosit\u00e9 sportive.\",\"sameAs\":[\"https:\/\/x.com\/https:\/\/x.com\/Olivier_Matros\"],\"url\":\"https:\/\/dicodusport.fr\/blog\/author\/olivier-gh\/\"}]}<\/script>\n<!-- \/ Yoast SEO Premium plugin. -->","yoast_head_json":{"title":"Faun-Ard\u00e8che Classic 2025 : Victoire de Romain Gr\u00e9goire","description":"FAUN-ARDECHE CLASSIC 2024 - Le Doubiste Romain Gr\u00e9goire (Groupama-FDJ) remporte une victoire de prestige sur la Faun-Ard\u00e8che Classic 2025.","robots":{"index":"index","follow":"follow","max-snippet":"max-snippet:-1","max-image-preview":"max-image-preview:large","max-video-preview":"max-video-preview:-1"},"canonical":"https:\/\/dicodusport.fr\/blog\/faun-ardeche-classic-2025-victoire-de-romain-gregoire\/","og_locale":"fr_FR","og_type":"article","og_title":"Faun-Ard\u00e8che Classic 2025 : Victoire de Romain Gr\u00e9goire","og_description":"FAUN-ARDECHE CLASSIC 2024 - Le Doubiste Romain Gr\u00e9goire (Groupama-FDJ) remporte une victoire de prestige sur la Faun-Ard\u00e8che Classic 2025.","og_url":"https:\/\/dicodusport.fr\/blog\/faun-ardeche-classic-2025-victoire-de-romain-gregoire\/","og_site_name":"Dicodusport","article_publisher":"https:\/\/www.facebook.com\/dicodusport","article_published_time":"2025-03-01T15:30:31+00:00","article_modified_time":"2025-03-01T17:34:25+00:00","og_image":[{"width":1200,"height":674,"url":"https:\/\/dicodusport.fr\/blog\/wp-content\/uploads\/2025\/03\/Faun-Ardeche-Classic-2025-Victoire-de-Romain-Gregoire-1.png","type":"image\/png"}],"author":"Olivier Dobiezynski","twitter_card":"summary_large_image","twitter_title":"Faun-Ard\u00e8che Classic 2025 : Victoire de Romain Gr\u00e9goire","twitter_creator":"@https:\/\/x.com\/Olivier_Matros","twitter_site":"@dicodusport","schema":{"@context":"https:\/\/schema.org","@graph":[{"@type":"NewsArticle","@id":"https:\/\/dicodusport.fr\/blog\/faun-ardeche-classic-2025-victoire-de-romain-gregoire\/#article","isPartOf":{"@id":"https:\/\/dicodusport.fr\/blog\/faun-ardeche-classic-2025-victoire-de-romain-gregoire\/"},"author":{"name":"Olivier Dobiezynski","@id":"https:\/\/dicodusport.fr\/blog\/#\/schema\/person\/fe500246414ca17ddf0c0312d7a792cc"},"headline":"Faun-Ard\u00e8che Classic 2025 : Victoire de Romain Gr\u00e9goire","datePublished":"2025-03-01T15:30:31+00:00","dateModified":"2025-03-01T17:34:25+00:00","mainEntityOfPage":{"@id":"https:\/\/dicodusport.fr\/blog\/faun-ardeche-classic-2025-victoire-de-romain-gregoire\/"},"wordCount":640,"commentCount":0,"publisher":{"@id":"https:\/\/dicodusport.fr\/blog\/#organization"},"image":{"@id":"https:\/\/dicodusport.fr\/blog\/faun-ardeche-classic-2025-victoire-de-romain-gregoire\/#primaryimage"},"thumbnailUrl":"https:\/\/dicodusport.fr\/blog\/wp-content\/uploads\/2025\/03\/Faun-Ardeche-Classic-2025-Victoire-de-Romain-Gregoire-1.png","keywords":["actu","Actualit\u00e9 Cyclisme","br\u00e8ve","Faun-Ard\u00e8che Classic","Groupama FDJ","Romain Gr\u00e9goire"],"articleSection":["Cyclisme sur route"],"inLanguage":"fr-FR","potentialAction":[{"@type":"CommentAction","name":"Comment","target":["https:\/\/dicodusport.fr\/blog\/faun-ardeche-classic-2025-victoire-de-romain-gregoire\/#respond"]}],"copyrightYear":"2025","copyrightHolder":{"@id":"https:\/\/dicodusport.fr\/blog\/#organization"}},{"@type":"WebPage","@id":"https:\/\/dicodusport.fr\/blog\/faun-ardeche-classic-2025-victoire-de-romain-gregoire\/","url":"https:\/\/dicodusport.fr\/blog\/faun-ardeche-classic-2025-victoire-de-romain-gregoire\/","name":"Faun-Ard\u00e8che Classic 2025 : Victoire de Romain Gr\u00e9goire","isPartOf":{"@id":"https:\/\/dicodusport.fr\/blog\/#website"},"primaryImageOfPage":{"@id":"https:\/\/dicodusport.fr\/blog\/faun-ardeche-classic-2025-victoire-de-romain-gregoire\/#primaryimage"},"image":{"@id":"https:\/\/dicodusport.fr\/blog\/faun-ardeche-classic-2025-victoire-de-romain-gregoire\/#primaryimage"},"thumbnailUrl":"https:\/\/dicodusport.fr\/blog\/wp-content\/uploads\/2025\/03\/Faun-Ardeche-Classic-2025-Victoire-de-Romain-Gregoire-1.png","datePublished":"2025-03-01T15:30:31+00:00","dateModified":"2025-03-01T17:34:25+00:00","description":"FAUN-ARDECHE CLASSIC 2024 - Le Doubiste Romain Gr\u00e9goire (Groupama-FDJ) remporte une victoire de prestige sur la Faun-Ard\u00e8che Classic 2025.","breadcrumb":{"@id":"https:\/\/dicodusport.fr\/blog\/faun-ardeche-classic-2025-victoire-de-romain-gregoire\/#breadcrumb"},"inLanguage":"fr-FR","potentialAction":[{"@type":"ReadAction","target":["https:\/\/dicodusport.fr\/blog\/faun-ardeche-classic-2025-victoire-de-romain-gregoire\/"]}]},{"@type":"ImageObject","inLanguage":"fr-FR","@id":"https:\/\/dicodusport.fr\/blog\/faun-ardeche-classic-2025-victoire-de-romain-gregoire\/#primaryimage","url":"https:\/\/dicodusport.fr\/blog\/wp-content\/uploads\/2025\/03\/Faun-Ardeche-Classic-2025-Victoire-de-Romain-Gregoire-1.png","contentUrl":"https:\/\/dicodusport.fr\/blog\/wp-content\/uploads\/2025\/03\/Faun-Ardeche-Classic-2025-Victoire-de-Romain-Gregoire-1.png","width":1200,"height":674,"caption":"Faun-Ard\u00e8che Classic 2025 Victoire de Romain Gr\u00e9goire (1)"},{"@type":"BreadcrumbList","@id":"https:\/\/dicodusport.fr\/blog\/faun-ardeche-classic-2025-victoire-de-romain-gregoire\/#breadcrumb","itemListElement":[{"@type":"ListItem","position":1,"name":"Accueil","item":"https:\/\/dicodusport.fr\/blog\/"},{"@type":"ListItem","position":2,"name":"Faun-Ard\u00e8che Classic 2025 : Victoire de Romain Gr\u00e9goire"}]},{"@type":"WebSite","@id":"https:\/\/dicodusport.fr\/blog\/#website","url":"https:\/\/dicodusport.fr\/blog\/","name":"Dicodusport","description":"L&#039;encyclop\u00e9die de l&#039;actualit\u00e9 sportive","publisher":{"@id":"https:\/\/dicodusport.fr\/blog\/#organization"},"potentialAction":[{"@type":"SearchAction","target":{"@type":"EntryPoint","urlTemplate":"https:\/\/dicodusport.fr\/blog\/?s={search_term_string}"},"query-input":{"@type":"PropertyValueSpecification","valueRequired":true,"valueName":"search_term_string"}}],"inLanguage":"fr-FR"},{"@type":"NewsMediaOrganization","@id":"https:\/\/dicodusport.fr\/blog\/#organization","name":"Dicodusport","url":"https:\/\/dicodusport.fr\/blog\/","logo":{"@type":"ImageObject","inLanguage":"fr-FR","@id":"https:\/\/dicodusport.fr\/blog\/#\/schema\/logo\/image\/","url":"https:\/\/dicodusport.fr\/blog\/wp-content\/uploads\/2020\/06\/cropped-LOGO-DICODUSPORT-2020-SANS-FOND-SANS-TEXTE.png","contentUrl":"https:\/\/dicodusport.fr\/blog\/wp-content\/uploads\/2020\/06\/cropped-LOGO-DICODUSPORT-2020-SANS-FOND-SANS-TEXTE.png","width":512,"height":512,"caption":"Dicodusport"},"image":{"@id":"https:\/\/dicodusport.fr\/blog\/#\/schema\/logo\/image\/"},"sameAs":["https:\/\/www.facebook.com\/dicodusport","https:\/\/x.com\/dicodusport","https:\/\/www.instagram.com\/dicodusport\/","https:\/\/www.youtube.com\/channel\/UC7V2KZ5sd3htJivAbA4ZG3w"],"description":"Dicodusport est l'encyclop\u00e9die de l'actualit\u00e9 sportive.","email":"bonjour@dicodusport.fr","legalName":"DICODUSPORT","foundingDate":"2018-01-14","vatID":"FR71834470973","taxID":"83447097300043","numberOfEmployees":{"@type":"QuantitativeValue","minValue":"1","maxValue":"10"}},{"@type":"Person","@id":"https:\/\/dicodusport.fr\/blog\/#\/schema\/person\/fe500246414ca17ddf0c0312d7a792cc","name":"Olivier Dobiezynski","image":{"@type":"ImageObject","inLanguage":"fr-FR","@id":"https:\/\/dicodusport.fr\/blog\/#\/schema\/person\/image\/","url":"https:\/\/dicodusport.fr\/blog\/wp-content\/uploads\/2024\/09\/5be8fe8d-9962-4f1e-ad06-d6f9dee30e6d-150x150.jpg","contentUrl":"https:\/\/dicodusport.fr\/blog\/wp-content\/uploads\/2024\/09\/5be8fe8d-9962-4f1e-ad06-d6f9dee30e6d-150x150.jpg","caption":"Olivier Dobiezynski"},"description":"Depuis le milieu des ann\u00e9es 90, la passion du cyclisme m'anime. Mes h\u00e9ros s'appellent Luc Leblanc, Piotr Ugrumov, Paolo Savoldelli, Peter Sagan et bien \u00e9videmment Romain Bardet. R\u00e9dacteur depuis 2023, je suis ici pour partager cet amour de la Petite Reine. Vous pourrez me lire \u00e9galement sur du trail, du ski de fond et tout autre sujet susceptible d'\u00e9veiller ma curiosit\u00e9 sportive.","sameAs":["https:\/\/x.com\/https:\/\/x.com\/Olivier_Matros"],"url":"https:\/\/dicodusport.fr\/blog\/author\/olivier-gh\/"}]}},"_links":{"self":[{"href":"https:\/\/dicodusport.fr\/blog\/wp-json\/wp\/v2\/posts\/560279","targetHints":{"allow":["GET"]}}],"collection":[{"href":"https:\/\/dicodusport.fr\/blog\/wp-json\/wp\/v2\/posts"}],"about":[{"href":"https:\/\/dicodusport.fr\/blog\/wp-json\/wp\/v2\/types\/post"}],"author":[{"embeddable":true,"href":"https:\/\/dicodusport.fr\/blog\/wp-json\/wp\/v2\/users\/92"}],"replies":[{"embeddable":true,"href":"https:\/\/dicodusport.fr\/blog\/wp-json\/wp\/v2\/comments?post=560279"}],"version-history":[{"count":5,"href":"https:\/\/dicodusport.fr\/blog\/wp-json\/wp\/v2\/posts\/560279\/revisions"}],"predecessor-version":[{"id":560345,"href":"https:\/\/dicodusport.fr\/blog\/wp-json\/wp\/v2\/posts\/560279\/revisions\/560345"}],"wp:featuredmedia":[{"embeddable":true,"href":"https:\/\/dicodusport.fr\/blog\/wp-json\/wp\/v2\/media\/560391"}],"wp:attachment":[{"href":"https:\/\/dicodusport.fr\/blog\/wp-json\/wp\/v2\/media?parent=560279"}],"wp:term":[{"taxonomy":"category","embeddable":true,"href":"https:\/\/dicodusport.fr\/blog\/wp-json\/wp\/v2\/categories?post=560279"},{"taxonomy":"post_tag","embeddable":true,"href":"https:\/\/dicodusport.fr\/blog\/wp-json\/wp\/v2\/tags?post=560279"}],"curies":[{"name":"wp","href":"https:\/\/api.w.org\/{rel}","templated":true}]}}