{"id":560516,"date":"2025-03-02T13:28:41","date_gmt":"2025-03-02T12:28:41","guid":{"rendered":"https:\/\/dicodusport.fr\/blog\/?p=560516&#038;preview=true&#038;preview_id=560516"},"modified":"2025-03-02T15:08:39","modified_gmt":"2025-03-02T14:08:39","slug":"slalom-hommes-kranjska-gora-2025-henrik-kristoffersen-simpose-victor-muffat-jeandet-rayonne","status":"publish","type":"post","link":"https:\/\/dicodusport.fr\/blog\/slalom-hommes-kranjska-gora-2025-henrik-kristoffersen-simpose-victor-muffat-jeandet-rayonne\/","title":{"rendered":"Slalom hommes Kranjska Gora 2025 : Henrik Kristoffersen s&rsquo;impose, Victor Muffat-Jeandet rayonne"},"content":{"rendered":"<h4 style=\"text-align: justify;\"><i>COUPE DU MONDE DE SKI ALPIN 202<\/i><i>4<\/i><i>-2025 &#8211; Henrik Kristoffersen a remport\u00e9 le slalom de Kranjska Gora ce dimanche, en surpassant Timon Haugan et Manuel Feller. Auteur du meilleur temps de la 2\u00e8me manche, Victor Muffat-Jeandet a fait sensation en prenant la 6\u00e8me place. En revanche, Cl\u00e9ment No\u00ebl a r\u00e9alis\u00e9 une tr\u00e8s mauvaise op\u00e9ration.<\/i><\/h4>\n<ul style=\"text-align: justify;\">\n<li style=\"text-align: justify;\"><strong>\u00c0 lire aussi &#8211;\u00a0<a href=\"https:\/\/dicodusport.fr\/blog\/calendrier-et-resultats-coupe-du-monde-ski-alpin-2024-2025\/\">Calendrier et r\u00e9sultats Coupe du monde Ski alpin 2024-2025<\/a><\/strong><\/li>\n<\/ul>\n<p style=\"text-align: justify;\">La fin de saison s&rsquo;approchant, la course aux globes devient de plus en plus s\u00e9rieuse. Ce dimanche, le <strong>10\u00e8me des 12 slaloms<\/strong> au programme de l&rsquo;hiver se d\u00e9roulait du c\u00f4t\u00e9 de <strong>Kranjska Gora<\/strong>. 2\u00e8me du classement de la sp\u00e9cialit\u00e9 \u00e0 seulement 3 unit\u00e9s d&rsquo;un<strong> Henrik Kristoffersen<\/strong> vainqueur la veille du G\u00e9ant, <strong>Cl\u00e9ment No\u00ebl<\/strong> avait un coup \u00e0 jouer.<\/p>\n<h2 style=\"text-align: justify;\">Lo\u00efc Meillard prend la t\u00eate, Cl\u00e9ment No\u00ebl dans le coup<\/h2>\n<p style=\"text-align: justify;\">D\u00e8s la premi\u00e8re manche, le Fran\u00e7ais va profiter de la performance moyenne de son rival norv\u00e9gien pour prendre une option. Auteur d&rsquo;un chrono solide le pla\u00e7ant \u00e0 seulement 4 dixi\u00e8mes d&rsquo;un <strong>Lo\u00efc Meillard<\/strong> impeccable, et qui a fini la matin\u00e9e en t\u00eate, <strong>Cl\u00e9ment No\u00ebl a surtout pris 22 centi\u00e8mes \u00e0 Kristoffersen<\/strong>. De quoi aborder la seconde manche id\u00e9alement, avec un double objectif en t\u00eate. Pour la victoire sur la piste slov\u00e8ne, du monde va se positionner. En effet, dans l&rsquo;intervalle des 4 dixi\u00e8mes entre Meillard et No\u00ebl, les deux autres Norv\u00e9giens <strong>Timon Haugan<\/strong> (+0.05) et <strong>Atle Lie McGrath<\/strong> (+0.26), mais \u00e9galement <strong>Tanguy Nef<\/strong> (+0.21), s&rsquo;intercalent. En revanche, <strong>Linus Strasser<\/strong> et <strong>Lucas Pinheiro Braathen<\/strong> ont tous les deux enfourch\u00e9, quittant ainsi pr\u00e9matur\u00e9ment l&rsquo;\u00e9preuve.<\/p>\n<ul style=\"text-align: justify;\">\n<li><strong>\u00c0 lire aussi &#8211;\u00a0<a href=\"https:\/\/dicodusport.fr\/blog\/resultats-et-classement-du-slalom-hommes-de-kranjska-gora-2025\/\">R\u00e9sultats et classement du slalom de Kranjska Gora<\/a><\/strong><\/li>\n<\/ul>\n<p style=\"text-align: justify;\">Parmi les autres Fran\u00e7ais, <strong>Steven Amiez<\/strong> peut s&rsquo;en vouloir. En raison de deux erreurs lui ayant co\u00fbt\u00e9 plus d&rsquo;une bonne seconde, il se retrouve \u00e9ject\u00e9 du Top 10 avec un retard d\u00e9j\u00e0 cons\u00e9quent pour un potentiel podium (+1.29). <strong>Victor Muffat-Jeandet<\/strong> a lui tir\u00e9 son \u00e9pingle du jeu pour arracher la qualification en seconde manche. Un bonheur que n&rsquo;a pas connu <strong>Paco Rassat<\/strong>, qui a sign\u00e9 son premier abandon de l&rsquo;hiver en Coupe du monde. Enfin, <strong>Hugo Desgrippes <\/strong>et <strong>Antoine Azzolin<\/strong> n&rsquo;ont pas pass\u00e9 le cut.<\/p>\n<h2 style=\"text-align: justify;\">Victor Muffat-Jeandet impressionne, Henrik Kristoffersen taille patron<\/h2>\n<p style=\"text-align: justify;\">La seconde manche sera marqu\u00e9e par la confirmation de <strong>Victor Muffat-Jeandet<\/strong>. Le v\u00e9t\u00e9ran a aval\u00e9 la piste avec une aisance incroyable pour signer tout simplement le meilleur chrono de l&rsquo;apr\u00e8s-midi ! Surpuissant sur le bas, il va alors voir d\u00e9filer ses concurrents les uns apr\u00e8s les autres, sans qu&rsquo;un seul ne r\u00e9ussisse \u00e0 seulement s&rsquo;approcher de lui. Ainsi, les quinze skieurs suivants passent derri\u00e8re lui, ce qui lui assure alors d\u00e9j\u00e0 une place dans le Top 10, ce qui n&rsquo;\u00e9tait plus arriv\u00e9 depuis plus de trois ans ! Parmi ces d\u00e9\u00e7us, <strong>Steven Amiez<\/strong> fait partie du lot. Suite \u00e0 sa 10\u00e8me place frustrante dans la matin\u00e9e, il s&rsquo;est effondr\u00e9 en livrant un slalom tout en retenue, ce qui l&rsquo;a fait glisser dans les profondeurs du classement.<\/p>\n<ul style=\"text-align: justify;\">\n<li><strong>\u00c0 ce sujet &#8211;\u00a0<a href=\"https:\/\/dicodusport.fr\/blog\/coupe-du-monde-ski-alpin-classement-general-gros-globe-hommes\/\">Coupe du monde Ski alpin \u2013 Classement g\u00e9n\u00e9ral gros globe hommes<\/a><\/strong><\/li>\n<\/ul>\n<p style=\"text-align: justify;\">Si <strong>Fabio Gstrein <\/strong>et <strong>Albert Popov<\/strong> se cassent \u00e9galement les dents sur Muffat-Jeandet, le Fran\u00e7ais va \u00eatre \u00e9ject\u00e9 du <em>\u00ab\u00a0hot seat\u00a0\u00bb<\/em> r\u00e9serv\u00e9 au leader de l&rsquo;\u00e9preuve par un <strong>Henrik Kristofferssen<\/strong> revanchard. En d\u00e9fense de son dossard de leader du g\u00e9n\u00e9ral, et avec un potentiel podium en ligne de mire, le Norv\u00e9gien va \u00eatre le premier \u00e0 d\u00e9couper cette piste d\u00e9grad\u00e9e pour s&#8217;emparer de la t\u00eate malgr\u00e9 un d\u00e9bours de plus d&rsquo;une seconde sur le Fran\u00e7ais. Finalement, <strong>Victor Muffat-Jeandet<\/strong> va se hisser jusqu&rsquo;\u00e0 une incroyable 6\u00e8me place finale !<\/p>\n<p style=\"text-align: justify;\">Ce qui lui permet d&rsquo;\u00eatre le meilleur Fran\u00e7ais du jour. En effet, <strong>Cl\u00e9ment No\u00ebl<\/strong> va \u00eatre sur des \u0153ufs, multipliant des petites fautes co\u00fbteuses. Cela va lui co\u00fbter cher. En plus d&rsquo;\u00eatre hors course pour le podium, il perd de gros points au classement sur son rival norv\u00e9gien. En effet, Kristoffersen va tout simplement aller chercher la victoire devant son compatriote <strong>Timon Haugan<\/strong>, et <strong>Manuel Feller<\/strong>. Parti dernier avec 6 dixi\u00e8mes d&rsquo;avance, <strong>Lo\u00efc Meillard<\/strong> a lui failli dans le dernier secteur, et \u00e9choue au pied du podium.<\/p>\n<blockquote class=\"twitter-tweet\">\n<p dir=\"ltr\" lang=\"fr\">La remontada de Victor Muffat-Jeandet ?! Le Fran\u00e7ais est actuellement en t\u00eate de la 2e manche du slalom \u00e0 Kranjska Gora !<\/p>\n<p>\u00c0 suivre sur Eurosport et Max <a href=\"https:\/\/twitter.com\/hashtag\/ChaletClub?src=hash&amp;ref_src=twsrc%5Etfw\">#ChaletClub<\/a> <a href=\"https:\/\/t.co\/K32K7ArYl7\">pic.twitter.com\/K32K7ArYl7<\/a><\/p>\n<p>\u2014 Eurosport France (@Eurosport_FR) <a href=\"https:\/\/twitter.com\/Eurosport_FR\/status\/1896165275013451971?ref_src=twsrc%5Etfw\">March 2, 2025<\/a><\/p><\/blockquote>\n<p><script async src=\"https:\/\/platform.twitter.com\/widgets.js\" charset=\"utf-8\"><\/script><\/p>\n","protected":false},"excerpt":{"rendered":"<p>COUPE DU MONDE DE SKI ALPIN 2024-2025 &#8211; Henrik Kristoffersen a remport\u00e9 le slalom de Kranjska Gora ce dimanche, en surpassant Timon Haugan et Manuel Feller. Auteur du meilleur temps de la 2\u00e8me manche, Victor Muffat-Jeandet a fait sensation en prenant la 6\u00e8me place. En revanche, Cl\u00e9ment No\u00ebl a r\u00e9alis\u00e9 une tr\u00e8s mauvaise op\u00e9ration.<\/p>\n","protected":false},"author":55,"featured_media":560646,"comment_status":"open","ping_status":"closed","sticky":false,"template":"","format":"standard","meta":{"_acf_changed":false,"_daextam_enable_autolinks":"1","footnotes":""},"categories":[47084],"tags":[16878,2233,15197,24],"class_list":["post-560516","post","type-post","status-publish","format-standard","has-post-thumbnail","hentry","category-coupe-du-monde-ski-alpin","tag-breve","tag-ski-alpin","tag-slalom-kranjska-gora","tag-sport"],"acf":[],"yoast_head":"<!-- This site is optimized with the Yoast SEO Premium plugin v26.7 (Yoast SEO v26.7) - https:\/\/yoast.com\/wordpress\/plugins\/seo\/ -->\n<title>Slalom hommes Kranjska Gora 2025 : Henrik Kristoffersen s&#039;impose, Victor Muffat-Jeandet rayonne<\/title>\n<meta name=\"description\" content=\"COUPE DU MONDE DE SKI ALPIN 2024-2025 - Henrik Kristoffersen s&#039;est impos\u00e9 sur le slalom de Kranjska Gora. Victor Muffat-Jeandet termine 6\u00e8me.\" \/>\n<meta name=\"robots\" content=\"index, follow, max-snippet:-1, max-image-preview:large, max-video-preview:-1\" \/>\n<link rel=\"canonical\" href=\"https:\/\/dicodusport.fr\/blog\/slalom-hommes-kranjska-gora-2025-henrik-kristoffersen-simpose-victor-muffat-jeandet-rayonne\/\" \/>\n<meta property=\"og:locale\" content=\"fr_FR\" \/>\n<meta property=\"og:type\" content=\"article\" \/>\n<meta property=\"og:title\" content=\"Slalom hommes Kranjska Gora 2025 : Henrik Kristoffersen s&#039;impose, Victor Muffat-Jeandet rayonne\" \/>\n<meta property=\"og:description\" content=\"COUPE DU MONDE DE SKI ALPIN 2024-2025 - Henrik Kristoffersen s&#039;est impos\u00e9 sur le slalom de Kranjska Gora. Victor Muffat-Jeandet termine 6\u00e8me.\" \/>\n<meta property=\"og:url\" content=\"https:\/\/dicodusport.fr\/blog\/slalom-hommes-kranjska-gora-2025-henrik-kristoffersen-simpose-victor-muffat-jeandet-rayonne\/\" \/>\n<meta property=\"og:site_name\" content=\"Dicodusport\" \/>\n<meta property=\"article:publisher\" content=\"https:\/\/www.facebook.com\/dicodusport\" \/>\n<meta property=\"article:published_time\" content=\"2025-03-02T12:28:41+00:00\" \/>\n<meta property=\"article:modified_time\" content=\"2025-03-02T14:08:39+00:00\" \/>\n<meta property=\"og:image\" content=\"https:\/\/dicodusport.fr\/blog\/wp-content\/uploads\/2025\/03\/Slalom-hommes-Kranjska-Gora-2025-Henrik-Kristoffersen-simpose-Victor-Muffat-Jeandet-rayonne-1.png\" \/>\n\t<meta property=\"og:image:width\" content=\"1200\" \/>\n\t<meta property=\"og:image:height\" content=\"674\" \/>\n\t<meta property=\"og:image:type\" content=\"image\/png\" \/>\n<meta name=\"author\" content=\"Maxime Cazenave\" \/>\n<meta name=\"twitter:card\" content=\"summary_large_image\" \/>\n<meta name=\"twitter:title\" content=\"Slalom hommes Kranjska Gora 2025 : Henrik Kristoffersen s&#039;impose, Victor Muffat-Jeandet rayonne\" \/>\n<meta name=\"twitter:creator\" content=\"@https:\/\/twitter.com\/Maxime_Caze\" \/>\n<meta name=\"twitter:site\" content=\"@dicodusport\" \/>\n<script type=\"application\/ld+json\" class=\"yoast-schema-graph\">{\"@context\":\"https:\/\/schema.org\",\"@graph\":[{\"@type\":\"NewsArticle\",\"@id\":\"https:\/\/dicodusport.fr\/blog\/slalom-hommes-kranjska-gora-2025-henrik-kristoffersen-simpose-victor-muffat-jeandet-rayonne\/#article\",\"isPartOf\":{\"@id\":\"https:\/\/dicodusport.fr\/blog\/slalom-hommes-kranjska-gora-2025-henrik-kristoffersen-simpose-victor-muffat-jeandet-rayonne\/\"},\"author\":{\"name\":\"Maxime Cazenave\",\"@id\":\"https:\/\/dicodusport.fr\/blog\/#\/schema\/person\/37def232098a7a5cbab3974a3690abb0\"},\"headline\":\"Slalom hommes Kranjska Gora 2025 : Henrik Kristoffersen s&rsquo;impose, Victor Muffat-Jeandet rayonne\",\"datePublished\":\"2025-03-02T12:28:41+00:00\",\"dateModified\":\"2025-03-02T14:08:39+00:00\",\"mainEntityOfPage\":{\"@id\":\"https:\/\/dicodusport.fr\/blog\/slalom-hommes-kranjska-gora-2025-henrik-kristoffersen-simpose-victor-muffat-jeandet-rayonne\/\"},\"wordCount\":801,\"commentCount\":0,\"publisher\":{\"@id\":\"https:\/\/dicodusport.fr\/blog\/#organization\"},\"image\":{\"@id\":\"https:\/\/dicodusport.fr\/blog\/slalom-hommes-kranjska-gora-2025-henrik-kristoffersen-simpose-victor-muffat-jeandet-rayonne\/#primaryimage\"},\"thumbnailUrl\":\"https:\/\/dicodusport.fr\/blog\/wp-content\/uploads\/2025\/03\/Slalom-hommes-Kranjska-Gora-2025-Henrik-Kristoffersen-simpose-Victor-Muffat-Jeandet-rayonne-1.png\",\"keywords\":[\"br\u00e8ve\",\"Ski alpin\",\"Slalom Kranjska Gora\",\"sport\"],\"articleSection\":[\"Coupe du monde de ski alpin\"],\"inLanguage\":\"fr-FR\",\"potentialAction\":[{\"@type\":\"CommentAction\",\"name\":\"Comment\",\"target\":[\"https:\/\/dicodusport.fr\/blog\/slalom-hommes-kranjska-gora-2025-henrik-kristoffersen-simpose-victor-muffat-jeandet-rayonne\/#respond\"]}],\"copyrightYear\":\"2025\",\"copyrightHolder\":{\"@id\":\"https:\/\/dicodusport.fr\/blog\/#organization\"}},{\"@type\":\"WebPage\",\"@id\":\"https:\/\/dicodusport.fr\/blog\/slalom-hommes-kranjska-gora-2025-henrik-kristoffersen-simpose-victor-muffat-jeandet-rayonne\/\",\"url\":\"https:\/\/dicodusport.fr\/blog\/slalom-hommes-kranjska-gora-2025-henrik-kristoffersen-simpose-victor-muffat-jeandet-rayonne\/\",\"name\":\"Slalom hommes Kranjska Gora 2025 : Henrik Kristoffersen s'impose, Victor Muffat-Jeandet rayonne\",\"isPartOf\":{\"@id\":\"https:\/\/dicodusport.fr\/blog\/#website\"},\"primaryImageOfPage\":{\"@id\":\"https:\/\/dicodusport.fr\/blog\/slalom-hommes-kranjska-gora-2025-henrik-kristoffersen-simpose-victor-muffat-jeandet-rayonne\/#primaryimage\"},\"image\":{\"@id\":\"https:\/\/dicodusport.fr\/blog\/slalom-hommes-kranjska-gora-2025-henrik-kristoffersen-simpose-victor-muffat-jeandet-rayonne\/#primaryimage\"},\"thumbnailUrl\":\"https:\/\/dicodusport.fr\/blog\/wp-content\/uploads\/2025\/03\/Slalom-hommes-Kranjska-Gora-2025-Henrik-Kristoffersen-simpose-Victor-Muffat-Jeandet-rayonne-1.png\",\"datePublished\":\"2025-03-02T12:28:41+00:00\",\"dateModified\":\"2025-03-02T14:08:39+00:00\",\"description\":\"COUPE DU MONDE DE SKI ALPIN 2024-2025 - Henrik Kristoffersen s'est impos\u00e9 sur le slalom de Kranjska Gora. Victor Muffat-Jeandet termine 6\u00e8me.\",\"breadcrumb\":{\"@id\":\"https:\/\/dicodusport.fr\/blog\/slalom-hommes-kranjska-gora-2025-henrik-kristoffersen-simpose-victor-muffat-jeandet-rayonne\/#breadcrumb\"},\"inLanguage\":\"fr-FR\",\"potentialAction\":[{\"@type\":\"ReadAction\",\"target\":[\"https:\/\/dicodusport.fr\/blog\/slalom-hommes-kranjska-gora-2025-henrik-kristoffersen-simpose-victor-muffat-jeandet-rayonne\/\"]}]},{\"@type\":\"ImageObject\",\"inLanguage\":\"fr-FR\",\"@id\":\"https:\/\/dicodusport.fr\/blog\/slalom-hommes-kranjska-gora-2025-henrik-kristoffersen-simpose-victor-muffat-jeandet-rayonne\/#primaryimage\",\"url\":\"https:\/\/dicodusport.fr\/blog\/wp-content\/uploads\/2025\/03\/Slalom-hommes-Kranjska-Gora-2025-Henrik-Kristoffersen-simpose-Victor-Muffat-Jeandet-rayonne-1.png\",\"contentUrl\":\"https:\/\/dicodusport.fr\/blog\/wp-content\/uploads\/2025\/03\/Slalom-hommes-Kranjska-Gora-2025-Henrik-Kristoffersen-simpose-Victor-Muffat-Jeandet-rayonne-1.png\",\"width\":1200,\"height\":674,\"caption\":\"Slalom hommes Kranjska Gora 2025 Henrik Kristoffersen s'impose, Victor Muffat-Jeandet rayonne\"},{\"@type\":\"BreadcrumbList\",\"@id\":\"https:\/\/dicodusport.fr\/blog\/slalom-hommes-kranjska-gora-2025-henrik-kristoffersen-simpose-victor-muffat-jeandet-rayonne\/#breadcrumb\",\"itemListElement\":[{\"@type\":\"ListItem\",\"position\":1,\"name\":\"Accueil\",\"item\":\"https:\/\/dicodusport.fr\/blog\/\"},{\"@type\":\"ListItem\",\"position\":2,\"name\":\"Slalom hommes Kranjska Gora 2025 : Henrik Kristoffersen s&rsquo;impose, Victor Muffat-Jeandet rayonne\"}]},{\"@type\":\"WebSite\",\"@id\":\"https:\/\/dicodusport.fr\/blog\/#website\",\"url\":\"https:\/\/dicodusport.fr\/blog\/\",\"name\":\"Dicodusport\",\"description\":\"L&#039;encyclop\u00e9die de l&#039;actualit\u00e9 sportive\",\"publisher\":{\"@id\":\"https:\/\/dicodusport.fr\/blog\/#organization\"},\"potentialAction\":[{\"@type\":\"SearchAction\",\"target\":{\"@type\":\"EntryPoint\",\"urlTemplate\":\"https:\/\/dicodusport.fr\/blog\/?s={search_term_string}\"},\"query-input\":{\"@type\":\"PropertyValueSpecification\",\"valueRequired\":true,\"valueName\":\"search_term_string\"}}],\"inLanguage\":\"fr-FR\"},{\"@type\":\"NewsMediaOrganization\",\"@id\":\"https:\/\/dicodusport.fr\/blog\/#organization\",\"name\":\"Dicodusport\",\"url\":\"https:\/\/dicodusport.fr\/blog\/\",\"logo\":{\"@type\":\"ImageObject\",\"inLanguage\":\"fr-FR\",\"@id\":\"https:\/\/dicodusport.fr\/blog\/#\/schema\/logo\/image\/\",\"url\":\"https:\/\/dicodusport.fr\/blog\/wp-content\/uploads\/2020\/06\/cropped-LOGO-DICODUSPORT-2020-SANS-FOND-SANS-TEXTE.png\",\"contentUrl\":\"https:\/\/dicodusport.fr\/blog\/wp-content\/uploads\/2020\/06\/cropped-LOGO-DICODUSPORT-2020-SANS-FOND-SANS-TEXTE.png\",\"width\":512,\"height\":512,\"caption\":\"Dicodusport\"},\"image\":{\"@id\":\"https:\/\/dicodusport.fr\/blog\/#\/schema\/logo\/image\/\"},\"sameAs\":[\"https:\/\/www.facebook.com\/dicodusport\",\"https:\/\/x.com\/dicodusport\",\"https:\/\/www.instagram.com\/dicodusport\/\",\"https:\/\/www.youtube.com\/channel\/UC7V2KZ5sd3htJivAbA4ZG3w\"],\"description\":\"Dicodusport est l'encyclop\u00e9die de l'actualit\u00e9 sportive.\",\"email\":\"bonjour@dicodusport.fr\",\"legalName\":\"DICODUSPORT\",\"foundingDate\":\"2018-01-14\",\"vatID\":\"FR71834470973\",\"taxID\":\"83447097300043\",\"numberOfEmployees\":{\"@type\":\"QuantitativeValue\",\"minValue\":\"1\",\"maxValue\":\"10\"}},{\"@type\":\"Person\",\"@id\":\"https:\/\/dicodusport.fr\/blog\/#\/schema\/person\/37def232098a7a5cbab3974a3690abb0\",\"name\":\"Maxime Cazenave\",\"image\":{\"@type\":\"ImageObject\",\"inLanguage\":\"fr-FR\",\"@id\":\"https:\/\/dicodusport.fr\/blog\/#\/schema\/person\/image\/\",\"url\":\"https:\/\/dicodusport.fr\/blog\/wp-content\/uploads\/2021\/05\/Maxime-Cazenave-150x150.jpg\",\"contentUrl\":\"https:\/\/dicodusport.fr\/blog\/wp-content\/uploads\/2021\/05\/Maxime-Cazenave-150x150.jpg\",\"caption\":\"Maxime Cazenave\"},\"description\":\"Journaliste\/R\u00e9dacteur depuis 2012 - Berc\u00e9 par l\u2019amour des Girondins de Bordeaux, les \u00e9checs de Christophe Moreau sur le Tour de France sous l'\u00e8re Lance Armstrong et le fade-away l\u00e9tal de Dirk Nowitzki, ma passion d\u00e9vorante pour le sport a toujours \u00e9t\u00e9 un pan incontournable de ma vie. Transmettre ma passion \u00e0 l\u2019\u00e9crit a \u00e9t\u00e9 une transition naturelle. Suiveur assidu de basket et de hockey sur glace, je garde toujours un peu de place pour suivre le cyclisme, le football et le maximum de performances fran\u00e7aises.\",\"sameAs\":[\"https:\/\/x.com\/https:\/\/twitter.com\/Maxime_Caze\"],\"url\":\"https:\/\/dicodusport.fr\/blog\/author\/maximec\/\"}]}<\/script>\n<!-- \/ Yoast SEO Premium plugin. -->","yoast_head_json":{"title":"Slalom hommes Kranjska Gora 2025 : Henrik Kristoffersen s'impose, Victor Muffat-Jeandet rayonne","description":"COUPE DU MONDE DE SKI ALPIN 2024-2025 - Henrik Kristoffersen s'est impos\u00e9 sur le slalom de Kranjska Gora. Victor Muffat-Jeandet termine 6\u00e8me.","robots":{"index":"index","follow":"follow","max-snippet":"max-snippet:-1","max-image-preview":"max-image-preview:large","max-video-preview":"max-video-preview:-1"},"canonical":"https:\/\/dicodusport.fr\/blog\/slalom-hommes-kranjska-gora-2025-henrik-kristoffersen-simpose-victor-muffat-jeandet-rayonne\/","og_locale":"fr_FR","og_type":"article","og_title":"Slalom hommes Kranjska Gora 2025 : Henrik Kristoffersen s'impose, Victor Muffat-Jeandet rayonne","og_description":"COUPE DU MONDE DE SKI ALPIN 2024-2025 - Henrik Kristoffersen s'est impos\u00e9 sur le slalom de Kranjska Gora. Victor Muffat-Jeandet termine 6\u00e8me.","og_url":"https:\/\/dicodusport.fr\/blog\/slalom-hommes-kranjska-gora-2025-henrik-kristoffersen-simpose-victor-muffat-jeandet-rayonne\/","og_site_name":"Dicodusport","article_publisher":"https:\/\/www.facebook.com\/dicodusport","article_published_time":"2025-03-02T12:28:41+00:00","article_modified_time":"2025-03-02T14:08:39+00:00","og_image":[{"width":1200,"height":674,"url":"https:\/\/dicodusport.fr\/blog\/wp-content\/uploads\/2025\/03\/Slalom-hommes-Kranjska-Gora-2025-Henrik-Kristoffersen-simpose-Victor-Muffat-Jeandet-rayonne-1.png","type":"image\/png"}],"author":"Maxime Cazenave","twitter_card":"summary_large_image","twitter_title":"Slalom hommes Kranjska Gora 2025 : Henrik Kristoffersen s'impose, Victor Muffat-Jeandet rayonne","twitter_creator":"@https:\/\/twitter.com\/Maxime_Caze","twitter_site":"@dicodusport","schema":{"@context":"https:\/\/schema.org","@graph":[{"@type":"NewsArticle","@id":"https:\/\/dicodusport.fr\/blog\/slalom-hommes-kranjska-gora-2025-henrik-kristoffersen-simpose-victor-muffat-jeandet-rayonne\/#article","isPartOf":{"@id":"https:\/\/dicodusport.fr\/blog\/slalom-hommes-kranjska-gora-2025-henrik-kristoffersen-simpose-victor-muffat-jeandet-rayonne\/"},"author":{"name":"Maxime Cazenave","@id":"https:\/\/dicodusport.fr\/blog\/#\/schema\/person\/37def232098a7a5cbab3974a3690abb0"},"headline":"Slalom hommes Kranjska Gora 2025 : Henrik Kristoffersen s&rsquo;impose, Victor Muffat-Jeandet rayonne","datePublished":"2025-03-02T12:28:41+00:00","dateModified":"2025-03-02T14:08:39+00:00","mainEntityOfPage":{"@id":"https:\/\/dicodusport.fr\/blog\/slalom-hommes-kranjska-gora-2025-henrik-kristoffersen-simpose-victor-muffat-jeandet-rayonne\/"},"wordCount":801,"commentCount":0,"publisher":{"@id":"https:\/\/dicodusport.fr\/blog\/#organization"},"image":{"@id":"https:\/\/dicodusport.fr\/blog\/slalom-hommes-kranjska-gora-2025-henrik-kristoffersen-simpose-victor-muffat-jeandet-rayonne\/#primaryimage"},"thumbnailUrl":"https:\/\/dicodusport.fr\/blog\/wp-content\/uploads\/2025\/03\/Slalom-hommes-Kranjska-Gora-2025-Henrik-Kristoffersen-simpose-Victor-Muffat-Jeandet-rayonne-1.png","keywords":["br\u00e8ve","Ski alpin","Slalom Kranjska Gora","sport"],"articleSection":["Coupe du monde de ski alpin"],"inLanguage":"fr-FR","potentialAction":[{"@type":"CommentAction","name":"Comment","target":["https:\/\/dicodusport.fr\/blog\/slalom-hommes-kranjska-gora-2025-henrik-kristoffersen-simpose-victor-muffat-jeandet-rayonne\/#respond"]}],"copyrightYear":"2025","copyrightHolder":{"@id":"https:\/\/dicodusport.fr\/blog\/#organization"}},{"@type":"WebPage","@id":"https:\/\/dicodusport.fr\/blog\/slalom-hommes-kranjska-gora-2025-henrik-kristoffersen-simpose-victor-muffat-jeandet-rayonne\/","url":"https:\/\/dicodusport.fr\/blog\/slalom-hommes-kranjska-gora-2025-henrik-kristoffersen-simpose-victor-muffat-jeandet-rayonne\/","name":"Slalom hommes Kranjska Gora 2025 : Henrik Kristoffersen s'impose, Victor Muffat-Jeandet rayonne","isPartOf":{"@id":"https:\/\/dicodusport.fr\/blog\/#website"},"primaryImageOfPage":{"@id":"https:\/\/dicodusport.fr\/blog\/slalom-hommes-kranjska-gora-2025-henrik-kristoffersen-simpose-victor-muffat-jeandet-rayonne\/#primaryimage"},"image":{"@id":"https:\/\/dicodusport.fr\/blog\/slalom-hommes-kranjska-gora-2025-henrik-kristoffersen-simpose-victor-muffat-jeandet-rayonne\/#primaryimage"},"thumbnailUrl":"https:\/\/dicodusport.fr\/blog\/wp-content\/uploads\/2025\/03\/Slalom-hommes-Kranjska-Gora-2025-Henrik-Kristoffersen-simpose-Victor-Muffat-Jeandet-rayonne-1.png","datePublished":"2025-03-02T12:28:41+00:00","dateModified":"2025-03-02T14:08:39+00:00","description":"COUPE DU MONDE DE SKI ALPIN 2024-2025 - Henrik Kristoffersen s'est impos\u00e9 sur le slalom de Kranjska Gora. Victor Muffat-Jeandet termine 6\u00e8me.","breadcrumb":{"@id":"https:\/\/dicodusport.fr\/blog\/slalom-hommes-kranjska-gora-2025-henrik-kristoffersen-simpose-victor-muffat-jeandet-rayonne\/#breadcrumb"},"inLanguage":"fr-FR","potentialAction":[{"@type":"ReadAction","target":["https:\/\/dicodusport.fr\/blog\/slalom-hommes-kranjska-gora-2025-henrik-kristoffersen-simpose-victor-muffat-jeandet-rayonne\/"]}]},{"@type":"ImageObject","inLanguage":"fr-FR","@id":"https:\/\/dicodusport.fr\/blog\/slalom-hommes-kranjska-gora-2025-henrik-kristoffersen-simpose-victor-muffat-jeandet-rayonne\/#primaryimage","url":"https:\/\/dicodusport.fr\/blog\/wp-content\/uploads\/2025\/03\/Slalom-hommes-Kranjska-Gora-2025-Henrik-Kristoffersen-simpose-Victor-Muffat-Jeandet-rayonne-1.png","contentUrl":"https:\/\/dicodusport.fr\/blog\/wp-content\/uploads\/2025\/03\/Slalom-hommes-Kranjska-Gora-2025-Henrik-Kristoffersen-simpose-Victor-Muffat-Jeandet-rayonne-1.png","width":1200,"height":674,"caption":"Slalom hommes Kranjska Gora 2025 Henrik Kristoffersen s'impose, Victor Muffat-Jeandet rayonne"},{"@type":"BreadcrumbList","@id":"https:\/\/dicodusport.fr\/blog\/slalom-hommes-kranjska-gora-2025-henrik-kristoffersen-simpose-victor-muffat-jeandet-rayonne\/#breadcrumb","itemListElement":[{"@type":"ListItem","position":1,"name":"Accueil","item":"https:\/\/dicodusport.fr\/blog\/"},{"@type":"ListItem","position":2,"name":"Slalom hommes Kranjska Gora 2025 : Henrik Kristoffersen s&rsquo;impose, Victor Muffat-Jeandet rayonne"}]},{"@type":"WebSite","@id":"https:\/\/dicodusport.fr\/blog\/#website","url":"https:\/\/dicodusport.fr\/blog\/","name":"Dicodusport","description":"L&#039;encyclop\u00e9die de l&#039;actualit\u00e9 sportive","publisher":{"@id":"https:\/\/dicodusport.fr\/blog\/#organization"},"potentialAction":[{"@type":"SearchAction","target":{"@type":"EntryPoint","urlTemplate":"https:\/\/dicodusport.fr\/blog\/?s={search_term_string}"},"query-input":{"@type":"PropertyValueSpecification","valueRequired":true,"valueName":"search_term_string"}}],"inLanguage":"fr-FR"},{"@type":"NewsMediaOrganization","@id":"https:\/\/dicodusport.fr\/blog\/#organization","name":"Dicodusport","url":"https:\/\/dicodusport.fr\/blog\/","logo":{"@type":"ImageObject","inLanguage":"fr-FR","@id":"https:\/\/dicodusport.fr\/blog\/#\/schema\/logo\/image\/","url":"https:\/\/dicodusport.fr\/blog\/wp-content\/uploads\/2020\/06\/cropped-LOGO-DICODUSPORT-2020-SANS-FOND-SANS-TEXTE.png","contentUrl":"https:\/\/dicodusport.fr\/blog\/wp-content\/uploads\/2020\/06\/cropped-LOGO-DICODUSPORT-2020-SANS-FOND-SANS-TEXTE.png","width":512,"height":512,"caption":"Dicodusport"},"image":{"@id":"https:\/\/dicodusport.fr\/blog\/#\/schema\/logo\/image\/"},"sameAs":["https:\/\/www.facebook.com\/dicodusport","https:\/\/x.com\/dicodusport","https:\/\/www.instagram.com\/dicodusport\/","https:\/\/www.youtube.com\/channel\/UC7V2KZ5sd3htJivAbA4ZG3w"],"description":"Dicodusport est l'encyclop\u00e9die de l'actualit\u00e9 sportive.","email":"bonjour@dicodusport.fr","legalName":"DICODUSPORT","foundingDate":"2018-01-14","vatID":"FR71834470973","taxID":"83447097300043","numberOfEmployees":{"@type":"QuantitativeValue","minValue":"1","maxValue":"10"}},{"@type":"Person","@id":"https:\/\/dicodusport.fr\/blog\/#\/schema\/person\/37def232098a7a5cbab3974a3690abb0","name":"Maxime Cazenave","image":{"@type":"ImageObject","inLanguage":"fr-FR","@id":"https:\/\/dicodusport.fr\/blog\/#\/schema\/person\/image\/","url":"https:\/\/dicodusport.fr\/blog\/wp-content\/uploads\/2021\/05\/Maxime-Cazenave-150x150.jpg","contentUrl":"https:\/\/dicodusport.fr\/blog\/wp-content\/uploads\/2021\/05\/Maxime-Cazenave-150x150.jpg","caption":"Maxime Cazenave"},"description":"Journaliste\/R\u00e9dacteur depuis 2012 - Berc\u00e9 par l\u2019amour des Girondins de Bordeaux, les \u00e9checs de Christophe Moreau sur le Tour de France sous l'\u00e8re Lance Armstrong et le fade-away l\u00e9tal de Dirk Nowitzki, ma passion d\u00e9vorante pour le sport a toujours \u00e9t\u00e9 un pan incontournable de ma vie. Transmettre ma passion \u00e0 l\u2019\u00e9crit a \u00e9t\u00e9 une transition naturelle. Suiveur assidu de basket et de hockey sur glace, je garde toujours un peu de place pour suivre le cyclisme, le football et le maximum de performances fran\u00e7aises.","sameAs":["https:\/\/x.com\/https:\/\/twitter.com\/Maxime_Caze"],"url":"https:\/\/dicodusport.fr\/blog\/author\/maximec\/"}]}},"_links":{"self":[{"href":"https:\/\/dicodusport.fr\/blog\/wp-json\/wp\/v2\/posts\/560516","targetHints":{"allow":["GET"]}}],"collection":[{"href":"https:\/\/dicodusport.fr\/blog\/wp-json\/wp\/v2\/posts"}],"about":[{"href":"https:\/\/dicodusport.fr\/blog\/wp-json\/wp\/v2\/types\/post"}],"author":[{"embeddable":true,"href":"https:\/\/dicodusport.fr\/blog\/wp-json\/wp\/v2\/users\/55"}],"replies":[{"embeddable":true,"href":"https:\/\/dicodusport.fr\/blog\/wp-json\/wp\/v2\/comments?post=560516"}],"version-history":[{"count":5,"href":"https:\/\/dicodusport.fr\/blog\/wp-json\/wp\/v2\/posts\/560516\/revisions"}],"predecessor-version":[{"id":560582,"href":"https:\/\/dicodusport.fr\/blog\/wp-json\/wp\/v2\/posts\/560516\/revisions\/560582"}],"wp:featuredmedia":[{"embeddable":true,"href":"https:\/\/dicodusport.fr\/blog\/wp-json\/wp\/v2\/media\/560646"}],"wp:attachment":[{"href":"https:\/\/dicodusport.fr\/blog\/wp-json\/wp\/v2\/media?parent=560516"}],"wp:term":[{"taxonomy":"category","embeddable":true,"href":"https:\/\/dicodusport.fr\/blog\/wp-json\/wp\/v2\/categories?post=560516"},{"taxonomy":"post_tag","embeddable":true,"href":"https:\/\/dicodusport.fr\/blog\/wp-json\/wp\/v2\/tags?post=560516"}],"curies":[{"name":"wp","href":"https:\/\/api.w.org\/{rel}","templated":true}]}}