{"id":560533,"date":"2025-03-02T11:35:49","date_gmt":"2025-03-02T10:35:49","guid":{"rendered":"https:\/\/dicodusport.fr\/blog\/?p=560533&#038;preview=true&#038;preview_id=560533"},"modified":"2025-03-02T13:00:43","modified_gmt":"2025-03-02T12:00:43","slug":"super-g-femmes-kvitfjell-2025-sur-le-fil-federica-brignone-signe-un-8eme-succes-cette-saison","status":"publish","type":"post","link":"https:\/\/dicodusport.fr\/blog\/super-g-femmes-kvitfjell-2025-sur-le-fil-federica-brignone-signe-un-8eme-succes-cette-saison\/","title":{"rendered":"Super-G femmes Kvitfjell 2025 : Sur le fil, Federica Brignone signe un 8\u00e8me succ\u00e8s cette saison"},"content":{"rendered":"<h4 style=\"text-align: justify;\"><em>COUPE DU MONDE DE SKI ALPIN 2024-2025 &#8211; \u00c7a ne s\u2019est pas jou\u00e9 \u00e0 grand-chose, mais Federica Brignone d\u00e9croche un 2<sup>\u00e8me<\/sup> succ\u00e8s cette saison en Super-G. En Norv\u00e8ge, l\u2019Italienne devance Lara Gut-Behrami et Sofia Goggia, respectivement de 6 et 9 centi\u00e8mes.<\/em><\/h4>\n<ul style=\"text-align: justify;\">\n<li style=\"text-align: justify;\"><span style=\"font-size: 16px;\"><strong>\u00c0 ce sujet &#8211; <a href=\"https:\/\/dicodusport.fr\/blog\/calendrier-et-resultats-coupe-du-monde-ski-alpin-2024-2025\/\">Calendrier et r\u00e9sultats Coupe du monde Ski alpin 2024-2025<\/a><\/strong><\/span><span style=\"font-size: 16px;\"><br \/>\n<\/span><\/li>\n<\/ul>\n<p style=\"text-align: justify;\">Apr\u00e8s deux descentes pour les femmes, c\u2019est un Super-G qui cl\u00f4turait cette \u00e9tape \u00e0 Kvitfjell. Le trac\u00e9 tournant, aux allures de g\u00e9ant, convenait parfaitement \u00e0 <strong>Federica Brignone<\/strong>, qui pouvait accro\u00eetre son avance au g\u00e9n\u00e9ral sur <strong>Lara Gut-Behrami<\/strong> tout en grignotant son retard sur la Suissesse au classement de la sp\u00e9cialit\u00e9.<\/p>\n<ul style=\"text-align: justify;\">\n<li><span style=\"font-size: 16px;\"><strong>\u00c0 ce sujet &#8211; <a href=\"https:\/\/dicodusport.fr\/blog\/coupe-du-monde-ski-alpin-classement-general-gros-globe-femmes\/\">Coupe du monde Ski alpin \u2013 Classement g\u00e9n\u00e9ral gros globe femmes<\/a><\/strong><\/span><\/li>\n<\/ul>\n<p style=\"text-align: justify;\">Mais l&rsquo;\u00e9preuve est partie pour faire des d\u00e9g\u00e2ts. \u00c0 commencer par les 2 premiers dossards, <strong>Marta Bassino <\/strong>et <strong>Michelle Gisin<\/strong>, pi\u00e9g\u00e9es sur la fin du parcours. Si la Suissesse coupe bien la ligne, elle est rapidement devanc\u00e9e par <strong>Ariane Raedler<\/strong>, seule \u00e0 avoir r\u00e9ussi \u00e0 dompter ces courbes avant le lancement des favorites.<\/p>\n<h2 style=\"text-align: justify;\">Pour quelques centi\u00e8mes<\/h2>\n<p style=\"text-align: justify;\">En t\u00eate de lice, <strong>Federica Brignone<\/strong> a aussit\u00f4t r\u00e9pondu. Accumulant beaucoup de vitesse au d\u00e9part, l\u2019Italienne, \u00e0 la limite d\u2019une sortie de piste, reste solide pour grapiller quelques dixi\u00e8mes sur l\u2019Allemande \u00e0 chaque interm\u00e9diaire et prendre la t\u00eate (-1.35). Dans son sillage, l\u2019Am\u00e9ricaine <strong>Lauren Macuga<\/strong> s\u2019installe sur le podium mais il reste beaucoup de place pour s\u2019intercaler. Chose faite par <strong>Elena Curtoni<\/strong> puis <strong>Sofia Goggia<\/strong>. Avec une grosse fin de course, cette derni\u00e8re pointe \u00e0 seulement 9 centi\u00e8mes de Brignone.<\/p>\n<p style=\"text-align: justify;\">Le tripl\u00e9 transalpin n\u2019a pas tenu longtemps. <strong>Lara Gut-Behrami<\/strong>, loin du compte sur la premi\u00e8re moiti\u00e9 de course, fait plus fort que tout le monde dans le dernier secteur, \u00e9chouant finalement \u00e0 6 centi\u00e8mes de Brignone, mais devan\u00e7ant de 3 centi\u00e8mes Goggia. <strong>Alice Robinson<\/strong> aurait pu \u00eatre dans le match, mais les premi\u00e8res portions lui ont \u00e9t\u00e9 fatales et le podium trop \u00e9triqu\u00e9 pour y monter.<\/p>\n<blockquote class=\"twitter-tweet\">\n<p dir=\"ltr\" lang=\"fr\">[Jour de Super-G] Superbe duel \u00e0 Kvitfjell entre Federica Brignone et Lara Gut-Behrami qui pour l\u2019instant tourne \u00e0 l\u2019avantage de la skieuse italienne <a href=\"https:\/\/t.co\/ti6np0jr2L\">pic.twitter.com\/ti6np0jr2L<\/a><\/p>\n<p>\u2014 Top Ski News \u26f7 (@Top_Ski_News) <a href=\"https:\/\/twitter.com\/Top_Ski_News\/status\/1896139154817531992?ref_src=twsrc%5Etfw\">March 2, 2025<\/a><\/p><\/blockquote>\n<p style=\"text-align: justify;\"><script async src=\"https:\/\/platform.twitter.com\/widgets.js\" charset=\"utf-8\"><\/script><\/p>\n<h2 style=\"text-align: justify;\">Romane Miradoli dans le Top 10<\/h2>\n<p style=\"text-align: justify;\">La belle performance du jour est \u00e0 mettre au cr\u00e9dit d\u2019une Fran\u00e7aise. <strong>Romane Miradoli<\/strong>, un peu timide dans les prises de risques, entre toutefois dans le top 10. Elle termine 7<sup>\u00e8me<\/sup> \u00e0 +0.38 de l&rsquo;Italienne. Prudente, <strong>Laura Gauch\u00e9<\/strong> prend \u00e9galement quelques points mais bien loin de sa compatriote. <strong>Karen Cl\u00e9ment<\/strong> a elle aussi \u00e9t\u00e9 surprise par les mouvements de terrain, \u00e0 l\u2019image de <a href=\"https:\/\/dicodusport.fr\/blog\/descente-femmes-kvitfjell-2025-emma-aicher-confirme-et-decroche-sa-premiere-victoire-en-carriere\/\">la laur\u00e9ate de la descente de la veille<\/a>, l\u2019Allemande <strong>Emma Aicher<\/strong>, qui n&rsquo;a pu arriver au bout.<\/p>\n<ul>\n<li style=\"text-align: justify;\"><strong>\u00c0 lire aussi &#8211; <a href=\"https:\/\/dicodusport.fr\/blog\/resultats-et-classement-du-super-g-femmes-de-kvitfjell-2025\/\">Le classement du Super-G femmes de Kvitfjell<\/a><\/strong><\/li>\n<\/ul>\n","protected":false},"excerpt":{"rendered":"<p>COUPE DU MONDE DE SKI ALPIN 2024-2025 &#8211; \u00c7a ne s\u2019est pas jou\u00e9 \u00e0 grand-chose, mais Federica Brignone d\u00e9croche un 2\u00e8me succ\u00e8s cette saison en Super-G. En Norv\u00e8ge, l\u2019Italienne devance Lara Gut-Behrami et Sofia Goggia, respectivement de 6 et 9 centi\u00e8mes.<\/p>\n","protected":false},"author":18,"featured_media":560572,"comment_status":"open","ping_status":"closed","sticky":false,"template":"","format":"standard","meta":{"_acf_changed":false,"_daextam_enable_autolinks":"1","footnotes":""},"categories":[47084],"tags":[16878,29492,30054],"class_list":["post-560533","post","type-post","status-publish","format-standard","has-post-thumbnail","hentry","category-coupe-du-monde-ski-alpin","tag-breve","tag-federica-brignone","tag-ski-alpin-kvitfjell"],"acf":[],"yoast_head":"<!-- This site is optimized with the Yoast SEO Premium plugin v26.7 (Yoast SEO v26.7) - https:\/\/yoast.com\/wordpress\/plugins\/seo\/ -->\n<title>Super-G femmes Kvitfjell 2025 : Sur le fil, Federica Brignone signe un 8\u00e8me succ\u00e8s cette saison<\/title>\n<meta name=\"description\" content=\"COUPE DU MONDE DE SKI ALPIN 2024-2025 - Federica Brignone d\u00e9croche un 2\u00e8me succ\u00e8s cette saison en Super-G pour 6 centi\u00e8mes.\" \/>\n<meta name=\"robots\" content=\"index, follow, max-snippet:-1, max-image-preview:large, max-video-preview:-1\" \/>\n<link rel=\"canonical\" href=\"https:\/\/dicodusport.fr\/blog\/super-g-femmes-kvitfjell-2025-sur-le-fil-federica-brignone-signe-un-8eme-succes-cette-saison\/\" \/>\n<meta property=\"og:locale\" content=\"fr_FR\" \/>\n<meta property=\"og:type\" content=\"article\" \/>\n<meta property=\"og:title\" content=\"Super-G femmes Kvitfjell 2025 : Sur le fil, Federica Brignone signe un 8\u00e8me succ\u00e8s cette saison\" \/>\n<meta property=\"og:description\" content=\"COUPE DU MONDE DE SKI ALPIN 2024-2025 - Federica Brignone d\u00e9croche un 2\u00e8me succ\u00e8s cette saison en Super-G pour 6 centi\u00e8mes.\" \/>\n<meta property=\"og:url\" content=\"https:\/\/dicodusport.fr\/blog\/super-g-femmes-kvitfjell-2025-sur-le-fil-federica-brignone-signe-un-8eme-succes-cette-saison\/\" \/>\n<meta property=\"og:site_name\" content=\"Dicodusport\" \/>\n<meta property=\"article:publisher\" content=\"https:\/\/www.facebook.com\/dicodusport\" \/>\n<meta property=\"article:author\" content=\"https:\/\/www.facebook.com\/soocube\" \/>\n<meta property=\"article:published_time\" content=\"2025-03-02T10:35:49+00:00\" \/>\n<meta property=\"article:modified_time\" content=\"2025-03-02T12:00:43+00:00\" \/>\n<meta property=\"og:image\" content=\"https:\/\/dicodusport.fr\/blog\/wp-content\/uploads\/2025\/03\/Super-G-femmes-Kvitfjell-2025-Sur-le-fil-Federica-Brignone-signe-un-8eme-succes-cette-saison-1.png\" \/>\n\t<meta property=\"og:image:width\" content=\"1200\" \/>\n\t<meta property=\"og:image:height\" content=\"674\" \/>\n\t<meta property=\"og:image:type\" content=\"image\/png\" \/>\n<meta name=\"author\" content=\"Sophie Clapier\" \/>\n<meta name=\"twitter:card\" content=\"summary_large_image\" \/>\n<meta name=\"twitter:title\" content=\"Super-G femmes Kvitfjell 2025 : Sur le fil, Federica Brignone signe un 8\u00e8me succ\u00e8s cette saison\" \/>\n<meta name=\"twitter:creator\" content=\"@https:\/\/twitter.com\/soocube\" \/>\n<meta name=\"twitter:site\" content=\"@dicodusport\" \/>\n<script type=\"application\/ld+json\" class=\"yoast-schema-graph\">{\"@context\":\"https:\/\/schema.org\",\"@graph\":[{\"@type\":\"NewsArticle\",\"@id\":\"https:\/\/dicodusport.fr\/blog\/super-g-femmes-kvitfjell-2025-sur-le-fil-federica-brignone-signe-un-8eme-succes-cette-saison\/#article\",\"isPartOf\":{\"@id\":\"https:\/\/dicodusport.fr\/blog\/super-g-femmes-kvitfjell-2025-sur-le-fil-federica-brignone-signe-un-8eme-succes-cette-saison\/\"},\"author\":{\"name\":\"Sophie Clapier\",\"@id\":\"https:\/\/dicodusport.fr\/blog\/#\/schema\/person\/416c975648aca9da8839bdfe333a21c9\"},\"headline\":\"Super-G femmes Kvitfjell 2025 : Sur le fil, Federica Brignone signe un 8\u00e8me succ\u00e8s cette saison\",\"datePublished\":\"2025-03-02T10:35:49+00:00\",\"dateModified\":\"2025-03-02T12:00:43+00:00\",\"mainEntityOfPage\":{\"@id\":\"https:\/\/dicodusport.fr\/blog\/super-g-femmes-kvitfjell-2025-sur-le-fil-federica-brignone-signe-un-8eme-succes-cette-saison\/\"},\"wordCount\":500,\"commentCount\":0,\"publisher\":{\"@id\":\"https:\/\/dicodusport.fr\/blog\/#organization\"},\"image\":{\"@id\":\"https:\/\/dicodusport.fr\/blog\/super-g-femmes-kvitfjell-2025-sur-le-fil-federica-brignone-signe-un-8eme-succes-cette-saison\/#primaryimage\"},\"thumbnailUrl\":\"https:\/\/dicodusport.fr\/blog\/wp-content\/uploads\/2025\/03\/Super-G-femmes-Kvitfjell-2025-Sur-le-fil-Federica-Brignone-signe-un-8eme-succes-cette-saison-1.png\",\"keywords\":[\"br\u00e8ve\",\"Federica Brignone\",\"Ski alpin Kvitfjell\"],\"articleSection\":[\"Coupe du monde de ski alpin\"],\"inLanguage\":\"fr-FR\",\"potentialAction\":[{\"@type\":\"CommentAction\",\"name\":\"Comment\",\"target\":[\"https:\/\/dicodusport.fr\/blog\/super-g-femmes-kvitfjell-2025-sur-le-fil-federica-brignone-signe-un-8eme-succes-cette-saison\/#respond\"]}],\"copyrightYear\":\"2025\",\"copyrightHolder\":{\"@id\":\"https:\/\/dicodusport.fr\/blog\/#organization\"}},{\"@type\":\"WebPage\",\"@id\":\"https:\/\/dicodusport.fr\/blog\/super-g-femmes-kvitfjell-2025-sur-le-fil-federica-brignone-signe-un-8eme-succes-cette-saison\/\",\"url\":\"https:\/\/dicodusport.fr\/blog\/super-g-femmes-kvitfjell-2025-sur-le-fil-federica-brignone-signe-un-8eme-succes-cette-saison\/\",\"name\":\"Super-G femmes Kvitfjell 2025 : Sur le fil, Federica Brignone signe un 8\u00e8me succ\u00e8s cette saison\",\"isPartOf\":{\"@id\":\"https:\/\/dicodusport.fr\/blog\/#website\"},\"primaryImageOfPage\":{\"@id\":\"https:\/\/dicodusport.fr\/blog\/super-g-femmes-kvitfjell-2025-sur-le-fil-federica-brignone-signe-un-8eme-succes-cette-saison\/#primaryimage\"},\"image\":{\"@id\":\"https:\/\/dicodusport.fr\/blog\/super-g-femmes-kvitfjell-2025-sur-le-fil-federica-brignone-signe-un-8eme-succes-cette-saison\/#primaryimage\"},\"thumbnailUrl\":\"https:\/\/dicodusport.fr\/blog\/wp-content\/uploads\/2025\/03\/Super-G-femmes-Kvitfjell-2025-Sur-le-fil-Federica-Brignone-signe-un-8eme-succes-cette-saison-1.png\",\"datePublished\":\"2025-03-02T10:35:49+00:00\",\"dateModified\":\"2025-03-02T12:00:43+00:00\",\"description\":\"COUPE DU MONDE DE SKI ALPIN 2024-2025 - Federica Brignone d\u00e9croche un 2\u00e8me succ\u00e8s cette saison en Super-G pour 6 centi\u00e8mes.\",\"breadcrumb\":{\"@id\":\"https:\/\/dicodusport.fr\/blog\/super-g-femmes-kvitfjell-2025-sur-le-fil-federica-brignone-signe-un-8eme-succes-cette-saison\/#breadcrumb\"},\"inLanguage\":\"fr-FR\",\"potentialAction\":[{\"@type\":\"ReadAction\",\"target\":[\"https:\/\/dicodusport.fr\/blog\/super-g-femmes-kvitfjell-2025-sur-le-fil-federica-brignone-signe-un-8eme-succes-cette-saison\/\"]}]},{\"@type\":\"ImageObject\",\"inLanguage\":\"fr-FR\",\"@id\":\"https:\/\/dicodusport.fr\/blog\/super-g-femmes-kvitfjell-2025-sur-le-fil-federica-brignone-signe-un-8eme-succes-cette-saison\/#primaryimage\",\"url\":\"https:\/\/dicodusport.fr\/blog\/wp-content\/uploads\/2025\/03\/Super-G-femmes-Kvitfjell-2025-Sur-le-fil-Federica-Brignone-signe-un-8eme-succes-cette-saison-1.png\",\"contentUrl\":\"https:\/\/dicodusport.fr\/blog\/wp-content\/uploads\/2025\/03\/Super-G-femmes-Kvitfjell-2025-Sur-le-fil-Federica-Brignone-signe-un-8eme-succes-cette-saison-1.png\",\"width\":1200,\"height\":674,\"caption\":\"Super-G femmes Kvitfjell 2025 Sur le fil, Federica Brignone signe un 8\u00e8me succ\u00e8s cette saison\"},{\"@type\":\"BreadcrumbList\",\"@id\":\"https:\/\/dicodusport.fr\/blog\/super-g-femmes-kvitfjell-2025-sur-le-fil-federica-brignone-signe-un-8eme-succes-cette-saison\/#breadcrumb\",\"itemListElement\":[{\"@type\":\"ListItem\",\"position\":1,\"name\":\"Accueil\",\"item\":\"https:\/\/dicodusport.fr\/blog\/\"},{\"@type\":\"ListItem\",\"position\":2,\"name\":\"Super-G femmes Kvitfjell 2025 : Sur le fil, Federica Brignone signe un 8\u00e8me succ\u00e8s cette saison\"}]},{\"@type\":\"WebSite\",\"@id\":\"https:\/\/dicodusport.fr\/blog\/#website\",\"url\":\"https:\/\/dicodusport.fr\/blog\/\",\"name\":\"Dicodusport\",\"description\":\"L&#039;encyclop\u00e9die de l&#039;actualit\u00e9 sportive\",\"publisher\":{\"@id\":\"https:\/\/dicodusport.fr\/blog\/#organization\"},\"potentialAction\":[{\"@type\":\"SearchAction\",\"target\":{\"@type\":\"EntryPoint\",\"urlTemplate\":\"https:\/\/dicodusport.fr\/blog\/?s={search_term_string}\"},\"query-input\":{\"@type\":\"PropertyValueSpecification\",\"valueRequired\":true,\"valueName\":\"search_term_string\"}}],\"inLanguage\":\"fr-FR\"},{\"@type\":\"NewsMediaOrganization\",\"@id\":\"https:\/\/dicodusport.fr\/blog\/#organization\",\"name\":\"Dicodusport\",\"url\":\"https:\/\/dicodusport.fr\/blog\/\",\"logo\":{\"@type\":\"ImageObject\",\"inLanguage\":\"fr-FR\",\"@id\":\"https:\/\/dicodusport.fr\/blog\/#\/schema\/logo\/image\/\",\"url\":\"https:\/\/dicodusport.fr\/blog\/wp-content\/uploads\/2020\/06\/cropped-LOGO-DICODUSPORT-2020-SANS-FOND-SANS-TEXTE.png\",\"contentUrl\":\"https:\/\/dicodusport.fr\/blog\/wp-content\/uploads\/2020\/06\/cropped-LOGO-DICODUSPORT-2020-SANS-FOND-SANS-TEXTE.png\",\"width\":512,\"height\":512,\"caption\":\"Dicodusport\"},\"image\":{\"@id\":\"https:\/\/dicodusport.fr\/blog\/#\/schema\/logo\/image\/\"},\"sameAs\":[\"https:\/\/www.facebook.com\/dicodusport\",\"https:\/\/x.com\/dicodusport\",\"https:\/\/www.instagram.com\/dicodusport\/\",\"https:\/\/www.youtube.com\/channel\/UC7V2KZ5sd3htJivAbA4ZG3w\"],\"description\":\"Dicodusport est l'encyclop\u00e9die de l'actualit\u00e9 sportive.\",\"email\":\"bonjour@dicodusport.fr\",\"legalName\":\"DICODUSPORT\",\"foundingDate\":\"2018-01-14\",\"vatID\":\"FR71834470973\",\"taxID\":\"83447097300043\",\"numberOfEmployees\":{\"@type\":\"QuantitativeValue\",\"minValue\":\"1\",\"maxValue\":\"10\"}},{\"@type\":\"Person\",\"@id\":\"https:\/\/dicodusport.fr\/blog\/#\/schema\/person\/416c975648aca9da8839bdfe333a21c9\",\"name\":\"Sophie Clapier\",\"image\":{\"@type\":\"ImageObject\",\"inLanguage\":\"fr-FR\",\"@id\":\"https:\/\/dicodusport.fr\/blog\/#\/schema\/person\/image\/\",\"url\":\"https:\/\/dicodusport.fr\/blog\/wp-content\/uploads\/2021\/05\/Sophie-Clapier-150x150.jpg\",\"contentUrl\":\"https:\/\/dicodusport.fr\/blog\/wp-content\/uploads\/2021\/05\/Sophie-Clapier-150x150.jpg\",\"caption\":\"Sophie Clapier\"},\"description\":\"Journaliste\/r\u00e9dactrice depuis janvier 2016 - Passionn\u00e9e de sport depuis toujours, j\u2019en ai pratiqu\u00e9 quelques-uns. Judo, football, handball ou encore tennis, je n\u2019ai jamais pu me mettre d\u2019accord sur un en particulier. Mais \u00e7a, c\u2019\u00e9tait avant de d\u00e9couvrir le basket, devenu mon sport de pr\u00e9dilection. Les actions NBA, le All-Star Week-end, la fureur des Game 7 pendant les playoffs ou mieux, lors des Finals, this is why we play. Team Spurs T.P, je m\u2019accroche encore \u00e0 Gregg Popovich (don\u2019t leave !). Team chef Curry, je souhaite qu\u2019il finisse aux Warriors (staaaay !). Non, il n\u2019y a pas qu\u2019eux, des petits nouveaux -et des petites nouvelles \u00e9videmment- arrivent chaque jour dans toutes les disciplines et cr\u00e9ent de nouveaux exploits. Alors pour les grands \u00e9v\u00e9nements et comp\u00e9titions internationales, vive les pulsations 240\/minutes et le d\u00e9fibrillateur pas loin, et allez les Bleu(e)s ! C\u2019est s\u00fbr, j\u2019aurai plus vu ma vie sur un terrain de sport, mais \u00e0 d\u00e9faut d\u2019en faire en haut niveau, je le partage avec vous.\",\"sameAs\":[\"https:\/\/www.facebook.com\/soocube\",\"https:\/\/x.com\/https:\/\/twitter.com\/soocube\",\"admin\"],\"url\":\"https:\/\/dicodusport.fr\/blog\/author\/sophie\/\"}]}<\/script>\n<!-- \/ Yoast SEO Premium plugin. -->","yoast_head_json":{"title":"Super-G femmes Kvitfjell 2025 : Sur le fil, Federica Brignone signe un 8\u00e8me succ\u00e8s cette saison","description":"COUPE DU MONDE DE SKI ALPIN 2024-2025 - Federica Brignone d\u00e9croche un 2\u00e8me succ\u00e8s cette saison en Super-G pour 6 centi\u00e8mes.","robots":{"index":"index","follow":"follow","max-snippet":"max-snippet:-1","max-image-preview":"max-image-preview:large","max-video-preview":"max-video-preview:-1"},"canonical":"https:\/\/dicodusport.fr\/blog\/super-g-femmes-kvitfjell-2025-sur-le-fil-federica-brignone-signe-un-8eme-succes-cette-saison\/","og_locale":"fr_FR","og_type":"article","og_title":"Super-G femmes Kvitfjell 2025 : Sur le fil, Federica Brignone signe un 8\u00e8me succ\u00e8s cette saison","og_description":"COUPE DU MONDE DE SKI ALPIN 2024-2025 - Federica Brignone d\u00e9croche un 2\u00e8me succ\u00e8s cette saison en Super-G pour 6 centi\u00e8mes.","og_url":"https:\/\/dicodusport.fr\/blog\/super-g-femmes-kvitfjell-2025-sur-le-fil-federica-brignone-signe-un-8eme-succes-cette-saison\/","og_site_name":"Dicodusport","article_publisher":"https:\/\/www.facebook.com\/dicodusport","article_author":"https:\/\/www.facebook.com\/soocube","article_published_time":"2025-03-02T10:35:49+00:00","article_modified_time":"2025-03-02T12:00:43+00:00","og_image":[{"width":1200,"height":674,"url":"https:\/\/dicodusport.fr\/blog\/wp-content\/uploads\/2025\/03\/Super-G-femmes-Kvitfjell-2025-Sur-le-fil-Federica-Brignone-signe-un-8eme-succes-cette-saison-1.png","type":"image\/png"}],"author":"Sophie Clapier","twitter_card":"summary_large_image","twitter_title":"Super-G femmes Kvitfjell 2025 : Sur le fil, Federica Brignone signe un 8\u00e8me succ\u00e8s cette saison","twitter_creator":"@https:\/\/twitter.com\/soocube","twitter_site":"@dicodusport","schema":{"@context":"https:\/\/schema.org","@graph":[{"@type":"NewsArticle","@id":"https:\/\/dicodusport.fr\/blog\/super-g-femmes-kvitfjell-2025-sur-le-fil-federica-brignone-signe-un-8eme-succes-cette-saison\/#article","isPartOf":{"@id":"https:\/\/dicodusport.fr\/blog\/super-g-femmes-kvitfjell-2025-sur-le-fil-federica-brignone-signe-un-8eme-succes-cette-saison\/"},"author":{"name":"Sophie Clapier","@id":"https:\/\/dicodusport.fr\/blog\/#\/schema\/person\/416c975648aca9da8839bdfe333a21c9"},"headline":"Super-G femmes Kvitfjell 2025 : Sur le fil, Federica Brignone signe un 8\u00e8me succ\u00e8s cette saison","datePublished":"2025-03-02T10:35:49+00:00","dateModified":"2025-03-02T12:00:43+00:00","mainEntityOfPage":{"@id":"https:\/\/dicodusport.fr\/blog\/super-g-femmes-kvitfjell-2025-sur-le-fil-federica-brignone-signe-un-8eme-succes-cette-saison\/"},"wordCount":500,"commentCount":0,"publisher":{"@id":"https:\/\/dicodusport.fr\/blog\/#organization"},"image":{"@id":"https:\/\/dicodusport.fr\/blog\/super-g-femmes-kvitfjell-2025-sur-le-fil-federica-brignone-signe-un-8eme-succes-cette-saison\/#primaryimage"},"thumbnailUrl":"https:\/\/dicodusport.fr\/blog\/wp-content\/uploads\/2025\/03\/Super-G-femmes-Kvitfjell-2025-Sur-le-fil-Federica-Brignone-signe-un-8eme-succes-cette-saison-1.png","keywords":["br\u00e8ve","Federica Brignone","Ski alpin Kvitfjell"],"articleSection":["Coupe du monde de ski alpin"],"inLanguage":"fr-FR","potentialAction":[{"@type":"CommentAction","name":"Comment","target":["https:\/\/dicodusport.fr\/blog\/super-g-femmes-kvitfjell-2025-sur-le-fil-federica-brignone-signe-un-8eme-succes-cette-saison\/#respond"]}],"copyrightYear":"2025","copyrightHolder":{"@id":"https:\/\/dicodusport.fr\/blog\/#organization"}},{"@type":"WebPage","@id":"https:\/\/dicodusport.fr\/blog\/super-g-femmes-kvitfjell-2025-sur-le-fil-federica-brignone-signe-un-8eme-succes-cette-saison\/","url":"https:\/\/dicodusport.fr\/blog\/super-g-femmes-kvitfjell-2025-sur-le-fil-federica-brignone-signe-un-8eme-succes-cette-saison\/","name":"Super-G femmes Kvitfjell 2025 : Sur le fil, Federica Brignone signe un 8\u00e8me succ\u00e8s cette saison","isPartOf":{"@id":"https:\/\/dicodusport.fr\/blog\/#website"},"primaryImageOfPage":{"@id":"https:\/\/dicodusport.fr\/blog\/super-g-femmes-kvitfjell-2025-sur-le-fil-federica-brignone-signe-un-8eme-succes-cette-saison\/#primaryimage"},"image":{"@id":"https:\/\/dicodusport.fr\/blog\/super-g-femmes-kvitfjell-2025-sur-le-fil-federica-brignone-signe-un-8eme-succes-cette-saison\/#primaryimage"},"thumbnailUrl":"https:\/\/dicodusport.fr\/blog\/wp-content\/uploads\/2025\/03\/Super-G-femmes-Kvitfjell-2025-Sur-le-fil-Federica-Brignone-signe-un-8eme-succes-cette-saison-1.png","datePublished":"2025-03-02T10:35:49+00:00","dateModified":"2025-03-02T12:00:43+00:00","description":"COUPE DU MONDE DE SKI ALPIN 2024-2025 - Federica Brignone d\u00e9croche un 2\u00e8me succ\u00e8s cette saison en Super-G pour 6 centi\u00e8mes.","breadcrumb":{"@id":"https:\/\/dicodusport.fr\/blog\/super-g-femmes-kvitfjell-2025-sur-le-fil-federica-brignone-signe-un-8eme-succes-cette-saison\/#breadcrumb"},"inLanguage":"fr-FR","potentialAction":[{"@type":"ReadAction","target":["https:\/\/dicodusport.fr\/blog\/super-g-femmes-kvitfjell-2025-sur-le-fil-federica-brignone-signe-un-8eme-succes-cette-saison\/"]}]},{"@type":"ImageObject","inLanguage":"fr-FR","@id":"https:\/\/dicodusport.fr\/blog\/super-g-femmes-kvitfjell-2025-sur-le-fil-federica-brignone-signe-un-8eme-succes-cette-saison\/#primaryimage","url":"https:\/\/dicodusport.fr\/blog\/wp-content\/uploads\/2025\/03\/Super-G-femmes-Kvitfjell-2025-Sur-le-fil-Federica-Brignone-signe-un-8eme-succes-cette-saison-1.png","contentUrl":"https:\/\/dicodusport.fr\/blog\/wp-content\/uploads\/2025\/03\/Super-G-femmes-Kvitfjell-2025-Sur-le-fil-Federica-Brignone-signe-un-8eme-succes-cette-saison-1.png","width":1200,"height":674,"caption":"Super-G femmes Kvitfjell 2025 Sur le fil, Federica Brignone signe un 8\u00e8me succ\u00e8s cette saison"},{"@type":"BreadcrumbList","@id":"https:\/\/dicodusport.fr\/blog\/super-g-femmes-kvitfjell-2025-sur-le-fil-federica-brignone-signe-un-8eme-succes-cette-saison\/#breadcrumb","itemListElement":[{"@type":"ListItem","position":1,"name":"Accueil","item":"https:\/\/dicodusport.fr\/blog\/"},{"@type":"ListItem","position":2,"name":"Super-G femmes Kvitfjell 2025 : Sur le fil, Federica Brignone signe un 8\u00e8me succ\u00e8s cette saison"}]},{"@type":"WebSite","@id":"https:\/\/dicodusport.fr\/blog\/#website","url":"https:\/\/dicodusport.fr\/blog\/","name":"Dicodusport","description":"L&#039;encyclop\u00e9die de l&#039;actualit\u00e9 sportive","publisher":{"@id":"https:\/\/dicodusport.fr\/blog\/#organization"},"potentialAction":[{"@type":"SearchAction","target":{"@type":"EntryPoint","urlTemplate":"https:\/\/dicodusport.fr\/blog\/?s={search_term_string}"},"query-input":{"@type":"PropertyValueSpecification","valueRequired":true,"valueName":"search_term_string"}}],"inLanguage":"fr-FR"},{"@type":"NewsMediaOrganization","@id":"https:\/\/dicodusport.fr\/blog\/#organization","name":"Dicodusport","url":"https:\/\/dicodusport.fr\/blog\/","logo":{"@type":"ImageObject","inLanguage":"fr-FR","@id":"https:\/\/dicodusport.fr\/blog\/#\/schema\/logo\/image\/","url":"https:\/\/dicodusport.fr\/blog\/wp-content\/uploads\/2020\/06\/cropped-LOGO-DICODUSPORT-2020-SANS-FOND-SANS-TEXTE.png","contentUrl":"https:\/\/dicodusport.fr\/blog\/wp-content\/uploads\/2020\/06\/cropped-LOGO-DICODUSPORT-2020-SANS-FOND-SANS-TEXTE.png","width":512,"height":512,"caption":"Dicodusport"},"image":{"@id":"https:\/\/dicodusport.fr\/blog\/#\/schema\/logo\/image\/"},"sameAs":["https:\/\/www.facebook.com\/dicodusport","https:\/\/x.com\/dicodusport","https:\/\/www.instagram.com\/dicodusport\/","https:\/\/www.youtube.com\/channel\/UC7V2KZ5sd3htJivAbA4ZG3w"],"description":"Dicodusport est l'encyclop\u00e9die de l'actualit\u00e9 sportive.","email":"bonjour@dicodusport.fr","legalName":"DICODUSPORT","foundingDate":"2018-01-14","vatID":"FR71834470973","taxID":"83447097300043","numberOfEmployees":{"@type":"QuantitativeValue","minValue":"1","maxValue":"10"}},{"@type":"Person","@id":"https:\/\/dicodusport.fr\/blog\/#\/schema\/person\/416c975648aca9da8839bdfe333a21c9","name":"Sophie Clapier","image":{"@type":"ImageObject","inLanguage":"fr-FR","@id":"https:\/\/dicodusport.fr\/blog\/#\/schema\/person\/image\/","url":"https:\/\/dicodusport.fr\/blog\/wp-content\/uploads\/2021\/05\/Sophie-Clapier-150x150.jpg","contentUrl":"https:\/\/dicodusport.fr\/blog\/wp-content\/uploads\/2021\/05\/Sophie-Clapier-150x150.jpg","caption":"Sophie Clapier"},"description":"Journaliste\/r\u00e9dactrice depuis janvier 2016 - Passionn\u00e9e de sport depuis toujours, j\u2019en ai pratiqu\u00e9 quelques-uns. Judo, football, handball ou encore tennis, je n\u2019ai jamais pu me mettre d\u2019accord sur un en particulier. Mais \u00e7a, c\u2019\u00e9tait avant de d\u00e9couvrir le basket, devenu mon sport de pr\u00e9dilection. Les actions NBA, le All-Star Week-end, la fureur des Game 7 pendant les playoffs ou mieux, lors des Finals, this is why we play. Team Spurs T.P, je m\u2019accroche encore \u00e0 Gregg Popovich (don\u2019t leave !). Team chef Curry, je souhaite qu\u2019il finisse aux Warriors (staaaay !). Non, il n\u2019y a pas qu\u2019eux, des petits nouveaux -et des petites nouvelles \u00e9videmment- arrivent chaque jour dans toutes les disciplines et cr\u00e9ent de nouveaux exploits. Alors pour les grands \u00e9v\u00e9nements et comp\u00e9titions internationales, vive les pulsations 240\/minutes et le d\u00e9fibrillateur pas loin, et allez les Bleu(e)s ! C\u2019est s\u00fbr, j\u2019aurai plus vu ma vie sur un terrain de sport, mais \u00e0 d\u00e9faut d\u2019en faire en haut niveau, je le partage avec vous.","sameAs":["https:\/\/www.facebook.com\/soocube","https:\/\/x.com\/https:\/\/twitter.com\/soocube","admin"],"url":"https:\/\/dicodusport.fr\/blog\/author\/sophie\/"}]}},"_links":{"self":[{"href":"https:\/\/dicodusport.fr\/blog\/wp-json\/wp\/v2\/posts\/560533","targetHints":{"allow":["GET"]}}],"collection":[{"href":"https:\/\/dicodusport.fr\/blog\/wp-json\/wp\/v2\/posts"}],"about":[{"href":"https:\/\/dicodusport.fr\/blog\/wp-json\/wp\/v2\/types\/post"}],"author":[{"embeddable":true,"href":"https:\/\/dicodusport.fr\/blog\/wp-json\/wp\/v2\/users\/18"}],"replies":[{"embeddable":true,"href":"https:\/\/dicodusport.fr\/blog\/wp-json\/wp\/v2\/comments?post=560533"}],"version-history":[{"count":5,"href":"https:\/\/dicodusport.fr\/blog\/wp-json\/wp\/v2\/posts\/560533\/revisions"}],"predecessor-version":[{"id":560573,"href":"https:\/\/dicodusport.fr\/blog\/wp-json\/wp\/v2\/posts\/560533\/revisions\/560573"}],"wp:featuredmedia":[{"embeddable":true,"href":"https:\/\/dicodusport.fr\/blog\/wp-json\/wp\/v2\/media\/560572"}],"wp:attachment":[{"href":"https:\/\/dicodusport.fr\/blog\/wp-json\/wp\/v2\/media?parent=560533"}],"wp:term":[{"taxonomy":"category","embeddable":true,"href":"https:\/\/dicodusport.fr\/blog\/wp-json\/wp\/v2\/categories?post=560533"},{"taxonomy":"post_tag","embeddable":true,"href":"https:\/\/dicodusport.fr\/blog\/wp-json\/wp\/v2\/tags?post=560533"}],"curies":[{"name":"wp","href":"https:\/\/api.w.org\/{rel}","templated":true}]}}