{"id":560570,"date":"2025-03-02T13:59:33","date_gmt":"2025-03-02T12:59:33","guid":{"rendered":"https:\/\/dicodusport.fr\/blog\/?p=560570&#038;preview=true&#038;preview_id=560570"},"modified":"2025-07-09T18:34:14","modified_gmt":"2025-07-09T16:34:14","slug":"mondiaux-jeunes-juniors-de-biathlon-2025-amandine-mengin-en-bronze-sur-le-sprint-juniors-anna-andexer-sacree","status":"publish","type":"post","link":"https:\/\/dicodusport.fr\/blog\/mondiaux-jeunes-juniors-de-biathlon-2025-amandine-mengin-en-bronze-sur-le-sprint-juniors-anna-andexer-sacree\/","title":{"rendered":"Mondiaux Jeunes\/Juniors de biathlon 2025 : Amandine Mengin en bronze sur le sprint juniors, Anna Andexer sacr\u00e9e"},"content":{"rendered":"<h4 style=\"text-align: justify;\"><em>CHAMPIONNATS DU MONDE DE BIATHLON JEUNES ET JUNIORS 2025 &#8211; Amandine Mengin s&rsquo;offre la m\u00e9daille de bronze sur le sprint juniors. Elle a effectu\u00e9 un gros dernier tour, pour monter sur la bo\u00eete avec 1.1 seconde de marge. L&rsquo;Autrichienne Anna Andexer a \u00e9t\u00e9 sacr\u00e9e championne du monde devant la Su\u00e9doise Sara Andersson.<\/em><\/h4>\n<ul style=\"text-align: justify;\">\n<li style=\"text-align: justify;\"><strong>\u00c0 ce sujet \u2013 <a href=\"https:\/\/dicodusport.fr\/blog\/championnats-du-monde-de-biathlon-jeunes-et-juniors-2025-le-programme-complet-des-epreuves\/\">Championnats du Monde de Biathlon Jeunes et Juniors 2025 : Le Programme Complet des \u00c9preuves<\/a><\/strong><\/li>\n<\/ul>\n<h2 style=\"text-align: justify;\">Amandine Mengin au finish, la balle de trop pour Voldiya Galmace Paulin<\/h2>\n<p style=\"text-align: justify;\"><strong>Amandine Mengin<\/strong> confirme ses bons championnats du monde. La Fran\u00e7aise se pare de bronze dans une course o\u00f9 elle n&rsquo;aura rien l\u00e2ch\u00e9 jusqu&rsquo;au bout. Et il le fallait, car sa m\u00e9daille s&rsquo;est jou\u00e9 pour 1.1 seconde. Voil\u00e0 la diff\u00e9rence entre le pied et une marche sur un podium. La Tricolore a fait un bon d\u00e9part. Avec un beau 5\/5 sur le couch\u00e9. Un tir assez lent, mais elle \u00e9vite l&rsquo;anneau de p\u00e9nalit\u00e9, notamment sur une derni\u00e8re balle qui a \u00e9t\u00e9 dure \u00e0 tirer. Elle a \u00e9galement su se reprendre, apr\u00e8s une premi\u00e8re faute sur le debout. Pour terminer sa course avec un 9\/10, comme les deux premi\u00e8res. Quatri\u00e8me apr\u00e8s le second tir, elle a fait parler sa vitesse \u00e0 ski, en \u00e9tant la seule \u00e0 r\u00e9sister \u00e0 <strong>Anna Andexer<\/strong>. Cela lui a permis de renverser la table.<\/p>\n<ul style=\"text-align: justify;\">\n<li><strong>\u00c0 ce sujet &#8211; <\/strong><a href=\"https:\/\/dicodusport.fr\/blog\/biathlon-mondiaux-jeunes-juniors-2025-classement-sprint-femmes-juniors\/\"><strong>Le classement du sprint femmes juniors des championnats du monde 2025<\/strong><\/a><\/li>\n<\/ul>\n<p style=\"text-align: justify;\">En revanche, pour <strong>Voldiya Galmace Paulin<\/strong>, les Mondiaux compliqu\u00e9s se poursuivent. Pourtant, son premier tir est propre. Un beau 5\/5, de l&rsquo;engagement. Mais deux fautes sur le debout la prive de toute chance de m\u00e9dailles. Frustrant, quand on sait qu&rsquo;elle termine \u00e0 dix secondes de sa compatriote. Une nouvelle fois, cela allait bien \u00e0 ski. Une nouvelle fois, c&rsquo;est un podium qui s&rsquo;envole. Dommage pour elle. Une faute de trop \u00e9galement pour <strong>C\u00e9lia Henaff,<\/strong> qui a connu plus de difficult\u00e9 sur les skis. Elle s&rsquo;offre n\u00e9anmoins une place dans le top 10, \u00e0 la 7\u00e8me place. Au bout de l&rsquo;effort. 8\/10, c&rsquo;\u00e9tait \u00e9galement le tarif pour Ana\u00eblle Bondoux.<\/p>\n<h2 style=\"text-align: justify;\">Anna Andexer a creus\u00e9 les \u00e9carts sur le final<\/h2>\n<ul style=\"text-align: justify;\">\n<li><strong>\u00c0 ce sujet &#8211; <\/strong><a href=\"https:\/\/dicodusport.fr\/blog\/biathlon-mondiaux-jeunes-et-juniors-2025-tous-les-resultats-et-classements\/\"><strong>Tous les R\u00e9sultats et Classements des championnats du monde jeunes\/juniors 2025<\/strong><\/a><\/li>\n<\/ul>\n<p style=\"text-align: justify;\">9\/10, c&rsquo;\u00e9tait le tarif pour \u00eatre championne du monde de ce format du sprint. De quoi laisser quelques regrets \u00e0 nos Tricolores. Mais, dans tous les cas, <strong>Anna Andexer<\/strong> aurait \u00e9t\u00e9 tr\u00e8s dure \u00e0 aller chercher. L&rsquo;Autrichienne a fait parler la poudre \u00e0 ski pour creuser les \u00e9carts. Notamment en creusant les \u00e9carts dans le dernier tour, alors qu&rsquo;elle \u00e9tait ressorti avec 3.3 secondes sur <strong>Sara Andersson<\/strong>. L&rsquo;\u00e9cart, apr\u00e8s \u00eatre mont\u00e9 \u00e0 10 secondes sur le dernier interm\u00e9diaire, est finalement de 8.9 secondes entre elle et la Su\u00e9doise, qui aura longtemps \u00e9t\u00e9 en t\u00eate, mais qui doit s&rsquo;avouer vaincue, apr\u00e8s avoir \u00e9t\u00e9 en t\u00eate jusqu&rsquo;au 3.3 kilom\u00e8tres.<\/p>\n<div class=\"vlp-link-container vlp-layout-article\"><a href=\"https:\/\/dicodusport.fr\/blog\/biathlon-mondiaux-jeunes-juniors-2025-le-tableau-des-medailles-mis-a-jour\/\" class=\"vlp-link\" title=\"Biathlon \u2013 Mondiaux Jeunes &amp; Juniors 2025 : Le Tableau des M\u00e9dailles Mis \u00e0 Jour\"><\/a><div class=\"vlp-layout-zone-side\"><div class=\"vlp-block-4 vlp-link-image\"><img loading=\"lazy\" decoding=\"async\" style=\"max-width: 792px;\" width=\"792\" height=\"445\" src=\"https:\/\/dicodusport.fr\/blog\/wp-content\/uploads\/2025\/02\/Biathlon-Combien-rapporte-un-titre-de-champion-du-monde-en-2025-Le-detail-des-primes.png\" class=\"attachment-800x445 size-800x445\" alt=\"Biathlon \u2013 Mondiaux Jeunes &amp; Juniors 2025 : Le Tableau des M\u00e9dailles Mis \u00e0 Jour\" srcset=\"https:\/\/dicodusport.fr\/blog\/wp-content\/uploads\/2025\/02\/Biathlon-Combien-rapporte-un-titre-de-champion-du-monde-en-2025-Le-detail-des-primes.png 1200w, https:\/\/dicodusport.fr\/blog\/wp-content\/uploads\/2025\/02\/Biathlon-Combien-rapporte-un-titre-de-champion-du-monde-en-2025-Le-detail-des-primes-300x169.png 300w, https:\/\/dicodusport.fr\/blog\/wp-content\/uploads\/2025\/02\/Biathlon-Combien-rapporte-un-titre-de-champion-du-monde-en-2025-Le-detail-des-primes-1024x575.png 1024w, https:\/\/dicodusport.fr\/blog\/wp-content\/uploads\/2025\/02\/Biathlon-Combien-rapporte-un-titre-de-champion-du-monde-en-2025-Le-detail-des-primes-768x431.png 768w\" sizes=\"auto, (max-width: 792px) 100vw, 792px\" \/><\/div><\/div><div class=\"vlp-layout-zone-main\"><div class=\"vlp-block-0 vlp-link-title\">Biathlon \u2013 Mondiaux Jeunes &amp; Juniors 2025 : Le Tableau des M\u00e9dailles Mis \u00e0 Jour<\/div><div class=\"vlp-block-1 vlp-link-summary\">Retrouvez le tableau des m\u00e9dailles complet des Mondiaux de biathlon jeunes et juniors 2025 qui se d\u00e9roulent \u00e0 Ostersund (Su\u00e8de).<\/div><div class=\"vlp-block-2 vlp-link-button\">Lire l'article<\/div><div class=\"vlp-block-3 vlp-link-url\">dicodusport.fr<\/div><\/div><\/div>\n","protected":false},"excerpt":{"rendered":"<p>CHAMPIONNATS DU MONDE DE BIATHLON JEUNES ET JUNIORS 2025 &#8211; Amandine Mengin s&rsquo;offre la m\u00e9daille de bronze sur le sprint juniors. Elle a effectu\u00e9 un gros dernier tour, pour monter sur la bo\u00eete avec 1.1 seconde de marge. L&rsquo;Autrichienne Anna Andexer a \u00e9t\u00e9 sacr\u00e9e championne du monde devant la Su\u00e9doise Sara Andersson.<\/p>\n","protected":false},"author":83,"featured_media":560671,"comment_status":"open","ping_status":"closed","sticky":false,"template":"","format":"standard","meta":{"_acf_changed":false,"_daextam_enable_autolinks":"1","footnotes":""},"categories":[2426],"tags":[32415,2427,29733,44982,16878,24],"class_list":["post-560570","post","type-post","status-publish","format-standard","has-post-thumbnail","hentry","category-biathlon","tag-actu","tag-biathlon","tag-biathlon-francais","tag-biathlon-ostersdund","tag-breve","tag-sport"],"acf":[],"yoast_head":"<!-- This site is optimized with the Yoast SEO Premium plugin v26.7 (Yoast SEO v26.7) - https:\/\/yoast.com\/wordpress\/plugins\/seo\/ -->\n<title>Mondiaux Jeunes\/Juniors de biathlon 2025 : Amandine Mengin en bronze sur le sprint juniors, Anna Andexer sacr\u00e9e<\/title>\n<meta name=\"description\" content=\"CHAMPIONNATS DU MONDE DE BIATHLON JEUNES ET JUNIORS 2025 - Amandine Mengin s&#039;offre la m\u00e9daille de bronze sur le sprint juniors.\" \/>\n<meta name=\"robots\" content=\"index, follow, max-snippet:-1, max-image-preview:large, max-video-preview:-1\" \/>\n<link rel=\"canonical\" href=\"https:\/\/dicodusport.fr\/blog\/mondiaux-jeunes-juniors-de-biathlon-2025-amandine-mengin-en-bronze-sur-le-sprint-juniors-anna-andexer-sacree\/\" \/>\n<meta property=\"og:locale\" content=\"fr_FR\" \/>\n<meta property=\"og:type\" content=\"article\" \/>\n<meta property=\"og:title\" content=\"Mondiaux Jeunes\/Juniors de biathlon 2025 : Amandine Mengin en bronze sur le sprint juniors, Anna Andexer sacr\u00e9e\" \/>\n<meta property=\"og:description\" content=\"CHAMPIONNATS DU MONDE DE BIATHLON JEUNES ET JUNIORS 2025 - Amandine Mengin s&#039;offre la m\u00e9daille de bronze sur le sprint juniors.\" \/>\n<meta property=\"og:url\" content=\"https:\/\/dicodusport.fr\/blog\/mondiaux-jeunes-juniors-de-biathlon-2025-amandine-mengin-en-bronze-sur-le-sprint-juniors-anna-andexer-sacree\/\" \/>\n<meta property=\"og:site_name\" content=\"Dicodusport\" \/>\n<meta property=\"article:publisher\" content=\"https:\/\/www.facebook.com\/dicodusport\" \/>\n<meta property=\"article:published_time\" content=\"2025-03-02T12:59:33+00:00\" \/>\n<meta property=\"article:modified_time\" content=\"2025-07-09T16:34:14+00:00\" \/>\n<meta property=\"og:image\" content=\"https:\/\/dicodusport.fr\/blog\/wp-content\/uploads\/2025\/03\/Mondiaux-JeunesJuniors-de-biathlon-2025-Amandine-Mengin-en-bronze-sur-le-sprint-juniors-Anna-Andexer-sacree.png\" \/>\n\t<meta property=\"og:image:width\" content=\"1200\" \/>\n\t<meta property=\"og:image:height\" content=\"674\" \/>\n\t<meta property=\"og:image:type\" content=\"image\/png\" \/>\n<meta name=\"author\" content=\"Etienne Goursaud\" \/>\n<meta name=\"twitter:card\" content=\"summary_large_image\" \/>\n<meta name=\"twitter:title\" content=\"Mondiaux Jeunes\/Juniors de biathlon 2025 : Amandine Mengin en bronze sur le sprint juniors, Anna Andexer sacr\u00e9e\" \/>\n<meta name=\"twitter:creator\" content=\"@dicodusport\" \/>\n<meta name=\"twitter:site\" content=\"@dicodusport\" \/>\n<script type=\"application\/ld+json\" class=\"yoast-schema-graph\">{\"@context\":\"https:\/\/schema.org\",\"@graph\":[{\"@type\":\"NewsArticle\",\"@id\":\"https:\/\/dicodusport.fr\/blog\/mondiaux-jeunes-juniors-de-biathlon-2025-amandine-mengin-en-bronze-sur-le-sprint-juniors-anna-andexer-sacree\/#article\",\"isPartOf\":{\"@id\":\"https:\/\/dicodusport.fr\/blog\/mondiaux-jeunes-juniors-de-biathlon-2025-amandine-mengin-en-bronze-sur-le-sprint-juniors-anna-andexer-sacree\/\"},\"author\":{\"name\":\"Etienne Goursaud\",\"@id\":\"https:\/\/dicodusport.fr\/blog\/#\/schema\/person\/d603dd7da31fb2b46c82b9835a77ec13\"},\"headline\":\"Mondiaux Jeunes\/Juniors de biathlon 2025 : Amandine Mengin en bronze sur le sprint juniors, Anna Andexer sacr\u00e9e\",\"datePublished\":\"2025-03-02T12:59:33+00:00\",\"dateModified\":\"2025-07-09T16:34:14+00:00\",\"mainEntityOfPage\":{\"@id\":\"https:\/\/dicodusport.fr\/blog\/mondiaux-jeunes-juniors-de-biathlon-2025-amandine-mengin-en-bronze-sur-le-sprint-juniors-anna-andexer-sacree\/\"},\"wordCount\":593,\"commentCount\":0,\"publisher\":{\"@id\":\"https:\/\/dicodusport.fr\/blog\/#organization\"},\"image\":{\"@id\":\"https:\/\/dicodusport.fr\/blog\/mondiaux-jeunes-juniors-de-biathlon-2025-amandine-mengin-en-bronze-sur-le-sprint-juniors-anna-andexer-sacree\/#primaryimage\"},\"thumbnailUrl\":\"https:\/\/dicodusport.fr\/blog\/wp-content\/uploads\/2025\/03\/Mondiaux-JeunesJuniors-de-biathlon-2025-Amandine-Mengin-en-bronze-sur-le-sprint-juniors-Anna-Andexer-sacree.png\",\"keywords\":[\"actu\",\"Biathlon\",\"biathlon fran\u00e7ais\",\"Biathlon Ostersdund\",\"br\u00e8ve\",\"sport\"],\"articleSection\":[\"Biathlon\"],\"inLanguage\":\"fr-FR\",\"potentialAction\":[{\"@type\":\"CommentAction\",\"name\":\"Comment\",\"target\":[\"https:\/\/dicodusport.fr\/blog\/mondiaux-jeunes-juniors-de-biathlon-2025-amandine-mengin-en-bronze-sur-le-sprint-juniors-anna-andexer-sacree\/#respond\"]}],\"copyrightYear\":\"2025\",\"copyrightHolder\":{\"@id\":\"https:\/\/dicodusport.fr\/blog\/#organization\"}},{\"@type\":\"WebPage\",\"@id\":\"https:\/\/dicodusport.fr\/blog\/mondiaux-jeunes-juniors-de-biathlon-2025-amandine-mengin-en-bronze-sur-le-sprint-juniors-anna-andexer-sacree\/\",\"url\":\"https:\/\/dicodusport.fr\/blog\/mondiaux-jeunes-juniors-de-biathlon-2025-amandine-mengin-en-bronze-sur-le-sprint-juniors-anna-andexer-sacree\/\",\"name\":\"Mondiaux Jeunes\/Juniors de biathlon 2025 : Amandine Mengin en bronze sur le sprint juniors, Anna Andexer sacr\u00e9e\",\"isPartOf\":{\"@id\":\"https:\/\/dicodusport.fr\/blog\/#website\"},\"primaryImageOfPage\":{\"@id\":\"https:\/\/dicodusport.fr\/blog\/mondiaux-jeunes-juniors-de-biathlon-2025-amandine-mengin-en-bronze-sur-le-sprint-juniors-anna-andexer-sacree\/#primaryimage\"},\"image\":{\"@id\":\"https:\/\/dicodusport.fr\/blog\/mondiaux-jeunes-juniors-de-biathlon-2025-amandine-mengin-en-bronze-sur-le-sprint-juniors-anna-andexer-sacree\/#primaryimage\"},\"thumbnailUrl\":\"https:\/\/dicodusport.fr\/blog\/wp-content\/uploads\/2025\/03\/Mondiaux-JeunesJuniors-de-biathlon-2025-Amandine-Mengin-en-bronze-sur-le-sprint-juniors-Anna-Andexer-sacree.png\",\"datePublished\":\"2025-03-02T12:59:33+00:00\",\"dateModified\":\"2025-07-09T16:34:14+00:00\",\"description\":\"CHAMPIONNATS DU MONDE DE BIATHLON JEUNES ET JUNIORS 2025 - Amandine Mengin s'offre la m\u00e9daille de bronze sur le sprint juniors.\",\"breadcrumb\":{\"@id\":\"https:\/\/dicodusport.fr\/blog\/mondiaux-jeunes-juniors-de-biathlon-2025-amandine-mengin-en-bronze-sur-le-sprint-juniors-anna-andexer-sacree\/#breadcrumb\"},\"inLanguage\":\"fr-FR\",\"potentialAction\":[{\"@type\":\"ReadAction\",\"target\":[\"https:\/\/dicodusport.fr\/blog\/mondiaux-jeunes-juniors-de-biathlon-2025-amandine-mengin-en-bronze-sur-le-sprint-juniors-anna-andexer-sacree\/\"]}]},{\"@type\":\"ImageObject\",\"inLanguage\":\"fr-FR\",\"@id\":\"https:\/\/dicodusport.fr\/blog\/mondiaux-jeunes-juniors-de-biathlon-2025-amandine-mengin-en-bronze-sur-le-sprint-juniors-anna-andexer-sacree\/#primaryimage\",\"url\":\"https:\/\/dicodusport.fr\/blog\/wp-content\/uploads\/2025\/03\/Mondiaux-JeunesJuniors-de-biathlon-2025-Amandine-Mengin-en-bronze-sur-le-sprint-juniors-Anna-Andexer-sacree.png\",\"contentUrl\":\"https:\/\/dicodusport.fr\/blog\/wp-content\/uploads\/2025\/03\/Mondiaux-JeunesJuniors-de-biathlon-2025-Amandine-Mengin-en-bronze-sur-le-sprint-juniors-Anna-Andexer-sacree.png\",\"width\":1200,\"height\":674,\"caption\":\"Mondiaux JeunesJuniors de biathlon 2025 Amandine Mengin en bronze sur le sprint juniors, Anna Andexer sacr\u00e9e\"},{\"@type\":\"BreadcrumbList\",\"@id\":\"https:\/\/dicodusport.fr\/blog\/mondiaux-jeunes-juniors-de-biathlon-2025-amandine-mengin-en-bronze-sur-le-sprint-juniors-anna-andexer-sacree\/#breadcrumb\",\"itemListElement\":[{\"@type\":\"ListItem\",\"position\":1,\"name\":\"Accueil\",\"item\":\"https:\/\/dicodusport.fr\/blog\/\"},{\"@type\":\"ListItem\",\"position\":2,\"name\":\"Mondiaux Jeunes\/Juniors de biathlon 2025 : Amandine Mengin en bronze sur le sprint juniors, Anna Andexer sacr\u00e9e\"}]},{\"@type\":\"WebSite\",\"@id\":\"https:\/\/dicodusport.fr\/blog\/#website\",\"url\":\"https:\/\/dicodusport.fr\/blog\/\",\"name\":\"Dicodusport\",\"description\":\"L&#039;encyclop\u00e9die de l&#039;actualit\u00e9 sportive\",\"publisher\":{\"@id\":\"https:\/\/dicodusport.fr\/blog\/#organization\"},\"potentialAction\":[{\"@type\":\"SearchAction\",\"target\":{\"@type\":\"EntryPoint\",\"urlTemplate\":\"https:\/\/dicodusport.fr\/blog\/?s={search_term_string}\"},\"query-input\":{\"@type\":\"PropertyValueSpecification\",\"valueRequired\":true,\"valueName\":\"search_term_string\"}}],\"inLanguage\":\"fr-FR\"},{\"@type\":\"NewsMediaOrganization\",\"@id\":\"https:\/\/dicodusport.fr\/blog\/#organization\",\"name\":\"Dicodusport\",\"url\":\"https:\/\/dicodusport.fr\/blog\/\",\"logo\":{\"@type\":\"ImageObject\",\"inLanguage\":\"fr-FR\",\"@id\":\"https:\/\/dicodusport.fr\/blog\/#\/schema\/logo\/image\/\",\"url\":\"https:\/\/dicodusport.fr\/blog\/wp-content\/uploads\/2020\/06\/cropped-LOGO-DICODUSPORT-2020-SANS-FOND-SANS-TEXTE.png\",\"contentUrl\":\"https:\/\/dicodusport.fr\/blog\/wp-content\/uploads\/2020\/06\/cropped-LOGO-DICODUSPORT-2020-SANS-FOND-SANS-TEXTE.png\",\"width\":512,\"height\":512,\"caption\":\"Dicodusport\"},\"image\":{\"@id\":\"https:\/\/dicodusport.fr\/blog\/#\/schema\/logo\/image\/\"},\"sameAs\":[\"https:\/\/www.facebook.com\/dicodusport\",\"https:\/\/x.com\/dicodusport\",\"https:\/\/www.instagram.com\/dicodusport\/\",\"https:\/\/www.youtube.com\/channel\/UC7V2KZ5sd3htJivAbA4ZG3w\"],\"description\":\"Dicodusport est l'encyclop\u00e9die de l'actualit\u00e9 sportive.\",\"email\":\"bonjour@dicodusport.fr\",\"legalName\":\"DICODUSPORT\",\"foundingDate\":\"2018-01-14\",\"vatID\":\"FR71834470973\",\"taxID\":\"83447097300043\",\"numberOfEmployees\":{\"@type\":\"QuantitativeValue\",\"minValue\":\"1\",\"maxValue\":\"10\"}},{\"@type\":\"Person\",\"@id\":\"https:\/\/dicodusport.fr\/blog\/#\/schema\/person\/d603dd7da31fb2b46c82b9835a77ec13\",\"name\":\"Etienne Goursaud\",\"image\":{\"@type\":\"ImageObject\",\"inLanguage\":\"fr-FR\",\"@id\":\"https:\/\/dicodusport.fr\/blog\/#\/schema\/person\/image\/\",\"url\":\"https:\/\/dicodusport.fr\/blog\/wp-content\/uploads\/2023\/12\/410122264_10231602061736049_5565839791558026645_n-150x150.jpg\",\"contentUrl\":\"https:\/\/dicodusport.fr\/blog\/wp-content\/uploads\/2023\/12\/410122264_10231602061736049_5565839791558026645_n-150x150.jpg\",\"caption\":\"Etienne Goursaud\"},\"description\":\"Journaliste et amoureux de sport. Ancien footballeur reconverti athl\u00e8te quand ses muscles le laissent tranquille. \u00c9lev\u00e9 \u00e0 la sauce des exploits de Thomas Voeckler en 2004, du dernier essai de l\u00e9gende de Eunice Barber \u00e0 la longueur lors des championnats du monde d'athl\u00e9tisme de 2003 mais aussi Zidane, Omeyer et Titou Lamaison.\",\"url\":\"https:\/\/dicodusport.fr\/blog\/author\/etienne-goursaud\/\"}]}<\/script>\n<!-- \/ Yoast SEO Premium plugin. -->","yoast_head_json":{"title":"Mondiaux Jeunes\/Juniors de biathlon 2025 : Amandine Mengin en bronze sur le sprint juniors, Anna Andexer sacr\u00e9e","description":"CHAMPIONNATS DU MONDE DE BIATHLON JEUNES ET JUNIORS 2025 - Amandine Mengin s'offre la m\u00e9daille de bronze sur le sprint juniors.","robots":{"index":"index","follow":"follow","max-snippet":"max-snippet:-1","max-image-preview":"max-image-preview:large","max-video-preview":"max-video-preview:-1"},"canonical":"https:\/\/dicodusport.fr\/blog\/mondiaux-jeunes-juniors-de-biathlon-2025-amandine-mengin-en-bronze-sur-le-sprint-juniors-anna-andexer-sacree\/","og_locale":"fr_FR","og_type":"article","og_title":"Mondiaux Jeunes\/Juniors de biathlon 2025 : Amandine Mengin en bronze sur le sprint juniors, Anna Andexer sacr\u00e9e","og_description":"CHAMPIONNATS DU MONDE DE BIATHLON JEUNES ET JUNIORS 2025 - Amandine Mengin s'offre la m\u00e9daille de bronze sur le sprint juniors.","og_url":"https:\/\/dicodusport.fr\/blog\/mondiaux-jeunes-juniors-de-biathlon-2025-amandine-mengin-en-bronze-sur-le-sprint-juniors-anna-andexer-sacree\/","og_site_name":"Dicodusport","article_publisher":"https:\/\/www.facebook.com\/dicodusport","article_published_time":"2025-03-02T12:59:33+00:00","article_modified_time":"2025-07-09T16:34:14+00:00","og_image":[{"width":1200,"height":674,"url":"https:\/\/dicodusport.fr\/blog\/wp-content\/uploads\/2025\/03\/Mondiaux-JeunesJuniors-de-biathlon-2025-Amandine-Mengin-en-bronze-sur-le-sprint-juniors-Anna-Andexer-sacree.png","type":"image\/png"}],"author":"Etienne Goursaud","twitter_card":"summary_large_image","twitter_title":"Mondiaux Jeunes\/Juniors de biathlon 2025 : Amandine Mengin en bronze sur le sprint juniors, Anna Andexer sacr\u00e9e","twitter_creator":"@dicodusport","twitter_site":"@dicodusport","schema":{"@context":"https:\/\/schema.org","@graph":[{"@type":"NewsArticle","@id":"https:\/\/dicodusport.fr\/blog\/mondiaux-jeunes-juniors-de-biathlon-2025-amandine-mengin-en-bronze-sur-le-sprint-juniors-anna-andexer-sacree\/#article","isPartOf":{"@id":"https:\/\/dicodusport.fr\/blog\/mondiaux-jeunes-juniors-de-biathlon-2025-amandine-mengin-en-bronze-sur-le-sprint-juniors-anna-andexer-sacree\/"},"author":{"name":"Etienne Goursaud","@id":"https:\/\/dicodusport.fr\/blog\/#\/schema\/person\/d603dd7da31fb2b46c82b9835a77ec13"},"headline":"Mondiaux Jeunes\/Juniors de biathlon 2025 : Amandine Mengin en bronze sur le sprint juniors, Anna Andexer sacr\u00e9e","datePublished":"2025-03-02T12:59:33+00:00","dateModified":"2025-07-09T16:34:14+00:00","mainEntityOfPage":{"@id":"https:\/\/dicodusport.fr\/blog\/mondiaux-jeunes-juniors-de-biathlon-2025-amandine-mengin-en-bronze-sur-le-sprint-juniors-anna-andexer-sacree\/"},"wordCount":593,"commentCount":0,"publisher":{"@id":"https:\/\/dicodusport.fr\/blog\/#organization"},"image":{"@id":"https:\/\/dicodusport.fr\/blog\/mondiaux-jeunes-juniors-de-biathlon-2025-amandine-mengin-en-bronze-sur-le-sprint-juniors-anna-andexer-sacree\/#primaryimage"},"thumbnailUrl":"https:\/\/dicodusport.fr\/blog\/wp-content\/uploads\/2025\/03\/Mondiaux-JeunesJuniors-de-biathlon-2025-Amandine-Mengin-en-bronze-sur-le-sprint-juniors-Anna-Andexer-sacree.png","keywords":["actu","Biathlon","biathlon fran\u00e7ais","Biathlon Ostersdund","br\u00e8ve","sport"],"articleSection":["Biathlon"],"inLanguage":"fr-FR","potentialAction":[{"@type":"CommentAction","name":"Comment","target":["https:\/\/dicodusport.fr\/blog\/mondiaux-jeunes-juniors-de-biathlon-2025-amandine-mengin-en-bronze-sur-le-sprint-juniors-anna-andexer-sacree\/#respond"]}],"copyrightYear":"2025","copyrightHolder":{"@id":"https:\/\/dicodusport.fr\/blog\/#organization"}},{"@type":"WebPage","@id":"https:\/\/dicodusport.fr\/blog\/mondiaux-jeunes-juniors-de-biathlon-2025-amandine-mengin-en-bronze-sur-le-sprint-juniors-anna-andexer-sacree\/","url":"https:\/\/dicodusport.fr\/blog\/mondiaux-jeunes-juniors-de-biathlon-2025-amandine-mengin-en-bronze-sur-le-sprint-juniors-anna-andexer-sacree\/","name":"Mondiaux Jeunes\/Juniors de biathlon 2025 : Amandine Mengin en bronze sur le sprint juniors, Anna Andexer sacr\u00e9e","isPartOf":{"@id":"https:\/\/dicodusport.fr\/blog\/#website"},"primaryImageOfPage":{"@id":"https:\/\/dicodusport.fr\/blog\/mondiaux-jeunes-juniors-de-biathlon-2025-amandine-mengin-en-bronze-sur-le-sprint-juniors-anna-andexer-sacree\/#primaryimage"},"image":{"@id":"https:\/\/dicodusport.fr\/blog\/mondiaux-jeunes-juniors-de-biathlon-2025-amandine-mengin-en-bronze-sur-le-sprint-juniors-anna-andexer-sacree\/#primaryimage"},"thumbnailUrl":"https:\/\/dicodusport.fr\/blog\/wp-content\/uploads\/2025\/03\/Mondiaux-JeunesJuniors-de-biathlon-2025-Amandine-Mengin-en-bronze-sur-le-sprint-juniors-Anna-Andexer-sacree.png","datePublished":"2025-03-02T12:59:33+00:00","dateModified":"2025-07-09T16:34:14+00:00","description":"CHAMPIONNATS DU MONDE DE BIATHLON JEUNES ET JUNIORS 2025 - Amandine Mengin s'offre la m\u00e9daille de bronze sur le sprint juniors.","breadcrumb":{"@id":"https:\/\/dicodusport.fr\/blog\/mondiaux-jeunes-juniors-de-biathlon-2025-amandine-mengin-en-bronze-sur-le-sprint-juniors-anna-andexer-sacree\/#breadcrumb"},"inLanguage":"fr-FR","potentialAction":[{"@type":"ReadAction","target":["https:\/\/dicodusport.fr\/blog\/mondiaux-jeunes-juniors-de-biathlon-2025-amandine-mengin-en-bronze-sur-le-sprint-juniors-anna-andexer-sacree\/"]}]},{"@type":"ImageObject","inLanguage":"fr-FR","@id":"https:\/\/dicodusport.fr\/blog\/mondiaux-jeunes-juniors-de-biathlon-2025-amandine-mengin-en-bronze-sur-le-sprint-juniors-anna-andexer-sacree\/#primaryimage","url":"https:\/\/dicodusport.fr\/blog\/wp-content\/uploads\/2025\/03\/Mondiaux-JeunesJuniors-de-biathlon-2025-Amandine-Mengin-en-bronze-sur-le-sprint-juniors-Anna-Andexer-sacree.png","contentUrl":"https:\/\/dicodusport.fr\/blog\/wp-content\/uploads\/2025\/03\/Mondiaux-JeunesJuniors-de-biathlon-2025-Amandine-Mengin-en-bronze-sur-le-sprint-juniors-Anna-Andexer-sacree.png","width":1200,"height":674,"caption":"Mondiaux JeunesJuniors de biathlon 2025 Amandine Mengin en bronze sur le sprint juniors, Anna Andexer sacr\u00e9e"},{"@type":"BreadcrumbList","@id":"https:\/\/dicodusport.fr\/blog\/mondiaux-jeunes-juniors-de-biathlon-2025-amandine-mengin-en-bronze-sur-le-sprint-juniors-anna-andexer-sacree\/#breadcrumb","itemListElement":[{"@type":"ListItem","position":1,"name":"Accueil","item":"https:\/\/dicodusport.fr\/blog\/"},{"@type":"ListItem","position":2,"name":"Mondiaux Jeunes\/Juniors de biathlon 2025 : Amandine Mengin en bronze sur le sprint juniors, Anna Andexer sacr\u00e9e"}]},{"@type":"WebSite","@id":"https:\/\/dicodusport.fr\/blog\/#website","url":"https:\/\/dicodusport.fr\/blog\/","name":"Dicodusport","description":"L&#039;encyclop\u00e9die de l&#039;actualit\u00e9 sportive","publisher":{"@id":"https:\/\/dicodusport.fr\/blog\/#organization"},"potentialAction":[{"@type":"SearchAction","target":{"@type":"EntryPoint","urlTemplate":"https:\/\/dicodusport.fr\/blog\/?s={search_term_string}"},"query-input":{"@type":"PropertyValueSpecification","valueRequired":true,"valueName":"search_term_string"}}],"inLanguage":"fr-FR"},{"@type":"NewsMediaOrganization","@id":"https:\/\/dicodusport.fr\/blog\/#organization","name":"Dicodusport","url":"https:\/\/dicodusport.fr\/blog\/","logo":{"@type":"ImageObject","inLanguage":"fr-FR","@id":"https:\/\/dicodusport.fr\/blog\/#\/schema\/logo\/image\/","url":"https:\/\/dicodusport.fr\/blog\/wp-content\/uploads\/2020\/06\/cropped-LOGO-DICODUSPORT-2020-SANS-FOND-SANS-TEXTE.png","contentUrl":"https:\/\/dicodusport.fr\/blog\/wp-content\/uploads\/2020\/06\/cropped-LOGO-DICODUSPORT-2020-SANS-FOND-SANS-TEXTE.png","width":512,"height":512,"caption":"Dicodusport"},"image":{"@id":"https:\/\/dicodusport.fr\/blog\/#\/schema\/logo\/image\/"},"sameAs":["https:\/\/www.facebook.com\/dicodusport","https:\/\/x.com\/dicodusport","https:\/\/www.instagram.com\/dicodusport\/","https:\/\/www.youtube.com\/channel\/UC7V2KZ5sd3htJivAbA4ZG3w"],"description":"Dicodusport est l'encyclop\u00e9die de l'actualit\u00e9 sportive.","email":"bonjour@dicodusport.fr","legalName":"DICODUSPORT","foundingDate":"2018-01-14","vatID":"FR71834470973","taxID":"83447097300043","numberOfEmployees":{"@type":"QuantitativeValue","minValue":"1","maxValue":"10"}},{"@type":"Person","@id":"https:\/\/dicodusport.fr\/blog\/#\/schema\/person\/d603dd7da31fb2b46c82b9835a77ec13","name":"Etienne Goursaud","image":{"@type":"ImageObject","inLanguage":"fr-FR","@id":"https:\/\/dicodusport.fr\/blog\/#\/schema\/person\/image\/","url":"https:\/\/dicodusport.fr\/blog\/wp-content\/uploads\/2023\/12\/410122264_10231602061736049_5565839791558026645_n-150x150.jpg","contentUrl":"https:\/\/dicodusport.fr\/blog\/wp-content\/uploads\/2023\/12\/410122264_10231602061736049_5565839791558026645_n-150x150.jpg","caption":"Etienne Goursaud"},"description":"Journaliste et amoureux de sport. Ancien footballeur reconverti athl\u00e8te quand ses muscles le laissent tranquille. \u00c9lev\u00e9 \u00e0 la sauce des exploits de Thomas Voeckler en 2004, du dernier essai de l\u00e9gende de Eunice Barber \u00e0 la longueur lors des championnats du monde d'athl\u00e9tisme de 2003 mais aussi Zidane, Omeyer et Titou Lamaison.","url":"https:\/\/dicodusport.fr\/blog\/author\/etienne-goursaud\/"}]}},"_links":{"self":[{"href":"https:\/\/dicodusport.fr\/blog\/wp-json\/wp\/v2\/posts\/560570","targetHints":{"allow":["GET"]}}],"collection":[{"href":"https:\/\/dicodusport.fr\/blog\/wp-json\/wp\/v2\/posts"}],"about":[{"href":"https:\/\/dicodusport.fr\/blog\/wp-json\/wp\/v2\/types\/post"}],"author":[{"embeddable":true,"href":"https:\/\/dicodusport.fr\/blog\/wp-json\/wp\/v2\/users\/83"}],"replies":[{"embeddable":true,"href":"https:\/\/dicodusport.fr\/blog\/wp-json\/wp\/v2\/comments?post=560570"}],"version-history":[{"count":5,"href":"https:\/\/dicodusport.fr\/blog\/wp-json\/wp\/v2\/posts\/560570\/revisions"}],"predecessor-version":[{"id":560609,"href":"https:\/\/dicodusport.fr\/blog\/wp-json\/wp\/v2\/posts\/560570\/revisions\/560609"}],"wp:featuredmedia":[{"embeddable":true,"href":"https:\/\/dicodusport.fr\/blog\/wp-json\/wp\/v2\/media\/560671"}],"wp:attachment":[{"href":"https:\/\/dicodusport.fr\/blog\/wp-json\/wp\/v2\/media?parent=560570"}],"wp:term":[{"taxonomy":"category","embeddable":true,"href":"https:\/\/dicodusport.fr\/blog\/wp-json\/wp\/v2\/categories?post=560570"},{"taxonomy":"post_tag","embeddable":true,"href":"https:\/\/dicodusport.fr\/blog\/wp-json\/wp\/v2\/tags?post=560570"}],"curies":[{"name":"wp","href":"https:\/\/api.w.org\/{rel}","templated":true}]}}