{"id":560765,"date":"2025-03-02T18:55:41","date_gmt":"2025-03-02T17:55:41","guid":{"rendered":"https:\/\/dicodusport.fr\/blog\/?p=560765&#038;preview=true&#038;preview_id=560765"},"modified":"2025-03-02T18:55:41","modified_gmt":"2025-03-02T17:55:41","slug":"natation-artistique-les-bleues-prennent-la-2eme-place-en-team-acrobatic-a-paris","status":"publish","type":"post","link":"https:\/\/dicodusport.fr\/blog\/natation-artistique-les-bleues-prennent-la-2eme-place-en-team-acrobatic-a-paris\/","title":{"rendered":"Natation artistique : Les Bleues prennent la 2\u00e8me place en Team Acrobatic \u00e0 Paris"},"content":{"rendered":"<h4 style=\"text-align: justify;\"><em>COUPE DU MONDE DE NATATION ARTISTIQUE 2025 &#8211; Deuxi\u00e8me et derni\u00e8re m\u00e9daille fran\u00e7aise de l&rsquo;\u00e9tape parisienne, l&rsquo;argent sur l&rsquo;\u00e9preuve de Team Acrobatic.<\/em><\/h4>\n<p style=\"text-align: justify;\">Vendredi, <strong>Anastasia Bayandina<\/strong> et <strong>Romane Lunel\u00a0<\/strong>avaient entam\u00e9 de belle mani\u00e8re la premi\u00e8re manche de la Coupe du monde de natation artistique, \u00e0 Paris. Les Bleues avaient pris <a href=\"https:\/\/dicodusport.fr\/blog\/natation-artistique-anastasia-bayandina-et-romane-lunel-sur-le-podium-en-coupe-du-monde-a-paris\/\"><strong>la troisi\u00e8me place de l&rsquo;\u00e9preuve du duo technique<\/strong><\/a>, mais le reste du weekend n&rsquo;avait pas \u00e9t\u00e9 fructueux pour la d\u00e9l\u00e9gation fran\u00e7aise, malgr\u00e9 le soutien du public.<\/p>\n<p style=\"text-align: justify;\">Jusqu&rsquo;\u00e0 la toute derni\u00e8re \u00e9preuve du programme cet apr\u00e8s-midi, l&rsquo;\u00e9preuve acrobatique par \u00e9quipes. Certes, certains argueront qu&rsquo;il n&rsquo;y avait que 5 \u00e9quipes sur la ligne de d\u00e9part, mais la performance des Bleues \u00e9tait de qualit\u00e9. C&rsquo;est bien simple, seules les Am\u00e9ricaines ont r\u00e9ussi \u00e0 faire mieux, tandis que les Fran\u00e7aises avaient plus de 37 points de marge sur la 4\u00e8me place. Une m\u00e9daille d&rsquo;argent bien m\u00e9rit\u00e9e, et une \u00e9tape fran\u00e7aise parfaitement r\u00e9ussie.<\/p>\n<blockquote class=\"twitter-tweet\">\n<p dir=\"ltr\" lang=\"fr\"><a href=\"https:\/\/twitter.com\/hashtag\/EnDirect?src=hash&amp;ref_src=twsrc%5Etfw\">#EnDirect<\/a> <a href=\"https:\/\/twitter.com\/hashtag\/NatationArtistique?src=hash&amp;ref_src=twsrc%5Etfw\">#NatationArtistique<\/a> <a href=\"https:\/\/twitter.com\/hashtag\/Paris2025?src=hash&amp;ref_src=twsrc%5Etfw\">#Paris2025<\/a><br \/>\nUne fin en beaut\u00e9 pour l\u2019\u00e9quipe de France qui d\u00e9croche la m\u00e9daille d\u2019argent sur l\u2019\u00e9preuve des \u00e9quipes acrobatiques avec un score total de 174.6150 points. Bravo les filles !! \ud83c\uddeb\ud83c\uddf7\ud83e\udd48<a href=\"https:\/\/twitter.com\/hashtag\/CoupeduMonde?src=hash&amp;ref_src=twsrc%5Etfw\">#CoupeduMonde<\/a> <a href=\"https:\/\/twitter.com\/hashtag\/ASWC2025?src=hash&amp;ref_src=twsrc%5Etfw\">#ASWC2025<\/a> <a href=\"https:\/\/t.co\/eIVg59IFiE\">pic.twitter.com\/eIVg59IFiE<\/a><\/p>\n<p>\u2014 FFN (@FFNatation) <a href=\"https:\/\/twitter.com\/FFNatation\/status\/1896257015573602613?ref_src=twsrc%5Etfw\">March 2, 2025<\/a><\/p><\/blockquote>\n<p style=\"text-align: justify;\"><script async src=\"https:\/\/platform.twitter.com\/widgets.js\" charset=\"utf-8\"><\/script><\/p>\n<h2 style=\"text-align: justify;\">L&rsquo;\u00e9quipe de France<\/h2>\n<p style=\"text-align: justify;\">La\u00eblys Alvarez &#8211; Anastasia Bayandina &#8211; Angeline Bertinelli &#8211; Ambre Esnault &#8211; Laura Gonzalez &#8211; Claudia Janvier &#8211; Romane Lunel &#8211; \u00c8ve Planeix<\/p>\n","protected":false},"excerpt":{"rendered":"<p>COUPE DU MONDE DE NATATION ARTISTIQUE 2025 &#8211; Deuxi\u00e8me et derni\u00e8re m\u00e9daille fran\u00e7aise de l&rsquo;\u00e9tape parisienne, l&rsquo;argent sur l&rsquo;\u00e9preuve de Team Acrobatic.<\/p>\n","protected":false},"author":59,"featured_media":560768,"comment_status":"open","ping_status":"closed","sticky":false,"template":"","format":"standard","meta":{"_acf_changed":false,"_daextam_enable_autolinks":"1","footnotes":""},"categories":[2315],"tags":[32415,16878,18007],"class_list":["post-560765","post","type-post","status-publish","format-standard","has-post-thumbnail","hentry","category-sports-aquatiques","tag-actu","tag-breve","tag-natation-artistique"],"acf":[],"yoast_head":"<!-- This site is optimized with the Yoast SEO Premium plugin v26.7 (Yoast SEO v26.7) - https:\/\/yoast.com\/wordpress\/plugins\/seo\/ -->\n<title>Natation artistique : Les Bleues prennent la 2\u00e8me place en Team Acrobatic \u00e0 Paris<\/title>\n<meta name=\"description\" content=\"COUPE DU MONDE DE NATATION ARTISTIQUE 2025 - Deuxi\u00e8me et derni\u00e8re m\u00e9daille fran\u00e7aise de l&#039;\u00e9tape parisienne, l&#039;argent sur l&#039;\u00e9preuve de Team Acrobatic.\" \/>\n<meta name=\"robots\" content=\"index, follow, max-snippet:-1, max-image-preview:large, max-video-preview:-1\" \/>\n<link rel=\"canonical\" href=\"https:\/\/dicodusport.fr\/blog\/natation-artistique-les-bleues-prennent-la-2eme-place-en-team-acrobatic-a-paris\/\" \/>\n<meta property=\"og:locale\" content=\"fr_FR\" \/>\n<meta property=\"og:type\" content=\"article\" \/>\n<meta property=\"og:title\" content=\"Natation artistique : Les Bleues prennent la 2\u00e8me place en Team Acrobatic \u00e0 Paris\" \/>\n<meta property=\"og:description\" content=\"COUPE DU MONDE DE NATATION ARTISTIQUE 2025 - Deuxi\u00e8me et derni\u00e8re m\u00e9daille fran\u00e7aise de l&#039;\u00e9tape parisienne, l&#039;argent sur l&#039;\u00e9preuve de Team Acrobatic.\" \/>\n<meta property=\"og:url\" content=\"https:\/\/dicodusport.fr\/blog\/natation-artistique-les-bleues-prennent-la-2eme-place-en-team-acrobatic-a-paris\/\" \/>\n<meta property=\"og:site_name\" content=\"Dicodusport\" \/>\n<meta property=\"article:publisher\" content=\"https:\/\/www.facebook.com\/dicodusport\" \/>\n<meta property=\"article:author\" content=\"https:\/\/www.facebook.com\/sebastien.gente\/\" \/>\n<meta property=\"article:published_time\" content=\"2025-03-02T17:55:41+00:00\" \/>\n<meta property=\"og:image\" content=\"https:\/\/dicodusport.fr\/blog\/wp-content\/uploads\/2025\/03\/Natation-artistique-Les-Bleues-prennent-la-2eme-place-en-Team-Acrobatic-a-Paris.png\" \/>\n\t<meta property=\"og:image:width\" content=\"1200\" \/>\n\t<meta property=\"og:image:height\" content=\"674\" \/>\n\t<meta property=\"og:image:type\" content=\"image\/png\" \/>\n<meta name=\"author\" content=\"S\u00e9bastien Gente\" \/>\n<meta name=\"twitter:card\" content=\"summary_large_image\" \/>\n<meta name=\"twitter:title\" content=\"Natation artistique : Les Bleues prennent la 2\u00e8me place en Team Acrobatic \u00e0 Paris\" \/>\n<meta name=\"twitter:creator\" content=\"@https:\/\/twitter.com\/globulo24\" \/>\n<meta name=\"twitter:site\" content=\"@dicodusport\" \/>\n<script type=\"application\/ld+json\" class=\"yoast-schema-graph\">{\"@context\":\"https:\/\/schema.org\",\"@graph\":[{\"@type\":\"NewsArticle\",\"@id\":\"https:\/\/dicodusport.fr\/blog\/natation-artistique-les-bleues-prennent-la-2eme-place-en-team-acrobatic-a-paris\/#article\",\"isPartOf\":{\"@id\":\"https:\/\/dicodusport.fr\/blog\/natation-artistique-les-bleues-prennent-la-2eme-place-en-team-acrobatic-a-paris\/\"},\"author\":{\"name\":\"S\u00e9bastien Gente\",\"@id\":\"https:\/\/dicodusport.fr\/blog\/#\/schema\/person\/627966a6cde45dbd8c5e36ac85d783da\"},\"headline\":\"Natation artistique : Les Bleues prennent la 2\u00e8me place en Team Acrobatic \u00e0 Paris\",\"datePublished\":\"2025-03-02T17:55:41+00:00\",\"mainEntityOfPage\":{\"@id\":\"https:\/\/dicodusport.fr\/blog\/natation-artistique-les-bleues-prennent-la-2eme-place-en-team-acrobatic-a-paris\/\"},\"wordCount\":259,\"commentCount\":0,\"publisher\":{\"@id\":\"https:\/\/dicodusport.fr\/blog\/#organization\"},\"image\":{\"@id\":\"https:\/\/dicodusport.fr\/blog\/natation-artistique-les-bleues-prennent-la-2eme-place-en-team-acrobatic-a-paris\/#primaryimage\"},\"thumbnailUrl\":\"https:\/\/dicodusport.fr\/blog\/wp-content\/uploads\/2025\/03\/Natation-artistique-Les-Bleues-prennent-la-2eme-place-en-Team-Acrobatic-a-Paris.png\",\"keywords\":[\"actu\",\"br\u00e8ve\",\"natation artistique\"],\"articleSection\":[\"Sports aquatiques\"],\"inLanguage\":\"fr-FR\",\"potentialAction\":[{\"@type\":\"CommentAction\",\"name\":\"Comment\",\"target\":[\"https:\/\/dicodusport.fr\/blog\/natation-artistique-les-bleues-prennent-la-2eme-place-en-team-acrobatic-a-paris\/#respond\"]}],\"copyrightYear\":\"2025\",\"copyrightHolder\":{\"@id\":\"https:\/\/dicodusport.fr\/blog\/#organization\"}},{\"@type\":\"WebPage\",\"@id\":\"https:\/\/dicodusport.fr\/blog\/natation-artistique-les-bleues-prennent-la-2eme-place-en-team-acrobatic-a-paris\/\",\"url\":\"https:\/\/dicodusport.fr\/blog\/natation-artistique-les-bleues-prennent-la-2eme-place-en-team-acrobatic-a-paris\/\",\"name\":\"Natation artistique : Les Bleues prennent la 2\u00e8me place en Team Acrobatic \u00e0 Paris\",\"isPartOf\":{\"@id\":\"https:\/\/dicodusport.fr\/blog\/#website\"},\"primaryImageOfPage\":{\"@id\":\"https:\/\/dicodusport.fr\/blog\/natation-artistique-les-bleues-prennent-la-2eme-place-en-team-acrobatic-a-paris\/#primaryimage\"},\"image\":{\"@id\":\"https:\/\/dicodusport.fr\/blog\/natation-artistique-les-bleues-prennent-la-2eme-place-en-team-acrobatic-a-paris\/#primaryimage\"},\"thumbnailUrl\":\"https:\/\/dicodusport.fr\/blog\/wp-content\/uploads\/2025\/03\/Natation-artistique-Les-Bleues-prennent-la-2eme-place-en-Team-Acrobatic-a-Paris.png\",\"datePublished\":\"2025-03-02T17:55:41+00:00\",\"description\":\"COUPE DU MONDE DE NATATION ARTISTIQUE 2025 - Deuxi\u00e8me et derni\u00e8re m\u00e9daille fran\u00e7aise de l'\u00e9tape parisienne, l'argent sur l'\u00e9preuve de Team Acrobatic.\",\"breadcrumb\":{\"@id\":\"https:\/\/dicodusport.fr\/blog\/natation-artistique-les-bleues-prennent-la-2eme-place-en-team-acrobatic-a-paris\/#breadcrumb\"},\"inLanguage\":\"fr-FR\",\"potentialAction\":[{\"@type\":\"ReadAction\",\"target\":[\"https:\/\/dicodusport.fr\/blog\/natation-artistique-les-bleues-prennent-la-2eme-place-en-team-acrobatic-a-paris\/\"]}]},{\"@type\":\"ImageObject\",\"inLanguage\":\"fr-FR\",\"@id\":\"https:\/\/dicodusport.fr\/blog\/natation-artistique-les-bleues-prennent-la-2eme-place-en-team-acrobatic-a-paris\/#primaryimage\",\"url\":\"https:\/\/dicodusport.fr\/blog\/wp-content\/uploads\/2025\/03\/Natation-artistique-Les-Bleues-prennent-la-2eme-place-en-Team-Acrobatic-a-Paris.png\",\"contentUrl\":\"https:\/\/dicodusport.fr\/blog\/wp-content\/uploads\/2025\/03\/Natation-artistique-Les-Bleues-prennent-la-2eme-place-en-Team-Acrobatic-a-Paris.png\",\"width\":1200,\"height\":674,\"caption\":\"Natation artistique Les Bleues prennent la 2\u00e8me place en Team Acrobatic \u00e0 Paris\"},{\"@type\":\"BreadcrumbList\",\"@id\":\"https:\/\/dicodusport.fr\/blog\/natation-artistique-les-bleues-prennent-la-2eme-place-en-team-acrobatic-a-paris\/#breadcrumb\",\"itemListElement\":[{\"@type\":\"ListItem\",\"position\":1,\"name\":\"Accueil\",\"item\":\"https:\/\/dicodusport.fr\/blog\/\"},{\"@type\":\"ListItem\",\"position\":2,\"name\":\"Natation artistique : Les Bleues prennent la 2\u00e8me place en Team Acrobatic \u00e0 Paris\"}]},{\"@type\":\"WebSite\",\"@id\":\"https:\/\/dicodusport.fr\/blog\/#website\",\"url\":\"https:\/\/dicodusport.fr\/blog\/\",\"name\":\"Dicodusport\",\"description\":\"L&#039;encyclop\u00e9die de l&#039;actualit\u00e9 sportive\",\"publisher\":{\"@id\":\"https:\/\/dicodusport.fr\/blog\/#organization\"},\"potentialAction\":[{\"@type\":\"SearchAction\",\"target\":{\"@type\":\"EntryPoint\",\"urlTemplate\":\"https:\/\/dicodusport.fr\/blog\/?s={search_term_string}\"},\"query-input\":{\"@type\":\"PropertyValueSpecification\",\"valueRequired\":true,\"valueName\":\"search_term_string\"}}],\"inLanguage\":\"fr-FR\"},{\"@type\":\"NewsMediaOrganization\",\"@id\":\"https:\/\/dicodusport.fr\/blog\/#organization\",\"name\":\"Dicodusport\",\"url\":\"https:\/\/dicodusport.fr\/blog\/\",\"logo\":{\"@type\":\"ImageObject\",\"inLanguage\":\"fr-FR\",\"@id\":\"https:\/\/dicodusport.fr\/blog\/#\/schema\/logo\/image\/\",\"url\":\"https:\/\/dicodusport.fr\/blog\/wp-content\/uploads\/2020\/06\/cropped-LOGO-DICODUSPORT-2020-SANS-FOND-SANS-TEXTE.png\",\"contentUrl\":\"https:\/\/dicodusport.fr\/blog\/wp-content\/uploads\/2020\/06\/cropped-LOGO-DICODUSPORT-2020-SANS-FOND-SANS-TEXTE.png\",\"width\":512,\"height\":512,\"caption\":\"Dicodusport\"},\"image\":{\"@id\":\"https:\/\/dicodusport.fr\/blog\/#\/schema\/logo\/image\/\"},\"sameAs\":[\"https:\/\/www.facebook.com\/dicodusport\",\"https:\/\/x.com\/dicodusport\",\"https:\/\/www.instagram.com\/dicodusport\/\",\"https:\/\/www.youtube.com\/channel\/UC7V2KZ5sd3htJivAbA4ZG3w\"],\"description\":\"Dicodusport est l'encyclop\u00e9die de l'actualit\u00e9 sportive.\",\"email\":\"bonjour@dicodusport.fr\",\"legalName\":\"DICODUSPORT\",\"foundingDate\":\"2018-01-14\",\"vatID\":\"FR71834470973\",\"taxID\":\"83447097300043\",\"numberOfEmployees\":{\"@type\":\"QuantitativeValue\",\"minValue\":\"1\",\"maxValue\":\"10\"}},{\"@type\":\"Person\",\"@id\":\"https:\/\/dicodusport.fr\/blog\/#\/schema\/person\/627966a6cde45dbd8c5e36ac85d783da\",\"name\":\"S\u00e9bastien Gente\",\"image\":{\"@type\":\"ImageObject\",\"inLanguage\":\"fr-FR\",\"@id\":\"https:\/\/dicodusport.fr\/blog\/#\/schema\/person\/image\/\",\"url\":\"https:\/\/dicodusport.fr\/blog\/wp-content\/uploads\/2021\/09\/1510990_10205810251400683_4124423575079401707_n-150x150.jpg\",\"contentUrl\":\"https:\/\/dicodusport.fr\/blog\/wp-content\/uploads\/2021\/09\/1510990_10205810251400683_4124423575079401707_n-150x150.jpg\",\"caption\":\"S\u00e9bastien Gente\"},\"description\":\"John Stockton, Gianni Bugno, Zinedine Zidane, Steffi Graf, Frode Andresen, St\u00e9phane Stoecklin, Davis Kamoga, Primoz Peterka, Werner Schlager et Aur\u00e9lien Rougerie. Point commun entre ces sportifs? Ils m'ont fait r\u00eaver et ont berc\u00e9 mon adolescence. Je suis un fondu de sports et j'essaie de retranscrire ma passion \u00e0 travers mes articles. Originaire du P\u00e9rigord, ma passion pour les Girondins, les Jaunards et les Jazzmen transpire dans mes \u00e9crits. \u00c0 Dicodusport depuis 2021, je d\u00e9niche les sports m\u00e9connus dans lesquels la France brille, et il y en a !\",\"sameAs\":[\"https:\/\/www.facebook.com\/sebastien.gente\/\",\"https:\/\/www.instagram.com\/sebgente\/\",\"https:\/\/www.linkedin.com\/in\/sbastien-gente-a29583169\/\",\"https:\/\/x.com\/https:\/\/twitter.com\/globulo24\",\"SebastienGente\"],\"worksFor\":\"S\u00e9bastien GENTE\",\"url\":\"https:\/\/dicodusport.fr\/blog\/author\/sebastiengente\/\"}]}<\/script>\n<!-- \/ Yoast SEO Premium plugin. -->","yoast_head_json":{"title":"Natation artistique : Les Bleues prennent la 2\u00e8me place en Team Acrobatic \u00e0 Paris","description":"COUPE DU MONDE DE NATATION ARTISTIQUE 2025 - Deuxi\u00e8me et derni\u00e8re m\u00e9daille fran\u00e7aise de l'\u00e9tape parisienne, l'argent sur l'\u00e9preuve de Team Acrobatic.","robots":{"index":"index","follow":"follow","max-snippet":"max-snippet:-1","max-image-preview":"max-image-preview:large","max-video-preview":"max-video-preview:-1"},"canonical":"https:\/\/dicodusport.fr\/blog\/natation-artistique-les-bleues-prennent-la-2eme-place-en-team-acrobatic-a-paris\/","og_locale":"fr_FR","og_type":"article","og_title":"Natation artistique : Les Bleues prennent la 2\u00e8me place en Team Acrobatic \u00e0 Paris","og_description":"COUPE DU MONDE DE NATATION ARTISTIQUE 2025 - Deuxi\u00e8me et derni\u00e8re m\u00e9daille fran\u00e7aise de l'\u00e9tape parisienne, l'argent sur l'\u00e9preuve de Team Acrobatic.","og_url":"https:\/\/dicodusport.fr\/blog\/natation-artistique-les-bleues-prennent-la-2eme-place-en-team-acrobatic-a-paris\/","og_site_name":"Dicodusport","article_publisher":"https:\/\/www.facebook.com\/dicodusport","article_author":"https:\/\/www.facebook.com\/sebastien.gente\/","article_published_time":"2025-03-02T17:55:41+00:00","og_image":[{"width":1200,"height":674,"url":"https:\/\/dicodusport.fr\/blog\/wp-content\/uploads\/2025\/03\/Natation-artistique-Les-Bleues-prennent-la-2eme-place-en-Team-Acrobatic-a-Paris.png","type":"image\/png"}],"author":"S\u00e9bastien Gente","twitter_card":"summary_large_image","twitter_title":"Natation artistique : Les Bleues prennent la 2\u00e8me place en Team Acrobatic \u00e0 Paris","twitter_creator":"@https:\/\/twitter.com\/globulo24","twitter_site":"@dicodusport","schema":{"@context":"https:\/\/schema.org","@graph":[{"@type":"NewsArticle","@id":"https:\/\/dicodusport.fr\/blog\/natation-artistique-les-bleues-prennent-la-2eme-place-en-team-acrobatic-a-paris\/#article","isPartOf":{"@id":"https:\/\/dicodusport.fr\/blog\/natation-artistique-les-bleues-prennent-la-2eme-place-en-team-acrobatic-a-paris\/"},"author":{"name":"S\u00e9bastien Gente","@id":"https:\/\/dicodusport.fr\/blog\/#\/schema\/person\/627966a6cde45dbd8c5e36ac85d783da"},"headline":"Natation artistique : Les Bleues prennent la 2\u00e8me place en Team Acrobatic \u00e0 Paris","datePublished":"2025-03-02T17:55:41+00:00","mainEntityOfPage":{"@id":"https:\/\/dicodusport.fr\/blog\/natation-artistique-les-bleues-prennent-la-2eme-place-en-team-acrobatic-a-paris\/"},"wordCount":259,"commentCount":0,"publisher":{"@id":"https:\/\/dicodusport.fr\/blog\/#organization"},"image":{"@id":"https:\/\/dicodusport.fr\/blog\/natation-artistique-les-bleues-prennent-la-2eme-place-en-team-acrobatic-a-paris\/#primaryimage"},"thumbnailUrl":"https:\/\/dicodusport.fr\/blog\/wp-content\/uploads\/2025\/03\/Natation-artistique-Les-Bleues-prennent-la-2eme-place-en-Team-Acrobatic-a-Paris.png","keywords":["actu","br\u00e8ve","natation artistique"],"articleSection":["Sports aquatiques"],"inLanguage":"fr-FR","potentialAction":[{"@type":"CommentAction","name":"Comment","target":["https:\/\/dicodusport.fr\/blog\/natation-artistique-les-bleues-prennent-la-2eme-place-en-team-acrobatic-a-paris\/#respond"]}],"copyrightYear":"2025","copyrightHolder":{"@id":"https:\/\/dicodusport.fr\/blog\/#organization"}},{"@type":"WebPage","@id":"https:\/\/dicodusport.fr\/blog\/natation-artistique-les-bleues-prennent-la-2eme-place-en-team-acrobatic-a-paris\/","url":"https:\/\/dicodusport.fr\/blog\/natation-artistique-les-bleues-prennent-la-2eme-place-en-team-acrobatic-a-paris\/","name":"Natation artistique : Les Bleues prennent la 2\u00e8me place en Team Acrobatic \u00e0 Paris","isPartOf":{"@id":"https:\/\/dicodusport.fr\/blog\/#website"},"primaryImageOfPage":{"@id":"https:\/\/dicodusport.fr\/blog\/natation-artistique-les-bleues-prennent-la-2eme-place-en-team-acrobatic-a-paris\/#primaryimage"},"image":{"@id":"https:\/\/dicodusport.fr\/blog\/natation-artistique-les-bleues-prennent-la-2eme-place-en-team-acrobatic-a-paris\/#primaryimage"},"thumbnailUrl":"https:\/\/dicodusport.fr\/blog\/wp-content\/uploads\/2025\/03\/Natation-artistique-Les-Bleues-prennent-la-2eme-place-en-Team-Acrobatic-a-Paris.png","datePublished":"2025-03-02T17:55:41+00:00","description":"COUPE DU MONDE DE NATATION ARTISTIQUE 2025 - Deuxi\u00e8me et derni\u00e8re m\u00e9daille fran\u00e7aise de l'\u00e9tape parisienne, l'argent sur l'\u00e9preuve de Team Acrobatic.","breadcrumb":{"@id":"https:\/\/dicodusport.fr\/blog\/natation-artistique-les-bleues-prennent-la-2eme-place-en-team-acrobatic-a-paris\/#breadcrumb"},"inLanguage":"fr-FR","potentialAction":[{"@type":"ReadAction","target":["https:\/\/dicodusport.fr\/blog\/natation-artistique-les-bleues-prennent-la-2eme-place-en-team-acrobatic-a-paris\/"]}]},{"@type":"ImageObject","inLanguage":"fr-FR","@id":"https:\/\/dicodusport.fr\/blog\/natation-artistique-les-bleues-prennent-la-2eme-place-en-team-acrobatic-a-paris\/#primaryimage","url":"https:\/\/dicodusport.fr\/blog\/wp-content\/uploads\/2025\/03\/Natation-artistique-Les-Bleues-prennent-la-2eme-place-en-Team-Acrobatic-a-Paris.png","contentUrl":"https:\/\/dicodusport.fr\/blog\/wp-content\/uploads\/2025\/03\/Natation-artistique-Les-Bleues-prennent-la-2eme-place-en-Team-Acrobatic-a-Paris.png","width":1200,"height":674,"caption":"Natation artistique Les Bleues prennent la 2\u00e8me place en Team Acrobatic \u00e0 Paris"},{"@type":"BreadcrumbList","@id":"https:\/\/dicodusport.fr\/blog\/natation-artistique-les-bleues-prennent-la-2eme-place-en-team-acrobatic-a-paris\/#breadcrumb","itemListElement":[{"@type":"ListItem","position":1,"name":"Accueil","item":"https:\/\/dicodusport.fr\/blog\/"},{"@type":"ListItem","position":2,"name":"Natation artistique : Les Bleues prennent la 2\u00e8me place en Team Acrobatic \u00e0 Paris"}]},{"@type":"WebSite","@id":"https:\/\/dicodusport.fr\/blog\/#website","url":"https:\/\/dicodusport.fr\/blog\/","name":"Dicodusport","description":"L&#039;encyclop\u00e9die de l&#039;actualit\u00e9 sportive","publisher":{"@id":"https:\/\/dicodusport.fr\/blog\/#organization"},"potentialAction":[{"@type":"SearchAction","target":{"@type":"EntryPoint","urlTemplate":"https:\/\/dicodusport.fr\/blog\/?s={search_term_string}"},"query-input":{"@type":"PropertyValueSpecification","valueRequired":true,"valueName":"search_term_string"}}],"inLanguage":"fr-FR"},{"@type":"NewsMediaOrganization","@id":"https:\/\/dicodusport.fr\/blog\/#organization","name":"Dicodusport","url":"https:\/\/dicodusport.fr\/blog\/","logo":{"@type":"ImageObject","inLanguage":"fr-FR","@id":"https:\/\/dicodusport.fr\/blog\/#\/schema\/logo\/image\/","url":"https:\/\/dicodusport.fr\/blog\/wp-content\/uploads\/2020\/06\/cropped-LOGO-DICODUSPORT-2020-SANS-FOND-SANS-TEXTE.png","contentUrl":"https:\/\/dicodusport.fr\/blog\/wp-content\/uploads\/2020\/06\/cropped-LOGO-DICODUSPORT-2020-SANS-FOND-SANS-TEXTE.png","width":512,"height":512,"caption":"Dicodusport"},"image":{"@id":"https:\/\/dicodusport.fr\/blog\/#\/schema\/logo\/image\/"},"sameAs":["https:\/\/www.facebook.com\/dicodusport","https:\/\/x.com\/dicodusport","https:\/\/www.instagram.com\/dicodusport\/","https:\/\/www.youtube.com\/channel\/UC7V2KZ5sd3htJivAbA4ZG3w"],"description":"Dicodusport est l'encyclop\u00e9die de l'actualit\u00e9 sportive.","email":"bonjour@dicodusport.fr","legalName":"DICODUSPORT","foundingDate":"2018-01-14","vatID":"FR71834470973","taxID":"83447097300043","numberOfEmployees":{"@type":"QuantitativeValue","minValue":"1","maxValue":"10"}},{"@type":"Person","@id":"https:\/\/dicodusport.fr\/blog\/#\/schema\/person\/627966a6cde45dbd8c5e36ac85d783da","name":"S\u00e9bastien Gente","image":{"@type":"ImageObject","inLanguage":"fr-FR","@id":"https:\/\/dicodusport.fr\/blog\/#\/schema\/person\/image\/","url":"https:\/\/dicodusport.fr\/blog\/wp-content\/uploads\/2021\/09\/1510990_10205810251400683_4124423575079401707_n-150x150.jpg","contentUrl":"https:\/\/dicodusport.fr\/blog\/wp-content\/uploads\/2021\/09\/1510990_10205810251400683_4124423575079401707_n-150x150.jpg","caption":"S\u00e9bastien Gente"},"description":"John Stockton, Gianni Bugno, Zinedine Zidane, Steffi Graf, Frode Andresen, St\u00e9phane Stoecklin, Davis Kamoga, Primoz Peterka, Werner Schlager et Aur\u00e9lien Rougerie. Point commun entre ces sportifs? Ils m'ont fait r\u00eaver et ont berc\u00e9 mon adolescence. Je suis un fondu de sports et j'essaie de retranscrire ma passion \u00e0 travers mes articles. Originaire du P\u00e9rigord, ma passion pour les Girondins, les Jaunards et les Jazzmen transpire dans mes \u00e9crits. \u00c0 Dicodusport depuis 2021, je d\u00e9niche les sports m\u00e9connus dans lesquels la France brille, et il y en a !","sameAs":["https:\/\/www.facebook.com\/sebastien.gente\/","https:\/\/www.instagram.com\/sebgente\/","https:\/\/www.linkedin.com\/in\/sbastien-gente-a29583169\/","https:\/\/x.com\/https:\/\/twitter.com\/globulo24","SebastienGente"],"worksFor":"S\u00e9bastien GENTE","url":"https:\/\/dicodusport.fr\/blog\/author\/sebastiengente\/"}]}},"_links":{"self":[{"href":"https:\/\/dicodusport.fr\/blog\/wp-json\/wp\/v2\/posts\/560765","targetHints":{"allow":["GET"]}}],"collection":[{"href":"https:\/\/dicodusport.fr\/blog\/wp-json\/wp\/v2\/posts"}],"about":[{"href":"https:\/\/dicodusport.fr\/blog\/wp-json\/wp\/v2\/types\/post"}],"author":[{"embeddable":true,"href":"https:\/\/dicodusport.fr\/blog\/wp-json\/wp\/v2\/users\/59"}],"replies":[{"embeddable":true,"href":"https:\/\/dicodusport.fr\/blog\/wp-json\/wp\/v2\/comments?post=560765"}],"version-history":[{"count":1,"href":"https:\/\/dicodusport.fr\/blog\/wp-json\/wp\/v2\/posts\/560765\/revisions"}],"predecessor-version":[{"id":560769,"href":"https:\/\/dicodusport.fr\/blog\/wp-json\/wp\/v2\/posts\/560765\/revisions\/560769"}],"wp:featuredmedia":[{"embeddable":true,"href":"https:\/\/dicodusport.fr\/blog\/wp-json\/wp\/v2\/media\/560768"}],"wp:attachment":[{"href":"https:\/\/dicodusport.fr\/blog\/wp-json\/wp\/v2\/media?parent=560765"}],"wp:term":[{"taxonomy":"category","embeddable":true,"href":"https:\/\/dicodusport.fr\/blog\/wp-json\/wp\/v2\/categories?post=560765"},{"taxonomy":"post_tag","embeddable":true,"href":"https:\/\/dicodusport.fr\/blog\/wp-json\/wp\/v2\/tags?post=560765"}],"curies":[{"name":"wp","href":"https:\/\/api.w.org\/{rel}","templated":true}]}}