{"id":560835,"date":"2025-03-03T17:00:47","date_gmt":"2025-03-03T16:00:47","guid":{"rendered":"https:\/\/dicodusport.fr\/blog\/?p=560835&#038;preview=true&#038;preview_id=560835"},"modified":"2025-03-03T14:35:28","modified_gmt":"2025-03-03T13:35:28","slug":"ski-alpin-victor-muffat-jeandet-rallume-du-vert","status":"publish","type":"post","link":"https:\/\/dicodusport.fr\/blog\/ski-alpin-victor-muffat-jeandet-rallume-du-vert\/","title":{"rendered":"Ski alpin : Victor Muffat-Jeandet rallume du vert\u00a0"},"content":{"rendered":"<p style=\"text-align: justify;\"><b><i>COUPE DU MONDE DE SKI ALPIN 2024-2025 &#8211; 6\u00e8me du slalom de Kranjska Gora dimanche, Victor Muffat-Jeandet a sign\u00e9 sa meilleure performance depuis pr\u00e8s de quatre ans. Retour sur ces longs mois loin des premi\u00e8res places du classement.<span class=\"Apple-converted-space\">\u00a0<\/span><\/i><\/b><\/p>\n<p style=\"text-align: justify;\">Finir dans le top 10 d\u2019une \u00e9preuve individuelle en Coupe du monde, cela faisait 1 442 jours que cela n\u2019\u00e9tait pas arriv\u00e9 \u00e0 <b>Victor Muffat-Jeandet<\/b>. La derni\u00e8re fois, c\u2019\u00e9tait le 21 mars 2021 et le <strong>skieur de Val d\u2019Is\u00e8re<\/strong> avait alors termin\u00e9 huiti\u00e8me du slalom de Lenzerheide (Suisse). Une semaine plus t\u00f4t, il avait m\u00eame pris <a href=\"https:\/\/dicodusport.fr\/blog\/slalom-de-kranjska-gora-clement-noel-s-impose-devant-victor-muffat-jeandet\/\"><strong>la deuxi\u00e8me place du slalom de Kranjska Gora<\/strong><\/a> (Slov\u00e9nie) derri\u00e8re <strong>Cl\u00e9ment No\u00ebl<\/strong>. \u00c0 un an des Jeux olympiques de P\u00e9kin (Chine), le m\u00e9daill\u00e9 de bronze du combin\u00e9 \u00e0 Pyeongchang en 2018 &#8211; o\u00f9 il avait pris la 6\u00e8me place sur le slalom &#8211; \u00e9tait en bonne position pour aller chercher une nouvelle m\u00e9daille.<span class=\"Apple-converted-space\">\u00a0<\/span><\/p>\n<p style=\"text-align: justify;\">Sauf que <b>Victor Muffat-Jeandet<\/b> n\u2019a pas vu la capitale chinoise et cela n\u2019a pas \u00e9t\u00e9 la faute au Covid-19 qui a oblig\u00e9 les athl\u00e8tes \u00e0 rester dans le village olympique. Victime d\u2019une fracture de la cheville de la jambe droite \u00e0 Zagreb (Croatie) d\u00e9but janvier 2022, il a \u00e9t\u00e9 contraint de mettre fin \u00e0 sa saison, et donc de dire au revoir \u00e0 l\u2019\u00e9ch\u00e9ance olympique.<\/p>\n<h2 style=\"text-align: justify;\">Nouvelle blessure et s\u00e9rie noire<\/h2>\n<p style=\"text-align: justify;\">Depuis, le skieur aux 11 podiums en Coupe du monde (une seule victoire) \u00e9tait loin des avant-postes. Il a m\u00eame \u00e9t\u00e9 \u00e9loign\u00e9 des pistes l\u2019ann\u00e9e suivante, d\u00e8s janvier 2023, apr\u00e8s une nouvelle chute lors du g\u00e9ant d\u2019Adelboden (Suisse) qui a engendr\u00e9 une blessure au genou gauche. Oscillant entre la 11\u00e8me et la 26\u00e8me place \u00e0 compter de son retour, <b>Victor Muffat-Jeandet<\/b> a m\u00eame v\u00e9cu une s\u00e9rie noire il y a un an. Entre d\u00e9but janvier et fin mars, le <strong>skieur qui aura 36 ans mercredi<\/strong>, a encha\u00een\u00e9 neuf courses &#8211; cinq slaloms et quatre g\u00e9ants &#8211; sans parvenir se qualifier pour la deuxi\u00e8me manche (\u00e0 sept reprises), ou bien sans r\u00e9ussir \u00e0 franchir la ligne d\u2019arriv\u00e9e sur la premi\u00e8re manche (deux fois).<span class=\"Apple-converted-space\">\u00a0<\/span><\/p>\n<div class=\"vlp-link-container vlp-layout-article\"><a href=\"https:\/\/dicodusport.fr\/blog\/slalom-hommes-kranjska-gora-2025-henrik-kristoffersen-simpose-victor-muffat-jeandet-rayonne\/\" class=\"vlp-link\" title=\"Slalom hommes Kranjska Gora 2025 : Henrik Kristoffersen s&#039;impose, Victor Muffat-Jeandet rayonne\"><\/a><div class=\"vlp-layout-zone-side\"><div class=\"vlp-block-4 vlp-link-image\"><img loading=\"lazy\" decoding=\"async\" style=\"max-width: 792px;\" width=\"792\" height=\"445\" src=\"https:\/\/dicodusport.fr\/blog\/wp-content\/uploads\/2025\/03\/Slalom-hommes-Kranjska-Gora-2025-Henrik-Kristoffersen-simpose-Victor-Muffat-Jeandet-rayonne-1.png\" class=\"attachment-800x445 size-800x445\" alt=\"Slalom hommes Kranjska Gora 2025 Henrik Kristoffersen s&#039;impose, Victor Muffat-Jeandet rayonne\" srcset=\"https:\/\/dicodusport.fr\/blog\/wp-content\/uploads\/2025\/03\/Slalom-hommes-Kranjska-Gora-2025-Henrik-Kristoffersen-simpose-Victor-Muffat-Jeandet-rayonne-1.png 1200w, https:\/\/dicodusport.fr\/blog\/wp-content\/uploads\/2025\/03\/Slalom-hommes-Kranjska-Gora-2025-Henrik-Kristoffersen-simpose-Victor-Muffat-Jeandet-rayonne-1-300x169.png 300w, https:\/\/dicodusport.fr\/blog\/wp-content\/uploads\/2025\/03\/Slalom-hommes-Kranjska-Gora-2025-Henrik-Kristoffersen-simpose-Victor-Muffat-Jeandet-rayonne-1-1024x575.png 1024w, https:\/\/dicodusport.fr\/blog\/wp-content\/uploads\/2025\/03\/Slalom-hommes-Kranjska-Gora-2025-Henrik-Kristoffersen-simpose-Victor-Muffat-Jeandet-rayonne-1-768x431.png 768w\" sizes=\"auto, (max-width: 792px) 100vw, 792px\" \/><\/div><\/div><div class=\"vlp-layout-zone-main\"><div class=\"vlp-block-0 vlp-link-title\">Slalom hommes Kranjska Gora 2025 : Henrik Kristoffersen s'impose, Victor Muffat-Jeandet rayonne<\/div><div class=\"vlp-block-1 vlp-link-summary\">COUPE DU MONDE DE SKI ALPIN 2024-2025 - Henrik Kristoffersen a remport\u00e9 le slalom de Kranjska Gora ce dimanche, en surpassant Timon Haugan et Manuel Feller. Auteur du meilleur temps de la 2\u00e8me manche, Victor Muffat-Jeandet a fait sensation en prenant la 6\u00e8me place. En revanche, Cl\u00e9ment No\u00ebl a r\u00e9alis\u00e9 une tr\u00e8s mauvaise op\u00e9ration.<\/div><div class=\"vlp-block-2 vlp-link-button\">Lire l'article<\/div><div class=\"vlp-block-3 vlp-link-url\">dicodusport.fr<\/div><\/div><\/div>\n<p style=\"text-align: justify;\">Les performances semblent n\u00e9anmoins \u00eatre de retour en 2025 apr\u00e8s une fin de saison 2024 o\u00f9 il est pass\u00e9 par la Coupe d&rsquo;Europe et le circuit FIS. Depuis le passage \u00e0 la nouvelle ann\u00e9e, <b>Victor Muffat-Jeandet<\/b> a disput\u00e9 sept slaloms (sept en Coupe du monde, un lors des championnats du monde) et a fait preuve de r\u00e9gularit\u00e9 en se qualifiant en deuxi\u00e8me manche sur six d\u2019entre elles. Il est d&rsquo;ailleurs exclusivement concentr\u00e9 sur cette discipline. Non qualifi\u00e9 pour la deuxi\u00e8me manche du g\u00e9ant de Beaver Creek (\u00c9tats-Unis) d\u00e9but d\u00e9cembre, il n&rsquo;avait \u00e9t\u00e9 s\u00e9lectionn\u00e9 que sur le slalom la semaine suivante, chez lui, \u00e0 Val d&rsquo;Is\u00e8re.<\/p>\n<h2 style=\"text-align: justify;\">Le lion rugit \u00e0 nouveau<\/h2>\n<p style=\"text-align: justify;\">Sur <a href=\"https:\/\/www.instagram.com\/p\/DDiDh-fgDiS\/?igsh=eDd3MTYyZXI2M2hr\">ses r\u00e9seaux sociaux<\/a>, il expliquait le choix de mettre le G\u00e9ant de c\u00f4t\u00e9 et prioriser le Slalom.<\/p>\n<blockquote>\n<p style=\"text-align: justify;\">J\u2019arrive de moins en moins \u00e0 me pr\u00e9parer correctement aux comp\u00e9titions : d\u2019un point de vue technique, mat\u00e9riel ou encore de conditions de neige et de piste. Je me retrouve avec deux fois moins d\u2019entra\u00eenements qu\u2019une majorit\u00e9 de mes concurrents et je suis tout le temps \u00e0 courir partout. Au vue des circonstances de ces derni\u00e8res saisons, \u00e7a devient trop compliqu\u00e9 \u00e0 g\u00e9rer et surtout j\u2019hypoth\u00e8que trop mes chances et le travail pour revenir au tr\u00e8s tr\u00e8s haut-niveau que j\u2019aspire tant. Ces derni\u00e8res ann\u00e9es je sais que mon meilleur potentiel est sur le Slalom donc je vais m\u2019y consacrer pleinement pour l\u2019instant.<\/p>\n<\/blockquote>\n<p style=\"text-align: justify;\">Un choix qui semble donc avoir fonctionn\u00e9. Dimanche, \u00e0 Kranjska Gora (6\u00e8me), parti avec un dossard \u00e9lev\u00e9 (38), il a d\u00fb faire face \u00e0 une piste d\u00e9grad\u00e9e et s\u2019est alors qualifi\u00e9 avec le 26e temps. Quelques heures plus tard, <b>Victor Muffat-Jeandet<\/b> a alors b\u00e9n\u00e9fici\u00e9 d&rsquo;une piste en parfait \u00e9tat lorsqu&rsquo;il s&rsquo;est \u00e9lanc\u00e9 dans les tout premiers de la deuxi\u00e8me manche pour signer le meilleur temps, et prouver qu\u2019il faisait toujours partie des meilleurs tacticiens. Avec son habituel bonnet du Roi de la savane sur la t\u00eate hier lorsqu&rsquo;il a occup\u00e9 le si\u00e8ge de leader pendant 19 dossards, <em>\u00ab Le lion est (encore) vivant et rugissant ! \u00bb, <\/em>a-t-il r\u00e9agi \u00e0 son Top 10 sur ses r\u00e9seaux sociaux. Il n\u2019y avait pas meilleur timing pour rugir, \u00e0 un an des Jeux de Milan-Cortina (Italie).<\/p>\n<p>&nbsp;<\/p>\n<p style=\"text-align: justify;\">\n","protected":false},"excerpt":{"rendered":"<p>COUPE DU MONDE DE SKI ALPIN 2024-2025 &#8211; 6\u00e8me du slalom de Kranjska Gora dimanche, Victor Muffat-Jeandet a sign\u00e9 sa meilleure performance depuis pr\u00e8s de quatre ans. Retour sur ces longs mois loin des premi\u00e8res places du classement.\u00a0<\/p>\n","protected":false},"author":80,"featured_media":560918,"comment_status":"open","ping_status":"closed","sticky":false,"template":"","format":"standard","meta":{"_acf_changed":false,"_daextam_enable_autolinks":"1","footnotes":""},"categories":[47084],"tags":[32415,16878,2233,3784],"class_list":["post-560835","post","type-post","status-publish","format-standard","has-post-thumbnail","hentry","category-coupe-du-monde-ski-alpin","tag-actu","tag-breve","tag-ski-alpin","tag-victor-muffat-jeandet"],"acf":[],"yoast_head":"<!-- This site is optimized with the Yoast SEO Premium plugin v26.7 (Yoast SEO v26.7) - https:\/\/yoast.com\/wordpress\/plugins\/seo\/ -->\n<title>Ski alpin : Victor Muffat-Jeandet rallume du vert\u00a0<\/title>\n<meta name=\"description\" content=\"COUPE DU MONDE DE SKI ALPIN 2024-2025 - Retour sur la renaissance de Victor Muffat-Jeandet, 6\u00e8me du slalom de Kranjska Gora.\" \/>\n<meta name=\"robots\" content=\"index, follow, max-snippet:-1, max-image-preview:large, max-video-preview:-1\" \/>\n<link rel=\"canonical\" href=\"https:\/\/dicodusport.fr\/blog\/ski-alpin-victor-muffat-jeandet-rallume-du-vert\/\" \/>\n<meta property=\"og:locale\" content=\"fr_FR\" \/>\n<meta property=\"og:type\" content=\"article\" \/>\n<meta property=\"og:title\" content=\"Ski alpin : Victor Muffat-Jeandet rallume du vert\u00a0\" \/>\n<meta property=\"og:description\" content=\"COUPE DU MONDE DE SKI ALPIN 2024-2025 - Retour sur la renaissance de Victor Muffat-Jeandet, 6\u00e8me du slalom de Kranjska Gora.\" \/>\n<meta property=\"og:url\" content=\"https:\/\/dicodusport.fr\/blog\/ski-alpin-victor-muffat-jeandet-rallume-du-vert\/\" \/>\n<meta property=\"og:site_name\" content=\"Dicodusport\" \/>\n<meta property=\"article:publisher\" content=\"https:\/\/www.facebook.com\/dicodusport\" \/>\n<meta property=\"article:author\" content=\"https:\/\/www.facebook.com\/profile.php?id=100009753662352\" \/>\n<meta property=\"article:published_time\" content=\"2025-03-03T16:00:47+00:00\" \/>\n<meta property=\"og:image\" content=\"https:\/\/dicodusport.fr\/blog\/wp-content\/uploads\/2025\/03\/Ski-alpin-Victor-Muffat-Jeandet-rallume-du-vert-.png\" \/>\n\t<meta property=\"og:image:width\" content=\"1200\" \/>\n\t<meta property=\"og:image:height\" content=\"674\" \/>\n\t<meta property=\"og:image:type\" content=\"image\/png\" \/>\n<meta name=\"author\" content=\"Killian Tanguy\" \/>\n<meta name=\"twitter:card\" content=\"summary_large_image\" \/>\n<meta name=\"twitter:title\" content=\"Ski alpin : Victor Muffat-Jeandet rallume du vert\u00a0\" \/>\n<meta name=\"twitter:creator\" content=\"@https:\/\/twitter.com\/sport_ktanguy\" \/>\n<meta name=\"twitter:site\" content=\"@dicodusport\" \/>\n<script type=\"application\/ld+json\" class=\"yoast-schema-graph\">{\"@context\":\"https:\/\/schema.org\",\"@graph\":[{\"@type\":\"NewsArticle\",\"@id\":\"https:\/\/dicodusport.fr\/blog\/ski-alpin-victor-muffat-jeandet-rallume-du-vert\/#article\",\"isPartOf\":{\"@id\":\"https:\/\/dicodusport.fr\/blog\/ski-alpin-victor-muffat-jeandet-rallume-du-vert\/\"},\"author\":{\"name\":\"Killian Tanguy\",\"@id\":\"https:\/\/dicodusport.fr\/blog\/#\/schema\/person\/ff2feeb71ea78ad31eeb3390ffe96b46\"},\"headline\":\"Ski alpin : Victor Muffat-Jeandet rallume du vert\u00a0\",\"datePublished\":\"2025-03-03T16:00:47+00:00\",\"mainEntityOfPage\":{\"@id\":\"https:\/\/dicodusport.fr\/blog\/ski-alpin-victor-muffat-jeandet-rallume-du-vert\/\"},\"wordCount\":892,\"commentCount\":0,\"publisher\":{\"@id\":\"https:\/\/dicodusport.fr\/blog\/#organization\"},\"image\":{\"@id\":\"https:\/\/dicodusport.fr\/blog\/ski-alpin-victor-muffat-jeandet-rallume-du-vert\/#primaryimage\"},\"thumbnailUrl\":\"https:\/\/dicodusport.fr\/blog\/wp-content\/uploads\/2025\/03\/Ski-alpin-Victor-Muffat-Jeandet-rallume-du-vert-.png\",\"keywords\":[\"actu\",\"br\u00e8ve\",\"Ski alpin\",\"Victor Muffat-Jeandet\"],\"articleSection\":[\"Coupe du monde de ski alpin\"],\"inLanguage\":\"fr-FR\",\"potentialAction\":[{\"@type\":\"CommentAction\",\"name\":\"Comment\",\"target\":[\"https:\/\/dicodusport.fr\/blog\/ski-alpin-victor-muffat-jeandet-rallume-du-vert\/#respond\"]}],\"copyrightYear\":\"2025\",\"copyrightHolder\":{\"@id\":\"https:\/\/dicodusport.fr\/blog\/#organization\"}},{\"@type\":\"WebPage\",\"@id\":\"https:\/\/dicodusport.fr\/blog\/ski-alpin-victor-muffat-jeandet-rallume-du-vert\/\",\"url\":\"https:\/\/dicodusport.fr\/blog\/ski-alpin-victor-muffat-jeandet-rallume-du-vert\/\",\"name\":\"Ski alpin : Victor Muffat-Jeandet rallume du vert\u00a0\",\"isPartOf\":{\"@id\":\"https:\/\/dicodusport.fr\/blog\/#website\"},\"primaryImageOfPage\":{\"@id\":\"https:\/\/dicodusport.fr\/blog\/ski-alpin-victor-muffat-jeandet-rallume-du-vert\/#primaryimage\"},\"image\":{\"@id\":\"https:\/\/dicodusport.fr\/blog\/ski-alpin-victor-muffat-jeandet-rallume-du-vert\/#primaryimage\"},\"thumbnailUrl\":\"https:\/\/dicodusport.fr\/blog\/wp-content\/uploads\/2025\/03\/Ski-alpin-Victor-Muffat-Jeandet-rallume-du-vert-.png\",\"datePublished\":\"2025-03-03T16:00:47+00:00\",\"description\":\"COUPE DU MONDE DE SKI ALPIN 2024-2025 - Retour sur la renaissance de Victor Muffat-Jeandet, 6\u00e8me du slalom de Kranjska Gora.\",\"breadcrumb\":{\"@id\":\"https:\/\/dicodusport.fr\/blog\/ski-alpin-victor-muffat-jeandet-rallume-du-vert\/#breadcrumb\"},\"inLanguage\":\"fr-FR\",\"potentialAction\":[{\"@type\":\"ReadAction\",\"target\":[\"https:\/\/dicodusport.fr\/blog\/ski-alpin-victor-muffat-jeandet-rallume-du-vert\/\"]}]},{\"@type\":\"ImageObject\",\"inLanguage\":\"fr-FR\",\"@id\":\"https:\/\/dicodusport.fr\/blog\/ski-alpin-victor-muffat-jeandet-rallume-du-vert\/#primaryimage\",\"url\":\"https:\/\/dicodusport.fr\/blog\/wp-content\/uploads\/2025\/03\/Ski-alpin-Victor-Muffat-Jeandet-rallume-du-vert-.png\",\"contentUrl\":\"https:\/\/dicodusport.fr\/blog\/wp-content\/uploads\/2025\/03\/Ski-alpin-Victor-Muffat-Jeandet-rallume-du-vert-.png\",\"width\":1200,\"height\":674,\"caption\":\"Ski alpin Victor Muffat-Jeandet rallume du vert\u00a0\"},{\"@type\":\"BreadcrumbList\",\"@id\":\"https:\/\/dicodusport.fr\/blog\/ski-alpin-victor-muffat-jeandet-rallume-du-vert\/#breadcrumb\",\"itemListElement\":[{\"@type\":\"ListItem\",\"position\":1,\"name\":\"Accueil\",\"item\":\"https:\/\/dicodusport.fr\/blog\/\"},{\"@type\":\"ListItem\",\"position\":2,\"name\":\"Ski alpin : Victor Muffat-Jeandet rallume du vert\u00a0\"}]},{\"@type\":\"WebSite\",\"@id\":\"https:\/\/dicodusport.fr\/blog\/#website\",\"url\":\"https:\/\/dicodusport.fr\/blog\/\",\"name\":\"Dicodusport\",\"description\":\"L&#039;encyclop\u00e9die de l&#039;actualit\u00e9 sportive\",\"publisher\":{\"@id\":\"https:\/\/dicodusport.fr\/blog\/#organization\"},\"potentialAction\":[{\"@type\":\"SearchAction\",\"target\":{\"@type\":\"EntryPoint\",\"urlTemplate\":\"https:\/\/dicodusport.fr\/blog\/?s={search_term_string}\"},\"query-input\":{\"@type\":\"PropertyValueSpecification\",\"valueRequired\":true,\"valueName\":\"search_term_string\"}}],\"inLanguage\":\"fr-FR\"},{\"@type\":\"NewsMediaOrganization\",\"@id\":\"https:\/\/dicodusport.fr\/blog\/#organization\",\"name\":\"Dicodusport\",\"url\":\"https:\/\/dicodusport.fr\/blog\/\",\"logo\":{\"@type\":\"ImageObject\",\"inLanguage\":\"fr-FR\",\"@id\":\"https:\/\/dicodusport.fr\/blog\/#\/schema\/logo\/image\/\",\"url\":\"https:\/\/dicodusport.fr\/blog\/wp-content\/uploads\/2020\/06\/cropped-LOGO-DICODUSPORT-2020-SANS-FOND-SANS-TEXTE.png\",\"contentUrl\":\"https:\/\/dicodusport.fr\/blog\/wp-content\/uploads\/2020\/06\/cropped-LOGO-DICODUSPORT-2020-SANS-FOND-SANS-TEXTE.png\",\"width\":512,\"height\":512,\"caption\":\"Dicodusport\"},\"image\":{\"@id\":\"https:\/\/dicodusport.fr\/blog\/#\/schema\/logo\/image\/\"},\"sameAs\":[\"https:\/\/www.facebook.com\/dicodusport\",\"https:\/\/x.com\/dicodusport\",\"https:\/\/www.instagram.com\/dicodusport\/\",\"https:\/\/www.youtube.com\/channel\/UC7V2KZ5sd3htJivAbA4ZG3w\"],\"description\":\"Dicodusport est l'encyclop\u00e9die de l'actualit\u00e9 sportive.\",\"email\":\"bonjour@dicodusport.fr\",\"legalName\":\"DICODUSPORT\",\"foundingDate\":\"2018-01-14\",\"vatID\":\"FR71834470973\",\"taxID\":\"83447097300043\",\"numberOfEmployees\":{\"@type\":\"QuantitativeValue\",\"minValue\":\"1\",\"maxValue\":\"10\"}},{\"@type\":\"Person\",\"@id\":\"https:\/\/dicodusport.fr\/blog\/#\/schema\/person\/ff2feeb71ea78ad31eeb3390ffe96b46\",\"name\":\"Killian Tanguy\",\"image\":{\"@type\":\"ImageObject\",\"inLanguage\":\"fr-FR\",\"@id\":\"https:\/\/dicodusport.fr\/blog\/#\/schema\/person\/image\/\",\"url\":\"https:\/\/dicodusport.fr\/blog\/wp-content\/uploads\/2022\/12\/Killian-Tanguy-150x150.png\",\"contentUrl\":\"https:\/\/dicodusport.fr\/blog\/wp-content\/uploads\/2022\/12\/Killian-Tanguy-150x150.png\",\"caption\":\"Killian Tanguy\"},\"description\":\"Journaliste qui parle de tout et surtout de sport. Rugby, handball, sports d'hiver, football, cyclisme... Et ce que j'aime par-dessus tout : couvrir une discipline que je ne connais pas. Rien de mieux pour s'enrichir et apprendre.\",\"sameAs\":[\"https:\/\/killiantanguy.wixsite.com\/monsite\",\"https:\/\/www.facebook.com\/profile.php?id=100009753662352\",\"https:\/\/www.instagram.com\/sport.killiantanguy\/\",\"https:\/\/www.linkedin.com\/in\/killiantanguy\/\",\"https:\/\/x.com\/https:\/\/twitter.com\/sport_ktanguy\",\"https:\/\/www.youtube.com\/channel\/UCRfZkHKJL0wK7wvnJjCry-Q\"],\"url\":\"https:\/\/dicodusport.fr\/blog\/author\/killian-tanguy\/\"}]}<\/script>\n<!-- \/ Yoast SEO Premium plugin. -->","yoast_head_json":{"title":"Ski alpin : Victor Muffat-Jeandet rallume du vert\u00a0","description":"COUPE DU MONDE DE SKI ALPIN 2024-2025 - Retour sur la renaissance de Victor Muffat-Jeandet, 6\u00e8me du slalom de Kranjska Gora.","robots":{"index":"index","follow":"follow","max-snippet":"max-snippet:-1","max-image-preview":"max-image-preview:large","max-video-preview":"max-video-preview:-1"},"canonical":"https:\/\/dicodusport.fr\/blog\/ski-alpin-victor-muffat-jeandet-rallume-du-vert\/","og_locale":"fr_FR","og_type":"article","og_title":"Ski alpin : Victor Muffat-Jeandet rallume du vert\u00a0","og_description":"COUPE DU MONDE DE SKI ALPIN 2024-2025 - Retour sur la renaissance de Victor Muffat-Jeandet, 6\u00e8me du slalom de Kranjska Gora.","og_url":"https:\/\/dicodusport.fr\/blog\/ski-alpin-victor-muffat-jeandet-rallume-du-vert\/","og_site_name":"Dicodusport","article_publisher":"https:\/\/www.facebook.com\/dicodusport","article_author":"https:\/\/www.facebook.com\/profile.php?id=100009753662352","article_published_time":"2025-03-03T16:00:47+00:00","og_image":[{"width":1200,"height":674,"url":"https:\/\/dicodusport.fr\/blog\/wp-content\/uploads\/2025\/03\/Ski-alpin-Victor-Muffat-Jeandet-rallume-du-vert-.png","type":"image\/png"}],"author":"Killian Tanguy","twitter_card":"summary_large_image","twitter_title":"Ski alpin : Victor Muffat-Jeandet rallume du vert\u00a0","twitter_creator":"@https:\/\/twitter.com\/sport_ktanguy","twitter_site":"@dicodusport","schema":{"@context":"https:\/\/schema.org","@graph":[{"@type":"NewsArticle","@id":"https:\/\/dicodusport.fr\/blog\/ski-alpin-victor-muffat-jeandet-rallume-du-vert\/#article","isPartOf":{"@id":"https:\/\/dicodusport.fr\/blog\/ski-alpin-victor-muffat-jeandet-rallume-du-vert\/"},"author":{"name":"Killian Tanguy","@id":"https:\/\/dicodusport.fr\/blog\/#\/schema\/person\/ff2feeb71ea78ad31eeb3390ffe96b46"},"headline":"Ski alpin : Victor Muffat-Jeandet rallume du vert\u00a0","datePublished":"2025-03-03T16:00:47+00:00","mainEntityOfPage":{"@id":"https:\/\/dicodusport.fr\/blog\/ski-alpin-victor-muffat-jeandet-rallume-du-vert\/"},"wordCount":892,"commentCount":0,"publisher":{"@id":"https:\/\/dicodusport.fr\/blog\/#organization"},"image":{"@id":"https:\/\/dicodusport.fr\/blog\/ski-alpin-victor-muffat-jeandet-rallume-du-vert\/#primaryimage"},"thumbnailUrl":"https:\/\/dicodusport.fr\/blog\/wp-content\/uploads\/2025\/03\/Ski-alpin-Victor-Muffat-Jeandet-rallume-du-vert-.png","keywords":["actu","br\u00e8ve","Ski alpin","Victor Muffat-Jeandet"],"articleSection":["Coupe du monde de ski alpin"],"inLanguage":"fr-FR","potentialAction":[{"@type":"CommentAction","name":"Comment","target":["https:\/\/dicodusport.fr\/blog\/ski-alpin-victor-muffat-jeandet-rallume-du-vert\/#respond"]}],"copyrightYear":"2025","copyrightHolder":{"@id":"https:\/\/dicodusport.fr\/blog\/#organization"}},{"@type":"WebPage","@id":"https:\/\/dicodusport.fr\/blog\/ski-alpin-victor-muffat-jeandet-rallume-du-vert\/","url":"https:\/\/dicodusport.fr\/blog\/ski-alpin-victor-muffat-jeandet-rallume-du-vert\/","name":"Ski alpin : Victor Muffat-Jeandet rallume du vert\u00a0","isPartOf":{"@id":"https:\/\/dicodusport.fr\/blog\/#website"},"primaryImageOfPage":{"@id":"https:\/\/dicodusport.fr\/blog\/ski-alpin-victor-muffat-jeandet-rallume-du-vert\/#primaryimage"},"image":{"@id":"https:\/\/dicodusport.fr\/blog\/ski-alpin-victor-muffat-jeandet-rallume-du-vert\/#primaryimage"},"thumbnailUrl":"https:\/\/dicodusport.fr\/blog\/wp-content\/uploads\/2025\/03\/Ski-alpin-Victor-Muffat-Jeandet-rallume-du-vert-.png","datePublished":"2025-03-03T16:00:47+00:00","description":"COUPE DU MONDE DE SKI ALPIN 2024-2025 - Retour sur la renaissance de Victor Muffat-Jeandet, 6\u00e8me du slalom de Kranjska Gora.","breadcrumb":{"@id":"https:\/\/dicodusport.fr\/blog\/ski-alpin-victor-muffat-jeandet-rallume-du-vert\/#breadcrumb"},"inLanguage":"fr-FR","potentialAction":[{"@type":"ReadAction","target":["https:\/\/dicodusport.fr\/blog\/ski-alpin-victor-muffat-jeandet-rallume-du-vert\/"]}]},{"@type":"ImageObject","inLanguage":"fr-FR","@id":"https:\/\/dicodusport.fr\/blog\/ski-alpin-victor-muffat-jeandet-rallume-du-vert\/#primaryimage","url":"https:\/\/dicodusport.fr\/blog\/wp-content\/uploads\/2025\/03\/Ski-alpin-Victor-Muffat-Jeandet-rallume-du-vert-.png","contentUrl":"https:\/\/dicodusport.fr\/blog\/wp-content\/uploads\/2025\/03\/Ski-alpin-Victor-Muffat-Jeandet-rallume-du-vert-.png","width":1200,"height":674,"caption":"Ski alpin Victor Muffat-Jeandet rallume du vert\u00a0"},{"@type":"BreadcrumbList","@id":"https:\/\/dicodusport.fr\/blog\/ski-alpin-victor-muffat-jeandet-rallume-du-vert\/#breadcrumb","itemListElement":[{"@type":"ListItem","position":1,"name":"Accueil","item":"https:\/\/dicodusport.fr\/blog\/"},{"@type":"ListItem","position":2,"name":"Ski alpin : Victor Muffat-Jeandet rallume du vert\u00a0"}]},{"@type":"WebSite","@id":"https:\/\/dicodusport.fr\/blog\/#website","url":"https:\/\/dicodusport.fr\/blog\/","name":"Dicodusport","description":"L&#039;encyclop\u00e9die de l&#039;actualit\u00e9 sportive","publisher":{"@id":"https:\/\/dicodusport.fr\/blog\/#organization"},"potentialAction":[{"@type":"SearchAction","target":{"@type":"EntryPoint","urlTemplate":"https:\/\/dicodusport.fr\/blog\/?s={search_term_string}"},"query-input":{"@type":"PropertyValueSpecification","valueRequired":true,"valueName":"search_term_string"}}],"inLanguage":"fr-FR"},{"@type":"NewsMediaOrganization","@id":"https:\/\/dicodusport.fr\/blog\/#organization","name":"Dicodusport","url":"https:\/\/dicodusport.fr\/blog\/","logo":{"@type":"ImageObject","inLanguage":"fr-FR","@id":"https:\/\/dicodusport.fr\/blog\/#\/schema\/logo\/image\/","url":"https:\/\/dicodusport.fr\/blog\/wp-content\/uploads\/2020\/06\/cropped-LOGO-DICODUSPORT-2020-SANS-FOND-SANS-TEXTE.png","contentUrl":"https:\/\/dicodusport.fr\/blog\/wp-content\/uploads\/2020\/06\/cropped-LOGO-DICODUSPORT-2020-SANS-FOND-SANS-TEXTE.png","width":512,"height":512,"caption":"Dicodusport"},"image":{"@id":"https:\/\/dicodusport.fr\/blog\/#\/schema\/logo\/image\/"},"sameAs":["https:\/\/www.facebook.com\/dicodusport","https:\/\/x.com\/dicodusport","https:\/\/www.instagram.com\/dicodusport\/","https:\/\/www.youtube.com\/channel\/UC7V2KZ5sd3htJivAbA4ZG3w"],"description":"Dicodusport est l'encyclop\u00e9die de l'actualit\u00e9 sportive.","email":"bonjour@dicodusport.fr","legalName":"DICODUSPORT","foundingDate":"2018-01-14","vatID":"FR71834470973","taxID":"83447097300043","numberOfEmployees":{"@type":"QuantitativeValue","minValue":"1","maxValue":"10"}},{"@type":"Person","@id":"https:\/\/dicodusport.fr\/blog\/#\/schema\/person\/ff2feeb71ea78ad31eeb3390ffe96b46","name":"Killian Tanguy","image":{"@type":"ImageObject","inLanguage":"fr-FR","@id":"https:\/\/dicodusport.fr\/blog\/#\/schema\/person\/image\/","url":"https:\/\/dicodusport.fr\/blog\/wp-content\/uploads\/2022\/12\/Killian-Tanguy-150x150.png","contentUrl":"https:\/\/dicodusport.fr\/blog\/wp-content\/uploads\/2022\/12\/Killian-Tanguy-150x150.png","caption":"Killian Tanguy"},"description":"Journaliste qui parle de tout et surtout de sport. Rugby, handball, sports d'hiver, football, cyclisme... Et ce que j'aime par-dessus tout : couvrir une discipline que je ne connais pas. Rien de mieux pour s'enrichir et apprendre.","sameAs":["https:\/\/killiantanguy.wixsite.com\/monsite","https:\/\/www.facebook.com\/profile.php?id=100009753662352","https:\/\/www.instagram.com\/sport.killiantanguy\/","https:\/\/www.linkedin.com\/in\/killiantanguy\/","https:\/\/x.com\/https:\/\/twitter.com\/sport_ktanguy","https:\/\/www.youtube.com\/channel\/UCRfZkHKJL0wK7wvnJjCry-Q"],"url":"https:\/\/dicodusport.fr\/blog\/author\/killian-tanguy\/"}]}},"_links":{"self":[{"href":"https:\/\/dicodusport.fr\/blog\/wp-json\/wp\/v2\/posts\/560835","targetHints":{"allow":["GET"]}}],"collection":[{"href":"https:\/\/dicodusport.fr\/blog\/wp-json\/wp\/v2\/posts"}],"about":[{"href":"https:\/\/dicodusport.fr\/blog\/wp-json\/wp\/v2\/types\/post"}],"author":[{"embeddable":true,"href":"https:\/\/dicodusport.fr\/blog\/wp-json\/wp\/v2\/users\/80"}],"replies":[{"embeddable":true,"href":"https:\/\/dicodusport.fr\/blog\/wp-json\/wp\/v2\/comments?post=560835"}],"version-history":[{"count":6,"href":"https:\/\/dicodusport.fr\/blog\/wp-json\/wp\/v2\/posts\/560835\/revisions"}],"predecessor-version":[{"id":560928,"href":"https:\/\/dicodusport.fr\/blog\/wp-json\/wp\/v2\/posts\/560835\/revisions\/560928"}],"wp:featuredmedia":[{"embeddable":true,"href":"https:\/\/dicodusport.fr\/blog\/wp-json\/wp\/v2\/media\/560918"}],"wp:attachment":[{"href":"https:\/\/dicodusport.fr\/blog\/wp-json\/wp\/v2\/media?parent=560835"}],"wp:term":[{"taxonomy":"category","embeddable":true,"href":"https:\/\/dicodusport.fr\/blog\/wp-json\/wp\/v2\/categories?post=560835"},{"taxonomy":"post_tag","embeddable":true,"href":"https:\/\/dicodusport.fr\/blog\/wp-json\/wp\/v2\/tags?post=560835"}],"curies":[{"name":"wp","href":"https:\/\/api.w.org\/{rel}","templated":true}]}}