{"id":560953,"date":"2025-03-03T16:21:34","date_gmt":"2025-03-03T15:21:34","guid":{"rendered":"https:\/\/dicodusport.fr\/blog\/?p=560953&#038;preview=true&#038;preview_id=560953"},"modified":"2025-07-09T18:34:02","modified_gmt":"2025-07-09T16:34:02","slug":"mondiaux-jeunes-juniors-de-biathlon-2025-kasper-kalkenberg-champion-du-monde-juniors-de-la-mass-start-60-les-bleuets-hors-du-coup","status":"publish","type":"post","link":"https:\/\/dicodusport.fr\/blog\/mondiaux-jeunes-juniors-de-biathlon-2025-kasper-kalkenberg-champion-du-monde-juniors-de-la-mass-start-60-les-bleuets-hors-du-coup\/","title":{"rendered":"Mondiaux Jeunes\/Juniors de biathlon 2025 : Kasper Kalkenberg champion du monde juniors de la mass start 60, les Bleuets hors du coup"},"content":{"rendered":"<h4 style=\"text-align: justify;\"><em>CHAMPIONNATS DU MONDE DE BIATHLON JEUNES ET JUNIORS 2025 &#8211; Apr\u00e8s l\u2019argent sur l\u2019individuel, Kasper Kalkenberg s\u2019empare du titre sur la mass start 60. Le Norv\u00e9gien a d\u00e9pos\u00e9 Klemettinen dans le dernier tour, Petr Hak prend la 3<sup>\u00e8me<\/sup> place. Ga\u00ebtan Paturel, premier Fran\u00e7ais termine 6<sup>\u00e8me<\/sup> mais les Bleuets ont globalement manqu\u00e9 leur course.<\/em><\/h4>\n<ul style=\"text-align: justify;\">\n<li style=\"text-align: justify;\"><strong>\u00c0 ce sujet \u2013 <a href=\"https:\/\/dicodusport.fr\/blog\/championnats-du-monde-de-biathlon-jeunes-et-juniors-2025-le-programme-complet-des-epreuves\/\">Championnats du Monde de Biathlon Jeunes et Juniors 2025 : Le Programme Complet des \u00c9preuves<\/a><\/strong><\/li>\n<\/ul>\n<p style=\"text-align: justify;\"><strong>Edgar Geny<\/strong>, <strong>Axel Garnier<\/strong>, <strong>Ga\u00ebtan Paturel<\/strong> et <strong>Corentin Jacob<\/strong> voulaient cl\u00f4turer la journ\u00e9e ensoleill\u00e9e des Fran\u00e7ais sur une bonne note. Jusque-l\u00e0 sur tous les podiums de ce lundi avec notamment deux titres dont <a href=\"https:\/\/dicodusport.fr\/blog\/mondiaux-jeunes-juniors-de-biathlon-2025-triple-francais-sur-la-mass-start-60-jeunes-leo-carlier-titre\/\">un tripl\u00e9<\/a>, l\u2019\u00e9quipe de France manquait encore de m\u00e9daille dans la comp\u00e9tition sur les courses individuelles masculines juniors, l\u2019individuel et le sprint ayant \u00e9t\u00e9 remport\u00e9 par la Norv\u00e8ge. Jamais deux sans trois\u2026<\/p>\n<ul>\n<li><strong>\u00c0 voir \u00e9galement &#8211; <a href=\"https:\/\/dicodusport.fr\/blog\/biathlon-mondiaux-jeunes-juniors-2025-classement-mass-start-60-hommes-juniors\/\">Le classement de la mass start 60 hommes juniors des championnats du monde 2025<\/a><\/strong><\/li>\n<\/ul>\n<h2 style=\"text-align: justify;\">Les biathl\u00e8tes voient rouge<\/h2>\n<p style=\"text-align: justify;\">Dans une mass start -et m\u00eame une journ\u00e9e- o\u00f9 le principal n\u2019est pas de tirer bien mais surtout mieux que les autres, <strong>Haavard Tosterud<\/strong> fait le bon coup sur le premier couch\u00e9. Avec le plein, il ressort en t\u00eate et emm\u00e8ne dans ses skis Borgula et Aas. Ces deux derniers sont vite rattrap\u00e9s par ceux qui ont limit\u00e9 la casse avec une erreur, <strong>Edgar Geny<\/strong> et <strong>Kasper Kalkenberg<\/strong> notamment. Mais l\u2019\u00e9preuve est encore longue et les cartes sont une nouvelles fois rebattues tandis que les conditions se durcissent davantage.<\/p>\n<blockquote class=\"twitter-tweet\">\n<p dir=\"ltr\" lang=\"fi\">Junior Worlds Men\u2019s Mass 60<br \/>\n\ud83e\udd47Kasper Kalkenberg \ud83c\uddf3\ud83c\uddf4 05<br \/>\n\ud83e\udd48Jimi Klemettinen \ud83c\uddeb\ud83c\uddee 05<br \/>\n\ud83e\udd49Pete Hak \ud83c\udde8\ud83c\uddff 03<br \/>\n4) Andreas Aas \ud83c\uddf3\ud83c\uddf4 03<br \/>\n5) Bohdon Borkovskyi \ud83c\uddfa\ud83c\udde6 04<br \/>\n6) Gaetan Paturel \ud83c\uddeb\ud83c\uddf7 03<br \/>\n7) Matija Legovic \ud83c\udded\ud83c\uddf7 05<br \/>\n8) Sivert Gerhardsen \ud83c\uddf3\ud83c\uddf4 04<br \/>\n9) Thomas Marchl \ud83c\udde6\ud83c\uddf9 05<br \/>\n10) Elias Seidl \ud83c\udde9\ud83c\uddea 04<a href=\"https:\/\/twitter.com\/hashtag\/biathlon?src=hash&amp;ref_src=twsrc%5Etfw\">#biathlon<\/a><\/p>\n<p>\u2014 Penalty Loop (@penaltyloop) <a href=\"https:\/\/twitter.com\/penaltyloop\/status\/1896582702314459373?ref_src=twsrc%5Etfw\">March 3, 2025<\/a><\/p><\/blockquote>\n<p><script async src=\"https:\/\/platform.twitter.com\/widgets.js\" charset=\"utf-8\"><\/script><\/p>\n<p style=\"text-align: justify;\">Fort d\u2019un 10\/10, <strong>Andreas Aas<\/strong> reprend la priorit\u00e9 juste devant son compatriote Tosterud. Derri\u00e8re, tout le monde ou presque voit rouge. C\u2019est le cas des Fran\u00e7ais, trois d\u2019entre eux affichant d\u00e9j\u00e0 4 fautes totales, 5 pour <strong>Axel Garnier<\/strong> \u00e0 mi-course. Sous la neige et les rafales, les tirs debout n\u2019ont pas arrang\u00e9 les affaires des Bleuets qui ont continu\u00e9 de sombrer. Imperturbable en revanche, <strong>Kalkengerg<\/strong> blanchit les cinq cibles avant de s\u2019offrir un peu de marge pour la derni\u00e8re salve. Malgr\u00e9 un \u00e9chec sur celle-ci et rejoint par <strong>Klemettinen<\/strong>, le Norv\u00e9gien a domin\u00e9 le dernier tour pour couper la ligne en 1<sup>\u00e8re<\/sup> position. Le Tch\u00e8que <strong>Petr Hak<\/strong> prend la 3<sup>\u00e8me<\/sup> place avec un 15\/20.<\/p>\n<h2 style=\"text-align: justify;\">Les Bleuets hors du coup<\/h2>\n<p style=\"text-align: justify;\">\u00c0 l\u2019image de leurs adversaires, les Bleuets ont commis bien trop d\u2019erreur pour esp\u00e9rer quoi que ce soit. <strong>Ga\u00ebtan Paturel<\/strong> s\u2019en sort bien avec le top 6 malgr\u00e9 son 13\/20. M\u00eame score pour <strong>Corentin Jacob<\/strong> quelques rangs plus loin (12<sup>\u00e8me<\/sup>). Biathl\u00e8te le plus rapide sur la piste, <strong>Edgar Geny<\/strong> peut lui aussi nourrir quelques regrets. Avec 11 fautes, (11\u00a0!), il termine 28<sup>\u00e8me<\/sup>. <strong>Axel Garnier<\/strong> finit quant \u00e0 lui 31<sup>\u00e8me<\/sup> (12\/20).<\/p>\n<blockquote class=\"twitter-tweet\">\n<p dir=\"ltr\" lang=\"fr\">R\u00e9sultat d\u2019ensemble de la Mass Start 60 \ud83d\udeb9 U22 des Championnats du monde Jeunes \/ Juniors \ud83c\uddf8\ud83c\uddea<\/p>\n<p>#6 Paturel \ud83c\uddeb\ud83c\uddf7 13\/20<br \/>\n#12 Jacob \ud83c\uddeb\ud83c\uddf7 13\/20<br \/>\n#28 Geny \ud83c\uddeb\ud83c\uddf7 9\/20<br \/>\n#31 Garnier \ud83c\uddeb\ud83c\uddf7 12\/20<\/p>\n<p>\u2014 Biathlon_FRA\ud83c\udfbf (@Biathlon_FRA) <a href=\"https:\/\/twitter.com\/Biathlon_FRA\/status\/1896581270249120148?ref_src=twsrc%5Etfw\">March 3, 2025<\/a><\/p><\/blockquote>\n<p><script async src=\"https:\/\/platform.twitter.com\/widgets.js\" charset=\"utf-8\"><\/script><\/p>\n<h2 style=\"text-align: justify;\">\u00c0 ce sujet<\/h2>\n<ul style=\"text-align: justify;\">\n<li style=\"text-align: justify;\"><a href=\"https:\/\/dicodusport.fr\/blog\/biathlon-mondiaux-jeunes-et-juniors-2025-tous-les-resultats-et-classements\/\"><strong>Tous les R\u00e9sultats et Classements des championnats du monde jeunes\/juniors 2025<\/strong><\/a><\/li>\n<\/ul>\n<div class=\"vlp-link-container vlp-layout-article\"><a href=\"https:\/\/dicodusport.fr\/blog\/biathlon-mondiaux-jeunes-juniors-2025-le-tableau-des-medailles-mis-a-jour\/\" class=\"vlp-link\" title=\"Biathlon \u2013 Mondiaux Jeunes &amp; Juniors 2025 : Le Tableau des M\u00e9dailles Mis \u00e0 Jour\"><\/a><div class=\"vlp-layout-zone-side\"><div class=\"vlp-block-4 vlp-link-image\"><img loading=\"lazy\" decoding=\"async\" style=\"max-width: 792px;\" width=\"792\" height=\"445\" src=\"https:\/\/dicodusport.fr\/blog\/wp-content\/uploads\/2025\/02\/Biathlon-Combien-rapporte-un-titre-de-champion-du-monde-en-2025-Le-detail-des-primes.png\" class=\"attachment-800x445 size-800x445\" alt=\"Biathlon \u2013 Mondiaux Jeunes &amp; Juniors 2025 : Le Tableau des M\u00e9dailles Mis \u00e0 Jour\" srcset=\"https:\/\/dicodusport.fr\/blog\/wp-content\/uploads\/2025\/02\/Biathlon-Combien-rapporte-un-titre-de-champion-du-monde-en-2025-Le-detail-des-primes.png 1200w, https:\/\/dicodusport.fr\/blog\/wp-content\/uploads\/2025\/02\/Biathlon-Combien-rapporte-un-titre-de-champion-du-monde-en-2025-Le-detail-des-primes-300x169.png 300w, https:\/\/dicodusport.fr\/blog\/wp-content\/uploads\/2025\/02\/Biathlon-Combien-rapporte-un-titre-de-champion-du-monde-en-2025-Le-detail-des-primes-1024x575.png 1024w, https:\/\/dicodusport.fr\/blog\/wp-content\/uploads\/2025\/02\/Biathlon-Combien-rapporte-un-titre-de-champion-du-monde-en-2025-Le-detail-des-primes-768x431.png 768w\" sizes=\"auto, (max-width: 792px) 100vw, 792px\" \/><\/div><\/div><div class=\"vlp-layout-zone-main\"><div class=\"vlp-block-0 vlp-link-title\">Biathlon \u2013 Mondiaux Jeunes &amp; Juniors 2025 : Le Tableau des M\u00e9dailles Mis \u00e0 Jour<\/div><div class=\"vlp-block-1 vlp-link-summary\">Retrouvez le tableau des m\u00e9dailles complet des Mondiaux de biathlon jeunes et juniors 2025 qui se d\u00e9roulent \u00e0 Ostersund (Su\u00e8de).<\/div><div class=\"vlp-block-2 vlp-link-button\">Lire l'article<\/div><div class=\"vlp-block-3 vlp-link-url\">dicodusport.fr<\/div><\/div><\/div>\n","protected":false},"excerpt":{"rendered":"<p>CHAMPIONNATS DU MONDE DE BIATHLON JEUNES ET JUNIORS 2025 &#8211; Apr\u00e8s l\u2019argent sur l\u2019individuel, Kasper Kalkenberg s\u2019empare du titre sur la mass start 60. Le Norv\u00e9gien a d\u00e9pos\u00e9 Klemettinen dans le dernier tour, Petr Hak prend la 3\u00e8me place. Ga\u00ebtan Paturel, premier Fran\u00e7ais termine 7\u00e8me mais les Bleuets ont globalement manqu\u00e9 leur course.<\/p>\n","protected":false},"author":18,"featured_media":560965,"comment_status":"open","ping_status":"closed","sticky":false,"template":"","format":"standard","meta":{"_acf_changed":false,"_daextam_enable_autolinks":"1","footnotes":""},"categories":[2426],"tags":[2427,44982,16878,45132],"class_list":["post-560953","post","type-post","status-publish","format-standard","has-post-thumbnail","hentry","category-biathlon","tag-biathlon","tag-biathlon-ostersdund","tag-breve","tag-mass-start-60"],"acf":[],"yoast_head":"<!-- This site is optimized with the Yoast SEO Premium plugin v26.7 (Yoast SEO v26.7) - https:\/\/yoast.com\/wordpress\/plugins\/seo\/ -->\n<title>Mondiaux Jeunes\/Juniors de biathlon 2025 : Kasper Kalkenberg champion du monde juniors de la mass start 60, les Bleuets hors du coup<\/title>\n<meta name=\"description\" content=\"CHAMPIONNATS DU MONDE DE BIATHLON JEUNES ET JUNIORS 2025 - Kasper Kalkenberg s\u2019empare du titre sur la mass start 60.\" \/>\n<meta name=\"robots\" content=\"index, follow, max-snippet:-1, max-image-preview:large, max-video-preview:-1\" \/>\n<link rel=\"canonical\" href=\"https:\/\/dicodusport.fr\/blog\/mondiaux-jeunes-juniors-de-biathlon-2025-kasper-kalkenberg-champion-du-monde-juniors-de-la-mass-start-60-les-bleuets-hors-du-coup\/\" \/>\n<meta property=\"og:locale\" content=\"fr_FR\" \/>\n<meta property=\"og:type\" content=\"article\" \/>\n<meta property=\"og:title\" content=\"Mondiaux Jeunes\/Juniors de biathlon 2025 : Kasper Kalkenberg champion du monde juniors de la mass start 60, les Bleuets hors du coup\" \/>\n<meta property=\"og:description\" content=\"CHAMPIONNATS DU MONDE DE BIATHLON JEUNES ET JUNIORS 2025 - Kasper Kalkenberg s\u2019empare du titre sur la mass start 60.\" \/>\n<meta property=\"og:url\" content=\"https:\/\/dicodusport.fr\/blog\/mondiaux-jeunes-juniors-de-biathlon-2025-kasper-kalkenberg-champion-du-monde-juniors-de-la-mass-start-60-les-bleuets-hors-du-coup\/\" \/>\n<meta property=\"og:site_name\" content=\"Dicodusport\" \/>\n<meta property=\"article:publisher\" content=\"https:\/\/www.facebook.com\/dicodusport\" \/>\n<meta property=\"article:author\" content=\"https:\/\/www.facebook.com\/soocube\" \/>\n<meta property=\"article:published_time\" content=\"2025-03-03T15:21:34+00:00\" \/>\n<meta property=\"article:modified_time\" content=\"2025-07-09T16:34:02+00:00\" \/>\n<meta property=\"og:image\" content=\"https:\/\/dicodusport.fr\/blog\/wp-content\/uploads\/2025\/03\/Mondiaux-JeunesJuniors-de-biathlon-2025-Kasper-Kalkenberg-champion-du-monde-juniors-de-la-mass-start-60-les-Bleuets-hors-du-coup.png\" \/>\n\t<meta property=\"og:image:width\" content=\"1200\" \/>\n\t<meta property=\"og:image:height\" content=\"674\" \/>\n\t<meta property=\"og:image:type\" content=\"image\/png\" \/>\n<meta name=\"author\" content=\"Sophie Clapier\" \/>\n<meta name=\"twitter:card\" content=\"summary_large_image\" \/>\n<meta name=\"twitter:title\" content=\"Mondiaux Jeunes\/Juniors de biathlon 2025 : Kasper Kalkenberg champion du monde juniors de la mass start 60, les Bleuets hors du coup\" \/>\n<meta name=\"twitter:creator\" content=\"@https:\/\/twitter.com\/soocube\" \/>\n<meta name=\"twitter:site\" content=\"@dicodusport\" \/>\n<script type=\"application\/ld+json\" class=\"yoast-schema-graph\">{\"@context\":\"https:\/\/schema.org\",\"@graph\":[{\"@type\":\"NewsArticle\",\"@id\":\"https:\/\/dicodusport.fr\/blog\/mondiaux-jeunes-juniors-de-biathlon-2025-kasper-kalkenberg-champion-du-monde-juniors-de-la-mass-start-60-les-bleuets-hors-du-coup\/#article\",\"isPartOf\":{\"@id\":\"https:\/\/dicodusport.fr\/blog\/mondiaux-jeunes-juniors-de-biathlon-2025-kasper-kalkenberg-champion-du-monde-juniors-de-la-mass-start-60-les-bleuets-hors-du-coup\/\"},\"author\":{\"name\":\"Sophie Clapier\",\"@id\":\"https:\/\/dicodusport.fr\/blog\/#\/schema\/person\/416c975648aca9da8839bdfe333a21c9\"},\"headline\":\"Mondiaux Jeunes\/Juniors de biathlon 2025 : Kasper Kalkenberg champion du monde juniors de la mass start 60, les Bleuets hors du coup\",\"datePublished\":\"2025-03-03T15:21:34+00:00\",\"dateModified\":\"2025-07-09T16:34:02+00:00\",\"mainEntityOfPage\":{\"@id\":\"https:\/\/dicodusport.fr\/blog\/mondiaux-jeunes-juniors-de-biathlon-2025-kasper-kalkenberg-champion-du-monde-juniors-de-la-mass-start-60-les-bleuets-hors-du-coup\/\"},\"wordCount\":631,\"commentCount\":0,\"publisher\":{\"@id\":\"https:\/\/dicodusport.fr\/blog\/#organization\"},\"image\":{\"@id\":\"https:\/\/dicodusport.fr\/blog\/mondiaux-jeunes-juniors-de-biathlon-2025-kasper-kalkenberg-champion-du-monde-juniors-de-la-mass-start-60-les-bleuets-hors-du-coup\/#primaryimage\"},\"thumbnailUrl\":\"https:\/\/dicodusport.fr\/blog\/wp-content\/uploads\/2025\/03\/Mondiaux-JeunesJuniors-de-biathlon-2025-Kasper-Kalkenberg-champion-du-monde-juniors-de-la-mass-start-60-les-Bleuets-hors-du-coup.png\",\"keywords\":[\"Biathlon\",\"Biathlon Ostersdund\",\"br\u00e8ve\",\"Mass start 60\"],\"articleSection\":[\"Biathlon\"],\"inLanguage\":\"fr-FR\",\"potentialAction\":[{\"@type\":\"CommentAction\",\"name\":\"Comment\",\"target\":[\"https:\/\/dicodusport.fr\/blog\/mondiaux-jeunes-juniors-de-biathlon-2025-kasper-kalkenberg-champion-du-monde-juniors-de-la-mass-start-60-les-bleuets-hors-du-coup\/#respond\"]}],\"copyrightYear\":\"2025\",\"copyrightHolder\":{\"@id\":\"https:\/\/dicodusport.fr\/blog\/#organization\"}},{\"@type\":\"WebPage\",\"@id\":\"https:\/\/dicodusport.fr\/blog\/mondiaux-jeunes-juniors-de-biathlon-2025-kasper-kalkenberg-champion-du-monde-juniors-de-la-mass-start-60-les-bleuets-hors-du-coup\/\",\"url\":\"https:\/\/dicodusport.fr\/blog\/mondiaux-jeunes-juniors-de-biathlon-2025-kasper-kalkenberg-champion-du-monde-juniors-de-la-mass-start-60-les-bleuets-hors-du-coup\/\",\"name\":\"Mondiaux Jeunes\/Juniors de biathlon 2025 : Kasper Kalkenberg champion du monde juniors de la mass start 60, les Bleuets hors du coup\",\"isPartOf\":{\"@id\":\"https:\/\/dicodusport.fr\/blog\/#website\"},\"primaryImageOfPage\":{\"@id\":\"https:\/\/dicodusport.fr\/blog\/mondiaux-jeunes-juniors-de-biathlon-2025-kasper-kalkenberg-champion-du-monde-juniors-de-la-mass-start-60-les-bleuets-hors-du-coup\/#primaryimage\"},\"image\":{\"@id\":\"https:\/\/dicodusport.fr\/blog\/mondiaux-jeunes-juniors-de-biathlon-2025-kasper-kalkenberg-champion-du-monde-juniors-de-la-mass-start-60-les-bleuets-hors-du-coup\/#primaryimage\"},\"thumbnailUrl\":\"https:\/\/dicodusport.fr\/blog\/wp-content\/uploads\/2025\/03\/Mondiaux-JeunesJuniors-de-biathlon-2025-Kasper-Kalkenberg-champion-du-monde-juniors-de-la-mass-start-60-les-Bleuets-hors-du-coup.png\",\"datePublished\":\"2025-03-03T15:21:34+00:00\",\"dateModified\":\"2025-07-09T16:34:02+00:00\",\"description\":\"CHAMPIONNATS DU MONDE DE BIATHLON JEUNES ET JUNIORS 2025 - Kasper Kalkenberg s\u2019empare du titre sur la mass start 60.\",\"breadcrumb\":{\"@id\":\"https:\/\/dicodusport.fr\/blog\/mondiaux-jeunes-juniors-de-biathlon-2025-kasper-kalkenberg-champion-du-monde-juniors-de-la-mass-start-60-les-bleuets-hors-du-coup\/#breadcrumb\"},\"inLanguage\":\"fr-FR\",\"potentialAction\":[{\"@type\":\"ReadAction\",\"target\":[\"https:\/\/dicodusport.fr\/blog\/mondiaux-jeunes-juniors-de-biathlon-2025-kasper-kalkenberg-champion-du-monde-juniors-de-la-mass-start-60-les-bleuets-hors-du-coup\/\"]}]},{\"@type\":\"ImageObject\",\"inLanguage\":\"fr-FR\",\"@id\":\"https:\/\/dicodusport.fr\/blog\/mondiaux-jeunes-juniors-de-biathlon-2025-kasper-kalkenberg-champion-du-monde-juniors-de-la-mass-start-60-les-bleuets-hors-du-coup\/#primaryimage\",\"url\":\"https:\/\/dicodusport.fr\/blog\/wp-content\/uploads\/2025\/03\/Mondiaux-JeunesJuniors-de-biathlon-2025-Kasper-Kalkenberg-champion-du-monde-juniors-de-la-mass-start-60-les-Bleuets-hors-du-coup.png\",\"contentUrl\":\"https:\/\/dicodusport.fr\/blog\/wp-content\/uploads\/2025\/03\/Mondiaux-JeunesJuniors-de-biathlon-2025-Kasper-Kalkenberg-champion-du-monde-juniors-de-la-mass-start-60-les-Bleuets-hors-du-coup.png\",\"width\":1200,\"height\":674,\"caption\":\"Mondiaux JeunesJuniors de biathlon 2025 Kasper Kalkenberg champion du monde juniors de la mass start 60, les Bleuets hors du coup\"},{\"@type\":\"BreadcrumbList\",\"@id\":\"https:\/\/dicodusport.fr\/blog\/mondiaux-jeunes-juniors-de-biathlon-2025-kasper-kalkenberg-champion-du-monde-juniors-de-la-mass-start-60-les-bleuets-hors-du-coup\/#breadcrumb\",\"itemListElement\":[{\"@type\":\"ListItem\",\"position\":1,\"name\":\"Accueil\",\"item\":\"https:\/\/dicodusport.fr\/blog\/\"},{\"@type\":\"ListItem\",\"position\":2,\"name\":\"Mondiaux Jeunes\/Juniors de biathlon 2025 : Kasper Kalkenberg champion du monde juniors de la mass start 60, les Bleuets hors du coup\"}]},{\"@type\":\"WebSite\",\"@id\":\"https:\/\/dicodusport.fr\/blog\/#website\",\"url\":\"https:\/\/dicodusport.fr\/blog\/\",\"name\":\"Dicodusport\",\"description\":\"L&#039;encyclop\u00e9die de l&#039;actualit\u00e9 sportive\",\"publisher\":{\"@id\":\"https:\/\/dicodusport.fr\/blog\/#organization\"},\"potentialAction\":[{\"@type\":\"SearchAction\",\"target\":{\"@type\":\"EntryPoint\",\"urlTemplate\":\"https:\/\/dicodusport.fr\/blog\/?s={search_term_string}\"},\"query-input\":{\"@type\":\"PropertyValueSpecification\",\"valueRequired\":true,\"valueName\":\"search_term_string\"}}],\"inLanguage\":\"fr-FR\"},{\"@type\":\"NewsMediaOrganization\",\"@id\":\"https:\/\/dicodusport.fr\/blog\/#organization\",\"name\":\"Dicodusport\",\"url\":\"https:\/\/dicodusport.fr\/blog\/\",\"logo\":{\"@type\":\"ImageObject\",\"inLanguage\":\"fr-FR\",\"@id\":\"https:\/\/dicodusport.fr\/blog\/#\/schema\/logo\/image\/\",\"url\":\"https:\/\/dicodusport.fr\/blog\/wp-content\/uploads\/2020\/06\/cropped-LOGO-DICODUSPORT-2020-SANS-FOND-SANS-TEXTE.png\",\"contentUrl\":\"https:\/\/dicodusport.fr\/blog\/wp-content\/uploads\/2020\/06\/cropped-LOGO-DICODUSPORT-2020-SANS-FOND-SANS-TEXTE.png\",\"width\":512,\"height\":512,\"caption\":\"Dicodusport\"},\"image\":{\"@id\":\"https:\/\/dicodusport.fr\/blog\/#\/schema\/logo\/image\/\"},\"sameAs\":[\"https:\/\/www.facebook.com\/dicodusport\",\"https:\/\/x.com\/dicodusport\",\"https:\/\/www.instagram.com\/dicodusport\/\",\"https:\/\/www.youtube.com\/channel\/UC7V2KZ5sd3htJivAbA4ZG3w\"],\"description\":\"Dicodusport est l'encyclop\u00e9die de l'actualit\u00e9 sportive.\",\"email\":\"bonjour@dicodusport.fr\",\"legalName\":\"DICODUSPORT\",\"foundingDate\":\"2018-01-14\",\"vatID\":\"FR71834470973\",\"taxID\":\"83447097300043\",\"numberOfEmployees\":{\"@type\":\"QuantitativeValue\",\"minValue\":\"1\",\"maxValue\":\"10\"}},{\"@type\":\"Person\",\"@id\":\"https:\/\/dicodusport.fr\/blog\/#\/schema\/person\/416c975648aca9da8839bdfe333a21c9\",\"name\":\"Sophie Clapier\",\"image\":{\"@type\":\"ImageObject\",\"inLanguage\":\"fr-FR\",\"@id\":\"https:\/\/dicodusport.fr\/blog\/#\/schema\/person\/image\/\",\"url\":\"https:\/\/dicodusport.fr\/blog\/wp-content\/uploads\/2021\/05\/Sophie-Clapier-150x150.jpg\",\"contentUrl\":\"https:\/\/dicodusport.fr\/blog\/wp-content\/uploads\/2021\/05\/Sophie-Clapier-150x150.jpg\",\"caption\":\"Sophie Clapier\"},\"description\":\"Journaliste\/r\u00e9dactrice depuis janvier 2016 - Passionn\u00e9e de sport depuis toujours, j\u2019en ai pratiqu\u00e9 quelques-uns. Judo, football, handball ou encore tennis, je n\u2019ai jamais pu me mettre d\u2019accord sur un en particulier. Mais \u00e7a, c\u2019\u00e9tait avant de d\u00e9couvrir le basket, devenu mon sport de pr\u00e9dilection. Les actions NBA, le All-Star Week-end, la fureur des Game 7 pendant les playoffs ou mieux, lors des Finals, this is why we play. Team Spurs T.P, je m\u2019accroche encore \u00e0 Gregg Popovich (don\u2019t leave !). Team chef Curry, je souhaite qu\u2019il finisse aux Warriors (staaaay !). Non, il n\u2019y a pas qu\u2019eux, des petits nouveaux -et des petites nouvelles \u00e9videmment- arrivent chaque jour dans toutes les disciplines et cr\u00e9ent de nouveaux exploits. Alors pour les grands \u00e9v\u00e9nements et comp\u00e9titions internationales, vive les pulsations 240\/minutes et le d\u00e9fibrillateur pas loin, et allez les Bleu(e)s ! C\u2019est s\u00fbr, j\u2019aurai plus vu ma vie sur un terrain de sport, mais \u00e0 d\u00e9faut d\u2019en faire en haut niveau, je le partage avec vous.\",\"sameAs\":[\"https:\/\/www.facebook.com\/soocube\",\"https:\/\/x.com\/https:\/\/twitter.com\/soocube\",\"admin\"],\"url\":\"https:\/\/dicodusport.fr\/blog\/author\/sophie\/\"}]}<\/script>\n<!-- \/ Yoast SEO Premium plugin. -->","yoast_head_json":{"title":"Mondiaux Jeunes\/Juniors de biathlon 2025 : Kasper Kalkenberg champion du monde juniors de la mass start 60, les Bleuets hors du coup","description":"CHAMPIONNATS DU MONDE DE BIATHLON JEUNES ET JUNIORS 2025 - Kasper Kalkenberg s\u2019empare du titre sur la mass start 60.","robots":{"index":"index","follow":"follow","max-snippet":"max-snippet:-1","max-image-preview":"max-image-preview:large","max-video-preview":"max-video-preview:-1"},"canonical":"https:\/\/dicodusport.fr\/blog\/mondiaux-jeunes-juniors-de-biathlon-2025-kasper-kalkenberg-champion-du-monde-juniors-de-la-mass-start-60-les-bleuets-hors-du-coup\/","og_locale":"fr_FR","og_type":"article","og_title":"Mondiaux Jeunes\/Juniors de biathlon 2025 : Kasper Kalkenberg champion du monde juniors de la mass start 60, les Bleuets hors du coup","og_description":"CHAMPIONNATS DU MONDE DE BIATHLON JEUNES ET JUNIORS 2025 - Kasper Kalkenberg s\u2019empare du titre sur la mass start 60.","og_url":"https:\/\/dicodusport.fr\/blog\/mondiaux-jeunes-juniors-de-biathlon-2025-kasper-kalkenberg-champion-du-monde-juniors-de-la-mass-start-60-les-bleuets-hors-du-coup\/","og_site_name":"Dicodusport","article_publisher":"https:\/\/www.facebook.com\/dicodusport","article_author":"https:\/\/www.facebook.com\/soocube","article_published_time":"2025-03-03T15:21:34+00:00","article_modified_time":"2025-07-09T16:34:02+00:00","og_image":[{"width":1200,"height":674,"url":"https:\/\/dicodusport.fr\/blog\/wp-content\/uploads\/2025\/03\/Mondiaux-JeunesJuniors-de-biathlon-2025-Kasper-Kalkenberg-champion-du-monde-juniors-de-la-mass-start-60-les-Bleuets-hors-du-coup.png","type":"image\/png"}],"author":"Sophie Clapier","twitter_card":"summary_large_image","twitter_title":"Mondiaux Jeunes\/Juniors de biathlon 2025 : Kasper Kalkenberg champion du monde juniors de la mass start 60, les Bleuets hors du coup","twitter_creator":"@https:\/\/twitter.com\/soocube","twitter_site":"@dicodusport","schema":{"@context":"https:\/\/schema.org","@graph":[{"@type":"NewsArticle","@id":"https:\/\/dicodusport.fr\/blog\/mondiaux-jeunes-juniors-de-biathlon-2025-kasper-kalkenberg-champion-du-monde-juniors-de-la-mass-start-60-les-bleuets-hors-du-coup\/#article","isPartOf":{"@id":"https:\/\/dicodusport.fr\/blog\/mondiaux-jeunes-juniors-de-biathlon-2025-kasper-kalkenberg-champion-du-monde-juniors-de-la-mass-start-60-les-bleuets-hors-du-coup\/"},"author":{"name":"Sophie Clapier","@id":"https:\/\/dicodusport.fr\/blog\/#\/schema\/person\/416c975648aca9da8839bdfe333a21c9"},"headline":"Mondiaux Jeunes\/Juniors de biathlon 2025 : Kasper Kalkenberg champion du monde juniors de la mass start 60, les Bleuets hors du coup","datePublished":"2025-03-03T15:21:34+00:00","dateModified":"2025-07-09T16:34:02+00:00","mainEntityOfPage":{"@id":"https:\/\/dicodusport.fr\/blog\/mondiaux-jeunes-juniors-de-biathlon-2025-kasper-kalkenberg-champion-du-monde-juniors-de-la-mass-start-60-les-bleuets-hors-du-coup\/"},"wordCount":631,"commentCount":0,"publisher":{"@id":"https:\/\/dicodusport.fr\/blog\/#organization"},"image":{"@id":"https:\/\/dicodusport.fr\/blog\/mondiaux-jeunes-juniors-de-biathlon-2025-kasper-kalkenberg-champion-du-monde-juniors-de-la-mass-start-60-les-bleuets-hors-du-coup\/#primaryimage"},"thumbnailUrl":"https:\/\/dicodusport.fr\/blog\/wp-content\/uploads\/2025\/03\/Mondiaux-JeunesJuniors-de-biathlon-2025-Kasper-Kalkenberg-champion-du-monde-juniors-de-la-mass-start-60-les-Bleuets-hors-du-coup.png","keywords":["Biathlon","Biathlon Ostersdund","br\u00e8ve","Mass start 60"],"articleSection":["Biathlon"],"inLanguage":"fr-FR","potentialAction":[{"@type":"CommentAction","name":"Comment","target":["https:\/\/dicodusport.fr\/blog\/mondiaux-jeunes-juniors-de-biathlon-2025-kasper-kalkenberg-champion-du-monde-juniors-de-la-mass-start-60-les-bleuets-hors-du-coup\/#respond"]}],"copyrightYear":"2025","copyrightHolder":{"@id":"https:\/\/dicodusport.fr\/blog\/#organization"}},{"@type":"WebPage","@id":"https:\/\/dicodusport.fr\/blog\/mondiaux-jeunes-juniors-de-biathlon-2025-kasper-kalkenberg-champion-du-monde-juniors-de-la-mass-start-60-les-bleuets-hors-du-coup\/","url":"https:\/\/dicodusport.fr\/blog\/mondiaux-jeunes-juniors-de-biathlon-2025-kasper-kalkenberg-champion-du-monde-juniors-de-la-mass-start-60-les-bleuets-hors-du-coup\/","name":"Mondiaux Jeunes\/Juniors de biathlon 2025 : Kasper Kalkenberg champion du monde juniors de la mass start 60, les Bleuets hors du coup","isPartOf":{"@id":"https:\/\/dicodusport.fr\/blog\/#website"},"primaryImageOfPage":{"@id":"https:\/\/dicodusport.fr\/blog\/mondiaux-jeunes-juniors-de-biathlon-2025-kasper-kalkenberg-champion-du-monde-juniors-de-la-mass-start-60-les-bleuets-hors-du-coup\/#primaryimage"},"image":{"@id":"https:\/\/dicodusport.fr\/blog\/mondiaux-jeunes-juniors-de-biathlon-2025-kasper-kalkenberg-champion-du-monde-juniors-de-la-mass-start-60-les-bleuets-hors-du-coup\/#primaryimage"},"thumbnailUrl":"https:\/\/dicodusport.fr\/blog\/wp-content\/uploads\/2025\/03\/Mondiaux-JeunesJuniors-de-biathlon-2025-Kasper-Kalkenberg-champion-du-monde-juniors-de-la-mass-start-60-les-Bleuets-hors-du-coup.png","datePublished":"2025-03-03T15:21:34+00:00","dateModified":"2025-07-09T16:34:02+00:00","description":"CHAMPIONNATS DU MONDE DE BIATHLON JEUNES ET JUNIORS 2025 - Kasper Kalkenberg s\u2019empare du titre sur la mass start 60.","breadcrumb":{"@id":"https:\/\/dicodusport.fr\/blog\/mondiaux-jeunes-juniors-de-biathlon-2025-kasper-kalkenberg-champion-du-monde-juniors-de-la-mass-start-60-les-bleuets-hors-du-coup\/#breadcrumb"},"inLanguage":"fr-FR","potentialAction":[{"@type":"ReadAction","target":["https:\/\/dicodusport.fr\/blog\/mondiaux-jeunes-juniors-de-biathlon-2025-kasper-kalkenberg-champion-du-monde-juniors-de-la-mass-start-60-les-bleuets-hors-du-coup\/"]}]},{"@type":"ImageObject","inLanguage":"fr-FR","@id":"https:\/\/dicodusport.fr\/blog\/mondiaux-jeunes-juniors-de-biathlon-2025-kasper-kalkenberg-champion-du-monde-juniors-de-la-mass-start-60-les-bleuets-hors-du-coup\/#primaryimage","url":"https:\/\/dicodusport.fr\/blog\/wp-content\/uploads\/2025\/03\/Mondiaux-JeunesJuniors-de-biathlon-2025-Kasper-Kalkenberg-champion-du-monde-juniors-de-la-mass-start-60-les-Bleuets-hors-du-coup.png","contentUrl":"https:\/\/dicodusport.fr\/blog\/wp-content\/uploads\/2025\/03\/Mondiaux-JeunesJuniors-de-biathlon-2025-Kasper-Kalkenberg-champion-du-monde-juniors-de-la-mass-start-60-les-Bleuets-hors-du-coup.png","width":1200,"height":674,"caption":"Mondiaux JeunesJuniors de biathlon 2025 Kasper Kalkenberg champion du monde juniors de la mass start 60, les Bleuets hors du coup"},{"@type":"BreadcrumbList","@id":"https:\/\/dicodusport.fr\/blog\/mondiaux-jeunes-juniors-de-biathlon-2025-kasper-kalkenberg-champion-du-monde-juniors-de-la-mass-start-60-les-bleuets-hors-du-coup\/#breadcrumb","itemListElement":[{"@type":"ListItem","position":1,"name":"Accueil","item":"https:\/\/dicodusport.fr\/blog\/"},{"@type":"ListItem","position":2,"name":"Mondiaux Jeunes\/Juniors de biathlon 2025 : Kasper Kalkenberg champion du monde juniors de la mass start 60, les Bleuets hors du coup"}]},{"@type":"WebSite","@id":"https:\/\/dicodusport.fr\/blog\/#website","url":"https:\/\/dicodusport.fr\/blog\/","name":"Dicodusport","description":"L&#039;encyclop\u00e9die de l&#039;actualit\u00e9 sportive","publisher":{"@id":"https:\/\/dicodusport.fr\/blog\/#organization"},"potentialAction":[{"@type":"SearchAction","target":{"@type":"EntryPoint","urlTemplate":"https:\/\/dicodusport.fr\/blog\/?s={search_term_string}"},"query-input":{"@type":"PropertyValueSpecification","valueRequired":true,"valueName":"search_term_string"}}],"inLanguage":"fr-FR"},{"@type":"NewsMediaOrganization","@id":"https:\/\/dicodusport.fr\/blog\/#organization","name":"Dicodusport","url":"https:\/\/dicodusport.fr\/blog\/","logo":{"@type":"ImageObject","inLanguage":"fr-FR","@id":"https:\/\/dicodusport.fr\/blog\/#\/schema\/logo\/image\/","url":"https:\/\/dicodusport.fr\/blog\/wp-content\/uploads\/2020\/06\/cropped-LOGO-DICODUSPORT-2020-SANS-FOND-SANS-TEXTE.png","contentUrl":"https:\/\/dicodusport.fr\/blog\/wp-content\/uploads\/2020\/06\/cropped-LOGO-DICODUSPORT-2020-SANS-FOND-SANS-TEXTE.png","width":512,"height":512,"caption":"Dicodusport"},"image":{"@id":"https:\/\/dicodusport.fr\/blog\/#\/schema\/logo\/image\/"},"sameAs":["https:\/\/www.facebook.com\/dicodusport","https:\/\/x.com\/dicodusport","https:\/\/www.instagram.com\/dicodusport\/","https:\/\/www.youtube.com\/channel\/UC7V2KZ5sd3htJivAbA4ZG3w"],"description":"Dicodusport est l'encyclop\u00e9die de l'actualit\u00e9 sportive.","email":"bonjour@dicodusport.fr","legalName":"DICODUSPORT","foundingDate":"2018-01-14","vatID":"FR71834470973","taxID":"83447097300043","numberOfEmployees":{"@type":"QuantitativeValue","minValue":"1","maxValue":"10"}},{"@type":"Person","@id":"https:\/\/dicodusport.fr\/blog\/#\/schema\/person\/416c975648aca9da8839bdfe333a21c9","name":"Sophie Clapier","image":{"@type":"ImageObject","inLanguage":"fr-FR","@id":"https:\/\/dicodusport.fr\/blog\/#\/schema\/person\/image\/","url":"https:\/\/dicodusport.fr\/blog\/wp-content\/uploads\/2021\/05\/Sophie-Clapier-150x150.jpg","contentUrl":"https:\/\/dicodusport.fr\/blog\/wp-content\/uploads\/2021\/05\/Sophie-Clapier-150x150.jpg","caption":"Sophie Clapier"},"description":"Journaliste\/r\u00e9dactrice depuis janvier 2016 - Passionn\u00e9e de sport depuis toujours, j\u2019en ai pratiqu\u00e9 quelques-uns. Judo, football, handball ou encore tennis, je n\u2019ai jamais pu me mettre d\u2019accord sur un en particulier. Mais \u00e7a, c\u2019\u00e9tait avant de d\u00e9couvrir le basket, devenu mon sport de pr\u00e9dilection. Les actions NBA, le All-Star Week-end, la fureur des Game 7 pendant les playoffs ou mieux, lors des Finals, this is why we play. Team Spurs T.P, je m\u2019accroche encore \u00e0 Gregg Popovich (don\u2019t leave !). Team chef Curry, je souhaite qu\u2019il finisse aux Warriors (staaaay !). Non, il n\u2019y a pas qu\u2019eux, des petits nouveaux -et des petites nouvelles \u00e9videmment- arrivent chaque jour dans toutes les disciplines et cr\u00e9ent de nouveaux exploits. Alors pour les grands \u00e9v\u00e9nements et comp\u00e9titions internationales, vive les pulsations 240\/minutes et le d\u00e9fibrillateur pas loin, et allez les Bleu(e)s ! C\u2019est s\u00fbr, j\u2019aurai plus vu ma vie sur un terrain de sport, mais \u00e0 d\u00e9faut d\u2019en faire en haut niveau, je le partage avec vous.","sameAs":["https:\/\/www.facebook.com\/soocube","https:\/\/x.com\/https:\/\/twitter.com\/soocube","admin"],"url":"https:\/\/dicodusport.fr\/blog\/author\/sophie\/"}]}},"_links":{"self":[{"href":"https:\/\/dicodusport.fr\/blog\/wp-json\/wp\/v2\/posts\/560953","targetHints":{"allow":["GET"]}}],"collection":[{"href":"https:\/\/dicodusport.fr\/blog\/wp-json\/wp\/v2\/posts"}],"about":[{"href":"https:\/\/dicodusport.fr\/blog\/wp-json\/wp\/v2\/types\/post"}],"author":[{"embeddable":true,"href":"https:\/\/dicodusport.fr\/blog\/wp-json\/wp\/v2\/users\/18"}],"replies":[{"embeddable":true,"href":"https:\/\/dicodusport.fr\/blog\/wp-json\/wp\/v2\/comments?post=560953"}],"version-history":[{"count":5,"href":"https:\/\/dicodusport.fr\/blog\/wp-json\/wp\/v2\/posts\/560953\/revisions"}],"predecessor-version":[{"id":560973,"href":"https:\/\/dicodusport.fr\/blog\/wp-json\/wp\/v2\/posts\/560953\/revisions\/560973"}],"wp:featuredmedia":[{"embeddable":true,"href":"https:\/\/dicodusport.fr\/blog\/wp-json\/wp\/v2\/media\/560965"}],"wp:attachment":[{"href":"https:\/\/dicodusport.fr\/blog\/wp-json\/wp\/v2\/media?parent=560953"}],"wp:term":[{"taxonomy":"category","embeddable":true,"href":"https:\/\/dicodusport.fr\/blog\/wp-json\/wp\/v2\/categories?post=560953"},{"taxonomy":"post_tag","embeddable":true,"href":"https:\/\/dicodusport.fr\/blog\/wp-json\/wp\/v2\/tags?post=560953"}],"curies":[{"name":"wp","href":"https:\/\/api.w.org\/{rel}","templated":true}]}}