{"id":560995,"date":"2025-03-04T10:11:06","date_gmt":"2025-03-04T09:11:06","guid":{"rendered":"https:\/\/dicodusport.fr\/blog\/?p=560995&#038;preview=true&#038;preview_id=560995"},"modified":"2025-03-04T10:12:02","modified_gmt":"2025-03-04T09:12:02","slug":"le-samyn-2025-engages-et-chaine-tv","status":"publish","type":"post","link":"https:\/\/dicodusport.fr\/blog\/le-samyn-2025-engages-et-chaine-tv\/","title":{"rendered":"Le Samyn 2025 : Cha\u00eene TV et Engag\u00e9s"},"content":{"rendered":"<h4 style=\"text-align: justify;\"><strong><em><a href=\"https:\/\/dicodusport.fr\/blog\/actualites\/cyclisme\/cyclisme-sur-route-2025\/\">CYCLISME SUR ROUTE 2025<\/a> &#8211; Le Samyn 2025 aura lieu le mardi 4 mars. D\u00e9couvrez la liste des engag\u00e9s pour l&rsquo;\u00e9preuve belge.<\/em><\/strong><\/h4>\n<ul style=\"text-align: justify;\">\n<li style=\"text-align: justify;\"><strong>\u00c0 ce sujet &#8211; <a href=\"https:\/\/dicodusport.fr\/blog\/le-samyn-2025-parcours-detaille-profil-et-favoris\/\">Le Samyn 2025 : Parcours d\u00e9taill\u00e9, profil et favoris<\/a><\/strong><\/li>\n<\/ul>\n<p style=\"text-align: justify;\">Qui pour succ\u00e9der \u00e0 <strong>Laurenz<\/strong> <strong>Rex<\/strong> (Intermarch\u00e9 &#8211; Wanty), vainqueur de <a href=\"https:\/\/dicodusport.fr\/blog\/le-samyn-2024-laurenz-rex-simpose-dun-souffle-devant-antonio-morgado\/\"><strong>l&rsquo;\u00e9dition 2024<\/strong><\/a> ? Le Belge, qui a pris la 30\u00e8me place de l&rsquo;Omloop Nieuwsblad samedi dernier, est de nouveau au d\u00e9part et sera notamment accompagn\u00e9 par <strong>Arne<\/strong> <strong>Marit<\/strong>, <strong>Taco van der Hoorn<\/strong> ou encore <strong>Adrien<\/strong> <strong>Petit<\/strong>.<\/p>\n<p style=\"text-align: justify;\">Le grand favori sera <strong>Mathieu van der Poel<\/strong> (Alpecin Deceuninck), qui fait sa course de rentr\u00e9e ce mardi apr\u00e8s une grosse saison de cyclo-cross. Il pourra compter sur le soutien de <strong>Timo<\/strong> <strong>Kielich<\/strong> et <strong>Samuel Gaze<\/strong>. <strong>Arnaud<\/strong> <strong>De<\/strong> <strong>Lie<\/strong> (Lotto), un peu en retrait lors du premier week-end en Belgique, aura aussi son mot \u00e0 dire sur <strong>Le<\/strong> <strong>Samyn<\/strong>.<\/p>\n<p style=\"text-align: justify;\"><strong>Paul<\/strong> <strong>Magnier<\/strong> (Soudal Quick-Step), sensation de ce d\u00e9but de saison, sera la meilleure chance fran\u00e7aise. Deuxi\u00e8me de l&rsquo;<strong>Omloop Nieuwsblad<\/strong>, il est promis \u00e0 un bel avenir sur les <strong>Flandriennes<\/strong>. <strong>\u00c9milien<\/strong> <strong>Jeanni\u00e8re<\/strong> (TotalEnergies) sera une autre belle carte pour la d\u00e9l\u00e9gation tricolore.<\/p>\n<h2 style=\"text-align: justify;\">Heure et Cha\u00eene TV de Le Samyn 2025<\/h2>\n<p style=\"text-align: justify;\">Le Samyn 2025 se dispute ce mardi 4 mars 2025. La course est \u00e0 suivre sur <em>Eurosport 2 &amp; Max \u00e0 partir de 15h00.<\/em><\/p>\n<h2 style=\"text-align: justify;\">Les engag\u00e9s de Le Samyn 2025<\/h2>\n<p style=\"text-align: justify;\"><a href=\"https:\/\/dicodusport.fr\/blog\/wp-content\/uploads\/2025\/03\/Engages-Le-Samyn-2025.pdf\" class=\"pdfemb-viewer\" style=\"\" data-width=\"max\" data-height=\"max\"  data-toolbar=\"both\" data-toolbar-fixed=\"on\">Engage\u0301s Le Samyn 2025<br\/><\/a>\n","protected":false},"excerpt":{"rendered":"<p>CYCLISME SUR ROUTE 2025 &#8211; Le Samyn 2025 aura lieu le mardi 4 mars. D\u00e9couvrez la liste des engag\u00e9s pour l&rsquo;\u00e9preuve belge.<\/p>\n","protected":false},"author":1,"featured_media":560998,"comment_status":"open","ping_status":"closed","sticky":false,"template":"","format":"standard","meta":{"_acf_changed":false,"_daextam_enable_autolinks":"1","footnotes":""},"categories":[44295,46994],"tags":[16878,574,7410],"class_list":["post-560995","post","type-post","status-publish","format-standard","has-post-thumbnail","hentry","category-chaine-tv","category-cyclisme-sur-route","tag-breve","tag-cyclisme","tag-le-samyn"],"acf":[],"yoast_head":"<!-- This site is optimized with the Yoast SEO Premium plugin v26.7 (Yoast SEO v26.7) - https:\/\/yoast.com\/wordpress\/plugins\/seo\/ -->\n<title>Le Samyn 2025 : Cha\u00eene TV et Engag\u00e9s<\/title>\n<meta name=\"description\" content=\"CYCLISME SUR ROUTE 2025 - Le Samyn 2025 aura lieu le mardi 4 mars. D\u00e9couvrez la liste des engag\u00e9s pour l&#039;\u00e9preuve belge.\" \/>\n<meta name=\"robots\" content=\"index, follow, max-snippet:-1, max-image-preview:large, max-video-preview:-1\" \/>\n<link rel=\"canonical\" href=\"https:\/\/dicodusport.fr\/blog\/le-samyn-2025-engages-et-chaine-tv\/\" \/>\n<meta property=\"og:locale\" content=\"fr_FR\" \/>\n<meta property=\"og:type\" content=\"article\" \/>\n<meta property=\"og:title\" content=\"Le Samyn 2025 : Cha\u00eene TV et Engag\u00e9s\" \/>\n<meta property=\"og:description\" content=\"CYCLISME SUR ROUTE 2025 - Le Samyn 2025 aura lieu le mardi 4 mars. D\u00e9couvrez la liste des engag\u00e9s pour l&#039;\u00e9preuve belge.\" \/>\n<meta property=\"og:url\" content=\"https:\/\/dicodusport.fr\/blog\/le-samyn-2025-engages-et-chaine-tv\/\" \/>\n<meta property=\"og:site_name\" content=\"Dicodusport\" \/>\n<meta property=\"article:publisher\" content=\"https:\/\/www.facebook.com\/dicodusport\" \/>\n<meta property=\"article:author\" content=\"https:\/\/www.facebook.com\/dicodusport\" \/>\n<meta property=\"article:published_time\" content=\"2025-03-04T09:11:06+00:00\" \/>\n<meta property=\"article:modified_time\" content=\"2025-03-04T09:12:02+00:00\" \/>\n<meta property=\"og:image\" content=\"https:\/\/dicodusport.fr\/blog\/wp-content\/uploads\/2025\/03\/Le-Samyn-2025-Engages-et-Chaine-TV.png\" \/>\n\t<meta property=\"og:image:width\" content=\"1200\" \/>\n\t<meta property=\"og:image:height\" content=\"674\" \/>\n\t<meta property=\"og:image:type\" content=\"image\/png\" \/>\n<meta name=\"author\" content=\"Nicolas Jacquemard\" \/>\n<meta name=\"twitter:card\" content=\"summary_large_image\" \/>\n<meta name=\"twitter:title\" content=\"Le Samyn 2025 : Cha\u00eene TV et Engag\u00e9s\" \/>\n<meta name=\"twitter:creator\" content=\"@https:\/\/twitter.com\/Nico_Jacquemard\" \/>\n<meta name=\"twitter:site\" content=\"@dicodusport\" \/>\n<script type=\"application\/ld+json\" class=\"yoast-schema-graph\">{\"@context\":\"https:\/\/schema.org\",\"@graph\":[{\"@type\":\"NewsArticle\",\"@id\":\"https:\/\/dicodusport.fr\/blog\/le-samyn-2025-engages-et-chaine-tv\/#article\",\"isPartOf\":{\"@id\":\"https:\/\/dicodusport.fr\/blog\/le-samyn-2025-engages-et-chaine-tv\/\"},\"author\":{\"name\":\"Nicolas Jacquemard\",\"@id\":\"https:\/\/dicodusport.fr\/blog\/#\/schema\/person\/55dcb50ad410894e431ed812bbb70191\"},\"headline\":\"Le Samyn 2025 : Cha\u00eene TV et Engag\u00e9s\",\"datePublished\":\"2025-03-04T09:11:06+00:00\",\"dateModified\":\"2025-03-04T09:12:02+00:00\",\"mainEntityOfPage\":{\"@id\":\"https:\/\/dicodusport.fr\/blog\/le-samyn-2025-engages-et-chaine-tv\/\"},\"wordCount\":243,\"commentCount\":0,\"publisher\":{\"@id\":\"https:\/\/dicodusport.fr\/blog\/#organization\"},\"image\":{\"@id\":\"https:\/\/dicodusport.fr\/blog\/le-samyn-2025-engages-et-chaine-tv\/#primaryimage\"},\"thumbnailUrl\":\"https:\/\/dicodusport.fr\/blog\/wp-content\/uploads\/2025\/03\/Le-Samyn-2025-Engages-et-Chaine-TV.png\",\"keywords\":[\"br\u00e8ve\",\"Cyclisme\",\"Le Samyn\"],\"articleSection\":[\"Cha\u00eene TV\",\"Cyclisme sur route\"],\"inLanguage\":\"fr-FR\",\"potentialAction\":[{\"@type\":\"CommentAction\",\"name\":\"Comment\",\"target\":[\"https:\/\/dicodusport.fr\/blog\/le-samyn-2025-engages-et-chaine-tv\/#respond\"]}],\"copyrightYear\":\"2025\",\"copyrightHolder\":{\"@id\":\"https:\/\/dicodusport.fr\/blog\/#organization\"}},{\"@type\":\"WebPage\",\"@id\":\"https:\/\/dicodusport.fr\/blog\/le-samyn-2025-engages-et-chaine-tv\/\",\"url\":\"https:\/\/dicodusport.fr\/blog\/le-samyn-2025-engages-et-chaine-tv\/\",\"name\":\"Le Samyn 2025 : Cha\u00eene TV et Engag\u00e9s\",\"isPartOf\":{\"@id\":\"https:\/\/dicodusport.fr\/blog\/#website\"},\"primaryImageOfPage\":{\"@id\":\"https:\/\/dicodusport.fr\/blog\/le-samyn-2025-engages-et-chaine-tv\/#primaryimage\"},\"image\":{\"@id\":\"https:\/\/dicodusport.fr\/blog\/le-samyn-2025-engages-et-chaine-tv\/#primaryimage\"},\"thumbnailUrl\":\"https:\/\/dicodusport.fr\/blog\/wp-content\/uploads\/2025\/03\/Le-Samyn-2025-Engages-et-Chaine-TV.png\",\"datePublished\":\"2025-03-04T09:11:06+00:00\",\"dateModified\":\"2025-03-04T09:12:02+00:00\",\"description\":\"CYCLISME SUR ROUTE 2025 - Le Samyn 2025 aura lieu le mardi 4 mars. D\u00e9couvrez la liste des engag\u00e9s pour l'\u00e9preuve belge.\",\"breadcrumb\":{\"@id\":\"https:\/\/dicodusport.fr\/blog\/le-samyn-2025-engages-et-chaine-tv\/#breadcrumb\"},\"inLanguage\":\"fr-FR\",\"potentialAction\":[{\"@type\":\"ReadAction\",\"target\":[\"https:\/\/dicodusport.fr\/blog\/le-samyn-2025-engages-et-chaine-tv\/\"]}]},{\"@type\":\"ImageObject\",\"inLanguage\":\"fr-FR\",\"@id\":\"https:\/\/dicodusport.fr\/blog\/le-samyn-2025-engages-et-chaine-tv\/#primaryimage\",\"url\":\"https:\/\/dicodusport.fr\/blog\/wp-content\/uploads\/2025\/03\/Le-Samyn-2025-Engages-et-Chaine-TV.png\",\"contentUrl\":\"https:\/\/dicodusport.fr\/blog\/wp-content\/uploads\/2025\/03\/Le-Samyn-2025-Engages-et-Chaine-TV.png\",\"width\":1200,\"height\":674},{\"@type\":\"BreadcrumbList\",\"@id\":\"https:\/\/dicodusport.fr\/blog\/le-samyn-2025-engages-et-chaine-tv\/#breadcrumb\",\"itemListElement\":[{\"@type\":\"ListItem\",\"position\":1,\"name\":\"Accueil\",\"item\":\"https:\/\/dicodusport.fr\/blog\/\"},{\"@type\":\"ListItem\",\"position\":2,\"name\":\"Le Samyn 2025 : Cha\u00eene TV et Engag\u00e9s\"}]},{\"@type\":\"WebSite\",\"@id\":\"https:\/\/dicodusport.fr\/blog\/#website\",\"url\":\"https:\/\/dicodusport.fr\/blog\/\",\"name\":\"Dicodusport\",\"description\":\"L&#039;encyclop\u00e9die de l&#039;actualit\u00e9 sportive\",\"publisher\":{\"@id\":\"https:\/\/dicodusport.fr\/blog\/#organization\"},\"potentialAction\":[{\"@type\":\"SearchAction\",\"target\":{\"@type\":\"EntryPoint\",\"urlTemplate\":\"https:\/\/dicodusport.fr\/blog\/?s={search_term_string}\"},\"query-input\":{\"@type\":\"PropertyValueSpecification\",\"valueRequired\":true,\"valueName\":\"search_term_string\"}}],\"inLanguage\":\"fr-FR\"},{\"@type\":\"NewsMediaOrganization\",\"@id\":\"https:\/\/dicodusport.fr\/blog\/#organization\",\"name\":\"Dicodusport\",\"url\":\"https:\/\/dicodusport.fr\/blog\/\",\"logo\":{\"@type\":\"ImageObject\",\"inLanguage\":\"fr-FR\",\"@id\":\"https:\/\/dicodusport.fr\/blog\/#\/schema\/logo\/image\/\",\"url\":\"https:\/\/dicodusport.fr\/blog\/wp-content\/uploads\/2020\/06\/cropped-LOGO-DICODUSPORT-2020-SANS-FOND-SANS-TEXTE.png\",\"contentUrl\":\"https:\/\/dicodusport.fr\/blog\/wp-content\/uploads\/2020\/06\/cropped-LOGO-DICODUSPORT-2020-SANS-FOND-SANS-TEXTE.png\",\"width\":512,\"height\":512,\"caption\":\"Dicodusport\"},\"image\":{\"@id\":\"https:\/\/dicodusport.fr\/blog\/#\/schema\/logo\/image\/\"},\"sameAs\":[\"https:\/\/www.facebook.com\/dicodusport\",\"https:\/\/x.com\/dicodusport\",\"https:\/\/www.instagram.com\/dicodusport\/\",\"https:\/\/www.youtube.com\/channel\/UC7V2KZ5sd3htJivAbA4ZG3w\"],\"description\":\"Dicodusport est l'encyclop\u00e9die de l'actualit\u00e9 sportive.\",\"email\":\"bonjour@dicodusport.fr\",\"legalName\":\"DICODUSPORT\",\"foundingDate\":\"2018-01-14\",\"vatID\":\"FR71834470973\",\"taxID\":\"83447097300043\",\"numberOfEmployees\":{\"@type\":\"QuantitativeValue\",\"minValue\":\"1\",\"maxValue\":\"10\"}},{\"@type\":\"Person\",\"@id\":\"https:\/\/dicodusport.fr\/blog\/#\/schema\/person\/55dcb50ad410894e431ed812bbb70191\",\"name\":\"Nicolas Jacquemard\",\"image\":{\"@type\":\"ImageObject\",\"inLanguage\":\"fr-FR\",\"@id\":\"https:\/\/dicodusport.fr\/blog\/#\/schema\/person\/image\/\",\"url\":\"https:\/\/dicodusport.fr\/blog\/wp-content\/uploads\/2021\/05\/Nicolas-Jacquemard-150x150.jpeg\",\"contentUrl\":\"https:\/\/dicodusport.fr\/blog\/wp-content\/uploads\/2021\/05\/Nicolas-Jacquemard-150x150.jpeg\",\"caption\":\"Nicolas Jacquemard\"},\"description\":\"Passionn\u00e9 de sport et entrepreneur depuis mes 18 ans, la cr\u00e9ation de Dicodusport m'a sembl\u00e9 \u00e9vidente pour participer \u00e0 la m\u00e9diatisation d'un plus grand nombre de sports. Le chemin est long mais avec une \u00e9quipe des plus motiv\u00e9es et les Jeux Olympiques de Paris 2024 en point de mire, nous y arriverons ! Journaliste dans le monde du sport depuis plus de 5 ans, je traite aussi bien de football, de rugby, de biathlon que de cyclisme.\",\"sameAs\":[\"https:\/\/www.facebook.com\/dicodusport\",\"https:\/\/x.com\/https:\/\/twitter.com\/Nico_Jacquemard\"],\"url\":\"https:\/\/dicodusport.fr\/blog\/author\/dicodusport\/\"}]}<\/script>\n<!-- \/ Yoast SEO Premium plugin. -->","yoast_head_json":{"title":"Le Samyn 2025 : Cha\u00eene TV et Engag\u00e9s","description":"CYCLISME SUR ROUTE 2025 - Le Samyn 2025 aura lieu le mardi 4 mars. D\u00e9couvrez la liste des engag\u00e9s pour l'\u00e9preuve belge.","robots":{"index":"index","follow":"follow","max-snippet":"max-snippet:-1","max-image-preview":"max-image-preview:large","max-video-preview":"max-video-preview:-1"},"canonical":"https:\/\/dicodusport.fr\/blog\/le-samyn-2025-engages-et-chaine-tv\/","og_locale":"fr_FR","og_type":"article","og_title":"Le Samyn 2025 : Cha\u00eene TV et Engag\u00e9s","og_description":"CYCLISME SUR ROUTE 2025 - Le Samyn 2025 aura lieu le mardi 4 mars. D\u00e9couvrez la liste des engag\u00e9s pour l'\u00e9preuve belge.","og_url":"https:\/\/dicodusport.fr\/blog\/le-samyn-2025-engages-et-chaine-tv\/","og_site_name":"Dicodusport","article_publisher":"https:\/\/www.facebook.com\/dicodusport","article_author":"https:\/\/www.facebook.com\/dicodusport","article_published_time":"2025-03-04T09:11:06+00:00","article_modified_time":"2025-03-04T09:12:02+00:00","og_image":[{"width":1200,"height":674,"url":"https:\/\/dicodusport.fr\/blog\/wp-content\/uploads\/2025\/03\/Le-Samyn-2025-Engages-et-Chaine-TV.png","type":"image\/png"}],"author":"Nicolas Jacquemard","twitter_card":"summary_large_image","twitter_title":"Le Samyn 2025 : Cha\u00eene TV et Engag\u00e9s","twitter_creator":"@https:\/\/twitter.com\/Nico_Jacquemard","twitter_site":"@dicodusport","schema":{"@context":"https:\/\/schema.org","@graph":[{"@type":"NewsArticle","@id":"https:\/\/dicodusport.fr\/blog\/le-samyn-2025-engages-et-chaine-tv\/#article","isPartOf":{"@id":"https:\/\/dicodusport.fr\/blog\/le-samyn-2025-engages-et-chaine-tv\/"},"author":{"name":"Nicolas Jacquemard","@id":"https:\/\/dicodusport.fr\/blog\/#\/schema\/person\/55dcb50ad410894e431ed812bbb70191"},"headline":"Le Samyn 2025 : Cha\u00eene TV et Engag\u00e9s","datePublished":"2025-03-04T09:11:06+00:00","dateModified":"2025-03-04T09:12:02+00:00","mainEntityOfPage":{"@id":"https:\/\/dicodusport.fr\/blog\/le-samyn-2025-engages-et-chaine-tv\/"},"wordCount":243,"commentCount":0,"publisher":{"@id":"https:\/\/dicodusport.fr\/blog\/#organization"},"image":{"@id":"https:\/\/dicodusport.fr\/blog\/le-samyn-2025-engages-et-chaine-tv\/#primaryimage"},"thumbnailUrl":"https:\/\/dicodusport.fr\/blog\/wp-content\/uploads\/2025\/03\/Le-Samyn-2025-Engages-et-Chaine-TV.png","keywords":["br\u00e8ve","Cyclisme","Le Samyn"],"articleSection":["Cha\u00eene TV","Cyclisme sur route"],"inLanguage":"fr-FR","potentialAction":[{"@type":"CommentAction","name":"Comment","target":["https:\/\/dicodusport.fr\/blog\/le-samyn-2025-engages-et-chaine-tv\/#respond"]}],"copyrightYear":"2025","copyrightHolder":{"@id":"https:\/\/dicodusport.fr\/blog\/#organization"}},{"@type":"WebPage","@id":"https:\/\/dicodusport.fr\/blog\/le-samyn-2025-engages-et-chaine-tv\/","url":"https:\/\/dicodusport.fr\/blog\/le-samyn-2025-engages-et-chaine-tv\/","name":"Le Samyn 2025 : Cha\u00eene TV et Engag\u00e9s","isPartOf":{"@id":"https:\/\/dicodusport.fr\/blog\/#website"},"primaryImageOfPage":{"@id":"https:\/\/dicodusport.fr\/blog\/le-samyn-2025-engages-et-chaine-tv\/#primaryimage"},"image":{"@id":"https:\/\/dicodusport.fr\/blog\/le-samyn-2025-engages-et-chaine-tv\/#primaryimage"},"thumbnailUrl":"https:\/\/dicodusport.fr\/blog\/wp-content\/uploads\/2025\/03\/Le-Samyn-2025-Engages-et-Chaine-TV.png","datePublished":"2025-03-04T09:11:06+00:00","dateModified":"2025-03-04T09:12:02+00:00","description":"CYCLISME SUR ROUTE 2025 - Le Samyn 2025 aura lieu le mardi 4 mars. D\u00e9couvrez la liste des engag\u00e9s pour l'\u00e9preuve belge.","breadcrumb":{"@id":"https:\/\/dicodusport.fr\/blog\/le-samyn-2025-engages-et-chaine-tv\/#breadcrumb"},"inLanguage":"fr-FR","potentialAction":[{"@type":"ReadAction","target":["https:\/\/dicodusport.fr\/blog\/le-samyn-2025-engages-et-chaine-tv\/"]}]},{"@type":"ImageObject","inLanguage":"fr-FR","@id":"https:\/\/dicodusport.fr\/blog\/le-samyn-2025-engages-et-chaine-tv\/#primaryimage","url":"https:\/\/dicodusport.fr\/blog\/wp-content\/uploads\/2025\/03\/Le-Samyn-2025-Engages-et-Chaine-TV.png","contentUrl":"https:\/\/dicodusport.fr\/blog\/wp-content\/uploads\/2025\/03\/Le-Samyn-2025-Engages-et-Chaine-TV.png","width":1200,"height":674},{"@type":"BreadcrumbList","@id":"https:\/\/dicodusport.fr\/blog\/le-samyn-2025-engages-et-chaine-tv\/#breadcrumb","itemListElement":[{"@type":"ListItem","position":1,"name":"Accueil","item":"https:\/\/dicodusport.fr\/blog\/"},{"@type":"ListItem","position":2,"name":"Le Samyn 2025 : Cha\u00eene TV et Engag\u00e9s"}]},{"@type":"WebSite","@id":"https:\/\/dicodusport.fr\/blog\/#website","url":"https:\/\/dicodusport.fr\/blog\/","name":"Dicodusport","description":"L&#039;encyclop\u00e9die de l&#039;actualit\u00e9 sportive","publisher":{"@id":"https:\/\/dicodusport.fr\/blog\/#organization"},"potentialAction":[{"@type":"SearchAction","target":{"@type":"EntryPoint","urlTemplate":"https:\/\/dicodusport.fr\/blog\/?s={search_term_string}"},"query-input":{"@type":"PropertyValueSpecification","valueRequired":true,"valueName":"search_term_string"}}],"inLanguage":"fr-FR"},{"@type":"NewsMediaOrganization","@id":"https:\/\/dicodusport.fr\/blog\/#organization","name":"Dicodusport","url":"https:\/\/dicodusport.fr\/blog\/","logo":{"@type":"ImageObject","inLanguage":"fr-FR","@id":"https:\/\/dicodusport.fr\/blog\/#\/schema\/logo\/image\/","url":"https:\/\/dicodusport.fr\/blog\/wp-content\/uploads\/2020\/06\/cropped-LOGO-DICODUSPORT-2020-SANS-FOND-SANS-TEXTE.png","contentUrl":"https:\/\/dicodusport.fr\/blog\/wp-content\/uploads\/2020\/06\/cropped-LOGO-DICODUSPORT-2020-SANS-FOND-SANS-TEXTE.png","width":512,"height":512,"caption":"Dicodusport"},"image":{"@id":"https:\/\/dicodusport.fr\/blog\/#\/schema\/logo\/image\/"},"sameAs":["https:\/\/www.facebook.com\/dicodusport","https:\/\/x.com\/dicodusport","https:\/\/www.instagram.com\/dicodusport\/","https:\/\/www.youtube.com\/channel\/UC7V2KZ5sd3htJivAbA4ZG3w"],"description":"Dicodusport est l'encyclop\u00e9die de l'actualit\u00e9 sportive.","email":"bonjour@dicodusport.fr","legalName":"DICODUSPORT","foundingDate":"2018-01-14","vatID":"FR71834470973","taxID":"83447097300043","numberOfEmployees":{"@type":"QuantitativeValue","minValue":"1","maxValue":"10"}},{"@type":"Person","@id":"https:\/\/dicodusport.fr\/blog\/#\/schema\/person\/55dcb50ad410894e431ed812bbb70191","name":"Nicolas Jacquemard","image":{"@type":"ImageObject","inLanguage":"fr-FR","@id":"https:\/\/dicodusport.fr\/blog\/#\/schema\/person\/image\/","url":"https:\/\/dicodusport.fr\/blog\/wp-content\/uploads\/2021\/05\/Nicolas-Jacquemard-150x150.jpeg","contentUrl":"https:\/\/dicodusport.fr\/blog\/wp-content\/uploads\/2021\/05\/Nicolas-Jacquemard-150x150.jpeg","caption":"Nicolas Jacquemard"},"description":"Passionn\u00e9 de sport et entrepreneur depuis mes 18 ans, la cr\u00e9ation de Dicodusport m'a sembl\u00e9 \u00e9vidente pour participer \u00e0 la m\u00e9diatisation d'un plus grand nombre de sports. Le chemin est long mais avec une \u00e9quipe des plus motiv\u00e9es et les Jeux Olympiques de Paris 2024 en point de mire, nous y arriverons ! Journaliste dans le monde du sport depuis plus de 5 ans, je traite aussi bien de football, de rugby, de biathlon que de cyclisme.","sameAs":["https:\/\/www.facebook.com\/dicodusport","https:\/\/x.com\/https:\/\/twitter.com\/Nico_Jacquemard"],"url":"https:\/\/dicodusport.fr\/blog\/author\/dicodusport\/"}]}},"_links":{"self":[{"href":"https:\/\/dicodusport.fr\/blog\/wp-json\/wp\/v2\/posts\/560995","targetHints":{"allow":["GET"]}}],"collection":[{"href":"https:\/\/dicodusport.fr\/blog\/wp-json\/wp\/v2\/posts"}],"about":[{"href":"https:\/\/dicodusport.fr\/blog\/wp-json\/wp\/v2\/types\/post"}],"author":[{"embeddable":true,"href":"https:\/\/dicodusport.fr\/blog\/wp-json\/wp\/v2\/users\/1"}],"replies":[{"embeddable":true,"href":"https:\/\/dicodusport.fr\/blog\/wp-json\/wp\/v2\/comments?post=560995"}],"version-history":[{"count":3,"href":"https:\/\/dicodusport.fr\/blog\/wp-json\/wp\/v2\/posts\/560995\/revisions"}],"predecessor-version":[{"id":561039,"href":"https:\/\/dicodusport.fr\/blog\/wp-json\/wp\/v2\/posts\/560995\/revisions\/561039"}],"wp:featuredmedia":[{"embeddable":true,"href":"https:\/\/dicodusport.fr\/blog\/wp-json\/wp\/v2\/media\/560998"}],"wp:attachment":[{"href":"https:\/\/dicodusport.fr\/blog\/wp-json\/wp\/v2\/media?parent=560995"}],"wp:term":[{"taxonomy":"category","embeddable":true,"href":"https:\/\/dicodusport.fr\/blog\/wp-json\/wp\/v2\/categories?post=560995"},{"taxonomy":"post_tag","embeddable":true,"href":"https:\/\/dicodusport.fr\/blog\/wp-json\/wp\/v2\/tags?post=560995"}],"curies":[{"name":"wp","href":"https:\/\/api.w.org\/{rel}","templated":true}]}}