{"id":561008,"date":"2025-03-06T09:00:47","date_gmt":"2025-03-06T08:00:47","guid":{"rendered":"https:\/\/dicodusport.fr\/blog\/?p=561008&#038;preview=true&#038;preview_id=561008"},"modified":"2025-03-04T10:17:23","modified_gmt":"2025-03-04T09:17:23","slug":"clara-liberman-800-m-jadore-les-courses-de-championnat","status":"publish","type":"post","link":"https:\/\/dicodusport.fr\/blog\/clara-liberman-800-m-jadore-les-courses-de-championnat\/","title":{"rendered":"Clara Liberman (800 m) : \u00ab\u00a0J&rsquo;adore les courses de championnat\u00a0\u00bb"},"content":{"rendered":"<h4 style=\"text-align: justify;\"><em>ATHL\u00c9TISME &#8211; Entretien avec la sp\u00e9cialiste du 800 m Clara Liberman, qui va d\u00e9couvrir l&rsquo;\u00e9quipe de France \u00e0 Apeldoorn, lors des Championnats d&rsquo;Europe en salle. Une athl\u00e8te qui est en constante progression depuis trois saisons et qui vient frapper \u00e0 la porte du niveau international. La Francilienne \/ Bretonne, \u00e9voque sa saison hivernale, ses progr\u00e8s et ce qu&rsquo;elle a chang\u00e9 pour arriver \u00e0 ce niveau-l\u00e0, avec un d\u00e9m\u00e9nagement gagnant en Bretagne. Elle \u00e9voque ses objectifs pour les Europe en salle et le fait d&rsquo;y aller accompagner de ses amies L\u00e9na Kandissounon et Agathe Guillemot. Clara Liberman fait \u00e9galement le point sur la suite, avec les Mondiaux de Tokyo en ligne de mire.<\/em><\/h4>\n<h2 style=\"text-align: justify;\">Clara Liberman : \u00ab\u00a0Le 800 m, c&rsquo;est la distance sur laquelle je m&rsquo;\u00e9clate\u00a0\u00bb<\/h2>\n<h3 style=\"text-align: justify;\">Tu as connu une sacr\u00e9e progression depuis trois saisons. Mais t&rsquo;attendais-tu \u00e0 un hiver aussi tonitruant ?<\/h3>\n<p style=\"text-align: justify;\"><strong>Clara Liberman<\/strong> : Honn\u00eatement, c&rsquo;\u00e9tait dans la logique des choses. L&rsquo;objectif \u00e9tait de rentrer en \u00e9quipe de France en 2025, donc c&rsquo;\u00e9tait le plan. Cela a mis du temps \u00e0 se mettre en place, sur les derni\u00e8res ann\u00e9es.<\/p>\n<h3 style=\"text-align: justify;\">Cette s\u00e9lection est acquise dans un contexte de concurrence en France. Tu n&rsquo;\u00e9tais pas seule \u00e0 avoir fait les minima. Cela doit apporter une saveur.<\/h3>\n<p style=\"text-align: justify;\">Oui, effectivement, j&rsquo;ai \u00e9t\u00e9 questionn\u00e9e, avant les championnats de France, sur cette concurrence-l\u00e0, qui existe depuis au moins un an. On m&rsquo;a demand\u00e9 pourquoi je n&rsquo;allais pas sur 1500 m (<em>distance sur laquelle<\/em> <em>elle a \u00e9galement r\u00e9alis\u00e9 les minima, NDLR<\/em>) o\u00f9 il a moins de concurrence et o\u00f9 c&rsquo;est plus facile d&rsquo;avoir une s\u00e9lection. Je me suis born\u00e9e \u00e0 vouloir faire du 800 m. C&rsquo;est la distance sur laquelle je m&rsquo;\u00e9clate. C&rsquo;est prioritaire dans mes choix de discipline. Et cela marche depuis quelques ann\u00e9es. Cette concurrence m&rsquo;a motiv\u00e9 \u00e0 faire mieux. Comme j&rsquo;ai dit, c&rsquo;est une chance d&rsquo;avoir un tr\u00e8s bon niveau fran\u00e7ais. On s&rsquo;aper\u00e7oit qu&rsquo;au niveau europ\u00e9en, on est \u00e9galement \u00e0 un tr\u00e8s bon niveau. Cela met en confiance. Le plus dur est presque de se d\u00e9tacher des Fran\u00e7aises.<\/p>\n<div class=\"vlp-link-container vlp-layout-article\"><a href=\"https:\/\/dicodusport.fr\/blog\/athletisme-championnats-deurope-salle-2025-la-selection-francaise-devoilee\/\" class=\"vlp-link\" title=\"Athl\u00e9tisme Championnats d&#039;Europe (salle) 2025 : La s\u00e9lection fran\u00e7aise d\u00e9voil\u00e9e\"><\/a><div class=\"vlp-layout-zone-side\"><div class=\"vlp-block-4 vlp-link-image\"><img loading=\"lazy\" decoding=\"async\" style=\"max-width: 792px;\" width=\"792\" height=\"445\" src=\"https:\/\/dicodusport.fr\/blog\/wp-content\/uploads\/2025\/02\/Athletisme-Championnats-dEurope-salle-2025-La-selection-francaise-devoilee.png\" class=\"attachment-800x445 size-800x445\" alt=\"Athl\u00e9tisme Championnats d&#039;Europe (salle) 2025 : La s\u00e9lection fran\u00e7aise d\u00e9voil\u00e9e\" srcset=\"https:\/\/dicodusport.fr\/blog\/wp-content\/uploads\/2025\/02\/Athletisme-Championnats-dEurope-salle-2025-La-selection-francaise-devoilee.png 1200w, https:\/\/dicodusport.fr\/blog\/wp-content\/uploads\/2025\/02\/Athletisme-Championnats-dEurope-salle-2025-La-selection-francaise-devoilee-300x169.png 300w, https:\/\/dicodusport.fr\/blog\/wp-content\/uploads\/2025\/02\/Athletisme-Championnats-dEurope-salle-2025-La-selection-francaise-devoilee-1024x575.png 1024w, https:\/\/dicodusport.fr\/blog\/wp-content\/uploads\/2025\/02\/Athletisme-Championnats-dEurope-salle-2025-La-selection-francaise-devoilee-768x431.png 768w\" sizes=\"auto, (max-width: 792px) 100vw, 792px\" \/><\/div><\/div><div class=\"vlp-layout-zone-main\"><div class=\"vlp-block-0 vlp-link-title\">Athl\u00e9tisme Championnats d'Europe (salle) 2025 : La s\u00e9lection fran\u00e7aise d\u00e9voil\u00e9e<\/div><div class=\"vlp-block-1 vlp-link-summary\">CHAMPIONNATS D'EUROPE D'ATHL\u00c9TISME EN SALLE 2025 - \u00c0 une dizaine de jours du d\u00e9but des hostilit\u00e9s, la FFA a d\u00e9voil\u00e9 la liste des athl\u00e8tes s\u00e9lectionn\u00e9s pour d\u00e9fendre les couleurs tricolores \u00e0 Apeldoorn.<\/div><div class=\"vlp-block-2 vlp-link-button\">Lire l'article<\/div><div class=\"vlp-block-3 vlp-link-url\">dicodusport.fr<\/div><\/div><\/div>\n<h3 style=\"text-align: justify;\">C&rsquo;est vrai qu&rsquo;\u00e0 Miramas, tu bats Ana\u00efs Bourgoin, qui a \u00e9t\u00e9 m\u00e9daill\u00e9e \u00e0 Rome l&rsquo;an dernier.<\/h3>\n<p style=\"text-align: justify;\">Bien s\u00fbr. C&rsquo;est ce que j&rsquo;essaie de me dire avant ces championnats d&rsquo;Europe : que je ne dois pas avoir de complexes. J&rsquo;avais d\u00e9j\u00e0 battu Ana\u00efs \u00e0 Albi, j&rsquo;ai d\u00e9j\u00e0 battu <strong>L\u00e9na<\/strong> (<strong>Kandissounon<\/strong>). Toutes les filles qui \u00e9taient dans ma course. Maintenant attention, ce n&rsquo;est pas parce qu&rsquo;on bat une personne une fois qu&rsquo;on a forc\u00e9ment le m\u00eame niveau. Je bats <strong>R\u00e9nelle Lamotte<\/strong> \u00e0 Angers aux France (2024). Mais je respecte sa carri\u00e8re et cela ne veut pas dire que je suis meilleure qu&rsquo;elle. Cela permet de voir plus loin et de se dire que j&rsquo;en suis capable aussi. Et aussi d&rsquo;aller chercher des m\u00e9dailles europ\u00e9ennes, des qualifications et des finales mondiales. C&rsquo;est dans le process.<\/p>\n<h2 style=\"text-align: justify;\">Clara Liberman : \u00ab\u00a0Quand on est jeune, on a l&rsquo;impression de ne pas avoir le temps\u00a0\u00bb<\/h2>\n<h3 style=\"text-align: justify;\">En 2023, tu franchis un cap. Tu passes de 2:07 \u00e0 2:01 et tu fais ton premier podium aux \u00c9lites. Qu&rsquo;est-ce qui change cette ann\u00e9e-l\u00e0 ?<\/h3>\n<p style=\"text-align: justify;\">Le gros changement intervient deux saisons auparavant. En septembre 2021, je quitte la banlieue parisienne pour Rennes. J&rsquo;ai toujours voulu faire les choses bien et prendre mon temps. Finalement, cela a \u00e9t\u00e9 un peu plus rapide que pr\u00e9vu, mais j&rsquo;\u00e9tais pr\u00eate \u00e0 attendre quelques ann\u00e9es, pour avoir le niveau que j&rsquo;ai aujourd&rsquo;hui. Je change de club et d&rsquo;entra\u00eeneur. L&rsquo;ann\u00e9e o\u00f9 j&rsquo;arrive, je suis \u00e9limin\u00e9e des France espoirs. Et je finis cette premi\u00e8re saison en \u00e9tant championne de France Espoirs. Il y a d\u00e9j\u00e0 une grosse progression. Petit \u00e0 petit, j&rsquo;essaie de me professionnaliser et de m&rsquo;investir dans ma pratique. Mais via des petits changements.<\/p>\n<h3 style=\"text-align: justify;\"><a href=\"https:\/\/www.ouest-france.fr\/sport\/athletisme\/haute-bretagne-athletisme\/athletisme-championnats-de-france-la-rennaise-clara-liberman-accelere-le-temps-ab05102c-348e-11ef-b559-d7bbcb5cdf71\">Tu confiais en interview<\/a>, avoir longtemps bloqu\u00e9 sur le chrono de 2:10. Comment as-tu surmont\u00e9 ce blocage ?<\/h3>\n<p style=\"text-align: justify;\">J&rsquo;ai stagn\u00e9 pendant quatre ans, car je faisais partie des meilleures cadettes et minimes de ma g\u00e9n\u00e9ration. J&rsquo;avais tout l&rsquo;avenir devant moi pour rentrer en \u00e9quipe de France jeunes. Cela ne s&rsquo;est pas fait \u00e0 cause de cette stagnation. Il y a eu des blessures. \u00c0 un moment donn\u00e9, je n&rsquo;avais plus envie. J&rsquo;ai donc chang\u00e9 ma fa\u00e7on de m&rsquo;entra\u00eener. D&rsquo;o\u00f9 ma venue \u00e0 Rennes.<\/p>\n<h3 style=\"text-align: justify;\">Ton parcours montre qu&rsquo;il faut continuer \u00e0 s&rsquo;accrocher m\u00eame quand c&rsquo;est dur.<\/h3>\n<p style=\"text-align: justify;\">Carr\u00e9ment. Le plus dur, sur ces ann\u00e9es jeunes, ce n&rsquo;est pas l&rsquo;athl\u00e9tisme, mais ce qu&rsquo;il y a autour. On passe le bac, il y a les \u00e9tudes. Cela peut freiner. Cela a \u00e9t\u00e9 le cas pour moi. J&rsquo;ai fait un BTS et c&rsquo;est deux ans assez charg\u00e9. Tu ne peux pas faire de distanciel, car ce sont des m\u00e9tiers qui s&rsquo;apprennent sur le terrain. Mais ce que j&rsquo;essaie de dire, c&rsquo;est que, quand on est jeune, on a l&rsquo;impression de ne pas avoir le temps et qu&rsquo;il faut tout faire maintenant. Et on pr\u00e9cipite les choses. Plus je vieillis, ou grandis (rires), plus j&rsquo;ai l&rsquo;impression d&rsquo;avoir le temps et que je prends le temps de faire les choses bien. Une carri\u00e8re dure jusqu&rsquo;\u00e0 30-35 ans. J&rsquo;en ai 24 et je me dis qu&rsquo;il me reste un bon 8-10 ans. C&rsquo;est tr\u00e8s long.<\/p>\n<h2 style=\"text-align: justify;\">Clara Liberman :\u00a0 \u00ab\u00a0Quand tu montes sur un podium, tu ne veux plus en partir\u00a0\u00bb<\/h2>\n<h3 style=\"text-align: justify;\">2023, c&rsquo;est l&rsquo;ann\u00e9e de ton premier podium aux \u00c9lites. Depuis, tu n&rsquo;as plus quitt\u00e9 ce podium. C&rsquo;\u00e9tait l&rsquo;ultime d\u00e9clic que tu recherchais dans ta carri\u00e8re ?<\/h3>\n<p style=\"text-align: justify;\">Oui, clairement. Quand on est jeune, qu&rsquo;on te dit que tu as le niveau, tu r\u00eaves tout de suite tr\u00e8s grand. Quand on se retrouve \u00e9limin\u00e9e des s\u00e9ries des France Espoirs, les objectifs et les r\u00eaves diminuent forc\u00e9ment. Petit \u00e0 petit, j&rsquo;avais construit des objectifs avec mon coach. Au d\u00e9but de la saison 2022-2023, j&rsquo;ai vraiment voulu me pr\u00e9parer pour avoir une m\u00e9daille aux \u00c9lites. C&rsquo;\u00e9tait pour moi le pic de ma carri\u00e8re. Cette ann\u00e9e-l\u00e0, je rentre pour la premi\u00e8re fois en finale.<\/p>\n<p style=\"text-align: justify;\">J&rsquo;adore l&rsquo;esprit championnat et ce c\u00f4t\u00e9 du \u00ab\u00a0tout sur une course\u00a0\u00bb. Sans avoir rien \u00e0 perdre. Ce jour-l\u00e0, je d\u00e9branche totalement. Et j&rsquo;ai vu que j&rsquo;en \u00e9tais capable. C&rsquo;est forc\u00e9ment un d\u00e9clic. Quand tu montes sur un podium, tu ne veux plus en partir. J&rsquo;avoue qu&rsquo;au mois de septembre 2024, j&rsquo;ai dit \u00e0 mon coach :<em> \u00ab\u00a0J&rsquo;ai fait 2 et 3 des \u00c9lites, maintenant, je veux le titre\u00a0\u00bb<\/em>. Mais c&rsquo;\u00e9tait \u00e0 moyen\/long terme, mais c&rsquo;est arriv\u00e9 six mois apr\u00e8s. \u00c0 moi de me recr\u00e9er des objectifs pour aller plus loin.<\/p>\n<h2 style=\"text-align: justify;\">Clara Liberman : \u00ab\u00a0J&rsquo;aborde la comp\u00e9tition en visant tour par tour\u00a0\u00bb<\/h2>\n<h3 style=\"text-align: justify;\">Cela passe par les Europe en salle. Ta premi\u00e8re s\u00e9lection en A. Tu t&rsquo;es d\u00e9finie des objectifs o\u00f9 tu le vois comme un apprentissage ?<\/h3>\n<p style=\"text-align: justify;\">C&rsquo;est forc\u00e9ment un apprentissage, et je vais apprendre \u00e9norm\u00e9ment et tout prendre. Je vais en revenir avec une valise incroyable et grandie en l&rsquo;espace de quatre jours. Mais je n&rsquo;y vais pas en touriste. C&rsquo;est ce qu&rsquo;on entend de plus en plus sur les directives et volont\u00e9 de l&rsquo;\u00e9quipe de France. Quand on vient en s\u00e9lection, c&rsquo;est qu&rsquo;on est pris parce qu&rsquo;on te fait confiance. Ils savent qu&rsquo;on a le niveau potentiel pour entrer dans le Top 12. J&rsquo;ai v\u00e9rifi\u00e9 et scrut\u00e9 les minima europ\u00e9ens et d&rsquo;autant plus quand la s\u00e9lection est sortie.<\/p>\n<p style=\"text-align: justify;\">Il n&rsquo;y a pas encore les startlists, mais je devrais \u00eatre dans le Top 15 des engag\u00e9es. Voire autour de la 10e place. Quand on sait cela, on a envie de passer au minimum un tour. Pourquoi pas aller chercher la finale. J&rsquo;aborde la comp\u00e9tition en faisant tour par tour. Je vais rencontrer que des filles que j&rsquo;ai d\u00e9j\u00e0 battues en meeting. C&rsquo;est finalement la m\u00eame chose que d&rsquo;habitude. Avec cet aspect championnat que j&rsquo;adore. Je ne me fixe aucune limite et si j&rsquo;arrive \u00e0 me hisser en finale, ce sera g\u00e9nial et je tenterai ma chance, \u00e7a, c&rsquo;est s\u00fbr.<\/p>\n<h2 style=\"text-align: justify;\">Clara Liberman : \u00ab\u00a0C&rsquo;est exceptionnel de vivre une s\u00e9lection avec Agathe et L\u00e9na\u00a0\u00bb<\/h2>\n<h3 style=\"text-align: justify;\">L&rsquo;exemple d&rsquo;Ana\u00efs Bourgoin, m\u00e9daill\u00e9e \u00e0 Rome pour ses premiers championnats, est une inspiration ? Rien n&rsquo;est impossible.<\/h3>\n<p style=\"text-align: justify;\">Les courses de championnat sont des courses dans lesquelles on peut faire un chrono. \u00c7a, c&rsquo;est cool. Je veux aussi aller chercher \u00e7a si c&rsquo;est possible, m\u00eame si ce n&rsquo;est pas le but premier. Je parle souvent avec elle, on a le m\u00eame \u00e9tat d&rsquo;esprit et on court \u00e0 peu pr\u00e8s pareil dans nos courses, dans la vision et le sch\u00e9ma. Elle a aussi ce profil 800-1500 comme moi. Cela m&rsquo;inspire ce qu&rsquo;elle a fait \u00e0 Rome et aux JO. Je veux aussi m&rsquo;inspirer de ce qu&rsquo;a fait <strong>L\u00e9na<\/strong> aux Europe (4\u00e8me). Des filles qui n&rsquo;avaient pas le 3\u00e8me et le 4\u00e8me temps et qui sont all\u00e9es chercher quelque chose.<\/p>\n<h3 style=\"text-align: justify;\">Tu ne voyages pas seule \u00e0 Apeldoorn, tu seras accompagn\u00e9e de L\u00e9na, mais aussi d&rsquo;Agathe Guillemot, deux amies proches. Est-ce que la progression de l&rsquo;une entra\u00eene la motivation de l&rsquo;autre ?<\/h3>\n<p style=\"text-align: justify;\">Carr\u00e9ment. On sera \u00e9galement accompagn\u00e9 par notre coach (<strong>Marc Reuze,<\/strong><em> NDLR<\/em>) qui est dans l&rsquo;encadrement. C&rsquo;est sa premi\u00e8re s\u00e9lection \u00e9galement. J&rsquo;y vais en \u00e9tant hyper sereine, car je sais qu&rsquo;elles ont l&rsquo;habitude. On pr\u00e9pare le voyage et elles savent ce qu&rsquo;il faut faire. Je n&rsquo;ai qu&rsquo;\u00e0 me laisser porter. C&rsquo;est un poids en moins, par rapport \u00e0 quelqu&rsquo;un qui est tout seul. Forc\u00e9ment, les r\u00e9sultats de l&rsquo;une vont motiver les autres. Quand les filles se qualifient aux JO, elles \u00e9taient en mode : <em>\u00ab<\/em> <em>La prochaine fois, tu viens en \u00e9quipe de France avec nous \u00bb<\/em>. Cela m&rsquo;a motiv\u00e9 et cela fait plaisir de partager. C&rsquo;est assez exceptionnel de vivre cela \u00e0 trois, on ne sait pas si cela se reproduira donc il faut en profiter. Je connais <strong>L\u00e9na<\/strong> depuis 15 ans, on a commenc\u00e9 l&rsquo;athl\u00e9tisme ensemble et on va partager une s\u00e9lection ensemble. C&rsquo;est fou.<\/p>\n<div class=\"vlp-link-container vlp-layout-article\"><a href=\"https:\/\/dicodusport.fr\/blog\/agathe-guillemot-faire-le-1500-m-etait-le-meilleur-des-choix\/\" class=\"vlp-link\" title=\"Agathe Guillemot : &quot;Faire le 1500 m \u00e9tait le meilleur des choix&quot;\"><\/a><div class=\"vlp-layout-zone-side\"><div class=\"vlp-block-4 vlp-link-image\"><img loading=\"lazy\" decoding=\"async\" style=\"max-width: 800px;\" width=\"800\" height=\"445\" src=\"https:\/\/dicodusport.fr\/blog\/wp-content\/uploads\/2023\/08\/Agathe-Guillemot-Faire-le-1500-m-etait-le-meilleur-des-choix.png\" class=\"attachment-800x445 size-800x445\" alt=\"Agathe Guillemot : &quot;Faire le 1500 m \u00e9tait le meilleur des choix&quot;\" srcset=\"https:\/\/dicodusport.fr\/blog\/wp-content\/uploads\/2023\/08\/Agathe-Guillemot-Faire-le-1500-m-etait-le-meilleur-des-choix.png 800w, https:\/\/dicodusport.fr\/blog\/wp-content\/uploads\/2023\/08\/Agathe-Guillemot-Faire-le-1500-m-etait-le-meilleur-des-choix-300x167.png 300w, https:\/\/dicodusport.fr\/blog\/wp-content\/uploads\/2023\/08\/Agathe-Guillemot-Faire-le-1500-m-etait-le-meilleur-des-choix-768x427.png 768w\" sizes=\"auto, (max-width: 800px) 100vw, 800px\" \/><\/div><\/div><div class=\"vlp-layout-zone-main\"><div class=\"vlp-block-0 vlp-link-title\">Agathe Guillemot : \"Faire le 1500 m \u00e9tait le meilleur des choix\"<\/div><div class=\"vlp-block-1 vlp-link-summary\">ATHL\u00c9TISME - Agathe Guillemot va repr\u00e9senter la France aux Mondiaux de Budapest, qualifi\u00e9e sur 1500 m. L'aboutissement d'une folle progression sur la distance pour la Bretonne. Passant de 4:12.43 en 2022 \u00e0 4:03.26 lors du meeting de Monaco cette ann\u00e9e. Chrono synonyme de minima mondiaux. Agathe Guillemot s'est confi\u00e9e \u00e0 Albi, lors des Championnats de France \u00e9lite, o\u00f9 elle a remport\u00e9 le titre. Sur son choix du 1500 m, ses objectifs et sa saison.<\/div><div class=\"vlp-block-2 vlp-link-button\">Lire l'article<\/div><div class=\"vlp-block-3 vlp-link-url\">dicodusport.fr<\/div><\/div><\/div>\n<h2 style=\"text-align: justify;\">Clara Liberman : \u00ab\u00a0Le 1500 m ne m&rsquo;attire pas dans l&rsquo;imm\u00e9diat\u00a0\u00bb<\/h2>\n<h3 style=\"text-align: justify;\">Elles peuvent aussi t&rsquo;indiquer les erreurs \u00e0 ne pas faire avant et apr\u00e8s une course.<\/h3>\n<p style=\"text-align: justify;\">Pour l&rsquo;instant, on n&rsquo;a pas \u00e9voqu\u00e9 l&rsquo;aspect course, cela se fera naturellement. Il y a notre coach qui a l&rsquo;exp\u00e9rience par ce qu&rsquo;il a fait avec elles, donc je ne me fais pas de souci. Je pense qu&rsquo;il ne faut pas trop sacraliser la chose. Cela reste du 800 m, et une course que je connais tr\u00e8s bien. Cela ne change pas grand-chose sur les erreurs \u00e0 ne pas faire. On en a l&rsquo;habitude avec les meetings, o\u00f9 il y a une chambre d&rsquo;appel. Il n&rsquo;y a pas d&rsquo;inqui\u00e9tude particuli\u00e8re.<\/p>\n<h3 style=\"text-align: justify;\">Cet hiver, tu r\u00e9alises un gros 1500 m avec les minima. T&rsquo;attendais-tu \u00e0 une telle course ? Cela te donne envie d&rsquo;aller voir ce qu&rsquo;il s&rsquo;y passe, dans les ann\u00e9es futures ?<\/h3>\n<p style=\"text-align: justify;\">J&rsquo;avais pr\u00e9vu de faire un 1500 m si je faisais les minima sur 800 m. Je ne voyais pas l&rsquo;int\u00e9r\u00eat d&rsquo;y faire un 800, car j&rsquo;avais fait les minima deux fois et j&rsquo;\u00e9tais en confiance. Il y avait cette envie d&rsquo;aller voir la distance sup\u00e9rieure. Que j&rsquo;ai couru \u00e0 plusieurs reprises. Je fais ma derni\u00e8re saison espoirs sur cette distance. Et en salle il y a deux ans. Avec les progr\u00e8s que j&rsquo;ai pu faire et mes chronos sur 800 m, honn\u00eatement, sans savoir trop ce que je valais pr\u00e9cis\u00e9ment, j&rsquo;avais dit que je valais entre 4:08 et 4:10.<\/p>\n<h3 style=\"text-align: justify;\">Bien jou\u00e9&#8230;<\/h3>\n<p style=\"text-align: justify;\">Je ne m&rsquo;\u00e9tais pas trop tromp\u00e9e. J&rsquo;ai quand m\u00eame fait 4:12 en ext\u00e9rieur six mois avant. Ce n&rsquo;\u00e9tait pas une surprise, mais j&rsquo;\u00e9tais contente. Mais, pour l&rsquo;instant, je ne veux pas sp\u00e9cialement passer sur 1500 m. Honn\u00eatement, c&rsquo;est tout simple, cela m&rsquo;apporte beaucoup moins de kiff que le 800 m. Cela ne se choisit pas. Mais j&rsquo;ai des qualit\u00e9s 800-1500 m. \u00c0 l&rsquo;avenir, je pourrai passer sur 1500 m. Peut-\u00eatre quand cela ne marchera plus sur 800 m. Pour l&rsquo;heure, je progresse sur 800 et ce sont des qualit\u00e9s qui me permettront d&rsquo;\u00eatre bonne plus tard sur le 1500 m. Surtout en championnat o\u00f9 c&rsquo;est important d&rsquo;avoir de la vitesse. Mais pour l&rsquo;instant non.<\/p>\n<h2 style=\"text-align: justify;\">Clara Liberman : \u00ab\u00a0Je ne veux pas me stresser avec les minima pour Tokyo\u00a0\u00bb<\/h2>\n<h3 style=\"text-align: justify;\">Qu&rsquo;est ce qui te plait tant sur le 800 ? Une des courses les plus dures.<\/h3>\n<p style=\"text-align: justify;\">Je pense que je suis tomb\u00e9e amoureuse en cadettes. Je fais un 800 pour me qualifier aux France et je suis championne de France. Il y a un c\u00f4t\u00e9 nostalgique de la course des d\u00e9buts. On parlait de 1500 m. Apr\u00e8s ma course \u00e0 Lyon, j&rsquo;ai dit qu&rsquo;\u00e0 un moment, je me suis un peu ennuy\u00e9e. J&rsquo;avais peur de m&rsquo;endormir. Sur 800 m, je sais que je ne vais pas m&rsquo;endormir, car c&rsquo;est hyper brutal. Je suis plut\u00f4t de nature \u00e0 r\u00e9fl\u00e9chir et penser et ne pas \u00eatre trop une brute.<\/p>\n<p style=\"text-align: justify;\">Le 800 m me permet de sortir de ma zone de confort. Ce qui ne ressemble pas trop \u00e0 mon caract\u00e8re de base. Je ne trouve pas que ce soit dur en soi. Ce que j&rsquo;aime aussi, c&rsquo;est la pr\u00e9paration \u00e0 la comp\u00e9tition. On passe plus de temps \u00e0 pr\u00e9parer la comp\u00e9tition qu&rsquo;\u00e0 faire des comp\u00e9titions. J&rsquo;aime le fait d&rsquo;\u00eatre polyvalente. On fait \u00e9norm\u00e9ment d&rsquo;entra\u00eenements diff\u00e9rents. Ce qui n&rsquo;est pas forc\u00e9ment le cas du 1500 m, avec plus d&rsquo;endurance, de bornes. Et moins de sp\u00e9cifique.<\/p>\n<ul style=\"text-align: justify;\">\n<li style=\"text-align: justify;\"><strong>\u00c0 ce sujet &#8211; <a href=\"https:\/\/dicodusport.fr\/blog\/athletisme-les-minima-pour-les-championnats-du-monde-2025-de-tokyo\/\">Les minima World Athletics pour les Mondiaux de Tokyo<\/a><\/strong><\/li>\n<\/ul>\n<h3 style=\"text-align: justify;\">Il y a les Mondiaux \u00e0 Tokyo en septembre. Tu vas d\u00e9couvrir l&rsquo;\u00e9quipe de France. Ca devient un objectif majeur ces Mondiaux ?<\/h3>\n<p style=\"text-align: justify;\">C&rsquo;\u00e9tait d\u00e9j\u00e0 ma volont\u00e9 depuis l&rsquo;an dernier et depuis que je savais que cela allait \u00eatre compliqu\u00e9 pour les JO. Mais je suis contente d&rsquo;avoir ma s\u00e9lection aux Europe en sachant les nouveaux minima sortis. Quand j&rsquo;ai vu les minima World Athletics en 1:59.00, c&rsquo;\u00e9tait l&rsquo;objectif. Je n&rsquo;ai pas encore couru en moins de deux minutes, mais je veux viser plus haut que cette barri\u00e8re. J&rsquo;aimerais me rapprocher des 1:59. Mais 1:58.50, on prend une demi-seconde. Cela veut dire que je dois battre mon record d&rsquo;une seconde et demie. Si j&rsquo;y arrivais, ce serait une progression \u00e9norme, sans doute la plus grosse pour moi. J&rsquo;ai cet objectif-l\u00e0, mais je ne veux pas me stresser avec \u00e7a. Si cela tombe, tant mieux. Mais cela ne doit pas me pourrir la vie et mes comp\u00e9titions. M\u00eame si je veux rester dans cette \u00e9quipe de France.<\/p>\n","protected":false},"excerpt":{"rendered":"<p>ATHL\u00c9TISME &#8211; Entretien avec la sp\u00e9cialiste du 800 m Clara Liberman, qui va d\u00e9couvrir l&rsquo;\u00e9quipe de France \u00e0 Apeldoorn, lors des Championnats d&rsquo;Europe en salle.<\/p>\n","protected":false},"author":83,"featured_media":561017,"comment_status":"open","ping_status":"closed","sticky":false,"template":"","format":"standard","meta":{"_acf_changed":false,"_daextam_enable_autolinks":"1","footnotes":""},"categories":[2308],"tags":[143,16878],"class_list":["post-561008","post","type-post","status-publish","format-standard","has-post-thumbnail","hentry","category-athletisme","tag-athletisme","tag-breve"],"acf":[],"yoast_head":"<!-- This site is optimized with the Yoast SEO Premium plugin v26.7 (Yoast SEO v26.7) - https:\/\/yoast.com\/wordpress\/plugins\/seo\/ -->\n<title>Clara Liberman (800 m) : &quot;J&#039;adore les courses de championnat&quot;<\/title>\n<meta name=\"description\" content=\"ATHL\u00c9TISME - Entretien avec la sp\u00e9cialiste du 800 m Clara Liberman, qui va d\u00e9couvrir l&#039;\u00e9quipe de France \u00e0 Apeldoorn, lors des Championnats d&#039;Europe en salle.\" \/>\n<meta name=\"robots\" content=\"index, follow, max-snippet:-1, max-image-preview:large, max-video-preview:-1\" \/>\n<link rel=\"canonical\" href=\"https:\/\/dicodusport.fr\/blog\/clara-liberman-800-m-jadore-les-courses-de-championnat\/\" \/>\n<meta property=\"og:locale\" content=\"fr_FR\" \/>\n<meta property=\"og:type\" content=\"article\" \/>\n<meta property=\"og:title\" content=\"Clara Liberman (800 m) : &quot;J&#039;adore les courses de championnat&quot;\" \/>\n<meta property=\"og:description\" content=\"ATHL\u00c9TISME - Entretien avec la sp\u00e9cialiste du 800 m Clara Liberman, qui va d\u00e9couvrir l&#039;\u00e9quipe de France \u00e0 Apeldoorn, lors des Championnats d&#039;Europe en salle.\" \/>\n<meta property=\"og:url\" content=\"https:\/\/dicodusport.fr\/blog\/clara-liberman-800-m-jadore-les-courses-de-championnat\/\" \/>\n<meta property=\"og:site_name\" content=\"Dicodusport\" \/>\n<meta property=\"article:publisher\" content=\"https:\/\/www.facebook.com\/dicodusport\" \/>\n<meta property=\"article:published_time\" content=\"2025-03-06T08:00:47+00:00\" \/>\n<meta property=\"og:image\" content=\"https:\/\/dicodusport.fr\/blog\/wp-content\/uploads\/2025\/03\/Clara-Liberman-800-m-Jadore-les-courses-de-championnat.png\" \/>\n\t<meta property=\"og:image:width\" content=\"1200\" \/>\n\t<meta property=\"og:image:height\" content=\"674\" \/>\n\t<meta property=\"og:image:type\" content=\"image\/png\" \/>\n<meta name=\"author\" content=\"Etienne Goursaud\" \/>\n<meta name=\"twitter:card\" content=\"summary_large_image\" \/>\n<meta name=\"twitter:title\" content=\"Clara Liberman (800 m) : &quot;J&#039;adore les courses de championnat&quot;\" \/>\n<meta name=\"twitter:creator\" content=\"@dicodusport\" \/>\n<meta name=\"twitter:site\" content=\"@dicodusport\" \/>\n<script type=\"application\/ld+json\" class=\"yoast-schema-graph\">{\"@context\":\"https:\/\/schema.org\",\"@graph\":[{\"@type\":\"NewsArticle\",\"@id\":\"https:\/\/dicodusport.fr\/blog\/clara-liberman-800-m-jadore-les-courses-de-championnat\/#article\",\"isPartOf\":{\"@id\":\"https:\/\/dicodusport.fr\/blog\/clara-liberman-800-m-jadore-les-courses-de-championnat\/\"},\"author\":{\"name\":\"Etienne Goursaud\",\"@id\":\"https:\/\/dicodusport.fr\/blog\/#\/schema\/person\/d603dd7da31fb2b46c82b9835a77ec13\"},\"headline\":\"Clara Liberman (800 m) : \u00ab\u00a0J&rsquo;adore les courses de championnat\u00a0\u00bb\",\"datePublished\":\"2025-03-06T08:00:47+00:00\",\"mainEntityOfPage\":{\"@id\":\"https:\/\/dicodusport.fr\/blog\/clara-liberman-800-m-jadore-les-courses-de-championnat\/\"},\"wordCount\":2856,\"commentCount\":0,\"publisher\":{\"@id\":\"https:\/\/dicodusport.fr\/blog\/#organization\"},\"image\":{\"@id\":\"https:\/\/dicodusport.fr\/blog\/clara-liberman-800-m-jadore-les-courses-de-championnat\/#primaryimage\"},\"thumbnailUrl\":\"https:\/\/dicodusport.fr\/blog\/wp-content\/uploads\/2025\/03\/Clara-Liberman-800-m-Jadore-les-courses-de-championnat.png\",\"keywords\":[\"Athl\u00e9tisme\",\"br\u00e8ve\"],\"articleSection\":[\"Athl\u00e9tisme\"],\"inLanguage\":\"fr-FR\",\"potentialAction\":[{\"@type\":\"CommentAction\",\"name\":\"Comment\",\"target\":[\"https:\/\/dicodusport.fr\/blog\/clara-liberman-800-m-jadore-les-courses-de-championnat\/#respond\"]}],\"copyrightYear\":\"2025\",\"copyrightHolder\":{\"@id\":\"https:\/\/dicodusport.fr\/blog\/#organization\"}},{\"@type\":\"WebPage\",\"@id\":\"https:\/\/dicodusport.fr\/blog\/clara-liberman-800-m-jadore-les-courses-de-championnat\/\",\"url\":\"https:\/\/dicodusport.fr\/blog\/clara-liberman-800-m-jadore-les-courses-de-championnat\/\",\"name\":\"Clara Liberman (800 m) : \\\"J'adore les courses de championnat\\\"\",\"isPartOf\":{\"@id\":\"https:\/\/dicodusport.fr\/blog\/#website\"},\"primaryImageOfPage\":{\"@id\":\"https:\/\/dicodusport.fr\/blog\/clara-liberman-800-m-jadore-les-courses-de-championnat\/#primaryimage\"},\"image\":{\"@id\":\"https:\/\/dicodusport.fr\/blog\/clara-liberman-800-m-jadore-les-courses-de-championnat\/#primaryimage\"},\"thumbnailUrl\":\"https:\/\/dicodusport.fr\/blog\/wp-content\/uploads\/2025\/03\/Clara-Liberman-800-m-Jadore-les-courses-de-championnat.png\",\"datePublished\":\"2025-03-06T08:00:47+00:00\",\"description\":\"ATHL\u00c9TISME - Entretien avec la sp\u00e9cialiste du 800 m Clara Liberman, qui va d\u00e9couvrir l'\u00e9quipe de France \u00e0 Apeldoorn, lors des Championnats d'Europe en salle.\",\"breadcrumb\":{\"@id\":\"https:\/\/dicodusport.fr\/blog\/clara-liberman-800-m-jadore-les-courses-de-championnat\/#breadcrumb\"},\"inLanguage\":\"fr-FR\",\"potentialAction\":[{\"@type\":\"ReadAction\",\"target\":[\"https:\/\/dicodusport.fr\/blog\/clara-liberman-800-m-jadore-les-courses-de-championnat\/\"]}]},{\"@type\":\"ImageObject\",\"inLanguage\":\"fr-FR\",\"@id\":\"https:\/\/dicodusport.fr\/blog\/clara-liberman-800-m-jadore-les-courses-de-championnat\/#primaryimage\",\"url\":\"https:\/\/dicodusport.fr\/blog\/wp-content\/uploads\/2025\/03\/Clara-Liberman-800-m-Jadore-les-courses-de-championnat.png\",\"contentUrl\":\"https:\/\/dicodusport.fr\/blog\/wp-content\/uploads\/2025\/03\/Clara-Liberman-800-m-Jadore-les-courses-de-championnat.png\",\"width\":1200,\"height\":674,\"caption\":\"Clara Liberman (800 m) : \\\"J'adore les courses de championnat\\\"\"},{\"@type\":\"BreadcrumbList\",\"@id\":\"https:\/\/dicodusport.fr\/blog\/clara-liberman-800-m-jadore-les-courses-de-championnat\/#breadcrumb\",\"itemListElement\":[{\"@type\":\"ListItem\",\"position\":1,\"name\":\"Accueil\",\"item\":\"https:\/\/dicodusport.fr\/blog\/\"},{\"@type\":\"ListItem\",\"position\":2,\"name\":\"Clara Liberman (800 m) : \u00ab\u00a0J&rsquo;adore les courses de championnat\u00a0\u00bb\"}]},{\"@type\":\"WebSite\",\"@id\":\"https:\/\/dicodusport.fr\/blog\/#website\",\"url\":\"https:\/\/dicodusport.fr\/blog\/\",\"name\":\"Dicodusport\",\"description\":\"L&#039;encyclop\u00e9die de l&#039;actualit\u00e9 sportive\",\"publisher\":{\"@id\":\"https:\/\/dicodusport.fr\/blog\/#organization\"},\"potentialAction\":[{\"@type\":\"SearchAction\",\"target\":{\"@type\":\"EntryPoint\",\"urlTemplate\":\"https:\/\/dicodusport.fr\/blog\/?s={search_term_string}\"},\"query-input\":{\"@type\":\"PropertyValueSpecification\",\"valueRequired\":true,\"valueName\":\"search_term_string\"}}],\"inLanguage\":\"fr-FR\"},{\"@type\":\"NewsMediaOrganization\",\"@id\":\"https:\/\/dicodusport.fr\/blog\/#organization\",\"name\":\"Dicodusport\",\"url\":\"https:\/\/dicodusport.fr\/blog\/\",\"logo\":{\"@type\":\"ImageObject\",\"inLanguage\":\"fr-FR\",\"@id\":\"https:\/\/dicodusport.fr\/blog\/#\/schema\/logo\/image\/\",\"url\":\"https:\/\/dicodusport.fr\/blog\/wp-content\/uploads\/2020\/06\/cropped-LOGO-DICODUSPORT-2020-SANS-FOND-SANS-TEXTE.png\",\"contentUrl\":\"https:\/\/dicodusport.fr\/blog\/wp-content\/uploads\/2020\/06\/cropped-LOGO-DICODUSPORT-2020-SANS-FOND-SANS-TEXTE.png\",\"width\":512,\"height\":512,\"caption\":\"Dicodusport\"},\"image\":{\"@id\":\"https:\/\/dicodusport.fr\/blog\/#\/schema\/logo\/image\/\"},\"sameAs\":[\"https:\/\/www.facebook.com\/dicodusport\",\"https:\/\/x.com\/dicodusport\",\"https:\/\/www.instagram.com\/dicodusport\/\",\"https:\/\/www.youtube.com\/channel\/UC7V2KZ5sd3htJivAbA4ZG3w\"],\"description\":\"Dicodusport est l'encyclop\u00e9die de l'actualit\u00e9 sportive.\",\"email\":\"bonjour@dicodusport.fr\",\"legalName\":\"DICODUSPORT\",\"foundingDate\":\"2018-01-14\",\"vatID\":\"FR71834470973\",\"taxID\":\"83447097300043\",\"numberOfEmployees\":{\"@type\":\"QuantitativeValue\",\"minValue\":\"1\",\"maxValue\":\"10\"}},{\"@type\":\"Person\",\"@id\":\"https:\/\/dicodusport.fr\/blog\/#\/schema\/person\/d603dd7da31fb2b46c82b9835a77ec13\",\"name\":\"Etienne Goursaud\",\"image\":{\"@type\":\"ImageObject\",\"inLanguage\":\"fr-FR\",\"@id\":\"https:\/\/dicodusport.fr\/blog\/#\/schema\/person\/image\/\",\"url\":\"https:\/\/dicodusport.fr\/blog\/wp-content\/uploads\/2023\/12\/410122264_10231602061736049_5565839791558026645_n-150x150.jpg\",\"contentUrl\":\"https:\/\/dicodusport.fr\/blog\/wp-content\/uploads\/2023\/12\/410122264_10231602061736049_5565839791558026645_n-150x150.jpg\",\"caption\":\"Etienne Goursaud\"},\"description\":\"Journaliste et amoureux de sport. Ancien footballeur reconverti athl\u00e8te quand ses muscles le laissent tranquille. \u00c9lev\u00e9 \u00e0 la sauce des exploits de Thomas Voeckler en 2004, du dernier essai de l\u00e9gende de Eunice Barber \u00e0 la longueur lors des championnats du monde d'athl\u00e9tisme de 2003 mais aussi Zidane, Omeyer et Titou Lamaison.\",\"url\":\"https:\/\/dicodusport.fr\/blog\/author\/etienne-goursaud\/\"}]}<\/script>\n<!-- \/ Yoast SEO Premium plugin. -->","yoast_head_json":{"title":"Clara Liberman (800 m) : \"J'adore les courses de championnat\"","description":"ATHL\u00c9TISME - Entretien avec la sp\u00e9cialiste du 800 m Clara Liberman, qui va d\u00e9couvrir l'\u00e9quipe de France \u00e0 Apeldoorn, lors des Championnats d'Europe en salle.","robots":{"index":"index","follow":"follow","max-snippet":"max-snippet:-1","max-image-preview":"max-image-preview:large","max-video-preview":"max-video-preview:-1"},"canonical":"https:\/\/dicodusport.fr\/blog\/clara-liberman-800-m-jadore-les-courses-de-championnat\/","og_locale":"fr_FR","og_type":"article","og_title":"Clara Liberman (800 m) : \"J'adore les courses de championnat\"","og_description":"ATHL\u00c9TISME - Entretien avec la sp\u00e9cialiste du 800 m Clara Liberman, qui va d\u00e9couvrir l'\u00e9quipe de France \u00e0 Apeldoorn, lors des Championnats d'Europe en salle.","og_url":"https:\/\/dicodusport.fr\/blog\/clara-liberman-800-m-jadore-les-courses-de-championnat\/","og_site_name":"Dicodusport","article_publisher":"https:\/\/www.facebook.com\/dicodusport","article_published_time":"2025-03-06T08:00:47+00:00","og_image":[{"width":1200,"height":674,"url":"https:\/\/dicodusport.fr\/blog\/wp-content\/uploads\/2025\/03\/Clara-Liberman-800-m-Jadore-les-courses-de-championnat.png","type":"image\/png"}],"author":"Etienne Goursaud","twitter_card":"summary_large_image","twitter_title":"Clara Liberman (800 m) : \"J'adore les courses de championnat\"","twitter_creator":"@dicodusport","twitter_site":"@dicodusport","schema":{"@context":"https:\/\/schema.org","@graph":[{"@type":"NewsArticle","@id":"https:\/\/dicodusport.fr\/blog\/clara-liberman-800-m-jadore-les-courses-de-championnat\/#article","isPartOf":{"@id":"https:\/\/dicodusport.fr\/blog\/clara-liberman-800-m-jadore-les-courses-de-championnat\/"},"author":{"name":"Etienne Goursaud","@id":"https:\/\/dicodusport.fr\/blog\/#\/schema\/person\/d603dd7da31fb2b46c82b9835a77ec13"},"headline":"Clara Liberman (800 m) : \u00ab\u00a0J&rsquo;adore les courses de championnat\u00a0\u00bb","datePublished":"2025-03-06T08:00:47+00:00","mainEntityOfPage":{"@id":"https:\/\/dicodusport.fr\/blog\/clara-liberman-800-m-jadore-les-courses-de-championnat\/"},"wordCount":2856,"commentCount":0,"publisher":{"@id":"https:\/\/dicodusport.fr\/blog\/#organization"},"image":{"@id":"https:\/\/dicodusport.fr\/blog\/clara-liberman-800-m-jadore-les-courses-de-championnat\/#primaryimage"},"thumbnailUrl":"https:\/\/dicodusport.fr\/blog\/wp-content\/uploads\/2025\/03\/Clara-Liberman-800-m-Jadore-les-courses-de-championnat.png","keywords":["Athl\u00e9tisme","br\u00e8ve"],"articleSection":["Athl\u00e9tisme"],"inLanguage":"fr-FR","potentialAction":[{"@type":"CommentAction","name":"Comment","target":["https:\/\/dicodusport.fr\/blog\/clara-liberman-800-m-jadore-les-courses-de-championnat\/#respond"]}],"copyrightYear":"2025","copyrightHolder":{"@id":"https:\/\/dicodusport.fr\/blog\/#organization"}},{"@type":"WebPage","@id":"https:\/\/dicodusport.fr\/blog\/clara-liberman-800-m-jadore-les-courses-de-championnat\/","url":"https:\/\/dicodusport.fr\/blog\/clara-liberman-800-m-jadore-les-courses-de-championnat\/","name":"Clara Liberman (800 m) : \"J'adore les courses de championnat\"","isPartOf":{"@id":"https:\/\/dicodusport.fr\/blog\/#website"},"primaryImageOfPage":{"@id":"https:\/\/dicodusport.fr\/blog\/clara-liberman-800-m-jadore-les-courses-de-championnat\/#primaryimage"},"image":{"@id":"https:\/\/dicodusport.fr\/blog\/clara-liberman-800-m-jadore-les-courses-de-championnat\/#primaryimage"},"thumbnailUrl":"https:\/\/dicodusport.fr\/blog\/wp-content\/uploads\/2025\/03\/Clara-Liberman-800-m-Jadore-les-courses-de-championnat.png","datePublished":"2025-03-06T08:00:47+00:00","description":"ATHL\u00c9TISME - Entretien avec la sp\u00e9cialiste du 800 m Clara Liberman, qui va d\u00e9couvrir l'\u00e9quipe de France \u00e0 Apeldoorn, lors des Championnats d'Europe en salle.","breadcrumb":{"@id":"https:\/\/dicodusport.fr\/blog\/clara-liberman-800-m-jadore-les-courses-de-championnat\/#breadcrumb"},"inLanguage":"fr-FR","potentialAction":[{"@type":"ReadAction","target":["https:\/\/dicodusport.fr\/blog\/clara-liberman-800-m-jadore-les-courses-de-championnat\/"]}]},{"@type":"ImageObject","inLanguage":"fr-FR","@id":"https:\/\/dicodusport.fr\/blog\/clara-liberman-800-m-jadore-les-courses-de-championnat\/#primaryimage","url":"https:\/\/dicodusport.fr\/blog\/wp-content\/uploads\/2025\/03\/Clara-Liberman-800-m-Jadore-les-courses-de-championnat.png","contentUrl":"https:\/\/dicodusport.fr\/blog\/wp-content\/uploads\/2025\/03\/Clara-Liberman-800-m-Jadore-les-courses-de-championnat.png","width":1200,"height":674,"caption":"Clara Liberman (800 m) : \"J'adore les courses de championnat\""},{"@type":"BreadcrumbList","@id":"https:\/\/dicodusport.fr\/blog\/clara-liberman-800-m-jadore-les-courses-de-championnat\/#breadcrumb","itemListElement":[{"@type":"ListItem","position":1,"name":"Accueil","item":"https:\/\/dicodusport.fr\/blog\/"},{"@type":"ListItem","position":2,"name":"Clara Liberman (800 m) : \u00ab\u00a0J&rsquo;adore les courses de championnat\u00a0\u00bb"}]},{"@type":"WebSite","@id":"https:\/\/dicodusport.fr\/blog\/#website","url":"https:\/\/dicodusport.fr\/blog\/","name":"Dicodusport","description":"L&#039;encyclop\u00e9die de l&#039;actualit\u00e9 sportive","publisher":{"@id":"https:\/\/dicodusport.fr\/blog\/#organization"},"potentialAction":[{"@type":"SearchAction","target":{"@type":"EntryPoint","urlTemplate":"https:\/\/dicodusport.fr\/blog\/?s={search_term_string}"},"query-input":{"@type":"PropertyValueSpecification","valueRequired":true,"valueName":"search_term_string"}}],"inLanguage":"fr-FR"},{"@type":"NewsMediaOrganization","@id":"https:\/\/dicodusport.fr\/blog\/#organization","name":"Dicodusport","url":"https:\/\/dicodusport.fr\/blog\/","logo":{"@type":"ImageObject","inLanguage":"fr-FR","@id":"https:\/\/dicodusport.fr\/blog\/#\/schema\/logo\/image\/","url":"https:\/\/dicodusport.fr\/blog\/wp-content\/uploads\/2020\/06\/cropped-LOGO-DICODUSPORT-2020-SANS-FOND-SANS-TEXTE.png","contentUrl":"https:\/\/dicodusport.fr\/blog\/wp-content\/uploads\/2020\/06\/cropped-LOGO-DICODUSPORT-2020-SANS-FOND-SANS-TEXTE.png","width":512,"height":512,"caption":"Dicodusport"},"image":{"@id":"https:\/\/dicodusport.fr\/blog\/#\/schema\/logo\/image\/"},"sameAs":["https:\/\/www.facebook.com\/dicodusport","https:\/\/x.com\/dicodusport","https:\/\/www.instagram.com\/dicodusport\/","https:\/\/www.youtube.com\/channel\/UC7V2KZ5sd3htJivAbA4ZG3w"],"description":"Dicodusport est l'encyclop\u00e9die de l'actualit\u00e9 sportive.","email":"bonjour@dicodusport.fr","legalName":"DICODUSPORT","foundingDate":"2018-01-14","vatID":"FR71834470973","taxID":"83447097300043","numberOfEmployees":{"@type":"QuantitativeValue","minValue":"1","maxValue":"10"}},{"@type":"Person","@id":"https:\/\/dicodusport.fr\/blog\/#\/schema\/person\/d603dd7da31fb2b46c82b9835a77ec13","name":"Etienne Goursaud","image":{"@type":"ImageObject","inLanguage":"fr-FR","@id":"https:\/\/dicodusport.fr\/blog\/#\/schema\/person\/image\/","url":"https:\/\/dicodusport.fr\/blog\/wp-content\/uploads\/2023\/12\/410122264_10231602061736049_5565839791558026645_n-150x150.jpg","contentUrl":"https:\/\/dicodusport.fr\/blog\/wp-content\/uploads\/2023\/12\/410122264_10231602061736049_5565839791558026645_n-150x150.jpg","caption":"Etienne Goursaud"},"description":"Journaliste et amoureux de sport. Ancien footballeur reconverti athl\u00e8te quand ses muscles le laissent tranquille. \u00c9lev\u00e9 \u00e0 la sauce des exploits de Thomas Voeckler en 2004, du dernier essai de l\u00e9gende de Eunice Barber \u00e0 la longueur lors des championnats du monde d'athl\u00e9tisme de 2003 mais aussi Zidane, Omeyer et Titou Lamaison.","url":"https:\/\/dicodusport.fr\/blog\/author\/etienne-goursaud\/"}]}},"_links":{"self":[{"href":"https:\/\/dicodusport.fr\/blog\/wp-json\/wp\/v2\/posts\/561008","targetHints":{"allow":["GET"]}}],"collection":[{"href":"https:\/\/dicodusport.fr\/blog\/wp-json\/wp\/v2\/posts"}],"about":[{"href":"https:\/\/dicodusport.fr\/blog\/wp-json\/wp\/v2\/types\/post"}],"author":[{"embeddable":true,"href":"https:\/\/dicodusport.fr\/blog\/wp-json\/wp\/v2\/users\/83"}],"replies":[{"embeddable":true,"href":"https:\/\/dicodusport.fr\/blog\/wp-json\/wp\/v2\/comments?post=561008"}],"version-history":[{"count":5,"href":"https:\/\/dicodusport.fr\/blog\/wp-json\/wp\/v2\/posts\/561008\/revisions"}],"predecessor-version":[{"id":561066,"href":"https:\/\/dicodusport.fr\/blog\/wp-json\/wp\/v2\/posts\/561008\/revisions\/561066"}],"wp:featuredmedia":[{"embeddable":true,"href":"https:\/\/dicodusport.fr\/blog\/wp-json\/wp\/v2\/media\/561017"}],"wp:attachment":[{"href":"https:\/\/dicodusport.fr\/blog\/wp-json\/wp\/v2\/media?parent=561008"}],"wp:term":[{"taxonomy":"category","embeddable":true,"href":"https:\/\/dicodusport.fr\/blog\/wp-json\/wp\/v2\/categories?post=561008"},{"taxonomy":"post_tag","embeddable":true,"href":"https:\/\/dicodusport.fr\/blog\/wp-json\/wp\/v2\/tags?post=561008"}],"curies":[{"name":"wp","href":"https:\/\/api.w.org\/{rel}","templated":true}]}}