{"id":56101,"date":"2020-01-03T16:04:32","date_gmt":"2020-01-03T15:04:32","guid":{"rendered":"http:\/\/dicodusport.fr\/blog\/?p=56101&#038;preview=true&#038;preview_id=56101"},"modified":"2020-01-03T21:38:24","modified_gmt":"2020-01-03T20:38:24","slug":"prodige-athletisme-mondial-sasha-zhoya-choisit-france","status":"publish","type":"post","link":"https:\/\/dicodusport.fr\/blog\/prodige-athletisme-mondial-sasha-zhoya-choisit-france\/","title":{"rendered":"Prodige de l&rsquo;athl\u00e9tisme mondial, Sasha Zhoya choisit la France"},"content":{"rendered":"<p style=\"text-align: justify;\"><em><strong>V\u00e9ritable p\u00e9pite de l&rsquo;athl\u00e9tisme international, Sasha Zhoya, 17 ans, participera aux comp\u00e9titions internationales avec l&rsquo;\u00e9quipe de France, a annonc\u00e9 le F\u00e9d\u00e9ration Fran\u00e7aise d&rsquo;Athl\u00e9tisme ce vendredi.<br \/>\n<\/strong><\/em><\/p>\n<p style=\"text-align: justify;\">L&rsquo;athl\u00e9tisme fran\u00e7ais d\u00e9bute 2020 par une excellente nouvelle. La F\u00e9d\u00e9ration Fran\u00e7aise a en effet annonc\u00e9 ce matin l&rsquo;arriv\u00e9e en \u00e9quipe de France du crack franco-australo-zimbabw\u00e9en <a href=\"https:\/\/www.athle.fr\/asp.net\/main.news\/news.aspx?newsid=16672\" target=\"_blank\" rel=\"noopener\"><strong>Sasha Zhoya<\/strong><\/a>, 17 ans. Sur le site de cette m\u00eame F\u00e9d\u00e9, le d\u00e9tenteur des meilleures performances mondiales sur 110m haies et au saut \u00e0 la perche s&rsquo;est montr\u00e9 enthousiaste, \u00e0 quatre ans des <strong>JO de Paris<\/strong> :<\/p>\n<blockquote>\n<p style=\"text-align: justify;\"><em>Je m\u2019imagine d\u00e9j\u00e0 disputer les Jeux Olympiques \u00e0 domicile, dans 4 ans, devant eux (ses proches). C\u2019est un r\u00eave qui commence petit \u00e0 petit \u00e0 prendre forme, notamment \u00e0 travers ma d\u00e9cision de repr\u00e9senter la France, et je sais combien la F\u00e9d\u00e9ration Fran\u00e7aise d\u2019Athl\u00e9tisme est derri\u00e8re moi pour m\u2019accompagner dans cette voie, via son dispositif de soutien de ses principaux espoirs pour 2024.<br \/>\n<\/em><\/p>\n<\/blockquote>\n<h2 style=\"text-align: justify;\">L&rsquo;athl\u00e8te \u00e0 tout faire<\/h2>\n<p style=\"text-align: justify;\">Consid\u00e9r\u00e9 comme une future grande star de la discipline, <strong>Sasha Zhoya<\/strong> d\u00e9tient les records de France dans la cat\u00e9gorie cadets sur 100m, 200m et 60m haies. N\u00e9 en Australie, le pensionnaire du club <strong>Clermont Auvergne Athl\u00e9tisme<\/strong> va rejoindre prochainement le groupe perche de <strong>Philippe D&rsquo;Encausse<\/strong> en Auvergne et fera partie du groupe sprint-haies de la FFA \u00e0 l&rsquo;INSEP, sous la houlette d&rsquo;un certain <strong>Ladji Doucour\u00e9<\/strong>.<\/p>\n<blockquote class=\"twitter-tweet\" data-lang=\"fr\">\n<p dir=\"ltr\" lang=\"fr\">&#x1f1eb;&#x1f1f7; Sasha Zhoya choisit la France<\/p>\n<p>&#x1f449; <a href=\"https:\/\/t.co\/rhJOeWhcmb\">https:\/\/t.co\/rhJOeWhcmb<\/a> <a href=\"https:\/\/t.co\/aEKnqbKpgU\">pic.twitter.com\/aEKnqbKpgU<\/a><\/p>\n<p>\u2014 FFA (@FFAthletisme) <a href=\"https:\/\/twitter.com\/FFAthletisme\/status\/1213064911787565056?ref_src=twsrc%5Etfw\">3 janvier 2020<\/a><\/p><\/blockquote>\n<p><script async src=\"https:\/\/platform.twitter.com\/widgets.js\" charset=\"utf-8\"><\/script><\/p>\n<p><strong><em>Dicodusport<br \/>\n<a href=\"https:\/\/www.facebook.com\/dicodusport\/\" target=\"_blank\" rel=\"noopener\"><img loading=\"lazy\" decoding=\"async\" class=\"alignnone wp-image-2909\" src=\"http:\/\/dicodusport.fr\/blog\/wp-content\/uploads\/2017\/07\/logo-facebook-150x150.png\" alt=\"\" width=\"40\" height=\"40\" \/><\/a><a href=\"https:\/\/twitter.com\/dicodusport\" target=\"_blank\" rel=\"noopener\"><img loading=\"lazy\" decoding=\"async\" class=\"alignnone wp-image-2908\" src=\"http:\/\/dicodusport.fr\/blog\/wp-content\/uploads\/2017\/07\/logo-twitter-150x150.png\" alt=\"\" width=\"39\" height=\"39\" \/><\/a><\/em><\/strong><\/p>\n","protected":false},"excerpt":{"rendered":"<p>V\u00e9ritable p\u00e9pite de l&rsquo;athl\u00e9tisme international, Sasha Zhoya, 17 ans, participera aux comp\u00e9titions internationales avec l&rsquo;\u00e9quipe de France, a annonc\u00e9 le F\u00e9d\u00e9ration Fran\u00e7aise d&rsquo;Athl\u00e9tisme ce vendredi.<\/p>\n","protected":false},"author":4,"featured_media":56105,"comment_status":"open","ping_status":"closed","sticky":false,"template":"","format":"standard","meta":{"_acf_changed":false,"_daextam_enable_autolinks":"","footnotes":""},"categories":[2308],"tags":[143,9487],"class_list":["post-56101","post","type-post","status-publish","format-standard","has-post-thumbnail","hentry","category-athletisme","tag-athletisme","tag-sasha-zhoya"],"acf":[],"yoast_head":"<!-- This site is optimized with the Yoast SEO Premium plugin v26.7 (Yoast SEO v26.7) - https:\/\/yoast.com\/wordpress\/plugins\/seo\/ -->\n<title>Prodige de l&#039;athl\u00e9tisme mondial, Sasha Zhoya choisit la France<\/title>\n<meta name=\"description\" content=\"Athl\u00e9tisme - V\u00e9ritable p\u00e9pite de l&#039;athl\u00e9tisme international, Sasha Zhoya, 17 ans, participera aux comp\u00e9titions internationales avec l&#039;\u00e9quipe de France.\" \/>\n<meta name=\"robots\" content=\"index, follow, max-snippet:-1, max-image-preview:large, max-video-preview:-1\" \/>\n<link rel=\"canonical\" href=\"https:\/\/dicodusport.fr\/blog\/prodige-athletisme-mondial-sasha-zhoya-choisit-france\/\" \/>\n<meta property=\"og:locale\" content=\"fr_FR\" \/>\n<meta property=\"og:type\" content=\"article\" \/>\n<meta property=\"og:title\" content=\"Prodige de l&#039;athl\u00e9tisme mondial, Sasha Zhoya choisit la France\" \/>\n<meta property=\"og:description\" content=\"Athl\u00e9tisme - V\u00e9ritable p\u00e9pite de l&#039;athl\u00e9tisme international, Sasha Zhoya, 17 ans, participera aux comp\u00e9titions internationales avec l&#039;\u00e9quipe de France.\" \/>\n<meta property=\"og:url\" content=\"https:\/\/dicodusport.fr\/blog\/prodige-athletisme-mondial-sasha-zhoya-choisit-france\/\" \/>\n<meta property=\"og:site_name\" content=\"Dicodusport\" \/>\n<meta property=\"article:publisher\" content=\"https:\/\/www.facebook.com\/dicodusport\" \/>\n<meta property=\"article:author\" content=\"https:\/\/www.facebook.com\/florent.ostermann\" \/>\n<meta property=\"article:published_time\" content=\"2020-01-03T15:04:32+00:00\" \/>\n<meta property=\"article:modified_time\" content=\"2020-01-03T20:38:24+00:00\" \/>\n<meta property=\"og:image\" content=\"https:\/\/dicodusport.fr\/blog\/wp-content\/uploads\/2020\/01\/Prodige-de-lathl\u00e9tisme-mondial-Sasha-Zhoya-choisit-la-France.png\" \/>\n\t<meta property=\"og:image:width\" content=\"800\" \/>\n\t<meta property=\"og:image:height\" content=\"445\" \/>\n\t<meta property=\"og:image:type\" content=\"image\/png\" \/>\n<meta name=\"author\" content=\"Flo Ostermann\" \/>\n<meta name=\"twitter:card\" content=\"summary_large_image\" \/>\n<meta name=\"twitter:title\" content=\"Prodige de l&#039;athl\u00e9tisme mondial, Sasha Zhoya choisit la France\" \/>\n<meta name=\"twitter:creator\" content=\"@https:\/\/twitter.com\/FlOstermann\" \/>\n<meta name=\"twitter:site\" content=\"@dicodusport\" \/>\n<script type=\"application\/ld+json\" class=\"yoast-schema-graph\">{\"@context\":\"https:\/\/schema.org\",\"@graph\":[{\"@type\":\"NewsArticle\",\"@id\":\"https:\/\/dicodusport.fr\/blog\/prodige-athletisme-mondial-sasha-zhoya-choisit-france\/#article\",\"isPartOf\":{\"@id\":\"https:\/\/dicodusport.fr\/blog\/prodige-athletisme-mondial-sasha-zhoya-choisit-france\/\"},\"author\":{\"name\":\"Flo Ostermann\",\"@id\":\"https:\/\/dicodusport.fr\/blog\/#\/schema\/person\/cb02af4c173ce4a653b55e9baf388d4a\"},\"headline\":\"Prodige de l&rsquo;athl\u00e9tisme mondial, Sasha Zhoya choisit la France\",\"datePublished\":\"2020-01-03T15:04:32+00:00\",\"dateModified\":\"2020-01-03T20:38:24+00:00\",\"mainEntityOfPage\":{\"@id\":\"https:\/\/dicodusport.fr\/blog\/prodige-athletisme-mondial-sasha-zhoya-choisit-france\/\"},\"wordCount\":288,\"commentCount\":0,\"publisher\":{\"@id\":\"https:\/\/dicodusport.fr\/blog\/#organization\"},\"image\":{\"@id\":\"https:\/\/dicodusport.fr\/blog\/prodige-athletisme-mondial-sasha-zhoya-choisit-france\/#primaryimage\"},\"thumbnailUrl\":\"https:\/\/dicodusport.fr\/blog\/wp-content\/uploads\/2020\/01\/Prodige-de-lathl\u00e9tisme-mondial-Sasha-Zhoya-choisit-la-France.png\",\"keywords\":[\"Athl\u00e9tisme\",\"Sasha Zhoya\"],\"articleSection\":[\"Athl\u00e9tisme\"],\"inLanguage\":\"fr-FR\",\"potentialAction\":[{\"@type\":\"CommentAction\",\"name\":\"Comment\",\"target\":[\"https:\/\/dicodusport.fr\/blog\/prodige-athletisme-mondial-sasha-zhoya-choisit-france\/#respond\"]}],\"copyrightYear\":\"2020\",\"copyrightHolder\":{\"@id\":\"https:\/\/dicodusport.fr\/blog\/#organization\"}},{\"@type\":\"WebPage\",\"@id\":\"https:\/\/dicodusport.fr\/blog\/prodige-athletisme-mondial-sasha-zhoya-choisit-france\/\",\"url\":\"https:\/\/dicodusport.fr\/blog\/prodige-athletisme-mondial-sasha-zhoya-choisit-france\/\",\"name\":\"Prodige de l'athl\u00e9tisme mondial, Sasha Zhoya choisit la France\",\"isPartOf\":{\"@id\":\"https:\/\/dicodusport.fr\/blog\/#website\"},\"primaryImageOfPage\":{\"@id\":\"https:\/\/dicodusport.fr\/blog\/prodige-athletisme-mondial-sasha-zhoya-choisit-france\/#primaryimage\"},\"image\":{\"@id\":\"https:\/\/dicodusport.fr\/blog\/prodige-athletisme-mondial-sasha-zhoya-choisit-france\/#primaryimage\"},\"thumbnailUrl\":\"https:\/\/dicodusport.fr\/blog\/wp-content\/uploads\/2020\/01\/Prodige-de-lathl\u00e9tisme-mondial-Sasha-Zhoya-choisit-la-France.png\",\"datePublished\":\"2020-01-03T15:04:32+00:00\",\"dateModified\":\"2020-01-03T20:38:24+00:00\",\"description\":\"Athl\u00e9tisme - V\u00e9ritable p\u00e9pite de l'athl\u00e9tisme international, Sasha Zhoya, 17 ans, participera aux comp\u00e9titions internationales avec l'\u00e9quipe de France.\",\"breadcrumb\":{\"@id\":\"https:\/\/dicodusport.fr\/blog\/prodige-athletisme-mondial-sasha-zhoya-choisit-france\/#breadcrumb\"},\"inLanguage\":\"fr-FR\",\"potentialAction\":[{\"@type\":\"ReadAction\",\"target\":[\"https:\/\/dicodusport.fr\/blog\/prodige-athletisme-mondial-sasha-zhoya-choisit-france\/\"]}]},{\"@type\":\"ImageObject\",\"inLanguage\":\"fr-FR\",\"@id\":\"https:\/\/dicodusport.fr\/blog\/prodige-athletisme-mondial-sasha-zhoya-choisit-france\/#primaryimage\",\"url\":\"https:\/\/dicodusport.fr\/blog\/wp-content\/uploads\/2020\/01\/Prodige-de-lathl\u00e9tisme-mondial-Sasha-Zhoya-choisit-la-France.png\",\"contentUrl\":\"https:\/\/dicodusport.fr\/blog\/wp-content\/uploads\/2020\/01\/Prodige-de-lathl\u00e9tisme-mondial-Sasha-Zhoya-choisit-la-France.png\",\"width\":800,\"height\":445,\"caption\":\"Prodige de l'athl\u00e9tisme mondial, Sasha Zhoya choisit la France\"},{\"@type\":\"BreadcrumbList\",\"@id\":\"https:\/\/dicodusport.fr\/blog\/prodige-athletisme-mondial-sasha-zhoya-choisit-france\/#breadcrumb\",\"itemListElement\":[{\"@type\":\"ListItem\",\"position\":1,\"name\":\"Accueil\",\"item\":\"https:\/\/dicodusport.fr\/blog\/\"},{\"@type\":\"ListItem\",\"position\":2,\"name\":\"Prodige de l&rsquo;athl\u00e9tisme mondial, Sasha Zhoya choisit la France\"}]},{\"@type\":\"WebSite\",\"@id\":\"https:\/\/dicodusport.fr\/blog\/#website\",\"url\":\"https:\/\/dicodusport.fr\/blog\/\",\"name\":\"Dicodusport\",\"description\":\"L&#039;encyclop\u00e9die de l&#039;actualit\u00e9 sportive\",\"publisher\":{\"@id\":\"https:\/\/dicodusport.fr\/blog\/#organization\"},\"potentialAction\":[{\"@type\":\"SearchAction\",\"target\":{\"@type\":\"EntryPoint\",\"urlTemplate\":\"https:\/\/dicodusport.fr\/blog\/?s={search_term_string}\"},\"query-input\":{\"@type\":\"PropertyValueSpecification\",\"valueRequired\":true,\"valueName\":\"search_term_string\"}}],\"inLanguage\":\"fr-FR\"},{\"@type\":\"NewsMediaOrganization\",\"@id\":\"https:\/\/dicodusport.fr\/blog\/#organization\",\"name\":\"Dicodusport\",\"url\":\"https:\/\/dicodusport.fr\/blog\/\",\"logo\":{\"@type\":\"ImageObject\",\"inLanguage\":\"fr-FR\",\"@id\":\"https:\/\/dicodusport.fr\/blog\/#\/schema\/logo\/image\/\",\"url\":\"https:\/\/dicodusport.fr\/blog\/wp-content\/uploads\/2020\/06\/cropped-LOGO-DICODUSPORT-2020-SANS-FOND-SANS-TEXTE.png\",\"contentUrl\":\"https:\/\/dicodusport.fr\/blog\/wp-content\/uploads\/2020\/06\/cropped-LOGO-DICODUSPORT-2020-SANS-FOND-SANS-TEXTE.png\",\"width\":512,\"height\":512,\"caption\":\"Dicodusport\"},\"image\":{\"@id\":\"https:\/\/dicodusport.fr\/blog\/#\/schema\/logo\/image\/\"},\"sameAs\":[\"https:\/\/www.facebook.com\/dicodusport\",\"https:\/\/x.com\/dicodusport\",\"https:\/\/www.instagram.com\/dicodusport\/\",\"https:\/\/www.youtube.com\/channel\/UC7V2KZ5sd3htJivAbA4ZG3w\"],\"description\":\"Dicodusport est l'encyclop\u00e9die de l'actualit\u00e9 sportive.\",\"email\":\"bonjour@dicodusport.fr\",\"legalName\":\"DICODUSPORT\",\"foundingDate\":\"2018-01-14\",\"vatID\":\"FR71834470973\",\"taxID\":\"83447097300043\",\"numberOfEmployees\":{\"@type\":\"QuantitativeValue\",\"minValue\":\"1\",\"maxValue\":\"10\"}},{\"@type\":\"Person\",\"@id\":\"https:\/\/dicodusport.fr\/blog\/#\/schema\/person\/cb02af4c173ce4a653b55e9baf388d4a\",\"name\":\"Flo Ostermann\",\"image\":{\"@type\":\"ImageObject\",\"inLanguage\":\"fr-FR\",\"@id\":\"https:\/\/dicodusport.fr\/blog\/#\/schema\/person\/image\/\",\"url\":\"https:\/\/dicodusport.fr\/blog\/wp-content\/uploads\/2021\/05\/Flo-Ostermann-150x150.jpg\",\"contentUrl\":\"https:\/\/dicodusport.fr\/blog\/wp-content\/uploads\/2021\/05\/Flo-Ostermann-150x150.jpg\",\"caption\":\"Flo Ostermann\"},\"description\":\"Journaliste\/R\u00e9dacteur depuis septembre 2015 - Mes premiers souvenirs dans le sport ? Les envol\u00e9es du Stade Toulousain et les duels Villeneuve-Schumacher et H\u00e4kkinen-Schumacher \u00e0 la fin des ann\u00e9es 90, la Coupe du monde de football en 1998, l\u2019exploit du XV de France face aux All Blacks en 1999, mais aussi Richard C\u0153ur de Lion qui vole sur les montagnes du Tour de France. Bien parti pour devenir professeur d\u2019EPS, les \u00e9v\u00e9nements de la vie (et la flemme d\u2019animer des s\u00e9ances de 3x500 m\u00e8tres toute ma vie) m\u2019ont conduit \u00e0 revoir mes plans. Me voil\u00e0 depuis fin 2017 sur Dicodusport, m\u00e9dia gr\u00e2ce (et pour) lequel je partage ma passion : le sport dans tous ses \u00e9tats. Le tout accompagn\u00e9 par les fous furieux et folles furieuses cit\u00e9s sur cette page !\",\"sameAs\":[\"https:\/\/www.facebook.com\/florent.ostermann\",\"https:\/\/x.com\/https:\/\/twitter.com\/FlOstermann\",\"admin\"],\"url\":\"https:\/\/dicodusport.fr\/blog\/author\/flo\/\"}]}<\/script>\n<!-- \/ Yoast SEO Premium plugin. -->","yoast_head_json":{"title":"Prodige de l'athl\u00e9tisme mondial, Sasha Zhoya choisit la France","description":"Athl\u00e9tisme - V\u00e9ritable p\u00e9pite de l'athl\u00e9tisme international, Sasha Zhoya, 17 ans, participera aux comp\u00e9titions internationales avec l'\u00e9quipe de France.","robots":{"index":"index","follow":"follow","max-snippet":"max-snippet:-1","max-image-preview":"max-image-preview:large","max-video-preview":"max-video-preview:-1"},"canonical":"https:\/\/dicodusport.fr\/blog\/prodige-athletisme-mondial-sasha-zhoya-choisit-france\/","og_locale":"fr_FR","og_type":"article","og_title":"Prodige de l'athl\u00e9tisme mondial, Sasha Zhoya choisit la France","og_description":"Athl\u00e9tisme - V\u00e9ritable p\u00e9pite de l'athl\u00e9tisme international, Sasha Zhoya, 17 ans, participera aux comp\u00e9titions internationales avec l'\u00e9quipe de France.","og_url":"https:\/\/dicodusport.fr\/blog\/prodige-athletisme-mondial-sasha-zhoya-choisit-france\/","og_site_name":"Dicodusport","article_publisher":"https:\/\/www.facebook.com\/dicodusport","article_author":"https:\/\/www.facebook.com\/florent.ostermann","article_published_time":"2020-01-03T15:04:32+00:00","article_modified_time":"2020-01-03T20:38:24+00:00","og_image":[{"width":800,"height":445,"url":"https:\/\/dicodusport.fr\/blog\/wp-content\/uploads\/2020\/01\/Prodige-de-lathl\u00e9tisme-mondial-Sasha-Zhoya-choisit-la-France.png","type":"image\/png"}],"author":"Flo Ostermann","twitter_card":"summary_large_image","twitter_title":"Prodige de l'athl\u00e9tisme mondial, Sasha Zhoya choisit la France","twitter_creator":"@https:\/\/twitter.com\/FlOstermann","twitter_site":"@dicodusport","schema":{"@context":"https:\/\/schema.org","@graph":[{"@type":"NewsArticle","@id":"https:\/\/dicodusport.fr\/blog\/prodige-athletisme-mondial-sasha-zhoya-choisit-france\/#article","isPartOf":{"@id":"https:\/\/dicodusport.fr\/blog\/prodige-athletisme-mondial-sasha-zhoya-choisit-france\/"},"author":{"name":"Flo Ostermann","@id":"https:\/\/dicodusport.fr\/blog\/#\/schema\/person\/cb02af4c173ce4a653b55e9baf388d4a"},"headline":"Prodige de l&rsquo;athl\u00e9tisme mondial, Sasha Zhoya choisit la France","datePublished":"2020-01-03T15:04:32+00:00","dateModified":"2020-01-03T20:38:24+00:00","mainEntityOfPage":{"@id":"https:\/\/dicodusport.fr\/blog\/prodige-athletisme-mondial-sasha-zhoya-choisit-france\/"},"wordCount":288,"commentCount":0,"publisher":{"@id":"https:\/\/dicodusport.fr\/blog\/#organization"},"image":{"@id":"https:\/\/dicodusport.fr\/blog\/prodige-athletisme-mondial-sasha-zhoya-choisit-france\/#primaryimage"},"thumbnailUrl":"https:\/\/dicodusport.fr\/blog\/wp-content\/uploads\/2020\/01\/Prodige-de-lathl\u00e9tisme-mondial-Sasha-Zhoya-choisit-la-France.png","keywords":["Athl\u00e9tisme","Sasha Zhoya"],"articleSection":["Athl\u00e9tisme"],"inLanguage":"fr-FR","potentialAction":[{"@type":"CommentAction","name":"Comment","target":["https:\/\/dicodusport.fr\/blog\/prodige-athletisme-mondial-sasha-zhoya-choisit-france\/#respond"]}],"copyrightYear":"2020","copyrightHolder":{"@id":"https:\/\/dicodusport.fr\/blog\/#organization"}},{"@type":"WebPage","@id":"https:\/\/dicodusport.fr\/blog\/prodige-athletisme-mondial-sasha-zhoya-choisit-france\/","url":"https:\/\/dicodusport.fr\/blog\/prodige-athletisme-mondial-sasha-zhoya-choisit-france\/","name":"Prodige de l'athl\u00e9tisme mondial, Sasha Zhoya choisit la France","isPartOf":{"@id":"https:\/\/dicodusport.fr\/blog\/#website"},"primaryImageOfPage":{"@id":"https:\/\/dicodusport.fr\/blog\/prodige-athletisme-mondial-sasha-zhoya-choisit-france\/#primaryimage"},"image":{"@id":"https:\/\/dicodusport.fr\/blog\/prodige-athletisme-mondial-sasha-zhoya-choisit-france\/#primaryimage"},"thumbnailUrl":"https:\/\/dicodusport.fr\/blog\/wp-content\/uploads\/2020\/01\/Prodige-de-lathl\u00e9tisme-mondial-Sasha-Zhoya-choisit-la-France.png","datePublished":"2020-01-03T15:04:32+00:00","dateModified":"2020-01-03T20:38:24+00:00","description":"Athl\u00e9tisme - V\u00e9ritable p\u00e9pite de l'athl\u00e9tisme international, Sasha Zhoya, 17 ans, participera aux comp\u00e9titions internationales avec l'\u00e9quipe de France.","breadcrumb":{"@id":"https:\/\/dicodusport.fr\/blog\/prodige-athletisme-mondial-sasha-zhoya-choisit-france\/#breadcrumb"},"inLanguage":"fr-FR","potentialAction":[{"@type":"ReadAction","target":["https:\/\/dicodusport.fr\/blog\/prodige-athletisme-mondial-sasha-zhoya-choisit-france\/"]}]},{"@type":"ImageObject","inLanguage":"fr-FR","@id":"https:\/\/dicodusport.fr\/blog\/prodige-athletisme-mondial-sasha-zhoya-choisit-france\/#primaryimage","url":"https:\/\/dicodusport.fr\/blog\/wp-content\/uploads\/2020\/01\/Prodige-de-lathl\u00e9tisme-mondial-Sasha-Zhoya-choisit-la-France.png","contentUrl":"https:\/\/dicodusport.fr\/blog\/wp-content\/uploads\/2020\/01\/Prodige-de-lathl\u00e9tisme-mondial-Sasha-Zhoya-choisit-la-France.png","width":800,"height":445,"caption":"Prodige de l'athl\u00e9tisme mondial, Sasha Zhoya choisit la France"},{"@type":"BreadcrumbList","@id":"https:\/\/dicodusport.fr\/blog\/prodige-athletisme-mondial-sasha-zhoya-choisit-france\/#breadcrumb","itemListElement":[{"@type":"ListItem","position":1,"name":"Accueil","item":"https:\/\/dicodusport.fr\/blog\/"},{"@type":"ListItem","position":2,"name":"Prodige de l&rsquo;athl\u00e9tisme mondial, Sasha Zhoya choisit la France"}]},{"@type":"WebSite","@id":"https:\/\/dicodusport.fr\/blog\/#website","url":"https:\/\/dicodusport.fr\/blog\/","name":"Dicodusport","description":"L&#039;encyclop\u00e9die de l&#039;actualit\u00e9 sportive","publisher":{"@id":"https:\/\/dicodusport.fr\/blog\/#organization"},"potentialAction":[{"@type":"SearchAction","target":{"@type":"EntryPoint","urlTemplate":"https:\/\/dicodusport.fr\/blog\/?s={search_term_string}"},"query-input":{"@type":"PropertyValueSpecification","valueRequired":true,"valueName":"search_term_string"}}],"inLanguage":"fr-FR"},{"@type":"NewsMediaOrganization","@id":"https:\/\/dicodusport.fr\/blog\/#organization","name":"Dicodusport","url":"https:\/\/dicodusport.fr\/blog\/","logo":{"@type":"ImageObject","inLanguage":"fr-FR","@id":"https:\/\/dicodusport.fr\/blog\/#\/schema\/logo\/image\/","url":"https:\/\/dicodusport.fr\/blog\/wp-content\/uploads\/2020\/06\/cropped-LOGO-DICODUSPORT-2020-SANS-FOND-SANS-TEXTE.png","contentUrl":"https:\/\/dicodusport.fr\/blog\/wp-content\/uploads\/2020\/06\/cropped-LOGO-DICODUSPORT-2020-SANS-FOND-SANS-TEXTE.png","width":512,"height":512,"caption":"Dicodusport"},"image":{"@id":"https:\/\/dicodusport.fr\/blog\/#\/schema\/logo\/image\/"},"sameAs":["https:\/\/www.facebook.com\/dicodusport","https:\/\/x.com\/dicodusport","https:\/\/www.instagram.com\/dicodusport\/","https:\/\/www.youtube.com\/channel\/UC7V2KZ5sd3htJivAbA4ZG3w"],"description":"Dicodusport est l'encyclop\u00e9die de l'actualit\u00e9 sportive.","email":"bonjour@dicodusport.fr","legalName":"DICODUSPORT","foundingDate":"2018-01-14","vatID":"FR71834470973","taxID":"83447097300043","numberOfEmployees":{"@type":"QuantitativeValue","minValue":"1","maxValue":"10"}},{"@type":"Person","@id":"https:\/\/dicodusport.fr\/blog\/#\/schema\/person\/cb02af4c173ce4a653b55e9baf388d4a","name":"Flo Ostermann","image":{"@type":"ImageObject","inLanguage":"fr-FR","@id":"https:\/\/dicodusport.fr\/blog\/#\/schema\/person\/image\/","url":"https:\/\/dicodusport.fr\/blog\/wp-content\/uploads\/2021\/05\/Flo-Ostermann-150x150.jpg","contentUrl":"https:\/\/dicodusport.fr\/blog\/wp-content\/uploads\/2021\/05\/Flo-Ostermann-150x150.jpg","caption":"Flo Ostermann"},"description":"Journaliste\/R\u00e9dacteur depuis septembre 2015 - Mes premiers souvenirs dans le sport ? Les envol\u00e9es du Stade Toulousain et les duels Villeneuve-Schumacher et H\u00e4kkinen-Schumacher \u00e0 la fin des ann\u00e9es 90, la Coupe du monde de football en 1998, l\u2019exploit du XV de France face aux All Blacks en 1999, mais aussi Richard C\u0153ur de Lion qui vole sur les montagnes du Tour de France. Bien parti pour devenir professeur d\u2019EPS, les \u00e9v\u00e9nements de la vie (et la flemme d\u2019animer des s\u00e9ances de 3x500 m\u00e8tres toute ma vie) m\u2019ont conduit \u00e0 revoir mes plans. Me voil\u00e0 depuis fin 2017 sur Dicodusport, m\u00e9dia gr\u00e2ce (et pour) lequel je partage ma passion : le sport dans tous ses \u00e9tats. Le tout accompagn\u00e9 par les fous furieux et folles furieuses cit\u00e9s sur cette page !","sameAs":["https:\/\/www.facebook.com\/florent.ostermann","https:\/\/x.com\/https:\/\/twitter.com\/FlOstermann","admin"],"url":"https:\/\/dicodusport.fr\/blog\/author\/flo\/"}]}},"_links":{"self":[{"href":"https:\/\/dicodusport.fr\/blog\/wp-json\/wp\/v2\/posts\/56101","targetHints":{"allow":["GET"]}}],"collection":[{"href":"https:\/\/dicodusport.fr\/blog\/wp-json\/wp\/v2\/posts"}],"about":[{"href":"https:\/\/dicodusport.fr\/blog\/wp-json\/wp\/v2\/types\/post"}],"author":[{"embeddable":true,"href":"https:\/\/dicodusport.fr\/blog\/wp-json\/wp\/v2\/users\/4"}],"replies":[{"embeddable":true,"href":"https:\/\/dicodusport.fr\/blog\/wp-json\/wp\/v2\/comments?post=56101"}],"version-history":[{"count":0,"href":"https:\/\/dicodusport.fr\/blog\/wp-json\/wp\/v2\/posts\/56101\/revisions"}],"wp:featuredmedia":[{"embeddable":true,"href":"https:\/\/dicodusport.fr\/blog\/wp-json\/wp\/v2\/media\/56105"}],"wp:attachment":[{"href":"https:\/\/dicodusport.fr\/blog\/wp-json\/wp\/v2\/media?parent=56101"}],"wp:term":[{"taxonomy":"category","embeddable":true,"href":"https:\/\/dicodusport.fr\/blog\/wp-json\/wp\/v2\/categories?post=56101"},{"taxonomy":"post_tag","embeddable":true,"href":"https:\/\/dicodusport.fr\/blog\/wp-json\/wp\/v2\/tags?post=56101"}],"curies":[{"name":"wp","href":"https:\/\/api.w.org\/{rel}","templated":true}]}}