{"id":561076,"date":"2025-03-04T12:43:25","date_gmt":"2025-03-04T11:43:25","guid":{"rendered":"https:\/\/dicodusport.fr\/blog\/?p=561076&#038;preview=true&#038;preview_id=561076"},"modified":"2025-07-09T18:34:01","modified_gmt":"2025-07-09T16:34:01","slug":"mondiaux-jeunes-juniors-de-biathlon-2025-les-allemandes-remportent-le-relais-jeunes-les-bleuettes-hors-du-podium","status":"publish","type":"post","link":"https:\/\/dicodusport.fr\/blog\/mondiaux-jeunes-juniors-de-biathlon-2025-les-allemandes-remportent-le-relais-jeunes-les-bleuettes-hors-du-podium\/","title":{"rendered":"Mondiaux Jeunes\/Juniors de biathlon 2025 : Les Allemandes remportent le relais jeunes, les Bleuettes hors du podium"},"content":{"rendered":"<h4 style=\"text-align: justify;\"><em>CHAMPIONNATS DU MONDE DE BIATHLON JEUNES ET JUNIORS 2025\u00a0\u00a0&#8211;<\/em> <em>Sur la piste d\u2019Ostersund, le relais f\u00e9minin allemand s\u2019est offert le dernier titre en jeu dans la cat\u00e9gorie jeunes femmes. La Norv\u00e8ge et l\u2019Italie compl\u00e8tent le podium.<\/em><\/h4>\n<ul style=\"text-align: justify;\">\n<li><strong>\u00c0 ce sujet &#8211;\u00a0<a href=\"https:\/\/dicodusport.fr\/blog\/championnats-du-monde-de-biathlon-jeunes-et-juniors-2025-le-programme-complet-des-epreuves\/\">Championnats du Monde de Biathlon Jeunes et Juniors 2025 : Le Programme Complet des \u00c9preuves<\/a><\/strong><\/li>\n<\/ul>\n<h2 style=\"font-weight: 400; text-align: justify;\"><strong>Le vent perturbe les biathl\u00e8tes <\/strong><\/h2>\n<p style=\"font-weight: 400; text-align: justify;\">Sur le pas de tir, une brise venue du nord-est fut la cause de nombreuses fautes. Avec le dossard n\u00b05 sur les \u00e9paules, la relayeuse allemande <strong>Melina Gaupp<\/strong> \u00e9tait la premi\u00e8re des favorites \u00e0 en faire les frais. En t\u00eate \u00e0 l\u2019entr\u00e9e sur le pas de tir, quatre erreurs sur son tir couch\u00e9 l\u2019envoyaient faire un tour sur l\u2019anneau de p\u00e9nalit\u00e9. <strong>Melina Gaupp<\/strong> ressortait en 14<sup>e<\/sup> position, d\u00e9j\u00e0 rel\u00e9gu\u00e9e \u00e0 43 secondes.<\/p>\n<ul style=\"text-align: justify;\">\n<li><strong>\u00c0 ce sujet &#8211;<\/strong>\u00a0<a href=\"https:\/\/dicodusport.fr\/blog\/biathlon-mondiaux-jeunes-et-juniors-2025-tous-les-resultats-et-classements\/\"><strong>Tous les R\u00e9sultats et Classements des championnats du monde jeunes\/juniors 2025<\/strong><\/a><\/li>\n<\/ul>\n<p style=\"font-weight: 400; text-align: justify;\">Au terme du premier relais, l\u2019Allemagne, la Norv\u00e8ge et la Canada cumulaient d\u00e9j\u00e0 de nombreuses fautes. Plus pr\u00e9cise sur le pas de tir malgr\u00e9 les conditions difficiles, l\u2019Italienne <strong>Nayeli Mariotti Cavagnet<\/strong> en profitait pour prendre les commandes de la course et transmettre le relais \u00e0 sa compatriote <strong>Gaia Gondolo<\/strong> en premi\u00e8re position. Tr\u00e8s rapides sur les skis, les relayeuses allemandes et norv\u00e9giennes comblaient leur retard et se repla\u00e7aient parmi les trois premi\u00e8res. Les favorites \u00e9taient au rendez-vous.<\/p>\n<h2 style=\"font-weight: 400; text-align: justify;\"><strong>L\u2019Allemagne s\u2019offre le titre, la Norv\u00e8ge craque <\/strong><\/h2>\n<p style=\"font-weight: 400; text-align: justify;\">Impressionnante sur les skis, <strong>Sydney Wuestling<\/strong> permettait \u00e0 l\u2019Allemagne de revenir d\u00e9finitivement dans la course en comblant l\u2019\u00e9cart qui la s\u00e9parait de sa rivale italienne. Gr\u00e2ce \u00e0 un sans-faute sur le tir couch\u00e9, <strong>Sydney Wuestling<\/strong> prenait les commandes de la course et s\u2019envolait dans le tour suivant. <strong>Gaia Gondolo<\/strong> pour l\u2019Italie et <strong>Bjoerg Eide<\/strong> c\u00f4t\u00e9 norv\u00e9gien ne parvenaient \u00e0 suivre le rythme. Les trois premi\u00e8res livraient une copie identique sur le tir debout, en ne commettant qu\u2019une seule erreur chacune. <strong>Sydney Wuestling <\/strong>conservait son avance en t\u00eate de course et transmettait le relais \u00e0 <strong>Lena Siegmund <\/strong>avec une trentaine de secondes d\u2019avance devant la Norv\u00e8ge. Derri\u00e8re, l\u2019Italie conc\u00e9dait du terrain et voyait un surprenant relais ukrainien lui ravir la troisi\u00e8me place.<\/p>\n<p style=\"font-weight: 400; text-align: justify;\">Sacr\u00e9e <strong>vice-championne du monde de la mass start 60<\/strong> la veille, <strong>Lena Siegmund<\/strong> achevait l\u2019excellent travail du relais allemand, non sans une l\u00e9g\u00e8re frayeur en voyant la Norv\u00e9gienne <strong>Martine Skog<\/strong> revenir \u00e0 vitesse grand V.<\/p>\n<p style=\"font-weight: 400; text-align: justify;\">Pendant que <strong>Lena Siegmund<\/strong> r\u00e9alisait une faute sur son tir couch\u00e9e, la Norv\u00e9gienne, nouvelle championne du monde du sprint, blanchissait ses cinq cibles et recollait dans l\u2019avant-dernier tour. Les deux biathl\u00e8tes arrivaient en m\u00eame temps face aux cibles, pour l\u2019ultime tir debout de ce relais jeunes. <strong>Lena Siegmund<\/strong> ne commettait qu\u2019une seule erreur, <strong>Martine Skog<\/strong> craquait au pire des moments et devait utiliser ses trois balles de pioche pour blanchir toutes les cibles. Trois erreurs permettant \u00e0 la derni\u00e8re relayeuse allemande de s\u2019envoler d\u00e9finitivement vers le titre mondial. De son c\u00f4t\u00e9, <strong>Martine Skog<\/strong> devait s\u2019employer pour conserver sa deuxi\u00e8me place face aux biathl\u00e8tes italiennes et ukrainiennes.<\/p>\n<h2 style=\"font-weight: 400; text-align: justify;\"><strong>Les Fran\u00e7aises\u00a0ratent le coche<\/strong><\/h2>\n<p style=\"font-weight: 400; text-align: justify;\">Quatri\u00e8mes de l\u2019exercice l\u2019ann\u00e9e pr\u00e9c\u00e9dente, les biathl\u00e8tes fran\u00e7aises engag\u00e9es sur ce relais jeunes n\u2019ont jamais pu pr\u00e9tendre \u00e0 mieux. Premi\u00e8re des trois relayeuses, <strong>Alice Dusserre <\/strong>lan\u00e7ait pourtant id\u00e9alement sa course en ne commettant aucune erreur sur le tir couch\u00e9. H\u00e9las, deux balles de pioche sur le tir debout la rel\u00e9guaient en 7<sup>\u00e8me <\/sup>position. <strong>Coralie Perrin<\/strong> prenait le relais et ent\u00e9rinait d\u00e9finitivement les espoirs tricolores. La seconde relayeuse fran\u00e7aise commettait trois erreurs sur son tir couch\u00e9, avant d\u2019effectuer un double tour de p\u00e9nalit\u00e9 apr\u00e8s le tir debout. Elle transmettait le relais \u00e0 <strong>Louise Roguet<\/strong> en 9<sup>\u00e8me<\/sup> position, rel\u00e9gu\u00e9e \u00e0 trois minutes de la t\u00eate de course.<\/p>\n<ul style=\"text-align: justify;\">\n<li><strong>\u00c0 ce sujet &#8211;\u00a0<a href=\"https:\/\/dicodusport.fr\/blog\/biathlon-mondiaux-jeunes-juniors-2025-classement-relais-femmes-jeunes\/\">Biathlon Mondiaux Jeunes\/Juniors 2025 : Classement Relais femmes jeunes<\/a><\/strong><\/li>\n<\/ul>\n<p style=\"font-weight: 400; text-align: justify;\">La <a href=\"https:\/\/dicodusport.fr\/blog\/mondiaux-jeunes-juniors-de-biathlon-2025-louise-roguet-championne-du-monde-jeunes-de-la-mass-start-60\/\"><strong>nouvelle championne du monde de la mass start 60<\/strong><\/a> n\u2019y \u00e9tait pas non plus. Trois fautes sur le tir couch\u00e9, une erreur en position debout, <strong>Louise Roguet<\/strong> maintenait la France \u00e0 cette 9<sup>\u00e8me<\/sup> place et coupait la ligne d\u2019arriv\u00e9e avec pr\u00e8s de quatre minutes de d\u00e9bours sur le relais allemand. Une course \u00e0 oublier.<\/p>\n<h2 style=\"text-align: justify;\">\u00c0 lire aussi<\/h2>\n<div class=\"vlp-link-container vlp-layout-article\"><a href=\"https:\/\/dicodusport.fr\/blog\/biathlon-mondiaux-jeunes-juniors-2025-le-tableau-des-medailles-mis-a-jour\/\" class=\"vlp-link\" title=\"Biathlon \u2013 Mondiaux Jeunes &amp; Juniors 2025 : Le Tableau des M\u00e9dailles Mis \u00e0 Jour\"><\/a><div class=\"vlp-layout-zone-side\"><div class=\"vlp-block-4 vlp-link-image\"><img loading=\"lazy\" decoding=\"async\" style=\"max-width: 792px;\" width=\"792\" height=\"445\" src=\"https:\/\/dicodusport.fr\/blog\/wp-content\/uploads\/2025\/02\/Biathlon-Combien-rapporte-un-titre-de-champion-du-monde-en-2025-Le-detail-des-primes.png\" class=\"attachment-800x445 size-800x445\" alt=\"Biathlon \u2013 Mondiaux Jeunes &amp; Juniors 2025 : Le Tableau des M\u00e9dailles Mis \u00e0 Jour\" srcset=\"https:\/\/dicodusport.fr\/blog\/wp-content\/uploads\/2025\/02\/Biathlon-Combien-rapporte-un-titre-de-champion-du-monde-en-2025-Le-detail-des-primes.png 1200w, https:\/\/dicodusport.fr\/blog\/wp-content\/uploads\/2025\/02\/Biathlon-Combien-rapporte-un-titre-de-champion-du-monde-en-2025-Le-detail-des-primes-300x169.png 300w, https:\/\/dicodusport.fr\/blog\/wp-content\/uploads\/2025\/02\/Biathlon-Combien-rapporte-un-titre-de-champion-du-monde-en-2025-Le-detail-des-primes-1024x575.png 1024w, https:\/\/dicodusport.fr\/blog\/wp-content\/uploads\/2025\/02\/Biathlon-Combien-rapporte-un-titre-de-champion-du-monde-en-2025-Le-detail-des-primes-768x431.png 768w\" sizes=\"auto, (max-width: 792px) 100vw, 792px\" \/><\/div><\/div><div class=\"vlp-layout-zone-main\"><div class=\"vlp-block-0 vlp-link-title\">Biathlon \u2013 Mondiaux Jeunes &amp; Juniors 2025 : Le Tableau des M\u00e9dailles Mis \u00e0 Jour<\/div><div class=\"vlp-block-1 vlp-link-summary\">Retrouvez le tableau des m\u00e9dailles complet des Mondiaux de biathlon jeunes et juniors 2025 qui se d\u00e9roulent \u00e0 Ostersund (Su\u00e8de).<\/div><div class=\"vlp-block-2 vlp-link-button\">Lire l'article<\/div><div class=\"vlp-block-3 vlp-link-url\">dicodusport.fr<\/div><\/div><\/div>\n","protected":false},"excerpt":{"rendered":"<p>CHAMPIONNATS DU MONDE DE BIATHLON JEUNES ET JUNIORS 2025\u00a0\u00a0&#8211; Sur la piste d\u2019Ostersund, le relais f\u00e9minin allemand s\u2019est offert le dernier titre en jeu dans la cat\u00e9gorie jeunes femmes. La Norv\u00e8ge et l\u2019Italie compl\u00e8tent le podium.<\/p>\n","protected":false},"author":107,"featured_media":561162,"comment_status":"open","ping_status":"closed","sticky":false,"template":"","format":"standard","meta":{"_acf_changed":false,"_daextam_enable_autolinks":"1","footnotes":""},"categories":[2426],"tags":[32415,2427,15220,16878],"class_list":["post-561076","post","type-post","status-publish","format-standard","has-post-thumbnail","hentry","category-biathlon","tag-actu","tag-biathlon","tag-biathlon-ostersund","tag-breve"],"acf":[],"yoast_head":"<!-- This site is optimized with the Yoast SEO Premium plugin v26.7 (Yoast SEO v26.7) - https:\/\/yoast.com\/wordpress\/plugins\/seo\/ -->\n<title>Mondiaux Jeunes\/Juniors de biathlon 2025 : Les Allemandes remportent le relais jeunes, les Bleuettes hors du podium<\/title>\n<meta name=\"description\" content=\"CHAMPIONNATS DU MONDE DE BIATHLON JEUNES ET JUNIORS 2025\u00a0\u00a0- Le relais f\u00e9minin allemand s\u2019est offert le dernier titre en jeu dans la cat\u00e9gorie jeunes femmes.\" \/>\n<meta name=\"robots\" content=\"index, follow, max-snippet:-1, max-image-preview:large, max-video-preview:-1\" \/>\n<link rel=\"canonical\" href=\"https:\/\/dicodusport.fr\/blog\/mondiaux-jeunes-juniors-de-biathlon-2025-les-allemandes-remportent-le-relais-jeunes-les-bleuettes-hors-du-podium\/\" \/>\n<meta property=\"og:locale\" content=\"fr_FR\" \/>\n<meta property=\"og:type\" content=\"article\" \/>\n<meta property=\"og:title\" content=\"Mondiaux Jeunes\/Juniors de biathlon 2025 : Les Allemandes remportent le relais jeunes, les Bleuettes hors du podium\" \/>\n<meta property=\"og:description\" content=\"CHAMPIONNATS DU MONDE DE BIATHLON JEUNES ET JUNIORS 2025\u00a0\u00a0- Le relais f\u00e9minin allemand s\u2019est offert le dernier titre en jeu dans la cat\u00e9gorie jeunes femmes.\" \/>\n<meta property=\"og:url\" content=\"https:\/\/dicodusport.fr\/blog\/mondiaux-jeunes-juniors-de-biathlon-2025-les-allemandes-remportent-le-relais-jeunes-les-bleuettes-hors-du-podium\/\" \/>\n<meta property=\"og:site_name\" content=\"Dicodusport\" \/>\n<meta property=\"article:publisher\" content=\"https:\/\/www.facebook.com\/dicodusport\" \/>\n<meta property=\"article:published_time\" content=\"2025-03-04T11:43:25+00:00\" \/>\n<meta property=\"article:modified_time\" content=\"2025-07-09T16:34:01+00:00\" \/>\n<meta property=\"og:image\" content=\"https:\/\/dicodusport.fr\/blog\/wp-content\/uploads\/2025\/03\/Mondiaux-JeunesJuniors-de-biathlon-2025-Les-Allemandes-remportent-le-relais-jeunes-les-Bleuettes-hors-du-podium-1.png\" \/>\n\t<meta property=\"og:image:width\" content=\"1200\" \/>\n\t<meta property=\"og:image:height\" content=\"674\" \/>\n\t<meta property=\"og:image:type\" content=\"image\/png\" \/>\n<meta name=\"author\" content=\"Th\u00e9o Gripon Auer\" \/>\n<meta name=\"twitter:card\" content=\"summary_large_image\" \/>\n<meta name=\"twitter:title\" content=\"Mondiaux Jeunes\/Juniors de biathlon 2025 : Les Allemandes remportent le relais jeunes, les Bleuettes hors du podium\" \/>\n<meta name=\"twitter:creator\" content=\"@dicodusport\" \/>\n<meta name=\"twitter:site\" content=\"@dicodusport\" \/>\n<script type=\"application\/ld+json\" class=\"yoast-schema-graph\">{\"@context\":\"https:\/\/schema.org\",\"@graph\":[{\"@type\":\"NewsArticle\",\"@id\":\"https:\/\/dicodusport.fr\/blog\/mondiaux-jeunes-juniors-de-biathlon-2025-les-allemandes-remportent-le-relais-jeunes-les-bleuettes-hors-du-podium\/#article\",\"isPartOf\":{\"@id\":\"https:\/\/dicodusport.fr\/blog\/mondiaux-jeunes-juniors-de-biathlon-2025-les-allemandes-remportent-le-relais-jeunes-les-bleuettes-hors-du-podium\/\"},\"author\":{\"name\":\"Th\u00e9o Gripon Auer\",\"@id\":\"https:\/\/dicodusport.fr\/blog\/#\/schema\/person\/c0d35c220c4e79773da9e19a595ab67c\"},\"headline\":\"Mondiaux Jeunes\/Juniors de biathlon 2025 : Les Allemandes remportent le relais jeunes, les Bleuettes hors du podium\",\"datePublished\":\"2025-03-04T11:43:25+00:00\",\"dateModified\":\"2025-07-09T16:34:01+00:00\",\"mainEntityOfPage\":{\"@id\":\"https:\/\/dicodusport.fr\/blog\/mondiaux-jeunes-juniors-de-biathlon-2025-les-allemandes-remportent-le-relais-jeunes-les-bleuettes-hors-du-podium\/\"},\"wordCount\":849,\"commentCount\":0,\"publisher\":{\"@id\":\"https:\/\/dicodusport.fr\/blog\/#organization\"},\"image\":{\"@id\":\"https:\/\/dicodusport.fr\/blog\/mondiaux-jeunes-juniors-de-biathlon-2025-les-allemandes-remportent-le-relais-jeunes-les-bleuettes-hors-du-podium\/#primaryimage\"},\"thumbnailUrl\":\"https:\/\/dicodusport.fr\/blog\/wp-content\/uploads\/2025\/03\/Mondiaux-JeunesJuniors-de-biathlon-2025-Les-Allemandes-remportent-le-relais-jeunes-les-Bleuettes-hors-du-podium-1.png\",\"keywords\":[\"actu\",\"Biathlon\",\"Biathlon Ostersund\",\"br\u00e8ve\"],\"articleSection\":[\"Biathlon\"],\"inLanguage\":\"fr-FR\",\"potentialAction\":[{\"@type\":\"CommentAction\",\"name\":\"Comment\",\"target\":[\"https:\/\/dicodusport.fr\/blog\/mondiaux-jeunes-juniors-de-biathlon-2025-les-allemandes-remportent-le-relais-jeunes-les-bleuettes-hors-du-podium\/#respond\"]}],\"copyrightYear\":\"2025\",\"copyrightHolder\":{\"@id\":\"https:\/\/dicodusport.fr\/blog\/#organization\"}},{\"@type\":\"WebPage\",\"@id\":\"https:\/\/dicodusport.fr\/blog\/mondiaux-jeunes-juniors-de-biathlon-2025-les-allemandes-remportent-le-relais-jeunes-les-bleuettes-hors-du-podium\/\",\"url\":\"https:\/\/dicodusport.fr\/blog\/mondiaux-jeunes-juniors-de-biathlon-2025-les-allemandes-remportent-le-relais-jeunes-les-bleuettes-hors-du-podium\/\",\"name\":\"Mondiaux Jeunes\/Juniors de biathlon 2025 : Les Allemandes remportent le relais jeunes, les Bleuettes hors du podium\",\"isPartOf\":{\"@id\":\"https:\/\/dicodusport.fr\/blog\/#website\"},\"primaryImageOfPage\":{\"@id\":\"https:\/\/dicodusport.fr\/blog\/mondiaux-jeunes-juniors-de-biathlon-2025-les-allemandes-remportent-le-relais-jeunes-les-bleuettes-hors-du-podium\/#primaryimage\"},\"image\":{\"@id\":\"https:\/\/dicodusport.fr\/blog\/mondiaux-jeunes-juniors-de-biathlon-2025-les-allemandes-remportent-le-relais-jeunes-les-bleuettes-hors-du-podium\/#primaryimage\"},\"thumbnailUrl\":\"https:\/\/dicodusport.fr\/blog\/wp-content\/uploads\/2025\/03\/Mondiaux-JeunesJuniors-de-biathlon-2025-Les-Allemandes-remportent-le-relais-jeunes-les-Bleuettes-hors-du-podium-1.png\",\"datePublished\":\"2025-03-04T11:43:25+00:00\",\"dateModified\":\"2025-07-09T16:34:01+00:00\",\"description\":\"CHAMPIONNATS DU MONDE DE BIATHLON JEUNES ET JUNIORS 2025\u00a0\u00a0- Le relais f\u00e9minin allemand s\u2019est offert le dernier titre en jeu dans la cat\u00e9gorie jeunes femmes.\",\"breadcrumb\":{\"@id\":\"https:\/\/dicodusport.fr\/blog\/mondiaux-jeunes-juniors-de-biathlon-2025-les-allemandes-remportent-le-relais-jeunes-les-bleuettes-hors-du-podium\/#breadcrumb\"},\"inLanguage\":\"fr-FR\",\"potentialAction\":[{\"@type\":\"ReadAction\",\"target\":[\"https:\/\/dicodusport.fr\/blog\/mondiaux-jeunes-juniors-de-biathlon-2025-les-allemandes-remportent-le-relais-jeunes-les-bleuettes-hors-du-podium\/\"]}]},{\"@type\":\"ImageObject\",\"inLanguage\":\"fr-FR\",\"@id\":\"https:\/\/dicodusport.fr\/blog\/mondiaux-jeunes-juniors-de-biathlon-2025-les-allemandes-remportent-le-relais-jeunes-les-bleuettes-hors-du-podium\/#primaryimage\",\"url\":\"https:\/\/dicodusport.fr\/blog\/wp-content\/uploads\/2025\/03\/Mondiaux-JeunesJuniors-de-biathlon-2025-Les-Allemandes-remportent-le-relais-jeunes-les-Bleuettes-hors-du-podium-1.png\",\"contentUrl\":\"https:\/\/dicodusport.fr\/blog\/wp-content\/uploads\/2025\/03\/Mondiaux-JeunesJuniors-de-biathlon-2025-Les-Allemandes-remportent-le-relais-jeunes-les-Bleuettes-hors-du-podium-1.png\",\"width\":1200,\"height\":674,\"caption\":\"Mondiaux JeunesJuniors de biathlon 2025 Les Allemandes remportent le relais jeunes, les Bleuettes hors du podium\"},{\"@type\":\"BreadcrumbList\",\"@id\":\"https:\/\/dicodusport.fr\/blog\/mondiaux-jeunes-juniors-de-biathlon-2025-les-allemandes-remportent-le-relais-jeunes-les-bleuettes-hors-du-podium\/#breadcrumb\",\"itemListElement\":[{\"@type\":\"ListItem\",\"position\":1,\"name\":\"Accueil\",\"item\":\"https:\/\/dicodusport.fr\/blog\/\"},{\"@type\":\"ListItem\",\"position\":2,\"name\":\"Mondiaux Jeunes\/Juniors de biathlon 2025 : Les Allemandes remportent le relais jeunes, les Bleuettes hors du podium\"}]},{\"@type\":\"WebSite\",\"@id\":\"https:\/\/dicodusport.fr\/blog\/#website\",\"url\":\"https:\/\/dicodusport.fr\/blog\/\",\"name\":\"Dicodusport\",\"description\":\"L&#039;encyclop\u00e9die de l&#039;actualit\u00e9 sportive\",\"publisher\":{\"@id\":\"https:\/\/dicodusport.fr\/blog\/#organization\"},\"potentialAction\":[{\"@type\":\"SearchAction\",\"target\":{\"@type\":\"EntryPoint\",\"urlTemplate\":\"https:\/\/dicodusport.fr\/blog\/?s={search_term_string}\"},\"query-input\":{\"@type\":\"PropertyValueSpecification\",\"valueRequired\":true,\"valueName\":\"search_term_string\"}}],\"inLanguage\":\"fr-FR\"},{\"@type\":\"NewsMediaOrganization\",\"@id\":\"https:\/\/dicodusport.fr\/blog\/#organization\",\"name\":\"Dicodusport\",\"url\":\"https:\/\/dicodusport.fr\/blog\/\",\"logo\":{\"@type\":\"ImageObject\",\"inLanguage\":\"fr-FR\",\"@id\":\"https:\/\/dicodusport.fr\/blog\/#\/schema\/logo\/image\/\",\"url\":\"https:\/\/dicodusport.fr\/blog\/wp-content\/uploads\/2020\/06\/cropped-LOGO-DICODUSPORT-2020-SANS-FOND-SANS-TEXTE.png\",\"contentUrl\":\"https:\/\/dicodusport.fr\/blog\/wp-content\/uploads\/2020\/06\/cropped-LOGO-DICODUSPORT-2020-SANS-FOND-SANS-TEXTE.png\",\"width\":512,\"height\":512,\"caption\":\"Dicodusport\"},\"image\":{\"@id\":\"https:\/\/dicodusport.fr\/blog\/#\/schema\/logo\/image\/\"},\"sameAs\":[\"https:\/\/www.facebook.com\/dicodusport\",\"https:\/\/x.com\/dicodusport\",\"https:\/\/www.instagram.com\/dicodusport\/\",\"https:\/\/www.youtube.com\/channel\/UC7V2KZ5sd3htJivAbA4ZG3w\"],\"description\":\"Dicodusport est l'encyclop\u00e9die de l'actualit\u00e9 sportive.\",\"email\":\"bonjour@dicodusport.fr\",\"legalName\":\"DICODUSPORT\",\"foundingDate\":\"2018-01-14\",\"vatID\":\"FR71834470973\",\"taxID\":\"83447097300043\",\"numberOfEmployees\":{\"@type\":\"QuantitativeValue\",\"minValue\":\"1\",\"maxValue\":\"10\"}},{\"@type\":\"Person\",\"@id\":\"https:\/\/dicodusport.fr\/blog\/#\/schema\/person\/c0d35c220c4e79773da9e19a595ab67c\",\"name\":\"Th\u00e9o Gripon Auer\",\"image\":{\"@type\":\"ImageObject\",\"inLanguage\":\"fr-FR\",\"@id\":\"https:\/\/dicodusport.fr\/blog\/#\/schema\/person\/image\/\",\"url\":\"https:\/\/dicodusport.fr\/blog\/wp-content\/uploads\/2025\/02\/Maillot-Dicodusport-Theo-150x150.png\",\"contentUrl\":\"https:\/\/dicodusport.fr\/blog\/wp-content\/uploads\/2025\/02\/Maillot-Dicodusport-Theo-150x150.png\",\"caption\":\"Th\u00e9o Gripon Auer\"},\"description\":\"Partag\u00e9 entre la passion du sport et celle de l\u2019\u00e9criture, je f\u00e9d\u00e8re les deux au service de Dicodusport. Un poil frustr\u00e9 de ne pas avoir r\u00e9ussi \u00e0 devenir sportif pro, alors que je ne me suis jamais fait les crois\u00e9s, je partage tout de m\u00eame un point commun avec Tadej Pogacar, Cristiano Ronaldo et John McEnroe : celui de n\u2019avoir jamais \u00e9t\u00e9 champion olympique.\",\"url\":\"https:\/\/dicodusport.fr\/blog\/author\/theo-gripon-auer\/\"}]}<\/script>\n<!-- \/ Yoast SEO Premium plugin. -->","yoast_head_json":{"title":"Mondiaux Jeunes\/Juniors de biathlon 2025 : Les Allemandes remportent le relais jeunes, les Bleuettes hors du podium","description":"CHAMPIONNATS DU MONDE DE BIATHLON JEUNES ET JUNIORS 2025\u00a0\u00a0- Le relais f\u00e9minin allemand s\u2019est offert le dernier titre en jeu dans la cat\u00e9gorie jeunes femmes.","robots":{"index":"index","follow":"follow","max-snippet":"max-snippet:-1","max-image-preview":"max-image-preview:large","max-video-preview":"max-video-preview:-1"},"canonical":"https:\/\/dicodusport.fr\/blog\/mondiaux-jeunes-juniors-de-biathlon-2025-les-allemandes-remportent-le-relais-jeunes-les-bleuettes-hors-du-podium\/","og_locale":"fr_FR","og_type":"article","og_title":"Mondiaux Jeunes\/Juniors de biathlon 2025 : Les Allemandes remportent le relais jeunes, les Bleuettes hors du podium","og_description":"CHAMPIONNATS DU MONDE DE BIATHLON JEUNES ET JUNIORS 2025\u00a0\u00a0- Le relais f\u00e9minin allemand s\u2019est offert le dernier titre en jeu dans la cat\u00e9gorie jeunes femmes.","og_url":"https:\/\/dicodusport.fr\/blog\/mondiaux-jeunes-juniors-de-biathlon-2025-les-allemandes-remportent-le-relais-jeunes-les-bleuettes-hors-du-podium\/","og_site_name":"Dicodusport","article_publisher":"https:\/\/www.facebook.com\/dicodusport","article_published_time":"2025-03-04T11:43:25+00:00","article_modified_time":"2025-07-09T16:34:01+00:00","og_image":[{"width":1200,"height":674,"url":"https:\/\/dicodusport.fr\/blog\/wp-content\/uploads\/2025\/03\/Mondiaux-JeunesJuniors-de-biathlon-2025-Les-Allemandes-remportent-le-relais-jeunes-les-Bleuettes-hors-du-podium-1.png","type":"image\/png"}],"author":"Th\u00e9o Gripon Auer","twitter_card":"summary_large_image","twitter_title":"Mondiaux Jeunes\/Juniors de biathlon 2025 : Les Allemandes remportent le relais jeunes, les Bleuettes hors du podium","twitter_creator":"@dicodusport","twitter_site":"@dicodusport","schema":{"@context":"https:\/\/schema.org","@graph":[{"@type":"NewsArticle","@id":"https:\/\/dicodusport.fr\/blog\/mondiaux-jeunes-juniors-de-biathlon-2025-les-allemandes-remportent-le-relais-jeunes-les-bleuettes-hors-du-podium\/#article","isPartOf":{"@id":"https:\/\/dicodusport.fr\/blog\/mondiaux-jeunes-juniors-de-biathlon-2025-les-allemandes-remportent-le-relais-jeunes-les-bleuettes-hors-du-podium\/"},"author":{"name":"Th\u00e9o Gripon Auer","@id":"https:\/\/dicodusport.fr\/blog\/#\/schema\/person\/c0d35c220c4e79773da9e19a595ab67c"},"headline":"Mondiaux Jeunes\/Juniors de biathlon 2025 : Les Allemandes remportent le relais jeunes, les Bleuettes hors du podium","datePublished":"2025-03-04T11:43:25+00:00","dateModified":"2025-07-09T16:34:01+00:00","mainEntityOfPage":{"@id":"https:\/\/dicodusport.fr\/blog\/mondiaux-jeunes-juniors-de-biathlon-2025-les-allemandes-remportent-le-relais-jeunes-les-bleuettes-hors-du-podium\/"},"wordCount":849,"commentCount":0,"publisher":{"@id":"https:\/\/dicodusport.fr\/blog\/#organization"},"image":{"@id":"https:\/\/dicodusport.fr\/blog\/mondiaux-jeunes-juniors-de-biathlon-2025-les-allemandes-remportent-le-relais-jeunes-les-bleuettes-hors-du-podium\/#primaryimage"},"thumbnailUrl":"https:\/\/dicodusport.fr\/blog\/wp-content\/uploads\/2025\/03\/Mondiaux-JeunesJuniors-de-biathlon-2025-Les-Allemandes-remportent-le-relais-jeunes-les-Bleuettes-hors-du-podium-1.png","keywords":["actu","Biathlon","Biathlon Ostersund","br\u00e8ve"],"articleSection":["Biathlon"],"inLanguage":"fr-FR","potentialAction":[{"@type":"CommentAction","name":"Comment","target":["https:\/\/dicodusport.fr\/blog\/mondiaux-jeunes-juniors-de-biathlon-2025-les-allemandes-remportent-le-relais-jeunes-les-bleuettes-hors-du-podium\/#respond"]}],"copyrightYear":"2025","copyrightHolder":{"@id":"https:\/\/dicodusport.fr\/blog\/#organization"}},{"@type":"WebPage","@id":"https:\/\/dicodusport.fr\/blog\/mondiaux-jeunes-juniors-de-biathlon-2025-les-allemandes-remportent-le-relais-jeunes-les-bleuettes-hors-du-podium\/","url":"https:\/\/dicodusport.fr\/blog\/mondiaux-jeunes-juniors-de-biathlon-2025-les-allemandes-remportent-le-relais-jeunes-les-bleuettes-hors-du-podium\/","name":"Mondiaux Jeunes\/Juniors de biathlon 2025 : Les Allemandes remportent le relais jeunes, les Bleuettes hors du podium","isPartOf":{"@id":"https:\/\/dicodusport.fr\/blog\/#website"},"primaryImageOfPage":{"@id":"https:\/\/dicodusport.fr\/blog\/mondiaux-jeunes-juniors-de-biathlon-2025-les-allemandes-remportent-le-relais-jeunes-les-bleuettes-hors-du-podium\/#primaryimage"},"image":{"@id":"https:\/\/dicodusport.fr\/blog\/mondiaux-jeunes-juniors-de-biathlon-2025-les-allemandes-remportent-le-relais-jeunes-les-bleuettes-hors-du-podium\/#primaryimage"},"thumbnailUrl":"https:\/\/dicodusport.fr\/blog\/wp-content\/uploads\/2025\/03\/Mondiaux-JeunesJuniors-de-biathlon-2025-Les-Allemandes-remportent-le-relais-jeunes-les-Bleuettes-hors-du-podium-1.png","datePublished":"2025-03-04T11:43:25+00:00","dateModified":"2025-07-09T16:34:01+00:00","description":"CHAMPIONNATS DU MONDE DE BIATHLON JEUNES ET JUNIORS 2025\u00a0\u00a0- Le relais f\u00e9minin allemand s\u2019est offert le dernier titre en jeu dans la cat\u00e9gorie jeunes femmes.","breadcrumb":{"@id":"https:\/\/dicodusport.fr\/blog\/mondiaux-jeunes-juniors-de-biathlon-2025-les-allemandes-remportent-le-relais-jeunes-les-bleuettes-hors-du-podium\/#breadcrumb"},"inLanguage":"fr-FR","potentialAction":[{"@type":"ReadAction","target":["https:\/\/dicodusport.fr\/blog\/mondiaux-jeunes-juniors-de-biathlon-2025-les-allemandes-remportent-le-relais-jeunes-les-bleuettes-hors-du-podium\/"]}]},{"@type":"ImageObject","inLanguage":"fr-FR","@id":"https:\/\/dicodusport.fr\/blog\/mondiaux-jeunes-juniors-de-biathlon-2025-les-allemandes-remportent-le-relais-jeunes-les-bleuettes-hors-du-podium\/#primaryimage","url":"https:\/\/dicodusport.fr\/blog\/wp-content\/uploads\/2025\/03\/Mondiaux-JeunesJuniors-de-biathlon-2025-Les-Allemandes-remportent-le-relais-jeunes-les-Bleuettes-hors-du-podium-1.png","contentUrl":"https:\/\/dicodusport.fr\/blog\/wp-content\/uploads\/2025\/03\/Mondiaux-JeunesJuniors-de-biathlon-2025-Les-Allemandes-remportent-le-relais-jeunes-les-Bleuettes-hors-du-podium-1.png","width":1200,"height":674,"caption":"Mondiaux JeunesJuniors de biathlon 2025 Les Allemandes remportent le relais jeunes, les Bleuettes hors du podium"},{"@type":"BreadcrumbList","@id":"https:\/\/dicodusport.fr\/blog\/mondiaux-jeunes-juniors-de-biathlon-2025-les-allemandes-remportent-le-relais-jeunes-les-bleuettes-hors-du-podium\/#breadcrumb","itemListElement":[{"@type":"ListItem","position":1,"name":"Accueil","item":"https:\/\/dicodusport.fr\/blog\/"},{"@type":"ListItem","position":2,"name":"Mondiaux Jeunes\/Juniors de biathlon 2025 : Les Allemandes remportent le relais jeunes, les Bleuettes hors du podium"}]},{"@type":"WebSite","@id":"https:\/\/dicodusport.fr\/blog\/#website","url":"https:\/\/dicodusport.fr\/blog\/","name":"Dicodusport","description":"L&#039;encyclop\u00e9die de l&#039;actualit\u00e9 sportive","publisher":{"@id":"https:\/\/dicodusport.fr\/blog\/#organization"},"potentialAction":[{"@type":"SearchAction","target":{"@type":"EntryPoint","urlTemplate":"https:\/\/dicodusport.fr\/blog\/?s={search_term_string}"},"query-input":{"@type":"PropertyValueSpecification","valueRequired":true,"valueName":"search_term_string"}}],"inLanguage":"fr-FR"},{"@type":"NewsMediaOrganization","@id":"https:\/\/dicodusport.fr\/blog\/#organization","name":"Dicodusport","url":"https:\/\/dicodusport.fr\/blog\/","logo":{"@type":"ImageObject","inLanguage":"fr-FR","@id":"https:\/\/dicodusport.fr\/blog\/#\/schema\/logo\/image\/","url":"https:\/\/dicodusport.fr\/blog\/wp-content\/uploads\/2020\/06\/cropped-LOGO-DICODUSPORT-2020-SANS-FOND-SANS-TEXTE.png","contentUrl":"https:\/\/dicodusport.fr\/blog\/wp-content\/uploads\/2020\/06\/cropped-LOGO-DICODUSPORT-2020-SANS-FOND-SANS-TEXTE.png","width":512,"height":512,"caption":"Dicodusport"},"image":{"@id":"https:\/\/dicodusport.fr\/blog\/#\/schema\/logo\/image\/"},"sameAs":["https:\/\/www.facebook.com\/dicodusport","https:\/\/x.com\/dicodusport","https:\/\/www.instagram.com\/dicodusport\/","https:\/\/www.youtube.com\/channel\/UC7V2KZ5sd3htJivAbA4ZG3w"],"description":"Dicodusport est l'encyclop\u00e9die de l'actualit\u00e9 sportive.","email":"bonjour@dicodusport.fr","legalName":"DICODUSPORT","foundingDate":"2018-01-14","vatID":"FR71834470973","taxID":"83447097300043","numberOfEmployees":{"@type":"QuantitativeValue","minValue":"1","maxValue":"10"}},{"@type":"Person","@id":"https:\/\/dicodusport.fr\/blog\/#\/schema\/person\/c0d35c220c4e79773da9e19a595ab67c","name":"Th\u00e9o Gripon Auer","image":{"@type":"ImageObject","inLanguage":"fr-FR","@id":"https:\/\/dicodusport.fr\/blog\/#\/schema\/person\/image\/","url":"https:\/\/dicodusport.fr\/blog\/wp-content\/uploads\/2025\/02\/Maillot-Dicodusport-Theo-150x150.png","contentUrl":"https:\/\/dicodusport.fr\/blog\/wp-content\/uploads\/2025\/02\/Maillot-Dicodusport-Theo-150x150.png","caption":"Th\u00e9o Gripon Auer"},"description":"Partag\u00e9 entre la passion du sport et celle de l\u2019\u00e9criture, je f\u00e9d\u00e8re les deux au service de Dicodusport. Un poil frustr\u00e9 de ne pas avoir r\u00e9ussi \u00e0 devenir sportif pro, alors que je ne me suis jamais fait les crois\u00e9s, je partage tout de m\u00eame un point commun avec Tadej Pogacar, Cristiano Ronaldo et John McEnroe : celui de n\u2019avoir jamais \u00e9t\u00e9 champion olympique.","url":"https:\/\/dicodusport.fr\/blog\/author\/theo-gripon-auer\/"}]}},"_links":{"self":[{"href":"https:\/\/dicodusport.fr\/blog\/wp-json\/wp\/v2\/posts\/561076","targetHints":{"allow":["GET"]}}],"collection":[{"href":"https:\/\/dicodusport.fr\/blog\/wp-json\/wp\/v2\/posts"}],"about":[{"href":"https:\/\/dicodusport.fr\/blog\/wp-json\/wp\/v2\/types\/post"}],"author":[{"embeddable":true,"href":"https:\/\/dicodusport.fr\/blog\/wp-json\/wp\/v2\/users\/107"}],"replies":[{"embeddable":true,"href":"https:\/\/dicodusport.fr\/blog\/wp-json\/wp\/v2\/comments?post=561076"}],"version-history":[{"count":5,"href":"https:\/\/dicodusport.fr\/blog\/wp-json\/wp\/v2\/posts\/561076\/revisions"}],"predecessor-version":[{"id":561111,"href":"https:\/\/dicodusport.fr\/blog\/wp-json\/wp\/v2\/posts\/561076\/revisions\/561111"}],"wp:featuredmedia":[{"embeddable":true,"href":"https:\/\/dicodusport.fr\/blog\/wp-json\/wp\/v2\/media\/561162"}],"wp:attachment":[{"href":"https:\/\/dicodusport.fr\/blog\/wp-json\/wp\/v2\/media?parent=561076"}],"wp:term":[{"taxonomy":"category","embeddable":true,"href":"https:\/\/dicodusport.fr\/blog\/wp-json\/wp\/v2\/categories?post=561076"},{"taxonomy":"post_tag","embeddable":true,"href":"https:\/\/dicodusport.fr\/blog\/wp-json\/wp\/v2\/tags?post=561076"}],"curies":[{"name":"wp","href":"https:\/\/api.w.org\/{rel}","templated":true}]}}