{"id":561091,"date":"2025-03-05T11:00:44","date_gmt":"2025-03-05T10:00:44","guid":{"rendered":"https:\/\/dicodusport.fr\/blog\/?p=561091&#038;preview=true&#038;preview_id=561091"},"modified":"2025-07-09T18:33:56","modified_gmt":"2025-07-09T16:33:56","slug":"biathlon-les-enjeux-de-la-fin-de-la-saison-en-coupe-du-monde","status":"publish","type":"post","link":"https:\/\/dicodusport.fr\/blog\/biathlon-les-enjeux-de-la-fin-de-la-saison-en-coupe-du-monde\/","title":{"rendered":"Biathlon : Les enjeux de la fin de la saison en Coupe du monde"},"content":{"rendered":"<h4 style=\"text-align: justify;\"><i>COUPE DU MONDE DE<\/i><i> B<\/i><i>IATHLON<\/i><i> 2024-2025 &#8211; Moins de deux semaines apr\u00e8s la fin de championnats du monde r\u00e9ussis pour l\u2019\u00e9quipe de France, la Coupe du monde de biathlon reprend ses droits ce jeudi en R\u00e9publique tch\u00e8que. Et les trois derni\u00e8res \u00e9tapes de la saison risquent d\u2019offrir encore de belles \u00e9motions.<\/i><\/h4>\n<ul>\n<li style=\"text-align: justify;\"><strong>\u00c0 ce sujet &#8211; <\/strong><strong><a href=\"https:\/\/dicodusport.fr\/blog\/biathlon-coupe-du-monde-2024-2025-le-calendrier-complet\/\">Coupe du monde Biathlon 2024-2025 &#8211; Le calendrier complet<\/a><\/strong><\/li>\n<\/ul>\n<p style=\"text-align: justify;\">Avec <a href=\"https:\/\/dicodusport.fr\/blog\/tableau-des-medailles-biathlon-championnats-du-monde-2025\/\">treize m\u00e9dailles, dont six titres aux championnats du monde 2025<\/a>, l\u2019\u00e9quipe de France de biathlon a connu une parenth\u00e8se enchant\u00e9e \u00e0 Lenzerheide (Suisse). Il reste d\u00e9sormais trois \u00e9tapes sur cette saison de Coupe du monde, dont la premi\u00e8re d\u00e9bute ce jeudi <a href=\"https:\/\/dicodusport.fr\/blog\/biathlon-nove-mesto-2025-programme-complet-et-horaires\/\">\u00e0 <strong>Nove Mesto<\/strong> (R\u00e9publique)<\/a>, une piste qui avait plut\u00f4t bien r\u00e9ussi au clan tricolore l&rsquo;an dernier lors des championnats du monde avec\u2026 six titres et treize m\u00e9dailles. Les biathl\u00e8tes encha\u00eeneront ensuite avec <strong>Pokljuka<\/strong> (Slov\u00e9nie) et <strong>Oslo-Holmenkollen<\/strong> (Norv\u00e8ge). Et ce dernier mois de la saison regorge encore de nombreux enjeux.<\/p>\n<h2 style=\"text-align: justify;\">La lutte pour le gros globe de cristal<span class=\"Apple-converted-space\">\u00a0<\/span><\/h2>\n<p style=\"text-align: justify;\">C\u2019est \u00e9videmment la principale interrogation des trois semaines \u00e0 venir : qui terminera en t\u00eate du classement g\u00e9n\u00e9ral de la Coupe du monde ? Il reste encore sept courses individuelles pour les hommes et pour les femmes, soit autant d\u2019\u00e9ch\u00e9ances o\u00f9 il sera possible d\u2019inscrire de pr\u00e9cieux points. Et, aussi bien chez les hommes que chez les femmes, rien n\u2019est encore jou\u00e9.<span class=\"Apple-converted-space\">\u00a0<\/span><\/p>\n<p style=\"text-align: justify;\">L\u2019Allemande <b>Franziska Preuss<\/b> (879 points) est la leader du classement g\u00e9n\u00e9ral, mais elle ne poss\u00e8de \u00ab\u00a0que\u00a0\u00bb 92 points d&rsquo;avance sur <b>Lou Jeanmonnot <\/b>(787 points). La Fran\u00e7aise a donc encore toutes les cartes en main pour d\u00e9crocher son premier gros globe. En effet, la premi\u00e8re place permet d\u2019empocher 15 points de plus que la deuxi\u00e8me (90 contre 75), ce qui permettrait \u00e0 <b>Jeanmonnot<\/b> de terminer avec 13 petits points d\u2019avance dans le cas o\u00f9 la Fran\u00e7aise et l\u2019Allemande termineraient, respectivement, aux deux premi\u00e8res places sur les sept derni\u00e8res courses.<\/p>\n<ul>\n<li style=\"text-align: justify;\"><strong>\u00c0 ce sujet &#8211;<\/strong>\u00a0<a href=\"https:\/\/dicodusport.fr\/blog\/biathlon-classement-general-femmes-coupe-du-monde-2024-2025\/\"><strong>Biathlon &#8211; Classement g\u00e9n\u00e9ral femmes Coupe du monde 2024-2025<\/strong><\/a><\/li>\n<\/ul>\n<p style=\"text-align: justify;\">Forfait pour la manche tch\u00e8que, <b>Elvira Oeberg<\/b> est trop loin pour se m\u00ealer \u00e0 la lutte (571 points). En revanche, la Su\u00e9doise n\u2019est, en aucun cas, assur\u00e9e de terminer sur la troisi\u00e8me marche du podium. Elle est chass\u00e9e par un trio fran\u00e7ais compos\u00e9 de <b>Julia Simon<\/b> (41 points de retard sur <b>Oeberg<\/b>), <b>Jeanne Richard<\/b> (45) et <b>Oc\u00e9ane Michelon<\/b> (76). Ces deux derni\u00e8res sont par ailleurs en t\u00eate du classement U23.<span class=\"Apple-converted-space\">\u00a0<\/span><\/p>\n<p style=\"text-align: justify;\">Chez les hommes, c\u2019est \u00e9galement une lutte \u00e0 deux qui s\u2019annonce sur cette fin de saison. Et le gros globe restera, vraisemblablement, en Norv\u00e8ge \u00e0 l\u2019issue de la derni\u00e8re \u00e9tape \u00e0 Oslo, puisque <b>Sturla Holm Laegreid<\/b> (854 points) et <strong>Johannes Boe<\/strong> (806 points) ont une avance importante sur leurs poursuivants. Les Fran\u00e7ais <b>\u00c9ric Perrot<\/b> et <b>\u00c9milien Jacquelin<\/b>, actuellement troisi\u00e8me et quatri\u00e8me, livreront une bataille \u00e0 quatre pour monter sur la derni\u00e8re marche du podium g\u00e9n\u00e9ral avec <b>Tarjei Boe<\/b> et <b>Sebastian Samuelson<\/b>. Seuls 36 points s\u00e9parent les quatre hommes.<\/p>\n<ul>\n<li style=\"text-align: justify;\"><strong>\u00c0 ce sujet &#8211; <a href=\"https:\/\/dicodusport.fr\/blog\/biathlon-classement-general-hommes-coupe-du-monde-2024-2025\/\">Biathlon &#8211; Classement g\u00e9n\u00e9ral hommes Coupe du monde 2024-2025<\/a>\u00a0<\/strong><\/li>\n<\/ul>\n<h2 style=\"text-align: justify;\">Cinq petits globes \u00e0 d\u00e9crocher<\/h2>\n<p style=\"text-align: justify;\">En plus du gros globe de cristal, les biathl\u00e8tes vont se disputer les quatre globes de la sp\u00e9cialit\u00e9 : en sprint, en poursuite et en mass start o\u00f9 il reste deux courses \u00e0 disputer, ainsi qu\u2019en individuel o\u00f9 il n\u2019en reste plus qu&rsquo;une. C\u2019est sur cette derni\u00e8re \u00e9preuve qu\u2019un membre de l\u2019\u00e9quipe de France est, pour le moment, le mieux positionn\u00e9 pour en d\u00e9crocher un, puisque <b>Lou Jeanmonnot<\/b>, victorieuse des deux premiers individuels, occupe la premi\u00e8re place du classement avec une avance confortable sur <b>Franziska Preuss <\/b>(65 points). Elle pourrait ainsi devenir la premi\u00e8re Fran\u00e7aise \u00e0 remporter le petit globe de cristal de la sp\u00e9cialit\u00e9. La biathl\u00e8te de 26 ans pourrait m\u00eame rentrer en France avec un petit globe dans chaque main puisqu\u2019elle est \u00e9galement leader du classement de la poursuite. En revanche, son avance sur <b>Preuss<\/b> est moins importante (52 points) et devra donc assurer sur les deux derni\u00e8res poursuites.<span class=\"Apple-converted-space\">\u00a0<\/span><\/p>\n<p style=\"text-align: justify;\">Les Bleus risquent, quant \u00e0 eux, de rentrer les mains vides en France, car, hormis sur le classement de la poursuite, o\u00f9 <strong>\u00c9ric Perrot<\/strong> est troisi\u00e8me, mais \u00e0 95 points de <b>Johannes Boe<\/b>, les trois premi\u00e8res places de tous les classements des sp\u00e9cialit\u00e9s sont occup\u00e9es par des Norv\u00e9giens (<b>Johannes Boe<\/b>, <b>Tarjei Boe<\/b>, <b>Sturla Holm Laegreid<\/b>, <b>Martin Uldal<\/b>, <b>Vebjorn Soerum <\/b>ou encore <strong>Endre Stroemsheim<\/strong>). \u00c0 d\u00e9faut de terminer en t\u00eate du classement individuel, ils pourront se targuer d\u2019\u00eatre les meilleurs collectivement. Vainqueurs de tous les relais depuis le d\u00e9but de la saison &#8211; <a href=\"https:\/\/dicodusport.fr\/blog\/biathlon-championnats-du-monde-la-france-en-argent-sur-le-relais-hommes-la-norvege-sacree\/\">sauf celui des Mondiaux<\/a> &#8211; les Fran\u00e7ais sont en bonne voie pour d\u00e9crocher le petit globe du relais. Bien que les Fran\u00e7aises, qui ont <a href=\"https:\/\/dicodusport.fr\/blog\/biathlon-championnats-du-monde-les-francaises-ecrasent-le-relais-et-conservent-leur-titre\/\">conserv\u00e9 leur titre mondial<\/a> sur le relais, ne sont pas encore parvenues \u00e0 s\u2019imposer ensemble cette saison sur la Coupe du monde. N\u00e9anmoins, gr\u00e2ce \u00e0 leur r\u00e9gularit\u00e9 (deux 2\u00e8mes places et deux 3\u00e8mes places), elles sont deuxi\u00e8mes du classement avec seulement 15 points de retard sur les Su\u00e9doises. Le dernier relais \u00e0 Pokljuka sera donc d\u00e9terminant et rempli de suspense.<\/p>\n<h2 style=\"text-align: justify;\">Les derniers tours de piste des fr\u00e8res Boe<span class=\"Apple-converted-space\">\u00a0<\/span><\/h2>\n<p style=\"text-align: justify;\">Il faudra les regarder et en profiter : apr\u00e8s le 23 mars 2025, on ne verra plus de <strong>Boe<\/strong> sur des skis en comp\u00e9tition (au moins pour quelques ann\u00e9es, si jamais un de leurs descendants d\u00e9cidait de s&rsquo;y mettre). \u00c0 moins d\u2019un an des Jeux de Milan-Cortina, ce seront les deux rares \u00e0 ne pas poursuivre pour au moins une saison suppl\u00e9mentaire.<\/p>\n<p style=\"text-align: justify;\">Loin de ne faire que de la r\u00e9sistance &#8211; notamment le cadet &#8211; tous deux prendront <a href=\"https:\/\/dicodusport.fr\/blog\/biathlon-apres-son-frere-johannes-tarjei-boe-annonce-sa-retraite\/\">leur retraite<\/a> \u00e0 la fin de la saison. <b>Johannes<\/b> aura encore de belles ambitions : en plus d\u2019essayer d\u2019aller chercher un sixi\u00e8me gros globe &#8211; il ne d\u00e9passera pas <strong>Martin Fourcade<\/strong> qui en a sept dans sa vitrine &#8211; et de nouveaux petits globes, il chasse le record du nombre de victoires individuelles. Il en a 90 \u00e0 son actif, cinq de moins que son compatriote <strong>Ole Einar Bjoerndalen<\/strong>. Ce d\u00e9compte aussi est lanc\u00e9.<\/p>\n<ul>\n<li style=\"text-align: justify;\"><strong>\u00c0 ce sujet &#8211; <a href=\"https:\/\/dicodusport.fr\/blog\/biathlon-nove-mesto-2025-la-selection-francaise\/\">Biathlon Nove Mesto 2025 : La s\u00e9lection fran\u00e7aise<\/a><\/strong><\/li>\n<\/ul>\n","protected":false},"excerpt":{"rendered":"<p>Les enjeux de la fin de la saison en Coupe du monde en Coupe du monde de biathlon<\/p>\n","protected":false},"author":80,"featured_media":561126,"comment_status":"open","ping_status":"closed","sticky":false,"template":"","format":"standard","meta":{"_acf_changed":false,"_daextam_enable_autolinks":"1","footnotes":""},"categories":[47040],"tags":[32415,2427,29733,14874,16878,24],"class_list":["post-561091","post","type-post","status-publish","format-standard","has-post-thumbnail","hentry","category-coupe-du-monde-de-biathlon","tag-actu","tag-biathlon","tag-biathlon-francais","tag-biathlon-nove-mesto","tag-breve","tag-sport"],"acf":[],"yoast_head":"<!-- This site is optimized with the Yoast SEO Premium plugin v26.7 (Yoast SEO v26.7) - https:\/\/yoast.com\/wordpress\/plugins\/seo\/ -->\n<title>Biathlon : Les enjeux de la fin de la saison en Coupe du monde<\/title>\n<meta name=\"description\" content=\"COUPE DU MONDE DE BIATHLON 2024-2025 - La saison reprend ce jeudi pour trois \u00e9tapes et avec de nombreux enjeux.\" \/>\n<meta name=\"robots\" content=\"index, follow, max-snippet:-1, max-image-preview:large, max-video-preview:-1\" \/>\n<link rel=\"canonical\" href=\"https:\/\/dicodusport.fr\/blog\/biathlon-les-enjeux-de-la-fin-de-la-saison-en-coupe-du-monde\/\" \/>\n<meta property=\"og:locale\" content=\"fr_FR\" \/>\n<meta property=\"og:type\" content=\"article\" \/>\n<meta property=\"og:title\" content=\"Biathlon : Les enjeux de la fin de la saison en Coupe du monde\" \/>\n<meta property=\"og:description\" content=\"COUPE DU MONDE DE BIATHLON 2024-2025 - La saison reprend ce jeudi pour trois \u00e9tapes et avec de nombreux enjeux.\" \/>\n<meta property=\"og:url\" content=\"https:\/\/dicodusport.fr\/blog\/biathlon-les-enjeux-de-la-fin-de-la-saison-en-coupe-du-monde\/\" \/>\n<meta property=\"og:site_name\" content=\"Dicodusport\" \/>\n<meta property=\"article:publisher\" content=\"https:\/\/www.facebook.com\/dicodusport\" \/>\n<meta property=\"article:author\" content=\"https:\/\/www.facebook.com\/profile.php?id=100009753662352\" \/>\n<meta property=\"article:published_time\" content=\"2025-03-05T10:00:44+00:00\" \/>\n<meta property=\"article:modified_time\" content=\"2025-07-09T16:33:56+00:00\" \/>\n<meta property=\"og:image\" content=\"https:\/\/dicodusport.fr\/blog\/wp-content\/uploads\/2025\/03\/Biathlon-Les-enjeux-de-la-fin-de-la-saison-en-Coupe-du-monde.png\" \/>\n\t<meta property=\"og:image:width\" content=\"1200\" \/>\n\t<meta property=\"og:image:height\" content=\"674\" \/>\n\t<meta property=\"og:image:type\" content=\"image\/png\" \/>\n<meta name=\"author\" content=\"Killian Tanguy\" \/>\n<meta name=\"twitter:card\" content=\"summary_large_image\" \/>\n<meta name=\"twitter:title\" content=\"Biathlon : Les enjeux de la fin de la saison en Coupe du monde\" \/>\n<meta name=\"twitter:creator\" content=\"@https:\/\/twitter.com\/sport_ktanguy\" \/>\n<meta name=\"twitter:site\" content=\"@dicodusport\" \/>\n<script type=\"application\/ld+json\" class=\"yoast-schema-graph\">{\"@context\":\"https:\/\/schema.org\",\"@graph\":[{\"@type\":\"NewsArticle\",\"@id\":\"https:\/\/dicodusport.fr\/blog\/biathlon-les-enjeux-de-la-fin-de-la-saison-en-coupe-du-monde\/#article\",\"isPartOf\":{\"@id\":\"https:\/\/dicodusport.fr\/blog\/biathlon-les-enjeux-de-la-fin-de-la-saison-en-coupe-du-monde\/\"},\"author\":{\"name\":\"Killian Tanguy\",\"@id\":\"https:\/\/dicodusport.fr\/blog\/#\/schema\/person\/ff2feeb71ea78ad31eeb3390ffe96b46\"},\"headline\":\"Biathlon : Les enjeux de la fin de la saison en Coupe du monde\",\"datePublished\":\"2025-03-05T10:00:44+00:00\",\"dateModified\":\"2025-07-09T16:33:56+00:00\",\"mainEntityOfPage\":{\"@id\":\"https:\/\/dicodusport.fr\/blog\/biathlon-les-enjeux-de-la-fin-de-la-saison-en-coupe-du-monde\/\"},\"wordCount\":1088,\"commentCount\":0,\"publisher\":{\"@id\":\"https:\/\/dicodusport.fr\/blog\/#organization\"},\"image\":{\"@id\":\"https:\/\/dicodusport.fr\/blog\/biathlon-les-enjeux-de-la-fin-de-la-saison-en-coupe-du-monde\/#primaryimage\"},\"thumbnailUrl\":\"https:\/\/dicodusport.fr\/blog\/wp-content\/uploads\/2025\/03\/Biathlon-Les-enjeux-de-la-fin-de-la-saison-en-Coupe-du-monde.png\",\"keywords\":[\"actu\",\"Biathlon\",\"biathlon fran\u00e7ais\",\"Biathlon Nove Mesto\",\"br\u00e8ve\",\"sport\"],\"articleSection\":[\"Coupe du monde de biathlon\"],\"inLanguage\":\"fr-FR\",\"potentialAction\":[{\"@type\":\"CommentAction\",\"name\":\"Comment\",\"target\":[\"https:\/\/dicodusport.fr\/blog\/biathlon-les-enjeux-de-la-fin-de-la-saison-en-coupe-du-monde\/#respond\"]}],\"copyrightYear\":\"2025\",\"copyrightHolder\":{\"@id\":\"https:\/\/dicodusport.fr\/blog\/#organization\"}},{\"@type\":\"WebPage\",\"@id\":\"https:\/\/dicodusport.fr\/blog\/biathlon-les-enjeux-de-la-fin-de-la-saison-en-coupe-du-monde\/\",\"url\":\"https:\/\/dicodusport.fr\/blog\/biathlon-les-enjeux-de-la-fin-de-la-saison-en-coupe-du-monde\/\",\"name\":\"Biathlon : Les enjeux de la fin de la saison en Coupe du monde\",\"isPartOf\":{\"@id\":\"https:\/\/dicodusport.fr\/blog\/#website\"},\"primaryImageOfPage\":{\"@id\":\"https:\/\/dicodusport.fr\/blog\/biathlon-les-enjeux-de-la-fin-de-la-saison-en-coupe-du-monde\/#primaryimage\"},\"image\":{\"@id\":\"https:\/\/dicodusport.fr\/blog\/biathlon-les-enjeux-de-la-fin-de-la-saison-en-coupe-du-monde\/#primaryimage\"},\"thumbnailUrl\":\"https:\/\/dicodusport.fr\/blog\/wp-content\/uploads\/2025\/03\/Biathlon-Les-enjeux-de-la-fin-de-la-saison-en-Coupe-du-monde.png\",\"datePublished\":\"2025-03-05T10:00:44+00:00\",\"dateModified\":\"2025-07-09T16:33:56+00:00\",\"description\":\"COUPE DU MONDE DE BIATHLON 2024-2025 - La saison reprend ce jeudi pour trois \u00e9tapes et avec de nombreux enjeux.\",\"breadcrumb\":{\"@id\":\"https:\/\/dicodusport.fr\/blog\/biathlon-les-enjeux-de-la-fin-de-la-saison-en-coupe-du-monde\/#breadcrumb\"},\"inLanguage\":\"fr-FR\",\"potentialAction\":[{\"@type\":\"ReadAction\",\"target\":[\"https:\/\/dicodusport.fr\/blog\/biathlon-les-enjeux-de-la-fin-de-la-saison-en-coupe-du-monde\/\"]}]},{\"@type\":\"ImageObject\",\"inLanguage\":\"fr-FR\",\"@id\":\"https:\/\/dicodusport.fr\/blog\/biathlon-les-enjeux-de-la-fin-de-la-saison-en-coupe-du-monde\/#primaryimage\",\"url\":\"https:\/\/dicodusport.fr\/blog\/wp-content\/uploads\/2025\/03\/Biathlon-Les-enjeux-de-la-fin-de-la-saison-en-Coupe-du-monde.png\",\"contentUrl\":\"https:\/\/dicodusport.fr\/blog\/wp-content\/uploads\/2025\/03\/Biathlon-Les-enjeux-de-la-fin-de-la-saison-en-Coupe-du-monde.png\",\"width\":1200,\"height\":674,\"caption\":\"Biathlon Les enjeux de la fin de la saison en Coupe du monde\"},{\"@type\":\"BreadcrumbList\",\"@id\":\"https:\/\/dicodusport.fr\/blog\/biathlon-les-enjeux-de-la-fin-de-la-saison-en-coupe-du-monde\/#breadcrumb\",\"itemListElement\":[{\"@type\":\"ListItem\",\"position\":1,\"name\":\"Accueil\",\"item\":\"https:\/\/dicodusport.fr\/blog\/\"},{\"@type\":\"ListItem\",\"position\":2,\"name\":\"Biathlon : Les enjeux de la fin de la saison en Coupe du monde\"}]},{\"@type\":\"WebSite\",\"@id\":\"https:\/\/dicodusport.fr\/blog\/#website\",\"url\":\"https:\/\/dicodusport.fr\/blog\/\",\"name\":\"Dicodusport\",\"description\":\"L&#039;encyclop\u00e9die de l&#039;actualit\u00e9 sportive\",\"publisher\":{\"@id\":\"https:\/\/dicodusport.fr\/blog\/#organization\"},\"potentialAction\":[{\"@type\":\"SearchAction\",\"target\":{\"@type\":\"EntryPoint\",\"urlTemplate\":\"https:\/\/dicodusport.fr\/blog\/?s={search_term_string}\"},\"query-input\":{\"@type\":\"PropertyValueSpecification\",\"valueRequired\":true,\"valueName\":\"search_term_string\"}}],\"inLanguage\":\"fr-FR\"},{\"@type\":\"NewsMediaOrganization\",\"@id\":\"https:\/\/dicodusport.fr\/blog\/#organization\",\"name\":\"Dicodusport\",\"url\":\"https:\/\/dicodusport.fr\/blog\/\",\"logo\":{\"@type\":\"ImageObject\",\"inLanguage\":\"fr-FR\",\"@id\":\"https:\/\/dicodusport.fr\/blog\/#\/schema\/logo\/image\/\",\"url\":\"https:\/\/dicodusport.fr\/blog\/wp-content\/uploads\/2020\/06\/cropped-LOGO-DICODUSPORT-2020-SANS-FOND-SANS-TEXTE.png\",\"contentUrl\":\"https:\/\/dicodusport.fr\/blog\/wp-content\/uploads\/2020\/06\/cropped-LOGO-DICODUSPORT-2020-SANS-FOND-SANS-TEXTE.png\",\"width\":512,\"height\":512,\"caption\":\"Dicodusport\"},\"image\":{\"@id\":\"https:\/\/dicodusport.fr\/blog\/#\/schema\/logo\/image\/\"},\"sameAs\":[\"https:\/\/www.facebook.com\/dicodusport\",\"https:\/\/x.com\/dicodusport\",\"https:\/\/www.instagram.com\/dicodusport\/\",\"https:\/\/www.youtube.com\/channel\/UC7V2KZ5sd3htJivAbA4ZG3w\"],\"description\":\"Dicodusport est l'encyclop\u00e9die de l'actualit\u00e9 sportive.\",\"email\":\"bonjour@dicodusport.fr\",\"legalName\":\"DICODUSPORT\",\"foundingDate\":\"2018-01-14\",\"vatID\":\"FR71834470973\",\"taxID\":\"83447097300043\",\"numberOfEmployees\":{\"@type\":\"QuantitativeValue\",\"minValue\":\"1\",\"maxValue\":\"10\"}},{\"@type\":\"Person\",\"@id\":\"https:\/\/dicodusport.fr\/blog\/#\/schema\/person\/ff2feeb71ea78ad31eeb3390ffe96b46\",\"name\":\"Killian Tanguy\",\"image\":{\"@type\":\"ImageObject\",\"inLanguage\":\"fr-FR\",\"@id\":\"https:\/\/dicodusport.fr\/blog\/#\/schema\/person\/image\/\",\"url\":\"https:\/\/dicodusport.fr\/blog\/wp-content\/uploads\/2022\/12\/Killian-Tanguy-150x150.png\",\"contentUrl\":\"https:\/\/dicodusport.fr\/blog\/wp-content\/uploads\/2022\/12\/Killian-Tanguy-150x150.png\",\"caption\":\"Killian Tanguy\"},\"description\":\"Journaliste qui parle de tout et surtout de sport. Rugby, handball, sports d'hiver, football, cyclisme... Et ce que j'aime par-dessus tout : couvrir une discipline que je ne connais pas. Rien de mieux pour s'enrichir et apprendre.\",\"sameAs\":[\"https:\/\/killiantanguy.wixsite.com\/monsite\",\"https:\/\/www.facebook.com\/profile.php?id=100009753662352\",\"https:\/\/www.instagram.com\/sport.killiantanguy\/\",\"https:\/\/www.linkedin.com\/in\/killiantanguy\/\",\"https:\/\/x.com\/https:\/\/twitter.com\/sport_ktanguy\",\"https:\/\/www.youtube.com\/channel\/UCRfZkHKJL0wK7wvnJjCry-Q\"],\"url\":\"https:\/\/dicodusport.fr\/blog\/author\/killian-tanguy\/\"}]}<\/script>\n<!-- \/ Yoast SEO Premium plugin. -->","yoast_head_json":{"title":"Biathlon : Les enjeux de la fin de la saison en Coupe du monde","description":"COUPE DU MONDE DE BIATHLON 2024-2025 - La saison reprend ce jeudi pour trois \u00e9tapes et avec de nombreux enjeux.","robots":{"index":"index","follow":"follow","max-snippet":"max-snippet:-1","max-image-preview":"max-image-preview:large","max-video-preview":"max-video-preview:-1"},"canonical":"https:\/\/dicodusport.fr\/blog\/biathlon-les-enjeux-de-la-fin-de-la-saison-en-coupe-du-monde\/","og_locale":"fr_FR","og_type":"article","og_title":"Biathlon : Les enjeux de la fin de la saison en Coupe du monde","og_description":"COUPE DU MONDE DE BIATHLON 2024-2025 - La saison reprend ce jeudi pour trois \u00e9tapes et avec de nombreux enjeux.","og_url":"https:\/\/dicodusport.fr\/blog\/biathlon-les-enjeux-de-la-fin-de-la-saison-en-coupe-du-monde\/","og_site_name":"Dicodusport","article_publisher":"https:\/\/www.facebook.com\/dicodusport","article_author":"https:\/\/www.facebook.com\/profile.php?id=100009753662352","article_published_time":"2025-03-05T10:00:44+00:00","article_modified_time":"2025-07-09T16:33:56+00:00","og_image":[{"width":1200,"height":674,"url":"https:\/\/dicodusport.fr\/blog\/wp-content\/uploads\/2025\/03\/Biathlon-Les-enjeux-de-la-fin-de-la-saison-en-Coupe-du-monde.png","type":"image\/png"}],"author":"Killian Tanguy","twitter_card":"summary_large_image","twitter_title":"Biathlon : Les enjeux de la fin de la saison en Coupe du monde","twitter_creator":"@https:\/\/twitter.com\/sport_ktanguy","twitter_site":"@dicodusport","schema":{"@context":"https:\/\/schema.org","@graph":[{"@type":"NewsArticle","@id":"https:\/\/dicodusport.fr\/blog\/biathlon-les-enjeux-de-la-fin-de-la-saison-en-coupe-du-monde\/#article","isPartOf":{"@id":"https:\/\/dicodusport.fr\/blog\/biathlon-les-enjeux-de-la-fin-de-la-saison-en-coupe-du-monde\/"},"author":{"name":"Killian Tanguy","@id":"https:\/\/dicodusport.fr\/blog\/#\/schema\/person\/ff2feeb71ea78ad31eeb3390ffe96b46"},"headline":"Biathlon : Les enjeux de la fin de la saison en Coupe du monde","datePublished":"2025-03-05T10:00:44+00:00","dateModified":"2025-07-09T16:33:56+00:00","mainEntityOfPage":{"@id":"https:\/\/dicodusport.fr\/blog\/biathlon-les-enjeux-de-la-fin-de-la-saison-en-coupe-du-monde\/"},"wordCount":1088,"commentCount":0,"publisher":{"@id":"https:\/\/dicodusport.fr\/blog\/#organization"},"image":{"@id":"https:\/\/dicodusport.fr\/blog\/biathlon-les-enjeux-de-la-fin-de-la-saison-en-coupe-du-monde\/#primaryimage"},"thumbnailUrl":"https:\/\/dicodusport.fr\/blog\/wp-content\/uploads\/2025\/03\/Biathlon-Les-enjeux-de-la-fin-de-la-saison-en-Coupe-du-monde.png","keywords":["actu","Biathlon","biathlon fran\u00e7ais","Biathlon Nove Mesto","br\u00e8ve","sport"],"articleSection":["Coupe du monde de biathlon"],"inLanguage":"fr-FR","potentialAction":[{"@type":"CommentAction","name":"Comment","target":["https:\/\/dicodusport.fr\/blog\/biathlon-les-enjeux-de-la-fin-de-la-saison-en-coupe-du-monde\/#respond"]}],"copyrightYear":"2025","copyrightHolder":{"@id":"https:\/\/dicodusport.fr\/blog\/#organization"}},{"@type":"WebPage","@id":"https:\/\/dicodusport.fr\/blog\/biathlon-les-enjeux-de-la-fin-de-la-saison-en-coupe-du-monde\/","url":"https:\/\/dicodusport.fr\/blog\/biathlon-les-enjeux-de-la-fin-de-la-saison-en-coupe-du-monde\/","name":"Biathlon : Les enjeux de la fin de la saison en Coupe du monde","isPartOf":{"@id":"https:\/\/dicodusport.fr\/blog\/#website"},"primaryImageOfPage":{"@id":"https:\/\/dicodusport.fr\/blog\/biathlon-les-enjeux-de-la-fin-de-la-saison-en-coupe-du-monde\/#primaryimage"},"image":{"@id":"https:\/\/dicodusport.fr\/blog\/biathlon-les-enjeux-de-la-fin-de-la-saison-en-coupe-du-monde\/#primaryimage"},"thumbnailUrl":"https:\/\/dicodusport.fr\/blog\/wp-content\/uploads\/2025\/03\/Biathlon-Les-enjeux-de-la-fin-de-la-saison-en-Coupe-du-monde.png","datePublished":"2025-03-05T10:00:44+00:00","dateModified":"2025-07-09T16:33:56+00:00","description":"COUPE DU MONDE DE BIATHLON 2024-2025 - La saison reprend ce jeudi pour trois \u00e9tapes et avec de nombreux enjeux.","breadcrumb":{"@id":"https:\/\/dicodusport.fr\/blog\/biathlon-les-enjeux-de-la-fin-de-la-saison-en-coupe-du-monde\/#breadcrumb"},"inLanguage":"fr-FR","potentialAction":[{"@type":"ReadAction","target":["https:\/\/dicodusport.fr\/blog\/biathlon-les-enjeux-de-la-fin-de-la-saison-en-coupe-du-monde\/"]}]},{"@type":"ImageObject","inLanguage":"fr-FR","@id":"https:\/\/dicodusport.fr\/blog\/biathlon-les-enjeux-de-la-fin-de-la-saison-en-coupe-du-monde\/#primaryimage","url":"https:\/\/dicodusport.fr\/blog\/wp-content\/uploads\/2025\/03\/Biathlon-Les-enjeux-de-la-fin-de-la-saison-en-Coupe-du-monde.png","contentUrl":"https:\/\/dicodusport.fr\/blog\/wp-content\/uploads\/2025\/03\/Biathlon-Les-enjeux-de-la-fin-de-la-saison-en-Coupe-du-monde.png","width":1200,"height":674,"caption":"Biathlon Les enjeux de la fin de la saison en Coupe du monde"},{"@type":"BreadcrumbList","@id":"https:\/\/dicodusport.fr\/blog\/biathlon-les-enjeux-de-la-fin-de-la-saison-en-coupe-du-monde\/#breadcrumb","itemListElement":[{"@type":"ListItem","position":1,"name":"Accueil","item":"https:\/\/dicodusport.fr\/blog\/"},{"@type":"ListItem","position":2,"name":"Biathlon : Les enjeux de la fin de la saison en Coupe du monde"}]},{"@type":"WebSite","@id":"https:\/\/dicodusport.fr\/blog\/#website","url":"https:\/\/dicodusport.fr\/blog\/","name":"Dicodusport","description":"L&#039;encyclop\u00e9die de l&#039;actualit\u00e9 sportive","publisher":{"@id":"https:\/\/dicodusport.fr\/blog\/#organization"},"potentialAction":[{"@type":"SearchAction","target":{"@type":"EntryPoint","urlTemplate":"https:\/\/dicodusport.fr\/blog\/?s={search_term_string}"},"query-input":{"@type":"PropertyValueSpecification","valueRequired":true,"valueName":"search_term_string"}}],"inLanguage":"fr-FR"},{"@type":"NewsMediaOrganization","@id":"https:\/\/dicodusport.fr\/blog\/#organization","name":"Dicodusport","url":"https:\/\/dicodusport.fr\/blog\/","logo":{"@type":"ImageObject","inLanguage":"fr-FR","@id":"https:\/\/dicodusport.fr\/blog\/#\/schema\/logo\/image\/","url":"https:\/\/dicodusport.fr\/blog\/wp-content\/uploads\/2020\/06\/cropped-LOGO-DICODUSPORT-2020-SANS-FOND-SANS-TEXTE.png","contentUrl":"https:\/\/dicodusport.fr\/blog\/wp-content\/uploads\/2020\/06\/cropped-LOGO-DICODUSPORT-2020-SANS-FOND-SANS-TEXTE.png","width":512,"height":512,"caption":"Dicodusport"},"image":{"@id":"https:\/\/dicodusport.fr\/blog\/#\/schema\/logo\/image\/"},"sameAs":["https:\/\/www.facebook.com\/dicodusport","https:\/\/x.com\/dicodusport","https:\/\/www.instagram.com\/dicodusport\/","https:\/\/www.youtube.com\/channel\/UC7V2KZ5sd3htJivAbA4ZG3w"],"description":"Dicodusport est l'encyclop\u00e9die de l'actualit\u00e9 sportive.","email":"bonjour@dicodusport.fr","legalName":"DICODUSPORT","foundingDate":"2018-01-14","vatID":"FR71834470973","taxID":"83447097300043","numberOfEmployees":{"@type":"QuantitativeValue","minValue":"1","maxValue":"10"}},{"@type":"Person","@id":"https:\/\/dicodusport.fr\/blog\/#\/schema\/person\/ff2feeb71ea78ad31eeb3390ffe96b46","name":"Killian Tanguy","image":{"@type":"ImageObject","inLanguage":"fr-FR","@id":"https:\/\/dicodusport.fr\/blog\/#\/schema\/person\/image\/","url":"https:\/\/dicodusport.fr\/blog\/wp-content\/uploads\/2022\/12\/Killian-Tanguy-150x150.png","contentUrl":"https:\/\/dicodusport.fr\/blog\/wp-content\/uploads\/2022\/12\/Killian-Tanguy-150x150.png","caption":"Killian Tanguy"},"description":"Journaliste qui parle de tout et surtout de sport. Rugby, handball, sports d'hiver, football, cyclisme... Et ce que j'aime par-dessus tout : couvrir une discipline que je ne connais pas. Rien de mieux pour s'enrichir et apprendre.","sameAs":["https:\/\/killiantanguy.wixsite.com\/monsite","https:\/\/www.facebook.com\/profile.php?id=100009753662352","https:\/\/www.instagram.com\/sport.killiantanguy\/","https:\/\/www.linkedin.com\/in\/killiantanguy\/","https:\/\/x.com\/https:\/\/twitter.com\/sport_ktanguy","https:\/\/www.youtube.com\/channel\/UCRfZkHKJL0wK7wvnJjCry-Q"],"url":"https:\/\/dicodusport.fr\/blog\/author\/killian-tanguy\/"}]}},"_links":{"self":[{"href":"https:\/\/dicodusport.fr\/blog\/wp-json\/wp\/v2\/posts\/561091","targetHints":{"allow":["GET"]}}],"collection":[{"href":"https:\/\/dicodusport.fr\/blog\/wp-json\/wp\/v2\/posts"}],"about":[{"href":"https:\/\/dicodusport.fr\/blog\/wp-json\/wp\/v2\/types\/post"}],"author":[{"embeddable":true,"href":"https:\/\/dicodusport.fr\/blog\/wp-json\/wp\/v2\/users\/80"}],"replies":[{"embeddable":true,"href":"https:\/\/dicodusport.fr\/blog\/wp-json\/wp\/v2\/comments?post=561091"}],"version-history":[{"count":6,"href":"https:\/\/dicodusport.fr\/blog\/wp-json\/wp\/v2\/posts\/561091\/revisions"}],"predecessor-version":[{"id":561347,"href":"https:\/\/dicodusport.fr\/blog\/wp-json\/wp\/v2\/posts\/561091\/revisions\/561347"}],"wp:featuredmedia":[{"embeddable":true,"href":"https:\/\/dicodusport.fr\/blog\/wp-json\/wp\/v2\/media\/561126"}],"wp:attachment":[{"href":"https:\/\/dicodusport.fr\/blog\/wp-json\/wp\/v2\/media?parent=561091"}],"wp:term":[{"taxonomy":"category","embeddable":true,"href":"https:\/\/dicodusport.fr\/blog\/wp-json\/wp\/v2\/categories?post=561091"},{"taxonomy":"post_tag","embeddable":true,"href":"https:\/\/dicodusport.fr\/blog\/wp-json\/wp\/v2\/tags?post=561091"}],"curies":[{"name":"wp","href":"https:\/\/api.w.org\/{rel}","templated":true}]}}