{"id":561094,"date":"2025-03-04T12:39:17","date_gmt":"2025-03-04T11:39:17","guid":{"rendered":"https:\/\/dicodusport.fr\/blog\/?p=561094&#038;preview=true&#038;preview_id=561094"},"modified":"2025-09-16T08:51:45","modified_gmt":"2025-09-16T06:51:45","slug":"real-madrid-atletico-madrid-heure-chaine-tv-compositions-et-cotes","status":"publish","type":"post","link":"https:\/\/dicodusport.fr\/blog\/real-madrid-atletico-madrid-heure-chaine-tv-compositions-et-cotes\/","title":{"rendered":"Real Madrid Atl\u00e9tico Madrid : Heure, Cha\u00eene TV, Compositions et Cotes"},"content":{"rendered":"<h4 style=\"text-align: justify;\"><em>LIGUE DES CHAMPIONS<b> &#8211; <\/b><\/em><em>\u00c0 quelle heure et sur quelle cha\u00eene TV suivre le match de Ligue des Champions entre le Real Madrid et l&rsquo;Atl\u00e9tico Madrid ? Retrouvez \u00e9galement les compositions des deux \u00e9quipes<\/em><em>.<\/em><\/h4>\n<ul style=\"text-align: justify;\">\n<li style=\"text-align: justify;\"><strong>\u00c0 ce sujet &#8211; <a href=\"https:\/\/dicodusport.fr\/blog\/phase-finale-ligue-des-champions-le-tableau-complet\/https:\/\/dicodusport.fr\/blog\/phase-finale-ligue-des-champions-le-tableau-complet\/\" target=\"_blank\" rel=\"noopener\">Phase finale Ligue des Champions : Le tableau complet<\/a><\/strong><\/li>\n<\/ul>\n<p style=\"text-align: justify;\">Le <strong>Real<\/strong> <strong>Madrid<\/strong> a d\u00fb ferrailler en barrages, mais a brillamment pass\u00e9 le test face au <strong>Manchester<\/strong> <strong>City<\/strong> de <strong>Pep<\/strong> <strong>Guardiola<\/strong>. Les <strong>Madril\u00e8nes<\/strong> se sont impos\u00e9s lors des deux rencontres pour se hisser en huiti\u00e8mes de finale. En championnat, les Merengues restent sur une d\u00e9faite face au <strong>Betis<\/strong> <strong>S\u00e9ville<\/strong> et pointent au troisi\u00e8me rang de la Liga.<\/p>\n<ul style=\"text-align: justify;\">\n<li style=\"text-align: justify;\"><strong>\u00c0 ce sujet &#8211;\u00a0<\/strong><a href=\"https:\/\/dicodusport.fr\/blog\/actualites\/football\/\"><strong>L&rsquo;actualit\u00e9 du football<\/strong><\/a><\/li>\n<\/ul>\n<p style=\"text-align: justify;\">L&rsquo;<strong>Atl\u00e9tico Madrid<\/strong> s&rsquo;est qualifi\u00e9 directement pour les huiti\u00e8mes de finale, et a donc r\u00e9cemment jou\u00e9 deux matchs de moins que son adversaire du soir. En championnat, l&rsquo;<strong>Atl\u00e9tico Madrid<\/strong> pointe au deuxi\u00e8me rang et reste sur un succ\u00e8s face \u00e0 l&rsquo;<strong>Athletic Bilbao<\/strong>. Les <strong>Colchoneros<\/strong> sont \u00e9galement toujours en lice en Coupe d&rsquo;Espagne.<\/p>\n<p style=\"text-align: justify;\">Les deux \u00e9quipes se sont d\u00e9j\u00e0 affront\u00e9es deux fois cette saison et se sont quitt\u00e9es \u00e0 chaque fois sur un nul, un partout. Chez les bookmakers, le <strong>Real<\/strong> <strong>Madrid<\/strong> est favori pour cette rencontre de <strong>Ligue des Champions<\/strong>.<\/p>\n<h2 style=\"text-align: justify;\">Ligue des Champions : Le programme TV de Real Madrid &#8211; Atl\u00e9tico Madrid<\/h2>\n<h3 style=\"text-align: justify;\">Mardi 4 mars 2024<\/h3>\n<p style=\"text-align: justify;\"><b>Match diffus\u00e9 sur Canal+ Sport<\/b><b>\u00a0: <\/b>D\u00e9but du match \u00e0<strong> 21h00.<\/strong><\/p>\n<h2 style=\"text-align: justify;\">Les compositions probables de Real Madrid &#8211; Atl\u00e9tico Madrid<\/h2>\n<h3 style=\"text-align: justify;\">La composition du Real Madrid<\/h3>\n<p style=\"text-align: justify;\">Courtois &#8211;\u00a0Valverde, R\u00fcdiger, Asencio, Mendy &#8211;\u00a0Tchouam\u00e9ni, Camavinga &#8211; Rodrygo, Brahim, Vinicius &#8211; Mbapp\u00e9<\/p>\n<h3 style=\"text-align: justify;\">La composition de l&rsquo;Atl\u00e9tico Madrid<\/h3>\n<p style=\"text-align: justify;\">Oblak &#8211;\u00a0Molina, Le Normand, Gimenez, Galan &#8211;\u00a0Llorente, De Paul, Barrios, Lino &#8211; Griezmann, Alvarez<\/p>\n<h2 style=\"text-align: justify;\">Les cotes de Real Madrid &#8211; Atl\u00e9tico Madrid<\/h2>\n<table style=\"width: 840px;\">\n<tbody>\n<tr style=\"height: 16px;\">\n<td style=\"background-color: #404040; border-color: #ededed; width: 840px; text-align: left;\" colspan=\"3\"><strong><span style=\"font-size: 12px; color: #ffffff;\"><img loading=\"lazy\" decoding=\"async\" class=\"alignnone wp-image-512842\" src=\"https:\/\/dicodusport.fr\/blog\/wp-content\/uploads\/2024\/08\/Logo-Winamax.png\" alt=\"\" width=\"14\" height=\"13\" srcset=\"https:\/\/dicodusport.fr\/blog\/wp-content\/uploads\/2024\/08\/Logo-Winamax.png 290w, https:\/\/dicodusport.fr\/blog\/wp-content\/uploads\/2024\/08\/Logo-Winamax-150x150.png 150w, https:\/\/dicodusport.fr\/blog\/wp-content\/uploads\/2024\/08\/Logo-Winamax-80x80.png 80w\" sizes=\"auto, (max-width: 14px) 100vw, 14px\" \/> Mardi 4 mars, 21h00<\/span><\/strong><\/td>\n<\/tr>\n<tr style=\"height: 24px;\">\n<td style=\"background-color: #ffffff; border-color: #ededed; vertical-align: middle; text-align: center; width: 266px;\"><span style=\"font-size: 10px;\"><span style=\"font-size: 14px;\"><strong>Real Madrid<br \/>\n<\/strong><\/span><\/span><span style=\"font-size: 10px;\"><a href=\"https:\/\/www.winamax.fr\/paris-sportifs\/match\/58261991?banid=33423\" class=\"su-button su-button-style-flat su-button-wide\" style=\"color:#fff;background-color:#0860ff;border-color:#074dcc;border-radius:5px\" target=\"_blank\" rel=\"noopener noreferrer\"><span style=\"color:#fff;padding:0px 20px;font-size:16px;line-height:32px;border-color:#5390ff;border-radius:5px;text-shadow:none\"> 1.90<\/span><\/a><\/span><\/td>\n<td style=\"background-color: #ffffff; border-color: #ededed; vertical-align: middle; text-align: center; width: 266px;\"><span style=\"font-size: 10px;\"><span style=\"font-size: 14px;\"><strong>Match nul<\/strong><\/span><br \/>\n<a href=\"https:\/\/www.winamax.fr\/paris-sportifs\/match\/58261991?banid=33423\" class=\"su-button su-button-style-flat su-button-wide\" style=\"color:#fff;background-color:#0860ff;border-color:#074dcc;border-radius:5px\" target=\"_blank\" rel=\"noopener noreferrer\"><span style=\"color:#fff;padding:0px 20px;font-size:16px;line-height:32px;border-color:#5390ff;border-radius:5px;text-shadow:none\"> 3.75<\/span><\/a><\/span><\/td>\n<td style=\"background-color: #ffffff; border-color: #ededed; vertical-align: middle; text-align: center; width: 266px;\"><span style=\"font-size: 10px;\"><span style=\"font-size: 14px;\"><strong>Atl\u00e9tico Madrid<\/strong><\/span><br \/>\n<a href=\"https:\/\/www.winamax.fr\/paris-sportifs\/match\/58261991?banid=33423\" class=\"su-button su-button-style-flat su-button-wide\" style=\"color:#fff;background-color:#0860ff;border-color:#074dcc;border-radius:5px\" target=\"_blank\" rel=\"noopener noreferrer\"><span style=\"color:#fff;padding:0px 20px;font-size:16px;line-height:32px;border-color:#5390ff;border-radius:5px;text-shadow:none\"> 4.20<\/span><\/a><\/span><\/td>\n<\/tr>\n<\/tbody>\n<\/table>\n<p style=\"text-align: justify;\">Tentez votre chance en profitant de votre <a href=\"https:\/\/www.winamax.fr\/registration\/landing\/affiliation_Bonus100?banid=33423\">1er d\u00e9p\u00f4t doubl\u00e9 jusqu&rsquo;\u00e0 100 \u20ac<\/a> direct en paris gratuits sur Winamax !<\/p>\n","protected":false},"excerpt":{"rendered":"<p>LIGUE DES CHAMPIONS &#8211; \u00c0 quelle heure et sur quelle cha\u00eene TV suivre le match de Ligue des Champions entre le Real Madrid et l&rsquo;Atl\u00e9tico Madrid ? Retrouvez \u00e9galement les compositions des deux \u00e9quipes.<\/p>\n","protected":false},"author":1,"featured_media":561095,"comment_status":"open","ping_status":"closed","sticky":false,"template":"","format":"standard","meta":{"_acf_changed":false,"_daextam_enable_autolinks":"1","footnotes":""},"categories":[47250],"tags":[4789,16878,17213,75,21768,419,8799,521],"class_list":["post-561094","post","type-post","status-publish","format-standard","has-post-thumbnail","hentry","category-ligue-des-champions-de-football","tag-atletico-madrid","tag-breve","tag-chaine","tag-football","tag-horaire","tag-ligue-des-champions","tag-programme-tv","tag-real-madrid"],"acf":[],"yoast_head":"<!-- This site is optimized with the Yoast SEO Premium plugin v26.7 (Yoast SEO v26.7) - https:\/\/yoast.com\/wordpress\/plugins\/seo\/ -->\n<title>Real Madrid Atl\u00e9tico Madrid : Heure, Cha\u00eene TV, Compositions et Cotes<\/title>\n<meta name=\"description\" content=\"LIGUE DES CHAMPIONS - \u00c0 quelle heure et sur quelle cha\u00eene TV suivre le match de Ligue des Champions entre le Real Madrid et l&#039;Atl\u00e9tico Madrid ? Retrouvez \u00e9galement les compositions des deux \u00e9quipes.\" \/>\n<meta name=\"robots\" content=\"index, follow, max-snippet:-1, max-image-preview:large, max-video-preview:-1\" \/>\n<link rel=\"canonical\" href=\"https:\/\/dicodusport.fr\/blog\/real-madrid-atletico-madrid-heure-chaine-tv-compositions-et-cotes\/\" \/>\n<meta property=\"og:locale\" content=\"fr_FR\" \/>\n<meta property=\"og:type\" content=\"article\" \/>\n<meta property=\"og:title\" content=\"Real Madrid Atl\u00e9tico Madrid : Heure, Cha\u00eene TV, Compositions et Cotes\" \/>\n<meta property=\"og:description\" content=\"LIGUE DES CHAMPIONS - \u00c0 quelle heure et sur quelle cha\u00eene TV suivre le match de Ligue des Champions entre le Real Madrid et l&#039;Atl\u00e9tico Madrid ? Retrouvez \u00e9galement les compositions des deux \u00e9quipes.\" \/>\n<meta property=\"og:url\" content=\"https:\/\/dicodusport.fr\/blog\/real-madrid-atletico-madrid-heure-chaine-tv-compositions-et-cotes\/\" \/>\n<meta property=\"og:site_name\" content=\"Dicodusport\" \/>\n<meta property=\"article:publisher\" content=\"https:\/\/www.facebook.com\/dicodusport\" \/>\n<meta property=\"article:author\" content=\"https:\/\/www.facebook.com\/dicodusport\" \/>\n<meta property=\"article:published_time\" content=\"2025-03-04T11:39:17+00:00\" \/>\n<meta property=\"article:modified_time\" content=\"2025-09-16T06:51:45+00:00\" \/>\n<meta property=\"og:image\" content=\"https:\/\/dicodusport.fr\/blog\/wp-content\/uploads\/2025\/03\/Real-Madrid-Atletico-Madrid-Heure-Chaine-TV-Compositions-et-Cotes.png\" \/>\n\t<meta property=\"og:image:width\" content=\"1200\" \/>\n\t<meta property=\"og:image:height\" content=\"674\" \/>\n\t<meta property=\"og:image:type\" content=\"image\/png\" \/>\n<meta name=\"author\" content=\"Nicolas Jacquemard\" \/>\n<meta name=\"twitter:card\" content=\"summary_large_image\" \/>\n<meta name=\"twitter:title\" content=\"Real Madrid Atl\u00e9tico Madrid : Heure, Cha\u00eene TV, Compositions et Cotes\" \/>\n<meta name=\"twitter:creator\" content=\"@https:\/\/twitter.com\/Nico_Jacquemard\" \/>\n<meta name=\"twitter:site\" content=\"@dicodusport\" \/>\n<script type=\"application\/ld+json\" class=\"yoast-schema-graph\">{\"@context\":\"https:\/\/schema.org\",\"@graph\":[{\"@type\":\"NewsArticle\",\"@id\":\"https:\/\/dicodusport.fr\/blog\/real-madrid-atletico-madrid-heure-chaine-tv-compositions-et-cotes\/#article\",\"isPartOf\":{\"@id\":\"https:\/\/dicodusport.fr\/blog\/real-madrid-atletico-madrid-heure-chaine-tv-compositions-et-cotes\/\"},\"author\":{\"name\":\"Nicolas Jacquemard\",\"@id\":\"https:\/\/dicodusport.fr\/blog\/#\/schema\/person\/55dcb50ad410894e431ed812bbb70191\"},\"headline\":\"Real Madrid Atl\u00e9tico Madrid : Heure, Cha\u00eene TV, Compositions et Cotes\",\"datePublished\":\"2025-03-04T11:39:17+00:00\",\"dateModified\":\"2025-09-16T06:51:45+00:00\",\"mainEntityOfPage\":{\"@id\":\"https:\/\/dicodusport.fr\/blog\/real-madrid-atletico-madrid-heure-chaine-tv-compositions-et-cotes\/\"},\"wordCount\":419,\"commentCount\":0,\"publisher\":{\"@id\":\"https:\/\/dicodusport.fr\/blog\/#organization\"},\"image\":{\"@id\":\"https:\/\/dicodusport.fr\/blog\/real-madrid-atletico-madrid-heure-chaine-tv-compositions-et-cotes\/#primaryimage\"},\"thumbnailUrl\":\"https:\/\/dicodusport.fr\/blog\/wp-content\/uploads\/2025\/03\/Real-Madrid-Atletico-Madrid-Heure-Chaine-TV-Compositions-et-Cotes.png\",\"keywords\":[\"Atl\u00e9tico madrid\",\"br\u00e8ve\",\"Cha\u00eene\",\"Football\",\"Horaire\",\"Ligue des champions\",\"Programme TV\",\"Real Madrid\"],\"articleSection\":[\"Ligue des Champions de football\"],\"inLanguage\":\"fr-FR\",\"potentialAction\":[{\"@type\":\"CommentAction\",\"name\":\"Comment\",\"target\":[\"https:\/\/dicodusport.fr\/blog\/real-madrid-atletico-madrid-heure-chaine-tv-compositions-et-cotes\/#respond\"]}],\"copyrightYear\":\"2025\",\"copyrightHolder\":{\"@id\":\"https:\/\/dicodusport.fr\/blog\/#organization\"}},{\"@type\":\"WebPage\",\"@id\":\"https:\/\/dicodusport.fr\/blog\/real-madrid-atletico-madrid-heure-chaine-tv-compositions-et-cotes\/\",\"url\":\"https:\/\/dicodusport.fr\/blog\/real-madrid-atletico-madrid-heure-chaine-tv-compositions-et-cotes\/\",\"name\":\"Real Madrid Atl\u00e9tico Madrid : Heure, Cha\u00eene TV, Compositions et Cotes\",\"isPartOf\":{\"@id\":\"https:\/\/dicodusport.fr\/blog\/#website\"},\"primaryImageOfPage\":{\"@id\":\"https:\/\/dicodusport.fr\/blog\/real-madrid-atletico-madrid-heure-chaine-tv-compositions-et-cotes\/#primaryimage\"},\"image\":{\"@id\":\"https:\/\/dicodusport.fr\/blog\/real-madrid-atletico-madrid-heure-chaine-tv-compositions-et-cotes\/#primaryimage\"},\"thumbnailUrl\":\"https:\/\/dicodusport.fr\/blog\/wp-content\/uploads\/2025\/03\/Real-Madrid-Atletico-Madrid-Heure-Chaine-TV-Compositions-et-Cotes.png\",\"datePublished\":\"2025-03-04T11:39:17+00:00\",\"dateModified\":\"2025-09-16T06:51:45+00:00\",\"description\":\"LIGUE DES CHAMPIONS - \u00c0 quelle heure et sur quelle cha\u00eene TV suivre le match de Ligue des Champions entre le Real Madrid et l'Atl\u00e9tico Madrid ? Retrouvez \u00e9galement les compositions des deux \u00e9quipes.\",\"breadcrumb\":{\"@id\":\"https:\/\/dicodusport.fr\/blog\/real-madrid-atletico-madrid-heure-chaine-tv-compositions-et-cotes\/#breadcrumb\"},\"inLanguage\":\"fr-FR\",\"potentialAction\":[{\"@type\":\"ReadAction\",\"target\":[\"https:\/\/dicodusport.fr\/blog\/real-madrid-atletico-madrid-heure-chaine-tv-compositions-et-cotes\/\"]}]},{\"@type\":\"ImageObject\",\"inLanguage\":\"fr-FR\",\"@id\":\"https:\/\/dicodusport.fr\/blog\/real-madrid-atletico-madrid-heure-chaine-tv-compositions-et-cotes\/#primaryimage\",\"url\":\"https:\/\/dicodusport.fr\/blog\/wp-content\/uploads\/2025\/03\/Real-Madrid-Atletico-Madrid-Heure-Chaine-TV-Compositions-et-Cotes.png\",\"contentUrl\":\"https:\/\/dicodusport.fr\/blog\/wp-content\/uploads\/2025\/03\/Real-Madrid-Atletico-Madrid-Heure-Chaine-TV-Compositions-et-Cotes.png\",\"width\":1200,\"height\":674},{\"@type\":\"BreadcrumbList\",\"@id\":\"https:\/\/dicodusport.fr\/blog\/real-madrid-atletico-madrid-heure-chaine-tv-compositions-et-cotes\/#breadcrumb\",\"itemListElement\":[{\"@type\":\"ListItem\",\"position\":1,\"name\":\"Accueil\",\"item\":\"https:\/\/dicodusport.fr\/blog\/\"},{\"@type\":\"ListItem\",\"position\":2,\"name\":\"Real Madrid Atl\u00e9tico Madrid : Heure, Cha\u00eene TV, Compositions et Cotes\"}]},{\"@type\":\"WebSite\",\"@id\":\"https:\/\/dicodusport.fr\/blog\/#website\",\"url\":\"https:\/\/dicodusport.fr\/blog\/\",\"name\":\"Dicodusport\",\"description\":\"L&#039;encyclop\u00e9die de l&#039;actualit\u00e9 sportive\",\"publisher\":{\"@id\":\"https:\/\/dicodusport.fr\/blog\/#organization\"},\"potentialAction\":[{\"@type\":\"SearchAction\",\"target\":{\"@type\":\"EntryPoint\",\"urlTemplate\":\"https:\/\/dicodusport.fr\/blog\/?s={search_term_string}\"},\"query-input\":{\"@type\":\"PropertyValueSpecification\",\"valueRequired\":true,\"valueName\":\"search_term_string\"}}],\"inLanguage\":\"fr-FR\"},{\"@type\":\"NewsMediaOrganization\",\"@id\":\"https:\/\/dicodusport.fr\/blog\/#organization\",\"name\":\"Dicodusport\",\"url\":\"https:\/\/dicodusport.fr\/blog\/\",\"logo\":{\"@type\":\"ImageObject\",\"inLanguage\":\"fr-FR\",\"@id\":\"https:\/\/dicodusport.fr\/blog\/#\/schema\/logo\/image\/\",\"url\":\"https:\/\/dicodusport.fr\/blog\/wp-content\/uploads\/2020\/06\/cropped-LOGO-DICODUSPORT-2020-SANS-FOND-SANS-TEXTE.png\",\"contentUrl\":\"https:\/\/dicodusport.fr\/blog\/wp-content\/uploads\/2020\/06\/cropped-LOGO-DICODUSPORT-2020-SANS-FOND-SANS-TEXTE.png\",\"width\":512,\"height\":512,\"caption\":\"Dicodusport\"},\"image\":{\"@id\":\"https:\/\/dicodusport.fr\/blog\/#\/schema\/logo\/image\/\"},\"sameAs\":[\"https:\/\/www.facebook.com\/dicodusport\",\"https:\/\/x.com\/dicodusport\",\"https:\/\/www.instagram.com\/dicodusport\/\",\"https:\/\/www.youtube.com\/channel\/UC7V2KZ5sd3htJivAbA4ZG3w\"],\"description\":\"Dicodusport est l'encyclop\u00e9die de l'actualit\u00e9 sportive.\",\"email\":\"bonjour@dicodusport.fr\",\"legalName\":\"DICODUSPORT\",\"foundingDate\":\"2018-01-14\",\"vatID\":\"FR71834470973\",\"taxID\":\"83447097300043\",\"numberOfEmployees\":{\"@type\":\"QuantitativeValue\",\"minValue\":\"1\",\"maxValue\":\"10\"}},{\"@type\":\"Person\",\"@id\":\"https:\/\/dicodusport.fr\/blog\/#\/schema\/person\/55dcb50ad410894e431ed812bbb70191\",\"name\":\"Nicolas Jacquemard\",\"image\":{\"@type\":\"ImageObject\",\"inLanguage\":\"fr-FR\",\"@id\":\"https:\/\/dicodusport.fr\/blog\/#\/schema\/person\/image\/\",\"url\":\"https:\/\/dicodusport.fr\/blog\/wp-content\/uploads\/2021\/05\/Nicolas-Jacquemard-150x150.jpeg\",\"contentUrl\":\"https:\/\/dicodusport.fr\/blog\/wp-content\/uploads\/2021\/05\/Nicolas-Jacquemard-150x150.jpeg\",\"caption\":\"Nicolas Jacquemard\"},\"description\":\"Passionn\u00e9 de sport et entrepreneur depuis mes 18 ans, la cr\u00e9ation de Dicodusport m'a sembl\u00e9 \u00e9vidente pour participer \u00e0 la m\u00e9diatisation d'un plus grand nombre de sports. Le chemin est long mais avec une \u00e9quipe des plus motiv\u00e9es et les Jeux Olympiques de Paris 2024 en point de mire, nous y arriverons ! Journaliste dans le monde du sport depuis plus de 5 ans, je traite aussi bien de football, de rugby, de biathlon que de cyclisme.\",\"sameAs\":[\"https:\/\/www.facebook.com\/dicodusport\",\"https:\/\/x.com\/https:\/\/twitter.com\/Nico_Jacquemard\"],\"url\":\"https:\/\/dicodusport.fr\/blog\/author\/dicodusport\/\"}]}<\/script>\n<!-- \/ Yoast SEO Premium plugin. -->","yoast_head_json":{"title":"Real Madrid Atl\u00e9tico Madrid : Heure, Cha\u00eene TV, Compositions et Cotes","description":"LIGUE DES CHAMPIONS - \u00c0 quelle heure et sur quelle cha\u00eene TV suivre le match de Ligue des Champions entre le Real Madrid et l'Atl\u00e9tico Madrid ? Retrouvez \u00e9galement les compositions des deux \u00e9quipes.","robots":{"index":"index","follow":"follow","max-snippet":"max-snippet:-1","max-image-preview":"max-image-preview:large","max-video-preview":"max-video-preview:-1"},"canonical":"https:\/\/dicodusport.fr\/blog\/real-madrid-atletico-madrid-heure-chaine-tv-compositions-et-cotes\/","og_locale":"fr_FR","og_type":"article","og_title":"Real Madrid Atl\u00e9tico Madrid : Heure, Cha\u00eene TV, Compositions et Cotes","og_description":"LIGUE DES CHAMPIONS - \u00c0 quelle heure et sur quelle cha\u00eene TV suivre le match de Ligue des Champions entre le Real Madrid et l'Atl\u00e9tico Madrid ? Retrouvez \u00e9galement les compositions des deux \u00e9quipes.","og_url":"https:\/\/dicodusport.fr\/blog\/real-madrid-atletico-madrid-heure-chaine-tv-compositions-et-cotes\/","og_site_name":"Dicodusport","article_publisher":"https:\/\/www.facebook.com\/dicodusport","article_author":"https:\/\/www.facebook.com\/dicodusport","article_published_time":"2025-03-04T11:39:17+00:00","article_modified_time":"2025-09-16T06:51:45+00:00","og_image":[{"width":1200,"height":674,"url":"https:\/\/dicodusport.fr\/blog\/wp-content\/uploads\/2025\/03\/Real-Madrid-Atletico-Madrid-Heure-Chaine-TV-Compositions-et-Cotes.png","type":"image\/png"}],"author":"Nicolas Jacquemard","twitter_card":"summary_large_image","twitter_title":"Real Madrid Atl\u00e9tico Madrid : Heure, Cha\u00eene TV, Compositions et Cotes","twitter_creator":"@https:\/\/twitter.com\/Nico_Jacquemard","twitter_site":"@dicodusport","schema":{"@context":"https:\/\/schema.org","@graph":[{"@type":"NewsArticle","@id":"https:\/\/dicodusport.fr\/blog\/real-madrid-atletico-madrid-heure-chaine-tv-compositions-et-cotes\/#article","isPartOf":{"@id":"https:\/\/dicodusport.fr\/blog\/real-madrid-atletico-madrid-heure-chaine-tv-compositions-et-cotes\/"},"author":{"name":"Nicolas Jacquemard","@id":"https:\/\/dicodusport.fr\/blog\/#\/schema\/person\/55dcb50ad410894e431ed812bbb70191"},"headline":"Real Madrid Atl\u00e9tico Madrid : Heure, Cha\u00eene TV, Compositions et Cotes","datePublished":"2025-03-04T11:39:17+00:00","dateModified":"2025-09-16T06:51:45+00:00","mainEntityOfPage":{"@id":"https:\/\/dicodusport.fr\/blog\/real-madrid-atletico-madrid-heure-chaine-tv-compositions-et-cotes\/"},"wordCount":419,"commentCount":0,"publisher":{"@id":"https:\/\/dicodusport.fr\/blog\/#organization"},"image":{"@id":"https:\/\/dicodusport.fr\/blog\/real-madrid-atletico-madrid-heure-chaine-tv-compositions-et-cotes\/#primaryimage"},"thumbnailUrl":"https:\/\/dicodusport.fr\/blog\/wp-content\/uploads\/2025\/03\/Real-Madrid-Atletico-Madrid-Heure-Chaine-TV-Compositions-et-Cotes.png","keywords":["Atl\u00e9tico madrid","br\u00e8ve","Cha\u00eene","Football","Horaire","Ligue des champions","Programme TV","Real Madrid"],"articleSection":["Ligue des Champions de football"],"inLanguage":"fr-FR","potentialAction":[{"@type":"CommentAction","name":"Comment","target":["https:\/\/dicodusport.fr\/blog\/real-madrid-atletico-madrid-heure-chaine-tv-compositions-et-cotes\/#respond"]}],"copyrightYear":"2025","copyrightHolder":{"@id":"https:\/\/dicodusport.fr\/blog\/#organization"}},{"@type":"WebPage","@id":"https:\/\/dicodusport.fr\/blog\/real-madrid-atletico-madrid-heure-chaine-tv-compositions-et-cotes\/","url":"https:\/\/dicodusport.fr\/blog\/real-madrid-atletico-madrid-heure-chaine-tv-compositions-et-cotes\/","name":"Real Madrid Atl\u00e9tico Madrid : Heure, Cha\u00eene TV, Compositions et Cotes","isPartOf":{"@id":"https:\/\/dicodusport.fr\/blog\/#website"},"primaryImageOfPage":{"@id":"https:\/\/dicodusport.fr\/blog\/real-madrid-atletico-madrid-heure-chaine-tv-compositions-et-cotes\/#primaryimage"},"image":{"@id":"https:\/\/dicodusport.fr\/blog\/real-madrid-atletico-madrid-heure-chaine-tv-compositions-et-cotes\/#primaryimage"},"thumbnailUrl":"https:\/\/dicodusport.fr\/blog\/wp-content\/uploads\/2025\/03\/Real-Madrid-Atletico-Madrid-Heure-Chaine-TV-Compositions-et-Cotes.png","datePublished":"2025-03-04T11:39:17+00:00","dateModified":"2025-09-16T06:51:45+00:00","description":"LIGUE DES CHAMPIONS - \u00c0 quelle heure et sur quelle cha\u00eene TV suivre le match de Ligue des Champions entre le Real Madrid et l'Atl\u00e9tico Madrid ? Retrouvez \u00e9galement les compositions des deux \u00e9quipes.","breadcrumb":{"@id":"https:\/\/dicodusport.fr\/blog\/real-madrid-atletico-madrid-heure-chaine-tv-compositions-et-cotes\/#breadcrumb"},"inLanguage":"fr-FR","potentialAction":[{"@type":"ReadAction","target":["https:\/\/dicodusport.fr\/blog\/real-madrid-atletico-madrid-heure-chaine-tv-compositions-et-cotes\/"]}]},{"@type":"ImageObject","inLanguage":"fr-FR","@id":"https:\/\/dicodusport.fr\/blog\/real-madrid-atletico-madrid-heure-chaine-tv-compositions-et-cotes\/#primaryimage","url":"https:\/\/dicodusport.fr\/blog\/wp-content\/uploads\/2025\/03\/Real-Madrid-Atletico-Madrid-Heure-Chaine-TV-Compositions-et-Cotes.png","contentUrl":"https:\/\/dicodusport.fr\/blog\/wp-content\/uploads\/2025\/03\/Real-Madrid-Atletico-Madrid-Heure-Chaine-TV-Compositions-et-Cotes.png","width":1200,"height":674},{"@type":"BreadcrumbList","@id":"https:\/\/dicodusport.fr\/blog\/real-madrid-atletico-madrid-heure-chaine-tv-compositions-et-cotes\/#breadcrumb","itemListElement":[{"@type":"ListItem","position":1,"name":"Accueil","item":"https:\/\/dicodusport.fr\/blog\/"},{"@type":"ListItem","position":2,"name":"Real Madrid Atl\u00e9tico Madrid : Heure, Cha\u00eene TV, Compositions et Cotes"}]},{"@type":"WebSite","@id":"https:\/\/dicodusport.fr\/blog\/#website","url":"https:\/\/dicodusport.fr\/blog\/","name":"Dicodusport","description":"L&#039;encyclop\u00e9die de l&#039;actualit\u00e9 sportive","publisher":{"@id":"https:\/\/dicodusport.fr\/blog\/#organization"},"potentialAction":[{"@type":"SearchAction","target":{"@type":"EntryPoint","urlTemplate":"https:\/\/dicodusport.fr\/blog\/?s={search_term_string}"},"query-input":{"@type":"PropertyValueSpecification","valueRequired":true,"valueName":"search_term_string"}}],"inLanguage":"fr-FR"},{"@type":"NewsMediaOrganization","@id":"https:\/\/dicodusport.fr\/blog\/#organization","name":"Dicodusport","url":"https:\/\/dicodusport.fr\/blog\/","logo":{"@type":"ImageObject","inLanguage":"fr-FR","@id":"https:\/\/dicodusport.fr\/blog\/#\/schema\/logo\/image\/","url":"https:\/\/dicodusport.fr\/blog\/wp-content\/uploads\/2020\/06\/cropped-LOGO-DICODUSPORT-2020-SANS-FOND-SANS-TEXTE.png","contentUrl":"https:\/\/dicodusport.fr\/blog\/wp-content\/uploads\/2020\/06\/cropped-LOGO-DICODUSPORT-2020-SANS-FOND-SANS-TEXTE.png","width":512,"height":512,"caption":"Dicodusport"},"image":{"@id":"https:\/\/dicodusport.fr\/blog\/#\/schema\/logo\/image\/"},"sameAs":["https:\/\/www.facebook.com\/dicodusport","https:\/\/x.com\/dicodusport","https:\/\/www.instagram.com\/dicodusport\/","https:\/\/www.youtube.com\/channel\/UC7V2KZ5sd3htJivAbA4ZG3w"],"description":"Dicodusport est l'encyclop\u00e9die de l'actualit\u00e9 sportive.","email":"bonjour@dicodusport.fr","legalName":"DICODUSPORT","foundingDate":"2018-01-14","vatID":"FR71834470973","taxID":"83447097300043","numberOfEmployees":{"@type":"QuantitativeValue","minValue":"1","maxValue":"10"}},{"@type":"Person","@id":"https:\/\/dicodusport.fr\/blog\/#\/schema\/person\/55dcb50ad410894e431ed812bbb70191","name":"Nicolas Jacquemard","image":{"@type":"ImageObject","inLanguage":"fr-FR","@id":"https:\/\/dicodusport.fr\/blog\/#\/schema\/person\/image\/","url":"https:\/\/dicodusport.fr\/blog\/wp-content\/uploads\/2021\/05\/Nicolas-Jacquemard-150x150.jpeg","contentUrl":"https:\/\/dicodusport.fr\/blog\/wp-content\/uploads\/2021\/05\/Nicolas-Jacquemard-150x150.jpeg","caption":"Nicolas Jacquemard"},"description":"Passionn\u00e9 de sport et entrepreneur depuis mes 18 ans, la cr\u00e9ation de Dicodusport m'a sembl\u00e9 \u00e9vidente pour participer \u00e0 la m\u00e9diatisation d'un plus grand nombre de sports. Le chemin est long mais avec une \u00e9quipe des plus motiv\u00e9es et les Jeux Olympiques de Paris 2024 en point de mire, nous y arriverons ! Journaliste dans le monde du sport depuis plus de 5 ans, je traite aussi bien de football, de rugby, de biathlon que de cyclisme.","sameAs":["https:\/\/www.facebook.com\/dicodusport","https:\/\/x.com\/https:\/\/twitter.com\/Nico_Jacquemard"],"url":"https:\/\/dicodusport.fr\/blog\/author\/dicodusport\/"}]}},"_links":{"self":[{"href":"https:\/\/dicodusport.fr\/blog\/wp-json\/wp\/v2\/posts\/561094","targetHints":{"allow":["GET"]}}],"collection":[{"href":"https:\/\/dicodusport.fr\/blog\/wp-json\/wp\/v2\/posts"}],"about":[{"href":"https:\/\/dicodusport.fr\/blog\/wp-json\/wp\/v2\/types\/post"}],"author":[{"embeddable":true,"href":"https:\/\/dicodusport.fr\/blog\/wp-json\/wp\/v2\/users\/1"}],"replies":[{"embeddable":true,"href":"https:\/\/dicodusport.fr\/blog\/wp-json\/wp\/v2\/comments?post=561094"}],"version-history":[{"count":2,"href":"https:\/\/dicodusport.fr\/blog\/wp-json\/wp\/v2\/posts\/561094\/revisions"}],"predecessor-version":[{"id":561104,"href":"https:\/\/dicodusport.fr\/blog\/wp-json\/wp\/v2\/posts\/561094\/revisions\/561104"}],"wp:featuredmedia":[{"embeddable":true,"href":"https:\/\/dicodusport.fr\/blog\/wp-json\/wp\/v2\/media\/561095"}],"wp:attachment":[{"href":"https:\/\/dicodusport.fr\/blog\/wp-json\/wp\/v2\/media?parent=561094"}],"wp:term":[{"taxonomy":"category","embeddable":true,"href":"https:\/\/dicodusport.fr\/blog\/wp-json\/wp\/v2\/categories?post=561094"},{"taxonomy":"post_tag","embeddable":true,"href":"https:\/\/dicodusport.fr\/blog\/wp-json\/wp\/v2\/tags?post=561094"}],"curies":[{"name":"wp","href":"https:\/\/api.w.org\/{rel}","templated":true}]}}