{"id":561136,"date":"2025-03-06T19:33:20","date_gmt":"2025-03-06T18:33:20","guid":{"rendered":"https:\/\/dicodusport.fr\/blog\/?p=561136&#038;preview=true&#038;preview_id=561136"},"modified":"2025-07-09T18:33:44","modified_gmt":"2025-07-09T16:33:44","slug":"sprint-hommes-nove-mesto-2025-emilien-jacquelin-renoue-avec-la-victoire","status":"publish","type":"post","link":"https:\/\/dicodusport.fr\/blog\/sprint-hommes-nove-mesto-2025-emilien-jacquelin-renoue-avec-la-victoire\/","title":{"rendered":"Sprint hommes Nove Mesto 2025 : \u00c9milien Jacquelin renoue avec la victoire !"},"content":{"rendered":"<h4 style=\"text-align: justify;\"><em>COUPE DU MONDE DE BIATHLON 2024\/2025 &#8211; Apr\u00e8s des Mondiaux rat\u00e9s, \u00c9milien Jacquelin s&rsquo;est retrouv\u00e9 et s&rsquo;offre la victoire sur le sprint de Nove Mesto (R\u00e9publique Tch\u00e8que), avec le 10\/10. Tommaso Giacomel (9\/10) et Johannes Boe (8\/10) compl\u00e8tent le podium.\u00a0<\/em><\/h4>\n<ul style=\"text-align: justify;\">\n<li style=\"text-align: justify;\"><strong>\u00c0 ce sujet &#8211; <a href=\"https:\/\/dicodusport.fr\/blog\/biathlon-nove-mesto-2025-programme-complet-et-horaires\/\">Biathlon Nove Mesto 2025 \u2013 Programme complet et horaires<\/a><\/strong><\/li>\n<\/ul>\n<p style=\"text-align: justify;\">La Coupe du monde est de retour, du c\u00f4t\u00e9 de <strong>Nove Mesto<\/strong>. Et malheureusement, les conditions m\u00e9t\u00e9orologiques viennent d\u00e9j\u00e0 jouer des tours aux organisateurs. Les temp\u00e9ratures bien trop chaudes ont conduit les organisateurs \u00e0 changer l\u2019ordre de d\u00e9part de ce sprint nocturne, et par cons\u00e9quent, les meilleurs du classement ont h\u00e9rit\u00e9 de petits dossards, contrairement \u00e0 ce qui \u00e9tait pr\u00e9vu.<\/p>\n<ul>\n<li style=\"text-align: justify;\"><strong>\u00c0 ce sujet &#8211;\u00a0<a href=\"https:\/\/dicodusport.fr\/blog\/biathlon-nove-mesto-2025-tous-les-resultats-et-classements\/\">Biathlon Nove Mesto 2025 : Tous les R\u00e9sultats et Classements<\/a><\/strong><\/li>\n<\/ul>\n<h2 style=\"text-align: justify;\">Jacquelin part bien, pas Johannes Boe<\/h2>\n<p style=\"text-align: justify;\">Ainsi, <strong>\u00c9ric Perrot<\/strong> s\u2019est \u00e9lanc\u00e9 avec le dossard 1, <strong>Sturla Laegreid<\/strong> avec le 7, <strong>Quentin Fillon Maillet<\/strong> avec le 13 ou <strong>Johannes Boe<\/strong> avec le 17.<\/p>\n<p style=\"text-align: justify;\"><a href=\"https:\/\/dicodusport.fr\/blog\/biathlon-championnats-du-monde-eric-perrot-en-or-sur-lindividuel-quentin-fillon-maillet-en-bronze\/\"><strong>Le nouveau champion du monde de l\u2019individuel<\/strong><\/a> part une fois \u00e0 la faute sur son tir couch\u00e9, alors que les conditions semblent parfaites et sans le moindre vent. En revanche, pour le leader du classement g\u00e9n\u00e9ral, <strong>Laegreid<\/strong>, c\u2019est le sans-faute. <strong>\u00c9milien Jacquelin<\/strong> est le premier tricolore \u00e0 r\u00e9ussir le 5\/5, tandis que <strong>Johannes Boe<\/strong> rate deux balles d\u2019entr\u00e9e.<\/p>\n<ul>\n<li style=\"text-align: justify;\"><strong>\u00c0 ce sujet &#8211;\u00a0<a href=\"https:\/\/dicodusport.fr\/blog\/resultats-et-classement-sprint-hommes-nove-mesto-2025\/\">R\u00e9sultats et Classement Sprint hommes Nove Mesto 2025<\/a><\/strong><\/li>\n<\/ul>\n<p style=\"text-align: justify;\"><strong>Perrot<\/strong> se reprend sur le tir debout, ressort avec le 9\/10 et devra esp\u00e9rer des erreurs de ses adversaires pour viser le podium. Et des erreurs, il y en a avec <strong>Sturla Laegreid<\/strong> qui ne r\u00e9alise que le 8\/10. M\u00eame score pour <strong>Sebastian Samuelsson<\/strong>, et <strong>Quentin Fillon Maillet<\/strong>.<\/p>\n<h2 style=\"text-align: justify;\">\u00c9milien Jacquelin retrouve la victoire<\/h2>\n<p style=\"text-align: justify;\">Et c\u2019est <strong>\u00c9milien Jacquelin<\/strong> qui surprend tout le monde avec le score parfait derri\u00e8re la carabine. Les jambes semblent aussi bien fonctionner.<\/p>\n<blockquote class=\"twitter-tweet\">\n<p dir=\"ltr\" lang=\"fr\">\ud83d\udcaf \u00c9milien Jacquelin fait un 10\/10 !<br \/>\nPeut-\u00eatre la victoire au bout pour le Fran\u00e7ais, bien t\u00eate apr\u00e8s le deuxi\u00e8me tir ?<\/p>\n<p>Suivez la course en direct sur la chaine L&rsquo;\u00c9quipe <a href=\"https:\/\/twitter.com\/hashtag\/lequipeBIATHLON?src=hash&amp;ref_src=twsrc%5Etfw\">#lequipeBIATHLON<\/a> <a href=\"https:\/\/t.co\/LQVqb9sutv\">pic.twitter.com\/LQVqb9sutv<\/a><\/p>\n<p>\u2014 la chaine L&rsquo;\u00c9quipe (@lachainelequipe) <a href=\"https:\/\/twitter.com\/lachainelequipe\/status\/1897710116104708322?ref_src=twsrc%5Etfw\">March 6, 2025<\/a><\/p><\/blockquote>\n<p><script async src=\"https:\/\/platform.twitter.com\/widgets.js\" charset=\"utf-8\"><\/script><\/p>\n<p style=\"text-align: justify;\"><strong>Johannes Boe<\/strong>, r\u00e9alise un tir debout supersonique et se place dans la lutte au podium, mais trop loin pour la gagne. Mais un autre Norv\u00e9gien s\u2019ajoute \u00e0 cette lutte, c\u2019est <strong>Endre Stroemsheim<\/strong>, qui avec le 9\/10, ressort \u00e0 17s de Jacquelin.<\/p>\n<ul>\n<li><strong>\u00c0 ce sujet &#8211; <\/strong><a href=\"https:\/\/dicodusport.fr\/blog\/biathlon-classement-petit-globe-sprint-hommes-coupe-du-monde-2024-2025\/\"><strong>Biathlon &#8211; Classement Petit globe sprint hommes Coupe du monde 2024-2025<\/strong><\/a><\/li>\n<\/ul>\n<p style=\"text-align: justify;\">La victoire est pour <strong>\u00c9milien Jacquelin<\/strong>, mais le podium se joue \u00e0 rien. C\u2019est <strong>Johannes Boe<\/strong> qui vient prendre la seconde place provisoire. Le cadet des fr\u00e8res <strong>Boe<\/strong> va reprendre des points pr\u00e9cieux sur <strong>Laegreid<\/strong> au classement g\u00e9n\u00e9ral. Mais il ne terminera pas deuxi\u00e8me, car l\u2019Italien <strong>Tommaso Giacomel<\/strong> vient le faire reculer. Il emp\u00eache le double podium des Tricolores puisque<strong> \u00c9ric Perrot<\/strong> glisse au pied du podium.<\/p>\n<ul>\n<li style=\"text-align: justify;\"><strong>\u00c0 ce sujet &#8211; <\/strong><a href=\"https:\/\/dicodusport.fr\/blog\/biathlon-classement-general-hommes-coupe-du-monde-2024-2025\/\"><strong>Biathlon &#8211; Classement g\u00e9n\u00e9ral hommes Coupe du monde 2024-2025<\/strong><\/a><\/li>\n<\/ul>\n<blockquote class=\"twitter-tweet\">\n<p dir=\"ltr\" lang=\"fr\">\ud83c\udfc6 \u00c9milien Jacquelin est le vainqueur du sprint \u00e0 Nove Mesto !<\/p>\n<p>\ud83d\udcac \u00ab Je suis tr\u00e8s content d&rsquo;avoir fait une course concentr\u00e9 de A \u00e0 Z. \u00bb <a href=\"https:\/\/twitter.com\/hashtag\/lequipeBIATHLON?src=hash&amp;ref_src=twsrc%5Etfw\">#lequipeBIATHLON<\/a> <a href=\"https:\/\/t.co\/XL1hGJweBI\">pic.twitter.com\/XL1hGJweBI<\/a><\/p>\n<p>\u2014 la chaine L&rsquo;\u00c9quipe (@lachainelequipe) <a href=\"https:\/\/twitter.com\/lachainelequipe\/status\/1897718257269797282?ref_src=twsrc%5Etfw\">March 6, 2025<\/a><\/p><\/blockquote>\n<p><script async src=\"https:\/\/platform.twitter.com\/widgets.js\" charset=\"utf-8\"><\/script><\/p>\n<p style=\"text-align: justify;\">Apr\u00e8s des Mondiaux rat\u00e9s, c\u2019est un superbe retour pour <strong>Jacquelin<\/strong>. Il s\u2019offre un 2\u00e8me succ\u00e8s individuel cette saison apr\u00e8s le sprint de <strong>Kontiolahti<\/strong> (Finlande).<\/p>\n<h2 style=\"text-align: justify;\">Les r\u00e9sultats complets des Bleus<\/h2>\n<p style=\"text-align: justify;\"><strong>\u00c9ric Perrot<\/strong> termine 4\u00e8me, <strong>Quentin Fillon Maillet<\/strong> 7\u00e8me, juste devant <strong>\u00c9milien Claude<\/strong> 8\u00e8me. <strong>Oscar Lombardot<\/strong> est 18\u00e8me et <strong>Fabien Claude<\/strong> 20\u00e8me.<\/p>\n<ul>\n<li style=\"text-align: justify;\"><strong>\u00c0 ce sujet &#8211; <a href=\"https:\/\/dicodusport.fr\/blog\/biathlon-coupe-du-monde-2024-2025-le-calendrier-complet\/\">Coupe du monde Biathlon 2024-2025 \u2013 Le calendrier complet<\/a><\/strong><\/li>\n<\/ul>\n","protected":false},"excerpt":{"rendered":"<p>\u00c9milien Jacquelin remporte le sprint. <\/p>\n","protected":false},"author":89,"featured_media":561752,"comment_status":"open","ping_status":"closed","sticky":false,"template":"","format":"standard","meta":{"_acf_changed":false,"_daextam_enable_autolinks":"1","footnotes":""},"categories":[2426,47040],"tags":[2427,16878,2692,6928,24,6848],"class_list":["post-561136","post","type-post","status-publish","format-standard","has-post-thumbnail","hentry","category-biathlon","category-coupe-du-monde-de-biathlon","tag-biathlon","tag-breve","tag-emilien-jacquelin","tag-nove-mesto","tag-sport","tag-sprint-hommes"],"acf":[],"yoast_head":"<!-- This site is optimized with the Yoast SEO Premium plugin v26.7 (Yoast SEO v26.7) - https:\/\/yoast.com\/wordpress\/plugins\/seo\/ -->\n<title>Sprint hommes Nove Mesto 2025 : \u00c9milien Jacquelin renoue avec la victoire !<\/title>\n<meta name=\"description\" content=\"Apr\u00e8s des Mondiaux rat\u00e9s, \u00c9milien Jacquelin s&#039;offre la victoire sur le sprint de Nove Mesto (R\u00e9publique Tch\u00e8que), avec le 10\/10.\" \/>\n<meta name=\"robots\" content=\"index, follow, max-snippet:-1, max-image-preview:large, max-video-preview:-1\" \/>\n<link rel=\"canonical\" href=\"https:\/\/dicodusport.fr\/blog\/sprint-hommes-nove-mesto-2025-emilien-jacquelin-renoue-avec-la-victoire\/\" \/>\n<meta property=\"og:locale\" content=\"fr_FR\" \/>\n<meta property=\"og:type\" content=\"article\" \/>\n<meta property=\"og:title\" content=\"Sprint hommes Nove Mesto 2025 : \u00c9milien Jacquelin renoue avec la victoire !\" \/>\n<meta property=\"og:description\" content=\"Apr\u00e8s des Mondiaux rat\u00e9s, \u00c9milien Jacquelin s&#039;offre la victoire sur le sprint de Nove Mesto (R\u00e9publique Tch\u00e8que), avec le 10\/10.\" \/>\n<meta property=\"og:url\" content=\"https:\/\/dicodusport.fr\/blog\/sprint-hommes-nove-mesto-2025-emilien-jacquelin-renoue-avec-la-victoire\/\" \/>\n<meta property=\"og:site_name\" content=\"Dicodusport\" \/>\n<meta property=\"article:publisher\" content=\"https:\/\/www.facebook.com\/dicodusport\" \/>\n<meta property=\"article:published_time\" content=\"2025-03-06T18:33:20+00:00\" \/>\n<meta property=\"article:modified_time\" content=\"2025-07-09T16:33:44+00:00\" \/>\n<meta property=\"og:image\" content=\"https:\/\/dicodusport.fr\/blog\/wp-content\/uploads\/2025\/03\/Sprint-hommes-Nove-Mesto-2025-Emilien-Jacquelin-renoue-avec-la-victoire-1-1.png\" \/>\n\t<meta property=\"og:image:width\" content=\"1200\" \/>\n\t<meta property=\"og:image:height\" content=\"674\" \/>\n\t<meta property=\"og:image:type\" content=\"image\/png\" \/>\n<meta name=\"author\" content=\"Louka Lesueur\" \/>\n<meta name=\"twitter:card\" content=\"summary_large_image\" \/>\n<meta name=\"twitter:title\" content=\"Sprint hommes Nove Mesto 2025 : \u00c9milien Jacquelin renoue avec la victoire !\" \/>\n<meta name=\"twitter:creator\" content=\"@https:\/\/twitter.com\/LNewsSF\" \/>\n<meta name=\"twitter:site\" content=\"@dicodusport\" \/>\n<script type=\"application\/ld+json\" class=\"yoast-schema-graph\">{\"@context\":\"https:\/\/schema.org\",\"@graph\":[{\"@type\":\"NewsArticle\",\"@id\":\"https:\/\/dicodusport.fr\/blog\/sprint-hommes-nove-mesto-2025-emilien-jacquelin-renoue-avec-la-victoire\/#article\",\"isPartOf\":{\"@id\":\"https:\/\/dicodusport.fr\/blog\/sprint-hommes-nove-mesto-2025-emilien-jacquelin-renoue-avec-la-victoire\/\"},\"author\":{\"name\":\"Louka Lesueur\",\"@id\":\"https:\/\/dicodusport.fr\/blog\/#\/schema\/person\/54b6cdccebdfcd5a1036c594aecffc2a\"},\"headline\":\"Sprint hommes Nove Mesto 2025 : \u00c9milien Jacquelin renoue avec la victoire !\",\"datePublished\":\"2025-03-06T18:33:20+00:00\",\"dateModified\":\"2025-07-09T16:33:44+00:00\",\"mainEntityOfPage\":{\"@id\":\"https:\/\/dicodusport.fr\/blog\/sprint-hommes-nove-mesto-2025-emilien-jacquelin-renoue-avec-la-victoire\/\"},\"wordCount\":615,\"commentCount\":0,\"publisher\":{\"@id\":\"https:\/\/dicodusport.fr\/blog\/#organization\"},\"image\":{\"@id\":\"https:\/\/dicodusport.fr\/blog\/sprint-hommes-nove-mesto-2025-emilien-jacquelin-renoue-avec-la-victoire\/#primaryimage\"},\"thumbnailUrl\":\"https:\/\/dicodusport.fr\/blog\/wp-content\/uploads\/2025\/03\/Sprint-hommes-Nove-Mesto-2025-Emilien-Jacquelin-renoue-avec-la-victoire-1-1.png\",\"keywords\":[\"Biathlon\",\"br\u00e8ve\",\"Emilien Jacquelin\",\"Nove Mesto\",\"sport\",\"Sprint hommes\"],\"articleSection\":[\"Biathlon\",\"Coupe du monde de biathlon\"],\"inLanguage\":\"fr-FR\",\"potentialAction\":[{\"@type\":\"CommentAction\",\"name\":\"Comment\",\"target\":[\"https:\/\/dicodusport.fr\/blog\/sprint-hommes-nove-mesto-2025-emilien-jacquelin-renoue-avec-la-victoire\/#respond\"]}],\"copyrightYear\":\"2025\",\"copyrightHolder\":{\"@id\":\"https:\/\/dicodusport.fr\/blog\/#organization\"}},{\"@type\":\"WebPage\",\"@id\":\"https:\/\/dicodusport.fr\/blog\/sprint-hommes-nove-mesto-2025-emilien-jacquelin-renoue-avec-la-victoire\/\",\"url\":\"https:\/\/dicodusport.fr\/blog\/sprint-hommes-nove-mesto-2025-emilien-jacquelin-renoue-avec-la-victoire\/\",\"name\":\"Sprint hommes Nove Mesto 2025 : \u00c9milien Jacquelin renoue avec la victoire !\",\"isPartOf\":{\"@id\":\"https:\/\/dicodusport.fr\/blog\/#website\"},\"primaryImageOfPage\":{\"@id\":\"https:\/\/dicodusport.fr\/blog\/sprint-hommes-nove-mesto-2025-emilien-jacquelin-renoue-avec-la-victoire\/#primaryimage\"},\"image\":{\"@id\":\"https:\/\/dicodusport.fr\/blog\/sprint-hommes-nove-mesto-2025-emilien-jacquelin-renoue-avec-la-victoire\/#primaryimage\"},\"thumbnailUrl\":\"https:\/\/dicodusport.fr\/blog\/wp-content\/uploads\/2025\/03\/Sprint-hommes-Nove-Mesto-2025-Emilien-Jacquelin-renoue-avec-la-victoire-1-1.png\",\"datePublished\":\"2025-03-06T18:33:20+00:00\",\"dateModified\":\"2025-07-09T16:33:44+00:00\",\"description\":\"Apr\u00e8s des Mondiaux rat\u00e9s, \u00c9milien Jacquelin s'offre la victoire sur le sprint de Nove Mesto (R\u00e9publique Tch\u00e8que), avec le 10\/10.\",\"breadcrumb\":{\"@id\":\"https:\/\/dicodusport.fr\/blog\/sprint-hommes-nove-mesto-2025-emilien-jacquelin-renoue-avec-la-victoire\/#breadcrumb\"},\"inLanguage\":\"fr-FR\",\"potentialAction\":[{\"@type\":\"ReadAction\",\"target\":[\"https:\/\/dicodusport.fr\/blog\/sprint-hommes-nove-mesto-2025-emilien-jacquelin-renoue-avec-la-victoire\/\"]}]},{\"@type\":\"ImageObject\",\"inLanguage\":\"fr-FR\",\"@id\":\"https:\/\/dicodusport.fr\/blog\/sprint-hommes-nove-mesto-2025-emilien-jacquelin-renoue-avec-la-victoire\/#primaryimage\",\"url\":\"https:\/\/dicodusport.fr\/blog\/wp-content\/uploads\/2025\/03\/Sprint-hommes-Nove-Mesto-2025-Emilien-Jacquelin-renoue-avec-la-victoire-1-1.png\",\"contentUrl\":\"https:\/\/dicodusport.fr\/blog\/wp-content\/uploads\/2025\/03\/Sprint-hommes-Nove-Mesto-2025-Emilien-Jacquelin-renoue-avec-la-victoire-1-1.png\",\"width\":1200,\"height\":674,\"caption\":\"Sprint hommes Nove Mesto 2025 \u00c9milien Jacquelin renoue avec la victoire !\"},{\"@type\":\"BreadcrumbList\",\"@id\":\"https:\/\/dicodusport.fr\/blog\/sprint-hommes-nove-mesto-2025-emilien-jacquelin-renoue-avec-la-victoire\/#breadcrumb\",\"itemListElement\":[{\"@type\":\"ListItem\",\"position\":1,\"name\":\"Accueil\",\"item\":\"https:\/\/dicodusport.fr\/blog\/\"},{\"@type\":\"ListItem\",\"position\":2,\"name\":\"Sprint hommes Nove Mesto 2025 : \u00c9milien Jacquelin renoue avec la victoire !\"}]},{\"@type\":\"WebSite\",\"@id\":\"https:\/\/dicodusport.fr\/blog\/#website\",\"url\":\"https:\/\/dicodusport.fr\/blog\/\",\"name\":\"Dicodusport\",\"description\":\"L&#039;encyclop\u00e9die de l&#039;actualit\u00e9 sportive\",\"publisher\":{\"@id\":\"https:\/\/dicodusport.fr\/blog\/#organization\"},\"potentialAction\":[{\"@type\":\"SearchAction\",\"target\":{\"@type\":\"EntryPoint\",\"urlTemplate\":\"https:\/\/dicodusport.fr\/blog\/?s={search_term_string}\"},\"query-input\":{\"@type\":\"PropertyValueSpecification\",\"valueRequired\":true,\"valueName\":\"search_term_string\"}}],\"inLanguage\":\"fr-FR\"},{\"@type\":\"NewsMediaOrganization\",\"@id\":\"https:\/\/dicodusport.fr\/blog\/#organization\",\"name\":\"Dicodusport\",\"url\":\"https:\/\/dicodusport.fr\/blog\/\",\"logo\":{\"@type\":\"ImageObject\",\"inLanguage\":\"fr-FR\",\"@id\":\"https:\/\/dicodusport.fr\/blog\/#\/schema\/logo\/image\/\",\"url\":\"https:\/\/dicodusport.fr\/blog\/wp-content\/uploads\/2020\/06\/cropped-LOGO-DICODUSPORT-2020-SANS-FOND-SANS-TEXTE.png\",\"contentUrl\":\"https:\/\/dicodusport.fr\/blog\/wp-content\/uploads\/2020\/06\/cropped-LOGO-DICODUSPORT-2020-SANS-FOND-SANS-TEXTE.png\",\"width\":512,\"height\":512,\"caption\":\"Dicodusport\"},\"image\":{\"@id\":\"https:\/\/dicodusport.fr\/blog\/#\/schema\/logo\/image\/\"},\"sameAs\":[\"https:\/\/www.facebook.com\/dicodusport\",\"https:\/\/x.com\/dicodusport\",\"https:\/\/www.instagram.com\/dicodusport\/\",\"https:\/\/www.youtube.com\/channel\/UC7V2KZ5sd3htJivAbA4ZG3w\"],\"description\":\"Dicodusport est l'encyclop\u00e9die de l'actualit\u00e9 sportive.\",\"email\":\"bonjour@dicodusport.fr\",\"legalName\":\"DICODUSPORT\",\"foundingDate\":\"2018-01-14\",\"vatID\":\"FR71834470973\",\"taxID\":\"83447097300043\",\"numberOfEmployees\":{\"@type\":\"QuantitativeValue\",\"minValue\":\"1\",\"maxValue\":\"10\"}},{\"@type\":\"Person\",\"@id\":\"https:\/\/dicodusport.fr\/blog\/#\/schema\/person\/54b6cdccebdfcd5a1036c594aecffc2a\",\"name\":\"Louka Lesueur\",\"image\":{\"@type\":\"ImageObject\",\"inLanguage\":\"fr-FR\",\"@id\":\"https:\/\/dicodusport.fr\/blog\/#\/schema\/person\/image\/\",\"url\":\"https:\/\/dicodusport.fr\/blog\/wp-content\/uploads\/2023\/09\/IMG_2783-150x150.jpeg\",\"contentUrl\":\"https:\/\/dicodusport.fr\/blog\/wp-content\/uploads\/2023\/09\/IMG_2783-150x150.jpeg\",\"caption\":\"Louka Lesueur\"},\"description\":\"Passionn\u00e9 depuis tout petit par les exploits de Bolt, Fourcade, Riner, Lavillenie, Wilkinson, Hirscher. Les \u00e9motions provoqu\u00e9es par le sport ont berc\u00e9 mon enfance et continuent de le faire aujourd'hui. C'est ainsi qu'il m'est arriv\u00e9 de pleurer devant la d\u00e9faite des Bleus face aux Blacks en 2011, ou encore devant le titre olympique de Florent Manaudou \u00e0 Londres. Bien loin de ce milieu professionnel, j'ai os\u00e9 tenter ma chance pour rejoindre l'\u00e9quipe de r\u00e9daction de Dicodusport, et depuis septembre 2023, je tente de retransmettre au mieux les exploits des athl\u00e8tes, tous sports confondus. Grand chauvin, c'est bel et bien sur les sportifs tricolores que je pr\u00e9f\u00e8re \u00e9crire.\",\"sameAs\":[\"https:\/\/x.com\/https:\/\/twitter.com\/LNewsSF\"],\"gender\":\"Homme\",\"worksFor\":\"Louka LESUEUR\",\"url\":\"https:\/\/dicodusport.fr\/blog\/author\/louka-lesueur\/\"}]}<\/script>\n<!-- \/ Yoast SEO Premium plugin. -->","yoast_head_json":{"title":"Sprint hommes Nove Mesto 2025 : \u00c9milien Jacquelin renoue avec la victoire !","description":"Apr\u00e8s des Mondiaux rat\u00e9s, \u00c9milien Jacquelin s'offre la victoire sur le sprint de Nove Mesto (R\u00e9publique Tch\u00e8que), avec le 10\/10.","robots":{"index":"index","follow":"follow","max-snippet":"max-snippet:-1","max-image-preview":"max-image-preview:large","max-video-preview":"max-video-preview:-1"},"canonical":"https:\/\/dicodusport.fr\/blog\/sprint-hommes-nove-mesto-2025-emilien-jacquelin-renoue-avec-la-victoire\/","og_locale":"fr_FR","og_type":"article","og_title":"Sprint hommes Nove Mesto 2025 : \u00c9milien Jacquelin renoue avec la victoire !","og_description":"Apr\u00e8s des Mondiaux rat\u00e9s, \u00c9milien Jacquelin s'offre la victoire sur le sprint de Nove Mesto (R\u00e9publique Tch\u00e8que), avec le 10\/10.","og_url":"https:\/\/dicodusport.fr\/blog\/sprint-hommes-nove-mesto-2025-emilien-jacquelin-renoue-avec-la-victoire\/","og_site_name":"Dicodusport","article_publisher":"https:\/\/www.facebook.com\/dicodusport","article_published_time":"2025-03-06T18:33:20+00:00","article_modified_time":"2025-07-09T16:33:44+00:00","og_image":[{"width":1200,"height":674,"url":"https:\/\/dicodusport.fr\/blog\/wp-content\/uploads\/2025\/03\/Sprint-hommes-Nove-Mesto-2025-Emilien-Jacquelin-renoue-avec-la-victoire-1-1.png","type":"image\/png"}],"author":"Louka Lesueur","twitter_card":"summary_large_image","twitter_title":"Sprint hommes Nove Mesto 2025 : \u00c9milien Jacquelin renoue avec la victoire !","twitter_creator":"@https:\/\/twitter.com\/LNewsSF","twitter_site":"@dicodusport","schema":{"@context":"https:\/\/schema.org","@graph":[{"@type":"NewsArticle","@id":"https:\/\/dicodusport.fr\/blog\/sprint-hommes-nove-mesto-2025-emilien-jacquelin-renoue-avec-la-victoire\/#article","isPartOf":{"@id":"https:\/\/dicodusport.fr\/blog\/sprint-hommes-nove-mesto-2025-emilien-jacquelin-renoue-avec-la-victoire\/"},"author":{"name":"Louka Lesueur","@id":"https:\/\/dicodusport.fr\/blog\/#\/schema\/person\/54b6cdccebdfcd5a1036c594aecffc2a"},"headline":"Sprint hommes Nove Mesto 2025 : \u00c9milien Jacquelin renoue avec la victoire !","datePublished":"2025-03-06T18:33:20+00:00","dateModified":"2025-07-09T16:33:44+00:00","mainEntityOfPage":{"@id":"https:\/\/dicodusport.fr\/blog\/sprint-hommes-nove-mesto-2025-emilien-jacquelin-renoue-avec-la-victoire\/"},"wordCount":615,"commentCount":0,"publisher":{"@id":"https:\/\/dicodusport.fr\/blog\/#organization"},"image":{"@id":"https:\/\/dicodusport.fr\/blog\/sprint-hommes-nove-mesto-2025-emilien-jacquelin-renoue-avec-la-victoire\/#primaryimage"},"thumbnailUrl":"https:\/\/dicodusport.fr\/blog\/wp-content\/uploads\/2025\/03\/Sprint-hommes-Nove-Mesto-2025-Emilien-Jacquelin-renoue-avec-la-victoire-1-1.png","keywords":["Biathlon","br\u00e8ve","Emilien Jacquelin","Nove Mesto","sport","Sprint hommes"],"articleSection":["Biathlon","Coupe du monde de biathlon"],"inLanguage":"fr-FR","potentialAction":[{"@type":"CommentAction","name":"Comment","target":["https:\/\/dicodusport.fr\/blog\/sprint-hommes-nove-mesto-2025-emilien-jacquelin-renoue-avec-la-victoire\/#respond"]}],"copyrightYear":"2025","copyrightHolder":{"@id":"https:\/\/dicodusport.fr\/blog\/#organization"}},{"@type":"WebPage","@id":"https:\/\/dicodusport.fr\/blog\/sprint-hommes-nove-mesto-2025-emilien-jacquelin-renoue-avec-la-victoire\/","url":"https:\/\/dicodusport.fr\/blog\/sprint-hommes-nove-mesto-2025-emilien-jacquelin-renoue-avec-la-victoire\/","name":"Sprint hommes Nove Mesto 2025 : \u00c9milien Jacquelin renoue avec la victoire !","isPartOf":{"@id":"https:\/\/dicodusport.fr\/blog\/#website"},"primaryImageOfPage":{"@id":"https:\/\/dicodusport.fr\/blog\/sprint-hommes-nove-mesto-2025-emilien-jacquelin-renoue-avec-la-victoire\/#primaryimage"},"image":{"@id":"https:\/\/dicodusport.fr\/blog\/sprint-hommes-nove-mesto-2025-emilien-jacquelin-renoue-avec-la-victoire\/#primaryimage"},"thumbnailUrl":"https:\/\/dicodusport.fr\/blog\/wp-content\/uploads\/2025\/03\/Sprint-hommes-Nove-Mesto-2025-Emilien-Jacquelin-renoue-avec-la-victoire-1-1.png","datePublished":"2025-03-06T18:33:20+00:00","dateModified":"2025-07-09T16:33:44+00:00","description":"Apr\u00e8s des Mondiaux rat\u00e9s, \u00c9milien Jacquelin s'offre la victoire sur le sprint de Nove Mesto (R\u00e9publique Tch\u00e8que), avec le 10\/10.","breadcrumb":{"@id":"https:\/\/dicodusport.fr\/blog\/sprint-hommes-nove-mesto-2025-emilien-jacquelin-renoue-avec-la-victoire\/#breadcrumb"},"inLanguage":"fr-FR","potentialAction":[{"@type":"ReadAction","target":["https:\/\/dicodusport.fr\/blog\/sprint-hommes-nove-mesto-2025-emilien-jacquelin-renoue-avec-la-victoire\/"]}]},{"@type":"ImageObject","inLanguage":"fr-FR","@id":"https:\/\/dicodusport.fr\/blog\/sprint-hommes-nove-mesto-2025-emilien-jacquelin-renoue-avec-la-victoire\/#primaryimage","url":"https:\/\/dicodusport.fr\/blog\/wp-content\/uploads\/2025\/03\/Sprint-hommes-Nove-Mesto-2025-Emilien-Jacquelin-renoue-avec-la-victoire-1-1.png","contentUrl":"https:\/\/dicodusport.fr\/blog\/wp-content\/uploads\/2025\/03\/Sprint-hommes-Nove-Mesto-2025-Emilien-Jacquelin-renoue-avec-la-victoire-1-1.png","width":1200,"height":674,"caption":"Sprint hommes Nove Mesto 2025 \u00c9milien Jacquelin renoue avec la victoire !"},{"@type":"BreadcrumbList","@id":"https:\/\/dicodusport.fr\/blog\/sprint-hommes-nove-mesto-2025-emilien-jacquelin-renoue-avec-la-victoire\/#breadcrumb","itemListElement":[{"@type":"ListItem","position":1,"name":"Accueil","item":"https:\/\/dicodusport.fr\/blog\/"},{"@type":"ListItem","position":2,"name":"Sprint hommes Nove Mesto 2025 : \u00c9milien Jacquelin renoue avec la victoire !"}]},{"@type":"WebSite","@id":"https:\/\/dicodusport.fr\/blog\/#website","url":"https:\/\/dicodusport.fr\/blog\/","name":"Dicodusport","description":"L&#039;encyclop\u00e9die de l&#039;actualit\u00e9 sportive","publisher":{"@id":"https:\/\/dicodusport.fr\/blog\/#organization"},"potentialAction":[{"@type":"SearchAction","target":{"@type":"EntryPoint","urlTemplate":"https:\/\/dicodusport.fr\/blog\/?s={search_term_string}"},"query-input":{"@type":"PropertyValueSpecification","valueRequired":true,"valueName":"search_term_string"}}],"inLanguage":"fr-FR"},{"@type":"NewsMediaOrganization","@id":"https:\/\/dicodusport.fr\/blog\/#organization","name":"Dicodusport","url":"https:\/\/dicodusport.fr\/blog\/","logo":{"@type":"ImageObject","inLanguage":"fr-FR","@id":"https:\/\/dicodusport.fr\/blog\/#\/schema\/logo\/image\/","url":"https:\/\/dicodusport.fr\/blog\/wp-content\/uploads\/2020\/06\/cropped-LOGO-DICODUSPORT-2020-SANS-FOND-SANS-TEXTE.png","contentUrl":"https:\/\/dicodusport.fr\/blog\/wp-content\/uploads\/2020\/06\/cropped-LOGO-DICODUSPORT-2020-SANS-FOND-SANS-TEXTE.png","width":512,"height":512,"caption":"Dicodusport"},"image":{"@id":"https:\/\/dicodusport.fr\/blog\/#\/schema\/logo\/image\/"},"sameAs":["https:\/\/www.facebook.com\/dicodusport","https:\/\/x.com\/dicodusport","https:\/\/www.instagram.com\/dicodusport\/","https:\/\/www.youtube.com\/channel\/UC7V2KZ5sd3htJivAbA4ZG3w"],"description":"Dicodusport est l'encyclop\u00e9die de l'actualit\u00e9 sportive.","email":"bonjour@dicodusport.fr","legalName":"DICODUSPORT","foundingDate":"2018-01-14","vatID":"FR71834470973","taxID":"83447097300043","numberOfEmployees":{"@type":"QuantitativeValue","minValue":"1","maxValue":"10"}},{"@type":"Person","@id":"https:\/\/dicodusport.fr\/blog\/#\/schema\/person\/54b6cdccebdfcd5a1036c594aecffc2a","name":"Louka Lesueur","image":{"@type":"ImageObject","inLanguage":"fr-FR","@id":"https:\/\/dicodusport.fr\/blog\/#\/schema\/person\/image\/","url":"https:\/\/dicodusport.fr\/blog\/wp-content\/uploads\/2023\/09\/IMG_2783-150x150.jpeg","contentUrl":"https:\/\/dicodusport.fr\/blog\/wp-content\/uploads\/2023\/09\/IMG_2783-150x150.jpeg","caption":"Louka Lesueur"},"description":"Passionn\u00e9 depuis tout petit par les exploits de Bolt, Fourcade, Riner, Lavillenie, Wilkinson, Hirscher. Les \u00e9motions provoqu\u00e9es par le sport ont berc\u00e9 mon enfance et continuent de le faire aujourd'hui. C'est ainsi qu'il m'est arriv\u00e9 de pleurer devant la d\u00e9faite des Bleus face aux Blacks en 2011, ou encore devant le titre olympique de Florent Manaudou \u00e0 Londres. Bien loin de ce milieu professionnel, j'ai os\u00e9 tenter ma chance pour rejoindre l'\u00e9quipe de r\u00e9daction de Dicodusport, et depuis septembre 2023, je tente de retransmettre au mieux les exploits des athl\u00e8tes, tous sports confondus. Grand chauvin, c'est bel et bien sur les sportifs tricolores que je pr\u00e9f\u00e8re \u00e9crire.","sameAs":["https:\/\/x.com\/https:\/\/twitter.com\/LNewsSF"],"gender":"Homme","worksFor":"Louka LESUEUR","url":"https:\/\/dicodusport.fr\/blog\/author\/louka-lesueur\/"}]}},"_links":{"self":[{"href":"https:\/\/dicodusport.fr\/blog\/wp-json\/wp\/v2\/posts\/561136","targetHints":{"allow":["GET"]}}],"collection":[{"href":"https:\/\/dicodusport.fr\/blog\/wp-json\/wp\/v2\/posts"}],"about":[{"href":"https:\/\/dicodusport.fr\/blog\/wp-json\/wp\/v2\/types\/post"}],"author":[{"embeddable":true,"href":"https:\/\/dicodusport.fr\/blog\/wp-json\/wp\/v2\/users\/89"}],"replies":[{"embeddable":true,"href":"https:\/\/dicodusport.fr\/blog\/wp-json\/wp\/v2\/comments?post=561136"}],"version-history":[{"count":5,"href":"https:\/\/dicodusport.fr\/blog\/wp-json\/wp\/v2\/posts\/561136\/revisions"}],"predecessor-version":[{"id":561726,"href":"https:\/\/dicodusport.fr\/blog\/wp-json\/wp\/v2\/posts\/561136\/revisions\/561726"}],"wp:featuredmedia":[{"embeddable":true,"href":"https:\/\/dicodusport.fr\/blog\/wp-json\/wp\/v2\/media\/561752"}],"wp:attachment":[{"href":"https:\/\/dicodusport.fr\/blog\/wp-json\/wp\/v2\/media?parent=561136"}],"wp:term":[{"taxonomy":"category","embeddable":true,"href":"https:\/\/dicodusport.fr\/blog\/wp-json\/wp\/v2\/categories?post=561136"},{"taxonomy":"post_tag","embeddable":true,"href":"https:\/\/dicodusport.fr\/blog\/wp-json\/wp\/v2\/tags?post=561136"}],"curies":[{"name":"wp","href":"https:\/\/api.w.org\/{rel}","templated":true}]}}