{"id":561147,"date":"2025-03-08T14:05:27","date_gmt":"2025-03-08T13:05:27","guid":{"rendered":"https:\/\/dicodusport.fr\/blog\/?p=561147&#038;preview=true&#038;preview_id=561147"},"modified":"2025-03-08T14:59:00","modified_gmt":"2025-03-08T13:59:00","slug":"athletisme-championnats-deurope-salle-2025-belle-entree-en-matiere-pour-lagui-madeleine-et-mornet-le-resume-de-la-matinee","status":"publish","type":"post","link":"https:\/\/dicodusport.fr\/blog\/athletisme-championnats-deurope-salle-2025-belle-entree-en-matiere-pour-lagui-madeleine-et-mornet-le-resume-de-la-matinee\/","title":{"rendered":"Athl\u00e9tisme Championnats d&rsquo;Europe (salle) 2025 : Belle entr\u00e9e en mati\u00e8re pour Lagui, Madeleine et Mornet, le r\u00e9sum\u00e9 de la matin\u00e9e"},"content":{"rendered":"<h4 style=\"text-align: justify;\"><em>CHAMPIONNATS D&rsquo;EUROPE D&rsquo;ATHL\u00c9TISME EN SALLE 2025 &#8211; Les Fran\u00e7ais ont v\u00e9cu une matin\u00e9e mitig\u00e9e \u00e0 Apeldoorn, mais il faut retenir la qualification en finale du 3 000 m pour Sarah Madeleine, Azeddine Habz et Romain Mornet. Allan Lagui rejoint la demi-finale du 60 m.\u00a0<\/em><\/h4>\n<ul>\n<li style=\"text-align: justify;\"><strong>\u00c0 ce sujet \u2013\u00a0<a href=\"https:\/\/dicodusport.fr\/blog\/athletisme-programme-et-resultats-championnats-deurope-en-salle-2025\/\">Athl\u00e9tisme : Programme et r\u00e9sultats Championnats d&rsquo;Europe en salle 2025<\/a><\/strong><\/li>\n<\/ul>\n<h2 style=\"text-align: justify;\">\u00c7a passe pour Madeleine, Lagui, Habz et Mornet<\/h2>\n<p style=\"text-align: justify;\">Sur la ligne droite, les sprinteurs \u00e9taient au rendez-vous des qualifications. Dans la 3\u00e8me s\u00e9rie, on retrouvait le jeune fran\u00e7ais <strong>Allan Lagui<\/strong>, qui est devenu le 6\u00e8me meilleur performeur fran\u00e7ais de tous les temps lors des Championnats de France, avec un chrono de 6.58. Ce matin, au couloir 1, le Tricolore a pris un bon d\u00e9part et a \u00e9t\u00e9 capable de r\u00e9sister jusqu&rsquo;\u00e0 la ligne au retour de ses adversaires pour s&rsquo;imposer en 6.59. Tr\u00e8s belle premi\u00e8re en bleu pour lui. Au passage, Lagui r\u00e9alise le 3\u00e8me temps des s\u00e9ries, \u00e0 un petit centi\u00e8me du Britannique <strong>Jeremiah Azu<\/strong> (6.58).<\/p>\n<blockquote class=\"twitter-tweet\">\n<p dir=\"ltr\" lang=\"fr\">\ud83d\udca8 Allan Lagui assure sur le 60 m !<\/p>\n<p>\u23f1 Il s\u2019impose en s\u00e9rie avec un chrono de 6\u00a0\u00bb59 et d\u00e9croche sa place en demi-finales.<\/p>\n<p>\ud83d\udcc6 Rendez-vous ce soir \u00e0 19h10 !<\/p>\n<p>\ud83d\udcbb La comp\u00e9tition est \u00e0 suivre en DIRECT sur <a href=\"https:\/\/t.co\/EpsBjowlnA\">https:\/\/t.co\/EpsBjowlnA<\/a>. <a href=\"https:\/\/t.co\/W3kGwWcZT9\">pic.twitter.com\/W3kGwWcZT9<\/a><\/p>\n<p>\u2014 FFAthl\u00e9tisme (@FFAthletisme) <a href=\"https:\/\/twitter.com\/FFAthletisme\/status\/1898334404033789966?ref_src=twsrc%5Etfw\">March 8, 2025<\/a><\/p><\/blockquote>\n<p><script async src=\"https:\/\/platform.twitter.com\/widgets.js\" charset=\"utf-8\"><\/script><\/p>\n<p style=\"text-align: justify;\">C\u00f4t\u00e9 piste, les demi fondeuses ont d\u00e9but\u00e9 les qualifications du 3000m. Seule fran\u00e7aise engag\u00e9e, <strong>Sarah Madeleine<\/strong> \u00e9tait dans la seconde s\u00e9rie. \u00c0 la <strong>Jakob Ingrebrigtsen<\/strong>, la championne de France s&rsquo;est plac\u00e9e en queue de peloton. Elle est remont\u00e9e petit \u00e0 petit dans le peloton, mais \u00e0 un tour de l&rsquo;arriv\u00e9e, elles \u00e9taient encore nombreuses \u00e0 pouvoir se qualifier. Sans trembler, la Tricolore garde un rythme suffisamment \u00e9lev\u00e9 pour s&rsquo;assurer l&rsquo;une des 6 places qualificatives (5\u00e8me) en 9:08.56. L&rsquo;Irlandaise <strong>Sarah Healy<\/strong> r\u00e9alise le meilleur temps des s\u00e9ries, 8:55.35.<\/p>\n<blockquote class=\"twitter-tweet\">\n<p dir=\"ltr\" lang=\"fr\">\ud83c\udfc3\u200d\u2640 Sarah Madeleine assure sa place en finale du 3000 m !<\/p>\n<p>\u23f1 Elle termine 5e de sa s\u00e9rie en 9&rsquo;08\u00a0\u00bb56 et poursuit sa route.<\/p>\n<p>\ud83d\udcbb La comp\u00e9tition est \u00e0 suivre en DIRECT sur <a href=\"https:\/\/t.co\/EpsBjowlnA\">https:\/\/t.co\/EpsBjowlnA<\/a>. <a href=\"https:\/\/t.co\/wzYh5CM4dk\">pic.twitter.com\/wzYh5CM4dk<\/a><\/p>\n<p>\u2014 FFAthl\u00e9tisme (@FFAthletisme) <a href=\"https:\/\/twitter.com\/FFAthletisme\/status\/1898310647718285496?ref_src=twsrc%5Etfw\">March 8, 2025<\/a><\/p><\/blockquote>\n<p style=\"text-align: justify;\"><script src=\"https:\/\/platform.twitter.com\/widgets.js\" async=\"\" charset=\"utf-8\"><\/script><\/p>\n<p style=\"text-align: justify;\">Apr\u00e8s les dames, les messieurs ont pris le d\u00e9part. Dans la premi\u00e8re s\u00e9rie, le tout r\u00e9cent vice-champion d&rsquo;Europe du 1500m, <strong>Azeddine Habz<\/strong> \u00e9tait pr\u00e9sent, aux c\u00f4t\u00e9s d&rsquo;un autre fran\u00e7ais, <strong>Bastien Augusto<\/strong>. Le Britannique <strong>Mills<\/strong> va mener le rythme pour tenter d&rsquo;\u00e9tirer au maximum le peloton. Habz, dans le groupe de t\u00eate, va reculer dans l&rsquo;avant-dernier tour, mais tr\u00e8s lucide, le Fran\u00e7ais en remet en fin de course pour terminer finalement 4\u00e8me et se qualifier pour la finale (7:51.61). Pour Augusto, le niveau \u00e9tait trop \u00e9lev\u00e9, il se place 10\u00e8me en 7:53.60. <strong>Filip Ingrebrigtsen<\/strong> ne conna\u00eet pas la m\u00eame r\u00e9ussite que son fr\u00e8re Jakob puisqu&rsquo;il termine 7\u00e8me et est \u00e9limin\u00e9 pour deux centi\u00e8mes.<\/p>\n<p style=\"text-align: justify;\">Troisi\u00e8me fran\u00e7ais engag\u00e9, <strong>Romain Mornet<\/strong> se retrouvait dans la s\u00e9rie du champion d&rsquo;Europe du 1500m. \u00c0 deux tours de l&rsquo;arriv\u00e9e, <strong>Jakob Ingebrigtsen<\/strong> remonte le peloton, et Mornet se replace. Le Norv\u00e9gien s&rsquo;envole, le Fran\u00e7ais acc\u00e9l\u00e8re au bon moment et se qualifie pour la finale.<\/p>\n<ul>\n<li><strong>\u00c0 ce sujet \u2014\u00a0<a href=\"https:\/\/dicodusport.fr\/blog\/athletisme-europe-en-salle-azeddine-habz-medaille-dargent-sur-1500-m-seulement-battu-par-jakob-ingebrigtsen\/\">Athl\u00e9tisme Europe en salle : Azeddine Habz m\u00e9daill\u00e9 d&rsquo;argent sur 1500 m, seulement battu par Jakob Ingebrigtsen<\/a><\/strong><\/li>\n<\/ul>\n<h2 style=\"text-align: justify;\">Les autres r\u00e9sultats de la matin\u00e9e<\/h2>\n<p style=\"text-align: justify;\">Les combinards ont ouvert le bal, avec la 5\u00e8me \u00e9preuve de leur heptathlon, \u00e0 savoir le 60m haies. Dans la premi\u00e8re s\u00e9rie, <strong>T\u00e9o Bastien<\/strong> va vivre une course cauchemardesque. Bien parti, le Fran\u00e7ais va \u00eatre d\u00e9s\u00e9quilibr\u00e9 apr\u00e8s la 2\u00e8me haie, avant de compl\u00e8tement taper la suivante. Sans vitesse, il ne parviendra pas \u00e0 terminer son 60m haies, et mettra fin \u00e0 son heptathlon.<br \/>\nDans la seconde, une mauvaise surprise pour les Bleus, avec le forfait de<strong> Luc Brewin <\/strong>touch\u00e9 par des douleurs abdominales. Tout se passe bien en revanche pour <strong>Simon Ehammer<\/strong> qui l&#8217;emporte en 7.68. Ce chrono lui permet de reprendre la t\u00eate de l&rsquo;heptathlon devant <strong>Sander Skotheim<\/strong>, cr\u00e9dit\u00e9 d&rsquo;un 8.04.<\/p>\n<blockquote class=\"twitter-tweet\">\n<p dir=\"ltr\" lang=\"fr\">\ud83d\udd1a La comp\u00e9tition s&rsquo;arr\u00eate l\u00e0 pour les sp\u00e9cialistes des \u00e9preuves combin\u00e9es&#8230;<\/p>\n<p>\u274c T\u00e9o Bastien a \u00e9t\u00e9 contraint \u00e0 l&rsquo;abandon sur 60 m haies, \u00e0 la suite d&rsquo;un d\u00e9s\u00e9quilibre sur le 2e obstacle, et Luc Brewin n&rsquo;a pas \u00e9t\u00e9 en mesure de prendre le d\u00e9part de la course en raison de douleurs\u2026 <a href=\"https:\/\/t.co\/FPMrnleFAB\">pic.twitter.com\/FPMrnleFAB<\/a><\/p>\n<p>\u2014 FFAthl\u00e9tisme (@FFAthletisme) <a href=\"https:\/\/twitter.com\/FFAthletisme\/status\/1898304804620800018?ref_src=twsrc%5Etfw\">March 8, 2025<\/a><\/p><\/blockquote>\n<p><script async src=\"https:\/\/platform.twitter.com\/widgets.js\" charset=\"utf-8\"><\/script><\/p>\n<p style=\"text-align: justify;\">Pas trop le temps de r\u00e9cup\u00e9rer, il leur faut d\u00e9j\u00e0 prendre leurs marques pour le saut \u00e0 la perche. <strong>Simon Ehammer<\/strong> va \u00eatre clinique en passant chaque barre \u00e0 son premier essai, avant de ne pas parvenir \u00e0 franchir 5,20 m. M\u00eame hauteur pour <strong>Sander Skotheim<\/strong>. C&rsquo;est <strong>Johannes Erm<\/strong> qui r\u00e9alise la meilleure performance avec une barre franchie \u00e0 5,30 m. Avant le 1000m, Ehammer est en t\u00eate avec 5656 points, devant Skotheim (5602 points) et Steinforth (5477 points).<\/p>\n<p style=\"text-align: justify;\">Aux qualifications du lancer du poids f\u00e9minin, les favorites ont r\u00e9pondu pr\u00e9sent en rejoignant la finale. La N\u00e9erlandaise <strong>Jessica Schilder<\/strong> a largement domin\u00e9 ces qualifications avec un premier jet mesur\u00e9 \u00e0 19,92 m. Derri\u00e8re, l&rsquo;Allemande <strong>Yemisi Ogunleye<\/strong> est la plus proche avec 18,95 m.<\/p>\n<p style=\"text-align: justify;\">Dans ces Championnats d&rsquo;Europe, les athl\u00e8tes handisport sont mis \u00e0 l&rsquo;honneur, avec deux concours qu&rsquo;ils pouvaient disputer. C&rsquo;est pourquoi on retrouvait le saut en longueur masculin, avec six engag\u00e9s, dont le Fran\u00e7ais <strong>Valentin Bertrand<\/strong>. En favori, le N\u00e9erlandais <strong>Jo\u00ebl de Jong<\/strong>, champion paralympique \u00e0 Paris, s&rsquo;est largement impos\u00e9 avec un saut \u00e0 7,36 m. Il devance un autre N\u00e9erlandais, <strong>Ranki Oberoi<\/strong> (6.84) et le Danois <strong>Daniel Wagner<\/strong> (6.63). <strong>Valentin Bertrand<\/strong> termine 6\u00e8me avec 5,50 m.<\/p>\n<p style=\"text-align: justify;\">La seconde discipline handisport mise en avant, c&rsquo;est le 60m f\u00e9minin. C&rsquo;est l&rsquo;Irlandaise <strong>Orla Comerford<\/strong> qui l&rsquo;a emport\u00e9 en 7.63 devant la Fran\u00e7aise <strong>Marie Ngoussou-Ngouyi<\/strong> (7.99) et la N\u00e9erlandaise<strong> Zara Temmink<\/strong> (8.07, record personnel).<\/p>\n","protected":false},"excerpt":{"rendered":"<p>CHAMPIONNATS D&rsquo;EUROPE D&rsquo;ATHL\u00c9TISME EN SALLE 2025 &#8211; Les Fran\u00e7ais ont v\u00e9cu une matin\u00e9e mitig\u00e9e \u00e0 Apeldoorn, mais il faut retenir la qualification en finale du 3000m pour Sarah Madeleine, Azeddine Habz et Romain Mornet. Allan Lagui rejoint la demi-finale du 60m.\u00a0<\/p>\n","protected":false},"author":89,"featured_media":562045,"comment_status":"open","ping_status":"closed","sticky":false,"template":"","format":"standard","meta":{"_acf_changed":false,"_daextam_enable_autolinks":"1","footnotes":""},"categories":[2308],"tags":[32415,37023,143,16878],"class_list":["post-561147","post","type-post","status-publish","format-standard","has-post-thumbnail","hentry","category-athletisme","tag-actu","tag-apeldoorn","tag-athletisme","tag-breve"],"acf":[],"yoast_head":"<!-- This site is optimized with the Yoast SEO Premium plugin v26.7 (Yoast SEO v26.7) - https:\/\/yoast.com\/wordpress\/plugins\/seo\/ -->\n<title>Athl\u00e9tisme Championnats d&#039;Europe (salle) 2025 : Belle entr\u00e9e en mati\u00e8re pour Lagui, Madeleine et Mornet, le r\u00e9sum\u00e9 de la matin\u00e9e<\/title>\n<meta name=\"description\" content=\"CHAMPIONNATS D&#039;EUROPE D&#039;ATHL\u00c9TISME EN SALLE 2025 - Les Fran\u00e7ais ont v\u00e9cu une matin\u00e9e mitig\u00e9e \u00e0 Apeldoorn.\" \/>\n<meta name=\"robots\" content=\"index, follow, max-snippet:-1, max-image-preview:large, max-video-preview:-1\" \/>\n<link rel=\"canonical\" href=\"https:\/\/dicodusport.fr\/blog\/athletisme-championnats-deurope-salle-2025-belle-entree-en-matiere-pour-lagui-madeleine-et-mornet-le-resume-de-la-matinee\/\" \/>\n<meta property=\"og:locale\" content=\"fr_FR\" \/>\n<meta property=\"og:type\" content=\"article\" \/>\n<meta property=\"og:title\" content=\"Athl\u00e9tisme Championnats d&#039;Europe (salle) 2025 : Belle entr\u00e9e en mati\u00e8re pour Lagui, Madeleine et Mornet, le r\u00e9sum\u00e9 de la matin\u00e9e\" \/>\n<meta property=\"og:description\" content=\"CHAMPIONNATS D&#039;EUROPE D&#039;ATHL\u00c9TISME EN SALLE 2025 - Les Fran\u00e7ais ont v\u00e9cu une matin\u00e9e mitig\u00e9e \u00e0 Apeldoorn.\" \/>\n<meta property=\"og:url\" content=\"https:\/\/dicodusport.fr\/blog\/athletisme-championnats-deurope-salle-2025-belle-entree-en-matiere-pour-lagui-madeleine-et-mornet-le-resume-de-la-matinee\/\" \/>\n<meta property=\"og:site_name\" content=\"Dicodusport\" \/>\n<meta property=\"article:publisher\" content=\"https:\/\/www.facebook.com\/dicodusport\" \/>\n<meta property=\"article:published_time\" content=\"2025-03-08T13:05:27+00:00\" \/>\n<meta property=\"article:modified_time\" content=\"2025-03-08T13:59:00+00:00\" \/>\n<meta property=\"og:image\" content=\"https:\/\/dicodusport.fr\/blog\/wp-content\/uploads\/2025\/03\/Athletisme-Europe-en-salle-Azeddine-Habz-medaille-dargent-seulement-battu-par-Jakob-Ingebrigtsen-1.png\" \/>\n\t<meta property=\"og:image:width\" content=\"1200\" \/>\n\t<meta property=\"og:image:height\" content=\"674\" \/>\n\t<meta property=\"og:image:type\" content=\"image\/png\" \/>\n<meta name=\"author\" content=\"Louka Lesueur\" \/>\n<meta name=\"twitter:card\" content=\"summary_large_image\" \/>\n<meta name=\"twitter:title\" content=\"Athl\u00e9tisme Championnats d&#039;Europe (salle) 2025 : Belle entr\u00e9e en mati\u00e8re pour Lagui, Madeleine et Mornet, le r\u00e9sum\u00e9 de la matin\u00e9e\" \/>\n<meta name=\"twitter:creator\" content=\"@https:\/\/twitter.com\/LNewsSF\" \/>\n<meta name=\"twitter:site\" content=\"@dicodusport\" \/>\n<script type=\"application\/ld+json\" class=\"yoast-schema-graph\">{\"@context\":\"https:\/\/schema.org\",\"@graph\":[{\"@type\":\"NewsArticle\",\"@id\":\"https:\/\/dicodusport.fr\/blog\/athletisme-championnats-deurope-salle-2025-belle-entree-en-matiere-pour-lagui-madeleine-et-mornet-le-resume-de-la-matinee\/#article\",\"isPartOf\":{\"@id\":\"https:\/\/dicodusport.fr\/blog\/athletisme-championnats-deurope-salle-2025-belle-entree-en-matiere-pour-lagui-madeleine-et-mornet-le-resume-de-la-matinee\/\"},\"author\":{\"name\":\"Louka Lesueur\",\"@id\":\"https:\/\/dicodusport.fr\/blog\/#\/schema\/person\/54b6cdccebdfcd5a1036c594aecffc2a\"},\"headline\":\"Athl\u00e9tisme Championnats d&rsquo;Europe (salle) 2025 : Belle entr\u00e9e en mati\u00e8re pour Lagui, Madeleine et Mornet, le r\u00e9sum\u00e9 de la matin\u00e9e\",\"datePublished\":\"2025-03-08T13:05:27+00:00\",\"dateModified\":\"2025-03-08T13:59:00+00:00\",\"mainEntityOfPage\":{\"@id\":\"https:\/\/dicodusport.fr\/blog\/athletisme-championnats-deurope-salle-2025-belle-entree-en-matiere-pour-lagui-madeleine-et-mornet-le-resume-de-la-matinee\/\"},\"wordCount\":1023,\"commentCount\":0,\"publisher\":{\"@id\":\"https:\/\/dicodusport.fr\/blog\/#organization\"},\"image\":{\"@id\":\"https:\/\/dicodusport.fr\/blog\/athletisme-championnats-deurope-salle-2025-belle-entree-en-matiere-pour-lagui-madeleine-et-mornet-le-resume-de-la-matinee\/#primaryimage\"},\"thumbnailUrl\":\"https:\/\/dicodusport.fr\/blog\/wp-content\/uploads\/2025\/03\/Athletisme-Europe-en-salle-Azeddine-Habz-medaille-dargent-seulement-battu-par-Jakob-Ingebrigtsen-1.png\",\"keywords\":[\"actu\",\"Apeldoorn\",\"Athl\u00e9tisme\",\"br\u00e8ve\"],\"articleSection\":[\"Athl\u00e9tisme\"],\"inLanguage\":\"fr-FR\",\"potentialAction\":[{\"@type\":\"CommentAction\",\"name\":\"Comment\",\"target\":[\"https:\/\/dicodusport.fr\/blog\/athletisme-championnats-deurope-salle-2025-belle-entree-en-matiere-pour-lagui-madeleine-et-mornet-le-resume-de-la-matinee\/#respond\"]}],\"copyrightYear\":\"2025\",\"copyrightHolder\":{\"@id\":\"https:\/\/dicodusport.fr\/blog\/#organization\"}},{\"@type\":\"WebPage\",\"@id\":\"https:\/\/dicodusport.fr\/blog\/athletisme-championnats-deurope-salle-2025-belle-entree-en-matiere-pour-lagui-madeleine-et-mornet-le-resume-de-la-matinee\/\",\"url\":\"https:\/\/dicodusport.fr\/blog\/athletisme-championnats-deurope-salle-2025-belle-entree-en-matiere-pour-lagui-madeleine-et-mornet-le-resume-de-la-matinee\/\",\"name\":\"Athl\u00e9tisme Championnats d'Europe (salle) 2025 : Belle entr\u00e9e en mati\u00e8re pour Lagui, Madeleine et Mornet, le r\u00e9sum\u00e9 de la matin\u00e9e\",\"isPartOf\":{\"@id\":\"https:\/\/dicodusport.fr\/blog\/#website\"},\"primaryImageOfPage\":{\"@id\":\"https:\/\/dicodusport.fr\/blog\/athletisme-championnats-deurope-salle-2025-belle-entree-en-matiere-pour-lagui-madeleine-et-mornet-le-resume-de-la-matinee\/#primaryimage\"},\"image\":{\"@id\":\"https:\/\/dicodusport.fr\/blog\/athletisme-championnats-deurope-salle-2025-belle-entree-en-matiere-pour-lagui-madeleine-et-mornet-le-resume-de-la-matinee\/#primaryimage\"},\"thumbnailUrl\":\"https:\/\/dicodusport.fr\/blog\/wp-content\/uploads\/2025\/03\/Athletisme-Europe-en-salle-Azeddine-Habz-medaille-dargent-seulement-battu-par-Jakob-Ingebrigtsen-1.png\",\"datePublished\":\"2025-03-08T13:05:27+00:00\",\"dateModified\":\"2025-03-08T13:59:00+00:00\",\"description\":\"CHAMPIONNATS D'EUROPE D'ATHL\u00c9TISME EN SALLE 2025 - Les Fran\u00e7ais ont v\u00e9cu une matin\u00e9e mitig\u00e9e \u00e0 Apeldoorn.\",\"breadcrumb\":{\"@id\":\"https:\/\/dicodusport.fr\/blog\/athletisme-championnats-deurope-salle-2025-belle-entree-en-matiere-pour-lagui-madeleine-et-mornet-le-resume-de-la-matinee\/#breadcrumb\"},\"inLanguage\":\"fr-FR\",\"potentialAction\":[{\"@type\":\"ReadAction\",\"target\":[\"https:\/\/dicodusport.fr\/blog\/athletisme-championnats-deurope-salle-2025-belle-entree-en-matiere-pour-lagui-madeleine-et-mornet-le-resume-de-la-matinee\/\"]}]},{\"@type\":\"ImageObject\",\"inLanguage\":\"fr-FR\",\"@id\":\"https:\/\/dicodusport.fr\/blog\/athletisme-championnats-deurope-salle-2025-belle-entree-en-matiere-pour-lagui-madeleine-et-mornet-le-resume-de-la-matinee\/#primaryimage\",\"url\":\"https:\/\/dicodusport.fr\/blog\/wp-content\/uploads\/2025\/03\/Athletisme-Europe-en-salle-Azeddine-Habz-medaille-dargent-seulement-battu-par-Jakob-Ingebrigtsen-1.png\",\"contentUrl\":\"https:\/\/dicodusport.fr\/blog\/wp-content\/uploads\/2025\/03\/Athletisme-Europe-en-salle-Azeddine-Habz-medaille-dargent-seulement-battu-par-Jakob-Ingebrigtsen-1.png\",\"width\":1200,\"height\":674,\"caption\":\"Athl\u00e9tisme Europe en salle Azeddine Habz m\u00e9daill\u00e9 d'argent, seulement battu par Jakob Ingebrigtsen (1)\"},{\"@type\":\"BreadcrumbList\",\"@id\":\"https:\/\/dicodusport.fr\/blog\/athletisme-championnats-deurope-salle-2025-belle-entree-en-matiere-pour-lagui-madeleine-et-mornet-le-resume-de-la-matinee\/#breadcrumb\",\"itemListElement\":[{\"@type\":\"ListItem\",\"position\":1,\"name\":\"Accueil\",\"item\":\"https:\/\/dicodusport.fr\/blog\/\"},{\"@type\":\"ListItem\",\"position\":2,\"name\":\"Athl\u00e9tisme Championnats d&rsquo;Europe (salle) 2025 : Belle entr\u00e9e en mati\u00e8re pour Lagui, Madeleine et Mornet, le r\u00e9sum\u00e9 de la matin\u00e9e\"}]},{\"@type\":\"WebSite\",\"@id\":\"https:\/\/dicodusport.fr\/blog\/#website\",\"url\":\"https:\/\/dicodusport.fr\/blog\/\",\"name\":\"Dicodusport\",\"description\":\"L&#039;encyclop\u00e9die de l&#039;actualit\u00e9 sportive\",\"publisher\":{\"@id\":\"https:\/\/dicodusport.fr\/blog\/#organization\"},\"potentialAction\":[{\"@type\":\"SearchAction\",\"target\":{\"@type\":\"EntryPoint\",\"urlTemplate\":\"https:\/\/dicodusport.fr\/blog\/?s={search_term_string}\"},\"query-input\":{\"@type\":\"PropertyValueSpecification\",\"valueRequired\":true,\"valueName\":\"search_term_string\"}}],\"inLanguage\":\"fr-FR\"},{\"@type\":\"NewsMediaOrganization\",\"@id\":\"https:\/\/dicodusport.fr\/blog\/#organization\",\"name\":\"Dicodusport\",\"url\":\"https:\/\/dicodusport.fr\/blog\/\",\"logo\":{\"@type\":\"ImageObject\",\"inLanguage\":\"fr-FR\",\"@id\":\"https:\/\/dicodusport.fr\/blog\/#\/schema\/logo\/image\/\",\"url\":\"https:\/\/dicodusport.fr\/blog\/wp-content\/uploads\/2020\/06\/cropped-LOGO-DICODUSPORT-2020-SANS-FOND-SANS-TEXTE.png\",\"contentUrl\":\"https:\/\/dicodusport.fr\/blog\/wp-content\/uploads\/2020\/06\/cropped-LOGO-DICODUSPORT-2020-SANS-FOND-SANS-TEXTE.png\",\"width\":512,\"height\":512,\"caption\":\"Dicodusport\"},\"image\":{\"@id\":\"https:\/\/dicodusport.fr\/blog\/#\/schema\/logo\/image\/\"},\"sameAs\":[\"https:\/\/www.facebook.com\/dicodusport\",\"https:\/\/x.com\/dicodusport\",\"https:\/\/www.instagram.com\/dicodusport\/\",\"https:\/\/www.youtube.com\/channel\/UC7V2KZ5sd3htJivAbA4ZG3w\"],\"description\":\"Dicodusport est l'encyclop\u00e9die de l'actualit\u00e9 sportive.\",\"email\":\"bonjour@dicodusport.fr\",\"legalName\":\"DICODUSPORT\",\"foundingDate\":\"2018-01-14\",\"vatID\":\"FR71834470973\",\"taxID\":\"83447097300043\",\"numberOfEmployees\":{\"@type\":\"QuantitativeValue\",\"minValue\":\"1\",\"maxValue\":\"10\"}},{\"@type\":\"Person\",\"@id\":\"https:\/\/dicodusport.fr\/blog\/#\/schema\/person\/54b6cdccebdfcd5a1036c594aecffc2a\",\"name\":\"Louka Lesueur\",\"image\":{\"@type\":\"ImageObject\",\"inLanguage\":\"fr-FR\",\"@id\":\"https:\/\/dicodusport.fr\/blog\/#\/schema\/person\/image\/\",\"url\":\"https:\/\/dicodusport.fr\/blog\/wp-content\/uploads\/2023\/09\/IMG_2783-150x150.jpeg\",\"contentUrl\":\"https:\/\/dicodusport.fr\/blog\/wp-content\/uploads\/2023\/09\/IMG_2783-150x150.jpeg\",\"caption\":\"Louka Lesueur\"},\"description\":\"Passionn\u00e9 depuis tout petit par les exploits de Bolt, Fourcade, Riner, Lavillenie, Wilkinson, Hirscher. Les \u00e9motions provoqu\u00e9es par le sport ont berc\u00e9 mon enfance et continuent de le faire aujourd'hui. C'est ainsi qu'il m'est arriv\u00e9 de pleurer devant la d\u00e9faite des Bleus face aux Blacks en 2011, ou encore devant le titre olympique de Florent Manaudou \u00e0 Londres. Bien loin de ce milieu professionnel, j'ai os\u00e9 tenter ma chance pour rejoindre l'\u00e9quipe de r\u00e9daction de Dicodusport, et depuis septembre 2023, je tente de retransmettre au mieux les exploits des athl\u00e8tes, tous sports confondus. Grand chauvin, c'est bel et bien sur les sportifs tricolores que je pr\u00e9f\u00e8re \u00e9crire.\",\"sameAs\":[\"https:\/\/x.com\/https:\/\/twitter.com\/LNewsSF\"],\"gender\":\"Homme\",\"worksFor\":\"Louka LESUEUR\",\"url\":\"https:\/\/dicodusport.fr\/blog\/author\/louka-lesueur\/\"}]}<\/script>\n<!-- \/ Yoast SEO Premium plugin. -->","yoast_head_json":{"title":"Athl\u00e9tisme Championnats d'Europe (salle) 2025 : Belle entr\u00e9e en mati\u00e8re pour Lagui, Madeleine et Mornet, le r\u00e9sum\u00e9 de la matin\u00e9e","description":"CHAMPIONNATS D'EUROPE D'ATHL\u00c9TISME EN SALLE 2025 - Les Fran\u00e7ais ont v\u00e9cu une matin\u00e9e mitig\u00e9e \u00e0 Apeldoorn.","robots":{"index":"index","follow":"follow","max-snippet":"max-snippet:-1","max-image-preview":"max-image-preview:large","max-video-preview":"max-video-preview:-1"},"canonical":"https:\/\/dicodusport.fr\/blog\/athletisme-championnats-deurope-salle-2025-belle-entree-en-matiere-pour-lagui-madeleine-et-mornet-le-resume-de-la-matinee\/","og_locale":"fr_FR","og_type":"article","og_title":"Athl\u00e9tisme Championnats d'Europe (salle) 2025 : Belle entr\u00e9e en mati\u00e8re pour Lagui, Madeleine et Mornet, le r\u00e9sum\u00e9 de la matin\u00e9e","og_description":"CHAMPIONNATS D'EUROPE D'ATHL\u00c9TISME EN SALLE 2025 - Les Fran\u00e7ais ont v\u00e9cu une matin\u00e9e mitig\u00e9e \u00e0 Apeldoorn.","og_url":"https:\/\/dicodusport.fr\/blog\/athletisme-championnats-deurope-salle-2025-belle-entree-en-matiere-pour-lagui-madeleine-et-mornet-le-resume-de-la-matinee\/","og_site_name":"Dicodusport","article_publisher":"https:\/\/www.facebook.com\/dicodusport","article_published_time":"2025-03-08T13:05:27+00:00","article_modified_time":"2025-03-08T13:59:00+00:00","og_image":[{"width":1200,"height":674,"url":"https:\/\/dicodusport.fr\/blog\/wp-content\/uploads\/2025\/03\/Athletisme-Europe-en-salle-Azeddine-Habz-medaille-dargent-seulement-battu-par-Jakob-Ingebrigtsen-1.png","type":"image\/png"}],"author":"Louka Lesueur","twitter_card":"summary_large_image","twitter_title":"Athl\u00e9tisme Championnats d'Europe (salle) 2025 : Belle entr\u00e9e en mati\u00e8re pour Lagui, Madeleine et Mornet, le r\u00e9sum\u00e9 de la matin\u00e9e","twitter_creator":"@https:\/\/twitter.com\/LNewsSF","twitter_site":"@dicodusport","schema":{"@context":"https:\/\/schema.org","@graph":[{"@type":"NewsArticle","@id":"https:\/\/dicodusport.fr\/blog\/athletisme-championnats-deurope-salle-2025-belle-entree-en-matiere-pour-lagui-madeleine-et-mornet-le-resume-de-la-matinee\/#article","isPartOf":{"@id":"https:\/\/dicodusport.fr\/blog\/athletisme-championnats-deurope-salle-2025-belle-entree-en-matiere-pour-lagui-madeleine-et-mornet-le-resume-de-la-matinee\/"},"author":{"name":"Louka Lesueur","@id":"https:\/\/dicodusport.fr\/blog\/#\/schema\/person\/54b6cdccebdfcd5a1036c594aecffc2a"},"headline":"Athl\u00e9tisme Championnats d&rsquo;Europe (salle) 2025 : Belle entr\u00e9e en mati\u00e8re pour Lagui, Madeleine et Mornet, le r\u00e9sum\u00e9 de la matin\u00e9e","datePublished":"2025-03-08T13:05:27+00:00","dateModified":"2025-03-08T13:59:00+00:00","mainEntityOfPage":{"@id":"https:\/\/dicodusport.fr\/blog\/athletisme-championnats-deurope-salle-2025-belle-entree-en-matiere-pour-lagui-madeleine-et-mornet-le-resume-de-la-matinee\/"},"wordCount":1023,"commentCount":0,"publisher":{"@id":"https:\/\/dicodusport.fr\/blog\/#organization"},"image":{"@id":"https:\/\/dicodusport.fr\/blog\/athletisme-championnats-deurope-salle-2025-belle-entree-en-matiere-pour-lagui-madeleine-et-mornet-le-resume-de-la-matinee\/#primaryimage"},"thumbnailUrl":"https:\/\/dicodusport.fr\/blog\/wp-content\/uploads\/2025\/03\/Athletisme-Europe-en-salle-Azeddine-Habz-medaille-dargent-seulement-battu-par-Jakob-Ingebrigtsen-1.png","keywords":["actu","Apeldoorn","Athl\u00e9tisme","br\u00e8ve"],"articleSection":["Athl\u00e9tisme"],"inLanguage":"fr-FR","potentialAction":[{"@type":"CommentAction","name":"Comment","target":["https:\/\/dicodusport.fr\/blog\/athletisme-championnats-deurope-salle-2025-belle-entree-en-matiere-pour-lagui-madeleine-et-mornet-le-resume-de-la-matinee\/#respond"]}],"copyrightYear":"2025","copyrightHolder":{"@id":"https:\/\/dicodusport.fr\/blog\/#organization"}},{"@type":"WebPage","@id":"https:\/\/dicodusport.fr\/blog\/athletisme-championnats-deurope-salle-2025-belle-entree-en-matiere-pour-lagui-madeleine-et-mornet-le-resume-de-la-matinee\/","url":"https:\/\/dicodusport.fr\/blog\/athletisme-championnats-deurope-salle-2025-belle-entree-en-matiere-pour-lagui-madeleine-et-mornet-le-resume-de-la-matinee\/","name":"Athl\u00e9tisme Championnats d'Europe (salle) 2025 : Belle entr\u00e9e en mati\u00e8re pour Lagui, Madeleine et Mornet, le r\u00e9sum\u00e9 de la matin\u00e9e","isPartOf":{"@id":"https:\/\/dicodusport.fr\/blog\/#website"},"primaryImageOfPage":{"@id":"https:\/\/dicodusport.fr\/blog\/athletisme-championnats-deurope-salle-2025-belle-entree-en-matiere-pour-lagui-madeleine-et-mornet-le-resume-de-la-matinee\/#primaryimage"},"image":{"@id":"https:\/\/dicodusport.fr\/blog\/athletisme-championnats-deurope-salle-2025-belle-entree-en-matiere-pour-lagui-madeleine-et-mornet-le-resume-de-la-matinee\/#primaryimage"},"thumbnailUrl":"https:\/\/dicodusport.fr\/blog\/wp-content\/uploads\/2025\/03\/Athletisme-Europe-en-salle-Azeddine-Habz-medaille-dargent-seulement-battu-par-Jakob-Ingebrigtsen-1.png","datePublished":"2025-03-08T13:05:27+00:00","dateModified":"2025-03-08T13:59:00+00:00","description":"CHAMPIONNATS D'EUROPE D'ATHL\u00c9TISME EN SALLE 2025 - Les Fran\u00e7ais ont v\u00e9cu une matin\u00e9e mitig\u00e9e \u00e0 Apeldoorn.","breadcrumb":{"@id":"https:\/\/dicodusport.fr\/blog\/athletisme-championnats-deurope-salle-2025-belle-entree-en-matiere-pour-lagui-madeleine-et-mornet-le-resume-de-la-matinee\/#breadcrumb"},"inLanguage":"fr-FR","potentialAction":[{"@type":"ReadAction","target":["https:\/\/dicodusport.fr\/blog\/athletisme-championnats-deurope-salle-2025-belle-entree-en-matiere-pour-lagui-madeleine-et-mornet-le-resume-de-la-matinee\/"]}]},{"@type":"ImageObject","inLanguage":"fr-FR","@id":"https:\/\/dicodusport.fr\/blog\/athletisme-championnats-deurope-salle-2025-belle-entree-en-matiere-pour-lagui-madeleine-et-mornet-le-resume-de-la-matinee\/#primaryimage","url":"https:\/\/dicodusport.fr\/blog\/wp-content\/uploads\/2025\/03\/Athletisme-Europe-en-salle-Azeddine-Habz-medaille-dargent-seulement-battu-par-Jakob-Ingebrigtsen-1.png","contentUrl":"https:\/\/dicodusport.fr\/blog\/wp-content\/uploads\/2025\/03\/Athletisme-Europe-en-salle-Azeddine-Habz-medaille-dargent-seulement-battu-par-Jakob-Ingebrigtsen-1.png","width":1200,"height":674,"caption":"Athl\u00e9tisme Europe en salle Azeddine Habz m\u00e9daill\u00e9 d'argent, seulement battu par Jakob Ingebrigtsen (1)"},{"@type":"BreadcrumbList","@id":"https:\/\/dicodusport.fr\/blog\/athletisme-championnats-deurope-salle-2025-belle-entree-en-matiere-pour-lagui-madeleine-et-mornet-le-resume-de-la-matinee\/#breadcrumb","itemListElement":[{"@type":"ListItem","position":1,"name":"Accueil","item":"https:\/\/dicodusport.fr\/blog\/"},{"@type":"ListItem","position":2,"name":"Athl\u00e9tisme Championnats d&rsquo;Europe (salle) 2025 : Belle entr\u00e9e en mati\u00e8re pour Lagui, Madeleine et Mornet, le r\u00e9sum\u00e9 de la matin\u00e9e"}]},{"@type":"WebSite","@id":"https:\/\/dicodusport.fr\/blog\/#website","url":"https:\/\/dicodusport.fr\/blog\/","name":"Dicodusport","description":"L&#039;encyclop\u00e9die de l&#039;actualit\u00e9 sportive","publisher":{"@id":"https:\/\/dicodusport.fr\/blog\/#organization"},"potentialAction":[{"@type":"SearchAction","target":{"@type":"EntryPoint","urlTemplate":"https:\/\/dicodusport.fr\/blog\/?s={search_term_string}"},"query-input":{"@type":"PropertyValueSpecification","valueRequired":true,"valueName":"search_term_string"}}],"inLanguage":"fr-FR"},{"@type":"NewsMediaOrganization","@id":"https:\/\/dicodusport.fr\/blog\/#organization","name":"Dicodusport","url":"https:\/\/dicodusport.fr\/blog\/","logo":{"@type":"ImageObject","inLanguage":"fr-FR","@id":"https:\/\/dicodusport.fr\/blog\/#\/schema\/logo\/image\/","url":"https:\/\/dicodusport.fr\/blog\/wp-content\/uploads\/2020\/06\/cropped-LOGO-DICODUSPORT-2020-SANS-FOND-SANS-TEXTE.png","contentUrl":"https:\/\/dicodusport.fr\/blog\/wp-content\/uploads\/2020\/06\/cropped-LOGO-DICODUSPORT-2020-SANS-FOND-SANS-TEXTE.png","width":512,"height":512,"caption":"Dicodusport"},"image":{"@id":"https:\/\/dicodusport.fr\/blog\/#\/schema\/logo\/image\/"},"sameAs":["https:\/\/www.facebook.com\/dicodusport","https:\/\/x.com\/dicodusport","https:\/\/www.instagram.com\/dicodusport\/","https:\/\/www.youtube.com\/channel\/UC7V2KZ5sd3htJivAbA4ZG3w"],"description":"Dicodusport est l'encyclop\u00e9die de l'actualit\u00e9 sportive.","email":"bonjour@dicodusport.fr","legalName":"DICODUSPORT","foundingDate":"2018-01-14","vatID":"FR71834470973","taxID":"83447097300043","numberOfEmployees":{"@type":"QuantitativeValue","minValue":"1","maxValue":"10"}},{"@type":"Person","@id":"https:\/\/dicodusport.fr\/blog\/#\/schema\/person\/54b6cdccebdfcd5a1036c594aecffc2a","name":"Louka Lesueur","image":{"@type":"ImageObject","inLanguage":"fr-FR","@id":"https:\/\/dicodusport.fr\/blog\/#\/schema\/person\/image\/","url":"https:\/\/dicodusport.fr\/blog\/wp-content\/uploads\/2023\/09\/IMG_2783-150x150.jpeg","contentUrl":"https:\/\/dicodusport.fr\/blog\/wp-content\/uploads\/2023\/09\/IMG_2783-150x150.jpeg","caption":"Louka Lesueur"},"description":"Passionn\u00e9 depuis tout petit par les exploits de Bolt, Fourcade, Riner, Lavillenie, Wilkinson, Hirscher. Les \u00e9motions provoqu\u00e9es par le sport ont berc\u00e9 mon enfance et continuent de le faire aujourd'hui. C'est ainsi qu'il m'est arriv\u00e9 de pleurer devant la d\u00e9faite des Bleus face aux Blacks en 2011, ou encore devant le titre olympique de Florent Manaudou \u00e0 Londres. Bien loin de ce milieu professionnel, j'ai os\u00e9 tenter ma chance pour rejoindre l'\u00e9quipe de r\u00e9daction de Dicodusport, et depuis septembre 2023, je tente de retransmettre au mieux les exploits des athl\u00e8tes, tous sports confondus. Grand chauvin, c'est bel et bien sur les sportifs tricolores que je pr\u00e9f\u00e8re \u00e9crire.","sameAs":["https:\/\/x.com\/https:\/\/twitter.com\/LNewsSF"],"gender":"Homme","worksFor":"Louka LESUEUR","url":"https:\/\/dicodusport.fr\/blog\/author\/louka-lesueur\/"}]}},"_links":{"self":[{"href":"https:\/\/dicodusport.fr\/blog\/wp-json\/wp\/v2\/posts\/561147","targetHints":{"allow":["GET"]}}],"collection":[{"href":"https:\/\/dicodusport.fr\/blog\/wp-json\/wp\/v2\/posts"}],"about":[{"href":"https:\/\/dicodusport.fr\/blog\/wp-json\/wp\/v2\/types\/post"}],"author":[{"embeddable":true,"href":"https:\/\/dicodusport.fr\/blog\/wp-json\/wp\/v2\/users\/89"}],"replies":[{"embeddable":true,"href":"https:\/\/dicodusport.fr\/blog\/wp-json\/wp\/v2\/comments?post=561147"}],"version-history":[{"count":5,"href":"https:\/\/dicodusport.fr\/blog\/wp-json\/wp\/v2\/posts\/561147\/revisions"}],"predecessor-version":[{"id":562291,"href":"https:\/\/dicodusport.fr\/blog\/wp-json\/wp\/v2\/posts\/561147\/revisions\/562291"}],"wp:featuredmedia":[{"embeddable":true,"href":"https:\/\/dicodusport.fr\/blog\/wp-json\/wp\/v2\/media\/562045"}],"wp:attachment":[{"href":"https:\/\/dicodusport.fr\/blog\/wp-json\/wp\/v2\/media?parent=561147"}],"wp:term":[{"taxonomy":"category","embeddable":true,"href":"https:\/\/dicodusport.fr\/blog\/wp-json\/wp\/v2\/categories?post=561147"},{"taxonomy":"post_tag","embeddable":true,"href":"https:\/\/dicodusport.fr\/blog\/wp-json\/wp\/v2\/tags?post=561147"}],"curies":[{"name":"wp","href":"https:\/\/api.w.org\/{rel}","templated":true}]}}