{"id":561153,"date":"2025-03-07T22:21:55","date_gmt":"2025-03-07T21:21:55","guid":{"rendered":"https:\/\/dicodusport.fr\/blog\/?p=561153&#038;preview=true&#038;preview_id=561153"},"modified":"2025-03-07T22:21:55","modified_gmt":"2025-03-07T21:21:55","slug":"athletisme-championnats-deurope-salle-2025-le-titre-pour-guillemot-la-medaille-pour-habz-kwaou-mathey-et-belocian-le-resume-du-vendredi-soir","status":"publish","type":"post","link":"https:\/\/dicodusport.fr\/blog\/athletisme-championnats-deurope-salle-2025-le-titre-pour-guillemot-la-medaille-pour-habz-kwaou-mathey-et-belocian-le-resume-du-vendredi-soir\/","title":{"rendered":"Athl\u00e9tisme Championnats d&rsquo;Europe (salle) 2025 : Le titre pour Guillemot, la m\u00e9daille pour Habz, Kwaou-Mathey et Belocian, le r\u00e9sum\u00e9 du vendredi soir"},"content":{"rendered":"<h4 style=\"text-align: justify;\"><em>CHAMPIONNATS D&rsquo;EUROPE D&rsquo;ATHL\u00c9TISME EN SALLE 2025 &#8211; Les premi\u00e8res m\u00e9dailles sont tomb\u00e9es pour la France dans cette soir\u00e9e, avec l&rsquo;or pour Agathe Guillemot (1500m) l&rsquo;argent pour Azeddine Habz et Wilhem Belocian (1500m et 60m haies), et enfin le bronze pour Just Kwaou-Mathey (60m haies).\u00a0<\/em><\/h4>\n<ul>\n<li style=\"text-align: justify;\"><strong>\u00c0 ce sujet \u2013\u00a0<a href=\"https:\/\/dicodusport.fr\/blog\/athletisme-programme-et-resultats-championnats-deurope-en-salle-2025\/\">Athl\u00e9tisme : Programme et r\u00e9sultats Championnats d&rsquo;Europe en salle 2025<\/a><\/strong><\/li>\n<\/ul>\n<h2 style=\"text-align: justify;\">Guillemot en or, Habz et Belocian en argent, Kwaou-Mathey en bronze !<\/h2>\n<p style=\"text-align: justify;\">Les Fran\u00e7ais attendaient avec impatience le 1500m, et \u00e0 juste titre. En patronne, <strong>Agathe Guillemot<\/strong> a d\u00e9cid\u00e9 de prendre les devants. Si les Britanniques <strong>Bell<\/strong> et <strong>Walcott-Nolan<\/strong> reprenaient le lead, une attaque tranchante dans l\u2019ultime virage a permis \u00e0 la Tricolore <a href=\"https:\/\/dicodusport.fr\/blog\/athletisme-europe-en-salle-agathe-guillemot-medaillee-dor-sur-1500-metres\/\">de remporter son premier titre europ\u00e9en chez les seniors<\/a>, en 4:07.23. La premi\u00e8re m\u00e9daille fran\u00e7aise est en or ! <strong>Salom\u00e9 Afonso<\/strong> prend l\u2019argent devant <strong>Revee Walcott-Nolan<\/strong>. Autre tricolore engag\u00e9e, <strong>B\u00e9r\u00e9nice Cleyet-Merle<\/strong> termine 9\u00e8me et derni\u00e8re de cette finale.<\/p>\n<blockquote class=\"twitter-tweet\">\n<p dir=\"ltr\" lang=\"fr\">\ud83e\udd47 HISTORIQUE !!! Agathe Guillemot d\u00e9croche son premier titre europ\u00e9en sur 1500 m !!!<\/p>\n<p>\ud83d\udca5 Une course magistrale, un dernier virage de feu, et une arriv\u00e9e en or en 4&rsquo;07\u00a0\u00bb23 ! Une explosion d\u2019\u00e9motions pour un sacre inoubliable !<\/p>\n<p>\ud83d\udcbb La comp\u00e9tition est \u00e0 suivre en DIRECT sur\u2026 <a href=\"https:\/\/t.co\/Qx7F2kmhIC\">pic.twitter.com\/Qx7F2kmhIC<\/a><\/p>\n<p>\u2014 FFAthl\u00e9tisme (@FFAthletisme) <a href=\"https:\/\/twitter.com\/FFAthletisme\/status\/1898104642048848088?ref_src=twsrc%5Etfw\">March 7, 2025<\/a><\/p><\/blockquote>\n<p><script async src=\"https:\/\/platform.twitter.com\/widgets.js\" charset=\"utf-8\"><\/script><\/p>\n<p style=\"text-align: justify;\">Venaient ensuite les hommes, avec l\u00e0 aussi des chances de m\u00e9dailles. Si l\u2019immense favori <strong>Jakob Ingebrigtsen<\/strong> d\u00e9cidait comme \u00e0 son habitude de se placer en derni\u00e8re position, <strong>Azeddine Habz<\/strong> d\u00e9cidait lui de mener. \u00c0 mi-course, le Norv\u00e9gien reprend la t\u00eate, <strong>Habz<\/strong> se place dans sa foul\u00e9e. Sans trembler, <strong>Ingebrigtsen<\/strong> remporte son 6\u00e8me titre europ\u00e9en en salle (3:36.56). Et derri\u00e8re, c\u2019est une deuxi\u00e8me m\u00e9daille fran\u00e7aise. Solide jusqu\u2019au bout, <strong>Azeddine Habz<\/strong> a r\u00e9sist\u00e9 aux assauts du Portugais <strong>Nader<\/strong> <a href=\"https:\/\/dicodusport.fr\/blog\/athletisme-europe-en-salle-azeddine-habz-medaille-dargent-sur-1500-m-seulement-battu-par-jakob-ingebrigtsen\/\">pour remporter la m\u00e9daille d\u2019argent (3:36.92)<\/a>. Meilleur r\u00e9sultat en carri\u00e8re dans un grand championnat pour le Fran\u00e7ais. <strong>Louis Gilavert<\/strong> n\u2019a pas pu suivre le rythme dans le dernier tour et termine finalement 5\u00e8me tandis que<strong> Paul Anselmini<\/strong> se classe 8\u00e8me.<\/p>\n<blockquote class=\"twitter-tweet\">\n<p dir=\"ltr\" lang=\"en\">\u261d\ufe0f<\/p>\n<p>A third successive European indoor 1500m title for Jakob Ingebrigtsen\u2026and his sixth in total! \ud83e\udd47<\/p>\n<p>And he\u2019s back tomorrow in the 3000m heats. \ud83d\ude2e\u200d\ud83d\udca8<a href=\"https:\/\/twitter.com\/hashtag\/Apeldoorn2025?src=hash&amp;ref_src=twsrc%5Etfw\">#Apeldoorn2025<\/a> <a href=\"https:\/\/t.co\/Lpzm4GUWv5\">pic.twitter.com\/Lpzm4GUWv5<\/a><\/p>\n<p>\u2014 European Athletics (@EuroAthletics) <a href=\"https:\/\/twitter.com\/EuroAthletics\/status\/1898108718815777206?ref_src=twsrc%5Etfw\">March 7, 2025<\/a><\/p><\/blockquote>\n<p><script async src=\"https:\/\/platform.twitter.com\/widgets.js\" charset=\"utf-8\"><\/script><\/p>\n<p style=\"text-align: justify;\">Les hurdlers cl\u00f4turaient la soir\u00e9e. Chez les dames, la Suissesse <strong>Ditaji Kambundji<\/strong> a \u00e9cras\u00e9 la concurrence pour s\u2019offrir le titre en 7.67, record d\u2019Europe en prime. Elle devance <strong>Nadine Visser<\/strong> qui bat le record des Pays-Bas en 7.72 et <strong>Pia Skrzyszowska<\/strong> (7.83).<\/p>\n<p style=\"text-align: justify;\">Et pour terminer, ce sont les messieurs qui se pr\u00e9sentaient. Deux Fran\u00e7ais en lice, et au final deux m\u00e9dailles ! <strong>Wilhem Belocian<\/strong> a pris un excellent d\u00e9part avant de se crisper quand <strong>Jakub Szymanski<\/strong> revenait dans son r\u00e9troviseur. \u00c0 l\u2019arriv\u00e9e, les deux hommes se jettent, mais c\u2019est le Polonais qui l\u2019emporte (7.43) devant le Fran\u00e7ais (7.45). Derri\u00e8re, <strong>Just Kwaou-Mathey<\/strong> valide parfaitement son retour au plus haut niveau en remportant une nouvelle m\u00e9daille de bronze (7.50), et continue de prouver qu\u2019il est un homme de championnat.<\/p>\n<ul>\n<li style=\"text-align: justify;\"><strong>\u00c0 ce sujet \u2014\u00a0<a href=\"https:\/\/dicodusport.fr\/blog\/athletisme-europe-en-salle-just-kwaou-mathey-et-wilhem-belocian-sur-le-podium-du-60-m-haies\/\">Athl\u00e9tisme Europe en salle : Just Kwaou-Mathey et Wilhem Belocian sur le podium du 60 m haies<\/a><\/strong><\/li>\n<\/ul>\n<h2 style=\"text-align: justify;\">Pas de breloque pour Ilionis Guillaume, \u00e7a passe pour les perchistes et pour Soudril<\/h2>\n<p style=\"text-align: justify;\">Les triples sauteuses ont ouvert le bal dans cette soir\u00e9e d\u2019athl\u00e9tisme, avec difficult\u00e9. En effet, seules trois athl\u00e8tes parviennent \u00e0 r\u00e9aliser une marque sur leur premier essai. Dont la Fran\u00e7aise <strong>Ilionis Guillaume<\/strong> qui bondit \u00e0 13,54 m. Mais, en favorite, l\u2019Espagnole <strong>Ana Peleteiro-Compaor\u00e9<\/strong> vient frapper fort d\u00e8s le deuxi\u00e8me saut avec 14,20 m. Elle am\u00e9liorera encore cette marque sur son 5\u00e8me essai avec 14,37 m, et s\u2019offrira le titre. <strong>Diana Ana Maria Ion<\/strong> et <strong>Senni Salminen<\/strong> compl\u00e8tent le podium. La Tricolore, en difficult\u00e9 sur ses marques, ne terminera qu\u2019\u00e0 la 6\u00e8me place (13,54 m).<\/p>\n<p style=\"text-align: justify;\">Sur les qualifications du saut \u00e0 la perche, une grosse surprise s\u2019est produite avec l\u2019\u00e9limination du Turc <strong>Ersu Sasma<\/strong>, auteur de 5,90 m cet hiver. Ce soir, il n\u2019est pas parvenu \u00e0 franchir sa premi\u00e8re barre \u00e0 5,45 m. D\u00e9ception \u00e9galement pour le Polonais <strong>Piotr Lisek<\/strong> qui ne passe pas en finale. Pour <strong>Renaud Lavillenie<\/strong>, <strong>Thibaut Collet<\/strong> et <strong>Baptiste Thierry<\/strong>, direction la finale. Si le premier cit\u00e9 est le seul \u00e0 ne pas \u00eatre pass\u00e9 \u00e0 5,75 m, sa performance \u00e0 5,65 m au premier essai suffit \u00e0 rallier la finale qui se disputera \u00e0 11.<\/p>\n<p style=\"text-align: justify;\">Sur le 400m, <strong>Amandine Brossier<\/strong> a termin\u00e9 4\u00e8me de sa demie en 52.07, insuffisant pour se qualifier malgr\u00e9 le 5\u00e8me temps au global des deux s\u00e9ries. C\u2019est la N\u00e9erlandaise <strong>Lieke Klaver<\/strong> qui obtient le meilleur chrono des demies en 51.15. \u00c7a passe en revanche pour le Fran\u00e7ais<strong>\u00a0Jimy Soudril<\/strong>, 2\u00e8me de sa demie avec un record personnel en 45.99. Une performance qui pourrait faire du bruit, pour l\u2019athl\u00e8te qui revient tout juste de suspension pour dopage.<\/p>\n<blockquote class=\"twitter-tweet\">\n<p dir=\"ltr\" lang=\"en\">Strike a pose, Lieke! \ud83d\udc81\u200d\u2640\ufe0f<\/p>\n<p>Fastest qualifier for tomorrow\u2019s 400m final with 51.15. \ud83d\ude24<a href=\"https:\/\/twitter.com\/hashtag\/Apeldoorn2025?src=hash&amp;ref_src=twsrc%5Etfw\">#Apeldoorn2025<\/a> <a href=\"https:\/\/t.co\/2GkaFLSuC2\">pic.twitter.com\/2GkaFLSuC2<\/a><\/p>\n<p>\u2014 European Athletics (@EuroAthletics) <a href=\"https:\/\/twitter.com\/EuroAthletics\/status\/1898101194007924897?ref_src=twsrc%5Etfw\">March 7, 2025<\/a><\/p><\/blockquote>\n<p><script async src=\"https:\/\/platform.twitter.com\/widgets.js\" charset=\"utf-8\"><\/script><\/p>\n<p style=\"text-align: justify;\">\u00c0 l\u2019heptathlon, <strong>T\u00e9o Bastien<\/strong> r\u00e9alise un concours de hauteur d\u00e9licat et ne passe que sa premi\u00e8re barre \u00e0 1,86 m, ce qui le place 10\u00e8me au classement. De son c\u00f4t\u00e9, <strong>Luc Brewin<\/strong> \u00e9gale son record avec 1,95 m et termine cette premi\u00e8re journ\u00e9e, 8\u00e8me. C\u2019est le Norv\u00e9gien <strong>Sander Skotheim<\/strong> qui m\u00e8ne avec 3689 points, devant <strong>Simon Ehammer<\/strong> (3647 points) et <strong>Till Steinforth<\/strong> (3560 points).<\/p>\n<p style=\"text-align: justify;\">La longueur a offert un beau spectacle au public n\u00e9erlandais, et un vainqueur surprise. En difficult\u00e9 dans son concours, le Bulgare <strong>Bozhidar Sar\u00e2boyukov<\/strong> va sortir un bond \u00e0 8,13 m, synonyme de premi\u00e8re place. Favori du concours, le jeune Italien <strong>Mattia Furlani<\/strong> prend l\u2019argent avec une marque \u00e0 8,12 m, alors que c\u2019est l\u2019Espagnol <strong>Lester Lescay<\/strong> qui glane le bronze (8,12 m \u00e9galement, mais une deuxi\u00e8me meilleure performance moins bonne que Furlani). Les m\u00e9dailles se sont jou\u00e9es au centim\u00e8tre pr\u00e8s dans cette finale.<\/p>\n","protected":false},"excerpt":{"rendered":"<p>Le titre pour Guillemot, la m\u00e9daille pour Habz, Kwaou-Mathey et Belocian, le r\u00e9sum\u00e9 du vendredi soir<\/p>\n","protected":false},"author":89,"featured_media":562077,"comment_status":"open","ping_status":"closed","sticky":false,"template":"","format":"standard","meta":{"_acf_changed":false,"_daextam_enable_autolinks":"1","footnotes":""},"categories":[2308],"tags":[37023,143,16878],"class_list":["post-561153","post","type-post","status-publish","format-standard","has-post-thumbnail","hentry","category-athletisme","tag-apeldoorn","tag-athletisme","tag-breve"],"acf":[],"yoast_head":"<!-- This site is optimized with the Yoast SEO Premium plugin v26.7 (Yoast SEO v26.7) - https:\/\/yoast.com\/wordpress\/plugins\/seo\/ -->\n<title>Athl\u00e9tisme Championnats d&#039;Europe (salle) 2025 : Le titre pour Guillemot, la m\u00e9daille pour Habz, Kwaou-Mathey et Belocian, le r\u00e9sum\u00e9 du vendredi soir<\/title>\n<meta name=\"description\" content=\"Les premi\u00e8res m\u00e9dailles fran\u00e7aises sont tomb\u00e9es, avec l&#039;or pour Agathe Guillemot, l&#039;argent pour Azeddine Habz et Wilhem Belocian , et le bronze pour Just Kwaou-Mathey.\" \/>\n<meta name=\"robots\" content=\"index, follow, max-snippet:-1, max-image-preview:large, max-video-preview:-1\" \/>\n<link rel=\"canonical\" href=\"https:\/\/dicodusport.fr\/blog\/athletisme-championnats-deurope-salle-2025-le-titre-pour-guillemot-la-medaille-pour-habz-kwaou-mathey-et-belocian-le-resume-du-vendredi-soir\/\" \/>\n<meta property=\"og:locale\" content=\"fr_FR\" \/>\n<meta property=\"og:type\" content=\"article\" \/>\n<meta property=\"og:title\" content=\"Athl\u00e9tisme Championnats d&#039;Europe (salle) 2025 : Le titre pour Guillemot, la m\u00e9daille pour Habz, Kwaou-Mathey et Belocian, le r\u00e9sum\u00e9 du vendredi soir\" \/>\n<meta property=\"og:description\" content=\"Les premi\u00e8res m\u00e9dailles fran\u00e7aises sont tomb\u00e9es, avec l&#039;or pour Agathe Guillemot, l&#039;argent pour Azeddine Habz et Wilhem Belocian , et le bronze pour Just Kwaou-Mathey.\" \/>\n<meta property=\"og:url\" content=\"https:\/\/dicodusport.fr\/blog\/athletisme-championnats-deurope-salle-2025-le-titre-pour-guillemot-la-medaille-pour-habz-kwaou-mathey-et-belocian-le-resume-du-vendredi-soir\/\" \/>\n<meta property=\"og:site_name\" content=\"Dicodusport\" \/>\n<meta property=\"article:publisher\" content=\"https:\/\/www.facebook.com\/dicodusport\" \/>\n<meta property=\"article:published_time\" content=\"2025-03-07T21:21:55+00:00\" \/>\n<meta property=\"og:image\" content=\"https:\/\/dicodusport.fr\/blog\/wp-content\/uploads\/2025\/03\/Athletisme-Championnats-dEurope-salle-2025-Le-titre-pour-Guillemot-la-medaille-pour-Habz-Kwaou-Mathey-et-Belocian-le-resume-du-vendredi-soir.png\" \/>\n\t<meta property=\"og:image:width\" content=\"1200\" \/>\n\t<meta property=\"og:image:height\" content=\"674\" \/>\n\t<meta property=\"og:image:type\" content=\"image\/png\" \/>\n<meta name=\"author\" content=\"Louka Lesueur\" \/>\n<meta name=\"twitter:card\" content=\"summary_large_image\" \/>\n<meta name=\"twitter:title\" content=\"Athl\u00e9tisme Championnats d&#039;Europe (salle) 2025 : Le titre pour Guillemot, la m\u00e9daille pour Habz, Kwaou-Mathey et Belocian, le r\u00e9sum\u00e9 du vendredi soir\" \/>\n<meta name=\"twitter:creator\" content=\"@https:\/\/twitter.com\/LNewsSF\" \/>\n<meta name=\"twitter:site\" content=\"@dicodusport\" \/>\n<script type=\"application\/ld+json\" class=\"yoast-schema-graph\">{\"@context\":\"https:\/\/schema.org\",\"@graph\":[{\"@type\":\"NewsArticle\",\"@id\":\"https:\/\/dicodusport.fr\/blog\/athletisme-championnats-deurope-salle-2025-le-titre-pour-guillemot-la-medaille-pour-habz-kwaou-mathey-et-belocian-le-resume-du-vendredi-soir\/#article\",\"isPartOf\":{\"@id\":\"https:\/\/dicodusport.fr\/blog\/athletisme-championnats-deurope-salle-2025-le-titre-pour-guillemot-la-medaille-pour-habz-kwaou-mathey-et-belocian-le-resume-du-vendredi-soir\/\"},\"author\":{\"name\":\"Louka Lesueur\",\"@id\":\"https:\/\/dicodusport.fr\/blog\/#\/schema\/person\/54b6cdccebdfcd5a1036c594aecffc2a\"},\"headline\":\"Athl\u00e9tisme Championnats d&rsquo;Europe (salle) 2025 : Le titre pour Guillemot, la m\u00e9daille pour Habz, Kwaou-Mathey et Belocian, le r\u00e9sum\u00e9 du vendredi soir\",\"datePublished\":\"2025-03-07T21:21:55+00:00\",\"mainEntityOfPage\":{\"@id\":\"https:\/\/dicodusport.fr\/blog\/athletisme-championnats-deurope-salle-2025-le-titre-pour-guillemot-la-medaille-pour-habz-kwaou-mathey-et-belocian-le-resume-du-vendredi-soir\/\"},\"wordCount\":1021,\"commentCount\":0,\"publisher\":{\"@id\":\"https:\/\/dicodusport.fr\/blog\/#organization\"},\"image\":{\"@id\":\"https:\/\/dicodusport.fr\/blog\/athletisme-championnats-deurope-salle-2025-le-titre-pour-guillemot-la-medaille-pour-habz-kwaou-mathey-et-belocian-le-resume-du-vendredi-soir\/#primaryimage\"},\"thumbnailUrl\":\"https:\/\/dicodusport.fr\/blog\/wp-content\/uploads\/2025\/03\/Athletisme-Championnats-dEurope-salle-2025-Le-titre-pour-Guillemot-la-medaille-pour-Habz-Kwaou-Mathey-et-Belocian-le-resume-du-vendredi-soir.png\",\"keywords\":[\"Apeldoorn\",\"Athl\u00e9tisme\",\"br\u00e8ve\"],\"articleSection\":[\"Athl\u00e9tisme\"],\"inLanguage\":\"fr-FR\",\"potentialAction\":[{\"@type\":\"CommentAction\",\"name\":\"Comment\",\"target\":[\"https:\/\/dicodusport.fr\/blog\/athletisme-championnats-deurope-salle-2025-le-titre-pour-guillemot-la-medaille-pour-habz-kwaou-mathey-et-belocian-le-resume-du-vendredi-soir\/#respond\"]}],\"copyrightYear\":\"2025\",\"copyrightHolder\":{\"@id\":\"https:\/\/dicodusport.fr\/blog\/#organization\"}},{\"@type\":\"WebPage\",\"@id\":\"https:\/\/dicodusport.fr\/blog\/athletisme-championnats-deurope-salle-2025-le-titre-pour-guillemot-la-medaille-pour-habz-kwaou-mathey-et-belocian-le-resume-du-vendredi-soir\/\",\"url\":\"https:\/\/dicodusport.fr\/blog\/athletisme-championnats-deurope-salle-2025-le-titre-pour-guillemot-la-medaille-pour-habz-kwaou-mathey-et-belocian-le-resume-du-vendredi-soir\/\",\"name\":\"Athl\u00e9tisme Championnats d'Europe (salle) 2025 : Le titre pour Guillemot, la m\u00e9daille pour Habz, Kwaou-Mathey et Belocian, le r\u00e9sum\u00e9 du vendredi soir\",\"isPartOf\":{\"@id\":\"https:\/\/dicodusport.fr\/blog\/#website\"},\"primaryImageOfPage\":{\"@id\":\"https:\/\/dicodusport.fr\/blog\/athletisme-championnats-deurope-salle-2025-le-titre-pour-guillemot-la-medaille-pour-habz-kwaou-mathey-et-belocian-le-resume-du-vendredi-soir\/#primaryimage\"},\"image\":{\"@id\":\"https:\/\/dicodusport.fr\/blog\/athletisme-championnats-deurope-salle-2025-le-titre-pour-guillemot-la-medaille-pour-habz-kwaou-mathey-et-belocian-le-resume-du-vendredi-soir\/#primaryimage\"},\"thumbnailUrl\":\"https:\/\/dicodusport.fr\/blog\/wp-content\/uploads\/2025\/03\/Athletisme-Championnats-dEurope-salle-2025-Le-titre-pour-Guillemot-la-medaille-pour-Habz-Kwaou-Mathey-et-Belocian-le-resume-du-vendredi-soir.png\",\"datePublished\":\"2025-03-07T21:21:55+00:00\",\"description\":\"Les premi\u00e8res m\u00e9dailles fran\u00e7aises sont tomb\u00e9es, avec l'or pour Agathe Guillemot, l'argent pour Azeddine Habz et Wilhem Belocian , et le bronze pour Just Kwaou-Mathey.\",\"breadcrumb\":{\"@id\":\"https:\/\/dicodusport.fr\/blog\/athletisme-championnats-deurope-salle-2025-le-titre-pour-guillemot-la-medaille-pour-habz-kwaou-mathey-et-belocian-le-resume-du-vendredi-soir\/#breadcrumb\"},\"inLanguage\":\"fr-FR\",\"potentialAction\":[{\"@type\":\"ReadAction\",\"target\":[\"https:\/\/dicodusport.fr\/blog\/athletisme-championnats-deurope-salle-2025-le-titre-pour-guillemot-la-medaille-pour-habz-kwaou-mathey-et-belocian-le-resume-du-vendredi-soir\/\"]}]},{\"@type\":\"ImageObject\",\"inLanguage\":\"fr-FR\",\"@id\":\"https:\/\/dicodusport.fr\/blog\/athletisme-championnats-deurope-salle-2025-le-titre-pour-guillemot-la-medaille-pour-habz-kwaou-mathey-et-belocian-le-resume-du-vendredi-soir\/#primaryimage\",\"url\":\"https:\/\/dicodusport.fr\/blog\/wp-content\/uploads\/2025\/03\/Athletisme-Championnats-dEurope-salle-2025-Le-titre-pour-Guillemot-la-medaille-pour-Habz-Kwaou-Mathey-et-Belocian-le-resume-du-vendredi-soir.png\",\"contentUrl\":\"https:\/\/dicodusport.fr\/blog\/wp-content\/uploads\/2025\/03\/Athletisme-Championnats-dEurope-salle-2025-Le-titre-pour-Guillemot-la-medaille-pour-Habz-Kwaou-Mathey-et-Belocian-le-resume-du-vendredi-soir.png\",\"width\":1200,\"height\":674,\"caption\":\"Athl\u00e9tisme Championnats d'Europe (salle) 2025 Le titre pour Guillemot, la m\u00e9daille pour Habz, Kwaou-Mathey et Belocian, le r\u00e9sum\u00e9 du vendredi soir\"},{\"@type\":\"BreadcrumbList\",\"@id\":\"https:\/\/dicodusport.fr\/blog\/athletisme-championnats-deurope-salle-2025-le-titre-pour-guillemot-la-medaille-pour-habz-kwaou-mathey-et-belocian-le-resume-du-vendredi-soir\/#breadcrumb\",\"itemListElement\":[{\"@type\":\"ListItem\",\"position\":1,\"name\":\"Accueil\",\"item\":\"https:\/\/dicodusport.fr\/blog\/\"},{\"@type\":\"ListItem\",\"position\":2,\"name\":\"Athl\u00e9tisme Championnats d&rsquo;Europe (salle) 2025 : Le titre pour Guillemot, la m\u00e9daille pour Habz, Kwaou-Mathey et Belocian, le r\u00e9sum\u00e9 du vendredi soir\"}]},{\"@type\":\"WebSite\",\"@id\":\"https:\/\/dicodusport.fr\/blog\/#website\",\"url\":\"https:\/\/dicodusport.fr\/blog\/\",\"name\":\"Dicodusport\",\"description\":\"L&#039;encyclop\u00e9die de l&#039;actualit\u00e9 sportive\",\"publisher\":{\"@id\":\"https:\/\/dicodusport.fr\/blog\/#organization\"},\"potentialAction\":[{\"@type\":\"SearchAction\",\"target\":{\"@type\":\"EntryPoint\",\"urlTemplate\":\"https:\/\/dicodusport.fr\/blog\/?s={search_term_string}\"},\"query-input\":{\"@type\":\"PropertyValueSpecification\",\"valueRequired\":true,\"valueName\":\"search_term_string\"}}],\"inLanguage\":\"fr-FR\"},{\"@type\":\"NewsMediaOrganization\",\"@id\":\"https:\/\/dicodusport.fr\/blog\/#organization\",\"name\":\"Dicodusport\",\"url\":\"https:\/\/dicodusport.fr\/blog\/\",\"logo\":{\"@type\":\"ImageObject\",\"inLanguage\":\"fr-FR\",\"@id\":\"https:\/\/dicodusport.fr\/blog\/#\/schema\/logo\/image\/\",\"url\":\"https:\/\/dicodusport.fr\/blog\/wp-content\/uploads\/2020\/06\/cropped-LOGO-DICODUSPORT-2020-SANS-FOND-SANS-TEXTE.png\",\"contentUrl\":\"https:\/\/dicodusport.fr\/blog\/wp-content\/uploads\/2020\/06\/cropped-LOGO-DICODUSPORT-2020-SANS-FOND-SANS-TEXTE.png\",\"width\":512,\"height\":512,\"caption\":\"Dicodusport\"},\"image\":{\"@id\":\"https:\/\/dicodusport.fr\/blog\/#\/schema\/logo\/image\/\"},\"sameAs\":[\"https:\/\/www.facebook.com\/dicodusport\",\"https:\/\/x.com\/dicodusport\",\"https:\/\/www.instagram.com\/dicodusport\/\",\"https:\/\/www.youtube.com\/channel\/UC7V2KZ5sd3htJivAbA4ZG3w\"],\"description\":\"Dicodusport est l'encyclop\u00e9die de l'actualit\u00e9 sportive.\",\"email\":\"bonjour@dicodusport.fr\",\"legalName\":\"DICODUSPORT\",\"foundingDate\":\"2018-01-14\",\"vatID\":\"FR71834470973\",\"taxID\":\"83447097300043\",\"numberOfEmployees\":{\"@type\":\"QuantitativeValue\",\"minValue\":\"1\",\"maxValue\":\"10\"}},{\"@type\":\"Person\",\"@id\":\"https:\/\/dicodusport.fr\/blog\/#\/schema\/person\/54b6cdccebdfcd5a1036c594aecffc2a\",\"name\":\"Louka Lesueur\",\"image\":{\"@type\":\"ImageObject\",\"inLanguage\":\"fr-FR\",\"@id\":\"https:\/\/dicodusport.fr\/blog\/#\/schema\/person\/image\/\",\"url\":\"https:\/\/dicodusport.fr\/blog\/wp-content\/uploads\/2023\/09\/IMG_2783-150x150.jpeg\",\"contentUrl\":\"https:\/\/dicodusport.fr\/blog\/wp-content\/uploads\/2023\/09\/IMG_2783-150x150.jpeg\",\"caption\":\"Louka Lesueur\"},\"description\":\"Passionn\u00e9 depuis tout petit par les exploits de Bolt, Fourcade, Riner, Lavillenie, Wilkinson, Hirscher. Les \u00e9motions provoqu\u00e9es par le sport ont berc\u00e9 mon enfance et continuent de le faire aujourd'hui. C'est ainsi qu'il m'est arriv\u00e9 de pleurer devant la d\u00e9faite des Bleus face aux Blacks en 2011, ou encore devant le titre olympique de Florent Manaudou \u00e0 Londres. Bien loin de ce milieu professionnel, j'ai os\u00e9 tenter ma chance pour rejoindre l'\u00e9quipe de r\u00e9daction de Dicodusport, et depuis septembre 2023, je tente de retransmettre au mieux les exploits des athl\u00e8tes, tous sports confondus. Grand chauvin, c'est bel et bien sur les sportifs tricolores que je pr\u00e9f\u00e8re \u00e9crire.\",\"sameAs\":[\"https:\/\/x.com\/https:\/\/twitter.com\/LNewsSF\"],\"gender\":\"Homme\",\"worksFor\":\"Louka LESUEUR\",\"url\":\"https:\/\/dicodusport.fr\/blog\/author\/louka-lesueur\/\"}]}<\/script>\n<!-- \/ Yoast SEO Premium plugin. -->","yoast_head_json":{"title":"Athl\u00e9tisme Championnats d'Europe (salle) 2025 : Le titre pour Guillemot, la m\u00e9daille pour Habz, Kwaou-Mathey et Belocian, le r\u00e9sum\u00e9 du vendredi soir","description":"Les premi\u00e8res m\u00e9dailles fran\u00e7aises sont tomb\u00e9es, avec l'or pour Agathe Guillemot, l'argent pour Azeddine Habz et Wilhem Belocian , et le bronze pour Just Kwaou-Mathey.","robots":{"index":"index","follow":"follow","max-snippet":"max-snippet:-1","max-image-preview":"max-image-preview:large","max-video-preview":"max-video-preview:-1"},"canonical":"https:\/\/dicodusport.fr\/blog\/athletisme-championnats-deurope-salle-2025-le-titre-pour-guillemot-la-medaille-pour-habz-kwaou-mathey-et-belocian-le-resume-du-vendredi-soir\/","og_locale":"fr_FR","og_type":"article","og_title":"Athl\u00e9tisme Championnats d'Europe (salle) 2025 : Le titre pour Guillemot, la m\u00e9daille pour Habz, Kwaou-Mathey et Belocian, le r\u00e9sum\u00e9 du vendredi soir","og_description":"Les premi\u00e8res m\u00e9dailles fran\u00e7aises sont tomb\u00e9es, avec l'or pour Agathe Guillemot, l'argent pour Azeddine Habz et Wilhem Belocian , et le bronze pour Just Kwaou-Mathey.","og_url":"https:\/\/dicodusport.fr\/blog\/athletisme-championnats-deurope-salle-2025-le-titre-pour-guillemot-la-medaille-pour-habz-kwaou-mathey-et-belocian-le-resume-du-vendredi-soir\/","og_site_name":"Dicodusport","article_publisher":"https:\/\/www.facebook.com\/dicodusport","article_published_time":"2025-03-07T21:21:55+00:00","og_image":[{"width":1200,"height":674,"url":"https:\/\/dicodusport.fr\/blog\/wp-content\/uploads\/2025\/03\/Athletisme-Championnats-dEurope-salle-2025-Le-titre-pour-Guillemot-la-medaille-pour-Habz-Kwaou-Mathey-et-Belocian-le-resume-du-vendredi-soir.png","type":"image\/png"}],"author":"Louka Lesueur","twitter_card":"summary_large_image","twitter_title":"Athl\u00e9tisme Championnats d'Europe (salle) 2025 : Le titre pour Guillemot, la m\u00e9daille pour Habz, Kwaou-Mathey et Belocian, le r\u00e9sum\u00e9 du vendredi soir","twitter_creator":"@https:\/\/twitter.com\/LNewsSF","twitter_site":"@dicodusport","schema":{"@context":"https:\/\/schema.org","@graph":[{"@type":"NewsArticle","@id":"https:\/\/dicodusport.fr\/blog\/athletisme-championnats-deurope-salle-2025-le-titre-pour-guillemot-la-medaille-pour-habz-kwaou-mathey-et-belocian-le-resume-du-vendredi-soir\/#article","isPartOf":{"@id":"https:\/\/dicodusport.fr\/blog\/athletisme-championnats-deurope-salle-2025-le-titre-pour-guillemot-la-medaille-pour-habz-kwaou-mathey-et-belocian-le-resume-du-vendredi-soir\/"},"author":{"name":"Louka Lesueur","@id":"https:\/\/dicodusport.fr\/blog\/#\/schema\/person\/54b6cdccebdfcd5a1036c594aecffc2a"},"headline":"Athl\u00e9tisme Championnats d&rsquo;Europe (salle) 2025 : Le titre pour Guillemot, la m\u00e9daille pour Habz, Kwaou-Mathey et Belocian, le r\u00e9sum\u00e9 du vendredi soir","datePublished":"2025-03-07T21:21:55+00:00","mainEntityOfPage":{"@id":"https:\/\/dicodusport.fr\/blog\/athletisme-championnats-deurope-salle-2025-le-titre-pour-guillemot-la-medaille-pour-habz-kwaou-mathey-et-belocian-le-resume-du-vendredi-soir\/"},"wordCount":1021,"commentCount":0,"publisher":{"@id":"https:\/\/dicodusport.fr\/blog\/#organization"},"image":{"@id":"https:\/\/dicodusport.fr\/blog\/athletisme-championnats-deurope-salle-2025-le-titre-pour-guillemot-la-medaille-pour-habz-kwaou-mathey-et-belocian-le-resume-du-vendredi-soir\/#primaryimage"},"thumbnailUrl":"https:\/\/dicodusport.fr\/blog\/wp-content\/uploads\/2025\/03\/Athletisme-Championnats-dEurope-salle-2025-Le-titre-pour-Guillemot-la-medaille-pour-Habz-Kwaou-Mathey-et-Belocian-le-resume-du-vendredi-soir.png","keywords":["Apeldoorn","Athl\u00e9tisme","br\u00e8ve"],"articleSection":["Athl\u00e9tisme"],"inLanguage":"fr-FR","potentialAction":[{"@type":"CommentAction","name":"Comment","target":["https:\/\/dicodusport.fr\/blog\/athletisme-championnats-deurope-salle-2025-le-titre-pour-guillemot-la-medaille-pour-habz-kwaou-mathey-et-belocian-le-resume-du-vendredi-soir\/#respond"]}],"copyrightYear":"2025","copyrightHolder":{"@id":"https:\/\/dicodusport.fr\/blog\/#organization"}},{"@type":"WebPage","@id":"https:\/\/dicodusport.fr\/blog\/athletisme-championnats-deurope-salle-2025-le-titre-pour-guillemot-la-medaille-pour-habz-kwaou-mathey-et-belocian-le-resume-du-vendredi-soir\/","url":"https:\/\/dicodusport.fr\/blog\/athletisme-championnats-deurope-salle-2025-le-titre-pour-guillemot-la-medaille-pour-habz-kwaou-mathey-et-belocian-le-resume-du-vendredi-soir\/","name":"Athl\u00e9tisme Championnats d'Europe (salle) 2025 : Le titre pour Guillemot, la m\u00e9daille pour Habz, Kwaou-Mathey et Belocian, le r\u00e9sum\u00e9 du vendredi soir","isPartOf":{"@id":"https:\/\/dicodusport.fr\/blog\/#website"},"primaryImageOfPage":{"@id":"https:\/\/dicodusport.fr\/blog\/athletisme-championnats-deurope-salle-2025-le-titre-pour-guillemot-la-medaille-pour-habz-kwaou-mathey-et-belocian-le-resume-du-vendredi-soir\/#primaryimage"},"image":{"@id":"https:\/\/dicodusport.fr\/blog\/athletisme-championnats-deurope-salle-2025-le-titre-pour-guillemot-la-medaille-pour-habz-kwaou-mathey-et-belocian-le-resume-du-vendredi-soir\/#primaryimage"},"thumbnailUrl":"https:\/\/dicodusport.fr\/blog\/wp-content\/uploads\/2025\/03\/Athletisme-Championnats-dEurope-salle-2025-Le-titre-pour-Guillemot-la-medaille-pour-Habz-Kwaou-Mathey-et-Belocian-le-resume-du-vendredi-soir.png","datePublished":"2025-03-07T21:21:55+00:00","description":"Les premi\u00e8res m\u00e9dailles fran\u00e7aises sont tomb\u00e9es, avec l'or pour Agathe Guillemot, l'argent pour Azeddine Habz et Wilhem Belocian , et le bronze pour Just Kwaou-Mathey.","breadcrumb":{"@id":"https:\/\/dicodusport.fr\/blog\/athletisme-championnats-deurope-salle-2025-le-titre-pour-guillemot-la-medaille-pour-habz-kwaou-mathey-et-belocian-le-resume-du-vendredi-soir\/#breadcrumb"},"inLanguage":"fr-FR","potentialAction":[{"@type":"ReadAction","target":["https:\/\/dicodusport.fr\/blog\/athletisme-championnats-deurope-salle-2025-le-titre-pour-guillemot-la-medaille-pour-habz-kwaou-mathey-et-belocian-le-resume-du-vendredi-soir\/"]}]},{"@type":"ImageObject","inLanguage":"fr-FR","@id":"https:\/\/dicodusport.fr\/blog\/athletisme-championnats-deurope-salle-2025-le-titre-pour-guillemot-la-medaille-pour-habz-kwaou-mathey-et-belocian-le-resume-du-vendredi-soir\/#primaryimage","url":"https:\/\/dicodusport.fr\/blog\/wp-content\/uploads\/2025\/03\/Athletisme-Championnats-dEurope-salle-2025-Le-titre-pour-Guillemot-la-medaille-pour-Habz-Kwaou-Mathey-et-Belocian-le-resume-du-vendredi-soir.png","contentUrl":"https:\/\/dicodusport.fr\/blog\/wp-content\/uploads\/2025\/03\/Athletisme-Championnats-dEurope-salle-2025-Le-titre-pour-Guillemot-la-medaille-pour-Habz-Kwaou-Mathey-et-Belocian-le-resume-du-vendredi-soir.png","width":1200,"height":674,"caption":"Athl\u00e9tisme Championnats d'Europe (salle) 2025 Le titre pour Guillemot, la m\u00e9daille pour Habz, Kwaou-Mathey et Belocian, le r\u00e9sum\u00e9 du vendredi soir"},{"@type":"BreadcrumbList","@id":"https:\/\/dicodusport.fr\/blog\/athletisme-championnats-deurope-salle-2025-le-titre-pour-guillemot-la-medaille-pour-habz-kwaou-mathey-et-belocian-le-resume-du-vendredi-soir\/#breadcrumb","itemListElement":[{"@type":"ListItem","position":1,"name":"Accueil","item":"https:\/\/dicodusport.fr\/blog\/"},{"@type":"ListItem","position":2,"name":"Athl\u00e9tisme Championnats d&rsquo;Europe (salle) 2025 : Le titre pour Guillemot, la m\u00e9daille pour Habz, Kwaou-Mathey et Belocian, le r\u00e9sum\u00e9 du vendredi soir"}]},{"@type":"WebSite","@id":"https:\/\/dicodusport.fr\/blog\/#website","url":"https:\/\/dicodusport.fr\/blog\/","name":"Dicodusport","description":"L&#039;encyclop\u00e9die de l&#039;actualit\u00e9 sportive","publisher":{"@id":"https:\/\/dicodusport.fr\/blog\/#organization"},"potentialAction":[{"@type":"SearchAction","target":{"@type":"EntryPoint","urlTemplate":"https:\/\/dicodusport.fr\/blog\/?s={search_term_string}"},"query-input":{"@type":"PropertyValueSpecification","valueRequired":true,"valueName":"search_term_string"}}],"inLanguage":"fr-FR"},{"@type":"NewsMediaOrganization","@id":"https:\/\/dicodusport.fr\/blog\/#organization","name":"Dicodusport","url":"https:\/\/dicodusport.fr\/blog\/","logo":{"@type":"ImageObject","inLanguage":"fr-FR","@id":"https:\/\/dicodusport.fr\/blog\/#\/schema\/logo\/image\/","url":"https:\/\/dicodusport.fr\/blog\/wp-content\/uploads\/2020\/06\/cropped-LOGO-DICODUSPORT-2020-SANS-FOND-SANS-TEXTE.png","contentUrl":"https:\/\/dicodusport.fr\/blog\/wp-content\/uploads\/2020\/06\/cropped-LOGO-DICODUSPORT-2020-SANS-FOND-SANS-TEXTE.png","width":512,"height":512,"caption":"Dicodusport"},"image":{"@id":"https:\/\/dicodusport.fr\/blog\/#\/schema\/logo\/image\/"},"sameAs":["https:\/\/www.facebook.com\/dicodusport","https:\/\/x.com\/dicodusport","https:\/\/www.instagram.com\/dicodusport\/","https:\/\/www.youtube.com\/channel\/UC7V2KZ5sd3htJivAbA4ZG3w"],"description":"Dicodusport est l'encyclop\u00e9die de l'actualit\u00e9 sportive.","email":"bonjour@dicodusport.fr","legalName":"DICODUSPORT","foundingDate":"2018-01-14","vatID":"FR71834470973","taxID":"83447097300043","numberOfEmployees":{"@type":"QuantitativeValue","minValue":"1","maxValue":"10"}},{"@type":"Person","@id":"https:\/\/dicodusport.fr\/blog\/#\/schema\/person\/54b6cdccebdfcd5a1036c594aecffc2a","name":"Louka Lesueur","image":{"@type":"ImageObject","inLanguage":"fr-FR","@id":"https:\/\/dicodusport.fr\/blog\/#\/schema\/person\/image\/","url":"https:\/\/dicodusport.fr\/blog\/wp-content\/uploads\/2023\/09\/IMG_2783-150x150.jpeg","contentUrl":"https:\/\/dicodusport.fr\/blog\/wp-content\/uploads\/2023\/09\/IMG_2783-150x150.jpeg","caption":"Louka Lesueur"},"description":"Passionn\u00e9 depuis tout petit par les exploits de Bolt, Fourcade, Riner, Lavillenie, Wilkinson, Hirscher. Les \u00e9motions provoqu\u00e9es par le sport ont berc\u00e9 mon enfance et continuent de le faire aujourd'hui. C'est ainsi qu'il m'est arriv\u00e9 de pleurer devant la d\u00e9faite des Bleus face aux Blacks en 2011, ou encore devant le titre olympique de Florent Manaudou \u00e0 Londres. Bien loin de ce milieu professionnel, j'ai os\u00e9 tenter ma chance pour rejoindre l'\u00e9quipe de r\u00e9daction de Dicodusport, et depuis septembre 2023, je tente de retransmettre au mieux les exploits des athl\u00e8tes, tous sports confondus. Grand chauvin, c'est bel et bien sur les sportifs tricolores que je pr\u00e9f\u00e8re \u00e9crire.","sameAs":["https:\/\/x.com\/https:\/\/twitter.com\/LNewsSF"],"gender":"Homme","worksFor":"Louka LESUEUR","url":"https:\/\/dicodusport.fr\/blog\/author\/louka-lesueur\/"}]}},"_links":{"self":[{"href":"https:\/\/dicodusport.fr\/blog\/wp-json\/wp\/v2\/posts\/561153","targetHints":{"allow":["GET"]}}],"collection":[{"href":"https:\/\/dicodusport.fr\/blog\/wp-json\/wp\/v2\/posts"}],"about":[{"href":"https:\/\/dicodusport.fr\/blog\/wp-json\/wp\/v2\/types\/post"}],"author":[{"embeddable":true,"href":"https:\/\/dicodusport.fr\/blog\/wp-json\/wp\/v2\/users\/89"}],"replies":[{"embeddable":true,"href":"https:\/\/dicodusport.fr\/blog\/wp-json\/wp\/v2\/comments?post=561153"}],"version-history":[{"count":5,"href":"https:\/\/dicodusport.fr\/blog\/wp-json\/wp\/v2\/posts\/561153\/revisions"}],"predecessor-version":[{"id":562078,"href":"https:\/\/dicodusport.fr\/blog\/wp-json\/wp\/v2\/posts\/561153\/revisions\/562078"}],"wp:featuredmedia":[{"embeddable":true,"href":"https:\/\/dicodusport.fr\/blog\/wp-json\/wp\/v2\/media\/562077"}],"wp:attachment":[{"href":"https:\/\/dicodusport.fr\/blog\/wp-json\/wp\/v2\/media?parent=561153"}],"wp:term":[{"taxonomy":"category","embeddable":true,"href":"https:\/\/dicodusport.fr\/blog\/wp-json\/wp\/v2\/categories?post=561153"},{"taxonomy":"post_tag","embeddable":true,"href":"https:\/\/dicodusport.fr\/blog\/wp-json\/wp\/v2\/tags?post=561153"}],"curies":[{"name":"wp","href":"https:\/\/api.w.org\/{rel}","templated":true}]}}