{"id":561165,"date":"2025-03-04T16:28:08","date_gmt":"2025-03-04T15:28:08","guid":{"rendered":"https:\/\/dicodusport.fr\/blog\/?p=561165&#038;preview=true&#038;preview_id=561165"},"modified":"2025-07-09T18:33:58","modified_gmt":"2025-07-09T16:33:58","slug":"biathlon-mondiaux-jeunes-juniors-2025-classement-relais-hommes-jeunes","status":"publish","type":"post","link":"https:\/\/dicodusport.fr\/blog\/biathlon-mondiaux-jeunes-juniors-2025-classement-relais-hommes-jeunes\/","title":{"rendered":"Biathlon Mondiaux Jeunes\/Juniors 2025 : Classement Relais hommes jeunes"},"content":{"rendered":"<h4 style=\"text-align: justify;\"><i>CHAMPIONNATS DU MONDE DE BIATHLON JEUNES ET JUNIORS 2025 &#8211; Retrouvez le classement et les r\u00e9sultats du relais hommes jeunes des championnats du monde de biathlon jeunes\/juniors 2025 \u00e0 Ostersund (Su\u00e8de), qui s&rsquo;est d\u00e9roul\u00e9e ce mardi 4 mars 2025.\u00a0<\/i><\/h4>\n<ul>\n<li style=\"text-align: justify;\"><strong>\u00c0 ce sujet \u2013 <a href=\"https:\/\/dicodusport.fr\/blog\/championnats-du-monde-de-biathlon-jeunes-et-juniors-2025-le-programme-complet-des-epreuves\/\">Championnats du Monde de Biathlon Jeunes et Juniors 2025 : Le Programme Complet des \u00c9preuves<\/a><\/strong><\/li>\n<\/ul>\n<p style=\"text-align: justify;\">Jour de <strong>relais par genre chez les U19<\/strong> aux <strong>championnats du monde jeunes\/juniors de biathlon 2025<\/strong>. 26 nations sont au d\u00e9part de relais masculin jeunes ce mardi apr\u00e8s-midi. <strong>Camille Grataloup-Manissolle<\/strong>, <strong>L\u00e9o Carlier<\/strong> et <strong>Antonin Guy<\/strong> repr\u00e9sentent la France \u00e0 Ostersund (Su\u00e8de).<\/p>\n<h2 style=\"text-align: justify;\">Classement Relais femmes jeunes &#8211; Championnats du monde jeunes\/juniors de biathlon 2025<\/h2>\n<div class=\"su-table su-table-alternate\">\n<table style=\"width: 800px;border-collapse: collapse\" border=\"1\">\n<tbody>\n<tr style=\"height: 24px\">\n<td style=\"border-color: #ebebeb;height: 24px;text-align: center;width: 80px;vertical-align: middle\">\ud83c\udfc6<\/td>\n<td style=\"border-color: #ebebeb;height: 24px;text-align: center;width: 500px;vertical-align: middle\"><span style=\"font-size: 0.9em\"><strong>NATIONS<\/strong><\/span><\/td>\n<td style=\"border-color: #ebebeb;height: 24px;text-align: center;width: 220px;vertical-align: middle\"><span style=\"font-size: 0.9em\"><strong>TEMPS\/FAUTES<br \/>\n<\/strong><\/span><\/td>\n<\/tr>\n<tr style=\"height: 24px\">\n<td style=\"border-color: #ebebeb;height: 24px;text-align: center;width: 80px;vertical-align: middle\"><strong><span class=\"su-label su-label-type-warning\">1.<\/span><\/strong><\/td>\n<td style=\"border-color: #ebebeb;text-align: center;width: 500px;vertical-align: middle\"><span style=\"font-size: 0.9em\"><b>\ud83c\uddeb\ud83c\uddf7 FRANCE<\/b><\/span><\/td>\n<td style=\"border-color: #ebebeb;text-align: center;width: 220px;vertical-align: middle\"><strong><span style=\"font-size: 0.9em\">1h02m04.1s (6\/0)<\/span><\/strong><\/td>\n<\/tr>\n<tr>\n<td style=\"border-color: #ebebeb;text-align: center;width: 80px;vertical-align: middle\"><strong><span class=\"su-label su-label-type-default\">2.<\/span><\/strong><\/td>\n<td style=\"border-color: #ebebeb;text-align: center;width: 500px;vertical-align: middle\"><span style=\"font-size: 0.9em\"><b>\ud83c\udde9\ud83c\uddea ALLEMAGNE<\/b><\/span><\/td>\n<td style=\"border-color: #ebebeb;text-align: center;width: 220px;vertical-align: middle\"><strong><span style=\"font-size: 0.9em\">\u00e0 35.6s (8\/0)<\/span><\/strong><\/td>\n<\/tr>\n<tr>\n<td style=\"border-color: #ebebeb;text-align: center;width: 80px;vertical-align: middle\"><strong><span class=\"su-label su-label-type-important\">3.<\/span><\/strong><\/td>\n<td style=\"border-color: #ebebeb;text-align: center;width: 500px;vertical-align: middle\"><strong><span style=\"font-size: 0.9em\">\ud83c\udde8\ud83c\uddff R\u00c9PUBLIQUE TCH\u00c8QUE<\/span><\/strong><\/td>\n<td style=\"border-color: #ebebeb;text-align: center;width: 220px;vertical-align: middle\"><strong><span style=\"font-size: 0.9em\">\u00e0 2m25.0s (9\/0)<\/span><\/strong><\/td>\n<\/tr>\n<tr>\n<td style=\"border-color: #ebebeb;text-align: center;width: 80px;vertical-align: middle\"><span style=\"font-size: 0.9em\">4<\/span><span style=\"font-size: 0.9em\">.<\/span><\/td>\n<td style=\"border-color: #ebebeb;text-align: center;width: 500px;vertical-align: middle\"><strong><span style=\"font-size: 0.9em\">\ud83c\udde6\ud83c\uddf9 AUTRICHE<\/span><\/strong><\/td>\n<td style=\"border-color: #ebebeb;text-align: center;width: 220px;vertical-align: middle\"><strong><span style=\"font-size: 0.9em\">\u00e0 2m31.2s (10\/0)<\/span><\/strong><\/td>\n<\/tr>\n<tr>\n<td style=\"border-color: #ebebeb;text-align: center;width: 80px;vertical-align: middle\"><span style=\"font-size: 0.9em\">5.<\/span><\/td>\n<td style=\"border-color: #ebebeb;text-align: center;width: 500px;vertical-align: middle\"><strong><span style=\"font-size: 0.9em\">\ud83c\udde8\ud83c\udde6 CANADA<\/span><\/strong><\/td>\n<td style=\"border-color: #ebebeb;text-align: center;width: 220px;vertical-align: middle\"><strong><span style=\"font-size: 0.9em\">\u00e0 2m46.7s (9\/2)<\/span><\/strong><\/td>\n<\/tr>\n<tr>\n<td style=\"border-color: #ebebeb;text-align: center;width: 80px;vertical-align: middle\"><span style=\"font-size: 0.9em\">6.<\/span><\/td>\n<td style=\"border-color: #ebebeb;text-align: center;width: 500px;vertical-align: middle\"><span style=\"font-size: 0.9em\"><b>\ud83c\udde8\ud83c\udded SUISSE<\/b><\/span><\/td>\n<td style=\"border-color: #ebebeb;text-align: center;width: 220px;vertical-align: middle\"><strong><span style=\"font-size: 0.9em\">\u00e0 3m00.3s (9\/0)<\/span><\/strong><\/td>\n<\/tr>\n<tr>\n<td style=\"border-color: #ebebeb;text-align: center;width: 80px;vertical-align: middle\"><span style=\"font-size: 0.9em\">7.<\/span><\/td>\n<td style=\"border-color: #ebebeb;text-align: center;width: 500px;vertical-align: middle\"><span style=\"font-size: 0.9em\"><b>\ud83c\uddf3\ud83c\uddf4 NORV<\/b><strong>\u00c8<\/strong><b>GE<\/b><\/span><\/td>\n<td style=\"border-color: #ebebeb;text-align: center;width: 220px;vertical-align: middle\"><strong><span style=\"font-size: 0.9em\">\u00e0 3m22.3s (13\/6)<\/span><\/strong><\/td>\n<\/tr>\n<tr>\n<td style=\"border-color: #ebebeb;text-align: center;width: 80px;vertical-align: middle\"><span style=\"font-size: 0.9em\">8.<\/span><\/td>\n<td style=\"border-color: #ebebeb;text-align: center;width: 500px;vertical-align: middle\"><span style=\"font-size: 0.9em\"><b>\ud83c\uddee\ud83c\uddf9 ITALIE<\/b><\/span><\/td>\n<td style=\"border-color: #ebebeb;text-align: center;width: 220px;vertical-align: middle\"><strong><span style=\"font-size: 0.9em\">\u00e0 3m37.1s (12\/3)<\/span><\/strong><\/td>\n<\/tr>\n<tr>\n<td style=\"border-color: #ebebeb;text-align: center;width: 80px;vertical-align: middle\"><span style=\"font-size: 0.9em\">9.<\/span><\/td>\n<td style=\"border-color: #ebebeb;text-align: center;width: 500px;vertical-align: middle\"><span style=\"font-size: 0.9em\"><b>\ud83c\uddfa\ud83c\udde6 UKRAINE<\/b><\/span><\/td>\n<td style=\"border-color: #ebebeb;text-align: center;width: 220px;vertical-align: middle\"><strong><span style=\"font-size: 0.9em\">\u00e0 3m38.8s (13\/1)<\/span><\/strong><\/td>\n<\/tr>\n<tr>\n<td style=\"border-color: #ebebeb;text-align: center;width: 80px;vertical-align: middle\"><span style=\"font-size: 0.9em\">10.<\/span><\/td>\n<td style=\"border-color: #ebebeb;text-align: center;width: 500px;vertical-align: middle\"><strong><span style=\"font-size: 0.9em\">\ud83c\uddfa\ud83c\uddf8 \u00c9TATS-UNIS<\/span><\/strong><\/td>\n<td style=\"border-color: #ebebeb;text-align: center;width: 220px;vertical-align: middle\"><strong><span style=\"font-size: 0.9em\">\u00e0 3m40.0s (6\/0)<\/span><\/strong><\/td>\n<\/tr>\n<\/tbody>\n<\/table>\n<\/div>\n<ul>\n<li style=\"text-align: justify;\"><a href=\"https:\/\/www.biathlonworld.com\/results\/BT2425JWRLCH__YMRL\"><strong>Le classement complet du relais hommes jeunes des championnats du monde 2025<\/strong><\/a><\/li>\n<\/ul>\n<h2 style=\"text-align: justify;\">\u00c0 ce sujet<\/h2>\n<ul>\n<li style=\"text-align: justify;\"><a href=\"https:\/\/dicodusport.fr\/blog\/biathlon-mondiaux-jeunes-et-juniors-2025-tous-les-resultats-et-classements\/\"><strong>Tous les R\u00e9sultats et Classements des championnats du monde jeunes\/juniors 2025<\/strong><\/a><\/li>\n<\/ul>\n<div class=\"vlp-link-container vlp-layout-article\"><a href=\"https:\/\/dicodusport.fr\/blog\/biathlon-mondiaux-jeunes-juniors-2025-le-tableau-des-medailles-mis-a-jour\/\" class=\"vlp-link\" title=\"Biathlon \u2013 Mondiaux Jeunes &amp; Juniors 2025 : Le Tableau des M\u00e9dailles Mis \u00e0 Jour\"><\/a><div class=\"vlp-layout-zone-side\"><div class=\"vlp-block-4 vlp-link-image\"><img loading=\"lazy\" decoding=\"async\" style=\"max-width: 792px;\" width=\"792\" height=\"445\" src=\"https:\/\/dicodusport.fr\/blog\/wp-content\/uploads\/2025\/02\/Biathlon-Combien-rapporte-un-titre-de-champion-du-monde-en-2025-Le-detail-des-primes.png\" class=\"attachment-800x445 size-800x445\" alt=\"Biathlon \u2013 Mondiaux Jeunes &amp; Juniors 2025 : Le Tableau des M\u00e9dailles Mis \u00e0 Jour\" srcset=\"https:\/\/dicodusport.fr\/blog\/wp-content\/uploads\/2025\/02\/Biathlon-Combien-rapporte-un-titre-de-champion-du-monde-en-2025-Le-detail-des-primes.png 1200w, https:\/\/dicodusport.fr\/blog\/wp-content\/uploads\/2025\/02\/Biathlon-Combien-rapporte-un-titre-de-champion-du-monde-en-2025-Le-detail-des-primes-300x169.png 300w, https:\/\/dicodusport.fr\/blog\/wp-content\/uploads\/2025\/02\/Biathlon-Combien-rapporte-un-titre-de-champion-du-monde-en-2025-Le-detail-des-primes-1024x575.png 1024w, https:\/\/dicodusport.fr\/blog\/wp-content\/uploads\/2025\/02\/Biathlon-Combien-rapporte-un-titre-de-champion-du-monde-en-2025-Le-detail-des-primes-768x431.png 768w\" sizes=\"auto, (max-width: 792px) 100vw, 792px\" \/><\/div><\/div><div class=\"vlp-layout-zone-main\"><div class=\"vlp-block-0 vlp-link-title\">Biathlon \u2013 Mondiaux Jeunes &amp; Juniors 2025 : Le Tableau des M\u00e9dailles Mis \u00e0 Jour<\/div><div class=\"vlp-block-1 vlp-link-summary\">Retrouvez le tableau des m\u00e9dailles complet des Mondiaux de biathlon jeunes et juniors 2025 qui se d\u00e9roulent \u00e0 Ostersund (Su\u00e8de).<\/div><div class=\"vlp-block-2 vlp-link-button\">Lire l'article<\/div><div class=\"vlp-block-3 vlp-link-url\">dicodusport.fr<\/div><\/div><\/div>\n","protected":false},"excerpt":{"rendered":"<p>Retrouvez le classement et les r\u00e9sultats du relais hommes jeunes des championnats du monde de biathlon jeunes\/juniors 2025 \u00e0 Ostersund (Su\u00e8de).<\/p>\n","protected":false},"author":4,"featured_media":560323,"comment_status":"open","ping_status":"closed","sticky":false,"template":"","format":"standard","meta":{"_acf_changed":false,"_daextam_enable_autolinks":"1","footnotes":""},"categories":[2426],"tags":[2427,44982,16878],"class_list":["post-561165","post","type-post","status-publish","format-standard","has-post-thumbnail","hentry","category-biathlon","tag-biathlon","tag-biathlon-ostersdund","tag-breve"],"acf":[],"yoast_head":"<!-- This site is optimized with the Yoast SEO Premium plugin v26.7 (Yoast SEO v26.7) - https:\/\/yoast.com\/wordpress\/plugins\/seo\/ -->\n<title>Biathlon Mondiaux Jeunes\/Juniors 2025 : Classement Relais hommes jeunes<\/title>\n<meta name=\"description\" content=\"Retrouvez le classement et les r\u00e9sultats du relais hommes jeunes des championnats du monde de biathlon jeunes\/juniors 2025 \u00e0 Ostersund (Su\u00e8de).\" \/>\n<meta name=\"robots\" content=\"index, follow, max-snippet:-1, max-image-preview:large, max-video-preview:-1\" \/>\n<link rel=\"canonical\" href=\"https:\/\/dicodusport.fr\/blog\/biathlon-mondiaux-jeunes-juniors-2025-classement-relais-hommes-jeunes\/\" \/>\n<meta property=\"og:locale\" content=\"fr_FR\" \/>\n<meta property=\"og:type\" content=\"article\" \/>\n<meta property=\"og:title\" content=\"Biathlon Mondiaux Jeunes\/Juniors 2025 : Classement Relais hommes jeunes\" \/>\n<meta property=\"og:description\" content=\"Retrouvez le classement et les r\u00e9sultats du relais hommes jeunes des championnats du monde de biathlon jeunes\/juniors 2025 \u00e0 Ostersund (Su\u00e8de).\" \/>\n<meta property=\"og:url\" content=\"https:\/\/dicodusport.fr\/blog\/biathlon-mondiaux-jeunes-juniors-2025-classement-relais-hommes-jeunes\/\" \/>\n<meta property=\"og:site_name\" content=\"Dicodusport\" \/>\n<meta property=\"article:publisher\" content=\"https:\/\/www.facebook.com\/dicodusport\" \/>\n<meta property=\"article:author\" content=\"https:\/\/www.facebook.com\/florent.ostermann\" \/>\n<meta property=\"article:published_time\" content=\"2025-03-04T15:28:08+00:00\" \/>\n<meta property=\"article:modified_time\" content=\"2025-07-09T16:33:58+00:00\" \/>\n<meta property=\"og:image\" content=\"https:\/\/dicodusport.fr\/blog\/wp-content\/uploads\/2025\/03\/Mondiaux-JeunesJuniors-de-biathlon-2025-Leo-Carlier-decroche-largent-sur-le-sprint-jeunes-derriere-Lukas-Tannheimer-1.png\" \/>\n\t<meta property=\"og:image:width\" content=\"1200\" \/>\n\t<meta property=\"og:image:height\" content=\"674\" \/>\n\t<meta property=\"og:image:type\" content=\"image\/png\" \/>\n<meta name=\"author\" content=\"Flo Ostermann\" \/>\n<meta name=\"twitter:card\" content=\"summary_large_image\" \/>\n<meta name=\"twitter:title\" content=\"Biathlon Mondiaux Jeunes\/Juniors 2025 : Classement Relais hommes jeunes\" \/>\n<meta name=\"twitter:creator\" content=\"@https:\/\/twitter.com\/FlOstermann\" \/>\n<meta name=\"twitter:site\" content=\"@dicodusport\" \/>\n<script type=\"application\/ld+json\" class=\"yoast-schema-graph\">{\"@context\":\"https:\/\/schema.org\",\"@graph\":[{\"@type\":\"NewsArticle\",\"@id\":\"https:\/\/dicodusport.fr\/blog\/biathlon-mondiaux-jeunes-juniors-2025-classement-relais-hommes-jeunes\/#article\",\"isPartOf\":{\"@id\":\"https:\/\/dicodusport.fr\/blog\/biathlon-mondiaux-jeunes-juniors-2025-classement-relais-hommes-jeunes\/\"},\"author\":{\"name\":\"Flo Ostermann\",\"@id\":\"https:\/\/dicodusport.fr\/blog\/#\/schema\/person\/cb02af4c173ce4a653b55e9baf388d4a\"},\"headline\":\"Biathlon Mondiaux Jeunes\/Juniors 2025 : Classement Relais hommes jeunes\",\"datePublished\":\"2025-03-04T15:28:08+00:00\",\"dateModified\":\"2025-07-09T16:33:58+00:00\",\"mainEntityOfPage\":{\"@id\":\"https:\/\/dicodusport.fr\/blog\/biathlon-mondiaux-jeunes-juniors-2025-classement-relais-hommes-jeunes\/\"},\"wordCount\":286,\"commentCount\":0,\"publisher\":{\"@id\":\"https:\/\/dicodusport.fr\/blog\/#organization\"},\"image\":{\"@id\":\"https:\/\/dicodusport.fr\/blog\/biathlon-mondiaux-jeunes-juniors-2025-classement-relais-hommes-jeunes\/#primaryimage\"},\"thumbnailUrl\":\"https:\/\/dicodusport.fr\/blog\/wp-content\/uploads\/2025\/03\/Mondiaux-JeunesJuniors-de-biathlon-2025-Leo-Carlier-decroche-largent-sur-le-sprint-jeunes-derriere-Lukas-Tannheimer-1.png\",\"keywords\":[\"Biathlon\",\"Biathlon Ostersdund\",\"br\u00e8ve\"],\"articleSection\":[\"Biathlon\"],\"inLanguage\":\"fr-FR\",\"potentialAction\":[{\"@type\":\"CommentAction\",\"name\":\"Comment\",\"target\":[\"https:\/\/dicodusport.fr\/blog\/biathlon-mondiaux-jeunes-juniors-2025-classement-relais-hommes-jeunes\/#respond\"]}],\"copyrightYear\":\"2025\",\"copyrightHolder\":{\"@id\":\"https:\/\/dicodusport.fr\/blog\/#organization\"}},{\"@type\":\"WebPage\",\"@id\":\"https:\/\/dicodusport.fr\/blog\/biathlon-mondiaux-jeunes-juniors-2025-classement-relais-hommes-jeunes\/\",\"url\":\"https:\/\/dicodusport.fr\/blog\/biathlon-mondiaux-jeunes-juniors-2025-classement-relais-hommes-jeunes\/\",\"name\":\"Biathlon Mondiaux Jeunes\/Juniors 2025 : Classement Relais hommes jeunes\",\"isPartOf\":{\"@id\":\"https:\/\/dicodusport.fr\/blog\/#website\"},\"primaryImageOfPage\":{\"@id\":\"https:\/\/dicodusport.fr\/blog\/biathlon-mondiaux-jeunes-juniors-2025-classement-relais-hommes-jeunes\/#primaryimage\"},\"image\":{\"@id\":\"https:\/\/dicodusport.fr\/blog\/biathlon-mondiaux-jeunes-juniors-2025-classement-relais-hommes-jeunes\/#primaryimage\"},\"thumbnailUrl\":\"https:\/\/dicodusport.fr\/blog\/wp-content\/uploads\/2025\/03\/Mondiaux-JeunesJuniors-de-biathlon-2025-Leo-Carlier-decroche-largent-sur-le-sprint-jeunes-derriere-Lukas-Tannheimer-1.png\",\"datePublished\":\"2025-03-04T15:28:08+00:00\",\"dateModified\":\"2025-07-09T16:33:58+00:00\",\"description\":\"Retrouvez le classement et les r\u00e9sultats du relais hommes jeunes des championnats du monde de biathlon jeunes\/juniors 2025 \u00e0 Ostersund (Su\u00e8de).\",\"breadcrumb\":{\"@id\":\"https:\/\/dicodusport.fr\/blog\/biathlon-mondiaux-jeunes-juniors-2025-classement-relais-hommes-jeunes\/#breadcrumb\"},\"inLanguage\":\"fr-FR\",\"potentialAction\":[{\"@type\":\"ReadAction\",\"target\":[\"https:\/\/dicodusport.fr\/blog\/biathlon-mondiaux-jeunes-juniors-2025-classement-relais-hommes-jeunes\/\"]}]},{\"@type\":\"ImageObject\",\"inLanguage\":\"fr-FR\",\"@id\":\"https:\/\/dicodusport.fr\/blog\/biathlon-mondiaux-jeunes-juniors-2025-classement-relais-hommes-jeunes\/#primaryimage\",\"url\":\"https:\/\/dicodusport.fr\/blog\/wp-content\/uploads\/2025\/03\/Mondiaux-JeunesJuniors-de-biathlon-2025-Leo-Carlier-decroche-largent-sur-le-sprint-jeunes-derriere-Lukas-Tannheimer-1.png\",\"contentUrl\":\"https:\/\/dicodusport.fr\/blog\/wp-content\/uploads\/2025\/03\/Mondiaux-JeunesJuniors-de-biathlon-2025-Leo-Carlier-decroche-largent-sur-le-sprint-jeunes-derriere-Lukas-Tannheimer-1.png\",\"width\":1200,\"height\":674,\"caption\":\"Biathlon Mondiaux Jeunes\/Juniors 2025 : Classement Relais hommes jeunes\"},{\"@type\":\"BreadcrumbList\",\"@id\":\"https:\/\/dicodusport.fr\/blog\/biathlon-mondiaux-jeunes-juniors-2025-classement-relais-hommes-jeunes\/#breadcrumb\",\"itemListElement\":[{\"@type\":\"ListItem\",\"position\":1,\"name\":\"Accueil\",\"item\":\"https:\/\/dicodusport.fr\/blog\/\"},{\"@type\":\"ListItem\",\"position\":2,\"name\":\"Biathlon Mondiaux Jeunes\/Juniors 2025 : Classement Relais hommes jeunes\"}]},{\"@type\":\"WebSite\",\"@id\":\"https:\/\/dicodusport.fr\/blog\/#website\",\"url\":\"https:\/\/dicodusport.fr\/blog\/\",\"name\":\"Dicodusport\",\"description\":\"L&#039;encyclop\u00e9die de l&#039;actualit\u00e9 sportive\",\"publisher\":{\"@id\":\"https:\/\/dicodusport.fr\/blog\/#organization\"},\"potentialAction\":[{\"@type\":\"SearchAction\",\"target\":{\"@type\":\"EntryPoint\",\"urlTemplate\":\"https:\/\/dicodusport.fr\/blog\/?s={search_term_string}\"},\"query-input\":{\"@type\":\"PropertyValueSpecification\",\"valueRequired\":true,\"valueName\":\"search_term_string\"}}],\"inLanguage\":\"fr-FR\"},{\"@type\":\"NewsMediaOrganization\",\"@id\":\"https:\/\/dicodusport.fr\/blog\/#organization\",\"name\":\"Dicodusport\",\"url\":\"https:\/\/dicodusport.fr\/blog\/\",\"logo\":{\"@type\":\"ImageObject\",\"inLanguage\":\"fr-FR\",\"@id\":\"https:\/\/dicodusport.fr\/blog\/#\/schema\/logo\/image\/\",\"url\":\"https:\/\/dicodusport.fr\/blog\/wp-content\/uploads\/2020\/06\/cropped-LOGO-DICODUSPORT-2020-SANS-FOND-SANS-TEXTE.png\",\"contentUrl\":\"https:\/\/dicodusport.fr\/blog\/wp-content\/uploads\/2020\/06\/cropped-LOGO-DICODUSPORT-2020-SANS-FOND-SANS-TEXTE.png\",\"width\":512,\"height\":512,\"caption\":\"Dicodusport\"},\"image\":{\"@id\":\"https:\/\/dicodusport.fr\/blog\/#\/schema\/logo\/image\/\"},\"sameAs\":[\"https:\/\/www.facebook.com\/dicodusport\",\"https:\/\/x.com\/dicodusport\",\"https:\/\/www.instagram.com\/dicodusport\/\",\"https:\/\/www.youtube.com\/channel\/UC7V2KZ5sd3htJivAbA4ZG3w\"],\"description\":\"Dicodusport est l'encyclop\u00e9die de l'actualit\u00e9 sportive.\",\"email\":\"bonjour@dicodusport.fr\",\"legalName\":\"DICODUSPORT\",\"foundingDate\":\"2018-01-14\",\"vatID\":\"FR71834470973\",\"taxID\":\"83447097300043\",\"numberOfEmployees\":{\"@type\":\"QuantitativeValue\",\"minValue\":\"1\",\"maxValue\":\"10\"}},{\"@type\":\"Person\",\"@id\":\"https:\/\/dicodusport.fr\/blog\/#\/schema\/person\/cb02af4c173ce4a653b55e9baf388d4a\",\"name\":\"Flo Ostermann\",\"image\":{\"@type\":\"ImageObject\",\"inLanguage\":\"fr-FR\",\"@id\":\"https:\/\/dicodusport.fr\/blog\/#\/schema\/person\/image\/\",\"url\":\"https:\/\/dicodusport.fr\/blog\/wp-content\/uploads\/2021\/05\/Flo-Ostermann-150x150.jpg\",\"contentUrl\":\"https:\/\/dicodusport.fr\/blog\/wp-content\/uploads\/2021\/05\/Flo-Ostermann-150x150.jpg\",\"caption\":\"Flo Ostermann\"},\"description\":\"Journaliste\/R\u00e9dacteur depuis septembre 2015 - Mes premiers souvenirs dans le sport ? Les envol\u00e9es du Stade Toulousain et les duels Villeneuve-Schumacher et H\u00e4kkinen-Schumacher \u00e0 la fin des ann\u00e9es 90, la Coupe du monde de football en 1998, l\u2019exploit du XV de France face aux All Blacks en 1999, mais aussi Richard C\u0153ur de Lion qui vole sur les montagnes du Tour de France. Bien parti pour devenir professeur d\u2019EPS, les \u00e9v\u00e9nements de la vie (et la flemme d\u2019animer des s\u00e9ances de 3x500 m\u00e8tres toute ma vie) m\u2019ont conduit \u00e0 revoir mes plans. Me voil\u00e0 depuis fin 2017 sur Dicodusport, m\u00e9dia gr\u00e2ce (et pour) lequel je partage ma passion : le sport dans tous ses \u00e9tats. Le tout accompagn\u00e9 par les fous furieux et folles furieuses cit\u00e9s sur cette page !\",\"sameAs\":[\"https:\/\/www.facebook.com\/florent.ostermann\",\"https:\/\/x.com\/https:\/\/twitter.com\/FlOstermann\",\"admin\"],\"url\":\"https:\/\/dicodusport.fr\/blog\/author\/flo\/\"}]}<\/script>\n<!-- \/ Yoast SEO Premium plugin. -->","yoast_head_json":{"title":"Biathlon Mondiaux Jeunes\/Juniors 2025 : Classement Relais hommes jeunes","description":"Retrouvez le classement et les r\u00e9sultats du relais hommes jeunes des championnats du monde de biathlon jeunes\/juniors 2025 \u00e0 Ostersund (Su\u00e8de).","robots":{"index":"index","follow":"follow","max-snippet":"max-snippet:-1","max-image-preview":"max-image-preview:large","max-video-preview":"max-video-preview:-1"},"canonical":"https:\/\/dicodusport.fr\/blog\/biathlon-mondiaux-jeunes-juniors-2025-classement-relais-hommes-jeunes\/","og_locale":"fr_FR","og_type":"article","og_title":"Biathlon Mondiaux Jeunes\/Juniors 2025 : Classement Relais hommes jeunes","og_description":"Retrouvez le classement et les r\u00e9sultats du relais hommes jeunes des championnats du monde de biathlon jeunes\/juniors 2025 \u00e0 Ostersund (Su\u00e8de).","og_url":"https:\/\/dicodusport.fr\/blog\/biathlon-mondiaux-jeunes-juniors-2025-classement-relais-hommes-jeunes\/","og_site_name":"Dicodusport","article_publisher":"https:\/\/www.facebook.com\/dicodusport","article_author":"https:\/\/www.facebook.com\/florent.ostermann","article_published_time":"2025-03-04T15:28:08+00:00","article_modified_time":"2025-07-09T16:33:58+00:00","og_image":[{"width":1200,"height":674,"url":"https:\/\/dicodusport.fr\/blog\/wp-content\/uploads\/2025\/03\/Mondiaux-JeunesJuniors-de-biathlon-2025-Leo-Carlier-decroche-largent-sur-le-sprint-jeunes-derriere-Lukas-Tannheimer-1.png","type":"image\/png"}],"author":"Flo Ostermann","twitter_card":"summary_large_image","twitter_title":"Biathlon Mondiaux Jeunes\/Juniors 2025 : Classement Relais hommes jeunes","twitter_creator":"@https:\/\/twitter.com\/FlOstermann","twitter_site":"@dicodusport","schema":{"@context":"https:\/\/schema.org","@graph":[{"@type":"NewsArticle","@id":"https:\/\/dicodusport.fr\/blog\/biathlon-mondiaux-jeunes-juniors-2025-classement-relais-hommes-jeunes\/#article","isPartOf":{"@id":"https:\/\/dicodusport.fr\/blog\/biathlon-mondiaux-jeunes-juniors-2025-classement-relais-hommes-jeunes\/"},"author":{"name":"Flo Ostermann","@id":"https:\/\/dicodusport.fr\/blog\/#\/schema\/person\/cb02af4c173ce4a653b55e9baf388d4a"},"headline":"Biathlon Mondiaux Jeunes\/Juniors 2025 : Classement Relais hommes jeunes","datePublished":"2025-03-04T15:28:08+00:00","dateModified":"2025-07-09T16:33:58+00:00","mainEntityOfPage":{"@id":"https:\/\/dicodusport.fr\/blog\/biathlon-mondiaux-jeunes-juniors-2025-classement-relais-hommes-jeunes\/"},"wordCount":286,"commentCount":0,"publisher":{"@id":"https:\/\/dicodusport.fr\/blog\/#organization"},"image":{"@id":"https:\/\/dicodusport.fr\/blog\/biathlon-mondiaux-jeunes-juniors-2025-classement-relais-hommes-jeunes\/#primaryimage"},"thumbnailUrl":"https:\/\/dicodusport.fr\/blog\/wp-content\/uploads\/2025\/03\/Mondiaux-JeunesJuniors-de-biathlon-2025-Leo-Carlier-decroche-largent-sur-le-sprint-jeunes-derriere-Lukas-Tannheimer-1.png","keywords":["Biathlon","Biathlon Ostersdund","br\u00e8ve"],"articleSection":["Biathlon"],"inLanguage":"fr-FR","potentialAction":[{"@type":"CommentAction","name":"Comment","target":["https:\/\/dicodusport.fr\/blog\/biathlon-mondiaux-jeunes-juniors-2025-classement-relais-hommes-jeunes\/#respond"]}],"copyrightYear":"2025","copyrightHolder":{"@id":"https:\/\/dicodusport.fr\/blog\/#organization"}},{"@type":"WebPage","@id":"https:\/\/dicodusport.fr\/blog\/biathlon-mondiaux-jeunes-juniors-2025-classement-relais-hommes-jeunes\/","url":"https:\/\/dicodusport.fr\/blog\/biathlon-mondiaux-jeunes-juniors-2025-classement-relais-hommes-jeunes\/","name":"Biathlon Mondiaux Jeunes\/Juniors 2025 : Classement Relais hommes jeunes","isPartOf":{"@id":"https:\/\/dicodusport.fr\/blog\/#website"},"primaryImageOfPage":{"@id":"https:\/\/dicodusport.fr\/blog\/biathlon-mondiaux-jeunes-juniors-2025-classement-relais-hommes-jeunes\/#primaryimage"},"image":{"@id":"https:\/\/dicodusport.fr\/blog\/biathlon-mondiaux-jeunes-juniors-2025-classement-relais-hommes-jeunes\/#primaryimage"},"thumbnailUrl":"https:\/\/dicodusport.fr\/blog\/wp-content\/uploads\/2025\/03\/Mondiaux-JeunesJuniors-de-biathlon-2025-Leo-Carlier-decroche-largent-sur-le-sprint-jeunes-derriere-Lukas-Tannheimer-1.png","datePublished":"2025-03-04T15:28:08+00:00","dateModified":"2025-07-09T16:33:58+00:00","description":"Retrouvez le classement et les r\u00e9sultats du relais hommes jeunes des championnats du monde de biathlon jeunes\/juniors 2025 \u00e0 Ostersund (Su\u00e8de).","breadcrumb":{"@id":"https:\/\/dicodusport.fr\/blog\/biathlon-mondiaux-jeunes-juniors-2025-classement-relais-hommes-jeunes\/#breadcrumb"},"inLanguage":"fr-FR","potentialAction":[{"@type":"ReadAction","target":["https:\/\/dicodusport.fr\/blog\/biathlon-mondiaux-jeunes-juniors-2025-classement-relais-hommes-jeunes\/"]}]},{"@type":"ImageObject","inLanguage":"fr-FR","@id":"https:\/\/dicodusport.fr\/blog\/biathlon-mondiaux-jeunes-juniors-2025-classement-relais-hommes-jeunes\/#primaryimage","url":"https:\/\/dicodusport.fr\/blog\/wp-content\/uploads\/2025\/03\/Mondiaux-JeunesJuniors-de-biathlon-2025-Leo-Carlier-decroche-largent-sur-le-sprint-jeunes-derriere-Lukas-Tannheimer-1.png","contentUrl":"https:\/\/dicodusport.fr\/blog\/wp-content\/uploads\/2025\/03\/Mondiaux-JeunesJuniors-de-biathlon-2025-Leo-Carlier-decroche-largent-sur-le-sprint-jeunes-derriere-Lukas-Tannheimer-1.png","width":1200,"height":674,"caption":"Biathlon Mondiaux Jeunes\/Juniors 2025 : Classement Relais hommes jeunes"},{"@type":"BreadcrumbList","@id":"https:\/\/dicodusport.fr\/blog\/biathlon-mondiaux-jeunes-juniors-2025-classement-relais-hommes-jeunes\/#breadcrumb","itemListElement":[{"@type":"ListItem","position":1,"name":"Accueil","item":"https:\/\/dicodusport.fr\/blog\/"},{"@type":"ListItem","position":2,"name":"Biathlon Mondiaux Jeunes\/Juniors 2025 : Classement Relais hommes jeunes"}]},{"@type":"WebSite","@id":"https:\/\/dicodusport.fr\/blog\/#website","url":"https:\/\/dicodusport.fr\/blog\/","name":"Dicodusport","description":"L&#039;encyclop\u00e9die de l&#039;actualit\u00e9 sportive","publisher":{"@id":"https:\/\/dicodusport.fr\/blog\/#organization"},"potentialAction":[{"@type":"SearchAction","target":{"@type":"EntryPoint","urlTemplate":"https:\/\/dicodusport.fr\/blog\/?s={search_term_string}"},"query-input":{"@type":"PropertyValueSpecification","valueRequired":true,"valueName":"search_term_string"}}],"inLanguage":"fr-FR"},{"@type":"NewsMediaOrganization","@id":"https:\/\/dicodusport.fr\/blog\/#organization","name":"Dicodusport","url":"https:\/\/dicodusport.fr\/blog\/","logo":{"@type":"ImageObject","inLanguage":"fr-FR","@id":"https:\/\/dicodusport.fr\/blog\/#\/schema\/logo\/image\/","url":"https:\/\/dicodusport.fr\/blog\/wp-content\/uploads\/2020\/06\/cropped-LOGO-DICODUSPORT-2020-SANS-FOND-SANS-TEXTE.png","contentUrl":"https:\/\/dicodusport.fr\/blog\/wp-content\/uploads\/2020\/06\/cropped-LOGO-DICODUSPORT-2020-SANS-FOND-SANS-TEXTE.png","width":512,"height":512,"caption":"Dicodusport"},"image":{"@id":"https:\/\/dicodusport.fr\/blog\/#\/schema\/logo\/image\/"},"sameAs":["https:\/\/www.facebook.com\/dicodusport","https:\/\/x.com\/dicodusport","https:\/\/www.instagram.com\/dicodusport\/","https:\/\/www.youtube.com\/channel\/UC7V2KZ5sd3htJivAbA4ZG3w"],"description":"Dicodusport est l'encyclop\u00e9die de l'actualit\u00e9 sportive.","email":"bonjour@dicodusport.fr","legalName":"DICODUSPORT","foundingDate":"2018-01-14","vatID":"FR71834470973","taxID":"83447097300043","numberOfEmployees":{"@type":"QuantitativeValue","minValue":"1","maxValue":"10"}},{"@type":"Person","@id":"https:\/\/dicodusport.fr\/blog\/#\/schema\/person\/cb02af4c173ce4a653b55e9baf388d4a","name":"Flo Ostermann","image":{"@type":"ImageObject","inLanguage":"fr-FR","@id":"https:\/\/dicodusport.fr\/blog\/#\/schema\/person\/image\/","url":"https:\/\/dicodusport.fr\/blog\/wp-content\/uploads\/2021\/05\/Flo-Ostermann-150x150.jpg","contentUrl":"https:\/\/dicodusport.fr\/blog\/wp-content\/uploads\/2021\/05\/Flo-Ostermann-150x150.jpg","caption":"Flo Ostermann"},"description":"Journaliste\/R\u00e9dacteur depuis septembre 2015 - Mes premiers souvenirs dans le sport ? Les envol\u00e9es du Stade Toulousain et les duels Villeneuve-Schumacher et H\u00e4kkinen-Schumacher \u00e0 la fin des ann\u00e9es 90, la Coupe du monde de football en 1998, l\u2019exploit du XV de France face aux All Blacks en 1999, mais aussi Richard C\u0153ur de Lion qui vole sur les montagnes du Tour de France. Bien parti pour devenir professeur d\u2019EPS, les \u00e9v\u00e9nements de la vie (et la flemme d\u2019animer des s\u00e9ances de 3x500 m\u00e8tres toute ma vie) m\u2019ont conduit \u00e0 revoir mes plans. Me voil\u00e0 depuis fin 2017 sur Dicodusport, m\u00e9dia gr\u00e2ce (et pour) lequel je partage ma passion : le sport dans tous ses \u00e9tats. Le tout accompagn\u00e9 par les fous furieux et folles furieuses cit\u00e9s sur cette page !","sameAs":["https:\/\/www.facebook.com\/florent.ostermann","https:\/\/x.com\/https:\/\/twitter.com\/FlOstermann","admin"],"url":"https:\/\/dicodusport.fr\/blog\/author\/flo\/"}]}},"_links":{"self":[{"href":"https:\/\/dicodusport.fr\/blog\/wp-json\/wp\/v2\/posts\/561165","targetHints":{"allow":["GET"]}}],"collection":[{"href":"https:\/\/dicodusport.fr\/blog\/wp-json\/wp\/v2\/posts"}],"about":[{"href":"https:\/\/dicodusport.fr\/blog\/wp-json\/wp\/v2\/types\/post"}],"author":[{"embeddable":true,"href":"https:\/\/dicodusport.fr\/blog\/wp-json\/wp\/v2\/users\/4"}],"replies":[{"embeddable":true,"href":"https:\/\/dicodusport.fr\/blog\/wp-json\/wp\/v2\/comments?post=561165"}],"version-history":[{"count":3,"href":"https:\/\/dicodusport.fr\/blog\/wp-json\/wp\/v2\/posts\/561165\/revisions"}],"predecessor-version":[{"id":561191,"href":"https:\/\/dicodusport.fr\/blog\/wp-json\/wp\/v2\/posts\/561165\/revisions\/561191"}],"wp:featuredmedia":[{"embeddable":true,"href":"https:\/\/dicodusport.fr\/blog\/wp-json\/wp\/v2\/media\/560323"}],"wp:attachment":[{"href":"https:\/\/dicodusport.fr\/blog\/wp-json\/wp\/v2\/media?parent=561165"}],"wp:term":[{"taxonomy":"category","embeddable":true,"href":"https:\/\/dicodusport.fr\/blog\/wp-json\/wp\/v2\/categories?post=561165"},{"taxonomy":"post_tag","embeddable":true,"href":"https:\/\/dicodusport.fr\/blog\/wp-json\/wp\/v2\/tags?post=561165"}],"curies":[{"name":"wp","href":"https:\/\/api.w.org\/{rel}","templated":true}]}}