{"id":561226,"date":"2025-03-04T18:50:53","date_gmt":"2025-03-04T17:50:53","guid":{"rendered":"https:\/\/dicodusport.fr\/blog\/?p=561226&#038;preview=true&#038;preview_id=561226"},"modified":"2025-04-03T14:25:03","modified_gmt":"2025-04-03T12:25:03","slug":"mondiaux-ski-alpinisme-2025-axelle-gachet-mollaret-conserve-son-titre-sur-la-vertical-race","status":"publish","type":"post","link":"https:\/\/dicodusport.fr\/blog\/mondiaux-ski-alpinisme-2025-axelle-gachet-mollaret-conserve-son-titre-sur-la-vertical-race\/","title":{"rendered":"Mondiaux ski alpinisme 2025 : Axelle Gachet-Mollaret conserve son titre sur la vertical race"},"content":{"rendered":"<h4 style=\"text-align: justify;\"><em>CHAMPIONNATS DU MONDE DE SKI ALPINISME 2025 &#8211; Double tenante en titre, Axelle Gachet-Mollaret a fait la passe de trois en s&rsquo;imposant sur la vertical race, \u00e0 Morgins. Sur l&rsquo;une de ses \u00e9preuves f\u00e9tiches, l&rsquo;Ann\u00e9cienne a comme toujours \u00e9cras\u00e9 la concurrence. Chez les hommes, le Suisse R\u00e9mi Bonnet en a fait de m\u00eame.<\/em><\/h4>\n<p style=\"text-align: justify;\">Deuxi\u00e8me journ\u00e9e et deuxi\u00e8me m\u00e9daille d&rsquo;or pour l&rsquo;\u00c9quipe de France aux <strong>championnats du monde de ski alpinisme<\/strong> de <strong>Morgins<\/strong> ! Mardi, <a href=\"https:\/\/dicodusport.fr\/blog\/mondiaux-ski-alpinisme-2025-emily-harrop-et-thibault-anselmet-en-or-sur-le-relais-mixte\/\">Emily Harrop et Thibault Anselmet avaient ouvert le bal sur le relais mixte<\/a>. Ce mercredi, c&rsquo;est <strong>Axelle Gachet-Mollaret<\/strong> qui est venue ajouter une nouvelle m\u00e9daille d&rsquo;or en dominant la vertical race.<\/p>\n<ul>\n<li><strong>\u00c0 ce sujet &#8211;<a href=\"https:\/\/dicodusport.fr\/blog\/?s=ski+alpinisme\"> Toute l&rsquo;actualit\u00e9 du ski alpinisme<\/a><\/strong><\/li>\n<\/ul>\n<h2>Axelle Gachet-Mollaret imbattable<\/h2>\n<p style=\"text-align: justify;\">Sur une \u00e9preuve dans laquelle elle \u00e9crase tout depuis plusieurs ann\u00e9es, la Tricolore n&rsquo;a pas failli \u00e0 sa r\u00e9putation en avalant la mont\u00e9e s\u00e8che en un peu plus de 22 minutes. Cela lui a permis de s&rsquo;imposer avec une avance confortable 41 secondes sur la Su\u00e9doise <strong>Tove Alexandersson<\/strong>. Derri\u00e8re, l&rsquo;Autrichienne <strong>Sarah Dreier<\/strong> compl\u00e8te le podium. D\u00e9j\u00e0 titr\u00e9e en 2021 et 2023, Axelle Gachet-Mollaret s&rsquo;offre l\u00e0 une<strong> troisi\u00e8me couronne de rang<\/strong>, et sera encore favorite \u00e0 sa propre succession sur l&rsquo;individuel de vendredi. \u00c0 noter qu&rsquo;Emily Harrop faisait l&rsquo;impasse, se concentrant sur les disciplines olympiques cette semaine. Parmi les autres Fran\u00e7aises en lice, <strong>Lucille Germain<\/strong> a pris une belle 7\u00e8me place, tandis que <strong>Louise Trincaz<\/strong> a termin\u00e9 en fond de classement (31\u00e8me).<\/p>\n<p style=\"text-align: justify;\">L&rsquo;\u00e9quivalent masculin de Gachet-Mollaret n&rsquo;a pas failli non plus puisque que le Suisse <strong>R\u00e9mi Bonnet<\/strong> a rafl\u00e9 l&rsquo;\u00e9preuve en collant plus de 46 secondes \u00e0 son premier poursuivant, le Belge <strong>Maximilien Drion du Chapois<\/strong>. Un autre Suisse, <strong>Aur\u00e9lien Gay<\/strong>, s&rsquo;est empar\u00e9 la derni\u00e8re place sur la bo\u00eete. Meilleur tricolore, <strong>Anselme Damevin<\/strong> termine en 8\u00e8me position.<\/p>\n<p style=\"text-align: justify;\">Mercredi, les athl\u00e8tes auront droit \u00e0 une journ\u00e9e de repos avant d&rsquo;entamer le deuxi\u00e8me bloc de ces mondiaux par les sprints. Des sprints particuli\u00e8rement attendus en raison des quotas olympiques qui y seront accol\u00e9s.<\/p>\n<p>\u00a0<iframe loading=\"lazy\" style=\"border: none; overflow: hidden;\" src=\"https:\/\/www.facebook.com\/plugins\/post.php?href=https%3A%2F%2Fwww.facebook.com%2Fcourchevel.sports%2Fposts%2Fpfbid02TNTo3zWSWPgS4qwST6c3PBcTKDHyA4BL14rryXo6xVkk9oju38LZsYu2jkz52rXXl&amp;show_text=true&amp;width=500\" width=\"500\" height=\"799\" frameborder=\"0\" scrolling=\"no\" allowfullscreen=\"allowfullscreen\"><\/iframe><\/p>\n","protected":false},"excerpt":{"rendered":"<p>CHAMPIONNATS DU MONDE DE SKI ALPINISME 2025 &#8211; Double tenante en titre, Axelle Gachet-Mollaret a fait la passe de trois en s&rsquo;imposant sur la vertical race, \u00e0 Morgins. Sur l&rsquo;une de ses \u00e9preuves f\u00e9tiches, l&rsquo;Ann\u00e9cienne a comme toujours \u00e9cras\u00e9 la concurrence. Chez les hommes, le Suisse R\u00e9mi Bonnet en a fait de m\u00eame.<\/p>\n","protected":false},"author":55,"featured_media":561250,"comment_status":"open","ping_status":"closed","sticky":false,"template":"","format":"standard","meta":{"_acf_changed":false,"_daextam_enable_autolinks":"1","footnotes":""},"categories":[45757],"tags":[32415,22883,16878,4230],"class_list":["post-561226","post","type-post","status-publish","format-standard","has-post-thumbnail","hentry","category-ski-alpinisme","tag-actu","tag-axelle-gachet-mollaret","tag-breve","tag-ski-alpinisme"],"acf":[],"yoast_head":"<!-- This site is optimized with the Yoast SEO Premium plugin v26.7 (Yoast SEO v26.7) - https:\/\/yoast.com\/wordpress\/plugins\/seo\/ -->\n<title>Mondiaux ski alpinisme 2025 : Axelle Gachet-Mollaret conserve son titre sur la vertical race<\/title>\n<meta name=\"description\" content=\"CHAMPIONNATS DU MONDE DE SKI ALPINISME 2025 - Axelle Gachet-Mollaret a d\u00e9croch\u00e9 l&#039;or sur la vertical race ce mercredi.\" \/>\n<meta name=\"robots\" content=\"index, follow, max-snippet:-1, max-image-preview:large, max-video-preview:-1\" \/>\n<link rel=\"canonical\" href=\"https:\/\/dicodusport.fr\/blog\/mondiaux-ski-alpinisme-2025-axelle-gachet-mollaret-conserve-son-titre-sur-la-vertical-race\/\" \/>\n<meta property=\"og:locale\" content=\"fr_FR\" \/>\n<meta property=\"og:type\" content=\"article\" \/>\n<meta property=\"og:title\" content=\"Mondiaux ski alpinisme 2025 : Axelle Gachet-Mollaret conserve son titre sur la vertical race\" \/>\n<meta property=\"og:description\" content=\"CHAMPIONNATS DU MONDE DE SKI ALPINISME 2025 - Axelle Gachet-Mollaret a d\u00e9croch\u00e9 l&#039;or sur la vertical race ce mercredi.\" \/>\n<meta property=\"og:url\" content=\"https:\/\/dicodusport.fr\/blog\/mondiaux-ski-alpinisme-2025-axelle-gachet-mollaret-conserve-son-titre-sur-la-vertical-race\/\" \/>\n<meta property=\"og:site_name\" content=\"Dicodusport\" \/>\n<meta property=\"article:publisher\" content=\"https:\/\/www.facebook.com\/dicodusport\" \/>\n<meta property=\"article:published_time\" content=\"2025-03-04T17:50:53+00:00\" \/>\n<meta property=\"article:modified_time\" content=\"2025-04-03T12:25:03+00:00\" \/>\n<meta property=\"og:image\" content=\"https:\/\/dicodusport.fr\/blog\/wp-content\/uploads\/2025\/03\/Mondiaux-ski-alpinisme-2025-Axelle-Gachet-Mollaret-conserve-son-titre-sur-la-vertical-race.png\" \/>\n\t<meta property=\"og:image:width\" content=\"1200\" \/>\n\t<meta property=\"og:image:height\" content=\"674\" \/>\n\t<meta property=\"og:image:type\" content=\"image\/png\" \/>\n<meta name=\"author\" content=\"Maxime Cazenave\" \/>\n<meta name=\"twitter:card\" content=\"summary_large_image\" \/>\n<meta name=\"twitter:title\" content=\"Mondiaux ski alpinisme 2025 : Axelle Gachet-Mollaret conserve son titre sur la vertical race\" \/>\n<meta name=\"twitter:creator\" content=\"@https:\/\/twitter.com\/Maxime_Caze\" \/>\n<meta name=\"twitter:site\" content=\"@dicodusport\" \/>\n<script type=\"application\/ld+json\" class=\"yoast-schema-graph\">{\"@context\":\"https:\/\/schema.org\",\"@graph\":[{\"@type\":\"NewsArticle\",\"@id\":\"https:\/\/dicodusport.fr\/blog\/mondiaux-ski-alpinisme-2025-axelle-gachet-mollaret-conserve-son-titre-sur-la-vertical-race\/#article\",\"isPartOf\":{\"@id\":\"https:\/\/dicodusport.fr\/blog\/mondiaux-ski-alpinisme-2025-axelle-gachet-mollaret-conserve-son-titre-sur-la-vertical-race\/\"},\"author\":{\"name\":\"Maxime Cazenave\",\"@id\":\"https:\/\/dicodusport.fr\/blog\/#\/schema\/person\/37def232098a7a5cbab3974a3690abb0\"},\"headline\":\"Mondiaux ski alpinisme 2025 : Axelle Gachet-Mollaret conserve son titre sur la vertical race\",\"datePublished\":\"2025-03-04T17:50:53+00:00\",\"dateModified\":\"2025-04-03T12:25:03+00:00\",\"mainEntityOfPage\":{\"@id\":\"https:\/\/dicodusport.fr\/blog\/mondiaux-ski-alpinisme-2025-axelle-gachet-mollaret-conserve-son-titre-sur-la-vertical-race\/\"},\"wordCount\":374,\"commentCount\":0,\"publisher\":{\"@id\":\"https:\/\/dicodusport.fr\/blog\/#organization\"},\"image\":{\"@id\":\"https:\/\/dicodusport.fr\/blog\/mondiaux-ski-alpinisme-2025-axelle-gachet-mollaret-conserve-son-titre-sur-la-vertical-race\/#primaryimage\"},\"thumbnailUrl\":\"https:\/\/dicodusport.fr\/blog\/wp-content\/uploads\/2025\/03\/Mondiaux-ski-alpinisme-2025-Axelle-Gachet-Mollaret-conserve-son-titre-sur-la-vertical-race.png\",\"keywords\":[\"actu\",\"Axelle Gachet-Mollaret\",\"br\u00e8ve\",\"Ski alpinisme\"],\"articleSection\":[\"Ski alpinisme\"],\"inLanguage\":\"fr-FR\",\"potentialAction\":[{\"@type\":\"CommentAction\",\"name\":\"Comment\",\"target\":[\"https:\/\/dicodusport.fr\/blog\/mondiaux-ski-alpinisme-2025-axelle-gachet-mollaret-conserve-son-titre-sur-la-vertical-race\/#respond\"]}],\"copyrightYear\":\"2025\",\"copyrightHolder\":{\"@id\":\"https:\/\/dicodusport.fr\/blog\/#organization\"}},{\"@type\":\"WebPage\",\"@id\":\"https:\/\/dicodusport.fr\/blog\/mondiaux-ski-alpinisme-2025-axelle-gachet-mollaret-conserve-son-titre-sur-la-vertical-race\/\",\"url\":\"https:\/\/dicodusport.fr\/blog\/mondiaux-ski-alpinisme-2025-axelle-gachet-mollaret-conserve-son-titre-sur-la-vertical-race\/\",\"name\":\"Mondiaux ski alpinisme 2025 : Axelle Gachet-Mollaret conserve son titre sur la vertical race\",\"isPartOf\":{\"@id\":\"https:\/\/dicodusport.fr\/blog\/#website\"},\"primaryImageOfPage\":{\"@id\":\"https:\/\/dicodusport.fr\/blog\/mondiaux-ski-alpinisme-2025-axelle-gachet-mollaret-conserve-son-titre-sur-la-vertical-race\/#primaryimage\"},\"image\":{\"@id\":\"https:\/\/dicodusport.fr\/blog\/mondiaux-ski-alpinisme-2025-axelle-gachet-mollaret-conserve-son-titre-sur-la-vertical-race\/#primaryimage\"},\"thumbnailUrl\":\"https:\/\/dicodusport.fr\/blog\/wp-content\/uploads\/2025\/03\/Mondiaux-ski-alpinisme-2025-Axelle-Gachet-Mollaret-conserve-son-titre-sur-la-vertical-race.png\",\"datePublished\":\"2025-03-04T17:50:53+00:00\",\"dateModified\":\"2025-04-03T12:25:03+00:00\",\"description\":\"CHAMPIONNATS DU MONDE DE SKI ALPINISME 2025 - Axelle Gachet-Mollaret a d\u00e9croch\u00e9 l'or sur la vertical race ce mercredi.\",\"breadcrumb\":{\"@id\":\"https:\/\/dicodusport.fr\/blog\/mondiaux-ski-alpinisme-2025-axelle-gachet-mollaret-conserve-son-titre-sur-la-vertical-race\/#breadcrumb\"},\"inLanguage\":\"fr-FR\",\"potentialAction\":[{\"@type\":\"ReadAction\",\"target\":[\"https:\/\/dicodusport.fr\/blog\/mondiaux-ski-alpinisme-2025-axelle-gachet-mollaret-conserve-son-titre-sur-la-vertical-race\/\"]}]},{\"@type\":\"ImageObject\",\"inLanguage\":\"fr-FR\",\"@id\":\"https:\/\/dicodusport.fr\/blog\/mondiaux-ski-alpinisme-2025-axelle-gachet-mollaret-conserve-son-titre-sur-la-vertical-race\/#primaryimage\",\"url\":\"https:\/\/dicodusport.fr\/blog\/wp-content\/uploads\/2025\/03\/Mondiaux-ski-alpinisme-2025-Axelle-Gachet-Mollaret-conserve-son-titre-sur-la-vertical-race.png\",\"contentUrl\":\"https:\/\/dicodusport.fr\/blog\/wp-content\/uploads\/2025\/03\/Mondiaux-ski-alpinisme-2025-Axelle-Gachet-Mollaret-conserve-son-titre-sur-la-vertical-race.png\",\"width\":1200,\"height\":674,\"caption\":\"Mondiaux ski alpinisme 2025 : Axelle Gachet-Mollaret conserve son titre sur la vertical race\"},{\"@type\":\"BreadcrumbList\",\"@id\":\"https:\/\/dicodusport.fr\/blog\/mondiaux-ski-alpinisme-2025-axelle-gachet-mollaret-conserve-son-titre-sur-la-vertical-race\/#breadcrumb\",\"itemListElement\":[{\"@type\":\"ListItem\",\"position\":1,\"name\":\"Accueil\",\"item\":\"https:\/\/dicodusport.fr\/blog\/\"},{\"@type\":\"ListItem\",\"position\":2,\"name\":\"Mondiaux ski alpinisme 2025 : Axelle Gachet-Mollaret conserve son titre sur la vertical race\"}]},{\"@type\":\"WebSite\",\"@id\":\"https:\/\/dicodusport.fr\/blog\/#website\",\"url\":\"https:\/\/dicodusport.fr\/blog\/\",\"name\":\"Dicodusport\",\"description\":\"L&#039;encyclop\u00e9die de l&#039;actualit\u00e9 sportive\",\"publisher\":{\"@id\":\"https:\/\/dicodusport.fr\/blog\/#organization\"},\"potentialAction\":[{\"@type\":\"SearchAction\",\"target\":{\"@type\":\"EntryPoint\",\"urlTemplate\":\"https:\/\/dicodusport.fr\/blog\/?s={search_term_string}\"},\"query-input\":{\"@type\":\"PropertyValueSpecification\",\"valueRequired\":true,\"valueName\":\"search_term_string\"}}],\"inLanguage\":\"fr-FR\"},{\"@type\":\"NewsMediaOrganization\",\"@id\":\"https:\/\/dicodusport.fr\/blog\/#organization\",\"name\":\"Dicodusport\",\"url\":\"https:\/\/dicodusport.fr\/blog\/\",\"logo\":{\"@type\":\"ImageObject\",\"inLanguage\":\"fr-FR\",\"@id\":\"https:\/\/dicodusport.fr\/blog\/#\/schema\/logo\/image\/\",\"url\":\"https:\/\/dicodusport.fr\/blog\/wp-content\/uploads\/2020\/06\/cropped-LOGO-DICODUSPORT-2020-SANS-FOND-SANS-TEXTE.png\",\"contentUrl\":\"https:\/\/dicodusport.fr\/blog\/wp-content\/uploads\/2020\/06\/cropped-LOGO-DICODUSPORT-2020-SANS-FOND-SANS-TEXTE.png\",\"width\":512,\"height\":512,\"caption\":\"Dicodusport\"},\"image\":{\"@id\":\"https:\/\/dicodusport.fr\/blog\/#\/schema\/logo\/image\/\"},\"sameAs\":[\"https:\/\/www.facebook.com\/dicodusport\",\"https:\/\/x.com\/dicodusport\",\"https:\/\/www.instagram.com\/dicodusport\/\",\"https:\/\/www.youtube.com\/channel\/UC7V2KZ5sd3htJivAbA4ZG3w\"],\"description\":\"Dicodusport est l'encyclop\u00e9die de l'actualit\u00e9 sportive.\",\"email\":\"bonjour@dicodusport.fr\",\"legalName\":\"DICODUSPORT\",\"foundingDate\":\"2018-01-14\",\"vatID\":\"FR71834470973\",\"taxID\":\"83447097300043\",\"numberOfEmployees\":{\"@type\":\"QuantitativeValue\",\"minValue\":\"1\",\"maxValue\":\"10\"}},{\"@type\":\"Person\",\"@id\":\"https:\/\/dicodusport.fr\/blog\/#\/schema\/person\/37def232098a7a5cbab3974a3690abb0\",\"name\":\"Maxime Cazenave\",\"image\":{\"@type\":\"ImageObject\",\"inLanguage\":\"fr-FR\",\"@id\":\"https:\/\/dicodusport.fr\/blog\/#\/schema\/person\/image\/\",\"url\":\"https:\/\/dicodusport.fr\/blog\/wp-content\/uploads\/2021\/05\/Maxime-Cazenave-150x150.jpg\",\"contentUrl\":\"https:\/\/dicodusport.fr\/blog\/wp-content\/uploads\/2021\/05\/Maxime-Cazenave-150x150.jpg\",\"caption\":\"Maxime Cazenave\"},\"description\":\"Journaliste\/R\u00e9dacteur depuis 2012 - Berc\u00e9 par l\u2019amour des Girondins de Bordeaux, les \u00e9checs de Christophe Moreau sur le Tour de France sous l'\u00e8re Lance Armstrong et le fade-away l\u00e9tal de Dirk Nowitzki, ma passion d\u00e9vorante pour le sport a toujours \u00e9t\u00e9 un pan incontournable de ma vie. Transmettre ma passion \u00e0 l\u2019\u00e9crit a \u00e9t\u00e9 une transition naturelle. Suiveur assidu de basket et de hockey sur glace, je garde toujours un peu de place pour suivre le cyclisme, le football et le maximum de performances fran\u00e7aises.\",\"sameAs\":[\"https:\/\/x.com\/https:\/\/twitter.com\/Maxime_Caze\"],\"url\":\"https:\/\/dicodusport.fr\/blog\/author\/maximec\/\"}]}<\/script>\n<!-- \/ Yoast SEO Premium plugin. -->","yoast_head_json":{"title":"Mondiaux ski alpinisme 2025 : Axelle Gachet-Mollaret conserve son titre sur la vertical race","description":"CHAMPIONNATS DU MONDE DE SKI ALPINISME 2025 - Axelle Gachet-Mollaret a d\u00e9croch\u00e9 l'or sur la vertical race ce mercredi.","robots":{"index":"index","follow":"follow","max-snippet":"max-snippet:-1","max-image-preview":"max-image-preview:large","max-video-preview":"max-video-preview:-1"},"canonical":"https:\/\/dicodusport.fr\/blog\/mondiaux-ski-alpinisme-2025-axelle-gachet-mollaret-conserve-son-titre-sur-la-vertical-race\/","og_locale":"fr_FR","og_type":"article","og_title":"Mondiaux ski alpinisme 2025 : Axelle Gachet-Mollaret conserve son titre sur la vertical race","og_description":"CHAMPIONNATS DU MONDE DE SKI ALPINISME 2025 - Axelle Gachet-Mollaret a d\u00e9croch\u00e9 l'or sur la vertical race ce mercredi.","og_url":"https:\/\/dicodusport.fr\/blog\/mondiaux-ski-alpinisme-2025-axelle-gachet-mollaret-conserve-son-titre-sur-la-vertical-race\/","og_site_name":"Dicodusport","article_publisher":"https:\/\/www.facebook.com\/dicodusport","article_published_time":"2025-03-04T17:50:53+00:00","article_modified_time":"2025-04-03T12:25:03+00:00","og_image":[{"width":1200,"height":674,"url":"https:\/\/dicodusport.fr\/blog\/wp-content\/uploads\/2025\/03\/Mondiaux-ski-alpinisme-2025-Axelle-Gachet-Mollaret-conserve-son-titre-sur-la-vertical-race.png","type":"image\/png"}],"author":"Maxime Cazenave","twitter_card":"summary_large_image","twitter_title":"Mondiaux ski alpinisme 2025 : Axelle Gachet-Mollaret conserve son titre sur la vertical race","twitter_creator":"@https:\/\/twitter.com\/Maxime_Caze","twitter_site":"@dicodusport","schema":{"@context":"https:\/\/schema.org","@graph":[{"@type":"NewsArticle","@id":"https:\/\/dicodusport.fr\/blog\/mondiaux-ski-alpinisme-2025-axelle-gachet-mollaret-conserve-son-titre-sur-la-vertical-race\/#article","isPartOf":{"@id":"https:\/\/dicodusport.fr\/blog\/mondiaux-ski-alpinisme-2025-axelle-gachet-mollaret-conserve-son-titre-sur-la-vertical-race\/"},"author":{"name":"Maxime Cazenave","@id":"https:\/\/dicodusport.fr\/blog\/#\/schema\/person\/37def232098a7a5cbab3974a3690abb0"},"headline":"Mondiaux ski alpinisme 2025 : Axelle Gachet-Mollaret conserve son titre sur la vertical race","datePublished":"2025-03-04T17:50:53+00:00","dateModified":"2025-04-03T12:25:03+00:00","mainEntityOfPage":{"@id":"https:\/\/dicodusport.fr\/blog\/mondiaux-ski-alpinisme-2025-axelle-gachet-mollaret-conserve-son-titre-sur-la-vertical-race\/"},"wordCount":374,"commentCount":0,"publisher":{"@id":"https:\/\/dicodusport.fr\/blog\/#organization"},"image":{"@id":"https:\/\/dicodusport.fr\/blog\/mondiaux-ski-alpinisme-2025-axelle-gachet-mollaret-conserve-son-titre-sur-la-vertical-race\/#primaryimage"},"thumbnailUrl":"https:\/\/dicodusport.fr\/blog\/wp-content\/uploads\/2025\/03\/Mondiaux-ski-alpinisme-2025-Axelle-Gachet-Mollaret-conserve-son-titre-sur-la-vertical-race.png","keywords":["actu","Axelle Gachet-Mollaret","br\u00e8ve","Ski alpinisme"],"articleSection":["Ski alpinisme"],"inLanguage":"fr-FR","potentialAction":[{"@type":"CommentAction","name":"Comment","target":["https:\/\/dicodusport.fr\/blog\/mondiaux-ski-alpinisme-2025-axelle-gachet-mollaret-conserve-son-titre-sur-la-vertical-race\/#respond"]}],"copyrightYear":"2025","copyrightHolder":{"@id":"https:\/\/dicodusport.fr\/blog\/#organization"}},{"@type":"WebPage","@id":"https:\/\/dicodusport.fr\/blog\/mondiaux-ski-alpinisme-2025-axelle-gachet-mollaret-conserve-son-titre-sur-la-vertical-race\/","url":"https:\/\/dicodusport.fr\/blog\/mondiaux-ski-alpinisme-2025-axelle-gachet-mollaret-conserve-son-titre-sur-la-vertical-race\/","name":"Mondiaux ski alpinisme 2025 : Axelle Gachet-Mollaret conserve son titre sur la vertical race","isPartOf":{"@id":"https:\/\/dicodusport.fr\/blog\/#website"},"primaryImageOfPage":{"@id":"https:\/\/dicodusport.fr\/blog\/mondiaux-ski-alpinisme-2025-axelle-gachet-mollaret-conserve-son-titre-sur-la-vertical-race\/#primaryimage"},"image":{"@id":"https:\/\/dicodusport.fr\/blog\/mondiaux-ski-alpinisme-2025-axelle-gachet-mollaret-conserve-son-titre-sur-la-vertical-race\/#primaryimage"},"thumbnailUrl":"https:\/\/dicodusport.fr\/blog\/wp-content\/uploads\/2025\/03\/Mondiaux-ski-alpinisme-2025-Axelle-Gachet-Mollaret-conserve-son-titre-sur-la-vertical-race.png","datePublished":"2025-03-04T17:50:53+00:00","dateModified":"2025-04-03T12:25:03+00:00","description":"CHAMPIONNATS DU MONDE DE SKI ALPINISME 2025 - Axelle Gachet-Mollaret a d\u00e9croch\u00e9 l'or sur la vertical race ce mercredi.","breadcrumb":{"@id":"https:\/\/dicodusport.fr\/blog\/mondiaux-ski-alpinisme-2025-axelle-gachet-mollaret-conserve-son-titre-sur-la-vertical-race\/#breadcrumb"},"inLanguage":"fr-FR","potentialAction":[{"@type":"ReadAction","target":["https:\/\/dicodusport.fr\/blog\/mondiaux-ski-alpinisme-2025-axelle-gachet-mollaret-conserve-son-titre-sur-la-vertical-race\/"]}]},{"@type":"ImageObject","inLanguage":"fr-FR","@id":"https:\/\/dicodusport.fr\/blog\/mondiaux-ski-alpinisme-2025-axelle-gachet-mollaret-conserve-son-titre-sur-la-vertical-race\/#primaryimage","url":"https:\/\/dicodusport.fr\/blog\/wp-content\/uploads\/2025\/03\/Mondiaux-ski-alpinisme-2025-Axelle-Gachet-Mollaret-conserve-son-titre-sur-la-vertical-race.png","contentUrl":"https:\/\/dicodusport.fr\/blog\/wp-content\/uploads\/2025\/03\/Mondiaux-ski-alpinisme-2025-Axelle-Gachet-Mollaret-conserve-son-titre-sur-la-vertical-race.png","width":1200,"height":674,"caption":"Mondiaux ski alpinisme 2025 : Axelle Gachet-Mollaret conserve son titre sur la vertical race"},{"@type":"BreadcrumbList","@id":"https:\/\/dicodusport.fr\/blog\/mondiaux-ski-alpinisme-2025-axelle-gachet-mollaret-conserve-son-titre-sur-la-vertical-race\/#breadcrumb","itemListElement":[{"@type":"ListItem","position":1,"name":"Accueil","item":"https:\/\/dicodusport.fr\/blog\/"},{"@type":"ListItem","position":2,"name":"Mondiaux ski alpinisme 2025 : Axelle Gachet-Mollaret conserve son titre sur la vertical race"}]},{"@type":"WebSite","@id":"https:\/\/dicodusport.fr\/blog\/#website","url":"https:\/\/dicodusport.fr\/blog\/","name":"Dicodusport","description":"L&#039;encyclop\u00e9die de l&#039;actualit\u00e9 sportive","publisher":{"@id":"https:\/\/dicodusport.fr\/blog\/#organization"},"potentialAction":[{"@type":"SearchAction","target":{"@type":"EntryPoint","urlTemplate":"https:\/\/dicodusport.fr\/blog\/?s={search_term_string}"},"query-input":{"@type":"PropertyValueSpecification","valueRequired":true,"valueName":"search_term_string"}}],"inLanguage":"fr-FR"},{"@type":"NewsMediaOrganization","@id":"https:\/\/dicodusport.fr\/blog\/#organization","name":"Dicodusport","url":"https:\/\/dicodusport.fr\/blog\/","logo":{"@type":"ImageObject","inLanguage":"fr-FR","@id":"https:\/\/dicodusport.fr\/blog\/#\/schema\/logo\/image\/","url":"https:\/\/dicodusport.fr\/blog\/wp-content\/uploads\/2020\/06\/cropped-LOGO-DICODUSPORT-2020-SANS-FOND-SANS-TEXTE.png","contentUrl":"https:\/\/dicodusport.fr\/blog\/wp-content\/uploads\/2020\/06\/cropped-LOGO-DICODUSPORT-2020-SANS-FOND-SANS-TEXTE.png","width":512,"height":512,"caption":"Dicodusport"},"image":{"@id":"https:\/\/dicodusport.fr\/blog\/#\/schema\/logo\/image\/"},"sameAs":["https:\/\/www.facebook.com\/dicodusport","https:\/\/x.com\/dicodusport","https:\/\/www.instagram.com\/dicodusport\/","https:\/\/www.youtube.com\/channel\/UC7V2KZ5sd3htJivAbA4ZG3w"],"description":"Dicodusport est l'encyclop\u00e9die de l'actualit\u00e9 sportive.","email":"bonjour@dicodusport.fr","legalName":"DICODUSPORT","foundingDate":"2018-01-14","vatID":"FR71834470973","taxID":"83447097300043","numberOfEmployees":{"@type":"QuantitativeValue","minValue":"1","maxValue":"10"}},{"@type":"Person","@id":"https:\/\/dicodusport.fr\/blog\/#\/schema\/person\/37def232098a7a5cbab3974a3690abb0","name":"Maxime Cazenave","image":{"@type":"ImageObject","inLanguage":"fr-FR","@id":"https:\/\/dicodusport.fr\/blog\/#\/schema\/person\/image\/","url":"https:\/\/dicodusport.fr\/blog\/wp-content\/uploads\/2021\/05\/Maxime-Cazenave-150x150.jpg","contentUrl":"https:\/\/dicodusport.fr\/blog\/wp-content\/uploads\/2021\/05\/Maxime-Cazenave-150x150.jpg","caption":"Maxime Cazenave"},"description":"Journaliste\/R\u00e9dacteur depuis 2012 - Berc\u00e9 par l\u2019amour des Girondins de Bordeaux, les \u00e9checs de Christophe Moreau sur le Tour de France sous l'\u00e8re Lance Armstrong et le fade-away l\u00e9tal de Dirk Nowitzki, ma passion d\u00e9vorante pour le sport a toujours \u00e9t\u00e9 un pan incontournable de ma vie. Transmettre ma passion \u00e0 l\u2019\u00e9crit a \u00e9t\u00e9 une transition naturelle. Suiveur assidu de basket et de hockey sur glace, je garde toujours un peu de place pour suivre le cyclisme, le football et le maximum de performances fran\u00e7aises.","sameAs":["https:\/\/x.com\/https:\/\/twitter.com\/Maxime_Caze"],"url":"https:\/\/dicodusport.fr\/blog\/author\/maximec\/"}]}},"_links":{"self":[{"href":"https:\/\/dicodusport.fr\/blog\/wp-json\/wp\/v2\/posts\/561226","targetHints":{"allow":["GET"]}}],"collection":[{"href":"https:\/\/dicodusport.fr\/blog\/wp-json\/wp\/v2\/posts"}],"about":[{"href":"https:\/\/dicodusport.fr\/blog\/wp-json\/wp\/v2\/types\/post"}],"author":[{"embeddable":true,"href":"https:\/\/dicodusport.fr\/blog\/wp-json\/wp\/v2\/users\/55"}],"replies":[{"embeddable":true,"href":"https:\/\/dicodusport.fr\/blog\/wp-json\/wp\/v2\/comments?post=561226"}],"version-history":[{"count":4,"href":"https:\/\/dicodusport.fr\/blog\/wp-json\/wp\/v2\/posts\/561226\/revisions"}],"predecessor-version":[{"id":561251,"href":"https:\/\/dicodusport.fr\/blog\/wp-json\/wp\/v2\/posts\/561226\/revisions\/561251"}],"wp:featuredmedia":[{"embeddable":true,"href":"https:\/\/dicodusport.fr\/blog\/wp-json\/wp\/v2\/media\/561250"}],"wp:attachment":[{"href":"https:\/\/dicodusport.fr\/blog\/wp-json\/wp\/v2\/media?parent=561226"}],"wp:term":[{"taxonomy":"category","embeddable":true,"href":"https:\/\/dicodusport.fr\/blog\/wp-json\/wp\/v2\/categories?post=561226"},{"taxonomy":"post_tag","embeddable":true,"href":"https:\/\/dicodusport.fr\/blog\/wp-json\/wp\/v2\/tags?post=561226"}],"curies":[{"name":"wp","href":"https:\/\/api.w.org\/{rel}","templated":true}]}}