{"id":561326,"date":"2025-03-05T14:53:11","date_gmt":"2025-03-05T13:53:11","guid":{"rendered":"https:\/\/dicodusport.fr\/blog\/?p=561326&#038;preview=true&#038;preview_id=561326"},"modified":"2025-03-05T16:41:55","modified_gmt":"2025-03-05T15:41:55","slug":"mondiaux-ski-de-fond-2025-la-suede-imperiale-sur-le-team-sprint-feminin","status":"publish","type":"post","link":"https:\/\/dicodusport.fr\/blog\/mondiaux-ski-de-fond-2025-la-suede-imperiale-sur-le-team-sprint-feminin\/","title":{"rendered":"Mondiaux Ski de fond 2025 : La Su\u00e8de imp\u00e9riale sur le Team Sprint f\u00e9minin"},"content":{"rendered":"<h4 style=\"text-align: justify;\"><em>CHAMPIONNATS DU MONDE DE SKI DE FOND 2025 &#8211; En toute logique, Jonna Sundling et <strong>Maja Dahlqvist<\/strong> ont domin\u00e9 le Team Sprint f\u00e9minin et ramen\u00e9 une nouvelle m\u00e9daille d&rsquo;or \u00e0 la Su\u00e8de.<\/em><\/h4>\n<ul style=\"text-align: justify;\">\n<li><strong>\u00c0 ce sujet \u2013\u00a0<a href=\"https:\/\/dicodusport.fr\/blog\/championnats-du-monde-de-ski-de-fond-programme-resultats-et-infos\/\">Championnats du Monde de Ski de Fond : Programme, R\u00e9sultats et Infos<\/a><\/strong><\/li>\n<\/ul>\n<p style=\"text-align: justify;\">Jour de Team Sprint aux Championnats du monde de ski de fond, en style classique. Les espoirs de la France \u00e9taient bien maigres de figurer dans l&rsquo;\u00e9preuve f\u00e9minine. <strong>M\u00e9lissa Gal<\/strong> et <strong>L\u00e9na Quintin<\/strong> ont certes pris la 9\u00e8me place des qualifications, mais l&rsquo;espoir d&rsquo;une m\u00e9daille semblait illusoire. La Finlande avait surpris en prenant la premi\u00e8re place des qualifications devant les favorites norv\u00e9giennes et su\u00e9doises, ce qui laissait augurer d&rsquo;une belle bataille.<\/p>\n<h2 style=\"text-align: justify;\">La Su\u00e8de trop forte<\/h2>\n<p style=\"text-align: justify;\">Sur le premier relais de la finale, la championne du monde du sprint individuel <strong>Jonna Sundling<\/strong> a rapidement pris les devants et assum\u00e9 son statut. Sup\u00e9rieure \u00e0 la concurrence, elle a cr\u00e9\u00e9 une premi\u00e8re s\u00e9lection et <strong>Maja Dahlqvist<\/strong> a poursuivi l&rsquo;effort pour pr\u00e9cipiter la formation d&rsquo;un groupe de 5 nations : Su\u00e8de, USA, Suisse, Finlande et Norv\u00e8ge. Apr\u00e8s deux des six relais, il \u00e9tait certain que le podium allait se jouer entre ces cinq pays. La France, de son c\u00f4t\u00e9, pouvait encore pr\u00e9tendre au Top 10.<\/p>\n<p style=\"text-align: justify;\">Les Su\u00e9doises faisaient de nouveau l&rsquo;effort et \u00e9tiraient au maximum le groupe de t\u00eate, et \u00e0 l&rsquo;entame des deux derniers relais, seules les Finlandaises, les Am\u00e9ricaines et les Suisses s&rsquo;\u00e9taient accroch\u00e9es, alors que la Norv\u00e8ge avait explos\u00e9. Les deux Su\u00e9doises allaient finir le travail sans l&rsquo;ombre d&rsquo;une difficult\u00e9, se mettant hors de port\u00e9e pour aller rafler la mise, devant les paires am\u00e9ricaines et suisses, la Finlande ayant explos\u00e9 dans le dernier tour. Les Bleues, elles, terminent neuvi\u00e8mes et sont \u00e0 leur place.<\/p>\n","protected":false},"excerpt":{"rendered":"<p>CHAMPIONNATS DU MONDE DE SKI DE FOND 2025 &#8211; En toute logique, Jonna Sundling et Maja Dahlqvist ont domin\u00e9 le Team Sprint f\u00e9minin et ramen\u00e9 une nouvelle m\u00e9daille d&rsquo;or \u00e0 la Su\u00e8de.<\/p>\n","protected":false},"author":59,"featured_media":561413,"comment_status":"open","ping_status":"closed","sticky":false,"template":"","format":"standard","meta":{"_acf_changed":false,"_daextam_enable_autolinks":"1","footnotes":""},"categories":[9217],"tags":[16878,2819],"class_list":["post-561326","post","type-post","status-publish","format-standard","has-post-thumbnail","hentry","category-ski","tag-breve","tag-ski-de-fond"],"acf":[],"yoast_head":"<!-- This site is optimized with the Yoast SEO Premium plugin v26.7 (Yoast SEO v26.7) - https:\/\/yoast.com\/wordpress\/plugins\/seo\/ -->\n<title>Mondiaux Ski de fond 2025 : La Su\u00e8de imp\u00e9riale sur le Team Sprint f\u00e9minin<\/title>\n<meta name=\"description\" content=\"CHAMPIONNATS DU MONDE DE SKI DE FOND 2025 - Jonna Sundling et Maja Dahlqvist ont domin\u00e9 le Team Sprint f\u00e9minin.\" \/>\n<meta name=\"robots\" content=\"index, follow, max-snippet:-1, max-image-preview:large, max-video-preview:-1\" \/>\n<link rel=\"canonical\" href=\"https:\/\/dicodusport.fr\/blog\/mondiaux-ski-de-fond-2025-la-suede-imperiale-sur-le-team-sprint-feminin\/\" \/>\n<meta property=\"og:locale\" content=\"fr_FR\" \/>\n<meta property=\"og:type\" content=\"article\" \/>\n<meta property=\"og:title\" content=\"Mondiaux Ski de fond 2025 : La Su\u00e8de imp\u00e9riale sur le Team Sprint f\u00e9minin\" \/>\n<meta property=\"og:description\" content=\"CHAMPIONNATS DU MONDE DE SKI DE FOND 2025 - Jonna Sundling et Maja Dahlqvist ont domin\u00e9 le Team Sprint f\u00e9minin.\" \/>\n<meta property=\"og:url\" content=\"https:\/\/dicodusport.fr\/blog\/mondiaux-ski-de-fond-2025-la-suede-imperiale-sur-le-team-sprint-feminin\/\" \/>\n<meta property=\"og:site_name\" content=\"Dicodusport\" \/>\n<meta property=\"article:publisher\" content=\"https:\/\/www.facebook.com\/dicodusport\" \/>\n<meta property=\"article:author\" content=\"https:\/\/www.facebook.com\/sebastien.gente\/\" \/>\n<meta property=\"article:published_time\" content=\"2025-03-05T13:53:11+00:00\" \/>\n<meta property=\"article:modified_time\" content=\"2025-03-05T15:41:55+00:00\" \/>\n<meta property=\"og:image\" content=\"https:\/\/dicodusport.fr\/blog\/wp-content\/uploads\/2025\/03\/Mondiaux-Ski-de-fond-2025-La-Suede-imperiale-sur-le-Team-Sprint-feminin.png\" \/>\n\t<meta property=\"og:image:width\" content=\"1200\" \/>\n\t<meta property=\"og:image:height\" content=\"674\" \/>\n\t<meta property=\"og:image:type\" content=\"image\/png\" \/>\n<meta name=\"author\" content=\"S\u00e9bastien Gente\" \/>\n<meta name=\"twitter:card\" content=\"summary_large_image\" \/>\n<meta name=\"twitter:title\" content=\"Mondiaux Ski de fond 2025 : La Su\u00e8de imp\u00e9riale sur le Team Sprint f\u00e9minin\" \/>\n<meta name=\"twitter:creator\" content=\"@https:\/\/twitter.com\/globulo24\" \/>\n<meta name=\"twitter:site\" content=\"@dicodusport\" \/>\n<script type=\"application\/ld+json\" class=\"yoast-schema-graph\">{\"@context\":\"https:\/\/schema.org\",\"@graph\":[{\"@type\":\"NewsArticle\",\"@id\":\"https:\/\/dicodusport.fr\/blog\/mondiaux-ski-de-fond-2025-la-suede-imperiale-sur-le-team-sprint-feminin\/#article\",\"isPartOf\":{\"@id\":\"https:\/\/dicodusport.fr\/blog\/mondiaux-ski-de-fond-2025-la-suede-imperiale-sur-le-team-sprint-feminin\/\"},\"author\":{\"name\":\"S\u00e9bastien Gente\",\"@id\":\"https:\/\/dicodusport.fr\/blog\/#\/schema\/person\/627966a6cde45dbd8c5e36ac85d783da\"},\"headline\":\"Mondiaux Ski de fond 2025 : La Su\u00e8de imp\u00e9riale sur le Team Sprint f\u00e9minin\",\"datePublished\":\"2025-03-05T13:53:11+00:00\",\"dateModified\":\"2025-03-05T15:41:55+00:00\",\"mainEntityOfPage\":{\"@id\":\"https:\/\/dicodusport.fr\/blog\/mondiaux-ski-de-fond-2025-la-suede-imperiale-sur-le-team-sprint-feminin\/\"},\"wordCount\":337,\"commentCount\":0,\"publisher\":{\"@id\":\"https:\/\/dicodusport.fr\/blog\/#organization\"},\"image\":{\"@id\":\"https:\/\/dicodusport.fr\/blog\/mondiaux-ski-de-fond-2025-la-suede-imperiale-sur-le-team-sprint-feminin\/#primaryimage\"},\"thumbnailUrl\":\"https:\/\/dicodusport.fr\/blog\/wp-content\/uploads\/2025\/03\/Mondiaux-Ski-de-fond-2025-La-Suede-imperiale-sur-le-Team-Sprint-feminin.png\",\"keywords\":[\"br\u00e8ve\",\"Ski de fond\"],\"articleSection\":[\"Ski\"],\"inLanguage\":\"fr-FR\",\"potentialAction\":[{\"@type\":\"CommentAction\",\"name\":\"Comment\",\"target\":[\"https:\/\/dicodusport.fr\/blog\/mondiaux-ski-de-fond-2025-la-suede-imperiale-sur-le-team-sprint-feminin\/#respond\"]}],\"copyrightYear\":\"2025\",\"copyrightHolder\":{\"@id\":\"https:\/\/dicodusport.fr\/blog\/#organization\"}},{\"@type\":\"WebPage\",\"@id\":\"https:\/\/dicodusport.fr\/blog\/mondiaux-ski-de-fond-2025-la-suede-imperiale-sur-le-team-sprint-feminin\/\",\"url\":\"https:\/\/dicodusport.fr\/blog\/mondiaux-ski-de-fond-2025-la-suede-imperiale-sur-le-team-sprint-feminin\/\",\"name\":\"Mondiaux Ski de fond 2025 : La Su\u00e8de imp\u00e9riale sur le Team Sprint f\u00e9minin\",\"isPartOf\":{\"@id\":\"https:\/\/dicodusport.fr\/blog\/#website\"},\"primaryImageOfPage\":{\"@id\":\"https:\/\/dicodusport.fr\/blog\/mondiaux-ski-de-fond-2025-la-suede-imperiale-sur-le-team-sprint-feminin\/#primaryimage\"},\"image\":{\"@id\":\"https:\/\/dicodusport.fr\/blog\/mondiaux-ski-de-fond-2025-la-suede-imperiale-sur-le-team-sprint-feminin\/#primaryimage\"},\"thumbnailUrl\":\"https:\/\/dicodusport.fr\/blog\/wp-content\/uploads\/2025\/03\/Mondiaux-Ski-de-fond-2025-La-Suede-imperiale-sur-le-Team-Sprint-feminin.png\",\"datePublished\":\"2025-03-05T13:53:11+00:00\",\"dateModified\":\"2025-03-05T15:41:55+00:00\",\"description\":\"CHAMPIONNATS DU MONDE DE SKI DE FOND 2025 - Jonna Sundling et Maja Dahlqvist ont domin\u00e9 le Team Sprint f\u00e9minin.\",\"breadcrumb\":{\"@id\":\"https:\/\/dicodusport.fr\/blog\/mondiaux-ski-de-fond-2025-la-suede-imperiale-sur-le-team-sprint-feminin\/#breadcrumb\"},\"inLanguage\":\"fr-FR\",\"potentialAction\":[{\"@type\":\"ReadAction\",\"target\":[\"https:\/\/dicodusport.fr\/blog\/mondiaux-ski-de-fond-2025-la-suede-imperiale-sur-le-team-sprint-feminin\/\"]}]},{\"@type\":\"ImageObject\",\"inLanguage\":\"fr-FR\",\"@id\":\"https:\/\/dicodusport.fr\/blog\/mondiaux-ski-de-fond-2025-la-suede-imperiale-sur-le-team-sprint-feminin\/#primaryimage\",\"url\":\"https:\/\/dicodusport.fr\/blog\/wp-content\/uploads\/2025\/03\/Mondiaux-Ski-de-fond-2025-La-Suede-imperiale-sur-le-Team-Sprint-feminin.png\",\"contentUrl\":\"https:\/\/dicodusport.fr\/blog\/wp-content\/uploads\/2025\/03\/Mondiaux-Ski-de-fond-2025-La-Suede-imperiale-sur-le-Team-Sprint-feminin.png\",\"width\":1200,\"height\":674,\"caption\":\"Mondiaux Ski de fond 2025 La Su\u00e8de imp\u00e9riale sur le Team Sprint f\u00e9minin\"},{\"@type\":\"BreadcrumbList\",\"@id\":\"https:\/\/dicodusport.fr\/blog\/mondiaux-ski-de-fond-2025-la-suede-imperiale-sur-le-team-sprint-feminin\/#breadcrumb\",\"itemListElement\":[{\"@type\":\"ListItem\",\"position\":1,\"name\":\"Accueil\",\"item\":\"https:\/\/dicodusport.fr\/blog\/\"},{\"@type\":\"ListItem\",\"position\":2,\"name\":\"Mondiaux Ski de fond 2025 : La Su\u00e8de imp\u00e9riale sur le Team Sprint f\u00e9minin\"}]},{\"@type\":\"WebSite\",\"@id\":\"https:\/\/dicodusport.fr\/blog\/#website\",\"url\":\"https:\/\/dicodusport.fr\/blog\/\",\"name\":\"Dicodusport\",\"description\":\"L&#039;encyclop\u00e9die de l&#039;actualit\u00e9 sportive\",\"publisher\":{\"@id\":\"https:\/\/dicodusport.fr\/blog\/#organization\"},\"potentialAction\":[{\"@type\":\"SearchAction\",\"target\":{\"@type\":\"EntryPoint\",\"urlTemplate\":\"https:\/\/dicodusport.fr\/blog\/?s={search_term_string}\"},\"query-input\":{\"@type\":\"PropertyValueSpecification\",\"valueRequired\":true,\"valueName\":\"search_term_string\"}}],\"inLanguage\":\"fr-FR\"},{\"@type\":\"NewsMediaOrganization\",\"@id\":\"https:\/\/dicodusport.fr\/blog\/#organization\",\"name\":\"Dicodusport\",\"url\":\"https:\/\/dicodusport.fr\/blog\/\",\"logo\":{\"@type\":\"ImageObject\",\"inLanguage\":\"fr-FR\",\"@id\":\"https:\/\/dicodusport.fr\/blog\/#\/schema\/logo\/image\/\",\"url\":\"https:\/\/dicodusport.fr\/blog\/wp-content\/uploads\/2020\/06\/cropped-LOGO-DICODUSPORT-2020-SANS-FOND-SANS-TEXTE.png\",\"contentUrl\":\"https:\/\/dicodusport.fr\/blog\/wp-content\/uploads\/2020\/06\/cropped-LOGO-DICODUSPORT-2020-SANS-FOND-SANS-TEXTE.png\",\"width\":512,\"height\":512,\"caption\":\"Dicodusport\"},\"image\":{\"@id\":\"https:\/\/dicodusport.fr\/blog\/#\/schema\/logo\/image\/\"},\"sameAs\":[\"https:\/\/www.facebook.com\/dicodusport\",\"https:\/\/x.com\/dicodusport\",\"https:\/\/www.instagram.com\/dicodusport\/\",\"https:\/\/www.youtube.com\/channel\/UC7V2KZ5sd3htJivAbA4ZG3w\"],\"description\":\"Dicodusport est l'encyclop\u00e9die de l'actualit\u00e9 sportive.\",\"email\":\"bonjour@dicodusport.fr\",\"legalName\":\"DICODUSPORT\",\"foundingDate\":\"2018-01-14\",\"vatID\":\"FR71834470973\",\"taxID\":\"83447097300043\",\"numberOfEmployees\":{\"@type\":\"QuantitativeValue\",\"minValue\":\"1\",\"maxValue\":\"10\"}},{\"@type\":\"Person\",\"@id\":\"https:\/\/dicodusport.fr\/blog\/#\/schema\/person\/627966a6cde45dbd8c5e36ac85d783da\",\"name\":\"S\u00e9bastien Gente\",\"image\":{\"@type\":\"ImageObject\",\"inLanguage\":\"fr-FR\",\"@id\":\"https:\/\/dicodusport.fr\/blog\/#\/schema\/person\/image\/\",\"url\":\"https:\/\/dicodusport.fr\/blog\/wp-content\/uploads\/2021\/09\/1510990_10205810251400683_4124423575079401707_n-150x150.jpg\",\"contentUrl\":\"https:\/\/dicodusport.fr\/blog\/wp-content\/uploads\/2021\/09\/1510990_10205810251400683_4124423575079401707_n-150x150.jpg\",\"caption\":\"S\u00e9bastien Gente\"},\"description\":\"John Stockton, Gianni Bugno, Zinedine Zidane, Steffi Graf, Frode Andresen, St\u00e9phane Stoecklin, Davis Kamoga, Primoz Peterka, Werner Schlager et Aur\u00e9lien Rougerie. Point commun entre ces sportifs? Ils m'ont fait r\u00eaver et ont berc\u00e9 mon adolescence. Je suis un fondu de sports et j'essaie de retranscrire ma passion \u00e0 travers mes articles. Originaire du P\u00e9rigord, ma passion pour les Girondins, les Jaunards et les Jazzmen transpire dans mes \u00e9crits. \u00c0 Dicodusport depuis 2021, je d\u00e9niche les sports m\u00e9connus dans lesquels la France brille, et il y en a !\",\"sameAs\":[\"https:\/\/www.facebook.com\/sebastien.gente\/\",\"https:\/\/www.instagram.com\/sebgente\/\",\"https:\/\/www.linkedin.com\/in\/sbastien-gente-a29583169\/\",\"https:\/\/x.com\/https:\/\/twitter.com\/globulo24\",\"SebastienGente\"],\"worksFor\":\"S\u00e9bastien GENTE\",\"url\":\"https:\/\/dicodusport.fr\/blog\/author\/sebastiengente\/\"}]}<\/script>\n<!-- \/ Yoast SEO Premium plugin. -->","yoast_head_json":{"title":"Mondiaux Ski de fond 2025 : La Su\u00e8de imp\u00e9riale sur le Team Sprint f\u00e9minin","description":"CHAMPIONNATS DU MONDE DE SKI DE FOND 2025 - Jonna Sundling et Maja Dahlqvist ont domin\u00e9 le Team Sprint f\u00e9minin.","robots":{"index":"index","follow":"follow","max-snippet":"max-snippet:-1","max-image-preview":"max-image-preview:large","max-video-preview":"max-video-preview:-1"},"canonical":"https:\/\/dicodusport.fr\/blog\/mondiaux-ski-de-fond-2025-la-suede-imperiale-sur-le-team-sprint-feminin\/","og_locale":"fr_FR","og_type":"article","og_title":"Mondiaux Ski de fond 2025 : La Su\u00e8de imp\u00e9riale sur le Team Sprint f\u00e9minin","og_description":"CHAMPIONNATS DU MONDE DE SKI DE FOND 2025 - Jonna Sundling et Maja Dahlqvist ont domin\u00e9 le Team Sprint f\u00e9minin.","og_url":"https:\/\/dicodusport.fr\/blog\/mondiaux-ski-de-fond-2025-la-suede-imperiale-sur-le-team-sprint-feminin\/","og_site_name":"Dicodusport","article_publisher":"https:\/\/www.facebook.com\/dicodusport","article_author":"https:\/\/www.facebook.com\/sebastien.gente\/","article_published_time":"2025-03-05T13:53:11+00:00","article_modified_time":"2025-03-05T15:41:55+00:00","og_image":[{"width":1200,"height":674,"url":"https:\/\/dicodusport.fr\/blog\/wp-content\/uploads\/2025\/03\/Mondiaux-Ski-de-fond-2025-La-Suede-imperiale-sur-le-Team-Sprint-feminin.png","type":"image\/png"}],"author":"S\u00e9bastien Gente","twitter_card":"summary_large_image","twitter_title":"Mondiaux Ski de fond 2025 : La Su\u00e8de imp\u00e9riale sur le Team Sprint f\u00e9minin","twitter_creator":"@https:\/\/twitter.com\/globulo24","twitter_site":"@dicodusport","schema":{"@context":"https:\/\/schema.org","@graph":[{"@type":"NewsArticle","@id":"https:\/\/dicodusport.fr\/blog\/mondiaux-ski-de-fond-2025-la-suede-imperiale-sur-le-team-sprint-feminin\/#article","isPartOf":{"@id":"https:\/\/dicodusport.fr\/blog\/mondiaux-ski-de-fond-2025-la-suede-imperiale-sur-le-team-sprint-feminin\/"},"author":{"name":"S\u00e9bastien Gente","@id":"https:\/\/dicodusport.fr\/blog\/#\/schema\/person\/627966a6cde45dbd8c5e36ac85d783da"},"headline":"Mondiaux Ski de fond 2025 : La Su\u00e8de imp\u00e9riale sur le Team Sprint f\u00e9minin","datePublished":"2025-03-05T13:53:11+00:00","dateModified":"2025-03-05T15:41:55+00:00","mainEntityOfPage":{"@id":"https:\/\/dicodusport.fr\/blog\/mondiaux-ski-de-fond-2025-la-suede-imperiale-sur-le-team-sprint-feminin\/"},"wordCount":337,"commentCount":0,"publisher":{"@id":"https:\/\/dicodusport.fr\/blog\/#organization"},"image":{"@id":"https:\/\/dicodusport.fr\/blog\/mondiaux-ski-de-fond-2025-la-suede-imperiale-sur-le-team-sprint-feminin\/#primaryimage"},"thumbnailUrl":"https:\/\/dicodusport.fr\/blog\/wp-content\/uploads\/2025\/03\/Mondiaux-Ski-de-fond-2025-La-Suede-imperiale-sur-le-Team-Sprint-feminin.png","keywords":["br\u00e8ve","Ski de fond"],"articleSection":["Ski"],"inLanguage":"fr-FR","potentialAction":[{"@type":"CommentAction","name":"Comment","target":["https:\/\/dicodusport.fr\/blog\/mondiaux-ski-de-fond-2025-la-suede-imperiale-sur-le-team-sprint-feminin\/#respond"]}],"copyrightYear":"2025","copyrightHolder":{"@id":"https:\/\/dicodusport.fr\/blog\/#organization"}},{"@type":"WebPage","@id":"https:\/\/dicodusport.fr\/blog\/mondiaux-ski-de-fond-2025-la-suede-imperiale-sur-le-team-sprint-feminin\/","url":"https:\/\/dicodusport.fr\/blog\/mondiaux-ski-de-fond-2025-la-suede-imperiale-sur-le-team-sprint-feminin\/","name":"Mondiaux Ski de fond 2025 : La Su\u00e8de imp\u00e9riale sur le Team Sprint f\u00e9minin","isPartOf":{"@id":"https:\/\/dicodusport.fr\/blog\/#website"},"primaryImageOfPage":{"@id":"https:\/\/dicodusport.fr\/blog\/mondiaux-ski-de-fond-2025-la-suede-imperiale-sur-le-team-sprint-feminin\/#primaryimage"},"image":{"@id":"https:\/\/dicodusport.fr\/blog\/mondiaux-ski-de-fond-2025-la-suede-imperiale-sur-le-team-sprint-feminin\/#primaryimage"},"thumbnailUrl":"https:\/\/dicodusport.fr\/blog\/wp-content\/uploads\/2025\/03\/Mondiaux-Ski-de-fond-2025-La-Suede-imperiale-sur-le-Team-Sprint-feminin.png","datePublished":"2025-03-05T13:53:11+00:00","dateModified":"2025-03-05T15:41:55+00:00","description":"CHAMPIONNATS DU MONDE DE SKI DE FOND 2025 - Jonna Sundling et Maja Dahlqvist ont domin\u00e9 le Team Sprint f\u00e9minin.","breadcrumb":{"@id":"https:\/\/dicodusport.fr\/blog\/mondiaux-ski-de-fond-2025-la-suede-imperiale-sur-le-team-sprint-feminin\/#breadcrumb"},"inLanguage":"fr-FR","potentialAction":[{"@type":"ReadAction","target":["https:\/\/dicodusport.fr\/blog\/mondiaux-ski-de-fond-2025-la-suede-imperiale-sur-le-team-sprint-feminin\/"]}]},{"@type":"ImageObject","inLanguage":"fr-FR","@id":"https:\/\/dicodusport.fr\/blog\/mondiaux-ski-de-fond-2025-la-suede-imperiale-sur-le-team-sprint-feminin\/#primaryimage","url":"https:\/\/dicodusport.fr\/blog\/wp-content\/uploads\/2025\/03\/Mondiaux-Ski-de-fond-2025-La-Suede-imperiale-sur-le-Team-Sprint-feminin.png","contentUrl":"https:\/\/dicodusport.fr\/blog\/wp-content\/uploads\/2025\/03\/Mondiaux-Ski-de-fond-2025-La-Suede-imperiale-sur-le-Team-Sprint-feminin.png","width":1200,"height":674,"caption":"Mondiaux Ski de fond 2025 La Su\u00e8de imp\u00e9riale sur le Team Sprint f\u00e9minin"},{"@type":"BreadcrumbList","@id":"https:\/\/dicodusport.fr\/blog\/mondiaux-ski-de-fond-2025-la-suede-imperiale-sur-le-team-sprint-feminin\/#breadcrumb","itemListElement":[{"@type":"ListItem","position":1,"name":"Accueil","item":"https:\/\/dicodusport.fr\/blog\/"},{"@type":"ListItem","position":2,"name":"Mondiaux Ski de fond 2025 : La Su\u00e8de imp\u00e9riale sur le Team Sprint f\u00e9minin"}]},{"@type":"WebSite","@id":"https:\/\/dicodusport.fr\/blog\/#website","url":"https:\/\/dicodusport.fr\/blog\/","name":"Dicodusport","description":"L&#039;encyclop\u00e9die de l&#039;actualit\u00e9 sportive","publisher":{"@id":"https:\/\/dicodusport.fr\/blog\/#organization"},"potentialAction":[{"@type":"SearchAction","target":{"@type":"EntryPoint","urlTemplate":"https:\/\/dicodusport.fr\/blog\/?s={search_term_string}"},"query-input":{"@type":"PropertyValueSpecification","valueRequired":true,"valueName":"search_term_string"}}],"inLanguage":"fr-FR"},{"@type":"NewsMediaOrganization","@id":"https:\/\/dicodusport.fr\/blog\/#organization","name":"Dicodusport","url":"https:\/\/dicodusport.fr\/blog\/","logo":{"@type":"ImageObject","inLanguage":"fr-FR","@id":"https:\/\/dicodusport.fr\/blog\/#\/schema\/logo\/image\/","url":"https:\/\/dicodusport.fr\/blog\/wp-content\/uploads\/2020\/06\/cropped-LOGO-DICODUSPORT-2020-SANS-FOND-SANS-TEXTE.png","contentUrl":"https:\/\/dicodusport.fr\/blog\/wp-content\/uploads\/2020\/06\/cropped-LOGO-DICODUSPORT-2020-SANS-FOND-SANS-TEXTE.png","width":512,"height":512,"caption":"Dicodusport"},"image":{"@id":"https:\/\/dicodusport.fr\/blog\/#\/schema\/logo\/image\/"},"sameAs":["https:\/\/www.facebook.com\/dicodusport","https:\/\/x.com\/dicodusport","https:\/\/www.instagram.com\/dicodusport\/","https:\/\/www.youtube.com\/channel\/UC7V2KZ5sd3htJivAbA4ZG3w"],"description":"Dicodusport est l'encyclop\u00e9die de l'actualit\u00e9 sportive.","email":"bonjour@dicodusport.fr","legalName":"DICODUSPORT","foundingDate":"2018-01-14","vatID":"FR71834470973","taxID":"83447097300043","numberOfEmployees":{"@type":"QuantitativeValue","minValue":"1","maxValue":"10"}},{"@type":"Person","@id":"https:\/\/dicodusport.fr\/blog\/#\/schema\/person\/627966a6cde45dbd8c5e36ac85d783da","name":"S\u00e9bastien Gente","image":{"@type":"ImageObject","inLanguage":"fr-FR","@id":"https:\/\/dicodusport.fr\/blog\/#\/schema\/person\/image\/","url":"https:\/\/dicodusport.fr\/blog\/wp-content\/uploads\/2021\/09\/1510990_10205810251400683_4124423575079401707_n-150x150.jpg","contentUrl":"https:\/\/dicodusport.fr\/blog\/wp-content\/uploads\/2021\/09\/1510990_10205810251400683_4124423575079401707_n-150x150.jpg","caption":"S\u00e9bastien Gente"},"description":"John Stockton, Gianni Bugno, Zinedine Zidane, Steffi Graf, Frode Andresen, St\u00e9phane Stoecklin, Davis Kamoga, Primoz Peterka, Werner Schlager et Aur\u00e9lien Rougerie. Point commun entre ces sportifs? Ils m'ont fait r\u00eaver et ont berc\u00e9 mon adolescence. Je suis un fondu de sports et j'essaie de retranscrire ma passion \u00e0 travers mes articles. Originaire du P\u00e9rigord, ma passion pour les Girondins, les Jaunards et les Jazzmen transpire dans mes \u00e9crits. \u00c0 Dicodusport depuis 2021, je d\u00e9niche les sports m\u00e9connus dans lesquels la France brille, et il y en a !","sameAs":["https:\/\/www.facebook.com\/sebastien.gente\/","https:\/\/www.instagram.com\/sebgente\/","https:\/\/www.linkedin.com\/in\/sbastien-gente-a29583169\/","https:\/\/x.com\/https:\/\/twitter.com\/globulo24","SebastienGente"],"worksFor":"S\u00e9bastien GENTE","url":"https:\/\/dicodusport.fr\/blog\/author\/sebastiengente\/"}]}},"_links":{"self":[{"href":"https:\/\/dicodusport.fr\/blog\/wp-json\/wp\/v2\/posts\/561326","targetHints":{"allow":["GET"]}}],"collection":[{"href":"https:\/\/dicodusport.fr\/blog\/wp-json\/wp\/v2\/posts"}],"about":[{"href":"https:\/\/dicodusport.fr\/blog\/wp-json\/wp\/v2\/types\/post"}],"author":[{"embeddable":true,"href":"https:\/\/dicodusport.fr\/blog\/wp-json\/wp\/v2\/users\/59"}],"replies":[{"embeddable":true,"href":"https:\/\/dicodusport.fr\/blog\/wp-json\/wp\/v2\/comments?post=561326"}],"version-history":[{"count":1,"href":"https:\/\/dicodusport.fr\/blog\/wp-json\/wp\/v2\/posts\/561326\/revisions"}],"predecessor-version":[{"id":561382,"href":"https:\/\/dicodusport.fr\/blog\/wp-json\/wp\/v2\/posts\/561326\/revisions\/561382"}],"wp:featuredmedia":[{"embeddable":true,"href":"https:\/\/dicodusport.fr\/blog\/wp-json\/wp\/v2\/media\/561413"}],"wp:attachment":[{"href":"https:\/\/dicodusport.fr\/blog\/wp-json\/wp\/v2\/media?parent=561326"}],"wp:term":[{"taxonomy":"category","embeddable":true,"href":"https:\/\/dicodusport.fr\/blog\/wp-json\/wp\/v2\/categories?post=561326"},{"taxonomy":"post_tag","embeddable":true,"href":"https:\/\/dicodusport.fr\/blog\/wp-json\/wp\/v2\/tags?post=561326"}],"curies":[{"name":"wp","href":"https:\/\/api.w.org\/{rel}","templated":true}]}}