{"id":561514,"date":"2025-03-09T18:34:21","date_gmt":"2025-03-09T17:34:21","guid":{"rendered":"https:\/\/dicodusport.fr\/blog\/?p=561514&#038;preview=true&#038;preview_id=561514"},"modified":"2025-07-09T18:33:22","modified_gmt":"2025-07-09T16:33:22","slug":"biathlon-nove-mesto-2025-tous-les-resultats-et-classements","status":"publish","type":"post","link":"https:\/\/dicodusport.fr\/blog\/biathlon-nove-mesto-2025-tous-les-resultats-et-classements\/","title":{"rendered":"Biathlon Nove Mesto 2025 : Tous les r\u00e9sultats"},"content":{"rendered":"<h4 style=\"text-align: justify;\"><em>COUPE DU MONDE DE BIATHLON 2024-2025 &#8211; Retrouvez les r\u00e9sultats complets et l&rsquo;ensemble des classements des \u00e9preuves de la Coupe du monde de biathlon \u00e0 Nove Mesto (R\u00e9publique Tch\u00e8que), qui se d\u00e9roule du jeudi 6 au dimanche 9 mars 2025.<\/em><\/h4>\n<ul>\n<li style=\"text-align: justify;\"><strong>\u00c0 ce sujet &#8211; <a href=\"https:\/\/dicodusport.fr\/blog\/biathlon-coupe-du-monde-2024-2025-le-calendrier-complet\/\">Coupe du monde Biathlon 2024-2025 \u2013 Le calendrier complet<\/a><\/strong><\/li>\n<\/ul>\n<p style=\"text-align: justify;\">La <strong>7\u00e8me \u00e9tape de la Coupe du monde de biathlon 2024-2025<\/strong> se d\u00e9roule du jeudi 6 au dimanche 9 mars, sur le site de <strong>Nove Mesto<\/strong> (R\u00e9publique Tch\u00e8que). <a href=\"https:\/\/dicodusport.fr\/blog\/biathlon-nove-mesto-2025-programme-complet-et-horaires\/\">Au programme<\/a> de cette ant\u00e9p\u00e9nulti\u00e8me manche de la saison, <strong>sprints<\/strong>, <strong>poursuites<\/strong> et <strong>relais par genre<\/strong> animeront ces quatre jours de comp\u00e9tition sur la piste tch\u00e8que.<\/p>\n<p style=\"text-align: justify;\">Apr\u00e8s les championnats du monde, la lutte pour les globes va donc reprendre de plus belle. Pour les classements g\u00e9n\u00e9raux, <strong>Franziska Preuss<\/strong> et <strong>Lou Jeanmonnot<\/strong> chez les femmes, <strong>Sturla Laegreid<\/strong> et <strong>Johannes Boe<\/strong> chez les hommes, seront forc\u00e9ment \u00e0 suivre. <strong>Retrouvez tous les r\u00e9sultats et les classements de la Coupe du monde de biathlon \u00e0 Nove Mesto<\/strong> (R\u00e9publique Tch\u00e8que).<\/p>\n<ul>\n<li style=\"text-align: justify;\"><strong>\u00c0 ce sujet \u2013\u00a0<a href=\"https:\/\/dicodusport.fr\/blog\/biathlon-nove-mesto-2025-la-selection-francaise\/\">Biathlon Nove Mesto 2025 : La s\u00e9lection fran\u00e7aise<\/a><\/strong><\/li>\n<\/ul>\n<div class=\"vlp-link-container vlp-layout-article\"><a href=\"https:\/\/dicodusport.fr\/blog\/prize-money-biathlon-les-primes-de-la-coupe-du-monde-2024-2025\/\" class=\"vlp-link\" title=\"Prize-money Biathlon : Les primes de la Coupe du monde 2024-2025\"><\/a><div class=\"vlp-layout-zone-side\"><div class=\"vlp-block-4 vlp-link-image\"><img loading=\"lazy\" decoding=\"async\" style=\"max-width: 792px;\" width=\"792\" height=\"445\" src=\"https:\/\/dicodusport.fr\/blog\/wp-content\/uploads\/2024\/12\/Prize-money-Biathlon-Les-primes-de-la-Coupe-du-monde-2024-2025.png\" class=\"attachment-800x445 size-800x445\" alt=\"Prize-money Biathlon Les primes de la Coupe du monde 2024-2025\" srcset=\"https:\/\/dicodusport.fr\/blog\/wp-content\/uploads\/2024\/12\/Prize-money-Biathlon-Les-primes-de-la-Coupe-du-monde-2024-2025.png 1200w, https:\/\/dicodusport.fr\/blog\/wp-content\/uploads\/2024\/12\/Prize-money-Biathlon-Les-primes-de-la-Coupe-du-monde-2024-2025-300x169.png 300w, https:\/\/dicodusport.fr\/blog\/wp-content\/uploads\/2024\/12\/Prize-money-Biathlon-Les-primes-de-la-Coupe-du-monde-2024-2025-1024x575.png 1024w, https:\/\/dicodusport.fr\/blog\/wp-content\/uploads\/2024\/12\/Prize-money-Biathlon-Les-primes-de-la-Coupe-du-monde-2024-2025-768x431.png 768w\" sizes=\"auto, (max-width: 792px) 100vw, 792px\" \/><\/div><\/div><div class=\"vlp-layout-zone-main\"><div class=\"vlp-block-0 vlp-link-title\">Prize-money Biathlon : Les primes de la Coupe du monde 2024-2025<\/div><div class=\"vlp-block-1 vlp-link-summary\">Les primes de la Coupe du monde de biathlon 2024-2025<\/div><div class=\"vlp-block-2 vlp-link-button\">Lire l'article<\/div><div class=\"vlp-block-3 vlp-link-url\">dicodusport.fr<\/div><\/div><\/div>\n<h2 style=\"text-align: justify;\">Biathlon Coupe du monde Nove Mesto 2025 &#8211; R\u00e9sultats et classements<\/h2>\n<p style=\"text-align: justify;\"><span style=\"font-size: 14px;\"><em><strong>Les courses seront retransmises en direct sur La cha\u00eene L&rsquo;\u00c9quipe et Eurosport.<\/strong><\/em><\/span><\/p>\n<table style=\"width: 100%; border-collapse: collapse; font-size: 0.9em;\">\n<tbody>\n<tr>\n<td style=\"background-color: #0081b4; width: 840px; text-align: center; vertical-align: middle;\" colspan=\"6\"><span style=\"color: #ffffff;\"><strong>JEUDI 6 MARS 2025<\/strong><\/span><\/td>\n<\/tr>\n<tr>\n<td style=\"text-align: center; vertical-align: middle; background-color: #8db5c4; width: 10%;\"><span style=\"color: #ffffff; font-size: 0.9em;\"><strong>Horaire<\/strong><\/span><\/td>\n<td style=\"text-align: center; vertical-align: middle; background-color: #8db5c4; width: 22.5%;\" colspan=\"2\"><span style=\"color: #ffffff;\"><span style=\"font-size: 0.9em;\"><b>\u00c9preuve<\/b><\/span><\/span><\/td>\n<td style=\"text-align: center; vertical-align: middle; background-color: #8db5c4; width: 22.5%;\"><span style=\"color: #ffffff; font-size: 0.9em;\"><strong>Vainqueur<\/strong><\/span><\/td>\n<td style=\"text-align: center; vertical-align: middle; background-color: #8db5c4; width: 22.5%;\"><span style=\"color: #ffffff; font-size: 0.9em;\"><strong>Deuxi\u00e8me<\/strong><\/span><\/td>\n<td style=\"text-align: center; vertical-align: middle; background-color: #8db5c4; width: 22.5%;\"><span style=\"color: #ffffff; font-size: 0.9em;\"><strong>Troisi\u00e8me<\/strong><\/span><\/td>\n<\/tr>\n<tr>\n<td style=\"text-align: center; vertical-align: middle; width: 10%;\"><strong>18H40<\/strong><\/td>\n<td style=\"text-align: center; vertical-align: middle;\" colspan=\"2\"><strong>Sprint hommes<br \/>\n<span style=\"font-size: 11.52px;\"><b><i><a href=\"https:\/\/dicodusport.fr\/blog\/sprint-hommes-nove-mesto-2025-emilien-jacquelin-renoue-avec-la-victoire\/\">R\u00e9sum\u00e9<\/a> &#8211; <a href=\"https:\/\/dicodusport.fr\/blog\/resultats-et-classement-sprint-hommes-nove-mesto-2025\/\">Classement<\/a><\/i><\/b><\/span><\/strong><span style=\"font-size: 11.52px;\"><b><br \/>\n<\/b><\/span><\/td>\n<td style=\"text-align: center; vertical-align: middle; font-size: 0.9em; width: 22.5%;\"><strong><span style=\"font-size: 0.9em;\">\ud83c\uddeb\ud83c\uddf7 \u00c9MILIEN JACQUELIN<br \/>\n<em><span style=\"font-size: 11.52px;\">23:13.3 \/ 0-0<\/span><\/em><\/span><\/strong><\/td>\n<td style=\"text-align: center; vertical-align: middle; font-size: 0.9em; width: 22.5%;\"><span style=\"font-size: 0.9em;\">\ud83c\uddee\ud83c\uddf9 TOMMASO GIACOMEL<br \/>\n<em><span style=\"font-size: 11.52px;\">+19.8 \/ 1-0<\/span><\/em><\/span><\/td>\n<td style=\"text-align: center; vertical-align: middle; font-size: 0.9em; width: 22.5%;\"><span style=\"font-size: 0.9em;\">\ud83c\uddf3\ud83c\uddf4 JOHANNES BOE<br \/>\n<em><span style=\"font-size: 11.52px;\">+20.9 \/ 2-0<\/span><\/em><\/span><\/td>\n<\/tr>\n<tr>\n<td style=\"background-color: #0081b4; width: 800px; text-align: center; vertical-align: middle;\" colspan=\"6\"><span style=\"color: #ffffff;\"><strong>VENDREDI 7 MARS 2025<\/strong><\/span><\/td>\n<\/tr>\n<tr>\n<td style=\"text-align: center; vertical-align: middle; background-color: #8db5c4; width: 10%;\"><span style=\"color: #ffffff; font-size: 0.9em;\"><strong>Horaire<\/strong><\/span><\/td>\n<td style=\"text-align: center; vertical-align: middle; background-color: #8db5c4; width: 22.5%;\" colspan=\"2\"><span style=\"color: #ffffff;\"><span style=\"font-size: 0.9em;\"><b>\u00c9preuve<\/b><\/span><\/span><\/td>\n<td style=\"text-align: center; vertical-align: middle; background-color: #8db5c4; width: 22.5%;\"><span style=\"color: #ffffff; font-size: 0.9em;\"><strong>Vainqueur<\/strong><\/span><\/td>\n<td style=\"text-align: center; vertical-align: middle; background-color: #8db5c4; width: 22.5%;\"><span style=\"color: #ffffff; font-size: 0.9em;\"><strong>Deuxi\u00e8me<\/strong><\/span><\/td>\n<td style=\"text-align: center; vertical-align: middle; background-color: #8db5c4; width: 22.5%;\"><span style=\"color: #ffffff; font-size: 0.9em;\"><strong>Troisi\u00e8me<\/strong><\/span><\/td>\n<\/tr>\n<tr>\n<td style=\"text-align: center; vertical-align: middle; width: 10%;\"><strong>18H25<\/strong><\/td>\n<td style=\"text-align: center; vertical-align: middle;\" colspan=\"2\"><strong>Sprint femmes<br \/>\n<span style=\"font-size: 11.52px;\"><b><i><a href=\"https:\/\/dicodusport.fr\/blog\/sprint-femmes-nove-mesto-2025-justine-braisaz-bouchet-et-julia-simon-sur-le-podium-ingrid-tandrevold-simpose\/\">R\u00e9sum\u00e9<\/a> &#8211; <a href=\"https:\/\/dicodusport.fr\/blog\/resultats-et-classement-sprint-femmes-nove-mesto-2025\/\">Classement<\/a><\/i><\/b><\/span><span style=\"font-size: 11.52px;\"><b><br \/>\n<\/b><\/span><\/strong><\/td>\n<td style=\"text-align: center; vertical-align: middle; font-size: 0.9em; width: 22.5%;\"><strong><span style=\"font-size: 0.9em;\">\ud83c\uddf3\ud83c\uddf4 INGRID TANDREVOLD<br \/>\n<em><span style=\"font-size: 11.52px;\">19:13.5 \/ 0-0<\/span><\/em><\/span><\/strong><\/td>\n<td style=\"text-align: center; vertical-align: middle; font-size: 0.9em; width: 22.5%;\"><span style=\"font-size: 0.9em;\">\ud83c\uddeb\ud83c\uddf7 JUSTINE BRAISAZ-BOUCHET<br \/>\n<em><span style=\"font-size: 11.52px;\">+15.1 \/ 0-1<\/span><\/em><\/span><\/td>\n<td style=\"text-align: center; vertical-align: middle; font-size: 0.9em; width: 22.5%;\"><span style=\"font-size: 0.9em;\">\ud83c\uddeb\ud83c\uddf7 JULIA SIMON<br \/>\n<em><span style=\"font-size: 11.52px;\">+20.9 \/ 0-0<\/span><\/em><\/span><\/td>\n<\/tr>\n<tr>\n<td style=\"background-color: #0081b4; width: 800px; text-align: center; vertical-align: middle;\" colspan=\"6\"><span style=\"color: #ffffff;\"><strong>SAMEDI 8 MARS 2025<\/strong><\/span><\/td>\n<\/tr>\n<tr>\n<td style=\"text-align: center; vertical-align: middle; background-color: #8db5c4; width: 10%;\"><span style=\"color: #ffffff; font-size: 0.9em;\"><strong>Horaire<\/strong><\/span><\/td>\n<td style=\"text-align: center; vertical-align: middle; background-color: #8db5c4; width: 22.5%;\" colspan=\"2\"><span style=\"color: #ffffff;\"><span style=\"font-size: 0.9em;\"><b>\u00c9preuve<\/b><\/span><\/span><\/td>\n<td style=\"text-align: center; vertical-align: middle; background-color: #8db5c4; width: 22.5%;\"><span style=\"color: #ffffff; font-size: 0.9em;\"><strong>Vainqueur<\/strong><\/span><\/td>\n<td style=\"text-align: center; vertical-align: middle; background-color: #8db5c4; width: 22.5%;\"><span style=\"color: #ffffff; font-size: 0.9em;\"><strong>Deuxi\u00e8me<\/strong><\/span><\/td>\n<td style=\"text-align: center; vertical-align: middle; background-color: #8db5c4; width: 22.5%;\"><span style=\"color: #ffffff; font-size: 0.9em;\"><strong>Troisi\u00e8me<\/strong><\/span><\/td>\n<\/tr>\n<tr>\n<td style=\"text-align: center; vertical-align: middle; width: 10%;\"><strong>14H55<\/strong><\/td>\n<td style=\"text-align: center; vertical-align: middle;\" colspan=\"2\"><strong>Poursuite hommes<br \/>\n<span style=\"font-size: 11.52px;\"><b><i><a href=\"https:\/\/dicodusport.fr\/blog\/poursuite-hommes-nove-mesto-2025-sebastian-samuelsson-survole-la-course-fillon-maillet-au-pied-du-podium\/\">R\u00e9sum\u00e9<\/a> &#8211; <a href=\"https:\/\/dicodusport.fr\/blog\/resultats-et-classement-poursuite-hommes-nove-mesto-2025\/\">Classement<\/a><\/i><\/b><\/span><br \/>\n<\/strong><\/td>\n<td style=\"text-align: center; vertical-align: middle; font-size: 0.9em; width: 22.5%;\"><strong><span style=\"font-size: 0.9em;\">\ud83c\uddf8\ud83c\uddea SEBASTIAN SAMUELSSON<br \/>\n<em><span style=\"font-size: 11.52px;\">32:22.1 \/ 0-0-0-0<\/span><\/em><\/span><\/strong><\/td>\n<td style=\"text-align: center; vertical-align: middle; font-size: 0.9em; width: 22.5%;\"><span style=\"font-size: 0.9em;\">\ud83c\uddee\ud83c\uddf9 TOMMASO GIACOMEL<br \/>\n<em><span style=\"font-size: 11.52px;\">+26.4 \/ 1-1-0-0<\/span><\/em><\/span><\/td>\n<td style=\"text-align: center; vertical-align: middle; font-size: 0.9em; width: 22.5%;\"><span style=\"font-size: 0.9em;\">\ud83c\uddf3\ud83c\uddf4 JOHANNES BOE<br \/>\n<em><span style=\"font-size: 11.52px;\">+38.7 \/ 0-1-1-1<\/span><\/em><\/span><\/td>\n<\/tr>\n<tr>\n<td style=\"text-align: center; vertical-align: middle; width: 10%;\"><strong>17H40<\/strong><\/td>\n<td style=\"text-align: center; vertical-align: middle;\" colspan=\"2\"><strong>Poursuite femmes<br \/>\n<span style=\"font-size: 11.52px;\"><b><i><a href=\"https:\/\/dicodusport.fr\/blog\/poursuite-femmes-nove-mesto-2025-julia-simon-simpose-oceane-michelon-sur-le-podium\/\">R\u00e9sum\u00e9<\/a> &#8211; <a href=\"https:\/\/dicodusport.fr\/blog\/biathlon-nove-mesto-2025-classement-poursuite-femmes\/\">Classement<\/a><\/i><\/b><\/span><br \/>\n<\/strong><\/td>\n<td style=\"text-align: center; vertical-align: middle; font-size: 0.9em; width: 22.5%;\"><strong><span style=\"font-size: 0.9em;\">\ud83c\uddeb\ud83c\uddf7 JULIA SIMON<br \/>\n<em><span style=\"font-size: 11.52px;\">30:56.0 \/ 0-1-0-0<\/span><\/em><\/span><\/strong><\/td>\n<td style=\"text-align: center; vertical-align: middle; font-size: 0.9em; width: 22.5%;\"><span style=\"font-size: 0.9em;\">\ud83c\uddf8\ud83c\uddea HANNA OEBERG<br \/>\n<em><span style=\"font-size: 11.52px;\">+17.2 \/ 0-1-0-1<\/span><\/em><\/span><\/td>\n<td style=\"text-align: center; vertical-align: middle; font-size: 0.9em; width: 22.5%;\"><span style=\"font-size: 0.9em;\">\ud83c\uddeb\ud83c\uddf7 OC\u00c9ANE MICHELON<br \/>\n<em><span style=\"font-size: 11.52px;\">+19.2 \/ 1-0-0-1<\/span><\/em><\/span><\/td>\n<\/tr>\n<tr>\n<td style=\"background-color: #0081b4; width: 800px; text-align: center; vertical-align: middle;\" colspan=\"6\"><span style=\"color: #ffffff;\"><strong>DIMANCHE 9 MARS 2025<\/strong><\/span><\/td>\n<\/tr>\n<tr>\n<td style=\"text-align: center; vertical-align: middle; background-color: #8db5c4; width: 10%;\"><span style=\"color: #ffffff; font-size: 0.9em;\"><strong>Horaire<\/strong><\/span><\/td>\n<td style=\"text-align: center; vertical-align: middle; background-color: #8db5c4; width: 22.5%;\" colspan=\"2\"><span style=\"color: #ffffff;\"><span style=\"font-size: 0.9em;\"><b>\u00c9preuve<\/b><\/span><\/span><\/td>\n<td style=\"text-align: center; vertical-align: middle; background-color: #8db5c4; width: 22.5%;\"><span style=\"color: #ffffff; font-size: 0.9em;\"><strong>Vainqueur<\/strong><\/span><\/td>\n<td style=\"text-align: center; vertical-align: middle; background-color: #8db5c4; width: 22.5%;\"><span style=\"color: #ffffff; font-size: 0.9em;\"><strong>Deuxi\u00e8me<\/strong><\/span><\/td>\n<td style=\"text-align: center; vertical-align: middle; background-color: #8db5c4; width: 22.5%;\"><span style=\"color: #ffffff; font-size: 0.9em;\"><strong>Troisi\u00e8me<\/strong><\/span><\/td>\n<\/tr>\n<tr>\n<td style=\"text-align: center; vertical-align: middle; width: 10%;\"><strong>13H50<\/strong><\/td>\n<td style=\"text-align: center; vertical-align: middle;\" colspan=\"2\"><strong>Relais hommes<br \/>\n<span style=\"font-size: 11.52px;\"><b><i><a title=\"Relais hommes Nove Mesto 2025 : La d\u00e9monstration et le grand chelem pour les Bleus, avec le petit globe\" href=\"https:\/\/dicodusport.fr\/blog\/relais-hommes-nove-mesto-2025-la-demonstration-et-le-grand-chelem-pour-les-bleus-avec-le-petit-globe\/\" rel=\"\">R\u00e9sum\u00e9<\/a> &#8211; <a title=\"Biathlon Nove Mesto 2025 \u2013 Classement Relais hommes\" href=\"https:\/\/dicodusport.fr\/blog\/biathlon-nove-mesto-2025-classement-relais-hommes\/\" rel=\"\">Classement<\/a><\/i><\/b><\/span><br \/>\n<\/strong><\/td>\n<td style=\"text-align: center; vertical-align: middle; font-size: 0.9em; width: 22.5%;\"><strong><span style=\"font-size: 0.9em;\">\ud83c\uddeb\ud83c\uddf7 FRANCE<br \/>\n<em><span style=\"font-size: 11.52px;\">1h16:24.3 \/ 0 (4)<\/span><\/em><\/span><\/strong><\/td>\n<td style=\"text-align: center; vertical-align: middle; font-size: 0.9em; width: 22.5%;\"><span style=\"font-size: 0.9em;\">\ud83c\uddf3\ud83c\uddf4 NORV\u00c8GE<br \/>\n<em><span style=\"font-size: 11.52px;\">+1:26.6 \/ 1 (8)<\/span><\/em><\/span><\/td>\n<td style=\"text-align: center; vertical-align: middle; font-size: 0.9em; width: 22.5%;\"><span style=\"font-size: 0.9em;\">\ud83c\uddfa\ud83c\udde6 UKRAINE<br \/>\n<em><span style=\"font-size: 11.52px;\">+2:45.4 \/ 0 (7)<\/span><\/em><\/span><\/td>\n<\/tr>\n<tr>\n<td style=\"text-align: center; vertical-align: middle; width: 10%;\"><strong>16H45<\/strong><\/td>\n<td style=\"text-align: center; vertical-align: middle; width: 22.5%;\" colspan=\"2\"><strong>Relais femmes<br \/>\n<span style=\"font-size: 11.52px;\"><b><i><a title=\"Relais femmes Nove Mesto 2025 : Les Bleues survolent la course et remporte le petit globe de la sp\u00e9cialit\u00e9\" href=\"https:\/\/dicodusport.fr\/blog\/relais-femmes-nove-mesto-2025-les-bleues-survolent-la-course-et-remporte-le-petit-globe-de-la-specialite\/\" rel=\"\">R\u00e9sum\u00e9<\/a> &#8211; <a title=\"Classement Relais femmes Biathlon Nove Mesto 2025\" href=\"https:\/\/dicodusport.fr\/blog\/classement-relais-femmes-biathlon-nove-mesto-2025\/\" rel=\"\">Classement<\/a><\/i><\/b><\/span><span style=\"font-size: 11.52px;\"><i><br \/>\n<b><\/b><\/i><\/span><\/strong><\/td>\n<td style=\"text-align: center; vertical-align: middle; font-size: 0.9em; width: 22.5%;\"><strong><span style=\"font-size: 0.9em;\">\ud83c\uddeb\ud83c\uddf7 FRANCE<br \/>\n<em><span style=\"font-size: 11.52px;\">1h11:11.1 \/ 0 (5)<\/span><\/em><\/span><\/strong><\/td>\n<td style=\"text-align: center; vertical-align: middle; font-size: 0.9em; width: 22.5%;\"><span style=\"font-size: 0.9em;\">\ud83c\uddf3\ud83c\uddf4 NORV\u00c8GE<br \/>\n<em><span style=\"font-size: 11.52px;\">+25.1 \/ 0 (11)<\/span><\/em><\/span><\/td>\n<td style=\"text-align: center; vertical-align: middle; font-size: 0.9em; width: 22.5%;\"><span style=\"font-size: 0.9em;\">\ud83c\udde9\ud83c\uddea ALLEMAGNE<br \/>\n<em><span style=\"font-size: 11.52px;\">+47.6 \/ 0 (8)<\/span><\/em><\/span><\/td>\n<\/tr>\n<\/tbody>\n<\/table>\n<h2 style=\"text-align: justify;\">\u00c0 ce sujet<\/h2>\n<ul>\n<li style=\"text-align: justify;\"><a href=\"https:\/\/dicodusport.fr\/blog\/biathlon-classement-general-femmes-coupe-du-monde-2024-2025\/\"><strong>Biathlon \u2013 Classement g\u00e9n\u00e9ral femmes Coupe du monde 2024-2025<\/strong><\/a><\/li>\n<li style=\"text-align: justify;\"><strong><a href=\"https:\/\/dicodusport.fr\/blog\/biathlon-classement-general-hommes-coupe-du-monde-2024-2025\/\">Biathlon \u2013 Classement g\u00e9n\u00e9ral hommes Coupe du monde 2024-2025<\/a>\u00a0<\/strong><\/li>\n<\/ul>\n","protected":false},"excerpt":{"rendered":"<p>COUPE DU MONDE DE BIATHLON 2024-2025 &#8211; Retrouvez le programme, les horaires et les r\u00e9sultats de la 6\u00e8me \u00e9tape \u00e0 Antholz-Anterselva (Italie).<\/p>\n","protected":false},"author":4,"featured_media":562027,"comment_status":"open","ping_status":"closed","sticky":false,"template":"","format":"standard","meta":{"_acf_changed":false,"_daextam_enable_autolinks":"1","footnotes":""},"categories":[47040],"tags":[2427,14874,16878],"class_list":["post-561514","post","type-post","status-publish","format-standard","has-post-thumbnail","hentry","category-coupe-du-monde-de-biathlon","tag-biathlon","tag-biathlon-nove-mesto","tag-breve"],"acf":[],"yoast_head":"<!-- This site is optimized with the Yoast SEO Premium plugin v26.7 (Yoast SEO v26.7) - https:\/\/yoast.com\/wordpress\/plugins\/seo\/ -->\n<title>Biathlon Nove Mesto 2025 : Tous les r\u00e9sultats<\/title>\n<meta name=\"description\" content=\"Retrouvez les r\u00e9sultats complets et les classements des \u00e9preuves de la Coupe du monde de biathlon \u00e0 Nove Mesto (R\u00e9publique Tch\u00e8que).\" \/>\n<meta name=\"robots\" content=\"index, follow, max-snippet:-1, max-image-preview:large, max-video-preview:-1\" \/>\n<link rel=\"canonical\" href=\"https:\/\/dicodusport.fr\/blog\/biathlon-nove-mesto-2025-tous-les-resultats-et-classements\/\" \/>\n<meta property=\"og:locale\" content=\"fr_FR\" \/>\n<meta property=\"og:type\" content=\"article\" \/>\n<meta property=\"og:title\" content=\"Biathlon Nove Mesto 2025 : Tous les r\u00e9sultats\" \/>\n<meta property=\"og:description\" content=\"Retrouvez les r\u00e9sultats complets et les classements des \u00e9preuves de la Coupe du monde de biathlon \u00e0 Nove Mesto (R\u00e9publique Tch\u00e8que).\" \/>\n<meta property=\"og:url\" content=\"https:\/\/dicodusport.fr\/blog\/biathlon-nove-mesto-2025-tous-les-resultats-et-classements\/\" \/>\n<meta property=\"og:site_name\" content=\"Dicodusport\" \/>\n<meta property=\"article:publisher\" content=\"https:\/\/www.facebook.com\/dicodusport\" \/>\n<meta property=\"article:author\" content=\"https:\/\/www.facebook.com\/florent.ostermann\" \/>\n<meta property=\"article:published_time\" content=\"2025-03-09T17:34:21+00:00\" \/>\n<meta property=\"article:modified_time\" content=\"2025-07-09T16:33:22+00:00\" \/>\n<meta property=\"og:image\" content=\"https:\/\/dicodusport.fr\/blog\/wp-content\/uploads\/2025\/03\/Sprint-femmes-Nove-Mesto-2025-Justine-Braisaz-Bouchet-et-Julia-Simon-sur-le-podium-Ingrid-Tandrevold-simpose-1.png\" \/>\n\t<meta property=\"og:image:width\" content=\"1200\" \/>\n\t<meta property=\"og:image:height\" content=\"674\" \/>\n\t<meta property=\"og:image:type\" content=\"image\/png\" \/>\n<meta name=\"author\" content=\"Flo Ostermann\" \/>\n<meta name=\"twitter:card\" content=\"summary_large_image\" \/>\n<meta name=\"twitter:title\" content=\"Biathlon Nove Mesto 2025 : Tous les r\u00e9sultats\" \/>\n<meta name=\"twitter:creator\" content=\"@https:\/\/twitter.com\/FlOstermann\" \/>\n<meta name=\"twitter:site\" content=\"@dicodusport\" \/>\n<script type=\"application\/ld+json\" class=\"yoast-schema-graph\">{\"@context\":\"https:\/\/schema.org\",\"@graph\":[{\"@type\":\"NewsArticle\",\"@id\":\"https:\/\/dicodusport.fr\/blog\/biathlon-nove-mesto-2025-tous-les-resultats-et-classements\/#article\",\"isPartOf\":{\"@id\":\"https:\/\/dicodusport.fr\/blog\/biathlon-nove-mesto-2025-tous-les-resultats-et-classements\/\"},\"author\":{\"name\":\"Flo Ostermann\",\"@id\":\"https:\/\/dicodusport.fr\/blog\/#\/schema\/person\/cb02af4c173ce4a653b55e9baf388d4a\"},\"headline\":\"Biathlon Nove Mesto 2025 : Tous les r\u00e9sultats\",\"datePublished\":\"2025-03-09T17:34:21+00:00\",\"dateModified\":\"2025-07-09T16:33:22+00:00\",\"mainEntityOfPage\":{\"@id\":\"https:\/\/dicodusport.fr\/blog\/biathlon-nove-mesto-2025-tous-les-resultats-et-classements\/\"},\"wordCount\":445,\"commentCount\":0,\"publisher\":{\"@id\":\"https:\/\/dicodusport.fr\/blog\/#organization\"},\"image\":{\"@id\":\"https:\/\/dicodusport.fr\/blog\/biathlon-nove-mesto-2025-tous-les-resultats-et-classements\/#primaryimage\"},\"thumbnailUrl\":\"https:\/\/dicodusport.fr\/blog\/wp-content\/uploads\/2025\/03\/Sprint-femmes-Nove-Mesto-2025-Justine-Braisaz-Bouchet-et-Julia-Simon-sur-le-podium-Ingrid-Tandrevold-simpose-1.png\",\"keywords\":[\"Biathlon\",\"Biathlon Nove Mesto\",\"br\u00e8ve\"],\"articleSection\":[\"Coupe du monde de biathlon\"],\"inLanguage\":\"fr-FR\",\"potentialAction\":[{\"@type\":\"CommentAction\",\"name\":\"Comment\",\"target\":[\"https:\/\/dicodusport.fr\/blog\/biathlon-nove-mesto-2025-tous-les-resultats-et-classements\/#respond\"]}],\"copyrightYear\":\"2025\",\"copyrightHolder\":{\"@id\":\"https:\/\/dicodusport.fr\/blog\/#organization\"}},{\"@type\":\"WebPage\",\"@id\":\"https:\/\/dicodusport.fr\/blog\/biathlon-nove-mesto-2025-tous-les-resultats-et-classements\/\",\"url\":\"https:\/\/dicodusport.fr\/blog\/biathlon-nove-mesto-2025-tous-les-resultats-et-classements\/\",\"name\":\"Biathlon Nove Mesto 2025 : Tous les r\u00e9sultats\",\"isPartOf\":{\"@id\":\"https:\/\/dicodusport.fr\/blog\/#website\"},\"primaryImageOfPage\":{\"@id\":\"https:\/\/dicodusport.fr\/blog\/biathlon-nove-mesto-2025-tous-les-resultats-et-classements\/#primaryimage\"},\"image\":{\"@id\":\"https:\/\/dicodusport.fr\/blog\/biathlon-nove-mesto-2025-tous-les-resultats-et-classements\/#primaryimage\"},\"thumbnailUrl\":\"https:\/\/dicodusport.fr\/blog\/wp-content\/uploads\/2025\/03\/Sprint-femmes-Nove-Mesto-2025-Justine-Braisaz-Bouchet-et-Julia-Simon-sur-le-podium-Ingrid-Tandrevold-simpose-1.png\",\"datePublished\":\"2025-03-09T17:34:21+00:00\",\"dateModified\":\"2025-07-09T16:33:22+00:00\",\"description\":\"Retrouvez les r\u00e9sultats complets et les classements des \u00e9preuves de la Coupe du monde de biathlon \u00e0 Nove Mesto (R\u00e9publique Tch\u00e8que).\",\"breadcrumb\":{\"@id\":\"https:\/\/dicodusport.fr\/blog\/biathlon-nove-mesto-2025-tous-les-resultats-et-classements\/#breadcrumb\"},\"inLanguage\":\"fr-FR\",\"potentialAction\":[{\"@type\":\"ReadAction\",\"target\":[\"https:\/\/dicodusport.fr\/blog\/biathlon-nove-mesto-2025-tous-les-resultats-et-classements\/\"]}]},{\"@type\":\"ImageObject\",\"inLanguage\":\"fr-FR\",\"@id\":\"https:\/\/dicodusport.fr\/blog\/biathlon-nove-mesto-2025-tous-les-resultats-et-classements\/#primaryimage\",\"url\":\"https:\/\/dicodusport.fr\/blog\/wp-content\/uploads\/2025\/03\/Sprint-femmes-Nove-Mesto-2025-Justine-Braisaz-Bouchet-et-Julia-Simon-sur-le-podium-Ingrid-Tandrevold-simpose-1.png\",\"contentUrl\":\"https:\/\/dicodusport.fr\/blog\/wp-content\/uploads\/2025\/03\/Sprint-femmes-Nove-Mesto-2025-Justine-Braisaz-Bouchet-et-Julia-Simon-sur-le-podium-Ingrid-Tandrevold-simpose-1.png\",\"width\":1200,\"height\":674,\"caption\":\"Biathlon Nove Mesto 2025 : Tous les r\u00e9sultats\"},{\"@type\":\"BreadcrumbList\",\"@id\":\"https:\/\/dicodusport.fr\/blog\/biathlon-nove-mesto-2025-tous-les-resultats-et-classements\/#breadcrumb\",\"itemListElement\":[{\"@type\":\"ListItem\",\"position\":1,\"name\":\"Accueil\",\"item\":\"https:\/\/dicodusport.fr\/blog\/\"},{\"@type\":\"ListItem\",\"position\":2,\"name\":\"Biathlon Nove Mesto 2025 : Tous les r\u00e9sultats\"}]},{\"@type\":\"WebSite\",\"@id\":\"https:\/\/dicodusport.fr\/blog\/#website\",\"url\":\"https:\/\/dicodusport.fr\/blog\/\",\"name\":\"Dicodusport\",\"description\":\"L&#039;encyclop\u00e9die de l&#039;actualit\u00e9 sportive\",\"publisher\":{\"@id\":\"https:\/\/dicodusport.fr\/blog\/#organization\"},\"potentialAction\":[{\"@type\":\"SearchAction\",\"target\":{\"@type\":\"EntryPoint\",\"urlTemplate\":\"https:\/\/dicodusport.fr\/blog\/?s={search_term_string}\"},\"query-input\":{\"@type\":\"PropertyValueSpecification\",\"valueRequired\":true,\"valueName\":\"search_term_string\"}}],\"inLanguage\":\"fr-FR\"},{\"@type\":\"NewsMediaOrganization\",\"@id\":\"https:\/\/dicodusport.fr\/blog\/#organization\",\"name\":\"Dicodusport\",\"url\":\"https:\/\/dicodusport.fr\/blog\/\",\"logo\":{\"@type\":\"ImageObject\",\"inLanguage\":\"fr-FR\",\"@id\":\"https:\/\/dicodusport.fr\/blog\/#\/schema\/logo\/image\/\",\"url\":\"https:\/\/dicodusport.fr\/blog\/wp-content\/uploads\/2020\/06\/cropped-LOGO-DICODUSPORT-2020-SANS-FOND-SANS-TEXTE.png\",\"contentUrl\":\"https:\/\/dicodusport.fr\/blog\/wp-content\/uploads\/2020\/06\/cropped-LOGO-DICODUSPORT-2020-SANS-FOND-SANS-TEXTE.png\",\"width\":512,\"height\":512,\"caption\":\"Dicodusport\"},\"image\":{\"@id\":\"https:\/\/dicodusport.fr\/blog\/#\/schema\/logo\/image\/\"},\"sameAs\":[\"https:\/\/www.facebook.com\/dicodusport\",\"https:\/\/x.com\/dicodusport\",\"https:\/\/www.instagram.com\/dicodusport\/\",\"https:\/\/www.youtube.com\/channel\/UC7V2KZ5sd3htJivAbA4ZG3w\"],\"description\":\"Dicodusport est l'encyclop\u00e9die de l'actualit\u00e9 sportive.\",\"email\":\"bonjour@dicodusport.fr\",\"legalName\":\"DICODUSPORT\",\"foundingDate\":\"2018-01-14\",\"vatID\":\"FR71834470973\",\"taxID\":\"83447097300043\",\"numberOfEmployees\":{\"@type\":\"QuantitativeValue\",\"minValue\":\"1\",\"maxValue\":\"10\"}},{\"@type\":\"Person\",\"@id\":\"https:\/\/dicodusport.fr\/blog\/#\/schema\/person\/cb02af4c173ce4a653b55e9baf388d4a\",\"name\":\"Flo Ostermann\",\"image\":{\"@type\":\"ImageObject\",\"inLanguage\":\"fr-FR\",\"@id\":\"https:\/\/dicodusport.fr\/blog\/#\/schema\/person\/image\/\",\"url\":\"https:\/\/dicodusport.fr\/blog\/wp-content\/uploads\/2021\/05\/Flo-Ostermann-150x150.jpg\",\"contentUrl\":\"https:\/\/dicodusport.fr\/blog\/wp-content\/uploads\/2021\/05\/Flo-Ostermann-150x150.jpg\",\"caption\":\"Flo Ostermann\"},\"description\":\"Journaliste\/R\u00e9dacteur depuis septembre 2015 - Mes premiers souvenirs dans le sport ? Les envol\u00e9es du Stade Toulousain et les duels Villeneuve-Schumacher et H\u00e4kkinen-Schumacher \u00e0 la fin des ann\u00e9es 90, la Coupe du monde de football en 1998, l\u2019exploit du XV de France face aux All Blacks en 1999, mais aussi Richard C\u0153ur de Lion qui vole sur les montagnes du Tour de France. Bien parti pour devenir professeur d\u2019EPS, les \u00e9v\u00e9nements de la vie (et la flemme d\u2019animer des s\u00e9ances de 3x500 m\u00e8tres toute ma vie) m\u2019ont conduit \u00e0 revoir mes plans. Me voil\u00e0 depuis fin 2017 sur Dicodusport, m\u00e9dia gr\u00e2ce (et pour) lequel je partage ma passion : le sport dans tous ses \u00e9tats. Le tout accompagn\u00e9 par les fous furieux et folles furieuses cit\u00e9s sur cette page !\",\"sameAs\":[\"https:\/\/www.facebook.com\/florent.ostermann\",\"https:\/\/x.com\/https:\/\/twitter.com\/FlOstermann\",\"admin\"],\"url\":\"https:\/\/dicodusport.fr\/blog\/author\/flo\/\"}]}<\/script>\n<!-- \/ Yoast SEO Premium plugin. -->","yoast_head_json":{"title":"Biathlon Nove Mesto 2025 : Tous les r\u00e9sultats","description":"Retrouvez les r\u00e9sultats complets et les classements des \u00e9preuves de la Coupe du monde de biathlon \u00e0 Nove Mesto (R\u00e9publique Tch\u00e8que).","robots":{"index":"index","follow":"follow","max-snippet":"max-snippet:-1","max-image-preview":"max-image-preview:large","max-video-preview":"max-video-preview:-1"},"canonical":"https:\/\/dicodusport.fr\/blog\/biathlon-nove-mesto-2025-tous-les-resultats-et-classements\/","og_locale":"fr_FR","og_type":"article","og_title":"Biathlon Nove Mesto 2025 : Tous les r\u00e9sultats","og_description":"Retrouvez les r\u00e9sultats complets et les classements des \u00e9preuves de la Coupe du monde de biathlon \u00e0 Nove Mesto (R\u00e9publique Tch\u00e8que).","og_url":"https:\/\/dicodusport.fr\/blog\/biathlon-nove-mesto-2025-tous-les-resultats-et-classements\/","og_site_name":"Dicodusport","article_publisher":"https:\/\/www.facebook.com\/dicodusport","article_author":"https:\/\/www.facebook.com\/florent.ostermann","article_published_time":"2025-03-09T17:34:21+00:00","article_modified_time":"2025-07-09T16:33:22+00:00","og_image":[{"width":1200,"height":674,"url":"https:\/\/dicodusport.fr\/blog\/wp-content\/uploads\/2025\/03\/Sprint-femmes-Nove-Mesto-2025-Justine-Braisaz-Bouchet-et-Julia-Simon-sur-le-podium-Ingrid-Tandrevold-simpose-1.png","type":"image\/png"}],"author":"Flo Ostermann","twitter_card":"summary_large_image","twitter_title":"Biathlon Nove Mesto 2025 : Tous les r\u00e9sultats","twitter_creator":"@https:\/\/twitter.com\/FlOstermann","twitter_site":"@dicodusport","schema":{"@context":"https:\/\/schema.org","@graph":[{"@type":"NewsArticle","@id":"https:\/\/dicodusport.fr\/blog\/biathlon-nove-mesto-2025-tous-les-resultats-et-classements\/#article","isPartOf":{"@id":"https:\/\/dicodusport.fr\/blog\/biathlon-nove-mesto-2025-tous-les-resultats-et-classements\/"},"author":{"name":"Flo Ostermann","@id":"https:\/\/dicodusport.fr\/blog\/#\/schema\/person\/cb02af4c173ce4a653b55e9baf388d4a"},"headline":"Biathlon Nove Mesto 2025 : Tous les r\u00e9sultats","datePublished":"2025-03-09T17:34:21+00:00","dateModified":"2025-07-09T16:33:22+00:00","mainEntityOfPage":{"@id":"https:\/\/dicodusport.fr\/blog\/biathlon-nove-mesto-2025-tous-les-resultats-et-classements\/"},"wordCount":445,"commentCount":0,"publisher":{"@id":"https:\/\/dicodusport.fr\/blog\/#organization"},"image":{"@id":"https:\/\/dicodusport.fr\/blog\/biathlon-nove-mesto-2025-tous-les-resultats-et-classements\/#primaryimage"},"thumbnailUrl":"https:\/\/dicodusport.fr\/blog\/wp-content\/uploads\/2025\/03\/Sprint-femmes-Nove-Mesto-2025-Justine-Braisaz-Bouchet-et-Julia-Simon-sur-le-podium-Ingrid-Tandrevold-simpose-1.png","keywords":["Biathlon","Biathlon Nove Mesto","br\u00e8ve"],"articleSection":["Coupe du monde de biathlon"],"inLanguage":"fr-FR","potentialAction":[{"@type":"CommentAction","name":"Comment","target":["https:\/\/dicodusport.fr\/blog\/biathlon-nove-mesto-2025-tous-les-resultats-et-classements\/#respond"]}],"copyrightYear":"2025","copyrightHolder":{"@id":"https:\/\/dicodusport.fr\/blog\/#organization"}},{"@type":"WebPage","@id":"https:\/\/dicodusport.fr\/blog\/biathlon-nove-mesto-2025-tous-les-resultats-et-classements\/","url":"https:\/\/dicodusport.fr\/blog\/biathlon-nove-mesto-2025-tous-les-resultats-et-classements\/","name":"Biathlon Nove Mesto 2025 : Tous les r\u00e9sultats","isPartOf":{"@id":"https:\/\/dicodusport.fr\/blog\/#website"},"primaryImageOfPage":{"@id":"https:\/\/dicodusport.fr\/blog\/biathlon-nove-mesto-2025-tous-les-resultats-et-classements\/#primaryimage"},"image":{"@id":"https:\/\/dicodusport.fr\/blog\/biathlon-nove-mesto-2025-tous-les-resultats-et-classements\/#primaryimage"},"thumbnailUrl":"https:\/\/dicodusport.fr\/blog\/wp-content\/uploads\/2025\/03\/Sprint-femmes-Nove-Mesto-2025-Justine-Braisaz-Bouchet-et-Julia-Simon-sur-le-podium-Ingrid-Tandrevold-simpose-1.png","datePublished":"2025-03-09T17:34:21+00:00","dateModified":"2025-07-09T16:33:22+00:00","description":"Retrouvez les r\u00e9sultats complets et les classements des \u00e9preuves de la Coupe du monde de biathlon \u00e0 Nove Mesto (R\u00e9publique Tch\u00e8que).","breadcrumb":{"@id":"https:\/\/dicodusport.fr\/blog\/biathlon-nove-mesto-2025-tous-les-resultats-et-classements\/#breadcrumb"},"inLanguage":"fr-FR","potentialAction":[{"@type":"ReadAction","target":["https:\/\/dicodusport.fr\/blog\/biathlon-nove-mesto-2025-tous-les-resultats-et-classements\/"]}]},{"@type":"ImageObject","inLanguage":"fr-FR","@id":"https:\/\/dicodusport.fr\/blog\/biathlon-nove-mesto-2025-tous-les-resultats-et-classements\/#primaryimage","url":"https:\/\/dicodusport.fr\/blog\/wp-content\/uploads\/2025\/03\/Sprint-femmes-Nove-Mesto-2025-Justine-Braisaz-Bouchet-et-Julia-Simon-sur-le-podium-Ingrid-Tandrevold-simpose-1.png","contentUrl":"https:\/\/dicodusport.fr\/blog\/wp-content\/uploads\/2025\/03\/Sprint-femmes-Nove-Mesto-2025-Justine-Braisaz-Bouchet-et-Julia-Simon-sur-le-podium-Ingrid-Tandrevold-simpose-1.png","width":1200,"height":674,"caption":"Biathlon Nove Mesto 2025 : Tous les r\u00e9sultats"},{"@type":"BreadcrumbList","@id":"https:\/\/dicodusport.fr\/blog\/biathlon-nove-mesto-2025-tous-les-resultats-et-classements\/#breadcrumb","itemListElement":[{"@type":"ListItem","position":1,"name":"Accueil","item":"https:\/\/dicodusport.fr\/blog\/"},{"@type":"ListItem","position":2,"name":"Biathlon Nove Mesto 2025 : Tous les r\u00e9sultats"}]},{"@type":"WebSite","@id":"https:\/\/dicodusport.fr\/blog\/#website","url":"https:\/\/dicodusport.fr\/blog\/","name":"Dicodusport","description":"L&#039;encyclop\u00e9die de l&#039;actualit\u00e9 sportive","publisher":{"@id":"https:\/\/dicodusport.fr\/blog\/#organization"},"potentialAction":[{"@type":"SearchAction","target":{"@type":"EntryPoint","urlTemplate":"https:\/\/dicodusport.fr\/blog\/?s={search_term_string}"},"query-input":{"@type":"PropertyValueSpecification","valueRequired":true,"valueName":"search_term_string"}}],"inLanguage":"fr-FR"},{"@type":"NewsMediaOrganization","@id":"https:\/\/dicodusport.fr\/blog\/#organization","name":"Dicodusport","url":"https:\/\/dicodusport.fr\/blog\/","logo":{"@type":"ImageObject","inLanguage":"fr-FR","@id":"https:\/\/dicodusport.fr\/blog\/#\/schema\/logo\/image\/","url":"https:\/\/dicodusport.fr\/blog\/wp-content\/uploads\/2020\/06\/cropped-LOGO-DICODUSPORT-2020-SANS-FOND-SANS-TEXTE.png","contentUrl":"https:\/\/dicodusport.fr\/blog\/wp-content\/uploads\/2020\/06\/cropped-LOGO-DICODUSPORT-2020-SANS-FOND-SANS-TEXTE.png","width":512,"height":512,"caption":"Dicodusport"},"image":{"@id":"https:\/\/dicodusport.fr\/blog\/#\/schema\/logo\/image\/"},"sameAs":["https:\/\/www.facebook.com\/dicodusport","https:\/\/x.com\/dicodusport","https:\/\/www.instagram.com\/dicodusport\/","https:\/\/www.youtube.com\/channel\/UC7V2KZ5sd3htJivAbA4ZG3w"],"description":"Dicodusport est l'encyclop\u00e9die de l'actualit\u00e9 sportive.","email":"bonjour@dicodusport.fr","legalName":"DICODUSPORT","foundingDate":"2018-01-14","vatID":"FR71834470973","taxID":"83447097300043","numberOfEmployees":{"@type":"QuantitativeValue","minValue":"1","maxValue":"10"}},{"@type":"Person","@id":"https:\/\/dicodusport.fr\/blog\/#\/schema\/person\/cb02af4c173ce4a653b55e9baf388d4a","name":"Flo Ostermann","image":{"@type":"ImageObject","inLanguage":"fr-FR","@id":"https:\/\/dicodusport.fr\/blog\/#\/schema\/person\/image\/","url":"https:\/\/dicodusport.fr\/blog\/wp-content\/uploads\/2021\/05\/Flo-Ostermann-150x150.jpg","contentUrl":"https:\/\/dicodusport.fr\/blog\/wp-content\/uploads\/2021\/05\/Flo-Ostermann-150x150.jpg","caption":"Flo Ostermann"},"description":"Journaliste\/R\u00e9dacteur depuis septembre 2015 - Mes premiers souvenirs dans le sport ? Les envol\u00e9es du Stade Toulousain et les duels Villeneuve-Schumacher et H\u00e4kkinen-Schumacher \u00e0 la fin des ann\u00e9es 90, la Coupe du monde de football en 1998, l\u2019exploit du XV de France face aux All Blacks en 1999, mais aussi Richard C\u0153ur de Lion qui vole sur les montagnes du Tour de France. Bien parti pour devenir professeur d\u2019EPS, les \u00e9v\u00e9nements de la vie (et la flemme d\u2019animer des s\u00e9ances de 3x500 m\u00e8tres toute ma vie) m\u2019ont conduit \u00e0 revoir mes plans. Me voil\u00e0 depuis fin 2017 sur Dicodusport, m\u00e9dia gr\u00e2ce (et pour) lequel je partage ma passion : le sport dans tous ses \u00e9tats. Le tout accompagn\u00e9 par les fous furieux et folles furieuses cit\u00e9s sur cette page !","sameAs":["https:\/\/www.facebook.com\/florent.ostermann","https:\/\/x.com\/https:\/\/twitter.com\/FlOstermann","admin"],"url":"https:\/\/dicodusport.fr\/blog\/author\/flo\/"}]}},"_links":{"self":[{"href":"https:\/\/dicodusport.fr\/blog\/wp-json\/wp\/v2\/posts\/561514","targetHints":{"allow":["GET"]}}],"collection":[{"href":"https:\/\/dicodusport.fr\/blog\/wp-json\/wp\/v2\/posts"}],"about":[{"href":"https:\/\/dicodusport.fr\/blog\/wp-json\/wp\/v2\/types\/post"}],"author":[{"embeddable":true,"href":"https:\/\/dicodusport.fr\/blog\/wp-json\/wp\/v2\/users\/4"}],"replies":[{"embeddable":true,"href":"https:\/\/dicodusport.fr\/blog\/wp-json\/wp\/v2\/comments?post=561514"}],"version-history":[{"count":5,"href":"https:\/\/dicodusport.fr\/blog\/wp-json\/wp\/v2\/posts\/561514\/revisions"}],"predecessor-version":[{"id":561691,"href":"https:\/\/dicodusport.fr\/blog\/wp-json\/wp\/v2\/posts\/561514\/revisions\/561691"}],"wp:featuredmedia":[{"embeddable":true,"href":"https:\/\/dicodusport.fr\/blog\/wp-json\/wp\/v2\/media\/562027"}],"wp:attachment":[{"href":"https:\/\/dicodusport.fr\/blog\/wp-json\/wp\/v2\/media?parent=561514"}],"wp:term":[{"taxonomy":"category","embeddable":true,"href":"https:\/\/dicodusport.fr\/blog\/wp-json\/wp\/v2\/categories?post=561514"},{"taxonomy":"post_tag","embeddable":true,"href":"https:\/\/dicodusport.fr\/blog\/wp-json\/wp\/v2\/tags?post=561514"}],"curies":[{"name":"wp","href":"https:\/\/api.w.org\/{rel}","templated":true}]}}