{"id":561525,"date":"2025-03-07T09:00:46","date_gmt":"2025-03-07T08:00:46","guid":{"rendered":"https:\/\/dicodusport.fr\/blog\/?p=561525&#038;preview=true&#038;preview_id=561525"},"modified":"2025-03-07T09:23:53","modified_gmt":"2025-03-07T08:23:53","slug":"snowboardcross-aidan-chollet-et-lea-casta-la-jeunesse-au-pouvoir","status":"publish","type":"post","link":"https:\/\/dicodusport.fr\/blog\/snowboardcross-aidan-chollet-et-lea-casta-la-jeunesse-au-pouvoir\/","title":{"rendered":"Snowboardcross\u00a0: Aidan Chollet et L\u00e9a Casta, la jeunesse au pouvoir"},"content":{"rendered":"<h4 style=\"text-align: justify;\"><em>COUPE DU MONDE DE SNOWBOARDCROSS \u2013 Tous deux sur le podium du classement g\u00e9n\u00e9ral de la Coupe du monde \u00e0 mi-parcours, Aidan Chollet et L\u00e9a Casta ont explos\u00e9 cette saison. Malgr\u00e9 l\u2019absence de Chlo\u00e9 Trespeuch cet hiver, le snowboardcross fran\u00e7ais est entre de bonnes mains.<\/em><\/h4>\n<p style=\"text-align: justify;\">Cet hiver, les attentes autour du <strong>snowboardcross<\/strong> fran\u00e7ais \u00e9taient moins \u00e9lev\u00e9es que par le pass\u00e9. Il faut dire qu\u2019apr\u00e8s avoir enfin <a href=\"https:\/\/dicodusport.fr\/blog\/snowboardcross-mont-sainte-anne-chloe-trespeuch-decroche-son-premier-globe-de-cristal\/\">remport\u00e9 le globe de cristal<\/a>, <strong>Chlo\u00e9 Trespeuch<\/strong> avait fait le choix de faire l\u2019impasse sur cette saison. En attendant son retour en vue des Jeux Olympiques fin 2025, le clan tricolore comptait alors sur ses autres habitu\u00e9s pour aller chercher des podiums. De <strong>Loan Bozzolo <\/strong>\u00e0 <strong>Julia Pereira de Sousa Mabileau<\/strong>, en passant par <strong>Manon Petit-Lenoir <\/strong>et <strong>Merlin Surget<\/strong>. Cependant, ce sont bien deux jeunes talents qui brillent depuis le d\u00e9but de l\u2019hiver.<\/p>\n<h2 style=\"text-align: justify;\">L\u00e9a Casta, affolante de r\u00e9gularit\u00e9<\/h2>\n<p style=\"text-align: justify;\">\u00c0 respectivement 20 et 19 ans, <strong>Aidan Chollet <\/strong>et <strong>L\u00e9a Casta<\/strong> cr\u00e8vent l\u2019\u00e9cran en faisant preuve d\u2019une r\u00e9gularit\u00e9 incroyable. Leur talent \u00e9tait d\u00e9j\u00e0 reconnu, mais cet hiver a clairement marqu\u00e9 leur av\u00e8nement au plus haut niveau. Pour<strong> L\u00e9a Casta,<\/strong> cela repr\u00e9sente r\u00e9ellement une demi-surprise. Malgr\u00e9 son jeune \u00e2ge, elle avait <strong>d\u00e9j\u00e0 r\u00e9ussi \u00e0 se hisser \u00e0 deux reprises sur un podium de Coupe du monde<\/strong>, tout en d\u00e9crochant une tr\u00e8s prometteuse 7\u00e8me place au g\u00e9n\u00e9ral l\u2019an dernier.<\/p>\n<p style=\"text-align: justify;\">Toutefois, il fallait \u00eatre culott\u00e9 pour pr\u00e9dire une premi\u00e8re moiti\u00e9 de saison aussi folle que celle produite par la snowboardeuse tricolore. Id\u00e9alement lanc\u00e9e par sa <strong>premi\u00e8re victoire en carri\u00e8re<\/strong> sur la piste de Cervinia d\u00e8s la reprise, elle a ensuite fait preuve d\u2019une r\u00e9gularit\u00e9 folle en alignant <strong>trois nouveaux podiums en quatre courses<\/strong>\u00a0! Avec une 5\u00e8me place \u00e0 Beidahu comme pire r\u00e9sultat, la Fran\u00e7aise pointe ainsi en <strong>2\u00e8me position du classement g\u00e9n\u00e9ral<\/strong>, derri\u00e8re une <strong>Charlotte Bankes<\/strong> intouchable, qui a rafl\u00e9 les quatre derni\u00e8res \u00e9preuves.<\/p>\n<p style=\"text-align: justify;\">En \u00e9tant \u00e0 85 points de la Britannique,<strong> L\u00e9a Casta<\/strong> semble \u00eatre la seule \u00e0 pouvoir encore entraver la marche en avant de cette derni\u00e8re. Par ailleurs, elle poss\u00e8de une marge confortable d\u2019avance sur la 4\u00e8me place (122 points), et se dirige donc tout droit vers \u00e0 minima un Top 3 au g\u00e9n\u00e9ral. D\u00e9j\u00e0 multiple m\u00e9daill\u00e9e mondiale dans les cat\u00e9gories jeunes, la Tricolore n\u2019en finit plus de repousser les limites.<\/p>\n<div class=\"vlp-link-container vlp-layout-article\"><a href=\"https:\/\/dicodusport.fr\/blog\/snowboardcross-lea-casta-une-premiere-victoire-qui-en-appelle-dautres\/\" class=\"vlp-link\" title=\"Snowboardcross\u00a0: L\u00e9a Casta, une premi\u00e8re victoire qui en appelle d\u2019autres\"><\/a><div class=\"vlp-layout-zone-side\"><div class=\"vlp-block-4 vlp-link-image\"><img loading=\"lazy\" decoding=\"async\" style=\"max-width: 792px;\" width=\"792\" height=\"445\" src=\"https:\/\/dicodusport.fr\/blog\/wp-content\/uploads\/2024\/12\/Casta.png\" class=\"attachment-800x445 size-800x445\" alt=\"Snowboardcross\u00a0: L\u00e9a Casta, une premi\u00e8re victoire qui en appelle d\u2019autres\" srcset=\"https:\/\/dicodusport.fr\/blog\/wp-content\/uploads\/2024\/12\/Casta.png 1200w, https:\/\/dicodusport.fr\/blog\/wp-content\/uploads\/2024\/12\/Casta-300x169.png 300w, https:\/\/dicodusport.fr\/blog\/wp-content\/uploads\/2024\/12\/Casta-1024x575.png 1024w, https:\/\/dicodusport.fr\/blog\/wp-content\/uploads\/2024\/12\/Casta-768x431.png 768w\" sizes=\"auto, (max-width: 792px) 100vw, 792px\" \/><\/div><\/div><div class=\"vlp-layout-zone-main\"><div class=\"vlp-block-0 vlp-link-title\">Snowboardcross\u00a0: L\u00e9a Casta, une premi\u00e8re victoire qui en appelle d\u2019autres<\/div><div class=\"vlp-block-1 vlp-link-summary\">SNOWBOARDCROSS \u2013 Samedi, L\u00e9a Casta a frapp\u00e9 un grand coup en d\u00e9crochant sa premi\u00e8re victoire en coupe du monde, \u00e0 Cervinia, lors de la premi\u00e8re manche de la saison. \u00c0 seulement 18 ans, la prodige du snowboardcross fran\u00e7ais n\u2019en finit plus de br\u00fbler les \u00e9tapes, et pourrait jouer le r\u00f4le de trouble-f\u00eates dans les sommets du classement g\u00e9n\u00e9ral.<\/div><div class=\"vlp-block-2 vlp-link-button\">Lire l'article<\/div><div class=\"vlp-block-3 vlp-link-url\">dicodusport.fr<\/div><\/div><\/div>\n<h2 style=\"text-align: justify;\">Le coup d\u2019\u00e9clat Aidan Chollet<\/h2>\n<p style=\"text-align: justify;\">De son c\u00f4t\u00e9, <strong>Aidan Chollet<\/strong> a lui v\u00e9ritablement explos\u00e9. Ses performances en juniors pouvaient laisser deviner un avenir radieux, mais il \u00e9tait difficile de l\u2019imaginer percer \u00e0 ce point. S\u2019il avait d\u00e9j\u00e0 \u00e9chou\u00e9 au pied du podium en Sierra Nevada en mars dernier, son d\u00e9but de saison \u00e9tait sans relief, avec une bonne 6\u00e8me place en ouverture \u00e0 Cervinia, avant deux manches anecdotiques \u00e0 Beidahu (16\u00e8me puis 20\u00e8me).<\/p>\n<p style=\"text-align: justify;\">Puis, le chef-d\u2019\u0153uvre est arriv\u00e9 \u00e0<strong> Cortina d\u2019Ampezzo<\/strong>. Intraitable en 8\u00e8mes puis en quarts, il a ensuite r\u00e9sist\u00e9 \u00e0 un duel accroch\u00e9 avec Eliott Grondin pour prendre le dessus sur le Canadien et se qualifier en finale. Avant de conclure en apoth\u00e9ose par une <strong>1\u00e8re place d\u00e9tonante, qui est \u00e0 la fois son premier podium et sa premi\u00e8re victoire en carri\u00e8re<\/strong>\u00a0!<\/p>\n<div class=\"vlp-link-container vlp-layout-article\"><a href=\"https:\/\/dicodusport.fr\/blog\/snowboardcross-cortina-dampezzo-2025-aidan-chollet-simpose-en-beaute-trois-podiums-tricolores\/\" class=\"vlp-link\" title=\"Snowboardcross Cortina d&#039;Ampezzo 2025 : Aidan Chollet s&#039;impose en beaut\u00e9, trois podiums tricolores\"><\/a><div class=\"vlp-layout-zone-side\"><div class=\"vlp-block-4 vlp-link-image\"><img loading=\"lazy\" decoding=\"async\" style=\"max-width: 792px;\" width=\"792\" height=\"445\" src=\"https:\/\/dicodusport.fr\/blog\/wp-content\/uploads\/2025\/02\/Snowboardcross-Cortina-dAmpezzo-2025-Aidan-Chollet-simpose-en-beaute-trois-podiums-tricolores-1.png\" class=\"attachment-800x445 size-800x445\" alt=\"Snowboardcross Cortina d&#039;Ampezzo 2025 Aidan Chollet s&#039;impose en beaut\u00e9, trois podiums tricolores\" srcset=\"https:\/\/dicodusport.fr\/blog\/wp-content\/uploads\/2025\/02\/Snowboardcross-Cortina-dAmpezzo-2025-Aidan-Chollet-simpose-en-beaute-trois-podiums-tricolores-1.png 1200w, https:\/\/dicodusport.fr\/blog\/wp-content\/uploads\/2025\/02\/Snowboardcross-Cortina-dAmpezzo-2025-Aidan-Chollet-simpose-en-beaute-trois-podiums-tricolores-1-300x169.png 300w, https:\/\/dicodusport.fr\/blog\/wp-content\/uploads\/2025\/02\/Snowboardcross-Cortina-dAmpezzo-2025-Aidan-Chollet-simpose-en-beaute-trois-podiums-tricolores-1-1024x575.png 1024w, https:\/\/dicodusport.fr\/blog\/wp-content\/uploads\/2025\/02\/Snowboardcross-Cortina-dAmpezzo-2025-Aidan-Chollet-simpose-en-beaute-trois-podiums-tricolores-1-768x431.png 768w\" sizes=\"auto, (max-width: 792px) 100vw, 792px\" \/><\/div><\/div><div class=\"vlp-layout-zone-main\"><div class=\"vlp-block-0 vlp-link-title\">Snowboardcross Cortina d'Ampezzo 2025 : Aidan Chollet s'impose en beaut\u00e9, trois podiums tricolores<\/div><div class=\"vlp-block-1 vlp-link-summary\">COUPE DE MONDE DE SNOWBOARDCROSS 2024\/2025 - Gros r\u00e9sultat d'ensemble des Bleus en Italie, avec quatre finalistes au total, trois podiums et la victoire pour Aidan Chollet, sa premi\u00e8re en Coupe du monde !\u00a0<\/div><div class=\"vlp-block-2 vlp-link-button\">Lire l'article<\/div><div class=\"vlp-block-3 vlp-link-url\">dicodusport.fr<\/div><\/div><\/div>\n<p style=\"text-align: justify;\">Derri\u00e8re, il n\u2019a pas r\u00e9ussi \u00e0 confirmer \u00e0 Erzurum (10\u00e8me), ce qui ne l\u2019emp\u00eache pas de truster une incroyable <strong>3\u00e8me place au classement g\u00e9n\u00e9ral<\/strong> de la Coupe du monde, derri\u00e8re <strong>Eliott Grondin <\/strong>et <strong>Leon Ulbricht<\/strong> ! Au sein d\u2019un collectif fourni (5 Fran\u00e7ais aux 11 premi\u00e8res places), il a tir\u00e9 son \u00e9pingle du jeu, et sera particuli\u00e8rement scrut\u00e9 sur la fin de saison.<\/p>\n<h2 style=\"text-align: justify;\">Un dernier mois dantesque pour confirmer<\/h2>\n<p style=\"text-align: justify;\">Avec encore <strong>cinq manches au programme<\/strong>, r\u00e9parties en trois \u00e9tapes (Gudauri, Montafon, Mont Sainte-Anne), mais \u00e9galement les <strong>championnats du monde dans l\u2019Engadine<\/strong> (Suisse) \u00e0 la fin du mois de mars, le calendrier va \u00eatre dantesque jusqu\u2019au 6 avril prochain. Avec un nouveau statut \u00e0 assumer au moment d\u2019aborder ce bloc crucial, <strong>L\u00e9a Casta<\/strong> et <strong>Aidan Chollet<\/strong> peuvent viser grand en cette fin d\u2019hiver. Sans oublier que <strong>Julien Tomas<\/strong> (21 ans), <strong>Zo\u00e9 Colombier<\/strong> (20 ans) et <strong>Maja-Li Iafrate Danielsson<\/strong> (18 ans) sont \u00e9galement d\u00e9j\u00e0 positionn\u00e9s dans le Top 20 mondial \u00e0 21 ans ou moins\u00a0! Le snowboardcross fran\u00e7ais peut \u00eatre tranquille, l\u2019avenir est assur\u00e9.<\/p>\n<p style=\"text-align: justify;\">Prochain rendez-vous ce week-end (7-9 mars) pour l\u2019\u00e9tape de <strong>Coupe du monde \u00e0 Gudauri<\/strong>, avec les qualifications pr\u00e9vues vendredi, en pr\u00e9ambule aux deux manches de samedi et dimanche.<\/p>\n<blockquote class=\"twitter-tweet\">\n<p dir=\"ltr\" lang=\"fr\">Coupe du Monde de Snowboardcross \u00e0 Cortina \/ Italie, \ud83c\udfc2\ud83c\uddeb\ud83c\uddf7\ud83d\udcaa\ud83d\ude0e<br \/>\nAidan CHOLLET \ud83e\udd47<br \/>\nL\u00e9a CASTA \ud83e\udd48<br \/>\nManon PETIT LENOIR \ud83e\udd49 <a href=\"https:\/\/t.co\/FdEgqtYIN2\">pic.twitter.com\/FdEgqtYIN2<\/a><\/p>\n<p>\u2014 Luc FAYE (@luc_faye) <a href=\"https:\/\/twitter.com\/luc_faye\/status\/1891493079661642059?ref_src=twsrc%5Etfw\">February 17, 2025<\/a><\/p><\/blockquote>\n<p style=\"text-align: justify;\"><script async src=\"https:\/\/platform.twitter.com\/widgets.js\" charset=\"utf-8\"><\/script><\/p>\n","protected":false},"excerpt":{"rendered":"<p>COUPE DU MONDE DE SNOWBOARDCROSS \u2013 Tous deux sur le podium du classement g\u00e9n\u00e9ral de la Coupe du monde \u00e0 mi-parcours, Aidan Chollet et L\u00e9a Casta ont explos\u00e9 cette saison. Malgr\u00e9 l\u2019absence de Chlo\u00e9 Trespeuch cet hiver, le snowboardcross fran\u00e7ais est entre de bonnes mains.<\/p>\n","protected":false},"author":55,"featured_media":561526,"comment_status":"open","ping_status":"closed","sticky":false,"template":"","format":"standard","meta":{"_acf_changed":false,"_daextam_enable_autolinks":"1","footnotes":""},"categories":[10126],"tags":[32415,38183,16878,30709,3022],"class_list":["post-561525","post","type-post","status-publish","format-standard","has-post-thumbnail","hentry","category-snowboard","tag-actu","tag-aidan-chollet","tag-breve","tag-lea-casta","tag-snowboardcross"],"acf":[],"yoast_head":"<!-- This site is optimized with the Yoast SEO Premium plugin v26.7 (Yoast SEO v26.7) - https:\/\/yoast.com\/wordpress\/plugins\/seo\/ -->\n<title>Snowboardcross\u00a0: Aidan Chollet et L\u00e9a Casta, la jeunesse au pouvoir<\/title>\n<meta name=\"description\" content=\"COUPE DU MONDE DE SNOWBOARDCROSS \u2013 Tous deux sur le podium du classement g\u00e9n\u00e9ral, Aidan Chollet et L\u00e9a Casta ont explos\u00e9 cette saison.\" \/>\n<meta name=\"robots\" content=\"index, follow, max-snippet:-1, max-image-preview:large, max-video-preview:-1\" \/>\n<link rel=\"canonical\" href=\"https:\/\/dicodusport.fr\/blog\/snowboardcross-aidan-chollet-et-lea-casta-la-jeunesse-au-pouvoir\/\" \/>\n<meta property=\"og:locale\" content=\"fr_FR\" \/>\n<meta property=\"og:type\" content=\"article\" \/>\n<meta property=\"og:title\" content=\"Snowboardcross\u00a0: Aidan Chollet et L\u00e9a Casta, la jeunesse au pouvoir\" \/>\n<meta property=\"og:description\" content=\"COUPE DU MONDE DE SNOWBOARDCROSS \u2013 Tous deux sur le podium du classement g\u00e9n\u00e9ral, Aidan Chollet et L\u00e9a Casta ont explos\u00e9 cette saison.\" \/>\n<meta property=\"og:url\" content=\"https:\/\/dicodusport.fr\/blog\/snowboardcross-aidan-chollet-et-lea-casta-la-jeunesse-au-pouvoir\/\" \/>\n<meta property=\"og:site_name\" content=\"Dicodusport\" \/>\n<meta property=\"article:publisher\" content=\"https:\/\/www.facebook.com\/dicodusport\" \/>\n<meta property=\"article:published_time\" content=\"2025-03-07T08:00:46+00:00\" \/>\n<meta property=\"article:modified_time\" content=\"2025-03-07T08:23:53+00:00\" \/>\n<meta property=\"og:image\" content=\"https:\/\/dicodusport.fr\/blog\/wp-content\/uploads\/2025\/03\/Snowboardcross-Aidan-Chollet-et-Lea-Casta-la-jeunesse-au-pouvoir.png\" \/>\n\t<meta property=\"og:image:width\" content=\"1200\" \/>\n\t<meta property=\"og:image:height\" content=\"674\" \/>\n\t<meta property=\"og:image:type\" content=\"image\/png\" \/>\n<meta name=\"author\" content=\"Maxime Cazenave\" \/>\n<meta name=\"twitter:card\" content=\"summary_large_image\" \/>\n<meta name=\"twitter:title\" content=\"Snowboardcross\u00a0: Aidan Chollet et L\u00e9a Casta, la jeunesse au pouvoir\" \/>\n<meta name=\"twitter:creator\" content=\"@https:\/\/twitter.com\/Maxime_Caze\" \/>\n<meta name=\"twitter:site\" content=\"@dicodusport\" \/>\n<script type=\"application\/ld+json\" class=\"yoast-schema-graph\">{\"@context\":\"https:\/\/schema.org\",\"@graph\":[{\"@type\":\"NewsArticle\",\"@id\":\"https:\/\/dicodusport.fr\/blog\/snowboardcross-aidan-chollet-et-lea-casta-la-jeunesse-au-pouvoir\/#article\",\"isPartOf\":{\"@id\":\"https:\/\/dicodusport.fr\/blog\/snowboardcross-aidan-chollet-et-lea-casta-la-jeunesse-au-pouvoir\/\"},\"author\":{\"name\":\"Maxime Cazenave\",\"@id\":\"https:\/\/dicodusport.fr\/blog\/#\/schema\/person\/37def232098a7a5cbab3974a3690abb0\"},\"headline\":\"Snowboardcross\u00a0: Aidan Chollet et L\u00e9a Casta, la jeunesse au pouvoir\",\"datePublished\":\"2025-03-07T08:00:46+00:00\",\"dateModified\":\"2025-03-07T08:23:53+00:00\",\"mainEntityOfPage\":{\"@id\":\"https:\/\/dicodusport.fr\/blog\/snowboardcross-aidan-chollet-et-lea-casta-la-jeunesse-au-pouvoir\/\"},\"wordCount\":1007,\"commentCount\":0,\"publisher\":{\"@id\":\"https:\/\/dicodusport.fr\/blog\/#organization\"},\"image\":{\"@id\":\"https:\/\/dicodusport.fr\/blog\/snowboardcross-aidan-chollet-et-lea-casta-la-jeunesse-au-pouvoir\/#primaryimage\"},\"thumbnailUrl\":\"https:\/\/dicodusport.fr\/blog\/wp-content\/uploads\/2025\/03\/Snowboardcross-Aidan-Chollet-et-Lea-Casta-la-jeunesse-au-pouvoir.png\",\"keywords\":[\"actu\",\"Aidan Chollet\",\"br\u00e8ve\",\"L\u00e9a Casta\",\"snowboardcross\"],\"articleSection\":[\"Snowboard\"],\"inLanguage\":\"fr-FR\",\"potentialAction\":[{\"@type\":\"CommentAction\",\"name\":\"Comment\",\"target\":[\"https:\/\/dicodusport.fr\/blog\/snowboardcross-aidan-chollet-et-lea-casta-la-jeunesse-au-pouvoir\/#respond\"]}],\"copyrightYear\":\"2025\",\"copyrightHolder\":{\"@id\":\"https:\/\/dicodusport.fr\/blog\/#organization\"}},{\"@type\":\"WebPage\",\"@id\":\"https:\/\/dicodusport.fr\/blog\/snowboardcross-aidan-chollet-et-lea-casta-la-jeunesse-au-pouvoir\/\",\"url\":\"https:\/\/dicodusport.fr\/blog\/snowboardcross-aidan-chollet-et-lea-casta-la-jeunesse-au-pouvoir\/\",\"name\":\"Snowboardcross\u00a0: Aidan Chollet et L\u00e9a Casta, la jeunesse au pouvoir\",\"isPartOf\":{\"@id\":\"https:\/\/dicodusport.fr\/blog\/#website\"},\"primaryImageOfPage\":{\"@id\":\"https:\/\/dicodusport.fr\/blog\/snowboardcross-aidan-chollet-et-lea-casta-la-jeunesse-au-pouvoir\/#primaryimage\"},\"image\":{\"@id\":\"https:\/\/dicodusport.fr\/blog\/snowboardcross-aidan-chollet-et-lea-casta-la-jeunesse-au-pouvoir\/#primaryimage\"},\"thumbnailUrl\":\"https:\/\/dicodusport.fr\/blog\/wp-content\/uploads\/2025\/03\/Snowboardcross-Aidan-Chollet-et-Lea-Casta-la-jeunesse-au-pouvoir.png\",\"datePublished\":\"2025-03-07T08:00:46+00:00\",\"dateModified\":\"2025-03-07T08:23:53+00:00\",\"description\":\"COUPE DU MONDE DE SNOWBOARDCROSS \u2013 Tous deux sur le podium du classement g\u00e9n\u00e9ral, Aidan Chollet et L\u00e9a Casta ont explos\u00e9 cette saison.\",\"breadcrumb\":{\"@id\":\"https:\/\/dicodusport.fr\/blog\/snowboardcross-aidan-chollet-et-lea-casta-la-jeunesse-au-pouvoir\/#breadcrumb\"},\"inLanguage\":\"fr-FR\",\"potentialAction\":[{\"@type\":\"ReadAction\",\"target\":[\"https:\/\/dicodusport.fr\/blog\/snowboardcross-aidan-chollet-et-lea-casta-la-jeunesse-au-pouvoir\/\"]}]},{\"@type\":\"ImageObject\",\"inLanguage\":\"fr-FR\",\"@id\":\"https:\/\/dicodusport.fr\/blog\/snowboardcross-aidan-chollet-et-lea-casta-la-jeunesse-au-pouvoir\/#primaryimage\",\"url\":\"https:\/\/dicodusport.fr\/blog\/wp-content\/uploads\/2025\/03\/Snowboardcross-Aidan-Chollet-et-Lea-Casta-la-jeunesse-au-pouvoir.png\",\"contentUrl\":\"https:\/\/dicodusport.fr\/blog\/wp-content\/uploads\/2025\/03\/Snowboardcross-Aidan-Chollet-et-Lea-Casta-la-jeunesse-au-pouvoir.png\",\"width\":1200,\"height\":674,\"caption\":\"Snowboardcross\u00a0: Aidan Chollet et L\u00e9a Casta, la jeunesse au pouvoir\"},{\"@type\":\"BreadcrumbList\",\"@id\":\"https:\/\/dicodusport.fr\/blog\/snowboardcross-aidan-chollet-et-lea-casta-la-jeunesse-au-pouvoir\/#breadcrumb\",\"itemListElement\":[{\"@type\":\"ListItem\",\"position\":1,\"name\":\"Accueil\",\"item\":\"https:\/\/dicodusport.fr\/blog\/\"},{\"@type\":\"ListItem\",\"position\":2,\"name\":\"Snowboardcross\u00a0: Aidan Chollet et L\u00e9a Casta, la jeunesse au pouvoir\"}]},{\"@type\":\"WebSite\",\"@id\":\"https:\/\/dicodusport.fr\/blog\/#website\",\"url\":\"https:\/\/dicodusport.fr\/blog\/\",\"name\":\"Dicodusport\",\"description\":\"L&#039;encyclop\u00e9die de l&#039;actualit\u00e9 sportive\",\"publisher\":{\"@id\":\"https:\/\/dicodusport.fr\/blog\/#organization\"},\"potentialAction\":[{\"@type\":\"SearchAction\",\"target\":{\"@type\":\"EntryPoint\",\"urlTemplate\":\"https:\/\/dicodusport.fr\/blog\/?s={search_term_string}\"},\"query-input\":{\"@type\":\"PropertyValueSpecification\",\"valueRequired\":true,\"valueName\":\"search_term_string\"}}],\"inLanguage\":\"fr-FR\"},{\"@type\":\"NewsMediaOrganization\",\"@id\":\"https:\/\/dicodusport.fr\/blog\/#organization\",\"name\":\"Dicodusport\",\"url\":\"https:\/\/dicodusport.fr\/blog\/\",\"logo\":{\"@type\":\"ImageObject\",\"inLanguage\":\"fr-FR\",\"@id\":\"https:\/\/dicodusport.fr\/blog\/#\/schema\/logo\/image\/\",\"url\":\"https:\/\/dicodusport.fr\/blog\/wp-content\/uploads\/2020\/06\/cropped-LOGO-DICODUSPORT-2020-SANS-FOND-SANS-TEXTE.png\",\"contentUrl\":\"https:\/\/dicodusport.fr\/blog\/wp-content\/uploads\/2020\/06\/cropped-LOGO-DICODUSPORT-2020-SANS-FOND-SANS-TEXTE.png\",\"width\":512,\"height\":512,\"caption\":\"Dicodusport\"},\"image\":{\"@id\":\"https:\/\/dicodusport.fr\/blog\/#\/schema\/logo\/image\/\"},\"sameAs\":[\"https:\/\/www.facebook.com\/dicodusport\",\"https:\/\/x.com\/dicodusport\",\"https:\/\/www.instagram.com\/dicodusport\/\",\"https:\/\/www.youtube.com\/channel\/UC7V2KZ5sd3htJivAbA4ZG3w\"],\"description\":\"Dicodusport est l'encyclop\u00e9die de l'actualit\u00e9 sportive.\",\"email\":\"bonjour@dicodusport.fr\",\"legalName\":\"DICODUSPORT\",\"foundingDate\":\"2018-01-14\",\"vatID\":\"FR71834470973\",\"taxID\":\"83447097300043\",\"numberOfEmployees\":{\"@type\":\"QuantitativeValue\",\"minValue\":\"1\",\"maxValue\":\"10\"}},{\"@type\":\"Person\",\"@id\":\"https:\/\/dicodusport.fr\/blog\/#\/schema\/person\/37def232098a7a5cbab3974a3690abb0\",\"name\":\"Maxime Cazenave\",\"image\":{\"@type\":\"ImageObject\",\"inLanguage\":\"fr-FR\",\"@id\":\"https:\/\/dicodusport.fr\/blog\/#\/schema\/person\/image\/\",\"url\":\"https:\/\/dicodusport.fr\/blog\/wp-content\/uploads\/2021\/05\/Maxime-Cazenave-150x150.jpg\",\"contentUrl\":\"https:\/\/dicodusport.fr\/blog\/wp-content\/uploads\/2021\/05\/Maxime-Cazenave-150x150.jpg\",\"caption\":\"Maxime Cazenave\"},\"description\":\"Journaliste\/R\u00e9dacteur depuis 2012 - Berc\u00e9 par l\u2019amour des Girondins de Bordeaux, les \u00e9checs de Christophe Moreau sur le Tour de France sous l'\u00e8re Lance Armstrong et le fade-away l\u00e9tal de Dirk Nowitzki, ma passion d\u00e9vorante pour le sport a toujours \u00e9t\u00e9 un pan incontournable de ma vie. Transmettre ma passion \u00e0 l\u2019\u00e9crit a \u00e9t\u00e9 une transition naturelle. Suiveur assidu de basket et de hockey sur glace, je garde toujours un peu de place pour suivre le cyclisme, le football et le maximum de performances fran\u00e7aises.\",\"sameAs\":[\"https:\/\/x.com\/https:\/\/twitter.com\/Maxime_Caze\"],\"url\":\"https:\/\/dicodusport.fr\/blog\/author\/maximec\/\"}]}<\/script>\n<!-- \/ Yoast SEO Premium plugin. -->","yoast_head_json":{"title":"Snowboardcross\u00a0: Aidan Chollet et L\u00e9a Casta, la jeunesse au pouvoir","description":"COUPE DU MONDE DE SNOWBOARDCROSS \u2013 Tous deux sur le podium du classement g\u00e9n\u00e9ral, Aidan Chollet et L\u00e9a Casta ont explos\u00e9 cette saison.","robots":{"index":"index","follow":"follow","max-snippet":"max-snippet:-1","max-image-preview":"max-image-preview:large","max-video-preview":"max-video-preview:-1"},"canonical":"https:\/\/dicodusport.fr\/blog\/snowboardcross-aidan-chollet-et-lea-casta-la-jeunesse-au-pouvoir\/","og_locale":"fr_FR","og_type":"article","og_title":"Snowboardcross\u00a0: Aidan Chollet et L\u00e9a Casta, la jeunesse au pouvoir","og_description":"COUPE DU MONDE DE SNOWBOARDCROSS \u2013 Tous deux sur le podium du classement g\u00e9n\u00e9ral, Aidan Chollet et L\u00e9a Casta ont explos\u00e9 cette saison.","og_url":"https:\/\/dicodusport.fr\/blog\/snowboardcross-aidan-chollet-et-lea-casta-la-jeunesse-au-pouvoir\/","og_site_name":"Dicodusport","article_publisher":"https:\/\/www.facebook.com\/dicodusport","article_published_time":"2025-03-07T08:00:46+00:00","article_modified_time":"2025-03-07T08:23:53+00:00","og_image":[{"width":1200,"height":674,"url":"https:\/\/dicodusport.fr\/blog\/wp-content\/uploads\/2025\/03\/Snowboardcross-Aidan-Chollet-et-Lea-Casta-la-jeunesse-au-pouvoir.png","type":"image\/png"}],"author":"Maxime Cazenave","twitter_card":"summary_large_image","twitter_title":"Snowboardcross\u00a0: Aidan Chollet et L\u00e9a Casta, la jeunesse au pouvoir","twitter_creator":"@https:\/\/twitter.com\/Maxime_Caze","twitter_site":"@dicodusport","schema":{"@context":"https:\/\/schema.org","@graph":[{"@type":"NewsArticle","@id":"https:\/\/dicodusport.fr\/blog\/snowboardcross-aidan-chollet-et-lea-casta-la-jeunesse-au-pouvoir\/#article","isPartOf":{"@id":"https:\/\/dicodusport.fr\/blog\/snowboardcross-aidan-chollet-et-lea-casta-la-jeunesse-au-pouvoir\/"},"author":{"name":"Maxime Cazenave","@id":"https:\/\/dicodusport.fr\/blog\/#\/schema\/person\/37def232098a7a5cbab3974a3690abb0"},"headline":"Snowboardcross\u00a0: Aidan Chollet et L\u00e9a Casta, la jeunesse au pouvoir","datePublished":"2025-03-07T08:00:46+00:00","dateModified":"2025-03-07T08:23:53+00:00","mainEntityOfPage":{"@id":"https:\/\/dicodusport.fr\/blog\/snowboardcross-aidan-chollet-et-lea-casta-la-jeunesse-au-pouvoir\/"},"wordCount":1007,"commentCount":0,"publisher":{"@id":"https:\/\/dicodusport.fr\/blog\/#organization"},"image":{"@id":"https:\/\/dicodusport.fr\/blog\/snowboardcross-aidan-chollet-et-lea-casta-la-jeunesse-au-pouvoir\/#primaryimage"},"thumbnailUrl":"https:\/\/dicodusport.fr\/blog\/wp-content\/uploads\/2025\/03\/Snowboardcross-Aidan-Chollet-et-Lea-Casta-la-jeunesse-au-pouvoir.png","keywords":["actu","Aidan Chollet","br\u00e8ve","L\u00e9a Casta","snowboardcross"],"articleSection":["Snowboard"],"inLanguage":"fr-FR","potentialAction":[{"@type":"CommentAction","name":"Comment","target":["https:\/\/dicodusport.fr\/blog\/snowboardcross-aidan-chollet-et-lea-casta-la-jeunesse-au-pouvoir\/#respond"]}],"copyrightYear":"2025","copyrightHolder":{"@id":"https:\/\/dicodusport.fr\/blog\/#organization"}},{"@type":"WebPage","@id":"https:\/\/dicodusport.fr\/blog\/snowboardcross-aidan-chollet-et-lea-casta-la-jeunesse-au-pouvoir\/","url":"https:\/\/dicodusport.fr\/blog\/snowboardcross-aidan-chollet-et-lea-casta-la-jeunesse-au-pouvoir\/","name":"Snowboardcross\u00a0: Aidan Chollet et L\u00e9a Casta, la jeunesse au pouvoir","isPartOf":{"@id":"https:\/\/dicodusport.fr\/blog\/#website"},"primaryImageOfPage":{"@id":"https:\/\/dicodusport.fr\/blog\/snowboardcross-aidan-chollet-et-lea-casta-la-jeunesse-au-pouvoir\/#primaryimage"},"image":{"@id":"https:\/\/dicodusport.fr\/blog\/snowboardcross-aidan-chollet-et-lea-casta-la-jeunesse-au-pouvoir\/#primaryimage"},"thumbnailUrl":"https:\/\/dicodusport.fr\/blog\/wp-content\/uploads\/2025\/03\/Snowboardcross-Aidan-Chollet-et-Lea-Casta-la-jeunesse-au-pouvoir.png","datePublished":"2025-03-07T08:00:46+00:00","dateModified":"2025-03-07T08:23:53+00:00","description":"COUPE DU MONDE DE SNOWBOARDCROSS \u2013 Tous deux sur le podium du classement g\u00e9n\u00e9ral, Aidan Chollet et L\u00e9a Casta ont explos\u00e9 cette saison.","breadcrumb":{"@id":"https:\/\/dicodusport.fr\/blog\/snowboardcross-aidan-chollet-et-lea-casta-la-jeunesse-au-pouvoir\/#breadcrumb"},"inLanguage":"fr-FR","potentialAction":[{"@type":"ReadAction","target":["https:\/\/dicodusport.fr\/blog\/snowboardcross-aidan-chollet-et-lea-casta-la-jeunesse-au-pouvoir\/"]}]},{"@type":"ImageObject","inLanguage":"fr-FR","@id":"https:\/\/dicodusport.fr\/blog\/snowboardcross-aidan-chollet-et-lea-casta-la-jeunesse-au-pouvoir\/#primaryimage","url":"https:\/\/dicodusport.fr\/blog\/wp-content\/uploads\/2025\/03\/Snowboardcross-Aidan-Chollet-et-Lea-Casta-la-jeunesse-au-pouvoir.png","contentUrl":"https:\/\/dicodusport.fr\/blog\/wp-content\/uploads\/2025\/03\/Snowboardcross-Aidan-Chollet-et-Lea-Casta-la-jeunesse-au-pouvoir.png","width":1200,"height":674,"caption":"Snowboardcross\u00a0: Aidan Chollet et L\u00e9a Casta, la jeunesse au pouvoir"},{"@type":"BreadcrumbList","@id":"https:\/\/dicodusport.fr\/blog\/snowboardcross-aidan-chollet-et-lea-casta-la-jeunesse-au-pouvoir\/#breadcrumb","itemListElement":[{"@type":"ListItem","position":1,"name":"Accueil","item":"https:\/\/dicodusport.fr\/blog\/"},{"@type":"ListItem","position":2,"name":"Snowboardcross\u00a0: Aidan Chollet et L\u00e9a Casta, la jeunesse au pouvoir"}]},{"@type":"WebSite","@id":"https:\/\/dicodusport.fr\/blog\/#website","url":"https:\/\/dicodusport.fr\/blog\/","name":"Dicodusport","description":"L&#039;encyclop\u00e9die de l&#039;actualit\u00e9 sportive","publisher":{"@id":"https:\/\/dicodusport.fr\/blog\/#organization"},"potentialAction":[{"@type":"SearchAction","target":{"@type":"EntryPoint","urlTemplate":"https:\/\/dicodusport.fr\/blog\/?s={search_term_string}"},"query-input":{"@type":"PropertyValueSpecification","valueRequired":true,"valueName":"search_term_string"}}],"inLanguage":"fr-FR"},{"@type":"NewsMediaOrganization","@id":"https:\/\/dicodusport.fr\/blog\/#organization","name":"Dicodusport","url":"https:\/\/dicodusport.fr\/blog\/","logo":{"@type":"ImageObject","inLanguage":"fr-FR","@id":"https:\/\/dicodusport.fr\/blog\/#\/schema\/logo\/image\/","url":"https:\/\/dicodusport.fr\/blog\/wp-content\/uploads\/2020\/06\/cropped-LOGO-DICODUSPORT-2020-SANS-FOND-SANS-TEXTE.png","contentUrl":"https:\/\/dicodusport.fr\/blog\/wp-content\/uploads\/2020\/06\/cropped-LOGO-DICODUSPORT-2020-SANS-FOND-SANS-TEXTE.png","width":512,"height":512,"caption":"Dicodusport"},"image":{"@id":"https:\/\/dicodusport.fr\/blog\/#\/schema\/logo\/image\/"},"sameAs":["https:\/\/www.facebook.com\/dicodusport","https:\/\/x.com\/dicodusport","https:\/\/www.instagram.com\/dicodusport\/","https:\/\/www.youtube.com\/channel\/UC7V2KZ5sd3htJivAbA4ZG3w"],"description":"Dicodusport est l'encyclop\u00e9die de l'actualit\u00e9 sportive.","email":"bonjour@dicodusport.fr","legalName":"DICODUSPORT","foundingDate":"2018-01-14","vatID":"FR71834470973","taxID":"83447097300043","numberOfEmployees":{"@type":"QuantitativeValue","minValue":"1","maxValue":"10"}},{"@type":"Person","@id":"https:\/\/dicodusport.fr\/blog\/#\/schema\/person\/37def232098a7a5cbab3974a3690abb0","name":"Maxime Cazenave","image":{"@type":"ImageObject","inLanguage":"fr-FR","@id":"https:\/\/dicodusport.fr\/blog\/#\/schema\/person\/image\/","url":"https:\/\/dicodusport.fr\/blog\/wp-content\/uploads\/2021\/05\/Maxime-Cazenave-150x150.jpg","contentUrl":"https:\/\/dicodusport.fr\/blog\/wp-content\/uploads\/2021\/05\/Maxime-Cazenave-150x150.jpg","caption":"Maxime Cazenave"},"description":"Journaliste\/R\u00e9dacteur depuis 2012 - Berc\u00e9 par l\u2019amour des Girondins de Bordeaux, les \u00e9checs de Christophe Moreau sur le Tour de France sous l'\u00e8re Lance Armstrong et le fade-away l\u00e9tal de Dirk Nowitzki, ma passion d\u00e9vorante pour le sport a toujours \u00e9t\u00e9 un pan incontournable de ma vie. Transmettre ma passion \u00e0 l\u2019\u00e9crit a \u00e9t\u00e9 une transition naturelle. Suiveur assidu de basket et de hockey sur glace, je garde toujours un peu de place pour suivre le cyclisme, le football et le maximum de performances fran\u00e7aises.","sameAs":["https:\/\/x.com\/https:\/\/twitter.com\/Maxime_Caze"],"url":"https:\/\/dicodusport.fr\/blog\/author\/maximec\/"}]}},"_links":{"self":[{"href":"https:\/\/dicodusport.fr\/blog\/wp-json\/wp\/v2\/posts\/561525","targetHints":{"allow":["GET"]}}],"collection":[{"href":"https:\/\/dicodusport.fr\/blog\/wp-json\/wp\/v2\/posts"}],"about":[{"href":"https:\/\/dicodusport.fr\/blog\/wp-json\/wp\/v2\/types\/post"}],"author":[{"embeddable":true,"href":"https:\/\/dicodusport.fr\/blog\/wp-json\/wp\/v2\/users\/55"}],"replies":[{"embeddable":true,"href":"https:\/\/dicodusport.fr\/blog\/wp-json\/wp\/v2\/comments?post=561525"}],"version-history":[{"count":5,"href":"https:\/\/dicodusport.fr\/blog\/wp-json\/wp\/v2\/posts\/561525\/revisions"}],"predecessor-version":[{"id":561829,"href":"https:\/\/dicodusport.fr\/blog\/wp-json\/wp\/v2\/posts\/561525\/revisions\/561829"}],"wp:featuredmedia":[{"embeddable":true,"href":"https:\/\/dicodusport.fr\/blog\/wp-json\/wp\/v2\/media\/561526"}],"wp:attachment":[{"href":"https:\/\/dicodusport.fr\/blog\/wp-json\/wp\/v2\/media?parent=561525"}],"wp:term":[{"taxonomy":"category","embeddable":true,"href":"https:\/\/dicodusport.fr\/blog\/wp-json\/wp\/v2\/categories?post=561525"},{"taxonomy":"post_tag","embeddable":true,"href":"https:\/\/dicodusport.fr\/blog\/wp-json\/wp\/v2\/tags?post=561525"}],"curies":[{"name":"wp","href":"https:\/\/api.w.org\/{rel}","templated":true}]}}