{"id":561644,"date":"2025-03-06T21:58:04","date_gmt":"2025-03-06T20:58:04","guid":{"rendered":"https:\/\/dicodusport.fr\/blog\/?p=561644&#038;preview=true&#038;preview_id=561644"},"modified":"2025-03-07T19:27:18","modified_gmt":"2025-03-07T18:27:18","slug":"athletisme-championnats-deurope-salle-2025-jakob-ingebrigtsen-et-les-francais-convaincants-le-resume-de-la-soiree-du-jeudi-6-mars","status":"publish","type":"post","link":"https:\/\/dicodusport.fr\/blog\/athletisme-championnats-deurope-salle-2025-jakob-ingebrigtsen-et-les-francais-convaincants-le-resume-de-la-soiree-du-jeudi-6-mars\/","title":{"rendered":"Athl\u00e9tisme Championnats d&rsquo;Europe (salle) 2025 : Jakob Ingebrigtsen et les Fran\u00e7ais convaincants, le r\u00e9sum\u00e9 de la soir\u00e9e du jeudi 6 mars"},"content":{"rendered":"<h4 style=\"text-align: justify;\"><em>CHAMPIONNATS D&rsquo;EUROPE D&rsquo;ATHL\u00c9TISME EN SALLE 2025 &#8211; Les Fran\u00e7ais sont bien rentr\u00e9s dans la comp\u00e9tition ce jeudi, avec bon nombre de qualifications. Et des cadors qui ont bien r\u00e9pondu pr\u00e9sents. Alors que Jakob Ingebrigtsen s&rsquo;est promen\u00e9 en s\u00e9ries du 1500 m. Le premier titre de cette \u00e9dition est pour les Pays-Bas, sacr\u00e9s sur le 4&#215;400 m mixte.<\/em><\/h4>\n<ul style=\"text-align: justify;\">\n<li style=\"text-align: justify;\"><strong>\u00c0 ce sujet &#8211; <a href=\"https:\/\/dicodusport.fr\/blog\/athletisme-programme-et-resultats-championnats-deurope-en-salle-2025\/\">Athl\u00e9tisme : Programme et r\u00e9sultats Championnats d&rsquo;Europe en salle 2025<\/a><\/strong><strong><br \/>\n<\/strong><\/li>\n<\/ul>\n<h2 style=\"text-align: justify;\">Le premier titre sera pour les Pays-Bas<\/h2>\n<p style=\"text-align: justify;\">Si <strong>Femke Bol<\/strong> ne s&rsquo;alignera pas en individuel sur ces championnats d&rsquo;Europe, la N\u00e9erlandaise remporte son premier titre avec le relais mixte. Sa 23\u00e8me m\u00e9daille internationale \u00e0 24 ans. Avec<strong> Nick Smidt, Eveline Saalberg et Tony van Diepen<\/strong>, les N\u00e9erlandais ont domin\u00e9 leur distance f\u00e9tiche. Et la recordwoman du 400 m en salle (49.17) a effectu\u00e9 le dernier relais. Elle a pris le t\u00e9moin en 3\u00e8me position et a aval\u00e9 tout le monde dans son dernier tour. Facile, en <strong>50.33<\/strong> lanc\u00e9e. Elle avait de la marge sur tout le monde. La Belgique prend la 2\u00e8me place de la course devant la Grande-Bretagne. La France n&rsquo;\u00e9tait pas engag\u00e9e dans cette finale. Mais a de quoi se satisfaire de cette premi\u00e8re journ\u00e9e<\/p>\n<h2 style=\"text-align: justify;\">Les Fran\u00e7ais ont bien lanc\u00e9 leur championnat<\/h2>\n<h3 style=\"text-align: justify;\">Deux sur deux sur 1500 m femmes<\/h3>\n<p style=\"text-align: justify;\">Certains cadors fran\u00e7ais \u00e9taient d\u00e9j\u00e0 de la partie ce jeudi soir. Premi\u00e8re vraie chance de m\u00e9daille \u00e0 s&rsquo;\u00e9lancer dans ces championnats d&rsquo;Europe, <strong>Agathe Guillemot<\/strong> n&rsquo;a pas trembl\u00e9 sur 1500 m. Engag\u00e9e dans la seconde s\u00e9rie, il fallait entrer directement dans les trois premi\u00e8res pour \u00e9viter des mauvaises surprises. Chose faite, avec une deuxi\u00e8me place, sans laisser trop de cartouches, malgr\u00e9 une course d\u00e9j\u00e0 rapide. Elle boucle sa course en 4:11.52. De retour en Bleu, apr\u00e8s un tr\u00e8s bon hiver, <strong>B\u00e9r\u00e9nice Cleyet-Merle<\/strong> n&rsquo;a pas d\u00e9\u00e7u non plus. La Fran\u00e7aise a longtemps contr\u00f4l\u00e9 en queue de peloton, avant de r\u00e9aliser un gros dernier tour. Elle remporte la premi\u00e8re s\u00e9rie en 4:13.51. Elle a montr\u00e9 de bien belles choses.<\/p>\n<blockquote class=\"twitter-tweet\">\n<p dir=\"ltr\" lang=\"fr\">Europe en salle : 2 \ud83c\uddeb\ud83c\uddf7 en finale du 1500m \ud83d\udeba une 1ere depuis 25 ans.<\/p>\n<p>\u2014 Cl\u00e9ment Breysse (@BreysseClement) <a href=\"https:\/\/twitter.com\/BreysseClement\/status\/1897717023024857301?ref_src=twsrc%5Etfw\">March 6, 2025<\/a><\/p><\/blockquote>\n<p style=\"text-align: justify;\"><script async src=\"https:\/\/platform.twitter.com\/widgets.js\" charset=\"utf-8\"><\/script><\/p>\n<h3 style=\"text-align: justify;\">Et trois sur trois pour les hommes<\/h3>\n<p style=\"text-align: justify;\">Deux sur deux puis trois sur trois pour les hommes qui ont emboit\u00e9 le pas des femmes. Dans un programme charg\u00e9, avec une tentative de doubl\u00e9 1500-3000 m, <strong>Azeddine Habz<\/strong> n&rsquo;a pas eu de soucis, pour entrer en finale du 1500 m. Il a pris la 2\u00e8me place de la derni\u00e8re s\u00e9rie. Il a contr\u00f4l\u00e9 et a fait parler son exp\u00e9rience pour r\u00e9aliser un chrono de 3:40.43. <strong>Louis Gilavert<\/strong> avait bien ouvert le bal dans la premi\u00e8re s\u00e9rie, avec une tr\u00e8s solide qualification. Il a pris la 2\u00e8me place de sa course, dans un chrono d\u00e9j\u00e0 rapide de 3:38.11. Et a r\u00e9ussi une premi\u00e8re partie de son championnat. <strong>Paul Anselmini<\/strong> a eu plus de mal, mais a le m\u00e9rite de survivre dans la deuxi\u00e8me s\u00e9rie qui \u00e9tait la plus relev\u00e9e. Il s&rsquo;offre le scalp de <strong>Mohamed Attaoui<\/strong> et prend la 2\u00e8me place de sa course en 3:42.47, au terme d&rsquo;une derni\u00e8re ligne droite impressionnante.<\/p>\n<blockquote class=\"twitter-tweet\">\n<p dir=\"ltr\" lang=\"fr\">\ud83e\udd75 Paul Anselmini au bout du suspense !<\/p>\n<p>\u26a1 Une derni\u00e8re ligne droite supersonique pour d\u00e9crocher sa qualification en finale du 1500 m en 3&rsquo;42\u00a0\u00bb47 !<\/p>\n<p>\ud83d\udcbb La comp\u00e9tition est \u00e0 suivre en DIRECT sur <a href=\"https:\/\/t.co\/EpsBjowlnA\">https:\/\/t.co\/EpsBjowlnA<\/a>. <a href=\"https:\/\/t.co\/Yw5TCxxklQ\">pic.twitter.com\/Yw5TCxxklQ<\/a><\/p>\n<p>\u2014 FFAthl\u00e9tisme (@FFAthletisme) <a href=\"https:\/\/twitter.com\/FFAthletisme\/status\/1897730072628322413?ref_src=twsrc%5Etfw\">March 6, 2025<\/a><\/p><\/blockquote>\n<p style=\"text-align: justify;\"><script async src=\"https:\/\/platform.twitter.com\/widgets.js\" charset=\"utf-8\"><\/script><\/p>\n<h3 style=\"text-align: justify;\">Wilhem Belocian et Just Kwaou-Mathey impressionnants<\/h3>\n<p style=\"text-align: justify;\">D&rsquo;abord pass\u00e9e toute proche d&rsquo;un faux d\u00e9part, <strong>La\u00ebticia Bapt\u00e9<\/strong> n&rsquo;a pas livr\u00e9 la meilleure course de sa saison. Mais elle prend la deuxi\u00e8me place de sa deuxi\u00e8me s\u00e9rie en 7.97. Sans doute un peu de pression pour celle qui aborde pour la premi\u00e8re fois un grand championnat, dans la peau d&rsquo;une favorite \u00e0 la m\u00e9daille. <strong>Sacha Alessandrini<\/strong> n&rsquo;a d&rsquo;abord pas eu les milli\u00e8mes en sa faveur. Cinqui\u00e8me de la premi\u00e8re s\u00e9rie, elle r\u00e9alise le m\u00eame chrono (8.05) que la 3\u00e8me et directement qualifi\u00e9e pour la demi-finale. Mais, quelques minutes plus tard, elle a eu le bonheur de voir qu&rsquo;elle est la derni\u00e8re qualifi\u00e9e au temps.<\/p>\n<ul style=\"text-align: justify;\">\n<li><strong>\u00c0 ce sujet &#8211;\u00a0<a href=\"https:\/\/dicodusport.fr\/blog\/athletisme-championnats-deurope-salle-2025-la-selection-francaise-devoilee\/\">Athl\u00e9tisme Championnats d&rsquo;Europe (salle) 2025 : La s\u00e9lection fran\u00e7aise<\/a><\/strong><\/li>\n<\/ul>\n<p style=\"text-align: justify;\">Ce sera \u00e9galement le plein chez les hommes, avec un 3\/3. Et si le plus impressionnant des Fran\u00e7ais \u00e9tait <strong>Wilhem Belocian<\/strong> ? Une s\u00e9rie du 60 m aval\u00e9e en 7.46, meilleur temps de tous les qualifi\u00e9s. Il a aval\u00e9 toutes ses haies avec beaucoup de facilit\u00e9. Il est clairement de retour \u00e0 son niveau de 2023. Un centi\u00e8me devant son compatriote et non moins probant <strong>Just Kwaou-Mathey<\/strong>. Qui r\u00e9alise le meilleur chrono de son hiver en 7.47. Il signe son grand retour. Le benjamin de la d\u00e9l\u00e9gation tricolore <strong>Th\u00e9o Pedre<\/strong> n&rsquo;a pas trembl\u00e9 pour se qualifier en demi-finale et lancer la dynamique. Une deuxi\u00e8me place de la premi\u00e8re s\u00e9rie et un chrono de 7.68, avec une certaine ma\u00eetrise, apr\u00e8s un bon d\u00e9part.<\/p>\n<h3 style=\"text-align: justify;\">\u00ab\u00a0MJ\u00a0\u00bb Bonnin n&rsquo;a pas manqu\u00e9 son entr\u00e9e \u00e0 la perche<\/h3>\n<p style=\"text-align: justify;\"><strong>Ilionis Guillaume<\/strong> n&rsquo;a pas connu de difficult\u00e9s pour se qualifier en finale du triple saut. La 3\u00e8me des championnats d&rsquo;Europe de Rome a d\u00e9coll\u00e9 \u00e0 13.93 m \u00e0 son premier essai. Et m\u00eame si elle n&rsquo;a pas fait les 14.00 m requis pour la qualification directe, elle prend la 5\u00e8me place de son concours de qualification.<\/p>\n<p style=\"text-align: justify;\">Malgr\u00e9 un petit \u00e9chec \u00e0 4.55 m \u00e0 sa premi\u00e8re tentative,<strong> Marie-Julie Bonnin<\/strong> fera bien partie de la finale de la perche. La Bordelaise a quand m\u00eame montr\u00e9 de belles choses dans un concours de qualification toujours \u00e9pineux. Une entr\u00e9e \u00e0 4.45 m au premier essai, et un autre saut \u00e0 4.55 m au 2\u00e8me. Trois bonds et peu d&rsquo;\u00e9nergie d\u00e9pens\u00e9e ce jeudi soir. <strong>Alix Dehaynain<\/strong> ne verra pas la finale en revanche. Un bond \u00e0 4.45 m au 3\u00e8me essai l&rsquo;a rejet\u00e9 trop loin. Elle n&rsquo;est pas pass\u00e9e loin de la barre \u00e0 4.55 m, qui aurait \u00e9t\u00e9 son record personnel. Elle est 11\u00e8me de son concours. Sans doute son meilleur de la saison hivernale.<\/p>\n<blockquote class=\"twitter-tweet\">\n<p dir=\"ltr\" lang=\"fr\">\ud83c\udfaf Objectif finale valid\u00e9 pour MJ !<\/p>\n<p>\ud83c\uddeb\ud83c\uddf7 Marie-Julie Bonnin franchit 4,55 m au deuxi\u00e8me essai et d\u00e9croche sa place en finale du saut \u00e0 la perche.<\/p>\n<p>\ud83d\udcc5 Rendez-vous samedi \u00e0 19h35 !<\/p>\n<p>\ud83d\udcbb La comp\u00e9tition est \u00e0 suivre en DIRECT sur <a href=\"https:\/\/t.co\/EpsBjowlnA\">https:\/\/t.co\/EpsBjowlnA<\/a>. <a href=\"https:\/\/t.co\/t7nq4JEkuD\">pic.twitter.com\/t7nq4JEkuD<\/a><\/p>\n<p>\u2014 FFAthl\u00e9tisme (@FFAthletisme) <a href=\"https:\/\/twitter.com\/FFAthletisme\/status\/1897743402562633880?ref_src=twsrc%5Etfw\">March 6, 2025<\/a><\/p><\/blockquote>\n<p style=\"text-align: justify;\"><script async src=\"https:\/\/platform.twitter.com\/widgets.js\" charset=\"utf-8\"><\/script><\/p>\n<h2 style=\"text-align: justify;\">Promenade de sant\u00e9 pour \u00ab\u00a0Jakobing\u00a0\u00bb<\/h2>\n<p style=\"text-align: justify;\"><strong>Jakob Ingebrigtsen<\/strong> a parfaitement lanc\u00e9 son objectif 1500-3000 m, par une qualification ais\u00e9e pour la finale de la plus courte des deux distances. Le recordman du monde de la distance a d&rsquo;abord contr\u00f4l\u00e9 de l&rsquo;arri\u00e8re, avant de porter une acc\u00e9l\u00e9ration suffisante pour repousser tout le monde. Le recordman du Portugal, <strong>Isaac Nader<\/strong>, n&rsquo;a pas eu de souci pour dominer la seconde course en 3:42.32. Une s\u00e9rie o\u00f9 <strong>Mohamed Attaoui<\/strong>, finaliste olympique sur 800 m, est pass\u00e9 \u00e0 la trappe, seulement 4\u00e8me et non rep\u00each\u00e9 au temps.<\/p>\n<p style=\"text-align: justify;\"><strong>Ana Peleteiro-Compaor\u00e9<\/strong> aura eu besoin de deux essais au triple saut, pour se qualifier. La championne d&rsquo;Europe 2024 a d&rsquo;abord d\u00e9coll\u00e9 \u00e0 13.92 m puis s&rsquo;est directement qualifi\u00e9e, avec 14.14 m au second essai. L&rsquo;autre grand nom du concours,<strong> Tugba Danismaz<\/strong>, se qualifie \u00e9galement sur son 2\u00e8me essai, avec un bond \u00e0 14.10 m, son meilleur saut de l&rsquo;hiver. <strong>Senni Salminen<\/strong> est la troisi\u00e8me triple sauteuse \u00e0 avoir franchi les 14 m\u00e8tres requis (14.02 m).<\/p>\n<h3 style=\"text-align: justify;\">Petite alerte pour Simonelli et Furlani<\/h3>\n<p style=\"text-align: justify;\">Le champion d&rsquo;Europe en titre <strong>Douwe Amels,<\/strong> devant son public, est pass\u00e9 \u00e0 la trappe d\u00e8s les qualifications de la hauteur. Le recordman des Pays-Bas (2.31 m), n&rsquo;a pas franchi 2.18 m. Une barre qui pouvait suffire pour la finale. Du c\u00f4t\u00e9 de la longueur, <strong>Gerson Bald\u00e9<\/strong> (8.11 m),<strong> Jaime Guerra<\/strong> (8.07 m),<strong> Bozhidar Saraboyukov<\/strong> (8.05 m), <strong>Thobias Montler<\/strong> (8.00 m) se sont acquitt\u00e9s de la marque directement qualificative. Au contraire de <strong>Mattia Furlani<\/strong>, mais qui se qualifie tout de m\u00eame (7.95 m). <strong>Nadine Visser<\/strong> (7.89), <strong>Ditaji Kambundji<\/strong> (7.92), <strong>Pia Skrzyszowska<\/strong> (7.88) et<strong> Sarah Lavin<\/strong> (7.93) ont domin\u00e9 leur s\u00e9rie sur le 60 m haies chez les femmes, alors qu&rsquo;<strong>Enrique Llopis<\/strong> (7.53) et <strong>Jakub Szymanski<\/strong> (7.51) ont assur\u00e9 chez les hommes et que<strong> Lorenzo Simonelli<\/strong> n&rsquo;a \u00e9t\u00e9 rep\u00each\u00e9 qu&rsquo;au temps (7.66).<\/p>\n","protected":false},"excerpt":{"rendered":"<p>CHAMPIONNATS D&rsquo;EUROPE D&rsquo;ATHL\u00c9TISME EN SALLE 2025 &#8211; Les Fran\u00e7ais sont bien rentr\u00e9s dans la comp\u00e9tition ce jeudi, avec bon nombre de qualifications. Et des cadors qui ont bien r\u00e9pondu pr\u00e9sents. Alors que Jakob Ingebrigtsen s&rsquo;est promen\u00e9 en s\u00e9ries du 1500 m. Le premier titre de cette \u00e9dition est pour les Pays-Bas, sacr\u00e9s sur le 4&#215;400 m mixte.<\/p>\n","protected":false},"author":83,"featured_media":561755,"comment_status":"open","ping_status":"closed","sticky":false,"template":"","format":"standard","meta":{"_acf_changed":false,"_daextam_enable_autolinks":"1","footnotes":""},"categories":[2308],"tags":[32415,37023,143,10976,16878,14714],"class_list":["post-561644","post","type-post","status-publish","format-standard","has-post-thumbnail","hentry","category-athletisme","tag-actu","tag-apeldoorn","tag-athletisme","tag-athletisme-francais","tag-breve","tag-equipe-de-france-dathletisme"],"acf":[],"yoast_head":"<!-- This site is optimized with the Yoast SEO Premium plugin v26.7 (Yoast SEO v26.7) - https:\/\/yoast.com\/wordpress\/plugins\/seo\/ -->\n<title>Athl\u00e9tisme Championnats d&#039;Europe (salle) 2025 : Jakob Ingebrigtsen et les Fran\u00e7ais convaincants, le r\u00e9sum\u00e9 de la soir\u00e9e du jeudi 6 mars<\/title>\n<meta name=\"description\" content=\"CHAMPIONNATS D&#039;EUROPE D&#039;ATHL\u00c9TISME EN SALLE 2025 - Les Fran\u00e7ais sont bien rentr\u00e9s dans la comp\u00e9tition, avec bon nombre de qualifications.\" \/>\n<meta name=\"robots\" content=\"index, follow, max-snippet:-1, max-image-preview:large, max-video-preview:-1\" \/>\n<link rel=\"canonical\" href=\"https:\/\/dicodusport.fr\/blog\/athletisme-championnats-deurope-salle-2025-jakob-ingebrigtsen-et-les-francais-convaincants-le-resume-de-la-soiree-du-jeudi-6-mars\/\" \/>\n<meta property=\"og:locale\" content=\"fr_FR\" \/>\n<meta property=\"og:type\" content=\"article\" \/>\n<meta property=\"og:title\" content=\"Athl\u00e9tisme Championnats d&#039;Europe (salle) 2025 : Jakob Ingebrigtsen et les Fran\u00e7ais convaincants, le r\u00e9sum\u00e9 de la soir\u00e9e du jeudi 6 mars\" \/>\n<meta property=\"og:description\" content=\"CHAMPIONNATS D&#039;EUROPE D&#039;ATHL\u00c9TISME EN SALLE 2025 - Les Fran\u00e7ais sont bien rentr\u00e9s dans la comp\u00e9tition, avec bon nombre de qualifications.\" \/>\n<meta property=\"og:url\" content=\"https:\/\/dicodusport.fr\/blog\/athletisme-championnats-deurope-salle-2025-jakob-ingebrigtsen-et-les-francais-convaincants-le-resume-de-la-soiree-du-jeudi-6-mars\/\" \/>\n<meta property=\"og:site_name\" content=\"Dicodusport\" \/>\n<meta property=\"article:publisher\" content=\"https:\/\/www.facebook.com\/dicodusport\" \/>\n<meta property=\"article:published_time\" content=\"2025-03-06T20:58:04+00:00\" \/>\n<meta property=\"article:modified_time\" content=\"2025-03-07T18:27:18+00:00\" \/>\n<meta property=\"og:image\" content=\"https:\/\/dicodusport.fr\/blog\/wp-content\/uploads\/2025\/03\/Athletisme-Championnats-dEurope-salle-Jakob-Ingebrigtsen-et-les-Francais-convaincants-le-resume-du-jeudi-6-mars.png\" \/>\n\t<meta property=\"og:image:width\" content=\"1200\" \/>\n\t<meta property=\"og:image:height\" content=\"674\" \/>\n\t<meta property=\"og:image:type\" content=\"image\/png\" \/>\n<meta name=\"author\" content=\"Etienne Goursaud\" \/>\n<meta name=\"twitter:card\" content=\"summary_large_image\" \/>\n<meta name=\"twitter:title\" content=\"Athl\u00e9tisme Championnats d&#039;Europe (salle) 2025 : Jakob Ingebrigtsen et les Fran\u00e7ais convaincants, le r\u00e9sum\u00e9 de la soir\u00e9e du jeudi 6 mars\" \/>\n<meta name=\"twitter:creator\" content=\"@dicodusport\" \/>\n<meta name=\"twitter:site\" content=\"@dicodusport\" \/>\n<script type=\"application\/ld+json\" class=\"yoast-schema-graph\">{\"@context\":\"https:\/\/schema.org\",\"@graph\":[{\"@type\":\"NewsArticle\",\"@id\":\"https:\/\/dicodusport.fr\/blog\/athletisme-championnats-deurope-salle-2025-jakob-ingebrigtsen-et-les-francais-convaincants-le-resume-de-la-soiree-du-jeudi-6-mars\/#article\",\"isPartOf\":{\"@id\":\"https:\/\/dicodusport.fr\/blog\/athletisme-championnats-deurope-salle-2025-jakob-ingebrigtsen-et-les-francais-convaincants-le-resume-de-la-soiree-du-jeudi-6-mars\/\"},\"author\":{\"name\":\"Etienne Goursaud\",\"@id\":\"https:\/\/dicodusport.fr\/blog\/#\/schema\/person\/d603dd7da31fb2b46c82b9835a77ec13\"},\"headline\":\"Athl\u00e9tisme Championnats d&rsquo;Europe (salle) 2025 : Jakob Ingebrigtsen et les Fran\u00e7ais convaincants, le r\u00e9sum\u00e9 de la soir\u00e9e du jeudi 6 mars\",\"datePublished\":\"2025-03-06T20:58:04+00:00\",\"dateModified\":\"2025-03-07T18:27:18+00:00\",\"mainEntityOfPage\":{\"@id\":\"https:\/\/dicodusport.fr\/blog\/athletisme-championnats-deurope-salle-2025-jakob-ingebrigtsen-et-les-francais-convaincants-le-resume-de-la-soiree-du-jeudi-6-mars\/\"},\"wordCount\":1434,\"commentCount\":0,\"publisher\":{\"@id\":\"https:\/\/dicodusport.fr\/blog\/#organization\"},\"image\":{\"@id\":\"https:\/\/dicodusport.fr\/blog\/athletisme-championnats-deurope-salle-2025-jakob-ingebrigtsen-et-les-francais-convaincants-le-resume-de-la-soiree-du-jeudi-6-mars\/#primaryimage\"},\"thumbnailUrl\":\"https:\/\/dicodusport.fr\/blog\/wp-content\/uploads\/2025\/03\/Athletisme-Championnats-dEurope-salle-Jakob-Ingebrigtsen-et-les-Francais-convaincants-le-resume-du-jeudi-6-mars.png\",\"keywords\":[\"actu\",\"Apeldoorn\",\"Athl\u00e9tisme\",\"Athl\u00e9tisme fran\u00e7ais\",\"br\u00e8ve\",\"\u00e9quipe de France d'athl\u00e9tisme\"],\"articleSection\":[\"Athl\u00e9tisme\"],\"inLanguage\":\"fr-FR\",\"potentialAction\":[{\"@type\":\"CommentAction\",\"name\":\"Comment\",\"target\":[\"https:\/\/dicodusport.fr\/blog\/athletisme-championnats-deurope-salle-2025-jakob-ingebrigtsen-et-les-francais-convaincants-le-resume-de-la-soiree-du-jeudi-6-mars\/#respond\"]}],\"copyrightYear\":\"2025\",\"copyrightHolder\":{\"@id\":\"https:\/\/dicodusport.fr\/blog\/#organization\"}},{\"@type\":\"WebPage\",\"@id\":\"https:\/\/dicodusport.fr\/blog\/athletisme-championnats-deurope-salle-2025-jakob-ingebrigtsen-et-les-francais-convaincants-le-resume-de-la-soiree-du-jeudi-6-mars\/\",\"url\":\"https:\/\/dicodusport.fr\/blog\/athletisme-championnats-deurope-salle-2025-jakob-ingebrigtsen-et-les-francais-convaincants-le-resume-de-la-soiree-du-jeudi-6-mars\/\",\"name\":\"Athl\u00e9tisme Championnats d'Europe (salle) 2025 : Jakob Ingebrigtsen et les Fran\u00e7ais convaincants, le r\u00e9sum\u00e9 de la soir\u00e9e du jeudi 6 mars\",\"isPartOf\":{\"@id\":\"https:\/\/dicodusport.fr\/blog\/#website\"},\"primaryImageOfPage\":{\"@id\":\"https:\/\/dicodusport.fr\/blog\/athletisme-championnats-deurope-salle-2025-jakob-ingebrigtsen-et-les-francais-convaincants-le-resume-de-la-soiree-du-jeudi-6-mars\/#primaryimage\"},\"image\":{\"@id\":\"https:\/\/dicodusport.fr\/blog\/athletisme-championnats-deurope-salle-2025-jakob-ingebrigtsen-et-les-francais-convaincants-le-resume-de-la-soiree-du-jeudi-6-mars\/#primaryimage\"},\"thumbnailUrl\":\"https:\/\/dicodusport.fr\/blog\/wp-content\/uploads\/2025\/03\/Athletisme-Championnats-dEurope-salle-Jakob-Ingebrigtsen-et-les-Francais-convaincants-le-resume-du-jeudi-6-mars.png\",\"datePublished\":\"2025-03-06T20:58:04+00:00\",\"dateModified\":\"2025-03-07T18:27:18+00:00\",\"description\":\"CHAMPIONNATS D'EUROPE D'ATHL\u00c9TISME EN SALLE 2025 - Les Fran\u00e7ais sont bien rentr\u00e9s dans la comp\u00e9tition, avec bon nombre de qualifications.\",\"breadcrumb\":{\"@id\":\"https:\/\/dicodusport.fr\/blog\/athletisme-championnats-deurope-salle-2025-jakob-ingebrigtsen-et-les-francais-convaincants-le-resume-de-la-soiree-du-jeudi-6-mars\/#breadcrumb\"},\"inLanguage\":\"fr-FR\",\"potentialAction\":[{\"@type\":\"ReadAction\",\"target\":[\"https:\/\/dicodusport.fr\/blog\/athletisme-championnats-deurope-salle-2025-jakob-ingebrigtsen-et-les-francais-convaincants-le-resume-de-la-soiree-du-jeudi-6-mars\/\"]}]},{\"@type\":\"ImageObject\",\"inLanguage\":\"fr-FR\",\"@id\":\"https:\/\/dicodusport.fr\/blog\/athletisme-championnats-deurope-salle-2025-jakob-ingebrigtsen-et-les-francais-convaincants-le-resume-de-la-soiree-du-jeudi-6-mars\/#primaryimage\",\"url\":\"https:\/\/dicodusport.fr\/blog\/wp-content\/uploads\/2025\/03\/Athletisme-Championnats-dEurope-salle-Jakob-Ingebrigtsen-et-les-Francais-convaincants-le-resume-du-jeudi-6-mars.png\",\"contentUrl\":\"https:\/\/dicodusport.fr\/blog\/wp-content\/uploads\/2025\/03\/Athletisme-Championnats-dEurope-salle-Jakob-Ingebrigtsen-et-les-Francais-convaincants-le-resume-du-jeudi-6-mars.png\",\"width\":1200,\"height\":674,\"caption\":\"Athl\u00e9tisme Championnats d'Europe (salle) 2025 Jakob Ingebrigtsen et les Fran\u00e7ais convaincants, le r\u00e9sum\u00e9 de la soir\u00e9e du jeudi 6 mars\"},{\"@type\":\"BreadcrumbList\",\"@id\":\"https:\/\/dicodusport.fr\/blog\/athletisme-championnats-deurope-salle-2025-jakob-ingebrigtsen-et-les-francais-convaincants-le-resume-de-la-soiree-du-jeudi-6-mars\/#breadcrumb\",\"itemListElement\":[{\"@type\":\"ListItem\",\"position\":1,\"name\":\"Accueil\",\"item\":\"https:\/\/dicodusport.fr\/blog\/\"},{\"@type\":\"ListItem\",\"position\":2,\"name\":\"Athl\u00e9tisme Championnats d&rsquo;Europe (salle) 2025 : Jakob Ingebrigtsen et les Fran\u00e7ais convaincants, le r\u00e9sum\u00e9 de la soir\u00e9e du jeudi 6 mars\"}]},{\"@type\":\"WebSite\",\"@id\":\"https:\/\/dicodusport.fr\/blog\/#website\",\"url\":\"https:\/\/dicodusport.fr\/blog\/\",\"name\":\"Dicodusport\",\"description\":\"L&#039;encyclop\u00e9die de l&#039;actualit\u00e9 sportive\",\"publisher\":{\"@id\":\"https:\/\/dicodusport.fr\/blog\/#organization\"},\"potentialAction\":[{\"@type\":\"SearchAction\",\"target\":{\"@type\":\"EntryPoint\",\"urlTemplate\":\"https:\/\/dicodusport.fr\/blog\/?s={search_term_string}\"},\"query-input\":{\"@type\":\"PropertyValueSpecification\",\"valueRequired\":true,\"valueName\":\"search_term_string\"}}],\"inLanguage\":\"fr-FR\"},{\"@type\":\"NewsMediaOrganization\",\"@id\":\"https:\/\/dicodusport.fr\/blog\/#organization\",\"name\":\"Dicodusport\",\"url\":\"https:\/\/dicodusport.fr\/blog\/\",\"logo\":{\"@type\":\"ImageObject\",\"inLanguage\":\"fr-FR\",\"@id\":\"https:\/\/dicodusport.fr\/blog\/#\/schema\/logo\/image\/\",\"url\":\"https:\/\/dicodusport.fr\/blog\/wp-content\/uploads\/2020\/06\/cropped-LOGO-DICODUSPORT-2020-SANS-FOND-SANS-TEXTE.png\",\"contentUrl\":\"https:\/\/dicodusport.fr\/blog\/wp-content\/uploads\/2020\/06\/cropped-LOGO-DICODUSPORT-2020-SANS-FOND-SANS-TEXTE.png\",\"width\":512,\"height\":512,\"caption\":\"Dicodusport\"},\"image\":{\"@id\":\"https:\/\/dicodusport.fr\/blog\/#\/schema\/logo\/image\/\"},\"sameAs\":[\"https:\/\/www.facebook.com\/dicodusport\",\"https:\/\/x.com\/dicodusport\",\"https:\/\/www.instagram.com\/dicodusport\/\",\"https:\/\/www.youtube.com\/channel\/UC7V2KZ5sd3htJivAbA4ZG3w\"],\"description\":\"Dicodusport est l'encyclop\u00e9die de l'actualit\u00e9 sportive.\",\"email\":\"bonjour@dicodusport.fr\",\"legalName\":\"DICODUSPORT\",\"foundingDate\":\"2018-01-14\",\"vatID\":\"FR71834470973\",\"taxID\":\"83447097300043\",\"numberOfEmployees\":{\"@type\":\"QuantitativeValue\",\"minValue\":\"1\",\"maxValue\":\"10\"}},{\"@type\":\"Person\",\"@id\":\"https:\/\/dicodusport.fr\/blog\/#\/schema\/person\/d603dd7da31fb2b46c82b9835a77ec13\",\"name\":\"Etienne Goursaud\",\"image\":{\"@type\":\"ImageObject\",\"inLanguage\":\"fr-FR\",\"@id\":\"https:\/\/dicodusport.fr\/blog\/#\/schema\/person\/image\/\",\"url\":\"https:\/\/dicodusport.fr\/blog\/wp-content\/uploads\/2023\/12\/410122264_10231602061736049_5565839791558026645_n-150x150.jpg\",\"contentUrl\":\"https:\/\/dicodusport.fr\/blog\/wp-content\/uploads\/2023\/12\/410122264_10231602061736049_5565839791558026645_n-150x150.jpg\",\"caption\":\"Etienne Goursaud\"},\"description\":\"Journaliste et amoureux de sport. Ancien footballeur reconverti athl\u00e8te quand ses muscles le laissent tranquille. \u00c9lev\u00e9 \u00e0 la sauce des exploits de Thomas Voeckler en 2004, du dernier essai de l\u00e9gende de Eunice Barber \u00e0 la longueur lors des championnats du monde d'athl\u00e9tisme de 2003 mais aussi Zidane, Omeyer et Titou Lamaison.\",\"url\":\"https:\/\/dicodusport.fr\/blog\/author\/etienne-goursaud\/\"}]}<\/script>\n<!-- \/ Yoast SEO Premium plugin. -->","yoast_head_json":{"title":"Athl\u00e9tisme Championnats d'Europe (salle) 2025 : Jakob Ingebrigtsen et les Fran\u00e7ais convaincants, le r\u00e9sum\u00e9 de la soir\u00e9e du jeudi 6 mars","description":"CHAMPIONNATS D'EUROPE D'ATHL\u00c9TISME EN SALLE 2025 - Les Fran\u00e7ais sont bien rentr\u00e9s dans la comp\u00e9tition, avec bon nombre de qualifications.","robots":{"index":"index","follow":"follow","max-snippet":"max-snippet:-1","max-image-preview":"max-image-preview:large","max-video-preview":"max-video-preview:-1"},"canonical":"https:\/\/dicodusport.fr\/blog\/athletisme-championnats-deurope-salle-2025-jakob-ingebrigtsen-et-les-francais-convaincants-le-resume-de-la-soiree-du-jeudi-6-mars\/","og_locale":"fr_FR","og_type":"article","og_title":"Athl\u00e9tisme Championnats d'Europe (salle) 2025 : Jakob Ingebrigtsen et les Fran\u00e7ais convaincants, le r\u00e9sum\u00e9 de la soir\u00e9e du jeudi 6 mars","og_description":"CHAMPIONNATS D'EUROPE D'ATHL\u00c9TISME EN SALLE 2025 - Les Fran\u00e7ais sont bien rentr\u00e9s dans la comp\u00e9tition, avec bon nombre de qualifications.","og_url":"https:\/\/dicodusport.fr\/blog\/athletisme-championnats-deurope-salle-2025-jakob-ingebrigtsen-et-les-francais-convaincants-le-resume-de-la-soiree-du-jeudi-6-mars\/","og_site_name":"Dicodusport","article_publisher":"https:\/\/www.facebook.com\/dicodusport","article_published_time":"2025-03-06T20:58:04+00:00","article_modified_time":"2025-03-07T18:27:18+00:00","og_image":[{"width":1200,"height":674,"url":"https:\/\/dicodusport.fr\/blog\/wp-content\/uploads\/2025\/03\/Athletisme-Championnats-dEurope-salle-Jakob-Ingebrigtsen-et-les-Francais-convaincants-le-resume-du-jeudi-6-mars.png","type":"image\/png"}],"author":"Etienne Goursaud","twitter_card":"summary_large_image","twitter_title":"Athl\u00e9tisme Championnats d'Europe (salle) 2025 : Jakob Ingebrigtsen et les Fran\u00e7ais convaincants, le r\u00e9sum\u00e9 de la soir\u00e9e du jeudi 6 mars","twitter_creator":"@dicodusport","twitter_site":"@dicodusport","schema":{"@context":"https:\/\/schema.org","@graph":[{"@type":"NewsArticle","@id":"https:\/\/dicodusport.fr\/blog\/athletisme-championnats-deurope-salle-2025-jakob-ingebrigtsen-et-les-francais-convaincants-le-resume-de-la-soiree-du-jeudi-6-mars\/#article","isPartOf":{"@id":"https:\/\/dicodusport.fr\/blog\/athletisme-championnats-deurope-salle-2025-jakob-ingebrigtsen-et-les-francais-convaincants-le-resume-de-la-soiree-du-jeudi-6-mars\/"},"author":{"name":"Etienne Goursaud","@id":"https:\/\/dicodusport.fr\/blog\/#\/schema\/person\/d603dd7da31fb2b46c82b9835a77ec13"},"headline":"Athl\u00e9tisme Championnats d&rsquo;Europe (salle) 2025 : Jakob Ingebrigtsen et les Fran\u00e7ais convaincants, le r\u00e9sum\u00e9 de la soir\u00e9e du jeudi 6 mars","datePublished":"2025-03-06T20:58:04+00:00","dateModified":"2025-03-07T18:27:18+00:00","mainEntityOfPage":{"@id":"https:\/\/dicodusport.fr\/blog\/athletisme-championnats-deurope-salle-2025-jakob-ingebrigtsen-et-les-francais-convaincants-le-resume-de-la-soiree-du-jeudi-6-mars\/"},"wordCount":1434,"commentCount":0,"publisher":{"@id":"https:\/\/dicodusport.fr\/blog\/#organization"},"image":{"@id":"https:\/\/dicodusport.fr\/blog\/athletisme-championnats-deurope-salle-2025-jakob-ingebrigtsen-et-les-francais-convaincants-le-resume-de-la-soiree-du-jeudi-6-mars\/#primaryimage"},"thumbnailUrl":"https:\/\/dicodusport.fr\/blog\/wp-content\/uploads\/2025\/03\/Athletisme-Championnats-dEurope-salle-Jakob-Ingebrigtsen-et-les-Francais-convaincants-le-resume-du-jeudi-6-mars.png","keywords":["actu","Apeldoorn","Athl\u00e9tisme","Athl\u00e9tisme fran\u00e7ais","br\u00e8ve","\u00e9quipe de France d'athl\u00e9tisme"],"articleSection":["Athl\u00e9tisme"],"inLanguage":"fr-FR","potentialAction":[{"@type":"CommentAction","name":"Comment","target":["https:\/\/dicodusport.fr\/blog\/athletisme-championnats-deurope-salle-2025-jakob-ingebrigtsen-et-les-francais-convaincants-le-resume-de-la-soiree-du-jeudi-6-mars\/#respond"]}],"copyrightYear":"2025","copyrightHolder":{"@id":"https:\/\/dicodusport.fr\/blog\/#organization"}},{"@type":"WebPage","@id":"https:\/\/dicodusport.fr\/blog\/athletisme-championnats-deurope-salle-2025-jakob-ingebrigtsen-et-les-francais-convaincants-le-resume-de-la-soiree-du-jeudi-6-mars\/","url":"https:\/\/dicodusport.fr\/blog\/athletisme-championnats-deurope-salle-2025-jakob-ingebrigtsen-et-les-francais-convaincants-le-resume-de-la-soiree-du-jeudi-6-mars\/","name":"Athl\u00e9tisme Championnats d'Europe (salle) 2025 : Jakob Ingebrigtsen et les Fran\u00e7ais convaincants, le r\u00e9sum\u00e9 de la soir\u00e9e du jeudi 6 mars","isPartOf":{"@id":"https:\/\/dicodusport.fr\/blog\/#website"},"primaryImageOfPage":{"@id":"https:\/\/dicodusport.fr\/blog\/athletisme-championnats-deurope-salle-2025-jakob-ingebrigtsen-et-les-francais-convaincants-le-resume-de-la-soiree-du-jeudi-6-mars\/#primaryimage"},"image":{"@id":"https:\/\/dicodusport.fr\/blog\/athletisme-championnats-deurope-salle-2025-jakob-ingebrigtsen-et-les-francais-convaincants-le-resume-de-la-soiree-du-jeudi-6-mars\/#primaryimage"},"thumbnailUrl":"https:\/\/dicodusport.fr\/blog\/wp-content\/uploads\/2025\/03\/Athletisme-Championnats-dEurope-salle-Jakob-Ingebrigtsen-et-les-Francais-convaincants-le-resume-du-jeudi-6-mars.png","datePublished":"2025-03-06T20:58:04+00:00","dateModified":"2025-03-07T18:27:18+00:00","description":"CHAMPIONNATS D'EUROPE D'ATHL\u00c9TISME EN SALLE 2025 - Les Fran\u00e7ais sont bien rentr\u00e9s dans la comp\u00e9tition, avec bon nombre de qualifications.","breadcrumb":{"@id":"https:\/\/dicodusport.fr\/blog\/athletisme-championnats-deurope-salle-2025-jakob-ingebrigtsen-et-les-francais-convaincants-le-resume-de-la-soiree-du-jeudi-6-mars\/#breadcrumb"},"inLanguage":"fr-FR","potentialAction":[{"@type":"ReadAction","target":["https:\/\/dicodusport.fr\/blog\/athletisme-championnats-deurope-salle-2025-jakob-ingebrigtsen-et-les-francais-convaincants-le-resume-de-la-soiree-du-jeudi-6-mars\/"]}]},{"@type":"ImageObject","inLanguage":"fr-FR","@id":"https:\/\/dicodusport.fr\/blog\/athletisme-championnats-deurope-salle-2025-jakob-ingebrigtsen-et-les-francais-convaincants-le-resume-de-la-soiree-du-jeudi-6-mars\/#primaryimage","url":"https:\/\/dicodusport.fr\/blog\/wp-content\/uploads\/2025\/03\/Athletisme-Championnats-dEurope-salle-Jakob-Ingebrigtsen-et-les-Francais-convaincants-le-resume-du-jeudi-6-mars.png","contentUrl":"https:\/\/dicodusport.fr\/blog\/wp-content\/uploads\/2025\/03\/Athletisme-Championnats-dEurope-salle-Jakob-Ingebrigtsen-et-les-Francais-convaincants-le-resume-du-jeudi-6-mars.png","width":1200,"height":674,"caption":"Athl\u00e9tisme Championnats d'Europe (salle) 2025 Jakob Ingebrigtsen et les Fran\u00e7ais convaincants, le r\u00e9sum\u00e9 de la soir\u00e9e du jeudi 6 mars"},{"@type":"BreadcrumbList","@id":"https:\/\/dicodusport.fr\/blog\/athletisme-championnats-deurope-salle-2025-jakob-ingebrigtsen-et-les-francais-convaincants-le-resume-de-la-soiree-du-jeudi-6-mars\/#breadcrumb","itemListElement":[{"@type":"ListItem","position":1,"name":"Accueil","item":"https:\/\/dicodusport.fr\/blog\/"},{"@type":"ListItem","position":2,"name":"Athl\u00e9tisme Championnats d&rsquo;Europe (salle) 2025 : Jakob Ingebrigtsen et les Fran\u00e7ais convaincants, le r\u00e9sum\u00e9 de la soir\u00e9e du jeudi 6 mars"}]},{"@type":"WebSite","@id":"https:\/\/dicodusport.fr\/blog\/#website","url":"https:\/\/dicodusport.fr\/blog\/","name":"Dicodusport","description":"L&#039;encyclop\u00e9die de l&#039;actualit\u00e9 sportive","publisher":{"@id":"https:\/\/dicodusport.fr\/blog\/#organization"},"potentialAction":[{"@type":"SearchAction","target":{"@type":"EntryPoint","urlTemplate":"https:\/\/dicodusport.fr\/blog\/?s={search_term_string}"},"query-input":{"@type":"PropertyValueSpecification","valueRequired":true,"valueName":"search_term_string"}}],"inLanguage":"fr-FR"},{"@type":"NewsMediaOrganization","@id":"https:\/\/dicodusport.fr\/blog\/#organization","name":"Dicodusport","url":"https:\/\/dicodusport.fr\/blog\/","logo":{"@type":"ImageObject","inLanguage":"fr-FR","@id":"https:\/\/dicodusport.fr\/blog\/#\/schema\/logo\/image\/","url":"https:\/\/dicodusport.fr\/blog\/wp-content\/uploads\/2020\/06\/cropped-LOGO-DICODUSPORT-2020-SANS-FOND-SANS-TEXTE.png","contentUrl":"https:\/\/dicodusport.fr\/blog\/wp-content\/uploads\/2020\/06\/cropped-LOGO-DICODUSPORT-2020-SANS-FOND-SANS-TEXTE.png","width":512,"height":512,"caption":"Dicodusport"},"image":{"@id":"https:\/\/dicodusport.fr\/blog\/#\/schema\/logo\/image\/"},"sameAs":["https:\/\/www.facebook.com\/dicodusport","https:\/\/x.com\/dicodusport","https:\/\/www.instagram.com\/dicodusport\/","https:\/\/www.youtube.com\/channel\/UC7V2KZ5sd3htJivAbA4ZG3w"],"description":"Dicodusport est l'encyclop\u00e9die de l'actualit\u00e9 sportive.","email":"bonjour@dicodusport.fr","legalName":"DICODUSPORT","foundingDate":"2018-01-14","vatID":"FR71834470973","taxID":"83447097300043","numberOfEmployees":{"@type":"QuantitativeValue","minValue":"1","maxValue":"10"}},{"@type":"Person","@id":"https:\/\/dicodusport.fr\/blog\/#\/schema\/person\/d603dd7da31fb2b46c82b9835a77ec13","name":"Etienne Goursaud","image":{"@type":"ImageObject","inLanguage":"fr-FR","@id":"https:\/\/dicodusport.fr\/blog\/#\/schema\/person\/image\/","url":"https:\/\/dicodusport.fr\/blog\/wp-content\/uploads\/2023\/12\/410122264_10231602061736049_5565839791558026645_n-150x150.jpg","contentUrl":"https:\/\/dicodusport.fr\/blog\/wp-content\/uploads\/2023\/12\/410122264_10231602061736049_5565839791558026645_n-150x150.jpg","caption":"Etienne Goursaud"},"description":"Journaliste et amoureux de sport. Ancien footballeur reconverti athl\u00e8te quand ses muscles le laissent tranquille. \u00c9lev\u00e9 \u00e0 la sauce des exploits de Thomas Voeckler en 2004, du dernier essai de l\u00e9gende de Eunice Barber \u00e0 la longueur lors des championnats du monde d'athl\u00e9tisme de 2003 mais aussi Zidane, Omeyer et Titou Lamaison.","url":"https:\/\/dicodusport.fr\/blog\/author\/etienne-goursaud\/"}]}},"_links":{"self":[{"href":"https:\/\/dicodusport.fr\/blog\/wp-json\/wp\/v2\/posts\/561644","targetHints":{"allow":["GET"]}}],"collection":[{"href":"https:\/\/dicodusport.fr\/blog\/wp-json\/wp\/v2\/posts"}],"about":[{"href":"https:\/\/dicodusport.fr\/blog\/wp-json\/wp\/v2\/types\/post"}],"author":[{"embeddable":true,"href":"https:\/\/dicodusport.fr\/blog\/wp-json\/wp\/v2\/users\/83"}],"replies":[{"embeddable":true,"href":"https:\/\/dicodusport.fr\/blog\/wp-json\/wp\/v2\/comments?post=561644"}],"version-history":[{"count":5,"href":"https:\/\/dicodusport.fr\/blog\/wp-json\/wp\/v2\/posts\/561644\/revisions"}],"predecessor-version":[{"id":561998,"href":"https:\/\/dicodusport.fr\/blog\/wp-json\/wp\/v2\/posts\/561644\/revisions\/561998"}],"wp:featuredmedia":[{"embeddable":true,"href":"https:\/\/dicodusport.fr\/blog\/wp-json\/wp\/v2\/media\/561755"}],"wp:attachment":[{"href":"https:\/\/dicodusport.fr\/blog\/wp-json\/wp\/v2\/media?parent=561644"}],"wp:term":[{"taxonomy":"category","embeddable":true,"href":"https:\/\/dicodusport.fr\/blog\/wp-json\/wp\/v2\/categories?post=561644"},{"taxonomy":"post_tag","embeddable":true,"href":"https:\/\/dicodusport.fr\/blog\/wp-json\/wp\/v2\/tags?post=561644"}],"curies":[{"name":"wp","href":"https:\/\/api.w.org\/{rel}","templated":true}]}}