{"id":561666,"date":"2025-03-06T19:41:39","date_gmt":"2025-03-06T18:41:39","guid":{"rendered":"https:\/\/dicodusport.fr\/blog\/?p=561666&#038;preview=true&#038;preview_id=561666"},"modified":"2025-03-06T19:41:39","modified_gmt":"2025-03-06T18:41:39","slug":"transferts-rugby-karim-ghezal-masivesi-dakuwaqa-cyriac-guilly-les-infos-transferts-du-jeudi-6-mars","status":"publish","type":"post","link":"https:\/\/dicodusport.fr\/blog\/transferts-rugby-karim-ghezal-masivesi-dakuwaqa-cyriac-guilly-les-infos-transferts-du-jeudi-6-mars\/","title":{"rendered":"Transferts Rugby : Karim Ghezal, Masivesi Dakuwaqa, Cyriac Guilly, les infos transferts du jeudi 6 mars"},"content":{"rendered":"<h4 style=\"text-align: justify;\" align=\"justify\"><em>TRANSFERTS RUGBY &#8211; Avenir bient\u00f4t scell\u00e9 pour Karim Ghezal (LOU), Masivesi Dakuwaqa va rebondir en Nationale 1, l&rsquo;ancien Clermontois Cyriac Guilly signe en Pro D2 : les infos transferts du jeudi 6 mars.\u00a0<\/em><\/h4>\n<h2 style=\"text-align: justify;\">LOU : Karim Ghezal devrait rempiler<\/h2>\n<p style=\"text-align: justify;\"><a href=\"https:\/\/dicodusport.fr\/blog\/stade-francais-karim-ghezal-ecarte\/\">Vir\u00e9 du Stade Fran\u00e7ais<\/a>, <strong>Karim Ghezal<\/strong> a depuis trois mois repris du service, devenant la figure du redressement du <a href=\"https:\/\/dicodusport.fr\/blog\/transferts-karim-ghezal-va-deja-reprendre-du-service-en-top-14\/\">LOU Rugby<\/a>. Avec r\u00e9ussite. En effet, avant l&rsquo;arriv\u00e9e de <strong>Karim Ghezal<\/strong> dans le Rh\u00f4ne, les Lyonnais pointaient au 13\u00e8me rang du classement. Depuis, Lyon est remont\u00e9 au 6\u00e8me rang, en position de barragiste en phase finale.<\/p>\n<p style=\"text-align: justify;\">Ainsi, selon le <em>Midi Olympique<\/em>, un accord aurait \u00e9t\u00e9 trouv\u00e9 entre le technicien et le board rhodanien pour une prolongation de deux ou trois saisons. Sollicit\u00e9 par plusieurs \u00e9curies de Top 14 et Pro D2, l&rsquo;ancien membre du staff des Bleus souhaite s&rsquo;installer sur le long-terme \u00e0 Lyon. Arriv\u00e9, lui aussi, <a href=\"https:\/\/dicodusport.fr\/blog\/transferts-racing-92-camille-chat-licencie\/\">en cours de saison en provenance du Racing 92, <\/a>le talonneur <strong>Camille Chat <\/strong>pourrait lui aussi continuer avec la Meute lyonnaise. Double bonne nouvelle en vue donc pour le <strong>LOU<\/strong>.<\/p>\n<p style=\"text-align: justify;\"><em><strong>L&rsquo;avis de Dicodusport<\/strong> <strong>: <\/strong>Bonne nouvelle pour le LOU, \u00e0 la recherche de stabilit\u00e9, et qui semble avoir trouv\u00e9 la bonne carburation.<\/em><\/p>\n<ul style=\"text-align: justify;\">\n<li style=\"text-align: justify;\"><strong>\u00c0 ce sujet &#8211;\u00a0<a href=\"https:\/\/dicodusport.fr\/blog\/transferts-le-lou-a-tranche-pour-lavenir-de-karim-ghezal\/\">Transferts : Le LOU a tranch\u00e9 pour l\u2019avenir de Karim Ghezal<\/a><\/strong><\/li>\n<\/ul>\n<h2 style=\"text-align: justify;\">P\u00e9rigueux : Masivesi Dakuwaqa s&rsquo;engage<\/h2>\n<p style=\"text-align: justify;\">Pour rappel, il y a quelques semaines, <strong>Masivesi Dakuwaqa<\/strong> (31 ans) a \u00e9t\u00e9 licenci\u00e9 par le <strong>Biarritz Olympique<\/strong>, apr\u00e8s avoir agress\u00e9 son co\u00e9quipier <strong>Pierre Pag\u00e8s<\/strong> dans un bar. Le troisi\u00e8me ligne aile fidjien a ainsi mordu le demi de m\u00eal\u00e9e de 34 ans. Cons\u00e9quence, les dirigeants du BO avaient \u00e9t\u00e9 contraints et forc\u00e9s de se s\u00e9parer de leur joueur. Libre de tout en engagement, <strong>P\u00e9rigueux<\/strong>, actuellement septi\u00e8me de Nationale 1, a d\u00e9cid\u00e9 de relancer le Fidjien jusqu&rsquo;\u00e0 la fin de saison.<\/p>\n<p style=\"text-align: justify;\">En effet, <strong>Francis Roux<\/strong>, pr\u00e9sident du club p\u00e9rigourdin, a annonc\u00e9 l&rsquo;arriv\u00e9e de l&rsquo;avant fidjien. Sur les ondes de <em>Ici Pays Basque<\/em>, il a justifi\u00e9 ce recrutement. <em>\u00ab Le club souhaite donner une deuxi\u00e8me chance au joueur en lui remettant le pied \u00e0 l\u2019\u00e9trier \u00bb<\/em>, a-t-il indiqu\u00e9. L\u2019ancien joueur de Toulon et de Montpellier va donc devoir ses preuves, tant sur les terrains qu&rsquo;en dehors.<\/p>\n<p style=\"text-align: justify;\"><em><strong>L&rsquo;avis de Dicodusport<\/strong> <strong>: <\/strong>Une deuxi\u00e8me chance pour Dakuwaqa, qui va devoir convaincre sur le terrain et en dehors, avant de retrouver l&rsquo;une des deux premi\u00e8res divisions \u00e0 l&rsquo;\u00e9t\u00e9 prochain ? La balle est dans son camp.<\/em><\/p>\n<ul style=\"text-align: justify;\">\n<li style=\"text-align: justify;\"><strong>\u00c0 ce sujet &#8211;\u00a0<a href=\"https:\/\/dicodusport.fr\/blog\/transferts-licencie-par-biarritz-masivesi-dakuwaqa-a-trouve-un-nouveau-club\/\">Transferts : Licenci\u00e9 par Biarritz, Masivesi Dakuwaqa a trouv\u00e9 un nouveau club<\/a><\/strong><\/li>\n<\/ul>\n<h2 style=\"text-align: justify;\">Oyonnax : Cyriac Guilly (Tyrosse) signe<\/h2>\n<p style=\"text-align: justify;\">Seulement douzi\u00e8me de <strong>Pro D2<\/strong>, <strong>Oyonnax<\/strong> est la lutte pour le maintien. Une situation \u00e0 laquelle personne ne s&rsquo;attendait dans l&rsquo;Ain en d\u00e9but de saison. Malgr\u00e9 le mauvais classement de l&rsquo;<strong>USO<\/strong>, cette derni\u00e8re a act\u00e9 l&rsquo;arriv\u00e9e du Ni\u00e7ois <strong>Paul Auradou<\/strong> en vue de la saison prochaine. Les Aindinois sont ainsi que le point d&rsquo;ent\u00e9riner une deuxi\u00e8me recrue.<\/p>\n<p style=\"text-align: justify;\">En effet, selon le <em>Midi Olympique<\/em>, <strong>Oyonnax<\/strong> se serait attach\u00e9 les services de <strong>Cyriac Guilly<\/strong> (21 ans). Capable d\u2019\u00e9voluer en deuxi\u00e8me et troisi\u00e8me ligne, il s&rsquo;est fait conna\u00eetre en jouant \u00e0 <strong>Clermont<\/strong>, entre 2021 et 2024. Non conserv\u00e9 l\u2019\u00e9t\u00e9 dernier par <strong>Christophe Urios<\/strong>, il a finalement rebondi en F\u00e9d\u00e9rale 1 avec son club formateur, <strong>Tyrosse<\/strong>. Repass\u00e9 par le monde amateur, l&rsquo;ancien international U20 va donc revenir dans le rugby professionnel.<\/p>\n<p style=\"text-align: justify;\"><em><strong>L&rsquo;avis de Dicodusport<\/strong> <strong>: <\/strong>Une nouvelle chance dans le monde professionnel pour Cyriac Guilly, qui cr\u00e8ve l&rsquo;\u00e9cran en F\u00e9d\u00e9rale 1 ! Une belle histoire pour un joueur au parcours atypique.<\/em><\/p>\n<ul style=\"text-align: justify;\">\n<li style=\"text-align: justify;\"><strong>\u00c0 ce sujet &#8211;\u00a0<a href=\"https:\/\/dicodusport.fr\/blog\/transferts-lancien-clermontois-cyriac-guilly-signe-en-pro-d2\/\">Transferts : L\u2019ancien Clermontois Cyriac Guilly signe en Pro D2<\/a><\/strong><\/li>\n<\/ul>\n","protected":false},"excerpt":{"rendered":"<p>Karim Ghezal, Masivesi Dakuwaqa, Cyriac Guilly, les infos transferts du jeudi 6 mars<\/p>\n","protected":false},"author":4,"featured_media":561695,"comment_status":"open","ping_status":"closed","sticky":false,"template":"","format":"standard","meta":{"_acf_changed":false,"_daextam_enable_autolinks":"1","footnotes":""},"categories":[9129,47050],"tags":[32415,16878,28226,13,110,29105],"class_list":["post-561666","post","type-post","status-publish","format-standard","has-post-thumbnail","hentry","category-rugby-a-xv","category-top-14","tag-actu","tag-breve","tag-mercato-rugby","tag-rugby","tag-rugby-a-xv","tag-transferts-rugby"],"acf":[],"yoast_head":"<!-- This site is optimized with the Yoast SEO Premium plugin v26.7 (Yoast SEO v26.7) - https:\/\/yoast.com\/wordpress\/plugins\/seo\/ -->\n<title>Transferts Rugby : Karim Ghezal, Masivesi Dakuwaqa, Cyriac Guilly, les infos transferts du jeudi 6 mars<\/title>\n<meta name=\"description\" content=\"TRANSFERTS RUGBY - Avenir bient\u00f4t scell\u00e9 pour Karim Ghezal (LOU), Masivesi Dakuwaqa va rebondir en Nationale 1, l&#039;ancien Clermontois Cyriac Guilly signe en Pro D2 : les infos transferts du jeudi 6 mars.\u00a0\" \/>\n<meta name=\"robots\" content=\"index, follow, max-snippet:-1, max-image-preview:large, max-video-preview:-1\" \/>\n<link rel=\"canonical\" href=\"https:\/\/dicodusport.fr\/blog\/transferts-rugby-karim-ghezal-masivesi-dakuwaqa-cyriac-guilly-les-infos-transferts-du-jeudi-6-mars\/\" \/>\n<meta property=\"og:locale\" content=\"fr_FR\" \/>\n<meta property=\"og:type\" content=\"article\" \/>\n<meta property=\"og:title\" content=\"Transferts Rugby : Karim Ghezal, Masivesi Dakuwaqa, Cyriac Guilly, les infos transferts du jeudi 6 mars\" \/>\n<meta property=\"og:description\" content=\"TRANSFERTS RUGBY - Avenir bient\u00f4t scell\u00e9 pour Karim Ghezal (LOU), Masivesi Dakuwaqa va rebondir en Nationale 1, l&#039;ancien Clermontois Cyriac Guilly signe en Pro D2 : les infos transferts du jeudi 6 mars.\u00a0\" \/>\n<meta property=\"og:url\" content=\"https:\/\/dicodusport.fr\/blog\/transferts-rugby-karim-ghezal-masivesi-dakuwaqa-cyriac-guilly-les-infos-transferts-du-jeudi-6-mars\/\" \/>\n<meta property=\"og:site_name\" content=\"Dicodusport\" \/>\n<meta property=\"article:publisher\" content=\"https:\/\/www.facebook.com\/dicodusport\" \/>\n<meta property=\"article:author\" content=\"https:\/\/www.facebook.com\/florent.ostermann\" \/>\n<meta property=\"article:published_time\" content=\"2025-03-06T18:41:39+00:00\" \/>\n<meta property=\"og:image\" content=\"https:\/\/dicodusport.fr\/blog\/wp-content\/uploads\/2025\/03\/Transferts-Rugby-Karim-Ghezal-Masivesi-Dakuwaqa-Cyriac-Guilly-les-infos-transferts-du-jeudi-6-mars.png\" \/>\n\t<meta property=\"og:image:width\" content=\"1200\" \/>\n\t<meta property=\"og:image:height\" content=\"674\" \/>\n\t<meta property=\"og:image:type\" content=\"image\/png\" \/>\n<meta name=\"author\" content=\"Flo Ostermann\" \/>\n<meta name=\"twitter:card\" content=\"summary_large_image\" \/>\n<meta name=\"twitter:title\" content=\"Transferts Rugby : Karim Ghezal, Masivesi Dakuwaqa, Cyriac Guilly, les infos transferts du jeudi 6 mars\" \/>\n<meta name=\"twitter:creator\" content=\"@https:\/\/twitter.com\/FlOstermann\" \/>\n<meta name=\"twitter:site\" content=\"@dicodusport\" \/>\n<script type=\"application\/ld+json\" class=\"yoast-schema-graph\">{\"@context\":\"https:\/\/schema.org\",\"@graph\":[{\"@type\":\"NewsArticle\",\"@id\":\"https:\/\/dicodusport.fr\/blog\/transferts-rugby-karim-ghezal-masivesi-dakuwaqa-cyriac-guilly-les-infos-transferts-du-jeudi-6-mars\/#article\",\"isPartOf\":{\"@id\":\"https:\/\/dicodusport.fr\/blog\/transferts-rugby-karim-ghezal-masivesi-dakuwaqa-cyriac-guilly-les-infos-transferts-du-jeudi-6-mars\/\"},\"author\":{\"name\":\"Flo Ostermann\",\"@id\":\"https:\/\/dicodusport.fr\/blog\/#\/schema\/person\/cb02af4c173ce4a653b55e9baf388d4a\"},\"headline\":\"Transferts Rugby : Karim Ghezal, Masivesi Dakuwaqa, Cyriac Guilly, les infos transferts du jeudi 6 mars\",\"datePublished\":\"2025-03-06T18:41:39+00:00\",\"mainEntityOfPage\":{\"@id\":\"https:\/\/dicodusport.fr\/blog\/transferts-rugby-karim-ghezal-masivesi-dakuwaqa-cyriac-guilly-les-infos-transferts-du-jeudi-6-mars\/\"},\"wordCount\":637,\"commentCount\":0,\"publisher\":{\"@id\":\"https:\/\/dicodusport.fr\/blog\/#organization\"},\"image\":{\"@id\":\"https:\/\/dicodusport.fr\/blog\/transferts-rugby-karim-ghezal-masivesi-dakuwaqa-cyriac-guilly-les-infos-transferts-du-jeudi-6-mars\/#primaryimage\"},\"thumbnailUrl\":\"https:\/\/dicodusport.fr\/blog\/wp-content\/uploads\/2025\/03\/Transferts-Rugby-Karim-Ghezal-Masivesi-Dakuwaqa-Cyriac-Guilly-les-infos-transferts-du-jeudi-6-mars.png\",\"keywords\":[\"actu\",\"br\u00e8ve\",\"Mercato Rugby\",\"Rugby\",\"Rugby \u00e0 XV\",\"Transferts rugby\"],\"articleSection\":[\"Rugby \u00e0 XV\",\"Top 14\"],\"inLanguage\":\"fr-FR\",\"potentialAction\":[{\"@type\":\"CommentAction\",\"name\":\"Comment\",\"target\":[\"https:\/\/dicodusport.fr\/blog\/transferts-rugby-karim-ghezal-masivesi-dakuwaqa-cyriac-guilly-les-infos-transferts-du-jeudi-6-mars\/#respond\"]}],\"copyrightYear\":\"2025\",\"copyrightHolder\":{\"@id\":\"https:\/\/dicodusport.fr\/blog\/#organization\"}},{\"@type\":\"WebPage\",\"@id\":\"https:\/\/dicodusport.fr\/blog\/transferts-rugby-karim-ghezal-masivesi-dakuwaqa-cyriac-guilly-les-infos-transferts-du-jeudi-6-mars\/\",\"url\":\"https:\/\/dicodusport.fr\/blog\/transferts-rugby-karim-ghezal-masivesi-dakuwaqa-cyriac-guilly-les-infos-transferts-du-jeudi-6-mars\/\",\"name\":\"Transferts Rugby : Karim Ghezal, Masivesi Dakuwaqa, Cyriac Guilly, les infos transferts du jeudi 6 mars\",\"isPartOf\":{\"@id\":\"https:\/\/dicodusport.fr\/blog\/#website\"},\"primaryImageOfPage\":{\"@id\":\"https:\/\/dicodusport.fr\/blog\/transferts-rugby-karim-ghezal-masivesi-dakuwaqa-cyriac-guilly-les-infos-transferts-du-jeudi-6-mars\/#primaryimage\"},\"image\":{\"@id\":\"https:\/\/dicodusport.fr\/blog\/transferts-rugby-karim-ghezal-masivesi-dakuwaqa-cyriac-guilly-les-infos-transferts-du-jeudi-6-mars\/#primaryimage\"},\"thumbnailUrl\":\"https:\/\/dicodusport.fr\/blog\/wp-content\/uploads\/2025\/03\/Transferts-Rugby-Karim-Ghezal-Masivesi-Dakuwaqa-Cyriac-Guilly-les-infos-transferts-du-jeudi-6-mars.png\",\"datePublished\":\"2025-03-06T18:41:39+00:00\",\"description\":\"TRANSFERTS RUGBY - Avenir bient\u00f4t scell\u00e9 pour Karim Ghezal (LOU), Masivesi Dakuwaqa va rebondir en Nationale 1, l'ancien Clermontois Cyriac Guilly signe en Pro D2 : les infos transferts du jeudi 6 mars.\u00a0\",\"breadcrumb\":{\"@id\":\"https:\/\/dicodusport.fr\/blog\/transferts-rugby-karim-ghezal-masivesi-dakuwaqa-cyriac-guilly-les-infos-transferts-du-jeudi-6-mars\/#breadcrumb\"},\"inLanguage\":\"fr-FR\",\"potentialAction\":[{\"@type\":\"ReadAction\",\"target\":[\"https:\/\/dicodusport.fr\/blog\/transferts-rugby-karim-ghezal-masivesi-dakuwaqa-cyriac-guilly-les-infos-transferts-du-jeudi-6-mars\/\"]}]},{\"@type\":\"ImageObject\",\"inLanguage\":\"fr-FR\",\"@id\":\"https:\/\/dicodusport.fr\/blog\/transferts-rugby-karim-ghezal-masivesi-dakuwaqa-cyriac-guilly-les-infos-transferts-du-jeudi-6-mars\/#primaryimage\",\"url\":\"https:\/\/dicodusport.fr\/blog\/wp-content\/uploads\/2025\/03\/Transferts-Rugby-Karim-Ghezal-Masivesi-Dakuwaqa-Cyriac-Guilly-les-infos-transferts-du-jeudi-6-mars.png\",\"contentUrl\":\"https:\/\/dicodusport.fr\/blog\/wp-content\/uploads\/2025\/03\/Transferts-Rugby-Karim-Ghezal-Masivesi-Dakuwaqa-Cyriac-Guilly-les-infos-transferts-du-jeudi-6-mars.png\",\"width\":1200,\"height\":674,\"caption\":\"Transferts Rugby Karim Ghezal, Masivesi Dakuwaqa, Cyriac Guilly, les infos transferts du jeudi 6 mars\"},{\"@type\":\"BreadcrumbList\",\"@id\":\"https:\/\/dicodusport.fr\/blog\/transferts-rugby-karim-ghezal-masivesi-dakuwaqa-cyriac-guilly-les-infos-transferts-du-jeudi-6-mars\/#breadcrumb\",\"itemListElement\":[{\"@type\":\"ListItem\",\"position\":1,\"name\":\"Accueil\",\"item\":\"https:\/\/dicodusport.fr\/blog\/\"},{\"@type\":\"ListItem\",\"position\":2,\"name\":\"Transferts Rugby : Karim Ghezal, Masivesi Dakuwaqa, Cyriac Guilly, les infos transferts du jeudi 6 mars\"}]},{\"@type\":\"WebSite\",\"@id\":\"https:\/\/dicodusport.fr\/blog\/#website\",\"url\":\"https:\/\/dicodusport.fr\/blog\/\",\"name\":\"Dicodusport\",\"description\":\"L&#039;encyclop\u00e9die de l&#039;actualit\u00e9 sportive\",\"publisher\":{\"@id\":\"https:\/\/dicodusport.fr\/blog\/#organization\"},\"potentialAction\":[{\"@type\":\"SearchAction\",\"target\":{\"@type\":\"EntryPoint\",\"urlTemplate\":\"https:\/\/dicodusport.fr\/blog\/?s={search_term_string}\"},\"query-input\":{\"@type\":\"PropertyValueSpecification\",\"valueRequired\":true,\"valueName\":\"search_term_string\"}}],\"inLanguage\":\"fr-FR\"},{\"@type\":\"NewsMediaOrganization\",\"@id\":\"https:\/\/dicodusport.fr\/blog\/#organization\",\"name\":\"Dicodusport\",\"url\":\"https:\/\/dicodusport.fr\/blog\/\",\"logo\":{\"@type\":\"ImageObject\",\"inLanguage\":\"fr-FR\",\"@id\":\"https:\/\/dicodusport.fr\/blog\/#\/schema\/logo\/image\/\",\"url\":\"https:\/\/dicodusport.fr\/blog\/wp-content\/uploads\/2020\/06\/cropped-LOGO-DICODUSPORT-2020-SANS-FOND-SANS-TEXTE.png\",\"contentUrl\":\"https:\/\/dicodusport.fr\/blog\/wp-content\/uploads\/2020\/06\/cropped-LOGO-DICODUSPORT-2020-SANS-FOND-SANS-TEXTE.png\",\"width\":512,\"height\":512,\"caption\":\"Dicodusport\"},\"image\":{\"@id\":\"https:\/\/dicodusport.fr\/blog\/#\/schema\/logo\/image\/\"},\"sameAs\":[\"https:\/\/www.facebook.com\/dicodusport\",\"https:\/\/x.com\/dicodusport\",\"https:\/\/www.instagram.com\/dicodusport\/\",\"https:\/\/www.youtube.com\/channel\/UC7V2KZ5sd3htJivAbA4ZG3w\"],\"description\":\"Dicodusport est l'encyclop\u00e9die de l'actualit\u00e9 sportive.\",\"email\":\"bonjour@dicodusport.fr\",\"legalName\":\"DICODUSPORT\",\"foundingDate\":\"2018-01-14\",\"vatID\":\"FR71834470973\",\"taxID\":\"83447097300043\",\"numberOfEmployees\":{\"@type\":\"QuantitativeValue\",\"minValue\":\"1\",\"maxValue\":\"10\"}},{\"@type\":\"Person\",\"@id\":\"https:\/\/dicodusport.fr\/blog\/#\/schema\/person\/cb02af4c173ce4a653b55e9baf388d4a\",\"name\":\"Flo Ostermann\",\"image\":{\"@type\":\"ImageObject\",\"inLanguage\":\"fr-FR\",\"@id\":\"https:\/\/dicodusport.fr\/blog\/#\/schema\/person\/image\/\",\"url\":\"https:\/\/dicodusport.fr\/blog\/wp-content\/uploads\/2021\/05\/Flo-Ostermann-150x150.jpg\",\"contentUrl\":\"https:\/\/dicodusport.fr\/blog\/wp-content\/uploads\/2021\/05\/Flo-Ostermann-150x150.jpg\",\"caption\":\"Flo Ostermann\"},\"description\":\"Journaliste\/R\u00e9dacteur depuis septembre 2015 - Mes premiers souvenirs dans le sport ? Les envol\u00e9es du Stade Toulousain et les duels Villeneuve-Schumacher et H\u00e4kkinen-Schumacher \u00e0 la fin des ann\u00e9es 90, la Coupe du monde de football en 1998, l\u2019exploit du XV de France face aux All Blacks en 1999, mais aussi Richard C\u0153ur de Lion qui vole sur les montagnes du Tour de France. Bien parti pour devenir professeur d\u2019EPS, les \u00e9v\u00e9nements de la vie (et la flemme d\u2019animer des s\u00e9ances de 3x500 m\u00e8tres toute ma vie) m\u2019ont conduit \u00e0 revoir mes plans. Me voil\u00e0 depuis fin 2017 sur Dicodusport, m\u00e9dia gr\u00e2ce (et pour) lequel je partage ma passion : le sport dans tous ses \u00e9tats. Le tout accompagn\u00e9 par les fous furieux et folles furieuses cit\u00e9s sur cette page !\",\"sameAs\":[\"https:\/\/www.facebook.com\/florent.ostermann\",\"https:\/\/x.com\/https:\/\/twitter.com\/FlOstermann\",\"admin\"],\"url\":\"https:\/\/dicodusport.fr\/blog\/author\/flo\/\"}]}<\/script>\n<!-- \/ Yoast SEO Premium plugin. -->","yoast_head_json":{"title":"Transferts Rugby : Karim Ghezal, Masivesi Dakuwaqa, Cyriac Guilly, les infos transferts du jeudi 6 mars","description":"TRANSFERTS RUGBY - Avenir bient\u00f4t scell\u00e9 pour Karim Ghezal (LOU), Masivesi Dakuwaqa va rebondir en Nationale 1, l'ancien Clermontois Cyriac Guilly signe en Pro D2 : les infos transferts du jeudi 6 mars.\u00a0","robots":{"index":"index","follow":"follow","max-snippet":"max-snippet:-1","max-image-preview":"max-image-preview:large","max-video-preview":"max-video-preview:-1"},"canonical":"https:\/\/dicodusport.fr\/blog\/transferts-rugby-karim-ghezal-masivesi-dakuwaqa-cyriac-guilly-les-infos-transferts-du-jeudi-6-mars\/","og_locale":"fr_FR","og_type":"article","og_title":"Transferts Rugby : Karim Ghezal, Masivesi Dakuwaqa, Cyriac Guilly, les infos transferts du jeudi 6 mars","og_description":"TRANSFERTS RUGBY - Avenir bient\u00f4t scell\u00e9 pour Karim Ghezal (LOU), Masivesi Dakuwaqa va rebondir en Nationale 1, l'ancien Clermontois Cyriac Guilly signe en Pro D2 : les infos transferts du jeudi 6 mars.\u00a0","og_url":"https:\/\/dicodusport.fr\/blog\/transferts-rugby-karim-ghezal-masivesi-dakuwaqa-cyriac-guilly-les-infos-transferts-du-jeudi-6-mars\/","og_site_name":"Dicodusport","article_publisher":"https:\/\/www.facebook.com\/dicodusport","article_author":"https:\/\/www.facebook.com\/florent.ostermann","article_published_time":"2025-03-06T18:41:39+00:00","og_image":[{"width":1200,"height":674,"url":"https:\/\/dicodusport.fr\/blog\/wp-content\/uploads\/2025\/03\/Transferts-Rugby-Karim-Ghezal-Masivesi-Dakuwaqa-Cyriac-Guilly-les-infos-transferts-du-jeudi-6-mars.png","type":"image\/png"}],"author":"Flo Ostermann","twitter_card":"summary_large_image","twitter_title":"Transferts Rugby : Karim Ghezal, Masivesi Dakuwaqa, Cyriac Guilly, les infos transferts du jeudi 6 mars","twitter_creator":"@https:\/\/twitter.com\/FlOstermann","twitter_site":"@dicodusport","schema":{"@context":"https:\/\/schema.org","@graph":[{"@type":"NewsArticle","@id":"https:\/\/dicodusport.fr\/blog\/transferts-rugby-karim-ghezal-masivesi-dakuwaqa-cyriac-guilly-les-infos-transferts-du-jeudi-6-mars\/#article","isPartOf":{"@id":"https:\/\/dicodusport.fr\/blog\/transferts-rugby-karim-ghezal-masivesi-dakuwaqa-cyriac-guilly-les-infos-transferts-du-jeudi-6-mars\/"},"author":{"name":"Flo Ostermann","@id":"https:\/\/dicodusport.fr\/blog\/#\/schema\/person\/cb02af4c173ce4a653b55e9baf388d4a"},"headline":"Transferts Rugby : Karim Ghezal, Masivesi Dakuwaqa, Cyriac Guilly, les infos transferts du jeudi 6 mars","datePublished":"2025-03-06T18:41:39+00:00","mainEntityOfPage":{"@id":"https:\/\/dicodusport.fr\/blog\/transferts-rugby-karim-ghezal-masivesi-dakuwaqa-cyriac-guilly-les-infos-transferts-du-jeudi-6-mars\/"},"wordCount":637,"commentCount":0,"publisher":{"@id":"https:\/\/dicodusport.fr\/blog\/#organization"},"image":{"@id":"https:\/\/dicodusport.fr\/blog\/transferts-rugby-karim-ghezal-masivesi-dakuwaqa-cyriac-guilly-les-infos-transferts-du-jeudi-6-mars\/#primaryimage"},"thumbnailUrl":"https:\/\/dicodusport.fr\/blog\/wp-content\/uploads\/2025\/03\/Transferts-Rugby-Karim-Ghezal-Masivesi-Dakuwaqa-Cyriac-Guilly-les-infos-transferts-du-jeudi-6-mars.png","keywords":["actu","br\u00e8ve","Mercato Rugby","Rugby","Rugby \u00e0 XV","Transferts rugby"],"articleSection":["Rugby \u00e0 XV","Top 14"],"inLanguage":"fr-FR","potentialAction":[{"@type":"CommentAction","name":"Comment","target":["https:\/\/dicodusport.fr\/blog\/transferts-rugby-karim-ghezal-masivesi-dakuwaqa-cyriac-guilly-les-infos-transferts-du-jeudi-6-mars\/#respond"]}],"copyrightYear":"2025","copyrightHolder":{"@id":"https:\/\/dicodusport.fr\/blog\/#organization"}},{"@type":"WebPage","@id":"https:\/\/dicodusport.fr\/blog\/transferts-rugby-karim-ghezal-masivesi-dakuwaqa-cyriac-guilly-les-infos-transferts-du-jeudi-6-mars\/","url":"https:\/\/dicodusport.fr\/blog\/transferts-rugby-karim-ghezal-masivesi-dakuwaqa-cyriac-guilly-les-infos-transferts-du-jeudi-6-mars\/","name":"Transferts Rugby : Karim Ghezal, Masivesi Dakuwaqa, Cyriac Guilly, les infos transferts du jeudi 6 mars","isPartOf":{"@id":"https:\/\/dicodusport.fr\/blog\/#website"},"primaryImageOfPage":{"@id":"https:\/\/dicodusport.fr\/blog\/transferts-rugby-karim-ghezal-masivesi-dakuwaqa-cyriac-guilly-les-infos-transferts-du-jeudi-6-mars\/#primaryimage"},"image":{"@id":"https:\/\/dicodusport.fr\/blog\/transferts-rugby-karim-ghezal-masivesi-dakuwaqa-cyriac-guilly-les-infos-transferts-du-jeudi-6-mars\/#primaryimage"},"thumbnailUrl":"https:\/\/dicodusport.fr\/blog\/wp-content\/uploads\/2025\/03\/Transferts-Rugby-Karim-Ghezal-Masivesi-Dakuwaqa-Cyriac-Guilly-les-infos-transferts-du-jeudi-6-mars.png","datePublished":"2025-03-06T18:41:39+00:00","description":"TRANSFERTS RUGBY - Avenir bient\u00f4t scell\u00e9 pour Karim Ghezal (LOU), Masivesi Dakuwaqa va rebondir en Nationale 1, l'ancien Clermontois Cyriac Guilly signe en Pro D2 : les infos transferts du jeudi 6 mars.\u00a0","breadcrumb":{"@id":"https:\/\/dicodusport.fr\/blog\/transferts-rugby-karim-ghezal-masivesi-dakuwaqa-cyriac-guilly-les-infos-transferts-du-jeudi-6-mars\/#breadcrumb"},"inLanguage":"fr-FR","potentialAction":[{"@type":"ReadAction","target":["https:\/\/dicodusport.fr\/blog\/transferts-rugby-karim-ghezal-masivesi-dakuwaqa-cyriac-guilly-les-infos-transferts-du-jeudi-6-mars\/"]}]},{"@type":"ImageObject","inLanguage":"fr-FR","@id":"https:\/\/dicodusport.fr\/blog\/transferts-rugby-karim-ghezal-masivesi-dakuwaqa-cyriac-guilly-les-infos-transferts-du-jeudi-6-mars\/#primaryimage","url":"https:\/\/dicodusport.fr\/blog\/wp-content\/uploads\/2025\/03\/Transferts-Rugby-Karim-Ghezal-Masivesi-Dakuwaqa-Cyriac-Guilly-les-infos-transferts-du-jeudi-6-mars.png","contentUrl":"https:\/\/dicodusport.fr\/blog\/wp-content\/uploads\/2025\/03\/Transferts-Rugby-Karim-Ghezal-Masivesi-Dakuwaqa-Cyriac-Guilly-les-infos-transferts-du-jeudi-6-mars.png","width":1200,"height":674,"caption":"Transferts Rugby Karim Ghezal, Masivesi Dakuwaqa, Cyriac Guilly, les infos transferts du jeudi 6 mars"},{"@type":"BreadcrumbList","@id":"https:\/\/dicodusport.fr\/blog\/transferts-rugby-karim-ghezal-masivesi-dakuwaqa-cyriac-guilly-les-infos-transferts-du-jeudi-6-mars\/#breadcrumb","itemListElement":[{"@type":"ListItem","position":1,"name":"Accueil","item":"https:\/\/dicodusport.fr\/blog\/"},{"@type":"ListItem","position":2,"name":"Transferts Rugby : Karim Ghezal, Masivesi Dakuwaqa, Cyriac Guilly, les infos transferts du jeudi 6 mars"}]},{"@type":"WebSite","@id":"https:\/\/dicodusport.fr\/blog\/#website","url":"https:\/\/dicodusport.fr\/blog\/","name":"Dicodusport","description":"L&#039;encyclop\u00e9die de l&#039;actualit\u00e9 sportive","publisher":{"@id":"https:\/\/dicodusport.fr\/blog\/#organization"},"potentialAction":[{"@type":"SearchAction","target":{"@type":"EntryPoint","urlTemplate":"https:\/\/dicodusport.fr\/blog\/?s={search_term_string}"},"query-input":{"@type":"PropertyValueSpecification","valueRequired":true,"valueName":"search_term_string"}}],"inLanguage":"fr-FR"},{"@type":"NewsMediaOrganization","@id":"https:\/\/dicodusport.fr\/blog\/#organization","name":"Dicodusport","url":"https:\/\/dicodusport.fr\/blog\/","logo":{"@type":"ImageObject","inLanguage":"fr-FR","@id":"https:\/\/dicodusport.fr\/blog\/#\/schema\/logo\/image\/","url":"https:\/\/dicodusport.fr\/blog\/wp-content\/uploads\/2020\/06\/cropped-LOGO-DICODUSPORT-2020-SANS-FOND-SANS-TEXTE.png","contentUrl":"https:\/\/dicodusport.fr\/blog\/wp-content\/uploads\/2020\/06\/cropped-LOGO-DICODUSPORT-2020-SANS-FOND-SANS-TEXTE.png","width":512,"height":512,"caption":"Dicodusport"},"image":{"@id":"https:\/\/dicodusport.fr\/blog\/#\/schema\/logo\/image\/"},"sameAs":["https:\/\/www.facebook.com\/dicodusport","https:\/\/x.com\/dicodusport","https:\/\/www.instagram.com\/dicodusport\/","https:\/\/www.youtube.com\/channel\/UC7V2KZ5sd3htJivAbA4ZG3w"],"description":"Dicodusport est l'encyclop\u00e9die de l'actualit\u00e9 sportive.","email":"bonjour@dicodusport.fr","legalName":"DICODUSPORT","foundingDate":"2018-01-14","vatID":"FR71834470973","taxID":"83447097300043","numberOfEmployees":{"@type":"QuantitativeValue","minValue":"1","maxValue":"10"}},{"@type":"Person","@id":"https:\/\/dicodusport.fr\/blog\/#\/schema\/person\/cb02af4c173ce4a653b55e9baf388d4a","name":"Flo Ostermann","image":{"@type":"ImageObject","inLanguage":"fr-FR","@id":"https:\/\/dicodusport.fr\/blog\/#\/schema\/person\/image\/","url":"https:\/\/dicodusport.fr\/blog\/wp-content\/uploads\/2021\/05\/Flo-Ostermann-150x150.jpg","contentUrl":"https:\/\/dicodusport.fr\/blog\/wp-content\/uploads\/2021\/05\/Flo-Ostermann-150x150.jpg","caption":"Flo Ostermann"},"description":"Journaliste\/R\u00e9dacteur depuis septembre 2015 - Mes premiers souvenirs dans le sport ? Les envol\u00e9es du Stade Toulousain et les duels Villeneuve-Schumacher et H\u00e4kkinen-Schumacher \u00e0 la fin des ann\u00e9es 90, la Coupe du monde de football en 1998, l\u2019exploit du XV de France face aux All Blacks en 1999, mais aussi Richard C\u0153ur de Lion qui vole sur les montagnes du Tour de France. Bien parti pour devenir professeur d\u2019EPS, les \u00e9v\u00e9nements de la vie (et la flemme d\u2019animer des s\u00e9ances de 3x500 m\u00e8tres toute ma vie) m\u2019ont conduit \u00e0 revoir mes plans. Me voil\u00e0 depuis fin 2017 sur Dicodusport, m\u00e9dia gr\u00e2ce (et pour) lequel je partage ma passion : le sport dans tous ses \u00e9tats. Le tout accompagn\u00e9 par les fous furieux et folles furieuses cit\u00e9s sur cette page !","sameAs":["https:\/\/www.facebook.com\/florent.ostermann","https:\/\/x.com\/https:\/\/twitter.com\/FlOstermann","admin"],"url":"https:\/\/dicodusport.fr\/blog\/author\/flo\/"}]}},"_links":{"self":[{"href":"https:\/\/dicodusport.fr\/blog\/wp-json\/wp\/v2\/posts\/561666","targetHints":{"allow":["GET"]}}],"collection":[{"href":"https:\/\/dicodusport.fr\/blog\/wp-json\/wp\/v2\/posts"}],"about":[{"href":"https:\/\/dicodusport.fr\/blog\/wp-json\/wp\/v2\/types\/post"}],"author":[{"embeddable":true,"href":"https:\/\/dicodusport.fr\/blog\/wp-json\/wp\/v2\/users\/4"}],"replies":[{"embeddable":true,"href":"https:\/\/dicodusport.fr\/blog\/wp-json\/wp\/v2\/comments?post=561666"}],"version-history":[{"count":4,"href":"https:\/\/dicodusport.fr\/blog\/wp-json\/wp\/v2\/posts\/561666\/revisions"}],"predecessor-version":[{"id":561699,"href":"https:\/\/dicodusport.fr\/blog\/wp-json\/wp\/v2\/posts\/561666\/revisions\/561699"}],"wp:featuredmedia":[{"embeddable":true,"href":"https:\/\/dicodusport.fr\/blog\/wp-json\/wp\/v2\/media\/561695"}],"wp:attachment":[{"href":"https:\/\/dicodusport.fr\/blog\/wp-json\/wp\/v2\/media?parent=561666"}],"wp:term":[{"taxonomy":"category","embeddable":true,"href":"https:\/\/dicodusport.fr\/blog\/wp-json\/wp\/v2\/categories?post=561666"},{"taxonomy":"post_tag","embeddable":true,"href":"https:\/\/dicodusport.fr\/blog\/wp-json\/wp\/v2\/tags?post=561666"}],"curies":[{"name":"wp","href":"https:\/\/api.w.org\/{rel}","templated":true}]}}