{"id":561827,"date":"2025-03-07T15:05:10","date_gmt":"2025-03-07T14:05:10","guid":{"rendered":"https:\/\/dicodusport.fr\/blog\/?p=561827&#038;preview=true&#038;preview_id=561827"},"modified":"2025-03-07T16:10:22","modified_gmt":"2025-03-07T15:10:22","slug":"athletisme-championnats-deurope-salle-2025-matinee-plus-contrastee-pour-les-tricolores-le-resume-du-vendredi-matin","status":"publish","type":"post","link":"https:\/\/dicodusport.fr\/blog\/athletisme-championnats-deurope-salle-2025-matinee-plus-contrastee-pour-les-tricolores-le-resume-du-vendredi-matin\/","title":{"rendered":"Athl\u00e9tisme Championnats d&rsquo;Europe (salle) 2025 : Matin\u00e9e plus contrast\u00e9e pour les Tricolores, le r\u00e9sum\u00e9 du vendredi matin"},"content":{"rendered":"<h4 style=\"text-align: justify;\"><em>CHAMPIONNATS D&rsquo;EUROPE D&rsquo;ATHL\u00c9TISME EN SALLE 2025 &#8211; Matin\u00e9e contrast\u00e9e pour la d\u00e9l\u00e9gation tricolore, avec l&rsquo;\u00e9limination de La\u00ebticia Bapt\u00e9 sur 60 m haies. Et celle de Yanis Meziane sur 800 m. Deux chances de m\u00e9dailles en moins. En revanche, Wilhem Belocian a impressionn\u00e9 en demie du 60 m haies et Just Kwaou-Mathey a \u00e9t\u00e9 solide. Clara Liberman a sign\u00e9 un record personnel sur 800 m.<\/em><\/h4>\n<ul style=\"text-align: justify;\">\n<li style=\"text-align: justify;\"><strong>\u00c0 ce sujet &#8211; <span style=\"color: #000080;\"><a style=\"color: #000080;\" href=\"https:\/\/dicodusport.fr\/blog\/athletisme-programme-et-resultats-championnats-deurope-en-salle-2025\/\">Athl\u00e9tisme : Programme et r\u00e9sultats Championnats d&rsquo;Europe en salle 2025<\/a><\/span><\/strong><strong><br \/>\n<\/strong><\/li>\n<\/ul>\n<h2 style=\"text-align: justify;\">Des Fran\u00e7ais mitig\u00e9s ce vendredi matin<\/h2>\n<h3 style=\"text-align: justify;\">Wilhem Belocian impressionne<\/h3>\n<p style=\"text-align: justify;\"><strong>Wilhem Belocian<\/strong> a \u00e9t\u00e9 tr\u00e8s impressionnant dans la premi\u00e8re demi-finale. Comme en s\u00e9rie, il a fait parler sa d\u00e9contraction. Pour acc\u00e9l\u00e9rer de deux centi\u00e8mes par rapport \u00e0 la veille. Pour r\u00e9aliser un superbe chrono de 7.44&#8230; \u00c0 deux centi\u00e8mes de son record. Et une belle victoire dans sa course. Il sera rejoint par <strong>Just Kwaou-Mathey<\/strong>, qui boucle sa course en deuxi\u00e8me position, avec un nouveau chrono sous les 7.50 (7.49). Une course propre malgr\u00e9 un d\u00e9part moyen. Il reste un beau candidat \u00e0 une m\u00e9daille. En revanche, cela ne passe pas pour <strong>Th\u00e9o Pedre<\/strong>. Qui n&rsquo;aura rien \u00e0 regretter, car il s&rsquo;offre un nouveau record personnel, avec un chrono de 7.60. \u00c0 19 ans, il a honor\u00e9 sa premi\u00e8re s\u00e9lection chez les grands. On sera amen\u00e9 \u00e0 le revoir.<\/p>\n<blockquote class=\"twitter-tweet\">\n<p dir=\"ltr\" lang=\"fr\">\ud83e\udd2f Wilhem Belocian s&rsquo;impose en patron en demi-finales du 60 m haies !<\/p>\n<p>\ud83e\udd29 Il signe son meilleur temps de la saison (7\u2019\u201944) et se qualifie pour la grande finale.<\/p>\n<p>\ud83d\udcbb La comp\u00e9tition est \u00e0 suivre en DIRECT sur <a href=\"https:\/\/t.co\/EpsBjowlnA\">https:\/\/t.co\/EpsBjowlnA<\/a>. <a href=\"https:\/\/t.co\/MhPkXQL10d\">pic.twitter.com\/MhPkXQL10d<\/a><\/p>\n<p>\u2014 FFAthl\u00e9tisme (@FFAthletisme) <a href=\"https:\/\/twitter.com\/FFAthletisme\/status\/1897999931467538497?ref_src=twsrc%5Etfw\">March 7, 2025<\/a><\/p><\/blockquote>\n<p style=\"text-align: justify;\"><script async src=\"https:\/\/platform.twitter.com\/widgets.js\" charset=\"utf-8\"><\/script><\/p>\n<h3 style=\"text-align: justify;\">La\u00ebticia Bapt\u00e9 vaincue par la douleur<\/h3>\n<p style=\"text-align: justify;\">C&rsquo;est le premier tr\u00e8s gros coup dur pour la France. Diminu\u00e9e physiquement, touch\u00e9e au genou, la Fran\u00e7aise n&rsquo;a pas pu d\u00e9fendre ses chances \u00e0 100 % dans sa demi-finale du 60 m haies. Elle prend la 7e place de sa course en 8.12. Et boitait tr\u00e8s s\u00e9v\u00e8rement une fois la ligne d&rsquo;arriv\u00e9e franchie. C&rsquo;est terrible pour celle qui r\u00e9alisait une saison exceptionnelle jusque-l\u00e0, mais qui est arriv\u00e9e en n&rsquo;\u00e9tant pas \u00e0 100 % aux Pays-Bas. <strong>Sacha Alessandrini<\/strong> \u00e9tait engag\u00e9e dans la premi\u00e8re demi-finale. Malheureusement pour elle, la marche \u00e9tait un peu trop haute. Elle prend la 8e place, avec un chrono de 8.08.<\/p>\n<h3 style=\"text-align: justify;\">Record personnel pour Clara Liberman<\/h3>\n<p style=\"text-align: justify;\">Deux Fran\u00e7aises verront la demi-finale sur le 800 m. Parmi elles, <a href=\"https:\/\/dicodusport.fr\/blog\/clara-liberman-800-m-jadore-les-courses-de-championnat\/\"><strong>Clara Liberman<\/strong><\/a> a impressionn\u00e9 dans la quatri\u00e8me s\u00e9rie. Pour sa premi\u00e8re s\u00e9lection en A, elle s&rsquo;offre un record personnel d&rsquo;entr\u00e9e de jeu. Avec un chrono de 2:01.00. <strong>Charlotte Dumas<\/strong>, \u00e9galement pour sa premi\u00e8re, n&rsquo;aura pas fait un m\u00e8tre de plus que les 800 m requis. La Fran\u00e7aise, dans la premi\u00e8re s\u00e9rie, a tenu sa corde jusqu&rsquo;au bout. Sa qualification aussi, deuxi\u00e8me de sa course, en 2:02.96. Une course tr\u00e8s s\u00e9rieuse. Malheureusement, <strong>L\u00e9na Kandissounon<\/strong> n&rsquo;a pas pass\u00e9 le cap des s\u00e9ries. Elle est \u00e9limin\u00e9e, apr\u00e8s avoir pris la 3\u00e8me place de sa course en 2:04.86, malgr\u00e9 une belle attaque dans le dernier tour. Elle ne sera pas rep\u00each\u00e9e au temps. C&rsquo;est une petite d\u00e9ception, car elle avait termin\u00e9 4e des championnats d&rsquo;Europe de Rome.<\/p>\n<blockquote class=\"twitter-tweet\">\n<p dir=\"ltr\" lang=\"fr\">\u2705 Qualification + nouveau record personnel pour Clara Liberman !<\/p>\n<p>\ud83d\udc4c Elle termine 2e de sa s\u00e9rie du 800 m en 2&rsquo;01\u00a0\u00bb00 et d\u00e9croche sa place en demi-finales !<\/p>\n<p>\ud83d\udcbb La comp\u00e9tition est \u00e0 suivre en DIRECT sur <a href=\"https:\/\/t.co\/EpsBjowlnA\">https:\/\/t.co\/EpsBjowlnA<\/a>. <a href=\"https:\/\/t.co\/HOh3iZaIXf\">pic.twitter.com\/HOh3iZaIXf<\/a><\/p>\n<p>\u2014 FFAthl\u00e9tisme (@FFAthletisme) <a href=\"https:\/\/twitter.com\/FFAthletisme\/status\/1897949256201208039?ref_src=twsrc%5Etfw\">March 7, 2025<\/a><\/p><\/blockquote>\n<p style=\"text-align: justify;\"><script async src=\"https:\/\/platform.twitter.com\/widgets.js\" charset=\"utf-8\"><\/script><\/p>\n<p style=\"text-align: justify;\"><strong>Amandine Brossier<\/strong> n&rsquo;a pas trembl\u00e9 sur son 400 m. La Fran\u00e7aise savait qu&rsquo;elle devait courir vite d&rsquo;entr\u00e9e de jeu. Chose faite, parce qu&rsquo;elle r\u00e9alise son meilleur chrono de la saison en 52.00 tout pile. Elle prend la 2e place de la troisi\u00e8me s\u00e9rie.<\/p>\n<h3 style=\"text-align: justify;\">Douche froide sur le 800 m hommes, matin\u00e9e compliqu\u00e9e pour les hommes<\/h3>\n<p style=\"text-align: justify;\">En revanche, la matin\u00e9e a \u00e9t\u00e9 plus difficile pour les hommes sur le 800 m. Avec un 1\/3 qui fait mal. Sans avoir grand-chose \u00e0 se reprocher. <strong>Corentin Le Clezio<\/strong> a souffert sur sa course. Il prend la 4e place de la quatri\u00e8me s\u00e9rie en 1:47.43, apr\u00e8s avoir \u00e9t\u00e9 quelque peu promen\u00e9 sur le premier tour, apr\u00e8s avoir re\u00e7u un coup. Finalement, il a eu le bonheur d&rsquo;\u00eatre rep\u00each\u00e9, comme deux autres concurrents. Pour <strong>Yanis Meziane<\/strong> qui \u00e9tait dans les outsiders de ces championnats d&rsquo;Europe, c&rsquo;est la douche froide Le Fran\u00e7ais a pris la 3e place de la deuxi\u00e8me s\u00e9rie. En 1:46.79. <strong>Louey Ouerrat<\/strong> est le premier non rep\u00each\u00e9 au temps, quatri\u00e8me de la derni\u00e8re course, il r\u00e9alise un chrono de 1:46.60, non loin de son record de France Espoirs. Il coince un peu dans la derni\u00e8re ligne droite, ce qui lui co\u00fbte la qualification.<\/p>\n<ul>\n<li><strong>\u00c0 ce sujet &#8211;<span style=\"color: #3366ff;\">\u00a0<span style=\"color: #000080;\"><a style=\"color: #000080;\" href=\"https:\/\/dicodusport.fr\/blog\/athletisme-championnats-deurope-salle-2025-la-selection-francaise-devoilee\/\">Athl\u00e9tisme Championnats d&rsquo;Europe (salle) 2025 : La s\u00e9lection fran\u00e7aise<\/a><\/span><\/span><\/strong><\/li>\n<\/ul>\n<p style=\"text-align: justify;\">Une seule qualification \u00e9galement du c\u00f4t\u00e9 du 400 m.<strong> Jimy Soudril<\/strong> a parfaitement contr\u00f4l\u00e9 sa course. Engag\u00e9 dans la seconde s\u00e9rie, il est pass\u00e9 \u00e0 travers les bousculades, avant d&rsquo;effectuer un deuxi\u00e8me tour canon. Et remporter sa course en 46.19. En revanche, malgr\u00e9 une course \u00e0 11 centi\u00e8mes de son record, cela ne passe pas pour <strong>T\u00e9o Andant<\/strong>, quatri\u00e8me de la quatri\u00e8me s\u00e9rie, avec une course boucl\u00e9e en 46.32. Sc\u00e9nario frustrant pour lui, enferm\u00e9 dans le final. Tout comme <strong>Yann Spillmann<\/strong>, qui est \u00e9galement quatri\u00e8me de la derni\u00e8re course. Qu&rsquo;il boucle avec un chrono de 46.64, apr\u00e8s avoir pas mal souffert pour se placer dans le premier tour.<\/p>\n<h3>Deux Fran\u00e7ais en finale du triple saut<\/h3>\n<p style=\"text-align: justify;\">Engag\u00e9s dans le concours de qualification du triple saut, <strong>Thomas Gogois<\/strong> et <strong>Melvin Raffin<\/strong> ont fait le boulot. Le troisi\u00e8me des championnats d&rsquo;Europe 2024 \u00e0 Rome a fait le boulot, en prenant la 5e place du concours. Un bond \u00e0 16.45 m aura suffi, avec relativement de facilit\u00e9. M\u00eame s&rsquo;il faudra aller plus loin en finale. <strong>Melvin Raffin<\/strong> a trembl\u00e9. D&rsquo;abord au pied du mur \u00e0 son dernier essai, il a d\u00e9coll\u00e9 \u00e0 16.29 m. Et a d\u00fb attendre la fin du concours pour valider sa qualification. Mais en terminant \u00e0 la 7e place, il a assur\u00e9 l&rsquo;essentiel d&rsquo;une qualification en finale. Et conclut parfaitement la journ\u00e9e des Fran\u00e7ais.<\/p>\n<p style=\"text-align: justify;\">Les sp\u00e9cialistes des \u00e9preuves combin\u00e9es ont \u00e9galement fait leur entr\u00e9e en sc\u00e8ne. Une entr\u00e9e en sc\u00e8ne relativement moyenne que ce soit pour <strong>T\u00e9o Bastien<\/strong> ou <strong>Luc Brewin<\/strong>. Qui totalisent 2525 points (7.08 au 60 m, 7.38 m \u00e0 la longueur et 14.61 m au poids) et 2536 points (6.86 au 60 m, 7.47 m \u00e0 la longueur et 13.14 m au poids).<\/p>\n<h2 style=\"text-align: justify;\">Lieke Klaver est bien entr\u00e9e en sc\u00e8ne<\/h2>\n<p style=\"text-align: justify;\"><strong>Pia Skrzyszowska<\/strong> a \u00e9t\u00e9 tr\u00e8s solide dans la premi\u00e8re demi-finale du 60 m haies femmes. Elle r\u00e9alise son meilleur chrono de la saison en 7.84, alors que <strong>Ditaji Kambundji<\/strong> lui a bien r\u00e9pondu, en r\u00e9alisant 7.82 dans la deuxi\u00e8me course. Dans laquelle figurait <strong>Nadine Visser<\/strong>, qui a r\u00e9alis\u00e9 un chrono de 7.85. La bagarre pour la m\u00e9daille sera intense. Malheureusement sans <strong>La\u00ebticia Bapt\u00e9<\/strong> (lire plus haut).<\/p>\n<p style=\"text-align: justify;\">Il y avait des qualifications de la longueur et de la hauteur chez les femmes. Du c\u00f4t\u00e9 du saut horizontal, elles sont cinq \u00e0 avoiur d\u00e9pass\u00e9 les 6.65 m requis pour la finale. On retrouve ainsi la sp\u00e9cialiste des \u00e9preuves combin\u00e9es <strong>Annik K\u00e4lin<\/strong> (6.77 m), mais aussi <strong>Larissa Iapichino<\/strong> (6.76 m),<strong> Pauline Hondema<\/strong> (6.70 m), la star allemande <strong>Malaika Mihambo<\/strong> (6.68 m), <b>Milica Garda\u0161evi\u0107<\/b>\u00a0(6.67 m). Du c\u00f4t\u00e9 de la hauteur, une barre \u00e0 1.89 m aura suffi. Pas de soucis pour <strong>Yaroslava Mahuchikh<\/strong>, la recordwoman du monde, mais aussi <strong>Angelina Topic<\/strong> et <strong>Morgan Lake<\/strong> qualifi\u00e9es pour la grande finale.<\/p>\n<p style=\"text-align: justify;\">Les favoris du 400 m n&rsquo;ont globalement pas trembl\u00e9. Au lendemain de son titre sur le relais 4&#215;400 m mixte,<strong>\u00a0Lieke Klaver<\/strong> a fait le choix d&rsquo;un premier 200 m rapide pour se placer. La N\u00e9erlandaise a ensuite d\u00e9roul\u00e9 pour remporter sa s\u00e9rie en 51.52 et rallier les demi-finales. L&rsquo;autre t\u00eate d&rsquo;affiche,<strong> Henriette Jeeger<\/strong>, n&rsquo;a pas davantage trembl\u00e9. Elle remporte la derni\u00e8re s\u00e9rie en 52.04. <strong>Maksymilian Szwed<\/strong> a impressionn\u00e9 chez les hommes, avec un record port\u00e9 \u00e0 45.69 m. <strong>Inaki Canal<\/strong> et <strong>Attila Minar<\/strong> n&rsquo;ont pas trembl\u00e9. <strong>Audrey Werro<\/strong> n&rsquo;a pas connu de soucis sur 800 m. La Suissesse a domin\u00e9 sa course en 2:00.92. Comme <strong>Eliott Crestan<\/strong>, le Belge, qui a r\u00e9alis\u00e9 un chrono de 1:46.57, devant le champion du monde en salle 2022, <strong>Mariano Garcia<\/strong>.<\/p>\n<h3 style=\"text-align: justify;\">Simon Ehammer prend une option sur l&rsquo;heptathlon<\/h3>\n<p style=\"text-align: justify;\">La bataille des titans est lanc\u00e9e sur l&rsquo;heptathlon. Et c&rsquo;est <strong>Simon Ehammer<\/strong> qui a pris une premi\u00e8re option, en basculant en t\u00eate apr\u00e8s trois \u00e9preuves (2862 points). Le Suisse a r\u00e9alis\u00e9 6.81 sur 60 m, avant de r\u00e9aliser un record des championnats \u00e0 la longueur (8.20 m) et d&rsquo;encha\u00eener sur un beau jet \u00e0 15.15 m au poids. <strong>Sander Skotheim<\/strong> avait bien d\u00e9but\u00e9, avec un record personnel sur 60 m (6.93). Mais la suite a \u00e9t\u00e9 moins tranchante, avec 7.95 m \u00e0 la longueur et 14.39 m. Il est 3\u00e8me avec 2707 points, devanc\u00e9 par le surprenant Allemand<strong> Till Steinforth<\/strong> (2775 points) qui r\u00e9alise un d\u00e9but d&rsquo;heptathlon absolument canon.<\/p>\n<div class=\"vlp-link-container vlp-layout-article\"><a href=\"https:\/\/dicodusport.fr\/blog\/athletisme-europe-en-salle-2025-classement-de-lheptathlon\/\" class=\"vlp-link\" title=\"Athl\u00e9tisme Europe en salle 2025 : Classement de l&#039;heptathlon\"><\/a><div class=\"vlp-layout-zone-side\"><div class=\"vlp-block-4 vlp-link-image\"><img loading=\"lazy\" decoding=\"async\" style=\"max-width: 792px;\" width=\"792\" height=\"445\" src=\"https:\/\/dicodusport.fr\/blog\/wp-content\/uploads\/2025\/02\/Athletisme-Europe-en-salle-2025-Classement-de-lheptathlon.png\" class=\"attachment-800x445 size-800x445\" alt=\"\" srcset=\"https:\/\/dicodusport.fr\/blog\/wp-content\/uploads\/2025\/02\/Athletisme-Europe-en-salle-2025-Classement-de-lheptathlon.png 1200w, https:\/\/dicodusport.fr\/blog\/wp-content\/uploads\/2025\/02\/Athletisme-Europe-en-salle-2025-Classement-de-lheptathlon-300x169.png 300w, https:\/\/dicodusport.fr\/blog\/wp-content\/uploads\/2025\/02\/Athletisme-Europe-en-salle-2025-Classement-de-lheptathlon-1024x575.png 1024w, https:\/\/dicodusport.fr\/blog\/wp-content\/uploads\/2025\/02\/Athletisme-Europe-en-salle-2025-Classement-de-lheptathlon-768x431.png 768w\" sizes=\"auto, (max-width: 792px) 100vw, 792px\" \/><\/div><\/div><div class=\"vlp-layout-zone-main\"><div class=\"vlp-block-0 vlp-link-title\">Athl\u00e9tisme Europe en salle 2025 : Classement de l'heptathlon<\/div><div class=\"vlp-block-1 vlp-link-summary\">Classement de l'heptathlon des championnats d'Europe en salle d'athl\u00e9tisme, qui se d\u00e9roule du 7 au 8 mars.<\/div><div class=\"vlp-block-2 vlp-link-button\">Lire l'article<\/div><div class=\"vlp-block-3 vlp-link-url\">dicodusport.fr<\/div><\/div><\/div>\n<p style=\"text-align: justify;\">Du c\u00f4t\u00e9 du triple saut, <strong>Andrea Dallaballe<\/strong> (16.87 m), <strong>Andy Diaz Hernandez<\/strong> (16.74 m), <strong>Max He\u00df<\/strong> (16.72 m) ont \u00e9t\u00e9 les trois seuls \u00e0 d\u00e9passer la limite directe de qualification directe pour la finale.<\/p>\n<p>&nbsp;<\/p>\n","protected":false},"excerpt":{"rendered":"<p>Matin\u00e9e plus contrast\u00e9e pour les Tricolores, le r\u00e9sum\u00e9 du vendredi matin<\/p>\n","protected":false},"author":83,"featured_media":561925,"comment_status":"open","ping_status":"closed","sticky":false,"template":"","format":"standard","meta":{"_acf_changed":false,"_daextam_enable_autolinks":"1","footnotes":""},"categories":[2308],"tags":[32415,37023,143,10976,16878,14714],"class_list":["post-561827","post","type-post","status-publish","format-standard","has-post-thumbnail","hentry","category-athletisme","tag-actu","tag-apeldoorn","tag-athletisme","tag-athletisme-francais","tag-breve","tag-equipe-de-france-dathletisme"],"acf":[],"yoast_head":"<!-- This site is optimized with the Yoast SEO Premium plugin v26.7 (Yoast SEO v26.7) - https:\/\/yoast.com\/wordpress\/plugins\/seo\/ -->\n<title>Athl\u00e9tisme Championnats d&#039;Europe (salle) 2025 : Matin\u00e9e plus contrast\u00e9e pour les Tricolores, le r\u00e9sum\u00e9 du vendredi matin<\/title>\n<meta name=\"description\" content=\"CHAMPIONNATS D&#039;EUROPE D&#039;ATHL\u00c9TISME EN SALLE 2025 - Matin\u00e9e contrast\u00e9e pour la d\u00e9l\u00e9gation tricolore, avec l&#039;\u00e9limination de La\u00ebticia Bapt\u00e9 sur 60 m haies.\" \/>\n<meta name=\"robots\" content=\"index, follow, max-snippet:-1, max-image-preview:large, max-video-preview:-1\" \/>\n<link rel=\"canonical\" href=\"https:\/\/dicodusport.fr\/blog\/athletisme-championnats-deurope-salle-2025-matinee-plus-contrastee-pour-les-tricolores-le-resume-du-vendredi-matin\/\" \/>\n<meta property=\"og:locale\" content=\"fr_FR\" \/>\n<meta property=\"og:type\" content=\"article\" \/>\n<meta property=\"og:title\" content=\"Athl\u00e9tisme Championnats d&#039;Europe (salle) 2025 : Matin\u00e9e plus contrast\u00e9e pour les Tricolores, le r\u00e9sum\u00e9 du vendredi matin\" \/>\n<meta property=\"og:description\" content=\"CHAMPIONNATS D&#039;EUROPE D&#039;ATHL\u00c9TISME EN SALLE 2025 - Matin\u00e9e contrast\u00e9e pour la d\u00e9l\u00e9gation tricolore, avec l&#039;\u00e9limination de La\u00ebticia Bapt\u00e9 sur 60 m haies.\" \/>\n<meta property=\"og:url\" content=\"https:\/\/dicodusport.fr\/blog\/athletisme-championnats-deurope-salle-2025-matinee-plus-contrastee-pour-les-tricolores-le-resume-du-vendredi-matin\/\" \/>\n<meta property=\"og:site_name\" content=\"Dicodusport\" \/>\n<meta property=\"article:publisher\" content=\"https:\/\/www.facebook.com\/dicodusport\" \/>\n<meta property=\"article:published_time\" content=\"2025-03-07T14:05:10+00:00\" \/>\n<meta property=\"article:modified_time\" content=\"2025-03-07T15:10:22+00:00\" \/>\n<meta property=\"og:image\" content=\"https:\/\/dicodusport.fr\/blog\/wp-content\/uploads\/2025\/03\/Athletisme-Championnats-dEurope-salle-2025-Matinee-compliquee-pour-les-Tricolores-le-resume-du-vendredi-matin.png\" \/>\n\t<meta property=\"og:image:width\" content=\"1200\" \/>\n\t<meta property=\"og:image:height\" content=\"674\" \/>\n\t<meta property=\"og:image:type\" content=\"image\/png\" \/>\n<meta name=\"author\" content=\"Etienne Goursaud\" \/>\n<meta name=\"twitter:card\" content=\"summary_large_image\" \/>\n<meta name=\"twitter:title\" content=\"Athl\u00e9tisme Championnats d&#039;Europe (salle) 2025 : Matin\u00e9e plus contrast\u00e9e pour les Tricolores, le r\u00e9sum\u00e9 du vendredi matin\" \/>\n<meta name=\"twitter:creator\" content=\"@dicodusport\" \/>\n<meta name=\"twitter:site\" content=\"@dicodusport\" \/>\n<script type=\"application\/ld+json\" class=\"yoast-schema-graph\">{\"@context\":\"https:\/\/schema.org\",\"@graph\":[{\"@type\":\"NewsArticle\",\"@id\":\"https:\/\/dicodusport.fr\/blog\/athletisme-championnats-deurope-salle-2025-matinee-plus-contrastee-pour-les-tricolores-le-resume-du-vendredi-matin\/#article\",\"isPartOf\":{\"@id\":\"https:\/\/dicodusport.fr\/blog\/athletisme-championnats-deurope-salle-2025-matinee-plus-contrastee-pour-les-tricolores-le-resume-du-vendredi-matin\/\"},\"author\":{\"name\":\"Etienne Goursaud\",\"@id\":\"https:\/\/dicodusport.fr\/blog\/#\/schema\/person\/d603dd7da31fb2b46c82b9835a77ec13\"},\"headline\":\"Athl\u00e9tisme Championnats d&rsquo;Europe (salle) 2025 : Matin\u00e9e plus contrast\u00e9e pour les Tricolores, le r\u00e9sum\u00e9 du vendredi matin\",\"datePublished\":\"2025-03-07T14:05:10+00:00\",\"dateModified\":\"2025-03-07T15:10:22+00:00\",\"mainEntityOfPage\":{\"@id\":\"https:\/\/dicodusport.fr\/blog\/athletisme-championnats-deurope-salle-2025-matinee-plus-contrastee-pour-les-tricolores-le-resume-du-vendredi-matin\/\"},\"wordCount\":1686,\"commentCount\":0,\"publisher\":{\"@id\":\"https:\/\/dicodusport.fr\/blog\/#organization\"},\"image\":{\"@id\":\"https:\/\/dicodusport.fr\/blog\/athletisme-championnats-deurope-salle-2025-matinee-plus-contrastee-pour-les-tricolores-le-resume-du-vendredi-matin\/#primaryimage\"},\"thumbnailUrl\":\"https:\/\/dicodusport.fr\/blog\/wp-content\/uploads\/2025\/03\/Athletisme-Championnats-dEurope-salle-2025-Matinee-compliquee-pour-les-Tricolores-le-resume-du-vendredi-matin.png\",\"keywords\":[\"actu\",\"Apeldoorn\",\"Athl\u00e9tisme\",\"Athl\u00e9tisme fran\u00e7ais\",\"br\u00e8ve\",\"\u00e9quipe de France d'athl\u00e9tisme\"],\"articleSection\":[\"Athl\u00e9tisme\"],\"inLanguage\":\"fr-FR\",\"potentialAction\":[{\"@type\":\"CommentAction\",\"name\":\"Comment\",\"target\":[\"https:\/\/dicodusport.fr\/blog\/athletisme-championnats-deurope-salle-2025-matinee-plus-contrastee-pour-les-tricolores-le-resume-du-vendredi-matin\/#respond\"]}],\"copyrightYear\":\"2025\",\"copyrightHolder\":{\"@id\":\"https:\/\/dicodusport.fr\/blog\/#organization\"}},{\"@type\":\"WebPage\",\"@id\":\"https:\/\/dicodusport.fr\/blog\/athletisme-championnats-deurope-salle-2025-matinee-plus-contrastee-pour-les-tricolores-le-resume-du-vendredi-matin\/\",\"url\":\"https:\/\/dicodusport.fr\/blog\/athletisme-championnats-deurope-salle-2025-matinee-plus-contrastee-pour-les-tricolores-le-resume-du-vendredi-matin\/\",\"name\":\"Athl\u00e9tisme Championnats d'Europe (salle) 2025 : Matin\u00e9e plus contrast\u00e9e pour les Tricolores, le r\u00e9sum\u00e9 du vendredi matin\",\"isPartOf\":{\"@id\":\"https:\/\/dicodusport.fr\/blog\/#website\"},\"primaryImageOfPage\":{\"@id\":\"https:\/\/dicodusport.fr\/blog\/athletisme-championnats-deurope-salle-2025-matinee-plus-contrastee-pour-les-tricolores-le-resume-du-vendredi-matin\/#primaryimage\"},\"image\":{\"@id\":\"https:\/\/dicodusport.fr\/blog\/athletisme-championnats-deurope-salle-2025-matinee-plus-contrastee-pour-les-tricolores-le-resume-du-vendredi-matin\/#primaryimage\"},\"thumbnailUrl\":\"https:\/\/dicodusport.fr\/blog\/wp-content\/uploads\/2025\/03\/Athletisme-Championnats-dEurope-salle-2025-Matinee-compliquee-pour-les-Tricolores-le-resume-du-vendredi-matin.png\",\"datePublished\":\"2025-03-07T14:05:10+00:00\",\"dateModified\":\"2025-03-07T15:10:22+00:00\",\"description\":\"CHAMPIONNATS D'EUROPE D'ATHL\u00c9TISME EN SALLE 2025 - Matin\u00e9e contrast\u00e9e pour la d\u00e9l\u00e9gation tricolore, avec l'\u00e9limination de La\u00ebticia Bapt\u00e9 sur 60 m haies.\",\"breadcrumb\":{\"@id\":\"https:\/\/dicodusport.fr\/blog\/athletisme-championnats-deurope-salle-2025-matinee-plus-contrastee-pour-les-tricolores-le-resume-du-vendredi-matin\/#breadcrumb\"},\"inLanguage\":\"fr-FR\",\"potentialAction\":[{\"@type\":\"ReadAction\",\"target\":[\"https:\/\/dicodusport.fr\/blog\/athletisme-championnats-deurope-salle-2025-matinee-plus-contrastee-pour-les-tricolores-le-resume-du-vendredi-matin\/\"]}]},{\"@type\":\"ImageObject\",\"inLanguage\":\"fr-FR\",\"@id\":\"https:\/\/dicodusport.fr\/blog\/athletisme-championnats-deurope-salle-2025-matinee-plus-contrastee-pour-les-tricolores-le-resume-du-vendredi-matin\/#primaryimage\",\"url\":\"https:\/\/dicodusport.fr\/blog\/wp-content\/uploads\/2025\/03\/Athletisme-Championnats-dEurope-salle-2025-Matinee-compliquee-pour-les-Tricolores-le-resume-du-vendredi-matin.png\",\"contentUrl\":\"https:\/\/dicodusport.fr\/blog\/wp-content\/uploads\/2025\/03\/Athletisme-Championnats-dEurope-salle-2025-Matinee-compliquee-pour-les-Tricolores-le-resume-du-vendredi-matin.png\",\"width\":1200,\"height\":674,\"caption\":\"Athl\u00e9tisme Championnats d'Europe (salle) 2025 Matin\u00e9e compliqu\u00e9e pour les Tricolores, le r\u00e9sum\u00e9 du vendredi matin\"},{\"@type\":\"BreadcrumbList\",\"@id\":\"https:\/\/dicodusport.fr\/blog\/athletisme-championnats-deurope-salle-2025-matinee-plus-contrastee-pour-les-tricolores-le-resume-du-vendredi-matin\/#breadcrumb\",\"itemListElement\":[{\"@type\":\"ListItem\",\"position\":1,\"name\":\"Accueil\",\"item\":\"https:\/\/dicodusport.fr\/blog\/\"},{\"@type\":\"ListItem\",\"position\":2,\"name\":\"Athl\u00e9tisme Championnats d&rsquo;Europe (salle) 2025 : Matin\u00e9e plus contrast\u00e9e pour les Tricolores, le r\u00e9sum\u00e9 du vendredi matin\"}]},{\"@type\":\"WebSite\",\"@id\":\"https:\/\/dicodusport.fr\/blog\/#website\",\"url\":\"https:\/\/dicodusport.fr\/blog\/\",\"name\":\"Dicodusport\",\"description\":\"L&#039;encyclop\u00e9die de l&#039;actualit\u00e9 sportive\",\"publisher\":{\"@id\":\"https:\/\/dicodusport.fr\/blog\/#organization\"},\"potentialAction\":[{\"@type\":\"SearchAction\",\"target\":{\"@type\":\"EntryPoint\",\"urlTemplate\":\"https:\/\/dicodusport.fr\/blog\/?s={search_term_string}\"},\"query-input\":{\"@type\":\"PropertyValueSpecification\",\"valueRequired\":true,\"valueName\":\"search_term_string\"}}],\"inLanguage\":\"fr-FR\"},{\"@type\":\"NewsMediaOrganization\",\"@id\":\"https:\/\/dicodusport.fr\/blog\/#organization\",\"name\":\"Dicodusport\",\"url\":\"https:\/\/dicodusport.fr\/blog\/\",\"logo\":{\"@type\":\"ImageObject\",\"inLanguage\":\"fr-FR\",\"@id\":\"https:\/\/dicodusport.fr\/blog\/#\/schema\/logo\/image\/\",\"url\":\"https:\/\/dicodusport.fr\/blog\/wp-content\/uploads\/2020\/06\/cropped-LOGO-DICODUSPORT-2020-SANS-FOND-SANS-TEXTE.png\",\"contentUrl\":\"https:\/\/dicodusport.fr\/blog\/wp-content\/uploads\/2020\/06\/cropped-LOGO-DICODUSPORT-2020-SANS-FOND-SANS-TEXTE.png\",\"width\":512,\"height\":512,\"caption\":\"Dicodusport\"},\"image\":{\"@id\":\"https:\/\/dicodusport.fr\/blog\/#\/schema\/logo\/image\/\"},\"sameAs\":[\"https:\/\/www.facebook.com\/dicodusport\",\"https:\/\/x.com\/dicodusport\",\"https:\/\/www.instagram.com\/dicodusport\/\",\"https:\/\/www.youtube.com\/channel\/UC7V2KZ5sd3htJivAbA4ZG3w\"],\"description\":\"Dicodusport est l'encyclop\u00e9die de l'actualit\u00e9 sportive.\",\"email\":\"bonjour@dicodusport.fr\",\"legalName\":\"DICODUSPORT\",\"foundingDate\":\"2018-01-14\",\"vatID\":\"FR71834470973\",\"taxID\":\"83447097300043\",\"numberOfEmployees\":{\"@type\":\"QuantitativeValue\",\"minValue\":\"1\",\"maxValue\":\"10\"}},{\"@type\":\"Person\",\"@id\":\"https:\/\/dicodusport.fr\/blog\/#\/schema\/person\/d603dd7da31fb2b46c82b9835a77ec13\",\"name\":\"Etienne Goursaud\",\"image\":{\"@type\":\"ImageObject\",\"inLanguage\":\"fr-FR\",\"@id\":\"https:\/\/dicodusport.fr\/blog\/#\/schema\/person\/image\/\",\"url\":\"https:\/\/dicodusport.fr\/blog\/wp-content\/uploads\/2023\/12\/410122264_10231602061736049_5565839791558026645_n-150x150.jpg\",\"contentUrl\":\"https:\/\/dicodusport.fr\/blog\/wp-content\/uploads\/2023\/12\/410122264_10231602061736049_5565839791558026645_n-150x150.jpg\",\"caption\":\"Etienne Goursaud\"},\"description\":\"Journaliste et amoureux de sport. Ancien footballeur reconverti athl\u00e8te quand ses muscles le laissent tranquille. \u00c9lev\u00e9 \u00e0 la sauce des exploits de Thomas Voeckler en 2004, du dernier essai de l\u00e9gende de Eunice Barber \u00e0 la longueur lors des championnats du monde d'athl\u00e9tisme de 2003 mais aussi Zidane, Omeyer et Titou Lamaison.\",\"url\":\"https:\/\/dicodusport.fr\/blog\/author\/etienne-goursaud\/\"}]}<\/script>\n<!-- \/ Yoast SEO Premium plugin. -->","yoast_head_json":{"title":"Athl\u00e9tisme Championnats d'Europe (salle) 2025 : Matin\u00e9e plus contrast\u00e9e pour les Tricolores, le r\u00e9sum\u00e9 du vendredi matin","description":"CHAMPIONNATS D'EUROPE D'ATHL\u00c9TISME EN SALLE 2025 - Matin\u00e9e contrast\u00e9e pour la d\u00e9l\u00e9gation tricolore, avec l'\u00e9limination de La\u00ebticia Bapt\u00e9 sur 60 m haies.","robots":{"index":"index","follow":"follow","max-snippet":"max-snippet:-1","max-image-preview":"max-image-preview:large","max-video-preview":"max-video-preview:-1"},"canonical":"https:\/\/dicodusport.fr\/blog\/athletisme-championnats-deurope-salle-2025-matinee-plus-contrastee-pour-les-tricolores-le-resume-du-vendredi-matin\/","og_locale":"fr_FR","og_type":"article","og_title":"Athl\u00e9tisme Championnats d'Europe (salle) 2025 : Matin\u00e9e plus contrast\u00e9e pour les Tricolores, le r\u00e9sum\u00e9 du vendredi matin","og_description":"CHAMPIONNATS D'EUROPE D'ATHL\u00c9TISME EN SALLE 2025 - Matin\u00e9e contrast\u00e9e pour la d\u00e9l\u00e9gation tricolore, avec l'\u00e9limination de La\u00ebticia Bapt\u00e9 sur 60 m haies.","og_url":"https:\/\/dicodusport.fr\/blog\/athletisme-championnats-deurope-salle-2025-matinee-plus-contrastee-pour-les-tricolores-le-resume-du-vendredi-matin\/","og_site_name":"Dicodusport","article_publisher":"https:\/\/www.facebook.com\/dicodusport","article_published_time":"2025-03-07T14:05:10+00:00","article_modified_time":"2025-03-07T15:10:22+00:00","og_image":[{"width":1200,"height":674,"url":"https:\/\/dicodusport.fr\/blog\/wp-content\/uploads\/2025\/03\/Athletisme-Championnats-dEurope-salle-2025-Matinee-compliquee-pour-les-Tricolores-le-resume-du-vendredi-matin.png","type":"image\/png"}],"author":"Etienne Goursaud","twitter_card":"summary_large_image","twitter_title":"Athl\u00e9tisme Championnats d'Europe (salle) 2025 : Matin\u00e9e plus contrast\u00e9e pour les Tricolores, le r\u00e9sum\u00e9 du vendredi matin","twitter_creator":"@dicodusport","twitter_site":"@dicodusport","schema":{"@context":"https:\/\/schema.org","@graph":[{"@type":"NewsArticle","@id":"https:\/\/dicodusport.fr\/blog\/athletisme-championnats-deurope-salle-2025-matinee-plus-contrastee-pour-les-tricolores-le-resume-du-vendredi-matin\/#article","isPartOf":{"@id":"https:\/\/dicodusport.fr\/blog\/athletisme-championnats-deurope-salle-2025-matinee-plus-contrastee-pour-les-tricolores-le-resume-du-vendredi-matin\/"},"author":{"name":"Etienne Goursaud","@id":"https:\/\/dicodusport.fr\/blog\/#\/schema\/person\/d603dd7da31fb2b46c82b9835a77ec13"},"headline":"Athl\u00e9tisme Championnats d&rsquo;Europe (salle) 2025 : Matin\u00e9e plus contrast\u00e9e pour les Tricolores, le r\u00e9sum\u00e9 du vendredi matin","datePublished":"2025-03-07T14:05:10+00:00","dateModified":"2025-03-07T15:10:22+00:00","mainEntityOfPage":{"@id":"https:\/\/dicodusport.fr\/blog\/athletisme-championnats-deurope-salle-2025-matinee-plus-contrastee-pour-les-tricolores-le-resume-du-vendredi-matin\/"},"wordCount":1686,"commentCount":0,"publisher":{"@id":"https:\/\/dicodusport.fr\/blog\/#organization"},"image":{"@id":"https:\/\/dicodusport.fr\/blog\/athletisme-championnats-deurope-salle-2025-matinee-plus-contrastee-pour-les-tricolores-le-resume-du-vendredi-matin\/#primaryimage"},"thumbnailUrl":"https:\/\/dicodusport.fr\/blog\/wp-content\/uploads\/2025\/03\/Athletisme-Championnats-dEurope-salle-2025-Matinee-compliquee-pour-les-Tricolores-le-resume-du-vendredi-matin.png","keywords":["actu","Apeldoorn","Athl\u00e9tisme","Athl\u00e9tisme fran\u00e7ais","br\u00e8ve","\u00e9quipe de France d'athl\u00e9tisme"],"articleSection":["Athl\u00e9tisme"],"inLanguage":"fr-FR","potentialAction":[{"@type":"CommentAction","name":"Comment","target":["https:\/\/dicodusport.fr\/blog\/athletisme-championnats-deurope-salle-2025-matinee-plus-contrastee-pour-les-tricolores-le-resume-du-vendredi-matin\/#respond"]}],"copyrightYear":"2025","copyrightHolder":{"@id":"https:\/\/dicodusport.fr\/blog\/#organization"}},{"@type":"WebPage","@id":"https:\/\/dicodusport.fr\/blog\/athletisme-championnats-deurope-salle-2025-matinee-plus-contrastee-pour-les-tricolores-le-resume-du-vendredi-matin\/","url":"https:\/\/dicodusport.fr\/blog\/athletisme-championnats-deurope-salle-2025-matinee-plus-contrastee-pour-les-tricolores-le-resume-du-vendredi-matin\/","name":"Athl\u00e9tisme Championnats d'Europe (salle) 2025 : Matin\u00e9e plus contrast\u00e9e pour les Tricolores, le r\u00e9sum\u00e9 du vendredi matin","isPartOf":{"@id":"https:\/\/dicodusport.fr\/blog\/#website"},"primaryImageOfPage":{"@id":"https:\/\/dicodusport.fr\/blog\/athletisme-championnats-deurope-salle-2025-matinee-plus-contrastee-pour-les-tricolores-le-resume-du-vendredi-matin\/#primaryimage"},"image":{"@id":"https:\/\/dicodusport.fr\/blog\/athletisme-championnats-deurope-salle-2025-matinee-plus-contrastee-pour-les-tricolores-le-resume-du-vendredi-matin\/#primaryimage"},"thumbnailUrl":"https:\/\/dicodusport.fr\/blog\/wp-content\/uploads\/2025\/03\/Athletisme-Championnats-dEurope-salle-2025-Matinee-compliquee-pour-les-Tricolores-le-resume-du-vendredi-matin.png","datePublished":"2025-03-07T14:05:10+00:00","dateModified":"2025-03-07T15:10:22+00:00","description":"CHAMPIONNATS D'EUROPE D'ATHL\u00c9TISME EN SALLE 2025 - Matin\u00e9e contrast\u00e9e pour la d\u00e9l\u00e9gation tricolore, avec l'\u00e9limination de La\u00ebticia Bapt\u00e9 sur 60 m haies.","breadcrumb":{"@id":"https:\/\/dicodusport.fr\/blog\/athletisme-championnats-deurope-salle-2025-matinee-plus-contrastee-pour-les-tricolores-le-resume-du-vendredi-matin\/#breadcrumb"},"inLanguage":"fr-FR","potentialAction":[{"@type":"ReadAction","target":["https:\/\/dicodusport.fr\/blog\/athletisme-championnats-deurope-salle-2025-matinee-plus-contrastee-pour-les-tricolores-le-resume-du-vendredi-matin\/"]}]},{"@type":"ImageObject","inLanguage":"fr-FR","@id":"https:\/\/dicodusport.fr\/blog\/athletisme-championnats-deurope-salle-2025-matinee-plus-contrastee-pour-les-tricolores-le-resume-du-vendredi-matin\/#primaryimage","url":"https:\/\/dicodusport.fr\/blog\/wp-content\/uploads\/2025\/03\/Athletisme-Championnats-dEurope-salle-2025-Matinee-compliquee-pour-les-Tricolores-le-resume-du-vendredi-matin.png","contentUrl":"https:\/\/dicodusport.fr\/blog\/wp-content\/uploads\/2025\/03\/Athletisme-Championnats-dEurope-salle-2025-Matinee-compliquee-pour-les-Tricolores-le-resume-du-vendredi-matin.png","width":1200,"height":674,"caption":"Athl\u00e9tisme Championnats d'Europe (salle) 2025 Matin\u00e9e compliqu\u00e9e pour les Tricolores, le r\u00e9sum\u00e9 du vendredi matin"},{"@type":"BreadcrumbList","@id":"https:\/\/dicodusport.fr\/blog\/athletisme-championnats-deurope-salle-2025-matinee-plus-contrastee-pour-les-tricolores-le-resume-du-vendredi-matin\/#breadcrumb","itemListElement":[{"@type":"ListItem","position":1,"name":"Accueil","item":"https:\/\/dicodusport.fr\/blog\/"},{"@type":"ListItem","position":2,"name":"Athl\u00e9tisme Championnats d&rsquo;Europe (salle) 2025 : Matin\u00e9e plus contrast\u00e9e pour les Tricolores, le r\u00e9sum\u00e9 du vendredi matin"}]},{"@type":"WebSite","@id":"https:\/\/dicodusport.fr\/blog\/#website","url":"https:\/\/dicodusport.fr\/blog\/","name":"Dicodusport","description":"L&#039;encyclop\u00e9die de l&#039;actualit\u00e9 sportive","publisher":{"@id":"https:\/\/dicodusport.fr\/blog\/#organization"},"potentialAction":[{"@type":"SearchAction","target":{"@type":"EntryPoint","urlTemplate":"https:\/\/dicodusport.fr\/blog\/?s={search_term_string}"},"query-input":{"@type":"PropertyValueSpecification","valueRequired":true,"valueName":"search_term_string"}}],"inLanguage":"fr-FR"},{"@type":"NewsMediaOrganization","@id":"https:\/\/dicodusport.fr\/blog\/#organization","name":"Dicodusport","url":"https:\/\/dicodusport.fr\/blog\/","logo":{"@type":"ImageObject","inLanguage":"fr-FR","@id":"https:\/\/dicodusport.fr\/blog\/#\/schema\/logo\/image\/","url":"https:\/\/dicodusport.fr\/blog\/wp-content\/uploads\/2020\/06\/cropped-LOGO-DICODUSPORT-2020-SANS-FOND-SANS-TEXTE.png","contentUrl":"https:\/\/dicodusport.fr\/blog\/wp-content\/uploads\/2020\/06\/cropped-LOGO-DICODUSPORT-2020-SANS-FOND-SANS-TEXTE.png","width":512,"height":512,"caption":"Dicodusport"},"image":{"@id":"https:\/\/dicodusport.fr\/blog\/#\/schema\/logo\/image\/"},"sameAs":["https:\/\/www.facebook.com\/dicodusport","https:\/\/x.com\/dicodusport","https:\/\/www.instagram.com\/dicodusport\/","https:\/\/www.youtube.com\/channel\/UC7V2KZ5sd3htJivAbA4ZG3w"],"description":"Dicodusport est l'encyclop\u00e9die de l'actualit\u00e9 sportive.","email":"bonjour@dicodusport.fr","legalName":"DICODUSPORT","foundingDate":"2018-01-14","vatID":"FR71834470973","taxID":"83447097300043","numberOfEmployees":{"@type":"QuantitativeValue","minValue":"1","maxValue":"10"}},{"@type":"Person","@id":"https:\/\/dicodusport.fr\/blog\/#\/schema\/person\/d603dd7da31fb2b46c82b9835a77ec13","name":"Etienne Goursaud","image":{"@type":"ImageObject","inLanguage":"fr-FR","@id":"https:\/\/dicodusport.fr\/blog\/#\/schema\/person\/image\/","url":"https:\/\/dicodusport.fr\/blog\/wp-content\/uploads\/2023\/12\/410122264_10231602061736049_5565839791558026645_n-150x150.jpg","contentUrl":"https:\/\/dicodusport.fr\/blog\/wp-content\/uploads\/2023\/12\/410122264_10231602061736049_5565839791558026645_n-150x150.jpg","caption":"Etienne Goursaud"},"description":"Journaliste et amoureux de sport. Ancien footballeur reconverti athl\u00e8te quand ses muscles le laissent tranquille. \u00c9lev\u00e9 \u00e0 la sauce des exploits de Thomas Voeckler en 2004, du dernier essai de l\u00e9gende de Eunice Barber \u00e0 la longueur lors des championnats du monde d'athl\u00e9tisme de 2003 mais aussi Zidane, Omeyer et Titou Lamaison.","url":"https:\/\/dicodusport.fr\/blog\/author\/etienne-goursaud\/"}]}},"_links":{"self":[{"href":"https:\/\/dicodusport.fr\/blog\/wp-json\/wp\/v2\/posts\/561827","targetHints":{"allow":["GET"]}}],"collection":[{"href":"https:\/\/dicodusport.fr\/blog\/wp-json\/wp\/v2\/posts"}],"about":[{"href":"https:\/\/dicodusport.fr\/blog\/wp-json\/wp\/v2\/types\/post"}],"author":[{"embeddable":true,"href":"https:\/\/dicodusport.fr\/blog\/wp-json\/wp\/v2\/users\/83"}],"replies":[{"embeddable":true,"href":"https:\/\/dicodusport.fr\/blog\/wp-json\/wp\/v2\/comments?post=561827"}],"version-history":[{"count":5,"href":"https:\/\/dicodusport.fr\/blog\/wp-json\/wp\/v2\/posts\/561827\/revisions"}],"predecessor-version":[{"id":561949,"href":"https:\/\/dicodusport.fr\/blog\/wp-json\/wp\/v2\/posts\/561827\/revisions\/561949"}],"wp:featuredmedia":[{"embeddable":true,"href":"https:\/\/dicodusport.fr\/blog\/wp-json\/wp\/v2\/media\/561925"}],"wp:attachment":[{"href":"https:\/\/dicodusport.fr\/blog\/wp-json\/wp\/v2\/media?parent=561827"}],"wp:term":[{"taxonomy":"category","embeddable":true,"href":"https:\/\/dicodusport.fr\/blog\/wp-json\/wp\/v2\/categories?post=561827"},{"taxonomy":"post_tag","embeddable":true,"href":"https:\/\/dicodusport.fr\/blog\/wp-json\/wp\/v2\/tags?post=561827"}],"curies":[{"name":"wp","href":"https:\/\/api.w.org\/{rel}","templated":true}]}}