{"id":561831,"date":"2025-03-07T09:48:50","date_gmt":"2025-03-07T08:48:50","guid":{"rendered":"https:\/\/dicodusport.fr\/blog\/?p=561831&#038;preview=true&#038;preview_id=561831"},"modified":"2025-05-21T17:44:55","modified_gmt":"2025-05-21T15:44:55","slug":"colomiers-biarritz-les-clubs-de-pro-d2-sactivent-sur-le-marche-des-transferts","status":"publish","type":"post","link":"https:\/\/dicodusport.fr\/blog\/colomiers-biarritz-les-clubs-de-pro-d2-sactivent-sur-le-marche-des-transferts\/","title":{"rendered":"Colomiers, Biarritz, les clubs de Pro D2 s&rsquo;activent sur le march\u00e9 des transferts"},"content":{"rendered":"<h4 style=\"text-align: justify;\"><em>TRANSFERTS RUGBY &#8211; \u00c0 quelques heures d&rsquo;intervalle, Biarritz et Colomiers ont annonc\u00e9 une recrue pour la saison prochaine.\u00a0<\/em><\/h4>\n<p style=\"text-align: justify;\">Comme chaque ann\u00e9e, les clubs de <strong>Top<\/strong> <strong>14<\/strong> s&rsquo;activent avant leurs homologues de <strong>Pro<\/strong> <strong>D2<\/strong> sur le march\u00e9 des transferts. Les formations du deuxi\u00e8me \u00e9chelon fran\u00e7ais doivent souvent attendre que les effectifs du niveau sup\u00e9rieur soient presque boucl\u00e9s pour faire des bons coups avec des joueurs toujours sans contrat.<\/p>\n<ul style=\"text-align: justify;\">\n<li style=\"text-align: justify;\"><strong>\u00c0 ce sujet &#8211; <a href=\"https:\/\/dicodusport.fr\/blog\/transferts-rugby-karim-ghezal-masivesi-dakuwaqa-cyriac-guilly-les-infos-transferts-du-jeudi-6-mars\/\" target=\"_blank\" rel=\"noopener\">Transferts Rugby : Karim Ghezal, Masivesi Dakuwaqa, Cyriac Guilly, les infos transferts du jeudi 6 mars<\/a><br \/>\n<\/strong><\/li>\n<\/ul>\n<h2 style=\"text-align: justify;\">Jules Danglot \u00e0 Colomiers<\/h2>\n<p style=\"text-align: justify;\"><strong>Jules Danglot<\/strong> faisait partie de ces joueurs toujours sans contrat pour la saison 2025-2026. Barr\u00e9 par <strong>Baptiste<\/strong> <strong>Serin<\/strong> et <strong>Ben<\/strong> <strong>White<\/strong>, il fait les frais de l&rsquo;arriv\u00e9e de <strong>Clovis Le Bail<\/strong> (Racing 92) dans quelques mois. \u00c0 seulement 23 ans, le jeune demi de m\u00eal\u00e9e a encore l&rsquo;avenir devant lui et va tenter de se relancer avec <strong>Colomiers<\/strong>. Il vient de parapher un contrat de deux saisons, soit jusqu&rsquo;en 2027, avec la formation de <strong>Pro<\/strong> <strong>D2<\/strong>. <strong>Jules<\/strong> <strong>Danglot<\/strong> a pris part \u00e0 14 matchs cette saison avec Toulon, mais pour une seule titularisation.<\/p>\n<h2 style=\"text-align: justify;\">Jules Even retourne \u00e0 Biarritz<\/h2>\n<p style=\"text-align: justify;\">En fin de contrat avec <strong>Mont-de-Marsan<\/strong>, <strong>Jules<\/strong> <strong>Even<\/strong> va changer d&rsquo;air malgr\u00e9 une proposition du club landais pour le conserver. Apr\u00e8s plusieurs saisons au top, le centre de 26 ans a encha\u00een\u00e9 les p\u00e9pins physiques ces derniers mois et n&rsquo;a jou\u00e9 que deux rencontres depuis la reprise en ao\u00fbt dernier. Il conserve une belle cote en Pro D2 et a choisi de rejoindre le <strong>Biarritz Olympique<\/strong>, o\u00f9 il a d\u00e9j\u00e0 \u00e9volu\u00e9 entre 2015 et 2018.<\/p>\n<h2 style=\"text-align: justify;\">\u00c0 lire aussi<\/h2>\n<div class=\"vlp-link-container vlp-layout-article\"><a href=\"https:\/\/dicodusport.fr\/blog\/transferts-un-club-de-top-14-veut-signer-ilaisa-droasese\/\" class=\"vlp-link\" title=\"Transferts : Un club de Top 14 veut signer Ilaisa Droasese\"><\/a><div class=\"vlp-layout-zone-side\"><div class=\"vlp-block-4 vlp-link-image\"><img loading=\"lazy\" decoding=\"async\" style=\"max-width: 792px;\" width=\"792\" height=\"445\" src=\"https:\/\/dicodusport.fr\/blog\/wp-content\/uploads\/2025\/03\/Transferts-Un-club-de-Top-14-veut-signer-Ilaisa-Droasese.png\" class=\"attachment-800x445 size-800x445\" alt=\"\" srcset=\"https:\/\/dicodusport.fr\/blog\/wp-content\/uploads\/2025\/03\/Transferts-Un-club-de-Top-14-veut-signer-Ilaisa-Droasese.png 1200w, https:\/\/dicodusport.fr\/blog\/wp-content\/uploads\/2025\/03\/Transferts-Un-club-de-Top-14-veut-signer-Ilaisa-Droasese-300x169.png 300w, https:\/\/dicodusport.fr\/blog\/wp-content\/uploads\/2025\/03\/Transferts-Un-club-de-Top-14-veut-signer-Ilaisa-Droasese-1024x575.png 1024w, https:\/\/dicodusport.fr\/blog\/wp-content\/uploads\/2025\/03\/Transferts-Un-club-de-Top-14-veut-signer-Ilaisa-Droasese-768x431.png 768w\" sizes=\"auto, (max-width: 792px) 100vw, 792px\" \/><\/div><\/div><div class=\"vlp-layout-zone-main\"><div class=\"vlp-block-0 vlp-link-title\">Transferts : Un club de Top 14 veut signer Ilaisa Droasese<\/div><div class=\"vlp-block-1 vlp-link-summary\">TRANSFERTS RUGBY - Selon Actu Rugby, le Castres Olympique veut recruter Ilaisa Droasese (25 ans) pour renforcer sa ligne de trois-quarts.<\/div><div class=\"vlp-block-2 vlp-link-button\">Lire l'article<\/div><div class=\"vlp-block-3 vlp-link-url\">dicodusport.fr<\/div><\/div><\/div>\n","protected":false},"excerpt":{"rendered":"<p>TRANSFERTS RUGBY &#8211; \u00c0 quelques heures d&rsquo;intervalle, Biarritz et Colomiers ont annonc\u00e9 une recrue pour la saison prochaine.\u00a0<\/p>\n","protected":false},"author":1,"featured_media":561833,"comment_status":"open","ping_status":"closed","sticky":false,"template":"","format":"standard","meta":{"_acf_changed":false,"_daextam_enable_autolinks":"1","footnotes":""},"categories":[47052,9129],"tags":[32415,1686,16878,8161,13,110,29105],"class_list":["post-561831","post","type-post","status-publish","format-standard","has-post-thumbnail","hentry","category-pro-d2","category-rugby-a-xv","tag-actu","tag-biarritz","tag-breve","tag-colomiers","tag-rugby","tag-rugby-a-xv","tag-transferts-rugby"],"acf":[],"yoast_head":"<!-- This site is optimized with the Yoast SEO Premium plugin v26.7 (Yoast SEO v26.7) - https:\/\/yoast.com\/wordpress\/plugins\/seo\/ -->\n<title>Colomiers, Biarritz, les clubs de Pro D2 s&#039;activent sur le march\u00e9 des transferts<\/title>\n<meta name=\"description\" content=\"TRANSFERTS RUGBY - \u00c0 quelques heures d&#039;intervalle, Biarritz et Colomiers ont annonc\u00e9 une recrue pour la saison prochaine.\u00a0\" \/>\n<meta name=\"robots\" content=\"index, follow, max-snippet:-1, max-image-preview:large, max-video-preview:-1\" \/>\n<link rel=\"canonical\" href=\"https:\/\/dicodusport.fr\/blog\/colomiers-biarritz-les-clubs-de-pro-d2-sactivent-sur-le-marche-des-transferts\/\" \/>\n<meta property=\"og:locale\" content=\"fr_FR\" \/>\n<meta property=\"og:type\" content=\"article\" \/>\n<meta property=\"og:title\" content=\"Colomiers, Biarritz, les clubs de Pro D2 s&#039;activent sur le march\u00e9 des transferts\" \/>\n<meta property=\"og:description\" content=\"TRANSFERTS RUGBY - \u00c0 quelques heures d&#039;intervalle, Biarritz et Colomiers ont annonc\u00e9 une recrue pour la saison prochaine.\u00a0\" \/>\n<meta property=\"og:url\" content=\"https:\/\/dicodusport.fr\/blog\/colomiers-biarritz-les-clubs-de-pro-d2-sactivent-sur-le-marche-des-transferts\/\" \/>\n<meta property=\"og:site_name\" content=\"Dicodusport\" \/>\n<meta property=\"article:publisher\" content=\"https:\/\/www.facebook.com\/dicodusport\" \/>\n<meta property=\"article:author\" content=\"https:\/\/www.facebook.com\/dicodusport\" \/>\n<meta property=\"article:published_time\" content=\"2025-03-07T08:48:50+00:00\" \/>\n<meta property=\"article:modified_time\" content=\"2025-05-21T15:44:55+00:00\" \/>\n<meta property=\"og:image\" content=\"https:\/\/dicodusport.fr\/blog\/wp-content\/uploads\/2025\/03\/Colomiers-Biarritz-les-clubs-de-Pro-D2-sactivent-sur-le-marche-des-transferts.png\" \/>\n\t<meta property=\"og:image:width\" content=\"1200\" \/>\n\t<meta property=\"og:image:height\" content=\"674\" \/>\n\t<meta property=\"og:image:type\" content=\"image\/png\" \/>\n<meta name=\"author\" content=\"Nicolas Jacquemard\" \/>\n<meta name=\"twitter:card\" content=\"summary_large_image\" \/>\n<meta name=\"twitter:title\" content=\"Colomiers, Biarritz, les clubs de Pro D2 s&#039;activent sur le march\u00e9 des transferts\" \/>\n<meta name=\"twitter:creator\" content=\"@https:\/\/twitter.com\/Nico_Jacquemard\" \/>\n<meta name=\"twitter:site\" content=\"@dicodusport\" \/>\n<script type=\"application\/ld+json\" class=\"yoast-schema-graph\">{\"@context\":\"https:\/\/schema.org\",\"@graph\":[{\"@type\":\"NewsArticle\",\"@id\":\"https:\/\/dicodusport.fr\/blog\/colomiers-biarritz-les-clubs-de-pro-d2-sactivent-sur-le-marche-des-transferts\/#article\",\"isPartOf\":{\"@id\":\"https:\/\/dicodusport.fr\/blog\/colomiers-biarritz-les-clubs-de-pro-d2-sactivent-sur-le-marche-des-transferts\/\"},\"author\":{\"name\":\"Nicolas Jacquemard\",\"@id\":\"https:\/\/dicodusport.fr\/blog\/#\/schema\/person\/55dcb50ad410894e431ed812bbb70191\"},\"headline\":\"Colomiers, Biarritz, les clubs de Pro D2 s&rsquo;activent sur le march\u00e9 des transferts\",\"datePublished\":\"2025-03-07T08:48:50+00:00\",\"dateModified\":\"2025-05-21T15:44:55+00:00\",\"mainEntityOfPage\":{\"@id\":\"https:\/\/dicodusport.fr\/blog\/colomiers-biarritz-les-clubs-de-pro-d2-sactivent-sur-le-marche-des-transferts\/\"},\"wordCount\":364,\"commentCount\":0,\"publisher\":{\"@id\":\"https:\/\/dicodusport.fr\/blog\/#organization\"},\"image\":{\"@id\":\"https:\/\/dicodusport.fr\/blog\/colomiers-biarritz-les-clubs-de-pro-d2-sactivent-sur-le-marche-des-transferts\/#primaryimage\"},\"thumbnailUrl\":\"https:\/\/dicodusport.fr\/blog\/wp-content\/uploads\/2025\/03\/Colomiers-Biarritz-les-clubs-de-Pro-D2-sactivent-sur-le-marche-des-transferts.png\",\"keywords\":[\"actu\",\"biarritz\",\"br\u00e8ve\",\"Colomiers\",\"Rugby\",\"Rugby \u00e0 XV\",\"Transferts rugby\"],\"articleSection\":[\"Pro D2\",\"Rugby \u00e0 XV\"],\"inLanguage\":\"fr-FR\",\"potentialAction\":[{\"@type\":\"CommentAction\",\"name\":\"Comment\",\"target\":[\"https:\/\/dicodusport.fr\/blog\/colomiers-biarritz-les-clubs-de-pro-d2-sactivent-sur-le-marche-des-transferts\/#respond\"]}],\"copyrightYear\":\"2025\",\"copyrightHolder\":{\"@id\":\"https:\/\/dicodusport.fr\/blog\/#organization\"}},{\"@type\":\"WebPage\",\"@id\":\"https:\/\/dicodusport.fr\/blog\/colomiers-biarritz-les-clubs-de-pro-d2-sactivent-sur-le-marche-des-transferts\/\",\"url\":\"https:\/\/dicodusport.fr\/blog\/colomiers-biarritz-les-clubs-de-pro-d2-sactivent-sur-le-marche-des-transferts\/\",\"name\":\"Colomiers, Biarritz, les clubs de Pro D2 s'activent sur le march\u00e9 des transferts\",\"isPartOf\":{\"@id\":\"https:\/\/dicodusport.fr\/blog\/#website\"},\"primaryImageOfPage\":{\"@id\":\"https:\/\/dicodusport.fr\/blog\/colomiers-biarritz-les-clubs-de-pro-d2-sactivent-sur-le-marche-des-transferts\/#primaryimage\"},\"image\":{\"@id\":\"https:\/\/dicodusport.fr\/blog\/colomiers-biarritz-les-clubs-de-pro-d2-sactivent-sur-le-marche-des-transferts\/#primaryimage\"},\"thumbnailUrl\":\"https:\/\/dicodusport.fr\/blog\/wp-content\/uploads\/2025\/03\/Colomiers-Biarritz-les-clubs-de-Pro-D2-sactivent-sur-le-marche-des-transferts.png\",\"datePublished\":\"2025-03-07T08:48:50+00:00\",\"dateModified\":\"2025-05-21T15:44:55+00:00\",\"description\":\"TRANSFERTS RUGBY - \u00c0 quelques heures d'intervalle, Biarritz et Colomiers ont annonc\u00e9 une recrue pour la saison prochaine.\u00a0\",\"breadcrumb\":{\"@id\":\"https:\/\/dicodusport.fr\/blog\/colomiers-biarritz-les-clubs-de-pro-d2-sactivent-sur-le-marche-des-transferts\/#breadcrumb\"},\"inLanguage\":\"fr-FR\",\"potentialAction\":[{\"@type\":\"ReadAction\",\"target\":[\"https:\/\/dicodusport.fr\/blog\/colomiers-biarritz-les-clubs-de-pro-d2-sactivent-sur-le-marche-des-transferts\/\"]}]},{\"@type\":\"ImageObject\",\"inLanguage\":\"fr-FR\",\"@id\":\"https:\/\/dicodusport.fr\/blog\/colomiers-biarritz-les-clubs-de-pro-d2-sactivent-sur-le-marche-des-transferts\/#primaryimage\",\"url\":\"https:\/\/dicodusport.fr\/blog\/wp-content\/uploads\/2025\/03\/Colomiers-Biarritz-les-clubs-de-Pro-D2-sactivent-sur-le-marche-des-transferts.png\",\"contentUrl\":\"https:\/\/dicodusport.fr\/blog\/wp-content\/uploads\/2025\/03\/Colomiers-Biarritz-les-clubs-de-Pro-D2-sactivent-sur-le-marche-des-transferts.png\",\"width\":1200,\"height\":674},{\"@type\":\"BreadcrumbList\",\"@id\":\"https:\/\/dicodusport.fr\/blog\/colomiers-biarritz-les-clubs-de-pro-d2-sactivent-sur-le-marche-des-transferts\/#breadcrumb\",\"itemListElement\":[{\"@type\":\"ListItem\",\"position\":1,\"name\":\"Accueil\",\"item\":\"https:\/\/dicodusport.fr\/blog\/\"},{\"@type\":\"ListItem\",\"position\":2,\"name\":\"Colomiers, Biarritz, les clubs de Pro D2 s&rsquo;activent sur le march\u00e9 des transferts\"}]},{\"@type\":\"WebSite\",\"@id\":\"https:\/\/dicodusport.fr\/blog\/#website\",\"url\":\"https:\/\/dicodusport.fr\/blog\/\",\"name\":\"Dicodusport\",\"description\":\"L&#039;encyclop\u00e9die de l&#039;actualit\u00e9 sportive\",\"publisher\":{\"@id\":\"https:\/\/dicodusport.fr\/blog\/#organization\"},\"potentialAction\":[{\"@type\":\"SearchAction\",\"target\":{\"@type\":\"EntryPoint\",\"urlTemplate\":\"https:\/\/dicodusport.fr\/blog\/?s={search_term_string}\"},\"query-input\":{\"@type\":\"PropertyValueSpecification\",\"valueRequired\":true,\"valueName\":\"search_term_string\"}}],\"inLanguage\":\"fr-FR\"},{\"@type\":\"NewsMediaOrganization\",\"@id\":\"https:\/\/dicodusport.fr\/blog\/#organization\",\"name\":\"Dicodusport\",\"url\":\"https:\/\/dicodusport.fr\/blog\/\",\"logo\":{\"@type\":\"ImageObject\",\"inLanguage\":\"fr-FR\",\"@id\":\"https:\/\/dicodusport.fr\/blog\/#\/schema\/logo\/image\/\",\"url\":\"https:\/\/dicodusport.fr\/blog\/wp-content\/uploads\/2020\/06\/cropped-LOGO-DICODUSPORT-2020-SANS-FOND-SANS-TEXTE.png\",\"contentUrl\":\"https:\/\/dicodusport.fr\/blog\/wp-content\/uploads\/2020\/06\/cropped-LOGO-DICODUSPORT-2020-SANS-FOND-SANS-TEXTE.png\",\"width\":512,\"height\":512,\"caption\":\"Dicodusport\"},\"image\":{\"@id\":\"https:\/\/dicodusport.fr\/blog\/#\/schema\/logo\/image\/\"},\"sameAs\":[\"https:\/\/www.facebook.com\/dicodusport\",\"https:\/\/x.com\/dicodusport\",\"https:\/\/www.instagram.com\/dicodusport\/\",\"https:\/\/www.youtube.com\/channel\/UC7V2KZ5sd3htJivAbA4ZG3w\"],\"description\":\"Dicodusport est l'encyclop\u00e9die de l'actualit\u00e9 sportive.\",\"email\":\"bonjour@dicodusport.fr\",\"legalName\":\"DICODUSPORT\",\"foundingDate\":\"2018-01-14\",\"vatID\":\"FR71834470973\",\"taxID\":\"83447097300043\",\"numberOfEmployees\":{\"@type\":\"QuantitativeValue\",\"minValue\":\"1\",\"maxValue\":\"10\"}},{\"@type\":\"Person\",\"@id\":\"https:\/\/dicodusport.fr\/blog\/#\/schema\/person\/55dcb50ad410894e431ed812bbb70191\",\"name\":\"Nicolas Jacquemard\",\"image\":{\"@type\":\"ImageObject\",\"inLanguage\":\"fr-FR\",\"@id\":\"https:\/\/dicodusport.fr\/blog\/#\/schema\/person\/image\/\",\"url\":\"https:\/\/dicodusport.fr\/blog\/wp-content\/uploads\/2021\/05\/Nicolas-Jacquemard-150x150.jpeg\",\"contentUrl\":\"https:\/\/dicodusport.fr\/blog\/wp-content\/uploads\/2021\/05\/Nicolas-Jacquemard-150x150.jpeg\",\"caption\":\"Nicolas Jacquemard\"},\"description\":\"Passionn\u00e9 de sport et entrepreneur depuis mes 18 ans, la cr\u00e9ation de Dicodusport m'a sembl\u00e9 \u00e9vidente pour participer \u00e0 la m\u00e9diatisation d'un plus grand nombre de sports. Le chemin est long mais avec une \u00e9quipe des plus motiv\u00e9es et les Jeux Olympiques de Paris 2024 en point de mire, nous y arriverons ! Journaliste dans le monde du sport depuis plus de 5 ans, je traite aussi bien de football, de rugby, de biathlon que de cyclisme.\",\"sameAs\":[\"https:\/\/www.facebook.com\/dicodusport\",\"https:\/\/x.com\/https:\/\/twitter.com\/Nico_Jacquemard\"],\"url\":\"https:\/\/dicodusport.fr\/blog\/author\/dicodusport\/\"}]}<\/script>\n<!-- \/ Yoast SEO Premium plugin. -->","yoast_head_json":{"title":"Colomiers, Biarritz, les clubs de Pro D2 s'activent sur le march\u00e9 des transferts","description":"TRANSFERTS RUGBY - \u00c0 quelques heures d'intervalle, Biarritz et Colomiers ont annonc\u00e9 une recrue pour la saison prochaine.\u00a0","robots":{"index":"index","follow":"follow","max-snippet":"max-snippet:-1","max-image-preview":"max-image-preview:large","max-video-preview":"max-video-preview:-1"},"canonical":"https:\/\/dicodusport.fr\/blog\/colomiers-biarritz-les-clubs-de-pro-d2-sactivent-sur-le-marche-des-transferts\/","og_locale":"fr_FR","og_type":"article","og_title":"Colomiers, Biarritz, les clubs de Pro D2 s'activent sur le march\u00e9 des transferts","og_description":"TRANSFERTS RUGBY - \u00c0 quelques heures d'intervalle, Biarritz et Colomiers ont annonc\u00e9 une recrue pour la saison prochaine.\u00a0","og_url":"https:\/\/dicodusport.fr\/blog\/colomiers-biarritz-les-clubs-de-pro-d2-sactivent-sur-le-marche-des-transferts\/","og_site_name":"Dicodusport","article_publisher":"https:\/\/www.facebook.com\/dicodusport","article_author":"https:\/\/www.facebook.com\/dicodusport","article_published_time":"2025-03-07T08:48:50+00:00","article_modified_time":"2025-05-21T15:44:55+00:00","og_image":[{"width":1200,"height":674,"url":"https:\/\/dicodusport.fr\/blog\/wp-content\/uploads\/2025\/03\/Colomiers-Biarritz-les-clubs-de-Pro-D2-sactivent-sur-le-marche-des-transferts.png","type":"image\/png"}],"author":"Nicolas Jacquemard","twitter_card":"summary_large_image","twitter_title":"Colomiers, Biarritz, les clubs de Pro D2 s'activent sur le march\u00e9 des transferts","twitter_creator":"@https:\/\/twitter.com\/Nico_Jacquemard","twitter_site":"@dicodusport","schema":{"@context":"https:\/\/schema.org","@graph":[{"@type":"NewsArticle","@id":"https:\/\/dicodusport.fr\/blog\/colomiers-biarritz-les-clubs-de-pro-d2-sactivent-sur-le-marche-des-transferts\/#article","isPartOf":{"@id":"https:\/\/dicodusport.fr\/blog\/colomiers-biarritz-les-clubs-de-pro-d2-sactivent-sur-le-marche-des-transferts\/"},"author":{"name":"Nicolas Jacquemard","@id":"https:\/\/dicodusport.fr\/blog\/#\/schema\/person\/55dcb50ad410894e431ed812bbb70191"},"headline":"Colomiers, Biarritz, les clubs de Pro D2 s&rsquo;activent sur le march\u00e9 des transferts","datePublished":"2025-03-07T08:48:50+00:00","dateModified":"2025-05-21T15:44:55+00:00","mainEntityOfPage":{"@id":"https:\/\/dicodusport.fr\/blog\/colomiers-biarritz-les-clubs-de-pro-d2-sactivent-sur-le-marche-des-transferts\/"},"wordCount":364,"commentCount":0,"publisher":{"@id":"https:\/\/dicodusport.fr\/blog\/#organization"},"image":{"@id":"https:\/\/dicodusport.fr\/blog\/colomiers-biarritz-les-clubs-de-pro-d2-sactivent-sur-le-marche-des-transferts\/#primaryimage"},"thumbnailUrl":"https:\/\/dicodusport.fr\/blog\/wp-content\/uploads\/2025\/03\/Colomiers-Biarritz-les-clubs-de-Pro-D2-sactivent-sur-le-marche-des-transferts.png","keywords":["actu","biarritz","br\u00e8ve","Colomiers","Rugby","Rugby \u00e0 XV","Transferts rugby"],"articleSection":["Pro D2","Rugby \u00e0 XV"],"inLanguage":"fr-FR","potentialAction":[{"@type":"CommentAction","name":"Comment","target":["https:\/\/dicodusport.fr\/blog\/colomiers-biarritz-les-clubs-de-pro-d2-sactivent-sur-le-marche-des-transferts\/#respond"]}],"copyrightYear":"2025","copyrightHolder":{"@id":"https:\/\/dicodusport.fr\/blog\/#organization"}},{"@type":"WebPage","@id":"https:\/\/dicodusport.fr\/blog\/colomiers-biarritz-les-clubs-de-pro-d2-sactivent-sur-le-marche-des-transferts\/","url":"https:\/\/dicodusport.fr\/blog\/colomiers-biarritz-les-clubs-de-pro-d2-sactivent-sur-le-marche-des-transferts\/","name":"Colomiers, Biarritz, les clubs de Pro D2 s'activent sur le march\u00e9 des transferts","isPartOf":{"@id":"https:\/\/dicodusport.fr\/blog\/#website"},"primaryImageOfPage":{"@id":"https:\/\/dicodusport.fr\/blog\/colomiers-biarritz-les-clubs-de-pro-d2-sactivent-sur-le-marche-des-transferts\/#primaryimage"},"image":{"@id":"https:\/\/dicodusport.fr\/blog\/colomiers-biarritz-les-clubs-de-pro-d2-sactivent-sur-le-marche-des-transferts\/#primaryimage"},"thumbnailUrl":"https:\/\/dicodusport.fr\/blog\/wp-content\/uploads\/2025\/03\/Colomiers-Biarritz-les-clubs-de-Pro-D2-sactivent-sur-le-marche-des-transferts.png","datePublished":"2025-03-07T08:48:50+00:00","dateModified":"2025-05-21T15:44:55+00:00","description":"TRANSFERTS RUGBY - \u00c0 quelques heures d'intervalle, Biarritz et Colomiers ont annonc\u00e9 une recrue pour la saison prochaine.\u00a0","breadcrumb":{"@id":"https:\/\/dicodusport.fr\/blog\/colomiers-biarritz-les-clubs-de-pro-d2-sactivent-sur-le-marche-des-transferts\/#breadcrumb"},"inLanguage":"fr-FR","potentialAction":[{"@type":"ReadAction","target":["https:\/\/dicodusport.fr\/blog\/colomiers-biarritz-les-clubs-de-pro-d2-sactivent-sur-le-marche-des-transferts\/"]}]},{"@type":"ImageObject","inLanguage":"fr-FR","@id":"https:\/\/dicodusport.fr\/blog\/colomiers-biarritz-les-clubs-de-pro-d2-sactivent-sur-le-marche-des-transferts\/#primaryimage","url":"https:\/\/dicodusport.fr\/blog\/wp-content\/uploads\/2025\/03\/Colomiers-Biarritz-les-clubs-de-Pro-D2-sactivent-sur-le-marche-des-transferts.png","contentUrl":"https:\/\/dicodusport.fr\/blog\/wp-content\/uploads\/2025\/03\/Colomiers-Biarritz-les-clubs-de-Pro-D2-sactivent-sur-le-marche-des-transferts.png","width":1200,"height":674},{"@type":"BreadcrumbList","@id":"https:\/\/dicodusport.fr\/blog\/colomiers-biarritz-les-clubs-de-pro-d2-sactivent-sur-le-marche-des-transferts\/#breadcrumb","itemListElement":[{"@type":"ListItem","position":1,"name":"Accueil","item":"https:\/\/dicodusport.fr\/blog\/"},{"@type":"ListItem","position":2,"name":"Colomiers, Biarritz, les clubs de Pro D2 s&rsquo;activent sur le march\u00e9 des transferts"}]},{"@type":"WebSite","@id":"https:\/\/dicodusport.fr\/blog\/#website","url":"https:\/\/dicodusport.fr\/blog\/","name":"Dicodusport","description":"L&#039;encyclop\u00e9die de l&#039;actualit\u00e9 sportive","publisher":{"@id":"https:\/\/dicodusport.fr\/blog\/#organization"},"potentialAction":[{"@type":"SearchAction","target":{"@type":"EntryPoint","urlTemplate":"https:\/\/dicodusport.fr\/blog\/?s={search_term_string}"},"query-input":{"@type":"PropertyValueSpecification","valueRequired":true,"valueName":"search_term_string"}}],"inLanguage":"fr-FR"},{"@type":"NewsMediaOrganization","@id":"https:\/\/dicodusport.fr\/blog\/#organization","name":"Dicodusport","url":"https:\/\/dicodusport.fr\/blog\/","logo":{"@type":"ImageObject","inLanguage":"fr-FR","@id":"https:\/\/dicodusport.fr\/blog\/#\/schema\/logo\/image\/","url":"https:\/\/dicodusport.fr\/blog\/wp-content\/uploads\/2020\/06\/cropped-LOGO-DICODUSPORT-2020-SANS-FOND-SANS-TEXTE.png","contentUrl":"https:\/\/dicodusport.fr\/blog\/wp-content\/uploads\/2020\/06\/cropped-LOGO-DICODUSPORT-2020-SANS-FOND-SANS-TEXTE.png","width":512,"height":512,"caption":"Dicodusport"},"image":{"@id":"https:\/\/dicodusport.fr\/blog\/#\/schema\/logo\/image\/"},"sameAs":["https:\/\/www.facebook.com\/dicodusport","https:\/\/x.com\/dicodusport","https:\/\/www.instagram.com\/dicodusport\/","https:\/\/www.youtube.com\/channel\/UC7V2KZ5sd3htJivAbA4ZG3w"],"description":"Dicodusport est l'encyclop\u00e9die de l'actualit\u00e9 sportive.","email":"bonjour@dicodusport.fr","legalName":"DICODUSPORT","foundingDate":"2018-01-14","vatID":"FR71834470973","taxID":"83447097300043","numberOfEmployees":{"@type":"QuantitativeValue","minValue":"1","maxValue":"10"}},{"@type":"Person","@id":"https:\/\/dicodusport.fr\/blog\/#\/schema\/person\/55dcb50ad410894e431ed812bbb70191","name":"Nicolas Jacquemard","image":{"@type":"ImageObject","inLanguage":"fr-FR","@id":"https:\/\/dicodusport.fr\/blog\/#\/schema\/person\/image\/","url":"https:\/\/dicodusport.fr\/blog\/wp-content\/uploads\/2021\/05\/Nicolas-Jacquemard-150x150.jpeg","contentUrl":"https:\/\/dicodusport.fr\/blog\/wp-content\/uploads\/2021\/05\/Nicolas-Jacquemard-150x150.jpeg","caption":"Nicolas Jacquemard"},"description":"Passionn\u00e9 de sport et entrepreneur depuis mes 18 ans, la cr\u00e9ation de Dicodusport m'a sembl\u00e9 \u00e9vidente pour participer \u00e0 la m\u00e9diatisation d'un plus grand nombre de sports. Le chemin est long mais avec une \u00e9quipe des plus motiv\u00e9es et les Jeux Olympiques de Paris 2024 en point de mire, nous y arriverons ! Journaliste dans le monde du sport depuis plus de 5 ans, je traite aussi bien de football, de rugby, de biathlon que de cyclisme.","sameAs":["https:\/\/www.facebook.com\/dicodusport","https:\/\/x.com\/https:\/\/twitter.com\/Nico_Jacquemard"],"url":"https:\/\/dicodusport.fr\/blog\/author\/dicodusport\/"}]}},"_links":{"self":[{"href":"https:\/\/dicodusport.fr\/blog\/wp-json\/wp\/v2\/posts\/561831","targetHints":{"allow":["GET"]}}],"collection":[{"href":"https:\/\/dicodusport.fr\/blog\/wp-json\/wp\/v2\/posts"}],"about":[{"href":"https:\/\/dicodusport.fr\/blog\/wp-json\/wp\/v2\/types\/post"}],"author":[{"embeddable":true,"href":"https:\/\/dicodusport.fr\/blog\/wp-json\/wp\/v2\/users\/1"}],"replies":[{"embeddable":true,"href":"https:\/\/dicodusport.fr\/blog\/wp-json\/wp\/v2\/comments?post=561831"}],"version-history":[{"count":4,"href":"https:\/\/dicodusport.fr\/blog\/wp-json\/wp\/v2\/posts\/561831\/revisions"}],"predecessor-version":[{"id":561840,"href":"https:\/\/dicodusport.fr\/blog\/wp-json\/wp\/v2\/posts\/561831\/revisions\/561840"}],"wp:featuredmedia":[{"embeddable":true,"href":"https:\/\/dicodusport.fr\/blog\/wp-json\/wp\/v2\/media\/561833"}],"wp:attachment":[{"href":"https:\/\/dicodusport.fr\/blog\/wp-json\/wp\/v2\/media?parent=561831"}],"wp:term":[{"taxonomy":"category","embeddable":true,"href":"https:\/\/dicodusport.fr\/blog\/wp-json\/wp\/v2\/categories?post=561831"},{"taxonomy":"post_tag","embeddable":true,"href":"https:\/\/dicodusport.fr\/blog\/wp-json\/wp\/v2\/tags?post=561831"}],"curies":[{"name":"wp","href":"https:\/\/api.w.org\/{rel}","templated":true}]}}