{"id":561915,"date":"2025-03-07T14:38:46","date_gmt":"2025-03-07T13:38:46","guid":{"rendered":"https:\/\/dicodusport.fr\/blog\/?p=561915&#038;preview=true&#038;preview_id=561915"},"modified":"2025-04-03T14:25:00","modified_gmt":"2025-04-03T12:25:00","slug":"mondiaux-ski-alpinisme-2025-axelle-gachet-mollaret-emily-harrop-et-xavier-gachet-sur-le-podium-de-lindividuel","status":"publish","type":"post","link":"https:\/\/dicodusport.fr\/blog\/mondiaux-ski-alpinisme-2025-axelle-gachet-mollaret-emily-harrop-et-xavier-gachet-sur-le-podium-de-lindividuel\/","title":{"rendered":"Mondiaux ski alpinisme 2025 : Axelle Gachet-Mollaret, Emily Harrop et Xavier Gachet sur le podium de l&rsquo;individuel"},"content":{"rendered":"<h4 style=\"text-align: justify;\"><em>CHAMPIONNATS DU MONDE DE SKI ALPINISME 2025 &#8211; Les Bleus ont d\u00e9croch\u00e9 trois nouvelles m\u00e9dailles \u00e0 Morgins ce vendredi. Sur l&rsquo;individuel, Axelle Gachet-Mollaret et Emily Harrop ont pris les 2 et 3\u00e8mes places, tandis que Xavier Gachet s&rsquo;est par\u00e9 de bronze sur l&rsquo;\u00e9preuve masculine.<\/em><\/h4>\n<p style=\"text-align: justify;\">L&rsquo;avalanche de m\u00e9dailles s&rsquo;est poursuivie ce vendredi pour le clan tricolore. Mais comme jeudi, il y a tout de m\u00eame un l\u00e9ger arri\u00e8re-go\u00fbt amer dans ces r\u00e9sultats. Comme <strong>Emily Harrop<\/strong> en sprint, <strong>Axelle Gachet-Mollaret<\/strong> \u00e9tait la tr\u00e8s grande favorite de l&rsquo;\u00e9preuve. Mais comme sa compatriote, son invincibilit\u00e9 sur la saison a pris fin au plus mauvais moment.<\/p>\n<ul>\n<li style=\"text-align: justify;\"><strong>\u00c0 ce sujet &#8211;<a href=\"https:\/\/dicodusport.fr\/blog\/?s=ski+alpinisme\"> Toute l&rsquo;actualit\u00e9 du ski alpinisme<\/a><\/strong><\/li>\n<\/ul>\n<h2>Axelle Gachet-Mollaret terrass\u00e9e par Alexandersson<\/h2>\n<p style=\"text-align: justify;\">En effet, la Su\u00e9doise <strong>Tove Alexandersson<\/strong> a vaincu le signe indien apr\u00e8s avoir accumul\u00e9 les places d&rsquo;honneur derri\u00e8re les Fran\u00e7aises. Cette fois, c&rsquo;est bien elle qui s&rsquo;est montr\u00e9e la plus forte pour franchir la ligne en premier. Vaincue, <strong>Axelle Gachet-Mollaret<\/strong> doit donc se contenter de la 2\u00e8me place, quelques jours apr\u00e8s son <a href=\"https:\/\/dicodusport.fr\/blog\/mondiaux-ski-alpinisme-2025-axelle-gachet-mollaret-conserve-son-titre-sur-la-vertical-race\/\">or sur la vertical race<\/a>. Juste derri\u00e8re elle, <strong>Emily Harrop<\/strong> a d\u00e9croch\u00e9 sa 3\u00e8me m\u00e9daille de la semaine. Apr\u00e8s l&rsquo;or sur le relais mixte et l&rsquo;argent en sprint, voici le bronze sur l&rsquo;individuel pour obtenir une belle palette de breloques. Plus loin, <strong>Margot Ravinel<\/strong> s&rsquo;offre, elle, une place dans le Top 10 (7\u00e8me).<\/p>\n<p style=\"text-align: justify;\">Chez les hommes, une m\u00e9daille est \u00e9galement \u00e0 signaler. Mari d&rsquo;<strong>Axelle Gachet-Mollaret<\/strong>,<strong> Xavier Gachet<\/strong> a apport\u00e9 une seconde breloque au couple en allant chercher la 3\u00e8me place. Une superbe performance qui permet aux Bleus de rafler la moiti\u00e9 des m\u00e9dailles en jeu aujourd&rsquo;hui. Pour l&rsquo;or, <strong>R\u00e9mi Bonnet<\/strong> a une nouvelle fois \u00e9cras\u00e9 la concurrence, devan\u00e7ant l&rsquo;Italien <strong>Davide Magnani<\/strong>. \u00c0 noter \u00e9galement la belle 5\u00e8me place du v\u00e9t\u00e9ran <strong>William Bon Mardion<\/strong>, tandis qu&rsquo;<strong>Anselme Damevin<\/strong> arrache sa place dans le Top 10 (10\u00e8me).<\/p>\n<p style=\"text-align: justify;\">Demain, place \u00e0 la derni\u00e8re \u00e9preuve, par \u00e9quipes de 2. Sans doute l&rsquo;\u00e9preuve la plus repr\u00e9sentative de l&rsquo;essence de la discipline.<\/p>\n","protected":false},"excerpt":{"rendered":"<p>CHAMPIONNATS DU MONDE DE SKI ALPINISME 2025 &#8211; Les Bleus ont d\u00e9croch\u00e9 trois nouvelles m\u00e9dailles \u00e0 Morgins ce vendredi. Sur l&rsquo;individuel, Axelle Gachet-Mollaret et Emily Harrop ont pris les 2 et 3\u00e8mes places, tandis que Xavier Gachet s&rsquo;est par\u00e9 de bronze sur l&rsquo;\u00e9preuve masculine.<\/p>\n","protected":false},"author":55,"featured_media":561918,"comment_status":"open","ping_status":"closed","sticky":false,"template":"","format":"standard","meta":{"_acf_changed":false,"_daextam_enable_autolinks":"1","footnotes":""},"categories":[45757],"tags":[32415,22883,16878,22884,6844,4230,982],"class_list":["post-561915","post","type-post","status-publish","format-standard","has-post-thumbnail","hentry","category-ski-alpinisme","tag-actu","tag-axelle-gachet-mollaret","tag-breve","tag-emily-harrop","tag-individuel","tag-ski-alpinisme","tag-sprint"],"acf":[],"yoast_head":"<!-- This site is optimized with the Yoast SEO Premium plugin v26.7 (Yoast SEO v26.7) - https:\/\/yoast.com\/wordpress\/plugins\/seo\/ -->\n<title>Mondiaux ski alpinisme 2025 : Axelle Gachet-Mollaret, Emily Harrop et Xavier Gachet sur le podium de l&#039;individuel<\/title>\n<meta name=\"description\" content=\"CHAMPIONNATS DU MONDE DE SKI ALPINISME 2025 - Sur l&#039;individuel, Axelle Gachet-Mollaret, Emily Harrop et Xavier Gachet ont fait podium.\" \/>\n<meta name=\"robots\" content=\"index, follow, max-snippet:-1, max-image-preview:large, max-video-preview:-1\" \/>\n<link rel=\"canonical\" href=\"https:\/\/dicodusport.fr\/blog\/mondiaux-ski-alpinisme-2025-axelle-gachet-mollaret-emily-harrop-et-xavier-gachet-sur-le-podium-de-lindividuel\/\" \/>\n<meta property=\"og:locale\" content=\"fr_FR\" \/>\n<meta property=\"og:type\" content=\"article\" \/>\n<meta property=\"og:title\" content=\"Mondiaux ski alpinisme 2025 : Axelle Gachet-Mollaret, Emily Harrop et Xavier Gachet sur le podium de l&#039;individuel\" \/>\n<meta property=\"og:description\" content=\"CHAMPIONNATS DU MONDE DE SKI ALPINISME 2025 - Sur l&#039;individuel, Axelle Gachet-Mollaret, Emily Harrop et Xavier Gachet ont fait podium.\" \/>\n<meta property=\"og:url\" content=\"https:\/\/dicodusport.fr\/blog\/mondiaux-ski-alpinisme-2025-axelle-gachet-mollaret-emily-harrop-et-xavier-gachet-sur-le-podium-de-lindividuel\/\" \/>\n<meta property=\"og:site_name\" content=\"Dicodusport\" \/>\n<meta property=\"article:publisher\" content=\"https:\/\/www.facebook.com\/dicodusport\" \/>\n<meta property=\"article:published_time\" content=\"2025-03-07T13:38:46+00:00\" \/>\n<meta property=\"article:modified_time\" content=\"2025-04-03T12:25:00+00:00\" \/>\n<meta property=\"og:image\" content=\"https:\/\/dicodusport.fr\/blog\/wp-content\/uploads\/2025\/03\/Mondiaux-ski-alpinisme-2025-Axelle-Gachet-Mollaret-Emily-Harorp-et-Xavier-Gachet-sur-le-podium-de-lindividuel.png\" \/>\n\t<meta property=\"og:image:width\" content=\"1200\" \/>\n\t<meta property=\"og:image:height\" content=\"674\" \/>\n\t<meta property=\"og:image:type\" content=\"image\/png\" \/>\n<meta name=\"author\" content=\"Maxime Cazenave\" \/>\n<meta name=\"twitter:card\" content=\"summary_large_image\" \/>\n<meta name=\"twitter:title\" content=\"Mondiaux ski alpinisme 2025 : Axelle Gachet-Mollaret, Emily Harrop et Xavier Gachet sur le podium de l&#039;individuel\" \/>\n<meta name=\"twitter:creator\" content=\"@https:\/\/twitter.com\/Maxime_Caze\" \/>\n<meta name=\"twitter:site\" content=\"@dicodusport\" \/>\n<script type=\"application\/ld+json\" class=\"yoast-schema-graph\">{\"@context\":\"https:\/\/schema.org\",\"@graph\":[{\"@type\":\"NewsArticle\",\"@id\":\"https:\/\/dicodusport.fr\/blog\/mondiaux-ski-alpinisme-2025-axelle-gachet-mollaret-emily-harrop-et-xavier-gachet-sur-le-podium-de-lindividuel\/#article\",\"isPartOf\":{\"@id\":\"https:\/\/dicodusport.fr\/blog\/mondiaux-ski-alpinisme-2025-axelle-gachet-mollaret-emily-harrop-et-xavier-gachet-sur-le-podium-de-lindividuel\/\"},\"author\":{\"name\":\"Maxime Cazenave\",\"@id\":\"https:\/\/dicodusport.fr\/blog\/#\/schema\/person\/37def232098a7a5cbab3974a3690abb0\"},\"headline\":\"Mondiaux ski alpinisme 2025 : Axelle Gachet-Mollaret, Emily Harrop et Xavier Gachet sur le podium de l&rsquo;individuel\",\"datePublished\":\"2025-03-07T13:38:46+00:00\",\"dateModified\":\"2025-04-03T12:25:00+00:00\",\"mainEntityOfPage\":{\"@id\":\"https:\/\/dicodusport.fr\/blog\/mondiaux-ski-alpinisme-2025-axelle-gachet-mollaret-emily-harrop-et-xavier-gachet-sur-le-podium-de-lindividuel\/\"},\"wordCount\":377,\"commentCount\":0,\"publisher\":{\"@id\":\"https:\/\/dicodusport.fr\/blog\/#organization\"},\"image\":{\"@id\":\"https:\/\/dicodusport.fr\/blog\/mondiaux-ski-alpinisme-2025-axelle-gachet-mollaret-emily-harrop-et-xavier-gachet-sur-le-podium-de-lindividuel\/#primaryimage\"},\"thumbnailUrl\":\"https:\/\/dicodusport.fr\/blog\/wp-content\/uploads\/2025\/03\/Mondiaux-ski-alpinisme-2025-Axelle-Gachet-Mollaret-Emily-Harorp-et-Xavier-Gachet-sur-le-podium-de-lindividuel.png\",\"keywords\":[\"actu\",\"Axelle Gachet-Mollaret\",\"br\u00e8ve\",\"Emily Harrop\",\"Individuel\",\"Ski alpinisme\",\"sprint\"],\"articleSection\":[\"Ski alpinisme\"],\"inLanguage\":\"fr-FR\",\"potentialAction\":[{\"@type\":\"CommentAction\",\"name\":\"Comment\",\"target\":[\"https:\/\/dicodusport.fr\/blog\/mondiaux-ski-alpinisme-2025-axelle-gachet-mollaret-emily-harrop-et-xavier-gachet-sur-le-podium-de-lindividuel\/#respond\"]}],\"copyrightYear\":\"2025\",\"copyrightHolder\":{\"@id\":\"https:\/\/dicodusport.fr\/blog\/#organization\"}},{\"@type\":\"WebPage\",\"@id\":\"https:\/\/dicodusport.fr\/blog\/mondiaux-ski-alpinisme-2025-axelle-gachet-mollaret-emily-harrop-et-xavier-gachet-sur-le-podium-de-lindividuel\/\",\"url\":\"https:\/\/dicodusport.fr\/blog\/mondiaux-ski-alpinisme-2025-axelle-gachet-mollaret-emily-harrop-et-xavier-gachet-sur-le-podium-de-lindividuel\/\",\"name\":\"Mondiaux ski alpinisme 2025 : Axelle Gachet-Mollaret, Emily Harrop et Xavier Gachet sur le podium de l'individuel\",\"isPartOf\":{\"@id\":\"https:\/\/dicodusport.fr\/blog\/#website\"},\"primaryImageOfPage\":{\"@id\":\"https:\/\/dicodusport.fr\/blog\/mondiaux-ski-alpinisme-2025-axelle-gachet-mollaret-emily-harrop-et-xavier-gachet-sur-le-podium-de-lindividuel\/#primaryimage\"},\"image\":{\"@id\":\"https:\/\/dicodusport.fr\/blog\/mondiaux-ski-alpinisme-2025-axelle-gachet-mollaret-emily-harrop-et-xavier-gachet-sur-le-podium-de-lindividuel\/#primaryimage\"},\"thumbnailUrl\":\"https:\/\/dicodusport.fr\/blog\/wp-content\/uploads\/2025\/03\/Mondiaux-ski-alpinisme-2025-Axelle-Gachet-Mollaret-Emily-Harorp-et-Xavier-Gachet-sur-le-podium-de-lindividuel.png\",\"datePublished\":\"2025-03-07T13:38:46+00:00\",\"dateModified\":\"2025-04-03T12:25:00+00:00\",\"description\":\"CHAMPIONNATS DU MONDE DE SKI ALPINISME 2025 - Sur l'individuel, Axelle Gachet-Mollaret, Emily Harrop et Xavier Gachet ont fait podium.\",\"breadcrumb\":{\"@id\":\"https:\/\/dicodusport.fr\/blog\/mondiaux-ski-alpinisme-2025-axelle-gachet-mollaret-emily-harrop-et-xavier-gachet-sur-le-podium-de-lindividuel\/#breadcrumb\"},\"inLanguage\":\"fr-FR\",\"potentialAction\":[{\"@type\":\"ReadAction\",\"target\":[\"https:\/\/dicodusport.fr\/blog\/mondiaux-ski-alpinisme-2025-axelle-gachet-mollaret-emily-harrop-et-xavier-gachet-sur-le-podium-de-lindividuel\/\"]}]},{\"@type\":\"ImageObject\",\"inLanguage\":\"fr-FR\",\"@id\":\"https:\/\/dicodusport.fr\/blog\/mondiaux-ski-alpinisme-2025-axelle-gachet-mollaret-emily-harrop-et-xavier-gachet-sur-le-podium-de-lindividuel\/#primaryimage\",\"url\":\"https:\/\/dicodusport.fr\/blog\/wp-content\/uploads\/2025\/03\/Mondiaux-ski-alpinisme-2025-Axelle-Gachet-Mollaret-Emily-Harorp-et-Xavier-Gachet-sur-le-podium-de-lindividuel.png\",\"contentUrl\":\"https:\/\/dicodusport.fr\/blog\/wp-content\/uploads\/2025\/03\/Mondiaux-ski-alpinisme-2025-Axelle-Gachet-Mollaret-Emily-Harorp-et-Xavier-Gachet-sur-le-podium-de-lindividuel.png\",\"width\":1200,\"height\":674,\"caption\":\"Mondiaux ski alpinisme 2025 : Axelle Gachet-Mollaret, Emily Harorp et Xavier Gachet sur le podium de l'individuel\"},{\"@type\":\"BreadcrumbList\",\"@id\":\"https:\/\/dicodusport.fr\/blog\/mondiaux-ski-alpinisme-2025-axelle-gachet-mollaret-emily-harrop-et-xavier-gachet-sur-le-podium-de-lindividuel\/#breadcrumb\",\"itemListElement\":[{\"@type\":\"ListItem\",\"position\":1,\"name\":\"Accueil\",\"item\":\"https:\/\/dicodusport.fr\/blog\/\"},{\"@type\":\"ListItem\",\"position\":2,\"name\":\"Mondiaux ski alpinisme 2025 : Axelle Gachet-Mollaret, Emily Harrop et Xavier Gachet sur le podium de l&rsquo;individuel\"}]},{\"@type\":\"WebSite\",\"@id\":\"https:\/\/dicodusport.fr\/blog\/#website\",\"url\":\"https:\/\/dicodusport.fr\/blog\/\",\"name\":\"Dicodusport\",\"description\":\"L&#039;encyclop\u00e9die de l&#039;actualit\u00e9 sportive\",\"publisher\":{\"@id\":\"https:\/\/dicodusport.fr\/blog\/#organization\"},\"potentialAction\":[{\"@type\":\"SearchAction\",\"target\":{\"@type\":\"EntryPoint\",\"urlTemplate\":\"https:\/\/dicodusport.fr\/blog\/?s={search_term_string}\"},\"query-input\":{\"@type\":\"PropertyValueSpecification\",\"valueRequired\":true,\"valueName\":\"search_term_string\"}}],\"inLanguage\":\"fr-FR\"},{\"@type\":\"NewsMediaOrganization\",\"@id\":\"https:\/\/dicodusport.fr\/blog\/#organization\",\"name\":\"Dicodusport\",\"url\":\"https:\/\/dicodusport.fr\/blog\/\",\"logo\":{\"@type\":\"ImageObject\",\"inLanguage\":\"fr-FR\",\"@id\":\"https:\/\/dicodusport.fr\/blog\/#\/schema\/logo\/image\/\",\"url\":\"https:\/\/dicodusport.fr\/blog\/wp-content\/uploads\/2020\/06\/cropped-LOGO-DICODUSPORT-2020-SANS-FOND-SANS-TEXTE.png\",\"contentUrl\":\"https:\/\/dicodusport.fr\/blog\/wp-content\/uploads\/2020\/06\/cropped-LOGO-DICODUSPORT-2020-SANS-FOND-SANS-TEXTE.png\",\"width\":512,\"height\":512,\"caption\":\"Dicodusport\"},\"image\":{\"@id\":\"https:\/\/dicodusport.fr\/blog\/#\/schema\/logo\/image\/\"},\"sameAs\":[\"https:\/\/www.facebook.com\/dicodusport\",\"https:\/\/x.com\/dicodusport\",\"https:\/\/www.instagram.com\/dicodusport\/\",\"https:\/\/www.youtube.com\/channel\/UC7V2KZ5sd3htJivAbA4ZG3w\"],\"description\":\"Dicodusport est l'encyclop\u00e9die de l'actualit\u00e9 sportive.\",\"email\":\"bonjour@dicodusport.fr\",\"legalName\":\"DICODUSPORT\",\"foundingDate\":\"2018-01-14\",\"vatID\":\"FR71834470973\",\"taxID\":\"83447097300043\",\"numberOfEmployees\":{\"@type\":\"QuantitativeValue\",\"minValue\":\"1\",\"maxValue\":\"10\"}},{\"@type\":\"Person\",\"@id\":\"https:\/\/dicodusport.fr\/blog\/#\/schema\/person\/37def232098a7a5cbab3974a3690abb0\",\"name\":\"Maxime Cazenave\",\"image\":{\"@type\":\"ImageObject\",\"inLanguage\":\"fr-FR\",\"@id\":\"https:\/\/dicodusport.fr\/blog\/#\/schema\/person\/image\/\",\"url\":\"https:\/\/dicodusport.fr\/blog\/wp-content\/uploads\/2021\/05\/Maxime-Cazenave-150x150.jpg\",\"contentUrl\":\"https:\/\/dicodusport.fr\/blog\/wp-content\/uploads\/2021\/05\/Maxime-Cazenave-150x150.jpg\",\"caption\":\"Maxime Cazenave\"},\"description\":\"Journaliste\/R\u00e9dacteur depuis 2012 - Berc\u00e9 par l\u2019amour des Girondins de Bordeaux, les \u00e9checs de Christophe Moreau sur le Tour de France sous l'\u00e8re Lance Armstrong et le fade-away l\u00e9tal de Dirk Nowitzki, ma passion d\u00e9vorante pour le sport a toujours \u00e9t\u00e9 un pan incontournable de ma vie. Transmettre ma passion \u00e0 l\u2019\u00e9crit a \u00e9t\u00e9 une transition naturelle. Suiveur assidu de basket et de hockey sur glace, je garde toujours un peu de place pour suivre le cyclisme, le football et le maximum de performances fran\u00e7aises.\",\"sameAs\":[\"https:\/\/x.com\/https:\/\/twitter.com\/Maxime_Caze\"],\"url\":\"https:\/\/dicodusport.fr\/blog\/author\/maximec\/\"}]}<\/script>\n<!-- \/ Yoast SEO Premium plugin. -->","yoast_head_json":{"title":"Mondiaux ski alpinisme 2025 : Axelle Gachet-Mollaret, Emily Harrop et Xavier Gachet sur le podium de l'individuel","description":"CHAMPIONNATS DU MONDE DE SKI ALPINISME 2025 - Sur l'individuel, Axelle Gachet-Mollaret, Emily Harrop et Xavier Gachet ont fait podium.","robots":{"index":"index","follow":"follow","max-snippet":"max-snippet:-1","max-image-preview":"max-image-preview:large","max-video-preview":"max-video-preview:-1"},"canonical":"https:\/\/dicodusport.fr\/blog\/mondiaux-ski-alpinisme-2025-axelle-gachet-mollaret-emily-harrop-et-xavier-gachet-sur-le-podium-de-lindividuel\/","og_locale":"fr_FR","og_type":"article","og_title":"Mondiaux ski alpinisme 2025 : Axelle Gachet-Mollaret, Emily Harrop et Xavier Gachet sur le podium de l'individuel","og_description":"CHAMPIONNATS DU MONDE DE SKI ALPINISME 2025 - Sur l'individuel, Axelle Gachet-Mollaret, Emily Harrop et Xavier Gachet ont fait podium.","og_url":"https:\/\/dicodusport.fr\/blog\/mondiaux-ski-alpinisme-2025-axelle-gachet-mollaret-emily-harrop-et-xavier-gachet-sur-le-podium-de-lindividuel\/","og_site_name":"Dicodusport","article_publisher":"https:\/\/www.facebook.com\/dicodusport","article_published_time":"2025-03-07T13:38:46+00:00","article_modified_time":"2025-04-03T12:25:00+00:00","og_image":[{"width":1200,"height":674,"url":"https:\/\/dicodusport.fr\/blog\/wp-content\/uploads\/2025\/03\/Mondiaux-ski-alpinisme-2025-Axelle-Gachet-Mollaret-Emily-Harorp-et-Xavier-Gachet-sur-le-podium-de-lindividuel.png","type":"image\/png"}],"author":"Maxime Cazenave","twitter_card":"summary_large_image","twitter_title":"Mondiaux ski alpinisme 2025 : Axelle Gachet-Mollaret, Emily Harrop et Xavier Gachet sur le podium de l'individuel","twitter_creator":"@https:\/\/twitter.com\/Maxime_Caze","twitter_site":"@dicodusport","schema":{"@context":"https:\/\/schema.org","@graph":[{"@type":"NewsArticle","@id":"https:\/\/dicodusport.fr\/blog\/mondiaux-ski-alpinisme-2025-axelle-gachet-mollaret-emily-harrop-et-xavier-gachet-sur-le-podium-de-lindividuel\/#article","isPartOf":{"@id":"https:\/\/dicodusport.fr\/blog\/mondiaux-ski-alpinisme-2025-axelle-gachet-mollaret-emily-harrop-et-xavier-gachet-sur-le-podium-de-lindividuel\/"},"author":{"name":"Maxime Cazenave","@id":"https:\/\/dicodusport.fr\/blog\/#\/schema\/person\/37def232098a7a5cbab3974a3690abb0"},"headline":"Mondiaux ski alpinisme 2025 : Axelle Gachet-Mollaret, Emily Harrop et Xavier Gachet sur le podium de l&rsquo;individuel","datePublished":"2025-03-07T13:38:46+00:00","dateModified":"2025-04-03T12:25:00+00:00","mainEntityOfPage":{"@id":"https:\/\/dicodusport.fr\/blog\/mondiaux-ski-alpinisme-2025-axelle-gachet-mollaret-emily-harrop-et-xavier-gachet-sur-le-podium-de-lindividuel\/"},"wordCount":377,"commentCount":0,"publisher":{"@id":"https:\/\/dicodusport.fr\/blog\/#organization"},"image":{"@id":"https:\/\/dicodusport.fr\/blog\/mondiaux-ski-alpinisme-2025-axelle-gachet-mollaret-emily-harrop-et-xavier-gachet-sur-le-podium-de-lindividuel\/#primaryimage"},"thumbnailUrl":"https:\/\/dicodusport.fr\/blog\/wp-content\/uploads\/2025\/03\/Mondiaux-ski-alpinisme-2025-Axelle-Gachet-Mollaret-Emily-Harorp-et-Xavier-Gachet-sur-le-podium-de-lindividuel.png","keywords":["actu","Axelle Gachet-Mollaret","br\u00e8ve","Emily Harrop","Individuel","Ski alpinisme","sprint"],"articleSection":["Ski alpinisme"],"inLanguage":"fr-FR","potentialAction":[{"@type":"CommentAction","name":"Comment","target":["https:\/\/dicodusport.fr\/blog\/mondiaux-ski-alpinisme-2025-axelle-gachet-mollaret-emily-harrop-et-xavier-gachet-sur-le-podium-de-lindividuel\/#respond"]}],"copyrightYear":"2025","copyrightHolder":{"@id":"https:\/\/dicodusport.fr\/blog\/#organization"}},{"@type":"WebPage","@id":"https:\/\/dicodusport.fr\/blog\/mondiaux-ski-alpinisme-2025-axelle-gachet-mollaret-emily-harrop-et-xavier-gachet-sur-le-podium-de-lindividuel\/","url":"https:\/\/dicodusport.fr\/blog\/mondiaux-ski-alpinisme-2025-axelle-gachet-mollaret-emily-harrop-et-xavier-gachet-sur-le-podium-de-lindividuel\/","name":"Mondiaux ski alpinisme 2025 : Axelle Gachet-Mollaret, Emily Harrop et Xavier Gachet sur le podium de l'individuel","isPartOf":{"@id":"https:\/\/dicodusport.fr\/blog\/#website"},"primaryImageOfPage":{"@id":"https:\/\/dicodusport.fr\/blog\/mondiaux-ski-alpinisme-2025-axelle-gachet-mollaret-emily-harrop-et-xavier-gachet-sur-le-podium-de-lindividuel\/#primaryimage"},"image":{"@id":"https:\/\/dicodusport.fr\/blog\/mondiaux-ski-alpinisme-2025-axelle-gachet-mollaret-emily-harrop-et-xavier-gachet-sur-le-podium-de-lindividuel\/#primaryimage"},"thumbnailUrl":"https:\/\/dicodusport.fr\/blog\/wp-content\/uploads\/2025\/03\/Mondiaux-ski-alpinisme-2025-Axelle-Gachet-Mollaret-Emily-Harorp-et-Xavier-Gachet-sur-le-podium-de-lindividuel.png","datePublished":"2025-03-07T13:38:46+00:00","dateModified":"2025-04-03T12:25:00+00:00","description":"CHAMPIONNATS DU MONDE DE SKI ALPINISME 2025 - Sur l'individuel, Axelle Gachet-Mollaret, Emily Harrop et Xavier Gachet ont fait podium.","breadcrumb":{"@id":"https:\/\/dicodusport.fr\/blog\/mondiaux-ski-alpinisme-2025-axelle-gachet-mollaret-emily-harrop-et-xavier-gachet-sur-le-podium-de-lindividuel\/#breadcrumb"},"inLanguage":"fr-FR","potentialAction":[{"@type":"ReadAction","target":["https:\/\/dicodusport.fr\/blog\/mondiaux-ski-alpinisme-2025-axelle-gachet-mollaret-emily-harrop-et-xavier-gachet-sur-le-podium-de-lindividuel\/"]}]},{"@type":"ImageObject","inLanguage":"fr-FR","@id":"https:\/\/dicodusport.fr\/blog\/mondiaux-ski-alpinisme-2025-axelle-gachet-mollaret-emily-harrop-et-xavier-gachet-sur-le-podium-de-lindividuel\/#primaryimage","url":"https:\/\/dicodusport.fr\/blog\/wp-content\/uploads\/2025\/03\/Mondiaux-ski-alpinisme-2025-Axelle-Gachet-Mollaret-Emily-Harorp-et-Xavier-Gachet-sur-le-podium-de-lindividuel.png","contentUrl":"https:\/\/dicodusport.fr\/blog\/wp-content\/uploads\/2025\/03\/Mondiaux-ski-alpinisme-2025-Axelle-Gachet-Mollaret-Emily-Harorp-et-Xavier-Gachet-sur-le-podium-de-lindividuel.png","width":1200,"height":674,"caption":"Mondiaux ski alpinisme 2025 : Axelle Gachet-Mollaret, Emily Harorp et Xavier Gachet sur le podium de l'individuel"},{"@type":"BreadcrumbList","@id":"https:\/\/dicodusport.fr\/blog\/mondiaux-ski-alpinisme-2025-axelle-gachet-mollaret-emily-harrop-et-xavier-gachet-sur-le-podium-de-lindividuel\/#breadcrumb","itemListElement":[{"@type":"ListItem","position":1,"name":"Accueil","item":"https:\/\/dicodusport.fr\/blog\/"},{"@type":"ListItem","position":2,"name":"Mondiaux ski alpinisme 2025 : Axelle Gachet-Mollaret, Emily Harrop et Xavier Gachet sur le podium de l&rsquo;individuel"}]},{"@type":"WebSite","@id":"https:\/\/dicodusport.fr\/blog\/#website","url":"https:\/\/dicodusport.fr\/blog\/","name":"Dicodusport","description":"L&#039;encyclop\u00e9die de l&#039;actualit\u00e9 sportive","publisher":{"@id":"https:\/\/dicodusport.fr\/blog\/#organization"},"potentialAction":[{"@type":"SearchAction","target":{"@type":"EntryPoint","urlTemplate":"https:\/\/dicodusport.fr\/blog\/?s={search_term_string}"},"query-input":{"@type":"PropertyValueSpecification","valueRequired":true,"valueName":"search_term_string"}}],"inLanguage":"fr-FR"},{"@type":"NewsMediaOrganization","@id":"https:\/\/dicodusport.fr\/blog\/#organization","name":"Dicodusport","url":"https:\/\/dicodusport.fr\/blog\/","logo":{"@type":"ImageObject","inLanguage":"fr-FR","@id":"https:\/\/dicodusport.fr\/blog\/#\/schema\/logo\/image\/","url":"https:\/\/dicodusport.fr\/blog\/wp-content\/uploads\/2020\/06\/cropped-LOGO-DICODUSPORT-2020-SANS-FOND-SANS-TEXTE.png","contentUrl":"https:\/\/dicodusport.fr\/blog\/wp-content\/uploads\/2020\/06\/cropped-LOGO-DICODUSPORT-2020-SANS-FOND-SANS-TEXTE.png","width":512,"height":512,"caption":"Dicodusport"},"image":{"@id":"https:\/\/dicodusport.fr\/blog\/#\/schema\/logo\/image\/"},"sameAs":["https:\/\/www.facebook.com\/dicodusport","https:\/\/x.com\/dicodusport","https:\/\/www.instagram.com\/dicodusport\/","https:\/\/www.youtube.com\/channel\/UC7V2KZ5sd3htJivAbA4ZG3w"],"description":"Dicodusport est l'encyclop\u00e9die de l'actualit\u00e9 sportive.","email":"bonjour@dicodusport.fr","legalName":"DICODUSPORT","foundingDate":"2018-01-14","vatID":"FR71834470973","taxID":"83447097300043","numberOfEmployees":{"@type":"QuantitativeValue","minValue":"1","maxValue":"10"}},{"@type":"Person","@id":"https:\/\/dicodusport.fr\/blog\/#\/schema\/person\/37def232098a7a5cbab3974a3690abb0","name":"Maxime Cazenave","image":{"@type":"ImageObject","inLanguage":"fr-FR","@id":"https:\/\/dicodusport.fr\/blog\/#\/schema\/person\/image\/","url":"https:\/\/dicodusport.fr\/blog\/wp-content\/uploads\/2021\/05\/Maxime-Cazenave-150x150.jpg","contentUrl":"https:\/\/dicodusport.fr\/blog\/wp-content\/uploads\/2021\/05\/Maxime-Cazenave-150x150.jpg","caption":"Maxime Cazenave"},"description":"Journaliste\/R\u00e9dacteur depuis 2012 - Berc\u00e9 par l\u2019amour des Girondins de Bordeaux, les \u00e9checs de Christophe Moreau sur le Tour de France sous l'\u00e8re Lance Armstrong et le fade-away l\u00e9tal de Dirk Nowitzki, ma passion d\u00e9vorante pour le sport a toujours \u00e9t\u00e9 un pan incontournable de ma vie. Transmettre ma passion \u00e0 l\u2019\u00e9crit a \u00e9t\u00e9 une transition naturelle. Suiveur assidu de basket et de hockey sur glace, je garde toujours un peu de place pour suivre le cyclisme, le football et le maximum de performances fran\u00e7aises.","sameAs":["https:\/\/x.com\/https:\/\/twitter.com\/Maxime_Caze"],"url":"https:\/\/dicodusport.fr\/blog\/author\/maximec\/"}]}},"_links":{"self":[{"href":"https:\/\/dicodusport.fr\/blog\/wp-json\/wp\/v2\/posts\/561915","targetHints":{"allow":["GET"]}}],"collection":[{"href":"https:\/\/dicodusport.fr\/blog\/wp-json\/wp\/v2\/posts"}],"about":[{"href":"https:\/\/dicodusport.fr\/blog\/wp-json\/wp\/v2\/types\/post"}],"author":[{"embeddable":true,"href":"https:\/\/dicodusport.fr\/blog\/wp-json\/wp\/v2\/users\/55"}],"replies":[{"embeddable":true,"href":"https:\/\/dicodusport.fr\/blog\/wp-json\/wp\/v2\/comments?post=561915"}],"version-history":[{"count":4,"href":"https:\/\/dicodusport.fr\/blog\/wp-json\/wp\/v2\/posts\/561915\/revisions"}],"predecessor-version":[{"id":561929,"href":"https:\/\/dicodusport.fr\/blog\/wp-json\/wp\/v2\/posts\/561915\/revisions\/561929"}],"wp:featuredmedia":[{"embeddable":true,"href":"https:\/\/dicodusport.fr\/blog\/wp-json\/wp\/v2\/media\/561918"}],"wp:attachment":[{"href":"https:\/\/dicodusport.fr\/blog\/wp-json\/wp\/v2\/media?parent=561915"}],"wp:term":[{"taxonomy":"category","embeddable":true,"href":"https:\/\/dicodusport.fr\/blog\/wp-json\/wp\/v2\/categories?post=561915"},{"taxonomy":"post_tag","embeddable":true,"href":"https:\/\/dicodusport.fr\/blog\/wp-json\/wp\/v2\/tags?post=561915"}],"curies":[{"name":"wp","href":"https:\/\/api.w.org\/{rel}","templated":true}]}}