{"id":56192,"date":"2020-01-04T16:19:13","date_gmt":"2020-01-04T15:19:13","guid":{"rendered":"http:\/\/dicodusport.fr\/blog\/?p=56192&#038;preview=true&#038;preview_id=56192"},"modified":"2020-01-04T17:43:53","modified_gmt":"2020-01-04T16:43:53","slug":"cyclo-cross-uci-troyes-clement-venturini-emporte-costaud","status":"publish","type":"post","link":"https:\/\/dicodusport.fr\/blog\/cyclo-cross-uci-troyes-clement-venturini-emporte-costaud\/","title":{"rendered":"Cyclo-cross UCI de Troyes : Cl\u00e9ment Venturini l&#8217;emporte en costaud"},"content":{"rendered":"<p style=\"text-align: justify;\"><em><strong>Cyclo-cross &#8211; Le Fran\u00e7ais Cl\u00e9ment Venturini (AG2R La Mondiale) a remport\u00e9 ce samedi le <a href=\"http:\/\/stsport.fr\/LIVE\/g-live.html?f=TEAMCYCLISTESAVINIEN\/2019-CC-TROYES.clax\" target=\"_blank\" rel=\"noopener\">cyclo-cross UCI de Troyes<\/a> (Aube). Il devance le N\u00e9erlandais David van der Poel ainsi que son compatriote et espoir Antoine Benoist.<br \/>\n<\/strong><\/em><\/p>\n<p style=\"text-align: justify;\">Champion de France en titre, <strong>Cl\u00e9ment Venturini<\/strong> n&rsquo;a pas trembl\u00e9 ce samedi \u00e0 Troyes. Le coureur d&rsquo;AG2R La Mondiale s&rsquo;est impos\u00e9 en solitaire dans l&rsquo;Aube, devant le N\u00e9erlandais <strong>David van der Poel<\/strong> (Alpecin-Fenix), fr\u00e8re de Mathieu, et le co\u00e9quipier ce dernier, le Fran\u00e7ais <strong>Antoine Benoist<\/strong>. Ce dernier l&#8217;emporte donc dans la cat\u00e9gorie espoirs, quelques jours seulement apr\u00e8s son succ\u00e8s sur le <strong>Grand Prix Sven Nys<\/strong>. Longtemps en t\u00eate, <strong>Steve Chainel<\/strong>, laur\u00e9at de l&rsquo;\u00e9preuve troyenne en 2018, prend la quatri\u00e8me place.<\/p>\n<p style=\"text-align: justify;\"><strong>Venturini<\/strong> aborde donc la d\u00e9fense de son titre national de la meilleure des mani\u00e8res. Pour rappel, les <a href=\"https:\/\/www.ffc.fr\/courses\/championnats-de-france-cyclo-cross-flamanville-norm-elite-hommes\/?cn-reloaded=1\" target=\"_blank\" rel=\"noopener\"><strong>championnats de France de cyclo-cross auront lieu le week-end prochain, \u00e0 Flamanville (Manche)<\/strong><\/a>.<\/p>\n<div id=\"attachment_56199\" style=\"width: 994px\" class=\"wp-caption aligncenter\"><a href=\"http:\/\/dicodusport.fr\/blog\/wp-content\/uploads\/2020\/01\/Top-10-du-Cyclo-cross-UCI-de-Troyes-2019.png\"><img loading=\"lazy\" decoding=\"async\" aria-describedby=\"caption-attachment-56199\" class=\"size-full wp-image-56199\" src=\"http:\/\/dicodusport.fr\/blog\/wp-content\/uploads\/2020\/01\/Top-10-du-Cyclo-cross-UCI-de-Troyes-2019.png\" alt=\"Top 10 du Cyclo-cross UCI de Troyes 2019\" width=\"984\" height=\"308\" srcset=\"https:\/\/dicodusport.fr\/blog\/wp-content\/uploads\/2020\/01\/Top-10-du-Cyclo-cross-UCI-de-Troyes-2019.png 984w, https:\/\/dicodusport.fr\/blog\/wp-content\/uploads\/2020\/01\/Top-10-du-Cyclo-cross-UCI-de-Troyes-2019-300x94.png 300w, https:\/\/dicodusport.fr\/blog\/wp-content\/uploads\/2020\/01\/Top-10-du-Cyclo-cross-UCI-de-Troyes-2019-768x240.png 768w\" sizes=\"auto, (max-width: 984px) 100vw, 984px\" \/><\/a><p id=\"caption-attachment-56199\" class=\"wp-caption-text\">Top 10 du Cyclo-cross UCI de Troyes 2019<\/p><\/div>\n<p><strong><em>Dicodusport<br \/>\n<a href=\"https:\/\/www.facebook.com\/dicodusport\/\" target=\"_blank\" rel=\"noopener\"><img loading=\"lazy\" decoding=\"async\" class=\"alignnone wp-image-2909\" src=\"http:\/\/dicodusport.fr\/blog\/wp-content\/uploads\/2017\/07\/logo-facebook-150x150.png\" alt=\"\" width=\"40\" height=\"40\" \/><\/a><a href=\"https:\/\/twitter.com\/dicodusport\" target=\"_blank\" rel=\"noopener\"><img loading=\"lazy\" decoding=\"async\" class=\"alignnone wp-image-2908\" src=\"http:\/\/dicodusport.fr\/blog\/wp-content\/uploads\/2017\/07\/logo-twitter-150x150.png\" alt=\"\" width=\"39\" height=\"39\" \/><\/a><\/em><\/strong><\/p>\n","protected":false},"excerpt":{"rendered":"<p>Cyclo-cross &#8211; Le Fran\u00e7ais Cl\u00e9ment Venturini a remport\u00e9 ce samedi le cyclo-cross UCI de Troyes (Aube). Il devance le N\u00e9erlandais David van der Poel et son compatriote et espoir Antoine Benoist.<\/p>\n","protected":false},"author":4,"featured_media":56205,"comment_status":"open","ping_status":"closed","sticky":false,"template":"","format":"standard","meta":{"_acf_changed":false,"_daextam_enable_autolinks":"","footnotes":""},"categories":[2307],"tags":[6666,9494],"class_list":["post-56192","post","type-post","status-publish","format-standard","has-post-thumbnail","hentry","category-cyclisme","tag-cyclo-cross","tag-cyclo-cross-troyes"],"acf":[],"yoast_head":"<!-- This site is optimized with the Yoast SEO Premium plugin v26.7 (Yoast SEO v26.7) - https:\/\/yoast.com\/wordpress\/plugins\/seo\/ -->\n<title>Cyclo-cross UCI de Troyes : Cl\u00e9ment Venturini l&#039;emporte en costaud<\/title>\n<meta name=\"description\" content=\"Cyclo-cross - Le Fran\u00e7ais Cl\u00e9ment Venturini a remport\u00e9 ce samedi le cyclo-cross UCI de Troyes (Aube). Il devance le N\u00e9erlandais David van der Poel.\" \/>\n<meta name=\"robots\" content=\"index, follow, max-snippet:-1, max-image-preview:large, max-video-preview:-1\" \/>\n<link rel=\"canonical\" href=\"https:\/\/dicodusport.fr\/blog\/cyclo-cross-uci-troyes-clement-venturini-emporte-costaud\/\" \/>\n<meta property=\"og:locale\" content=\"fr_FR\" \/>\n<meta property=\"og:type\" content=\"article\" \/>\n<meta property=\"og:title\" content=\"Imp\u00e9rial, Cl\u00e9ment Venturini remporte le cyclo-cross UCI de Troyes\" \/>\n<meta property=\"og:description\" content=\"Cyclo-cross - Le Fran\u00e7ais Cl\u00e9ment Venturini a remport\u00e9 ce samedi le cyclo-cross UCI de Troyes (Aube). Il devance le N\u00e9erlandais David van der Poel.\" \/>\n<meta property=\"og:url\" content=\"https:\/\/dicodusport.fr\/blog\/cyclo-cross-uci-troyes-clement-venturini-emporte-costaud\/\" \/>\n<meta property=\"og:site_name\" content=\"Dicodusport\" \/>\n<meta property=\"article:publisher\" content=\"https:\/\/www.facebook.com\/dicodusport\" \/>\n<meta property=\"article:author\" content=\"https:\/\/www.facebook.com\/florent.ostermann\" \/>\n<meta property=\"article:published_time\" content=\"2020-01-04T15:19:13+00:00\" \/>\n<meta property=\"article:modified_time\" content=\"2020-01-04T16:43:53+00:00\" \/>\n<meta property=\"og:image\" content=\"https:\/\/dicodusport.fr\/blog\/wp-content\/uploads\/2020\/01\/Cyclo-cross-UCI-de-Troyes-2020-Cl\u00e9ment-Venturini-l\u2019emporte-en-costaud-.png\" \/>\n\t<meta property=\"og:image:width\" content=\"800\" \/>\n\t<meta property=\"og:image:height\" content=\"445\" \/>\n\t<meta property=\"og:image:type\" content=\"image\/png\" \/>\n<meta name=\"author\" content=\"Flo Ostermann\" \/>\n<meta name=\"twitter:card\" content=\"summary_large_image\" \/>\n<meta name=\"twitter:title\" content=\"Imp\u00e9rial, Cl\u00e9ment Venturini remporte le cyclo-cross UCI de Troyes\" \/>\n<meta name=\"twitter:creator\" content=\"@https:\/\/twitter.com\/FlOstermann\" \/>\n<meta name=\"twitter:site\" content=\"@dicodusport\" \/>\n<script type=\"application\/ld+json\" class=\"yoast-schema-graph\">{\"@context\":\"https:\/\/schema.org\",\"@graph\":[{\"@type\":\"NewsArticle\",\"@id\":\"https:\/\/dicodusport.fr\/blog\/cyclo-cross-uci-troyes-clement-venturini-emporte-costaud\/#article\",\"isPartOf\":{\"@id\":\"https:\/\/dicodusport.fr\/blog\/cyclo-cross-uci-troyes-clement-venturini-emporte-costaud\/\"},\"author\":{\"name\":\"Flo Ostermann\",\"@id\":\"https:\/\/dicodusport.fr\/blog\/#\/schema\/person\/cb02af4c173ce4a653b55e9baf388d4a\"},\"headline\":\"Cyclo-cross UCI de Troyes : Cl\u00e9ment Venturini l&#8217;emporte en costaud\",\"datePublished\":\"2020-01-04T15:19:13+00:00\",\"dateModified\":\"2020-01-04T16:43:53+00:00\",\"mainEntityOfPage\":{\"@id\":\"https:\/\/dicodusport.fr\/blog\/cyclo-cross-uci-troyes-clement-venturini-emporte-costaud\/\"},\"wordCount\":191,\"commentCount\":1,\"publisher\":{\"@id\":\"https:\/\/dicodusport.fr\/blog\/#organization\"},\"image\":{\"@id\":\"https:\/\/dicodusport.fr\/blog\/cyclo-cross-uci-troyes-clement-venturini-emporte-costaud\/#primaryimage\"},\"thumbnailUrl\":\"https:\/\/dicodusport.fr\/blog\/wp-content\/uploads\/2020\/01\/Cyclo-cross-UCI-de-Troyes-2020-Cl\u00e9ment-Venturini-l\u2019emporte-en-costaud-.png\",\"keywords\":[\"Cyclo-cross\",\"Cyclo-cross Troyes\"],\"articleSection\":[\"Cyclisme\"],\"inLanguage\":\"fr-FR\",\"potentialAction\":[{\"@type\":\"CommentAction\",\"name\":\"Comment\",\"target\":[\"https:\/\/dicodusport.fr\/blog\/cyclo-cross-uci-troyes-clement-venturini-emporte-costaud\/#respond\"]}],\"copyrightYear\":\"2020\",\"copyrightHolder\":{\"@id\":\"https:\/\/dicodusport.fr\/blog\/#organization\"}},{\"@type\":\"WebPage\",\"@id\":\"https:\/\/dicodusport.fr\/blog\/cyclo-cross-uci-troyes-clement-venturini-emporte-costaud\/\",\"url\":\"https:\/\/dicodusport.fr\/blog\/cyclo-cross-uci-troyes-clement-venturini-emporte-costaud\/\",\"name\":\"Cyclo-cross UCI de Troyes : Cl\u00e9ment Venturini l'emporte en costaud\",\"isPartOf\":{\"@id\":\"https:\/\/dicodusport.fr\/blog\/#website\"},\"primaryImageOfPage\":{\"@id\":\"https:\/\/dicodusport.fr\/blog\/cyclo-cross-uci-troyes-clement-venturini-emporte-costaud\/#primaryimage\"},\"image\":{\"@id\":\"https:\/\/dicodusport.fr\/blog\/cyclo-cross-uci-troyes-clement-venturini-emporte-costaud\/#primaryimage\"},\"thumbnailUrl\":\"https:\/\/dicodusport.fr\/blog\/wp-content\/uploads\/2020\/01\/Cyclo-cross-UCI-de-Troyes-2020-Cl\u00e9ment-Venturini-l\u2019emporte-en-costaud-.png\",\"datePublished\":\"2020-01-04T15:19:13+00:00\",\"dateModified\":\"2020-01-04T16:43:53+00:00\",\"description\":\"Cyclo-cross - Le Fran\u00e7ais Cl\u00e9ment Venturini a remport\u00e9 ce samedi le cyclo-cross UCI de Troyes (Aube). Il devance le N\u00e9erlandais David van der Poel.\",\"breadcrumb\":{\"@id\":\"https:\/\/dicodusport.fr\/blog\/cyclo-cross-uci-troyes-clement-venturini-emporte-costaud\/#breadcrumb\"},\"inLanguage\":\"fr-FR\",\"potentialAction\":[{\"@type\":\"ReadAction\",\"target\":[\"https:\/\/dicodusport.fr\/blog\/cyclo-cross-uci-troyes-clement-venturini-emporte-costaud\/\"]}]},{\"@type\":\"ImageObject\",\"inLanguage\":\"fr-FR\",\"@id\":\"https:\/\/dicodusport.fr\/blog\/cyclo-cross-uci-troyes-clement-venturini-emporte-costaud\/#primaryimage\",\"url\":\"https:\/\/dicodusport.fr\/blog\/wp-content\/uploads\/2020\/01\/Cyclo-cross-UCI-de-Troyes-2020-Cl\u00e9ment-Venturini-l\u2019emporte-en-costaud-.png\",\"contentUrl\":\"https:\/\/dicodusport.fr\/blog\/wp-content\/uploads\/2020\/01\/Cyclo-cross-UCI-de-Troyes-2020-Cl\u00e9ment-Venturini-l\u2019emporte-en-costaud-.png\",\"width\":800,\"height\":445,\"caption\":\"Cyclo-cross UCI de Troyes 2020 - Cl\u00e9ment Venturini l\u2019emporte en costaud\"},{\"@type\":\"BreadcrumbList\",\"@id\":\"https:\/\/dicodusport.fr\/blog\/cyclo-cross-uci-troyes-clement-venturini-emporte-costaud\/#breadcrumb\",\"itemListElement\":[{\"@type\":\"ListItem\",\"position\":1,\"name\":\"Accueil\",\"item\":\"https:\/\/dicodusport.fr\/blog\/\"},{\"@type\":\"ListItem\",\"position\":2,\"name\":\"Cyclo-cross UCI de Troyes : Cl\u00e9ment Venturini l&#8217;emporte en costaud\"}]},{\"@type\":\"WebSite\",\"@id\":\"https:\/\/dicodusport.fr\/blog\/#website\",\"url\":\"https:\/\/dicodusport.fr\/blog\/\",\"name\":\"Dicodusport\",\"description\":\"L&#039;encyclop\u00e9die de l&#039;actualit\u00e9 sportive\",\"publisher\":{\"@id\":\"https:\/\/dicodusport.fr\/blog\/#organization\"},\"potentialAction\":[{\"@type\":\"SearchAction\",\"target\":{\"@type\":\"EntryPoint\",\"urlTemplate\":\"https:\/\/dicodusport.fr\/blog\/?s={search_term_string}\"},\"query-input\":{\"@type\":\"PropertyValueSpecification\",\"valueRequired\":true,\"valueName\":\"search_term_string\"}}],\"inLanguage\":\"fr-FR\"},{\"@type\":\"NewsMediaOrganization\",\"@id\":\"https:\/\/dicodusport.fr\/blog\/#organization\",\"name\":\"Dicodusport\",\"url\":\"https:\/\/dicodusport.fr\/blog\/\",\"logo\":{\"@type\":\"ImageObject\",\"inLanguage\":\"fr-FR\",\"@id\":\"https:\/\/dicodusport.fr\/blog\/#\/schema\/logo\/image\/\",\"url\":\"https:\/\/dicodusport.fr\/blog\/wp-content\/uploads\/2020\/06\/cropped-LOGO-DICODUSPORT-2020-SANS-FOND-SANS-TEXTE.png\",\"contentUrl\":\"https:\/\/dicodusport.fr\/blog\/wp-content\/uploads\/2020\/06\/cropped-LOGO-DICODUSPORT-2020-SANS-FOND-SANS-TEXTE.png\",\"width\":512,\"height\":512,\"caption\":\"Dicodusport\"},\"image\":{\"@id\":\"https:\/\/dicodusport.fr\/blog\/#\/schema\/logo\/image\/\"},\"sameAs\":[\"https:\/\/www.facebook.com\/dicodusport\",\"https:\/\/x.com\/dicodusport\",\"https:\/\/www.instagram.com\/dicodusport\/\",\"https:\/\/www.youtube.com\/channel\/UC7V2KZ5sd3htJivAbA4ZG3w\"],\"description\":\"Dicodusport est l'encyclop\u00e9die de l'actualit\u00e9 sportive.\",\"email\":\"bonjour@dicodusport.fr\",\"legalName\":\"DICODUSPORT\",\"foundingDate\":\"2018-01-14\",\"vatID\":\"FR71834470973\",\"taxID\":\"83447097300043\",\"numberOfEmployees\":{\"@type\":\"QuantitativeValue\",\"minValue\":\"1\",\"maxValue\":\"10\"}},{\"@type\":\"Person\",\"@id\":\"https:\/\/dicodusport.fr\/blog\/#\/schema\/person\/cb02af4c173ce4a653b55e9baf388d4a\",\"name\":\"Flo Ostermann\",\"image\":{\"@type\":\"ImageObject\",\"inLanguage\":\"fr-FR\",\"@id\":\"https:\/\/dicodusport.fr\/blog\/#\/schema\/person\/image\/\",\"url\":\"https:\/\/dicodusport.fr\/blog\/wp-content\/uploads\/2021\/05\/Flo-Ostermann-150x150.jpg\",\"contentUrl\":\"https:\/\/dicodusport.fr\/blog\/wp-content\/uploads\/2021\/05\/Flo-Ostermann-150x150.jpg\",\"caption\":\"Flo Ostermann\"},\"description\":\"Journaliste\/R\u00e9dacteur depuis septembre 2015 - Mes premiers souvenirs dans le sport ? Les envol\u00e9es du Stade Toulousain et les duels Villeneuve-Schumacher et H\u00e4kkinen-Schumacher \u00e0 la fin des ann\u00e9es 90, la Coupe du monde de football en 1998, l\u2019exploit du XV de France face aux All Blacks en 1999, mais aussi Richard C\u0153ur de Lion qui vole sur les montagnes du Tour de France. Bien parti pour devenir professeur d\u2019EPS, les \u00e9v\u00e9nements de la vie (et la flemme d\u2019animer des s\u00e9ances de 3x500 m\u00e8tres toute ma vie) m\u2019ont conduit \u00e0 revoir mes plans. Me voil\u00e0 depuis fin 2017 sur Dicodusport, m\u00e9dia gr\u00e2ce (et pour) lequel je partage ma passion : le sport dans tous ses \u00e9tats. Le tout accompagn\u00e9 par les fous furieux et folles furieuses cit\u00e9s sur cette page !\",\"sameAs\":[\"https:\/\/www.facebook.com\/florent.ostermann\",\"https:\/\/x.com\/https:\/\/twitter.com\/FlOstermann\",\"admin\"],\"url\":\"https:\/\/dicodusport.fr\/blog\/author\/flo\/\"}]}<\/script>\n<!-- \/ Yoast SEO Premium plugin. -->","yoast_head_json":{"title":"Cyclo-cross UCI de Troyes : Cl\u00e9ment Venturini l'emporte en costaud","description":"Cyclo-cross - Le Fran\u00e7ais Cl\u00e9ment Venturini a remport\u00e9 ce samedi le cyclo-cross UCI de Troyes (Aube). Il devance le N\u00e9erlandais David van der Poel.","robots":{"index":"index","follow":"follow","max-snippet":"max-snippet:-1","max-image-preview":"max-image-preview:large","max-video-preview":"max-video-preview:-1"},"canonical":"https:\/\/dicodusport.fr\/blog\/cyclo-cross-uci-troyes-clement-venturini-emporte-costaud\/","og_locale":"fr_FR","og_type":"article","og_title":"Imp\u00e9rial, Cl\u00e9ment Venturini remporte le cyclo-cross UCI de Troyes","og_description":"Cyclo-cross - Le Fran\u00e7ais Cl\u00e9ment Venturini a remport\u00e9 ce samedi le cyclo-cross UCI de Troyes (Aube). Il devance le N\u00e9erlandais David van der Poel.","og_url":"https:\/\/dicodusport.fr\/blog\/cyclo-cross-uci-troyes-clement-venturini-emporte-costaud\/","og_site_name":"Dicodusport","article_publisher":"https:\/\/www.facebook.com\/dicodusport","article_author":"https:\/\/www.facebook.com\/florent.ostermann","article_published_time":"2020-01-04T15:19:13+00:00","article_modified_time":"2020-01-04T16:43:53+00:00","og_image":[{"width":800,"height":445,"url":"https:\/\/dicodusport.fr\/blog\/wp-content\/uploads\/2020\/01\/Cyclo-cross-UCI-de-Troyes-2020-Cl\u00e9ment-Venturini-l\u2019emporte-en-costaud-.png","type":"image\/png"}],"author":"Flo Ostermann","twitter_card":"summary_large_image","twitter_title":"Imp\u00e9rial, Cl\u00e9ment Venturini remporte le cyclo-cross UCI de Troyes","twitter_creator":"@https:\/\/twitter.com\/FlOstermann","twitter_site":"@dicodusport","schema":{"@context":"https:\/\/schema.org","@graph":[{"@type":"NewsArticle","@id":"https:\/\/dicodusport.fr\/blog\/cyclo-cross-uci-troyes-clement-venturini-emporte-costaud\/#article","isPartOf":{"@id":"https:\/\/dicodusport.fr\/blog\/cyclo-cross-uci-troyes-clement-venturini-emporte-costaud\/"},"author":{"name":"Flo Ostermann","@id":"https:\/\/dicodusport.fr\/blog\/#\/schema\/person\/cb02af4c173ce4a653b55e9baf388d4a"},"headline":"Cyclo-cross UCI de Troyes : Cl\u00e9ment Venturini l&#8217;emporte en costaud","datePublished":"2020-01-04T15:19:13+00:00","dateModified":"2020-01-04T16:43:53+00:00","mainEntityOfPage":{"@id":"https:\/\/dicodusport.fr\/blog\/cyclo-cross-uci-troyes-clement-venturini-emporte-costaud\/"},"wordCount":191,"commentCount":1,"publisher":{"@id":"https:\/\/dicodusport.fr\/blog\/#organization"},"image":{"@id":"https:\/\/dicodusport.fr\/blog\/cyclo-cross-uci-troyes-clement-venturini-emporte-costaud\/#primaryimage"},"thumbnailUrl":"https:\/\/dicodusport.fr\/blog\/wp-content\/uploads\/2020\/01\/Cyclo-cross-UCI-de-Troyes-2020-Cl\u00e9ment-Venturini-l\u2019emporte-en-costaud-.png","keywords":["Cyclo-cross","Cyclo-cross Troyes"],"articleSection":["Cyclisme"],"inLanguage":"fr-FR","potentialAction":[{"@type":"CommentAction","name":"Comment","target":["https:\/\/dicodusport.fr\/blog\/cyclo-cross-uci-troyes-clement-venturini-emporte-costaud\/#respond"]}],"copyrightYear":"2020","copyrightHolder":{"@id":"https:\/\/dicodusport.fr\/blog\/#organization"}},{"@type":"WebPage","@id":"https:\/\/dicodusport.fr\/blog\/cyclo-cross-uci-troyes-clement-venturini-emporte-costaud\/","url":"https:\/\/dicodusport.fr\/blog\/cyclo-cross-uci-troyes-clement-venturini-emporte-costaud\/","name":"Cyclo-cross UCI de Troyes : Cl\u00e9ment Venturini l'emporte en costaud","isPartOf":{"@id":"https:\/\/dicodusport.fr\/blog\/#website"},"primaryImageOfPage":{"@id":"https:\/\/dicodusport.fr\/blog\/cyclo-cross-uci-troyes-clement-venturini-emporte-costaud\/#primaryimage"},"image":{"@id":"https:\/\/dicodusport.fr\/blog\/cyclo-cross-uci-troyes-clement-venturini-emporte-costaud\/#primaryimage"},"thumbnailUrl":"https:\/\/dicodusport.fr\/blog\/wp-content\/uploads\/2020\/01\/Cyclo-cross-UCI-de-Troyes-2020-Cl\u00e9ment-Venturini-l\u2019emporte-en-costaud-.png","datePublished":"2020-01-04T15:19:13+00:00","dateModified":"2020-01-04T16:43:53+00:00","description":"Cyclo-cross - Le Fran\u00e7ais Cl\u00e9ment Venturini a remport\u00e9 ce samedi le cyclo-cross UCI de Troyes (Aube). Il devance le N\u00e9erlandais David van der Poel.","breadcrumb":{"@id":"https:\/\/dicodusport.fr\/blog\/cyclo-cross-uci-troyes-clement-venturini-emporte-costaud\/#breadcrumb"},"inLanguage":"fr-FR","potentialAction":[{"@type":"ReadAction","target":["https:\/\/dicodusport.fr\/blog\/cyclo-cross-uci-troyes-clement-venturini-emporte-costaud\/"]}]},{"@type":"ImageObject","inLanguage":"fr-FR","@id":"https:\/\/dicodusport.fr\/blog\/cyclo-cross-uci-troyes-clement-venturini-emporte-costaud\/#primaryimage","url":"https:\/\/dicodusport.fr\/blog\/wp-content\/uploads\/2020\/01\/Cyclo-cross-UCI-de-Troyes-2020-Cl\u00e9ment-Venturini-l\u2019emporte-en-costaud-.png","contentUrl":"https:\/\/dicodusport.fr\/blog\/wp-content\/uploads\/2020\/01\/Cyclo-cross-UCI-de-Troyes-2020-Cl\u00e9ment-Venturini-l\u2019emporte-en-costaud-.png","width":800,"height":445,"caption":"Cyclo-cross UCI de Troyes 2020 - Cl\u00e9ment Venturini l\u2019emporte en costaud"},{"@type":"BreadcrumbList","@id":"https:\/\/dicodusport.fr\/blog\/cyclo-cross-uci-troyes-clement-venturini-emporte-costaud\/#breadcrumb","itemListElement":[{"@type":"ListItem","position":1,"name":"Accueil","item":"https:\/\/dicodusport.fr\/blog\/"},{"@type":"ListItem","position":2,"name":"Cyclo-cross UCI de Troyes : Cl\u00e9ment Venturini l&#8217;emporte en costaud"}]},{"@type":"WebSite","@id":"https:\/\/dicodusport.fr\/blog\/#website","url":"https:\/\/dicodusport.fr\/blog\/","name":"Dicodusport","description":"L&#039;encyclop\u00e9die de l&#039;actualit\u00e9 sportive","publisher":{"@id":"https:\/\/dicodusport.fr\/blog\/#organization"},"potentialAction":[{"@type":"SearchAction","target":{"@type":"EntryPoint","urlTemplate":"https:\/\/dicodusport.fr\/blog\/?s={search_term_string}"},"query-input":{"@type":"PropertyValueSpecification","valueRequired":true,"valueName":"search_term_string"}}],"inLanguage":"fr-FR"},{"@type":"NewsMediaOrganization","@id":"https:\/\/dicodusport.fr\/blog\/#organization","name":"Dicodusport","url":"https:\/\/dicodusport.fr\/blog\/","logo":{"@type":"ImageObject","inLanguage":"fr-FR","@id":"https:\/\/dicodusport.fr\/blog\/#\/schema\/logo\/image\/","url":"https:\/\/dicodusport.fr\/blog\/wp-content\/uploads\/2020\/06\/cropped-LOGO-DICODUSPORT-2020-SANS-FOND-SANS-TEXTE.png","contentUrl":"https:\/\/dicodusport.fr\/blog\/wp-content\/uploads\/2020\/06\/cropped-LOGO-DICODUSPORT-2020-SANS-FOND-SANS-TEXTE.png","width":512,"height":512,"caption":"Dicodusport"},"image":{"@id":"https:\/\/dicodusport.fr\/blog\/#\/schema\/logo\/image\/"},"sameAs":["https:\/\/www.facebook.com\/dicodusport","https:\/\/x.com\/dicodusport","https:\/\/www.instagram.com\/dicodusport\/","https:\/\/www.youtube.com\/channel\/UC7V2KZ5sd3htJivAbA4ZG3w"],"description":"Dicodusport est l'encyclop\u00e9die de l'actualit\u00e9 sportive.","email":"bonjour@dicodusport.fr","legalName":"DICODUSPORT","foundingDate":"2018-01-14","vatID":"FR71834470973","taxID":"83447097300043","numberOfEmployees":{"@type":"QuantitativeValue","minValue":"1","maxValue":"10"}},{"@type":"Person","@id":"https:\/\/dicodusport.fr\/blog\/#\/schema\/person\/cb02af4c173ce4a653b55e9baf388d4a","name":"Flo Ostermann","image":{"@type":"ImageObject","inLanguage":"fr-FR","@id":"https:\/\/dicodusport.fr\/blog\/#\/schema\/person\/image\/","url":"https:\/\/dicodusport.fr\/blog\/wp-content\/uploads\/2021\/05\/Flo-Ostermann-150x150.jpg","contentUrl":"https:\/\/dicodusport.fr\/blog\/wp-content\/uploads\/2021\/05\/Flo-Ostermann-150x150.jpg","caption":"Flo Ostermann"},"description":"Journaliste\/R\u00e9dacteur depuis septembre 2015 - Mes premiers souvenirs dans le sport ? Les envol\u00e9es du Stade Toulousain et les duels Villeneuve-Schumacher et H\u00e4kkinen-Schumacher \u00e0 la fin des ann\u00e9es 90, la Coupe du monde de football en 1998, l\u2019exploit du XV de France face aux All Blacks en 1999, mais aussi Richard C\u0153ur de Lion qui vole sur les montagnes du Tour de France. Bien parti pour devenir professeur d\u2019EPS, les \u00e9v\u00e9nements de la vie (et la flemme d\u2019animer des s\u00e9ances de 3x500 m\u00e8tres toute ma vie) m\u2019ont conduit \u00e0 revoir mes plans. Me voil\u00e0 depuis fin 2017 sur Dicodusport, m\u00e9dia gr\u00e2ce (et pour) lequel je partage ma passion : le sport dans tous ses \u00e9tats. Le tout accompagn\u00e9 par les fous furieux et folles furieuses cit\u00e9s sur cette page !","sameAs":["https:\/\/www.facebook.com\/florent.ostermann","https:\/\/x.com\/https:\/\/twitter.com\/FlOstermann","admin"],"url":"https:\/\/dicodusport.fr\/blog\/author\/flo\/"}]}},"_links":{"self":[{"href":"https:\/\/dicodusport.fr\/blog\/wp-json\/wp\/v2\/posts\/56192","targetHints":{"allow":["GET"]}}],"collection":[{"href":"https:\/\/dicodusport.fr\/blog\/wp-json\/wp\/v2\/posts"}],"about":[{"href":"https:\/\/dicodusport.fr\/blog\/wp-json\/wp\/v2\/types\/post"}],"author":[{"embeddable":true,"href":"https:\/\/dicodusport.fr\/blog\/wp-json\/wp\/v2\/users\/4"}],"replies":[{"embeddable":true,"href":"https:\/\/dicodusport.fr\/blog\/wp-json\/wp\/v2\/comments?post=56192"}],"version-history":[{"count":0,"href":"https:\/\/dicodusport.fr\/blog\/wp-json\/wp\/v2\/posts\/56192\/revisions"}],"wp:featuredmedia":[{"embeddable":true,"href":"https:\/\/dicodusport.fr\/blog\/wp-json\/wp\/v2\/media\/56205"}],"wp:attachment":[{"href":"https:\/\/dicodusport.fr\/blog\/wp-json\/wp\/v2\/media?parent=56192"}],"wp:term":[{"taxonomy":"category","embeddable":true,"href":"https:\/\/dicodusport.fr\/blog\/wp-json\/wp\/v2\/categories?post=56192"},{"taxonomy":"post_tag","embeddable":true,"href":"https:\/\/dicodusport.fr\/blog\/wp-json\/wp\/v2\/tags?post=56192"}],"curies":[{"name":"wp","href":"https:\/\/api.w.org\/{rel}","templated":true}]}}