{"id":561958,"date":"2025-03-07T18:20:03","date_gmt":"2025-03-07T17:20:03","guid":{"rendered":"https:\/\/dicodusport.fr\/blog\/?p=561958&#038;preview=true&#038;preview_id=561958"},"modified":"2025-05-21T17:44:45","modified_gmt":"2025-05-21T15:44:45","slug":"transferts-rugby-pro-d2-iosefo-masi-montpellier-les-infos-transferts-du-vendredi-7-mars","status":"publish","type":"post","link":"https:\/\/dicodusport.fr\/blog\/transferts-rugby-pro-d2-iosefo-masi-montpellier-les-infos-transferts-du-vendredi-7-mars\/","title":{"rendered":"Transferts Rugby : Pro D2, Iosefo Masi, Montpellier, les infos transferts du vendredi 7 mars"},"content":{"rendered":"<h4 style=\"text-align: justify;\" align=\"justify\"><em>TRANSFERTS RUGBY &#8211; Du mouvement en Pro D2, Lyon s\u00e9curise Arno Botha et officialise Iosefo Masi, Montpellier tranche le destin de quelques joueurs : les infos transferts du vendredi 7 mars.<\/em><\/h4>\n<h2 style=\"text-align: justify;\">Pro D2 : Colomiers et Biarritz s&rsquo;activent<\/h2>\n<p style=\"text-align: justify;\">C&rsquo;\u00e9tait dans l&rsquo;air, c&rsquo;est d\u00e9sormais officiel : <strong>Jules Danglot<\/strong> jouera \u00e0 Colomiers. La concurrence au poste de demi de m\u00eal\u00e9e aura eu raison de son parcours au RC Toulon, o\u00f9 il \u00e9tait arriv\u00e9 en 2021. Le club varois a ses trois n\u00b09 pour la saison prochaine, et l&rsquo;ancien de Montpellier devrait donc d\u00e9couvrir la Pro D2, \u00e0 moins que les Colum\u00e9rins, pour l&rsquo;instant aux portes du Top 6, ne parviennent \u00e0 d\u00e9jouer les pronostics en fin de saison.<\/p>\n<ul style=\"text-align: justify;\">\n<li><strong>\u00c0 ce sujet \u2013\u00a0<a href=\"https:\/\/dicodusport.fr\/blog\/classement-pro-d2-2024-2025\/\">Classement Pro D2 2024-2025<\/a><\/strong><\/li>\n<\/ul>\n<p style=\"text-align: justify;\">\u00c0 Biarritz, les objectifs sont tout autres. Le BO chercher \u00e0 \u00e9chapper \u00e0 la place de barragiste, un but atteignable, mais il faut bien pr\u00e9parer la saison prochaine. \u00c0 ce titre, le club basque a rapatri\u00e9<strong> Jules Even<\/strong>, ancien de la maison. \u00c0 26 ans, il a quitt\u00e9 Biarritz en 2018 apr\u00e8s une carri\u00e8re juniors sur la c\u00f4te, mais va revenir apr\u00e8s quatre ans au Stade Montois. Bien \u00e9tabli en Pro D2, le centre va boucler la boucle.<\/p>\n<p style=\"text-align: justify;\"><em><strong>L&rsquo;avis de Dicodusport<\/strong> <strong>: <\/strong>Jules Danglot sera un superbe coup pour Colomiers, qui r\u00e9cup\u00e8re un n\u00b09 jeune, mais exp\u00e9riment\u00e9, qui a d\u00e9j\u00e0 bien ferraill\u00e9 en Top 14 et qui devrait briller \u00e0 Michel-Bendichou. Pour Biarritz, amasser les joueurs confirm\u00e9s en Pro D2 est capital pour se stabiliser \u00e0 ce niveau, avant de pourquoi pas regarder vers le haut dans quelque temps.\u00a0<\/em><\/p>\n<ul style=\"text-align: justify;\">\n<li style=\"text-align: justify;\"><strong>\u00c0 ce sujet &#8211; <a href=\"https:\/\/dicodusport.fr\/blog\/colomiers-biarritz-les-clubs-de-pro-d2-sactivent-sur-le-marche-des-transferts\/\">Colomiers, Biarritz, les clubs de Pro D2 s\u2019activent sur le march\u00e9 des transferts<\/a><\/strong><\/li>\n<\/ul>\n<h2 style=\"text-align: justify;\">Lyon OU : Arno Botha reste, Iosefo Masi arrive<\/h2>\n<p style=\"text-align: justify;\">Alors que le LOU cherche \u00e0 conserver <a href=\"https:\/\/dicodusport.fr\/blog\/transferts-le-lou-a-tranche-pour-lavenir-de-karim-ghezal\/\"><strong>Karim Ghezal<\/strong><\/a>, l&rsquo;ancien coach du Stade Fran\u00e7ais ayant une belle responsabilit\u00e9 dans la bonne passe actuelle des Lyonnais, il reste actif sur le march\u00e9 des transferts. Murmur\u00e9e depuis quelques semaines, la prolongation d&rsquo;<strong>Arno Botha<\/strong> est d\u00e9sormais officielle. Arriv\u00e9 en 2022, le troisi\u00e8me ligne sud-africain a beau avoir 33 ans, il reste appr\u00e9ci\u00e9 des dirigeants qui lui offrent <a href=\"https:\/\/x.com\/LeLOURugby\/status\/1897920680059949522\"><strong>une saison de plus<\/strong><\/a>.<\/p>\n<p style=\"text-align: justify;\">Les prolongations, c&rsquo;est bien, les recrues de marque, c&rsquo;est mieux. C&rsquo;est officiel, <a href=\"https:\/\/x.com\/LeLOURugby\/status\/1897712585929343422\"><strong>Iosefo Masi sera Lyonnais la saison prochaine<\/strong><\/a>. \u00c0 26 ans, le Fidjien a fait partie de l&rsquo;\u00e9quipe <a href=\"https:\/\/dicodusport.fr\/blog\/jo-tokyo-2020-rugby-a-7-les-fidji-semparent-a-nouveau-du-titre-olympique\/\"><strong>championne olympique \u00e0 7<\/strong><\/a> lors des JO de Tokyo. Apr\u00e8s un passage \u00e0 XIII, il \u00e9volue actuellement en Super Rugby, sous les couleurs des Fijian Drua. Un trois-quarts polyvalent et explosif, international \u00e0 XV (il \u00e9tait dans <a href=\"https:\/\/dicodusport.fr\/blog\/fidji-la-liste-des-33-joueurs-retenus-pour-la-coupe-du-monde-2023\/\"><strong>le squad des Fidji pour la Coupe du monde 2023<\/strong><\/a>) et qui pourrait devenir une attraction la saison prochaine, sous les couleurs lyonnaises.<\/p>\n<p style=\"text-align: justify;\"><em><strong>L&rsquo;avis de Dicodusport<\/strong> <strong>:<\/strong> Lyon a \u00e9norm\u00e9ment travaill\u00e9 pour dessiner un effectif coh\u00e9rent pour la saison prochaine. Si la prolongation de Botha est logique, l&rsquo;arriv\u00e9e de Masi est une belle nouvelle pour le LOU, qui s&rsquo;offre une arme de qualit\u00e9 dans sa ligne de trois-quarts, et pour le Top 14, qui aura toujours besoin de joueurs susceptibles de faire le spectacle.<\/em><\/p>\n<ul style=\"text-align: justify;\">\n<li><strong>\u00c0 ce sujet \u2013\u00a0<a href=\"https:\/\/dicodusport.fr\/blog\/classement-top-14-2024-2025\/\">Classement Top 2024-2025<\/a><\/strong><\/li>\n<\/ul>\n<h2 style=\"text-align: justify;\">Montpellier HR : Hogg et Haouas vont rempiler, Bridge part<\/h2>\n<p style=\"text-align: justify;\">Montpellier est pass\u00e9 par tous les \u00e9tats cette saison. Apr\u00e8s un d\u00e9but de saison calamiteux, le MHR a redress\u00e9 la t\u00eate, mais reste sur courant alternatif. N\u00e9anmoins, le club h\u00e9raultais n&rsquo;est qu&rsquo;\u00e0 deux points du Top 6, sans \u00eatre assur\u00e9 du maintien, une situation bancale, mais il faut bien pr\u00e9parer la prochaine, et l&rsquo;effectif commence \u00e0 se dessiner de plus en plus, rapporte le <strong><a href=\"https:\/\/www.midilibre.fr\/2025\/03\/07\/une-page-se-tourne-au-mhr-anthony-bouthier-sengage-a-vannes-paul-willemse-encore-dans-lattente-12554189.php\">Midi Libre<\/a><\/strong>.<\/p>\n<p style=\"text-align: justify;\">En plus de la confirmation <a href=\"https:\/\/dicodusport.fr\/blog\/transferts-anthony-bouthier-va-quitter-montpellier-pour-un-autre-club-de-top-14\/\">du retour d&rsquo;<strong>Anthony Bouthier<\/strong> \u00e0 Vannes<\/a>, on apprend que <strong>Mohamed Haouas<\/strong> et <strong>Stuart Hogg<\/strong> seront prolong\u00e9s, m\u00eame si on ignore pour combien de temps. N\u00e9anmoins, certains d\u00e9parts vont avoir lieu, comme celui de <strong>Pierre Lucas<\/strong> et surtout de <strong>George Bridge,<\/strong> qui n&rsquo;aura que rarement prouv\u00e9 le talent qu&rsquo;on lui conf\u00e9rait \u00e0 son arriv\u00e9e. Reste le cas <strong>Paul Willemse<\/strong>, le deuxi\u00e8me ligne international n&rsquo;ayant toujours pas le feu vert pour reprendre le rugby.<\/p>\n<p style=\"text-align: justify;\"><em><strong>L&rsquo;avis de Dicodusport<\/strong> <strong>:\u00a0<\/strong>Montpellier doit se maintenir, peut se qualifier, mais rien n&rsquo;est certain : il est donc compr\u00e9hensible de voir le MHR vouloir conserver des joueurs d&rsquo;exp\u00e9rience pour la saison prochaine.\u00a0<\/em><\/p>\n","protected":false},"excerpt":{"rendered":"<p>Pro D2, Arno Botha, Montpellier, les infos transferts du vendredi 7 mars<\/p>\n","protected":false},"author":59,"featured_media":561966,"comment_status":"open","ping_status":"closed","sticky":false,"template":"","format":"standard","meta":{"_acf_changed":false,"_daextam_enable_autolinks":"1","footnotes":""},"categories":[47052,9129,47050],"tags":[32415,16878,28226,13,110,29105],"class_list":["post-561958","post","type-post","status-publish","format-standard","has-post-thumbnail","hentry","category-pro-d2","category-rugby-a-xv","category-top-14","tag-actu","tag-breve","tag-mercato-rugby","tag-rugby","tag-rugby-a-xv","tag-transferts-rugby"],"acf":[],"yoast_head":"<!-- This site is optimized with the Yoast SEO Premium plugin v26.7 (Yoast SEO v26.7) - https:\/\/yoast.com\/wordpress\/plugins\/seo\/ -->\n<title>Transferts Rugby : Pro D2, Iosefo Masi, Montpellier, les infos transferts du vendredi 7 mars<\/title>\n<meta name=\"description\" content=\"TRANSFERTS RUGBY - Du mouvement en Pro D2, Lyon s\u00e9curise Arno Botha et officialise Iosefo Masi, Montpellier tranche le destin de quelques joueurs : les infos transferts du vendredi 7 mars.\" \/>\n<meta name=\"robots\" content=\"index, follow, max-snippet:-1, max-image-preview:large, max-video-preview:-1\" \/>\n<link rel=\"canonical\" href=\"https:\/\/dicodusport.fr\/blog\/transferts-rugby-pro-d2-iosefo-masi-montpellier-les-infos-transferts-du-vendredi-7-mars\/\" \/>\n<meta property=\"og:locale\" content=\"fr_FR\" \/>\n<meta property=\"og:type\" content=\"article\" \/>\n<meta property=\"og:title\" content=\"Transferts Rugby : Pro D2, Iosefo Masi, Montpellier, les infos transferts du vendredi 7 mars\" \/>\n<meta property=\"og:description\" content=\"TRANSFERTS RUGBY - Du mouvement en Pro D2, Lyon s\u00e9curise Arno Botha et officialise Iosefo Masi, Montpellier tranche le destin de quelques joueurs : les infos transferts du vendredi 7 mars.\" \/>\n<meta property=\"og:url\" content=\"https:\/\/dicodusport.fr\/blog\/transferts-rugby-pro-d2-iosefo-masi-montpellier-les-infos-transferts-du-vendredi-7-mars\/\" \/>\n<meta property=\"og:site_name\" content=\"Dicodusport\" \/>\n<meta property=\"article:publisher\" content=\"https:\/\/www.facebook.com\/dicodusport\" \/>\n<meta property=\"article:author\" content=\"https:\/\/www.facebook.com\/sebastien.gente\/\" \/>\n<meta property=\"article:published_time\" content=\"2025-03-07T17:20:03+00:00\" \/>\n<meta property=\"article:modified_time\" content=\"2025-05-21T15:44:45+00:00\" \/>\n<meta property=\"og:image\" content=\"https:\/\/dicodusport.fr\/blog\/wp-content\/uploads\/2025\/03\/Transferts-Rugby-Pro-D2-Iosefo-Masi-Montpellier-les-infos-transferts-du-vendredi-7-mars.png\" \/>\n\t<meta property=\"og:image:width\" content=\"1200\" \/>\n\t<meta property=\"og:image:height\" content=\"674\" \/>\n\t<meta property=\"og:image:type\" content=\"image\/png\" \/>\n<meta name=\"author\" content=\"S\u00e9bastien Gente\" \/>\n<meta name=\"twitter:card\" content=\"summary_large_image\" \/>\n<meta name=\"twitter:title\" content=\"Transferts Rugby : Pro D2, Iosefo Masi, Montpellier, les infos transferts du vendredi 7 mars\" \/>\n<meta name=\"twitter:creator\" content=\"@https:\/\/twitter.com\/globulo24\" \/>\n<meta name=\"twitter:site\" content=\"@dicodusport\" \/>\n<script type=\"application\/ld+json\" class=\"yoast-schema-graph\">{\"@context\":\"https:\/\/schema.org\",\"@graph\":[{\"@type\":\"NewsArticle\",\"@id\":\"https:\/\/dicodusport.fr\/blog\/transferts-rugby-pro-d2-iosefo-masi-montpellier-les-infos-transferts-du-vendredi-7-mars\/#article\",\"isPartOf\":{\"@id\":\"https:\/\/dicodusport.fr\/blog\/transferts-rugby-pro-d2-iosefo-masi-montpellier-les-infos-transferts-du-vendredi-7-mars\/\"},\"author\":{\"name\":\"S\u00e9bastien Gente\",\"@id\":\"https:\/\/dicodusport.fr\/blog\/#\/schema\/person\/627966a6cde45dbd8c5e36ac85d783da\"},\"headline\":\"Transferts Rugby : Pro D2, Iosefo Masi, Montpellier, les infos transferts du vendredi 7 mars\",\"datePublished\":\"2025-03-07T17:20:03+00:00\",\"dateModified\":\"2025-05-21T15:44:45+00:00\",\"mainEntityOfPage\":{\"@id\":\"https:\/\/dicodusport.fr\/blog\/transferts-rugby-pro-d2-iosefo-masi-montpellier-les-infos-transferts-du-vendredi-7-mars\/\"},\"wordCount\":735,\"commentCount\":0,\"publisher\":{\"@id\":\"https:\/\/dicodusport.fr\/blog\/#organization\"},\"image\":{\"@id\":\"https:\/\/dicodusport.fr\/blog\/transferts-rugby-pro-d2-iosefo-masi-montpellier-les-infos-transferts-du-vendredi-7-mars\/#primaryimage\"},\"thumbnailUrl\":\"https:\/\/dicodusport.fr\/blog\/wp-content\/uploads\/2025\/03\/Transferts-Rugby-Pro-D2-Iosefo-Masi-Montpellier-les-infos-transferts-du-vendredi-7-mars.png\",\"keywords\":[\"actu\",\"br\u00e8ve\",\"Mercato Rugby\",\"Rugby\",\"Rugby \u00e0 XV\",\"Transferts rugby\"],\"articleSection\":[\"Pro D2\",\"Rugby \u00e0 XV\",\"Top 14\"],\"inLanguage\":\"fr-FR\",\"potentialAction\":[{\"@type\":\"CommentAction\",\"name\":\"Comment\",\"target\":[\"https:\/\/dicodusport.fr\/blog\/transferts-rugby-pro-d2-iosefo-masi-montpellier-les-infos-transferts-du-vendredi-7-mars\/#respond\"]}],\"copyrightYear\":\"2025\",\"copyrightHolder\":{\"@id\":\"https:\/\/dicodusport.fr\/blog\/#organization\"}},{\"@type\":\"WebPage\",\"@id\":\"https:\/\/dicodusport.fr\/blog\/transferts-rugby-pro-d2-iosefo-masi-montpellier-les-infos-transferts-du-vendredi-7-mars\/\",\"url\":\"https:\/\/dicodusport.fr\/blog\/transferts-rugby-pro-d2-iosefo-masi-montpellier-les-infos-transferts-du-vendredi-7-mars\/\",\"name\":\"Transferts Rugby : Pro D2, Iosefo Masi, Montpellier, les infos transferts du vendredi 7 mars\",\"isPartOf\":{\"@id\":\"https:\/\/dicodusport.fr\/blog\/#website\"},\"primaryImageOfPage\":{\"@id\":\"https:\/\/dicodusport.fr\/blog\/transferts-rugby-pro-d2-iosefo-masi-montpellier-les-infos-transferts-du-vendredi-7-mars\/#primaryimage\"},\"image\":{\"@id\":\"https:\/\/dicodusport.fr\/blog\/transferts-rugby-pro-d2-iosefo-masi-montpellier-les-infos-transferts-du-vendredi-7-mars\/#primaryimage\"},\"thumbnailUrl\":\"https:\/\/dicodusport.fr\/blog\/wp-content\/uploads\/2025\/03\/Transferts-Rugby-Pro-D2-Iosefo-Masi-Montpellier-les-infos-transferts-du-vendredi-7-mars.png\",\"datePublished\":\"2025-03-07T17:20:03+00:00\",\"dateModified\":\"2025-05-21T15:44:45+00:00\",\"description\":\"TRANSFERTS RUGBY - Du mouvement en Pro D2, Lyon s\u00e9curise Arno Botha et officialise Iosefo Masi, Montpellier tranche le destin de quelques joueurs : les infos transferts du vendredi 7 mars.\",\"breadcrumb\":{\"@id\":\"https:\/\/dicodusport.fr\/blog\/transferts-rugby-pro-d2-iosefo-masi-montpellier-les-infos-transferts-du-vendredi-7-mars\/#breadcrumb\"},\"inLanguage\":\"fr-FR\",\"potentialAction\":[{\"@type\":\"ReadAction\",\"target\":[\"https:\/\/dicodusport.fr\/blog\/transferts-rugby-pro-d2-iosefo-masi-montpellier-les-infos-transferts-du-vendredi-7-mars\/\"]}]},{\"@type\":\"ImageObject\",\"inLanguage\":\"fr-FR\",\"@id\":\"https:\/\/dicodusport.fr\/blog\/transferts-rugby-pro-d2-iosefo-masi-montpellier-les-infos-transferts-du-vendredi-7-mars\/#primaryimage\",\"url\":\"https:\/\/dicodusport.fr\/blog\/wp-content\/uploads\/2025\/03\/Transferts-Rugby-Pro-D2-Iosefo-Masi-Montpellier-les-infos-transferts-du-vendredi-7-mars.png\",\"contentUrl\":\"https:\/\/dicodusport.fr\/blog\/wp-content\/uploads\/2025\/03\/Transferts-Rugby-Pro-D2-Iosefo-Masi-Montpellier-les-infos-transferts-du-vendredi-7-mars.png\",\"width\":1200,\"height\":674,\"caption\":\"Transferts Rugby Pro D2, Iosefo Masi, Montpellier, les infos transferts du vendredi 7 mars\"},{\"@type\":\"BreadcrumbList\",\"@id\":\"https:\/\/dicodusport.fr\/blog\/transferts-rugby-pro-d2-iosefo-masi-montpellier-les-infos-transferts-du-vendredi-7-mars\/#breadcrumb\",\"itemListElement\":[{\"@type\":\"ListItem\",\"position\":1,\"name\":\"Accueil\",\"item\":\"https:\/\/dicodusport.fr\/blog\/\"},{\"@type\":\"ListItem\",\"position\":2,\"name\":\"Transferts Rugby : Pro D2, Iosefo Masi, Montpellier, les infos transferts du vendredi 7 mars\"}]},{\"@type\":\"WebSite\",\"@id\":\"https:\/\/dicodusport.fr\/blog\/#website\",\"url\":\"https:\/\/dicodusport.fr\/blog\/\",\"name\":\"Dicodusport\",\"description\":\"L&#039;encyclop\u00e9die de l&#039;actualit\u00e9 sportive\",\"publisher\":{\"@id\":\"https:\/\/dicodusport.fr\/blog\/#organization\"},\"potentialAction\":[{\"@type\":\"SearchAction\",\"target\":{\"@type\":\"EntryPoint\",\"urlTemplate\":\"https:\/\/dicodusport.fr\/blog\/?s={search_term_string}\"},\"query-input\":{\"@type\":\"PropertyValueSpecification\",\"valueRequired\":true,\"valueName\":\"search_term_string\"}}],\"inLanguage\":\"fr-FR\"},{\"@type\":\"NewsMediaOrganization\",\"@id\":\"https:\/\/dicodusport.fr\/blog\/#organization\",\"name\":\"Dicodusport\",\"url\":\"https:\/\/dicodusport.fr\/blog\/\",\"logo\":{\"@type\":\"ImageObject\",\"inLanguage\":\"fr-FR\",\"@id\":\"https:\/\/dicodusport.fr\/blog\/#\/schema\/logo\/image\/\",\"url\":\"https:\/\/dicodusport.fr\/blog\/wp-content\/uploads\/2020\/06\/cropped-LOGO-DICODUSPORT-2020-SANS-FOND-SANS-TEXTE.png\",\"contentUrl\":\"https:\/\/dicodusport.fr\/blog\/wp-content\/uploads\/2020\/06\/cropped-LOGO-DICODUSPORT-2020-SANS-FOND-SANS-TEXTE.png\",\"width\":512,\"height\":512,\"caption\":\"Dicodusport\"},\"image\":{\"@id\":\"https:\/\/dicodusport.fr\/blog\/#\/schema\/logo\/image\/\"},\"sameAs\":[\"https:\/\/www.facebook.com\/dicodusport\",\"https:\/\/x.com\/dicodusport\",\"https:\/\/www.instagram.com\/dicodusport\/\",\"https:\/\/www.youtube.com\/channel\/UC7V2KZ5sd3htJivAbA4ZG3w\"],\"description\":\"Dicodusport est l'encyclop\u00e9die de l'actualit\u00e9 sportive.\",\"email\":\"bonjour@dicodusport.fr\",\"legalName\":\"DICODUSPORT\",\"foundingDate\":\"2018-01-14\",\"vatID\":\"FR71834470973\",\"taxID\":\"83447097300043\",\"numberOfEmployees\":{\"@type\":\"QuantitativeValue\",\"minValue\":\"1\",\"maxValue\":\"10\"}},{\"@type\":\"Person\",\"@id\":\"https:\/\/dicodusport.fr\/blog\/#\/schema\/person\/627966a6cde45dbd8c5e36ac85d783da\",\"name\":\"S\u00e9bastien Gente\",\"image\":{\"@type\":\"ImageObject\",\"inLanguage\":\"fr-FR\",\"@id\":\"https:\/\/dicodusport.fr\/blog\/#\/schema\/person\/image\/\",\"url\":\"https:\/\/dicodusport.fr\/blog\/wp-content\/uploads\/2021\/09\/1510990_10205810251400683_4124423575079401707_n-150x150.jpg\",\"contentUrl\":\"https:\/\/dicodusport.fr\/blog\/wp-content\/uploads\/2021\/09\/1510990_10205810251400683_4124423575079401707_n-150x150.jpg\",\"caption\":\"S\u00e9bastien Gente\"},\"description\":\"John Stockton, Gianni Bugno, Zinedine Zidane, Steffi Graf, Frode Andresen, St\u00e9phane Stoecklin, Davis Kamoga, Primoz Peterka, Werner Schlager et Aur\u00e9lien Rougerie. Point commun entre ces sportifs? Ils m'ont fait r\u00eaver et ont berc\u00e9 mon adolescence. Je suis un fondu de sports et j'essaie de retranscrire ma passion \u00e0 travers mes articles. Originaire du P\u00e9rigord, ma passion pour les Girondins, les Jaunards et les Jazzmen transpire dans mes \u00e9crits. \u00c0 Dicodusport depuis 2021, je d\u00e9niche les sports m\u00e9connus dans lesquels la France brille, et il y en a !\",\"sameAs\":[\"https:\/\/www.facebook.com\/sebastien.gente\/\",\"https:\/\/www.instagram.com\/sebgente\/\",\"https:\/\/www.linkedin.com\/in\/sbastien-gente-a29583169\/\",\"https:\/\/x.com\/https:\/\/twitter.com\/globulo24\",\"SebastienGente\"],\"worksFor\":\"S\u00e9bastien GENTE\",\"url\":\"https:\/\/dicodusport.fr\/blog\/author\/sebastiengente\/\"}]}<\/script>\n<!-- \/ Yoast SEO Premium plugin. -->","yoast_head_json":{"title":"Transferts Rugby : Pro D2, Iosefo Masi, Montpellier, les infos transferts du vendredi 7 mars","description":"TRANSFERTS RUGBY - Du mouvement en Pro D2, Lyon s\u00e9curise Arno Botha et officialise Iosefo Masi, Montpellier tranche le destin de quelques joueurs : les infos transferts du vendredi 7 mars.","robots":{"index":"index","follow":"follow","max-snippet":"max-snippet:-1","max-image-preview":"max-image-preview:large","max-video-preview":"max-video-preview:-1"},"canonical":"https:\/\/dicodusport.fr\/blog\/transferts-rugby-pro-d2-iosefo-masi-montpellier-les-infos-transferts-du-vendredi-7-mars\/","og_locale":"fr_FR","og_type":"article","og_title":"Transferts Rugby : Pro D2, Iosefo Masi, Montpellier, les infos transferts du vendredi 7 mars","og_description":"TRANSFERTS RUGBY - Du mouvement en Pro D2, Lyon s\u00e9curise Arno Botha et officialise Iosefo Masi, Montpellier tranche le destin de quelques joueurs : les infos transferts du vendredi 7 mars.","og_url":"https:\/\/dicodusport.fr\/blog\/transferts-rugby-pro-d2-iosefo-masi-montpellier-les-infos-transferts-du-vendredi-7-mars\/","og_site_name":"Dicodusport","article_publisher":"https:\/\/www.facebook.com\/dicodusport","article_author":"https:\/\/www.facebook.com\/sebastien.gente\/","article_published_time":"2025-03-07T17:20:03+00:00","article_modified_time":"2025-05-21T15:44:45+00:00","og_image":[{"width":1200,"height":674,"url":"https:\/\/dicodusport.fr\/blog\/wp-content\/uploads\/2025\/03\/Transferts-Rugby-Pro-D2-Iosefo-Masi-Montpellier-les-infos-transferts-du-vendredi-7-mars.png","type":"image\/png"}],"author":"S\u00e9bastien Gente","twitter_card":"summary_large_image","twitter_title":"Transferts Rugby : Pro D2, Iosefo Masi, Montpellier, les infos transferts du vendredi 7 mars","twitter_creator":"@https:\/\/twitter.com\/globulo24","twitter_site":"@dicodusport","schema":{"@context":"https:\/\/schema.org","@graph":[{"@type":"NewsArticle","@id":"https:\/\/dicodusport.fr\/blog\/transferts-rugby-pro-d2-iosefo-masi-montpellier-les-infos-transferts-du-vendredi-7-mars\/#article","isPartOf":{"@id":"https:\/\/dicodusport.fr\/blog\/transferts-rugby-pro-d2-iosefo-masi-montpellier-les-infos-transferts-du-vendredi-7-mars\/"},"author":{"name":"S\u00e9bastien Gente","@id":"https:\/\/dicodusport.fr\/blog\/#\/schema\/person\/627966a6cde45dbd8c5e36ac85d783da"},"headline":"Transferts Rugby : Pro D2, Iosefo Masi, Montpellier, les infos transferts du vendredi 7 mars","datePublished":"2025-03-07T17:20:03+00:00","dateModified":"2025-05-21T15:44:45+00:00","mainEntityOfPage":{"@id":"https:\/\/dicodusport.fr\/blog\/transferts-rugby-pro-d2-iosefo-masi-montpellier-les-infos-transferts-du-vendredi-7-mars\/"},"wordCount":735,"commentCount":0,"publisher":{"@id":"https:\/\/dicodusport.fr\/blog\/#organization"},"image":{"@id":"https:\/\/dicodusport.fr\/blog\/transferts-rugby-pro-d2-iosefo-masi-montpellier-les-infos-transferts-du-vendredi-7-mars\/#primaryimage"},"thumbnailUrl":"https:\/\/dicodusport.fr\/blog\/wp-content\/uploads\/2025\/03\/Transferts-Rugby-Pro-D2-Iosefo-Masi-Montpellier-les-infos-transferts-du-vendredi-7-mars.png","keywords":["actu","br\u00e8ve","Mercato Rugby","Rugby","Rugby \u00e0 XV","Transferts rugby"],"articleSection":["Pro D2","Rugby \u00e0 XV","Top 14"],"inLanguage":"fr-FR","potentialAction":[{"@type":"CommentAction","name":"Comment","target":["https:\/\/dicodusport.fr\/blog\/transferts-rugby-pro-d2-iosefo-masi-montpellier-les-infos-transferts-du-vendredi-7-mars\/#respond"]}],"copyrightYear":"2025","copyrightHolder":{"@id":"https:\/\/dicodusport.fr\/blog\/#organization"}},{"@type":"WebPage","@id":"https:\/\/dicodusport.fr\/blog\/transferts-rugby-pro-d2-iosefo-masi-montpellier-les-infos-transferts-du-vendredi-7-mars\/","url":"https:\/\/dicodusport.fr\/blog\/transferts-rugby-pro-d2-iosefo-masi-montpellier-les-infos-transferts-du-vendredi-7-mars\/","name":"Transferts Rugby : Pro D2, Iosefo Masi, Montpellier, les infos transferts du vendredi 7 mars","isPartOf":{"@id":"https:\/\/dicodusport.fr\/blog\/#website"},"primaryImageOfPage":{"@id":"https:\/\/dicodusport.fr\/blog\/transferts-rugby-pro-d2-iosefo-masi-montpellier-les-infos-transferts-du-vendredi-7-mars\/#primaryimage"},"image":{"@id":"https:\/\/dicodusport.fr\/blog\/transferts-rugby-pro-d2-iosefo-masi-montpellier-les-infos-transferts-du-vendredi-7-mars\/#primaryimage"},"thumbnailUrl":"https:\/\/dicodusport.fr\/blog\/wp-content\/uploads\/2025\/03\/Transferts-Rugby-Pro-D2-Iosefo-Masi-Montpellier-les-infos-transferts-du-vendredi-7-mars.png","datePublished":"2025-03-07T17:20:03+00:00","dateModified":"2025-05-21T15:44:45+00:00","description":"TRANSFERTS RUGBY - Du mouvement en Pro D2, Lyon s\u00e9curise Arno Botha et officialise Iosefo Masi, Montpellier tranche le destin de quelques joueurs : les infos transferts du vendredi 7 mars.","breadcrumb":{"@id":"https:\/\/dicodusport.fr\/blog\/transferts-rugby-pro-d2-iosefo-masi-montpellier-les-infos-transferts-du-vendredi-7-mars\/#breadcrumb"},"inLanguage":"fr-FR","potentialAction":[{"@type":"ReadAction","target":["https:\/\/dicodusport.fr\/blog\/transferts-rugby-pro-d2-iosefo-masi-montpellier-les-infos-transferts-du-vendredi-7-mars\/"]}]},{"@type":"ImageObject","inLanguage":"fr-FR","@id":"https:\/\/dicodusport.fr\/blog\/transferts-rugby-pro-d2-iosefo-masi-montpellier-les-infos-transferts-du-vendredi-7-mars\/#primaryimage","url":"https:\/\/dicodusport.fr\/blog\/wp-content\/uploads\/2025\/03\/Transferts-Rugby-Pro-D2-Iosefo-Masi-Montpellier-les-infos-transferts-du-vendredi-7-mars.png","contentUrl":"https:\/\/dicodusport.fr\/blog\/wp-content\/uploads\/2025\/03\/Transferts-Rugby-Pro-D2-Iosefo-Masi-Montpellier-les-infos-transferts-du-vendredi-7-mars.png","width":1200,"height":674,"caption":"Transferts Rugby Pro D2, Iosefo Masi, Montpellier, les infos transferts du vendredi 7 mars"},{"@type":"BreadcrumbList","@id":"https:\/\/dicodusport.fr\/blog\/transferts-rugby-pro-d2-iosefo-masi-montpellier-les-infos-transferts-du-vendredi-7-mars\/#breadcrumb","itemListElement":[{"@type":"ListItem","position":1,"name":"Accueil","item":"https:\/\/dicodusport.fr\/blog\/"},{"@type":"ListItem","position":2,"name":"Transferts Rugby : Pro D2, Iosefo Masi, Montpellier, les infos transferts du vendredi 7 mars"}]},{"@type":"WebSite","@id":"https:\/\/dicodusport.fr\/blog\/#website","url":"https:\/\/dicodusport.fr\/blog\/","name":"Dicodusport","description":"L&#039;encyclop\u00e9die de l&#039;actualit\u00e9 sportive","publisher":{"@id":"https:\/\/dicodusport.fr\/blog\/#organization"},"potentialAction":[{"@type":"SearchAction","target":{"@type":"EntryPoint","urlTemplate":"https:\/\/dicodusport.fr\/blog\/?s={search_term_string}"},"query-input":{"@type":"PropertyValueSpecification","valueRequired":true,"valueName":"search_term_string"}}],"inLanguage":"fr-FR"},{"@type":"NewsMediaOrganization","@id":"https:\/\/dicodusport.fr\/blog\/#organization","name":"Dicodusport","url":"https:\/\/dicodusport.fr\/blog\/","logo":{"@type":"ImageObject","inLanguage":"fr-FR","@id":"https:\/\/dicodusport.fr\/blog\/#\/schema\/logo\/image\/","url":"https:\/\/dicodusport.fr\/blog\/wp-content\/uploads\/2020\/06\/cropped-LOGO-DICODUSPORT-2020-SANS-FOND-SANS-TEXTE.png","contentUrl":"https:\/\/dicodusport.fr\/blog\/wp-content\/uploads\/2020\/06\/cropped-LOGO-DICODUSPORT-2020-SANS-FOND-SANS-TEXTE.png","width":512,"height":512,"caption":"Dicodusport"},"image":{"@id":"https:\/\/dicodusport.fr\/blog\/#\/schema\/logo\/image\/"},"sameAs":["https:\/\/www.facebook.com\/dicodusport","https:\/\/x.com\/dicodusport","https:\/\/www.instagram.com\/dicodusport\/","https:\/\/www.youtube.com\/channel\/UC7V2KZ5sd3htJivAbA4ZG3w"],"description":"Dicodusport est l'encyclop\u00e9die de l'actualit\u00e9 sportive.","email":"bonjour@dicodusport.fr","legalName":"DICODUSPORT","foundingDate":"2018-01-14","vatID":"FR71834470973","taxID":"83447097300043","numberOfEmployees":{"@type":"QuantitativeValue","minValue":"1","maxValue":"10"}},{"@type":"Person","@id":"https:\/\/dicodusport.fr\/blog\/#\/schema\/person\/627966a6cde45dbd8c5e36ac85d783da","name":"S\u00e9bastien Gente","image":{"@type":"ImageObject","inLanguage":"fr-FR","@id":"https:\/\/dicodusport.fr\/blog\/#\/schema\/person\/image\/","url":"https:\/\/dicodusport.fr\/blog\/wp-content\/uploads\/2021\/09\/1510990_10205810251400683_4124423575079401707_n-150x150.jpg","contentUrl":"https:\/\/dicodusport.fr\/blog\/wp-content\/uploads\/2021\/09\/1510990_10205810251400683_4124423575079401707_n-150x150.jpg","caption":"S\u00e9bastien Gente"},"description":"John Stockton, Gianni Bugno, Zinedine Zidane, Steffi Graf, Frode Andresen, St\u00e9phane Stoecklin, Davis Kamoga, Primoz Peterka, Werner Schlager et Aur\u00e9lien Rougerie. Point commun entre ces sportifs? Ils m'ont fait r\u00eaver et ont berc\u00e9 mon adolescence. Je suis un fondu de sports et j'essaie de retranscrire ma passion \u00e0 travers mes articles. Originaire du P\u00e9rigord, ma passion pour les Girondins, les Jaunards et les Jazzmen transpire dans mes \u00e9crits. \u00c0 Dicodusport depuis 2021, je d\u00e9niche les sports m\u00e9connus dans lesquels la France brille, et il y en a !","sameAs":["https:\/\/www.facebook.com\/sebastien.gente\/","https:\/\/www.instagram.com\/sebgente\/","https:\/\/www.linkedin.com\/in\/sbastien-gente-a29583169\/","https:\/\/x.com\/https:\/\/twitter.com\/globulo24","SebastienGente"],"worksFor":"S\u00e9bastien GENTE","url":"https:\/\/dicodusport.fr\/blog\/author\/sebastiengente\/"}]}},"_links":{"self":[{"href":"https:\/\/dicodusport.fr\/blog\/wp-json\/wp\/v2\/posts\/561958","targetHints":{"allow":["GET"]}}],"collection":[{"href":"https:\/\/dicodusport.fr\/blog\/wp-json\/wp\/v2\/posts"}],"about":[{"href":"https:\/\/dicodusport.fr\/blog\/wp-json\/wp\/v2\/types\/post"}],"author":[{"embeddable":true,"href":"https:\/\/dicodusport.fr\/blog\/wp-json\/wp\/v2\/users\/59"}],"replies":[{"embeddable":true,"href":"https:\/\/dicodusport.fr\/blog\/wp-json\/wp\/v2\/comments?post=561958"}],"version-history":[{"count":1,"href":"https:\/\/dicodusport.fr\/blog\/wp-json\/wp\/v2\/posts\/561958\/revisions"}],"predecessor-version":[{"id":561981,"href":"https:\/\/dicodusport.fr\/blog\/wp-json\/wp\/v2\/posts\/561958\/revisions\/561981"}],"wp:featuredmedia":[{"embeddable":true,"href":"https:\/\/dicodusport.fr\/blog\/wp-json\/wp\/v2\/media\/561966"}],"wp:attachment":[{"href":"https:\/\/dicodusport.fr\/blog\/wp-json\/wp\/v2\/media?parent=561958"}],"wp:term":[{"taxonomy":"category","embeddable":true,"href":"https:\/\/dicodusport.fr\/blog\/wp-json\/wp\/v2\/categories?post=561958"},{"taxonomy":"post_tag","embeddable":true,"href":"https:\/\/dicodusport.fr\/blog\/wp-json\/wp\/v2\/tags?post=561958"}],"curies":[{"name":"wp","href":"https:\/\/api.w.org\/{rel}","templated":true}]}}