{"id":562029,"date":"2025-03-08T11:34:15","date_gmt":"2025-03-08T10:34:15","guid":{"rendered":"https:\/\/dicodusport.fr\/blog\/?p=562029&#038;preview=true&#038;preview_id=562029"},"modified":"2025-03-08T12:07:07","modified_gmt":"2025-03-08T11:07:07","slug":"resultats-et-classement-de-la-2eme-descente-hommes-de-kvitfjell-2025","status":"publish","type":"post","link":"https:\/\/dicodusport.fr\/blog\/resultats-et-classement-de-la-2eme-descente-hommes-de-kvitfjell-2025\/","title":{"rendered":"R\u00e9sultats et Classement de la 2\u00e8me descente hommes de Kvitfjell 2025"},"content":{"rendered":"<h4 style=\"text-align: justify;\"><i>COUPE DU MONDE DE SKI ALPIN 202<\/i><i>4<\/i><i>-2025 &#8211; Retrouvez le classement et les r\u00e9sultats de la deuxi\u00e8me descente hommes de Kvitfjell (Norv\u00e8ge) de la Coupe du monde de ski alpin<\/i><i>, qui s&rsquo;est d\u00e9roul\u00e9e ce samedi 8 mars 2025. D\u00e9part donn\u00e9 \u00e0 10h30, heure fran\u00e7aise.<\/i><\/h4>\n<ul>\n<li style=\"text-align: justify;\"><span style=\"font-size: 16px;\"><strong>\u00c0 ce sujet &#8211; <a href=\"https:\/\/dicodusport.fr\/blog\/calendrier-et-resultats-coupe-du-monde-ski-alpin-2024-2025\/\">Calendrier et r\u00e9sultats Coupe du monde Ski alpin 2024-2025<\/a><\/strong><\/span><\/li>\n<li><span style=\"font-size: 16px;\"><strong>\u00c0 ce sujet &#8211; <a href=\"https:\/\/dicodusport.fr\/blog\/coupe-du-monde-ski-alpin-classement-general-gros-globe-hommes\/\">Coupe du monde Ski alpin \u2013 Classement g\u00e9n\u00e9ral gros globe hommes<\/a><\/strong><\/span><\/li>\n<\/ul>\n<p style=\"text-align: justify;\">Apr\u00e8s <a href=\"https:\/\/dicodusport.fr\/blog\/descente-hommes-kvitfjell-2025-dominik-paris-coiffe-au-poteau-les-suisses-pour-soffrir-la-victoire\/\">la premi\u00e8re descente remport\u00e9e par l&rsquo;\u00e9ternel <strong>Dominik Paris<\/strong> vendredi<\/a>, place au deuxi\u00e8me acte \u00e0 Kvitfjell ce samedi 8 mars. L&rsquo;Italien tentera de faire le doubl\u00e9, alors que le Suisse\u00a0<strong>Franjo von Allmen<\/strong>,\u00a0<a href=\"https:\/\/dicodusport.fr\/blog\/mondiaux-ski-alpin-2025-classement-descente-hommes\/\">nouveau champion du monde de la sp\u00e9cialit\u00e9<\/a>\u00a0et vainqueur de la descente post-Mondiaux \u00e0\u00a0<a href=\"https:\/\/dicodusport.fr\/blog\/classement-descente-hommes-crans-montana-2025\/\">Crans-Montana<\/a>, voudra se remettre l&rsquo;\u00e9glise au milieu du village. <strong>Retrouvez les r\u00e9sultats complets et le classement de la deuxi\u00e8me descente de Kvitfjell<\/strong>.<\/p>\n<h2 style=\"text-align: justify;\">Descente hommes Kvitfjell 2025 &#8211; Classement de la deuxi\u00e8me course<\/h2>\n<div class=\"su-table su-table-alternate\">\n<table style=\"width: 800px;border-collapse: collapse\" border=\"1\">\n<tbody>\n<tr style=\"height: 24px\">\n<td style=\"border-color: #ebebeb;height: 24px;text-align: center;width: 80px;vertical-align: middle\">\ud83c\udfc6<\/td>\n<td style=\"border-color: #ebebeb;height: 24px;text-align: center;width: 500px;vertical-align: middle\"><span style=\"font-size: 0.9em\"><strong>SKIEUSES<\/strong><\/span><\/td>\n<td style=\"border-color: #ebebeb;height: 24px;text-align: center;width: 220px;vertical-align: middle\"><span style=\"font-size: 0.9em\"><strong>TEMPS<br \/>\n<\/strong><\/span><\/td>\n<\/tr>\n<tr>\n<td style=\"border-color: #ebebeb;text-align: center;width: 80px;vertical-align: middle\"><strong><span class=\"su-label su-label-type-warning\">1.<\/span><\/strong><\/td>\n<td style=\"border-color: #ebebeb;text-align: center;width: 500px;vertical-align: middle\"><span style=\"font-size: 14.4px\"><b>\ud83c\udde8\ud83c\udded FRANJO VON ALLMEN<\/b><\/span><\/td>\n<td style=\"border-color: #ebebeb;text-align: center;width: 220px;vertical-align: middle\"><span style=\"font-size: 0.9em\"><b>1m45.46s<\/b><\/span><\/td>\n<\/tr>\n<tr>\n<td style=\"border-color: #ebebeb;text-align: center;width: 80px;vertical-align: middle\"><span style=\"font-size: 0.9em\">2.<\/span><\/td>\n<td style=\"border-color: #ebebeb;text-align: center;width: 500px;vertical-align: middle\"><span style=\"font-size: 0.9em\"><b>\ud83c\udde8\ud83c\udded MARCO ODERMATT<\/b><\/span><\/td>\n<td style=\"border-color: #ebebeb;text-align: center;width: 220px;vertical-align: middle\"><span style=\"font-size: 0.9em\"><b>\u00e0 0.28s<\/b><\/span><\/td>\n<\/tr>\n<tr style=\"height: 24px\">\n<td style=\"border-color: #ebebeb;height: 24px;text-align: center;width: 80px;vertical-align: middle\"><span style=\"font-size: 0.9em\">3.<\/span><\/td>\n<td style=\"border-color: #ebebeb;text-align: center;width: 500px;vertical-align: middle\"><span style=\"font-size: 0.9em\"><b>\ud83c\udde8\ud83c\udded STEFAN ROGENTIN<\/b><\/span><\/td>\n<td style=\"border-color: #ebebeb;text-align: center;width: 220px;vertical-align: middle\"><span style=\"font-size: 0.9em\"><b>\u00e0 0.38s<\/b><\/span><\/td>\n<\/tr>\n<tr>\n<td style=\"border-color: #ebebeb;text-align: center;width: 80px;vertical-align: middle\"><span style=\"font-size: 0.9em\">4<\/span><span style=\"font-size: 0.9em\">.<\/span><\/td>\n<td style=\"border-color: #ebebeb;text-align: center;width: 500px;vertical-align: middle\"><span style=\"font-size: 0.9em\"><b>\ud83c\uddf8\ud83c\uddee MIHA HROBAT<\/b><\/span><\/td>\n<td style=\"border-color: #ebebeb;text-align: center;width: 220px;vertical-align: middle\"><span style=\"font-size: 0.9em\"><b>\u00e0 0.43s<\/b><\/span><\/td>\n<\/tr>\n<tr>\n<td style=\"border-color: #ebebeb;text-align: center;width: 80px;vertical-align: middle\"><span style=\"font-size: 0.9em\">5.<\/span><\/td>\n<td style=\"border-color: #ebebeb;text-align: center;width: 500px;vertical-align: middle\"><span style=\"font-size: 0.9em\"><b>\ud83c\uddf3\ud83c\uddf4 ADRIAN SMISETH SEJERSTED<\/b><\/span><\/td>\n<td style=\"border-color: #ebebeb;text-align: center;width: 220px;vertical-align: middle\"><span style=\"font-size: 0.9em\"><b>\u00e0 0.51s<\/b><\/span><\/td>\n<\/tr>\n<tr>\n<td style=\"border-color: #ebebeb;text-align: center;width: 80px;vertical-align: middle\"><span style=\"font-size: 0.9em\">6.<\/span><\/td>\n<td style=\"border-color: #ebebeb;text-align: center;width: 500px;vertical-align: middle\"><span style=\"font-size: 0.9em\"><b>\ud83c\uddee\ud83c\uddf9 DOMINIK PARIS<\/b><\/span><\/td>\n<td style=\"border-color: #ebebeb;text-align: center;width: 220px;vertical-align: middle\"><span style=\"font-size: 0.9em\"><b>\u00e0 0.59s<\/b><\/span><\/td>\n<\/tr>\n<tr>\n<td style=\"border-color: #ebebeb;text-align: center;width: 80px;vertical-align: middle\"><span style=\"font-size: 0.9em\">7.<\/span><\/td>\n<td style=\"border-color: #ebebeb;text-align: center;width: 500px;vertical-align: middle\"><span style=\"font-size: 0.9em\"><b>\ud83c\uddf8\ud83c\uddee NEJC NARALOCNIK<\/b><\/span><\/td>\n<td style=\"border-color: #ebebeb;text-align: center;width: 220px;vertical-align: middle\"><span style=\"font-size: 0.9em\"><b>\u00e0 0.75s<\/b><\/span><\/td>\n<\/tr>\n<tr>\n<td style=\"border-color: #ebebeb;text-align: center;width: 80px;vertical-align: middle\"><span style=\"font-size: 0.9em\">8.<\/span><\/td>\n<td style=\"border-color: #ebebeb;text-align: center;width: 500px;vertical-align: middle\"><span style=\"font-size: 14.4px\"><b>\ud83c\udde8\ud83c\udde6 JAMES CRAWFORD<\/b><\/span><\/td>\n<td style=\"border-color: #ebebeb;text-align: center;width: 220px;vertical-align: middle\"><span style=\"font-size: 0.9em\"><b>\u00e0 0.87s<\/b><\/span><\/td>\n<\/tr>\n<tr>\n<td style=\"border-color: #ebebeb;text-align: center;width: 80px;vertical-align: middle\"><span style=\"font-size: 0.9em\">9.<\/span><\/td>\n<td style=\"border-color: #ebebeb;text-align: center;width: 500px;vertical-align: middle\"><b style=\"font-size: 14.4px\">\ud83c\udde6\ud83c\uddf9 VINCENT KRIECHMAYR<\/b><\/td>\n<td style=\"border-color: #ebebeb;text-align: center;width: 220px;vertical-align: middle\"><span style=\"font-size: 0.9em\"><b>\u00e0 1.01s<\/b><\/span><\/td>\n<\/tr>\n<tr>\n<td style=\"border-color: #ebebeb;text-align: center;width: 80px;vertical-align: middle\"><span style=\"font-size: 0.9em\">10.<\/span><\/td>\n<td style=\"border-color: #ebebeb;text-align: center;width: 500px;vertical-align: middle\"><span style=\"font-size: 0.9em\"><b>\ud83c\udde8\ud83c\udded JUSTIN MURISIER<\/b><\/span><\/td>\n<td style=\"border-color: #ebebeb;text-align: center;width: 220px;vertical-align: middle\"><span style=\"font-size: 0.9em\"><b>\u00e0 1.05s<\/b><\/span><\/td>\n<\/tr>\n<tr>\n<td style=\"border-color: #ebebeb;text-align: center;width: 80px;vertical-align: middle\"><span style=\"font-size: 0.9em\">11.<\/span><\/td>\n<td style=\"border-color: #ebebeb;text-align: center;width: 500px;vertical-align: middle\"><b style=\"font-size: 14.4px\">\ud83c\udde6\ud83c\uddf9 STEFAN EICHBERGER<\/b><\/td>\n<td style=\"border-color: #ebebeb;text-align: center;width: 220px;vertical-align: middle\"><span style=\"font-size: 0.9em\"><b>\u00e0 1.08s<\/b><\/span><\/td>\n<\/tr>\n<tr>\n<td style=\"border-color: #ebebeb;text-align: center;width: 80px;vertical-align: middle\"><span style=\"font-size: 0.9em\">12.<\/span><\/td>\n<td style=\"border-color: #ebebeb;text-align: center;width: 500px;vertical-align: middle\"><span style=\"font-size: 0.9em\"><b>\ud83c\udde8\ud83c\udded ALEXIS MONNEY<\/b><\/span><\/td>\n<td style=\"border-color: #ebebeb;text-align: center;width: 220px;vertical-align: middle\"><span style=\"font-size: 0.9em\"><b>\u00e0 1.12s<\/b><\/span><\/td>\n<\/tr>\n<tr style=\"height: 24px\">\n<td style=\"border-color: #ebebeb;height: 24px;text-align: center;width: 80px;vertical-align: middle\"><span style=\"font-size: 0.9em\">13.<\/span><\/td>\n<td style=\"border-color: #ebebeb;text-align: center;width: 500px;vertical-align: middle\"><span style=\"font-size: 0.9em\"><b>\ud83c\uddee\ud83c\uddf9 FLORIAN SCHIEDER<\/b><\/span><\/td>\n<td style=\"border-color: #ebebeb;text-align: center;width: 220px;vertical-align: middle\"><span style=\"font-size: 0.9em\"><b>\u00e0 1.26s<\/b><\/span><\/td>\n<\/tr>\n<tr>\n<td style=\"border-color: #ebebeb;text-align: center;width: 80px;vertical-align: middle\"><span style=\"font-size: 0.9em\">14.<\/span><\/td>\n<td style=\"border-color: #ebebeb;text-align: center;width: 500px;vertical-align: middle\"><span style=\"font-size: 0.9em\"><b>\ud83c\uddee\ud83c\uddf9 NICOLO MOLTENI<\/b><\/span><\/td>\n<td style=\"border-color: #ebebeb;text-align: center;width: 220px;vertical-align: middle\"><span style=\"font-size: 0.9em\"><b>\u00e0 1.38s<\/b><\/span><\/td>\n<\/tr>\n<tr>\n<td style=\"border-color: #ebebeb;text-align: center;width: 80px;vertical-align: middle\"><span style=\"font-size: 0.9em\">15.<\/span><\/td>\n<td style=\"border-color: #ebebeb;text-align: center;width: 500px;vertical-align: middle\"><span style=\"font-size: 0.9em\"><b>\ud83c\uddeb\ud83c\uddf7 MAXENCE MUZATON<\/b><\/span><\/td>\n<td style=\"border-color: #ebebeb;text-align: center;width: 220px;vertical-align: middle\"><span style=\"font-size: 0.9em\"><b>\u00e0 1.42s<\/b><\/span><\/td>\n<\/tr>\n<tr>\n<td style=\"border-color: #ebebeb;text-align: center;width: 80px;vertical-align: middle\"><span style=\"font-size: 0.9em\">16.<\/span><\/td>\n<td style=\"border-color: #ebebeb;text-align: center;width: 500px;vertical-align: middle\"><span style=\"font-size: 0.9em\"><b>\ud83c\uddee\ud83c\uddf9 BENJAMIN JACQUES ALLIOD<\/b><\/span><\/td>\n<td style=\"border-color: #ebebeb;text-align: center;width: 220px;vertical-align: middle\"><span style=\"font-size: 0.9em\"><b>\u00e0 1.43s<\/b><\/span><\/td>\n<\/tr>\n<tr>\n<td style=\"border-color: #ebebeb;text-align: center;width: 80px;vertical-align: middle\"><span style=\"font-size: 0.9em\">17.<\/span><\/td>\n<td style=\"border-color: #ebebeb;text-align: center;width: 500px;vertical-align: middle\"><span style=\"font-size: 0.9em\"><b>\ud83c\uddeb\ud83c\uddf7 NILS ALLEGRE<\/b><\/span><\/td>\n<td style=\"border-color: #ebebeb;text-align: center;width: 220px;vertical-align: middle\"><span style=\"font-size: 0.9em\"><b>\u00e0 1.50s<\/b><\/span><\/td>\n<\/tr>\n<tr>\n<td style=\"border-color: #ebebeb;text-align: center;width: 80px;vertical-align: middle\"><span style=\"font-size: 0.9em\">18<\/span><span style=\"font-size: 0.9em\">.<\/span><\/td>\n<td style=\"border-color: #ebebeb;text-align: center;width: 500px;vertical-align: middle\"><span style=\"font-size: 0.9em\"><b>\ud83c\udde6\ud83c\uddf9 OTMAR STRIEDINGER<\/b><\/span><\/td>\n<td style=\"border-color: #ebebeb;text-align: center;width: 220px;vertical-align: middle\"><span style=\"font-size: 0.9em\"><b>\u00e0 1.66s<\/b><\/span><\/td>\n<\/tr>\n<tr>\n<td style=\"border-color: #ebebeb;text-align: center;width: 80px;vertical-align: middle\"><span style=\"font-size: 0.9em\">19.<\/span><\/td>\n<td style=\"border-color: #ebebeb;text-align: center;width: 500px;vertical-align: middle\"><b style=\"font-size: 0.9em\">\ud83c\uddfa\ud83c\uddf8 RYAN COCHRAN-SIEGLE<\/b><\/td>\n<td style=\"border-color: #ebebeb;text-align: center;width: 220px;vertical-align: middle\"><span style=\"font-size: 0.9em\"><b>\u00e0 1.67s<\/b><\/span><\/td>\n<\/tr>\n<tr>\n<td style=\"border-color: #ebebeb;text-align: center;width: 80px;vertical-align: middle\"><span style=\"font-size: 0.9em\">20.<\/span><\/td>\n<td style=\"border-color: #ebebeb;text-align: center;width: 500px;vertical-align: middle\"><span style=\"font-size: 0.9em\"><b>\ud83c\uddeb\ud83c\uddf7 ADRIEN THEAUX<\/b><\/span><\/td>\n<td style=\"border-color: #ebebeb;text-align: center;width: 220px;vertical-align: middle\"><span style=\"font-size: 0.9em\"><b>\u00e0 1.68s<\/b><\/span><\/td>\n<\/tr>\n<\/tbody>\n<\/table>\n<\/div>\n<ul>\n<li style=\"text-align: justify;\"><strong>\u00c0 lire aussi &#8211; <a href=\"https:\/\/live.fis-ski.com\/lv-al0050.htm#\/follow\">Le classement complet de la 2\u00e8me descente hommes de Kvitfjell<\/a><\/strong><\/li>\n<\/ul>\n","protected":false},"excerpt":{"rendered":"<p>Retrouvez le classement et les r\u00e9sultats de la deuxi\u00e8me descente hommes de Kvitfjell (Norv\u00e8ge) de la Coupe du monde de ski alpin, qui s&rsquo;est d\u00e9roul\u00e9e ce samedi 8 mars 2025.<\/p>\n","protected":false},"author":4,"featured_media":562051,"comment_status":"open","ping_status":"closed","sticky":false,"template":"","format":"standard","meta":{"_acf_changed":false,"_daextam_enable_autolinks":"1","footnotes":""},"categories":[47084],"tags":[16878,30054],"class_list":["post-562029","post","type-post","status-publish","format-standard","has-post-thumbnail","hentry","category-coupe-du-monde-ski-alpin","tag-breve","tag-ski-alpin-kvitfjell"],"acf":[],"yoast_head":"<!-- This site is optimized with the Yoast SEO Premium plugin v26.7 (Yoast SEO v26.7) - https:\/\/yoast.com\/wordpress\/plugins\/seo\/ -->\n<title>R\u00e9sultats et Classement de la 2\u00e8me descente hommes de Kvitfjell 2025<\/title>\n<meta name=\"description\" content=\"Retrouvez le classement et les r\u00e9sultats de la deuxi\u00e8me descente hommes de Kvitfjell (Norv\u00e8ge) de la Coupe du monde de ski alpin, qui s&#039;est d\u00e9roul\u00e9e ce samedi 8 mars 2025.\" \/>\n<meta name=\"robots\" content=\"index, follow, max-snippet:-1, max-image-preview:large, max-video-preview:-1\" \/>\n<link rel=\"canonical\" href=\"https:\/\/dicodusport.fr\/blog\/resultats-et-classement-de-la-2eme-descente-hommes-de-kvitfjell-2025\/\" \/>\n<meta property=\"og:locale\" content=\"fr_FR\" \/>\n<meta property=\"og:type\" content=\"article\" \/>\n<meta property=\"og:title\" content=\"R\u00e9sultats et Classement de la 2\u00e8me descente hommes de Kvitfjell 2025\" \/>\n<meta property=\"og:description\" content=\"Retrouvez le classement et les r\u00e9sultats de la deuxi\u00e8me descente hommes de Kvitfjell (Norv\u00e8ge) de la Coupe du monde de ski alpin, qui s&#039;est d\u00e9roul\u00e9e ce samedi 8 mars 2025.\" \/>\n<meta property=\"og:url\" content=\"https:\/\/dicodusport.fr\/blog\/resultats-et-classement-de-la-2eme-descente-hommes-de-kvitfjell-2025\/\" \/>\n<meta property=\"og:site_name\" content=\"Dicodusport\" \/>\n<meta property=\"article:publisher\" content=\"https:\/\/www.facebook.com\/dicodusport\" \/>\n<meta property=\"article:author\" content=\"https:\/\/www.facebook.com\/florent.ostermann\" \/>\n<meta property=\"article:published_time\" content=\"2025-03-08T10:34:15+00:00\" \/>\n<meta property=\"article:modified_time\" content=\"2025-03-08T11:07:07+00:00\" \/>\n<meta property=\"og:image\" content=\"https:\/\/dicodusport.fr\/blog\/wp-content\/uploads\/2025\/03\/Resultats-et-Classement-de-la-2eme-descente-hommes-de-Kvitfjell-2025.png\" \/>\n\t<meta property=\"og:image:width\" content=\"1200\" \/>\n\t<meta property=\"og:image:height\" content=\"674\" \/>\n\t<meta property=\"og:image:type\" content=\"image\/png\" \/>\n<meta name=\"author\" content=\"Flo Ostermann\" \/>\n<meta name=\"twitter:card\" content=\"summary_large_image\" \/>\n<meta name=\"twitter:title\" content=\"R\u00e9sultats et Classement de la 2\u00e8me descente hommes de Kvitfjell 2025\" \/>\n<meta name=\"twitter:creator\" content=\"@https:\/\/twitter.com\/FlOstermann\" \/>\n<meta name=\"twitter:site\" content=\"@dicodusport\" \/>\n<script type=\"application\/ld+json\" class=\"yoast-schema-graph\">{\"@context\":\"https:\/\/schema.org\",\"@graph\":[{\"@type\":\"NewsArticle\",\"@id\":\"https:\/\/dicodusport.fr\/blog\/resultats-et-classement-de-la-2eme-descente-hommes-de-kvitfjell-2025\/#article\",\"isPartOf\":{\"@id\":\"https:\/\/dicodusport.fr\/blog\/resultats-et-classement-de-la-2eme-descente-hommes-de-kvitfjell-2025\/\"},\"author\":{\"name\":\"Flo Ostermann\",\"@id\":\"https:\/\/dicodusport.fr\/blog\/#\/schema\/person\/cb02af4c173ce4a653b55e9baf388d4a\"},\"headline\":\"R\u00e9sultats et Classement de la 2\u00e8me descente hommes de Kvitfjell 2025\",\"datePublished\":\"2025-03-08T10:34:15+00:00\",\"dateModified\":\"2025-03-08T11:07:07+00:00\",\"mainEntityOfPage\":{\"@id\":\"https:\/\/dicodusport.fr\/blog\/resultats-et-classement-de-la-2eme-descente-hommes-de-kvitfjell-2025\/\"},\"wordCount\":263,\"commentCount\":0,\"publisher\":{\"@id\":\"https:\/\/dicodusport.fr\/blog\/#organization\"},\"image\":{\"@id\":\"https:\/\/dicodusport.fr\/blog\/resultats-et-classement-de-la-2eme-descente-hommes-de-kvitfjell-2025\/#primaryimage\"},\"thumbnailUrl\":\"https:\/\/dicodusport.fr\/blog\/wp-content\/uploads\/2025\/03\/Resultats-et-Classement-de-la-2eme-descente-hommes-de-Kvitfjell-2025.png\",\"keywords\":[\"br\u00e8ve\",\"Ski alpin Kvitfjell\"],\"articleSection\":[\"Coupe du monde de ski alpin\"],\"inLanguage\":\"fr-FR\",\"potentialAction\":[{\"@type\":\"CommentAction\",\"name\":\"Comment\",\"target\":[\"https:\/\/dicodusport.fr\/blog\/resultats-et-classement-de-la-2eme-descente-hommes-de-kvitfjell-2025\/#respond\"]}],\"copyrightYear\":\"2025\",\"copyrightHolder\":{\"@id\":\"https:\/\/dicodusport.fr\/blog\/#organization\"}},{\"@type\":\"WebPage\",\"@id\":\"https:\/\/dicodusport.fr\/blog\/resultats-et-classement-de-la-2eme-descente-hommes-de-kvitfjell-2025\/\",\"url\":\"https:\/\/dicodusport.fr\/blog\/resultats-et-classement-de-la-2eme-descente-hommes-de-kvitfjell-2025\/\",\"name\":\"R\u00e9sultats et Classement de la 2\u00e8me descente hommes de Kvitfjell 2025\",\"isPartOf\":{\"@id\":\"https:\/\/dicodusport.fr\/blog\/#website\"},\"primaryImageOfPage\":{\"@id\":\"https:\/\/dicodusport.fr\/blog\/resultats-et-classement-de-la-2eme-descente-hommes-de-kvitfjell-2025\/#primaryimage\"},\"image\":{\"@id\":\"https:\/\/dicodusport.fr\/blog\/resultats-et-classement-de-la-2eme-descente-hommes-de-kvitfjell-2025\/#primaryimage\"},\"thumbnailUrl\":\"https:\/\/dicodusport.fr\/blog\/wp-content\/uploads\/2025\/03\/Resultats-et-Classement-de-la-2eme-descente-hommes-de-Kvitfjell-2025.png\",\"datePublished\":\"2025-03-08T10:34:15+00:00\",\"dateModified\":\"2025-03-08T11:07:07+00:00\",\"description\":\"Retrouvez le classement et les r\u00e9sultats de la deuxi\u00e8me descente hommes de Kvitfjell (Norv\u00e8ge) de la Coupe du monde de ski alpin, qui s'est d\u00e9roul\u00e9e ce samedi 8 mars 2025.\",\"breadcrumb\":{\"@id\":\"https:\/\/dicodusport.fr\/blog\/resultats-et-classement-de-la-2eme-descente-hommes-de-kvitfjell-2025\/#breadcrumb\"},\"inLanguage\":\"fr-FR\",\"potentialAction\":[{\"@type\":\"ReadAction\",\"target\":[\"https:\/\/dicodusport.fr\/blog\/resultats-et-classement-de-la-2eme-descente-hommes-de-kvitfjell-2025\/\"]}]},{\"@type\":\"ImageObject\",\"inLanguage\":\"fr-FR\",\"@id\":\"https:\/\/dicodusport.fr\/blog\/resultats-et-classement-de-la-2eme-descente-hommes-de-kvitfjell-2025\/#primaryimage\",\"url\":\"https:\/\/dicodusport.fr\/blog\/wp-content\/uploads\/2025\/03\/Resultats-et-Classement-de-la-2eme-descente-hommes-de-Kvitfjell-2025.png\",\"contentUrl\":\"https:\/\/dicodusport.fr\/blog\/wp-content\/uploads\/2025\/03\/Resultats-et-Classement-de-la-2eme-descente-hommes-de-Kvitfjell-2025.png\",\"width\":1200,\"height\":674,\"caption\":\"R\u00e9sultats et Classement de la 2\u00e8me descente hommes de Kvitfjell 2025\"},{\"@type\":\"BreadcrumbList\",\"@id\":\"https:\/\/dicodusport.fr\/blog\/resultats-et-classement-de-la-2eme-descente-hommes-de-kvitfjell-2025\/#breadcrumb\",\"itemListElement\":[{\"@type\":\"ListItem\",\"position\":1,\"name\":\"Accueil\",\"item\":\"https:\/\/dicodusport.fr\/blog\/\"},{\"@type\":\"ListItem\",\"position\":2,\"name\":\"R\u00e9sultats et Classement de la 2\u00e8me descente hommes de Kvitfjell 2025\"}]},{\"@type\":\"WebSite\",\"@id\":\"https:\/\/dicodusport.fr\/blog\/#website\",\"url\":\"https:\/\/dicodusport.fr\/blog\/\",\"name\":\"Dicodusport\",\"description\":\"L&#039;encyclop\u00e9die de l&#039;actualit\u00e9 sportive\",\"publisher\":{\"@id\":\"https:\/\/dicodusport.fr\/blog\/#organization\"},\"potentialAction\":[{\"@type\":\"SearchAction\",\"target\":{\"@type\":\"EntryPoint\",\"urlTemplate\":\"https:\/\/dicodusport.fr\/blog\/?s={search_term_string}\"},\"query-input\":{\"@type\":\"PropertyValueSpecification\",\"valueRequired\":true,\"valueName\":\"search_term_string\"}}],\"inLanguage\":\"fr-FR\"},{\"@type\":\"NewsMediaOrganization\",\"@id\":\"https:\/\/dicodusport.fr\/blog\/#organization\",\"name\":\"Dicodusport\",\"url\":\"https:\/\/dicodusport.fr\/blog\/\",\"logo\":{\"@type\":\"ImageObject\",\"inLanguage\":\"fr-FR\",\"@id\":\"https:\/\/dicodusport.fr\/blog\/#\/schema\/logo\/image\/\",\"url\":\"https:\/\/dicodusport.fr\/blog\/wp-content\/uploads\/2020\/06\/cropped-LOGO-DICODUSPORT-2020-SANS-FOND-SANS-TEXTE.png\",\"contentUrl\":\"https:\/\/dicodusport.fr\/blog\/wp-content\/uploads\/2020\/06\/cropped-LOGO-DICODUSPORT-2020-SANS-FOND-SANS-TEXTE.png\",\"width\":512,\"height\":512,\"caption\":\"Dicodusport\"},\"image\":{\"@id\":\"https:\/\/dicodusport.fr\/blog\/#\/schema\/logo\/image\/\"},\"sameAs\":[\"https:\/\/www.facebook.com\/dicodusport\",\"https:\/\/x.com\/dicodusport\",\"https:\/\/www.instagram.com\/dicodusport\/\",\"https:\/\/www.youtube.com\/channel\/UC7V2KZ5sd3htJivAbA4ZG3w\"],\"description\":\"Dicodusport est l'encyclop\u00e9die de l'actualit\u00e9 sportive.\",\"email\":\"bonjour@dicodusport.fr\",\"legalName\":\"DICODUSPORT\",\"foundingDate\":\"2018-01-14\",\"vatID\":\"FR71834470973\",\"taxID\":\"83447097300043\",\"numberOfEmployees\":{\"@type\":\"QuantitativeValue\",\"minValue\":\"1\",\"maxValue\":\"10\"}},{\"@type\":\"Person\",\"@id\":\"https:\/\/dicodusport.fr\/blog\/#\/schema\/person\/cb02af4c173ce4a653b55e9baf388d4a\",\"name\":\"Flo Ostermann\",\"image\":{\"@type\":\"ImageObject\",\"inLanguage\":\"fr-FR\",\"@id\":\"https:\/\/dicodusport.fr\/blog\/#\/schema\/person\/image\/\",\"url\":\"https:\/\/dicodusport.fr\/blog\/wp-content\/uploads\/2021\/05\/Flo-Ostermann-150x150.jpg\",\"contentUrl\":\"https:\/\/dicodusport.fr\/blog\/wp-content\/uploads\/2021\/05\/Flo-Ostermann-150x150.jpg\",\"caption\":\"Flo Ostermann\"},\"description\":\"Journaliste\/R\u00e9dacteur depuis septembre 2015 - Mes premiers souvenirs dans le sport ? Les envol\u00e9es du Stade Toulousain et les duels Villeneuve-Schumacher et H\u00e4kkinen-Schumacher \u00e0 la fin des ann\u00e9es 90, la Coupe du monde de football en 1998, l\u2019exploit du XV de France face aux All Blacks en 1999, mais aussi Richard C\u0153ur de Lion qui vole sur les montagnes du Tour de France. Bien parti pour devenir professeur d\u2019EPS, les \u00e9v\u00e9nements de la vie (et la flemme d\u2019animer des s\u00e9ances de 3x500 m\u00e8tres toute ma vie) m\u2019ont conduit \u00e0 revoir mes plans. Me voil\u00e0 depuis fin 2017 sur Dicodusport, m\u00e9dia gr\u00e2ce (et pour) lequel je partage ma passion : le sport dans tous ses \u00e9tats. Le tout accompagn\u00e9 par les fous furieux et folles furieuses cit\u00e9s sur cette page !\",\"sameAs\":[\"https:\/\/www.facebook.com\/florent.ostermann\",\"https:\/\/x.com\/https:\/\/twitter.com\/FlOstermann\",\"admin\"],\"url\":\"https:\/\/dicodusport.fr\/blog\/author\/flo\/\"}]}<\/script>\n<!-- \/ Yoast SEO Premium plugin. -->","yoast_head_json":{"title":"R\u00e9sultats et Classement de la 2\u00e8me descente hommes de Kvitfjell 2025","description":"Retrouvez le classement et les r\u00e9sultats de la deuxi\u00e8me descente hommes de Kvitfjell (Norv\u00e8ge) de la Coupe du monde de ski alpin, qui s'est d\u00e9roul\u00e9e ce samedi 8 mars 2025.","robots":{"index":"index","follow":"follow","max-snippet":"max-snippet:-1","max-image-preview":"max-image-preview:large","max-video-preview":"max-video-preview:-1"},"canonical":"https:\/\/dicodusport.fr\/blog\/resultats-et-classement-de-la-2eme-descente-hommes-de-kvitfjell-2025\/","og_locale":"fr_FR","og_type":"article","og_title":"R\u00e9sultats et Classement de la 2\u00e8me descente hommes de Kvitfjell 2025","og_description":"Retrouvez le classement et les r\u00e9sultats de la deuxi\u00e8me descente hommes de Kvitfjell (Norv\u00e8ge) de la Coupe du monde de ski alpin, qui s'est d\u00e9roul\u00e9e ce samedi 8 mars 2025.","og_url":"https:\/\/dicodusport.fr\/blog\/resultats-et-classement-de-la-2eme-descente-hommes-de-kvitfjell-2025\/","og_site_name":"Dicodusport","article_publisher":"https:\/\/www.facebook.com\/dicodusport","article_author":"https:\/\/www.facebook.com\/florent.ostermann","article_published_time":"2025-03-08T10:34:15+00:00","article_modified_time":"2025-03-08T11:07:07+00:00","og_image":[{"width":1200,"height":674,"url":"https:\/\/dicodusport.fr\/blog\/wp-content\/uploads\/2025\/03\/Resultats-et-Classement-de-la-2eme-descente-hommes-de-Kvitfjell-2025.png","type":"image\/png"}],"author":"Flo Ostermann","twitter_card":"summary_large_image","twitter_title":"R\u00e9sultats et Classement de la 2\u00e8me descente hommes de Kvitfjell 2025","twitter_creator":"@https:\/\/twitter.com\/FlOstermann","twitter_site":"@dicodusport","schema":{"@context":"https:\/\/schema.org","@graph":[{"@type":"NewsArticle","@id":"https:\/\/dicodusport.fr\/blog\/resultats-et-classement-de-la-2eme-descente-hommes-de-kvitfjell-2025\/#article","isPartOf":{"@id":"https:\/\/dicodusport.fr\/blog\/resultats-et-classement-de-la-2eme-descente-hommes-de-kvitfjell-2025\/"},"author":{"name":"Flo Ostermann","@id":"https:\/\/dicodusport.fr\/blog\/#\/schema\/person\/cb02af4c173ce4a653b55e9baf388d4a"},"headline":"R\u00e9sultats et Classement de la 2\u00e8me descente hommes de Kvitfjell 2025","datePublished":"2025-03-08T10:34:15+00:00","dateModified":"2025-03-08T11:07:07+00:00","mainEntityOfPage":{"@id":"https:\/\/dicodusport.fr\/blog\/resultats-et-classement-de-la-2eme-descente-hommes-de-kvitfjell-2025\/"},"wordCount":263,"commentCount":0,"publisher":{"@id":"https:\/\/dicodusport.fr\/blog\/#organization"},"image":{"@id":"https:\/\/dicodusport.fr\/blog\/resultats-et-classement-de-la-2eme-descente-hommes-de-kvitfjell-2025\/#primaryimage"},"thumbnailUrl":"https:\/\/dicodusport.fr\/blog\/wp-content\/uploads\/2025\/03\/Resultats-et-Classement-de-la-2eme-descente-hommes-de-Kvitfjell-2025.png","keywords":["br\u00e8ve","Ski alpin Kvitfjell"],"articleSection":["Coupe du monde de ski alpin"],"inLanguage":"fr-FR","potentialAction":[{"@type":"CommentAction","name":"Comment","target":["https:\/\/dicodusport.fr\/blog\/resultats-et-classement-de-la-2eme-descente-hommes-de-kvitfjell-2025\/#respond"]}],"copyrightYear":"2025","copyrightHolder":{"@id":"https:\/\/dicodusport.fr\/blog\/#organization"}},{"@type":"WebPage","@id":"https:\/\/dicodusport.fr\/blog\/resultats-et-classement-de-la-2eme-descente-hommes-de-kvitfjell-2025\/","url":"https:\/\/dicodusport.fr\/blog\/resultats-et-classement-de-la-2eme-descente-hommes-de-kvitfjell-2025\/","name":"R\u00e9sultats et Classement de la 2\u00e8me descente hommes de Kvitfjell 2025","isPartOf":{"@id":"https:\/\/dicodusport.fr\/blog\/#website"},"primaryImageOfPage":{"@id":"https:\/\/dicodusport.fr\/blog\/resultats-et-classement-de-la-2eme-descente-hommes-de-kvitfjell-2025\/#primaryimage"},"image":{"@id":"https:\/\/dicodusport.fr\/blog\/resultats-et-classement-de-la-2eme-descente-hommes-de-kvitfjell-2025\/#primaryimage"},"thumbnailUrl":"https:\/\/dicodusport.fr\/blog\/wp-content\/uploads\/2025\/03\/Resultats-et-Classement-de-la-2eme-descente-hommes-de-Kvitfjell-2025.png","datePublished":"2025-03-08T10:34:15+00:00","dateModified":"2025-03-08T11:07:07+00:00","description":"Retrouvez le classement et les r\u00e9sultats de la deuxi\u00e8me descente hommes de Kvitfjell (Norv\u00e8ge) de la Coupe du monde de ski alpin, qui s'est d\u00e9roul\u00e9e ce samedi 8 mars 2025.","breadcrumb":{"@id":"https:\/\/dicodusport.fr\/blog\/resultats-et-classement-de-la-2eme-descente-hommes-de-kvitfjell-2025\/#breadcrumb"},"inLanguage":"fr-FR","potentialAction":[{"@type":"ReadAction","target":["https:\/\/dicodusport.fr\/blog\/resultats-et-classement-de-la-2eme-descente-hommes-de-kvitfjell-2025\/"]}]},{"@type":"ImageObject","inLanguage":"fr-FR","@id":"https:\/\/dicodusport.fr\/blog\/resultats-et-classement-de-la-2eme-descente-hommes-de-kvitfjell-2025\/#primaryimage","url":"https:\/\/dicodusport.fr\/blog\/wp-content\/uploads\/2025\/03\/Resultats-et-Classement-de-la-2eme-descente-hommes-de-Kvitfjell-2025.png","contentUrl":"https:\/\/dicodusport.fr\/blog\/wp-content\/uploads\/2025\/03\/Resultats-et-Classement-de-la-2eme-descente-hommes-de-Kvitfjell-2025.png","width":1200,"height":674,"caption":"R\u00e9sultats et Classement de la 2\u00e8me descente hommes de Kvitfjell 2025"},{"@type":"BreadcrumbList","@id":"https:\/\/dicodusport.fr\/blog\/resultats-et-classement-de-la-2eme-descente-hommes-de-kvitfjell-2025\/#breadcrumb","itemListElement":[{"@type":"ListItem","position":1,"name":"Accueil","item":"https:\/\/dicodusport.fr\/blog\/"},{"@type":"ListItem","position":2,"name":"R\u00e9sultats et Classement de la 2\u00e8me descente hommes de Kvitfjell 2025"}]},{"@type":"WebSite","@id":"https:\/\/dicodusport.fr\/blog\/#website","url":"https:\/\/dicodusport.fr\/blog\/","name":"Dicodusport","description":"L&#039;encyclop\u00e9die de l&#039;actualit\u00e9 sportive","publisher":{"@id":"https:\/\/dicodusport.fr\/blog\/#organization"},"potentialAction":[{"@type":"SearchAction","target":{"@type":"EntryPoint","urlTemplate":"https:\/\/dicodusport.fr\/blog\/?s={search_term_string}"},"query-input":{"@type":"PropertyValueSpecification","valueRequired":true,"valueName":"search_term_string"}}],"inLanguage":"fr-FR"},{"@type":"NewsMediaOrganization","@id":"https:\/\/dicodusport.fr\/blog\/#organization","name":"Dicodusport","url":"https:\/\/dicodusport.fr\/blog\/","logo":{"@type":"ImageObject","inLanguage":"fr-FR","@id":"https:\/\/dicodusport.fr\/blog\/#\/schema\/logo\/image\/","url":"https:\/\/dicodusport.fr\/blog\/wp-content\/uploads\/2020\/06\/cropped-LOGO-DICODUSPORT-2020-SANS-FOND-SANS-TEXTE.png","contentUrl":"https:\/\/dicodusport.fr\/blog\/wp-content\/uploads\/2020\/06\/cropped-LOGO-DICODUSPORT-2020-SANS-FOND-SANS-TEXTE.png","width":512,"height":512,"caption":"Dicodusport"},"image":{"@id":"https:\/\/dicodusport.fr\/blog\/#\/schema\/logo\/image\/"},"sameAs":["https:\/\/www.facebook.com\/dicodusport","https:\/\/x.com\/dicodusport","https:\/\/www.instagram.com\/dicodusport\/","https:\/\/www.youtube.com\/channel\/UC7V2KZ5sd3htJivAbA4ZG3w"],"description":"Dicodusport est l'encyclop\u00e9die de l'actualit\u00e9 sportive.","email":"bonjour@dicodusport.fr","legalName":"DICODUSPORT","foundingDate":"2018-01-14","vatID":"FR71834470973","taxID":"83447097300043","numberOfEmployees":{"@type":"QuantitativeValue","minValue":"1","maxValue":"10"}},{"@type":"Person","@id":"https:\/\/dicodusport.fr\/blog\/#\/schema\/person\/cb02af4c173ce4a653b55e9baf388d4a","name":"Flo Ostermann","image":{"@type":"ImageObject","inLanguage":"fr-FR","@id":"https:\/\/dicodusport.fr\/blog\/#\/schema\/person\/image\/","url":"https:\/\/dicodusport.fr\/blog\/wp-content\/uploads\/2021\/05\/Flo-Ostermann-150x150.jpg","contentUrl":"https:\/\/dicodusport.fr\/blog\/wp-content\/uploads\/2021\/05\/Flo-Ostermann-150x150.jpg","caption":"Flo Ostermann"},"description":"Journaliste\/R\u00e9dacteur depuis septembre 2015 - Mes premiers souvenirs dans le sport ? Les envol\u00e9es du Stade Toulousain et les duels Villeneuve-Schumacher et H\u00e4kkinen-Schumacher \u00e0 la fin des ann\u00e9es 90, la Coupe du monde de football en 1998, l\u2019exploit du XV de France face aux All Blacks en 1999, mais aussi Richard C\u0153ur de Lion qui vole sur les montagnes du Tour de France. Bien parti pour devenir professeur d\u2019EPS, les \u00e9v\u00e9nements de la vie (et la flemme d\u2019animer des s\u00e9ances de 3x500 m\u00e8tres toute ma vie) m\u2019ont conduit \u00e0 revoir mes plans. Me voil\u00e0 depuis fin 2017 sur Dicodusport, m\u00e9dia gr\u00e2ce (et pour) lequel je partage ma passion : le sport dans tous ses \u00e9tats. Le tout accompagn\u00e9 par les fous furieux et folles furieuses cit\u00e9s sur cette page !","sameAs":["https:\/\/www.facebook.com\/florent.ostermann","https:\/\/x.com\/https:\/\/twitter.com\/FlOstermann","admin"],"url":"https:\/\/dicodusport.fr\/blog\/author\/flo\/"}]}},"_links":{"self":[{"href":"https:\/\/dicodusport.fr\/blog\/wp-json\/wp\/v2\/posts\/562029","targetHints":{"allow":["GET"]}}],"collection":[{"href":"https:\/\/dicodusport.fr\/blog\/wp-json\/wp\/v2\/posts"}],"about":[{"href":"https:\/\/dicodusport.fr\/blog\/wp-json\/wp\/v2\/types\/post"}],"author":[{"embeddable":true,"href":"https:\/\/dicodusport.fr\/blog\/wp-json\/wp\/v2\/users\/4"}],"replies":[{"embeddable":true,"href":"https:\/\/dicodusport.fr\/blog\/wp-json\/wp\/v2\/comments?post=562029"}],"version-history":[{"count":5,"href":"https:\/\/dicodusport.fr\/blog\/wp-json\/wp\/v2\/posts\/562029\/revisions"}],"predecessor-version":[{"id":562205,"href":"https:\/\/dicodusport.fr\/blog\/wp-json\/wp\/v2\/posts\/562029\/revisions\/562205"}],"wp:featuredmedia":[{"embeddable":true,"href":"https:\/\/dicodusport.fr\/blog\/wp-json\/wp\/v2\/media\/562051"}],"wp:attachment":[{"href":"https:\/\/dicodusport.fr\/blog\/wp-json\/wp\/v2\/media?parent=562029"}],"wp:term":[{"taxonomy":"category","embeddable":true,"href":"https:\/\/dicodusport.fr\/blog\/wp-json\/wp\/v2\/categories?post=562029"},{"taxonomy":"post_tag","embeddable":true,"href":"https:\/\/dicodusport.fr\/blog\/wp-json\/wp\/v2\/tags?post=562029"}],"curies":[{"name":"wp","href":"https:\/\/api.w.org\/{rel}","templated":true}]}}