{"id":562050,"date":"2025-03-07T22:04:20","date_gmt":"2025-03-07T21:04:20","guid":{"rendered":"https:\/\/dicodusport.fr\/blog\/?p=562050&#038;preview=true&#038;preview_id=562050"},"modified":"2025-03-07T22:26:09","modified_gmt":"2025-03-07T21:26:09","slug":"athletisme-europe-en-salle-just-kwaou-mathey-et-wilhem-belocian-sur-le-podium-du-60-m-haies","status":"publish","type":"post","link":"https:\/\/dicodusport.fr\/blog\/athletisme-europe-en-salle-just-kwaou-mathey-et-wilhem-belocian-sur-le-podium-du-60-m-haies\/","title":{"rendered":"Athl\u00e9tisme Europe en salle : Wilhem Belocian et Just Kwaou-Mathey sur le podium du 60 m haies"},"content":{"rendered":"<h4 style=\"text-align: justify;\"><em>CHAMPIONNATS D\u2019EUROPE EN SALLE D\u2019ATHL\u00c9TISME 2025 <\/em><em>&#8211; Battus par Jakub Szymanski, Wilhem Belocian et Just Kwaou-Mathey sont m\u00e9daill\u00e9s d&rsquo;argent et de bronze du 60m haies, \u00e0 Apeldoorn.<\/em><\/h4>\n<ul>\n<li style=\"text-align: justify;\"><strong>\u00c0 ce sujet \u2013\u00a0<a href=\"https:\/\/dicodusport.fr\/blog\/athletisme-programme-et-resultats-championnats-deurope-en-salle-2025\/\" target=\"_blank\" rel=\"noopener\">Calendrier et r\u00e9sultats des Championnats d\u2019Europe en salle 2025<\/a><\/strong><\/li>\n<\/ul>\n<p style=\"text-align: justify;\"><span style=\"font-weight: 400;\">Les Bleus ne passent pas bien loin du doubl\u00e9. <\/span><b>Wilhem Belocian <\/b><span style=\"font-weight: 400;\">et <\/span><b>Just Kwaou-Mathey <\/b><span style=\"font-weight: 400;\">figurent sur le podium du 60 m\u00e8tres haies, derni\u00e8re finale de la soir\u00e9e aux championnats d\u2019Europe d\u2019Apeldoorn. Pas de m\u00e9daille d\u2019or puisque le Polonais <\/span><b>Jakub Szymanski<\/b><span style=\"font-weight: 400;\"> empoche ce titre sur les barri\u00e8res hautes pour la premi\u00e8re fois de sa jeune carri\u00e8re.<\/span><\/p>\n<blockquote class=\"twitter-tweet\">\n<p dir=\"ltr\" lang=\"fr\">\ud83d\udc49\ud83d\udc48 Wilhem Belocian et Just Kwaou-Mathey sur le podium du 60 m haies !<\/p>\n<p>Ils \u00e9taient venus pour l&rsquo;or mais ils montent tous les deux sur la bo\u00eete. Wilhem Belocian 2e en 7\u00a0\u00bb45 \ud83e\udd48 et Just Kwaou-Mathey 3e en 7\u00a0\u00bb50 \ud83e\udd49 sont tous les deux devanc\u00e9s par le Polonais Jakub Szymanski.<\/p>\n<p>\ud83d\udcbb La\u2026 <a href=\"https:\/\/t.co\/oQFfsHdVVq\">pic.twitter.com\/oQFfsHdVVq<\/a><\/p>\n<p>\u2014 FFAthl\u00e9tisme (@FFAthletisme) <a href=\"https:\/\/twitter.com\/FFAthletisme\/status\/1898119695510708389?ref_src=twsrc%5Etfw\">March 7, 2025<\/a><\/p><\/blockquote>\n<p><script async src=\"https:\/\/platform.twitter.com\/widgets.js\" charset=\"utf-8\"><\/script><\/p>\n<p style=\"text-align: justify;\"><span style=\"font-weight: 400;\">Les deux Tricolores ont bien jailli des blocks mais le futur champion les accompagnait d\u00e9j\u00e0. Le Polonais fait plut\u00f4t la diff\u00e9rence pass\u00e9e la mi-course et remporte donc la m\u00e9daille d\u2019or. 7.43 pour lui devant les 7.45 de <\/span><b>Belocian <\/b><span style=\"font-weight: 400;\">et les 7.50 de <\/span><b>Kwaou-Mathey. <\/b><span style=\"font-weight: 400;\">La France repart de cette deuxi\u00e8me soir\u00e9e des championnats d\u2019Europe avec quatre m\u00e9dailles, dont un titre, celui d\u2019<\/span><b>Agathe Guillemot<\/b><span style=\"font-weight: 400;\">.<\/span><\/p>\n","protected":false},"excerpt":{"rendered":"<p>Just Kwaou-Mathey et Wilhem Belocian sur le podium du 60 m haies<\/p>\n","protected":false},"author":61,"featured_media":562079,"comment_status":"open","ping_status":"closed","sticky":false,"template":"","format":"standard","meta":{"_acf_changed":false,"_daextam_enable_autolinks":"1","footnotes":""},"categories":[2308],"tags":[32415,143,16878,7364,25905,7375],"class_list":["post-562050","post","type-post","status-publish","format-standard","has-post-thumbnail","hentry","category-athletisme","tag-actu","tag-athletisme","tag-breve","tag-championnats-deurope-en-salle","tag-just-kwaou-mathey","tag-wilhem-belocian"],"acf":[],"yoast_head":"<!-- This site is optimized with the Yoast SEO Premium plugin v26.7 (Yoast SEO v26.7) - https:\/\/yoast.com\/wordpress\/plugins\/seo\/ -->\n<title>Athl\u00e9tisme Europe en salle : Wilhem Belocian et Just Kwaou-Mathey sur le podium du 60 m haies<\/title>\n<meta name=\"description\" content=\"Battu par Jakub Szymanski, Wilhem Belocian et Just Kwaou-Mathey sont m\u00e9daill\u00e9s d&#039;argent et de bronze du 60m haies, \u00e0 Apeldoorn.\" \/>\n<meta name=\"robots\" content=\"index, follow, max-snippet:-1, max-image-preview:large, max-video-preview:-1\" \/>\n<link rel=\"canonical\" href=\"https:\/\/dicodusport.fr\/blog\/athletisme-europe-en-salle-just-kwaou-mathey-et-wilhem-belocian-sur-le-podium-du-60-m-haies\/\" \/>\n<meta property=\"og:locale\" content=\"fr_FR\" \/>\n<meta property=\"og:type\" content=\"article\" \/>\n<meta property=\"og:title\" content=\"Athl\u00e9tisme Europe en salle : Wilhem Belocian et Just Kwaou-Mathey sur le podium du 60 m haies\" \/>\n<meta property=\"og:description\" content=\"Battu par Jakub Szymanski, Wilhem Belocian et Just Kwaou-Mathey sont m\u00e9daill\u00e9s d&#039;argent et de bronze du 60m haies, \u00e0 Apeldoorn.\" \/>\n<meta property=\"og:url\" content=\"https:\/\/dicodusport.fr\/blog\/athletisme-europe-en-salle-just-kwaou-mathey-et-wilhem-belocian-sur-le-podium-du-60-m-haies\/\" \/>\n<meta property=\"og:site_name\" content=\"Dicodusport\" \/>\n<meta property=\"article:publisher\" content=\"https:\/\/www.facebook.com\/dicodusport\" \/>\n<meta property=\"article:published_time\" content=\"2025-03-07T21:04:20+00:00\" \/>\n<meta property=\"article:modified_time\" content=\"2025-03-07T21:26:09+00:00\" \/>\n<meta property=\"og:image\" content=\"https:\/\/dicodusport.fr\/blog\/wp-content\/uploads\/2025\/03\/Athletisme-Europe-en-salle-Wilhem-Belocian-et-Just-Kwaou-Mathey-sur-le-podium-du-60-m-haies.png\" \/>\n\t<meta property=\"og:image:width\" content=\"1200\" \/>\n\t<meta property=\"og:image:height\" content=\"674\" \/>\n\t<meta property=\"og:image:type\" content=\"image\/png\" \/>\n<meta name=\"author\" content=\"Pierre Gorce\" \/>\n<meta name=\"twitter:card\" content=\"summary_large_image\" \/>\n<meta name=\"twitter:title\" content=\"Athl\u00e9tisme Europe en salle : Wilhem Belocian et Just Kwaou-Mathey sur le podium du 60 m haies\" \/>\n<meta name=\"twitter:creator\" content=\"@https:\/\/twitter.com\/pierregorce12\" \/>\n<meta name=\"twitter:site\" content=\"@dicodusport\" \/>\n<script type=\"application\/ld+json\" class=\"yoast-schema-graph\">{\"@context\":\"https:\/\/schema.org\",\"@graph\":[{\"@type\":\"NewsArticle\",\"@id\":\"https:\/\/dicodusport.fr\/blog\/athletisme-europe-en-salle-just-kwaou-mathey-et-wilhem-belocian-sur-le-podium-du-60-m-haies\/#article\",\"isPartOf\":{\"@id\":\"https:\/\/dicodusport.fr\/blog\/athletisme-europe-en-salle-just-kwaou-mathey-et-wilhem-belocian-sur-le-podium-du-60-m-haies\/\"},\"author\":{\"name\":\"Pierre Gorce\",\"@id\":\"https:\/\/dicodusport.fr\/blog\/#\/schema\/person\/0eaf70b33d703a1a66b1155ac1bda018\"},\"headline\":\"Athl\u00e9tisme Europe en salle : Wilhem Belocian et Just Kwaou-Mathey sur le podium du 60 m haies\",\"datePublished\":\"2025-03-07T21:04:20+00:00\",\"dateModified\":\"2025-03-07T21:26:09+00:00\",\"mainEntityOfPage\":{\"@id\":\"https:\/\/dicodusport.fr\/blog\/athletisme-europe-en-salle-just-kwaou-mathey-et-wilhem-belocian-sur-le-podium-du-60-m-haies\/\"},\"wordCount\":249,\"commentCount\":0,\"publisher\":{\"@id\":\"https:\/\/dicodusport.fr\/blog\/#organization\"},\"image\":{\"@id\":\"https:\/\/dicodusport.fr\/blog\/athletisme-europe-en-salle-just-kwaou-mathey-et-wilhem-belocian-sur-le-podium-du-60-m-haies\/#primaryimage\"},\"thumbnailUrl\":\"https:\/\/dicodusport.fr\/blog\/wp-content\/uploads\/2025\/03\/Athletisme-Europe-en-salle-Wilhem-Belocian-et-Just-Kwaou-Mathey-sur-le-podium-du-60-m-haies.png\",\"keywords\":[\"actu\",\"Athl\u00e9tisme\",\"br\u00e8ve\",\"Championnats d'Europe en salle\",\"Just Kwaou-Mathey\",\"Wilhem Belocian\"],\"articleSection\":[\"Athl\u00e9tisme\"],\"inLanguage\":\"fr-FR\",\"potentialAction\":[{\"@type\":\"CommentAction\",\"name\":\"Comment\",\"target\":[\"https:\/\/dicodusport.fr\/blog\/athletisme-europe-en-salle-just-kwaou-mathey-et-wilhem-belocian-sur-le-podium-du-60-m-haies\/#respond\"]}],\"copyrightYear\":\"2025\",\"copyrightHolder\":{\"@id\":\"https:\/\/dicodusport.fr\/blog\/#organization\"}},{\"@type\":\"WebPage\",\"@id\":\"https:\/\/dicodusport.fr\/blog\/athletisme-europe-en-salle-just-kwaou-mathey-et-wilhem-belocian-sur-le-podium-du-60-m-haies\/\",\"url\":\"https:\/\/dicodusport.fr\/blog\/athletisme-europe-en-salle-just-kwaou-mathey-et-wilhem-belocian-sur-le-podium-du-60-m-haies\/\",\"name\":\"Athl\u00e9tisme Europe en salle : Wilhem Belocian et Just Kwaou-Mathey sur le podium du 60 m haies\",\"isPartOf\":{\"@id\":\"https:\/\/dicodusport.fr\/blog\/#website\"},\"primaryImageOfPage\":{\"@id\":\"https:\/\/dicodusport.fr\/blog\/athletisme-europe-en-salle-just-kwaou-mathey-et-wilhem-belocian-sur-le-podium-du-60-m-haies\/#primaryimage\"},\"image\":{\"@id\":\"https:\/\/dicodusport.fr\/blog\/athletisme-europe-en-salle-just-kwaou-mathey-et-wilhem-belocian-sur-le-podium-du-60-m-haies\/#primaryimage\"},\"thumbnailUrl\":\"https:\/\/dicodusport.fr\/blog\/wp-content\/uploads\/2025\/03\/Athletisme-Europe-en-salle-Wilhem-Belocian-et-Just-Kwaou-Mathey-sur-le-podium-du-60-m-haies.png\",\"datePublished\":\"2025-03-07T21:04:20+00:00\",\"dateModified\":\"2025-03-07T21:26:09+00:00\",\"description\":\"Battu par Jakub Szymanski, Wilhem Belocian et Just Kwaou-Mathey sont m\u00e9daill\u00e9s d'argent et de bronze du 60m haies, \u00e0 Apeldoorn.\",\"breadcrumb\":{\"@id\":\"https:\/\/dicodusport.fr\/blog\/athletisme-europe-en-salle-just-kwaou-mathey-et-wilhem-belocian-sur-le-podium-du-60-m-haies\/#breadcrumb\"},\"inLanguage\":\"fr-FR\",\"potentialAction\":[{\"@type\":\"ReadAction\",\"target\":[\"https:\/\/dicodusport.fr\/blog\/athletisme-europe-en-salle-just-kwaou-mathey-et-wilhem-belocian-sur-le-podium-du-60-m-haies\/\"]}]},{\"@type\":\"ImageObject\",\"inLanguage\":\"fr-FR\",\"@id\":\"https:\/\/dicodusport.fr\/blog\/athletisme-europe-en-salle-just-kwaou-mathey-et-wilhem-belocian-sur-le-podium-du-60-m-haies\/#primaryimage\",\"url\":\"https:\/\/dicodusport.fr\/blog\/wp-content\/uploads\/2025\/03\/Athletisme-Europe-en-salle-Wilhem-Belocian-et-Just-Kwaou-Mathey-sur-le-podium-du-60-m-haies.png\",\"contentUrl\":\"https:\/\/dicodusport.fr\/blog\/wp-content\/uploads\/2025\/03\/Athletisme-Europe-en-salle-Wilhem-Belocian-et-Just-Kwaou-Mathey-sur-le-podium-du-60-m-haies.png\",\"width\":1200,\"height\":674,\"caption\":\"Athl\u00e9tisme Europe en salle Wilhem Belocian et Just Kwaou-Mathey sur le podium du 60 m haies\"},{\"@type\":\"BreadcrumbList\",\"@id\":\"https:\/\/dicodusport.fr\/blog\/athletisme-europe-en-salle-just-kwaou-mathey-et-wilhem-belocian-sur-le-podium-du-60-m-haies\/#breadcrumb\",\"itemListElement\":[{\"@type\":\"ListItem\",\"position\":1,\"name\":\"Accueil\",\"item\":\"https:\/\/dicodusport.fr\/blog\/\"},{\"@type\":\"ListItem\",\"position\":2,\"name\":\"Athl\u00e9tisme Europe en salle : Wilhem Belocian et Just Kwaou-Mathey sur le podium du 60 m haies\"}]},{\"@type\":\"WebSite\",\"@id\":\"https:\/\/dicodusport.fr\/blog\/#website\",\"url\":\"https:\/\/dicodusport.fr\/blog\/\",\"name\":\"Dicodusport\",\"description\":\"L&#039;encyclop\u00e9die de l&#039;actualit\u00e9 sportive\",\"publisher\":{\"@id\":\"https:\/\/dicodusport.fr\/blog\/#organization\"},\"potentialAction\":[{\"@type\":\"SearchAction\",\"target\":{\"@type\":\"EntryPoint\",\"urlTemplate\":\"https:\/\/dicodusport.fr\/blog\/?s={search_term_string}\"},\"query-input\":{\"@type\":\"PropertyValueSpecification\",\"valueRequired\":true,\"valueName\":\"search_term_string\"}}],\"inLanguage\":\"fr-FR\"},{\"@type\":\"NewsMediaOrganization\",\"@id\":\"https:\/\/dicodusport.fr\/blog\/#organization\",\"name\":\"Dicodusport\",\"url\":\"https:\/\/dicodusport.fr\/blog\/\",\"logo\":{\"@type\":\"ImageObject\",\"inLanguage\":\"fr-FR\",\"@id\":\"https:\/\/dicodusport.fr\/blog\/#\/schema\/logo\/image\/\",\"url\":\"https:\/\/dicodusport.fr\/blog\/wp-content\/uploads\/2020\/06\/cropped-LOGO-DICODUSPORT-2020-SANS-FOND-SANS-TEXTE.png\",\"contentUrl\":\"https:\/\/dicodusport.fr\/blog\/wp-content\/uploads\/2020\/06\/cropped-LOGO-DICODUSPORT-2020-SANS-FOND-SANS-TEXTE.png\",\"width\":512,\"height\":512,\"caption\":\"Dicodusport\"},\"image\":{\"@id\":\"https:\/\/dicodusport.fr\/blog\/#\/schema\/logo\/image\/\"},\"sameAs\":[\"https:\/\/www.facebook.com\/dicodusport\",\"https:\/\/x.com\/dicodusport\",\"https:\/\/www.instagram.com\/dicodusport\/\",\"https:\/\/www.youtube.com\/channel\/UC7V2KZ5sd3htJivAbA4ZG3w\"],\"description\":\"Dicodusport est l'encyclop\u00e9die de l'actualit\u00e9 sportive.\",\"email\":\"bonjour@dicodusport.fr\",\"legalName\":\"DICODUSPORT\",\"foundingDate\":\"2018-01-14\",\"vatID\":\"FR71834470973\",\"taxID\":\"83447097300043\",\"numberOfEmployees\":{\"@type\":\"QuantitativeValue\",\"minValue\":\"1\",\"maxValue\":\"10\"}},{\"@type\":\"Person\",\"@id\":\"https:\/\/dicodusport.fr\/blog\/#\/schema\/person\/0eaf70b33d703a1a66b1155ac1bda018\",\"name\":\"Pierre Gorce\",\"image\":{\"@type\":\"ImageObject\",\"inLanguage\":\"fr-FR\",\"@id\":\"https:\/\/dicodusport.fr\/blog\/#\/schema\/person\/image\/\",\"url\":\"https:\/\/dicodusport.fr\/blog\/wp-content\/uploads\/2022\/03\/IMG_20211214_233053_722-150x150.jpg\",\"contentUrl\":\"https:\/\/dicodusport.fr\/blog\/wp-content\/uploads\/2022\/03\/IMG_20211214_233053_722-150x150.jpg\",\"caption\":\"Pierre Gorce\"},\"description\":\"Couteau suisse venant tout droit de Haute-Savoie. Habitu\u00e9 \u00e0 regarder du sport depuis petit, j'en ai maintenant fait mon m\u00e9tier. Des sports d'hiver au surf, en passant par le tennis, la F1, le handball et l'athl\u00e9tisme, j'essaie d'avoir mes yeux sur l'enti\u00e8ret\u00e9 de l'actualit\u00e9. Jeune homme berc\u00e9 par les exploits de Jean-Baptiste Grange, Sebastian Vettel et des Experts. Membre de la g\u00e9n\u00e9ration 1999 comme Luka Doncic, Sydney McLaughlin, Lando Norris et Loana Lecomte, mais avec beaucoup moins de talent qu'eux.\",\"sameAs\":[\"https:\/\/x.com\/https:\/\/twitter.com\/pierregorce12\"],\"birthDate\":\"1999-08-29\",\"url\":\"https:\/\/dicodusport.fr\/blog\/author\/pierreg\/\"}]}<\/script>\n<!-- \/ Yoast SEO Premium plugin. -->","yoast_head_json":{"title":"Athl\u00e9tisme Europe en salle : Wilhem Belocian et Just Kwaou-Mathey sur le podium du 60 m haies","description":"Battu par Jakub Szymanski, Wilhem Belocian et Just Kwaou-Mathey sont m\u00e9daill\u00e9s d'argent et de bronze du 60m haies, \u00e0 Apeldoorn.","robots":{"index":"index","follow":"follow","max-snippet":"max-snippet:-1","max-image-preview":"max-image-preview:large","max-video-preview":"max-video-preview:-1"},"canonical":"https:\/\/dicodusport.fr\/blog\/athletisme-europe-en-salle-just-kwaou-mathey-et-wilhem-belocian-sur-le-podium-du-60-m-haies\/","og_locale":"fr_FR","og_type":"article","og_title":"Athl\u00e9tisme Europe en salle : Wilhem Belocian et Just Kwaou-Mathey sur le podium du 60 m haies","og_description":"Battu par Jakub Szymanski, Wilhem Belocian et Just Kwaou-Mathey sont m\u00e9daill\u00e9s d'argent et de bronze du 60m haies, \u00e0 Apeldoorn.","og_url":"https:\/\/dicodusport.fr\/blog\/athletisme-europe-en-salle-just-kwaou-mathey-et-wilhem-belocian-sur-le-podium-du-60-m-haies\/","og_site_name":"Dicodusport","article_publisher":"https:\/\/www.facebook.com\/dicodusport","article_published_time":"2025-03-07T21:04:20+00:00","article_modified_time":"2025-03-07T21:26:09+00:00","og_image":[{"width":1200,"height":674,"url":"https:\/\/dicodusport.fr\/blog\/wp-content\/uploads\/2025\/03\/Athletisme-Europe-en-salle-Wilhem-Belocian-et-Just-Kwaou-Mathey-sur-le-podium-du-60-m-haies.png","type":"image\/png"}],"author":"Pierre Gorce","twitter_card":"summary_large_image","twitter_title":"Athl\u00e9tisme Europe en salle : Wilhem Belocian et Just Kwaou-Mathey sur le podium du 60 m haies","twitter_creator":"@https:\/\/twitter.com\/pierregorce12","twitter_site":"@dicodusport","schema":{"@context":"https:\/\/schema.org","@graph":[{"@type":"NewsArticle","@id":"https:\/\/dicodusport.fr\/blog\/athletisme-europe-en-salle-just-kwaou-mathey-et-wilhem-belocian-sur-le-podium-du-60-m-haies\/#article","isPartOf":{"@id":"https:\/\/dicodusport.fr\/blog\/athletisme-europe-en-salle-just-kwaou-mathey-et-wilhem-belocian-sur-le-podium-du-60-m-haies\/"},"author":{"name":"Pierre Gorce","@id":"https:\/\/dicodusport.fr\/blog\/#\/schema\/person\/0eaf70b33d703a1a66b1155ac1bda018"},"headline":"Athl\u00e9tisme Europe en salle : Wilhem Belocian et Just Kwaou-Mathey sur le podium du 60 m haies","datePublished":"2025-03-07T21:04:20+00:00","dateModified":"2025-03-07T21:26:09+00:00","mainEntityOfPage":{"@id":"https:\/\/dicodusport.fr\/blog\/athletisme-europe-en-salle-just-kwaou-mathey-et-wilhem-belocian-sur-le-podium-du-60-m-haies\/"},"wordCount":249,"commentCount":0,"publisher":{"@id":"https:\/\/dicodusport.fr\/blog\/#organization"},"image":{"@id":"https:\/\/dicodusport.fr\/blog\/athletisme-europe-en-salle-just-kwaou-mathey-et-wilhem-belocian-sur-le-podium-du-60-m-haies\/#primaryimage"},"thumbnailUrl":"https:\/\/dicodusport.fr\/blog\/wp-content\/uploads\/2025\/03\/Athletisme-Europe-en-salle-Wilhem-Belocian-et-Just-Kwaou-Mathey-sur-le-podium-du-60-m-haies.png","keywords":["actu","Athl\u00e9tisme","br\u00e8ve","Championnats d'Europe en salle","Just Kwaou-Mathey","Wilhem Belocian"],"articleSection":["Athl\u00e9tisme"],"inLanguage":"fr-FR","potentialAction":[{"@type":"CommentAction","name":"Comment","target":["https:\/\/dicodusport.fr\/blog\/athletisme-europe-en-salle-just-kwaou-mathey-et-wilhem-belocian-sur-le-podium-du-60-m-haies\/#respond"]}],"copyrightYear":"2025","copyrightHolder":{"@id":"https:\/\/dicodusport.fr\/blog\/#organization"}},{"@type":"WebPage","@id":"https:\/\/dicodusport.fr\/blog\/athletisme-europe-en-salle-just-kwaou-mathey-et-wilhem-belocian-sur-le-podium-du-60-m-haies\/","url":"https:\/\/dicodusport.fr\/blog\/athletisme-europe-en-salle-just-kwaou-mathey-et-wilhem-belocian-sur-le-podium-du-60-m-haies\/","name":"Athl\u00e9tisme Europe en salle : Wilhem Belocian et Just Kwaou-Mathey sur le podium du 60 m haies","isPartOf":{"@id":"https:\/\/dicodusport.fr\/blog\/#website"},"primaryImageOfPage":{"@id":"https:\/\/dicodusport.fr\/blog\/athletisme-europe-en-salle-just-kwaou-mathey-et-wilhem-belocian-sur-le-podium-du-60-m-haies\/#primaryimage"},"image":{"@id":"https:\/\/dicodusport.fr\/blog\/athletisme-europe-en-salle-just-kwaou-mathey-et-wilhem-belocian-sur-le-podium-du-60-m-haies\/#primaryimage"},"thumbnailUrl":"https:\/\/dicodusport.fr\/blog\/wp-content\/uploads\/2025\/03\/Athletisme-Europe-en-salle-Wilhem-Belocian-et-Just-Kwaou-Mathey-sur-le-podium-du-60-m-haies.png","datePublished":"2025-03-07T21:04:20+00:00","dateModified":"2025-03-07T21:26:09+00:00","description":"Battu par Jakub Szymanski, Wilhem Belocian et Just Kwaou-Mathey sont m\u00e9daill\u00e9s d'argent et de bronze du 60m haies, \u00e0 Apeldoorn.","breadcrumb":{"@id":"https:\/\/dicodusport.fr\/blog\/athletisme-europe-en-salle-just-kwaou-mathey-et-wilhem-belocian-sur-le-podium-du-60-m-haies\/#breadcrumb"},"inLanguage":"fr-FR","potentialAction":[{"@type":"ReadAction","target":["https:\/\/dicodusport.fr\/blog\/athletisme-europe-en-salle-just-kwaou-mathey-et-wilhem-belocian-sur-le-podium-du-60-m-haies\/"]}]},{"@type":"ImageObject","inLanguage":"fr-FR","@id":"https:\/\/dicodusport.fr\/blog\/athletisme-europe-en-salle-just-kwaou-mathey-et-wilhem-belocian-sur-le-podium-du-60-m-haies\/#primaryimage","url":"https:\/\/dicodusport.fr\/blog\/wp-content\/uploads\/2025\/03\/Athletisme-Europe-en-salle-Wilhem-Belocian-et-Just-Kwaou-Mathey-sur-le-podium-du-60-m-haies.png","contentUrl":"https:\/\/dicodusport.fr\/blog\/wp-content\/uploads\/2025\/03\/Athletisme-Europe-en-salle-Wilhem-Belocian-et-Just-Kwaou-Mathey-sur-le-podium-du-60-m-haies.png","width":1200,"height":674,"caption":"Athl\u00e9tisme Europe en salle Wilhem Belocian et Just Kwaou-Mathey sur le podium du 60 m haies"},{"@type":"BreadcrumbList","@id":"https:\/\/dicodusport.fr\/blog\/athletisme-europe-en-salle-just-kwaou-mathey-et-wilhem-belocian-sur-le-podium-du-60-m-haies\/#breadcrumb","itemListElement":[{"@type":"ListItem","position":1,"name":"Accueil","item":"https:\/\/dicodusport.fr\/blog\/"},{"@type":"ListItem","position":2,"name":"Athl\u00e9tisme Europe en salle : Wilhem Belocian et Just Kwaou-Mathey sur le podium du 60 m haies"}]},{"@type":"WebSite","@id":"https:\/\/dicodusport.fr\/blog\/#website","url":"https:\/\/dicodusport.fr\/blog\/","name":"Dicodusport","description":"L&#039;encyclop\u00e9die de l&#039;actualit\u00e9 sportive","publisher":{"@id":"https:\/\/dicodusport.fr\/blog\/#organization"},"potentialAction":[{"@type":"SearchAction","target":{"@type":"EntryPoint","urlTemplate":"https:\/\/dicodusport.fr\/blog\/?s={search_term_string}"},"query-input":{"@type":"PropertyValueSpecification","valueRequired":true,"valueName":"search_term_string"}}],"inLanguage":"fr-FR"},{"@type":"NewsMediaOrganization","@id":"https:\/\/dicodusport.fr\/blog\/#organization","name":"Dicodusport","url":"https:\/\/dicodusport.fr\/blog\/","logo":{"@type":"ImageObject","inLanguage":"fr-FR","@id":"https:\/\/dicodusport.fr\/blog\/#\/schema\/logo\/image\/","url":"https:\/\/dicodusport.fr\/blog\/wp-content\/uploads\/2020\/06\/cropped-LOGO-DICODUSPORT-2020-SANS-FOND-SANS-TEXTE.png","contentUrl":"https:\/\/dicodusport.fr\/blog\/wp-content\/uploads\/2020\/06\/cropped-LOGO-DICODUSPORT-2020-SANS-FOND-SANS-TEXTE.png","width":512,"height":512,"caption":"Dicodusport"},"image":{"@id":"https:\/\/dicodusport.fr\/blog\/#\/schema\/logo\/image\/"},"sameAs":["https:\/\/www.facebook.com\/dicodusport","https:\/\/x.com\/dicodusport","https:\/\/www.instagram.com\/dicodusport\/","https:\/\/www.youtube.com\/channel\/UC7V2KZ5sd3htJivAbA4ZG3w"],"description":"Dicodusport est l'encyclop\u00e9die de l'actualit\u00e9 sportive.","email":"bonjour@dicodusport.fr","legalName":"DICODUSPORT","foundingDate":"2018-01-14","vatID":"FR71834470973","taxID":"83447097300043","numberOfEmployees":{"@type":"QuantitativeValue","minValue":"1","maxValue":"10"}},{"@type":"Person","@id":"https:\/\/dicodusport.fr\/blog\/#\/schema\/person\/0eaf70b33d703a1a66b1155ac1bda018","name":"Pierre Gorce","image":{"@type":"ImageObject","inLanguage":"fr-FR","@id":"https:\/\/dicodusport.fr\/blog\/#\/schema\/person\/image\/","url":"https:\/\/dicodusport.fr\/blog\/wp-content\/uploads\/2022\/03\/IMG_20211214_233053_722-150x150.jpg","contentUrl":"https:\/\/dicodusport.fr\/blog\/wp-content\/uploads\/2022\/03\/IMG_20211214_233053_722-150x150.jpg","caption":"Pierre Gorce"},"description":"Couteau suisse venant tout droit de Haute-Savoie. Habitu\u00e9 \u00e0 regarder du sport depuis petit, j'en ai maintenant fait mon m\u00e9tier. Des sports d'hiver au surf, en passant par le tennis, la F1, le handball et l'athl\u00e9tisme, j'essaie d'avoir mes yeux sur l'enti\u00e8ret\u00e9 de l'actualit\u00e9. Jeune homme berc\u00e9 par les exploits de Jean-Baptiste Grange, Sebastian Vettel et des Experts. Membre de la g\u00e9n\u00e9ration 1999 comme Luka Doncic, Sydney McLaughlin, Lando Norris et Loana Lecomte, mais avec beaucoup moins de talent qu'eux.","sameAs":["https:\/\/x.com\/https:\/\/twitter.com\/pierregorce12"],"birthDate":"1999-08-29","url":"https:\/\/dicodusport.fr\/blog\/author\/pierreg\/"}]}},"_links":{"self":[{"href":"https:\/\/dicodusport.fr\/blog\/wp-json\/wp\/v2\/posts\/562050","targetHints":{"allow":["GET"]}}],"collection":[{"href":"https:\/\/dicodusport.fr\/blog\/wp-json\/wp\/v2\/posts"}],"about":[{"href":"https:\/\/dicodusport.fr\/blog\/wp-json\/wp\/v2\/types\/post"}],"author":[{"embeddable":true,"href":"https:\/\/dicodusport.fr\/blog\/wp-json\/wp\/v2\/users\/61"}],"replies":[{"embeddable":true,"href":"https:\/\/dicodusport.fr\/blog\/wp-json\/wp\/v2\/comments?post=562050"}],"version-history":[{"count":5,"href":"https:\/\/dicodusport.fr\/blog\/wp-json\/wp\/v2\/posts\/562050\/revisions"}],"predecessor-version":[{"id":562081,"href":"https:\/\/dicodusport.fr\/blog\/wp-json\/wp\/v2\/posts\/562050\/revisions\/562081"}],"wp:featuredmedia":[{"embeddable":true,"href":"https:\/\/dicodusport.fr\/blog\/wp-json\/wp\/v2\/media\/562079"}],"wp:attachment":[{"href":"https:\/\/dicodusport.fr\/blog\/wp-json\/wp\/v2\/media?parent=562050"}],"wp:term":[{"taxonomy":"category","embeddable":true,"href":"https:\/\/dicodusport.fr\/blog\/wp-json\/wp\/v2\/categories?post=562050"},{"taxonomy":"post_tag","embeddable":true,"href":"https:\/\/dicodusport.fr\/blog\/wp-json\/wp\/v2\/tags?post=562050"}],"curies":[{"name":"wp","href":"https:\/\/api.w.org\/{rel}","templated":true}]}}