{"id":562260,"date":"2025-03-08T14:50:39","date_gmt":"2025-03-08T13:50:39","guid":{"rendered":"https:\/\/dicodusport.fr\/blog\/?p=562260&#038;preview=true&#038;preview_id=562260"},"modified":"2025-04-03T14:24:59","modified_gmt":"2025-04-03T12:24:59","slug":"mondiaux-ski-alpinisme-2025-les-bleus-bouclent-leurs-mondiaux-avec-deux-2-medailles-dor","status":"publish","type":"post","link":"https:\/\/dicodusport.fr\/blog\/mondiaux-ski-alpinisme-2025-les-bleus-bouclent-leurs-mondiaux-avec-deux-2-medailles-dor\/","title":{"rendered":"Mondiaux ski alpinisme 2025 : Les Bleus bouclent leurs Mondiaux avec deux 2 m\u00e9dailles d&rsquo;or"},"content":{"rendered":"<h4 style=\"text-align: justify;\"><em>CHAMPIONNATS DU MONDE DE SKI ALPINISME 2025 &#8211; La moisson du ski alpinisme tricolore s&rsquo;est boucl\u00e9e en apoth\u00e9ose ce samedi. Les duos Xavier Gachet-William Bon Mardion et Axelle Gachet-Mollaret &#8211; C\u00e9lia Perillat-Pessey ont d\u00e9croch\u00e9 l&rsquo;or sur l&rsquo;\u00e9preuve par \u00e9quipes. En bonus, Samuel Equy et Math\u00e9o Jacquemoud sont parvenus \u00e0 accrocher du bronze.<\/em><\/h4>\n<ul style=\"text-align: justify;\">\n<li style=\"text-align: justify;\"><strong>\u00c0 ce sujet &#8211;<a href=\"https:\/\/dicodusport.fr\/blog\/?s=ski+alpinisme\"> Toute l&rsquo;actualit\u00e9 du ski alpinisme<\/a><\/strong><\/li>\n<\/ul>\n<p style=\"text-align: justify;\">La cinqui\u00e8me et derni\u00e8re journ\u00e9e de comp\u00e9tition des <strong>championnats du monde de ski alpinisme<\/strong> se sont d\u00e9roul\u00e9s ce samedi, \u00e0 <strong>Morgins<\/strong>. Comme lors des journ\u00e9es pr\u00e9c\u00e9dentes, o\u00f9 au moins une m\u00e9daille a \u00e9t\u00e9 d\u00e9croch\u00e9e \u00e0 chaque fois, les Tricolores avaient de grandes ambitions. Et c&rsquo;est v\u00e9ritablement un feu d&rsquo;artifice qui s&rsquo;est produit.<\/p>\n<h2 style=\"text-align: justify;\">Les Bleus monopolisent l&rsquo;or<\/h2>\n<p style=\"text-align: justify;\">Sur la course masculine, <strong>Xavier Gachet <\/strong>et <strong>William Bon Mardion<\/strong> ont fait parler leur exp\u00e9rience pour venir \u00e0 bout du bin\u00f4me suisse form\u00e9 par <strong>R\u00e9mi Bonnet <\/strong>et <strong>Aur\u00e9lien Gay<\/strong>. Sous l&rsquo;impulsion du premier cit\u00e9, les Suisses ont longtemps fait la course en t\u00eate, mais les Tricolores ont pris le dessus dans le finish pour rafler l&rsquo;or. D\u00e9j\u00e0 vainqueurs de la mythique Pierra Menta en 2024, le duo tricolore ajoute une ligne prestigieuse au palmar\u00e8s de leur fructueuse association. Deux autres \u00e9quipes fran\u00e7aises \u00e9taient en lice, ce qui a permis \u00e0<strong> Samuel Equy <\/strong>et <strong>Math\u00e9o Jacquemoud<\/strong> de se signaler en s&#8217;emparant du bronze. <strong>Anselme Damevin <\/strong>et <strong>Simon Bellabouvier<\/strong> ont de leur c\u00f4t\u00e9 pris une belle 5\u00e8me place.<\/p>\n<p style=\"text-align: justify;\">C\u00f4t\u00e9 f\u00e9minin, il n&rsquo;y aura pas eu de r\u00e9el suspense, tant <strong>Axelle Gachet-Mollaret <\/strong>et <strong>C\u00e9lia Perillat-Pessey<\/strong> ont fait la course en t\u00eate de bout en bout, pour prendre le dessus sur l&rsquo;Italie. Revancharde apr\u00e8s sa 2\u00e8me place sur l&rsquo;individuel, Gachet-Mollaret prend sa revanche en accrochant son deuxi\u00e8me titre cette semaine. Par ailleurs, <strong>Lorna et L\u00e9na Bonnel<\/strong> sont pass\u00e9es proche du podium, mais \u00e9chouent en 4\u00e8me position.<\/p>\n<p style=\"text-align: justify;\">Avec <strong>10 m\u00e9dailles, dont 4 titres, en 9 \u00e9preuves,<\/strong> l&rsquo;\u00c9quipe de France de ski alpinisme aura tenu son rang de force majeure de la discipline. De bon augure \u00e0 moins d&rsquo;un an des Jeux Olympiques.<\/p>\n<hr \/>\n<h3 style=\"text-align: justify;\">Le r\u00e9capitulatif des m\u00e9dailles fran\u00e7aises \u00e0 Morgins<\/h3>\n<p style=\"text-align: justify;\"><strong><em>Or (4) :<\/em> <\/strong>Emily Harrop et Thibault Anselmet (relais mixte), Axelle Gachet-Mollaret (vertical race), Xavier Gachet et William Bon Mardion (par \u00e9quipe), Axelle Gachet-Mollaret et C\u00e9lia Perillat-Pessey (par \u00e9quipe).<\/p>\n<p style=\"text-align: justify;\"><strong><em>Argent (3) :<\/em><\/strong> Emily Harrop (sprint), Axelle Gachet-Mollaret (individuel), Thibault Anselmet (sprint).<\/p>\n<p style=\"text-align: justify;\"><strong><em>Bronze (3) :<\/em> <\/strong>Emily Harrop (individuel), Xavier Gachet (individuel), Samuel Equy et Math\u00e9o Jacquemoud (par \u00e9quipe).<\/p>\n","protected":false},"excerpt":{"rendered":"<p>CHAMPIONNATS DU MONDE DE SKI ALPINISME 2025 &#8211; Les Bleus ont d\u00e9croch\u00e9 trois nouvelles m\u00e9dailles \u00e0 Morgins ce vendredi. Sur l&rsquo;individuel, Axelle Gachet-Mollaret et Emily Harrop ont pris les 2 et 3\u00e8mes places, tandis que Xavier Gachet s&rsquo;est par\u00e9 de bronze sur l&rsquo;\u00e9preuve masculine.<\/p>\n","protected":false},"author":55,"featured_media":562281,"comment_status":"open","ping_status":"closed","sticky":false,"template":"","format":"standard","meta":{"_acf_changed":false,"_daextam_enable_autolinks":"1","footnotes":""},"categories":[45757],"tags":[32415,22883,16878,38088,6844,4230,37994],"class_list":["post-562260","post","type-post","status-publish","format-standard","has-post-thumbnail","hentry","category-ski-alpinisme","tag-actu","tag-axelle-gachet-mollaret","tag-breve","tag-celia-perillat-pessey","tag-individuel","tag-ski-alpinisme","tag-xavier-gachet"],"acf":[],"yoast_head":"<!-- This site is optimized with the Yoast SEO Premium plugin v26.7 (Yoast SEO v26.7) - https:\/\/yoast.com\/wordpress\/plugins\/seo\/ -->\n<title>Mondiaux ski alpinisme 2025 : Les Bleus bouclent leurs Mondiaux avec deux 2 m\u00e9dailles d&#039;or<\/title>\n<meta name=\"description\" content=\"CHAMPIONNATS DU MONDE DE SKI ALPINISME 2025 - Sur l&#039;individuel, Axelle Gachet-Mollaret, Emily Harrop et Xavier Gachet ont fait podium.\" \/>\n<meta name=\"robots\" content=\"index, follow, max-snippet:-1, max-image-preview:large, max-video-preview:-1\" \/>\n<link rel=\"canonical\" href=\"https:\/\/dicodusport.fr\/blog\/mondiaux-ski-alpinisme-2025-les-bleus-bouclent-leurs-mondiaux-avec-deux-2-medailles-dor\/\" \/>\n<meta property=\"og:locale\" content=\"fr_FR\" \/>\n<meta property=\"og:type\" content=\"article\" \/>\n<meta property=\"og:title\" content=\"Mondiaux ski alpinisme 2025 : Les Bleus bouclent leurs Mondiaux avec deux 2 m\u00e9dailles d&#039;or\" \/>\n<meta property=\"og:description\" content=\"CHAMPIONNATS DU MONDE DE SKI ALPINISME 2025 - Sur l&#039;individuel, Axelle Gachet-Mollaret, Emily Harrop et Xavier Gachet ont fait podium.\" \/>\n<meta property=\"og:url\" content=\"https:\/\/dicodusport.fr\/blog\/mondiaux-ski-alpinisme-2025-les-bleus-bouclent-leurs-mondiaux-avec-deux-2-medailles-dor\/\" \/>\n<meta property=\"og:site_name\" content=\"Dicodusport\" \/>\n<meta property=\"article:publisher\" content=\"https:\/\/www.facebook.com\/dicodusport\" \/>\n<meta property=\"article:published_time\" content=\"2025-03-08T13:50:39+00:00\" \/>\n<meta property=\"article:modified_time\" content=\"2025-04-03T12:24:59+00:00\" \/>\n<meta property=\"og:image\" content=\"https:\/\/dicodusport.fr\/blog\/wp-content\/uploads\/2025\/03\/Mondiaux-ski-alpinisme-2025-Les-Bleus-terminent-leurs-mondiaux-par-deux-2-medailles-dor.png\" \/>\n\t<meta property=\"og:image:width\" content=\"1200\" \/>\n\t<meta property=\"og:image:height\" content=\"674\" \/>\n\t<meta property=\"og:image:type\" content=\"image\/png\" \/>\n<meta name=\"author\" content=\"Maxime Cazenave\" \/>\n<meta name=\"twitter:card\" content=\"summary_large_image\" \/>\n<meta name=\"twitter:title\" content=\"Mondiaux ski alpinisme 2025 : Les Bleus bouclent leurs Mondiaux avec deux 2 m\u00e9dailles d&#039;or\" \/>\n<meta name=\"twitter:creator\" content=\"@https:\/\/twitter.com\/Maxime_Caze\" \/>\n<meta name=\"twitter:site\" content=\"@dicodusport\" \/>\n<script type=\"application\/ld+json\" class=\"yoast-schema-graph\">{\"@context\":\"https:\/\/schema.org\",\"@graph\":[{\"@type\":\"NewsArticle\",\"@id\":\"https:\/\/dicodusport.fr\/blog\/mondiaux-ski-alpinisme-2025-les-bleus-bouclent-leurs-mondiaux-avec-deux-2-medailles-dor\/#article\",\"isPartOf\":{\"@id\":\"https:\/\/dicodusport.fr\/blog\/mondiaux-ski-alpinisme-2025-les-bleus-bouclent-leurs-mondiaux-avec-deux-2-medailles-dor\/\"},\"author\":{\"name\":\"Maxime Cazenave\",\"@id\":\"https:\/\/dicodusport.fr\/blog\/#\/schema\/person\/37def232098a7a5cbab3974a3690abb0\"},\"headline\":\"Mondiaux ski alpinisme 2025 : Les Bleus bouclent leurs Mondiaux avec deux 2 m\u00e9dailles d&rsquo;or\",\"datePublished\":\"2025-03-08T13:50:39+00:00\",\"dateModified\":\"2025-04-03T12:24:59+00:00\",\"mainEntityOfPage\":{\"@id\":\"https:\/\/dicodusport.fr\/blog\/mondiaux-ski-alpinisme-2025-les-bleus-bouclent-leurs-mondiaux-avec-deux-2-medailles-dor\/\"},\"wordCount\":452,\"commentCount\":0,\"publisher\":{\"@id\":\"https:\/\/dicodusport.fr\/blog\/#organization\"},\"image\":{\"@id\":\"https:\/\/dicodusport.fr\/blog\/mondiaux-ski-alpinisme-2025-les-bleus-bouclent-leurs-mondiaux-avec-deux-2-medailles-dor\/#primaryimage\"},\"thumbnailUrl\":\"https:\/\/dicodusport.fr\/blog\/wp-content\/uploads\/2025\/03\/Mondiaux-ski-alpinisme-2025-Les-Bleus-terminent-leurs-mondiaux-par-deux-2-medailles-dor.png\",\"keywords\":[\"actu\",\"Axelle Gachet-Mollaret\",\"br\u00e8ve\",\"C\u00e9lia Perillat-Pessey\",\"Individuel\",\"Ski alpinisme\",\"Xavier Gachet\"],\"articleSection\":[\"Ski alpinisme\"],\"inLanguage\":\"fr-FR\",\"potentialAction\":[{\"@type\":\"CommentAction\",\"name\":\"Comment\",\"target\":[\"https:\/\/dicodusport.fr\/blog\/mondiaux-ski-alpinisme-2025-les-bleus-bouclent-leurs-mondiaux-avec-deux-2-medailles-dor\/#respond\"]}],\"copyrightYear\":\"2025\",\"copyrightHolder\":{\"@id\":\"https:\/\/dicodusport.fr\/blog\/#organization\"}},{\"@type\":\"WebPage\",\"@id\":\"https:\/\/dicodusport.fr\/blog\/mondiaux-ski-alpinisme-2025-les-bleus-bouclent-leurs-mondiaux-avec-deux-2-medailles-dor\/\",\"url\":\"https:\/\/dicodusport.fr\/blog\/mondiaux-ski-alpinisme-2025-les-bleus-bouclent-leurs-mondiaux-avec-deux-2-medailles-dor\/\",\"name\":\"Mondiaux ski alpinisme 2025 : Les Bleus bouclent leurs Mondiaux avec deux 2 m\u00e9dailles d'or\",\"isPartOf\":{\"@id\":\"https:\/\/dicodusport.fr\/blog\/#website\"},\"primaryImageOfPage\":{\"@id\":\"https:\/\/dicodusport.fr\/blog\/mondiaux-ski-alpinisme-2025-les-bleus-bouclent-leurs-mondiaux-avec-deux-2-medailles-dor\/#primaryimage\"},\"image\":{\"@id\":\"https:\/\/dicodusport.fr\/blog\/mondiaux-ski-alpinisme-2025-les-bleus-bouclent-leurs-mondiaux-avec-deux-2-medailles-dor\/#primaryimage\"},\"thumbnailUrl\":\"https:\/\/dicodusport.fr\/blog\/wp-content\/uploads\/2025\/03\/Mondiaux-ski-alpinisme-2025-Les-Bleus-terminent-leurs-mondiaux-par-deux-2-medailles-dor.png\",\"datePublished\":\"2025-03-08T13:50:39+00:00\",\"dateModified\":\"2025-04-03T12:24:59+00:00\",\"description\":\"CHAMPIONNATS DU MONDE DE SKI ALPINISME 2025 - Sur l'individuel, Axelle Gachet-Mollaret, Emily Harrop et Xavier Gachet ont fait podium.\",\"breadcrumb\":{\"@id\":\"https:\/\/dicodusport.fr\/blog\/mondiaux-ski-alpinisme-2025-les-bleus-bouclent-leurs-mondiaux-avec-deux-2-medailles-dor\/#breadcrumb\"},\"inLanguage\":\"fr-FR\",\"potentialAction\":[{\"@type\":\"ReadAction\",\"target\":[\"https:\/\/dicodusport.fr\/blog\/mondiaux-ski-alpinisme-2025-les-bleus-bouclent-leurs-mondiaux-avec-deux-2-medailles-dor\/\"]}]},{\"@type\":\"ImageObject\",\"inLanguage\":\"fr-FR\",\"@id\":\"https:\/\/dicodusport.fr\/blog\/mondiaux-ski-alpinisme-2025-les-bleus-bouclent-leurs-mondiaux-avec-deux-2-medailles-dor\/#primaryimage\",\"url\":\"https:\/\/dicodusport.fr\/blog\/wp-content\/uploads\/2025\/03\/Mondiaux-ski-alpinisme-2025-Les-Bleus-terminent-leurs-mondiaux-par-deux-2-medailles-dor.png\",\"contentUrl\":\"https:\/\/dicodusport.fr\/blog\/wp-content\/uploads\/2025\/03\/Mondiaux-ski-alpinisme-2025-Les-Bleus-terminent-leurs-mondiaux-par-deux-2-medailles-dor.png\",\"width\":1200,\"height\":674,\"caption\":\"Mondiaux ski alpinisme 2025 : Les Bleus terminent leurs mondiaux par deux 2 m\u00e9dailles d'or\"},{\"@type\":\"BreadcrumbList\",\"@id\":\"https:\/\/dicodusport.fr\/blog\/mondiaux-ski-alpinisme-2025-les-bleus-bouclent-leurs-mondiaux-avec-deux-2-medailles-dor\/#breadcrumb\",\"itemListElement\":[{\"@type\":\"ListItem\",\"position\":1,\"name\":\"Accueil\",\"item\":\"https:\/\/dicodusport.fr\/blog\/\"},{\"@type\":\"ListItem\",\"position\":2,\"name\":\"Mondiaux ski alpinisme 2025 : Les Bleus bouclent leurs Mondiaux avec deux 2 m\u00e9dailles d&rsquo;or\"}]},{\"@type\":\"WebSite\",\"@id\":\"https:\/\/dicodusport.fr\/blog\/#website\",\"url\":\"https:\/\/dicodusport.fr\/blog\/\",\"name\":\"Dicodusport\",\"description\":\"L&#039;encyclop\u00e9die de l&#039;actualit\u00e9 sportive\",\"publisher\":{\"@id\":\"https:\/\/dicodusport.fr\/blog\/#organization\"},\"potentialAction\":[{\"@type\":\"SearchAction\",\"target\":{\"@type\":\"EntryPoint\",\"urlTemplate\":\"https:\/\/dicodusport.fr\/blog\/?s={search_term_string}\"},\"query-input\":{\"@type\":\"PropertyValueSpecification\",\"valueRequired\":true,\"valueName\":\"search_term_string\"}}],\"inLanguage\":\"fr-FR\"},{\"@type\":\"NewsMediaOrganization\",\"@id\":\"https:\/\/dicodusport.fr\/blog\/#organization\",\"name\":\"Dicodusport\",\"url\":\"https:\/\/dicodusport.fr\/blog\/\",\"logo\":{\"@type\":\"ImageObject\",\"inLanguage\":\"fr-FR\",\"@id\":\"https:\/\/dicodusport.fr\/blog\/#\/schema\/logo\/image\/\",\"url\":\"https:\/\/dicodusport.fr\/blog\/wp-content\/uploads\/2020\/06\/cropped-LOGO-DICODUSPORT-2020-SANS-FOND-SANS-TEXTE.png\",\"contentUrl\":\"https:\/\/dicodusport.fr\/blog\/wp-content\/uploads\/2020\/06\/cropped-LOGO-DICODUSPORT-2020-SANS-FOND-SANS-TEXTE.png\",\"width\":512,\"height\":512,\"caption\":\"Dicodusport\"},\"image\":{\"@id\":\"https:\/\/dicodusport.fr\/blog\/#\/schema\/logo\/image\/\"},\"sameAs\":[\"https:\/\/www.facebook.com\/dicodusport\",\"https:\/\/x.com\/dicodusport\",\"https:\/\/www.instagram.com\/dicodusport\/\",\"https:\/\/www.youtube.com\/channel\/UC7V2KZ5sd3htJivAbA4ZG3w\"],\"description\":\"Dicodusport est l'encyclop\u00e9die de l'actualit\u00e9 sportive.\",\"email\":\"bonjour@dicodusport.fr\",\"legalName\":\"DICODUSPORT\",\"foundingDate\":\"2018-01-14\",\"vatID\":\"FR71834470973\",\"taxID\":\"83447097300043\",\"numberOfEmployees\":{\"@type\":\"QuantitativeValue\",\"minValue\":\"1\",\"maxValue\":\"10\"}},{\"@type\":\"Person\",\"@id\":\"https:\/\/dicodusport.fr\/blog\/#\/schema\/person\/37def232098a7a5cbab3974a3690abb0\",\"name\":\"Maxime Cazenave\",\"image\":{\"@type\":\"ImageObject\",\"inLanguage\":\"fr-FR\",\"@id\":\"https:\/\/dicodusport.fr\/blog\/#\/schema\/person\/image\/\",\"url\":\"https:\/\/dicodusport.fr\/blog\/wp-content\/uploads\/2021\/05\/Maxime-Cazenave-150x150.jpg\",\"contentUrl\":\"https:\/\/dicodusport.fr\/blog\/wp-content\/uploads\/2021\/05\/Maxime-Cazenave-150x150.jpg\",\"caption\":\"Maxime Cazenave\"},\"description\":\"Journaliste\/R\u00e9dacteur depuis 2012 - Berc\u00e9 par l\u2019amour des Girondins de Bordeaux, les \u00e9checs de Christophe Moreau sur le Tour de France sous l'\u00e8re Lance Armstrong et le fade-away l\u00e9tal de Dirk Nowitzki, ma passion d\u00e9vorante pour le sport a toujours \u00e9t\u00e9 un pan incontournable de ma vie. Transmettre ma passion \u00e0 l\u2019\u00e9crit a \u00e9t\u00e9 une transition naturelle. Suiveur assidu de basket et de hockey sur glace, je garde toujours un peu de place pour suivre le cyclisme, le football et le maximum de performances fran\u00e7aises.\",\"sameAs\":[\"https:\/\/x.com\/https:\/\/twitter.com\/Maxime_Caze\"],\"url\":\"https:\/\/dicodusport.fr\/blog\/author\/maximec\/\"}]}<\/script>\n<!-- \/ Yoast SEO Premium plugin. -->","yoast_head_json":{"title":"Mondiaux ski alpinisme 2025 : Les Bleus bouclent leurs Mondiaux avec deux 2 m\u00e9dailles d'or","description":"CHAMPIONNATS DU MONDE DE SKI ALPINISME 2025 - Sur l'individuel, Axelle Gachet-Mollaret, Emily Harrop et Xavier Gachet ont fait podium.","robots":{"index":"index","follow":"follow","max-snippet":"max-snippet:-1","max-image-preview":"max-image-preview:large","max-video-preview":"max-video-preview:-1"},"canonical":"https:\/\/dicodusport.fr\/blog\/mondiaux-ski-alpinisme-2025-les-bleus-bouclent-leurs-mondiaux-avec-deux-2-medailles-dor\/","og_locale":"fr_FR","og_type":"article","og_title":"Mondiaux ski alpinisme 2025 : Les Bleus bouclent leurs Mondiaux avec deux 2 m\u00e9dailles d'or","og_description":"CHAMPIONNATS DU MONDE DE SKI ALPINISME 2025 - Sur l'individuel, Axelle Gachet-Mollaret, Emily Harrop et Xavier Gachet ont fait podium.","og_url":"https:\/\/dicodusport.fr\/blog\/mondiaux-ski-alpinisme-2025-les-bleus-bouclent-leurs-mondiaux-avec-deux-2-medailles-dor\/","og_site_name":"Dicodusport","article_publisher":"https:\/\/www.facebook.com\/dicodusport","article_published_time":"2025-03-08T13:50:39+00:00","article_modified_time":"2025-04-03T12:24:59+00:00","og_image":[{"width":1200,"height":674,"url":"https:\/\/dicodusport.fr\/blog\/wp-content\/uploads\/2025\/03\/Mondiaux-ski-alpinisme-2025-Les-Bleus-terminent-leurs-mondiaux-par-deux-2-medailles-dor.png","type":"image\/png"}],"author":"Maxime Cazenave","twitter_card":"summary_large_image","twitter_title":"Mondiaux ski alpinisme 2025 : Les Bleus bouclent leurs Mondiaux avec deux 2 m\u00e9dailles d'or","twitter_creator":"@https:\/\/twitter.com\/Maxime_Caze","twitter_site":"@dicodusport","schema":{"@context":"https:\/\/schema.org","@graph":[{"@type":"NewsArticle","@id":"https:\/\/dicodusport.fr\/blog\/mondiaux-ski-alpinisme-2025-les-bleus-bouclent-leurs-mondiaux-avec-deux-2-medailles-dor\/#article","isPartOf":{"@id":"https:\/\/dicodusport.fr\/blog\/mondiaux-ski-alpinisme-2025-les-bleus-bouclent-leurs-mondiaux-avec-deux-2-medailles-dor\/"},"author":{"name":"Maxime Cazenave","@id":"https:\/\/dicodusport.fr\/blog\/#\/schema\/person\/37def232098a7a5cbab3974a3690abb0"},"headline":"Mondiaux ski alpinisme 2025 : Les Bleus bouclent leurs Mondiaux avec deux 2 m\u00e9dailles d&rsquo;or","datePublished":"2025-03-08T13:50:39+00:00","dateModified":"2025-04-03T12:24:59+00:00","mainEntityOfPage":{"@id":"https:\/\/dicodusport.fr\/blog\/mondiaux-ski-alpinisme-2025-les-bleus-bouclent-leurs-mondiaux-avec-deux-2-medailles-dor\/"},"wordCount":452,"commentCount":0,"publisher":{"@id":"https:\/\/dicodusport.fr\/blog\/#organization"},"image":{"@id":"https:\/\/dicodusport.fr\/blog\/mondiaux-ski-alpinisme-2025-les-bleus-bouclent-leurs-mondiaux-avec-deux-2-medailles-dor\/#primaryimage"},"thumbnailUrl":"https:\/\/dicodusport.fr\/blog\/wp-content\/uploads\/2025\/03\/Mondiaux-ski-alpinisme-2025-Les-Bleus-terminent-leurs-mondiaux-par-deux-2-medailles-dor.png","keywords":["actu","Axelle Gachet-Mollaret","br\u00e8ve","C\u00e9lia Perillat-Pessey","Individuel","Ski alpinisme","Xavier Gachet"],"articleSection":["Ski alpinisme"],"inLanguage":"fr-FR","potentialAction":[{"@type":"CommentAction","name":"Comment","target":["https:\/\/dicodusport.fr\/blog\/mondiaux-ski-alpinisme-2025-les-bleus-bouclent-leurs-mondiaux-avec-deux-2-medailles-dor\/#respond"]}],"copyrightYear":"2025","copyrightHolder":{"@id":"https:\/\/dicodusport.fr\/blog\/#organization"}},{"@type":"WebPage","@id":"https:\/\/dicodusport.fr\/blog\/mondiaux-ski-alpinisme-2025-les-bleus-bouclent-leurs-mondiaux-avec-deux-2-medailles-dor\/","url":"https:\/\/dicodusport.fr\/blog\/mondiaux-ski-alpinisme-2025-les-bleus-bouclent-leurs-mondiaux-avec-deux-2-medailles-dor\/","name":"Mondiaux ski alpinisme 2025 : Les Bleus bouclent leurs Mondiaux avec deux 2 m\u00e9dailles d'or","isPartOf":{"@id":"https:\/\/dicodusport.fr\/blog\/#website"},"primaryImageOfPage":{"@id":"https:\/\/dicodusport.fr\/blog\/mondiaux-ski-alpinisme-2025-les-bleus-bouclent-leurs-mondiaux-avec-deux-2-medailles-dor\/#primaryimage"},"image":{"@id":"https:\/\/dicodusport.fr\/blog\/mondiaux-ski-alpinisme-2025-les-bleus-bouclent-leurs-mondiaux-avec-deux-2-medailles-dor\/#primaryimage"},"thumbnailUrl":"https:\/\/dicodusport.fr\/blog\/wp-content\/uploads\/2025\/03\/Mondiaux-ski-alpinisme-2025-Les-Bleus-terminent-leurs-mondiaux-par-deux-2-medailles-dor.png","datePublished":"2025-03-08T13:50:39+00:00","dateModified":"2025-04-03T12:24:59+00:00","description":"CHAMPIONNATS DU MONDE DE SKI ALPINISME 2025 - Sur l'individuel, Axelle Gachet-Mollaret, Emily Harrop et Xavier Gachet ont fait podium.","breadcrumb":{"@id":"https:\/\/dicodusport.fr\/blog\/mondiaux-ski-alpinisme-2025-les-bleus-bouclent-leurs-mondiaux-avec-deux-2-medailles-dor\/#breadcrumb"},"inLanguage":"fr-FR","potentialAction":[{"@type":"ReadAction","target":["https:\/\/dicodusport.fr\/blog\/mondiaux-ski-alpinisme-2025-les-bleus-bouclent-leurs-mondiaux-avec-deux-2-medailles-dor\/"]}]},{"@type":"ImageObject","inLanguage":"fr-FR","@id":"https:\/\/dicodusport.fr\/blog\/mondiaux-ski-alpinisme-2025-les-bleus-bouclent-leurs-mondiaux-avec-deux-2-medailles-dor\/#primaryimage","url":"https:\/\/dicodusport.fr\/blog\/wp-content\/uploads\/2025\/03\/Mondiaux-ski-alpinisme-2025-Les-Bleus-terminent-leurs-mondiaux-par-deux-2-medailles-dor.png","contentUrl":"https:\/\/dicodusport.fr\/blog\/wp-content\/uploads\/2025\/03\/Mondiaux-ski-alpinisme-2025-Les-Bleus-terminent-leurs-mondiaux-par-deux-2-medailles-dor.png","width":1200,"height":674,"caption":"Mondiaux ski alpinisme 2025 : Les Bleus terminent leurs mondiaux par deux 2 m\u00e9dailles d'or"},{"@type":"BreadcrumbList","@id":"https:\/\/dicodusport.fr\/blog\/mondiaux-ski-alpinisme-2025-les-bleus-bouclent-leurs-mondiaux-avec-deux-2-medailles-dor\/#breadcrumb","itemListElement":[{"@type":"ListItem","position":1,"name":"Accueil","item":"https:\/\/dicodusport.fr\/blog\/"},{"@type":"ListItem","position":2,"name":"Mondiaux ski alpinisme 2025 : Les Bleus bouclent leurs Mondiaux avec deux 2 m\u00e9dailles d&rsquo;or"}]},{"@type":"WebSite","@id":"https:\/\/dicodusport.fr\/blog\/#website","url":"https:\/\/dicodusport.fr\/blog\/","name":"Dicodusport","description":"L&#039;encyclop\u00e9die de l&#039;actualit\u00e9 sportive","publisher":{"@id":"https:\/\/dicodusport.fr\/blog\/#organization"},"potentialAction":[{"@type":"SearchAction","target":{"@type":"EntryPoint","urlTemplate":"https:\/\/dicodusport.fr\/blog\/?s={search_term_string}"},"query-input":{"@type":"PropertyValueSpecification","valueRequired":true,"valueName":"search_term_string"}}],"inLanguage":"fr-FR"},{"@type":"NewsMediaOrganization","@id":"https:\/\/dicodusport.fr\/blog\/#organization","name":"Dicodusport","url":"https:\/\/dicodusport.fr\/blog\/","logo":{"@type":"ImageObject","inLanguage":"fr-FR","@id":"https:\/\/dicodusport.fr\/blog\/#\/schema\/logo\/image\/","url":"https:\/\/dicodusport.fr\/blog\/wp-content\/uploads\/2020\/06\/cropped-LOGO-DICODUSPORT-2020-SANS-FOND-SANS-TEXTE.png","contentUrl":"https:\/\/dicodusport.fr\/blog\/wp-content\/uploads\/2020\/06\/cropped-LOGO-DICODUSPORT-2020-SANS-FOND-SANS-TEXTE.png","width":512,"height":512,"caption":"Dicodusport"},"image":{"@id":"https:\/\/dicodusport.fr\/blog\/#\/schema\/logo\/image\/"},"sameAs":["https:\/\/www.facebook.com\/dicodusport","https:\/\/x.com\/dicodusport","https:\/\/www.instagram.com\/dicodusport\/","https:\/\/www.youtube.com\/channel\/UC7V2KZ5sd3htJivAbA4ZG3w"],"description":"Dicodusport est l'encyclop\u00e9die de l'actualit\u00e9 sportive.","email":"bonjour@dicodusport.fr","legalName":"DICODUSPORT","foundingDate":"2018-01-14","vatID":"FR71834470973","taxID":"83447097300043","numberOfEmployees":{"@type":"QuantitativeValue","minValue":"1","maxValue":"10"}},{"@type":"Person","@id":"https:\/\/dicodusport.fr\/blog\/#\/schema\/person\/37def232098a7a5cbab3974a3690abb0","name":"Maxime Cazenave","image":{"@type":"ImageObject","inLanguage":"fr-FR","@id":"https:\/\/dicodusport.fr\/blog\/#\/schema\/person\/image\/","url":"https:\/\/dicodusport.fr\/blog\/wp-content\/uploads\/2021\/05\/Maxime-Cazenave-150x150.jpg","contentUrl":"https:\/\/dicodusport.fr\/blog\/wp-content\/uploads\/2021\/05\/Maxime-Cazenave-150x150.jpg","caption":"Maxime Cazenave"},"description":"Journaliste\/R\u00e9dacteur depuis 2012 - Berc\u00e9 par l\u2019amour des Girondins de Bordeaux, les \u00e9checs de Christophe Moreau sur le Tour de France sous l'\u00e8re Lance Armstrong et le fade-away l\u00e9tal de Dirk Nowitzki, ma passion d\u00e9vorante pour le sport a toujours \u00e9t\u00e9 un pan incontournable de ma vie. Transmettre ma passion \u00e0 l\u2019\u00e9crit a \u00e9t\u00e9 une transition naturelle. Suiveur assidu de basket et de hockey sur glace, je garde toujours un peu de place pour suivre le cyclisme, le football et le maximum de performances fran\u00e7aises.","sameAs":["https:\/\/x.com\/https:\/\/twitter.com\/Maxime_Caze"],"url":"https:\/\/dicodusport.fr\/blog\/author\/maximec\/"}]}},"_links":{"self":[{"href":"https:\/\/dicodusport.fr\/blog\/wp-json\/wp\/v2\/posts\/562260","targetHints":{"allow":["GET"]}}],"collection":[{"href":"https:\/\/dicodusport.fr\/blog\/wp-json\/wp\/v2\/posts"}],"about":[{"href":"https:\/\/dicodusport.fr\/blog\/wp-json\/wp\/v2\/types\/post"}],"author":[{"embeddable":true,"href":"https:\/\/dicodusport.fr\/blog\/wp-json\/wp\/v2\/users\/55"}],"replies":[{"embeddable":true,"href":"https:\/\/dicodusport.fr\/blog\/wp-json\/wp\/v2\/comments?post=562260"}],"version-history":[{"count":6,"href":"https:\/\/dicodusport.fr\/blog\/wp-json\/wp\/v2\/posts\/562260\/revisions"}],"predecessor-version":[{"id":562300,"href":"https:\/\/dicodusport.fr\/blog\/wp-json\/wp\/v2\/posts\/562260\/revisions\/562300"}],"wp:featuredmedia":[{"embeddable":true,"href":"https:\/\/dicodusport.fr\/blog\/wp-json\/wp\/v2\/media\/562281"}],"wp:attachment":[{"href":"https:\/\/dicodusport.fr\/blog\/wp-json\/wp\/v2\/media?parent=562260"}],"wp:term":[{"taxonomy":"category","embeddable":true,"href":"https:\/\/dicodusport.fr\/blog\/wp-json\/wp\/v2\/categories?post=562260"},{"taxonomy":"post_tag","embeddable":true,"href":"https:\/\/dicodusport.fr\/blog\/wp-json\/wp\/v2\/tags?post=562260"}],"curies":[{"name":"wp","href":"https:\/\/api.w.org\/{rel}","templated":true}]}}