{"id":562355,"date":"2025-03-08T17:41:20","date_gmt":"2025-03-08T16:41:20","guid":{"rendered":"https:\/\/dicodusport.fr\/blog\/?p=562355&#038;preview=true&#038;preview_id=562355"},"modified":"2025-03-08T18:01:39","modified_gmt":"2025-03-08T17:01:39","slug":"grand-prix-criquielion-2025-victoire-au-sprint-de-matteo-moschetti","status":"publish","type":"post","link":"https:\/\/dicodusport.fr\/blog\/grand-prix-criquielion-2025-victoire-au-sprint-de-matteo-moschetti\/","title":{"rendered":"Grand Prix Criquielion 2025 : Victoire au sprint de Matteo Moschetti"},"content":{"rendered":"<h4 style=\"text-align: justify;\"><em>GRAND PRIX CRIQUIELION 2025 &#8211; La semi-classique belge est revenue \u00e0 l&rsquo;Italien Matteo Moschetti (Q36.5 Pro Cycling Team) qui devance le Fran\u00e7ais Hugo Hofstetter (Israel Premier Tech) lors d&rsquo;un sprint massif.<\/em><\/h4>\n<p style=\"text-align: justify;\">Tout d&rsquo;abord, ce sont quatre coureurs qui ont ouvert la route d\u00e8s les premiers kilom\u00e8tres : les Fran\u00e7ais <strong>Nicola Marcerou<\/strong> (Team TotalEnergies) et <strong>Simon Baran<\/strong> (Velo Club Villefranche Beaujolais), l&rsquo;Espagnol <strong>Miguel Angel Fernandez<\/strong> (Equipo Kern Pharma) et le Lituanien <strong>Aivaras Mikutis<\/strong> (Tudor Pro Cycling Team). Le quator a compt\u00e9 jusqu&rsquo;\u00e0 4 minutes d&rsquo;avance. Derri\u00e8re, les \u00e9quipes XDS Astana et Picnic PostNL ont contr\u00f4l\u00e9 l&rsquo;\u00e9cart pour leurs leaders respectifs <strong>Aaron Gate<\/strong> et <strong>Pavel Bittner<\/strong>.<\/p>\n<p style=\"text-align: justify;\">Ensuite, on a assist\u00e9 \u00e0 de nombreuses tentatives d&rsquo;anticipation d&rsquo;un sprint massif. <strong>Hugo Hofstetter<\/strong> (Israel Premier Tech) a essay\u00e9 en premier, puis, ce fut au tour de <strong>Lionel Taminiaux<\/strong> (Lotto) et d&rsquo;<strong>Alexys Brunel<\/strong> (Team TotalEnergies) de fausser compagnie au peloton \u00e0 40 km de l&rsquo;arriv\u00e9e. Les \u00e9chapp\u00e9s ont progressivement \u00e9t\u00e9 repris par les grappes de contre, \u00e0 l&rsquo;exception de <strong>Mikutis<\/strong>, encore pr\u00e9sent \u00e0 10 km de l&rsquo;arriv\u00e9e. Les trois pr\u00e9cit\u00e9s se retrouvaient dans un groupe de 7 comptant aussi <strong>Luca Van Boven<\/strong> (Intermarch\u00e9 Wanty) et<strong> Piet Allegaert<\/strong> (Cofidis) notamment.<\/p>\n<h2 style=\"text-align: justify;\">In\u00e9vitable sprint massif<\/h2>\n<p style=\"text-align: justify;\">Cependant, le peloton est revenu sur les attaquants \u00e0 7 km de l&rsquo;arriv\u00e9e. Moment choisi par <strong>Hartthijs de Vries<\/strong> (Unibet Tietema Rockets) pour tenter un contre en facteur, sans succ\u00e8s. La victoire allait donc sans surprise se jouer au sprint et la formation Q36.5 a impressionn\u00e9 lors de celui-ci. <strong>Matteo Moschetti<\/strong> a lev\u00e9 les bras pour sa onzi\u00e8me victoire professionnelle et le v\u00e9t\u00e9ran <strong>Giacomo Nizzolo<\/strong> s&rsquo;est class\u00e9 troisi\u00e8me. Entre les deux Transalpins, l&rsquo;Alsacien<strong> Hugo Hofstetter<\/strong> (Israel Premier Tech) prend une belle deuxi\u00e8me place, tandis que le Belge <strong>Milan Fretin<\/strong> (Cofidis), cit\u00e9 comme favori, ne terminait finalement que quatri\u00e8me. En tous les cas, une belle journ\u00e9e pour la formation suisse apr\u00e8s le beau r\u00e9sultat de <strong>Thomas Pidcock<\/strong> sur les Strade Bianche.<\/p>\n<blockquote class=\"twitter-tweet\">\n<p dir=\"ltr\" lang=\"fr\">Nouvelle belle journ\u00e9e pour Q36.5 : Matteo Moschetti s&rsquo;impose sur le Grand Prix Criquielion ! 7e succ\u00e8s de l&rsquo;ann\u00e9e pour l&rsquo;\u00e9quipe suisse, le 2e pour l&rsquo;Italien (28 ans). Il devance le Fran\u00e7ais Hugo Hofstetter (Isra\u00ebl-Premier Tech) et son co\u00e9quipier Giacomo Nizzolo. <a href=\"https:\/\/twitter.com\/hashtag\/GPCriquielion?src=hash&amp;ref_src=twsrc%5Etfw\">#GPCriquielion<\/a> <a href=\"https:\/\/t.co\/TIfhaNUC4i\">pic.twitter.com\/TIfhaNUC4i<\/a><\/p>\n<p>\u2014 Le Gruppetto (@LeGruppetto) <a href=\"https:\/\/twitter.com\/LeGruppetto\/status\/1898411324255748226?ref_src=twsrc%5Etfw\">March 8, 2025<\/a><\/p><\/blockquote>\n<p style=\"text-align: justify;\"><script async src=\"https:\/\/platform.twitter.com\/widgets.js\" charset=\"utf-8\"><\/script><\/p>\n<ul style=\"text-align: justify;\">\n<li><strong>\u00c0 ce sujet &#8211;\u00a0<a href=\"https:\/\/dicodusport.fr\/blog\/grand-prix-criquielion-2025-classement-et-resultats\/\">Grand Prix Criquielion 2025 : Classement et r\u00e9sultats<\/a><\/strong><\/li>\n<\/ul>\n<div class=\"mvp-author-info-wrap left relative\" style=\"text-align: justify;\"><\/div>\n","protected":false},"excerpt":{"rendered":"<p>GRAND PRIX CRIQUIELION 2025 &#8211; La semi-classique belge est revenue \u00e0 l&rsquo;Italien Matteo Moschetti (Q36.5 Pro Cycling Team) qui devance le Fran\u00e7ais Hugo Hofstetter (Israel Premier Tech) lors d&rsquo;un sprint massif.<\/p>\n","protected":false},"author":92,"featured_media":562378,"comment_status":"open","ping_status":"closed","sticky":false,"template":"","format":"standard","meta":{"_acf_changed":false,"_daextam_enable_autolinks":"1","footnotes":""},"categories":[46994],"tags":[3119,16878],"class_list":["post-562355","post","type-post","status-publish","format-standard","has-post-thumbnail","hentry","category-cyclisme-sur-route","tag-actualite-cyclisme","tag-breve"],"acf":[],"yoast_head":"<!-- This site is optimized with the Yoast SEO Premium plugin v26.7 (Yoast SEO v26.7) - https:\/\/yoast.com\/wordpress\/plugins\/seo\/ -->\n<title>Grand Prix Criquielion 2025 : Victoire au sprint de Matteo Moschetti<\/title>\n<meta name=\"description\" content=\"GRAND PRIX CRIQUIELION 2025 - La semi-classique belge est revenue \u00e0 l&#039;Italien Matteo Moschetti (Q36.5 Pro Cycling Team) devant Hugo Hofstetter\" \/>\n<meta name=\"robots\" content=\"index, follow, max-snippet:-1, max-image-preview:large, max-video-preview:-1\" \/>\n<link rel=\"canonical\" href=\"https:\/\/dicodusport.fr\/blog\/grand-prix-criquielion-2025-victoire-au-sprint-de-matteo-moschetti\/\" \/>\n<meta property=\"og:locale\" content=\"fr_FR\" \/>\n<meta property=\"og:type\" content=\"article\" \/>\n<meta property=\"og:title\" content=\"Grand Prix Criquielion 2025 : Victoire au sprint de Matteo Moschetti\" \/>\n<meta property=\"og:description\" content=\"GRAND PRIX CRIQUIELION 2025 - La semi-classique belge est revenue \u00e0 l&#039;Italien Matteo Moschetti (Q36.5 Pro Cycling Team) devant Hugo Hofstetter\" \/>\n<meta property=\"og:url\" content=\"https:\/\/dicodusport.fr\/blog\/grand-prix-criquielion-2025-victoire-au-sprint-de-matteo-moschetti\/\" \/>\n<meta property=\"og:site_name\" content=\"Dicodusport\" \/>\n<meta property=\"article:publisher\" content=\"https:\/\/www.facebook.com\/dicodusport\" \/>\n<meta property=\"article:published_time\" content=\"2025-03-08T16:41:20+00:00\" \/>\n<meta property=\"article:modified_time\" content=\"2025-03-08T17:01:39+00:00\" \/>\n<meta property=\"og:image\" content=\"https:\/\/dicodusport.fr\/blog\/wp-content\/uploads\/2025\/03\/Grand-Prix-Criquielion-2025-Victoire-au-sprint-de-Matteo-Moschetti.png\" \/>\n\t<meta property=\"og:image:width\" content=\"1200\" \/>\n\t<meta property=\"og:image:height\" content=\"674\" \/>\n\t<meta property=\"og:image:type\" content=\"image\/png\" \/>\n<meta name=\"author\" content=\"Olivier Dobiezynski\" \/>\n<meta name=\"twitter:card\" content=\"summary_large_image\" \/>\n<meta name=\"twitter:title\" content=\"Grand Prix Criquielion 2025 : Victoire au sprint de Matteo Moschetti\" \/>\n<meta name=\"twitter:creator\" content=\"@https:\/\/x.com\/Olivier_Matros\" \/>\n<meta name=\"twitter:site\" content=\"@dicodusport\" \/>\n<script type=\"application\/ld+json\" class=\"yoast-schema-graph\">{\"@context\":\"https:\/\/schema.org\",\"@graph\":[{\"@type\":\"NewsArticle\",\"@id\":\"https:\/\/dicodusport.fr\/blog\/grand-prix-criquielion-2025-victoire-au-sprint-de-matteo-moschetti\/#article\",\"isPartOf\":{\"@id\":\"https:\/\/dicodusport.fr\/blog\/grand-prix-criquielion-2025-victoire-au-sprint-de-matteo-moschetti\/\"},\"author\":{\"name\":\"Olivier Dobiezynski\",\"@id\":\"https:\/\/dicodusport.fr\/blog\/#\/schema\/person\/fe500246414ca17ddf0c0312d7a792cc\"},\"headline\":\"Grand Prix Criquielion 2025 : Victoire au sprint de Matteo Moschetti\",\"datePublished\":\"2025-03-08T16:41:20+00:00\",\"dateModified\":\"2025-03-08T17:01:39+00:00\",\"mainEntityOfPage\":{\"@id\":\"https:\/\/dicodusport.fr\/blog\/grand-prix-criquielion-2025-victoire-au-sprint-de-matteo-moschetti\/\"},\"wordCount\":419,\"commentCount\":0,\"publisher\":{\"@id\":\"https:\/\/dicodusport.fr\/blog\/#organization\"},\"image\":{\"@id\":\"https:\/\/dicodusport.fr\/blog\/grand-prix-criquielion-2025-victoire-au-sprint-de-matteo-moschetti\/#primaryimage\"},\"thumbnailUrl\":\"https:\/\/dicodusport.fr\/blog\/wp-content\/uploads\/2025\/03\/Grand-Prix-Criquielion-2025-Victoire-au-sprint-de-Matteo-Moschetti.png\",\"keywords\":[\"Actualit\u00e9 Cyclisme\",\"br\u00e8ve\"],\"articleSection\":[\"Cyclisme sur route\"],\"inLanguage\":\"fr-FR\",\"potentialAction\":[{\"@type\":\"CommentAction\",\"name\":\"Comment\",\"target\":[\"https:\/\/dicodusport.fr\/blog\/grand-prix-criquielion-2025-victoire-au-sprint-de-matteo-moschetti\/#respond\"]}],\"copyrightYear\":\"2025\",\"copyrightHolder\":{\"@id\":\"https:\/\/dicodusport.fr\/blog\/#organization\"}},{\"@type\":\"WebPage\",\"@id\":\"https:\/\/dicodusport.fr\/blog\/grand-prix-criquielion-2025-victoire-au-sprint-de-matteo-moschetti\/\",\"url\":\"https:\/\/dicodusport.fr\/blog\/grand-prix-criquielion-2025-victoire-au-sprint-de-matteo-moschetti\/\",\"name\":\"Grand Prix Criquielion 2025 : Victoire au sprint de Matteo Moschetti\",\"isPartOf\":{\"@id\":\"https:\/\/dicodusport.fr\/blog\/#website\"},\"primaryImageOfPage\":{\"@id\":\"https:\/\/dicodusport.fr\/blog\/grand-prix-criquielion-2025-victoire-au-sprint-de-matteo-moschetti\/#primaryimage\"},\"image\":{\"@id\":\"https:\/\/dicodusport.fr\/blog\/grand-prix-criquielion-2025-victoire-au-sprint-de-matteo-moschetti\/#primaryimage\"},\"thumbnailUrl\":\"https:\/\/dicodusport.fr\/blog\/wp-content\/uploads\/2025\/03\/Grand-Prix-Criquielion-2025-Victoire-au-sprint-de-Matteo-Moschetti.png\",\"datePublished\":\"2025-03-08T16:41:20+00:00\",\"dateModified\":\"2025-03-08T17:01:39+00:00\",\"description\":\"GRAND PRIX CRIQUIELION 2025 - La semi-classique belge est revenue \u00e0 l'Italien Matteo Moschetti (Q36.5 Pro Cycling Team) devant Hugo Hofstetter\",\"breadcrumb\":{\"@id\":\"https:\/\/dicodusport.fr\/blog\/grand-prix-criquielion-2025-victoire-au-sprint-de-matteo-moschetti\/#breadcrumb\"},\"inLanguage\":\"fr-FR\",\"potentialAction\":[{\"@type\":\"ReadAction\",\"target\":[\"https:\/\/dicodusport.fr\/blog\/grand-prix-criquielion-2025-victoire-au-sprint-de-matteo-moschetti\/\"]}]},{\"@type\":\"ImageObject\",\"inLanguage\":\"fr-FR\",\"@id\":\"https:\/\/dicodusport.fr\/blog\/grand-prix-criquielion-2025-victoire-au-sprint-de-matteo-moschetti\/#primaryimage\",\"url\":\"https:\/\/dicodusport.fr\/blog\/wp-content\/uploads\/2025\/03\/Grand-Prix-Criquielion-2025-Victoire-au-sprint-de-Matteo-Moschetti.png\",\"contentUrl\":\"https:\/\/dicodusport.fr\/blog\/wp-content\/uploads\/2025\/03\/Grand-Prix-Criquielion-2025-Victoire-au-sprint-de-Matteo-Moschetti.png\",\"width\":1200,\"height\":674,\"caption\":\"Grand Prix Criquielion 2025 Victoire au sprint de Matteo Moschetti\"},{\"@type\":\"BreadcrumbList\",\"@id\":\"https:\/\/dicodusport.fr\/blog\/grand-prix-criquielion-2025-victoire-au-sprint-de-matteo-moschetti\/#breadcrumb\",\"itemListElement\":[{\"@type\":\"ListItem\",\"position\":1,\"name\":\"Accueil\",\"item\":\"https:\/\/dicodusport.fr\/blog\/\"},{\"@type\":\"ListItem\",\"position\":2,\"name\":\"Grand Prix Criquielion 2025 : Victoire au sprint de Matteo Moschetti\"}]},{\"@type\":\"WebSite\",\"@id\":\"https:\/\/dicodusport.fr\/blog\/#website\",\"url\":\"https:\/\/dicodusport.fr\/blog\/\",\"name\":\"Dicodusport\",\"description\":\"L&#039;encyclop\u00e9die de l&#039;actualit\u00e9 sportive\",\"publisher\":{\"@id\":\"https:\/\/dicodusport.fr\/blog\/#organization\"},\"potentialAction\":[{\"@type\":\"SearchAction\",\"target\":{\"@type\":\"EntryPoint\",\"urlTemplate\":\"https:\/\/dicodusport.fr\/blog\/?s={search_term_string}\"},\"query-input\":{\"@type\":\"PropertyValueSpecification\",\"valueRequired\":true,\"valueName\":\"search_term_string\"}}],\"inLanguage\":\"fr-FR\"},{\"@type\":\"NewsMediaOrganization\",\"@id\":\"https:\/\/dicodusport.fr\/blog\/#organization\",\"name\":\"Dicodusport\",\"url\":\"https:\/\/dicodusport.fr\/blog\/\",\"logo\":{\"@type\":\"ImageObject\",\"inLanguage\":\"fr-FR\",\"@id\":\"https:\/\/dicodusport.fr\/blog\/#\/schema\/logo\/image\/\",\"url\":\"https:\/\/dicodusport.fr\/blog\/wp-content\/uploads\/2020\/06\/cropped-LOGO-DICODUSPORT-2020-SANS-FOND-SANS-TEXTE.png\",\"contentUrl\":\"https:\/\/dicodusport.fr\/blog\/wp-content\/uploads\/2020\/06\/cropped-LOGO-DICODUSPORT-2020-SANS-FOND-SANS-TEXTE.png\",\"width\":512,\"height\":512,\"caption\":\"Dicodusport\"},\"image\":{\"@id\":\"https:\/\/dicodusport.fr\/blog\/#\/schema\/logo\/image\/\"},\"sameAs\":[\"https:\/\/www.facebook.com\/dicodusport\",\"https:\/\/x.com\/dicodusport\",\"https:\/\/www.instagram.com\/dicodusport\/\",\"https:\/\/www.youtube.com\/channel\/UC7V2KZ5sd3htJivAbA4ZG3w\"],\"description\":\"Dicodusport est l'encyclop\u00e9die de l'actualit\u00e9 sportive.\",\"email\":\"bonjour@dicodusport.fr\",\"legalName\":\"DICODUSPORT\",\"foundingDate\":\"2018-01-14\",\"vatID\":\"FR71834470973\",\"taxID\":\"83447097300043\",\"numberOfEmployees\":{\"@type\":\"QuantitativeValue\",\"minValue\":\"1\",\"maxValue\":\"10\"}},{\"@type\":\"Person\",\"@id\":\"https:\/\/dicodusport.fr\/blog\/#\/schema\/person\/fe500246414ca17ddf0c0312d7a792cc\",\"name\":\"Olivier Dobiezynski\",\"image\":{\"@type\":\"ImageObject\",\"inLanguage\":\"fr-FR\",\"@id\":\"https:\/\/dicodusport.fr\/blog\/#\/schema\/person\/image\/\",\"url\":\"https:\/\/dicodusport.fr\/blog\/wp-content\/uploads\/2024\/09\/5be8fe8d-9962-4f1e-ad06-d6f9dee30e6d-150x150.jpg\",\"contentUrl\":\"https:\/\/dicodusport.fr\/blog\/wp-content\/uploads\/2024\/09\/5be8fe8d-9962-4f1e-ad06-d6f9dee30e6d-150x150.jpg\",\"caption\":\"Olivier Dobiezynski\"},\"description\":\"Depuis le milieu des ann\u00e9es 90, la passion du cyclisme m'anime. Mes h\u00e9ros s'appellent Luc Leblanc, Piotr Ugrumov, Paolo Savoldelli, Peter Sagan et bien \u00e9videmment Romain Bardet. R\u00e9dacteur depuis 2023, je suis ici pour partager cet amour de la Petite Reine. Vous pourrez me lire \u00e9galement sur du trail, du ski de fond et tout autre sujet susceptible d'\u00e9veiller ma curiosit\u00e9 sportive.\",\"sameAs\":[\"https:\/\/x.com\/https:\/\/x.com\/Olivier_Matros\"],\"url\":\"https:\/\/dicodusport.fr\/blog\/author\/olivier-gh\/\"}]}<\/script>\n<!-- \/ Yoast SEO Premium plugin. -->","yoast_head_json":{"title":"Grand Prix Criquielion 2025 : Victoire au sprint de Matteo Moschetti","description":"GRAND PRIX CRIQUIELION 2025 - La semi-classique belge est revenue \u00e0 l'Italien Matteo Moschetti (Q36.5 Pro Cycling Team) devant Hugo Hofstetter","robots":{"index":"index","follow":"follow","max-snippet":"max-snippet:-1","max-image-preview":"max-image-preview:large","max-video-preview":"max-video-preview:-1"},"canonical":"https:\/\/dicodusport.fr\/blog\/grand-prix-criquielion-2025-victoire-au-sprint-de-matteo-moschetti\/","og_locale":"fr_FR","og_type":"article","og_title":"Grand Prix Criquielion 2025 : Victoire au sprint de Matteo Moschetti","og_description":"GRAND PRIX CRIQUIELION 2025 - La semi-classique belge est revenue \u00e0 l'Italien Matteo Moschetti (Q36.5 Pro Cycling Team) devant Hugo Hofstetter","og_url":"https:\/\/dicodusport.fr\/blog\/grand-prix-criquielion-2025-victoire-au-sprint-de-matteo-moschetti\/","og_site_name":"Dicodusport","article_publisher":"https:\/\/www.facebook.com\/dicodusport","article_published_time":"2025-03-08T16:41:20+00:00","article_modified_time":"2025-03-08T17:01:39+00:00","og_image":[{"width":1200,"height":674,"url":"https:\/\/dicodusport.fr\/blog\/wp-content\/uploads\/2025\/03\/Grand-Prix-Criquielion-2025-Victoire-au-sprint-de-Matteo-Moschetti.png","type":"image\/png"}],"author":"Olivier Dobiezynski","twitter_card":"summary_large_image","twitter_title":"Grand Prix Criquielion 2025 : Victoire au sprint de Matteo Moschetti","twitter_creator":"@https:\/\/x.com\/Olivier_Matros","twitter_site":"@dicodusport","schema":{"@context":"https:\/\/schema.org","@graph":[{"@type":"NewsArticle","@id":"https:\/\/dicodusport.fr\/blog\/grand-prix-criquielion-2025-victoire-au-sprint-de-matteo-moschetti\/#article","isPartOf":{"@id":"https:\/\/dicodusport.fr\/blog\/grand-prix-criquielion-2025-victoire-au-sprint-de-matteo-moschetti\/"},"author":{"name":"Olivier Dobiezynski","@id":"https:\/\/dicodusport.fr\/blog\/#\/schema\/person\/fe500246414ca17ddf0c0312d7a792cc"},"headline":"Grand Prix Criquielion 2025 : Victoire au sprint de Matteo Moschetti","datePublished":"2025-03-08T16:41:20+00:00","dateModified":"2025-03-08T17:01:39+00:00","mainEntityOfPage":{"@id":"https:\/\/dicodusport.fr\/blog\/grand-prix-criquielion-2025-victoire-au-sprint-de-matteo-moschetti\/"},"wordCount":419,"commentCount":0,"publisher":{"@id":"https:\/\/dicodusport.fr\/blog\/#organization"},"image":{"@id":"https:\/\/dicodusport.fr\/blog\/grand-prix-criquielion-2025-victoire-au-sprint-de-matteo-moschetti\/#primaryimage"},"thumbnailUrl":"https:\/\/dicodusport.fr\/blog\/wp-content\/uploads\/2025\/03\/Grand-Prix-Criquielion-2025-Victoire-au-sprint-de-Matteo-Moschetti.png","keywords":["Actualit\u00e9 Cyclisme","br\u00e8ve"],"articleSection":["Cyclisme sur route"],"inLanguage":"fr-FR","potentialAction":[{"@type":"CommentAction","name":"Comment","target":["https:\/\/dicodusport.fr\/blog\/grand-prix-criquielion-2025-victoire-au-sprint-de-matteo-moschetti\/#respond"]}],"copyrightYear":"2025","copyrightHolder":{"@id":"https:\/\/dicodusport.fr\/blog\/#organization"}},{"@type":"WebPage","@id":"https:\/\/dicodusport.fr\/blog\/grand-prix-criquielion-2025-victoire-au-sprint-de-matteo-moschetti\/","url":"https:\/\/dicodusport.fr\/blog\/grand-prix-criquielion-2025-victoire-au-sprint-de-matteo-moschetti\/","name":"Grand Prix Criquielion 2025 : Victoire au sprint de Matteo Moschetti","isPartOf":{"@id":"https:\/\/dicodusport.fr\/blog\/#website"},"primaryImageOfPage":{"@id":"https:\/\/dicodusport.fr\/blog\/grand-prix-criquielion-2025-victoire-au-sprint-de-matteo-moschetti\/#primaryimage"},"image":{"@id":"https:\/\/dicodusport.fr\/blog\/grand-prix-criquielion-2025-victoire-au-sprint-de-matteo-moschetti\/#primaryimage"},"thumbnailUrl":"https:\/\/dicodusport.fr\/blog\/wp-content\/uploads\/2025\/03\/Grand-Prix-Criquielion-2025-Victoire-au-sprint-de-Matteo-Moschetti.png","datePublished":"2025-03-08T16:41:20+00:00","dateModified":"2025-03-08T17:01:39+00:00","description":"GRAND PRIX CRIQUIELION 2025 - La semi-classique belge est revenue \u00e0 l'Italien Matteo Moschetti (Q36.5 Pro Cycling Team) devant Hugo Hofstetter","breadcrumb":{"@id":"https:\/\/dicodusport.fr\/blog\/grand-prix-criquielion-2025-victoire-au-sprint-de-matteo-moschetti\/#breadcrumb"},"inLanguage":"fr-FR","potentialAction":[{"@type":"ReadAction","target":["https:\/\/dicodusport.fr\/blog\/grand-prix-criquielion-2025-victoire-au-sprint-de-matteo-moschetti\/"]}]},{"@type":"ImageObject","inLanguage":"fr-FR","@id":"https:\/\/dicodusport.fr\/blog\/grand-prix-criquielion-2025-victoire-au-sprint-de-matteo-moschetti\/#primaryimage","url":"https:\/\/dicodusport.fr\/blog\/wp-content\/uploads\/2025\/03\/Grand-Prix-Criquielion-2025-Victoire-au-sprint-de-Matteo-Moschetti.png","contentUrl":"https:\/\/dicodusport.fr\/blog\/wp-content\/uploads\/2025\/03\/Grand-Prix-Criquielion-2025-Victoire-au-sprint-de-Matteo-Moschetti.png","width":1200,"height":674,"caption":"Grand Prix Criquielion 2025 Victoire au sprint de Matteo Moschetti"},{"@type":"BreadcrumbList","@id":"https:\/\/dicodusport.fr\/blog\/grand-prix-criquielion-2025-victoire-au-sprint-de-matteo-moschetti\/#breadcrumb","itemListElement":[{"@type":"ListItem","position":1,"name":"Accueil","item":"https:\/\/dicodusport.fr\/blog\/"},{"@type":"ListItem","position":2,"name":"Grand Prix Criquielion 2025 : Victoire au sprint de Matteo Moschetti"}]},{"@type":"WebSite","@id":"https:\/\/dicodusport.fr\/blog\/#website","url":"https:\/\/dicodusport.fr\/blog\/","name":"Dicodusport","description":"L&#039;encyclop\u00e9die de l&#039;actualit\u00e9 sportive","publisher":{"@id":"https:\/\/dicodusport.fr\/blog\/#organization"},"potentialAction":[{"@type":"SearchAction","target":{"@type":"EntryPoint","urlTemplate":"https:\/\/dicodusport.fr\/blog\/?s={search_term_string}"},"query-input":{"@type":"PropertyValueSpecification","valueRequired":true,"valueName":"search_term_string"}}],"inLanguage":"fr-FR"},{"@type":"NewsMediaOrganization","@id":"https:\/\/dicodusport.fr\/blog\/#organization","name":"Dicodusport","url":"https:\/\/dicodusport.fr\/blog\/","logo":{"@type":"ImageObject","inLanguage":"fr-FR","@id":"https:\/\/dicodusport.fr\/blog\/#\/schema\/logo\/image\/","url":"https:\/\/dicodusport.fr\/blog\/wp-content\/uploads\/2020\/06\/cropped-LOGO-DICODUSPORT-2020-SANS-FOND-SANS-TEXTE.png","contentUrl":"https:\/\/dicodusport.fr\/blog\/wp-content\/uploads\/2020\/06\/cropped-LOGO-DICODUSPORT-2020-SANS-FOND-SANS-TEXTE.png","width":512,"height":512,"caption":"Dicodusport"},"image":{"@id":"https:\/\/dicodusport.fr\/blog\/#\/schema\/logo\/image\/"},"sameAs":["https:\/\/www.facebook.com\/dicodusport","https:\/\/x.com\/dicodusport","https:\/\/www.instagram.com\/dicodusport\/","https:\/\/www.youtube.com\/channel\/UC7V2KZ5sd3htJivAbA4ZG3w"],"description":"Dicodusport est l'encyclop\u00e9die de l'actualit\u00e9 sportive.","email":"bonjour@dicodusport.fr","legalName":"DICODUSPORT","foundingDate":"2018-01-14","vatID":"FR71834470973","taxID":"83447097300043","numberOfEmployees":{"@type":"QuantitativeValue","minValue":"1","maxValue":"10"}},{"@type":"Person","@id":"https:\/\/dicodusport.fr\/blog\/#\/schema\/person\/fe500246414ca17ddf0c0312d7a792cc","name":"Olivier Dobiezynski","image":{"@type":"ImageObject","inLanguage":"fr-FR","@id":"https:\/\/dicodusport.fr\/blog\/#\/schema\/person\/image\/","url":"https:\/\/dicodusport.fr\/blog\/wp-content\/uploads\/2024\/09\/5be8fe8d-9962-4f1e-ad06-d6f9dee30e6d-150x150.jpg","contentUrl":"https:\/\/dicodusport.fr\/blog\/wp-content\/uploads\/2024\/09\/5be8fe8d-9962-4f1e-ad06-d6f9dee30e6d-150x150.jpg","caption":"Olivier Dobiezynski"},"description":"Depuis le milieu des ann\u00e9es 90, la passion du cyclisme m'anime. Mes h\u00e9ros s'appellent Luc Leblanc, Piotr Ugrumov, Paolo Savoldelli, Peter Sagan et bien \u00e9videmment Romain Bardet. R\u00e9dacteur depuis 2023, je suis ici pour partager cet amour de la Petite Reine. Vous pourrez me lire \u00e9galement sur du trail, du ski de fond et tout autre sujet susceptible d'\u00e9veiller ma curiosit\u00e9 sportive.","sameAs":["https:\/\/x.com\/https:\/\/x.com\/Olivier_Matros"],"url":"https:\/\/dicodusport.fr\/blog\/author\/olivier-gh\/"}]}},"_links":{"self":[{"href":"https:\/\/dicodusport.fr\/blog\/wp-json\/wp\/v2\/posts\/562355","targetHints":{"allow":["GET"]}}],"collection":[{"href":"https:\/\/dicodusport.fr\/blog\/wp-json\/wp\/v2\/posts"}],"about":[{"href":"https:\/\/dicodusport.fr\/blog\/wp-json\/wp\/v2\/types\/post"}],"author":[{"embeddable":true,"href":"https:\/\/dicodusport.fr\/blog\/wp-json\/wp\/v2\/users\/92"}],"replies":[{"embeddable":true,"href":"https:\/\/dicodusport.fr\/blog\/wp-json\/wp\/v2\/comments?post=562355"}],"version-history":[{"count":5,"href":"https:\/\/dicodusport.fr\/blog\/wp-json\/wp\/v2\/posts\/562355\/revisions"}],"predecessor-version":[{"id":562397,"href":"https:\/\/dicodusport.fr\/blog\/wp-json\/wp\/v2\/posts\/562355\/revisions\/562397"}],"wp:featuredmedia":[{"embeddable":true,"href":"https:\/\/dicodusport.fr\/blog\/wp-json\/wp\/v2\/media\/562378"}],"wp:attachment":[{"href":"https:\/\/dicodusport.fr\/blog\/wp-json\/wp\/v2\/media?parent=562355"}],"wp:term":[{"taxonomy":"category","embeddable":true,"href":"https:\/\/dicodusport.fr\/blog\/wp-json\/wp\/v2\/categories?post=562355"},{"taxonomy":"post_tag","embeddable":true,"href":"https:\/\/dicodusport.fr\/blog\/wp-json\/wp\/v2\/tags?post=562355"}],"curies":[{"name":"wp","href":"https:\/\/api.w.org\/{rel}","templated":true}]}}