{"id":562427,"date":"2025-03-08T22:18:37","date_gmt":"2025-03-08T21:18:37","guid":{"rendered":"https:\/\/dicodusport.fr\/blog\/?p=562427&#038;preview=true&#038;preview_id=562427"},"modified":"2025-03-09T03:21:53","modified_gmt":"2025-03-09T02:21:53","slug":"athletisme-championnats-deurope-salle-2025-deux-nouvelles-medailles-pour-les-bleus-le-resume-du-samedi-soir","status":"publish","type":"post","link":"https:\/\/dicodusport.fr\/blog\/athletisme-championnats-deurope-salle-2025-deux-nouvelles-medailles-pour-les-bleus-le-resume-du-samedi-soir\/","title":{"rendered":"Athl\u00e9tisme Championnats d&rsquo;Europe (salle) 2025 : Deux nouvelles m\u00e9dailles pour les Bleus, le r\u00e9sum\u00e9 du samedi soir"},"content":{"rendered":"<h4 style=\"text-align: justify;\"><em>CHAMPIONNATS D&rsquo;EUROPE D&rsquo;ATHL\u00c9TISME EN SALLE 2025 &#8211; Marie-Julie Bonnin et Jimy Soudril d\u00e9crochent la m\u00e9daille de bronze ce samedi soir. Six m\u00e9dailles au total pour les Bleus, qui \u00e9galent d\u00e9j\u00e0 le total de 2023 \u00e0 Istanbul. Dans une soir\u00e9e marqu\u00e9e par le sacre de Lieke Klaver sur 400 m et un concours de longueur femmes \u00e0 rebondissements.\u00a0<\/em><\/h4>\n<ul>\n<li style=\"text-align: justify;\"><strong>\u00c0 ce sujet \u2013\u00a0<a href=\"https:\/\/dicodusport.fr\/blog\/athletisme-programme-et-resultats-championnats-deurope-en-salle-2025\/\">Athl\u00e9tisme : Programme et r\u00e9sultats Championnats d&rsquo;Europe en salle 2025<\/a><\/strong><\/li>\n<\/ul>\n<h2 style=\"text-align: justify;\">Marie-Julie Bonnin en bronze \u00e0 la perche<\/h2>\n<p style=\"text-align: justify;\">Premi\u00e8re historique pour une Fran\u00e7aise \u00e0 la perche aux championnats d&rsquo;Europe. La pionni\u00e8re se nomme<strong> Marie-Julie Bonnin<\/strong>, en bronze \u00e0 la perche. \u00c0 seulement 23 ans, elle s&rsquo;offre le concours id\u00e9al, en franchissant 4.70 m. S&rsquo;il n&rsquo;y a pas de record de France, il y a la m\u00e9daille et c&rsquo;est bien l&rsquo;essentiel pour la Bordelaise, qui remporte forc\u00e9ment sa premi\u00e8re m\u00e9daille internationale chez les grandes, deux ans apr\u00e8s son titre chez les Espoirs. Un concours domin\u00e9 par la Suissesse<strong> Angelica Moser<\/strong>, qui a franchi 4.80 m, avant de tenter une barre \u00e0 4.89 m, synonyme de record de Suisse. Mais sans succ\u00e8s.<strong> Tina Sutej<\/strong> a encore r\u00e9pondu pr\u00e9sent le jour J, avec un bond \u00e0 4.75 m, son meilleur saut de l&rsquo;hiver, pour prendre la m\u00e9daille d&rsquo;argent.<\/p>\n<div class=\"vlp-link-container vlp-layout-article\"><a href=\"https:\/\/dicodusport.fr\/blog\/athletisme-europe-en-salle-marie-julie-bonnin-medaillee-de-bronze-au-saut-a-la-perche\/\" class=\"vlp-link\" title=\"Athl\u00e9tisme Europe en salle : Marie-Julie Bonnin m\u00e9daill\u00e9e de bronze au saut \u00e0 la perche\"><\/a><div class=\"vlp-layout-zone-side\"><div class=\"vlp-block-4 vlp-link-image\"><img loading=\"lazy\" decoding=\"async\" style=\"max-width: 792px;\" width=\"792\" height=\"445\" src=\"https:\/\/dicodusport.fr\/blog\/wp-content\/uploads\/2025\/03\/Athletisme-Europe-en-salle-Marie-Julie-Bonnin-medaillee-de-bronze-au-saut-a-la-perche.png\" class=\"attachment-800x445 size-800x445\" alt=\"Athl\u00e9tisme Europe en salle Marie-Julie Bonnin m\u00e9daill\u00e9e de bronze au saut \u00e0 la perche\" srcset=\"https:\/\/dicodusport.fr\/blog\/wp-content\/uploads\/2025\/03\/Athletisme-Europe-en-salle-Marie-Julie-Bonnin-medaillee-de-bronze-au-saut-a-la-perche.png 1200w, https:\/\/dicodusport.fr\/blog\/wp-content\/uploads\/2025\/03\/Athletisme-Europe-en-salle-Marie-Julie-Bonnin-medaillee-de-bronze-au-saut-a-la-perche-300x169.png 300w, https:\/\/dicodusport.fr\/blog\/wp-content\/uploads\/2025\/03\/Athletisme-Europe-en-salle-Marie-Julie-Bonnin-medaillee-de-bronze-au-saut-a-la-perche-1024x575.png 1024w, https:\/\/dicodusport.fr\/blog\/wp-content\/uploads\/2025\/03\/Athletisme-Europe-en-salle-Marie-Julie-Bonnin-medaillee-de-bronze-au-saut-a-la-perche-768x431.png 768w\" sizes=\"auto, (max-width: 792px) 100vw, 792px\" \/><\/div><\/div><div class=\"vlp-layout-zone-main\"><div class=\"vlp-block-0 vlp-link-title\">Athl\u00e9tisme Europe en salle : Marie-Julie Bonnin m\u00e9daill\u00e9e de bronze au saut \u00e0 la perche<\/div><div class=\"vlp-block-1 vlp-link-summary\">Marie-Julie Bonnin m\u00e9daill\u00e9e de bronze au saut \u00e0 la perche<\/div><div class=\"vlp-block-2 vlp-link-button\">Lire l'article<\/div><div class=\"vlp-block-3 vlp-link-url\">dicodusport.fr<\/div><\/div><\/div>\n<h3 style=\"text-align: justify;\">Jimy Soudril \u00e9galement en bronze sur 400 m&#8230; pour le moment<\/h3>\n<p style=\"text-align: justify;\">La sixi\u00e8me m\u00e9daille des Bleus sera beaucoup plus sulfureuse. On peut l\u00e9gitimement se poser des questions sur<strong> Jimy Soudril<\/strong>, revenu de deux ans de suspension et qui \u00e9clate ses records \u00e0 chaque sortie. Cette fois-ci en 45.59, \u00e0 cinq centi\u00e8mes du record de France de <strong>Leslie Djhone.<\/strong> Quatre dixi\u00e8mes de mieux que son record \u00e9tabli en demies. Pas pr\u00e9sent dans le relais 4&#215;400 m des Bleus, est-ce que la FFA a peur d&rsquo;une mauvaise surprise dans les mois \u00e0 venir ? <b>Attila Moln\u00e1r<\/b>\u00a0a domin\u00e9 une course d&rsquo;une tr\u00e8s grosse densit\u00e9. Le Hongrois r\u00e9alise un chrono de 45.25 et devance <strong>Maksymilian Szwed<\/strong>, qui \u00e9tablit un nouveau record d&rsquo;Europe.<\/p>\n<div class=\"vlp-link-container vlp-layout-article\"><a href=\"https:\/\/dicodusport.fr\/blog\/athletisme-europe-en-salle-la-medaille-de-bronze-sur-le-400-metres-pour-jimy-soudril\/\" class=\"vlp-link\" title=\"Athl\u00e9tisme Europe en salle : La m\u00e9daille de bronze sur le 400 m\u00e8tres pour Jimy Soudril\"><\/a><div class=\"vlp-layout-zone-side\"><div class=\"vlp-block-4 vlp-link-image\"><img loading=\"lazy\" decoding=\"async\" style=\"max-width: 792px;\" width=\"792\" height=\"445\" src=\"https:\/\/dicodusport.fr\/blog\/wp-content\/uploads\/2025\/03\/Athletisme-Europe-en-salle-La-medaille-de-bronze-sur-le-400-metres-pour-Jimy-Soudril.png\" class=\"attachment-800x445 size-800x445\" alt=\"Athl\u00e9tisme Europe en salle La m\u00e9daille de bronze sur le 400 m\u00e8tres pour Jimy Soudril\" srcset=\"https:\/\/dicodusport.fr\/blog\/wp-content\/uploads\/2025\/03\/Athletisme-Europe-en-salle-La-medaille-de-bronze-sur-le-400-metres-pour-Jimy-Soudril.png 1200w, https:\/\/dicodusport.fr\/blog\/wp-content\/uploads\/2025\/03\/Athletisme-Europe-en-salle-La-medaille-de-bronze-sur-le-400-metres-pour-Jimy-Soudril-300x169.png 300w, https:\/\/dicodusport.fr\/blog\/wp-content\/uploads\/2025\/03\/Athletisme-Europe-en-salle-La-medaille-de-bronze-sur-le-400-metres-pour-Jimy-Soudril-1024x575.png 1024w, https:\/\/dicodusport.fr\/blog\/wp-content\/uploads\/2025\/03\/Athletisme-Europe-en-salle-La-medaille-de-bronze-sur-le-400-metres-pour-Jimy-Soudril-768x431.png 768w\" sizes=\"auto, (max-width: 792px) 100vw, 792px\" \/><\/div><\/div><div class=\"vlp-layout-zone-main\"><div class=\"vlp-block-0 vlp-link-title\">Athl\u00e9tisme Europe en salle : La m\u00e9daille de bronze sur le 400 m\u00e8tres pour Jimy Soudril<\/div><div class=\"vlp-block-1 vlp-link-summary\">La m\u00e9daille de bronze sur le 400 m\u00e8tres pour Jimy Soudril<\/div><div class=\"vlp-block-2 vlp-link-button\">Lire l'article<\/div><div class=\"vlp-block-3 vlp-link-url\">dicodusport.fr<\/div><\/div><\/div>\n<h2 style=\"text-align: justify;\">Record d&rsquo;Europe de l&rsquo;heptathlon pour Sander Skotheim<\/h2>\n<p style=\"text-align: justify;\">C&rsquo;est d\u00e9finitivement un ph\u00e9nom\u00e8ne de l&rsquo;athl\u00e9tisme et des \u00e9preuves combin\u00e9es. En plus de son titre de champion d&rsquo;Europe, <strong>Sander Skotheim<\/strong> est all\u00e9 chercher de nouveau le record d&rsquo;Europe de la sp\u00e9cialit\u00e9. En deuxi\u00e8me position, avant le 1000 m, il a logiquement renvers\u00e9 la table sur le 1000 m, \u00e9tablissant le record des championnats en 2:32.72. Un chrono qui lui offre 956 points et un total de 6558 points. Il d\u00e9tenait d\u00e9j\u00e0 le record d&rsquo;Europe, mais lui met une petite claque. Premier avant le 1000 m et malgr\u00e9 une claque \u00e0 son record sur 1000 m (2:41.76), <strong>Simon Ehammer<\/strong> passe \u00e9galement les 6500 points (6506 points), mais doit se contenter de l&rsquo;argent. <strong>Till Steinforth<\/strong> en profite pour prendre la 3e place, avec un nouveau record d&rsquo;Allemagne. Un heptathlon historique !<\/p>\n<div class=\"vlp-link-container vlp-layout-article\"><a href=\"https:\/\/dicodusport.fr\/blog\/athletisme-europe-en-salle-2025-classement-de-lheptathlon\/\" class=\"vlp-link\" title=\"Athl\u00e9tisme Europe en salle 2025 : Classement de l&#039;heptathlon\"><\/a><div class=\"vlp-layout-zone-side\"><div class=\"vlp-block-4 vlp-link-image\"><img loading=\"lazy\" decoding=\"async\" style=\"max-width: 792px;\" width=\"792\" height=\"445\" src=\"https:\/\/dicodusport.fr\/blog\/wp-content\/uploads\/2025\/02\/Athletisme-Europe-en-salle-2025-Classement-de-lheptathlon.png\" class=\"attachment-800x445 size-800x445\" alt=\"\" srcset=\"https:\/\/dicodusport.fr\/blog\/wp-content\/uploads\/2025\/02\/Athletisme-Europe-en-salle-2025-Classement-de-lheptathlon.png 1200w, https:\/\/dicodusport.fr\/blog\/wp-content\/uploads\/2025\/02\/Athletisme-Europe-en-salle-2025-Classement-de-lheptathlon-300x169.png 300w, https:\/\/dicodusport.fr\/blog\/wp-content\/uploads\/2025\/02\/Athletisme-Europe-en-salle-2025-Classement-de-lheptathlon-1024x575.png 1024w, https:\/\/dicodusport.fr\/blog\/wp-content\/uploads\/2025\/02\/Athletisme-Europe-en-salle-2025-Classement-de-lheptathlon-768x431.png 768w\" sizes=\"auto, (max-width: 792px) 100vw, 792px\" \/><\/div><\/div><div class=\"vlp-layout-zone-main\"><div class=\"vlp-block-0 vlp-link-title\">Athl\u00e9tisme Europe en salle 2025 : Classement de l'heptathlon<\/div><div class=\"vlp-block-1 vlp-link-summary\">Classement de l'heptathlon des championnats d'Europe en salle d'athl\u00e9tisme, qui se d\u00e9roule du 7 au 8 mars.<\/div><div class=\"vlp-block-2 vlp-link-button\">Lire l'article<\/div><div class=\"vlp-block-3 vlp-link-url\">dicodusport.fr<\/div><\/div><\/div>\n<h2>Lieke Klaver reine chez elle sur le 400 m<\/h2>\n<p style=\"text-align: justify;\">Derni\u00e8re course de la soir\u00e9e, le 400 m femmes a \u00e9t\u00e9 \u00e9pique. La N\u00e9erlandaise <strong>Lieke Klaver<\/strong> et <strong>Henriette Jaeger <\/strong>se sont livr\u00e9es un duel magnifique. Qui a tourn\u00e9 en faveur de la premi\u00e8re cit\u00e9e. Partie vite en 23.47 au 200 m, elle a r\u00e9sist\u00e9 aux assauts de son adversaire, pour s&rsquo;imposer en 50.38, meilleure performance europ\u00e9enne de l&rsquo;hiver. Et sept centi\u00e8mes devant sa dauphine. Une course rapide dans laquelle <strong>Paula Sevilla<\/strong> se pare de bronze, en \u00e9galant le record d&rsquo;Espagne. Elle r\u00e9alise un chrono de 50.99.<\/p>\n<p style=\"text-align: justify;\">La finale du 60 m hommes aura \u00e9t\u00e9 rapide, avec une victoire sous les 6.50. Et l&rsquo;heureux laur\u00e9at est, le Britannique <strong>Jeremiah Azu<\/strong>, qui cogne son record personnel, avec 6.49, meilleure performance europ\u00e9enne de l&rsquo;hiver. Il fallait au moins cela pour r\u00e9sister au surprenant Su\u00e9dois <strong>Henrik Larsson<\/strong>. L&rsquo;homonyme de l&rsquo;ex-footballeur s&rsquo;offre un record de Su\u00e8de en 6.52. La Grande-Bretagne place ses deux athl\u00e8tes sur le podium avec <strong>Andrew Robertson<\/strong> en bronze, avec un chrono de 6.55 et qui devance au milli\u00e8me le N\u00e9erlandais <strong>Elvis Afrira<\/strong>, pour qui le record national n&rsquo;aura pas suffi. Le Fran\u00e7ais <strong>Allan Lagui<\/strong>, apr\u00e8s des s\u00e9ries probantes, a \u00e9t\u00e9 \u00e9limin\u00e9 en demi-finale, avec un chrono de seulement 6.72. \u00c0 treize centi\u00e8mes de ce qu&rsquo;il a r\u00e9alis\u00e9 ce samedi matin.<\/p>\n<h2>Andy Diaz survole le triple saut<\/h2>\n<p style=\"text-align: justify;\"><strong>Max He\u00df<\/strong> pensait avoir pli\u00e9 le concours du triple saut, d&rsquo;entr\u00e9e de jeu. L&rsquo;Allemand est retomb\u00e9 \u00e0 17.43 m \u00e0 son premier essai, signant la meilleure performance mondiale de l&rsquo;hiver. Deux centim\u00e8tres de mieux que sa propre marque. Mais, apr\u00e8s un d\u00e9but de concours poussif, <strong>Andy Diaz Hernandez<\/strong>, retombe \u00e0 17.71 m. Le m\u00e9daill\u00e9 de bronze \u00e0 Paris a remis les pendules \u00e0 l&rsquo;heure et prend la meilleure performance mondiale de l&rsquo;hiver. Son compatriote<strong> Andrea Dallavalle<\/strong> monte sur la troisi\u00e8me marche, avec une marque \u00e0 17.19 m. Deux Fran\u00e7ais \u00e9taient engag\u00e9s.<strong> Thomas Gogois<\/strong> \u00e9choue au pied du podium, avec un seul saut valid\u00e9 \u00e0 16.51 m. <strong>Melvin Raffin<\/strong> est 8e, avec un bond \u00e0 16.08 m. Sans trouver de solutions.<\/p>\n<p style=\"text-align: justify;\">La finale de la longueur femmes a \u00e9t\u00e9 \u00e9galement anim\u00e9e. Avec la Suissesse <strong>Annik K\u00e4lin<\/strong> qui n&rsquo;est pas qu&rsquo;une sp\u00e9cialiste des \u00e9preuves combin\u00e9es. Elle s&rsquo;offre son record de Suisse d&rsquo;entr\u00e9e, avec un bond \u00e0 4.90 m. Larissa Iapichino ne l&rsquo;entend pas de cette oreille. L&rsquo;Italienne prend la t\u00eate du concours, au troisi\u00e8me essai, avec un bond \u00e0 4.94 m. En difficult\u00e9, <strong>Malaika Mihambo<\/strong>, favorite du concours, arrache la 3e place au dernier essai (6.88 m). Alors qu&rsquo;on pouvait craindre un concours assez faible, en finale de la hauteur hommes, l&rsquo;Ukrainien<strong> Oleh<\/strong> <strong>Doroshchuk<\/strong> a mis de la lumi\u00e8re. En s&rsquo;offre son record personnel et une tr\u00e8s belle barre \u00e0 2.34 m. En r\u00e9alisant tous ses bonds \u00e0 sa premi\u00e8re tentative. <strong>Jan Stefela<\/strong> est 2e avec 2.29 m, comme l&rsquo;Italien <strong>Matteo Sioli<\/strong>, qui bat son record personnel et qui se pare de bronze.<\/p>\n<h2>Clara Liberman continue d&rsquo;\u00e9tonner<\/h2>\n<p style=\"text-align: justify;\"><strong>Clara Liberman<\/strong> est qualifi\u00e9e pour la finale du 800 m. La Bretonne a encore montr\u00e9 de tr\u00e8s belles choses, pour sa premi\u00e8re s\u00e9lection. Elle boucle la premi\u00e8re demi-finale en 2:01.79. Elle semble avoir de la marge au vu de sa fin de course. Elle a d\u00e9j\u00e0 r\u00e9ussi une premi\u00e8re partie de son objectif, elle qui ne s&rsquo;interdisait rien dans cette comp\u00e9tition. Elle n&rsquo;est pas rejointe par <strong>Charlotte Dumas<\/strong>, qui prend la 6e place de sa course, en 2:05.90. <strong>Anna Wielgosz<\/strong> (2:03.29) et <strong>Audrey Werro<\/strong> (2:01.76) ont domin\u00e9 les deux demi-finales. Chez les hommes, pas de finale pour <strong>Corentin Le Clezio<\/strong>, 7e de la seconde demie. En 1:46.91, tout proche de son record. <strong>Ryan Clarke<\/strong> explose son record (1:45.65) et remporte la premi\u00e8re demie, alors qu&rsquo;<strong>Eliott Crestan<\/strong> a domin\u00e9 la seconde course (1:45.84).<\/p>\n","protected":false},"excerpt":{"rendered":"<p>CHAMPIONNATS D&rsquo;EUROPE D&rsquo;ATHL\u00c9TISME EN SALLE 2025 &#8211; Marie-Julie Bonnin et Jimy Soudril d\u00e9crochent la m\u00e9daille de bronze ce samedi soir.<\/p>\n","protected":false},"author":83,"featured_media":562522,"comment_status":"open","ping_status":"closed","sticky":false,"template":"","format":"standard","meta":{"_acf_changed":false,"_daextam_enable_autolinks":"1","footnotes":""},"categories":[2308],"tags":[32415,37023,143,16878],"class_list":["post-562427","post","type-post","status-publish","format-standard","has-post-thumbnail","hentry","category-athletisme","tag-actu","tag-apeldoorn","tag-athletisme","tag-breve"],"acf":[],"yoast_head":"<!-- This site is optimized with the Yoast SEO Premium plugin v26.7 (Yoast SEO v26.7) - https:\/\/yoast.com\/wordpress\/plugins\/seo\/ -->\n<title>Athl\u00e9tisme Championnats d&#039;Europe (salle) 2025 : Deux nouvelles m\u00e9dailles pour les Bleus, le r\u00e9sum\u00e9 du samedi soir<\/title>\n<meta name=\"description\" content=\"CHAMPIONNATS D&#039;EUROPE D&#039;ATHL\u00c9TISME EN SALLE 2025 - Marie-Julie Bonnin et Jimy Soudril d\u00e9crochent la m\u00e9daille de bronze ce samedi soir.\" \/>\n<meta name=\"robots\" content=\"index, follow, max-snippet:-1, max-image-preview:large, max-video-preview:-1\" \/>\n<link rel=\"canonical\" href=\"https:\/\/dicodusport.fr\/blog\/athletisme-championnats-deurope-salle-2025-deux-nouvelles-medailles-pour-les-bleus-le-resume-du-samedi-soir\/\" \/>\n<meta property=\"og:locale\" content=\"fr_FR\" \/>\n<meta property=\"og:type\" content=\"article\" \/>\n<meta property=\"og:title\" content=\"Athl\u00e9tisme Championnats d&#039;Europe (salle) 2025 : Deux nouvelles m\u00e9dailles pour les Bleus, le r\u00e9sum\u00e9 du samedi soir\" \/>\n<meta property=\"og:description\" content=\"CHAMPIONNATS D&#039;EUROPE D&#039;ATHL\u00c9TISME EN SALLE 2025 - Marie-Julie Bonnin et Jimy Soudril d\u00e9crochent la m\u00e9daille de bronze ce samedi soir.\" \/>\n<meta property=\"og:url\" content=\"https:\/\/dicodusport.fr\/blog\/athletisme-championnats-deurope-salle-2025-deux-nouvelles-medailles-pour-les-bleus-le-resume-du-samedi-soir\/\" \/>\n<meta property=\"og:site_name\" content=\"Dicodusport\" \/>\n<meta property=\"article:publisher\" content=\"https:\/\/www.facebook.com\/dicodusport\" \/>\n<meta property=\"article:published_time\" content=\"2025-03-08T21:18:37+00:00\" \/>\n<meta property=\"article:modified_time\" content=\"2025-03-09T02:21:53+00:00\" \/>\n<meta property=\"og:image\" content=\"https:\/\/dicodusport.fr\/blog\/wp-content\/uploads\/2025\/03\/Athletisme-Championnats-dEurope-salle-2025-Deux-nouvelles-medailles-pour-les-Bleus-le-resume-du-samedi-soir.png\" \/>\n\t<meta property=\"og:image:width\" content=\"1200\" \/>\n\t<meta property=\"og:image:height\" content=\"674\" \/>\n\t<meta property=\"og:image:type\" content=\"image\/png\" \/>\n<meta name=\"author\" content=\"Etienne Goursaud\" \/>\n<meta name=\"twitter:card\" content=\"summary_large_image\" \/>\n<meta name=\"twitter:title\" content=\"Athl\u00e9tisme Championnats d&#039;Europe (salle) 2025 : Deux nouvelles m\u00e9dailles pour les Bleus, le r\u00e9sum\u00e9 du samedi soir\" \/>\n<meta name=\"twitter:creator\" content=\"@dicodusport\" \/>\n<meta name=\"twitter:site\" content=\"@dicodusport\" \/>\n<script type=\"application\/ld+json\" class=\"yoast-schema-graph\">{\"@context\":\"https:\/\/schema.org\",\"@graph\":[{\"@type\":\"NewsArticle\",\"@id\":\"https:\/\/dicodusport.fr\/blog\/athletisme-championnats-deurope-salle-2025-deux-nouvelles-medailles-pour-les-bleus-le-resume-du-samedi-soir\/#article\",\"isPartOf\":{\"@id\":\"https:\/\/dicodusport.fr\/blog\/athletisme-championnats-deurope-salle-2025-deux-nouvelles-medailles-pour-les-bleus-le-resume-du-samedi-soir\/\"},\"author\":{\"name\":\"Etienne Goursaud\",\"@id\":\"https:\/\/dicodusport.fr\/blog\/#\/schema\/person\/d603dd7da31fb2b46c82b9835a77ec13\"},\"headline\":\"Athl\u00e9tisme Championnats d&rsquo;Europe (salle) 2025 : Deux nouvelles m\u00e9dailles pour les Bleus, le r\u00e9sum\u00e9 du samedi soir\",\"datePublished\":\"2025-03-08T21:18:37+00:00\",\"dateModified\":\"2025-03-09T02:21:53+00:00\",\"mainEntityOfPage\":{\"@id\":\"https:\/\/dicodusport.fr\/blog\/athletisme-championnats-deurope-salle-2025-deux-nouvelles-medailles-pour-les-bleus-le-resume-du-samedi-soir\/\"},\"wordCount\":1393,\"commentCount\":0,\"publisher\":{\"@id\":\"https:\/\/dicodusport.fr\/blog\/#organization\"},\"image\":{\"@id\":\"https:\/\/dicodusport.fr\/blog\/athletisme-championnats-deurope-salle-2025-deux-nouvelles-medailles-pour-les-bleus-le-resume-du-samedi-soir\/#primaryimage\"},\"thumbnailUrl\":\"https:\/\/dicodusport.fr\/blog\/wp-content\/uploads\/2025\/03\/Athletisme-Championnats-dEurope-salle-2025-Deux-nouvelles-medailles-pour-les-Bleus-le-resume-du-samedi-soir.png\",\"keywords\":[\"actu\",\"Apeldoorn\",\"Athl\u00e9tisme\",\"br\u00e8ve\"],\"articleSection\":[\"Athl\u00e9tisme\"],\"inLanguage\":\"fr-FR\",\"potentialAction\":[{\"@type\":\"CommentAction\",\"name\":\"Comment\",\"target\":[\"https:\/\/dicodusport.fr\/blog\/athletisme-championnats-deurope-salle-2025-deux-nouvelles-medailles-pour-les-bleus-le-resume-du-samedi-soir\/#respond\"]}],\"copyrightYear\":\"2025\",\"copyrightHolder\":{\"@id\":\"https:\/\/dicodusport.fr\/blog\/#organization\"}},{\"@type\":\"WebPage\",\"@id\":\"https:\/\/dicodusport.fr\/blog\/athletisme-championnats-deurope-salle-2025-deux-nouvelles-medailles-pour-les-bleus-le-resume-du-samedi-soir\/\",\"url\":\"https:\/\/dicodusport.fr\/blog\/athletisme-championnats-deurope-salle-2025-deux-nouvelles-medailles-pour-les-bleus-le-resume-du-samedi-soir\/\",\"name\":\"Athl\u00e9tisme Championnats d'Europe (salle) 2025 : Deux nouvelles m\u00e9dailles pour les Bleus, le r\u00e9sum\u00e9 du samedi soir\",\"isPartOf\":{\"@id\":\"https:\/\/dicodusport.fr\/blog\/#website\"},\"primaryImageOfPage\":{\"@id\":\"https:\/\/dicodusport.fr\/blog\/athletisme-championnats-deurope-salle-2025-deux-nouvelles-medailles-pour-les-bleus-le-resume-du-samedi-soir\/#primaryimage\"},\"image\":{\"@id\":\"https:\/\/dicodusport.fr\/blog\/athletisme-championnats-deurope-salle-2025-deux-nouvelles-medailles-pour-les-bleus-le-resume-du-samedi-soir\/#primaryimage\"},\"thumbnailUrl\":\"https:\/\/dicodusport.fr\/blog\/wp-content\/uploads\/2025\/03\/Athletisme-Championnats-dEurope-salle-2025-Deux-nouvelles-medailles-pour-les-Bleus-le-resume-du-samedi-soir.png\",\"datePublished\":\"2025-03-08T21:18:37+00:00\",\"dateModified\":\"2025-03-09T02:21:53+00:00\",\"description\":\"CHAMPIONNATS D'EUROPE D'ATHL\u00c9TISME EN SALLE 2025 - Marie-Julie Bonnin et Jimy Soudril d\u00e9crochent la m\u00e9daille de bronze ce samedi soir.\",\"breadcrumb\":{\"@id\":\"https:\/\/dicodusport.fr\/blog\/athletisme-championnats-deurope-salle-2025-deux-nouvelles-medailles-pour-les-bleus-le-resume-du-samedi-soir\/#breadcrumb\"},\"inLanguage\":\"fr-FR\",\"potentialAction\":[{\"@type\":\"ReadAction\",\"target\":[\"https:\/\/dicodusport.fr\/blog\/athletisme-championnats-deurope-salle-2025-deux-nouvelles-medailles-pour-les-bleus-le-resume-du-samedi-soir\/\"]}]},{\"@type\":\"ImageObject\",\"inLanguage\":\"fr-FR\",\"@id\":\"https:\/\/dicodusport.fr\/blog\/athletisme-championnats-deurope-salle-2025-deux-nouvelles-medailles-pour-les-bleus-le-resume-du-samedi-soir\/#primaryimage\",\"url\":\"https:\/\/dicodusport.fr\/blog\/wp-content\/uploads\/2025\/03\/Athletisme-Championnats-dEurope-salle-2025-Deux-nouvelles-medailles-pour-les-Bleus-le-resume-du-samedi-soir.png\",\"contentUrl\":\"https:\/\/dicodusport.fr\/blog\/wp-content\/uploads\/2025\/03\/Athletisme-Championnats-dEurope-salle-2025-Deux-nouvelles-medailles-pour-les-Bleus-le-resume-du-samedi-soir.png\",\"width\":1200,\"height\":674,\"caption\":\"Athl\u00e9tisme Championnats d'Europe (salle) 2025 : Deux nouvelles m\u00e9dailles pour les Bleus, le r\u00e9sum\u00e9 du samedi soir\"},{\"@type\":\"BreadcrumbList\",\"@id\":\"https:\/\/dicodusport.fr\/blog\/athletisme-championnats-deurope-salle-2025-deux-nouvelles-medailles-pour-les-bleus-le-resume-du-samedi-soir\/#breadcrumb\",\"itemListElement\":[{\"@type\":\"ListItem\",\"position\":1,\"name\":\"Accueil\",\"item\":\"https:\/\/dicodusport.fr\/blog\/\"},{\"@type\":\"ListItem\",\"position\":2,\"name\":\"Athl\u00e9tisme Championnats d&rsquo;Europe (salle) 2025 : Deux nouvelles m\u00e9dailles pour les Bleus, le r\u00e9sum\u00e9 du samedi soir\"}]},{\"@type\":\"WebSite\",\"@id\":\"https:\/\/dicodusport.fr\/blog\/#website\",\"url\":\"https:\/\/dicodusport.fr\/blog\/\",\"name\":\"Dicodusport\",\"description\":\"L&#039;encyclop\u00e9die de l&#039;actualit\u00e9 sportive\",\"publisher\":{\"@id\":\"https:\/\/dicodusport.fr\/blog\/#organization\"},\"potentialAction\":[{\"@type\":\"SearchAction\",\"target\":{\"@type\":\"EntryPoint\",\"urlTemplate\":\"https:\/\/dicodusport.fr\/blog\/?s={search_term_string}\"},\"query-input\":{\"@type\":\"PropertyValueSpecification\",\"valueRequired\":true,\"valueName\":\"search_term_string\"}}],\"inLanguage\":\"fr-FR\"},{\"@type\":\"NewsMediaOrganization\",\"@id\":\"https:\/\/dicodusport.fr\/blog\/#organization\",\"name\":\"Dicodusport\",\"url\":\"https:\/\/dicodusport.fr\/blog\/\",\"logo\":{\"@type\":\"ImageObject\",\"inLanguage\":\"fr-FR\",\"@id\":\"https:\/\/dicodusport.fr\/blog\/#\/schema\/logo\/image\/\",\"url\":\"https:\/\/dicodusport.fr\/blog\/wp-content\/uploads\/2020\/06\/cropped-LOGO-DICODUSPORT-2020-SANS-FOND-SANS-TEXTE.png\",\"contentUrl\":\"https:\/\/dicodusport.fr\/blog\/wp-content\/uploads\/2020\/06\/cropped-LOGO-DICODUSPORT-2020-SANS-FOND-SANS-TEXTE.png\",\"width\":512,\"height\":512,\"caption\":\"Dicodusport\"},\"image\":{\"@id\":\"https:\/\/dicodusport.fr\/blog\/#\/schema\/logo\/image\/\"},\"sameAs\":[\"https:\/\/www.facebook.com\/dicodusport\",\"https:\/\/x.com\/dicodusport\",\"https:\/\/www.instagram.com\/dicodusport\/\",\"https:\/\/www.youtube.com\/channel\/UC7V2KZ5sd3htJivAbA4ZG3w\"],\"description\":\"Dicodusport est l'encyclop\u00e9die de l'actualit\u00e9 sportive.\",\"email\":\"bonjour@dicodusport.fr\",\"legalName\":\"DICODUSPORT\",\"foundingDate\":\"2018-01-14\",\"vatID\":\"FR71834470973\",\"taxID\":\"83447097300043\",\"numberOfEmployees\":{\"@type\":\"QuantitativeValue\",\"minValue\":\"1\",\"maxValue\":\"10\"}},{\"@type\":\"Person\",\"@id\":\"https:\/\/dicodusport.fr\/blog\/#\/schema\/person\/d603dd7da31fb2b46c82b9835a77ec13\",\"name\":\"Etienne Goursaud\",\"image\":{\"@type\":\"ImageObject\",\"inLanguage\":\"fr-FR\",\"@id\":\"https:\/\/dicodusport.fr\/blog\/#\/schema\/person\/image\/\",\"url\":\"https:\/\/dicodusport.fr\/blog\/wp-content\/uploads\/2023\/12\/410122264_10231602061736049_5565839791558026645_n-150x150.jpg\",\"contentUrl\":\"https:\/\/dicodusport.fr\/blog\/wp-content\/uploads\/2023\/12\/410122264_10231602061736049_5565839791558026645_n-150x150.jpg\",\"caption\":\"Etienne Goursaud\"},\"description\":\"Journaliste et amoureux de sport. Ancien footballeur reconverti athl\u00e8te quand ses muscles le laissent tranquille. \u00c9lev\u00e9 \u00e0 la sauce des exploits de Thomas Voeckler en 2004, du dernier essai de l\u00e9gende de Eunice Barber \u00e0 la longueur lors des championnats du monde d'athl\u00e9tisme de 2003 mais aussi Zidane, Omeyer et Titou Lamaison.\",\"url\":\"https:\/\/dicodusport.fr\/blog\/author\/etienne-goursaud\/\"}]}<\/script>\n<!-- \/ Yoast SEO Premium plugin. -->","yoast_head_json":{"title":"Athl\u00e9tisme Championnats d'Europe (salle) 2025 : Deux nouvelles m\u00e9dailles pour les Bleus, le r\u00e9sum\u00e9 du samedi soir","description":"CHAMPIONNATS D'EUROPE D'ATHL\u00c9TISME EN SALLE 2025 - Marie-Julie Bonnin et Jimy Soudril d\u00e9crochent la m\u00e9daille de bronze ce samedi soir.","robots":{"index":"index","follow":"follow","max-snippet":"max-snippet:-1","max-image-preview":"max-image-preview:large","max-video-preview":"max-video-preview:-1"},"canonical":"https:\/\/dicodusport.fr\/blog\/athletisme-championnats-deurope-salle-2025-deux-nouvelles-medailles-pour-les-bleus-le-resume-du-samedi-soir\/","og_locale":"fr_FR","og_type":"article","og_title":"Athl\u00e9tisme Championnats d'Europe (salle) 2025 : Deux nouvelles m\u00e9dailles pour les Bleus, le r\u00e9sum\u00e9 du samedi soir","og_description":"CHAMPIONNATS D'EUROPE D'ATHL\u00c9TISME EN SALLE 2025 - Marie-Julie Bonnin et Jimy Soudril d\u00e9crochent la m\u00e9daille de bronze ce samedi soir.","og_url":"https:\/\/dicodusport.fr\/blog\/athletisme-championnats-deurope-salle-2025-deux-nouvelles-medailles-pour-les-bleus-le-resume-du-samedi-soir\/","og_site_name":"Dicodusport","article_publisher":"https:\/\/www.facebook.com\/dicodusport","article_published_time":"2025-03-08T21:18:37+00:00","article_modified_time":"2025-03-09T02:21:53+00:00","og_image":[{"width":1200,"height":674,"url":"https:\/\/dicodusport.fr\/blog\/wp-content\/uploads\/2025\/03\/Athletisme-Championnats-dEurope-salle-2025-Deux-nouvelles-medailles-pour-les-Bleus-le-resume-du-samedi-soir.png","type":"image\/png"}],"author":"Etienne Goursaud","twitter_card":"summary_large_image","twitter_title":"Athl\u00e9tisme Championnats d'Europe (salle) 2025 : Deux nouvelles m\u00e9dailles pour les Bleus, le r\u00e9sum\u00e9 du samedi soir","twitter_creator":"@dicodusport","twitter_site":"@dicodusport","schema":{"@context":"https:\/\/schema.org","@graph":[{"@type":"NewsArticle","@id":"https:\/\/dicodusport.fr\/blog\/athletisme-championnats-deurope-salle-2025-deux-nouvelles-medailles-pour-les-bleus-le-resume-du-samedi-soir\/#article","isPartOf":{"@id":"https:\/\/dicodusport.fr\/blog\/athletisme-championnats-deurope-salle-2025-deux-nouvelles-medailles-pour-les-bleus-le-resume-du-samedi-soir\/"},"author":{"name":"Etienne Goursaud","@id":"https:\/\/dicodusport.fr\/blog\/#\/schema\/person\/d603dd7da31fb2b46c82b9835a77ec13"},"headline":"Athl\u00e9tisme Championnats d&rsquo;Europe (salle) 2025 : Deux nouvelles m\u00e9dailles pour les Bleus, le r\u00e9sum\u00e9 du samedi soir","datePublished":"2025-03-08T21:18:37+00:00","dateModified":"2025-03-09T02:21:53+00:00","mainEntityOfPage":{"@id":"https:\/\/dicodusport.fr\/blog\/athletisme-championnats-deurope-salle-2025-deux-nouvelles-medailles-pour-les-bleus-le-resume-du-samedi-soir\/"},"wordCount":1393,"commentCount":0,"publisher":{"@id":"https:\/\/dicodusport.fr\/blog\/#organization"},"image":{"@id":"https:\/\/dicodusport.fr\/blog\/athletisme-championnats-deurope-salle-2025-deux-nouvelles-medailles-pour-les-bleus-le-resume-du-samedi-soir\/#primaryimage"},"thumbnailUrl":"https:\/\/dicodusport.fr\/blog\/wp-content\/uploads\/2025\/03\/Athletisme-Championnats-dEurope-salle-2025-Deux-nouvelles-medailles-pour-les-Bleus-le-resume-du-samedi-soir.png","keywords":["actu","Apeldoorn","Athl\u00e9tisme","br\u00e8ve"],"articleSection":["Athl\u00e9tisme"],"inLanguage":"fr-FR","potentialAction":[{"@type":"CommentAction","name":"Comment","target":["https:\/\/dicodusport.fr\/blog\/athletisme-championnats-deurope-salle-2025-deux-nouvelles-medailles-pour-les-bleus-le-resume-du-samedi-soir\/#respond"]}],"copyrightYear":"2025","copyrightHolder":{"@id":"https:\/\/dicodusport.fr\/blog\/#organization"}},{"@type":"WebPage","@id":"https:\/\/dicodusport.fr\/blog\/athletisme-championnats-deurope-salle-2025-deux-nouvelles-medailles-pour-les-bleus-le-resume-du-samedi-soir\/","url":"https:\/\/dicodusport.fr\/blog\/athletisme-championnats-deurope-salle-2025-deux-nouvelles-medailles-pour-les-bleus-le-resume-du-samedi-soir\/","name":"Athl\u00e9tisme Championnats d'Europe (salle) 2025 : Deux nouvelles m\u00e9dailles pour les Bleus, le r\u00e9sum\u00e9 du samedi soir","isPartOf":{"@id":"https:\/\/dicodusport.fr\/blog\/#website"},"primaryImageOfPage":{"@id":"https:\/\/dicodusport.fr\/blog\/athletisme-championnats-deurope-salle-2025-deux-nouvelles-medailles-pour-les-bleus-le-resume-du-samedi-soir\/#primaryimage"},"image":{"@id":"https:\/\/dicodusport.fr\/blog\/athletisme-championnats-deurope-salle-2025-deux-nouvelles-medailles-pour-les-bleus-le-resume-du-samedi-soir\/#primaryimage"},"thumbnailUrl":"https:\/\/dicodusport.fr\/blog\/wp-content\/uploads\/2025\/03\/Athletisme-Championnats-dEurope-salle-2025-Deux-nouvelles-medailles-pour-les-Bleus-le-resume-du-samedi-soir.png","datePublished":"2025-03-08T21:18:37+00:00","dateModified":"2025-03-09T02:21:53+00:00","description":"CHAMPIONNATS D'EUROPE D'ATHL\u00c9TISME EN SALLE 2025 - Marie-Julie Bonnin et Jimy Soudril d\u00e9crochent la m\u00e9daille de bronze ce samedi soir.","breadcrumb":{"@id":"https:\/\/dicodusport.fr\/blog\/athletisme-championnats-deurope-salle-2025-deux-nouvelles-medailles-pour-les-bleus-le-resume-du-samedi-soir\/#breadcrumb"},"inLanguage":"fr-FR","potentialAction":[{"@type":"ReadAction","target":["https:\/\/dicodusport.fr\/blog\/athletisme-championnats-deurope-salle-2025-deux-nouvelles-medailles-pour-les-bleus-le-resume-du-samedi-soir\/"]}]},{"@type":"ImageObject","inLanguage":"fr-FR","@id":"https:\/\/dicodusport.fr\/blog\/athletisme-championnats-deurope-salle-2025-deux-nouvelles-medailles-pour-les-bleus-le-resume-du-samedi-soir\/#primaryimage","url":"https:\/\/dicodusport.fr\/blog\/wp-content\/uploads\/2025\/03\/Athletisme-Championnats-dEurope-salle-2025-Deux-nouvelles-medailles-pour-les-Bleus-le-resume-du-samedi-soir.png","contentUrl":"https:\/\/dicodusport.fr\/blog\/wp-content\/uploads\/2025\/03\/Athletisme-Championnats-dEurope-salle-2025-Deux-nouvelles-medailles-pour-les-Bleus-le-resume-du-samedi-soir.png","width":1200,"height":674,"caption":"Athl\u00e9tisme Championnats d'Europe (salle) 2025 : Deux nouvelles m\u00e9dailles pour les Bleus, le r\u00e9sum\u00e9 du samedi soir"},{"@type":"BreadcrumbList","@id":"https:\/\/dicodusport.fr\/blog\/athletisme-championnats-deurope-salle-2025-deux-nouvelles-medailles-pour-les-bleus-le-resume-du-samedi-soir\/#breadcrumb","itemListElement":[{"@type":"ListItem","position":1,"name":"Accueil","item":"https:\/\/dicodusport.fr\/blog\/"},{"@type":"ListItem","position":2,"name":"Athl\u00e9tisme Championnats d&rsquo;Europe (salle) 2025 : Deux nouvelles m\u00e9dailles pour les Bleus, le r\u00e9sum\u00e9 du samedi soir"}]},{"@type":"WebSite","@id":"https:\/\/dicodusport.fr\/blog\/#website","url":"https:\/\/dicodusport.fr\/blog\/","name":"Dicodusport","description":"L&#039;encyclop\u00e9die de l&#039;actualit\u00e9 sportive","publisher":{"@id":"https:\/\/dicodusport.fr\/blog\/#organization"},"potentialAction":[{"@type":"SearchAction","target":{"@type":"EntryPoint","urlTemplate":"https:\/\/dicodusport.fr\/blog\/?s={search_term_string}"},"query-input":{"@type":"PropertyValueSpecification","valueRequired":true,"valueName":"search_term_string"}}],"inLanguage":"fr-FR"},{"@type":"NewsMediaOrganization","@id":"https:\/\/dicodusport.fr\/blog\/#organization","name":"Dicodusport","url":"https:\/\/dicodusport.fr\/blog\/","logo":{"@type":"ImageObject","inLanguage":"fr-FR","@id":"https:\/\/dicodusport.fr\/blog\/#\/schema\/logo\/image\/","url":"https:\/\/dicodusport.fr\/blog\/wp-content\/uploads\/2020\/06\/cropped-LOGO-DICODUSPORT-2020-SANS-FOND-SANS-TEXTE.png","contentUrl":"https:\/\/dicodusport.fr\/blog\/wp-content\/uploads\/2020\/06\/cropped-LOGO-DICODUSPORT-2020-SANS-FOND-SANS-TEXTE.png","width":512,"height":512,"caption":"Dicodusport"},"image":{"@id":"https:\/\/dicodusport.fr\/blog\/#\/schema\/logo\/image\/"},"sameAs":["https:\/\/www.facebook.com\/dicodusport","https:\/\/x.com\/dicodusport","https:\/\/www.instagram.com\/dicodusport\/","https:\/\/www.youtube.com\/channel\/UC7V2KZ5sd3htJivAbA4ZG3w"],"description":"Dicodusport est l'encyclop\u00e9die de l'actualit\u00e9 sportive.","email":"bonjour@dicodusport.fr","legalName":"DICODUSPORT","foundingDate":"2018-01-14","vatID":"FR71834470973","taxID":"83447097300043","numberOfEmployees":{"@type":"QuantitativeValue","minValue":"1","maxValue":"10"}},{"@type":"Person","@id":"https:\/\/dicodusport.fr\/blog\/#\/schema\/person\/d603dd7da31fb2b46c82b9835a77ec13","name":"Etienne Goursaud","image":{"@type":"ImageObject","inLanguage":"fr-FR","@id":"https:\/\/dicodusport.fr\/blog\/#\/schema\/person\/image\/","url":"https:\/\/dicodusport.fr\/blog\/wp-content\/uploads\/2023\/12\/410122264_10231602061736049_5565839791558026645_n-150x150.jpg","contentUrl":"https:\/\/dicodusport.fr\/blog\/wp-content\/uploads\/2023\/12\/410122264_10231602061736049_5565839791558026645_n-150x150.jpg","caption":"Etienne Goursaud"},"description":"Journaliste et amoureux de sport. Ancien footballeur reconverti athl\u00e8te quand ses muscles le laissent tranquille. \u00c9lev\u00e9 \u00e0 la sauce des exploits de Thomas Voeckler en 2004, du dernier essai de l\u00e9gende de Eunice Barber \u00e0 la longueur lors des championnats du monde d'athl\u00e9tisme de 2003 mais aussi Zidane, Omeyer et Titou Lamaison.","url":"https:\/\/dicodusport.fr\/blog\/author\/etienne-goursaud\/"}]}},"_links":{"self":[{"href":"https:\/\/dicodusport.fr\/blog\/wp-json\/wp\/v2\/posts\/562427","targetHints":{"allow":["GET"]}}],"collection":[{"href":"https:\/\/dicodusport.fr\/blog\/wp-json\/wp\/v2\/posts"}],"about":[{"href":"https:\/\/dicodusport.fr\/blog\/wp-json\/wp\/v2\/types\/post"}],"author":[{"embeddable":true,"href":"https:\/\/dicodusport.fr\/blog\/wp-json\/wp\/v2\/users\/83"}],"replies":[{"embeddable":true,"href":"https:\/\/dicodusport.fr\/blog\/wp-json\/wp\/v2\/comments?post=562427"}],"version-history":[{"count":5,"href":"https:\/\/dicodusport.fr\/blog\/wp-json\/wp\/v2\/posts\/562427\/revisions"}],"predecessor-version":[{"id":562552,"href":"https:\/\/dicodusport.fr\/blog\/wp-json\/wp\/v2\/posts\/562427\/revisions\/562552"}],"wp:featuredmedia":[{"embeddable":true,"href":"https:\/\/dicodusport.fr\/blog\/wp-json\/wp\/v2\/media\/562522"}],"wp:attachment":[{"href":"https:\/\/dicodusport.fr\/blog\/wp-json\/wp\/v2\/media?parent=562427"}],"wp:term":[{"taxonomy":"category","embeddable":true,"href":"https:\/\/dicodusport.fr\/blog\/wp-json\/wp\/v2\/categories?post=562427"},{"taxonomy":"post_tag","embeddable":true,"href":"https:\/\/dicodusport.fr\/blog\/wp-json\/wp\/v2\/tags?post=562427"}],"curies":[{"name":"wp","href":"https:\/\/api.w.org\/{rel}","templated":true}]}}