{"id":562480,"date":"2025-03-08T21:12:30","date_gmt":"2025-03-08T20:12:30","guid":{"rendered":"https:\/\/dicodusport.fr\/blog\/?p=562480&#038;preview=true&#038;preview_id=562480"},"modified":"2025-03-08T22:25:56","modified_gmt":"2025-03-08T21:25:56","slug":"athletisme-europe-en-salle-marie-julie-bonnin-medaillee-de-bronze-au-saut-a-la-perche","status":"publish","type":"post","link":"https:\/\/dicodusport.fr\/blog\/athletisme-europe-en-salle-marie-julie-bonnin-medaillee-de-bronze-au-saut-a-la-perche\/","title":{"rendered":"Athl\u00e9tisme Europe en salle : Marie-Julie Bonnin m\u00e9daill\u00e9e de bronze au saut \u00e0 la perche"},"content":{"rendered":"<h4 style=\"text-align: justify;\"><em>CHAMPIONNATS D\u2019EUROPE D\u2019ATHL\u00c9TISME EN SALLE 2025 <\/em><em>&#8211; Marie-Julie Bonnin obtient sa premi\u00e8re m\u00e9daille internationale seniors en remportant le bronze lors de la finale du saut \u00e0 la perche. Angelica Moser est championne d&rsquo;Europe.<\/em><\/h4>\n<ul>\n<li style=\"text-align: justify;\"><strong>\u00c0 ce sujet \u2013\u00a0<a href=\"https:\/\/dicodusport.fr\/blog\/athletisme-programme-et-resultats-championnats-deurope-en-salle-2025\/\">Athl\u00e9tisme : Programme et r\u00e9sultats Championnats d\u2019Europe en salle 2025<\/a><\/strong><\/li>\n<\/ul>\n<p style=\"text-align: justify;\"><span style=\"font-weight: 400;\">La pression qui redescend et beaucoup d\u2019\u00e9motions, <\/span><b>Marie-Julie Bonnin <\/b><span style=\"font-weight: 400;\">l\u00e2che tout. La Bordelaise de 23 ans remporte la m\u00e9daille de bronze lors du concours de saut \u00e0 la perche aux championnats d\u2019Europe en salle d\u2019Apeldoorn et fond en larmes apr\u00e8s avoir assur\u00e9 ce podium. C\u2019est la premi\u00e8re fois qu\u2019elle obtient une breloque lors d\u2019un rendez-vous international seniors.<\/span><\/p>\n<blockquote class=\"twitter-tweet\">\n<p dir=\"ltr\" lang=\"fr\">\ud83e\udd49 Marie-Julie Bonnin en bronze \u00e0 la perche !!!<\/p>\n<p>\ud83e\udd29 Avec une barre \u00e0 4,70 m franchie au 2e essai, elle d\u00e9croche sa premi\u00e8re m\u00e9daille internationale chez les seniors !<\/p>\n<p>\ud83d\udcbb La comp\u00e9tition est \u00e0 suivre en DIRECT sur <a href=\"https:\/\/t.co\/EpsBjowTd8\">https:\/\/t.co\/EpsBjowTd8<\/a>. <a href=\"https:\/\/t.co\/ZjDZY3gIAH\">pic.twitter.com\/ZjDZY3gIAH<\/a><\/p>\n<p>\u2014 FFAthl\u00e9tisme (@FFAthletisme) <a href=\"https:\/\/twitter.com\/FFAthletisme\/status\/1898468467898257771?ref_src=twsrc%5Etfw\">March 8, 2025<\/a><\/p><\/blockquote>\n<p><script async src=\"https:\/\/platform.twitter.com\/widgets.js\" charset=\"utf-8\"><\/script><\/p>\n<p style=\"text-align: justify;\"><span style=\"font-weight: 400;\">Cet accomplissement dans sa jeune carri\u00e8re s\u2019est jou\u00e9 aux essais. <\/span><b>Bonnin <\/b><span style=\"font-weight: 400;\">n\u2019\u00e9tait pas seule \u00e0 4,70 m et si <\/span><b>Elina Lampela <\/b><span style=\"font-weight: 400;\">ou <\/span><b>Roberta Bruni <\/b><span style=\"font-weight: 400;\">passaient la barre sup\u00e9rieure, la m\u00e9daille s\u2019envolait. Ni l\u2019Italienne, ni la Finlandaise n&rsquo;auront r\u00e9ussi \u00e0 passer. M\u00eame s\u2019il n\u2019y a pas de record de France \u00e0 la cl\u00e9, elle remporte le bronze. Avec 4,80 m, la Suissesse <\/span><b>Angelica Moser <\/b><span style=\"font-weight: 400;\">est championne d\u2019Europe devant la Slov\u00e8ne <\/span><b>Tina Sutej.<\/b><\/p>\n","protected":false},"excerpt":{"rendered":"<p>Marie-Julie Bonnin m\u00e9daill\u00e9e de bronze au saut \u00e0 la perche<\/p>\n","protected":false},"author":61,"featured_media":562534,"comment_status":"open","ping_status":"closed","sticky":false,"template":"","format":"standard","meta":{"_acf_changed":false,"_daextam_enable_autolinks":"1","footnotes":""},"categories":[2308],"tags":[32415,143,16878,5659,32833],"class_list":["post-562480","post","type-post","status-publish","format-standard","has-post-thumbnail","hentry","category-athletisme","tag-actu","tag-athletisme","tag-breve","tag-championnats-deurope-dathletisme","tag-marie-julie-bonnin"],"acf":[],"yoast_head":"<!-- This site is optimized with the Yoast SEO Premium plugin v26.7 (Yoast SEO v26.7) - https:\/\/yoast.com\/wordpress\/plugins\/seo\/ -->\n<title>Athl\u00e9tisme Europe en salle : Marie-Julie Bonnin m\u00e9daill\u00e9e de bronze au saut \u00e0 la perche<\/title>\n<meta name=\"description\" content=\"Marie-Julie Bonnin obtient sa premi\u00e8re m\u00e9daille internationale seniors en remportant le bronze lors de la finale du saut \u00e0 la perche.\" \/>\n<meta name=\"robots\" content=\"index, follow, max-snippet:-1, max-image-preview:large, max-video-preview:-1\" \/>\n<link rel=\"canonical\" href=\"https:\/\/dicodusport.fr\/blog\/athletisme-europe-en-salle-marie-julie-bonnin-medaillee-de-bronze-au-saut-a-la-perche\/\" \/>\n<meta property=\"og:locale\" content=\"fr_FR\" \/>\n<meta property=\"og:type\" content=\"article\" \/>\n<meta property=\"og:title\" content=\"Athl\u00e9tisme Europe en salle : Marie-Julie Bonnin m\u00e9daill\u00e9e de bronze au saut \u00e0 la perche\" \/>\n<meta property=\"og:description\" content=\"Marie-Julie Bonnin obtient sa premi\u00e8re m\u00e9daille internationale seniors en remportant le bronze lors de la finale du saut \u00e0 la perche.\" \/>\n<meta property=\"og:url\" content=\"https:\/\/dicodusport.fr\/blog\/athletisme-europe-en-salle-marie-julie-bonnin-medaillee-de-bronze-au-saut-a-la-perche\/\" \/>\n<meta property=\"og:site_name\" content=\"Dicodusport\" \/>\n<meta property=\"article:publisher\" content=\"https:\/\/www.facebook.com\/dicodusport\" \/>\n<meta property=\"article:published_time\" content=\"2025-03-08T20:12:30+00:00\" \/>\n<meta property=\"article:modified_time\" content=\"2025-03-08T21:25:56+00:00\" \/>\n<meta property=\"og:image\" content=\"https:\/\/dicodusport.fr\/blog\/wp-content\/uploads\/2025\/03\/Athletisme-Europe-en-salle-Marie-Julie-Bonnin-medaillee-de-bronze-au-saut-a-la-perche-1.png\" \/>\n\t<meta property=\"og:image:width\" content=\"1200\" \/>\n\t<meta property=\"og:image:height\" content=\"674\" \/>\n\t<meta property=\"og:image:type\" content=\"image\/png\" \/>\n<meta name=\"author\" content=\"Pierre Gorce\" \/>\n<meta name=\"twitter:card\" content=\"summary_large_image\" \/>\n<meta name=\"twitter:title\" content=\"Athl\u00e9tisme Europe en salle : Marie-Julie Bonnin m\u00e9daill\u00e9e de bronze au saut \u00e0 la perche\" \/>\n<meta name=\"twitter:creator\" content=\"@https:\/\/twitter.com\/pierregorce12\" \/>\n<meta name=\"twitter:site\" content=\"@dicodusport\" \/>\n<script type=\"application\/ld+json\" class=\"yoast-schema-graph\">{\"@context\":\"https:\/\/schema.org\",\"@graph\":[{\"@type\":\"NewsArticle\",\"@id\":\"https:\/\/dicodusport.fr\/blog\/athletisme-europe-en-salle-marie-julie-bonnin-medaillee-de-bronze-au-saut-a-la-perche\/#article\",\"isPartOf\":{\"@id\":\"https:\/\/dicodusport.fr\/blog\/athletisme-europe-en-salle-marie-julie-bonnin-medaillee-de-bronze-au-saut-a-la-perche\/\"},\"author\":{\"name\":\"Pierre Gorce\",\"@id\":\"https:\/\/dicodusport.fr\/blog\/#\/schema\/person\/0eaf70b33d703a1a66b1155ac1bda018\"},\"headline\":\"Athl\u00e9tisme Europe en salle : Marie-Julie Bonnin m\u00e9daill\u00e9e de bronze au saut \u00e0 la perche\",\"datePublished\":\"2025-03-08T20:12:30+00:00\",\"dateModified\":\"2025-03-08T21:25:56+00:00\",\"mainEntityOfPage\":{\"@id\":\"https:\/\/dicodusport.fr\/blog\/athletisme-europe-en-salle-marie-julie-bonnin-medaillee-de-bronze-au-saut-a-la-perche\/\"},\"wordCount\":258,\"commentCount\":0,\"publisher\":{\"@id\":\"https:\/\/dicodusport.fr\/blog\/#organization\"},\"image\":{\"@id\":\"https:\/\/dicodusport.fr\/blog\/athletisme-europe-en-salle-marie-julie-bonnin-medaillee-de-bronze-au-saut-a-la-perche\/#primaryimage\"},\"thumbnailUrl\":\"https:\/\/dicodusport.fr\/blog\/wp-content\/uploads\/2025\/03\/Athletisme-Europe-en-salle-Marie-Julie-Bonnin-medaillee-de-bronze-au-saut-a-la-perche-1.png\",\"keywords\":[\"actu\",\"Athl\u00e9tisme\",\"br\u00e8ve\",\"Championnats d'Europe d'athl\u00e9tisme\",\"Marie-Julie Bonnin\"],\"articleSection\":[\"Athl\u00e9tisme\"],\"inLanguage\":\"fr-FR\",\"potentialAction\":[{\"@type\":\"CommentAction\",\"name\":\"Comment\",\"target\":[\"https:\/\/dicodusport.fr\/blog\/athletisme-europe-en-salle-marie-julie-bonnin-medaillee-de-bronze-au-saut-a-la-perche\/#respond\"]}],\"copyrightYear\":\"2025\",\"copyrightHolder\":{\"@id\":\"https:\/\/dicodusport.fr\/blog\/#organization\"}},{\"@type\":\"WebPage\",\"@id\":\"https:\/\/dicodusport.fr\/blog\/athletisme-europe-en-salle-marie-julie-bonnin-medaillee-de-bronze-au-saut-a-la-perche\/\",\"url\":\"https:\/\/dicodusport.fr\/blog\/athletisme-europe-en-salle-marie-julie-bonnin-medaillee-de-bronze-au-saut-a-la-perche\/\",\"name\":\"Athl\u00e9tisme Europe en salle : Marie-Julie Bonnin m\u00e9daill\u00e9e de bronze au saut \u00e0 la perche\",\"isPartOf\":{\"@id\":\"https:\/\/dicodusport.fr\/blog\/#website\"},\"primaryImageOfPage\":{\"@id\":\"https:\/\/dicodusport.fr\/blog\/athletisme-europe-en-salle-marie-julie-bonnin-medaillee-de-bronze-au-saut-a-la-perche\/#primaryimage\"},\"image\":{\"@id\":\"https:\/\/dicodusport.fr\/blog\/athletisme-europe-en-salle-marie-julie-bonnin-medaillee-de-bronze-au-saut-a-la-perche\/#primaryimage\"},\"thumbnailUrl\":\"https:\/\/dicodusport.fr\/blog\/wp-content\/uploads\/2025\/03\/Athletisme-Europe-en-salle-Marie-Julie-Bonnin-medaillee-de-bronze-au-saut-a-la-perche-1.png\",\"datePublished\":\"2025-03-08T20:12:30+00:00\",\"dateModified\":\"2025-03-08T21:25:56+00:00\",\"description\":\"Marie-Julie Bonnin obtient sa premi\u00e8re m\u00e9daille internationale seniors en remportant le bronze lors de la finale du saut \u00e0 la perche.\",\"breadcrumb\":{\"@id\":\"https:\/\/dicodusport.fr\/blog\/athletisme-europe-en-salle-marie-julie-bonnin-medaillee-de-bronze-au-saut-a-la-perche\/#breadcrumb\"},\"inLanguage\":\"fr-FR\",\"potentialAction\":[{\"@type\":\"ReadAction\",\"target\":[\"https:\/\/dicodusport.fr\/blog\/athletisme-europe-en-salle-marie-julie-bonnin-medaillee-de-bronze-au-saut-a-la-perche\/\"]}]},{\"@type\":\"ImageObject\",\"inLanguage\":\"fr-FR\",\"@id\":\"https:\/\/dicodusport.fr\/blog\/athletisme-europe-en-salle-marie-julie-bonnin-medaillee-de-bronze-au-saut-a-la-perche\/#primaryimage\",\"url\":\"https:\/\/dicodusport.fr\/blog\/wp-content\/uploads\/2025\/03\/Athletisme-Europe-en-salle-Marie-Julie-Bonnin-medaillee-de-bronze-au-saut-a-la-perche-1.png\",\"contentUrl\":\"https:\/\/dicodusport.fr\/blog\/wp-content\/uploads\/2025\/03\/Athletisme-Europe-en-salle-Marie-Julie-Bonnin-medaillee-de-bronze-au-saut-a-la-perche-1.png\",\"width\":1200,\"height\":674,\"caption\":\"Athl\u00e9tisme Europe en salle Marie-Julie Bonnin m\u00e9daill\u00e9e de bronze au saut \u00e0 la perche (1)\"},{\"@type\":\"BreadcrumbList\",\"@id\":\"https:\/\/dicodusport.fr\/blog\/athletisme-europe-en-salle-marie-julie-bonnin-medaillee-de-bronze-au-saut-a-la-perche\/#breadcrumb\",\"itemListElement\":[{\"@type\":\"ListItem\",\"position\":1,\"name\":\"Accueil\",\"item\":\"https:\/\/dicodusport.fr\/blog\/\"},{\"@type\":\"ListItem\",\"position\":2,\"name\":\"Athl\u00e9tisme Europe en salle : Marie-Julie Bonnin m\u00e9daill\u00e9e de bronze au saut \u00e0 la perche\"}]},{\"@type\":\"WebSite\",\"@id\":\"https:\/\/dicodusport.fr\/blog\/#website\",\"url\":\"https:\/\/dicodusport.fr\/blog\/\",\"name\":\"Dicodusport\",\"description\":\"L&#039;encyclop\u00e9die de l&#039;actualit\u00e9 sportive\",\"publisher\":{\"@id\":\"https:\/\/dicodusport.fr\/blog\/#organization\"},\"potentialAction\":[{\"@type\":\"SearchAction\",\"target\":{\"@type\":\"EntryPoint\",\"urlTemplate\":\"https:\/\/dicodusport.fr\/blog\/?s={search_term_string}\"},\"query-input\":{\"@type\":\"PropertyValueSpecification\",\"valueRequired\":true,\"valueName\":\"search_term_string\"}}],\"inLanguage\":\"fr-FR\"},{\"@type\":\"NewsMediaOrganization\",\"@id\":\"https:\/\/dicodusport.fr\/blog\/#organization\",\"name\":\"Dicodusport\",\"url\":\"https:\/\/dicodusport.fr\/blog\/\",\"logo\":{\"@type\":\"ImageObject\",\"inLanguage\":\"fr-FR\",\"@id\":\"https:\/\/dicodusport.fr\/blog\/#\/schema\/logo\/image\/\",\"url\":\"https:\/\/dicodusport.fr\/blog\/wp-content\/uploads\/2020\/06\/cropped-LOGO-DICODUSPORT-2020-SANS-FOND-SANS-TEXTE.png\",\"contentUrl\":\"https:\/\/dicodusport.fr\/blog\/wp-content\/uploads\/2020\/06\/cropped-LOGO-DICODUSPORT-2020-SANS-FOND-SANS-TEXTE.png\",\"width\":512,\"height\":512,\"caption\":\"Dicodusport\"},\"image\":{\"@id\":\"https:\/\/dicodusport.fr\/blog\/#\/schema\/logo\/image\/\"},\"sameAs\":[\"https:\/\/www.facebook.com\/dicodusport\",\"https:\/\/x.com\/dicodusport\",\"https:\/\/www.instagram.com\/dicodusport\/\",\"https:\/\/www.youtube.com\/channel\/UC7V2KZ5sd3htJivAbA4ZG3w\"],\"description\":\"Dicodusport est l'encyclop\u00e9die de l'actualit\u00e9 sportive.\",\"email\":\"bonjour@dicodusport.fr\",\"legalName\":\"DICODUSPORT\",\"foundingDate\":\"2018-01-14\",\"vatID\":\"FR71834470973\",\"taxID\":\"83447097300043\",\"numberOfEmployees\":{\"@type\":\"QuantitativeValue\",\"minValue\":\"1\",\"maxValue\":\"10\"}},{\"@type\":\"Person\",\"@id\":\"https:\/\/dicodusport.fr\/blog\/#\/schema\/person\/0eaf70b33d703a1a66b1155ac1bda018\",\"name\":\"Pierre Gorce\",\"image\":{\"@type\":\"ImageObject\",\"inLanguage\":\"fr-FR\",\"@id\":\"https:\/\/dicodusport.fr\/blog\/#\/schema\/person\/image\/\",\"url\":\"https:\/\/dicodusport.fr\/blog\/wp-content\/uploads\/2022\/03\/IMG_20211214_233053_722-150x150.jpg\",\"contentUrl\":\"https:\/\/dicodusport.fr\/blog\/wp-content\/uploads\/2022\/03\/IMG_20211214_233053_722-150x150.jpg\",\"caption\":\"Pierre Gorce\"},\"description\":\"Couteau suisse venant tout droit de Haute-Savoie. Habitu\u00e9 \u00e0 regarder du sport depuis petit, j'en ai maintenant fait mon m\u00e9tier. Des sports d'hiver au surf, en passant par le tennis, la F1, le handball et l'athl\u00e9tisme, j'essaie d'avoir mes yeux sur l'enti\u00e8ret\u00e9 de l'actualit\u00e9. Jeune homme berc\u00e9 par les exploits de Jean-Baptiste Grange, Sebastian Vettel et des Experts. Membre de la g\u00e9n\u00e9ration 1999 comme Luka Doncic, Sydney McLaughlin, Lando Norris et Loana Lecomte, mais avec beaucoup moins de talent qu'eux.\",\"sameAs\":[\"https:\/\/x.com\/https:\/\/twitter.com\/pierregorce12\"],\"birthDate\":\"1999-08-29\",\"url\":\"https:\/\/dicodusport.fr\/blog\/author\/pierreg\/\"}]}<\/script>\n<!-- \/ Yoast SEO Premium plugin. -->","yoast_head_json":{"title":"Athl\u00e9tisme Europe en salle : Marie-Julie Bonnin m\u00e9daill\u00e9e de bronze au saut \u00e0 la perche","description":"Marie-Julie Bonnin obtient sa premi\u00e8re m\u00e9daille internationale seniors en remportant le bronze lors de la finale du saut \u00e0 la perche.","robots":{"index":"index","follow":"follow","max-snippet":"max-snippet:-1","max-image-preview":"max-image-preview:large","max-video-preview":"max-video-preview:-1"},"canonical":"https:\/\/dicodusport.fr\/blog\/athletisme-europe-en-salle-marie-julie-bonnin-medaillee-de-bronze-au-saut-a-la-perche\/","og_locale":"fr_FR","og_type":"article","og_title":"Athl\u00e9tisme Europe en salle : Marie-Julie Bonnin m\u00e9daill\u00e9e de bronze au saut \u00e0 la perche","og_description":"Marie-Julie Bonnin obtient sa premi\u00e8re m\u00e9daille internationale seniors en remportant le bronze lors de la finale du saut \u00e0 la perche.","og_url":"https:\/\/dicodusport.fr\/blog\/athletisme-europe-en-salle-marie-julie-bonnin-medaillee-de-bronze-au-saut-a-la-perche\/","og_site_name":"Dicodusport","article_publisher":"https:\/\/www.facebook.com\/dicodusport","article_published_time":"2025-03-08T20:12:30+00:00","article_modified_time":"2025-03-08T21:25:56+00:00","og_image":[{"width":1200,"height":674,"url":"https:\/\/dicodusport.fr\/blog\/wp-content\/uploads\/2025\/03\/Athletisme-Europe-en-salle-Marie-Julie-Bonnin-medaillee-de-bronze-au-saut-a-la-perche-1.png","type":"image\/png"}],"author":"Pierre Gorce","twitter_card":"summary_large_image","twitter_title":"Athl\u00e9tisme Europe en salle : Marie-Julie Bonnin m\u00e9daill\u00e9e de bronze au saut \u00e0 la perche","twitter_creator":"@https:\/\/twitter.com\/pierregorce12","twitter_site":"@dicodusport","schema":{"@context":"https:\/\/schema.org","@graph":[{"@type":"NewsArticle","@id":"https:\/\/dicodusport.fr\/blog\/athletisme-europe-en-salle-marie-julie-bonnin-medaillee-de-bronze-au-saut-a-la-perche\/#article","isPartOf":{"@id":"https:\/\/dicodusport.fr\/blog\/athletisme-europe-en-salle-marie-julie-bonnin-medaillee-de-bronze-au-saut-a-la-perche\/"},"author":{"name":"Pierre Gorce","@id":"https:\/\/dicodusport.fr\/blog\/#\/schema\/person\/0eaf70b33d703a1a66b1155ac1bda018"},"headline":"Athl\u00e9tisme Europe en salle : Marie-Julie Bonnin m\u00e9daill\u00e9e de bronze au saut \u00e0 la perche","datePublished":"2025-03-08T20:12:30+00:00","dateModified":"2025-03-08T21:25:56+00:00","mainEntityOfPage":{"@id":"https:\/\/dicodusport.fr\/blog\/athletisme-europe-en-salle-marie-julie-bonnin-medaillee-de-bronze-au-saut-a-la-perche\/"},"wordCount":258,"commentCount":0,"publisher":{"@id":"https:\/\/dicodusport.fr\/blog\/#organization"},"image":{"@id":"https:\/\/dicodusport.fr\/blog\/athletisme-europe-en-salle-marie-julie-bonnin-medaillee-de-bronze-au-saut-a-la-perche\/#primaryimage"},"thumbnailUrl":"https:\/\/dicodusport.fr\/blog\/wp-content\/uploads\/2025\/03\/Athletisme-Europe-en-salle-Marie-Julie-Bonnin-medaillee-de-bronze-au-saut-a-la-perche-1.png","keywords":["actu","Athl\u00e9tisme","br\u00e8ve","Championnats d'Europe d'athl\u00e9tisme","Marie-Julie Bonnin"],"articleSection":["Athl\u00e9tisme"],"inLanguage":"fr-FR","potentialAction":[{"@type":"CommentAction","name":"Comment","target":["https:\/\/dicodusport.fr\/blog\/athletisme-europe-en-salle-marie-julie-bonnin-medaillee-de-bronze-au-saut-a-la-perche\/#respond"]}],"copyrightYear":"2025","copyrightHolder":{"@id":"https:\/\/dicodusport.fr\/blog\/#organization"}},{"@type":"WebPage","@id":"https:\/\/dicodusport.fr\/blog\/athletisme-europe-en-salle-marie-julie-bonnin-medaillee-de-bronze-au-saut-a-la-perche\/","url":"https:\/\/dicodusport.fr\/blog\/athletisme-europe-en-salle-marie-julie-bonnin-medaillee-de-bronze-au-saut-a-la-perche\/","name":"Athl\u00e9tisme Europe en salle : Marie-Julie Bonnin m\u00e9daill\u00e9e de bronze au saut \u00e0 la perche","isPartOf":{"@id":"https:\/\/dicodusport.fr\/blog\/#website"},"primaryImageOfPage":{"@id":"https:\/\/dicodusport.fr\/blog\/athletisme-europe-en-salle-marie-julie-bonnin-medaillee-de-bronze-au-saut-a-la-perche\/#primaryimage"},"image":{"@id":"https:\/\/dicodusport.fr\/blog\/athletisme-europe-en-salle-marie-julie-bonnin-medaillee-de-bronze-au-saut-a-la-perche\/#primaryimage"},"thumbnailUrl":"https:\/\/dicodusport.fr\/blog\/wp-content\/uploads\/2025\/03\/Athletisme-Europe-en-salle-Marie-Julie-Bonnin-medaillee-de-bronze-au-saut-a-la-perche-1.png","datePublished":"2025-03-08T20:12:30+00:00","dateModified":"2025-03-08T21:25:56+00:00","description":"Marie-Julie Bonnin obtient sa premi\u00e8re m\u00e9daille internationale seniors en remportant le bronze lors de la finale du saut \u00e0 la perche.","breadcrumb":{"@id":"https:\/\/dicodusport.fr\/blog\/athletisme-europe-en-salle-marie-julie-bonnin-medaillee-de-bronze-au-saut-a-la-perche\/#breadcrumb"},"inLanguage":"fr-FR","potentialAction":[{"@type":"ReadAction","target":["https:\/\/dicodusport.fr\/blog\/athletisme-europe-en-salle-marie-julie-bonnin-medaillee-de-bronze-au-saut-a-la-perche\/"]}]},{"@type":"ImageObject","inLanguage":"fr-FR","@id":"https:\/\/dicodusport.fr\/blog\/athletisme-europe-en-salle-marie-julie-bonnin-medaillee-de-bronze-au-saut-a-la-perche\/#primaryimage","url":"https:\/\/dicodusport.fr\/blog\/wp-content\/uploads\/2025\/03\/Athletisme-Europe-en-salle-Marie-Julie-Bonnin-medaillee-de-bronze-au-saut-a-la-perche-1.png","contentUrl":"https:\/\/dicodusport.fr\/blog\/wp-content\/uploads\/2025\/03\/Athletisme-Europe-en-salle-Marie-Julie-Bonnin-medaillee-de-bronze-au-saut-a-la-perche-1.png","width":1200,"height":674,"caption":"Athl\u00e9tisme Europe en salle Marie-Julie Bonnin m\u00e9daill\u00e9e de bronze au saut \u00e0 la perche (1)"},{"@type":"BreadcrumbList","@id":"https:\/\/dicodusport.fr\/blog\/athletisme-europe-en-salle-marie-julie-bonnin-medaillee-de-bronze-au-saut-a-la-perche\/#breadcrumb","itemListElement":[{"@type":"ListItem","position":1,"name":"Accueil","item":"https:\/\/dicodusport.fr\/blog\/"},{"@type":"ListItem","position":2,"name":"Athl\u00e9tisme Europe en salle : Marie-Julie Bonnin m\u00e9daill\u00e9e de bronze au saut \u00e0 la perche"}]},{"@type":"WebSite","@id":"https:\/\/dicodusport.fr\/blog\/#website","url":"https:\/\/dicodusport.fr\/blog\/","name":"Dicodusport","description":"L&#039;encyclop\u00e9die de l&#039;actualit\u00e9 sportive","publisher":{"@id":"https:\/\/dicodusport.fr\/blog\/#organization"},"potentialAction":[{"@type":"SearchAction","target":{"@type":"EntryPoint","urlTemplate":"https:\/\/dicodusport.fr\/blog\/?s={search_term_string}"},"query-input":{"@type":"PropertyValueSpecification","valueRequired":true,"valueName":"search_term_string"}}],"inLanguage":"fr-FR"},{"@type":"NewsMediaOrganization","@id":"https:\/\/dicodusport.fr\/blog\/#organization","name":"Dicodusport","url":"https:\/\/dicodusport.fr\/blog\/","logo":{"@type":"ImageObject","inLanguage":"fr-FR","@id":"https:\/\/dicodusport.fr\/blog\/#\/schema\/logo\/image\/","url":"https:\/\/dicodusport.fr\/blog\/wp-content\/uploads\/2020\/06\/cropped-LOGO-DICODUSPORT-2020-SANS-FOND-SANS-TEXTE.png","contentUrl":"https:\/\/dicodusport.fr\/blog\/wp-content\/uploads\/2020\/06\/cropped-LOGO-DICODUSPORT-2020-SANS-FOND-SANS-TEXTE.png","width":512,"height":512,"caption":"Dicodusport"},"image":{"@id":"https:\/\/dicodusport.fr\/blog\/#\/schema\/logo\/image\/"},"sameAs":["https:\/\/www.facebook.com\/dicodusport","https:\/\/x.com\/dicodusport","https:\/\/www.instagram.com\/dicodusport\/","https:\/\/www.youtube.com\/channel\/UC7V2KZ5sd3htJivAbA4ZG3w"],"description":"Dicodusport est l'encyclop\u00e9die de l'actualit\u00e9 sportive.","email":"bonjour@dicodusport.fr","legalName":"DICODUSPORT","foundingDate":"2018-01-14","vatID":"FR71834470973","taxID":"83447097300043","numberOfEmployees":{"@type":"QuantitativeValue","minValue":"1","maxValue":"10"}},{"@type":"Person","@id":"https:\/\/dicodusport.fr\/blog\/#\/schema\/person\/0eaf70b33d703a1a66b1155ac1bda018","name":"Pierre Gorce","image":{"@type":"ImageObject","inLanguage":"fr-FR","@id":"https:\/\/dicodusport.fr\/blog\/#\/schema\/person\/image\/","url":"https:\/\/dicodusport.fr\/blog\/wp-content\/uploads\/2022\/03\/IMG_20211214_233053_722-150x150.jpg","contentUrl":"https:\/\/dicodusport.fr\/blog\/wp-content\/uploads\/2022\/03\/IMG_20211214_233053_722-150x150.jpg","caption":"Pierre Gorce"},"description":"Couteau suisse venant tout droit de Haute-Savoie. Habitu\u00e9 \u00e0 regarder du sport depuis petit, j'en ai maintenant fait mon m\u00e9tier. Des sports d'hiver au surf, en passant par le tennis, la F1, le handball et l'athl\u00e9tisme, j'essaie d'avoir mes yeux sur l'enti\u00e8ret\u00e9 de l'actualit\u00e9. Jeune homme berc\u00e9 par les exploits de Jean-Baptiste Grange, Sebastian Vettel et des Experts. Membre de la g\u00e9n\u00e9ration 1999 comme Luka Doncic, Sydney McLaughlin, Lando Norris et Loana Lecomte, mais avec beaucoup moins de talent qu'eux.","sameAs":["https:\/\/x.com\/https:\/\/twitter.com\/pierregorce12"],"birthDate":"1999-08-29","url":"https:\/\/dicodusport.fr\/blog\/author\/pierreg\/"}]}},"_links":{"self":[{"href":"https:\/\/dicodusport.fr\/blog\/wp-json\/wp\/v2\/posts\/562480","targetHints":{"allow":["GET"]}}],"collection":[{"href":"https:\/\/dicodusport.fr\/blog\/wp-json\/wp\/v2\/posts"}],"about":[{"href":"https:\/\/dicodusport.fr\/blog\/wp-json\/wp\/v2\/types\/post"}],"author":[{"embeddable":true,"href":"https:\/\/dicodusport.fr\/blog\/wp-json\/wp\/v2\/users\/61"}],"replies":[{"embeddable":true,"href":"https:\/\/dicodusport.fr\/blog\/wp-json\/wp\/v2\/comments?post=562480"}],"version-history":[{"count":5,"href":"https:\/\/dicodusport.fr\/blog\/wp-json\/wp\/v2\/posts\/562480\/revisions"}],"predecessor-version":[{"id":562512,"href":"https:\/\/dicodusport.fr\/blog\/wp-json\/wp\/v2\/posts\/562480\/revisions\/562512"}],"wp:featuredmedia":[{"embeddable":true,"href":"https:\/\/dicodusport.fr\/blog\/wp-json\/wp\/v2\/media\/562534"}],"wp:attachment":[{"href":"https:\/\/dicodusport.fr\/blog\/wp-json\/wp\/v2\/media?parent=562480"}],"wp:term":[{"taxonomy":"category","embeddable":true,"href":"https:\/\/dicodusport.fr\/blog\/wp-json\/wp\/v2\/categories?post=562480"},{"taxonomy":"post_tag","embeddable":true,"href":"https:\/\/dicodusport.fr\/blog\/wp-json\/wp\/v2\/tags?post=562480"}],"curies":[{"name":"wp","href":"https:\/\/api.w.org\/{rel}","templated":true}]}}