{"id":562496,"date":"2025-03-08T21:24:36","date_gmt":"2025-03-08T20:24:36","guid":{"rendered":"https:\/\/dicodusport.fr\/blog\/?p=562496&#038;preview=true&#038;preview_id=562496"},"modified":"2025-03-08T21:31:38","modified_gmt":"2025-03-08T20:31:38","slug":"athletisme-europe-en-salle-la-medaille-de-bronze-sur-le-400-metres-pour-jimy-soudril","status":"publish","type":"post","link":"https:\/\/dicodusport.fr\/blog\/athletisme-europe-en-salle-la-medaille-de-bronze-sur-le-400-metres-pour-jimy-soudril\/","title":{"rendered":"Athl\u00e9tisme Europe en salle : La m\u00e9daille de bronze sur le 400 m\u00e8tres pour Jimy Soudril"},"content":{"rendered":"<h4 style=\"text-align: justify;\"><em>CHAMPIONNATS D\u2019EUROPE D\u2019ATHL\u00c9TISME EN SALLE 2025 <\/em><em>&#8211; Jimy Soudril bat une nouvelle fois son record personnel et s&rsquo;offre la m\u00e9daille de bronze lors du 400 m\u00e8tres. Attila Moln\u00e1r remporte la course.<\/em><\/h4>\n<ul>\n<li style=\"text-align: justify;\"><strong>\u00c0 ce sujet \u2013\u00a0<a href=\"https:\/\/dicodusport.fr\/blog\/athletisme-programme-et-resultats-championnats-deurope-en-salle-2025\/\">Athl\u00e9tisme : Programme et r\u00e9sultats Championnats d\u2019Europe en salle 2025<\/a><\/strong><\/li>\n<\/ul>\n<p style=\"text-align: justify;\"><span style=\"font-weight: 400;\">Deux m\u00e9dailles coup sur coup. Quelques instants apr\u00e8s le bronze de <\/span><b>Marie-Julie Bonnin, Jimy Soudril <\/b><span style=\"font-weight: 400;\">r\u00e9cup\u00e8re un m\u00e9tal similaire lors de la finale du 400 m\u00e8tres. Le Fran\u00e7ais est 3e en 45.59, \u00e0 seulement cinq centi\u00e8mes du record de France de <strong>Leslie Djhone<\/strong>. <strong>Attila Moln\u00e1r<\/strong><\/span><b>\u00a0<\/b><span style=\"font-weight: 400;\">s\u2019impose en 45.25 devant <\/span><b>Maksymilian Szwed <\/b><span style=\"font-weight: 400;\">(45.31), nouveau record de Pologne et record d\u2019Europe U23.<\/span><\/p>\n<blockquote class=\"twitter-tweet\">\n<p dir=\"ltr\" lang=\"en\">Attila Molnar \ud83c\udded\ud83c\uddfa wins European Indoor 400m GOLD in 45.25s!\ud83e\udd47<\/p>\n<p>\ud83e\udd48 Maksymilian Szwed \ud83c\uddf5\ud83c\uddf1 45.31 (NR)<br \/>\n\ud83e\udd49 Jimy Soudril \ud83c\uddeb\ud83c\uddf7 45.59 (PB)<a href=\"https:\/\/t.co\/sETh7tn1Xu\">pic.twitter.com\/sETh7tn1Xu<\/a><\/p>\n<p>\u2014 Track &amp; Field Gazette (@TrackGazette) <a href=\"https:\/\/twitter.com\/TrackGazette\/status\/1898469811333525818?ref_src=twsrc%5Etfw\">March 8, 2025<\/a><\/p><\/blockquote>\n<p><script async src=\"https:\/\/platform.twitter.com\/widgets.js\" charset=\"utf-8\"><\/script><\/p>\n<p style=\"text-align: justify;\"><span style=\"font-weight: 400;\">C\u2019est donc all\u00e9 vite lors de cette course et les positions se sont finalement rapidement fig\u00e9es. Le Hongrois et le Polonais ont verrouill\u00e9 les deux premi\u00e8res places et <\/span><b>Jimy Soudril <\/b><span style=\"font-weight: 400;\">ne s\u2019est pas laiss\u00e9 d\u00e9border. L&rsquo;Espagnol <\/span><b>Inaki Canal <\/b><span style=\"font-weight: 400;\">est rest\u00e9 dans la foul\u00e9e du sprinteur de 26 ans et reste au pied du podium. Le compteur fran\u00e7ais atteint six m\u00e9dailles.<\/span><\/p>\n","protected":false},"excerpt":{"rendered":"<p>La m\u00e9daille de bronze sur le 400 m\u00e8tres pour Jimy Soudril<\/p>\n","protected":false},"author":61,"featured_media":562501,"comment_status":"open","ping_status":"closed","sticky":false,"template":"","format":"standard","meta":{"_acf_changed":false,"_daextam_enable_autolinks":"1","footnotes":""},"categories":[2308],"tags":[32415,143,16878,5659],"class_list":["post-562496","post","type-post","status-publish","format-standard","has-post-thumbnail","hentry","category-athletisme","tag-actu","tag-athletisme","tag-breve","tag-championnats-deurope-dathletisme"],"acf":[],"yoast_head":"<!-- This site is optimized with the Yoast SEO Premium plugin v26.7 (Yoast SEO v26.7) - https:\/\/yoast.com\/wordpress\/plugins\/seo\/ -->\n<title>Athl\u00e9tisme Europe en salle : La m\u00e9daille de bronze sur le 400 m\u00e8tres pour Jimy Soudril<\/title>\n<meta name=\"description\" content=\"CHAMPIONNATS D\u2019EUROPE D\u2019ATHL\u00c9TISME EN SALLE 2025 - Jimy Soudril bat une nouvelle fois son record personnel et s&#039;offre la m\u00e9daille de bronze lors du 400 m\u00e8tres.\" \/>\n<meta name=\"robots\" content=\"index, follow, max-snippet:-1, max-image-preview:large, max-video-preview:-1\" \/>\n<link rel=\"canonical\" href=\"https:\/\/dicodusport.fr\/blog\/athletisme-europe-en-salle-la-medaille-de-bronze-sur-le-400-metres-pour-jimy-soudril\/\" \/>\n<meta property=\"og:locale\" content=\"fr_FR\" \/>\n<meta property=\"og:type\" content=\"article\" \/>\n<meta property=\"og:title\" content=\"Athl\u00e9tisme Europe en salle : La m\u00e9daille de bronze sur le 400 m\u00e8tres pour Jimy Soudril\" \/>\n<meta property=\"og:description\" content=\"CHAMPIONNATS D\u2019EUROPE D\u2019ATHL\u00c9TISME EN SALLE 2025 - Jimy Soudril bat une nouvelle fois son record personnel et s&#039;offre la m\u00e9daille de bronze lors du 400 m\u00e8tres.\" \/>\n<meta property=\"og:url\" content=\"https:\/\/dicodusport.fr\/blog\/athletisme-europe-en-salle-la-medaille-de-bronze-sur-le-400-metres-pour-jimy-soudril\/\" \/>\n<meta property=\"og:site_name\" content=\"Dicodusport\" \/>\n<meta property=\"article:publisher\" content=\"https:\/\/www.facebook.com\/dicodusport\" \/>\n<meta property=\"article:published_time\" content=\"2025-03-08T20:24:36+00:00\" \/>\n<meta property=\"article:modified_time\" content=\"2025-03-08T20:31:38+00:00\" \/>\n<meta property=\"og:image\" content=\"https:\/\/dicodusport.fr\/blog\/wp-content\/uploads\/2025\/03\/Athletisme-Europe-en-salle-La-medaille-de-bronze-sur-le-400-metres-pour-Jimy-Soudril.png\" \/>\n\t<meta property=\"og:image:width\" content=\"1200\" \/>\n\t<meta property=\"og:image:height\" content=\"674\" \/>\n\t<meta property=\"og:image:type\" content=\"image\/png\" \/>\n<meta name=\"author\" content=\"Pierre Gorce\" \/>\n<meta name=\"twitter:card\" content=\"summary_large_image\" \/>\n<meta name=\"twitter:title\" content=\"Athl\u00e9tisme Europe en salle : La m\u00e9daille de bronze sur le 400 m\u00e8tres pour Jimy Soudril\" \/>\n<meta name=\"twitter:creator\" content=\"@https:\/\/twitter.com\/pierregorce12\" \/>\n<meta name=\"twitter:site\" content=\"@dicodusport\" \/>\n<script type=\"application\/ld+json\" class=\"yoast-schema-graph\">{\"@context\":\"https:\/\/schema.org\",\"@graph\":[{\"@type\":\"NewsArticle\",\"@id\":\"https:\/\/dicodusport.fr\/blog\/athletisme-europe-en-salle-la-medaille-de-bronze-sur-le-400-metres-pour-jimy-soudril\/#article\",\"isPartOf\":{\"@id\":\"https:\/\/dicodusport.fr\/blog\/athletisme-europe-en-salle-la-medaille-de-bronze-sur-le-400-metres-pour-jimy-soudril\/\"},\"author\":{\"name\":\"Pierre Gorce\",\"@id\":\"https:\/\/dicodusport.fr\/blog\/#\/schema\/person\/0eaf70b33d703a1a66b1155ac1bda018\"},\"headline\":\"Athl\u00e9tisme Europe en salle : La m\u00e9daille de bronze sur le 400 m\u00e8tres pour Jimy Soudril\",\"datePublished\":\"2025-03-08T20:24:36+00:00\",\"dateModified\":\"2025-03-08T20:31:38+00:00\",\"mainEntityOfPage\":{\"@id\":\"https:\/\/dicodusport.fr\/blog\/athletisme-europe-en-salle-la-medaille-de-bronze-sur-le-400-metres-pour-jimy-soudril\/\"},\"wordCount\":227,\"commentCount\":0,\"publisher\":{\"@id\":\"https:\/\/dicodusport.fr\/blog\/#organization\"},\"image\":{\"@id\":\"https:\/\/dicodusport.fr\/blog\/athletisme-europe-en-salle-la-medaille-de-bronze-sur-le-400-metres-pour-jimy-soudril\/#primaryimage\"},\"thumbnailUrl\":\"https:\/\/dicodusport.fr\/blog\/wp-content\/uploads\/2025\/03\/Athletisme-Europe-en-salle-La-medaille-de-bronze-sur-le-400-metres-pour-Jimy-Soudril.png\",\"keywords\":[\"actu\",\"Athl\u00e9tisme\",\"br\u00e8ve\",\"Championnats d'Europe d'athl\u00e9tisme\"],\"articleSection\":[\"Athl\u00e9tisme\"],\"inLanguage\":\"fr-FR\",\"potentialAction\":[{\"@type\":\"CommentAction\",\"name\":\"Comment\",\"target\":[\"https:\/\/dicodusport.fr\/blog\/athletisme-europe-en-salle-la-medaille-de-bronze-sur-le-400-metres-pour-jimy-soudril\/#respond\"]}],\"copyrightYear\":\"2025\",\"copyrightHolder\":{\"@id\":\"https:\/\/dicodusport.fr\/blog\/#organization\"}},{\"@type\":\"WebPage\",\"@id\":\"https:\/\/dicodusport.fr\/blog\/athletisme-europe-en-salle-la-medaille-de-bronze-sur-le-400-metres-pour-jimy-soudril\/\",\"url\":\"https:\/\/dicodusport.fr\/blog\/athletisme-europe-en-salle-la-medaille-de-bronze-sur-le-400-metres-pour-jimy-soudril\/\",\"name\":\"Athl\u00e9tisme Europe en salle : La m\u00e9daille de bronze sur le 400 m\u00e8tres pour Jimy Soudril\",\"isPartOf\":{\"@id\":\"https:\/\/dicodusport.fr\/blog\/#website\"},\"primaryImageOfPage\":{\"@id\":\"https:\/\/dicodusport.fr\/blog\/athletisme-europe-en-salle-la-medaille-de-bronze-sur-le-400-metres-pour-jimy-soudril\/#primaryimage\"},\"image\":{\"@id\":\"https:\/\/dicodusport.fr\/blog\/athletisme-europe-en-salle-la-medaille-de-bronze-sur-le-400-metres-pour-jimy-soudril\/#primaryimage\"},\"thumbnailUrl\":\"https:\/\/dicodusport.fr\/blog\/wp-content\/uploads\/2025\/03\/Athletisme-Europe-en-salle-La-medaille-de-bronze-sur-le-400-metres-pour-Jimy-Soudril.png\",\"datePublished\":\"2025-03-08T20:24:36+00:00\",\"dateModified\":\"2025-03-08T20:31:38+00:00\",\"description\":\"CHAMPIONNATS D\u2019EUROPE D\u2019ATHL\u00c9TISME EN SALLE 2025 - Jimy Soudril bat une nouvelle fois son record personnel et s'offre la m\u00e9daille de bronze lors du 400 m\u00e8tres.\",\"breadcrumb\":{\"@id\":\"https:\/\/dicodusport.fr\/blog\/athletisme-europe-en-salle-la-medaille-de-bronze-sur-le-400-metres-pour-jimy-soudril\/#breadcrumb\"},\"inLanguage\":\"fr-FR\",\"potentialAction\":[{\"@type\":\"ReadAction\",\"target\":[\"https:\/\/dicodusport.fr\/blog\/athletisme-europe-en-salle-la-medaille-de-bronze-sur-le-400-metres-pour-jimy-soudril\/\"]}]},{\"@type\":\"ImageObject\",\"inLanguage\":\"fr-FR\",\"@id\":\"https:\/\/dicodusport.fr\/blog\/athletisme-europe-en-salle-la-medaille-de-bronze-sur-le-400-metres-pour-jimy-soudril\/#primaryimage\",\"url\":\"https:\/\/dicodusport.fr\/blog\/wp-content\/uploads\/2025\/03\/Athletisme-Europe-en-salle-La-medaille-de-bronze-sur-le-400-metres-pour-Jimy-Soudril.png\",\"contentUrl\":\"https:\/\/dicodusport.fr\/blog\/wp-content\/uploads\/2025\/03\/Athletisme-Europe-en-salle-La-medaille-de-bronze-sur-le-400-metres-pour-Jimy-Soudril.png\",\"width\":1200,\"height\":674,\"caption\":\"Athl\u00e9tisme Europe en salle La m\u00e9daille de bronze sur le 400 m\u00e8tres pour Jimy Soudril\"},{\"@type\":\"BreadcrumbList\",\"@id\":\"https:\/\/dicodusport.fr\/blog\/athletisme-europe-en-salle-la-medaille-de-bronze-sur-le-400-metres-pour-jimy-soudril\/#breadcrumb\",\"itemListElement\":[{\"@type\":\"ListItem\",\"position\":1,\"name\":\"Accueil\",\"item\":\"https:\/\/dicodusport.fr\/blog\/\"},{\"@type\":\"ListItem\",\"position\":2,\"name\":\"Athl\u00e9tisme Europe en salle : La m\u00e9daille de bronze sur le 400 m\u00e8tres pour Jimy Soudril\"}]},{\"@type\":\"WebSite\",\"@id\":\"https:\/\/dicodusport.fr\/blog\/#website\",\"url\":\"https:\/\/dicodusport.fr\/blog\/\",\"name\":\"Dicodusport\",\"description\":\"L&#039;encyclop\u00e9die de l&#039;actualit\u00e9 sportive\",\"publisher\":{\"@id\":\"https:\/\/dicodusport.fr\/blog\/#organization\"},\"potentialAction\":[{\"@type\":\"SearchAction\",\"target\":{\"@type\":\"EntryPoint\",\"urlTemplate\":\"https:\/\/dicodusport.fr\/blog\/?s={search_term_string}\"},\"query-input\":{\"@type\":\"PropertyValueSpecification\",\"valueRequired\":true,\"valueName\":\"search_term_string\"}}],\"inLanguage\":\"fr-FR\"},{\"@type\":\"NewsMediaOrganization\",\"@id\":\"https:\/\/dicodusport.fr\/blog\/#organization\",\"name\":\"Dicodusport\",\"url\":\"https:\/\/dicodusport.fr\/blog\/\",\"logo\":{\"@type\":\"ImageObject\",\"inLanguage\":\"fr-FR\",\"@id\":\"https:\/\/dicodusport.fr\/blog\/#\/schema\/logo\/image\/\",\"url\":\"https:\/\/dicodusport.fr\/blog\/wp-content\/uploads\/2020\/06\/cropped-LOGO-DICODUSPORT-2020-SANS-FOND-SANS-TEXTE.png\",\"contentUrl\":\"https:\/\/dicodusport.fr\/blog\/wp-content\/uploads\/2020\/06\/cropped-LOGO-DICODUSPORT-2020-SANS-FOND-SANS-TEXTE.png\",\"width\":512,\"height\":512,\"caption\":\"Dicodusport\"},\"image\":{\"@id\":\"https:\/\/dicodusport.fr\/blog\/#\/schema\/logo\/image\/\"},\"sameAs\":[\"https:\/\/www.facebook.com\/dicodusport\",\"https:\/\/x.com\/dicodusport\",\"https:\/\/www.instagram.com\/dicodusport\/\",\"https:\/\/www.youtube.com\/channel\/UC7V2KZ5sd3htJivAbA4ZG3w\"],\"description\":\"Dicodusport est l'encyclop\u00e9die de l'actualit\u00e9 sportive.\",\"email\":\"bonjour@dicodusport.fr\",\"legalName\":\"DICODUSPORT\",\"foundingDate\":\"2018-01-14\",\"vatID\":\"FR71834470973\",\"taxID\":\"83447097300043\",\"numberOfEmployees\":{\"@type\":\"QuantitativeValue\",\"minValue\":\"1\",\"maxValue\":\"10\"}},{\"@type\":\"Person\",\"@id\":\"https:\/\/dicodusport.fr\/blog\/#\/schema\/person\/0eaf70b33d703a1a66b1155ac1bda018\",\"name\":\"Pierre Gorce\",\"image\":{\"@type\":\"ImageObject\",\"inLanguage\":\"fr-FR\",\"@id\":\"https:\/\/dicodusport.fr\/blog\/#\/schema\/person\/image\/\",\"url\":\"https:\/\/dicodusport.fr\/blog\/wp-content\/uploads\/2022\/03\/IMG_20211214_233053_722-150x150.jpg\",\"contentUrl\":\"https:\/\/dicodusport.fr\/blog\/wp-content\/uploads\/2022\/03\/IMG_20211214_233053_722-150x150.jpg\",\"caption\":\"Pierre Gorce\"},\"description\":\"Couteau suisse venant tout droit de Haute-Savoie. Habitu\u00e9 \u00e0 regarder du sport depuis petit, j'en ai maintenant fait mon m\u00e9tier. Des sports d'hiver au surf, en passant par le tennis, la F1, le handball et l'athl\u00e9tisme, j'essaie d'avoir mes yeux sur l'enti\u00e8ret\u00e9 de l'actualit\u00e9. Jeune homme berc\u00e9 par les exploits de Jean-Baptiste Grange, Sebastian Vettel et des Experts. Membre de la g\u00e9n\u00e9ration 1999 comme Luka Doncic, Sydney McLaughlin, Lando Norris et Loana Lecomte, mais avec beaucoup moins de talent qu'eux.\",\"sameAs\":[\"https:\/\/x.com\/https:\/\/twitter.com\/pierregorce12\"],\"birthDate\":\"1999-08-29\",\"url\":\"https:\/\/dicodusport.fr\/blog\/author\/pierreg\/\"}]}<\/script>\n<!-- \/ Yoast SEO Premium plugin. -->","yoast_head_json":{"title":"Athl\u00e9tisme Europe en salle : La m\u00e9daille de bronze sur le 400 m\u00e8tres pour Jimy Soudril","description":"CHAMPIONNATS D\u2019EUROPE D\u2019ATHL\u00c9TISME EN SALLE 2025 - Jimy Soudril bat une nouvelle fois son record personnel et s'offre la m\u00e9daille de bronze lors du 400 m\u00e8tres.","robots":{"index":"index","follow":"follow","max-snippet":"max-snippet:-1","max-image-preview":"max-image-preview:large","max-video-preview":"max-video-preview:-1"},"canonical":"https:\/\/dicodusport.fr\/blog\/athletisme-europe-en-salle-la-medaille-de-bronze-sur-le-400-metres-pour-jimy-soudril\/","og_locale":"fr_FR","og_type":"article","og_title":"Athl\u00e9tisme Europe en salle : La m\u00e9daille de bronze sur le 400 m\u00e8tres pour Jimy Soudril","og_description":"CHAMPIONNATS D\u2019EUROPE D\u2019ATHL\u00c9TISME EN SALLE 2025 - Jimy Soudril bat une nouvelle fois son record personnel et s'offre la m\u00e9daille de bronze lors du 400 m\u00e8tres.","og_url":"https:\/\/dicodusport.fr\/blog\/athletisme-europe-en-salle-la-medaille-de-bronze-sur-le-400-metres-pour-jimy-soudril\/","og_site_name":"Dicodusport","article_publisher":"https:\/\/www.facebook.com\/dicodusport","article_published_time":"2025-03-08T20:24:36+00:00","article_modified_time":"2025-03-08T20:31:38+00:00","og_image":[{"width":1200,"height":674,"url":"https:\/\/dicodusport.fr\/blog\/wp-content\/uploads\/2025\/03\/Athletisme-Europe-en-salle-La-medaille-de-bronze-sur-le-400-metres-pour-Jimy-Soudril.png","type":"image\/png"}],"author":"Pierre Gorce","twitter_card":"summary_large_image","twitter_title":"Athl\u00e9tisme Europe en salle : La m\u00e9daille de bronze sur le 400 m\u00e8tres pour Jimy Soudril","twitter_creator":"@https:\/\/twitter.com\/pierregorce12","twitter_site":"@dicodusport","schema":{"@context":"https:\/\/schema.org","@graph":[{"@type":"NewsArticle","@id":"https:\/\/dicodusport.fr\/blog\/athletisme-europe-en-salle-la-medaille-de-bronze-sur-le-400-metres-pour-jimy-soudril\/#article","isPartOf":{"@id":"https:\/\/dicodusport.fr\/blog\/athletisme-europe-en-salle-la-medaille-de-bronze-sur-le-400-metres-pour-jimy-soudril\/"},"author":{"name":"Pierre Gorce","@id":"https:\/\/dicodusport.fr\/blog\/#\/schema\/person\/0eaf70b33d703a1a66b1155ac1bda018"},"headline":"Athl\u00e9tisme Europe en salle : La m\u00e9daille de bronze sur le 400 m\u00e8tres pour Jimy Soudril","datePublished":"2025-03-08T20:24:36+00:00","dateModified":"2025-03-08T20:31:38+00:00","mainEntityOfPage":{"@id":"https:\/\/dicodusport.fr\/blog\/athletisme-europe-en-salle-la-medaille-de-bronze-sur-le-400-metres-pour-jimy-soudril\/"},"wordCount":227,"commentCount":0,"publisher":{"@id":"https:\/\/dicodusport.fr\/blog\/#organization"},"image":{"@id":"https:\/\/dicodusport.fr\/blog\/athletisme-europe-en-salle-la-medaille-de-bronze-sur-le-400-metres-pour-jimy-soudril\/#primaryimage"},"thumbnailUrl":"https:\/\/dicodusport.fr\/blog\/wp-content\/uploads\/2025\/03\/Athletisme-Europe-en-salle-La-medaille-de-bronze-sur-le-400-metres-pour-Jimy-Soudril.png","keywords":["actu","Athl\u00e9tisme","br\u00e8ve","Championnats d'Europe d'athl\u00e9tisme"],"articleSection":["Athl\u00e9tisme"],"inLanguage":"fr-FR","potentialAction":[{"@type":"CommentAction","name":"Comment","target":["https:\/\/dicodusport.fr\/blog\/athletisme-europe-en-salle-la-medaille-de-bronze-sur-le-400-metres-pour-jimy-soudril\/#respond"]}],"copyrightYear":"2025","copyrightHolder":{"@id":"https:\/\/dicodusport.fr\/blog\/#organization"}},{"@type":"WebPage","@id":"https:\/\/dicodusport.fr\/blog\/athletisme-europe-en-salle-la-medaille-de-bronze-sur-le-400-metres-pour-jimy-soudril\/","url":"https:\/\/dicodusport.fr\/blog\/athletisme-europe-en-salle-la-medaille-de-bronze-sur-le-400-metres-pour-jimy-soudril\/","name":"Athl\u00e9tisme Europe en salle : La m\u00e9daille de bronze sur le 400 m\u00e8tres pour Jimy Soudril","isPartOf":{"@id":"https:\/\/dicodusport.fr\/blog\/#website"},"primaryImageOfPage":{"@id":"https:\/\/dicodusport.fr\/blog\/athletisme-europe-en-salle-la-medaille-de-bronze-sur-le-400-metres-pour-jimy-soudril\/#primaryimage"},"image":{"@id":"https:\/\/dicodusport.fr\/blog\/athletisme-europe-en-salle-la-medaille-de-bronze-sur-le-400-metres-pour-jimy-soudril\/#primaryimage"},"thumbnailUrl":"https:\/\/dicodusport.fr\/blog\/wp-content\/uploads\/2025\/03\/Athletisme-Europe-en-salle-La-medaille-de-bronze-sur-le-400-metres-pour-Jimy-Soudril.png","datePublished":"2025-03-08T20:24:36+00:00","dateModified":"2025-03-08T20:31:38+00:00","description":"CHAMPIONNATS D\u2019EUROPE D\u2019ATHL\u00c9TISME EN SALLE 2025 - Jimy Soudril bat une nouvelle fois son record personnel et s'offre la m\u00e9daille de bronze lors du 400 m\u00e8tres.","breadcrumb":{"@id":"https:\/\/dicodusport.fr\/blog\/athletisme-europe-en-salle-la-medaille-de-bronze-sur-le-400-metres-pour-jimy-soudril\/#breadcrumb"},"inLanguage":"fr-FR","potentialAction":[{"@type":"ReadAction","target":["https:\/\/dicodusport.fr\/blog\/athletisme-europe-en-salle-la-medaille-de-bronze-sur-le-400-metres-pour-jimy-soudril\/"]}]},{"@type":"ImageObject","inLanguage":"fr-FR","@id":"https:\/\/dicodusport.fr\/blog\/athletisme-europe-en-salle-la-medaille-de-bronze-sur-le-400-metres-pour-jimy-soudril\/#primaryimage","url":"https:\/\/dicodusport.fr\/blog\/wp-content\/uploads\/2025\/03\/Athletisme-Europe-en-salle-La-medaille-de-bronze-sur-le-400-metres-pour-Jimy-Soudril.png","contentUrl":"https:\/\/dicodusport.fr\/blog\/wp-content\/uploads\/2025\/03\/Athletisme-Europe-en-salle-La-medaille-de-bronze-sur-le-400-metres-pour-Jimy-Soudril.png","width":1200,"height":674,"caption":"Athl\u00e9tisme Europe en salle La m\u00e9daille de bronze sur le 400 m\u00e8tres pour Jimy Soudril"},{"@type":"BreadcrumbList","@id":"https:\/\/dicodusport.fr\/blog\/athletisme-europe-en-salle-la-medaille-de-bronze-sur-le-400-metres-pour-jimy-soudril\/#breadcrumb","itemListElement":[{"@type":"ListItem","position":1,"name":"Accueil","item":"https:\/\/dicodusport.fr\/blog\/"},{"@type":"ListItem","position":2,"name":"Athl\u00e9tisme Europe en salle : La m\u00e9daille de bronze sur le 400 m\u00e8tres pour Jimy Soudril"}]},{"@type":"WebSite","@id":"https:\/\/dicodusport.fr\/blog\/#website","url":"https:\/\/dicodusport.fr\/blog\/","name":"Dicodusport","description":"L&#039;encyclop\u00e9die de l&#039;actualit\u00e9 sportive","publisher":{"@id":"https:\/\/dicodusport.fr\/blog\/#organization"},"potentialAction":[{"@type":"SearchAction","target":{"@type":"EntryPoint","urlTemplate":"https:\/\/dicodusport.fr\/blog\/?s={search_term_string}"},"query-input":{"@type":"PropertyValueSpecification","valueRequired":true,"valueName":"search_term_string"}}],"inLanguage":"fr-FR"},{"@type":"NewsMediaOrganization","@id":"https:\/\/dicodusport.fr\/blog\/#organization","name":"Dicodusport","url":"https:\/\/dicodusport.fr\/blog\/","logo":{"@type":"ImageObject","inLanguage":"fr-FR","@id":"https:\/\/dicodusport.fr\/blog\/#\/schema\/logo\/image\/","url":"https:\/\/dicodusport.fr\/blog\/wp-content\/uploads\/2020\/06\/cropped-LOGO-DICODUSPORT-2020-SANS-FOND-SANS-TEXTE.png","contentUrl":"https:\/\/dicodusport.fr\/blog\/wp-content\/uploads\/2020\/06\/cropped-LOGO-DICODUSPORT-2020-SANS-FOND-SANS-TEXTE.png","width":512,"height":512,"caption":"Dicodusport"},"image":{"@id":"https:\/\/dicodusport.fr\/blog\/#\/schema\/logo\/image\/"},"sameAs":["https:\/\/www.facebook.com\/dicodusport","https:\/\/x.com\/dicodusport","https:\/\/www.instagram.com\/dicodusport\/","https:\/\/www.youtube.com\/channel\/UC7V2KZ5sd3htJivAbA4ZG3w"],"description":"Dicodusport est l'encyclop\u00e9die de l'actualit\u00e9 sportive.","email":"bonjour@dicodusport.fr","legalName":"DICODUSPORT","foundingDate":"2018-01-14","vatID":"FR71834470973","taxID":"83447097300043","numberOfEmployees":{"@type":"QuantitativeValue","minValue":"1","maxValue":"10"}},{"@type":"Person","@id":"https:\/\/dicodusport.fr\/blog\/#\/schema\/person\/0eaf70b33d703a1a66b1155ac1bda018","name":"Pierre Gorce","image":{"@type":"ImageObject","inLanguage":"fr-FR","@id":"https:\/\/dicodusport.fr\/blog\/#\/schema\/person\/image\/","url":"https:\/\/dicodusport.fr\/blog\/wp-content\/uploads\/2022\/03\/IMG_20211214_233053_722-150x150.jpg","contentUrl":"https:\/\/dicodusport.fr\/blog\/wp-content\/uploads\/2022\/03\/IMG_20211214_233053_722-150x150.jpg","caption":"Pierre Gorce"},"description":"Couteau suisse venant tout droit de Haute-Savoie. Habitu\u00e9 \u00e0 regarder du sport depuis petit, j'en ai maintenant fait mon m\u00e9tier. Des sports d'hiver au surf, en passant par le tennis, la F1, le handball et l'athl\u00e9tisme, j'essaie d'avoir mes yeux sur l'enti\u00e8ret\u00e9 de l'actualit\u00e9. Jeune homme berc\u00e9 par les exploits de Jean-Baptiste Grange, Sebastian Vettel et des Experts. Membre de la g\u00e9n\u00e9ration 1999 comme Luka Doncic, Sydney McLaughlin, Lando Norris et Loana Lecomte, mais avec beaucoup moins de talent qu'eux.","sameAs":["https:\/\/x.com\/https:\/\/twitter.com\/pierregorce12"],"birthDate":"1999-08-29","url":"https:\/\/dicodusport.fr\/blog\/author\/pierreg\/"}]}},"_links":{"self":[{"href":"https:\/\/dicodusport.fr\/blog\/wp-json\/wp\/v2\/posts\/562496","targetHints":{"allow":["GET"]}}],"collection":[{"href":"https:\/\/dicodusport.fr\/blog\/wp-json\/wp\/v2\/posts"}],"about":[{"href":"https:\/\/dicodusport.fr\/blog\/wp-json\/wp\/v2\/types\/post"}],"author":[{"embeddable":true,"href":"https:\/\/dicodusport.fr\/blog\/wp-json\/wp\/v2\/users\/61"}],"replies":[{"embeddable":true,"href":"https:\/\/dicodusport.fr\/blog\/wp-json\/wp\/v2\/comments?post=562496"}],"version-history":[{"count":4,"href":"https:\/\/dicodusport.fr\/blog\/wp-json\/wp\/v2\/posts\/562496\/revisions"}],"predecessor-version":[{"id":562508,"href":"https:\/\/dicodusport.fr\/blog\/wp-json\/wp\/v2\/posts\/562496\/revisions\/562508"}],"wp:featuredmedia":[{"embeddable":true,"href":"https:\/\/dicodusport.fr\/blog\/wp-json\/wp\/v2\/media\/562501"}],"wp:attachment":[{"href":"https:\/\/dicodusport.fr\/blog\/wp-json\/wp\/v2\/media?parent=562496"}],"wp:term":[{"taxonomy":"category","embeddable":true,"href":"https:\/\/dicodusport.fr\/blog\/wp-json\/wp\/v2\/categories?post=562496"},{"taxonomy":"post_tag","embeddable":true,"href":"https:\/\/dicodusport.fr\/blog\/wp-json\/wp\/v2\/tags?post=562496"}],"curies":[{"name":"wp","href":"https:\/\/api.w.org\/{rel}","templated":true}]}}