{"id":562571,"date":"2025-03-09T11:33:25","date_gmt":"2025-03-09T10:33:25","guid":{"rendered":"https:\/\/dicodusport.fr\/blog\/?p=562571&#038;preview=true&#038;preview_id=562571"},"modified":"2025-03-09T13:26:53","modified_gmt":"2025-03-09T12:26:53","slug":"super-g-hommes-kvitfjell-2025-dominik-paris-simpose-avec-autorite-le-petit-globe-pour-marco-odermatt","status":"publish","type":"post","link":"https:\/\/dicodusport.fr\/blog\/super-g-hommes-kvitfjell-2025-dominik-paris-simpose-avec-autorite-le-petit-globe-pour-marco-odermatt\/","title":{"rendered":"Super-G hommes Kvitfjell 2025 : Dominik Paris s&rsquo;impose avec autorit\u00e9, le petit globe pour Marco Odermatt"},"content":{"rendered":"<h4 style=\"text-align: justify;\"><i>COUPE DU MONDE DE SKI ALPIN 202<\/i><i>4<\/i><i>-2025 &#8211; <strong>Dominik Paris<\/strong> a gagn\u00e9 le Super-G de Kvitfjell, dimanche, apr\u00e8s sa victoire de vendredi en descente. Au pied du podium, Marco Odermatt a assur\u00e9 le petit globe de la sp\u00e9cialit\u00e9.\u00a0<\/i><\/h4>\n<ul style=\"text-align: justify;\">\n<li style=\"text-align: justify;\"><strong>\u00c0 lire aussi &#8211;\u00a0<a href=\"https:\/\/dicodusport.fr\/blog\/calendrier-et-resultats-coupe-du-monde-ski-alpin-2024-2025\/\">Calendrier et r\u00e9sultats Coupe du monde Ski alpin 2024-2025<\/a><\/strong><\/li>\n<\/ul>\n<p style=\"text-align: justify;\">\u00a0La course s\u2019est \u00e9lanc\u00e9 du d\u00e9part de r\u00e9serve, au Russi Jump, \u00e0 cause du brouillard pour la derni\u00e8re course sur l&rsquo;Olympiabakken pour la troisi\u00e8me et derni\u00e8re course de ce weekend en Norv\u00e8ge, apr\u00e8s deux descentes<em>. <\/em><strong>Marco Odermatt<\/strong> \u00e9tait assur\u00e9 pour la troisi\u00e8me ann\u00e9e cons\u00e9cutive le globe du super-G en raison du forfait de Mattia Casse, victime d&rsquo;une fracture du coude droit lors de sa chute mercredi lors d&rsquo;un entra\u00eenement de descente.<\/p>\n<ul style=\"text-align: justify;\">\n<li style=\"text-align: justify;\"><strong>\u00c0 lire aussi &#8211;\u00a0<a href=\"https:\/\/dicodusport.fr\/blog\/resultats-et-classement-super-g-hommes-de-kvitfjell-2025\/\">R\u00e9sultats et classement du Super G de Kvitfjell<\/a>\u00a0<\/strong><\/li>\n<\/ul>\n<p style=\"text-align: justify;\"><a href=\"https:\/\/dicodusport.fr\/blog\/descente-hommes-kvitfjell-2025-dominik-paris-coiffe-au-poteau-les-suisses-pour-soffrir-la-victoire\/\">Vainqueur de la descente de vendredi<\/a>, <strong>Dominik Paris<\/strong> a \u00e9t\u00e9 le plus pr\u00e9cis sur la premi\u00e8re moiti\u00e9 d&rsquo;un trac\u00e9 assez atypique avec des trajectoires \u00e0 l&rsquo;envers de d&rsquo;habitude, pour signer le meilleur temps en 1 minute 8 secondes et 98 centi\u00e8mes. L&rsquo;Italien a sign\u00e9 sa 24\u00e8me victoire en Coupe du monde et son 5\u00e8me dans la discipline. Comme en 2019, il a remport\u00e9 une descente et un Super G \u00e0 Kvitfjell.<\/p>\n<h2 style=\"text-align: justify;\">Encore un petit globe pour Odermatt<\/h2>\n<p style=\"text-align: justify;\">Ensuite,<strong> James Crawford<\/strong> a \u00e9t\u00e9 excellent au milieu du parcours pour r\u00e9aliser le deuxi\u00e8me temps \u00e0 38 centi\u00e8mes, sur une neige molle. Avec son dossard 21, <strong>Miha Hrobat<\/strong> est mont\u00e9 sur le premier podium de sa carri\u00e8re dans la discipline avec un super passage sur le gauche du Tommy Moe. Le <a href=\"https:\/\/dicodusport.fr\/blog\/ski-alpin-championnats-du-monde-premier-titre-mondial-en-super-g-pour-marco-odermatt\/\">champion du monde<\/a> <strong>Marco Odermatt\u00a0<\/strong>n&rsquo;est pas mont\u00e9 sur la bo\u00eete comme \u00e0 Bormio et \u00e0 Wengen avec le quatri\u00e8me temps \u00e0 48 centi\u00e8mes. Le Suisse a fait trop de petites fautes tout au long de la course, mais en l&rsquo;absence de <strong>Mattia Casse<\/strong>, il \u00e9tait d&rsquo;ores et d\u00e9j\u00e0 assur\u00e9 du petit globe de la sp\u00e9cialit\u00e9 pour la troisi\u00e8me ann\u00e9e d&rsquo;affil\u00e9e.<\/p>\n<p style=\"text-align: justify;\">Puis, le tenant du titre <strong>Vincent Kriechmayr<\/strong> a fini cinqui\u00e8me \u00e0 49 centi\u00e8mes avec le meilleur dernier tron\u00e7on gr\u00e2ce \u00e0 une superbe sortie du S.\u00a0Par la suite, <strong>Jan Zabyst\u0159an<\/strong> est entr\u00e9 dans son premier top 10 de sa carri\u00e8re \u00e0 la neuvi\u00e8me place \u00e0 60 centi\u00e8mes en \u00e9tant au contact de Paris au premier interm\u00e9diaire.<\/p>\n<ul style=\"text-align: justify;\">\n<li style=\"text-align: justify;\"><strong>\u00c0 ce sujet &#8211;\u00a0<a href=\"https:\/\/dicodusport.fr\/blog\/coupe-du-monde-ski-alpin-classement-general-gros-globe-hommes\/\">Coupe du monde Ski alpin \u2013 Classement g\u00e9n\u00e9ral gros globe hommes<\/a><\/strong><\/li>\n<\/ul>\n<p style=\"text-align: justify;\">Sur le trac\u00e9 du coach fran\u00e7ais, <strong>Nils All\u00e8gre<\/strong> s&rsquo;est malheureusement laiss\u00e9 descendre sur un pied gauche pour terminer \u00e0 61 centi\u00e8mes, au neuvi\u00e8me rang, \u00e0 14 centi\u00e8mes du podium. <strong>Florian Loriot<\/strong> a fait trop de fautes avec des d\u00e9rives et des prises sur l&rsquo;arri\u00e8re pour c\u00e9der finalement 1 seconde 89. Il n&rsquo;ira pas aux finales. <strong>Adrien Th\u00e9aux<\/strong> a fait une course correcte en terminant \u00e0 1.18. Trop bas dans la traverse, <strong>Sam Alphand<\/strong> a encore rat\u00e9 les points en finissant \u00e0 1.49.<\/p>\n<p style=\"text-align: justify;\">Le dernier Super G de la saison se tiendra le 23 mars \u00e0 Sun Valley lors des finales.<\/p>\n","protected":false},"excerpt":{"rendered":"<p>Dominik Paris a gagn\u00e9 le Super-G de Kvitfjel, Marco Odermatt a assur\u00e9 le petit globe de la sp\u00e9cialit\u00e9.\u00a0<\/p>\n","protected":false},"author":48,"featured_media":562668,"comment_status":"open","ping_status":"closed","sticky":false,"template":"","format":"standard","meta":{"_acf_changed":false,"_daextam_enable_autolinks":"1","footnotes":""},"categories":[47084],"tags":[16878,2233,24],"class_list":["post-562571","post","type-post","status-publish","format-standard","has-post-thumbnail","hentry","category-coupe-du-monde-ski-alpin","tag-breve","tag-ski-alpin","tag-sport"],"acf":[],"yoast_head":"<!-- This site is optimized with the Yoast SEO Premium plugin v26.7 (Yoast SEO v26.7) - https:\/\/yoast.com\/wordpress\/plugins\/seo\/ -->\n<title>Super-G hommes Kvitfjell 2025 : Dominik Paris s&#039;impose avec autorit\u00e9, le petit globe pour Marco Odermatt<\/title>\n<meta name=\"description\" content=\"COUPE DU MONDE DE SKI ALPIN 2024-2025 - Dominik Paris a gagn\u00e9 le Super-G, Marco Odermatt a assur\u00e9 le petit globe de la sp\u00e9cialit\u00e9.\u00a0\" \/>\n<meta name=\"robots\" content=\"index, follow, max-snippet:-1, max-image-preview:large, max-video-preview:-1\" \/>\n<link rel=\"canonical\" href=\"https:\/\/dicodusport.fr\/blog\/super-g-hommes-kvitfjell-2025-dominik-paris-simpose-avec-autorite-le-petit-globe-pour-marco-odermatt\/\" \/>\n<meta property=\"og:locale\" content=\"fr_FR\" \/>\n<meta property=\"og:type\" content=\"article\" \/>\n<meta property=\"og:title\" content=\"Super-G hommes Kvitfjell 2025 : Dominik Paris s&#039;impose avec autorit\u00e9, le petit globe pour Marco Odermatt\" \/>\n<meta property=\"og:description\" content=\"COUPE DU MONDE DE SKI ALPIN 2024-2025 - Dominik Paris a gagn\u00e9 le Super-G, Marco Odermatt a assur\u00e9 le petit globe de la sp\u00e9cialit\u00e9.\u00a0\" \/>\n<meta property=\"og:url\" content=\"https:\/\/dicodusport.fr\/blog\/super-g-hommes-kvitfjell-2025-dominik-paris-simpose-avec-autorite-le-petit-globe-pour-marco-odermatt\/\" \/>\n<meta property=\"og:site_name\" content=\"Dicodusport\" \/>\n<meta property=\"article:publisher\" content=\"https:\/\/www.facebook.com\/dicodusport\" \/>\n<meta property=\"article:author\" content=\"https:\/\/www.facebook.com\/groups\/LesRoisDuPeloton\" \/>\n<meta property=\"article:published_time\" content=\"2025-03-09T10:33:25+00:00\" \/>\n<meta property=\"article:modified_time\" content=\"2025-03-09T12:26:53+00:00\" \/>\n<meta property=\"og:image\" content=\"https:\/\/dicodusport.fr\/blog\/wp-content\/uploads\/2025\/03\/Super-G-hommes-Kvitfjell-2025-Dominik-Paris-simpose-avec-autorite-le-petit-globe-pour-Marco-Odermatt-1.png\" \/>\n\t<meta property=\"og:image:width\" content=\"1200\" \/>\n\t<meta property=\"og:image:height\" content=\"674\" \/>\n\t<meta property=\"og:image:type\" content=\"image\/png\" \/>\n<meta name=\"author\" content=\"Emilien Descampiaux\" \/>\n<meta name=\"twitter:card\" content=\"summary_large_image\" \/>\n<meta name=\"twitter:title\" content=\"Super-G hommes Kvitfjell 2025 : Dominik Paris s&#039;impose avec autorit\u00e9, le petit globe pour Marco Odermatt\" \/>\n<meta name=\"twitter:creator\" content=\"@https:\/\/twitter.com\/LRoisDuPeloton\" \/>\n<meta name=\"twitter:site\" content=\"@dicodusport\" \/>\n<script type=\"application\/ld+json\" class=\"yoast-schema-graph\">{\"@context\":\"https:\/\/schema.org\",\"@graph\":[{\"@type\":\"NewsArticle\",\"@id\":\"https:\/\/dicodusport.fr\/blog\/super-g-hommes-kvitfjell-2025-dominik-paris-simpose-avec-autorite-le-petit-globe-pour-marco-odermatt\/#article\",\"isPartOf\":{\"@id\":\"https:\/\/dicodusport.fr\/blog\/super-g-hommes-kvitfjell-2025-dominik-paris-simpose-avec-autorite-le-petit-globe-pour-marco-odermatt\/\"},\"author\":{\"name\":\"Emilien Descampiaux\",\"@id\":\"https:\/\/dicodusport.fr\/blog\/#\/schema\/person\/6db4bae06b171592211be385b32876a7\"},\"headline\":\"Super-G hommes Kvitfjell 2025 : Dominik Paris s&rsquo;impose avec autorit\u00e9, le petit globe pour Marco Odermatt\",\"datePublished\":\"2025-03-09T10:33:25+00:00\",\"dateModified\":\"2025-03-09T12:26:53+00:00\",\"mainEntityOfPage\":{\"@id\":\"https:\/\/dicodusport.fr\/blog\/super-g-hommes-kvitfjell-2025-dominik-paris-simpose-avec-autorite-le-petit-globe-pour-marco-odermatt\/\"},\"wordCount\":537,\"commentCount\":0,\"publisher\":{\"@id\":\"https:\/\/dicodusport.fr\/blog\/#organization\"},\"image\":{\"@id\":\"https:\/\/dicodusport.fr\/blog\/super-g-hommes-kvitfjell-2025-dominik-paris-simpose-avec-autorite-le-petit-globe-pour-marco-odermatt\/#primaryimage\"},\"thumbnailUrl\":\"https:\/\/dicodusport.fr\/blog\/wp-content\/uploads\/2025\/03\/Super-G-hommes-Kvitfjell-2025-Dominik-Paris-simpose-avec-autorite-le-petit-globe-pour-Marco-Odermatt-1.png\",\"keywords\":[\"br\u00e8ve\",\"Ski alpin\",\"sport\"],\"articleSection\":[\"Coupe du monde de ski alpin\"],\"inLanguage\":\"fr-FR\",\"potentialAction\":[{\"@type\":\"CommentAction\",\"name\":\"Comment\",\"target\":[\"https:\/\/dicodusport.fr\/blog\/super-g-hommes-kvitfjell-2025-dominik-paris-simpose-avec-autorite-le-petit-globe-pour-marco-odermatt\/#respond\"]}],\"copyrightYear\":\"2025\",\"copyrightHolder\":{\"@id\":\"https:\/\/dicodusport.fr\/blog\/#organization\"}},{\"@type\":\"WebPage\",\"@id\":\"https:\/\/dicodusport.fr\/blog\/super-g-hommes-kvitfjell-2025-dominik-paris-simpose-avec-autorite-le-petit-globe-pour-marco-odermatt\/\",\"url\":\"https:\/\/dicodusport.fr\/blog\/super-g-hommes-kvitfjell-2025-dominik-paris-simpose-avec-autorite-le-petit-globe-pour-marco-odermatt\/\",\"name\":\"Super-G hommes Kvitfjell 2025 : Dominik Paris s'impose avec autorit\u00e9, le petit globe pour Marco Odermatt\",\"isPartOf\":{\"@id\":\"https:\/\/dicodusport.fr\/blog\/#website\"},\"primaryImageOfPage\":{\"@id\":\"https:\/\/dicodusport.fr\/blog\/super-g-hommes-kvitfjell-2025-dominik-paris-simpose-avec-autorite-le-petit-globe-pour-marco-odermatt\/#primaryimage\"},\"image\":{\"@id\":\"https:\/\/dicodusport.fr\/blog\/super-g-hommes-kvitfjell-2025-dominik-paris-simpose-avec-autorite-le-petit-globe-pour-marco-odermatt\/#primaryimage\"},\"thumbnailUrl\":\"https:\/\/dicodusport.fr\/blog\/wp-content\/uploads\/2025\/03\/Super-G-hommes-Kvitfjell-2025-Dominik-Paris-simpose-avec-autorite-le-petit-globe-pour-Marco-Odermatt-1.png\",\"datePublished\":\"2025-03-09T10:33:25+00:00\",\"dateModified\":\"2025-03-09T12:26:53+00:00\",\"description\":\"COUPE DU MONDE DE SKI ALPIN 2024-2025 - Dominik Paris a gagn\u00e9 le Super-G, Marco Odermatt a assur\u00e9 le petit globe de la sp\u00e9cialit\u00e9.\u00a0\",\"breadcrumb\":{\"@id\":\"https:\/\/dicodusport.fr\/blog\/super-g-hommes-kvitfjell-2025-dominik-paris-simpose-avec-autorite-le-petit-globe-pour-marco-odermatt\/#breadcrumb\"},\"inLanguage\":\"fr-FR\",\"potentialAction\":[{\"@type\":\"ReadAction\",\"target\":[\"https:\/\/dicodusport.fr\/blog\/super-g-hommes-kvitfjell-2025-dominik-paris-simpose-avec-autorite-le-petit-globe-pour-marco-odermatt\/\"]}]},{\"@type\":\"ImageObject\",\"inLanguage\":\"fr-FR\",\"@id\":\"https:\/\/dicodusport.fr\/blog\/super-g-hommes-kvitfjell-2025-dominik-paris-simpose-avec-autorite-le-petit-globe-pour-marco-odermatt\/#primaryimage\",\"url\":\"https:\/\/dicodusport.fr\/blog\/wp-content\/uploads\/2025\/03\/Super-G-hommes-Kvitfjell-2025-Dominik-Paris-simpose-avec-autorite-le-petit-globe-pour-Marco-Odermatt-1.png\",\"contentUrl\":\"https:\/\/dicodusport.fr\/blog\/wp-content\/uploads\/2025\/03\/Super-G-hommes-Kvitfjell-2025-Dominik-Paris-simpose-avec-autorite-le-petit-globe-pour-Marco-Odermatt-1.png\",\"width\":1200,\"height\":674,\"caption\":\"Super-G hommes Kvitfjell 2025 Dominik Paris s'impose avec autorit\u00e9, le petit globe pour Marco Odermatt\"},{\"@type\":\"BreadcrumbList\",\"@id\":\"https:\/\/dicodusport.fr\/blog\/super-g-hommes-kvitfjell-2025-dominik-paris-simpose-avec-autorite-le-petit-globe-pour-marco-odermatt\/#breadcrumb\",\"itemListElement\":[{\"@type\":\"ListItem\",\"position\":1,\"name\":\"Accueil\",\"item\":\"https:\/\/dicodusport.fr\/blog\/\"},{\"@type\":\"ListItem\",\"position\":2,\"name\":\"Super-G hommes Kvitfjell 2025 : Dominik Paris s&rsquo;impose avec autorit\u00e9, le petit globe pour Marco Odermatt\"}]},{\"@type\":\"WebSite\",\"@id\":\"https:\/\/dicodusport.fr\/blog\/#website\",\"url\":\"https:\/\/dicodusport.fr\/blog\/\",\"name\":\"Dicodusport\",\"description\":\"L&#039;encyclop\u00e9die de l&#039;actualit\u00e9 sportive\",\"publisher\":{\"@id\":\"https:\/\/dicodusport.fr\/blog\/#organization\"},\"potentialAction\":[{\"@type\":\"SearchAction\",\"target\":{\"@type\":\"EntryPoint\",\"urlTemplate\":\"https:\/\/dicodusport.fr\/blog\/?s={search_term_string}\"},\"query-input\":{\"@type\":\"PropertyValueSpecification\",\"valueRequired\":true,\"valueName\":\"search_term_string\"}}],\"inLanguage\":\"fr-FR\"},{\"@type\":\"NewsMediaOrganization\",\"@id\":\"https:\/\/dicodusport.fr\/blog\/#organization\",\"name\":\"Dicodusport\",\"url\":\"https:\/\/dicodusport.fr\/blog\/\",\"logo\":{\"@type\":\"ImageObject\",\"inLanguage\":\"fr-FR\",\"@id\":\"https:\/\/dicodusport.fr\/blog\/#\/schema\/logo\/image\/\",\"url\":\"https:\/\/dicodusport.fr\/blog\/wp-content\/uploads\/2020\/06\/cropped-LOGO-DICODUSPORT-2020-SANS-FOND-SANS-TEXTE.png\",\"contentUrl\":\"https:\/\/dicodusport.fr\/blog\/wp-content\/uploads\/2020\/06\/cropped-LOGO-DICODUSPORT-2020-SANS-FOND-SANS-TEXTE.png\",\"width\":512,\"height\":512,\"caption\":\"Dicodusport\"},\"image\":{\"@id\":\"https:\/\/dicodusport.fr\/blog\/#\/schema\/logo\/image\/\"},\"sameAs\":[\"https:\/\/www.facebook.com\/dicodusport\",\"https:\/\/x.com\/dicodusport\",\"https:\/\/www.instagram.com\/dicodusport\/\",\"https:\/\/www.youtube.com\/channel\/UC7V2KZ5sd3htJivAbA4ZG3w\"],\"description\":\"Dicodusport est l'encyclop\u00e9die de l'actualit\u00e9 sportive.\",\"email\":\"bonjour@dicodusport.fr\",\"legalName\":\"DICODUSPORT\",\"foundingDate\":\"2018-01-14\",\"vatID\":\"FR71834470973\",\"taxID\":\"83447097300043\",\"numberOfEmployees\":{\"@type\":\"QuantitativeValue\",\"minValue\":\"1\",\"maxValue\":\"10\"}},{\"@type\":\"Person\",\"@id\":\"https:\/\/dicodusport.fr\/blog\/#\/schema\/person\/6db4bae06b171592211be385b32876a7\",\"name\":\"Emilien Descampiaux\",\"image\":{\"@type\":\"ImageObject\",\"inLanguage\":\"fr-FR\",\"@id\":\"https:\/\/dicodusport.fr\/blog\/#\/schema\/person\/image\/\",\"url\":\"https:\/\/dicodusport.fr\/blog\/wp-content\/uploads\/2021\/05\/Emilien-Descampiaux-150x150.jpg\",\"contentUrl\":\"https:\/\/dicodusport.fr\/blog\/wp-content\/uploads\/2021\/05\/Emilien-Descampiaux-150x150.jpg\",\"caption\":\"Emilien Descampiaux\"},\"description\":\"Journaliste\/r\u00e9dacteur depuis 2014 - Fan de la classe de Frank Vandenbroucke, je vis cyclisme (et de ses paysages) depuis plus de 20 ans. Je suis tr\u00e8s impliqu\u00e9 sur mes diff\u00e9rents r\u00e9seaux sociaux pour partager ma passion sur le monde et l'Histoire de la bicyclette avec ma voix sur les images en noir et blanc du succ\u00e8s de Rik Van Steenbergen lors du Ronde sur le V\u00e9lodrome de Gand.\",\"sameAs\":[\"https:\/\/www.facebook.com\/groups\/LesRoisDuPeloton\",\"https:\/\/x.com\/https:\/\/twitter.com\/LRoisDuPeloton\"],\"url\":\"https:\/\/dicodusport.fr\/blog\/author\/emiliend\/\"}]}<\/script>\n<!-- \/ Yoast SEO Premium plugin. -->","yoast_head_json":{"title":"Super-G hommes Kvitfjell 2025 : Dominik Paris s'impose avec autorit\u00e9, le petit globe pour Marco Odermatt","description":"COUPE DU MONDE DE SKI ALPIN 2024-2025 - Dominik Paris a gagn\u00e9 le Super-G, Marco Odermatt a assur\u00e9 le petit globe de la sp\u00e9cialit\u00e9.\u00a0","robots":{"index":"index","follow":"follow","max-snippet":"max-snippet:-1","max-image-preview":"max-image-preview:large","max-video-preview":"max-video-preview:-1"},"canonical":"https:\/\/dicodusport.fr\/blog\/super-g-hommes-kvitfjell-2025-dominik-paris-simpose-avec-autorite-le-petit-globe-pour-marco-odermatt\/","og_locale":"fr_FR","og_type":"article","og_title":"Super-G hommes Kvitfjell 2025 : Dominik Paris s'impose avec autorit\u00e9, le petit globe pour Marco Odermatt","og_description":"COUPE DU MONDE DE SKI ALPIN 2024-2025 - Dominik Paris a gagn\u00e9 le Super-G, Marco Odermatt a assur\u00e9 le petit globe de la sp\u00e9cialit\u00e9.\u00a0","og_url":"https:\/\/dicodusport.fr\/blog\/super-g-hommes-kvitfjell-2025-dominik-paris-simpose-avec-autorite-le-petit-globe-pour-marco-odermatt\/","og_site_name":"Dicodusport","article_publisher":"https:\/\/www.facebook.com\/dicodusport","article_author":"https:\/\/www.facebook.com\/groups\/LesRoisDuPeloton","article_published_time":"2025-03-09T10:33:25+00:00","article_modified_time":"2025-03-09T12:26:53+00:00","og_image":[{"width":1200,"height":674,"url":"https:\/\/dicodusport.fr\/blog\/wp-content\/uploads\/2025\/03\/Super-G-hommes-Kvitfjell-2025-Dominik-Paris-simpose-avec-autorite-le-petit-globe-pour-Marco-Odermatt-1.png","type":"image\/png"}],"author":"Emilien Descampiaux","twitter_card":"summary_large_image","twitter_title":"Super-G hommes Kvitfjell 2025 : Dominik Paris s'impose avec autorit\u00e9, le petit globe pour Marco Odermatt","twitter_creator":"@https:\/\/twitter.com\/LRoisDuPeloton","twitter_site":"@dicodusport","schema":{"@context":"https:\/\/schema.org","@graph":[{"@type":"NewsArticle","@id":"https:\/\/dicodusport.fr\/blog\/super-g-hommes-kvitfjell-2025-dominik-paris-simpose-avec-autorite-le-petit-globe-pour-marco-odermatt\/#article","isPartOf":{"@id":"https:\/\/dicodusport.fr\/blog\/super-g-hommes-kvitfjell-2025-dominik-paris-simpose-avec-autorite-le-petit-globe-pour-marco-odermatt\/"},"author":{"name":"Emilien Descampiaux","@id":"https:\/\/dicodusport.fr\/blog\/#\/schema\/person\/6db4bae06b171592211be385b32876a7"},"headline":"Super-G hommes Kvitfjell 2025 : Dominik Paris s&rsquo;impose avec autorit\u00e9, le petit globe pour Marco Odermatt","datePublished":"2025-03-09T10:33:25+00:00","dateModified":"2025-03-09T12:26:53+00:00","mainEntityOfPage":{"@id":"https:\/\/dicodusport.fr\/blog\/super-g-hommes-kvitfjell-2025-dominik-paris-simpose-avec-autorite-le-petit-globe-pour-marco-odermatt\/"},"wordCount":537,"commentCount":0,"publisher":{"@id":"https:\/\/dicodusport.fr\/blog\/#organization"},"image":{"@id":"https:\/\/dicodusport.fr\/blog\/super-g-hommes-kvitfjell-2025-dominik-paris-simpose-avec-autorite-le-petit-globe-pour-marco-odermatt\/#primaryimage"},"thumbnailUrl":"https:\/\/dicodusport.fr\/blog\/wp-content\/uploads\/2025\/03\/Super-G-hommes-Kvitfjell-2025-Dominik-Paris-simpose-avec-autorite-le-petit-globe-pour-Marco-Odermatt-1.png","keywords":["br\u00e8ve","Ski alpin","sport"],"articleSection":["Coupe du monde de ski alpin"],"inLanguage":"fr-FR","potentialAction":[{"@type":"CommentAction","name":"Comment","target":["https:\/\/dicodusport.fr\/blog\/super-g-hommes-kvitfjell-2025-dominik-paris-simpose-avec-autorite-le-petit-globe-pour-marco-odermatt\/#respond"]}],"copyrightYear":"2025","copyrightHolder":{"@id":"https:\/\/dicodusport.fr\/blog\/#organization"}},{"@type":"WebPage","@id":"https:\/\/dicodusport.fr\/blog\/super-g-hommes-kvitfjell-2025-dominik-paris-simpose-avec-autorite-le-petit-globe-pour-marco-odermatt\/","url":"https:\/\/dicodusport.fr\/blog\/super-g-hommes-kvitfjell-2025-dominik-paris-simpose-avec-autorite-le-petit-globe-pour-marco-odermatt\/","name":"Super-G hommes Kvitfjell 2025 : Dominik Paris s'impose avec autorit\u00e9, le petit globe pour Marco Odermatt","isPartOf":{"@id":"https:\/\/dicodusport.fr\/blog\/#website"},"primaryImageOfPage":{"@id":"https:\/\/dicodusport.fr\/blog\/super-g-hommes-kvitfjell-2025-dominik-paris-simpose-avec-autorite-le-petit-globe-pour-marco-odermatt\/#primaryimage"},"image":{"@id":"https:\/\/dicodusport.fr\/blog\/super-g-hommes-kvitfjell-2025-dominik-paris-simpose-avec-autorite-le-petit-globe-pour-marco-odermatt\/#primaryimage"},"thumbnailUrl":"https:\/\/dicodusport.fr\/blog\/wp-content\/uploads\/2025\/03\/Super-G-hommes-Kvitfjell-2025-Dominik-Paris-simpose-avec-autorite-le-petit-globe-pour-Marco-Odermatt-1.png","datePublished":"2025-03-09T10:33:25+00:00","dateModified":"2025-03-09T12:26:53+00:00","description":"COUPE DU MONDE DE SKI ALPIN 2024-2025 - Dominik Paris a gagn\u00e9 le Super-G, Marco Odermatt a assur\u00e9 le petit globe de la sp\u00e9cialit\u00e9.\u00a0","breadcrumb":{"@id":"https:\/\/dicodusport.fr\/blog\/super-g-hommes-kvitfjell-2025-dominik-paris-simpose-avec-autorite-le-petit-globe-pour-marco-odermatt\/#breadcrumb"},"inLanguage":"fr-FR","potentialAction":[{"@type":"ReadAction","target":["https:\/\/dicodusport.fr\/blog\/super-g-hommes-kvitfjell-2025-dominik-paris-simpose-avec-autorite-le-petit-globe-pour-marco-odermatt\/"]}]},{"@type":"ImageObject","inLanguage":"fr-FR","@id":"https:\/\/dicodusport.fr\/blog\/super-g-hommes-kvitfjell-2025-dominik-paris-simpose-avec-autorite-le-petit-globe-pour-marco-odermatt\/#primaryimage","url":"https:\/\/dicodusport.fr\/blog\/wp-content\/uploads\/2025\/03\/Super-G-hommes-Kvitfjell-2025-Dominik-Paris-simpose-avec-autorite-le-petit-globe-pour-Marco-Odermatt-1.png","contentUrl":"https:\/\/dicodusport.fr\/blog\/wp-content\/uploads\/2025\/03\/Super-G-hommes-Kvitfjell-2025-Dominik-Paris-simpose-avec-autorite-le-petit-globe-pour-Marco-Odermatt-1.png","width":1200,"height":674,"caption":"Super-G hommes Kvitfjell 2025 Dominik Paris s'impose avec autorit\u00e9, le petit globe pour Marco Odermatt"},{"@type":"BreadcrumbList","@id":"https:\/\/dicodusport.fr\/blog\/super-g-hommes-kvitfjell-2025-dominik-paris-simpose-avec-autorite-le-petit-globe-pour-marco-odermatt\/#breadcrumb","itemListElement":[{"@type":"ListItem","position":1,"name":"Accueil","item":"https:\/\/dicodusport.fr\/blog\/"},{"@type":"ListItem","position":2,"name":"Super-G hommes Kvitfjell 2025 : Dominik Paris s&rsquo;impose avec autorit\u00e9, le petit globe pour Marco Odermatt"}]},{"@type":"WebSite","@id":"https:\/\/dicodusport.fr\/blog\/#website","url":"https:\/\/dicodusport.fr\/blog\/","name":"Dicodusport","description":"L&#039;encyclop\u00e9die de l&#039;actualit\u00e9 sportive","publisher":{"@id":"https:\/\/dicodusport.fr\/blog\/#organization"},"potentialAction":[{"@type":"SearchAction","target":{"@type":"EntryPoint","urlTemplate":"https:\/\/dicodusport.fr\/blog\/?s={search_term_string}"},"query-input":{"@type":"PropertyValueSpecification","valueRequired":true,"valueName":"search_term_string"}}],"inLanguage":"fr-FR"},{"@type":"NewsMediaOrganization","@id":"https:\/\/dicodusport.fr\/blog\/#organization","name":"Dicodusport","url":"https:\/\/dicodusport.fr\/blog\/","logo":{"@type":"ImageObject","inLanguage":"fr-FR","@id":"https:\/\/dicodusport.fr\/blog\/#\/schema\/logo\/image\/","url":"https:\/\/dicodusport.fr\/blog\/wp-content\/uploads\/2020\/06\/cropped-LOGO-DICODUSPORT-2020-SANS-FOND-SANS-TEXTE.png","contentUrl":"https:\/\/dicodusport.fr\/blog\/wp-content\/uploads\/2020\/06\/cropped-LOGO-DICODUSPORT-2020-SANS-FOND-SANS-TEXTE.png","width":512,"height":512,"caption":"Dicodusport"},"image":{"@id":"https:\/\/dicodusport.fr\/blog\/#\/schema\/logo\/image\/"},"sameAs":["https:\/\/www.facebook.com\/dicodusport","https:\/\/x.com\/dicodusport","https:\/\/www.instagram.com\/dicodusport\/","https:\/\/www.youtube.com\/channel\/UC7V2KZ5sd3htJivAbA4ZG3w"],"description":"Dicodusport est l'encyclop\u00e9die de l'actualit\u00e9 sportive.","email":"bonjour@dicodusport.fr","legalName":"DICODUSPORT","foundingDate":"2018-01-14","vatID":"FR71834470973","taxID":"83447097300043","numberOfEmployees":{"@type":"QuantitativeValue","minValue":"1","maxValue":"10"}},{"@type":"Person","@id":"https:\/\/dicodusport.fr\/blog\/#\/schema\/person\/6db4bae06b171592211be385b32876a7","name":"Emilien Descampiaux","image":{"@type":"ImageObject","inLanguage":"fr-FR","@id":"https:\/\/dicodusport.fr\/blog\/#\/schema\/person\/image\/","url":"https:\/\/dicodusport.fr\/blog\/wp-content\/uploads\/2021\/05\/Emilien-Descampiaux-150x150.jpg","contentUrl":"https:\/\/dicodusport.fr\/blog\/wp-content\/uploads\/2021\/05\/Emilien-Descampiaux-150x150.jpg","caption":"Emilien Descampiaux"},"description":"Journaliste\/r\u00e9dacteur depuis 2014 - Fan de la classe de Frank Vandenbroucke, je vis cyclisme (et de ses paysages) depuis plus de 20 ans. Je suis tr\u00e8s impliqu\u00e9 sur mes diff\u00e9rents r\u00e9seaux sociaux pour partager ma passion sur le monde et l'Histoire de la bicyclette avec ma voix sur les images en noir et blanc du succ\u00e8s de Rik Van Steenbergen lors du Ronde sur le V\u00e9lodrome de Gand.","sameAs":["https:\/\/www.facebook.com\/groups\/LesRoisDuPeloton","https:\/\/x.com\/https:\/\/twitter.com\/LRoisDuPeloton"],"url":"https:\/\/dicodusport.fr\/blog\/author\/emiliend\/"}]}},"_links":{"self":[{"href":"https:\/\/dicodusport.fr\/blog\/wp-json\/wp\/v2\/posts\/562571","targetHints":{"allow":["GET"]}}],"collection":[{"href":"https:\/\/dicodusport.fr\/blog\/wp-json\/wp\/v2\/posts"}],"about":[{"href":"https:\/\/dicodusport.fr\/blog\/wp-json\/wp\/v2\/types\/post"}],"author":[{"embeddable":true,"href":"https:\/\/dicodusport.fr\/blog\/wp-json\/wp\/v2\/users\/48"}],"replies":[{"embeddable":true,"href":"https:\/\/dicodusport.fr\/blog\/wp-json\/wp\/v2\/comments?post=562571"}],"version-history":[{"count":5,"href":"https:\/\/dicodusport.fr\/blog\/wp-json\/wp\/v2\/posts\/562571\/revisions"}],"predecessor-version":[{"id":562633,"href":"https:\/\/dicodusport.fr\/blog\/wp-json\/wp\/v2\/posts\/562571\/revisions\/562633"}],"wp:featuredmedia":[{"embeddable":true,"href":"https:\/\/dicodusport.fr\/blog\/wp-json\/wp\/v2\/media\/562668"}],"wp:attachment":[{"href":"https:\/\/dicodusport.fr\/blog\/wp-json\/wp\/v2\/media?parent=562571"}],"wp:term":[{"taxonomy":"category","embeddable":true,"href":"https:\/\/dicodusport.fr\/blog\/wp-json\/wp\/v2\/categories?post=562571"},{"taxonomy":"post_tag","embeddable":true,"href":"https:\/\/dicodusport.fr\/blog\/wp-json\/wp\/v2\/tags?post=562571"}],"curies":[{"name":"wp","href":"https:\/\/api.w.org\/{rel}","templated":true}]}}