{"id":562577,"date":"2025-03-09T19:19:07","date_gmt":"2025-03-09T18:19:07","guid":{"rendered":"https:\/\/dicodusport.fr\/blog\/?p=562577&#038;preview=true&#038;preview_id=562577"},"modified":"2025-03-10T08:42:37","modified_gmt":"2025-03-10T07:42:37","slug":"athletisme-championnats-deurope-salle-2025-la-medaille-pour-liberman-et-habz-le-resume-de-la-derniere-soiree","status":"publish","type":"post","link":"https:\/\/dicodusport.fr\/blog\/athletisme-championnats-deurope-salle-2025-la-medaille-pour-liberman-et-habz-le-resume-de-la-derniere-soiree\/","title":{"rendered":"Athl\u00e9tisme Championnats d&rsquo;Europe (salle) 2025 : La m\u00e9daille pour Liberman et Habz, le r\u00e9sum\u00e9 de la derni\u00e8re soir\u00e9e"},"content":{"rendered":"<h4 style=\"text-align: justify;\"><em>CHAMPIONNATS D&rsquo;EUROPE D&rsquo;ATHL\u00c9TISME EN SALLE 2025 &#8211; L&rsquo;\u00e9quipe de France a ajout\u00e9\u00a0 2 m\u00e9dailles \u00e0 son compteur gr\u00e2ce \u00e0 Clara Liberman (800m), et Azeddine Habz, portant son total \u00e0 8 m\u00e9dailles.<\/em><\/h4>\n<ul style=\"text-align: justify;\">\n<li><strong>\u00c0 ce sujet \u2014\u00a0<a href=\"https:\/\/dicodusport.fr\/blog\/athletisme-programme-et-resultats-championnats-deurope-en-salle-2025\/\">Athl\u00e9tisme : Programme et r\u00e9sultats Championnats d&rsquo;Europe en salle 2025 <\/a><\/strong><\/li>\n<\/ul>\n<h2 style=\"text-align: justify;\"><strong>Liberman lance les bleus, Habz lui embo\u00eete le pas <\/strong><\/h2>\n<p style=\"text-align: justify;\">Sur le 800m f\u00e9minin, la France avait de grands espoirs avec la Fran\u00e7aise <strong>Clara Liberman<\/strong>. Au d\u00e9part, la Tricolore se place derri\u00e8re les deux Suissesses <strong>Werro<\/strong> et <strong>Pellaud<\/strong>. Mais <strong>Wielgosz<\/strong> la Polonaise d\u00e9cide d\u2019acc\u00e9lerer le rythme, et la Fran\u00e7aise se retrouve derni\u00e8re. \u00c0 la cloche, <strong>Liberman<\/strong> se replace 2\u00e8me et attend son heure. La Polonaise solide, vient l\u2019emporter en 2:02.09, <strong>Clara Liberman<\/strong> elle, r\u00e9siste au retour d\u2019<strong>Horvat<\/strong> et remporte la m\u00e9daille d\u2019argent (2:02.32), sa premi\u00e8re internationale chez les seniors. Horvat prend le bronze.<\/p>\n<blockquote class=\"twitter-tweet\">\n<p dir=\"ltr\" lang=\"fr\">\ud83d\ude0d La Team kRocket a encore frapp\u00e9 !!!<\/p>\n<p>\ud83e\udd48 Clara Liberman d\u00e9croche l&rsquo;argent sur 800 m en 2&rsquo;02\u00a0\u00bb32 et devient vice-championne d\u2019Europe !<\/p>\n<p>\ud83d\udcbb La comp\u00e9tition est \u00e0 suivre en DIRECT sur <a href=\"https:\/\/t.co\/Nmm1znFihM\">https:\/\/t.co\/Nmm1znFihM<\/a>. <a href=\"https:\/\/t.co\/fxa1IKaoRQ\">pic.twitter.com\/fxa1IKaoRQ<\/a><\/p>\n<p>\u2014 FFAthl\u00e9tisme (@FFAthletisme) <a href=\"https:\/\/twitter.com\/FFAthletisme\/status\/1898761338920271997?ref_src=twsrc%5Etfw\">March 9, 2025<\/a><\/p><\/blockquote>\n<p style=\"text-align: justify;\"><script async src=\"https:\/\/platform.twitter.com\/widgets.js\" charset=\"utf-8\"><\/script><\/p>\n<ul style=\"text-align: justify;\">\n<li><strong>\u00c0 ce sujet &#8211; <a href=\"https:\/\/dicodusport.fr\/blog\/athletisme-championnats-deurope-salle-2025-clara-liberman-se-pare-dargent-sur-le-800-m\/\">Athl\u00e9tisme Europe en salle : Clara Liberman se pare d\u2019argent sur le 800 m<\/a><\/strong><\/li>\n<\/ul>\n<p style=\"text-align: justify;\">Chez les hommes, une magnifique derni\u00e8re ligne droite va faire rugir le public. Le N\u00e9erlandais <strong>Chapple<\/strong> va attaquer et croquer <strong>Crestan<\/strong> sur la ligne pour s\u2019offrir le titre et battre le record national des Pays-Bas avec un superbe 1:44.88. Crestan est 2\u00e8me en 1:44.92 devant <strong>English<\/strong> (1:45.46).<\/p>\n<p style=\"text-align: justify;\">En demi-fond, il y avait aussi les 3000m, et cette fois, ce sont les messieurs qui ont d\u00e9but\u00e9. Deux Fran\u00e7ais, <strong>Azeddine Habz<\/strong>, <strong>Romain Mornet<\/strong>, et surtout un immense favori, le Norv\u00e9gien <strong>Jakob Ingrebrigtsen<\/strong>. \u00c0 l\u2019inverse de d\u2019habitude, le champion d\u2019Europe du 1500m se place en t\u00eate du peloton. Les Fran\u00e7ais eux, restent au milieu du groupe. Apr\u00e8s <strong>Ingebrigtsen,<\/strong> c\u2019est <strong>Mills<\/strong>, le Britannique qui m\u00e8ne. Petit \u00e0 petit le peloton s\u2019\u00e9tire, et Mornet peine \u00e0 suivre, Mills fait le m\u00e9nage. Un groupe de 6 se d\u00e9tache, Habz est derri\u00e8re. Ingebrigtsen repasse, et veut s\u2019envoler mais Mills tient bient. Derri\u00e8re, Habz remonte et se bat avec <strong>Almgren<\/strong> pour la 3\u00e8me place. Le Fran\u00e7ais tire sur les bras, et arrache la m\u00e9daille de bronze (7:50.48). Jakob Ingebritsen est parvenu \u00e0 se d\u00e9faire de Mills dans le dernier virage pour s\u2019imposer en 7:48.37, contre 7:49.41 pour le Britannique.<\/p>\n<blockquote class=\"twitter-tweet\">\n<p dir=\"ltr\" lang=\"fr\">\ud83e\udd49 Azeddine Habz remporte la m\u00e9daille de bronze sur 3000 m !<\/p>\n<p>\ud83d\udcaa Une seconde m\u00e9daille bien m\u00e9rit\u00e9e pour le Fran\u00e7ais, fruit de son travail acharn\u00e9 et de sa d\u00e9termination !<\/p>\n<p>\ud83d\udcbb La comp\u00e9tition est \u00e0 suivre en DIRECT sur <a href=\"https:\/\/t.co\/Nmm1znFihM\">https:\/\/t.co\/Nmm1znFihM<\/a>. <a href=\"https:\/\/t.co\/HATfWxDU4I\">pic.twitter.com\/HATfWxDU4I<\/a><\/p>\n<p>\u2014 FFAthl\u00e9tisme (@FFAthletisme) <a href=\"https:\/\/twitter.com\/FFAthletisme\/status\/1898769835653206310?ref_src=twsrc%5Etfw\">March 9, 2025<\/a><\/p><\/blockquote>\n<p style=\"text-align: justify;\"><script async src=\"https:\/\/platform.twitter.com\/widgets.js\" charset=\"utf-8\"><\/script><\/p>\n<ul style=\"text-align: justify;\">\n<li><strong>\u00c0 ce sujet &#8211; <a href=\"https:\/\/dicodusport.fr\/blog\/athletisme-championnats-deurope-salle-2025-azeddine-habz-en-bronze-sur-3000-metres\/\">Athl\u00e9tisme Europe en salle : Azeddine Habz en bronze sur 3000 m\u00e8tres<\/a><\/strong><\/li>\n<\/ul>\n<p style=\"text-align: justify;\">Dans la course f\u00e9minine, on retrouvait la Championne de France de la discipline, <strong>Sarah Madeleine<\/strong>, qui d\u00e9cidait de se placer en queue de peloton. Un peloton emmen\u00e9 par l\u2019Espagnole <strong>Garcia<\/strong>, qui fait le m\u00e9nage avec un rythme soutenu. \u00c0 la cloche, \u00e7a acc\u00e9l\u00e8re et la Fran\u00e7aise semble dans le dur, d\u2019autant qu\u2019elle se fait bousculer en voulant doubler par l\u2019ext\u00e9rieur. Malgr\u00e9 une belle ligne droite, elle termine 5\u00e8me en 8:53.96. <strong>Sarah Healy<\/strong> glane le titre en 8:52.86.<\/p>\n<h2 style=\"text-align: justify;\">La 5\u00e8me place et le record de France pour les relais fran\u00e7ais<\/h2>\n<p style=\"text-align: justify;\">Comme traditionnellement, les relais 4x400m venaient conclure les Championnats. Avec les messieurs pour commencer. Les Bleus d\u00e9butent avec <strong>Yann Spilmann<\/strong> au lancement qui r\u00e9alise<\/p>\n<p style=\"text-align: justify;\">un relais compliqu\u00e9 conclut \u00e0 la 5\u00e8me place. Mais <strong>Predea Manounou<\/strong> remonte superbement \u00e0 la seconde place pour lancer <strong>F\u00e9lix Levasseur<\/strong>. Le jeune tricolore peine \u00e0 suivre les meilleurs et retombe \u00e0 la 5\u00e8me place. En bon dernier relayeur, <strong>T\u00e9o Andant<\/strong> donne tout et recolle \u00e0 la cloche. Mais son effort lui a co\u00fbt\u00e9 et il ne peut en remettre dans la derni\u00e8re ligne droite. Les N\u00e9erlandais s\u2019imposent \u00e0 domicile, devant les Espagnols (record national) et les Belges. Les Fran\u00e7ais, 5\u00e8mes, battent tout de m\u00eame le record de France en 3:05.83.<\/p>\n<p style=\"text-align: justify;\">Leurs co\u00e9quipi\u00e8res avaient \u00e0 coeur de faire mieux. C\u2019est <strong>Camille Seri<\/strong> qui a lanc\u00e9 le relais correctement en donnant le t\u00e9moin \u00e0 <strong>Louise Maraval<\/strong> en 4\u00e8me position. Malheureusement devant c\u2019est d\u00e9j\u00e0 loin. Mais Maraval termine fort et transmet \u00e0 <strong>Marjorie Veyssi\u00e8re<\/strong>, juste derri\u00e8re le trio de t\u00eate. La Fran\u00e7aise tente de d\u00e9bo\u00eeter mais se fait balader \u00e0 l\u2019ext\u00e9rieur. <strong>Amandine Brossier<\/strong> s\u2019\u00e9lance loin, \u00e0 la 5\u00e8me place. Malgr\u00e9 un superbe relais, elle ne peut mieux faire qu\u2019une 5\u00e8me place.<\/p>\n<p style=\"text-align: justify;\">Les Pays-Bas de <strong>Lieke Klaver<\/strong> et <strong>Femke Bol<\/strong> se sont impos\u00e9es avec le record des championnats (3:24.34), puis ont finalement \u00e9t\u00e9 disqualifi\u00e9es avant d\u2019\u00eatre re-qualifi\u00e9es. Les Tricolores battent, elles aussi, le record de France en 3:25.80.<\/p>\n<h2 style=\"text-align: justify;\">Thibaut Collet au pied du podium<\/h2>\n<p style=\"text-align: justify;\">Moment tr\u00e8s attendu de cet apr\u00e8s-midi, le concours du saut \u00e0 la perche a livr\u00e9 toutes ses promesses. 3 Fran\u00e7ais engag\u00e9s, et 3 chances de m\u00e9dailles, malgr\u00e9 une belle concurrence, plut\u00f4t homog\u00e8ne sans <strong>Mondo Duplantis<\/strong>. Malheureusement pour les Bleus, <strong>Baptiste Thierry<\/strong> ne parvient pas \u00e0 franchir 5m70 et est \u00e9limin\u00e9 rapidement (9\u00e8me). <strong>Renaud Lavillenie<\/strong>, audacieux, fait l\u2019impasse \u00e0 5m70, mais ne parvient pas \u00e0 franchir 5m80 et termine 11\u00e8me.<br \/>\n\u00c0 5m85, ils \u00e9taient encore 6, et seul <strong>Thibaut Collet<\/strong> pouvait encore apporter une breloque \u00e0 la France. Une m\u00e9daille \u00e0 laquelle il pouvait pr\u00e9tendre en prenant la t\u00eate apr\u00e8s avoir pass\u00e9 5m85 au premier essai. Le favori <strong>Karalis<\/strong> se complique la vie mais parvient \u00e0 rester en vie avec 5m85 franchi au dernier essai. Il se reprend parfaitement avec 5m90 au premier essai, comme <strong>Menno Vloon<\/strong>. <strong>Guttormsen<\/strong>, au culot, qui avait gard\u00e9 un dernier essai pour tenter 5m90, vient faire trembler la barre, mais elle ne tombe pas.<\/p>\n<p style=\"text-align: justify;\">Malheureusement, <strong>Thibaut Collet<\/strong> se retrouve 4\u00e8me en ratant sa premi\u00e8re tentative, l\u2019obligeant \u00e0 faire l\u2019impasse et garder deux sauts \u00e0 5m95. Une barre qu\u2019il ne franchira pas, \u00e9chouant au pied du podium. \u00c7a ne passe pas non plus pour <strong>Vloon<\/strong> et <strong>Karalis<\/strong> qui se retrouvent \u00e0 partager le titre europ\u00e9en. <strong>Sondre Guttormsen<\/strong> a tent\u00e9 un second coup de poker avec l\u2019impasse \u00e0 5m95 pour tenter 6m, en vain, il repart avec la m\u00e9daille de bronze.<\/p>\n<blockquote class=\"twitter-tweet\">\n<p dir=\"ltr\" lang=\"fr\">4\ufe0f\u20e3 D\u00e9ception pour Thibaut Collet qui \u00e9choue au pied du podium\u2026<\/p>\n<p>\ud83d\udc94 Il franchit 5,85 m au premier essai mais bute \u00e0 5,90 m puis \u00e0 5,95 m, mettant fin \u00e0 ses espoirs de m\u00e9daille.<\/p>\n<p>\ud83d\udcbb Suivez la comp\u00e9tition en DIRECT sur <a href=\"https:\/\/t.co\/Nmm1znFihM\">https:\/\/t.co\/Nmm1znFihM<\/a>.<\/p>\n<p>\ud83d\udcf7 KMSP \/ <a href=\"https:\/\/twitter.com\/FFAthletisme?ref_src=twsrc%5Etfw\">@ffathletisme<\/a> <a href=\"https:\/\/t.co\/sPFYv8RZya\">pic.twitter.com\/sPFYv8RZya<\/a><\/p>\n<p>\u2014 FFAthl\u00e9tisme (@FFAthletisme) <a href=\"https:\/\/twitter.com\/FFAthletisme\/status\/1898788298262282526?ref_src=twsrc%5Etfw\">March 9, 2025<\/a><\/p><\/blockquote>\n<p style=\"text-align: justify;\"><script async src=\"https:\/\/platform.twitter.com\/widgets.js\" charset=\"utf-8\"><\/script><\/p>\n<h2 style=\"text-align: justify;\">Les autres r\u00e9sultats de la soir\u00e9e<\/h2>\n<p style=\"text-align: justify;\">Les combinardes ont ouvert la derni\u00e8re session de ces Championnats d\u2019Europe en s\u2019attaquant au saut en longueur. Elles vont offrir un beau spectacle avec une pluie de records personnels. Bien install\u00e9e en t\u00eate du classement, la Finlandaise <strong>Saga Vanninen<\/strong> va battre le sien avec un saut \u00e0 6m52, lui offrant 1052 points, de quoi conforter son avance.<br \/>\nPour <strong>C\u00e9lia Perron<\/strong> en revanche, le concours ne s\u2019est pas bien pass\u00e9. Apr\u00e8s deux essais mordus, la Fran\u00e7aise s\u2019est retrouv\u00e9e au pied du mur, \u00e0 devoir assurer son dernier saut. R\u00e9sultat, \u00ab seulement \u00bb 5m78 et de gros points perdus. Apr\u00e8s 4 \u00e9preuves, Vanninen m\u00e8ne (3989 points) avec 62 points d\u2019avance sur la N\u00e9erlandaise <strong>Dokter<\/strong> (3927 points) et <strong>O\u2019Dowda<\/strong>, la Britannique, est 3\u00e8me (3871 points). <strong>Perron<\/strong> est en 12\u00e8me position (3436 points).<\/p>\n<p style=\"text-align: justify;\">Sur la derni\u00e8re \u00e9preuve, le 800m, Dokter tente de distancer Vanninen, mais en vain. 2\u00e8me de l\u2019\u00e9preuve, Vanninen s\u2019impose dans cet heptathlon avec 4922 points, record de Finlande. Sofie Dokter empoche l\u2019argent (4826 points) et <strong>Kate O\u2019Connor<\/strong> chipe la 3\u00e8me place \u00e0 O\u2019Dowda en remportant le 800m (4781 contre 4751). 4\u00e8me du 800m, C\u00e9lia Perron termine finalement 10\u00e8me avec 4362 points.<\/p>\n<blockquote class=\"twitter-tweet\">\n<p dir=\"ltr\" lang=\"fr\">\ud83d\udd1f C\u00e9lia Perron termine \u00e0 la 10e place du pentathlon.<\/p>\n<p>\ud83d\udea7 60 m haies : 8\u00a0\u00bb46 (10e) \u2013 1026 pts<br \/>\n\ud83d\udeeb Saut en hauteur : 1,78 m (5e) \u2013 953 pts<br \/>\n\u2696 Lancer du poids : 12,20 m (14e) \u2013 674 pts<br \/>\n\ud83e\udd98 Saut en longueur : 5,78 m (12e) \u2013 783 pts<br \/>\n\ud83c\udfc3\u200d\u2640 800 m : 2&rsquo;15\u00a0\u00bb65 (4e) \u2013 926 pts<\/p>\n<p>\ud83d\udcca Total :\u2026 <a href=\"https:\/\/t.co\/NlPL1SzvsW\">pic.twitter.com\/NlPL1SzvsW<\/a><\/p>\n<p>\u2014 FFAthl\u00e9tisme (@FFAthletisme) <a href=\"https:\/\/twitter.com\/FFAthletisme\/status\/1898789498588155922?ref_src=twsrc%5Etfw\">March 9, 2025<\/a><\/p><\/blockquote>\n<p style=\"text-align: justify;\"><script async src=\"https:\/\/platform.twitter.com\/widgets.js\" charset=\"utf-8\"><\/script><\/p>\n<p style=\"text-align: justify;\">Apr\u00e8s les hommes hier, les femmes se retrouvaient pour la ligne droite, le 60m. Les demi-finales d\u2019abord. Dans la premi\u00e8re, la Tricolore <strong>Carolle Zahi<\/strong>, auteur d\u2019un 7.15 en s\u00e9rie, chrono qu\u2019elle n\u2019avait plus atteint depuis 7 ans. Mais s\u2019est all\u00e9 trop vite pour elle, d\u2019autant qu\u2019elle a couru moins vite qu\u2019en s\u00e9rie (7.19). L\u2019Italienne <strong>Zaynab Dosso<\/strong> fut la plus rapide en 7.03, juste devant <strong>Mujinga Kambundji<\/strong> (7.04).<\/p>\n<p style=\"text-align: justify;\">En finale, c\u2019est l\u2019Italienne <strong>Zaynab Dosso<\/strong> qui fut la plus forte. Elle remporte le titre de Championne d\u2019Europe avec le chrono de 7.01, devant <strong>Munjinga Kambundji<\/strong> (7.02) et <strong>Patrizia van der Weken<\/strong> (7.06, record des Pays-Bas).<\/p>\n<p style=\"text-align: justify;\">Du c\u00f4t\u00e9 des hommes forts, le titre au lancer du poids \u00e9tait plus accessible sans le grand favori, <strong>L\u00e9onardo Fabbri<\/strong>, \u00e9limin\u00e9 d\u00e8s les qualifications ce matin. Avec 21m27 et un nouveau record national, c\u2019est le Roumain <strong>Andrei Rares Toader<\/strong> qui remporte le titre europ\u00e9en. Il devance <strong>Wictor Petersson<\/strong> (21m04) et<strong> Tomas Stanek<\/strong> (20m75). Dans le concours des dames, c\u2019est la N\u00e9erlandaise <strong>Jessica Schilder<\/strong> qui est titr\u00e9e avec un meilleut jet \u00e0 20m69 synonyme de record des Pays-Bas.<\/p>\n<p style=\"text-align: justify;\">Le saut en hauteur f\u00e9minin a couronn\u00e9 la recordwoman du monde, <strong>Yaroslava Mahuchikh<\/strong> avec une performance d\u20191m99, devant <strong>Angelina Topic<\/strong> (1m95) et <strong>Engla Nilsson<\/strong> (1m92).<\/p>\n<h2 style=\"text-align: justify;\">8 m\u00e9dailles au total pour les Bleus<\/h2>\n<p style=\"text-align: justify;\">L&rsquo;\u00e9quipe de France cl\u00f4ture ces Championnats d&rsquo;Europe avec 8 breloques, dont 1 titre, et une 7\u00e8me place au tableau des m\u00e9dailles. Un bilan quelque peu d\u00e9cevant, au vu notamment des d\u00e9ceptions connues sur cette derni\u00e8re journ\u00e9e. Les Pays-Bas terminent en t\u00eate du classement, avec 9 m\u00e9dailles dont 7 en or.<\/p>\n","protected":false},"excerpt":{"rendered":"<p>L&rsquo;\u00e9quipe de France a ajout\u00e9\u00a0 2 m\u00e9dailles \u00e0 son compteur gr\u00e2ce \u00e0 Clara Liberman (800m), et Azeddine Habz,\u00a0portant son total \u00e0 8 m\u00e9dailles.<\/p>\n","protected":false},"author":89,"featured_media":562890,"comment_status":"open","ping_status":"closed","sticky":false,"template":"","format":"standard","meta":{"_acf_changed":false,"_daextam_enable_autolinks":"1","footnotes":""},"categories":[2308],"tags":[143,10976,16878],"class_list":["post-562577","post","type-post","status-publish","format-standard","has-post-thumbnail","hentry","category-athletisme","tag-athletisme","tag-athletisme-francais","tag-breve"],"acf":[],"yoast_head":"<!-- This site is optimized with the Yoast SEO Premium plugin v26.7 (Yoast SEO v26.7) - https:\/\/yoast.com\/wordpress\/plugins\/seo\/ -->\n<title>Athl\u00e9tisme Championnats d&#039;Europe (salle) 2025 : La m\u00e9daille pour Liberman et Habz, le r\u00e9sum\u00e9 de la derni\u00e8re soir\u00e9e<\/title>\n<meta name=\"description\" content=\"L&#039;\u00e9quipe de France a ajout\u00e9\u00a0 2 m\u00e9dailles \u00e0 son compteur gr\u00e2ce \u00e0 Clara Liberman (800m), et Azeddine Habz,\u00a0 portant son total \u00e0 8 m\u00e9dailles.\" \/>\n<meta name=\"robots\" content=\"index, follow, max-snippet:-1, max-image-preview:large, max-video-preview:-1\" \/>\n<link rel=\"canonical\" href=\"https:\/\/dicodusport.fr\/blog\/athletisme-championnats-deurope-salle-2025-la-medaille-pour-liberman-et-habz-le-resume-de-la-derniere-soiree\/\" \/>\n<meta property=\"og:locale\" content=\"fr_FR\" \/>\n<meta property=\"og:type\" content=\"article\" \/>\n<meta property=\"og:title\" content=\"Athl\u00e9tisme Championnats d&#039;Europe (salle) 2025 : La m\u00e9daille pour Liberman et Habz, le r\u00e9sum\u00e9 de la derni\u00e8re soir\u00e9e\" \/>\n<meta property=\"og:description\" content=\"L&#039;\u00e9quipe de France a ajout\u00e9\u00a0 2 m\u00e9dailles \u00e0 son compteur gr\u00e2ce \u00e0 Clara Liberman (800m), et Azeddine Habz,\u00a0 portant son total \u00e0 8 m\u00e9dailles.\" \/>\n<meta property=\"og:url\" content=\"https:\/\/dicodusport.fr\/blog\/athletisme-championnats-deurope-salle-2025-la-medaille-pour-liberman-et-habz-le-resume-de-la-derniere-soiree\/\" \/>\n<meta property=\"og:site_name\" content=\"Dicodusport\" \/>\n<meta property=\"article:publisher\" content=\"https:\/\/www.facebook.com\/dicodusport\" \/>\n<meta property=\"article:published_time\" content=\"2025-03-09T18:19:07+00:00\" \/>\n<meta property=\"article:modified_time\" content=\"2025-03-10T07:42:37+00:00\" \/>\n<meta property=\"og:image\" content=\"https:\/\/dicodusport.fr\/blog\/wp-content\/uploads\/2025\/03\/Athletisme-Championnats-dEurope-salle-2025-La-medaille-pour-Liberman-et-Habz-le-resume-de-la-derniere-soiree.png\" \/>\n\t<meta property=\"og:image:width\" content=\"1200\" \/>\n\t<meta property=\"og:image:height\" content=\"674\" \/>\n\t<meta property=\"og:image:type\" content=\"image\/png\" \/>\n<meta name=\"author\" content=\"Louka Lesueur\" \/>\n<meta name=\"twitter:card\" content=\"summary_large_image\" \/>\n<meta name=\"twitter:title\" content=\"Athl\u00e9tisme Championnats d&#039;Europe (salle) 2025 : La m\u00e9daille pour Liberman et Habz, le r\u00e9sum\u00e9 de la derni\u00e8re soir\u00e9e\" \/>\n<meta name=\"twitter:creator\" content=\"@https:\/\/twitter.com\/LNewsSF\" \/>\n<meta name=\"twitter:site\" content=\"@dicodusport\" \/>\n<script type=\"application\/ld+json\" class=\"yoast-schema-graph\">{\"@context\":\"https:\/\/schema.org\",\"@graph\":[{\"@type\":\"NewsArticle\",\"@id\":\"https:\/\/dicodusport.fr\/blog\/athletisme-championnats-deurope-salle-2025-la-medaille-pour-liberman-et-habz-le-resume-de-la-derniere-soiree\/#article\",\"isPartOf\":{\"@id\":\"https:\/\/dicodusport.fr\/blog\/athletisme-championnats-deurope-salle-2025-la-medaille-pour-liberman-et-habz-le-resume-de-la-derniere-soiree\/\"},\"author\":{\"name\":\"Louka Lesueur\",\"@id\":\"https:\/\/dicodusport.fr\/blog\/#\/schema\/person\/54b6cdccebdfcd5a1036c594aecffc2a\"},\"headline\":\"Athl\u00e9tisme Championnats d&rsquo;Europe (salle) 2025 : La m\u00e9daille pour Liberman et Habz, le r\u00e9sum\u00e9 de la derni\u00e8re soir\u00e9e\",\"datePublished\":\"2025-03-09T18:19:07+00:00\",\"dateModified\":\"2025-03-10T07:42:37+00:00\",\"mainEntityOfPage\":{\"@id\":\"https:\/\/dicodusport.fr\/blog\/athletisme-championnats-deurope-salle-2025-la-medaille-pour-liberman-et-habz-le-resume-de-la-derniere-soiree\/\"},\"wordCount\":1677,\"commentCount\":0,\"publisher\":{\"@id\":\"https:\/\/dicodusport.fr\/blog\/#organization\"},\"image\":{\"@id\":\"https:\/\/dicodusport.fr\/blog\/athletisme-championnats-deurope-salle-2025-la-medaille-pour-liberman-et-habz-le-resume-de-la-derniere-soiree\/#primaryimage\"},\"thumbnailUrl\":\"https:\/\/dicodusport.fr\/blog\/wp-content\/uploads\/2025\/03\/Athletisme-Championnats-dEurope-salle-2025-La-medaille-pour-Liberman-et-Habz-le-resume-de-la-derniere-soiree.png\",\"keywords\":[\"Athl\u00e9tisme\",\"Athl\u00e9tisme fran\u00e7ais\",\"br\u00e8ve\"],\"articleSection\":[\"Athl\u00e9tisme\"],\"inLanguage\":\"fr-FR\",\"potentialAction\":[{\"@type\":\"CommentAction\",\"name\":\"Comment\",\"target\":[\"https:\/\/dicodusport.fr\/blog\/athletisme-championnats-deurope-salle-2025-la-medaille-pour-liberman-et-habz-le-resume-de-la-derniere-soiree\/#respond\"]}],\"copyrightYear\":\"2025\",\"copyrightHolder\":{\"@id\":\"https:\/\/dicodusport.fr\/blog\/#organization\"}},{\"@type\":\"WebPage\",\"@id\":\"https:\/\/dicodusport.fr\/blog\/athletisme-championnats-deurope-salle-2025-la-medaille-pour-liberman-et-habz-le-resume-de-la-derniere-soiree\/\",\"url\":\"https:\/\/dicodusport.fr\/blog\/athletisme-championnats-deurope-salle-2025-la-medaille-pour-liberman-et-habz-le-resume-de-la-derniere-soiree\/\",\"name\":\"Athl\u00e9tisme Championnats d'Europe (salle) 2025 : La m\u00e9daille pour Liberman et Habz, le r\u00e9sum\u00e9 de la derni\u00e8re soir\u00e9e\",\"isPartOf\":{\"@id\":\"https:\/\/dicodusport.fr\/blog\/#website\"},\"primaryImageOfPage\":{\"@id\":\"https:\/\/dicodusport.fr\/blog\/athletisme-championnats-deurope-salle-2025-la-medaille-pour-liberman-et-habz-le-resume-de-la-derniere-soiree\/#primaryimage\"},\"image\":{\"@id\":\"https:\/\/dicodusport.fr\/blog\/athletisme-championnats-deurope-salle-2025-la-medaille-pour-liberman-et-habz-le-resume-de-la-derniere-soiree\/#primaryimage\"},\"thumbnailUrl\":\"https:\/\/dicodusport.fr\/blog\/wp-content\/uploads\/2025\/03\/Athletisme-Championnats-dEurope-salle-2025-La-medaille-pour-Liberman-et-Habz-le-resume-de-la-derniere-soiree.png\",\"datePublished\":\"2025-03-09T18:19:07+00:00\",\"dateModified\":\"2025-03-10T07:42:37+00:00\",\"description\":\"L'\u00e9quipe de France a ajout\u00e9\u00a0 2 m\u00e9dailles \u00e0 son compteur gr\u00e2ce \u00e0 Clara Liberman (800m), et Azeddine Habz,\u00a0 portant son total \u00e0 8 m\u00e9dailles.\",\"breadcrumb\":{\"@id\":\"https:\/\/dicodusport.fr\/blog\/athletisme-championnats-deurope-salle-2025-la-medaille-pour-liberman-et-habz-le-resume-de-la-derniere-soiree\/#breadcrumb\"},\"inLanguage\":\"fr-FR\",\"potentialAction\":[{\"@type\":\"ReadAction\",\"target\":[\"https:\/\/dicodusport.fr\/blog\/athletisme-championnats-deurope-salle-2025-la-medaille-pour-liberman-et-habz-le-resume-de-la-derniere-soiree\/\"]}]},{\"@type\":\"ImageObject\",\"inLanguage\":\"fr-FR\",\"@id\":\"https:\/\/dicodusport.fr\/blog\/athletisme-championnats-deurope-salle-2025-la-medaille-pour-liberman-et-habz-le-resume-de-la-derniere-soiree\/#primaryimage\",\"url\":\"https:\/\/dicodusport.fr\/blog\/wp-content\/uploads\/2025\/03\/Athletisme-Championnats-dEurope-salle-2025-La-medaille-pour-Liberman-et-Habz-le-resume-de-la-derniere-soiree.png\",\"contentUrl\":\"https:\/\/dicodusport.fr\/blog\/wp-content\/uploads\/2025\/03\/Athletisme-Championnats-dEurope-salle-2025-La-medaille-pour-Liberman-et-Habz-le-resume-de-la-derniere-soiree.png\",\"width\":1200,\"height\":674,\"caption\":\"Athl\u00e9tisme Championnats d'Europe (salle) 2025 La m\u00e9daille pour Liberman et Habz, le r\u00e9sum\u00e9 de la derni\u00e8re soir\u00e9e\"},{\"@type\":\"BreadcrumbList\",\"@id\":\"https:\/\/dicodusport.fr\/blog\/athletisme-championnats-deurope-salle-2025-la-medaille-pour-liberman-et-habz-le-resume-de-la-derniere-soiree\/#breadcrumb\",\"itemListElement\":[{\"@type\":\"ListItem\",\"position\":1,\"name\":\"Accueil\",\"item\":\"https:\/\/dicodusport.fr\/blog\/\"},{\"@type\":\"ListItem\",\"position\":2,\"name\":\"Athl\u00e9tisme Championnats d&rsquo;Europe (salle) 2025 : La m\u00e9daille pour Liberman et Habz, le r\u00e9sum\u00e9 de la derni\u00e8re soir\u00e9e\"}]},{\"@type\":\"WebSite\",\"@id\":\"https:\/\/dicodusport.fr\/blog\/#website\",\"url\":\"https:\/\/dicodusport.fr\/blog\/\",\"name\":\"Dicodusport\",\"description\":\"L&#039;encyclop\u00e9die de l&#039;actualit\u00e9 sportive\",\"publisher\":{\"@id\":\"https:\/\/dicodusport.fr\/blog\/#organization\"},\"potentialAction\":[{\"@type\":\"SearchAction\",\"target\":{\"@type\":\"EntryPoint\",\"urlTemplate\":\"https:\/\/dicodusport.fr\/blog\/?s={search_term_string}\"},\"query-input\":{\"@type\":\"PropertyValueSpecification\",\"valueRequired\":true,\"valueName\":\"search_term_string\"}}],\"inLanguage\":\"fr-FR\"},{\"@type\":\"NewsMediaOrganization\",\"@id\":\"https:\/\/dicodusport.fr\/blog\/#organization\",\"name\":\"Dicodusport\",\"url\":\"https:\/\/dicodusport.fr\/blog\/\",\"logo\":{\"@type\":\"ImageObject\",\"inLanguage\":\"fr-FR\",\"@id\":\"https:\/\/dicodusport.fr\/blog\/#\/schema\/logo\/image\/\",\"url\":\"https:\/\/dicodusport.fr\/blog\/wp-content\/uploads\/2020\/06\/cropped-LOGO-DICODUSPORT-2020-SANS-FOND-SANS-TEXTE.png\",\"contentUrl\":\"https:\/\/dicodusport.fr\/blog\/wp-content\/uploads\/2020\/06\/cropped-LOGO-DICODUSPORT-2020-SANS-FOND-SANS-TEXTE.png\",\"width\":512,\"height\":512,\"caption\":\"Dicodusport\"},\"image\":{\"@id\":\"https:\/\/dicodusport.fr\/blog\/#\/schema\/logo\/image\/\"},\"sameAs\":[\"https:\/\/www.facebook.com\/dicodusport\",\"https:\/\/x.com\/dicodusport\",\"https:\/\/www.instagram.com\/dicodusport\/\",\"https:\/\/www.youtube.com\/channel\/UC7V2KZ5sd3htJivAbA4ZG3w\"],\"description\":\"Dicodusport est l'encyclop\u00e9die de l'actualit\u00e9 sportive.\",\"email\":\"bonjour@dicodusport.fr\",\"legalName\":\"DICODUSPORT\",\"foundingDate\":\"2018-01-14\",\"vatID\":\"FR71834470973\",\"taxID\":\"83447097300043\",\"numberOfEmployees\":{\"@type\":\"QuantitativeValue\",\"minValue\":\"1\",\"maxValue\":\"10\"}},{\"@type\":\"Person\",\"@id\":\"https:\/\/dicodusport.fr\/blog\/#\/schema\/person\/54b6cdccebdfcd5a1036c594aecffc2a\",\"name\":\"Louka Lesueur\",\"image\":{\"@type\":\"ImageObject\",\"inLanguage\":\"fr-FR\",\"@id\":\"https:\/\/dicodusport.fr\/blog\/#\/schema\/person\/image\/\",\"url\":\"https:\/\/dicodusport.fr\/blog\/wp-content\/uploads\/2023\/09\/IMG_2783-150x150.jpeg\",\"contentUrl\":\"https:\/\/dicodusport.fr\/blog\/wp-content\/uploads\/2023\/09\/IMG_2783-150x150.jpeg\",\"caption\":\"Louka Lesueur\"},\"description\":\"Passionn\u00e9 depuis tout petit par les exploits de Bolt, Fourcade, Riner, Lavillenie, Wilkinson, Hirscher. Les \u00e9motions provoqu\u00e9es par le sport ont berc\u00e9 mon enfance et continuent de le faire aujourd'hui. C'est ainsi qu'il m'est arriv\u00e9 de pleurer devant la d\u00e9faite des Bleus face aux Blacks en 2011, ou encore devant le titre olympique de Florent Manaudou \u00e0 Londres. Bien loin de ce milieu professionnel, j'ai os\u00e9 tenter ma chance pour rejoindre l'\u00e9quipe de r\u00e9daction de Dicodusport, et depuis septembre 2023, je tente de retransmettre au mieux les exploits des athl\u00e8tes, tous sports confondus. Grand chauvin, c'est bel et bien sur les sportifs tricolores que je pr\u00e9f\u00e8re \u00e9crire.\",\"sameAs\":[\"https:\/\/x.com\/https:\/\/twitter.com\/LNewsSF\"],\"gender\":\"Homme\",\"worksFor\":\"Louka LESUEUR\",\"url\":\"https:\/\/dicodusport.fr\/blog\/author\/louka-lesueur\/\"}]}<\/script>\n<!-- \/ Yoast SEO Premium plugin. -->","yoast_head_json":{"title":"Athl\u00e9tisme Championnats d'Europe (salle) 2025 : La m\u00e9daille pour Liberman et Habz, le r\u00e9sum\u00e9 de la derni\u00e8re soir\u00e9e","description":"L'\u00e9quipe de France a ajout\u00e9\u00a0 2 m\u00e9dailles \u00e0 son compteur gr\u00e2ce \u00e0 Clara Liberman (800m), et Azeddine Habz,\u00a0 portant son total \u00e0 8 m\u00e9dailles.","robots":{"index":"index","follow":"follow","max-snippet":"max-snippet:-1","max-image-preview":"max-image-preview:large","max-video-preview":"max-video-preview:-1"},"canonical":"https:\/\/dicodusport.fr\/blog\/athletisme-championnats-deurope-salle-2025-la-medaille-pour-liberman-et-habz-le-resume-de-la-derniere-soiree\/","og_locale":"fr_FR","og_type":"article","og_title":"Athl\u00e9tisme Championnats d'Europe (salle) 2025 : La m\u00e9daille pour Liberman et Habz, le r\u00e9sum\u00e9 de la derni\u00e8re soir\u00e9e","og_description":"L'\u00e9quipe de France a ajout\u00e9\u00a0 2 m\u00e9dailles \u00e0 son compteur gr\u00e2ce \u00e0 Clara Liberman (800m), et Azeddine Habz,\u00a0 portant son total \u00e0 8 m\u00e9dailles.","og_url":"https:\/\/dicodusport.fr\/blog\/athletisme-championnats-deurope-salle-2025-la-medaille-pour-liberman-et-habz-le-resume-de-la-derniere-soiree\/","og_site_name":"Dicodusport","article_publisher":"https:\/\/www.facebook.com\/dicodusport","article_published_time":"2025-03-09T18:19:07+00:00","article_modified_time":"2025-03-10T07:42:37+00:00","og_image":[{"width":1200,"height":674,"url":"https:\/\/dicodusport.fr\/blog\/wp-content\/uploads\/2025\/03\/Athletisme-Championnats-dEurope-salle-2025-La-medaille-pour-Liberman-et-Habz-le-resume-de-la-derniere-soiree.png","type":"image\/png"}],"author":"Louka Lesueur","twitter_card":"summary_large_image","twitter_title":"Athl\u00e9tisme Championnats d'Europe (salle) 2025 : La m\u00e9daille pour Liberman et Habz, le r\u00e9sum\u00e9 de la derni\u00e8re soir\u00e9e","twitter_creator":"@https:\/\/twitter.com\/LNewsSF","twitter_site":"@dicodusport","schema":{"@context":"https:\/\/schema.org","@graph":[{"@type":"NewsArticle","@id":"https:\/\/dicodusport.fr\/blog\/athletisme-championnats-deurope-salle-2025-la-medaille-pour-liberman-et-habz-le-resume-de-la-derniere-soiree\/#article","isPartOf":{"@id":"https:\/\/dicodusport.fr\/blog\/athletisme-championnats-deurope-salle-2025-la-medaille-pour-liberman-et-habz-le-resume-de-la-derniere-soiree\/"},"author":{"name":"Louka Lesueur","@id":"https:\/\/dicodusport.fr\/blog\/#\/schema\/person\/54b6cdccebdfcd5a1036c594aecffc2a"},"headline":"Athl\u00e9tisme Championnats d&rsquo;Europe (salle) 2025 : La m\u00e9daille pour Liberman et Habz, le r\u00e9sum\u00e9 de la derni\u00e8re soir\u00e9e","datePublished":"2025-03-09T18:19:07+00:00","dateModified":"2025-03-10T07:42:37+00:00","mainEntityOfPage":{"@id":"https:\/\/dicodusport.fr\/blog\/athletisme-championnats-deurope-salle-2025-la-medaille-pour-liberman-et-habz-le-resume-de-la-derniere-soiree\/"},"wordCount":1677,"commentCount":0,"publisher":{"@id":"https:\/\/dicodusport.fr\/blog\/#organization"},"image":{"@id":"https:\/\/dicodusport.fr\/blog\/athletisme-championnats-deurope-salle-2025-la-medaille-pour-liberman-et-habz-le-resume-de-la-derniere-soiree\/#primaryimage"},"thumbnailUrl":"https:\/\/dicodusport.fr\/blog\/wp-content\/uploads\/2025\/03\/Athletisme-Championnats-dEurope-salle-2025-La-medaille-pour-Liberman-et-Habz-le-resume-de-la-derniere-soiree.png","keywords":["Athl\u00e9tisme","Athl\u00e9tisme fran\u00e7ais","br\u00e8ve"],"articleSection":["Athl\u00e9tisme"],"inLanguage":"fr-FR","potentialAction":[{"@type":"CommentAction","name":"Comment","target":["https:\/\/dicodusport.fr\/blog\/athletisme-championnats-deurope-salle-2025-la-medaille-pour-liberman-et-habz-le-resume-de-la-derniere-soiree\/#respond"]}],"copyrightYear":"2025","copyrightHolder":{"@id":"https:\/\/dicodusport.fr\/blog\/#organization"}},{"@type":"WebPage","@id":"https:\/\/dicodusport.fr\/blog\/athletisme-championnats-deurope-salle-2025-la-medaille-pour-liberman-et-habz-le-resume-de-la-derniere-soiree\/","url":"https:\/\/dicodusport.fr\/blog\/athletisme-championnats-deurope-salle-2025-la-medaille-pour-liberman-et-habz-le-resume-de-la-derniere-soiree\/","name":"Athl\u00e9tisme Championnats d'Europe (salle) 2025 : La m\u00e9daille pour Liberman et Habz, le r\u00e9sum\u00e9 de la derni\u00e8re soir\u00e9e","isPartOf":{"@id":"https:\/\/dicodusport.fr\/blog\/#website"},"primaryImageOfPage":{"@id":"https:\/\/dicodusport.fr\/blog\/athletisme-championnats-deurope-salle-2025-la-medaille-pour-liberman-et-habz-le-resume-de-la-derniere-soiree\/#primaryimage"},"image":{"@id":"https:\/\/dicodusport.fr\/blog\/athletisme-championnats-deurope-salle-2025-la-medaille-pour-liberman-et-habz-le-resume-de-la-derniere-soiree\/#primaryimage"},"thumbnailUrl":"https:\/\/dicodusport.fr\/blog\/wp-content\/uploads\/2025\/03\/Athletisme-Championnats-dEurope-salle-2025-La-medaille-pour-Liberman-et-Habz-le-resume-de-la-derniere-soiree.png","datePublished":"2025-03-09T18:19:07+00:00","dateModified":"2025-03-10T07:42:37+00:00","description":"L'\u00e9quipe de France a ajout\u00e9\u00a0 2 m\u00e9dailles \u00e0 son compteur gr\u00e2ce \u00e0 Clara Liberman (800m), et Azeddine Habz,\u00a0 portant son total \u00e0 8 m\u00e9dailles.","breadcrumb":{"@id":"https:\/\/dicodusport.fr\/blog\/athletisme-championnats-deurope-salle-2025-la-medaille-pour-liberman-et-habz-le-resume-de-la-derniere-soiree\/#breadcrumb"},"inLanguage":"fr-FR","potentialAction":[{"@type":"ReadAction","target":["https:\/\/dicodusport.fr\/blog\/athletisme-championnats-deurope-salle-2025-la-medaille-pour-liberman-et-habz-le-resume-de-la-derniere-soiree\/"]}]},{"@type":"ImageObject","inLanguage":"fr-FR","@id":"https:\/\/dicodusport.fr\/blog\/athletisme-championnats-deurope-salle-2025-la-medaille-pour-liberman-et-habz-le-resume-de-la-derniere-soiree\/#primaryimage","url":"https:\/\/dicodusport.fr\/blog\/wp-content\/uploads\/2025\/03\/Athletisme-Championnats-dEurope-salle-2025-La-medaille-pour-Liberman-et-Habz-le-resume-de-la-derniere-soiree.png","contentUrl":"https:\/\/dicodusport.fr\/blog\/wp-content\/uploads\/2025\/03\/Athletisme-Championnats-dEurope-salle-2025-La-medaille-pour-Liberman-et-Habz-le-resume-de-la-derniere-soiree.png","width":1200,"height":674,"caption":"Athl\u00e9tisme Championnats d'Europe (salle) 2025 La m\u00e9daille pour Liberman et Habz, le r\u00e9sum\u00e9 de la derni\u00e8re soir\u00e9e"},{"@type":"BreadcrumbList","@id":"https:\/\/dicodusport.fr\/blog\/athletisme-championnats-deurope-salle-2025-la-medaille-pour-liberman-et-habz-le-resume-de-la-derniere-soiree\/#breadcrumb","itemListElement":[{"@type":"ListItem","position":1,"name":"Accueil","item":"https:\/\/dicodusport.fr\/blog\/"},{"@type":"ListItem","position":2,"name":"Athl\u00e9tisme Championnats d&rsquo;Europe (salle) 2025 : La m\u00e9daille pour Liberman et Habz, le r\u00e9sum\u00e9 de la derni\u00e8re soir\u00e9e"}]},{"@type":"WebSite","@id":"https:\/\/dicodusport.fr\/blog\/#website","url":"https:\/\/dicodusport.fr\/blog\/","name":"Dicodusport","description":"L&#039;encyclop\u00e9die de l&#039;actualit\u00e9 sportive","publisher":{"@id":"https:\/\/dicodusport.fr\/blog\/#organization"},"potentialAction":[{"@type":"SearchAction","target":{"@type":"EntryPoint","urlTemplate":"https:\/\/dicodusport.fr\/blog\/?s={search_term_string}"},"query-input":{"@type":"PropertyValueSpecification","valueRequired":true,"valueName":"search_term_string"}}],"inLanguage":"fr-FR"},{"@type":"NewsMediaOrganization","@id":"https:\/\/dicodusport.fr\/blog\/#organization","name":"Dicodusport","url":"https:\/\/dicodusport.fr\/blog\/","logo":{"@type":"ImageObject","inLanguage":"fr-FR","@id":"https:\/\/dicodusport.fr\/blog\/#\/schema\/logo\/image\/","url":"https:\/\/dicodusport.fr\/blog\/wp-content\/uploads\/2020\/06\/cropped-LOGO-DICODUSPORT-2020-SANS-FOND-SANS-TEXTE.png","contentUrl":"https:\/\/dicodusport.fr\/blog\/wp-content\/uploads\/2020\/06\/cropped-LOGO-DICODUSPORT-2020-SANS-FOND-SANS-TEXTE.png","width":512,"height":512,"caption":"Dicodusport"},"image":{"@id":"https:\/\/dicodusport.fr\/blog\/#\/schema\/logo\/image\/"},"sameAs":["https:\/\/www.facebook.com\/dicodusport","https:\/\/x.com\/dicodusport","https:\/\/www.instagram.com\/dicodusport\/","https:\/\/www.youtube.com\/channel\/UC7V2KZ5sd3htJivAbA4ZG3w"],"description":"Dicodusport est l'encyclop\u00e9die de l'actualit\u00e9 sportive.","email":"bonjour@dicodusport.fr","legalName":"DICODUSPORT","foundingDate":"2018-01-14","vatID":"FR71834470973","taxID":"83447097300043","numberOfEmployees":{"@type":"QuantitativeValue","minValue":"1","maxValue":"10"}},{"@type":"Person","@id":"https:\/\/dicodusport.fr\/blog\/#\/schema\/person\/54b6cdccebdfcd5a1036c594aecffc2a","name":"Louka Lesueur","image":{"@type":"ImageObject","inLanguage":"fr-FR","@id":"https:\/\/dicodusport.fr\/blog\/#\/schema\/person\/image\/","url":"https:\/\/dicodusport.fr\/blog\/wp-content\/uploads\/2023\/09\/IMG_2783-150x150.jpeg","contentUrl":"https:\/\/dicodusport.fr\/blog\/wp-content\/uploads\/2023\/09\/IMG_2783-150x150.jpeg","caption":"Louka Lesueur"},"description":"Passionn\u00e9 depuis tout petit par les exploits de Bolt, Fourcade, Riner, Lavillenie, Wilkinson, Hirscher. Les \u00e9motions provoqu\u00e9es par le sport ont berc\u00e9 mon enfance et continuent de le faire aujourd'hui. C'est ainsi qu'il m'est arriv\u00e9 de pleurer devant la d\u00e9faite des Bleus face aux Blacks en 2011, ou encore devant le titre olympique de Florent Manaudou \u00e0 Londres. Bien loin de ce milieu professionnel, j'ai os\u00e9 tenter ma chance pour rejoindre l'\u00e9quipe de r\u00e9daction de Dicodusport, et depuis septembre 2023, je tente de retransmettre au mieux les exploits des athl\u00e8tes, tous sports confondus. Grand chauvin, c'est bel et bien sur les sportifs tricolores que je pr\u00e9f\u00e8re \u00e9crire.","sameAs":["https:\/\/x.com\/https:\/\/twitter.com\/LNewsSF"],"gender":"Homme","worksFor":"Louka LESUEUR","url":"https:\/\/dicodusport.fr\/blog\/author\/louka-lesueur\/"}]}},"_links":{"self":[{"href":"https:\/\/dicodusport.fr\/blog\/wp-json\/wp\/v2\/posts\/562577","targetHints":{"allow":["GET"]}}],"collection":[{"href":"https:\/\/dicodusport.fr\/blog\/wp-json\/wp\/v2\/posts"}],"about":[{"href":"https:\/\/dicodusport.fr\/blog\/wp-json\/wp\/v2\/types\/post"}],"author":[{"embeddable":true,"href":"https:\/\/dicodusport.fr\/blog\/wp-json\/wp\/v2\/users\/89"}],"replies":[{"embeddable":true,"href":"https:\/\/dicodusport.fr\/blog\/wp-json\/wp\/v2\/comments?post=562577"}],"version-history":[{"count":6,"href":"https:\/\/dicodusport.fr\/blog\/wp-json\/wp\/v2\/posts\/562577\/revisions"}],"predecessor-version":[{"id":562959,"href":"https:\/\/dicodusport.fr\/blog\/wp-json\/wp\/v2\/posts\/562577\/revisions\/562959"}],"wp:featuredmedia":[{"embeddable":true,"href":"https:\/\/dicodusport.fr\/blog\/wp-json\/wp\/v2\/media\/562890"}],"wp:attachment":[{"href":"https:\/\/dicodusport.fr\/blog\/wp-json\/wp\/v2\/media?parent=562577"}],"wp:term":[{"taxonomy":"category","embeddable":true,"href":"https:\/\/dicodusport.fr\/blog\/wp-json\/wp\/v2\/categories?post=562577"},{"taxonomy":"post_tag","embeddable":true,"href":"https:\/\/dicodusport.fr\/blog\/wp-json\/wp\/v2\/tags?post=562577"}],"curies":[{"name":"wp","href":"https:\/\/api.w.org\/{rel}","templated":true}]}}