{"id":562773,"date":"2025-03-10T15:00:21","date_gmt":"2025-03-10T14:00:21","guid":{"rendered":"https:\/\/dicodusport.fr\/blog\/?p=562773&#038;preview=true&#038;preview_id=562773"},"modified":"2025-03-11T05:37:26","modified_gmt":"2025-03-11T04:37:26","slug":"athletisme-europe-en-salle-2025-quel-bilan-pour-les-bleus","status":"publish","type":"post","link":"https:\/\/dicodusport.fr\/blog\/athletisme-europe-en-salle-2025-quel-bilan-pour-les-bleus\/","title":{"rendered":"Athl\u00e9tisme Europe en salle 2025 : Quel bilan pour les Bleus ?"},"content":{"rendered":"<h4 style=\"text-align: justify;\"><em>CHAMPIONNATS D&rsquo;EUROPE D&rsquo;ATHL\u00c9TISME EN SALLE 2025 &#8211; La comp\u00e9tition s&rsquo;est achev\u00e9e ce dimanche. On fait le point sur le bilan de l&rsquo;\u00e9quipe de France. Une \u00e9quipe encore en progr\u00e8s malgr\u00e9 quelques frustrations, mais qui manque encore de quelques pourvoyeurs de titres.\u00a0<\/em><\/h4>\n<ul style=\"text-align: justify;\">\n<li style=\"text-align: justify;\"><strong>\u00c0 ce sujet \u2013\u00a0<a href=\"https:\/\/dicodusport.fr\/blog\/athletisme-programme-et-resultats-championnats-deurope-en-salle-2025\/\">Athl\u00e9tisme : Programme et r\u00e9sultats Championnats d&rsquo;Europe en salle 2025<\/a><\/strong><\/li>\n<\/ul>\n<h2 style=\"text-align: justify;\">Les Bleus se sont ancr\u00e9s en haut de la hi\u00e9rarchie europ\u00e9enne<\/h2>\n<p style=\"text-align: justify;\">Rome n&rsquo;\u00e9tait donc pas un mirage envol\u00e9 par les Jeux Olympiques. Les Fran\u00e7ais avaient r\u00e9alis\u00e9 de tr\u00e8s bons championnats d&rsquo;Europe en 2024. Deuxi\u00e8mes du <a href=\"https:\/\/dicodusport.fr\/blog\/tableau-des-medailles-athletisme-championnats-deurope-2024\/\"><strong>tableau des m\u00e9dailles<\/strong><\/a>, avec 16 podiums dont quatre titres. Si les championnats d&rsquo;Europe en salle ont \u00e9t\u00e9 le th\u00e9\u00e2tre de quelques frustrations, comme la blessure de <strong>La\u00ebticia Bapt\u00e9<\/strong> sur 60 m haies ou encore la 4\u00e8me place de <strong>Thibaut Collet<\/strong> \u00e0 la perche, la France s&rsquo;est inscrite une nouvelle fois parmi les nations fortes sur l&rsquo;\u00e9chelle europ\u00e9enne.<\/p>\n<blockquote class=\"twitter-tweet\">\n<p dir=\"ltr\" lang=\"fr\">\ud83e\udd47 HISTORIQUE !!! Agathe Guillemot d\u00e9croche son premier titre europ\u00e9en sur 1500 m !!!<\/p>\n<p>\ud83d\udca5 Une course magistrale, un dernier virage de feu, et une arriv\u00e9e en or en 4&rsquo;07\u00a0\u00bb23 ! Une explosion d\u2019\u00e9motions pour un sacre inoubliable !<\/p>\n<p>\ud83d\udcbb La comp\u00e9tition est \u00e0 suivre en DIRECT sur\u2026 <a href=\"https:\/\/t.co\/Qx7F2kmhIC\">pic.twitter.com\/Qx7F2kmhIC<\/a><\/p>\n<p>\u2014 FFAthl\u00e9tisme (@FFAthletisme) <a href=\"https:\/\/twitter.com\/FFAthletisme\/status\/1898104642048848088?ref_src=twsrc%5Etfw\">March 7, 2025<\/a><\/p><\/blockquote>\n<p style=\"text-align: justify;\"><script async src=\"https:\/\/platform.twitter.com\/widgets.js\" charset=\"utf-8\"><\/script><\/p>\n<h3 style=\"text-align: justify;\">2\u00e8me au total des m\u00e9dailles<\/h3>\n<p style=\"text-align: justify;\">Avec huit m\u00e9dailles, la France termine \u00e0 la deuxi\u00e8me position en termes de m\u00e9dailles r\u00e9colt\u00e9es, derri\u00e8re le pays h\u00f4te, les Pays-Bas (9 m\u00e9dailles). Dans un Euro d&rsquo;athl\u00e9tisme dans lequel les nations se sont partag\u00e9 les breloques, les Fran\u00e7ais ont su r\u00e9pondre pr\u00e9sents. Et signent leur meilleur bilan depuis 12 ans. M\u00eame si la France ne termine que 7\u00e8me du classement des m\u00e9dailles. Malgr\u00e9 tout, les progr\u00e8s sont visibles, par rapport \u00e0 l&rsquo;\u00e9dition 2023 \u00e0 Istanbul, o\u00f9 les Bleus avaient ramen\u00e9 six m\u00e9dailles et termin\u00e9 9\u00e8mes au classement des m\u00e9dailles. Des progr\u00e8s \u00e9galement visibles du c\u00f4t\u00e9 de la <em>placing table<\/em>, un classement qui prend en compte tous les finalistes (Top 8).<\/p>\n<blockquote class=\"twitter-tweet\">\n<p dir=\"ltr\" lang=\"fr\">Bilan des \ud83c\uddea\ud83c\uddfa<br \/>\n\ud83e\udd47\ud83e\udd48\ud83e\udd48\ud83e\udd48\ud83e\udd49\ud83e\udd49\ud83e\udd49\ud83e\udd49<br \/>\nMeilleur r\u00e9sultat depuis 12 ans<br \/>\nA noter que cela fait aussi 12 ans que la \ud83c\uddeb\ud83c\uddf7 n\u2019avait pas remport\u00e9e 3 m\u00e9dailles chez les \ud83d\udeba<br \/>\nLes finalistes :<br \/>\n2 places de 4e<br \/>\n4 places de 5e<br \/>\n1 place de 6e<br \/>\n1 place de 8e<br \/>\n\ud83d\udd1c Mondiaux en salle \ud83e\udee1<\/p>\n<p>\u2014 Cl\u00e9ment Breysse (@BreysseClement) <a href=\"https:\/\/twitter.com\/BreysseClement\/status\/1898801966777593934?ref_src=twsrc%5Etfw\">March 9, 2025<\/a><\/p><\/blockquote>\n<p style=\"text-align: justify;\"><script async src=\"https:\/\/platform.twitter.com\/widgets.js\" charset=\"utf-8\"><\/script><\/p>\n<p style=\"text-align: justify;\">En Turquie, la France avait pris la 5\u00e8me place, avec 58 points. Cette ann\u00e9e, elle termine \u00e0 la 3\u00e8me place, avec 83 points, apr\u00e8s avoir \u00e9t\u00e9 longtemps en t\u00eate. Cela montre que la France est de plus en plus capable de fournir des athl\u00e8tes capables d&rsquo;entrer en finale. Le tout, sans certaines de ses t\u00eates d&rsquo;affiche. On pense \u00e0 <a href=\"https:\/\/dicodusport.fr\/blog\/athletisme-jo-2024-cyrena-samba-mayela-en-argent-sur-le-100-m-haies\/\"><strong>Cyr\u00e9na Samba-Mayela<\/strong><\/a>, la m\u00e9daill\u00e9e d&rsquo;argent du 100 m haies \u00e0 Paris. Mais aussi <a href=\"https:\/\/dicodusport.fr\/blog\/athletisme-championnats-deurope-2024-alice-finot-championne-deurope-du-3000-m-steeple\/\"><strong>Alice Finot<\/strong><\/a>, championne d&rsquo;Europe puis 4\u00e8me des JO sur 3000 m steeple, et m\u00e9daill\u00e9e europ\u00e9enne sur 3000 m en salle en 2021. Sans <strong>Kevin Mayer<\/strong> ou <strong>Makenson Gletty<\/strong> ou encore <strong>Auriana Lazraq-Khlass<\/strong>, qui auraient \u00e9galement \u00e9t\u00e9 des pr\u00e9tendants sur les \u00e9preuves combin\u00e9es. Parmi ces athl\u00e8tes qui se sont invit\u00e9s parmi les finalistes, on pense \u00e0 <a href=\"https:\/\/dicodusport.fr\/blog\/sarah-madeleine-je-veux-minscrire-dans-lhistoire-de-lathletisme-francais\/\"><strong>Sarah Madeleine,<\/strong><\/a> 5e du 3000 m, une distance qui n&rsquo;a que rarement r\u00e9ussie aux Bleus.<\/p>\n<blockquote class=\"twitter-tweet\">\n<p dir=\"ltr\" lang=\"fr\">Hors la m\u00e9daille d\u2019Alice Finot en 2021, meilleur r\u00e9sultat d\u2019une \ud83c\uddeb\ud83c\uddf7 depuis 31 ans <a href=\"https:\/\/t.co\/Kz9XVwMRIo\">https:\/\/t.co\/Kz9XVwMRIo<\/a><\/p>\n<p>\u2014 Cl\u00e9ment Breysse (@BreysseClement) <a href=\"https:\/\/twitter.com\/BreysseClement\/status\/1898786054728974428?ref_src=twsrc%5Etfw\">March 9, 2025<\/a><\/p><\/blockquote>\n<p style=\"text-align: justify;\"><script async src=\"https:\/\/platform.twitter.com\/widgets.js\" charset=\"utf-8\"><\/script><\/p>\n<h2 style=\"text-align: justify;\">De belles surprises<\/h2>\n<p style=\"text-align: justify;\">Malgr\u00e9 une \u00e9quipe remani\u00e9e, la France a r\u00e9ussi \u00e0 placer sept de ses athl\u00e8tes sur le podium (<strong>Azeddine Habz<\/strong> ayant \u00e9t\u00e9 argent\u00e9 sur le 1500 m et en bronze sur le 3000 m). Avec quelques tr\u00e8s belles surprises dans le lot. On pense forc\u00e9ment \u00e0 la m\u00e9daille d&rsquo;argent de <a href=\"https:\/\/dicodusport.fr\/blog\/athletisme-championnats-deurope-salle-2025-clara-liberman-se-pare-dargent-sur-le-800-m\/\"><strong>Clara Liberman<\/strong><\/a> sur le 800 m. Qui, pour sa premi\u00e8re s\u00e9lection, a couru ses trois courses sans aucun complexe, pour aller chercher cette tr\u00e8s belle place sur le podium. Pour la 4\u00e8me fois cons\u00e9cutive, dans un championnat d&rsquo;Europe, une femme est m\u00e9daill\u00e9e sur 800 m. Quatre femmes diff\u00e9rentes (<strong>R\u00e9nelle Lamote, Agn\u00e8s Raharolahy, Ana\u00efs Bourgoin et Clara Liberman<\/strong>).<\/p>\n<blockquote class=\"twitter-tweet\">\n<p dir=\"ltr\" lang=\"fr\">\ud83d\ude0d La Team kRocket a encore frapp\u00e9 !!!<\/p>\n<p>\ud83e\udd48 Clara Liberman d\u00e9croche l&rsquo;argent sur 800 m en 2&rsquo;02\u00a0\u00bb32 et devient vice-championne d\u2019Europe !<\/p>\n<p>\ud83d\udcbb La comp\u00e9tition est \u00e0 suivre en DIRECT sur <a href=\"https:\/\/t.co\/Nmm1znFihM\">https:\/\/t.co\/Nmm1znFihM<\/a>. <a href=\"https:\/\/t.co\/fxa1IKaoRQ\">pic.twitter.com\/fxa1IKaoRQ<\/a><\/p>\n<p>\u2014 FFAthl\u00e9tisme (@FFAthletisme) <a href=\"https:\/\/twitter.com\/FFAthletisme\/status\/1898761338920271997?ref_src=twsrc%5Etfw\">March 9, 2025<\/a><\/p><\/blockquote>\n<p style=\"text-align: justify;\"><script async src=\"https:\/\/platform.twitter.com\/widgets.js\" charset=\"utf-8\"><\/script><\/p>\n<p style=\"text-align: justify;\">Si elle \u00e9tait candidate \u00e0 un podium en d\u00e9but de championnat, le titre d&rsquo;<a href=\"https:\/\/dicodusport.fr\/blog\/athletisme-europe-en-salle-agathe-guillemot-medaillee-dor-sur-1500-metres\/\"><strong>Agathe Guillemot<\/strong><\/a> sur 1500 m, reste une tr\u00e8s belle satisfaction. Et m\u00eame si tous les doutes sont permis quant \u00e0 sa performance, personne n&rsquo;aurait mis\u00e9 sur la m\u00e9daille de bronze de <a href=\"https:\/\/dicodusport.fr\/blog\/athletisme-europe-en-salle-la-medaille-de-bronze-sur-le-400-metres-pour-jimy-soudril\/\"><strong>Jimy Soudril<\/strong><\/a> sur 400 m. M\u00eame si celle-l\u00e0 a suscit\u00e9 plus de scepticisme que de satisfactions. D&rsquo;autres athl\u00e8tes ont valid\u00e9 leurs progr\u00e8s par une m\u00e9daille europ\u00e9enne. On pense forc\u00e9ment \u00e0<a href=\"https:\/\/dicodusport.fr\/blog\/athletisme-europe-en-salle-marie-julie-bonnin-medaillee-de-bronze-au-saut-a-la-perche\/\"><strong> Marie-Julie Bonnin<\/strong><\/a>, en bronze dans un concours de perche tendu jusqu&rsquo;au bout. Just Kwaou-Mathey, un an apr\u00e8s sa rupture du tendon d&rsquo;Achille, est revenu au top niveau europ\u00e9en. <strong>Clara Liberman, Jimy Soudril et Marie-Julie Bonnin<\/strong> ont profit\u00e9 de ces championnats pour d\u00e9crocher leur premi\u00e8re m\u00e9daille sur la sc\u00e8ne internationale.<\/p>\n<blockquote class=\"twitter-tweet\">\n<p dir=\"ltr\" lang=\"fr\">\ud83e\udd78La stat du soir \ud83e\udd78<br \/>\nLa m\u00e9daille de \ud83e\udd49 de MJ Bonnin est la 2e m\u00e9daille internationale \u00e0 la perche \ud83d\udeba pour une \ud83c\uddeb\ud83c\uddf7 apr\u00e8s l\u2019argent de Boslak en 2012 aux Mondiaux en salle.<br \/>\n\u00c7a fait du bien \ud83d\udcaa\ud83c\udffb<\/p>\n<p>\u2014 Cl\u00e9ment Breysse (@BreysseClement) <a href=\"https:\/\/twitter.com\/BreysseClement\/status\/1898466858627707144?ref_src=twsrc%5Etfw\">March 8, 2025<\/a><\/p><\/blockquote>\n<p style=\"text-align: justify;\"><script async src=\"https:\/\/platform.twitter.com\/widgets.js\" charset=\"utf-8\"><\/script><\/p>\n<h2 style=\"text-align: justify;\">Il manque encore des \u00ab\u00a0favoris\u00a0\u00bb<\/h2>\n<p style=\"text-align: justify;\">Le petit point plus d\u00e9licat, c&rsquo;est le manque de titre. Cela co\u00fbte un meilleur bilan \u00e0 cette \u00e9quipe de France. C&rsquo;est un constat fait depuis deux ans et les progr\u00e8s d&rsquo;ensemble de l&rsquo;athl\u00e9tisme fran\u00e7ais. Il manque ces scoreurs qui sont grands favoris. Comme l&rsquo;\u00e9tait un <strong>Renaud Lavillenie<\/strong> \u00e0 la perche, ou encore un <strong>Kevin Mayer<\/strong> sur les \u00e9preuves combin\u00e9es. Aucun Fran\u00e7ais, sauf <strong>La\u00ebticia Bapt\u00e9<\/strong>, n&rsquo;est arriv\u00e9 \u00e0 Apeldoorn avec la meilleure performance europ\u00e9enne de l&rsquo;hiver. On \u00e9voque le cas de <strong>Wilhem Belocian<\/strong> et <strong>Just Kwaou-Mathey<\/strong>. Mais voir les deux domin\u00e9s par le Polonais <strong>Jakub Szyma\u0144ski<\/strong> est tout sauf une surprise. Il avait couru en 7.39 plus t\u00f4t dans l&rsquo;hiver, mieux que le record des deux Tricolores (7.42 et 7.43).<\/p>\n<blockquote class=\"twitter-tweet\">\n<p dir=\"ltr\" lang=\"fr\">EXPLOIT MONUMENTAL !<br \/>\nAgathe Guillemot entre dans la grande histoire de l\u2019athl\u00e9 \ud83c\uddeb\ud83c\uddf7<br \/>\nElle est la 8e \ud83d\udeba championne d\u2019Europe en individuel<br \/>\nA noter que seul Patricia Djat\u00e9 sur 800m en 1996 avait gagn\u00e9 un titre en 1\/2 fond femmes. <a href=\"https:\/\/t.co\/PlshkKja4Q\">pic.twitter.com\/PlshkKja4Q<\/a><\/p>\n<p>\u2014 Cl\u00e9ment Breysse (@BreysseClement) <a href=\"https:\/\/twitter.com\/BreysseClement\/status\/1898104691814232474?ref_src=twsrc%5Etfw\">March 7, 2025<\/a><\/p><\/blockquote>\n<p style=\"text-align: justify;\"><script async src=\"https:\/\/platform.twitter.com\/widgets.js\" charset=\"utf-8\"><\/script><\/p>\n<h3 style=\"text-align: justify;\">Pas de relais m\u00e9daill\u00e9s<\/h3>\n<p style=\"text-align: justify;\">Malgr\u00e9 des progr\u00e8s et deux records de France, les relais 4&#215;400 m hommes et femmes n&rsquo;ont pas pu d\u00e9crocher de m\u00e9dailles. Il y a deux ans, les hommes avaient pris le bronze, pr\u00e9lude d&rsquo;une ann\u00e9e qui les a emmen\u00e9s vers <a href=\"https:\/\/dicodusport.fr\/blog\/athletisme-europe-en-salle-marie-julie-bonnin-medaillee-de-bronze-au-saut-a-la-perche\/\"><strong>la m\u00e9daille d&rsquo;argent mondiale \u00e0 Budapest<\/strong><\/a>. Malgr\u00e9 des progr\u00e8s \u00e9vidents, certaines nations europ\u00e9ennes ont repris le dessus. Comme chez les femmes, o\u00f9 un record de France explos\u00e9 de trois secondes n&rsquo;a pas suffi. Cinqui\u00e8mes \u00e0 Eugene en 2022, cinqui\u00e8mes des JO en 2024, elles restent au pied du podium \u00e0 Apeldoorn.<\/p>\n<blockquote class=\"twitter-tweet\">\n<p dir=\"ltr\" lang=\"fr\">\ud83d\udea8RECORD DE FRANCE pour le 4&#215;4 \ud83d\udeba<br \/>\n5e de la finale<br \/>\nA noter l\u2019\u00e9norme 49.80 lanc\u00e9 de Amandine Brossier \ud83d\udcaa\ud83c\udffb <a href=\"https:\/\/t.co\/bqghLoX9Yn\">pic.twitter.com\/bqghLoX9Yn<\/a><\/p>\n<p>\u2014 Cl\u00e9ment Breysse (@BreysseClement) <a href=\"https:\/\/twitter.com\/BreysseClement\/status\/1898795376049533027?ref_src=twsrc%5Etfw\">March 9, 2025<\/a><\/p><\/blockquote>\n<p style=\"text-align: justify;\"><script async src=\"https:\/\/platform.twitter.com\/widgets.js\" charset=\"utf-8\"><\/script><\/p>\n<p style=\"text-align: justify;\">Ce manque de \u00ab\u00a0scoreurs\u00a0\u00bb s&rsquo;explique par une jeune g\u00e9n\u00e9ration qui commence petit \u00e0 petit \u00e0 gagner en exp\u00e9rience et en maturit\u00e9, mais \u00e0 qui il reste une marge et une marche de progr\u00e8s \u00e0 franchir, pour s&rsquo;inscrire durablement dans le top. Ce qu&rsquo;\u00e0 fait <strong>Cyr\u00e9na Samba-Mayela<\/strong> au niveau mondial, ce que commence \u00e0 faire <strong>Agathe Guillemot<\/strong> au niveau europ\u00e9en. C&rsquo;est paradoxal, mais le jour o\u00f9 on sera d\u00e9\u00e7u de la m\u00e9daille d&rsquo;argent d&rsquo;un athl\u00e8te fran\u00e7ais, c&rsquo;est que l&rsquo;athl\u00e9tisme fran\u00e7ais aura franchi cet ultime cap. Pour l&rsquo;heure, ce n&rsquo;est pas le cas, mais on sent que cela se rapproche.<\/p>\n<div class=\"vlp-link-container vlp-layout-article\"><a href=\"https:\/\/dicodusport.fr\/blog\/athletisme-les-femmes-ont-pris-le-pouvoir-en-france\/\" class=\"vlp-link\" title=\"Athl\u00e9tisme : Les femmes ont pris le pouvoir en France\"><\/a><div class=\"vlp-layout-zone-side\"><div class=\"vlp-block-4 vlp-link-image\"><img loading=\"lazy\" decoding=\"async\" style=\"max-width: 792px;\" width=\"792\" height=\"445\" src=\"https:\/\/dicodusport.fr\/blog\/wp-content\/uploads\/2025\/03\/Athletisme-Les-femmes-ont-pris-le-pouvoir-en-France.png\" class=\"attachment-800x445 size-800x445\" alt=\"Athl\u00e9tisme - Les femmes ont pris le pouvoir en France\" srcset=\"https:\/\/dicodusport.fr\/blog\/wp-content\/uploads\/2025\/03\/Athletisme-Les-femmes-ont-pris-le-pouvoir-en-France.png 1200w, https:\/\/dicodusport.fr\/blog\/wp-content\/uploads\/2025\/03\/Athletisme-Les-femmes-ont-pris-le-pouvoir-en-France-300x169.png 300w, https:\/\/dicodusport.fr\/blog\/wp-content\/uploads\/2025\/03\/Athletisme-Les-femmes-ont-pris-le-pouvoir-en-France-1024x575.png 1024w, https:\/\/dicodusport.fr\/blog\/wp-content\/uploads\/2025\/03\/Athletisme-Les-femmes-ont-pris-le-pouvoir-en-France-768x431.png 768w\" sizes=\"auto, (max-width: 792px) 100vw, 792px\" \/><\/div><\/div><div class=\"vlp-layout-zone-main\"><div class=\"vlp-block-0 vlp-link-title\">Athl\u00e9tisme : Les femmes ont pris le pouvoir en France<\/div><div class=\"vlp-block-1 vlp-link-summary\">ATHL\u00c9TISME - Dans la progression de l'athl\u00e9tisme tricolore, les femmes se d\u00e9marquent avec une \u00e9mergence de talents sur plusieurs disciplines. Au point de prendre le pas sur l'athl\u00e9tisme masculin fran\u00e7ais.<\/div><div class=\"vlp-block-2 vlp-link-button\">Lire l'article<\/div><div class=\"vlp-block-3 vlp-link-url\">dicodusport.fr<\/div><\/div><\/div>\n","protected":false},"excerpt":{"rendered":"<p>CHAMPIONNATS D&rsquo;EUROPE D&rsquo;ATHL\u00c9TISME EN SALLE 2025 &#8211; Le bilan de l&rsquo;\u00e9quipe de France. <\/p>\n","protected":false},"author":83,"featured_media":563009,"comment_status":"open","ping_status":"closed","sticky":false,"template":"","format":"standard","meta":{"_acf_changed":false,"_daextam_enable_autolinks":"1","footnotes":""},"categories":[2308],"tags":[32415,32378,37023,143,10976,16878,32833,24],"class_list":["post-562773","post","type-post","status-publish","format-standard","has-post-thumbnail","hentry","category-athletisme","tag-actu","tag-agathe-guillemot","tag-apeldoorn","tag-athletisme","tag-athletisme-francais","tag-breve","tag-marie-julie-bonnin","tag-sport"],"acf":[],"yoast_head":"<!-- This site is optimized with the Yoast SEO Premium plugin v26.7 (Yoast SEO v26.7) - https:\/\/yoast.com\/wordpress\/plugins\/seo\/ -->\n<title>Athl\u00e9tisme Europe en salle 2025 : Quel bilan pour les Bleus ?<\/title>\n<meta name=\"description\" content=\"CHAMPIONNATS D&#039;EUROPE D&#039;ATHL\u00c9TISME EN SALLE 2025 - La comp\u00e9tition s&#039;est achev\u00e9e ce dimanche. On fait le bilan de l&#039;\u00e9quipe de France.\" \/>\n<meta name=\"robots\" content=\"index, follow, max-snippet:-1, max-image-preview:large, max-video-preview:-1\" \/>\n<link rel=\"canonical\" href=\"https:\/\/dicodusport.fr\/blog\/athletisme-europe-en-salle-2025-quel-bilan-pour-les-bleus\/\" \/>\n<meta property=\"og:locale\" content=\"fr_FR\" \/>\n<meta property=\"og:type\" content=\"article\" \/>\n<meta property=\"og:title\" content=\"Athl\u00e9tisme Europe en salle 2025 : Quel bilan pour les Bleus ?\" \/>\n<meta property=\"og:description\" content=\"CHAMPIONNATS D&#039;EUROPE D&#039;ATHL\u00c9TISME EN SALLE 2025 - La comp\u00e9tition s&#039;est achev\u00e9e ce dimanche. On fait le bilan de l&#039;\u00e9quipe de France.\" \/>\n<meta property=\"og:url\" content=\"https:\/\/dicodusport.fr\/blog\/athletisme-europe-en-salle-2025-quel-bilan-pour-les-bleus\/\" \/>\n<meta property=\"og:site_name\" content=\"Dicodusport\" \/>\n<meta property=\"article:publisher\" content=\"https:\/\/www.facebook.com\/dicodusport\" \/>\n<meta property=\"article:published_time\" content=\"2025-03-10T14:00:21+00:00\" \/>\n<meta property=\"article:modified_time\" content=\"2025-03-11T04:37:26+00:00\" \/>\n<meta property=\"og:image\" content=\"https:\/\/dicodusport.fr\/blog\/wp-content\/uploads\/2025\/03\/Athletisme-Championnats-dEurope-salle-2025-Quel-bilan-pour-les-Bleus-.png\" \/>\n\t<meta property=\"og:image:width\" content=\"1200\" \/>\n\t<meta property=\"og:image:height\" content=\"674\" \/>\n\t<meta property=\"og:image:type\" content=\"image\/png\" \/>\n<meta name=\"author\" content=\"Etienne Goursaud\" \/>\n<meta name=\"twitter:card\" content=\"summary_large_image\" \/>\n<meta name=\"twitter:title\" content=\"Athl\u00e9tisme Europe en salle 2025 : Quel bilan pour les Bleus ?\" \/>\n<meta name=\"twitter:creator\" content=\"@dicodusport\" \/>\n<meta name=\"twitter:site\" content=\"@dicodusport\" \/>\n<script type=\"application\/ld+json\" class=\"yoast-schema-graph\">{\"@context\":\"https:\/\/schema.org\",\"@graph\":[{\"@type\":\"NewsArticle\",\"@id\":\"https:\/\/dicodusport.fr\/blog\/athletisme-europe-en-salle-2025-quel-bilan-pour-les-bleus\/#article\",\"isPartOf\":{\"@id\":\"https:\/\/dicodusport.fr\/blog\/athletisme-europe-en-salle-2025-quel-bilan-pour-les-bleus\/\"},\"author\":{\"name\":\"Etienne Goursaud\",\"@id\":\"https:\/\/dicodusport.fr\/blog\/#\/schema\/person\/d603dd7da31fb2b46c82b9835a77ec13\"},\"headline\":\"Athl\u00e9tisme Europe en salle 2025 : Quel bilan pour les Bleus ?\",\"datePublished\":\"2025-03-10T14:00:21+00:00\",\"dateModified\":\"2025-03-11T04:37:26+00:00\",\"mainEntityOfPage\":{\"@id\":\"https:\/\/dicodusport.fr\/blog\/athletisme-europe-en-salle-2025-quel-bilan-pour-les-bleus\/\"},\"wordCount\":1443,\"commentCount\":0,\"publisher\":{\"@id\":\"https:\/\/dicodusport.fr\/blog\/#organization\"},\"image\":{\"@id\":\"https:\/\/dicodusport.fr\/blog\/athletisme-europe-en-salle-2025-quel-bilan-pour-les-bleus\/#primaryimage\"},\"thumbnailUrl\":\"https:\/\/dicodusport.fr\/blog\/wp-content\/uploads\/2025\/03\/Athletisme-Championnats-dEurope-salle-2025-Quel-bilan-pour-les-Bleus-.png\",\"keywords\":[\"actu\",\"Agathe Guillemot\",\"Apeldoorn\",\"Athl\u00e9tisme\",\"Athl\u00e9tisme fran\u00e7ais\",\"br\u00e8ve\",\"Marie-Julie Bonnin\",\"sport\"],\"articleSection\":[\"Athl\u00e9tisme\"],\"inLanguage\":\"fr-FR\",\"potentialAction\":[{\"@type\":\"CommentAction\",\"name\":\"Comment\",\"target\":[\"https:\/\/dicodusport.fr\/blog\/athletisme-europe-en-salle-2025-quel-bilan-pour-les-bleus\/#respond\"]}],\"copyrightYear\":\"2025\",\"copyrightHolder\":{\"@id\":\"https:\/\/dicodusport.fr\/blog\/#organization\"}},{\"@type\":\"WebPage\",\"@id\":\"https:\/\/dicodusport.fr\/blog\/athletisme-europe-en-salle-2025-quel-bilan-pour-les-bleus\/\",\"url\":\"https:\/\/dicodusport.fr\/blog\/athletisme-europe-en-salle-2025-quel-bilan-pour-les-bleus\/\",\"name\":\"Athl\u00e9tisme Europe en salle 2025 : Quel bilan pour les Bleus ?\",\"isPartOf\":{\"@id\":\"https:\/\/dicodusport.fr\/blog\/#website\"},\"primaryImageOfPage\":{\"@id\":\"https:\/\/dicodusport.fr\/blog\/athletisme-europe-en-salle-2025-quel-bilan-pour-les-bleus\/#primaryimage\"},\"image\":{\"@id\":\"https:\/\/dicodusport.fr\/blog\/athletisme-europe-en-salle-2025-quel-bilan-pour-les-bleus\/#primaryimage\"},\"thumbnailUrl\":\"https:\/\/dicodusport.fr\/blog\/wp-content\/uploads\/2025\/03\/Athletisme-Championnats-dEurope-salle-2025-Quel-bilan-pour-les-Bleus-.png\",\"datePublished\":\"2025-03-10T14:00:21+00:00\",\"dateModified\":\"2025-03-11T04:37:26+00:00\",\"description\":\"CHAMPIONNATS D'EUROPE D'ATHL\u00c9TISME EN SALLE 2025 - La comp\u00e9tition s'est achev\u00e9e ce dimanche. On fait le bilan de l'\u00e9quipe de France.\",\"breadcrumb\":{\"@id\":\"https:\/\/dicodusport.fr\/blog\/athletisme-europe-en-salle-2025-quel-bilan-pour-les-bleus\/#breadcrumb\"},\"inLanguage\":\"fr-FR\",\"potentialAction\":[{\"@type\":\"ReadAction\",\"target\":[\"https:\/\/dicodusport.fr\/blog\/athletisme-europe-en-salle-2025-quel-bilan-pour-les-bleus\/\"]}]},{\"@type\":\"ImageObject\",\"inLanguage\":\"fr-FR\",\"@id\":\"https:\/\/dicodusport.fr\/blog\/athletisme-europe-en-salle-2025-quel-bilan-pour-les-bleus\/#primaryimage\",\"url\":\"https:\/\/dicodusport.fr\/blog\/wp-content\/uploads\/2025\/03\/Athletisme-Championnats-dEurope-salle-2025-Quel-bilan-pour-les-Bleus-.png\",\"contentUrl\":\"https:\/\/dicodusport.fr\/blog\/wp-content\/uploads\/2025\/03\/Athletisme-Championnats-dEurope-salle-2025-Quel-bilan-pour-les-Bleus-.png\",\"width\":1200,\"height\":674,\"caption\":\"Athl\u00e9tisme Championnats d'Europe (salle) 2025 : Quel bilan pour les Bleus ?\"},{\"@type\":\"BreadcrumbList\",\"@id\":\"https:\/\/dicodusport.fr\/blog\/athletisme-europe-en-salle-2025-quel-bilan-pour-les-bleus\/#breadcrumb\",\"itemListElement\":[{\"@type\":\"ListItem\",\"position\":1,\"name\":\"Accueil\",\"item\":\"https:\/\/dicodusport.fr\/blog\/\"},{\"@type\":\"ListItem\",\"position\":2,\"name\":\"Athl\u00e9tisme Europe en salle 2025 : Quel bilan pour les Bleus ?\"}]},{\"@type\":\"WebSite\",\"@id\":\"https:\/\/dicodusport.fr\/blog\/#website\",\"url\":\"https:\/\/dicodusport.fr\/blog\/\",\"name\":\"Dicodusport\",\"description\":\"L&#039;encyclop\u00e9die de l&#039;actualit\u00e9 sportive\",\"publisher\":{\"@id\":\"https:\/\/dicodusport.fr\/blog\/#organization\"},\"potentialAction\":[{\"@type\":\"SearchAction\",\"target\":{\"@type\":\"EntryPoint\",\"urlTemplate\":\"https:\/\/dicodusport.fr\/blog\/?s={search_term_string}\"},\"query-input\":{\"@type\":\"PropertyValueSpecification\",\"valueRequired\":true,\"valueName\":\"search_term_string\"}}],\"inLanguage\":\"fr-FR\"},{\"@type\":\"NewsMediaOrganization\",\"@id\":\"https:\/\/dicodusport.fr\/blog\/#organization\",\"name\":\"Dicodusport\",\"url\":\"https:\/\/dicodusport.fr\/blog\/\",\"logo\":{\"@type\":\"ImageObject\",\"inLanguage\":\"fr-FR\",\"@id\":\"https:\/\/dicodusport.fr\/blog\/#\/schema\/logo\/image\/\",\"url\":\"https:\/\/dicodusport.fr\/blog\/wp-content\/uploads\/2020\/06\/cropped-LOGO-DICODUSPORT-2020-SANS-FOND-SANS-TEXTE.png\",\"contentUrl\":\"https:\/\/dicodusport.fr\/blog\/wp-content\/uploads\/2020\/06\/cropped-LOGO-DICODUSPORT-2020-SANS-FOND-SANS-TEXTE.png\",\"width\":512,\"height\":512,\"caption\":\"Dicodusport\"},\"image\":{\"@id\":\"https:\/\/dicodusport.fr\/blog\/#\/schema\/logo\/image\/\"},\"sameAs\":[\"https:\/\/www.facebook.com\/dicodusport\",\"https:\/\/x.com\/dicodusport\",\"https:\/\/www.instagram.com\/dicodusport\/\",\"https:\/\/www.youtube.com\/channel\/UC7V2KZ5sd3htJivAbA4ZG3w\"],\"description\":\"Dicodusport est l'encyclop\u00e9die de l'actualit\u00e9 sportive.\",\"email\":\"bonjour@dicodusport.fr\",\"legalName\":\"DICODUSPORT\",\"foundingDate\":\"2018-01-14\",\"vatID\":\"FR71834470973\",\"taxID\":\"83447097300043\",\"numberOfEmployees\":{\"@type\":\"QuantitativeValue\",\"minValue\":\"1\",\"maxValue\":\"10\"}},{\"@type\":\"Person\",\"@id\":\"https:\/\/dicodusport.fr\/blog\/#\/schema\/person\/d603dd7da31fb2b46c82b9835a77ec13\",\"name\":\"Etienne Goursaud\",\"image\":{\"@type\":\"ImageObject\",\"inLanguage\":\"fr-FR\",\"@id\":\"https:\/\/dicodusport.fr\/blog\/#\/schema\/person\/image\/\",\"url\":\"https:\/\/dicodusport.fr\/blog\/wp-content\/uploads\/2023\/12\/410122264_10231602061736049_5565839791558026645_n-150x150.jpg\",\"contentUrl\":\"https:\/\/dicodusport.fr\/blog\/wp-content\/uploads\/2023\/12\/410122264_10231602061736049_5565839791558026645_n-150x150.jpg\",\"caption\":\"Etienne Goursaud\"},\"description\":\"Journaliste et amoureux de sport. Ancien footballeur reconverti athl\u00e8te quand ses muscles le laissent tranquille. \u00c9lev\u00e9 \u00e0 la sauce des exploits de Thomas Voeckler en 2004, du dernier essai de l\u00e9gende de Eunice Barber \u00e0 la longueur lors des championnats du monde d'athl\u00e9tisme de 2003 mais aussi Zidane, Omeyer et Titou Lamaison.\",\"url\":\"https:\/\/dicodusport.fr\/blog\/author\/etienne-goursaud\/\"}]}<\/script>\n<!-- \/ Yoast SEO Premium plugin. -->","yoast_head_json":{"title":"Athl\u00e9tisme Europe en salle 2025 : Quel bilan pour les Bleus ?","description":"CHAMPIONNATS D'EUROPE D'ATHL\u00c9TISME EN SALLE 2025 - La comp\u00e9tition s'est achev\u00e9e ce dimanche. On fait le bilan de l'\u00e9quipe de France.","robots":{"index":"index","follow":"follow","max-snippet":"max-snippet:-1","max-image-preview":"max-image-preview:large","max-video-preview":"max-video-preview:-1"},"canonical":"https:\/\/dicodusport.fr\/blog\/athletisme-europe-en-salle-2025-quel-bilan-pour-les-bleus\/","og_locale":"fr_FR","og_type":"article","og_title":"Athl\u00e9tisme Europe en salle 2025 : Quel bilan pour les Bleus ?","og_description":"CHAMPIONNATS D'EUROPE D'ATHL\u00c9TISME EN SALLE 2025 - La comp\u00e9tition s'est achev\u00e9e ce dimanche. On fait le bilan de l'\u00e9quipe de France.","og_url":"https:\/\/dicodusport.fr\/blog\/athletisme-europe-en-salle-2025-quel-bilan-pour-les-bleus\/","og_site_name":"Dicodusport","article_publisher":"https:\/\/www.facebook.com\/dicodusport","article_published_time":"2025-03-10T14:00:21+00:00","article_modified_time":"2025-03-11T04:37:26+00:00","og_image":[{"width":1200,"height":674,"url":"https:\/\/dicodusport.fr\/blog\/wp-content\/uploads\/2025\/03\/Athletisme-Championnats-dEurope-salle-2025-Quel-bilan-pour-les-Bleus-.png","type":"image\/png"}],"author":"Etienne Goursaud","twitter_card":"summary_large_image","twitter_title":"Athl\u00e9tisme Europe en salle 2025 : Quel bilan pour les Bleus ?","twitter_creator":"@dicodusport","twitter_site":"@dicodusport","schema":{"@context":"https:\/\/schema.org","@graph":[{"@type":"NewsArticle","@id":"https:\/\/dicodusport.fr\/blog\/athletisme-europe-en-salle-2025-quel-bilan-pour-les-bleus\/#article","isPartOf":{"@id":"https:\/\/dicodusport.fr\/blog\/athletisme-europe-en-salle-2025-quel-bilan-pour-les-bleus\/"},"author":{"name":"Etienne Goursaud","@id":"https:\/\/dicodusport.fr\/blog\/#\/schema\/person\/d603dd7da31fb2b46c82b9835a77ec13"},"headline":"Athl\u00e9tisme Europe en salle 2025 : Quel bilan pour les Bleus ?","datePublished":"2025-03-10T14:00:21+00:00","dateModified":"2025-03-11T04:37:26+00:00","mainEntityOfPage":{"@id":"https:\/\/dicodusport.fr\/blog\/athletisme-europe-en-salle-2025-quel-bilan-pour-les-bleus\/"},"wordCount":1443,"commentCount":0,"publisher":{"@id":"https:\/\/dicodusport.fr\/blog\/#organization"},"image":{"@id":"https:\/\/dicodusport.fr\/blog\/athletisme-europe-en-salle-2025-quel-bilan-pour-les-bleus\/#primaryimage"},"thumbnailUrl":"https:\/\/dicodusport.fr\/blog\/wp-content\/uploads\/2025\/03\/Athletisme-Championnats-dEurope-salle-2025-Quel-bilan-pour-les-Bleus-.png","keywords":["actu","Agathe Guillemot","Apeldoorn","Athl\u00e9tisme","Athl\u00e9tisme fran\u00e7ais","br\u00e8ve","Marie-Julie Bonnin","sport"],"articleSection":["Athl\u00e9tisme"],"inLanguage":"fr-FR","potentialAction":[{"@type":"CommentAction","name":"Comment","target":["https:\/\/dicodusport.fr\/blog\/athletisme-europe-en-salle-2025-quel-bilan-pour-les-bleus\/#respond"]}],"copyrightYear":"2025","copyrightHolder":{"@id":"https:\/\/dicodusport.fr\/blog\/#organization"}},{"@type":"WebPage","@id":"https:\/\/dicodusport.fr\/blog\/athletisme-europe-en-salle-2025-quel-bilan-pour-les-bleus\/","url":"https:\/\/dicodusport.fr\/blog\/athletisme-europe-en-salle-2025-quel-bilan-pour-les-bleus\/","name":"Athl\u00e9tisme Europe en salle 2025 : Quel bilan pour les Bleus ?","isPartOf":{"@id":"https:\/\/dicodusport.fr\/blog\/#website"},"primaryImageOfPage":{"@id":"https:\/\/dicodusport.fr\/blog\/athletisme-europe-en-salle-2025-quel-bilan-pour-les-bleus\/#primaryimage"},"image":{"@id":"https:\/\/dicodusport.fr\/blog\/athletisme-europe-en-salle-2025-quel-bilan-pour-les-bleus\/#primaryimage"},"thumbnailUrl":"https:\/\/dicodusport.fr\/blog\/wp-content\/uploads\/2025\/03\/Athletisme-Championnats-dEurope-salle-2025-Quel-bilan-pour-les-Bleus-.png","datePublished":"2025-03-10T14:00:21+00:00","dateModified":"2025-03-11T04:37:26+00:00","description":"CHAMPIONNATS D'EUROPE D'ATHL\u00c9TISME EN SALLE 2025 - La comp\u00e9tition s'est achev\u00e9e ce dimanche. On fait le bilan de l'\u00e9quipe de France.","breadcrumb":{"@id":"https:\/\/dicodusport.fr\/blog\/athletisme-europe-en-salle-2025-quel-bilan-pour-les-bleus\/#breadcrumb"},"inLanguage":"fr-FR","potentialAction":[{"@type":"ReadAction","target":["https:\/\/dicodusport.fr\/blog\/athletisme-europe-en-salle-2025-quel-bilan-pour-les-bleus\/"]}]},{"@type":"ImageObject","inLanguage":"fr-FR","@id":"https:\/\/dicodusport.fr\/blog\/athletisme-europe-en-salle-2025-quel-bilan-pour-les-bleus\/#primaryimage","url":"https:\/\/dicodusport.fr\/blog\/wp-content\/uploads\/2025\/03\/Athletisme-Championnats-dEurope-salle-2025-Quel-bilan-pour-les-Bleus-.png","contentUrl":"https:\/\/dicodusport.fr\/blog\/wp-content\/uploads\/2025\/03\/Athletisme-Championnats-dEurope-salle-2025-Quel-bilan-pour-les-Bleus-.png","width":1200,"height":674,"caption":"Athl\u00e9tisme Championnats d'Europe (salle) 2025 : Quel bilan pour les Bleus ?"},{"@type":"BreadcrumbList","@id":"https:\/\/dicodusport.fr\/blog\/athletisme-europe-en-salle-2025-quel-bilan-pour-les-bleus\/#breadcrumb","itemListElement":[{"@type":"ListItem","position":1,"name":"Accueil","item":"https:\/\/dicodusport.fr\/blog\/"},{"@type":"ListItem","position":2,"name":"Athl\u00e9tisme Europe en salle 2025 : Quel bilan pour les Bleus ?"}]},{"@type":"WebSite","@id":"https:\/\/dicodusport.fr\/blog\/#website","url":"https:\/\/dicodusport.fr\/blog\/","name":"Dicodusport","description":"L&#039;encyclop\u00e9die de l&#039;actualit\u00e9 sportive","publisher":{"@id":"https:\/\/dicodusport.fr\/blog\/#organization"},"potentialAction":[{"@type":"SearchAction","target":{"@type":"EntryPoint","urlTemplate":"https:\/\/dicodusport.fr\/blog\/?s={search_term_string}"},"query-input":{"@type":"PropertyValueSpecification","valueRequired":true,"valueName":"search_term_string"}}],"inLanguage":"fr-FR"},{"@type":"NewsMediaOrganization","@id":"https:\/\/dicodusport.fr\/blog\/#organization","name":"Dicodusport","url":"https:\/\/dicodusport.fr\/blog\/","logo":{"@type":"ImageObject","inLanguage":"fr-FR","@id":"https:\/\/dicodusport.fr\/blog\/#\/schema\/logo\/image\/","url":"https:\/\/dicodusport.fr\/blog\/wp-content\/uploads\/2020\/06\/cropped-LOGO-DICODUSPORT-2020-SANS-FOND-SANS-TEXTE.png","contentUrl":"https:\/\/dicodusport.fr\/blog\/wp-content\/uploads\/2020\/06\/cropped-LOGO-DICODUSPORT-2020-SANS-FOND-SANS-TEXTE.png","width":512,"height":512,"caption":"Dicodusport"},"image":{"@id":"https:\/\/dicodusport.fr\/blog\/#\/schema\/logo\/image\/"},"sameAs":["https:\/\/www.facebook.com\/dicodusport","https:\/\/x.com\/dicodusport","https:\/\/www.instagram.com\/dicodusport\/","https:\/\/www.youtube.com\/channel\/UC7V2KZ5sd3htJivAbA4ZG3w"],"description":"Dicodusport est l'encyclop\u00e9die de l'actualit\u00e9 sportive.","email":"bonjour@dicodusport.fr","legalName":"DICODUSPORT","foundingDate":"2018-01-14","vatID":"FR71834470973","taxID":"83447097300043","numberOfEmployees":{"@type":"QuantitativeValue","minValue":"1","maxValue":"10"}},{"@type":"Person","@id":"https:\/\/dicodusport.fr\/blog\/#\/schema\/person\/d603dd7da31fb2b46c82b9835a77ec13","name":"Etienne Goursaud","image":{"@type":"ImageObject","inLanguage":"fr-FR","@id":"https:\/\/dicodusport.fr\/blog\/#\/schema\/person\/image\/","url":"https:\/\/dicodusport.fr\/blog\/wp-content\/uploads\/2023\/12\/410122264_10231602061736049_5565839791558026645_n-150x150.jpg","contentUrl":"https:\/\/dicodusport.fr\/blog\/wp-content\/uploads\/2023\/12\/410122264_10231602061736049_5565839791558026645_n-150x150.jpg","caption":"Etienne Goursaud"},"description":"Journaliste et amoureux de sport. Ancien footballeur reconverti athl\u00e8te quand ses muscles le laissent tranquille. \u00c9lev\u00e9 \u00e0 la sauce des exploits de Thomas Voeckler en 2004, du dernier essai de l\u00e9gende de Eunice Barber \u00e0 la longueur lors des championnats du monde d'athl\u00e9tisme de 2003 mais aussi Zidane, Omeyer et Titou Lamaison.","url":"https:\/\/dicodusport.fr\/blog\/author\/etienne-goursaud\/"}]}},"_links":{"self":[{"href":"https:\/\/dicodusport.fr\/blog\/wp-json\/wp\/v2\/posts\/562773","targetHints":{"allow":["GET"]}}],"collection":[{"href":"https:\/\/dicodusport.fr\/blog\/wp-json\/wp\/v2\/posts"}],"about":[{"href":"https:\/\/dicodusport.fr\/blog\/wp-json\/wp\/v2\/types\/post"}],"author":[{"embeddable":true,"href":"https:\/\/dicodusport.fr\/blog\/wp-json\/wp\/v2\/users\/83"}],"replies":[{"embeddable":true,"href":"https:\/\/dicodusport.fr\/blog\/wp-json\/wp\/v2\/comments?post=562773"}],"version-history":[{"count":7,"href":"https:\/\/dicodusport.fr\/blog\/wp-json\/wp\/v2\/posts\/562773\/revisions"}],"predecessor-version":[{"id":563156,"href":"https:\/\/dicodusport.fr\/blog\/wp-json\/wp\/v2\/posts\/562773\/revisions\/563156"}],"wp:featuredmedia":[{"embeddable":true,"href":"https:\/\/dicodusport.fr\/blog\/wp-json\/wp\/v2\/media\/563009"}],"wp:attachment":[{"href":"https:\/\/dicodusport.fr\/blog\/wp-json\/wp\/v2\/media?parent=562773"}],"wp:term":[{"taxonomy":"category","embeddable":true,"href":"https:\/\/dicodusport.fr\/blog\/wp-json\/wp\/v2\/categories?post=562773"},{"taxonomy":"post_tag","embeddable":true,"href":"https:\/\/dicodusport.fr\/blog\/wp-json\/wp\/v2\/tags?post=562773"}],"curies":[{"name":"wp","href":"https:\/\/api.w.org\/{rel}","templated":true}]}}