{"id":562792,"date":"2025-03-09T16:39:15","date_gmt":"2025-03-09T15:39:15","guid":{"rendered":"https:\/\/dicodusport.fr\/blog\/?p=562792&#038;preview=true&#038;preview_id=562792"},"modified":"2025-03-10T06:15:59","modified_gmt":"2025-03-10T05:15:59","slug":"athletisme-championnats-deurope-salle-2025-clara-liberman-se-pare-dargent-sur-le-800-m","status":"publish","type":"post","link":"https:\/\/dicodusport.fr\/blog\/athletisme-championnats-deurope-salle-2025-clara-liberman-se-pare-dargent-sur-le-800-m\/","title":{"rendered":"Athl\u00e9tisme Europe en salle : Clara Liberman se pare d&rsquo;argent sur le 800 m"},"content":{"rendered":"<h4 style=\"text-align: justify;\"><em>CHAMPIONNATS D&rsquo;EUROPE D&rsquo;ATHL\u00c9TISME EN SALLE 2025 &#8211; Clara Liberman est all\u00e9e au bout de son r\u00eave sur 800 m, en prenant la m\u00e9daille d&rsquo;argent. Elle n&rsquo;a \u00e9t\u00e9 domin\u00e9e que par la Polonaise Anna Wielgosz, et devance Anita Horvat dans une course qui s&rsquo;est emball\u00e9e au dernier tour.<\/em><\/h4>\n<ul style=\"text-align: justify;\">\n<li style=\"text-align: justify;\"><strong>\u00c0 ce sujet \u2013\u00a0<a href=\"https:\/\/dicodusport.fr\/blog\/athletisme-programme-et-resultats-championnats-deurope-en-salle-2025\/\">Athl\u00e9tisme : Programme et r\u00e9sultats Championnats d&rsquo;Europe en salle 2025<\/a><\/strong><\/li>\n<\/ul>\n<p style=\"text-align: justify;\">Il y a des premi\u00e8res s\u00e9lections qui marquent plus que d&rsquo;autres. Nul doute que celle de <strong>Clara Liberman<\/strong> va lui rester grav\u00e9e en m\u00e9moire. En prenant la m\u00e9daille d&rsquo;argent du 800 m et en apportant la 7\u00e8me m\u00e9daille \u00e0 la d\u00e9l\u00e9gation fran\u00e7aise, qui d\u00e9passe officiellement son total d&rsquo;Istanbul. La Fran\u00e7aise aura \u00e9t\u00e9 au bout de son r\u00eave sur les quatre tours de piste. D&rsquo;abord prudente, c&rsquo;est elle qui a allum\u00e9 la m\u00e8che dans le dernier tour, alors que la Suissesse<strong> Audrey Werro<\/strong> \u00e9tait victime d&rsquo;une chute et perdait toute illusion.<\/p>\n<div class=\"vlp-link-container vlp-layout-article\"><a href=\"https:\/\/dicodusport.fr\/blog\/clara-liberman-800-m-jadore-les-courses-de-championnat\/\" class=\"vlp-link\" title=\"Clara Liberman (800 m) : &quot;J&#039;adore les courses de championnat&quot;\"><\/a><div class=\"vlp-layout-zone-side\"><div class=\"vlp-block-4 vlp-link-image\"><img loading=\"lazy\" decoding=\"async\" style=\"max-width: 792px;\" width=\"792\" height=\"445\" src=\"https:\/\/dicodusport.fr\/blog\/wp-content\/uploads\/2025\/03\/Clara-Liberman-800-m-Jadore-les-courses-de-championnat.png\" class=\"attachment-800x445 size-800x445\" alt=\"Clara Liberman (800 m) : &quot;J&#039;adore les courses de championnat&quot;\" srcset=\"https:\/\/dicodusport.fr\/blog\/wp-content\/uploads\/2025\/03\/Clara-Liberman-800-m-Jadore-les-courses-de-championnat.png 1200w, https:\/\/dicodusport.fr\/blog\/wp-content\/uploads\/2025\/03\/Clara-Liberman-800-m-Jadore-les-courses-de-championnat-300x169.png 300w, https:\/\/dicodusport.fr\/blog\/wp-content\/uploads\/2025\/03\/Clara-Liberman-800-m-Jadore-les-courses-de-championnat-1024x575.png 1024w, https:\/\/dicodusport.fr\/blog\/wp-content\/uploads\/2025\/03\/Clara-Liberman-800-m-Jadore-les-courses-de-championnat-768x431.png 768w\" sizes=\"auto, (max-width: 792px) 100vw, 792px\" \/><\/div><\/div><div class=\"vlp-layout-zone-main\"><div class=\"vlp-block-0 vlp-link-title\">Clara Liberman (800 m) : \"J'adore les courses de championnat\"<\/div><div class=\"vlp-block-1 vlp-link-summary\">ATHL\u00c9TISME - Entretien avec la sp\u00e9cialiste du 800 m Clara Liberman, qui va d\u00e9couvrir l'\u00e9quipe de France \u00e0 Apeldoorn, lors des Championnats d'Europe en salle.<\/div><div class=\"vlp-block-2 vlp-link-button\">Lire l'article<\/div><div class=\"vlp-block-3 vlp-link-url\">dicodusport.fr<\/div><\/div><\/div>\n<p style=\"text-align: justify;\">Pendant ce temps-l\u00e0, la Fran\u00e7aise a r\u00e9sist\u00e9 en deuxi\u00e8me position et se pare d&rsquo;argent, avec un chrono de 2:02.32. Devanc\u00e9e uniquement par la Polonaise <strong>Anna Wielgosz<\/strong> qui remporte le titre, avec un chrono de 2:02.09. L&rsquo;exp\u00e9riment\u00e9e <strong>Anita Horvat<\/strong> compl\u00e8te le podium en 2:02.52. C&rsquo;est la quatri\u00e8me m\u00e9daille cons\u00e9cutive pour une Fran\u00e7aise sur un 800 m des championnats d&rsquo;Europe. <a href=\"https:\/\/dicodusport.fr\/blog\/championnats-europeens-2022-renelle-lamote-vice-championne-deurope-du-800-m\/\"><strong>R\u00e9nelle Lamote<\/strong><\/a> (2e, en 2022), <strong><a href=\"https:\/\/dicodusport.fr\/blog\/athletisme-europe-en-salle-2023-agnes-raharolahy-remporte-le-bronze-sur-800-m\/\">Agn\u00e8s Raharolahy<\/a><\/strong>(3e, en 2023 en salle) et <a href=\"https:\/\/dicodusport.fr\/blog\/championnats-deurope-dathletisme-2024-anais-bourgoin-medaillee-de-bronze-sur-le-800-metres\/\"><strong>Ana\u00efs Bourgoin<\/strong><\/a> (3e en 2024) avaient obtenu une m\u00e9daille.<\/p>\n<blockquote class=\"twitter-tweet\">\n<p dir=\"ltr\" lang=\"fr\">\ud83d\ude0d La Team kRocket a encore frapp\u00e9 !!!<\/p>\n<p>\ud83e\udd48 Clara Liberman d\u00e9croche l&rsquo;argent sur 800 m en 2&rsquo;02\u00a0\u00bb32 et devient vice-championne d\u2019Europe !<\/p>\n<p>\ud83d\udcbb La comp\u00e9tition est \u00e0 suivre en DIRECT sur <a href=\"https:\/\/t.co\/Nmm1znFihM\">https:\/\/t.co\/Nmm1znFihM<\/a>. <a href=\"https:\/\/t.co\/fxa1IKaoRQ\">pic.twitter.com\/fxa1IKaoRQ<\/a><\/p>\n<p>\u2014 FFAthl\u00e9tisme (@FFAthletisme) <a href=\"https:\/\/twitter.com\/FFAthletisme\/status\/1898761338920271997?ref_src=twsrc%5Etfw\">March 9, 2025<\/a><\/p><\/blockquote>\n<p style=\"text-align: justify;\"><script async src=\"https:\/\/platform.twitter.com\/widgets.js\" charset=\"utf-8\"><\/script><\/p>\n","protected":false},"excerpt":{"rendered":"<p>CHAMPIONNATS D&rsquo;EUROPE D&rsquo;ATHL\u00c9TISME EN SALLE 2025 &#8211; Clara Liberman est all\u00e9e au bout de son r\u00eave sur 800 m, en prenant la m\u00e9daille d&rsquo;argent. <\/p>\n","protected":false},"author":83,"featured_media":562795,"comment_status":"open","ping_status":"closed","sticky":false,"template":"","format":"standard","meta":{"_acf_changed":false,"_daextam_enable_autolinks":"1","footnotes":""},"categories":[2308],"tags":[32415,37023,143,16878],"class_list":["post-562792","post","type-post","status-publish","format-standard","has-post-thumbnail","hentry","category-athletisme","tag-actu","tag-apeldoorn","tag-athletisme","tag-breve"],"acf":[],"yoast_head":"<!-- This site is optimized with the Yoast SEO Premium plugin v26.7 (Yoast SEO v26.7) - https:\/\/yoast.com\/wordpress\/plugins\/seo\/ -->\n<title>Athl\u00e9tisme Europe en salle : Clara Liberman se pare d&#039;argent sur le 800 m<\/title>\n<meta name=\"description\" content=\"CHAMPIONNATS D&#039;EUROPE D&#039;ATHL\u00c9TISME EN SALLE 2025 - Clara Liberman est all\u00e9e au bout de son r\u00eave sur 800 m, en prenant la m\u00e9daille d&#039;argent.\" \/>\n<meta name=\"robots\" content=\"index, follow, max-snippet:-1, max-image-preview:large, max-video-preview:-1\" \/>\n<link rel=\"canonical\" href=\"https:\/\/dicodusport.fr\/blog\/athletisme-championnats-deurope-salle-2025-clara-liberman-se-pare-dargent-sur-le-800-m\/\" \/>\n<meta property=\"og:locale\" content=\"fr_FR\" \/>\n<meta property=\"og:type\" content=\"article\" \/>\n<meta property=\"og:title\" content=\"Athl\u00e9tisme Europe en salle : Clara Liberman se pare d&#039;argent sur le 800 m\" \/>\n<meta property=\"og:description\" content=\"CHAMPIONNATS D&#039;EUROPE D&#039;ATHL\u00c9TISME EN SALLE 2025 - Clara Liberman est all\u00e9e au bout de son r\u00eave sur 800 m, en prenant la m\u00e9daille d&#039;argent.\" \/>\n<meta property=\"og:url\" content=\"https:\/\/dicodusport.fr\/blog\/athletisme-championnats-deurope-salle-2025-clara-liberman-se-pare-dargent-sur-le-800-m\/\" \/>\n<meta property=\"og:site_name\" content=\"Dicodusport\" \/>\n<meta property=\"article:publisher\" content=\"https:\/\/www.facebook.com\/dicodusport\" \/>\n<meta property=\"article:published_time\" content=\"2025-03-09T15:39:15+00:00\" \/>\n<meta property=\"article:modified_time\" content=\"2025-03-10T05:15:59+00:00\" \/>\n<meta property=\"og:image\" content=\"https:\/\/dicodusport.fr\/blog\/wp-content\/uploads\/2025\/03\/Athletisme-Championnats-dEurope-salle-2025-Clara-Liberman-se-pare-dargent-sur-le-800-m.png\" \/>\n\t<meta property=\"og:image:width\" content=\"1200\" \/>\n\t<meta property=\"og:image:height\" content=\"674\" \/>\n\t<meta property=\"og:image:type\" content=\"image\/png\" \/>\n<meta name=\"author\" content=\"Etienne Goursaud\" \/>\n<meta name=\"twitter:card\" content=\"summary_large_image\" \/>\n<meta name=\"twitter:title\" content=\"Athl\u00e9tisme Europe en salle : Clara Liberman se pare d&#039;argent sur le 800 m\" \/>\n<meta name=\"twitter:creator\" content=\"@dicodusport\" \/>\n<meta name=\"twitter:site\" content=\"@dicodusport\" \/>\n<script type=\"application\/ld+json\" class=\"yoast-schema-graph\">{\"@context\":\"https:\/\/schema.org\",\"@graph\":[{\"@type\":\"NewsArticle\",\"@id\":\"https:\/\/dicodusport.fr\/blog\/athletisme-championnats-deurope-salle-2025-clara-liberman-se-pare-dargent-sur-le-800-m\/#article\",\"isPartOf\":{\"@id\":\"https:\/\/dicodusport.fr\/blog\/athletisme-championnats-deurope-salle-2025-clara-liberman-se-pare-dargent-sur-le-800-m\/\"},\"author\":{\"name\":\"Etienne Goursaud\",\"@id\":\"https:\/\/dicodusport.fr\/blog\/#\/schema\/person\/d603dd7da31fb2b46c82b9835a77ec13\"},\"headline\":\"Athl\u00e9tisme Europe en salle : Clara Liberman se pare d&rsquo;argent sur le 800 m\",\"datePublished\":\"2025-03-09T15:39:15+00:00\",\"dateModified\":\"2025-03-10T05:15:59+00:00\",\"mainEntityOfPage\":{\"@id\":\"https:\/\/dicodusport.fr\/blog\/athletisme-championnats-deurope-salle-2025-clara-liberman-se-pare-dargent-sur-le-800-m\/\"},\"wordCount\":399,\"commentCount\":0,\"publisher\":{\"@id\":\"https:\/\/dicodusport.fr\/blog\/#organization\"},\"image\":{\"@id\":\"https:\/\/dicodusport.fr\/blog\/athletisme-championnats-deurope-salle-2025-clara-liberman-se-pare-dargent-sur-le-800-m\/#primaryimage\"},\"thumbnailUrl\":\"https:\/\/dicodusport.fr\/blog\/wp-content\/uploads\/2025\/03\/Athletisme-Championnats-dEurope-salle-2025-Clara-Liberman-se-pare-dargent-sur-le-800-m.png\",\"keywords\":[\"actu\",\"Apeldoorn\",\"Athl\u00e9tisme\",\"br\u00e8ve\"],\"articleSection\":[\"Athl\u00e9tisme\"],\"inLanguage\":\"fr-FR\",\"potentialAction\":[{\"@type\":\"CommentAction\",\"name\":\"Comment\",\"target\":[\"https:\/\/dicodusport.fr\/blog\/athletisme-championnats-deurope-salle-2025-clara-liberman-se-pare-dargent-sur-le-800-m\/#respond\"]}],\"copyrightYear\":\"2025\",\"copyrightHolder\":{\"@id\":\"https:\/\/dicodusport.fr\/blog\/#organization\"}},{\"@type\":\"WebPage\",\"@id\":\"https:\/\/dicodusport.fr\/blog\/athletisme-championnats-deurope-salle-2025-clara-liberman-se-pare-dargent-sur-le-800-m\/\",\"url\":\"https:\/\/dicodusport.fr\/blog\/athletisme-championnats-deurope-salle-2025-clara-liberman-se-pare-dargent-sur-le-800-m\/\",\"name\":\"Athl\u00e9tisme Europe en salle : Clara Liberman se pare d'argent sur le 800 m\",\"isPartOf\":{\"@id\":\"https:\/\/dicodusport.fr\/blog\/#website\"},\"primaryImageOfPage\":{\"@id\":\"https:\/\/dicodusport.fr\/blog\/athletisme-championnats-deurope-salle-2025-clara-liberman-se-pare-dargent-sur-le-800-m\/#primaryimage\"},\"image\":{\"@id\":\"https:\/\/dicodusport.fr\/blog\/athletisme-championnats-deurope-salle-2025-clara-liberman-se-pare-dargent-sur-le-800-m\/#primaryimage\"},\"thumbnailUrl\":\"https:\/\/dicodusport.fr\/blog\/wp-content\/uploads\/2025\/03\/Athletisme-Championnats-dEurope-salle-2025-Clara-Liberman-se-pare-dargent-sur-le-800-m.png\",\"datePublished\":\"2025-03-09T15:39:15+00:00\",\"dateModified\":\"2025-03-10T05:15:59+00:00\",\"description\":\"CHAMPIONNATS D'EUROPE D'ATHL\u00c9TISME EN SALLE 2025 - Clara Liberman est all\u00e9e au bout de son r\u00eave sur 800 m, en prenant la m\u00e9daille d'argent.\",\"breadcrumb\":{\"@id\":\"https:\/\/dicodusport.fr\/blog\/athletisme-championnats-deurope-salle-2025-clara-liberman-se-pare-dargent-sur-le-800-m\/#breadcrumb\"},\"inLanguage\":\"fr-FR\",\"potentialAction\":[{\"@type\":\"ReadAction\",\"target\":[\"https:\/\/dicodusport.fr\/blog\/athletisme-championnats-deurope-salle-2025-clara-liberman-se-pare-dargent-sur-le-800-m\/\"]}]},{\"@type\":\"ImageObject\",\"inLanguage\":\"fr-FR\",\"@id\":\"https:\/\/dicodusport.fr\/blog\/athletisme-championnats-deurope-salle-2025-clara-liberman-se-pare-dargent-sur-le-800-m\/#primaryimage\",\"url\":\"https:\/\/dicodusport.fr\/blog\/wp-content\/uploads\/2025\/03\/Athletisme-Championnats-dEurope-salle-2025-Clara-Liberman-se-pare-dargent-sur-le-800-m.png\",\"contentUrl\":\"https:\/\/dicodusport.fr\/blog\/wp-content\/uploads\/2025\/03\/Athletisme-Championnats-dEurope-salle-2025-Clara-Liberman-se-pare-dargent-sur-le-800-m.png\",\"width\":1200,\"height\":674,\"caption\":\"Athl\u00e9tisme Championnats d'Europe (salle) 2025 Clara Liberman se pare d'argent sur le 800 m\"},{\"@type\":\"BreadcrumbList\",\"@id\":\"https:\/\/dicodusport.fr\/blog\/athletisme-championnats-deurope-salle-2025-clara-liberman-se-pare-dargent-sur-le-800-m\/#breadcrumb\",\"itemListElement\":[{\"@type\":\"ListItem\",\"position\":1,\"name\":\"Accueil\",\"item\":\"https:\/\/dicodusport.fr\/blog\/\"},{\"@type\":\"ListItem\",\"position\":2,\"name\":\"Athl\u00e9tisme Europe en salle : Clara Liberman se pare d&rsquo;argent sur le 800 m\"}]},{\"@type\":\"WebSite\",\"@id\":\"https:\/\/dicodusport.fr\/blog\/#website\",\"url\":\"https:\/\/dicodusport.fr\/blog\/\",\"name\":\"Dicodusport\",\"description\":\"L&#039;encyclop\u00e9die de l&#039;actualit\u00e9 sportive\",\"publisher\":{\"@id\":\"https:\/\/dicodusport.fr\/blog\/#organization\"},\"potentialAction\":[{\"@type\":\"SearchAction\",\"target\":{\"@type\":\"EntryPoint\",\"urlTemplate\":\"https:\/\/dicodusport.fr\/blog\/?s={search_term_string}\"},\"query-input\":{\"@type\":\"PropertyValueSpecification\",\"valueRequired\":true,\"valueName\":\"search_term_string\"}}],\"inLanguage\":\"fr-FR\"},{\"@type\":\"NewsMediaOrganization\",\"@id\":\"https:\/\/dicodusport.fr\/blog\/#organization\",\"name\":\"Dicodusport\",\"url\":\"https:\/\/dicodusport.fr\/blog\/\",\"logo\":{\"@type\":\"ImageObject\",\"inLanguage\":\"fr-FR\",\"@id\":\"https:\/\/dicodusport.fr\/blog\/#\/schema\/logo\/image\/\",\"url\":\"https:\/\/dicodusport.fr\/blog\/wp-content\/uploads\/2020\/06\/cropped-LOGO-DICODUSPORT-2020-SANS-FOND-SANS-TEXTE.png\",\"contentUrl\":\"https:\/\/dicodusport.fr\/blog\/wp-content\/uploads\/2020\/06\/cropped-LOGO-DICODUSPORT-2020-SANS-FOND-SANS-TEXTE.png\",\"width\":512,\"height\":512,\"caption\":\"Dicodusport\"},\"image\":{\"@id\":\"https:\/\/dicodusport.fr\/blog\/#\/schema\/logo\/image\/\"},\"sameAs\":[\"https:\/\/www.facebook.com\/dicodusport\",\"https:\/\/x.com\/dicodusport\",\"https:\/\/www.instagram.com\/dicodusport\/\",\"https:\/\/www.youtube.com\/channel\/UC7V2KZ5sd3htJivAbA4ZG3w\"],\"description\":\"Dicodusport est l'encyclop\u00e9die de l'actualit\u00e9 sportive.\",\"email\":\"bonjour@dicodusport.fr\",\"legalName\":\"DICODUSPORT\",\"foundingDate\":\"2018-01-14\",\"vatID\":\"FR71834470973\",\"taxID\":\"83447097300043\",\"numberOfEmployees\":{\"@type\":\"QuantitativeValue\",\"minValue\":\"1\",\"maxValue\":\"10\"}},{\"@type\":\"Person\",\"@id\":\"https:\/\/dicodusport.fr\/blog\/#\/schema\/person\/d603dd7da31fb2b46c82b9835a77ec13\",\"name\":\"Etienne Goursaud\",\"image\":{\"@type\":\"ImageObject\",\"inLanguage\":\"fr-FR\",\"@id\":\"https:\/\/dicodusport.fr\/blog\/#\/schema\/person\/image\/\",\"url\":\"https:\/\/dicodusport.fr\/blog\/wp-content\/uploads\/2023\/12\/410122264_10231602061736049_5565839791558026645_n-150x150.jpg\",\"contentUrl\":\"https:\/\/dicodusport.fr\/blog\/wp-content\/uploads\/2023\/12\/410122264_10231602061736049_5565839791558026645_n-150x150.jpg\",\"caption\":\"Etienne Goursaud\"},\"description\":\"Journaliste et amoureux de sport. Ancien footballeur reconverti athl\u00e8te quand ses muscles le laissent tranquille. \u00c9lev\u00e9 \u00e0 la sauce des exploits de Thomas Voeckler en 2004, du dernier essai de l\u00e9gende de Eunice Barber \u00e0 la longueur lors des championnats du monde d'athl\u00e9tisme de 2003 mais aussi Zidane, Omeyer et Titou Lamaison.\",\"url\":\"https:\/\/dicodusport.fr\/blog\/author\/etienne-goursaud\/\"}]}<\/script>\n<!-- \/ Yoast SEO Premium plugin. -->","yoast_head_json":{"title":"Athl\u00e9tisme Europe en salle : Clara Liberman se pare d'argent sur le 800 m","description":"CHAMPIONNATS D'EUROPE D'ATHL\u00c9TISME EN SALLE 2025 - Clara Liberman est all\u00e9e au bout de son r\u00eave sur 800 m, en prenant la m\u00e9daille d'argent.","robots":{"index":"index","follow":"follow","max-snippet":"max-snippet:-1","max-image-preview":"max-image-preview:large","max-video-preview":"max-video-preview:-1"},"canonical":"https:\/\/dicodusport.fr\/blog\/athletisme-championnats-deurope-salle-2025-clara-liberman-se-pare-dargent-sur-le-800-m\/","og_locale":"fr_FR","og_type":"article","og_title":"Athl\u00e9tisme Europe en salle : Clara Liberman se pare d'argent sur le 800 m","og_description":"CHAMPIONNATS D'EUROPE D'ATHL\u00c9TISME EN SALLE 2025 - Clara Liberman est all\u00e9e au bout de son r\u00eave sur 800 m, en prenant la m\u00e9daille d'argent.","og_url":"https:\/\/dicodusport.fr\/blog\/athletisme-championnats-deurope-salle-2025-clara-liberman-se-pare-dargent-sur-le-800-m\/","og_site_name":"Dicodusport","article_publisher":"https:\/\/www.facebook.com\/dicodusport","article_published_time":"2025-03-09T15:39:15+00:00","article_modified_time":"2025-03-10T05:15:59+00:00","og_image":[{"width":1200,"height":674,"url":"https:\/\/dicodusport.fr\/blog\/wp-content\/uploads\/2025\/03\/Athletisme-Championnats-dEurope-salle-2025-Clara-Liberman-se-pare-dargent-sur-le-800-m.png","type":"image\/png"}],"author":"Etienne Goursaud","twitter_card":"summary_large_image","twitter_title":"Athl\u00e9tisme Europe en salle : Clara Liberman se pare d'argent sur le 800 m","twitter_creator":"@dicodusport","twitter_site":"@dicodusport","schema":{"@context":"https:\/\/schema.org","@graph":[{"@type":"NewsArticle","@id":"https:\/\/dicodusport.fr\/blog\/athletisme-championnats-deurope-salle-2025-clara-liberman-se-pare-dargent-sur-le-800-m\/#article","isPartOf":{"@id":"https:\/\/dicodusport.fr\/blog\/athletisme-championnats-deurope-salle-2025-clara-liberman-se-pare-dargent-sur-le-800-m\/"},"author":{"name":"Etienne Goursaud","@id":"https:\/\/dicodusport.fr\/blog\/#\/schema\/person\/d603dd7da31fb2b46c82b9835a77ec13"},"headline":"Athl\u00e9tisme Europe en salle : Clara Liberman se pare d&rsquo;argent sur le 800 m","datePublished":"2025-03-09T15:39:15+00:00","dateModified":"2025-03-10T05:15:59+00:00","mainEntityOfPage":{"@id":"https:\/\/dicodusport.fr\/blog\/athletisme-championnats-deurope-salle-2025-clara-liberman-se-pare-dargent-sur-le-800-m\/"},"wordCount":399,"commentCount":0,"publisher":{"@id":"https:\/\/dicodusport.fr\/blog\/#organization"},"image":{"@id":"https:\/\/dicodusport.fr\/blog\/athletisme-championnats-deurope-salle-2025-clara-liberman-se-pare-dargent-sur-le-800-m\/#primaryimage"},"thumbnailUrl":"https:\/\/dicodusport.fr\/blog\/wp-content\/uploads\/2025\/03\/Athletisme-Championnats-dEurope-salle-2025-Clara-Liberman-se-pare-dargent-sur-le-800-m.png","keywords":["actu","Apeldoorn","Athl\u00e9tisme","br\u00e8ve"],"articleSection":["Athl\u00e9tisme"],"inLanguage":"fr-FR","potentialAction":[{"@type":"CommentAction","name":"Comment","target":["https:\/\/dicodusport.fr\/blog\/athletisme-championnats-deurope-salle-2025-clara-liberman-se-pare-dargent-sur-le-800-m\/#respond"]}],"copyrightYear":"2025","copyrightHolder":{"@id":"https:\/\/dicodusport.fr\/blog\/#organization"}},{"@type":"WebPage","@id":"https:\/\/dicodusport.fr\/blog\/athletisme-championnats-deurope-salle-2025-clara-liberman-se-pare-dargent-sur-le-800-m\/","url":"https:\/\/dicodusport.fr\/blog\/athletisme-championnats-deurope-salle-2025-clara-liberman-se-pare-dargent-sur-le-800-m\/","name":"Athl\u00e9tisme Europe en salle : Clara Liberman se pare d'argent sur le 800 m","isPartOf":{"@id":"https:\/\/dicodusport.fr\/blog\/#website"},"primaryImageOfPage":{"@id":"https:\/\/dicodusport.fr\/blog\/athletisme-championnats-deurope-salle-2025-clara-liberman-se-pare-dargent-sur-le-800-m\/#primaryimage"},"image":{"@id":"https:\/\/dicodusport.fr\/blog\/athletisme-championnats-deurope-salle-2025-clara-liberman-se-pare-dargent-sur-le-800-m\/#primaryimage"},"thumbnailUrl":"https:\/\/dicodusport.fr\/blog\/wp-content\/uploads\/2025\/03\/Athletisme-Championnats-dEurope-salle-2025-Clara-Liberman-se-pare-dargent-sur-le-800-m.png","datePublished":"2025-03-09T15:39:15+00:00","dateModified":"2025-03-10T05:15:59+00:00","description":"CHAMPIONNATS D'EUROPE D'ATHL\u00c9TISME EN SALLE 2025 - Clara Liberman est all\u00e9e au bout de son r\u00eave sur 800 m, en prenant la m\u00e9daille d'argent.","breadcrumb":{"@id":"https:\/\/dicodusport.fr\/blog\/athletisme-championnats-deurope-salle-2025-clara-liberman-se-pare-dargent-sur-le-800-m\/#breadcrumb"},"inLanguage":"fr-FR","potentialAction":[{"@type":"ReadAction","target":["https:\/\/dicodusport.fr\/blog\/athletisme-championnats-deurope-salle-2025-clara-liberman-se-pare-dargent-sur-le-800-m\/"]}]},{"@type":"ImageObject","inLanguage":"fr-FR","@id":"https:\/\/dicodusport.fr\/blog\/athletisme-championnats-deurope-salle-2025-clara-liberman-se-pare-dargent-sur-le-800-m\/#primaryimage","url":"https:\/\/dicodusport.fr\/blog\/wp-content\/uploads\/2025\/03\/Athletisme-Championnats-dEurope-salle-2025-Clara-Liberman-se-pare-dargent-sur-le-800-m.png","contentUrl":"https:\/\/dicodusport.fr\/blog\/wp-content\/uploads\/2025\/03\/Athletisme-Championnats-dEurope-salle-2025-Clara-Liberman-se-pare-dargent-sur-le-800-m.png","width":1200,"height":674,"caption":"Athl\u00e9tisme Championnats d'Europe (salle) 2025 Clara Liberman se pare d'argent sur le 800 m"},{"@type":"BreadcrumbList","@id":"https:\/\/dicodusport.fr\/blog\/athletisme-championnats-deurope-salle-2025-clara-liberman-se-pare-dargent-sur-le-800-m\/#breadcrumb","itemListElement":[{"@type":"ListItem","position":1,"name":"Accueil","item":"https:\/\/dicodusport.fr\/blog\/"},{"@type":"ListItem","position":2,"name":"Athl\u00e9tisme Europe en salle : Clara Liberman se pare d&rsquo;argent sur le 800 m"}]},{"@type":"WebSite","@id":"https:\/\/dicodusport.fr\/blog\/#website","url":"https:\/\/dicodusport.fr\/blog\/","name":"Dicodusport","description":"L&#039;encyclop\u00e9die de l&#039;actualit\u00e9 sportive","publisher":{"@id":"https:\/\/dicodusport.fr\/blog\/#organization"},"potentialAction":[{"@type":"SearchAction","target":{"@type":"EntryPoint","urlTemplate":"https:\/\/dicodusport.fr\/blog\/?s={search_term_string}"},"query-input":{"@type":"PropertyValueSpecification","valueRequired":true,"valueName":"search_term_string"}}],"inLanguage":"fr-FR"},{"@type":"NewsMediaOrganization","@id":"https:\/\/dicodusport.fr\/blog\/#organization","name":"Dicodusport","url":"https:\/\/dicodusport.fr\/blog\/","logo":{"@type":"ImageObject","inLanguage":"fr-FR","@id":"https:\/\/dicodusport.fr\/blog\/#\/schema\/logo\/image\/","url":"https:\/\/dicodusport.fr\/blog\/wp-content\/uploads\/2020\/06\/cropped-LOGO-DICODUSPORT-2020-SANS-FOND-SANS-TEXTE.png","contentUrl":"https:\/\/dicodusport.fr\/blog\/wp-content\/uploads\/2020\/06\/cropped-LOGO-DICODUSPORT-2020-SANS-FOND-SANS-TEXTE.png","width":512,"height":512,"caption":"Dicodusport"},"image":{"@id":"https:\/\/dicodusport.fr\/blog\/#\/schema\/logo\/image\/"},"sameAs":["https:\/\/www.facebook.com\/dicodusport","https:\/\/x.com\/dicodusport","https:\/\/www.instagram.com\/dicodusport\/","https:\/\/www.youtube.com\/channel\/UC7V2KZ5sd3htJivAbA4ZG3w"],"description":"Dicodusport est l'encyclop\u00e9die de l'actualit\u00e9 sportive.","email":"bonjour@dicodusport.fr","legalName":"DICODUSPORT","foundingDate":"2018-01-14","vatID":"FR71834470973","taxID":"83447097300043","numberOfEmployees":{"@type":"QuantitativeValue","minValue":"1","maxValue":"10"}},{"@type":"Person","@id":"https:\/\/dicodusport.fr\/blog\/#\/schema\/person\/d603dd7da31fb2b46c82b9835a77ec13","name":"Etienne Goursaud","image":{"@type":"ImageObject","inLanguage":"fr-FR","@id":"https:\/\/dicodusport.fr\/blog\/#\/schema\/person\/image\/","url":"https:\/\/dicodusport.fr\/blog\/wp-content\/uploads\/2023\/12\/410122264_10231602061736049_5565839791558026645_n-150x150.jpg","contentUrl":"https:\/\/dicodusport.fr\/blog\/wp-content\/uploads\/2023\/12\/410122264_10231602061736049_5565839791558026645_n-150x150.jpg","caption":"Etienne Goursaud"},"description":"Journaliste et amoureux de sport. Ancien footballeur reconverti athl\u00e8te quand ses muscles le laissent tranquille. \u00c9lev\u00e9 \u00e0 la sauce des exploits de Thomas Voeckler en 2004, du dernier essai de l\u00e9gende de Eunice Barber \u00e0 la longueur lors des championnats du monde d'athl\u00e9tisme de 2003 mais aussi Zidane, Omeyer et Titou Lamaison.","url":"https:\/\/dicodusport.fr\/blog\/author\/etienne-goursaud\/"}]}},"_links":{"self":[{"href":"https:\/\/dicodusport.fr\/blog\/wp-json\/wp\/v2\/posts\/562792","targetHints":{"allow":["GET"]}}],"collection":[{"href":"https:\/\/dicodusport.fr\/blog\/wp-json\/wp\/v2\/posts"}],"about":[{"href":"https:\/\/dicodusport.fr\/blog\/wp-json\/wp\/v2\/types\/post"}],"author":[{"embeddable":true,"href":"https:\/\/dicodusport.fr\/blog\/wp-json\/wp\/v2\/users\/83"}],"replies":[{"embeddable":true,"href":"https:\/\/dicodusport.fr\/blog\/wp-json\/wp\/v2\/comments?post=562792"}],"version-history":[{"count":5,"href":"https:\/\/dicodusport.fr\/blog\/wp-json\/wp\/v2\/posts\/562792\/revisions"}],"predecessor-version":[{"id":562941,"href":"https:\/\/dicodusport.fr\/blog\/wp-json\/wp\/v2\/posts\/562792\/revisions\/562941"}],"wp:featuredmedia":[{"embeddable":true,"href":"https:\/\/dicodusport.fr\/blog\/wp-json\/wp\/v2\/media\/562795"}],"wp:attachment":[{"href":"https:\/\/dicodusport.fr\/blog\/wp-json\/wp\/v2\/media?parent=562792"}],"wp:term":[{"taxonomy":"category","embeddable":true,"href":"https:\/\/dicodusport.fr\/blog\/wp-json\/wp\/v2\/categories?post=562792"},{"taxonomy":"post_tag","embeddable":true,"href":"https:\/\/dicodusport.fr\/blog\/wp-json\/wp\/v2\/tags?post=562792"}],"curies":[{"name":"wp","href":"https:\/\/api.w.org\/{rel}","templated":true}]}}