{"id":562806,"date":"2025-03-10T09:00:22","date_gmt":"2025-03-10T08:00:22","guid":{"rendered":"https:\/\/dicodusport.fr\/blog\/?p=562806&#038;preview=true&#038;preview_id=562806"},"modified":"2025-03-10T06:05:15","modified_gmt":"2025-03-10T05:05:15","slug":"para-tennis-de-table-les-bleus-font-le-plein-en-italie-pour-louverture-de-la-saison","status":"publish","type":"post","link":"https:\/\/dicodusport.fr\/blog\/para-tennis-de-table-les-bleus-font-le-plein-en-italie-pour-louverture-de-la-saison\/","title":{"rendered":"Para tennis de table : Les Bleus font le plein en Italie pour l&rsquo;ouverture de la saison"},"content":{"rendered":"<h4 style=\"text-align: justify;\"><em>PARA TENNIS DE TABLE &#8211; Pour le premier grand rendez-vous international de l\u2019ann\u00e9e, l\u2019\u00e9quipe de France a fait le plein de r\u00e9compenses en Italie. Les Bleus sont repartis hier avec pas moins de 6 m\u00e9dailles, deux de chaque couleur.<\/em><\/h4>\n<p style=\"text-align: justify;\">Quelques mois apr\u00e8s une belle r\u00e9colte lors des Jeux Paralympiques,\u00a0 une partie de l\u2019\u00e9quipe de France de tennis de table faisait sa rentr\u00e9e en Italie pour le tournoi de Lignano du 6 au 9 mars. Une reprise bien men\u00e9e par les Bleus, qui ont gagn\u00e9 2 m\u00e9dailles d&rsquo;or, 2 d&rsquo;argent et 2 de bronze, histoire de bien \u00e9quilibrer les choses.<\/p>\n<h2 style=\"text-align: justify;\">De l\u2019argent pour Lucas Didier, trio de m\u00e9dailles pour les Floflo<\/h2>\n<p style=\"text-align: justify;\">Imp\u00e9rial sur ses trois premiers matchs avec 9 manches sur 9 gagn\u00e9es, <strong>Lucas Didier<\/strong> n\u2019est pas pass\u00e9 loin du parcours parfait. Et la finale aurait tr\u00e8s bien pu basculer dans sa poche, avant de repartir dans celle de <strong>Iurii Nozdrunov<\/strong>. \u00c0 toi, \u00e0 moi, les deux pongistes se sont rendus les coups mais le Fran\u00e7ais a fini par c\u00e9der en 5 sets (12-10, 9-11, 11-7, 11-13, 8-11), r\u00e9coltant tout de m\u00eame l\u2019argent (class 9). Tiens, <a href=\"https:\/\/dicodusport.fr\/blog\/tennis-de-table-jeux-paralympiques-2024-lucas-didier-devient-vice-champion-paralympique-ms9\/\">\u00e7a nous rappelle quelque chose<\/a>.<\/p>\n<blockquote class=\"instagram-media\" style=\"background: #FFF; border: 0; border-radius: 3px; box-shadow: 0 0 1px 0 rgba(0,0,0,0.5),0 1px 10px 0 rgba(0,0,0,0.15); margin: 1px; max-width: 540px; min-width: 326px; padding: 0; width: calc(100% - 2px);\" data-instgrm-captioned=\"\" data-instgrm-permalink=\"https:\/\/www.instagram.com\/p\/DG5xdh5toMI\/?utm_source=ig_embed&amp;utm_campaign=loading\" data-instgrm-version=\"14\">\n<div style=\"padding: 16px;\">\n<p>&nbsp;<\/p>\n<div style=\"display: flex; flex-direction: row; align-items: center;\">\n<div style=\"background-color: #f4f4f4; border-radius: 50%; flex-grow: 0; height: 40px; margin-right: 14px; width: 40px;\"><\/div>\n<div style=\"display: flex; flex-direction: column; flex-grow: 1; justify-content: center;\">\n<div style=\"background-color: #f4f4f4; border-radius: 4px; flex-grow: 0; height: 14px; margin-bottom: 6px; width: 100px;\"><\/div>\n<div style=\"background-color: #f4f4f4; border-radius: 4px; flex-grow: 0; height: 14px; width: 60px;\"><\/div>\n<\/div>\n<\/div>\n<div style=\"padding: 19% 0;\"><\/div>\n<div style=\"display: block; height: 50px; margin: 0 auto 12px; width: 50px;\"><\/div>\n<div style=\"padding-top: 8px;\">\n<div style=\"color: #3897f0; font-family: Arial,sans-serif; font-size: 14px; font-style: normal; font-weight: 550; line-height: 18px;\">Voir cette publication sur Instagram<\/div>\n<\/div>\n<div style=\"padding: 12.5% 0;\"><\/div>\n<div style=\"display: flex; flex-direction: row; margin-bottom: 14px; align-items: center;\">\n<div>\n<div style=\"background-color: #f4f4f4; border-radius: 50%; height: 12.5px; width: 12.5px; transform: translateX(0px) translateY(7px);\"><\/div>\n<div style=\"background-color: #f4f4f4; height: 12.5px; transform: rotate(-45deg) translateX(3px) translateY(1px); width: 12.5px; flex-grow: 0; margin-right: 14px; margin-left: 2px;\"><\/div>\n<div style=\"background-color: #f4f4f4; border-radius: 50%; height: 12.5px; width: 12.5px; transform: translateX(9px) translateY(-18px);\"><\/div>\n<\/div>\n<div style=\"margin-left: 8px;\">\n<div style=\"background-color: #f4f4f4; border-radius: 50%; flex-grow: 0; height: 20px; width: 20px;\"><\/div>\n<div style=\"width: 0; height: 0; border-top: 2px solid transparent; border-left: 6px solid #f4f4f4; border-bottom: 2px solid transparent; transform: translateX(16px) translateY(-4px) rotate(30deg);\"><\/div>\n<\/div>\n<div style=\"margin-left: auto;\">\n<div style=\"width: 0px; border-top: 8px solid #F4F4F4; border-right: 8px solid transparent; transform: translateY(16px);\"><\/div>\n<div style=\"background-color: #f4f4f4; flex-grow: 0; height: 12px; width: 16px; transform: translateY(-4px);\"><\/div>\n<div style=\"width: 0; height: 0; border-top: 8px solid #F4F4F4; border-left: 8px solid transparent; transform: translateY(-4px) translateX(8px);\"><\/div>\n<\/div>\n<\/div>\n<div style=\"display: flex; flex-direction: column; flex-grow: 1; justify-content: center; margin-bottom: 24px;\">\n<div style=\"background-color: #f4f4f4; border-radius: 4px; flex-grow: 0; height: 14px; margin-bottom: 6px; width: 224px;\"><\/div>\n<div style=\"background-color: #f4f4f4; border-radius: 4px; flex-grow: 0; height: 14px; width: 144px;\"><\/div>\n<\/div>\n<p>&nbsp;<\/p>\n<p style=\"color: #c9c8cd; font-family: Arial,sans-serif; font-size: 14px; line-height: 17px; margin-bottom: 0; margin-top: 8px; overflow: hidden; padding: 8px 0 7px; text-align: center; text-overflow: ellipsis; white-space: nowrap;\"><a style=\"color: #c9c8cd; font-family: Arial,sans-serif; font-size: 14px; font-style: normal; font-weight: normal; line-height: 17px; text-decoration: none;\" href=\"https:\/\/www.instagram.com\/p\/DG5xdh5toMI\/?utm_source=ig_embed&amp;utm_campaign=loading\" target=\"_blank\" rel=\"noopener\">Une publication partag\u00e9e par Pongistic ! (@pongistic)<\/a><\/p>\n<\/div>\n<\/blockquote>\n<p><script async src=\"\/\/www.instagram.com\/embed.js\"><\/script><\/p>\n<p style=\"text-align: justify;\">Chez les femmes, <strong>Flora Vautier<\/strong> n\u2019est pas non plus repartie bredouille mais avec tous les m\u00e9taux possibles. Apr\u00e8s une belle remont\u00e9e contre <strong>Aleksandra Vasileva<\/strong>, elle a survol\u00e9 ses deux rencontres suivantes pour rallier les demi-finales. Tomb\u00e9e elle aussi en 5 manches sous les coups de la n\u00b05 mondiale, elle s\u2019est par\u00e9e de bronze avant de rapidement encha\u00eener avec les doubles. Et pour une premi\u00e8re association avec <strong>Oc\u00e9ane Garnier<\/strong> chez les dames, le r\u00e9sultat est plut\u00f4t concluant avec une m\u00e9daille d\u2019argent, le duo ayant remport\u00e9 2 de ses 3 matchs.<\/p>\n<p style=\"text-align: justify;\">Plus connue du grand public, la paire des Floflo (Flora Vautier\/Florian Merrien), <a href=\"https:\/\/dicodusport.fr\/blog\/tennis-de-table-jeux-paralympiques-2024-le-bronze-pour-florian-merrien-et-flora-vautier-en-double-mixte-xd7\/\">r\u00e9compens\u00e9e avec le bronze \u00e0 Paris<\/a>, a r\u00e9it\u00e9r\u00e9 la chose en Italie, mais cette fois avec l\u2019or au bout. \u00c0 titre individuel, <strong>Florian Merrien<\/strong> a \u00e9galement pris le bronze avant de repartir aussi avec un trio de m\u00e9dailles, d\u00e9crochant aux c\u00f4t\u00e9s de<strong> Yorick Adjal<\/strong> une autre m\u00e9daille d\u2019or.<\/p>\n<blockquote class=\"instagram-media\" style=\"background: #FFF; border: 0; border-radius: 3px; box-shadow: 0 0 1px 0 rgba(0,0,0,0.5),0 1px 10px 0 rgba(0,0,0,0.15); margin: 1px; max-width: 540px; min-width: 326px; padding: 0; width: calc(100% - 2px);\" data-instgrm-captioned=\"\" data-instgrm-permalink=\"https:\/\/www.instagram.com\/p\/DG_AvaTNKj0\/?utm_source=ig_embed&amp;utm_campaign=loading\" data-instgrm-version=\"14\">\n<div style=\"padding: 16px;\">\n<p>&nbsp;<\/p>\n<div style=\"display: flex; flex-direction: row; align-items: center;\">\n<div style=\"background-color: #f4f4f4; border-radius: 50%; flex-grow: 0; height: 40px; margin-right: 14px; width: 40px;\"><\/div>\n<div style=\"display: flex; flex-direction: column; flex-grow: 1; justify-content: center;\">\n<div style=\"background-color: #f4f4f4; border-radius: 4px; flex-grow: 0; height: 14px; margin-bottom: 6px; width: 100px;\"><\/div>\n<div style=\"background-color: #f4f4f4; border-radius: 4px; flex-grow: 0; height: 14px; width: 60px;\"><\/div>\n<\/div>\n<\/div>\n<div style=\"padding: 19% 0;\"><\/div>\n<div style=\"display: block; height: 50px; margin: 0 auto 12px; width: 50px;\"><\/div>\n<div style=\"padding-top: 8px;\">\n<div style=\"color: #3897f0; font-family: Arial,sans-serif; font-size: 14px; font-style: normal; font-weight: 550; line-height: 18px;\">Voir cette publication sur Instagram<\/div>\n<\/div>\n<div style=\"padding: 12.5% 0;\"><\/div>\n<div style=\"display: flex; flex-direction: row; margin-bottom: 14px; align-items: center;\">\n<div>\n<div style=\"background-color: #f4f4f4; border-radius: 50%; height: 12.5px; width: 12.5px; transform: translateX(0px) translateY(7px);\"><\/div>\n<div style=\"background-color: #f4f4f4; height: 12.5px; transform: rotate(-45deg) translateX(3px) translateY(1px); width: 12.5px; flex-grow: 0; margin-right: 14px; margin-left: 2px;\"><\/div>\n<div style=\"background-color: #f4f4f4; border-radius: 50%; height: 12.5px; width: 12.5px; transform: translateX(9px) translateY(-18px);\"><\/div>\n<\/div>\n<div style=\"margin-left: 8px;\">\n<div style=\"background-color: #f4f4f4; border-radius: 50%; flex-grow: 0; height: 20px; width: 20px;\"><\/div>\n<div style=\"width: 0; height: 0; border-top: 2px solid transparent; border-left: 6px solid #f4f4f4; border-bottom: 2px solid transparent; transform: translateX(16px) translateY(-4px) rotate(30deg);\"><\/div>\n<\/div>\n<div style=\"margin-left: auto;\">\n<div style=\"width: 0px; border-top: 8px solid #F4F4F4; border-right: 8px solid transparent; transform: translateY(16px);\"><\/div>\n<div style=\"background-color: #f4f4f4; flex-grow: 0; height: 12px; width: 16px; transform: translateY(-4px);\"><\/div>\n<div style=\"width: 0; height: 0; border-top: 8px solid #F4F4F4; border-left: 8px solid transparent; transform: translateY(-4px) translateX(8px);\"><\/div>\n<\/div>\n<\/div>\n<div style=\"display: flex; flex-direction: column; flex-grow: 1; justify-content: center; margin-bottom: 24px;\">\n<div style=\"background-color: #f4f4f4; border-radius: 4px; flex-grow: 0; height: 14px; margin-bottom: 6px; width: 224px;\"><\/div>\n<div style=\"background-color: #f4f4f4; border-radius: 4px; flex-grow: 0; height: 14px; width: 144px;\"><\/div>\n<\/div>\n<p>&nbsp;<\/p>\n<p style=\"color: #c9c8cd; font-family: Arial,sans-serif; font-size: 14px; line-height: 17px; margin-bottom: 0; margin-top: 8px; overflow: hidden; padding: 8px 0 7px; text-align: center; text-overflow: ellipsis; white-space: nowrap;\"><a style=\"color: #c9c8cd; font-family: Arial,sans-serif; font-size: 14px; font-style: normal; font-weight: normal; line-height: 17px; text-decoration: none;\" href=\"https:\/\/www.instagram.com\/p\/DG_AvaTNKj0\/?utm_source=ig_embed&amp;utm_campaign=loading\" target=\"_blank\" rel=\"noopener\">Une publication partag\u00e9e par Pongistic ! (@pongistic)<\/a><\/p>\n<\/div>\n<\/blockquote>\n<p><script async src=\"\/\/www.instagram.com\/embed.js\"><\/script><\/p>\n<h2 style=\"text-align: justify;\">Toutes les m\u00e9dailles fran\u00e7aises<\/h2>\n<p style=\"text-align: justify;\"><span style=\"text-decoration: underline;\">OR (2)<\/span>\u00a0: Double mixte XD7 (Flora Vautier\/Florian Merrien), Double hommes MD8 (Florian Merrien\/Yorick Adjal)<\/p>\n<p style=\"text-align: justify;\"><span style=\"text-decoration: underline;\">ARGENT (2)<\/span>\u00a0: Simple hommes classe 9 (Lucas Didier), Double femmes WD5 (Flora Vautier\/Oc\u00e9ane Garnier)<\/p>\n<p style=\"text-align: justify;\"><span style=\"text-decoration: underline;\">BRONZE (2)<\/span>\u00a0: Simple femmes classe 4-5 (Flora Vautier), Simple hommes classe 3 (Florian Merrien)<\/p>\n","protected":false},"excerpt":{"rendered":"<p>PARA TENNIS DE TABLE &#8211; Pour le premier grand rendez-vous international de l\u2019ann\u00e9e, l\u2019\u00e9quipe de France a fait le plein de r\u00e9compenses en Italie. Les Bleus sont repartis hier avec pas moins de 6 m\u00e9dailles, deux de chaque couleur.<\/p>\n","protected":false},"author":18,"featured_media":562938,"comment_status":"open","ping_status":"closed","sticky":false,"template":"","format":"standard","meta":{"_acf_changed":false,"_daextam_enable_autolinks":"1","footnotes":""},"categories":[5753,9663],"tags":[16878,1197],"class_list":["post-562806","post","type-post","status-publish","format-standard","has-post-thumbnail","hentry","category-handisport","category-tennis-de-table","tag-breve","tag-tennis-de-table"],"acf":[],"yoast_head":"<!-- This site is optimized with the Yoast SEO Premium plugin v26.7 (Yoast SEO v26.7) - https:\/\/yoast.com\/wordpress\/plugins\/seo\/ -->\n<title>Para tennis de table : Les Bleus font le plein en Italie pour l&#039;ouverture de la saison<\/title>\n<meta name=\"description\" content=\"PARA TENNIS DE TABLE - Pour le premier grand rendez-vous international de l\u2019ann\u00e9e, les Bleus ont fait le plein de r\u00e9compenses en Italie.\" \/>\n<meta name=\"robots\" content=\"index, follow, max-snippet:-1, max-image-preview:large, max-video-preview:-1\" \/>\n<link rel=\"canonical\" href=\"https:\/\/dicodusport.fr\/blog\/para-tennis-de-table-les-bleus-font-le-plein-en-italie-pour-louverture-de-la-saison\/\" \/>\n<meta property=\"og:locale\" content=\"fr_FR\" \/>\n<meta property=\"og:type\" content=\"article\" \/>\n<meta property=\"og:title\" content=\"Para tennis de table : Les Bleus font le plein en Italie pour l&#039;ouverture de la saison\" \/>\n<meta property=\"og:description\" content=\"PARA TENNIS DE TABLE - Pour le premier grand rendez-vous international de l\u2019ann\u00e9e, les Bleus ont fait le plein de r\u00e9compenses en Italie.\" \/>\n<meta property=\"og:url\" content=\"https:\/\/dicodusport.fr\/blog\/para-tennis-de-table-les-bleus-font-le-plein-en-italie-pour-louverture-de-la-saison\/\" \/>\n<meta property=\"og:site_name\" content=\"Dicodusport\" \/>\n<meta property=\"article:publisher\" content=\"https:\/\/www.facebook.com\/dicodusport\" \/>\n<meta property=\"article:author\" content=\"https:\/\/www.facebook.com\/soocube\" \/>\n<meta property=\"article:published_time\" content=\"2025-03-10T08:00:22+00:00\" \/>\n<meta property=\"og:image\" content=\"https:\/\/dicodusport.fr\/blog\/wp-content\/uploads\/2025\/03\/Para-tennis-de-table-Les-Bleus-font-le-plein-en-Italie-pour-louverture-de-la-saison-1.png\" \/>\n\t<meta property=\"og:image:width\" content=\"1200\" \/>\n\t<meta property=\"og:image:height\" content=\"674\" \/>\n\t<meta property=\"og:image:type\" content=\"image\/png\" \/>\n<meta name=\"author\" content=\"Sophie Clapier\" \/>\n<meta name=\"twitter:card\" content=\"summary_large_image\" \/>\n<meta name=\"twitter:title\" content=\"Para tennis de table : Les Bleus font le plein en Italie pour l&#039;ouverture de la saison\" \/>\n<meta name=\"twitter:creator\" content=\"@https:\/\/twitter.com\/soocube\" \/>\n<meta name=\"twitter:site\" content=\"@dicodusport\" \/>\n<script type=\"application\/ld+json\" class=\"yoast-schema-graph\">{\"@context\":\"https:\/\/schema.org\",\"@graph\":[{\"@type\":\"NewsArticle\",\"@id\":\"https:\/\/dicodusport.fr\/blog\/para-tennis-de-table-les-bleus-font-le-plein-en-italie-pour-louverture-de-la-saison\/#article\",\"isPartOf\":{\"@id\":\"https:\/\/dicodusport.fr\/blog\/para-tennis-de-table-les-bleus-font-le-plein-en-italie-pour-louverture-de-la-saison\/\"},\"author\":{\"name\":\"Sophie Clapier\",\"@id\":\"https:\/\/dicodusport.fr\/blog\/#\/schema\/person\/416c975648aca9da8839bdfe333a21c9\"},\"headline\":\"Para tennis de table : Les Bleus font le plein en Italie pour l&rsquo;ouverture de la saison\",\"datePublished\":\"2025-03-10T08:00:22+00:00\",\"mainEntityOfPage\":{\"@id\":\"https:\/\/dicodusport.fr\/blog\/para-tennis-de-table-les-bleus-font-le-plein-en-italie-pour-louverture-de-la-saison\/\"},\"wordCount\":464,\"commentCount\":0,\"publisher\":{\"@id\":\"https:\/\/dicodusport.fr\/blog\/#organization\"},\"image\":{\"@id\":\"https:\/\/dicodusport.fr\/blog\/para-tennis-de-table-les-bleus-font-le-plein-en-italie-pour-louverture-de-la-saison\/#primaryimage\"},\"thumbnailUrl\":\"https:\/\/dicodusport.fr\/blog\/wp-content\/uploads\/2025\/03\/Para-tennis-de-table-Les-Bleus-font-le-plein-en-Italie-pour-louverture-de-la-saison-1.png\",\"keywords\":[\"br\u00e8ve\",\"tennis de table\"],\"articleSection\":[\"Handisport\",\"Tennis de table\"],\"inLanguage\":\"fr-FR\",\"potentialAction\":[{\"@type\":\"CommentAction\",\"name\":\"Comment\",\"target\":[\"https:\/\/dicodusport.fr\/blog\/para-tennis-de-table-les-bleus-font-le-plein-en-italie-pour-louverture-de-la-saison\/#respond\"]}],\"copyrightYear\":\"2025\",\"copyrightHolder\":{\"@id\":\"https:\/\/dicodusport.fr\/blog\/#organization\"}},{\"@type\":\"WebPage\",\"@id\":\"https:\/\/dicodusport.fr\/blog\/para-tennis-de-table-les-bleus-font-le-plein-en-italie-pour-louverture-de-la-saison\/\",\"url\":\"https:\/\/dicodusport.fr\/blog\/para-tennis-de-table-les-bleus-font-le-plein-en-italie-pour-louverture-de-la-saison\/\",\"name\":\"Para tennis de table : Les Bleus font le plein en Italie pour l'ouverture de la saison\",\"isPartOf\":{\"@id\":\"https:\/\/dicodusport.fr\/blog\/#website\"},\"primaryImageOfPage\":{\"@id\":\"https:\/\/dicodusport.fr\/blog\/para-tennis-de-table-les-bleus-font-le-plein-en-italie-pour-louverture-de-la-saison\/#primaryimage\"},\"image\":{\"@id\":\"https:\/\/dicodusport.fr\/blog\/para-tennis-de-table-les-bleus-font-le-plein-en-italie-pour-louverture-de-la-saison\/#primaryimage\"},\"thumbnailUrl\":\"https:\/\/dicodusport.fr\/blog\/wp-content\/uploads\/2025\/03\/Para-tennis-de-table-Les-Bleus-font-le-plein-en-Italie-pour-louverture-de-la-saison-1.png\",\"datePublished\":\"2025-03-10T08:00:22+00:00\",\"description\":\"PARA TENNIS DE TABLE - Pour le premier grand rendez-vous international de l\u2019ann\u00e9e, les Bleus ont fait le plein de r\u00e9compenses en Italie.\",\"breadcrumb\":{\"@id\":\"https:\/\/dicodusport.fr\/blog\/para-tennis-de-table-les-bleus-font-le-plein-en-italie-pour-louverture-de-la-saison\/#breadcrumb\"},\"inLanguage\":\"fr-FR\",\"potentialAction\":[{\"@type\":\"ReadAction\",\"target\":[\"https:\/\/dicodusport.fr\/blog\/para-tennis-de-table-les-bleus-font-le-plein-en-italie-pour-louverture-de-la-saison\/\"]}]},{\"@type\":\"ImageObject\",\"inLanguage\":\"fr-FR\",\"@id\":\"https:\/\/dicodusport.fr\/blog\/para-tennis-de-table-les-bleus-font-le-plein-en-italie-pour-louverture-de-la-saison\/#primaryimage\",\"url\":\"https:\/\/dicodusport.fr\/blog\/wp-content\/uploads\/2025\/03\/Para-tennis-de-table-Les-Bleus-font-le-plein-en-Italie-pour-louverture-de-la-saison-1.png\",\"contentUrl\":\"https:\/\/dicodusport.fr\/blog\/wp-content\/uploads\/2025\/03\/Para-tennis-de-table-Les-Bleus-font-le-plein-en-Italie-pour-louverture-de-la-saison-1.png\",\"width\":1200,\"height\":674,\"caption\":\"Para tennis de table Les Bleus font le plein en Italie pour l'ouverture de la saison\"},{\"@type\":\"BreadcrumbList\",\"@id\":\"https:\/\/dicodusport.fr\/blog\/para-tennis-de-table-les-bleus-font-le-plein-en-italie-pour-louverture-de-la-saison\/#breadcrumb\",\"itemListElement\":[{\"@type\":\"ListItem\",\"position\":1,\"name\":\"Accueil\",\"item\":\"https:\/\/dicodusport.fr\/blog\/\"},{\"@type\":\"ListItem\",\"position\":2,\"name\":\"Para tennis de table : Les Bleus font le plein en Italie pour l&rsquo;ouverture de la saison\"}]},{\"@type\":\"WebSite\",\"@id\":\"https:\/\/dicodusport.fr\/blog\/#website\",\"url\":\"https:\/\/dicodusport.fr\/blog\/\",\"name\":\"Dicodusport\",\"description\":\"L&#039;encyclop\u00e9die de l&#039;actualit\u00e9 sportive\",\"publisher\":{\"@id\":\"https:\/\/dicodusport.fr\/blog\/#organization\"},\"potentialAction\":[{\"@type\":\"SearchAction\",\"target\":{\"@type\":\"EntryPoint\",\"urlTemplate\":\"https:\/\/dicodusport.fr\/blog\/?s={search_term_string}\"},\"query-input\":{\"@type\":\"PropertyValueSpecification\",\"valueRequired\":true,\"valueName\":\"search_term_string\"}}],\"inLanguage\":\"fr-FR\"},{\"@type\":\"NewsMediaOrganization\",\"@id\":\"https:\/\/dicodusport.fr\/blog\/#organization\",\"name\":\"Dicodusport\",\"url\":\"https:\/\/dicodusport.fr\/blog\/\",\"logo\":{\"@type\":\"ImageObject\",\"inLanguage\":\"fr-FR\",\"@id\":\"https:\/\/dicodusport.fr\/blog\/#\/schema\/logo\/image\/\",\"url\":\"https:\/\/dicodusport.fr\/blog\/wp-content\/uploads\/2020\/06\/cropped-LOGO-DICODUSPORT-2020-SANS-FOND-SANS-TEXTE.png\",\"contentUrl\":\"https:\/\/dicodusport.fr\/blog\/wp-content\/uploads\/2020\/06\/cropped-LOGO-DICODUSPORT-2020-SANS-FOND-SANS-TEXTE.png\",\"width\":512,\"height\":512,\"caption\":\"Dicodusport\"},\"image\":{\"@id\":\"https:\/\/dicodusport.fr\/blog\/#\/schema\/logo\/image\/\"},\"sameAs\":[\"https:\/\/www.facebook.com\/dicodusport\",\"https:\/\/x.com\/dicodusport\",\"https:\/\/www.instagram.com\/dicodusport\/\",\"https:\/\/www.youtube.com\/channel\/UC7V2KZ5sd3htJivAbA4ZG3w\"],\"description\":\"Dicodusport est l'encyclop\u00e9die de l'actualit\u00e9 sportive.\",\"email\":\"bonjour@dicodusport.fr\",\"legalName\":\"DICODUSPORT\",\"foundingDate\":\"2018-01-14\",\"vatID\":\"FR71834470973\",\"taxID\":\"83447097300043\",\"numberOfEmployees\":{\"@type\":\"QuantitativeValue\",\"minValue\":\"1\",\"maxValue\":\"10\"}},{\"@type\":\"Person\",\"@id\":\"https:\/\/dicodusport.fr\/blog\/#\/schema\/person\/416c975648aca9da8839bdfe333a21c9\",\"name\":\"Sophie Clapier\",\"image\":{\"@type\":\"ImageObject\",\"inLanguage\":\"fr-FR\",\"@id\":\"https:\/\/dicodusport.fr\/blog\/#\/schema\/person\/image\/\",\"url\":\"https:\/\/dicodusport.fr\/blog\/wp-content\/uploads\/2021\/05\/Sophie-Clapier-150x150.jpg\",\"contentUrl\":\"https:\/\/dicodusport.fr\/blog\/wp-content\/uploads\/2021\/05\/Sophie-Clapier-150x150.jpg\",\"caption\":\"Sophie Clapier\"},\"description\":\"Journaliste\/r\u00e9dactrice depuis janvier 2016 - Passionn\u00e9e de sport depuis toujours, j\u2019en ai pratiqu\u00e9 quelques-uns. Judo, football, handball ou encore tennis, je n\u2019ai jamais pu me mettre d\u2019accord sur un en particulier. Mais \u00e7a, c\u2019\u00e9tait avant de d\u00e9couvrir le basket, devenu mon sport de pr\u00e9dilection. Les actions NBA, le All-Star Week-end, la fureur des Game 7 pendant les playoffs ou mieux, lors des Finals, this is why we play. Team Spurs T.P, je m\u2019accroche encore \u00e0 Gregg Popovich (don\u2019t leave !). Team chef Curry, je souhaite qu\u2019il finisse aux Warriors (staaaay !). Non, il n\u2019y a pas qu\u2019eux, des petits nouveaux -et des petites nouvelles \u00e9videmment- arrivent chaque jour dans toutes les disciplines et cr\u00e9ent de nouveaux exploits. Alors pour les grands \u00e9v\u00e9nements et comp\u00e9titions internationales, vive les pulsations 240\/minutes et le d\u00e9fibrillateur pas loin, et allez les Bleu(e)s ! C\u2019est s\u00fbr, j\u2019aurai plus vu ma vie sur un terrain de sport, mais \u00e0 d\u00e9faut d\u2019en faire en haut niveau, je le partage avec vous.\",\"sameAs\":[\"https:\/\/www.facebook.com\/soocube\",\"https:\/\/x.com\/https:\/\/twitter.com\/soocube\",\"admin\"],\"url\":\"https:\/\/dicodusport.fr\/blog\/author\/sophie\/\"}]}<\/script>\n<!-- \/ Yoast SEO Premium plugin. -->","yoast_head_json":{"title":"Para tennis de table : Les Bleus font le plein en Italie pour l'ouverture de la saison","description":"PARA TENNIS DE TABLE - Pour le premier grand rendez-vous international de l\u2019ann\u00e9e, les Bleus ont fait le plein de r\u00e9compenses en Italie.","robots":{"index":"index","follow":"follow","max-snippet":"max-snippet:-1","max-image-preview":"max-image-preview:large","max-video-preview":"max-video-preview:-1"},"canonical":"https:\/\/dicodusport.fr\/blog\/para-tennis-de-table-les-bleus-font-le-plein-en-italie-pour-louverture-de-la-saison\/","og_locale":"fr_FR","og_type":"article","og_title":"Para tennis de table : Les Bleus font le plein en Italie pour l'ouverture de la saison","og_description":"PARA TENNIS DE TABLE - Pour le premier grand rendez-vous international de l\u2019ann\u00e9e, les Bleus ont fait le plein de r\u00e9compenses en Italie.","og_url":"https:\/\/dicodusport.fr\/blog\/para-tennis-de-table-les-bleus-font-le-plein-en-italie-pour-louverture-de-la-saison\/","og_site_name":"Dicodusport","article_publisher":"https:\/\/www.facebook.com\/dicodusport","article_author":"https:\/\/www.facebook.com\/soocube","article_published_time":"2025-03-10T08:00:22+00:00","og_image":[{"width":1200,"height":674,"url":"https:\/\/dicodusport.fr\/blog\/wp-content\/uploads\/2025\/03\/Para-tennis-de-table-Les-Bleus-font-le-plein-en-Italie-pour-louverture-de-la-saison-1.png","type":"image\/png"}],"author":"Sophie Clapier","twitter_card":"summary_large_image","twitter_title":"Para tennis de table : Les Bleus font le plein en Italie pour l'ouverture de la saison","twitter_creator":"@https:\/\/twitter.com\/soocube","twitter_site":"@dicodusport","schema":{"@context":"https:\/\/schema.org","@graph":[{"@type":"NewsArticle","@id":"https:\/\/dicodusport.fr\/blog\/para-tennis-de-table-les-bleus-font-le-plein-en-italie-pour-louverture-de-la-saison\/#article","isPartOf":{"@id":"https:\/\/dicodusport.fr\/blog\/para-tennis-de-table-les-bleus-font-le-plein-en-italie-pour-louverture-de-la-saison\/"},"author":{"name":"Sophie Clapier","@id":"https:\/\/dicodusport.fr\/blog\/#\/schema\/person\/416c975648aca9da8839bdfe333a21c9"},"headline":"Para tennis de table : Les Bleus font le plein en Italie pour l&rsquo;ouverture de la saison","datePublished":"2025-03-10T08:00:22+00:00","mainEntityOfPage":{"@id":"https:\/\/dicodusport.fr\/blog\/para-tennis-de-table-les-bleus-font-le-plein-en-italie-pour-louverture-de-la-saison\/"},"wordCount":464,"commentCount":0,"publisher":{"@id":"https:\/\/dicodusport.fr\/blog\/#organization"},"image":{"@id":"https:\/\/dicodusport.fr\/blog\/para-tennis-de-table-les-bleus-font-le-plein-en-italie-pour-louverture-de-la-saison\/#primaryimage"},"thumbnailUrl":"https:\/\/dicodusport.fr\/blog\/wp-content\/uploads\/2025\/03\/Para-tennis-de-table-Les-Bleus-font-le-plein-en-Italie-pour-louverture-de-la-saison-1.png","keywords":["br\u00e8ve","tennis de table"],"articleSection":["Handisport","Tennis de table"],"inLanguage":"fr-FR","potentialAction":[{"@type":"CommentAction","name":"Comment","target":["https:\/\/dicodusport.fr\/blog\/para-tennis-de-table-les-bleus-font-le-plein-en-italie-pour-louverture-de-la-saison\/#respond"]}],"copyrightYear":"2025","copyrightHolder":{"@id":"https:\/\/dicodusport.fr\/blog\/#organization"}},{"@type":"WebPage","@id":"https:\/\/dicodusport.fr\/blog\/para-tennis-de-table-les-bleus-font-le-plein-en-italie-pour-louverture-de-la-saison\/","url":"https:\/\/dicodusport.fr\/blog\/para-tennis-de-table-les-bleus-font-le-plein-en-italie-pour-louverture-de-la-saison\/","name":"Para tennis de table : Les Bleus font le plein en Italie pour l'ouverture de la saison","isPartOf":{"@id":"https:\/\/dicodusport.fr\/blog\/#website"},"primaryImageOfPage":{"@id":"https:\/\/dicodusport.fr\/blog\/para-tennis-de-table-les-bleus-font-le-plein-en-italie-pour-louverture-de-la-saison\/#primaryimage"},"image":{"@id":"https:\/\/dicodusport.fr\/blog\/para-tennis-de-table-les-bleus-font-le-plein-en-italie-pour-louverture-de-la-saison\/#primaryimage"},"thumbnailUrl":"https:\/\/dicodusport.fr\/blog\/wp-content\/uploads\/2025\/03\/Para-tennis-de-table-Les-Bleus-font-le-plein-en-Italie-pour-louverture-de-la-saison-1.png","datePublished":"2025-03-10T08:00:22+00:00","description":"PARA TENNIS DE TABLE - Pour le premier grand rendez-vous international de l\u2019ann\u00e9e, les Bleus ont fait le plein de r\u00e9compenses en Italie.","breadcrumb":{"@id":"https:\/\/dicodusport.fr\/blog\/para-tennis-de-table-les-bleus-font-le-plein-en-italie-pour-louverture-de-la-saison\/#breadcrumb"},"inLanguage":"fr-FR","potentialAction":[{"@type":"ReadAction","target":["https:\/\/dicodusport.fr\/blog\/para-tennis-de-table-les-bleus-font-le-plein-en-italie-pour-louverture-de-la-saison\/"]}]},{"@type":"ImageObject","inLanguage":"fr-FR","@id":"https:\/\/dicodusport.fr\/blog\/para-tennis-de-table-les-bleus-font-le-plein-en-italie-pour-louverture-de-la-saison\/#primaryimage","url":"https:\/\/dicodusport.fr\/blog\/wp-content\/uploads\/2025\/03\/Para-tennis-de-table-Les-Bleus-font-le-plein-en-Italie-pour-louverture-de-la-saison-1.png","contentUrl":"https:\/\/dicodusport.fr\/blog\/wp-content\/uploads\/2025\/03\/Para-tennis-de-table-Les-Bleus-font-le-plein-en-Italie-pour-louverture-de-la-saison-1.png","width":1200,"height":674,"caption":"Para tennis de table Les Bleus font le plein en Italie pour l'ouverture de la saison"},{"@type":"BreadcrumbList","@id":"https:\/\/dicodusport.fr\/blog\/para-tennis-de-table-les-bleus-font-le-plein-en-italie-pour-louverture-de-la-saison\/#breadcrumb","itemListElement":[{"@type":"ListItem","position":1,"name":"Accueil","item":"https:\/\/dicodusport.fr\/blog\/"},{"@type":"ListItem","position":2,"name":"Para tennis de table : Les Bleus font le plein en Italie pour l&rsquo;ouverture de la saison"}]},{"@type":"WebSite","@id":"https:\/\/dicodusport.fr\/blog\/#website","url":"https:\/\/dicodusport.fr\/blog\/","name":"Dicodusport","description":"L&#039;encyclop\u00e9die de l&#039;actualit\u00e9 sportive","publisher":{"@id":"https:\/\/dicodusport.fr\/blog\/#organization"},"potentialAction":[{"@type":"SearchAction","target":{"@type":"EntryPoint","urlTemplate":"https:\/\/dicodusport.fr\/blog\/?s={search_term_string}"},"query-input":{"@type":"PropertyValueSpecification","valueRequired":true,"valueName":"search_term_string"}}],"inLanguage":"fr-FR"},{"@type":"NewsMediaOrganization","@id":"https:\/\/dicodusport.fr\/blog\/#organization","name":"Dicodusport","url":"https:\/\/dicodusport.fr\/blog\/","logo":{"@type":"ImageObject","inLanguage":"fr-FR","@id":"https:\/\/dicodusport.fr\/blog\/#\/schema\/logo\/image\/","url":"https:\/\/dicodusport.fr\/blog\/wp-content\/uploads\/2020\/06\/cropped-LOGO-DICODUSPORT-2020-SANS-FOND-SANS-TEXTE.png","contentUrl":"https:\/\/dicodusport.fr\/blog\/wp-content\/uploads\/2020\/06\/cropped-LOGO-DICODUSPORT-2020-SANS-FOND-SANS-TEXTE.png","width":512,"height":512,"caption":"Dicodusport"},"image":{"@id":"https:\/\/dicodusport.fr\/blog\/#\/schema\/logo\/image\/"},"sameAs":["https:\/\/www.facebook.com\/dicodusport","https:\/\/x.com\/dicodusport","https:\/\/www.instagram.com\/dicodusport\/","https:\/\/www.youtube.com\/channel\/UC7V2KZ5sd3htJivAbA4ZG3w"],"description":"Dicodusport est l'encyclop\u00e9die de l'actualit\u00e9 sportive.","email":"bonjour@dicodusport.fr","legalName":"DICODUSPORT","foundingDate":"2018-01-14","vatID":"FR71834470973","taxID":"83447097300043","numberOfEmployees":{"@type":"QuantitativeValue","minValue":"1","maxValue":"10"}},{"@type":"Person","@id":"https:\/\/dicodusport.fr\/blog\/#\/schema\/person\/416c975648aca9da8839bdfe333a21c9","name":"Sophie Clapier","image":{"@type":"ImageObject","inLanguage":"fr-FR","@id":"https:\/\/dicodusport.fr\/blog\/#\/schema\/person\/image\/","url":"https:\/\/dicodusport.fr\/blog\/wp-content\/uploads\/2021\/05\/Sophie-Clapier-150x150.jpg","contentUrl":"https:\/\/dicodusport.fr\/blog\/wp-content\/uploads\/2021\/05\/Sophie-Clapier-150x150.jpg","caption":"Sophie Clapier"},"description":"Journaliste\/r\u00e9dactrice depuis janvier 2016 - Passionn\u00e9e de sport depuis toujours, j\u2019en ai pratiqu\u00e9 quelques-uns. Judo, football, handball ou encore tennis, je n\u2019ai jamais pu me mettre d\u2019accord sur un en particulier. Mais \u00e7a, c\u2019\u00e9tait avant de d\u00e9couvrir le basket, devenu mon sport de pr\u00e9dilection. Les actions NBA, le All-Star Week-end, la fureur des Game 7 pendant les playoffs ou mieux, lors des Finals, this is why we play. Team Spurs T.P, je m\u2019accroche encore \u00e0 Gregg Popovich (don\u2019t leave !). Team chef Curry, je souhaite qu\u2019il finisse aux Warriors (staaaay !). Non, il n\u2019y a pas qu\u2019eux, des petits nouveaux -et des petites nouvelles \u00e9videmment- arrivent chaque jour dans toutes les disciplines et cr\u00e9ent de nouveaux exploits. Alors pour les grands \u00e9v\u00e9nements et comp\u00e9titions internationales, vive les pulsations 240\/minutes et le d\u00e9fibrillateur pas loin, et allez les Bleu(e)s ! C\u2019est s\u00fbr, j\u2019aurai plus vu ma vie sur un terrain de sport, mais \u00e0 d\u00e9faut d\u2019en faire en haut niveau, je le partage avec vous.","sameAs":["https:\/\/www.facebook.com\/soocube","https:\/\/x.com\/https:\/\/twitter.com\/soocube","admin"],"url":"https:\/\/dicodusport.fr\/blog\/author\/sophie\/"}]}},"_links":{"self":[{"href":"https:\/\/dicodusport.fr\/blog\/wp-json\/wp\/v2\/posts\/562806","targetHints":{"allow":["GET"]}}],"collection":[{"href":"https:\/\/dicodusport.fr\/blog\/wp-json\/wp\/v2\/posts"}],"about":[{"href":"https:\/\/dicodusport.fr\/blog\/wp-json\/wp\/v2\/types\/post"}],"author":[{"embeddable":true,"href":"https:\/\/dicodusport.fr\/blog\/wp-json\/wp\/v2\/users\/18"}],"replies":[{"embeddable":true,"href":"https:\/\/dicodusport.fr\/blog\/wp-json\/wp\/v2\/comments?post=562806"}],"version-history":[{"count":4,"href":"https:\/\/dicodusport.fr\/blog\/wp-json\/wp\/v2\/posts\/562806\/revisions"}],"predecessor-version":[{"id":562826,"href":"https:\/\/dicodusport.fr\/blog\/wp-json\/wp\/v2\/posts\/562806\/revisions\/562826"}],"wp:featuredmedia":[{"embeddable":true,"href":"https:\/\/dicodusport.fr\/blog\/wp-json\/wp\/v2\/media\/562938"}],"wp:attachment":[{"href":"https:\/\/dicodusport.fr\/blog\/wp-json\/wp\/v2\/media?parent=562806"}],"wp:term":[{"taxonomy":"category","embeddable":true,"href":"https:\/\/dicodusport.fr\/blog\/wp-json\/wp\/v2\/categories?post=562806"},{"taxonomy":"post_tag","embeddable":true,"href":"https:\/\/dicodusport.fr\/blog\/wp-json\/wp\/v2\/tags?post=562806"}],"curies":[{"name":"wp","href":"https:\/\/api.w.org\/{rel}","templated":true}]}}