{"id":562942,"date":"2025-03-10T11:00:50","date_gmt":"2025-03-10T10:00:50","guid":{"rendered":"https:\/\/dicodusport.fr\/blog\/?p=562942&#038;preview=true&#038;preview_id=562942"},"modified":"2025-03-10T10:52:01","modified_gmt":"2025-03-10T09:52:01","slug":"aurelie-aubert-charles-noakes-flora-vautier-que-deviennent-nos-medailles-paralympiques","status":"publish","type":"post","link":"https:\/\/dicodusport.fr\/blog\/aurelie-aubert-charles-noakes-flora-vautier-que-deviennent-nos-medailles-paralympiques\/","title":{"rendered":"Aur\u00e9lie Aubert, Charles Noakes, Flora Vautier, que deviennent nos m\u00e9daill\u00e9s paralympiques ?"},"content":{"rendered":"<h4 style=\"text-align: justify;\"><em>HANDISPORT &#8211; Quelques mois apr\u00e8s leurs performances aux Jeux de Paris 2024, que deviennent nos m\u00e9daill\u00e9s paralympiques ? Voici quelques (bonnes) nouvelles d&rsquo;Aur\u00e9lie Aubert, Charles Noakes et Flora Vautier.<\/em><\/h4>\n<p style=\"text-align: justify;\">Apr\u00e8s avoir marqu\u00e9 les esprits lors des Jeux Paralympiques, plusieurs athl\u00e8tes ont fait leur retour \u00e0 la comp\u00e9tition. Que ce soit lors des Championnats de France ou lors des premiers grands tournois internationaux, certains ont ajout\u00e9 une nouvelle ligne \u00e0 leur palmar\u00e8s. C&rsquo;est notamment le cas d&rsquo;<strong>Aur\u00e9lie Aubert<\/strong> en boccia, de <strong>Charles Noakes<\/strong> (badminton) ou encore de <strong>Flora Vautier<\/strong> (tennis de table).<\/p>\n<h2 style=\"text-align: justify;\">Aur\u00e9lie Aubert championne de France\u2026<\/h2>\n<p style=\"text-align: justify;\">\u00c7a s\u2019est pass\u00e9 en f\u00e9vrier dernier, quelques mois <a href=\"https:\/\/dicodusport.fr\/blog\/boccia-jeux-paralympiques-2024-aurelie-aubert-en-or-bc1\/\">apr\u00e8s avoir d\u00e9croch\u00e9 l\u2019or olympique<\/a> et <a href=\"https:\/\/dicodusport.fr\/blog\/championne-des-championnes-francaises-2024-aurelie-aubert-4eme-de-lor-a-un-delicieux-sponsor\/\">le sponsor de ses r\u00eaves<\/a>. Dans une discipline mixte aux Championnats de France de boccia, jamais une femme ne s\u2019\u00e9tait impos\u00e9e dans la cat\u00e9gorie BC1. C\u2019est dor\u00e9navant chose faite. Apr\u00e8s avoir \u00e9crit l\u2019histoire aux Jeux, <strong>Aur\u00e9lie Aubert<\/strong> inscrit cette fois son nom en lettres d\u2019or dans cette comp\u00e9tition domestique.<\/p>\n<blockquote class=\"twitter-tweet\">\n<p dir=\"ltr\" lang=\"fr\">\ud83c\uddeb\ud83c\uddf7 Des nouvelles d&rsquo;Aur\u00e9lie Aubert \ud83e\udd29<\/p>\n<p>Notre championne paralympique d\u00e9croche son premier titre de championne de France en Boccia \ud83e\udd47<\/p>\n<p>Premi\u00e8re femme couronn\u00e9e dans sa cat\u00e9gorie B1 \ud83d\udc4f<\/p>\n<p>\ud83d\udcf8 CPSF\/KMSP <a href=\"https:\/\/t.co\/UxMIs9HWZk\">pic.twitter.com\/UxMIs9HWZk<\/a><\/p>\n<p>\u2014 SPORTRICOLORE (@sportricolore) <a href=\"https:\/\/twitter.com\/sportricolore\/status\/1886708964433236310?ref_src=twsrc%5Etfw\">February 4, 2025<\/a><\/p><\/blockquote>\n<p style=\"text-align: justify;\"><script async src=\"https:\/\/platform.twitter.com\/widgets.js\" charset=\"utf-8\"><\/script><\/p>\n<p style=\"text-align: justify;\">Tomb\u00e9e l\u2019ann\u00e9e pass\u00e9e en finale contre <strong>Jean-Christophe Tabary<\/strong>, la championne de Paris 2024 a pris sa revanche pour s\u2019imposer 3-2 lors de l&rsquo;ultime \u00e9tape et s\u2019emparer de son 1<sup>er<\/sup> titre national. Des r\u00e9sultats et une notori\u00e9t\u00e9 qui devraient lui assurer une place dans le groupe tricolore pour les Championnats d\u2019Europe pr\u00e9vus du 8 au 16 juillet en Croatie.<\/p>\n<h2 style=\"text-align: justify;\">\u2026 Charles Noakes \u00e9galement<\/h2>\n<p style=\"text-align: justify;\">Lui n\u2019en est pas \u00e0 son coup d\u2019essai. D\u00e9j\u00e0 sur la plus haute marche des Championnats de France en 2020, 2021 et 2022 en simple (et en double), <strong>Charles Noakes<\/strong> est all\u00e9 conqu\u00e9rir un 4<sup>\u00e8me<\/sup> sacre national individuel en d\u00e9but d\u2019ann\u00e9e en faisant chuter <strong>Maxime Greboval<\/strong> en finale. Parrain de l\u2019\u00e9v\u00e8nement qui s\u2019est d\u00e9roul\u00e9 \u00e0 Gien, <a href=\"https:\/\/dicodusport.fr\/blog\/badminton-jeux-paralympiques-2024-charles-noakes-champion-paralympique-categorie-sh6\/\">le champion paralympique de para badminton<\/a> a ainsi confirm\u00e9 son statut de favori dans la cat\u00e9gorie SH6. Associ\u00e9 \u00e0 <strong>Esteban Corbacho<\/strong> en double, il a \u00e9galement ajout\u00e9 une m\u00e9daille d\u2019argent \u00e0 ce palmar\u00e8s d\u00e9j\u00e0 bien garni.<\/p>\n<div class=\"vlp-link-container vlp-layout-article\"><a href=\"https:\/\/dicodusport.fr\/blog\/athlete-parasport-de-lannee-2024-charles-noakes-5eme-rockstar-du-badminton-francais\/\" class=\"vlp-link\" title=\"Athl\u00e8te Parasport de l&#039;ann\u00e9e 2024 : Charles Noakes (5\u00e8me), rockstar du badminton fran\u00e7ais\"><\/a><div class=\"vlp-layout-zone-side\"><div class=\"vlp-block-4 vlp-link-image\"><img loading=\"lazy\" decoding=\"async\" style=\"max-width: 792px;\" width=\"792\" height=\"445\" src=\"https:\/\/dicodusport.fr\/blog\/wp-content\/uploads\/2024\/12\/Athlete-Parasport-de-lannee-2024-Charles-Noakes-5eme-rockstar-du-badminton-francais.png\" class=\"attachment-800x445 size-800x445\" alt=\"Athl\u00e8te Parasport de l&#039;ann\u00e9e 2024 Charles Noakes (5\u00e8me), rockstar du badminton fran\u00e7ais\" srcset=\"https:\/\/dicodusport.fr\/blog\/wp-content\/uploads\/2024\/12\/Athlete-Parasport-de-lannee-2024-Charles-Noakes-5eme-rockstar-du-badminton-francais.png 1200w, https:\/\/dicodusport.fr\/blog\/wp-content\/uploads\/2024\/12\/Athlete-Parasport-de-lannee-2024-Charles-Noakes-5eme-rockstar-du-badminton-francais-300x169.png 300w, https:\/\/dicodusport.fr\/blog\/wp-content\/uploads\/2024\/12\/Athlete-Parasport-de-lannee-2024-Charles-Noakes-5eme-rockstar-du-badminton-francais-1024x575.png 1024w, https:\/\/dicodusport.fr\/blog\/wp-content\/uploads\/2024\/12\/Athlete-Parasport-de-lannee-2024-Charles-Noakes-5eme-rockstar-du-badminton-francais-768x431.png 768w\" sizes=\"auto, (max-width: 792px) 100vw, 792px\" \/><\/div><\/div><div class=\"vlp-layout-zone-main\"><div class=\"vlp-block-0 vlp-link-title\">Athl\u00e8te Parasport de l'ann\u00e9e 2024 : Charles Noakes (5\u00e8me), rockstar du badminton fran\u00e7ais<\/div><div class=\"vlp-block-1 vlp-link-summary\">MULTISPORTS - Le para badiste Charles Noakes est 5\u00e8me du classement de l'Athl\u00e8te Parasport de l'ann\u00e9e 2024.<\/div><div class=\"vlp-block-2 vlp-link-button\">Lire l'article<\/div><div class=\"vlp-block-3 vlp-link-url\">dicodusport.fr<\/div><\/div><\/div>\n<p style=\"text-align: justify;\">Quelques mois plus tard, direction l\u2019Espagne pour la reprise de la saison avec une m\u00e9daille d\u2019argent remport\u00e9e ce week-end. Intraitable lors des matchs de poules, le Fran\u00e7ais n\u2019a conc\u00e9d\u00e9 aucune manche jusqu\u2019en demi-finales o\u00f9 il s\u2019est malgr\u00e9 tout impos\u00e9. Malgr\u00e9 le sursaut de <strong>Miles Krajewski<\/strong> dans le second set, Charles Noakes a pli\u00e9 le match en 3 manches pour ensuite jouer la gagne contre le n\u00b01 mondial. Un match arrach\u00e9 dans la douleur par <strong>Man Kai Chu<\/strong> apr\u00e8s une heure de jeu environ et malgr\u00e9 un beau run du Fran\u00e7ais pour relancer le suspense dans le troisi\u00e8me et dernier set (21-17, 20-22, 21-18).<\/p>\n<h2 style=\"text-align: justify;\">Flora Vautier\u00a0: objectif Europe<\/h2>\n<p style=\"text-align: justify;\">Le bronze aux Jeux et \u00ab\u00a0de l\u2019or pour r\u00e9parer\u00a0\u00bb, la fin d\u2019ann\u00e9e de <strong>Flora Vautier<\/strong> a \u00e9t\u00e9 charg\u00e9e. Aux c\u00f4t\u00e9s de 23 athl\u00e8tes paralympiques dont quelques compatriotes, la jeune licenci\u00e9e de l\u2019ASPC N\u00eemes a ainsi particip\u00e9 \u00e0 l\u2019exposition initi\u00e9e par <strong>Julien Ferru<\/strong> et r\u00e9alis\u00e9e par <strong>Yanathan Kellerman<\/strong> avant un repos bien m\u00e9rit\u00e9.<\/p>\n<blockquote class=\"instagram-media\" style=\"background: #FFF; border: 0; border-radius: 3px; box-shadow: 0 0 1px 0 rgba(0,0,0,0.5),0 1px 10px 0 rgba(0,0,0,0.15); margin: 1px; max-width: 540px; min-width: 326px; padding: 0; width: calc(100% - 2px);\" data-instgrm-captioned=\"\" data-instgrm-permalink=\"https:\/\/www.instagram.com\/p\/DAYxpx1o-3I\/?utm_source=ig_embed&amp;utm_campaign=loading\" data-instgrm-version=\"14\">\n<div style=\"padding: 16px;\">\n<p>&nbsp;<\/p>\n<div style=\"display: flex; flex-direction: row; align-items: center;\">\n<div style=\"background-color: #f4f4f4; border-radius: 50%; flex-grow: 0; height: 40px; margin-right: 14px; width: 40px;\"><\/div>\n<div style=\"display: flex; flex-direction: column; flex-grow: 1; justify-content: center;\">\n<div style=\"background-color: #f4f4f4; border-radius: 4px; flex-grow: 0; height: 14px; margin-bottom: 6px; width: 100px;\"><\/div>\n<div style=\"background-color: #f4f4f4; border-radius: 4px; flex-grow: 0; height: 14px; width: 60px;\"><\/div>\n<\/div>\n<\/div>\n<div style=\"padding: 19% 0;\"><\/div>\n<div style=\"display: block; height: 50px; margin: 0 auto 12px; width: 50px;\"><\/div>\n<div style=\"padding-top: 8px;\">\n<div style=\"color: #3897f0; font-family: Arial,sans-serif; font-size: 14px; font-style: normal; font-weight: 550; line-height: 18px;\">Voir cette publication sur Instagram<\/div>\n<\/div>\n<div style=\"padding: 12.5% 0;\"><\/div>\n<div style=\"display: flex; flex-direction: row; margin-bottom: 14px; align-items: center;\">\n<div>\n<div style=\"background-color: #f4f4f4; border-radius: 50%; height: 12.5px; width: 12.5px; transform: translateX(0px) translateY(7px);\"><\/div>\n<div style=\"background-color: #f4f4f4; height: 12.5px; transform: rotate(-45deg) translateX(3px) translateY(1px); width: 12.5px; flex-grow: 0; margin-right: 14px; margin-left: 2px;\"><\/div>\n<div style=\"background-color: #f4f4f4; border-radius: 50%; height: 12.5px; width: 12.5px; transform: translateX(9px) translateY(-18px);\"><\/div>\n<\/div>\n<div style=\"margin-left: 8px;\">\n<div style=\"background-color: #f4f4f4; border-radius: 50%; flex-grow: 0; height: 20px; width: 20px;\"><\/div>\n<div style=\"width: 0; height: 0; border-top: 2px solid transparent; border-left: 6px solid #f4f4f4; border-bottom: 2px solid transparent; transform: translateX(16px) translateY(-4px) rotate(30deg);\"><\/div>\n<\/div>\n<div style=\"margin-left: auto;\">\n<div style=\"width: 0px; border-top: 8px solid #F4F4F4; border-right: 8px solid transparent; transform: translateY(16px);\"><\/div>\n<div style=\"background-color: #f4f4f4; flex-grow: 0; height: 12px; width: 16px; transform: translateY(-4px);\"><\/div>\n<div style=\"width: 0; height: 0; border-top: 8px solid #F4F4F4; border-left: 8px solid transparent; transform: translateY(-4px) translateX(8px);\"><\/div>\n<\/div>\n<\/div>\n<div style=\"display: flex; flex-direction: column; flex-grow: 1; justify-content: center; margin-bottom: 24px;\">\n<div style=\"background-color: #f4f4f4; border-radius: 4px; flex-grow: 0; height: 14px; margin-bottom: 6px; width: 224px;\"><\/div>\n<div style=\"background-color: #f4f4f4; border-radius: 4px; flex-grow: 0; height: 14px; width: 144px;\"><\/div>\n<\/div>\n<p>&nbsp;<\/p>\n<p style=\"color: #c9c8cd; font-family: Arial,sans-serif; font-size: 14px; line-height: 17px; margin-bottom: 0; margin-top: 8px; overflow: hidden; padding: 8px 0 7px; text-align: center; text-overflow: ellipsis; white-space: nowrap;\"><a style=\"color: #c9c8cd; font-family: Arial,sans-serif; font-size: 14px; font-style: normal; font-weight: normal; line-height: 17px; text-decoration: none;\" href=\"https:\/\/www.instagram.com\/p\/DAYxpx1o-3I\/?utm_source=ig_embed&amp;utm_campaign=loading\" target=\"_blank\" rel=\"noopener\">Une publication partag\u00e9e par \u2728f l O R a\u2728 (@flora_vautier)<\/a><\/p>\n<\/div>\n<\/blockquote>\n<p style=\"text-align: justify;\"><script async src=\"\/\/www.instagram.com\/embed.js\"><\/script><\/p>\n<p style=\"text-align: justify;\">Retour \u00e0 la comp\u00e9tition r\u00e9ussi cette semaine en Italie. Premi\u00e8re de son groupe avec deux succ\u00e8s en autant de rencontres dont une folle remont\u00e9e lors de son match d\u2019ouverture, la Fran\u00e7aise d\u00e9roule en quarts. \u00c0 deux points de renverser la n\u00b05 mondiale, elle s\u2019incline finalement en 5 sets lors des demies, mais ouvre son compteur avec une m\u00e9daille de bronze. Associ\u00e9e d\u00e8s le lendemain en double dames et mixte, elle a ajout\u00e9 l&rsquo;argent et l&rsquo;or \u00e0 sa collection italienne.<\/p>\n<div class=\"vlp-link-container vlp-layout-article\"><a href=\"https:\/\/dicodusport.fr\/blog\/para-tennis-de-table-les-bleus-font-le-plein-en-italie-pour-louverture-de-la-saison\/\" class=\"vlp-link\" title=\"Para tennis de table : Les Bleus font le plein en Italie pour l&#039;ouverture de la saison\"><\/a><div class=\"vlp-layout-zone-side\"><div class=\"vlp-block-4 vlp-link-image\"><img loading=\"lazy\" decoding=\"async\" style=\"max-width: 792px;\" width=\"792\" height=\"445\" src=\"https:\/\/dicodusport.fr\/blog\/wp-content\/uploads\/2025\/03\/Para-tennis-de-table-Les-Bleus-font-le-plein-en-Italie-pour-louverture-de-la-saison-1.png\" class=\"attachment-800x445 size-800x445\" alt=\"Para tennis de table Les Bleus font le plein en Italie pour l&#039;ouverture de la saison\" srcset=\"https:\/\/dicodusport.fr\/blog\/wp-content\/uploads\/2025\/03\/Para-tennis-de-table-Les-Bleus-font-le-plein-en-Italie-pour-louverture-de-la-saison-1.png 1200w, https:\/\/dicodusport.fr\/blog\/wp-content\/uploads\/2025\/03\/Para-tennis-de-table-Les-Bleus-font-le-plein-en-Italie-pour-louverture-de-la-saison-1-300x169.png 300w, https:\/\/dicodusport.fr\/blog\/wp-content\/uploads\/2025\/03\/Para-tennis-de-table-Les-Bleus-font-le-plein-en-Italie-pour-louverture-de-la-saison-1-1024x575.png 1024w, https:\/\/dicodusport.fr\/blog\/wp-content\/uploads\/2025\/03\/Para-tennis-de-table-Les-Bleus-font-le-plein-en-Italie-pour-louverture-de-la-saison-1-768x431.png 768w\" sizes=\"auto, (max-width: 792px) 100vw, 792px\" \/><\/div><\/div><div class=\"vlp-layout-zone-main\"><div class=\"vlp-block-0 vlp-link-title\">Para tennis de table : Les Bleus font le plein en Italie pour l'ouverture de la saison<\/div><div class=\"vlp-block-1 vlp-link-summary\">PARA TENNIS DE TABLE - Pour le premier grand rendez-vous international de l\u2019ann\u00e9e, l\u2019\u00e9quipe de France a fait le plein de r\u00e9compenses en Italie. Les Bleus sont repartis hier avec pas moins de 6 m\u00e9dailles, deux de chaque couleur.<\/div><div class=\"vlp-block-2 vlp-link-button\">Lire l'article<\/div><div class=\"vlp-block-3 vlp-link-url\">dicodusport.fr<\/div><\/div><\/div>\n<p style=\"text-align: justify;\">Quelques heures pour savourer et <strong>Flora Vautier<\/strong> enchaine avec le tournoi de Costa Brava d\u00e8s ce mardi 11 mars. Une longue liste de comp\u00e9titions avant d\u2019acter l\u2019ann\u00e9e par les Championnats d\u2019Europe en Su\u00e8de (du 20 au 25 novembre). Pour venir la supporter \u00e0 la maison ainsi que ses partenaires de l\u2019\u00e9quipe de France, rendez-vous fin octobre dans les Yvelines.<\/p>\n","protected":false},"excerpt":{"rendered":"<p>HANDISPORT &#8211; Quelques mois apr\u00e8s leurs performances aux Jeux de Paris 2024, que deviennent nos m\u00e9daill\u00e9s paralympiques ? Voici quelques (bonnes) nouvelles d&rsquo;Aur\u00e9lie Aubert, Charles Noakes et Flora Vautier.<\/p>\n","protected":false},"author":18,"featured_media":562943,"comment_status":"open","ping_status":"closed","sticky":false,"template":"","format":"standard","meta":{"_acf_changed":false,"_daextam_enable_autolinks":"1","footnotes":""},"categories":[5753],"tags":[16878,38065,1265,30147,19133,24],"class_list":["post-562942","post","type-post","status-publish","format-standard","has-post-thumbnail","hentry","category-handisport","tag-breve","tag-charles-noakes","tag-handisport","tag-para-badminton","tag-para-tennis-de-table","tag-sport"],"acf":[],"yoast_head":"<!-- This site is optimized with the Yoast SEO Premium plugin v26.7 (Yoast SEO v26.7) - https:\/\/yoast.com\/wordpress\/plugins\/seo\/ -->\n<title>Aur\u00e9lie Aubert, Charles Noakes, Flora Vautier, que deviennent nos m\u00e9daill\u00e9s paralympiques ?<\/title>\n<meta name=\"description\" content=\"HANDISPORT - Quelques mois apr\u00e8s leurs performances aux Jeux de Paris 2024, que deviennent Aur\u00e9lie Aubert, Charles Noakes et Flora Vautier ?\" \/>\n<meta name=\"robots\" content=\"index, follow, max-snippet:-1, max-image-preview:large, max-video-preview:-1\" \/>\n<link rel=\"canonical\" href=\"https:\/\/dicodusport.fr\/blog\/aurelie-aubert-charles-noakes-flora-vautier-que-deviennent-nos-medailles-paralympiques\/\" \/>\n<meta property=\"og:locale\" content=\"fr_FR\" \/>\n<meta property=\"og:type\" content=\"article\" \/>\n<meta property=\"og:title\" content=\"Aur\u00e9lie Aubert, Charles Noakes, Flora Vautier, que deviennent nos m\u00e9daill\u00e9s paralympiques ?\" \/>\n<meta property=\"og:description\" content=\"HANDISPORT - Quelques mois apr\u00e8s leurs performances aux Jeux de Paris 2024, que deviennent Aur\u00e9lie Aubert, Charles Noakes et Flora Vautier ?\" \/>\n<meta property=\"og:url\" content=\"https:\/\/dicodusport.fr\/blog\/aurelie-aubert-charles-noakes-flora-vautier-que-deviennent-nos-medailles-paralympiques\/\" \/>\n<meta property=\"og:site_name\" content=\"Dicodusport\" \/>\n<meta property=\"article:publisher\" content=\"https:\/\/www.facebook.com\/dicodusport\" \/>\n<meta property=\"article:author\" content=\"https:\/\/www.facebook.com\/soocube\" \/>\n<meta property=\"article:published_time\" content=\"2025-03-10T10:00:50+00:00\" \/>\n<meta property=\"og:image\" content=\"https:\/\/dicodusport.fr\/blog\/wp-content\/uploads\/2025\/03\/Aurelie-Aubert-Charles-Noakes-Flora-Vautier-que-deviennent-nos-medailles-paralympiques.png\" \/>\n\t<meta property=\"og:image:width\" content=\"1200\" \/>\n\t<meta property=\"og:image:height\" content=\"674\" \/>\n\t<meta property=\"og:image:type\" content=\"image\/png\" \/>\n<meta name=\"author\" content=\"Sophie Clapier\" \/>\n<meta name=\"twitter:card\" content=\"summary_large_image\" \/>\n<meta name=\"twitter:title\" content=\"Aur\u00e9lie Aubert, Charles Noakes, Flora Vautier, que deviennent nos m\u00e9daill\u00e9s paralympiques ?\" \/>\n<meta name=\"twitter:creator\" content=\"@https:\/\/twitter.com\/soocube\" \/>\n<meta name=\"twitter:site\" content=\"@dicodusport\" \/>\n<script type=\"application\/ld+json\" class=\"yoast-schema-graph\">{\"@context\":\"https:\/\/schema.org\",\"@graph\":[{\"@type\":\"NewsArticle\",\"@id\":\"https:\/\/dicodusport.fr\/blog\/aurelie-aubert-charles-noakes-flora-vautier-que-deviennent-nos-medailles-paralympiques\/#article\",\"isPartOf\":{\"@id\":\"https:\/\/dicodusport.fr\/blog\/aurelie-aubert-charles-noakes-flora-vautier-que-deviennent-nos-medailles-paralympiques\/\"},\"author\":{\"name\":\"Sophie Clapier\",\"@id\":\"https:\/\/dicodusport.fr\/blog\/#\/schema\/person\/416c975648aca9da8839bdfe333a21c9\"},\"headline\":\"Aur\u00e9lie Aubert, Charles Noakes, Flora Vautier, que deviennent nos m\u00e9daill\u00e9s paralympiques ?\",\"datePublished\":\"2025-03-10T10:00:50+00:00\",\"mainEntityOfPage\":{\"@id\":\"https:\/\/dicodusport.fr\/blog\/aurelie-aubert-charles-noakes-flora-vautier-que-deviennent-nos-medailles-paralympiques\/\"},\"wordCount\":934,\"commentCount\":0,\"publisher\":{\"@id\":\"https:\/\/dicodusport.fr\/blog\/#organization\"},\"image\":{\"@id\":\"https:\/\/dicodusport.fr\/blog\/aurelie-aubert-charles-noakes-flora-vautier-que-deviennent-nos-medailles-paralympiques\/#primaryimage\"},\"thumbnailUrl\":\"https:\/\/dicodusport.fr\/blog\/wp-content\/uploads\/2025\/03\/Aurelie-Aubert-Charles-Noakes-Flora-Vautier-que-deviennent-nos-medailles-paralympiques.png\",\"keywords\":[\"br\u00e8ve\",\"Charles Noakes\",\"handisport\",\"para badminton\",\"Para tennis de table\",\"sport\"],\"articleSection\":[\"Handisport\"],\"inLanguage\":\"fr-FR\",\"potentialAction\":[{\"@type\":\"CommentAction\",\"name\":\"Comment\",\"target\":[\"https:\/\/dicodusport.fr\/blog\/aurelie-aubert-charles-noakes-flora-vautier-que-deviennent-nos-medailles-paralympiques\/#respond\"]}],\"copyrightYear\":\"2025\",\"copyrightHolder\":{\"@id\":\"https:\/\/dicodusport.fr\/blog\/#organization\"}},{\"@type\":\"WebPage\",\"@id\":\"https:\/\/dicodusport.fr\/blog\/aurelie-aubert-charles-noakes-flora-vautier-que-deviennent-nos-medailles-paralympiques\/\",\"url\":\"https:\/\/dicodusport.fr\/blog\/aurelie-aubert-charles-noakes-flora-vautier-que-deviennent-nos-medailles-paralympiques\/\",\"name\":\"Aur\u00e9lie Aubert, Charles Noakes, Flora Vautier, que deviennent nos m\u00e9daill\u00e9s paralympiques ?\",\"isPartOf\":{\"@id\":\"https:\/\/dicodusport.fr\/blog\/#website\"},\"primaryImageOfPage\":{\"@id\":\"https:\/\/dicodusport.fr\/blog\/aurelie-aubert-charles-noakes-flora-vautier-que-deviennent-nos-medailles-paralympiques\/#primaryimage\"},\"image\":{\"@id\":\"https:\/\/dicodusport.fr\/blog\/aurelie-aubert-charles-noakes-flora-vautier-que-deviennent-nos-medailles-paralympiques\/#primaryimage\"},\"thumbnailUrl\":\"https:\/\/dicodusport.fr\/blog\/wp-content\/uploads\/2025\/03\/Aurelie-Aubert-Charles-Noakes-Flora-Vautier-que-deviennent-nos-medailles-paralympiques.png\",\"datePublished\":\"2025-03-10T10:00:50+00:00\",\"description\":\"HANDISPORT - Quelques mois apr\u00e8s leurs performances aux Jeux de Paris 2024, que deviennent Aur\u00e9lie Aubert, Charles Noakes et Flora Vautier ?\",\"breadcrumb\":{\"@id\":\"https:\/\/dicodusport.fr\/blog\/aurelie-aubert-charles-noakes-flora-vautier-que-deviennent-nos-medailles-paralympiques\/#breadcrumb\"},\"inLanguage\":\"fr-FR\",\"potentialAction\":[{\"@type\":\"ReadAction\",\"target\":[\"https:\/\/dicodusport.fr\/blog\/aurelie-aubert-charles-noakes-flora-vautier-que-deviennent-nos-medailles-paralympiques\/\"]}]},{\"@type\":\"ImageObject\",\"inLanguage\":\"fr-FR\",\"@id\":\"https:\/\/dicodusport.fr\/blog\/aurelie-aubert-charles-noakes-flora-vautier-que-deviennent-nos-medailles-paralympiques\/#primaryimage\",\"url\":\"https:\/\/dicodusport.fr\/blog\/wp-content\/uploads\/2025\/03\/Aurelie-Aubert-Charles-Noakes-Flora-Vautier-que-deviennent-nos-medailles-paralympiques.png\",\"contentUrl\":\"https:\/\/dicodusport.fr\/blog\/wp-content\/uploads\/2025\/03\/Aurelie-Aubert-Charles-Noakes-Flora-Vautier-que-deviennent-nos-medailles-paralympiques.png\",\"width\":1200,\"height\":674,\"caption\":\"Aur\u00e9lie Aubert, Charles Noakes, Flora Vautier, que deviennent nos m\u00e9daill\u00e9s paralympiques\"},{\"@type\":\"BreadcrumbList\",\"@id\":\"https:\/\/dicodusport.fr\/blog\/aurelie-aubert-charles-noakes-flora-vautier-que-deviennent-nos-medailles-paralympiques\/#breadcrumb\",\"itemListElement\":[{\"@type\":\"ListItem\",\"position\":1,\"name\":\"Accueil\",\"item\":\"https:\/\/dicodusport.fr\/blog\/\"},{\"@type\":\"ListItem\",\"position\":2,\"name\":\"Aur\u00e9lie Aubert, Charles Noakes, Flora Vautier, que deviennent nos m\u00e9daill\u00e9s paralympiques ?\"}]},{\"@type\":\"WebSite\",\"@id\":\"https:\/\/dicodusport.fr\/blog\/#website\",\"url\":\"https:\/\/dicodusport.fr\/blog\/\",\"name\":\"Dicodusport\",\"description\":\"L&#039;encyclop\u00e9die de l&#039;actualit\u00e9 sportive\",\"publisher\":{\"@id\":\"https:\/\/dicodusport.fr\/blog\/#organization\"},\"potentialAction\":[{\"@type\":\"SearchAction\",\"target\":{\"@type\":\"EntryPoint\",\"urlTemplate\":\"https:\/\/dicodusport.fr\/blog\/?s={search_term_string}\"},\"query-input\":{\"@type\":\"PropertyValueSpecification\",\"valueRequired\":true,\"valueName\":\"search_term_string\"}}],\"inLanguage\":\"fr-FR\"},{\"@type\":\"NewsMediaOrganization\",\"@id\":\"https:\/\/dicodusport.fr\/blog\/#organization\",\"name\":\"Dicodusport\",\"url\":\"https:\/\/dicodusport.fr\/blog\/\",\"logo\":{\"@type\":\"ImageObject\",\"inLanguage\":\"fr-FR\",\"@id\":\"https:\/\/dicodusport.fr\/blog\/#\/schema\/logo\/image\/\",\"url\":\"https:\/\/dicodusport.fr\/blog\/wp-content\/uploads\/2020\/06\/cropped-LOGO-DICODUSPORT-2020-SANS-FOND-SANS-TEXTE.png\",\"contentUrl\":\"https:\/\/dicodusport.fr\/blog\/wp-content\/uploads\/2020\/06\/cropped-LOGO-DICODUSPORT-2020-SANS-FOND-SANS-TEXTE.png\",\"width\":512,\"height\":512,\"caption\":\"Dicodusport\"},\"image\":{\"@id\":\"https:\/\/dicodusport.fr\/blog\/#\/schema\/logo\/image\/\"},\"sameAs\":[\"https:\/\/www.facebook.com\/dicodusport\",\"https:\/\/x.com\/dicodusport\",\"https:\/\/www.instagram.com\/dicodusport\/\",\"https:\/\/www.youtube.com\/channel\/UC7V2KZ5sd3htJivAbA4ZG3w\"],\"description\":\"Dicodusport est l'encyclop\u00e9die de l'actualit\u00e9 sportive.\",\"email\":\"bonjour@dicodusport.fr\",\"legalName\":\"DICODUSPORT\",\"foundingDate\":\"2018-01-14\",\"vatID\":\"FR71834470973\",\"taxID\":\"83447097300043\",\"numberOfEmployees\":{\"@type\":\"QuantitativeValue\",\"minValue\":\"1\",\"maxValue\":\"10\"}},{\"@type\":\"Person\",\"@id\":\"https:\/\/dicodusport.fr\/blog\/#\/schema\/person\/416c975648aca9da8839bdfe333a21c9\",\"name\":\"Sophie Clapier\",\"image\":{\"@type\":\"ImageObject\",\"inLanguage\":\"fr-FR\",\"@id\":\"https:\/\/dicodusport.fr\/blog\/#\/schema\/person\/image\/\",\"url\":\"https:\/\/dicodusport.fr\/blog\/wp-content\/uploads\/2021\/05\/Sophie-Clapier-150x150.jpg\",\"contentUrl\":\"https:\/\/dicodusport.fr\/blog\/wp-content\/uploads\/2021\/05\/Sophie-Clapier-150x150.jpg\",\"caption\":\"Sophie Clapier\"},\"description\":\"Journaliste\/r\u00e9dactrice depuis janvier 2016 - Passionn\u00e9e de sport depuis toujours, j\u2019en ai pratiqu\u00e9 quelques-uns. Judo, football, handball ou encore tennis, je n\u2019ai jamais pu me mettre d\u2019accord sur un en particulier. Mais \u00e7a, c\u2019\u00e9tait avant de d\u00e9couvrir le basket, devenu mon sport de pr\u00e9dilection. Les actions NBA, le All-Star Week-end, la fureur des Game 7 pendant les playoffs ou mieux, lors des Finals, this is why we play. Team Spurs T.P, je m\u2019accroche encore \u00e0 Gregg Popovich (don\u2019t leave !). Team chef Curry, je souhaite qu\u2019il finisse aux Warriors (staaaay !). Non, il n\u2019y a pas qu\u2019eux, des petits nouveaux -et des petites nouvelles \u00e9videmment- arrivent chaque jour dans toutes les disciplines et cr\u00e9ent de nouveaux exploits. Alors pour les grands \u00e9v\u00e9nements et comp\u00e9titions internationales, vive les pulsations 240\/minutes et le d\u00e9fibrillateur pas loin, et allez les Bleu(e)s ! C\u2019est s\u00fbr, j\u2019aurai plus vu ma vie sur un terrain de sport, mais \u00e0 d\u00e9faut d\u2019en faire en haut niveau, je le partage avec vous.\",\"sameAs\":[\"https:\/\/www.facebook.com\/soocube\",\"https:\/\/x.com\/https:\/\/twitter.com\/soocube\",\"admin\"],\"url\":\"https:\/\/dicodusport.fr\/blog\/author\/sophie\/\"}]}<\/script>\n<!-- \/ Yoast SEO Premium plugin. -->","yoast_head_json":{"title":"Aur\u00e9lie Aubert, Charles Noakes, Flora Vautier, que deviennent nos m\u00e9daill\u00e9s paralympiques ?","description":"HANDISPORT - Quelques mois apr\u00e8s leurs performances aux Jeux de Paris 2024, que deviennent Aur\u00e9lie Aubert, Charles Noakes et Flora Vautier ?","robots":{"index":"index","follow":"follow","max-snippet":"max-snippet:-1","max-image-preview":"max-image-preview:large","max-video-preview":"max-video-preview:-1"},"canonical":"https:\/\/dicodusport.fr\/blog\/aurelie-aubert-charles-noakes-flora-vautier-que-deviennent-nos-medailles-paralympiques\/","og_locale":"fr_FR","og_type":"article","og_title":"Aur\u00e9lie Aubert, Charles Noakes, Flora Vautier, que deviennent nos m\u00e9daill\u00e9s paralympiques ?","og_description":"HANDISPORT - Quelques mois apr\u00e8s leurs performances aux Jeux de Paris 2024, que deviennent Aur\u00e9lie Aubert, Charles Noakes et Flora Vautier ?","og_url":"https:\/\/dicodusport.fr\/blog\/aurelie-aubert-charles-noakes-flora-vautier-que-deviennent-nos-medailles-paralympiques\/","og_site_name":"Dicodusport","article_publisher":"https:\/\/www.facebook.com\/dicodusport","article_author":"https:\/\/www.facebook.com\/soocube","article_published_time":"2025-03-10T10:00:50+00:00","og_image":[{"width":1200,"height":674,"url":"https:\/\/dicodusport.fr\/blog\/wp-content\/uploads\/2025\/03\/Aurelie-Aubert-Charles-Noakes-Flora-Vautier-que-deviennent-nos-medailles-paralympiques.png","type":"image\/png"}],"author":"Sophie Clapier","twitter_card":"summary_large_image","twitter_title":"Aur\u00e9lie Aubert, Charles Noakes, Flora Vautier, que deviennent nos m\u00e9daill\u00e9s paralympiques ?","twitter_creator":"@https:\/\/twitter.com\/soocube","twitter_site":"@dicodusport","schema":{"@context":"https:\/\/schema.org","@graph":[{"@type":"NewsArticle","@id":"https:\/\/dicodusport.fr\/blog\/aurelie-aubert-charles-noakes-flora-vautier-que-deviennent-nos-medailles-paralympiques\/#article","isPartOf":{"@id":"https:\/\/dicodusport.fr\/blog\/aurelie-aubert-charles-noakes-flora-vautier-que-deviennent-nos-medailles-paralympiques\/"},"author":{"name":"Sophie Clapier","@id":"https:\/\/dicodusport.fr\/blog\/#\/schema\/person\/416c975648aca9da8839bdfe333a21c9"},"headline":"Aur\u00e9lie Aubert, Charles Noakes, Flora Vautier, que deviennent nos m\u00e9daill\u00e9s paralympiques ?","datePublished":"2025-03-10T10:00:50+00:00","mainEntityOfPage":{"@id":"https:\/\/dicodusport.fr\/blog\/aurelie-aubert-charles-noakes-flora-vautier-que-deviennent-nos-medailles-paralympiques\/"},"wordCount":934,"commentCount":0,"publisher":{"@id":"https:\/\/dicodusport.fr\/blog\/#organization"},"image":{"@id":"https:\/\/dicodusport.fr\/blog\/aurelie-aubert-charles-noakes-flora-vautier-que-deviennent-nos-medailles-paralympiques\/#primaryimage"},"thumbnailUrl":"https:\/\/dicodusport.fr\/blog\/wp-content\/uploads\/2025\/03\/Aurelie-Aubert-Charles-Noakes-Flora-Vautier-que-deviennent-nos-medailles-paralympiques.png","keywords":["br\u00e8ve","Charles Noakes","handisport","para badminton","Para tennis de table","sport"],"articleSection":["Handisport"],"inLanguage":"fr-FR","potentialAction":[{"@type":"CommentAction","name":"Comment","target":["https:\/\/dicodusport.fr\/blog\/aurelie-aubert-charles-noakes-flora-vautier-que-deviennent-nos-medailles-paralympiques\/#respond"]}],"copyrightYear":"2025","copyrightHolder":{"@id":"https:\/\/dicodusport.fr\/blog\/#organization"}},{"@type":"WebPage","@id":"https:\/\/dicodusport.fr\/blog\/aurelie-aubert-charles-noakes-flora-vautier-que-deviennent-nos-medailles-paralympiques\/","url":"https:\/\/dicodusport.fr\/blog\/aurelie-aubert-charles-noakes-flora-vautier-que-deviennent-nos-medailles-paralympiques\/","name":"Aur\u00e9lie Aubert, Charles Noakes, Flora Vautier, que deviennent nos m\u00e9daill\u00e9s paralympiques ?","isPartOf":{"@id":"https:\/\/dicodusport.fr\/blog\/#website"},"primaryImageOfPage":{"@id":"https:\/\/dicodusport.fr\/blog\/aurelie-aubert-charles-noakes-flora-vautier-que-deviennent-nos-medailles-paralympiques\/#primaryimage"},"image":{"@id":"https:\/\/dicodusport.fr\/blog\/aurelie-aubert-charles-noakes-flora-vautier-que-deviennent-nos-medailles-paralympiques\/#primaryimage"},"thumbnailUrl":"https:\/\/dicodusport.fr\/blog\/wp-content\/uploads\/2025\/03\/Aurelie-Aubert-Charles-Noakes-Flora-Vautier-que-deviennent-nos-medailles-paralympiques.png","datePublished":"2025-03-10T10:00:50+00:00","description":"HANDISPORT - Quelques mois apr\u00e8s leurs performances aux Jeux de Paris 2024, que deviennent Aur\u00e9lie Aubert, Charles Noakes et Flora Vautier ?","breadcrumb":{"@id":"https:\/\/dicodusport.fr\/blog\/aurelie-aubert-charles-noakes-flora-vautier-que-deviennent-nos-medailles-paralympiques\/#breadcrumb"},"inLanguage":"fr-FR","potentialAction":[{"@type":"ReadAction","target":["https:\/\/dicodusport.fr\/blog\/aurelie-aubert-charles-noakes-flora-vautier-que-deviennent-nos-medailles-paralympiques\/"]}]},{"@type":"ImageObject","inLanguage":"fr-FR","@id":"https:\/\/dicodusport.fr\/blog\/aurelie-aubert-charles-noakes-flora-vautier-que-deviennent-nos-medailles-paralympiques\/#primaryimage","url":"https:\/\/dicodusport.fr\/blog\/wp-content\/uploads\/2025\/03\/Aurelie-Aubert-Charles-Noakes-Flora-Vautier-que-deviennent-nos-medailles-paralympiques.png","contentUrl":"https:\/\/dicodusport.fr\/blog\/wp-content\/uploads\/2025\/03\/Aurelie-Aubert-Charles-Noakes-Flora-Vautier-que-deviennent-nos-medailles-paralympiques.png","width":1200,"height":674,"caption":"Aur\u00e9lie Aubert, Charles Noakes, Flora Vautier, que deviennent nos m\u00e9daill\u00e9s paralympiques"},{"@type":"BreadcrumbList","@id":"https:\/\/dicodusport.fr\/blog\/aurelie-aubert-charles-noakes-flora-vautier-que-deviennent-nos-medailles-paralympiques\/#breadcrumb","itemListElement":[{"@type":"ListItem","position":1,"name":"Accueil","item":"https:\/\/dicodusport.fr\/blog\/"},{"@type":"ListItem","position":2,"name":"Aur\u00e9lie Aubert, Charles Noakes, Flora Vautier, que deviennent nos m\u00e9daill\u00e9s paralympiques ?"}]},{"@type":"WebSite","@id":"https:\/\/dicodusport.fr\/blog\/#website","url":"https:\/\/dicodusport.fr\/blog\/","name":"Dicodusport","description":"L&#039;encyclop\u00e9die de l&#039;actualit\u00e9 sportive","publisher":{"@id":"https:\/\/dicodusport.fr\/blog\/#organization"},"potentialAction":[{"@type":"SearchAction","target":{"@type":"EntryPoint","urlTemplate":"https:\/\/dicodusport.fr\/blog\/?s={search_term_string}"},"query-input":{"@type":"PropertyValueSpecification","valueRequired":true,"valueName":"search_term_string"}}],"inLanguage":"fr-FR"},{"@type":"NewsMediaOrganization","@id":"https:\/\/dicodusport.fr\/blog\/#organization","name":"Dicodusport","url":"https:\/\/dicodusport.fr\/blog\/","logo":{"@type":"ImageObject","inLanguage":"fr-FR","@id":"https:\/\/dicodusport.fr\/blog\/#\/schema\/logo\/image\/","url":"https:\/\/dicodusport.fr\/blog\/wp-content\/uploads\/2020\/06\/cropped-LOGO-DICODUSPORT-2020-SANS-FOND-SANS-TEXTE.png","contentUrl":"https:\/\/dicodusport.fr\/blog\/wp-content\/uploads\/2020\/06\/cropped-LOGO-DICODUSPORT-2020-SANS-FOND-SANS-TEXTE.png","width":512,"height":512,"caption":"Dicodusport"},"image":{"@id":"https:\/\/dicodusport.fr\/blog\/#\/schema\/logo\/image\/"},"sameAs":["https:\/\/www.facebook.com\/dicodusport","https:\/\/x.com\/dicodusport","https:\/\/www.instagram.com\/dicodusport\/","https:\/\/www.youtube.com\/channel\/UC7V2KZ5sd3htJivAbA4ZG3w"],"description":"Dicodusport est l'encyclop\u00e9die de l'actualit\u00e9 sportive.","email":"bonjour@dicodusport.fr","legalName":"DICODUSPORT","foundingDate":"2018-01-14","vatID":"FR71834470973","taxID":"83447097300043","numberOfEmployees":{"@type":"QuantitativeValue","minValue":"1","maxValue":"10"}},{"@type":"Person","@id":"https:\/\/dicodusport.fr\/blog\/#\/schema\/person\/416c975648aca9da8839bdfe333a21c9","name":"Sophie Clapier","image":{"@type":"ImageObject","inLanguage":"fr-FR","@id":"https:\/\/dicodusport.fr\/blog\/#\/schema\/person\/image\/","url":"https:\/\/dicodusport.fr\/blog\/wp-content\/uploads\/2021\/05\/Sophie-Clapier-150x150.jpg","contentUrl":"https:\/\/dicodusport.fr\/blog\/wp-content\/uploads\/2021\/05\/Sophie-Clapier-150x150.jpg","caption":"Sophie Clapier"},"description":"Journaliste\/r\u00e9dactrice depuis janvier 2016 - Passionn\u00e9e de sport depuis toujours, j\u2019en ai pratiqu\u00e9 quelques-uns. Judo, football, handball ou encore tennis, je n\u2019ai jamais pu me mettre d\u2019accord sur un en particulier. Mais \u00e7a, c\u2019\u00e9tait avant de d\u00e9couvrir le basket, devenu mon sport de pr\u00e9dilection. Les actions NBA, le All-Star Week-end, la fureur des Game 7 pendant les playoffs ou mieux, lors des Finals, this is why we play. Team Spurs T.P, je m\u2019accroche encore \u00e0 Gregg Popovich (don\u2019t leave !). Team chef Curry, je souhaite qu\u2019il finisse aux Warriors (staaaay !). Non, il n\u2019y a pas qu\u2019eux, des petits nouveaux -et des petites nouvelles \u00e9videmment- arrivent chaque jour dans toutes les disciplines et cr\u00e9ent de nouveaux exploits. Alors pour les grands \u00e9v\u00e9nements et comp\u00e9titions internationales, vive les pulsations 240\/minutes et le d\u00e9fibrillateur pas loin, et allez les Bleu(e)s ! C\u2019est s\u00fbr, j\u2019aurai plus vu ma vie sur un terrain de sport, mais \u00e0 d\u00e9faut d\u2019en faire en haut niveau, je le partage avec vous.","sameAs":["https:\/\/www.facebook.com\/soocube","https:\/\/x.com\/https:\/\/twitter.com\/soocube","admin"],"url":"https:\/\/dicodusport.fr\/blog\/author\/sophie\/"}]}},"_links":{"self":[{"href":"https:\/\/dicodusport.fr\/blog\/wp-json\/wp\/v2\/posts\/562942","targetHints":{"allow":["GET"]}}],"collection":[{"href":"https:\/\/dicodusport.fr\/blog\/wp-json\/wp\/v2\/posts"}],"about":[{"href":"https:\/\/dicodusport.fr\/blog\/wp-json\/wp\/v2\/types\/post"}],"author":[{"embeddable":true,"href":"https:\/\/dicodusport.fr\/blog\/wp-json\/wp\/v2\/users\/18"}],"replies":[{"embeddable":true,"href":"https:\/\/dicodusport.fr\/blog\/wp-json\/wp\/v2\/comments?post=562942"}],"version-history":[{"count":3,"href":"https:\/\/dicodusport.fr\/blog\/wp-json\/wp\/v2\/posts\/562942\/revisions"}],"predecessor-version":[{"id":562974,"href":"https:\/\/dicodusport.fr\/blog\/wp-json\/wp\/v2\/posts\/562942\/revisions\/562974"}],"wp:featuredmedia":[{"embeddable":true,"href":"https:\/\/dicodusport.fr\/blog\/wp-json\/wp\/v2\/media\/562943"}],"wp:attachment":[{"href":"https:\/\/dicodusport.fr\/blog\/wp-json\/wp\/v2\/media?parent=562942"}],"wp:term":[{"taxonomy":"category","embeddable":true,"href":"https:\/\/dicodusport.fr\/blog\/wp-json\/wp\/v2\/categories?post=562942"},{"taxonomy":"post_tag","embeddable":true,"href":"https:\/\/dicodusport.fr\/blog\/wp-json\/wp\/v2\/tags?post=562942"}],"curies":[{"name":"wp","href":"https:\/\/api.w.org\/{rel}","templated":true}]}}