{"id":56295,"date":"2020-01-06T10:30:49","date_gmt":"2020-01-06T09:30:49","guid":{"rendered":"http:\/\/dicodusport.fr\/blog\/?p=56295"},"modified":"2020-01-06T11:31:15","modified_gmt":"2020-01-06T10:31:15","slug":"tennis-le-programme-de-la-semaine-cote-francais-1-2","status":"publish","type":"post","link":"https:\/\/dicodusport.fr\/blog\/tennis-le-programme-de-la-semaine-cote-francais-1-2\/","title":{"rendered":"Le programme de la semaine c\u00f4t\u00e9 Fran\u00e7ais"},"content":{"rendered":"<p style=\"text-align: justify;\"><strong><em>Cette semaine, c\u2019est la reprise pour nos joueurs de tennis Fran\u00e7ais. Retrouvez le programme de nos tricolores pour cette rentr\u00e9e 2020.<\/em><\/strong><\/p>\n<h2 style=\"text-align: justify;\">Les tournois des principaux Fran\u00e7ais(es) cette semaine<\/h2>\n<h3 style=\"text-align: justify;\">ATP Cup<\/h3>\n<p style=\"text-align: justify;\">Suite ce lundi de l\u2019ATP Cup, la nouvelle venue sur le circuit ATP. Pour nos Fran\u00e7ais pr\u00e9sents en Australie, il faudra confirmer la premi\u00e8re victoire face au Chili en affrontant respectivement la Serbie puis l\u2019Afrique du Sud, avant de penser aux \u00e9ventuels quarts de finale d\u2019ici \u00e0 mercredi.<\/p>\n<p style=\"text-align: justify;\"><strong>Ga\u00ebl Monfils<\/strong> et <strong>Beno\u00eet Paire<\/strong> devraient \u00eatre une nouvelle fois align\u00e9s en simple face aux Serbes Lajovic et Djokovic (m\u00eame si <strong>Gilles Simon<\/strong> reste disponible en cas de besoins), alors que <strong>Nicolas Mahut<\/strong> et <strong>Edouard Roger-Vasselin<\/strong> tenteront de se remettre dans le droit chemin apr\u00e8s leur d\u00e9faite initiale face au Chili.<\/p>\n<blockquote class=\"twitter-tweet\" data-lang=\"fr\">\n<p dir=\"ltr\" lang=\"fr\">La France remporte sa 1\u00e8re rencontre 2-1 face au Chili \u00e0 l&rsquo;<a href=\"https:\/\/twitter.com\/hashtag\/ATPCup?src=hash&amp;ref_src=twsrc%5Etfw\">#ATPCup<\/a><\/p>\n<p>Monfils &#x1f91c; Garin 63 75<br \/>\nPaire &#x1f91c; Jarry 67 63 63<br \/>\nMahut \/ Roger-Vasselin &#x1f91b; Garin \/ Jarry 75 62 <a href=\"https:\/\/t.co\/el9OCFnR0L\">pic.twitter.com\/el9OCFnR0L<\/a><\/p>\n<p>\u2014 We Are Tennis France (@WeAreTennisFR) <a href=\"https:\/\/twitter.com\/WeAreTennisFR\/status\/1213393598349299712?ref_src=twsrc%5Etfw\">4 janvier 2020<\/a><\/p><\/blockquote>\n<p><script async src=\"https:\/\/platform.twitter.com\/widgets.js\" charset=\"utf-8\"><\/script><\/p>\n<h3 style=\"text-align: justify;\">Doha ATP 250<\/h3>\n<p style=\"text-align: justify;\">C\u2019est l\u2019autre grand rendez-vous de cette semaine de rentr\u00e9e sur la sc\u00e8ne internationale. Et nos tricolores seront pr\u00e9sents en nombre au Qatar pour peaufiner leur pr\u00e9paration hivernale et se tester face aux absents de l\u2019ATP Cup. <strong>Jo-Wilfried Tsonga<\/strong> (t\u00eate de s\u00e9rie num\u00e9ro 3), <strong>Adrian Mannarino<\/strong> (t\u00eate de s\u00e9rie num\u00e9ro 7), <strong>J\u00e9r\u00e9my Chardy<\/strong> et <strong>Pierre-Hugues Herbert<\/strong> tenteront de se rassurer \u00e0 quelques jours de l\u2019Open d\u2019Australie.<\/p>\n<p style=\"text-align: justify;\">Ces tricolores seront accompagn\u00e9s de deux autres Fran\u00e7ais puisque <strong>Corentin Moutet<\/strong> et <strong>Gr\u00e9goire Barrere<\/strong> ont franchi tous les deux avec succ\u00e8s les \u00e9tapes de qualification pour int\u00e9grer le tableau final. De quoi d\u00e9marrer parfaitement cette nouvelle saison.<\/p>\n<h3 style=\"text-align: justify;\">Challenger ATP<\/h3>\n<p style=\"text-align: justify;\">Le circuit Challenger ne sera pas en reste pour cette semaine de reprise et nos Fran\u00e7ais vont \u00eatre nombreux sur les terrains.<\/p>\n<p style=\"text-align: justify;\">En Nouvelle-Cal\u00e9donie, \u00e0 Noum\u00e9a, <strong>Tristan Lamasine<\/strong>, <strong>Constant Lestienne<\/strong>, <strong>Enzo Couacaud<\/strong>, <strong>Hugo Gaston<\/strong>, <strong>Elliot Benchetrit<\/strong>, <strong>Quentin Halys<\/strong> et <strong>Alexandre Muller<\/strong> tenteront eux de lancer de la meilleure des mani\u00e8res possible leur ann\u00e9e 2020.<\/p>\n<p style=\"text-align: justify;\">T\u00eate de s\u00e9rie num\u00e9ro une \u00e0 Bendigo, <strong>Ugo Humbert<\/strong> tentera d\u2019assumer son statut pour remporter un nouveau titre.<\/p>\n<p style=\"text-align: justify;\">Les derniers repr\u00e9sentants tricolores seront eux aux Etats-Unis \u00e0 Ann Arbor. Les Fran\u00e7ais <strong>Rayane Roumane<\/strong>, <strong>Arthur Rinderknech<\/strong> et <strong>Calvin Hemery<\/strong> tenteront de faire bonne figure sur le sol am\u00e9ricain.<\/p>\n<h3 style=\"text-align: justify;\">Auckland WTA<\/h3>\n<p style=\"text-align: justify;\">A quelques jours de l\u2019Open d\u2019Australie, une partie du meilleur du tennis f\u00e9minin s\u2019est donn\u00e9 rendez-vous \u00e0 Auckland. Et dans cette r\u00e9p\u00e9tition g\u00e9n\u00e9rale, deux Fran\u00e7aises vont pouvoir se tester dans des conditions r\u00e9elles\u00a0: <strong>Caroline Garcia<\/strong> (t\u00eate de s\u00e9rie num\u00e9ro 8) et <strong>Aliz\u00e9e Cornet<\/strong>. Un tournoi d\u2019Auckland o\u00f9 Serena Williams fera bien \u00e9videmment une nouvelle fois figure de favorite.<\/p>\n<blockquote class=\"twitter-tweet\" data-lang=\"fr\">\n<p dir=\"ltr\" lang=\"fr\">C\u2019est l\u2019heure de commencer la saison 2020 avec mes nouvelles couleurs <a href=\"https:\/\/twitter.com\/ASICSTennis?ref_src=twsrc%5Etfw\">@ASICSTennis<\/a> !<br \/>\n1e match \u00e0 Auckland <a href=\"https:\/\/twitter.com\/ASB_Classic?ref_src=twsrc%5Etfw\">@ASB_Classic<\/a> demain, lundi \u00e0 15h (3h en &#x1f1eb;&#x1f1f7;)<br \/>\nAllez !!! &#x1f4aa;&#x1f3fb;&#x1f44a;&#x1f3fb;&#x1f3be;&#x1f981;<br \/>\nIt s time to start the 2020 <a href=\"https:\/\/twitter.com\/WTA?ref_src=twsrc%5Etfw\">@WTA<\/a> season with my new <a href=\"https:\/\/twitter.com\/ASICSFrance?ref_src=twsrc%5Etfw\">@ASICSFrance<\/a> color!<br \/>\n1st match tomorrow ! <a href=\"https:\/\/twitter.com\/hashtag\/FlyWithCaro?src=hash&amp;ref_src=twsrc%5Etfw\">#FlyWithCaro<\/a> <a href=\"https:\/\/t.co\/W0LOwhhtih\">pic.twitter.com\/W0LOwhhtih<\/a><\/p>\n<p>\u2014 Caroline Garcia (@CaroGarcia) <a href=\"https:\/\/twitter.com\/CaroGarcia\/status\/1213732001485688833?ref_src=twsrc%5Etfw\">5 janvier 2020<\/a><\/p><\/blockquote>\n<p><script async src=\"https:\/\/platform.twitter.com\/widgets.js\" charset=\"utf-8\"><\/script><\/p>\n<p style=\"text-align: justify;\">Les autres favorites pour le prochain Open d\u2019Australie se donneront rendez-vous \u00e0 Brisbane. Aucune Fran\u00e7aise n\u2019y sera pr\u00e9sente.<\/p>\n<h2 style=\"text-align: justify;\">Le joueur \u00e0 suivre : Ga\u00ebl Monfils<\/h2>\n<p style=\"text-align: justify;\">Bien que l\u2019<strong>ATP Cup<\/strong>, nouvelle comp\u00e9tition sur le circuit international, soit une comp\u00e9tition par \u00e9quipe, c\u2019est bien <strong>Ga\u00ebl Monfils<\/strong> qui d\u00e9tient dans sa raquette le succ\u00e8s potentiel des Fran\u00e7ais dans cette comp\u00e9tition.<\/p>\n<p style=\"text-align: justify;\">Apr\u00e8s un hiver intense en mati\u00e8re de pr\u00e9paration physique notamment, le tricolore esp\u00e8re jouer un r\u00f4le majeur pour le premier tournoi du Grand Chelem de la saison en Australie. Et c\u2019est pourquoi l\u2019<strong>ATP Cup<\/strong> apparait comme un tournoi id\u00e9al pour retrouver un maximum de sensations et se frotter aux meilleurs joueurs mondiaux. Nul doute qu\u2019avec un <strong>Ga\u00ebl Monfils<\/strong> en pleine confiance, c\u2019est toute une \u00e9quipe de France qui pourrait se mettre \u00e0 r\u00eaver d\u2019un beau parcours dans ce tournoi de l\u2019ATP Cup.<\/p>\n<blockquote class=\"twitter-tweet\" data-lang=\"fr\">\n<p dir=\"ltr\" lang=\"en\">STOP IT, GAEL! <a href=\"https:\/\/twitter.com\/Gael_Monfils?ref_src=twsrc%5Etfw\">@Gael_Monfils<\/a> | <a href=\"https:\/\/twitter.com\/hashtag\/ATPCup?src=hash&amp;ref_src=twsrc%5Etfw\">#ATPCup<\/a> <a href=\"https:\/\/t.co\/P20OkBL5cN\">pic.twitter.com\/P20OkBL5cN<\/a><\/p>\n<p>\u2014 ATP Tour (@atptour) <a href=\"https:\/\/twitter.com\/atptour\/status\/1213310278923763712?ref_src=twsrc%5Etfw\">4 janvier 2020<\/a><\/p><\/blockquote>\n<p><script async src=\"https:\/\/platform.twitter.com\/widgets.js\" charset=\"utf-8\"><\/script><\/p>\n<p><strong><em>Bastien Pitte<br \/>\n<a href=\"https:\/\/www.facebook.com\/bastien.pitte\" target=\"_blank\" rel=\"noopener\"><img loading=\"lazy\" decoding=\"async\" class=\"alignnone wp-image-2909\" src=\"http:\/\/dicodusport.fr\/blog\/wp-content\/uploads\/2017\/07\/logo-facebook-150x150.png\" alt=\"\" width=\"39\" height=\"39\" \/><\/a><\/em><\/strong><a href=\"https:\/\/www.linkedin.com\/in\/bastien-pitte\" target=\"_blank\" rel=\"noopener\"><img loading=\"lazy\" decoding=\"async\" class=\"alignnone wp-image-3711\" src=\"http:\/\/dicodusport.fr\/blog\/wp-content\/uploads\/2017\/08\/signature-linkedin-150x150.png\" alt=\"\" width=\"39\" height=\"39\" srcset=\"https:\/\/dicodusport.fr\/blog\/wp-content\/uploads\/2017\/08\/signature-linkedin-150x150.png 150w, https:\/\/dicodusport.fr\/blog\/wp-content\/uploads\/2017\/08\/signature-linkedin.png 295w\" sizes=\"auto, (max-width: 39px) 100vw, 39px\" \/><\/a><\/p>\n","protected":false},"excerpt":{"rendered":"<p>Cette semaine, c\u2019est la reprise pour nos joueurs de Tennis Fran\u00e7ais. Retrouvez le programme de nos tricolores pour cette rentr\u00e9e 2020.<\/p>\n","protected":false},"author":28,"featured_media":56367,"comment_status":"open","ping_status":"closed","sticky":false,"template":"","format":"standard","meta":{"_acf_changed":false,"_daextam_enable_autolinks":"","footnotes":""},"categories":[2302],"tags":[156,6688,6972,5942,2000,4751,2804,136,137],"class_list":["post-56295","post","type-post","status-publish","format-standard","has-post-thumbnail","hentry","category-tennis","tag-atp","tag-atp-cup","tag-auckland","tag-benoit-paire","tag-caroline-garcia","tag-doha","tag-gael-monfils","tag-tennis","tag-wta"],"acf":[],"yoast_head":"<!-- This site is optimized with the Yoast SEO Premium plugin v26.7 (Yoast SEO v26.7) - https:\/\/yoast.com\/wordpress\/plugins\/seo\/ -->\n<title>Le programme de la semaine c\u00f4t\u00e9 Fran\u00e7ais<\/title>\n<meta name=\"description\" content=\"Cette semaine, c\u2019est la reprise pour nos joueurs de Tennis Fran\u00e7ais. Retrouvez le programme de nos tricolores pour cette rentr\u00e9e 2020.\" \/>\n<meta name=\"robots\" content=\"index, follow, max-snippet:-1, max-image-preview:large, max-video-preview:-1\" \/>\n<link rel=\"canonical\" href=\"https:\/\/dicodusport.fr\/blog\/tennis-le-programme-de-la-semaine-cote-francais-1-2\/\" \/>\n<meta property=\"og:locale\" content=\"fr_FR\" \/>\n<meta property=\"og:type\" content=\"article\" \/>\n<meta property=\"og:title\" content=\"Le programme de la semaine c\u00f4t\u00e9 Fran\u00e7ais\" \/>\n<meta property=\"og:description\" content=\"Cette semaine, c\u2019est la reprise pour nos joueurs de Tennis Fran\u00e7ais. Retrouvez le programme de nos tricolores pour cette rentr\u00e9e 2020.\" \/>\n<meta property=\"og:url\" content=\"https:\/\/dicodusport.fr\/blog\/tennis-le-programme-de-la-semaine-cote-francais-1-2\/\" \/>\n<meta property=\"og:site_name\" content=\"Dicodusport\" \/>\n<meta property=\"article:publisher\" content=\"https:\/\/www.facebook.com\/dicodusport\" \/>\n<meta property=\"article:published_time\" content=\"2020-01-06T09:30:49+00:00\" \/>\n<meta property=\"article:modified_time\" content=\"2020-01-06T10:31:15+00:00\" \/>\n<meta property=\"og:image\" content=\"https:\/\/dicodusport.fr\/blog\/wp-content\/uploads\/2020\/01\/Le-programme-de-la-semaine-c\u00f4t\u00e9-Fran\u00e7ais.png\" \/>\n\t<meta property=\"og:image:width\" content=\"800\" \/>\n\t<meta property=\"og:image:height\" content=\"445\" \/>\n\t<meta property=\"og:image:type\" content=\"image\/png\" \/>\n<meta name=\"author\" content=\"Bastien Pitte\" \/>\n<meta name=\"twitter:card\" content=\"summary_large_image\" \/>\n<meta name=\"twitter:title\" content=\"Le programme de la semaine c\u00f4t\u00e9 Fran\u00e7ais\" \/>\n<meta name=\"twitter:creator\" content=\"@dicodusport\" \/>\n<meta name=\"twitter:site\" content=\"@dicodusport\" \/>\n<script type=\"application\/ld+json\" class=\"yoast-schema-graph\">{\"@context\":\"https:\/\/schema.org\",\"@graph\":[{\"@type\":\"NewsArticle\",\"@id\":\"https:\/\/dicodusport.fr\/blog\/tennis-le-programme-de-la-semaine-cote-francais-1-2\/#article\",\"isPartOf\":{\"@id\":\"https:\/\/dicodusport.fr\/blog\/tennis-le-programme-de-la-semaine-cote-francais-1-2\/\"},\"author\":{\"name\":\"Bastien Pitte\",\"@id\":\"https:\/\/dicodusport.fr\/blog\/#\/schema\/person\/0d3ca824646a2d0c77bdd7e45230c071\"},\"headline\":\"Le programme de la semaine c\u00f4t\u00e9 Fran\u00e7ais\",\"datePublished\":\"2020-01-06T09:30:49+00:00\",\"dateModified\":\"2020-01-06T10:31:15+00:00\",\"mainEntityOfPage\":{\"@id\":\"https:\/\/dicodusport.fr\/blog\/tennis-le-programme-de-la-semaine-cote-francais-1-2\/\"},\"wordCount\":756,\"commentCount\":0,\"publisher\":{\"@id\":\"https:\/\/dicodusport.fr\/blog\/#organization\"},\"image\":{\"@id\":\"https:\/\/dicodusport.fr\/blog\/tennis-le-programme-de-la-semaine-cote-francais-1-2\/#primaryimage\"},\"thumbnailUrl\":\"https:\/\/dicodusport.fr\/blog\/wp-content\/uploads\/2020\/01\/Le-programme-de-la-semaine-c\u00f4t\u00e9-Fran\u00e7ais.png\",\"keywords\":[\"ATP\",\"ATP Cup\",\"Auckland\",\"Beno\u00eet Paire\",\"Caroline Garcia\",\"Doha\",\"Ga\u00ebl Monfils\",\"Tennis\",\"wta\"],\"articleSection\":[\"Tennis\"],\"inLanguage\":\"fr-FR\",\"potentialAction\":[{\"@type\":\"CommentAction\",\"name\":\"Comment\",\"target\":[\"https:\/\/dicodusport.fr\/blog\/tennis-le-programme-de-la-semaine-cote-francais-1-2\/#respond\"]}],\"copyrightYear\":\"2020\",\"copyrightHolder\":{\"@id\":\"https:\/\/dicodusport.fr\/blog\/#organization\"}},{\"@type\":\"WebPage\",\"@id\":\"https:\/\/dicodusport.fr\/blog\/tennis-le-programme-de-la-semaine-cote-francais-1-2\/\",\"url\":\"https:\/\/dicodusport.fr\/blog\/tennis-le-programme-de-la-semaine-cote-francais-1-2\/\",\"name\":\"Le programme de la semaine c\u00f4t\u00e9 Fran\u00e7ais\",\"isPartOf\":{\"@id\":\"https:\/\/dicodusport.fr\/blog\/#website\"},\"primaryImageOfPage\":{\"@id\":\"https:\/\/dicodusport.fr\/blog\/tennis-le-programme-de-la-semaine-cote-francais-1-2\/#primaryimage\"},\"image\":{\"@id\":\"https:\/\/dicodusport.fr\/blog\/tennis-le-programme-de-la-semaine-cote-francais-1-2\/#primaryimage\"},\"thumbnailUrl\":\"https:\/\/dicodusport.fr\/blog\/wp-content\/uploads\/2020\/01\/Le-programme-de-la-semaine-c\u00f4t\u00e9-Fran\u00e7ais.png\",\"datePublished\":\"2020-01-06T09:30:49+00:00\",\"dateModified\":\"2020-01-06T10:31:15+00:00\",\"description\":\"Cette semaine, c\u2019est la reprise pour nos joueurs de Tennis Fran\u00e7ais. Retrouvez le programme de nos tricolores pour cette rentr\u00e9e 2020.\",\"breadcrumb\":{\"@id\":\"https:\/\/dicodusport.fr\/blog\/tennis-le-programme-de-la-semaine-cote-francais-1-2\/#breadcrumb\"},\"inLanguage\":\"fr-FR\",\"potentialAction\":[{\"@type\":\"ReadAction\",\"target\":[\"https:\/\/dicodusport.fr\/blog\/tennis-le-programme-de-la-semaine-cote-francais-1-2\/\"]}]},{\"@type\":\"ImageObject\",\"inLanguage\":\"fr-FR\",\"@id\":\"https:\/\/dicodusport.fr\/blog\/tennis-le-programme-de-la-semaine-cote-francais-1-2\/#primaryimage\",\"url\":\"https:\/\/dicodusport.fr\/blog\/wp-content\/uploads\/2020\/01\/Le-programme-de-la-semaine-c\u00f4t\u00e9-Fran\u00e7ais.png\",\"contentUrl\":\"https:\/\/dicodusport.fr\/blog\/wp-content\/uploads\/2020\/01\/Le-programme-de-la-semaine-c\u00f4t\u00e9-Fran\u00e7ais.png\",\"width\":800,\"height\":445,\"caption\":\"Le programme de la semaine c\u00f4t\u00e9 Fran\u00e7ais\"},{\"@type\":\"BreadcrumbList\",\"@id\":\"https:\/\/dicodusport.fr\/blog\/tennis-le-programme-de-la-semaine-cote-francais-1-2\/#breadcrumb\",\"itemListElement\":[{\"@type\":\"ListItem\",\"position\":1,\"name\":\"Accueil\",\"item\":\"https:\/\/dicodusport.fr\/blog\/\"},{\"@type\":\"ListItem\",\"position\":2,\"name\":\"Le programme de la semaine c\u00f4t\u00e9 Fran\u00e7ais\"}]},{\"@type\":\"WebSite\",\"@id\":\"https:\/\/dicodusport.fr\/blog\/#website\",\"url\":\"https:\/\/dicodusport.fr\/blog\/\",\"name\":\"Dicodusport\",\"description\":\"L&#039;encyclop\u00e9die de l&#039;actualit\u00e9 sportive\",\"publisher\":{\"@id\":\"https:\/\/dicodusport.fr\/blog\/#organization\"},\"potentialAction\":[{\"@type\":\"SearchAction\",\"target\":{\"@type\":\"EntryPoint\",\"urlTemplate\":\"https:\/\/dicodusport.fr\/blog\/?s={search_term_string}\"},\"query-input\":{\"@type\":\"PropertyValueSpecification\",\"valueRequired\":true,\"valueName\":\"search_term_string\"}}],\"inLanguage\":\"fr-FR\"},{\"@type\":\"NewsMediaOrganization\",\"@id\":\"https:\/\/dicodusport.fr\/blog\/#organization\",\"name\":\"Dicodusport\",\"url\":\"https:\/\/dicodusport.fr\/blog\/\",\"logo\":{\"@type\":\"ImageObject\",\"inLanguage\":\"fr-FR\",\"@id\":\"https:\/\/dicodusport.fr\/blog\/#\/schema\/logo\/image\/\",\"url\":\"https:\/\/dicodusport.fr\/blog\/wp-content\/uploads\/2020\/06\/cropped-LOGO-DICODUSPORT-2020-SANS-FOND-SANS-TEXTE.png\",\"contentUrl\":\"https:\/\/dicodusport.fr\/blog\/wp-content\/uploads\/2020\/06\/cropped-LOGO-DICODUSPORT-2020-SANS-FOND-SANS-TEXTE.png\",\"width\":512,\"height\":512,\"caption\":\"Dicodusport\"},\"image\":{\"@id\":\"https:\/\/dicodusport.fr\/blog\/#\/schema\/logo\/image\/\"},\"sameAs\":[\"https:\/\/www.facebook.com\/dicodusport\",\"https:\/\/x.com\/dicodusport\",\"https:\/\/www.instagram.com\/dicodusport\/\",\"https:\/\/www.youtube.com\/channel\/UC7V2KZ5sd3htJivAbA4ZG3w\"],\"description\":\"Dicodusport est l'encyclop\u00e9die de l'actualit\u00e9 sportive.\",\"email\":\"bonjour@dicodusport.fr\",\"legalName\":\"DICODUSPORT\",\"foundingDate\":\"2018-01-14\",\"vatID\":\"FR71834470973\",\"taxID\":\"83447097300043\",\"numberOfEmployees\":{\"@type\":\"QuantitativeValue\",\"minValue\":\"1\",\"maxValue\":\"10\"}},{\"@type\":\"Person\",\"@id\":\"https:\/\/dicodusport.fr\/blog\/#\/schema\/person\/0d3ca824646a2d0c77bdd7e45230c071\",\"name\":\"Bastien Pitte\",\"image\":{\"@type\":\"ImageObject\",\"inLanguage\":\"fr-FR\",\"@id\":\"https:\/\/dicodusport.fr\/blog\/#\/schema\/person\/image\/\",\"url\":\"https:\/\/dicodusport.fr\/blog\/wp-content\/uploads\/2020\/06\/cropped-LOGO-DICODUSPORT-2020-SANS-FOND-SANS-TEXTE-150x150.png\",\"contentUrl\":\"https:\/\/dicodusport.fr\/blog\/wp-content\/uploads\/2020\/06\/cropped-LOGO-DICODUSPORT-2020-SANS-FOND-SANS-TEXTE-150x150.png\",\"caption\":\"Bastien Pitte\"},\"url\":\"https:\/\/dicodusport.fr\/blog\/author\/bastien\/\"}]}<\/script>\n<!-- \/ Yoast SEO Premium plugin. -->","yoast_head_json":{"title":"Le programme de la semaine c\u00f4t\u00e9 Fran\u00e7ais","description":"Cette semaine, c\u2019est la reprise pour nos joueurs de Tennis Fran\u00e7ais. Retrouvez le programme de nos tricolores pour cette rentr\u00e9e 2020.","robots":{"index":"index","follow":"follow","max-snippet":"max-snippet:-1","max-image-preview":"max-image-preview:large","max-video-preview":"max-video-preview:-1"},"canonical":"https:\/\/dicodusport.fr\/blog\/tennis-le-programme-de-la-semaine-cote-francais-1-2\/","og_locale":"fr_FR","og_type":"article","og_title":"Le programme de la semaine c\u00f4t\u00e9 Fran\u00e7ais","og_description":"Cette semaine, c\u2019est la reprise pour nos joueurs de Tennis Fran\u00e7ais. Retrouvez le programme de nos tricolores pour cette rentr\u00e9e 2020.","og_url":"https:\/\/dicodusport.fr\/blog\/tennis-le-programme-de-la-semaine-cote-francais-1-2\/","og_site_name":"Dicodusport","article_publisher":"https:\/\/www.facebook.com\/dicodusport","article_published_time":"2020-01-06T09:30:49+00:00","article_modified_time":"2020-01-06T10:31:15+00:00","og_image":[{"width":800,"height":445,"url":"https:\/\/dicodusport.fr\/blog\/wp-content\/uploads\/2020\/01\/Le-programme-de-la-semaine-c\u00f4t\u00e9-Fran\u00e7ais.png","type":"image\/png"}],"author":"Bastien Pitte","twitter_card":"summary_large_image","twitter_title":"Le programme de la semaine c\u00f4t\u00e9 Fran\u00e7ais","twitter_creator":"@dicodusport","twitter_site":"@dicodusport","schema":{"@context":"https:\/\/schema.org","@graph":[{"@type":"NewsArticle","@id":"https:\/\/dicodusport.fr\/blog\/tennis-le-programme-de-la-semaine-cote-francais-1-2\/#article","isPartOf":{"@id":"https:\/\/dicodusport.fr\/blog\/tennis-le-programme-de-la-semaine-cote-francais-1-2\/"},"author":{"name":"Bastien Pitte","@id":"https:\/\/dicodusport.fr\/blog\/#\/schema\/person\/0d3ca824646a2d0c77bdd7e45230c071"},"headline":"Le programme de la semaine c\u00f4t\u00e9 Fran\u00e7ais","datePublished":"2020-01-06T09:30:49+00:00","dateModified":"2020-01-06T10:31:15+00:00","mainEntityOfPage":{"@id":"https:\/\/dicodusport.fr\/blog\/tennis-le-programme-de-la-semaine-cote-francais-1-2\/"},"wordCount":756,"commentCount":0,"publisher":{"@id":"https:\/\/dicodusport.fr\/blog\/#organization"},"image":{"@id":"https:\/\/dicodusport.fr\/blog\/tennis-le-programme-de-la-semaine-cote-francais-1-2\/#primaryimage"},"thumbnailUrl":"https:\/\/dicodusport.fr\/blog\/wp-content\/uploads\/2020\/01\/Le-programme-de-la-semaine-c\u00f4t\u00e9-Fran\u00e7ais.png","keywords":["ATP","ATP Cup","Auckland","Beno\u00eet Paire","Caroline Garcia","Doha","Ga\u00ebl Monfils","Tennis","wta"],"articleSection":["Tennis"],"inLanguage":"fr-FR","potentialAction":[{"@type":"CommentAction","name":"Comment","target":["https:\/\/dicodusport.fr\/blog\/tennis-le-programme-de-la-semaine-cote-francais-1-2\/#respond"]}],"copyrightYear":"2020","copyrightHolder":{"@id":"https:\/\/dicodusport.fr\/blog\/#organization"}},{"@type":"WebPage","@id":"https:\/\/dicodusport.fr\/blog\/tennis-le-programme-de-la-semaine-cote-francais-1-2\/","url":"https:\/\/dicodusport.fr\/blog\/tennis-le-programme-de-la-semaine-cote-francais-1-2\/","name":"Le programme de la semaine c\u00f4t\u00e9 Fran\u00e7ais","isPartOf":{"@id":"https:\/\/dicodusport.fr\/blog\/#website"},"primaryImageOfPage":{"@id":"https:\/\/dicodusport.fr\/blog\/tennis-le-programme-de-la-semaine-cote-francais-1-2\/#primaryimage"},"image":{"@id":"https:\/\/dicodusport.fr\/blog\/tennis-le-programme-de-la-semaine-cote-francais-1-2\/#primaryimage"},"thumbnailUrl":"https:\/\/dicodusport.fr\/blog\/wp-content\/uploads\/2020\/01\/Le-programme-de-la-semaine-c\u00f4t\u00e9-Fran\u00e7ais.png","datePublished":"2020-01-06T09:30:49+00:00","dateModified":"2020-01-06T10:31:15+00:00","description":"Cette semaine, c\u2019est la reprise pour nos joueurs de Tennis Fran\u00e7ais. Retrouvez le programme de nos tricolores pour cette rentr\u00e9e 2020.","breadcrumb":{"@id":"https:\/\/dicodusport.fr\/blog\/tennis-le-programme-de-la-semaine-cote-francais-1-2\/#breadcrumb"},"inLanguage":"fr-FR","potentialAction":[{"@type":"ReadAction","target":["https:\/\/dicodusport.fr\/blog\/tennis-le-programme-de-la-semaine-cote-francais-1-2\/"]}]},{"@type":"ImageObject","inLanguage":"fr-FR","@id":"https:\/\/dicodusport.fr\/blog\/tennis-le-programme-de-la-semaine-cote-francais-1-2\/#primaryimage","url":"https:\/\/dicodusport.fr\/blog\/wp-content\/uploads\/2020\/01\/Le-programme-de-la-semaine-c\u00f4t\u00e9-Fran\u00e7ais.png","contentUrl":"https:\/\/dicodusport.fr\/blog\/wp-content\/uploads\/2020\/01\/Le-programme-de-la-semaine-c\u00f4t\u00e9-Fran\u00e7ais.png","width":800,"height":445,"caption":"Le programme de la semaine c\u00f4t\u00e9 Fran\u00e7ais"},{"@type":"BreadcrumbList","@id":"https:\/\/dicodusport.fr\/blog\/tennis-le-programme-de-la-semaine-cote-francais-1-2\/#breadcrumb","itemListElement":[{"@type":"ListItem","position":1,"name":"Accueil","item":"https:\/\/dicodusport.fr\/blog\/"},{"@type":"ListItem","position":2,"name":"Le programme de la semaine c\u00f4t\u00e9 Fran\u00e7ais"}]},{"@type":"WebSite","@id":"https:\/\/dicodusport.fr\/blog\/#website","url":"https:\/\/dicodusport.fr\/blog\/","name":"Dicodusport","description":"L&#039;encyclop\u00e9die de l&#039;actualit\u00e9 sportive","publisher":{"@id":"https:\/\/dicodusport.fr\/blog\/#organization"},"potentialAction":[{"@type":"SearchAction","target":{"@type":"EntryPoint","urlTemplate":"https:\/\/dicodusport.fr\/blog\/?s={search_term_string}"},"query-input":{"@type":"PropertyValueSpecification","valueRequired":true,"valueName":"search_term_string"}}],"inLanguage":"fr-FR"},{"@type":"NewsMediaOrganization","@id":"https:\/\/dicodusport.fr\/blog\/#organization","name":"Dicodusport","url":"https:\/\/dicodusport.fr\/blog\/","logo":{"@type":"ImageObject","inLanguage":"fr-FR","@id":"https:\/\/dicodusport.fr\/blog\/#\/schema\/logo\/image\/","url":"https:\/\/dicodusport.fr\/blog\/wp-content\/uploads\/2020\/06\/cropped-LOGO-DICODUSPORT-2020-SANS-FOND-SANS-TEXTE.png","contentUrl":"https:\/\/dicodusport.fr\/blog\/wp-content\/uploads\/2020\/06\/cropped-LOGO-DICODUSPORT-2020-SANS-FOND-SANS-TEXTE.png","width":512,"height":512,"caption":"Dicodusport"},"image":{"@id":"https:\/\/dicodusport.fr\/blog\/#\/schema\/logo\/image\/"},"sameAs":["https:\/\/www.facebook.com\/dicodusport","https:\/\/x.com\/dicodusport","https:\/\/www.instagram.com\/dicodusport\/","https:\/\/www.youtube.com\/channel\/UC7V2KZ5sd3htJivAbA4ZG3w"],"description":"Dicodusport est l'encyclop\u00e9die de l'actualit\u00e9 sportive.","email":"bonjour@dicodusport.fr","legalName":"DICODUSPORT","foundingDate":"2018-01-14","vatID":"FR71834470973","taxID":"83447097300043","numberOfEmployees":{"@type":"QuantitativeValue","minValue":"1","maxValue":"10"}},{"@type":"Person","@id":"https:\/\/dicodusport.fr\/blog\/#\/schema\/person\/0d3ca824646a2d0c77bdd7e45230c071","name":"Bastien Pitte","image":{"@type":"ImageObject","inLanguage":"fr-FR","@id":"https:\/\/dicodusport.fr\/blog\/#\/schema\/person\/image\/","url":"https:\/\/dicodusport.fr\/blog\/wp-content\/uploads\/2020\/06\/cropped-LOGO-DICODUSPORT-2020-SANS-FOND-SANS-TEXTE-150x150.png","contentUrl":"https:\/\/dicodusport.fr\/blog\/wp-content\/uploads\/2020\/06\/cropped-LOGO-DICODUSPORT-2020-SANS-FOND-SANS-TEXTE-150x150.png","caption":"Bastien Pitte"},"url":"https:\/\/dicodusport.fr\/blog\/author\/bastien\/"}]}},"_links":{"self":[{"href":"https:\/\/dicodusport.fr\/blog\/wp-json\/wp\/v2\/posts\/56295","targetHints":{"allow":["GET"]}}],"collection":[{"href":"https:\/\/dicodusport.fr\/blog\/wp-json\/wp\/v2\/posts"}],"about":[{"href":"https:\/\/dicodusport.fr\/blog\/wp-json\/wp\/v2\/types\/post"}],"author":[{"embeddable":true,"href":"https:\/\/dicodusport.fr\/blog\/wp-json\/wp\/v2\/users\/28"}],"replies":[{"embeddable":true,"href":"https:\/\/dicodusport.fr\/blog\/wp-json\/wp\/v2\/comments?post=56295"}],"version-history":[{"count":0,"href":"https:\/\/dicodusport.fr\/blog\/wp-json\/wp\/v2\/posts\/56295\/revisions"}],"wp:featuredmedia":[{"embeddable":true,"href":"https:\/\/dicodusport.fr\/blog\/wp-json\/wp\/v2\/media\/56367"}],"wp:attachment":[{"href":"https:\/\/dicodusport.fr\/blog\/wp-json\/wp\/v2\/media?parent=56295"}],"wp:term":[{"taxonomy":"category","embeddable":true,"href":"https:\/\/dicodusport.fr\/blog\/wp-json\/wp\/v2\/categories?post=56295"},{"taxonomy":"post_tag","embeddable":true,"href":"https:\/\/dicodusport.fr\/blog\/wp-json\/wp\/v2\/tags?post=56295"}],"curies":[{"name":"wp","href":"https:\/\/api.w.org\/{rel}","templated":true}]}}