{"id":562960,"date":"2025-03-10T09:36:24","date_gmt":"2025-03-10T08:36:24","guid":{"rendered":"https:\/\/dicodusport.fr\/blog\/?p=562960&#038;preview=true&#038;preview_id=562960"},"modified":"2025-03-10T09:43:14","modified_gmt":"2025-03-10T08:43:14","slug":"transferts-leinster-courtise-en-top-14-rabah-slimani-a-tranche-pour-son-avenir","status":"publish","type":"post","link":"https:\/\/dicodusport.fr\/blog\/transferts-leinster-courtise-en-top-14-rabah-slimani-a-tranche-pour-son-avenir\/","title":{"rendered":"Transferts Leinster : Courtis\u00e9 en Top 14, Rabah Slimani a tranch\u00e9 pour son avenir"},"content":{"rendered":"<h4 style=\"text-align: justify;\"><em>TRANSFERTS RUGBY &#8211; Selon le Midi Olympique, Rabah Slimani (35 ans) va prolonger au Leinster malgr\u00e9 la proposition du Racing 92.<\/em><\/h4>\n<p style=\"text-align: justify;\">Il y a un an, <strong>Rabah<\/strong> <strong>Slimani<\/strong> a surpris tout son monde <a href=\"https:\/\/dicodusport.fr\/blog\/transferts-asm-clermont-rabah-slimani-va-signer-pour-un-cador-europeen\/\"><strong>en s&rsquo;engageant avec la plus c\u00e9l\u00e8bre des provinces irlandaises<\/strong><\/a>, le <strong>Leinster<\/strong>. En fin de contrat avec l&rsquo;ASM Clermont, il pouvait prolonger en Auvergne, et avait m\u00eame une proposition de reconversion au sein du club o\u00f9 il \u00e9voluait depuis 2017.<\/p>\n<h2 style=\"text-align: justify;\">Rabah Slimani prolonge au Leinster<\/h2>\n<p style=\"text-align: justify;\">Depuis son arriv\u00e9e en Irlande, <strong>Rabah<\/strong> <strong>Slimani<\/strong> fait l&rsquo;unanimit\u00e9, \u00e0 la fois gr\u00e2ce \u00e0 ses performances sur le terrain, qui lui ont permis de recevoir une convocation avec le XV de France, mais aussi par son r\u00f4le de grand fr\u00e8re pour les jeunes piliers du <strong>Leinster<\/strong>. En fin de contrat dans quelques mois, le pilier droit de 35 ans a re\u00e7u une offre du <strong>Racing<\/strong> <strong>92<\/strong>.<\/p>\n<p style=\"text-align: justify;\">Le club de <strong>Jacky<\/strong> <strong>Lorenzetti<\/strong> voulait le recruter pour une saison, afin qu&rsquo;il apporte toute son exp\u00e9rience \u00e0 un groupe qui manque de leaders cette saison. Mais <strong>Rabah<\/strong> <strong>Slimani<\/strong> se plait \u00e0 <strong>Dublin,<\/strong> et vient de trouver un accord pour prolonger son contrat d&rsquo;une saison. Le pilier droit international va donc poursuivre l&rsquo;aventure au Leinster, et le Racing 92 va poursuivre sa qu\u00eate d&rsquo;un num\u00e9ro 3.<\/p>\n<h2 style=\"text-align: justify;\">\u00c0 lire aussi<\/h2>\n<div class=\"vlp-link-container vlp-layout-article\"><a href=\"https:\/\/dicodusport.fr\/blog\/transferts-usap-plusieurs-clubs-de-top-14-veulent-signer-sadek-deghmache\/\" class=\"vlp-link\" title=\"Transferts USAP : Plusieurs clubs de Top 14 veulent signer Sadek Deghmache\"><\/a><div class=\"vlp-layout-zone-side\"><div class=\"vlp-block-4 vlp-link-image\"><img loading=\"lazy\" decoding=\"async\" style=\"max-width: 792px;\" width=\"792\" height=\"445\" src=\"https:\/\/dicodusport.fr\/blog\/wp-content\/uploads\/2025\/03\/Transferts-USAP-Plusieurs-clubs-de-Top-14-veulent-signer-Sadek-Deghmache.png\" class=\"attachment-800x445 size-800x445\" alt=\"\" srcset=\"https:\/\/dicodusport.fr\/blog\/wp-content\/uploads\/2025\/03\/Transferts-USAP-Plusieurs-clubs-de-Top-14-veulent-signer-Sadek-Deghmache.png 1200w, https:\/\/dicodusport.fr\/blog\/wp-content\/uploads\/2025\/03\/Transferts-USAP-Plusieurs-clubs-de-Top-14-veulent-signer-Sadek-Deghmache-300x169.png 300w, https:\/\/dicodusport.fr\/blog\/wp-content\/uploads\/2025\/03\/Transferts-USAP-Plusieurs-clubs-de-Top-14-veulent-signer-Sadek-Deghmache-1024x575.png 1024w, https:\/\/dicodusport.fr\/blog\/wp-content\/uploads\/2025\/03\/Transferts-USAP-Plusieurs-clubs-de-Top-14-veulent-signer-Sadek-Deghmache-768x431.png 768w\" sizes=\"auto, (max-width: 792px) 100vw, 792px\" \/><\/div><\/div><div class=\"vlp-layout-zone-main\"><div class=\"vlp-block-0 vlp-link-title\">Transferts USAP : Plusieurs clubs de Top 14 veulent signer Sadek Deghmache<\/div><div class=\"vlp-block-1 vlp-link-summary\">TRANSFERTS RUGBY - Selon le Midi Olympique, plusieurs clubs de Top 14 sont sur le coup pour s'offrir Sadek Deghmache (29 ans, USAP).<\/div><div class=\"vlp-block-2 vlp-link-button\">Lire l'article<\/div><div class=\"vlp-block-3 vlp-link-url\">dicodusport.fr<\/div><\/div><\/div>\n","protected":false},"excerpt":{"rendered":"<p>TRANSFERTS RUGBY &#8211; Selon le Midi Olympique, Rabah Slimani (35 ans) va prolonger au Leinster malgr\u00e9 la proposition du Racing 92.<\/p>\n","protected":false},"author":1,"featured_media":562963,"comment_status":"open","ping_status":"closed","sticky":false,"template":"","format":"standard","meta":{"_acf_changed":false,"_daextam_enable_autolinks":"1","footnotes":""},"categories":[9129],"tags":[32415,16878,7057,13,110,29105],"class_list":["post-562960","post","type-post","status-publish","format-standard","has-post-thumbnail","hentry","category-rugby-a-xv","tag-actu","tag-breve","tag-leinster","tag-rugby","tag-rugby-a-xv","tag-transferts-rugby"],"acf":[],"yoast_head":"<!-- This site is optimized with the Yoast SEO Premium plugin v26.7 (Yoast SEO v26.7) - https:\/\/yoast.com\/wordpress\/plugins\/seo\/ -->\n<title>Transferts Leinster : Courtis\u00e9 en Top 14, Rabah Slimani a tranch\u00e9 pour son avenir<\/title>\n<meta name=\"description\" content=\"TRANSFERTS RUGBY - Selon le Midi Olympique, Rabah Slimani (35 ans) va prolonger au Leinster malgr\u00e9 la proposition du Racing 92.\" \/>\n<meta name=\"robots\" content=\"index, follow, max-snippet:-1, max-image-preview:large, max-video-preview:-1\" \/>\n<link rel=\"canonical\" href=\"https:\/\/dicodusport.fr\/blog\/transferts-leinster-courtise-en-top-14-rabah-slimani-a-tranche-pour-son-avenir\/\" \/>\n<meta property=\"og:locale\" content=\"fr_FR\" \/>\n<meta property=\"og:type\" content=\"article\" \/>\n<meta property=\"og:title\" content=\"Transferts Leinster : Courtis\u00e9 en Top 14, Rabah Slimani a tranch\u00e9 pour son avenir\" \/>\n<meta property=\"og:description\" content=\"TRANSFERTS RUGBY - Selon le Midi Olympique, Rabah Slimani (35 ans) va prolonger au Leinster malgr\u00e9 la proposition du Racing 92.\" \/>\n<meta property=\"og:url\" content=\"https:\/\/dicodusport.fr\/blog\/transferts-leinster-courtise-en-top-14-rabah-slimani-a-tranche-pour-son-avenir\/\" \/>\n<meta property=\"og:site_name\" content=\"Dicodusport\" \/>\n<meta property=\"article:publisher\" content=\"https:\/\/www.facebook.com\/dicodusport\" \/>\n<meta property=\"article:author\" content=\"https:\/\/www.facebook.com\/dicodusport\" \/>\n<meta property=\"article:published_time\" content=\"2025-03-10T08:36:24+00:00\" \/>\n<meta property=\"article:modified_time\" content=\"2025-03-10T08:43:14+00:00\" \/>\n<meta property=\"og:image\" content=\"https:\/\/dicodusport.fr\/blog\/wp-content\/uploads\/2025\/03\/Transferts-Leinster-Courtise-en-Top-14-Rabah-Slimani-a-tranche-pour-son-avenir.png\" \/>\n\t<meta property=\"og:image:width\" content=\"1200\" \/>\n\t<meta property=\"og:image:height\" content=\"674\" \/>\n\t<meta property=\"og:image:type\" content=\"image\/png\" \/>\n<meta name=\"author\" content=\"Nicolas Jacquemard\" \/>\n<meta name=\"twitter:card\" content=\"summary_large_image\" \/>\n<meta name=\"twitter:title\" content=\"Transferts Leinster : Courtis\u00e9 en Top 14, Rabah Slimani a tranch\u00e9 pour son avenir\" \/>\n<meta name=\"twitter:creator\" content=\"@https:\/\/twitter.com\/Nico_Jacquemard\" \/>\n<meta name=\"twitter:site\" content=\"@dicodusport\" \/>\n<script type=\"application\/ld+json\" class=\"yoast-schema-graph\">{\"@context\":\"https:\/\/schema.org\",\"@graph\":[{\"@type\":\"NewsArticle\",\"@id\":\"https:\/\/dicodusport.fr\/blog\/transferts-leinster-courtise-en-top-14-rabah-slimani-a-tranche-pour-son-avenir\/#article\",\"isPartOf\":{\"@id\":\"https:\/\/dicodusport.fr\/blog\/transferts-leinster-courtise-en-top-14-rabah-slimani-a-tranche-pour-son-avenir\/\"},\"author\":{\"name\":\"Nicolas Jacquemard\",\"@id\":\"https:\/\/dicodusport.fr\/blog\/#\/schema\/person\/55dcb50ad410894e431ed812bbb70191\"},\"headline\":\"Transferts Leinster : Courtis\u00e9 en Top 14, Rabah Slimani a tranch\u00e9 pour son avenir\",\"datePublished\":\"2025-03-10T08:36:24+00:00\",\"dateModified\":\"2025-03-10T08:43:14+00:00\",\"mainEntityOfPage\":{\"@id\":\"https:\/\/dicodusport.fr\/blog\/transferts-leinster-courtise-en-top-14-rabah-slimani-a-tranche-pour-son-avenir\/\"},\"wordCount\":307,\"commentCount\":0,\"publisher\":{\"@id\":\"https:\/\/dicodusport.fr\/blog\/#organization\"},\"image\":{\"@id\":\"https:\/\/dicodusport.fr\/blog\/transferts-leinster-courtise-en-top-14-rabah-slimani-a-tranche-pour-son-avenir\/#primaryimage\"},\"thumbnailUrl\":\"https:\/\/dicodusport.fr\/blog\/wp-content\/uploads\/2025\/03\/Transferts-Leinster-Courtise-en-Top-14-Rabah-Slimani-a-tranche-pour-son-avenir.png\",\"keywords\":[\"actu\",\"br\u00e8ve\",\"Leinster\",\"Rugby\",\"Rugby \u00e0 XV\",\"Transferts rugby\"],\"articleSection\":[\"Rugby \u00e0 XV\"],\"inLanguage\":\"fr-FR\",\"potentialAction\":[{\"@type\":\"CommentAction\",\"name\":\"Comment\",\"target\":[\"https:\/\/dicodusport.fr\/blog\/transferts-leinster-courtise-en-top-14-rabah-slimani-a-tranche-pour-son-avenir\/#respond\"]}],\"copyrightYear\":\"2025\",\"copyrightHolder\":{\"@id\":\"https:\/\/dicodusport.fr\/blog\/#organization\"}},{\"@type\":\"WebPage\",\"@id\":\"https:\/\/dicodusport.fr\/blog\/transferts-leinster-courtise-en-top-14-rabah-slimani-a-tranche-pour-son-avenir\/\",\"url\":\"https:\/\/dicodusport.fr\/blog\/transferts-leinster-courtise-en-top-14-rabah-slimani-a-tranche-pour-son-avenir\/\",\"name\":\"Transferts Leinster : Courtis\u00e9 en Top 14, Rabah Slimani a tranch\u00e9 pour son avenir\",\"isPartOf\":{\"@id\":\"https:\/\/dicodusport.fr\/blog\/#website\"},\"primaryImageOfPage\":{\"@id\":\"https:\/\/dicodusport.fr\/blog\/transferts-leinster-courtise-en-top-14-rabah-slimani-a-tranche-pour-son-avenir\/#primaryimage\"},\"image\":{\"@id\":\"https:\/\/dicodusport.fr\/blog\/transferts-leinster-courtise-en-top-14-rabah-slimani-a-tranche-pour-son-avenir\/#primaryimage\"},\"thumbnailUrl\":\"https:\/\/dicodusport.fr\/blog\/wp-content\/uploads\/2025\/03\/Transferts-Leinster-Courtise-en-Top-14-Rabah-Slimani-a-tranche-pour-son-avenir.png\",\"datePublished\":\"2025-03-10T08:36:24+00:00\",\"dateModified\":\"2025-03-10T08:43:14+00:00\",\"description\":\"TRANSFERTS RUGBY - Selon le Midi Olympique, Rabah Slimani (35 ans) va prolonger au Leinster malgr\u00e9 la proposition du Racing 92.\",\"breadcrumb\":{\"@id\":\"https:\/\/dicodusport.fr\/blog\/transferts-leinster-courtise-en-top-14-rabah-slimani-a-tranche-pour-son-avenir\/#breadcrumb\"},\"inLanguage\":\"fr-FR\",\"potentialAction\":[{\"@type\":\"ReadAction\",\"target\":[\"https:\/\/dicodusport.fr\/blog\/transferts-leinster-courtise-en-top-14-rabah-slimani-a-tranche-pour-son-avenir\/\"]}]},{\"@type\":\"ImageObject\",\"inLanguage\":\"fr-FR\",\"@id\":\"https:\/\/dicodusport.fr\/blog\/transferts-leinster-courtise-en-top-14-rabah-slimani-a-tranche-pour-son-avenir\/#primaryimage\",\"url\":\"https:\/\/dicodusport.fr\/blog\/wp-content\/uploads\/2025\/03\/Transferts-Leinster-Courtise-en-Top-14-Rabah-Slimani-a-tranche-pour-son-avenir.png\",\"contentUrl\":\"https:\/\/dicodusport.fr\/blog\/wp-content\/uploads\/2025\/03\/Transferts-Leinster-Courtise-en-Top-14-Rabah-Slimani-a-tranche-pour-son-avenir.png\",\"width\":1200,\"height\":674},{\"@type\":\"BreadcrumbList\",\"@id\":\"https:\/\/dicodusport.fr\/blog\/transferts-leinster-courtise-en-top-14-rabah-slimani-a-tranche-pour-son-avenir\/#breadcrumb\",\"itemListElement\":[{\"@type\":\"ListItem\",\"position\":1,\"name\":\"Accueil\",\"item\":\"https:\/\/dicodusport.fr\/blog\/\"},{\"@type\":\"ListItem\",\"position\":2,\"name\":\"Transferts Leinster : Courtis\u00e9 en Top 14, Rabah Slimani a tranch\u00e9 pour son avenir\"}]},{\"@type\":\"WebSite\",\"@id\":\"https:\/\/dicodusport.fr\/blog\/#website\",\"url\":\"https:\/\/dicodusport.fr\/blog\/\",\"name\":\"Dicodusport\",\"description\":\"L&#039;encyclop\u00e9die de l&#039;actualit\u00e9 sportive\",\"publisher\":{\"@id\":\"https:\/\/dicodusport.fr\/blog\/#organization\"},\"potentialAction\":[{\"@type\":\"SearchAction\",\"target\":{\"@type\":\"EntryPoint\",\"urlTemplate\":\"https:\/\/dicodusport.fr\/blog\/?s={search_term_string}\"},\"query-input\":{\"@type\":\"PropertyValueSpecification\",\"valueRequired\":true,\"valueName\":\"search_term_string\"}}],\"inLanguage\":\"fr-FR\"},{\"@type\":\"NewsMediaOrganization\",\"@id\":\"https:\/\/dicodusport.fr\/blog\/#organization\",\"name\":\"Dicodusport\",\"url\":\"https:\/\/dicodusport.fr\/blog\/\",\"logo\":{\"@type\":\"ImageObject\",\"inLanguage\":\"fr-FR\",\"@id\":\"https:\/\/dicodusport.fr\/blog\/#\/schema\/logo\/image\/\",\"url\":\"https:\/\/dicodusport.fr\/blog\/wp-content\/uploads\/2020\/06\/cropped-LOGO-DICODUSPORT-2020-SANS-FOND-SANS-TEXTE.png\",\"contentUrl\":\"https:\/\/dicodusport.fr\/blog\/wp-content\/uploads\/2020\/06\/cropped-LOGO-DICODUSPORT-2020-SANS-FOND-SANS-TEXTE.png\",\"width\":512,\"height\":512,\"caption\":\"Dicodusport\"},\"image\":{\"@id\":\"https:\/\/dicodusport.fr\/blog\/#\/schema\/logo\/image\/\"},\"sameAs\":[\"https:\/\/www.facebook.com\/dicodusport\",\"https:\/\/x.com\/dicodusport\",\"https:\/\/www.instagram.com\/dicodusport\/\",\"https:\/\/www.youtube.com\/channel\/UC7V2KZ5sd3htJivAbA4ZG3w\"],\"description\":\"Dicodusport est l'encyclop\u00e9die de l'actualit\u00e9 sportive.\",\"email\":\"bonjour@dicodusport.fr\",\"legalName\":\"DICODUSPORT\",\"foundingDate\":\"2018-01-14\",\"vatID\":\"FR71834470973\",\"taxID\":\"83447097300043\",\"numberOfEmployees\":{\"@type\":\"QuantitativeValue\",\"minValue\":\"1\",\"maxValue\":\"10\"}},{\"@type\":\"Person\",\"@id\":\"https:\/\/dicodusport.fr\/blog\/#\/schema\/person\/55dcb50ad410894e431ed812bbb70191\",\"name\":\"Nicolas Jacquemard\",\"image\":{\"@type\":\"ImageObject\",\"inLanguage\":\"fr-FR\",\"@id\":\"https:\/\/dicodusport.fr\/blog\/#\/schema\/person\/image\/\",\"url\":\"https:\/\/dicodusport.fr\/blog\/wp-content\/uploads\/2021\/05\/Nicolas-Jacquemard-150x150.jpeg\",\"contentUrl\":\"https:\/\/dicodusport.fr\/blog\/wp-content\/uploads\/2021\/05\/Nicolas-Jacquemard-150x150.jpeg\",\"caption\":\"Nicolas Jacquemard\"},\"description\":\"Passionn\u00e9 de sport et entrepreneur depuis mes 18 ans, la cr\u00e9ation de Dicodusport m'a sembl\u00e9 \u00e9vidente pour participer \u00e0 la m\u00e9diatisation d'un plus grand nombre de sports. Le chemin est long mais avec une \u00e9quipe des plus motiv\u00e9es et les Jeux Olympiques de Paris 2024 en point de mire, nous y arriverons ! Journaliste dans le monde du sport depuis plus de 5 ans, je traite aussi bien de football, de rugby, de biathlon que de cyclisme.\",\"sameAs\":[\"https:\/\/www.facebook.com\/dicodusport\",\"https:\/\/x.com\/https:\/\/twitter.com\/Nico_Jacquemard\"],\"url\":\"https:\/\/dicodusport.fr\/blog\/author\/dicodusport\/\"}]}<\/script>\n<!-- \/ Yoast SEO Premium plugin. -->","yoast_head_json":{"title":"Transferts Leinster : Courtis\u00e9 en Top 14, Rabah Slimani a tranch\u00e9 pour son avenir","description":"TRANSFERTS RUGBY - Selon le Midi Olympique, Rabah Slimani (35 ans) va prolonger au Leinster malgr\u00e9 la proposition du Racing 92.","robots":{"index":"index","follow":"follow","max-snippet":"max-snippet:-1","max-image-preview":"max-image-preview:large","max-video-preview":"max-video-preview:-1"},"canonical":"https:\/\/dicodusport.fr\/blog\/transferts-leinster-courtise-en-top-14-rabah-slimani-a-tranche-pour-son-avenir\/","og_locale":"fr_FR","og_type":"article","og_title":"Transferts Leinster : Courtis\u00e9 en Top 14, Rabah Slimani a tranch\u00e9 pour son avenir","og_description":"TRANSFERTS RUGBY - Selon le Midi Olympique, Rabah Slimani (35 ans) va prolonger au Leinster malgr\u00e9 la proposition du Racing 92.","og_url":"https:\/\/dicodusport.fr\/blog\/transferts-leinster-courtise-en-top-14-rabah-slimani-a-tranche-pour-son-avenir\/","og_site_name":"Dicodusport","article_publisher":"https:\/\/www.facebook.com\/dicodusport","article_author":"https:\/\/www.facebook.com\/dicodusport","article_published_time":"2025-03-10T08:36:24+00:00","article_modified_time":"2025-03-10T08:43:14+00:00","og_image":[{"width":1200,"height":674,"url":"https:\/\/dicodusport.fr\/blog\/wp-content\/uploads\/2025\/03\/Transferts-Leinster-Courtise-en-Top-14-Rabah-Slimani-a-tranche-pour-son-avenir.png","type":"image\/png"}],"author":"Nicolas Jacquemard","twitter_card":"summary_large_image","twitter_title":"Transferts Leinster : Courtis\u00e9 en Top 14, Rabah Slimani a tranch\u00e9 pour son avenir","twitter_creator":"@https:\/\/twitter.com\/Nico_Jacquemard","twitter_site":"@dicodusport","schema":{"@context":"https:\/\/schema.org","@graph":[{"@type":"NewsArticle","@id":"https:\/\/dicodusport.fr\/blog\/transferts-leinster-courtise-en-top-14-rabah-slimani-a-tranche-pour-son-avenir\/#article","isPartOf":{"@id":"https:\/\/dicodusport.fr\/blog\/transferts-leinster-courtise-en-top-14-rabah-slimani-a-tranche-pour-son-avenir\/"},"author":{"name":"Nicolas Jacquemard","@id":"https:\/\/dicodusport.fr\/blog\/#\/schema\/person\/55dcb50ad410894e431ed812bbb70191"},"headline":"Transferts Leinster : Courtis\u00e9 en Top 14, Rabah Slimani a tranch\u00e9 pour son avenir","datePublished":"2025-03-10T08:36:24+00:00","dateModified":"2025-03-10T08:43:14+00:00","mainEntityOfPage":{"@id":"https:\/\/dicodusport.fr\/blog\/transferts-leinster-courtise-en-top-14-rabah-slimani-a-tranche-pour-son-avenir\/"},"wordCount":307,"commentCount":0,"publisher":{"@id":"https:\/\/dicodusport.fr\/blog\/#organization"},"image":{"@id":"https:\/\/dicodusport.fr\/blog\/transferts-leinster-courtise-en-top-14-rabah-slimani-a-tranche-pour-son-avenir\/#primaryimage"},"thumbnailUrl":"https:\/\/dicodusport.fr\/blog\/wp-content\/uploads\/2025\/03\/Transferts-Leinster-Courtise-en-Top-14-Rabah-Slimani-a-tranche-pour-son-avenir.png","keywords":["actu","br\u00e8ve","Leinster","Rugby","Rugby \u00e0 XV","Transferts rugby"],"articleSection":["Rugby \u00e0 XV"],"inLanguage":"fr-FR","potentialAction":[{"@type":"CommentAction","name":"Comment","target":["https:\/\/dicodusport.fr\/blog\/transferts-leinster-courtise-en-top-14-rabah-slimani-a-tranche-pour-son-avenir\/#respond"]}],"copyrightYear":"2025","copyrightHolder":{"@id":"https:\/\/dicodusport.fr\/blog\/#organization"}},{"@type":"WebPage","@id":"https:\/\/dicodusport.fr\/blog\/transferts-leinster-courtise-en-top-14-rabah-slimani-a-tranche-pour-son-avenir\/","url":"https:\/\/dicodusport.fr\/blog\/transferts-leinster-courtise-en-top-14-rabah-slimani-a-tranche-pour-son-avenir\/","name":"Transferts Leinster : Courtis\u00e9 en Top 14, Rabah Slimani a tranch\u00e9 pour son avenir","isPartOf":{"@id":"https:\/\/dicodusport.fr\/blog\/#website"},"primaryImageOfPage":{"@id":"https:\/\/dicodusport.fr\/blog\/transferts-leinster-courtise-en-top-14-rabah-slimani-a-tranche-pour-son-avenir\/#primaryimage"},"image":{"@id":"https:\/\/dicodusport.fr\/blog\/transferts-leinster-courtise-en-top-14-rabah-slimani-a-tranche-pour-son-avenir\/#primaryimage"},"thumbnailUrl":"https:\/\/dicodusport.fr\/blog\/wp-content\/uploads\/2025\/03\/Transferts-Leinster-Courtise-en-Top-14-Rabah-Slimani-a-tranche-pour-son-avenir.png","datePublished":"2025-03-10T08:36:24+00:00","dateModified":"2025-03-10T08:43:14+00:00","description":"TRANSFERTS RUGBY - Selon le Midi Olympique, Rabah Slimani (35 ans) va prolonger au Leinster malgr\u00e9 la proposition du Racing 92.","breadcrumb":{"@id":"https:\/\/dicodusport.fr\/blog\/transferts-leinster-courtise-en-top-14-rabah-slimani-a-tranche-pour-son-avenir\/#breadcrumb"},"inLanguage":"fr-FR","potentialAction":[{"@type":"ReadAction","target":["https:\/\/dicodusport.fr\/blog\/transferts-leinster-courtise-en-top-14-rabah-slimani-a-tranche-pour-son-avenir\/"]}]},{"@type":"ImageObject","inLanguage":"fr-FR","@id":"https:\/\/dicodusport.fr\/blog\/transferts-leinster-courtise-en-top-14-rabah-slimani-a-tranche-pour-son-avenir\/#primaryimage","url":"https:\/\/dicodusport.fr\/blog\/wp-content\/uploads\/2025\/03\/Transferts-Leinster-Courtise-en-Top-14-Rabah-Slimani-a-tranche-pour-son-avenir.png","contentUrl":"https:\/\/dicodusport.fr\/blog\/wp-content\/uploads\/2025\/03\/Transferts-Leinster-Courtise-en-Top-14-Rabah-Slimani-a-tranche-pour-son-avenir.png","width":1200,"height":674},{"@type":"BreadcrumbList","@id":"https:\/\/dicodusport.fr\/blog\/transferts-leinster-courtise-en-top-14-rabah-slimani-a-tranche-pour-son-avenir\/#breadcrumb","itemListElement":[{"@type":"ListItem","position":1,"name":"Accueil","item":"https:\/\/dicodusport.fr\/blog\/"},{"@type":"ListItem","position":2,"name":"Transferts Leinster : Courtis\u00e9 en Top 14, Rabah Slimani a tranch\u00e9 pour son avenir"}]},{"@type":"WebSite","@id":"https:\/\/dicodusport.fr\/blog\/#website","url":"https:\/\/dicodusport.fr\/blog\/","name":"Dicodusport","description":"L&#039;encyclop\u00e9die de l&#039;actualit\u00e9 sportive","publisher":{"@id":"https:\/\/dicodusport.fr\/blog\/#organization"},"potentialAction":[{"@type":"SearchAction","target":{"@type":"EntryPoint","urlTemplate":"https:\/\/dicodusport.fr\/blog\/?s={search_term_string}"},"query-input":{"@type":"PropertyValueSpecification","valueRequired":true,"valueName":"search_term_string"}}],"inLanguage":"fr-FR"},{"@type":"NewsMediaOrganization","@id":"https:\/\/dicodusport.fr\/blog\/#organization","name":"Dicodusport","url":"https:\/\/dicodusport.fr\/blog\/","logo":{"@type":"ImageObject","inLanguage":"fr-FR","@id":"https:\/\/dicodusport.fr\/blog\/#\/schema\/logo\/image\/","url":"https:\/\/dicodusport.fr\/blog\/wp-content\/uploads\/2020\/06\/cropped-LOGO-DICODUSPORT-2020-SANS-FOND-SANS-TEXTE.png","contentUrl":"https:\/\/dicodusport.fr\/blog\/wp-content\/uploads\/2020\/06\/cropped-LOGO-DICODUSPORT-2020-SANS-FOND-SANS-TEXTE.png","width":512,"height":512,"caption":"Dicodusport"},"image":{"@id":"https:\/\/dicodusport.fr\/blog\/#\/schema\/logo\/image\/"},"sameAs":["https:\/\/www.facebook.com\/dicodusport","https:\/\/x.com\/dicodusport","https:\/\/www.instagram.com\/dicodusport\/","https:\/\/www.youtube.com\/channel\/UC7V2KZ5sd3htJivAbA4ZG3w"],"description":"Dicodusport est l'encyclop\u00e9die de l'actualit\u00e9 sportive.","email":"bonjour@dicodusport.fr","legalName":"DICODUSPORT","foundingDate":"2018-01-14","vatID":"FR71834470973","taxID":"83447097300043","numberOfEmployees":{"@type":"QuantitativeValue","minValue":"1","maxValue":"10"}},{"@type":"Person","@id":"https:\/\/dicodusport.fr\/blog\/#\/schema\/person\/55dcb50ad410894e431ed812bbb70191","name":"Nicolas Jacquemard","image":{"@type":"ImageObject","inLanguage":"fr-FR","@id":"https:\/\/dicodusport.fr\/blog\/#\/schema\/person\/image\/","url":"https:\/\/dicodusport.fr\/blog\/wp-content\/uploads\/2021\/05\/Nicolas-Jacquemard-150x150.jpeg","contentUrl":"https:\/\/dicodusport.fr\/blog\/wp-content\/uploads\/2021\/05\/Nicolas-Jacquemard-150x150.jpeg","caption":"Nicolas Jacquemard"},"description":"Passionn\u00e9 de sport et entrepreneur depuis mes 18 ans, la cr\u00e9ation de Dicodusport m'a sembl\u00e9 \u00e9vidente pour participer \u00e0 la m\u00e9diatisation d'un plus grand nombre de sports. Le chemin est long mais avec une \u00e9quipe des plus motiv\u00e9es et les Jeux Olympiques de Paris 2024 en point de mire, nous y arriverons ! Journaliste dans le monde du sport depuis plus de 5 ans, je traite aussi bien de football, de rugby, de biathlon que de cyclisme.","sameAs":["https:\/\/www.facebook.com\/dicodusport","https:\/\/x.com\/https:\/\/twitter.com\/Nico_Jacquemard"],"url":"https:\/\/dicodusport.fr\/blog\/author\/dicodusport\/"}]}},"_links":{"self":[{"href":"https:\/\/dicodusport.fr\/blog\/wp-json\/wp\/v2\/posts\/562960","targetHints":{"allow":["GET"]}}],"collection":[{"href":"https:\/\/dicodusport.fr\/blog\/wp-json\/wp\/v2\/posts"}],"about":[{"href":"https:\/\/dicodusport.fr\/blog\/wp-json\/wp\/v2\/types\/post"}],"author":[{"embeddable":true,"href":"https:\/\/dicodusport.fr\/blog\/wp-json\/wp\/v2\/users\/1"}],"replies":[{"embeddable":true,"href":"https:\/\/dicodusport.fr\/blog\/wp-json\/wp\/v2\/comments?post=562960"}],"version-history":[{"count":3,"href":"https:\/\/dicodusport.fr\/blog\/wp-json\/wp\/v2\/posts\/562960\/revisions"}],"predecessor-version":[{"id":562968,"href":"https:\/\/dicodusport.fr\/blog\/wp-json\/wp\/v2\/posts\/562960\/revisions\/562968"}],"wp:featuredmedia":[{"embeddable":true,"href":"https:\/\/dicodusport.fr\/blog\/wp-json\/wp\/v2\/media\/562963"}],"wp:attachment":[{"href":"https:\/\/dicodusport.fr\/blog\/wp-json\/wp\/v2\/media?parent=562960"}],"wp:term":[{"taxonomy":"category","embeddable":true,"href":"https:\/\/dicodusport.fr\/blog\/wp-json\/wp\/v2\/categories?post=562960"},{"taxonomy":"post_tag","embeddable":true,"href":"https:\/\/dicodusport.fr\/blog\/wp-json\/wp\/v2\/tags?post=562960"}],"curies":[{"name":"wp","href":"https:\/\/api.w.org\/{rel}","templated":true}]}}