{"id":563013,"date":"2025-03-10T15:53:15","date_gmt":"2025-03-10T14:53:15","guid":{"rendered":"https:\/\/dicodusport.fr\/blog\/?p=563013&#038;preview=true&#038;preview_id=563013"},"modified":"2025-03-10T18:33:41","modified_gmt":"2025-03-10T17:33:41","slug":"tirreno-adriatico-2025-filippo-ganna-remporte-la-premiere-etape","status":"publish","type":"post","link":"https:\/\/dicodusport.fr\/blog\/tirreno-adriatico-2025-filippo-ganna-remporte-la-premiere-etape\/","title":{"rendered":"Tirreno-Adriatico 2025 : Filippo Ganna remporte la premi\u00e8re \u00e9tape"},"content":{"rendered":"<h4 style=\"text-align: justify;\"><em>TIRRENO-ADRIATICO 2025 &#8211; Filippo Ganna (INEOS Grenadiers) s&rsquo;est adjug\u00e9 la premi\u00e8re \u00e9tape de la 60\u00e8me \u00e9dition de Tirreno-Adriatico<\/em><em> \u00e0 Lido di Camaiore, lundi<span class=\"arrivo-value\">.<\/span><\/em><\/h4>\n<ul style=\"text-align: justify;\">\n<li><strong>\u00c0 ce sujet \u2013\u00a0<a href=\"https:\/\/dicodusport.fr\/blog\/tirreno-adriatico-2025-parcours-detaille-et-profil-des-etapes\/\">Tirreno-Adriatico 2025 : Parcours d\u00e9taill\u00e9 et profil des \u00e9tapes<\/a><\/strong><\/li>\n<\/ul>\n<p style=\"text-align: justify;\">L&rsquo;\u00e9preuve italienne a commenc\u00e9 par un contre-la-montre individuel \u00e0 <strong>Lido di Camaiore<\/strong>, en Toscane, sur les bords de la Mer Tyrrh\u00e9nienne, avec un parcours plat et sur de grandes lignes droites. N\u00e9anmoins, il y avait un demi-tour au km 4,8 \u00e0 Viareggio avec le temps interm\u00e9diaire et un virage en S dans le dernier kilom\u00e8tre. En gros, un parcours pour les sp\u00e9cialistes de l&rsquo;effort en solitaire.<\/p>\n<ul style=\"text-align: justify;\">\n<li><strong>\u00c0 ce sujet &#8211; <a href=\"https:\/\/dicodusport.fr\/blog\/tirreno-adriatico-2025-classement-et-resultats-de-la-1ere-etape\/\">Tirreno-Adriatico 2025 \u2013 Classement et R\u00e9sultats de la 1\u00e8re \u00e9tape<\/a><\/strong><\/li>\n<\/ul>\n<p style=\"text-align: justify;\">D&rsquo;abord, le champion d&rsquo;Italie du contre-la-montre <strong>Filippo Ganna<\/strong> (INEOS Grenadiers) a remport\u00e9 son quatri\u00e8me succ\u00e8s sur l&rsquo;\u00e9preuve par \u00e9tapes italienne et le troisi\u00e8me sur le chrono inaugural apr\u00e8s 2022 et 2023. Il a sign\u00e9 un temps de 12 minutes et 17 secondes \u00e0 la vitesse moyenne de 56,125 km\/h.<\/p>\n<blockquote class=\"twitter-tweet\">\n<p dir=\"ltr\" lang=\"it\">247 giorni dopo l&rsquo;ultima vittoria \ud83d\udca5<\/p>\n<p>Filippo Ganna is back: la freccia tricolore vola sulle strade della Versilia\ud83c\uddee\ud83c\uddf9\ud83d\udeb4\u200d\u2642\ufe0f\ud83d\udca8<a href=\"https:\/\/twitter.com\/hashtag\/TirrenoAdriatico?src=hash&amp;ref_src=twsrc%5Etfw\">#TirrenoAdriatico<\/a> <a href=\"https:\/\/twitter.com\/hashtag\/Ciclismo?src=hash&amp;ref_src=twsrc%5Etfw\">#Ciclismo<\/a> <a href=\"https:\/\/twitter.com\/hashtag\/Cycling?src=hash&amp;ref_src=twsrc%5Etfw\">#Cycling<\/a> <a href=\"https:\/\/twitter.com\/hashtag\/Ganna?src=hash&amp;ref_src=twsrc%5Etfw\">#Ganna<\/a> <a href=\"https:\/\/t.co\/133fvcPkv9\">pic.twitter.com\/133fvcPkv9<\/a><\/p>\n<p>\u2014 Eurosport IT (@Eurosport_IT) <a href=\"https:\/\/twitter.com\/Eurosport_IT\/status\/1899115229784535193?ref_src=twsrc%5Etfw\">March 10, 2025<\/a><\/p><\/blockquote>\n<p><script async src=\"https:\/\/platform.twitter.com\/widgets.js\" charset=\"utf-8\"><\/script><\/p>\n<h2>Ayuso meilleur des autres<\/h2>\n<p style=\"text-align: justify;\">Vainqueur de cette premi\u00e8re \u00e9tape l&rsquo;an dernier, <strong>Juan Ayuso<\/strong> (UAE Team Emirates XRG) a termin\u00e9 deuxi\u00e8me \u00e0 23 secondes du rouleur transalpin alors que le coureur espagnol \u00e9tait en t\u00eate au temps interm\u00e9diaire avec 2 secondes d&rsquo;avance sur <strong>Ganna<\/strong>. Mais, le m\u00e9daill\u00e9 d&rsquo;argent olympique du contre-la-montre a acc\u00e9l\u00e9r\u00e9 sur la seconde partie du parcours avec un vent l\u00e9g\u00e8rement favorable.<\/p>\n<p style=\"text-align: justify;\">Longtemps en t\u00eate de ce chrono, <strong>Johan Price-Pejtersen<\/strong> (Alpecin-Deceuninck) a compl\u00e9t\u00e9 le podium du jour \u00e0 28 secondes. <strong>Antonio Tiberi<\/strong> (Bahrain Victorious) est le deuxi\u00e8me coureur pr\u00e9tendant au classement g\u00e9n\u00e9ral avec le quatri\u00e8me temps \u00e0 29 secondes, devant son compatriote <strong>Jonathan Milan<\/strong> (Lidl-Trek), cinqui\u00e8me \u00e0 31 secondes. Ce dernier aura des ambitions pour l&rsquo;\u00e9tape de demain destin\u00e9e aux sprinteurs.<\/p>\n<ul style=\"text-align: justify;\">\n<li><strong>\u00c0 ce sujet &#8211;\u00a0<a href=\"https:\/\/dicodusport.fr\/blog\/classement-general-tirreno-adriatico-2025\/\">Classement g\u00e9n\u00e9ral Tirreno-Adriatico 2025<\/a><\/strong><\/li>\n<\/ul>\n<p style=\"text-align: justify;\">Autre pr\u00e9tendant \u00e0 une bonne place au g\u00e9n\u00e9ral, <strong>Derek Gee<\/strong> (Israel Premier Tech) a fini sixi\u00e8me \u00e0 34 secondes. Enfin, <strong>Kevin Vauquelin<\/strong> (Arkea B&amp;B H\u00f4tels) a r\u00e9alis\u00e9 une bonne op\u00e9ration en terminant dixi\u00e8me \u00e0 41 secondes.<\/p>\n<div class=\"mceTemp\" style=\"text-align: justify;\"><\/div>\n","protected":false},"excerpt":{"rendered":"<p>Filippo Ganna s&rsquo;est adjug\u00e9 la premi\u00e8re \u00e9tape de Tirreno-Adriatico.<\/p>\n","protected":false},"author":48,"featured_media":563112,"comment_status":"open","ping_status":"closed","sticky":false,"template":"","format":"standard","meta":{"_acf_changed":false,"_daextam_enable_autolinks":"1","footnotes":""},"categories":[46994],"tags":[32415,16878,574,14193,7435],"class_list":["post-563013","post","type-post","status-publish","format-standard","has-post-thumbnail","hentry","category-cyclisme-sur-route","tag-actu","tag-breve","tag-cyclisme","tag-filippo-ganna","tag-tirreno-adriatico"],"acf":[],"yoast_head":"<!-- This site is optimized with the Yoast SEO Premium plugin v26.7 (Yoast SEO v26.7) - https:\/\/yoast.com\/wordpress\/plugins\/seo\/ -->\n<title>Tirreno-Adriatico 2025 : Filippo Ganna remporte la premi\u00e8re \u00e9tape<\/title>\n<meta name=\"description\" content=\"TIRRENO-ADRIATICO 2025 - Filippo Ganna (INEOS Grenadiers) s&#039;est adjug\u00e9 la premi\u00e8re \u00e9tape \u00e0 Lido di Camaiore, lundi.\" \/>\n<meta name=\"robots\" content=\"index, follow, max-snippet:-1, max-image-preview:large, max-video-preview:-1\" \/>\n<link rel=\"canonical\" href=\"https:\/\/dicodusport.fr\/blog\/tirreno-adriatico-2025-filippo-ganna-remporte-la-premiere-etape\/\" \/>\n<meta property=\"og:locale\" content=\"fr_FR\" \/>\n<meta property=\"og:type\" content=\"article\" \/>\n<meta property=\"og:title\" content=\"Tirreno-Adriatico 2025 : Filippo Ganna remporte la premi\u00e8re \u00e9tape\" \/>\n<meta property=\"og:description\" content=\"TIRRENO-ADRIATICO 2025 - Filippo Ganna (INEOS Grenadiers) s&#039;est adjug\u00e9 la premi\u00e8re \u00e9tape \u00e0 Lido di Camaiore, lundi.\" \/>\n<meta property=\"og:url\" content=\"https:\/\/dicodusport.fr\/blog\/tirreno-adriatico-2025-filippo-ganna-remporte-la-premiere-etape\/\" \/>\n<meta property=\"og:site_name\" content=\"Dicodusport\" \/>\n<meta property=\"article:publisher\" content=\"https:\/\/www.facebook.com\/dicodusport\" \/>\n<meta property=\"article:author\" content=\"https:\/\/www.facebook.com\/groups\/LesRoisDuPeloton\" \/>\n<meta property=\"article:published_time\" content=\"2025-03-10T14:53:15+00:00\" \/>\n<meta property=\"article:modified_time\" content=\"2025-03-10T17:33:41+00:00\" \/>\n<meta property=\"og:image\" content=\"https:\/\/dicodusport.fr\/blog\/wp-content\/uploads\/2025\/03\/Tirreno-Adriatico-2025-Filippo-Ganna-remporte-la-premiere-etape-1.png\" \/>\n\t<meta property=\"og:image:width\" content=\"1200\" \/>\n\t<meta property=\"og:image:height\" content=\"674\" \/>\n\t<meta property=\"og:image:type\" content=\"image\/png\" \/>\n<meta name=\"author\" content=\"Emilien Descampiaux\" \/>\n<meta name=\"twitter:card\" content=\"summary_large_image\" \/>\n<meta name=\"twitter:title\" content=\"Tirreno-Adriatico 2025 : Filippo Ganna remporte la premi\u00e8re \u00e9tape\" \/>\n<meta name=\"twitter:creator\" content=\"@https:\/\/twitter.com\/LRoisDuPeloton\" \/>\n<meta name=\"twitter:site\" content=\"@dicodusport\" \/>\n<script type=\"application\/ld+json\" class=\"yoast-schema-graph\">{\"@context\":\"https:\/\/schema.org\",\"@graph\":[{\"@type\":\"NewsArticle\",\"@id\":\"https:\/\/dicodusport.fr\/blog\/tirreno-adriatico-2025-filippo-ganna-remporte-la-premiere-etape\/#article\",\"isPartOf\":{\"@id\":\"https:\/\/dicodusport.fr\/blog\/tirreno-adriatico-2025-filippo-ganna-remporte-la-premiere-etape\/\"},\"author\":{\"name\":\"Emilien Descampiaux\",\"@id\":\"https:\/\/dicodusport.fr\/blog\/#\/schema\/person\/6db4bae06b171592211be385b32876a7\"},\"headline\":\"Tirreno-Adriatico 2025 : Filippo Ganna remporte la premi\u00e8re \u00e9tape\",\"datePublished\":\"2025-03-10T14:53:15+00:00\",\"dateModified\":\"2025-03-10T17:33:41+00:00\",\"mainEntityOfPage\":{\"@id\":\"https:\/\/dicodusport.fr\/blog\/tirreno-adriatico-2025-filippo-ganna-remporte-la-premiere-etape\/\"},\"wordCount\":388,\"commentCount\":0,\"publisher\":{\"@id\":\"https:\/\/dicodusport.fr\/blog\/#organization\"},\"image\":{\"@id\":\"https:\/\/dicodusport.fr\/blog\/tirreno-adriatico-2025-filippo-ganna-remporte-la-premiere-etape\/#primaryimage\"},\"thumbnailUrl\":\"https:\/\/dicodusport.fr\/blog\/wp-content\/uploads\/2025\/03\/Tirreno-Adriatico-2025-Filippo-Ganna-remporte-la-premiere-etape-1.png\",\"keywords\":[\"actu\",\"br\u00e8ve\",\"Cyclisme\",\"Filippo Ganna\",\"Tirreno-Adriatico\"],\"articleSection\":[\"Cyclisme sur route\"],\"inLanguage\":\"fr-FR\",\"potentialAction\":[{\"@type\":\"CommentAction\",\"name\":\"Comment\",\"target\":[\"https:\/\/dicodusport.fr\/blog\/tirreno-adriatico-2025-filippo-ganna-remporte-la-premiere-etape\/#respond\"]}],\"copyrightYear\":\"2025\",\"copyrightHolder\":{\"@id\":\"https:\/\/dicodusport.fr\/blog\/#organization\"}},{\"@type\":\"WebPage\",\"@id\":\"https:\/\/dicodusport.fr\/blog\/tirreno-adriatico-2025-filippo-ganna-remporte-la-premiere-etape\/\",\"url\":\"https:\/\/dicodusport.fr\/blog\/tirreno-adriatico-2025-filippo-ganna-remporte-la-premiere-etape\/\",\"name\":\"Tirreno-Adriatico 2025 : Filippo Ganna remporte la premi\u00e8re \u00e9tape\",\"isPartOf\":{\"@id\":\"https:\/\/dicodusport.fr\/blog\/#website\"},\"primaryImageOfPage\":{\"@id\":\"https:\/\/dicodusport.fr\/blog\/tirreno-adriatico-2025-filippo-ganna-remporte-la-premiere-etape\/#primaryimage\"},\"image\":{\"@id\":\"https:\/\/dicodusport.fr\/blog\/tirreno-adriatico-2025-filippo-ganna-remporte-la-premiere-etape\/#primaryimage\"},\"thumbnailUrl\":\"https:\/\/dicodusport.fr\/blog\/wp-content\/uploads\/2025\/03\/Tirreno-Adriatico-2025-Filippo-Ganna-remporte-la-premiere-etape-1.png\",\"datePublished\":\"2025-03-10T14:53:15+00:00\",\"dateModified\":\"2025-03-10T17:33:41+00:00\",\"description\":\"TIRRENO-ADRIATICO 2025 - Filippo Ganna (INEOS Grenadiers) s'est adjug\u00e9 la premi\u00e8re \u00e9tape \u00e0 Lido di Camaiore, lundi.\",\"breadcrumb\":{\"@id\":\"https:\/\/dicodusport.fr\/blog\/tirreno-adriatico-2025-filippo-ganna-remporte-la-premiere-etape\/#breadcrumb\"},\"inLanguage\":\"fr-FR\",\"potentialAction\":[{\"@type\":\"ReadAction\",\"target\":[\"https:\/\/dicodusport.fr\/blog\/tirreno-adriatico-2025-filippo-ganna-remporte-la-premiere-etape\/\"]}]},{\"@type\":\"ImageObject\",\"inLanguage\":\"fr-FR\",\"@id\":\"https:\/\/dicodusport.fr\/blog\/tirreno-adriatico-2025-filippo-ganna-remporte-la-premiere-etape\/#primaryimage\",\"url\":\"https:\/\/dicodusport.fr\/blog\/wp-content\/uploads\/2025\/03\/Tirreno-Adriatico-2025-Filippo-Ganna-remporte-la-premiere-etape-1.png\",\"contentUrl\":\"https:\/\/dicodusport.fr\/blog\/wp-content\/uploads\/2025\/03\/Tirreno-Adriatico-2025-Filippo-Ganna-remporte-la-premiere-etape-1.png\",\"width\":1200,\"height\":674,\"caption\":\"Tirreno-Adriatico 2025 Filippo Ganna remporte la premi\u00e8re \u00e9tape\"},{\"@type\":\"BreadcrumbList\",\"@id\":\"https:\/\/dicodusport.fr\/blog\/tirreno-adriatico-2025-filippo-ganna-remporte-la-premiere-etape\/#breadcrumb\",\"itemListElement\":[{\"@type\":\"ListItem\",\"position\":1,\"name\":\"Accueil\",\"item\":\"https:\/\/dicodusport.fr\/blog\/\"},{\"@type\":\"ListItem\",\"position\":2,\"name\":\"Tirreno-Adriatico 2025 : Filippo Ganna remporte la premi\u00e8re \u00e9tape\"}]},{\"@type\":\"WebSite\",\"@id\":\"https:\/\/dicodusport.fr\/blog\/#website\",\"url\":\"https:\/\/dicodusport.fr\/blog\/\",\"name\":\"Dicodusport\",\"description\":\"L&#039;encyclop\u00e9die de l&#039;actualit\u00e9 sportive\",\"publisher\":{\"@id\":\"https:\/\/dicodusport.fr\/blog\/#organization\"},\"potentialAction\":[{\"@type\":\"SearchAction\",\"target\":{\"@type\":\"EntryPoint\",\"urlTemplate\":\"https:\/\/dicodusport.fr\/blog\/?s={search_term_string}\"},\"query-input\":{\"@type\":\"PropertyValueSpecification\",\"valueRequired\":true,\"valueName\":\"search_term_string\"}}],\"inLanguage\":\"fr-FR\"},{\"@type\":\"NewsMediaOrganization\",\"@id\":\"https:\/\/dicodusport.fr\/blog\/#organization\",\"name\":\"Dicodusport\",\"url\":\"https:\/\/dicodusport.fr\/blog\/\",\"logo\":{\"@type\":\"ImageObject\",\"inLanguage\":\"fr-FR\",\"@id\":\"https:\/\/dicodusport.fr\/blog\/#\/schema\/logo\/image\/\",\"url\":\"https:\/\/dicodusport.fr\/blog\/wp-content\/uploads\/2020\/06\/cropped-LOGO-DICODUSPORT-2020-SANS-FOND-SANS-TEXTE.png\",\"contentUrl\":\"https:\/\/dicodusport.fr\/blog\/wp-content\/uploads\/2020\/06\/cropped-LOGO-DICODUSPORT-2020-SANS-FOND-SANS-TEXTE.png\",\"width\":512,\"height\":512,\"caption\":\"Dicodusport\"},\"image\":{\"@id\":\"https:\/\/dicodusport.fr\/blog\/#\/schema\/logo\/image\/\"},\"sameAs\":[\"https:\/\/www.facebook.com\/dicodusport\",\"https:\/\/x.com\/dicodusport\",\"https:\/\/www.instagram.com\/dicodusport\/\",\"https:\/\/www.youtube.com\/channel\/UC7V2KZ5sd3htJivAbA4ZG3w\"],\"description\":\"Dicodusport est l'encyclop\u00e9die de l'actualit\u00e9 sportive.\",\"email\":\"bonjour@dicodusport.fr\",\"legalName\":\"DICODUSPORT\",\"foundingDate\":\"2018-01-14\",\"vatID\":\"FR71834470973\",\"taxID\":\"83447097300043\",\"numberOfEmployees\":{\"@type\":\"QuantitativeValue\",\"minValue\":\"1\",\"maxValue\":\"10\"}},{\"@type\":\"Person\",\"@id\":\"https:\/\/dicodusport.fr\/blog\/#\/schema\/person\/6db4bae06b171592211be385b32876a7\",\"name\":\"Emilien Descampiaux\",\"image\":{\"@type\":\"ImageObject\",\"inLanguage\":\"fr-FR\",\"@id\":\"https:\/\/dicodusport.fr\/blog\/#\/schema\/person\/image\/\",\"url\":\"https:\/\/dicodusport.fr\/blog\/wp-content\/uploads\/2021\/05\/Emilien-Descampiaux-150x150.jpg\",\"contentUrl\":\"https:\/\/dicodusport.fr\/blog\/wp-content\/uploads\/2021\/05\/Emilien-Descampiaux-150x150.jpg\",\"caption\":\"Emilien Descampiaux\"},\"description\":\"Journaliste\/r\u00e9dacteur depuis 2014 - Fan de la classe de Frank Vandenbroucke, je vis cyclisme (et de ses paysages) depuis plus de 20 ans. Je suis tr\u00e8s impliqu\u00e9 sur mes diff\u00e9rents r\u00e9seaux sociaux pour partager ma passion sur le monde et l'Histoire de la bicyclette avec ma voix sur les images en noir et blanc du succ\u00e8s de Rik Van Steenbergen lors du Ronde sur le V\u00e9lodrome de Gand.\",\"sameAs\":[\"https:\/\/www.facebook.com\/groups\/LesRoisDuPeloton\",\"https:\/\/x.com\/https:\/\/twitter.com\/LRoisDuPeloton\"],\"url\":\"https:\/\/dicodusport.fr\/blog\/author\/emiliend\/\"}]}<\/script>\n<!-- \/ Yoast SEO Premium plugin. -->","yoast_head_json":{"title":"Tirreno-Adriatico 2025 : Filippo Ganna remporte la premi\u00e8re \u00e9tape","description":"TIRRENO-ADRIATICO 2025 - Filippo Ganna (INEOS Grenadiers) s'est adjug\u00e9 la premi\u00e8re \u00e9tape \u00e0 Lido di Camaiore, lundi.","robots":{"index":"index","follow":"follow","max-snippet":"max-snippet:-1","max-image-preview":"max-image-preview:large","max-video-preview":"max-video-preview:-1"},"canonical":"https:\/\/dicodusport.fr\/blog\/tirreno-adriatico-2025-filippo-ganna-remporte-la-premiere-etape\/","og_locale":"fr_FR","og_type":"article","og_title":"Tirreno-Adriatico 2025 : Filippo Ganna remporte la premi\u00e8re \u00e9tape","og_description":"TIRRENO-ADRIATICO 2025 - Filippo Ganna (INEOS Grenadiers) s'est adjug\u00e9 la premi\u00e8re \u00e9tape \u00e0 Lido di Camaiore, lundi.","og_url":"https:\/\/dicodusport.fr\/blog\/tirreno-adriatico-2025-filippo-ganna-remporte-la-premiere-etape\/","og_site_name":"Dicodusport","article_publisher":"https:\/\/www.facebook.com\/dicodusport","article_author":"https:\/\/www.facebook.com\/groups\/LesRoisDuPeloton","article_published_time":"2025-03-10T14:53:15+00:00","article_modified_time":"2025-03-10T17:33:41+00:00","og_image":[{"width":1200,"height":674,"url":"https:\/\/dicodusport.fr\/blog\/wp-content\/uploads\/2025\/03\/Tirreno-Adriatico-2025-Filippo-Ganna-remporte-la-premiere-etape-1.png","type":"image\/png"}],"author":"Emilien Descampiaux","twitter_card":"summary_large_image","twitter_title":"Tirreno-Adriatico 2025 : Filippo Ganna remporte la premi\u00e8re \u00e9tape","twitter_creator":"@https:\/\/twitter.com\/LRoisDuPeloton","twitter_site":"@dicodusport","schema":{"@context":"https:\/\/schema.org","@graph":[{"@type":"NewsArticle","@id":"https:\/\/dicodusport.fr\/blog\/tirreno-adriatico-2025-filippo-ganna-remporte-la-premiere-etape\/#article","isPartOf":{"@id":"https:\/\/dicodusport.fr\/blog\/tirreno-adriatico-2025-filippo-ganna-remporte-la-premiere-etape\/"},"author":{"name":"Emilien Descampiaux","@id":"https:\/\/dicodusport.fr\/blog\/#\/schema\/person\/6db4bae06b171592211be385b32876a7"},"headline":"Tirreno-Adriatico 2025 : Filippo Ganna remporte la premi\u00e8re \u00e9tape","datePublished":"2025-03-10T14:53:15+00:00","dateModified":"2025-03-10T17:33:41+00:00","mainEntityOfPage":{"@id":"https:\/\/dicodusport.fr\/blog\/tirreno-adriatico-2025-filippo-ganna-remporte-la-premiere-etape\/"},"wordCount":388,"commentCount":0,"publisher":{"@id":"https:\/\/dicodusport.fr\/blog\/#organization"},"image":{"@id":"https:\/\/dicodusport.fr\/blog\/tirreno-adriatico-2025-filippo-ganna-remporte-la-premiere-etape\/#primaryimage"},"thumbnailUrl":"https:\/\/dicodusport.fr\/blog\/wp-content\/uploads\/2025\/03\/Tirreno-Adriatico-2025-Filippo-Ganna-remporte-la-premiere-etape-1.png","keywords":["actu","br\u00e8ve","Cyclisme","Filippo Ganna","Tirreno-Adriatico"],"articleSection":["Cyclisme sur route"],"inLanguage":"fr-FR","potentialAction":[{"@type":"CommentAction","name":"Comment","target":["https:\/\/dicodusport.fr\/blog\/tirreno-adriatico-2025-filippo-ganna-remporte-la-premiere-etape\/#respond"]}],"copyrightYear":"2025","copyrightHolder":{"@id":"https:\/\/dicodusport.fr\/blog\/#organization"}},{"@type":"WebPage","@id":"https:\/\/dicodusport.fr\/blog\/tirreno-adriatico-2025-filippo-ganna-remporte-la-premiere-etape\/","url":"https:\/\/dicodusport.fr\/blog\/tirreno-adriatico-2025-filippo-ganna-remporte-la-premiere-etape\/","name":"Tirreno-Adriatico 2025 : Filippo Ganna remporte la premi\u00e8re \u00e9tape","isPartOf":{"@id":"https:\/\/dicodusport.fr\/blog\/#website"},"primaryImageOfPage":{"@id":"https:\/\/dicodusport.fr\/blog\/tirreno-adriatico-2025-filippo-ganna-remporte-la-premiere-etape\/#primaryimage"},"image":{"@id":"https:\/\/dicodusport.fr\/blog\/tirreno-adriatico-2025-filippo-ganna-remporte-la-premiere-etape\/#primaryimage"},"thumbnailUrl":"https:\/\/dicodusport.fr\/blog\/wp-content\/uploads\/2025\/03\/Tirreno-Adriatico-2025-Filippo-Ganna-remporte-la-premiere-etape-1.png","datePublished":"2025-03-10T14:53:15+00:00","dateModified":"2025-03-10T17:33:41+00:00","description":"TIRRENO-ADRIATICO 2025 - Filippo Ganna (INEOS Grenadiers) s'est adjug\u00e9 la premi\u00e8re \u00e9tape \u00e0 Lido di Camaiore, lundi.","breadcrumb":{"@id":"https:\/\/dicodusport.fr\/blog\/tirreno-adriatico-2025-filippo-ganna-remporte-la-premiere-etape\/#breadcrumb"},"inLanguage":"fr-FR","potentialAction":[{"@type":"ReadAction","target":["https:\/\/dicodusport.fr\/blog\/tirreno-adriatico-2025-filippo-ganna-remporte-la-premiere-etape\/"]}]},{"@type":"ImageObject","inLanguage":"fr-FR","@id":"https:\/\/dicodusport.fr\/blog\/tirreno-adriatico-2025-filippo-ganna-remporte-la-premiere-etape\/#primaryimage","url":"https:\/\/dicodusport.fr\/blog\/wp-content\/uploads\/2025\/03\/Tirreno-Adriatico-2025-Filippo-Ganna-remporte-la-premiere-etape-1.png","contentUrl":"https:\/\/dicodusport.fr\/blog\/wp-content\/uploads\/2025\/03\/Tirreno-Adriatico-2025-Filippo-Ganna-remporte-la-premiere-etape-1.png","width":1200,"height":674,"caption":"Tirreno-Adriatico 2025 Filippo Ganna remporte la premi\u00e8re \u00e9tape"},{"@type":"BreadcrumbList","@id":"https:\/\/dicodusport.fr\/blog\/tirreno-adriatico-2025-filippo-ganna-remporte-la-premiere-etape\/#breadcrumb","itemListElement":[{"@type":"ListItem","position":1,"name":"Accueil","item":"https:\/\/dicodusport.fr\/blog\/"},{"@type":"ListItem","position":2,"name":"Tirreno-Adriatico 2025 : Filippo Ganna remporte la premi\u00e8re \u00e9tape"}]},{"@type":"WebSite","@id":"https:\/\/dicodusport.fr\/blog\/#website","url":"https:\/\/dicodusport.fr\/blog\/","name":"Dicodusport","description":"L&#039;encyclop\u00e9die de l&#039;actualit\u00e9 sportive","publisher":{"@id":"https:\/\/dicodusport.fr\/blog\/#organization"},"potentialAction":[{"@type":"SearchAction","target":{"@type":"EntryPoint","urlTemplate":"https:\/\/dicodusport.fr\/blog\/?s={search_term_string}"},"query-input":{"@type":"PropertyValueSpecification","valueRequired":true,"valueName":"search_term_string"}}],"inLanguage":"fr-FR"},{"@type":"NewsMediaOrganization","@id":"https:\/\/dicodusport.fr\/blog\/#organization","name":"Dicodusport","url":"https:\/\/dicodusport.fr\/blog\/","logo":{"@type":"ImageObject","inLanguage":"fr-FR","@id":"https:\/\/dicodusport.fr\/blog\/#\/schema\/logo\/image\/","url":"https:\/\/dicodusport.fr\/blog\/wp-content\/uploads\/2020\/06\/cropped-LOGO-DICODUSPORT-2020-SANS-FOND-SANS-TEXTE.png","contentUrl":"https:\/\/dicodusport.fr\/blog\/wp-content\/uploads\/2020\/06\/cropped-LOGO-DICODUSPORT-2020-SANS-FOND-SANS-TEXTE.png","width":512,"height":512,"caption":"Dicodusport"},"image":{"@id":"https:\/\/dicodusport.fr\/blog\/#\/schema\/logo\/image\/"},"sameAs":["https:\/\/www.facebook.com\/dicodusport","https:\/\/x.com\/dicodusport","https:\/\/www.instagram.com\/dicodusport\/","https:\/\/www.youtube.com\/channel\/UC7V2KZ5sd3htJivAbA4ZG3w"],"description":"Dicodusport est l'encyclop\u00e9die de l'actualit\u00e9 sportive.","email":"bonjour@dicodusport.fr","legalName":"DICODUSPORT","foundingDate":"2018-01-14","vatID":"FR71834470973","taxID":"83447097300043","numberOfEmployees":{"@type":"QuantitativeValue","minValue":"1","maxValue":"10"}},{"@type":"Person","@id":"https:\/\/dicodusport.fr\/blog\/#\/schema\/person\/6db4bae06b171592211be385b32876a7","name":"Emilien Descampiaux","image":{"@type":"ImageObject","inLanguage":"fr-FR","@id":"https:\/\/dicodusport.fr\/blog\/#\/schema\/person\/image\/","url":"https:\/\/dicodusport.fr\/blog\/wp-content\/uploads\/2021\/05\/Emilien-Descampiaux-150x150.jpg","contentUrl":"https:\/\/dicodusport.fr\/blog\/wp-content\/uploads\/2021\/05\/Emilien-Descampiaux-150x150.jpg","caption":"Emilien Descampiaux"},"description":"Journaliste\/r\u00e9dacteur depuis 2014 - Fan de la classe de Frank Vandenbroucke, je vis cyclisme (et de ses paysages) depuis plus de 20 ans. Je suis tr\u00e8s impliqu\u00e9 sur mes diff\u00e9rents r\u00e9seaux sociaux pour partager ma passion sur le monde et l'Histoire de la bicyclette avec ma voix sur les images en noir et blanc du succ\u00e8s de Rik Van Steenbergen lors du Ronde sur le V\u00e9lodrome de Gand.","sameAs":["https:\/\/www.facebook.com\/groups\/LesRoisDuPeloton","https:\/\/x.com\/https:\/\/twitter.com\/LRoisDuPeloton"],"url":"https:\/\/dicodusport.fr\/blog\/author\/emiliend\/"}]}},"_links":{"self":[{"href":"https:\/\/dicodusport.fr\/blog\/wp-json\/wp\/v2\/posts\/563013","targetHints":{"allow":["GET"]}}],"collection":[{"href":"https:\/\/dicodusport.fr\/blog\/wp-json\/wp\/v2\/posts"}],"about":[{"href":"https:\/\/dicodusport.fr\/blog\/wp-json\/wp\/v2\/types\/post"}],"author":[{"embeddable":true,"href":"https:\/\/dicodusport.fr\/blog\/wp-json\/wp\/v2\/users\/48"}],"replies":[{"embeddable":true,"href":"https:\/\/dicodusport.fr\/blog\/wp-json\/wp\/v2\/comments?post=563013"}],"version-history":[{"count":5,"href":"https:\/\/dicodusport.fr\/blog\/wp-json\/wp\/v2\/posts\/563013\/revisions"}],"predecessor-version":[{"id":563113,"href":"https:\/\/dicodusport.fr\/blog\/wp-json\/wp\/v2\/posts\/563013\/revisions\/563113"}],"wp:featuredmedia":[{"embeddable":true,"href":"https:\/\/dicodusport.fr\/blog\/wp-json\/wp\/v2\/media\/563112"}],"wp:attachment":[{"href":"https:\/\/dicodusport.fr\/blog\/wp-json\/wp\/v2\/media?parent=563013"}],"wp:term":[{"taxonomy":"category","embeddable":true,"href":"https:\/\/dicodusport.fr\/blog\/wp-json\/wp\/v2\/categories?post=563013"},{"taxonomy":"post_tag","embeddable":true,"href":"https:\/\/dicodusport.fr\/blog\/wp-json\/wp\/v2\/tags?post=563013"}],"curies":[{"name":"wp","href":"https:\/\/api.w.org\/{rel}","templated":true}]}}