{"id":563157,"date":"2025-03-16T16:07:28","date_gmt":"2025-03-16T15:07:28","guid":{"rendered":"https:\/\/dicodusport.fr\/blog\/?p=563157&#038;preview=true&#038;preview_id=563157"},"modified":"2025-07-09T18:32:51","modified_gmt":"2025-07-09T16:32:51","slug":"biathlon-pokljuka-2025-programme-complet-et-horaires","status":"publish","type":"post","link":"https:\/\/dicodusport.fr\/blog\/biathlon-pokljuka-2025-programme-complet-et-horaires\/","title":{"rendered":"Biathlon Pokljuka 2025 : Programme complet et horaires"},"content":{"rendered":"<h4 style=\"text-align: justify;\"><em>COUPE DU MONDE DE BIATHLON 2024-2025 &#8211; D\u00e9couvrez le programme complet et les horaires de la 8\u00e8me \u00e9tape<\/em><em> de la Coupe du monde de biathlon, qui se d\u00e9roule \u00e0 Pokljuka (Slov\u00e9nie)<\/em><em>, du jeudi 13 au dimanche 16 mars 2025.<\/em><\/h4>\n<ul>\n<li style=\"text-align: justify;\"><strong>\u00c0 ce sujet &#8211; <a href=\"https:\/\/dicodusport.fr\/blog\/biathlon-coupe-du-monde-2024-2025-le-calendrier-complet\/\">Coupe du monde Biathlon 2024-2025 \u2013 Le calendrier complet<\/a><\/strong><\/li>\n<\/ul>\n<p style=\"text-align: justify;\">La <strong>Coupe du monde de biathlon 2024-2025<\/strong> se poursuit \u00e0<strong> Pokljuka<\/strong>, en Slov\u00e9nie. L&rsquo;avant-derni\u00e8re \u00e9tape se d\u00e9roule du jeudi 13 au dimanche 16 mars 2025. Situ\u00e9 dans le parc national du Triglav, dans le nord-ouest du pays, le site slov\u00e8ne se situe \u00e0 1 300 m\u00e8tres d&rsquo;altitude. En raison de la pluie annonc\u00e9e et des temp\u00e9ratures \u00e9lev\u00e9es, l&rsquo;<strong>IBU<\/strong> a d\u00e9cid\u00e9 de modifier le programme initial. Les deux <strong>individuels, en format court<\/strong>, auront lieu jeudi. La journ\u00e9e de vendredi sera vierge de toute course, avant les <strong>mass starts<\/strong> samedi et les <strong>relais mixtes<\/strong> dimanche.<\/p>\n<p style=\"text-align: justify;\">La bataille pour les gros globes va se poursuivre, jeudi et samedi. Chez les dames, <strong>Lou Jeanmonnot<\/strong> a r\u00e9duit l&rsquo;\u00e9cart avec <strong>Franziska Preuss<\/strong> \u00e0 l&rsquo;occasion de <a href=\"https:\/\/dicodusport.fr\/blog\/biathlon-nove-mesto-2025-tous-les-resultats-et-classements\/\">la Coupe du monde de Nesto Mesto<\/a>, en R\u00e9publique Tch\u00e8que. La Fran\u00e7aise n&rsquo;a plus que 36 points de retard, alors qu&rsquo;il reste encore cinq \u00e9preuves individuelles. Chez les hommes, <strong>Johannes Boe<\/strong> a repris le lead pour cinq petits points, devant son compatriote <strong>Sturla Laegreid<\/strong>.<\/p>\n<ul>\n<li style=\"text-align: justify;\"><strong>\u00c0 ce sujet &#8211; <a href=\"https:\/\/dicodusport.fr\/blog\/biathlon-pokljuka-2025-la-selection-francaise\/\">Biathlon Pokljuka 2025 : La s\u00e9lection fran\u00e7aise<\/a><\/strong><\/li>\n<\/ul>\n<div class=\"vlp-link-container vlp-layout-article\"><a href=\"https:\/\/dicodusport.fr\/blog\/biathlon-pokljuka-2025-resultats-et-classements\/\" class=\"vlp-link\" title=\"Biathlon Pokljuka 2025 : R\u00e9sultats et Classements\"><\/a><div class=\"vlp-layout-zone-side\"><div class=\"vlp-block-4 vlp-link-image\"><img loading=\"lazy\" decoding=\"async\" style=\"max-width: 792px;\" width=\"792\" height=\"445\" src=\"https:\/\/dicodusport.fr\/blog\/wp-content\/uploads\/2025\/03\/Biathlon-Pokljuka-2025-Resultats-et-Classements-1.png\" class=\"attachment-800x445 size-800x445\" alt=\"Biathlon Pokljuka 2025 R\u00e9sultats et Classements\" srcset=\"https:\/\/dicodusport.fr\/blog\/wp-content\/uploads\/2025\/03\/Biathlon-Pokljuka-2025-Resultats-et-Classements-1.png 1200w, https:\/\/dicodusport.fr\/blog\/wp-content\/uploads\/2025\/03\/Biathlon-Pokljuka-2025-Resultats-et-Classements-1-300x169.png 300w, https:\/\/dicodusport.fr\/blog\/wp-content\/uploads\/2025\/03\/Biathlon-Pokljuka-2025-Resultats-et-Classements-1-1024x575.png 1024w, https:\/\/dicodusport.fr\/blog\/wp-content\/uploads\/2025\/03\/Biathlon-Pokljuka-2025-Resultats-et-Classements-1-768x431.png 768w\" sizes=\"auto, (max-width: 792px) 100vw, 792px\" \/><\/div><\/div><div class=\"vlp-layout-zone-main\"><div class=\"vlp-block-0 vlp-link-title\">Biathlon Pokljuka 2025 : R\u00e9sultats et Classements<\/div><div class=\"vlp-block-1 vlp-link-summary\">Retrouvez les r\u00e9sultats complets et l'ensemble des classements des \u00e9preuves de la Coupe du monde de biathlon \u00e0 Pokljuka (Slov\u00e9nie).<\/div><div class=\"vlp-block-2 vlp-link-button\">Lire l'article<\/div><div class=\"vlp-block-3 vlp-link-url\">dicodusport.fr<\/div><\/div><\/div>\n<h2 style=\"text-align: justify;\">Biathlon Coupe du monde Pokljuka 2025 &#8211; Programme et horaires des courses<\/h2>\n<p style=\"text-align: justify;\"><span style=\"font-size: 14px;\"><em><strong>Les courses seront retransmises en direct sur La cha\u00eene L&rsquo;\u00c9quipe et Eurosport.<\/strong><\/em><\/span><\/p>\n<h3 style=\"text-align: justify;\">Jeudi 13 mars<\/h3>\n<p style=\"text-align: justify;\"><strong>11H30 : <\/strong>Individuel court femmes &#8211; <strong><b><i><a href=\"https:\/\/dicodusport.fr\/blog\/biathlon-pokljuka-2025-lindividuel-court-pour-julia-simon-le-petit-globe-pour-lou-jeanmonnot\/\">R\u00e9sum\u00e9<\/a> &#8211; <a href=\"https:\/\/dicodusport.fr\/blog\/biathlon-pokljuka-classement-et-resultats-individuel-court-femmes\/\">Classement<\/a><\/i><\/b><\/strong><br \/>\n<strong>15H15 :<\/strong> Individuel court hommes &#8211; <strong><b><i><a href=\"https:\/\/dicodusport.fr\/blog\/biathlon-pokljuka-2025-jakov-fak-cree-la-surprise-du-jour-sur-lindividuel-court\/\">R\u00e9sum\u00e9<\/a> &#8211; <a href=\"https:\/\/dicodusport.fr\/blog\/biathlon-pokljuka-classement-et-resultats-individuel-court-hommes\/\">Classement<\/a><\/i><\/b><\/strong><\/p>\n<h3 style=\"text-align: justify;\">Samedi 15 mars<\/h3>\n<p style=\"text-align: justify;\"><strong>13H35 :<\/strong> Mass start femmes &#8211; <strong><b><i><a href=\"https:\/\/dicodusport.fr\/blog\/biathlon-pokljuka-2025-lou-jeanmonnot-triomphe-sur-la-mass-start-et-met-la-pression-sur-franziska-preuss\/\">R\u00e9sum\u00e9<\/a> &#8211; <a href=\"https:\/\/dicodusport.fr\/blog\/biathlon-pokljuka-classement-et-resultats-mass-start-femmes\/\">Classement<\/a><\/i><\/b><\/strong><br \/>\n<strong>15H45 :<\/strong> Mass start hommes &#8211; <strong><a href=\"https:\/\/dicodusport.fr\/blog\/biathlon-pokljuka-2025-double-francais-sur-la-mass-start-eric-perrot-simpose-devant-quentin-fillon-maillet\/\"><em>R\u00e9sum\u00e9<\/em><\/a><b><i>\u00a0&#8211; <a href=\"https:\/\/dicodusport.fr\/blog\/biathlon-pokljuka-classement-et-resultats-mass-start-hommes\/\">Classement<\/a><\/i><\/b><\/strong><\/p>\n<h3 style=\"text-align: justify;\">Dimanche 16 mars<\/h3>\n<p style=\"text-align: justify;\"><strong>12H05 :<\/strong> Relais mixte simple &#8211; <strong><b><i><a href=\"https:\/\/dicodusport.fr\/blog\/biathlon-pokljuka-2025-la-suisse-soffre-le-relais-mixte-simple-la-france-au-pied-du-podium\/\">R\u00e9sum\u00e9<\/a> &#8211; <a href=\"https:\/\/dicodusport.fr\/blog\/biathlon-pokljuka-classement-et-resultats-relais-mixte-simple\/\">Classement<\/a><\/i><\/b><\/strong><br \/>\n<strong>14H50 :<\/strong> Relais mixte &#8211; <strong><b><i><a href=\"https:\/\/dicodusport.fr\/blog\/biathlon-pokljuka-2025-la-suede-remporte-le-relais-mixte-et-le-petit-globe-la-france-termine-2eme\/\">R\u00e9sum\u00e9<\/a> &#8211; <a title=\"Biathlon Pokljuka \u2013 Classement et r\u00e9sultats Relais mixte\" href=\"https:\/\/dicodusport.fr\/blog\/biathlon-pokljuka-classement-et-resultats-relais-mixte\/\" rel=\"\">Classement<\/a><\/i><\/b><\/strong><\/p>\n<h2 style=\"text-align: justify;\">\u00c0 ce sujet<\/h2>\n<ul>\n<li style=\"text-align: justify;\"><a href=\"https:\/\/dicodusport.fr\/blog\/biathlon-classement-general-femmes-coupe-du-monde-2024-2025\/\"><strong>Biathlon \u2013 Classement g\u00e9n\u00e9ral femmes Coupe du monde 2024-2025<\/strong><\/a><\/li>\n<li style=\"text-align: justify;\"><strong><a href=\"https:\/\/dicodusport.fr\/blog\/biathlon-classement-general-hommes-coupe-du-monde-2024-2025\/\">Biathlon \u2013 Classement g\u00e9n\u00e9ral hommes Coupe du monde 2024-2025<\/a>\u00a0<\/strong><\/li>\n<\/ul>\n","protected":false},"excerpt":{"rendered":"<p>D\u00e9couvrez le programme complet et les horaires de la 8\u00e8me \u00e9tape de la Coupe du monde de biathlon, qui se d\u00e9roule \u00e0 Pokljuka (Slov\u00e9nie).<\/p>\n","protected":false},"author":4,"featured_media":564531,"comment_status":"open","ping_status":"closed","sticky":false,"template":"","format":"standard","meta":{"_acf_changed":false,"_daextam_enable_autolinks":"1","footnotes":""},"categories":[47040],"tags":[2427,16878],"class_list":["post-563157","post","type-post","status-publish","format-standard","has-post-thumbnail","hentry","category-coupe-du-monde-de-biathlon","tag-biathlon","tag-breve"],"acf":[],"yoast_head":"<!-- This site is optimized with the Yoast SEO Premium plugin v26.7 (Yoast SEO v26.7) - https:\/\/yoast.com\/wordpress\/plugins\/seo\/ -->\n<title>Biathlon Pokljuka 2025 : Programme complet et horaires<\/title>\n<meta name=\"description\" content=\"D\u00e9couvrez le programme complet et les horaires de la 8\u00e8me \u00e9tape de la Coupe du monde de biathlon, qui se d\u00e9roule \u00e0 Pokljuka (Slov\u00e9nie).\" \/>\n<meta name=\"robots\" content=\"index, follow, max-snippet:-1, max-image-preview:large, max-video-preview:-1\" \/>\n<link rel=\"canonical\" href=\"https:\/\/dicodusport.fr\/blog\/biathlon-pokljuka-2025-programme-complet-et-horaires\/\" \/>\n<meta property=\"og:locale\" content=\"fr_FR\" \/>\n<meta property=\"og:type\" content=\"article\" \/>\n<meta property=\"og:title\" content=\"Biathlon Pokljuka 2025 : Programme complet et horaires\" \/>\n<meta property=\"og:description\" content=\"D\u00e9couvrez le programme complet et les horaires de la 8\u00e8me \u00e9tape de la Coupe du monde de biathlon, qui se d\u00e9roule \u00e0 Pokljuka (Slov\u00e9nie).\" \/>\n<meta property=\"og:url\" content=\"https:\/\/dicodusport.fr\/blog\/biathlon-pokljuka-2025-programme-complet-et-horaires\/\" \/>\n<meta property=\"og:site_name\" content=\"Dicodusport\" \/>\n<meta property=\"article:publisher\" content=\"https:\/\/www.facebook.com\/dicodusport\" \/>\n<meta property=\"article:author\" content=\"https:\/\/www.facebook.com\/florent.ostermann\" \/>\n<meta property=\"article:published_time\" content=\"2025-03-16T15:07:28+00:00\" \/>\n<meta property=\"article:modified_time\" content=\"2025-07-09T16:32:51+00:00\" \/>\n<meta property=\"og:image\" content=\"https:\/\/dicodusport.fr\/blog\/wp-content\/uploads\/2025\/03\/Biathlon-Pokljuka-2025-Programme-complet-et-horaires-1.png\" \/>\n\t<meta property=\"og:image:width\" content=\"1200\" \/>\n\t<meta property=\"og:image:height\" content=\"674\" \/>\n\t<meta property=\"og:image:type\" content=\"image\/png\" \/>\n<meta name=\"author\" content=\"Flo Ostermann\" \/>\n<meta name=\"twitter:card\" content=\"summary_large_image\" \/>\n<meta name=\"twitter:title\" content=\"Biathlon Pokljuka 2025 : Programme complet et horaires\" \/>\n<meta name=\"twitter:creator\" content=\"@https:\/\/twitter.com\/FlOstermann\" \/>\n<meta name=\"twitter:site\" content=\"@dicodusport\" \/>\n<script type=\"application\/ld+json\" class=\"yoast-schema-graph\">{\"@context\":\"https:\/\/schema.org\",\"@graph\":[{\"@type\":\"NewsArticle\",\"@id\":\"https:\/\/dicodusport.fr\/blog\/biathlon-pokljuka-2025-programme-complet-et-horaires\/#article\",\"isPartOf\":{\"@id\":\"https:\/\/dicodusport.fr\/blog\/biathlon-pokljuka-2025-programme-complet-et-horaires\/\"},\"author\":{\"name\":\"Flo Ostermann\",\"@id\":\"https:\/\/dicodusport.fr\/blog\/#\/schema\/person\/cb02af4c173ce4a653b55e9baf388d4a\"},\"headline\":\"Biathlon Pokljuka 2025 : Programme complet et horaires\",\"datePublished\":\"2025-03-16T15:07:28+00:00\",\"dateModified\":\"2025-07-09T16:32:51+00:00\",\"mainEntityOfPage\":{\"@id\":\"https:\/\/dicodusport.fr\/blog\/biathlon-pokljuka-2025-programme-complet-et-horaires\/\"},\"wordCount\":422,\"commentCount\":0,\"publisher\":{\"@id\":\"https:\/\/dicodusport.fr\/blog\/#organization\"},\"image\":{\"@id\":\"https:\/\/dicodusport.fr\/blog\/biathlon-pokljuka-2025-programme-complet-et-horaires\/#primaryimage\"},\"thumbnailUrl\":\"https:\/\/dicodusport.fr\/blog\/wp-content\/uploads\/2025\/03\/Biathlon-Pokljuka-2025-Programme-complet-et-horaires-1.png\",\"keywords\":[\"Biathlon\",\"br\u00e8ve\"],\"articleSection\":[\"Coupe du monde de biathlon\"],\"inLanguage\":\"fr-FR\",\"potentialAction\":[{\"@type\":\"CommentAction\",\"name\":\"Comment\",\"target\":[\"https:\/\/dicodusport.fr\/blog\/biathlon-pokljuka-2025-programme-complet-et-horaires\/#respond\"]}],\"copyrightYear\":\"2025\",\"copyrightHolder\":{\"@id\":\"https:\/\/dicodusport.fr\/blog\/#organization\"}},{\"@type\":\"WebPage\",\"@id\":\"https:\/\/dicodusport.fr\/blog\/biathlon-pokljuka-2025-programme-complet-et-horaires\/\",\"url\":\"https:\/\/dicodusport.fr\/blog\/biathlon-pokljuka-2025-programme-complet-et-horaires\/\",\"name\":\"Biathlon Pokljuka 2025 : Programme complet et horaires\",\"isPartOf\":{\"@id\":\"https:\/\/dicodusport.fr\/blog\/#website\"},\"primaryImageOfPage\":{\"@id\":\"https:\/\/dicodusport.fr\/blog\/biathlon-pokljuka-2025-programme-complet-et-horaires\/#primaryimage\"},\"image\":{\"@id\":\"https:\/\/dicodusport.fr\/blog\/biathlon-pokljuka-2025-programme-complet-et-horaires\/#primaryimage\"},\"thumbnailUrl\":\"https:\/\/dicodusport.fr\/blog\/wp-content\/uploads\/2025\/03\/Biathlon-Pokljuka-2025-Programme-complet-et-horaires-1.png\",\"datePublished\":\"2025-03-16T15:07:28+00:00\",\"dateModified\":\"2025-07-09T16:32:51+00:00\",\"description\":\"D\u00e9couvrez le programme complet et les horaires de la 8\u00e8me \u00e9tape de la Coupe du monde de biathlon, qui se d\u00e9roule \u00e0 Pokljuka (Slov\u00e9nie).\",\"breadcrumb\":{\"@id\":\"https:\/\/dicodusport.fr\/blog\/biathlon-pokljuka-2025-programme-complet-et-horaires\/#breadcrumb\"},\"inLanguage\":\"fr-FR\",\"potentialAction\":[{\"@type\":\"ReadAction\",\"target\":[\"https:\/\/dicodusport.fr\/blog\/biathlon-pokljuka-2025-programme-complet-et-horaires\/\"]}]},{\"@type\":\"ImageObject\",\"inLanguage\":\"fr-FR\",\"@id\":\"https:\/\/dicodusport.fr\/blog\/biathlon-pokljuka-2025-programme-complet-et-horaires\/#primaryimage\",\"url\":\"https:\/\/dicodusport.fr\/blog\/wp-content\/uploads\/2025\/03\/Biathlon-Pokljuka-2025-Programme-complet-et-horaires-1.png\",\"contentUrl\":\"https:\/\/dicodusport.fr\/blog\/wp-content\/uploads\/2025\/03\/Biathlon-Pokljuka-2025-Programme-complet-et-horaires-1.png\",\"width\":1200,\"height\":674,\"caption\":\"Biathlon Pokljuka 2025 Programme complet et horaires\"},{\"@type\":\"BreadcrumbList\",\"@id\":\"https:\/\/dicodusport.fr\/blog\/biathlon-pokljuka-2025-programme-complet-et-horaires\/#breadcrumb\",\"itemListElement\":[{\"@type\":\"ListItem\",\"position\":1,\"name\":\"Accueil\",\"item\":\"https:\/\/dicodusport.fr\/blog\/\"},{\"@type\":\"ListItem\",\"position\":2,\"name\":\"Biathlon Pokljuka 2025 : Programme complet et horaires\"}]},{\"@type\":\"WebSite\",\"@id\":\"https:\/\/dicodusport.fr\/blog\/#website\",\"url\":\"https:\/\/dicodusport.fr\/blog\/\",\"name\":\"Dicodusport\",\"description\":\"L&#039;encyclop\u00e9die de l&#039;actualit\u00e9 sportive\",\"publisher\":{\"@id\":\"https:\/\/dicodusport.fr\/blog\/#organization\"},\"potentialAction\":[{\"@type\":\"SearchAction\",\"target\":{\"@type\":\"EntryPoint\",\"urlTemplate\":\"https:\/\/dicodusport.fr\/blog\/?s={search_term_string}\"},\"query-input\":{\"@type\":\"PropertyValueSpecification\",\"valueRequired\":true,\"valueName\":\"search_term_string\"}}],\"inLanguage\":\"fr-FR\"},{\"@type\":\"NewsMediaOrganization\",\"@id\":\"https:\/\/dicodusport.fr\/blog\/#organization\",\"name\":\"Dicodusport\",\"url\":\"https:\/\/dicodusport.fr\/blog\/\",\"logo\":{\"@type\":\"ImageObject\",\"inLanguage\":\"fr-FR\",\"@id\":\"https:\/\/dicodusport.fr\/blog\/#\/schema\/logo\/image\/\",\"url\":\"https:\/\/dicodusport.fr\/blog\/wp-content\/uploads\/2020\/06\/cropped-LOGO-DICODUSPORT-2020-SANS-FOND-SANS-TEXTE.png\",\"contentUrl\":\"https:\/\/dicodusport.fr\/blog\/wp-content\/uploads\/2020\/06\/cropped-LOGO-DICODUSPORT-2020-SANS-FOND-SANS-TEXTE.png\",\"width\":512,\"height\":512,\"caption\":\"Dicodusport\"},\"image\":{\"@id\":\"https:\/\/dicodusport.fr\/blog\/#\/schema\/logo\/image\/\"},\"sameAs\":[\"https:\/\/www.facebook.com\/dicodusport\",\"https:\/\/x.com\/dicodusport\",\"https:\/\/www.instagram.com\/dicodusport\/\",\"https:\/\/www.youtube.com\/channel\/UC7V2KZ5sd3htJivAbA4ZG3w\"],\"description\":\"Dicodusport est l'encyclop\u00e9die de l'actualit\u00e9 sportive.\",\"email\":\"bonjour@dicodusport.fr\",\"legalName\":\"DICODUSPORT\",\"foundingDate\":\"2018-01-14\",\"vatID\":\"FR71834470973\",\"taxID\":\"83447097300043\",\"numberOfEmployees\":{\"@type\":\"QuantitativeValue\",\"minValue\":\"1\",\"maxValue\":\"10\"}},{\"@type\":\"Person\",\"@id\":\"https:\/\/dicodusport.fr\/blog\/#\/schema\/person\/cb02af4c173ce4a653b55e9baf388d4a\",\"name\":\"Flo Ostermann\",\"image\":{\"@type\":\"ImageObject\",\"inLanguage\":\"fr-FR\",\"@id\":\"https:\/\/dicodusport.fr\/blog\/#\/schema\/person\/image\/\",\"url\":\"https:\/\/dicodusport.fr\/blog\/wp-content\/uploads\/2021\/05\/Flo-Ostermann-150x150.jpg\",\"contentUrl\":\"https:\/\/dicodusport.fr\/blog\/wp-content\/uploads\/2021\/05\/Flo-Ostermann-150x150.jpg\",\"caption\":\"Flo Ostermann\"},\"description\":\"Journaliste\/R\u00e9dacteur depuis septembre 2015 - Mes premiers souvenirs dans le sport ? Les envol\u00e9es du Stade Toulousain et les duels Villeneuve-Schumacher et H\u00e4kkinen-Schumacher \u00e0 la fin des ann\u00e9es 90, la Coupe du monde de football en 1998, l\u2019exploit du XV de France face aux All Blacks en 1999, mais aussi Richard C\u0153ur de Lion qui vole sur les montagnes du Tour de France. Bien parti pour devenir professeur d\u2019EPS, les \u00e9v\u00e9nements de la vie (et la flemme d\u2019animer des s\u00e9ances de 3x500 m\u00e8tres toute ma vie) m\u2019ont conduit \u00e0 revoir mes plans. Me voil\u00e0 depuis fin 2017 sur Dicodusport, m\u00e9dia gr\u00e2ce (et pour) lequel je partage ma passion : le sport dans tous ses \u00e9tats. Le tout accompagn\u00e9 par les fous furieux et folles furieuses cit\u00e9s sur cette page !\",\"sameAs\":[\"https:\/\/www.facebook.com\/florent.ostermann\",\"https:\/\/x.com\/https:\/\/twitter.com\/FlOstermann\",\"admin\"],\"url\":\"https:\/\/dicodusport.fr\/blog\/author\/flo\/\"}]}<\/script>\n<!-- \/ Yoast SEO Premium plugin. -->","yoast_head_json":{"title":"Biathlon Pokljuka 2025 : Programme complet et horaires","description":"D\u00e9couvrez le programme complet et les horaires de la 8\u00e8me \u00e9tape de la Coupe du monde de biathlon, qui se d\u00e9roule \u00e0 Pokljuka (Slov\u00e9nie).","robots":{"index":"index","follow":"follow","max-snippet":"max-snippet:-1","max-image-preview":"max-image-preview:large","max-video-preview":"max-video-preview:-1"},"canonical":"https:\/\/dicodusport.fr\/blog\/biathlon-pokljuka-2025-programme-complet-et-horaires\/","og_locale":"fr_FR","og_type":"article","og_title":"Biathlon Pokljuka 2025 : Programme complet et horaires","og_description":"D\u00e9couvrez le programme complet et les horaires de la 8\u00e8me \u00e9tape de la Coupe du monde de biathlon, qui se d\u00e9roule \u00e0 Pokljuka (Slov\u00e9nie).","og_url":"https:\/\/dicodusport.fr\/blog\/biathlon-pokljuka-2025-programme-complet-et-horaires\/","og_site_name":"Dicodusport","article_publisher":"https:\/\/www.facebook.com\/dicodusport","article_author":"https:\/\/www.facebook.com\/florent.ostermann","article_published_time":"2025-03-16T15:07:28+00:00","article_modified_time":"2025-07-09T16:32:51+00:00","og_image":[{"width":1200,"height":674,"url":"https:\/\/dicodusport.fr\/blog\/wp-content\/uploads\/2025\/03\/Biathlon-Pokljuka-2025-Programme-complet-et-horaires-1.png","type":"image\/png"}],"author":"Flo Ostermann","twitter_card":"summary_large_image","twitter_title":"Biathlon Pokljuka 2025 : Programme complet et horaires","twitter_creator":"@https:\/\/twitter.com\/FlOstermann","twitter_site":"@dicodusport","schema":{"@context":"https:\/\/schema.org","@graph":[{"@type":"NewsArticle","@id":"https:\/\/dicodusport.fr\/blog\/biathlon-pokljuka-2025-programme-complet-et-horaires\/#article","isPartOf":{"@id":"https:\/\/dicodusport.fr\/blog\/biathlon-pokljuka-2025-programme-complet-et-horaires\/"},"author":{"name":"Flo Ostermann","@id":"https:\/\/dicodusport.fr\/blog\/#\/schema\/person\/cb02af4c173ce4a653b55e9baf388d4a"},"headline":"Biathlon Pokljuka 2025 : Programme complet et horaires","datePublished":"2025-03-16T15:07:28+00:00","dateModified":"2025-07-09T16:32:51+00:00","mainEntityOfPage":{"@id":"https:\/\/dicodusport.fr\/blog\/biathlon-pokljuka-2025-programme-complet-et-horaires\/"},"wordCount":422,"commentCount":0,"publisher":{"@id":"https:\/\/dicodusport.fr\/blog\/#organization"},"image":{"@id":"https:\/\/dicodusport.fr\/blog\/biathlon-pokljuka-2025-programme-complet-et-horaires\/#primaryimage"},"thumbnailUrl":"https:\/\/dicodusport.fr\/blog\/wp-content\/uploads\/2025\/03\/Biathlon-Pokljuka-2025-Programme-complet-et-horaires-1.png","keywords":["Biathlon","br\u00e8ve"],"articleSection":["Coupe du monde de biathlon"],"inLanguage":"fr-FR","potentialAction":[{"@type":"CommentAction","name":"Comment","target":["https:\/\/dicodusport.fr\/blog\/biathlon-pokljuka-2025-programme-complet-et-horaires\/#respond"]}],"copyrightYear":"2025","copyrightHolder":{"@id":"https:\/\/dicodusport.fr\/blog\/#organization"}},{"@type":"WebPage","@id":"https:\/\/dicodusport.fr\/blog\/biathlon-pokljuka-2025-programme-complet-et-horaires\/","url":"https:\/\/dicodusport.fr\/blog\/biathlon-pokljuka-2025-programme-complet-et-horaires\/","name":"Biathlon Pokljuka 2025 : Programme complet et horaires","isPartOf":{"@id":"https:\/\/dicodusport.fr\/blog\/#website"},"primaryImageOfPage":{"@id":"https:\/\/dicodusport.fr\/blog\/biathlon-pokljuka-2025-programme-complet-et-horaires\/#primaryimage"},"image":{"@id":"https:\/\/dicodusport.fr\/blog\/biathlon-pokljuka-2025-programme-complet-et-horaires\/#primaryimage"},"thumbnailUrl":"https:\/\/dicodusport.fr\/blog\/wp-content\/uploads\/2025\/03\/Biathlon-Pokljuka-2025-Programme-complet-et-horaires-1.png","datePublished":"2025-03-16T15:07:28+00:00","dateModified":"2025-07-09T16:32:51+00:00","description":"D\u00e9couvrez le programme complet et les horaires de la 8\u00e8me \u00e9tape de la Coupe du monde de biathlon, qui se d\u00e9roule \u00e0 Pokljuka (Slov\u00e9nie).","breadcrumb":{"@id":"https:\/\/dicodusport.fr\/blog\/biathlon-pokljuka-2025-programme-complet-et-horaires\/#breadcrumb"},"inLanguage":"fr-FR","potentialAction":[{"@type":"ReadAction","target":["https:\/\/dicodusport.fr\/blog\/biathlon-pokljuka-2025-programme-complet-et-horaires\/"]}]},{"@type":"ImageObject","inLanguage":"fr-FR","@id":"https:\/\/dicodusport.fr\/blog\/biathlon-pokljuka-2025-programme-complet-et-horaires\/#primaryimage","url":"https:\/\/dicodusport.fr\/blog\/wp-content\/uploads\/2025\/03\/Biathlon-Pokljuka-2025-Programme-complet-et-horaires-1.png","contentUrl":"https:\/\/dicodusport.fr\/blog\/wp-content\/uploads\/2025\/03\/Biathlon-Pokljuka-2025-Programme-complet-et-horaires-1.png","width":1200,"height":674,"caption":"Biathlon Pokljuka 2025 Programme complet et horaires"},{"@type":"BreadcrumbList","@id":"https:\/\/dicodusport.fr\/blog\/biathlon-pokljuka-2025-programme-complet-et-horaires\/#breadcrumb","itemListElement":[{"@type":"ListItem","position":1,"name":"Accueil","item":"https:\/\/dicodusport.fr\/blog\/"},{"@type":"ListItem","position":2,"name":"Biathlon Pokljuka 2025 : Programme complet et horaires"}]},{"@type":"WebSite","@id":"https:\/\/dicodusport.fr\/blog\/#website","url":"https:\/\/dicodusport.fr\/blog\/","name":"Dicodusport","description":"L&#039;encyclop\u00e9die de l&#039;actualit\u00e9 sportive","publisher":{"@id":"https:\/\/dicodusport.fr\/blog\/#organization"},"potentialAction":[{"@type":"SearchAction","target":{"@type":"EntryPoint","urlTemplate":"https:\/\/dicodusport.fr\/blog\/?s={search_term_string}"},"query-input":{"@type":"PropertyValueSpecification","valueRequired":true,"valueName":"search_term_string"}}],"inLanguage":"fr-FR"},{"@type":"NewsMediaOrganization","@id":"https:\/\/dicodusport.fr\/blog\/#organization","name":"Dicodusport","url":"https:\/\/dicodusport.fr\/blog\/","logo":{"@type":"ImageObject","inLanguage":"fr-FR","@id":"https:\/\/dicodusport.fr\/blog\/#\/schema\/logo\/image\/","url":"https:\/\/dicodusport.fr\/blog\/wp-content\/uploads\/2020\/06\/cropped-LOGO-DICODUSPORT-2020-SANS-FOND-SANS-TEXTE.png","contentUrl":"https:\/\/dicodusport.fr\/blog\/wp-content\/uploads\/2020\/06\/cropped-LOGO-DICODUSPORT-2020-SANS-FOND-SANS-TEXTE.png","width":512,"height":512,"caption":"Dicodusport"},"image":{"@id":"https:\/\/dicodusport.fr\/blog\/#\/schema\/logo\/image\/"},"sameAs":["https:\/\/www.facebook.com\/dicodusport","https:\/\/x.com\/dicodusport","https:\/\/www.instagram.com\/dicodusport\/","https:\/\/www.youtube.com\/channel\/UC7V2KZ5sd3htJivAbA4ZG3w"],"description":"Dicodusport est l'encyclop\u00e9die de l'actualit\u00e9 sportive.","email":"bonjour@dicodusport.fr","legalName":"DICODUSPORT","foundingDate":"2018-01-14","vatID":"FR71834470973","taxID":"83447097300043","numberOfEmployees":{"@type":"QuantitativeValue","minValue":"1","maxValue":"10"}},{"@type":"Person","@id":"https:\/\/dicodusport.fr\/blog\/#\/schema\/person\/cb02af4c173ce4a653b55e9baf388d4a","name":"Flo Ostermann","image":{"@type":"ImageObject","inLanguage":"fr-FR","@id":"https:\/\/dicodusport.fr\/blog\/#\/schema\/person\/image\/","url":"https:\/\/dicodusport.fr\/blog\/wp-content\/uploads\/2021\/05\/Flo-Ostermann-150x150.jpg","contentUrl":"https:\/\/dicodusport.fr\/blog\/wp-content\/uploads\/2021\/05\/Flo-Ostermann-150x150.jpg","caption":"Flo Ostermann"},"description":"Journaliste\/R\u00e9dacteur depuis septembre 2015 - Mes premiers souvenirs dans le sport ? Les envol\u00e9es du Stade Toulousain et les duels Villeneuve-Schumacher et H\u00e4kkinen-Schumacher \u00e0 la fin des ann\u00e9es 90, la Coupe du monde de football en 1998, l\u2019exploit du XV de France face aux All Blacks en 1999, mais aussi Richard C\u0153ur de Lion qui vole sur les montagnes du Tour de France. Bien parti pour devenir professeur d\u2019EPS, les \u00e9v\u00e9nements de la vie (et la flemme d\u2019animer des s\u00e9ances de 3x500 m\u00e8tres toute ma vie) m\u2019ont conduit \u00e0 revoir mes plans. Me voil\u00e0 depuis fin 2017 sur Dicodusport, m\u00e9dia gr\u00e2ce (et pour) lequel je partage ma passion : le sport dans tous ses \u00e9tats. Le tout accompagn\u00e9 par les fous furieux et folles furieuses cit\u00e9s sur cette page !","sameAs":["https:\/\/www.facebook.com\/florent.ostermann","https:\/\/x.com\/https:\/\/twitter.com\/FlOstermann","admin"],"url":"https:\/\/dicodusport.fr\/blog\/author\/flo\/"}]}},"_links":{"self":[{"href":"https:\/\/dicodusport.fr\/blog\/wp-json\/wp\/v2\/posts\/563157","targetHints":{"allow":["GET"]}}],"collection":[{"href":"https:\/\/dicodusport.fr\/blog\/wp-json\/wp\/v2\/posts"}],"about":[{"href":"https:\/\/dicodusport.fr\/blog\/wp-json\/wp\/v2\/types\/post"}],"author":[{"embeddable":true,"href":"https:\/\/dicodusport.fr\/blog\/wp-json\/wp\/v2\/users\/4"}],"replies":[{"embeddable":true,"href":"https:\/\/dicodusport.fr\/blog\/wp-json\/wp\/v2\/comments?post=563157"}],"version-history":[{"count":6,"href":"https:\/\/dicodusport.fr\/blog\/wp-json\/wp\/v2\/posts\/563157\/revisions"}],"predecessor-version":[{"id":564977,"href":"https:\/\/dicodusport.fr\/blog\/wp-json\/wp\/v2\/posts\/563157\/revisions\/564977"}],"wp:featuredmedia":[{"embeddable":true,"href":"https:\/\/dicodusport.fr\/blog\/wp-json\/wp\/v2\/media\/564531"}],"wp:attachment":[{"href":"https:\/\/dicodusport.fr\/blog\/wp-json\/wp\/v2\/media?parent=563157"}],"wp:term":[{"taxonomy":"category","embeddable":true,"href":"https:\/\/dicodusport.fr\/blog\/wp-json\/wp\/v2\/categories?post=563157"},{"taxonomy":"post_tag","embeddable":true,"href":"https:\/\/dicodusport.fr\/blog\/wp-json\/wp\/v2\/tags?post=563157"}],"curies":[{"name":"wp","href":"https:\/\/api.w.org\/{rel}","templated":true}]}}