{"id":563369,"date":"2025-03-17T12:17:19","date_gmt":"2025-03-17T11:17:19","guid":{"rendered":"https:\/\/dicodusport.fr\/blog\/?p=563369&#038;preview=true&#038;preview_id=563369"},"modified":"2025-03-17T12:17:12","modified_gmt":"2025-03-17T11:17:12","slug":"athletisme-la-selection-francaise-pour-les-mondiaux-en-salle-a-nankin","status":"publish","type":"post","link":"https:\/\/dicodusport.fr\/blog\/athletisme-la-selection-francaise-pour-les-mondiaux-en-salle-a-nankin\/","title":{"rendered":"Athl\u00e9tisme : La s\u00e9lection fran\u00e7aise pour les Mondiaux en salle \u00e0 Nankin"},"content":{"rendered":"<h4 style=\"text-align: justify;\"><em>ATHL\u00c9TISME &#8211; D\u00e9couvrez la s\u00e9lection fran\u00e7aise pour les championnats du monde en salle \u00e0 Nankin (Chine), avec seulement neuf athl\u00e8tes retenus, apr\u00e8s le retrait d&rsquo;Agathe Guillemot, forfait.<\/em><\/h4>\n<p style=\"text-align: justify;\">S\u00e9lection plus que restreinte pour l&rsquo;\u00e9quipe de France, pour les championnats du monde en salle \u00e0 Nankin (Chine) qui se d\u00e9roulent du 21 au 23 mars. Des Mondiaux qui devaient initialement avoir lieu en 2020, et qui ont \u00e9t\u00e9 d\u00e9cal\u00e9s \u00e0 plusieurs reprises suite au Covid.<\/p>\n<p style=\"text-align: justify;\">Seulement neuf athl\u00e8tes feront le d\u00e9placement de l&rsquo;autre c\u00f4t\u00e9 du globe. Une tr\u00e8s courte d\u00e9l\u00e9gation, sans doute historiquement petite pour un championnat d&rsquo;une telle envergure, mais qui s&rsquo;explique aussi par la volont\u00e9 de certains athl\u00e8tes de faire l&rsquo;impasse, apr\u00e8s une saison en salle d\u00e9j\u00e0 longue. On pense \u00e0<strong> Azeddine Habz,<\/strong> double m\u00e9daill\u00e9 sur <a href=\"https:\/\/dicodusport.fr\/blog\/athletisme-europe-en-salle-azeddine-habz-medaille-dargent-sur-1500-m-seulement-battu-par-jakob-ingebrigtsen\/\"><strong>1500 m<\/strong><\/a> et <a href=\"https:\/\/dicodusport.fr\/blog\/athletisme-championnats-deurope-salle-2025-azeddine-habz-en-bronze-sur-3000-metres\/\"><strong>3000 m<\/strong><\/a>, lors des championnats d&rsquo;Europe en salle \u00e0 Apeldoorn.<\/p>\n<div class=\"vlp-link-container vlp-layout-article\"><a href=\"https:\/\/dicodusport.fr\/blog\/athletisme-europe-en-salle-2025-quel-bilan-pour-les-bleus\/\" class=\"vlp-link\" title=\"Athl\u00e9tisme Europe en salle 2025 : Quel bilan pour les Bleus ?\"><\/a><div class=\"vlp-layout-zone-side\"><div class=\"vlp-block-4 vlp-link-image\"><img loading=\"lazy\" decoding=\"async\" style=\"max-width: 792px;\" width=\"792\" height=\"445\" src=\"https:\/\/dicodusport.fr\/blog\/wp-content\/uploads\/2025\/03\/Athletisme-Championnats-dEurope-salle-2025-Quel-bilan-pour-les-Bleus-.png\" class=\"attachment-800x445 size-800x445\" alt=\"Athl\u00e9tisme Championnats d&#039;Europe (salle) 2025 : Quel bilan pour les Bleus ?\" srcset=\"https:\/\/dicodusport.fr\/blog\/wp-content\/uploads\/2025\/03\/Athletisme-Championnats-dEurope-salle-2025-Quel-bilan-pour-les-Bleus-.png 1200w, https:\/\/dicodusport.fr\/blog\/wp-content\/uploads\/2025\/03\/Athletisme-Championnats-dEurope-salle-2025-Quel-bilan-pour-les-Bleus--300x169.png 300w, https:\/\/dicodusport.fr\/blog\/wp-content\/uploads\/2025\/03\/Athletisme-Championnats-dEurope-salle-2025-Quel-bilan-pour-les-Bleus--1024x575.png 1024w, https:\/\/dicodusport.fr\/blog\/wp-content\/uploads\/2025\/03\/Athletisme-Championnats-dEurope-salle-2025-Quel-bilan-pour-les-Bleus--768x431.png 768w\" sizes=\"auto, (max-width: 792px) 100vw, 792px\" \/><\/div><\/div><div class=\"vlp-layout-zone-main\"><div class=\"vlp-block-0 vlp-link-title\">Athl\u00e9tisme Europe en salle 2025 : Quel bilan pour les Bleus ?<\/div><div class=\"vlp-block-1 vlp-link-summary\">CHAMPIONNATS D'EUROPE D'ATHL\u00c9TISME EN SALLE 2025 - Le bilan de l'\u00e9quipe de France. <\/div><div class=\"vlp-block-2 vlp-link-button\">Lire l'article<\/div><div class=\"vlp-block-3 vlp-link-url\">dicodusport.fr<\/div><\/div><\/div>\n<p style=\"text-align: justify;\">N\u00e9anmoins, quelques m\u00e9daill\u00e9s europ\u00e9ens font le d\u00e9placement en Chine. On pense \u00e0\u00a0<a href=\"https:\/\/dicodusport.fr\/blog\/athletisme-europe-en-salle-marie-julie-bonnin-medaillee-de-bronze-au-saut-a-la-perche\/\"><strong>Marie-Julie Bonnin<\/strong><\/a>, en bronze \u00e0 la perche, <strong><a href=\"https:\/\/dicodusport.fr\/blog\/athletisme-europe-en-salle-la-medaille-de-bronze-sur-le-400-metres-pour-jimy-soudril\/\">Jimy Soudril<\/a>, <\/strong>en bronze sur 400 m et <strong><a href=\"https:\/\/dicodusport.fr\/blog\/athletisme-europe-en-salle-just-kwaou-mathey-et-wilhem-belocian-sur-le-podium-du-60-m-haies\/\">Wilhem Belocian<\/a>,<\/strong> en argent sur 60 m haies. Et qui peuvent avoir des ambitions de transformer la m\u00e9daille europ\u00e9enne en belle place mondiale. D&rsquo;autres vont d\u00e9couvrir leurs premiers championnats du monde, comme <strong>C\u00e9lia Perron<\/strong> sur le pentathlon. <strong>Pascal Martinot-Lagarde<\/strong> fait son grand retour en bleu, apr\u00e8s des absences en 2023 et 2024.<\/p>\n<h2 style=\"text-align: justify;\">La s\u00e9lection fran\u00e7aise pour les Mondiaux en salle \u00e0 Nankin<\/h2>\n<p style=\"text-align: justify;\"><strong>Femmes<\/strong><\/p>\n<p style=\"text-align: justify;\">Marie-Julie Bonnin (Perche), C\u00e9lia Perron (Pentathlon)<\/p>\n<p style=\"text-align: justify;\"><strong>Hommes\u00a0<\/strong><\/p>\n<p style=\"text-align: justify;\">Jimy Soudril (400 m), Yanis Meziane (800 m), Wilhem Belocian (60 m haies), Pascal Martinot-Lagarde (60 m haies), Thibaut Collet (perche), Baptiste Thiery (perche), Melvin Raffin (triple saut)<\/p>\n<blockquote class=\"twitter-tweet\">\n<p dir=\"ltr\" lang=\"fr\">\ud83c\uddf2\ud83c\uddeb D\u00e9couvrez la s\u00e9lection fran\u00e7aise pour les \ud835\uddd6\ud835\uddf5\ud835\uddee\ud835\uddfa\ud835\uddfd\ud835\uddf6\ud835\uddfc\ud835\uddfb\ud835\uddfb\ud835\uddee\ud835\ude01\ud835\ude00 \ud835\uddf1\ud835\ude02 \ud835\uddfa\ud835\uddfc\ud835\uddfb\ud835\uddf1\ud835\uddf2 \ud835\uddf2\ud835\uddfb \ud835\ude00\ud835\uddee\ud835\uddf9\ud835\uddf9\ud835\uddf2, qui auront lieu \u00e0 Nankin (Chine) du 21 au 23 mars.<\/p>\n<p>\ud83d\udc49 <a href=\"https:\/\/t.co\/wIWfotqzBc\">https:\/\/t.co\/wIWfotqzBc<\/a><a href=\"https:\/\/twitter.com\/hashtag\/WorldAthleticsChamps?src=hash&amp;ref_src=twsrc%5Etfw\">#WorldAthleticsChamps<\/a> <a href=\"https:\/\/t.co\/eSDAjvYbfz\">pic.twitter.com\/eSDAjvYbfz<\/a><\/p>\n<p>\u2014 FFAthl\u00e9tisme (@FFAthletisme) <a href=\"https:\/\/twitter.com\/FFAthletisme\/status\/1899770590476538048?ref_src=twsrc%5Etfw\">March 12, 2025<\/a><\/p><\/blockquote>\n<p style=\"text-align: justify;\"><script async src=\"https:\/\/platform.twitter.com\/widgets.js\" charset=\"utf-8\"><\/script><\/p>\n","protected":false},"excerpt":{"rendered":"<p>ATHL\u00c9TISME &#8211; D\u00e9couvrez la s\u00e9lection fran\u00e7aise pour les championnats du monde en salle \u00e0 Nankin (Chine), avec seulement 9 athl\u00e8tes retenus.<\/p>\n","protected":false},"author":83,"featured_media":563372,"comment_status":"open","ping_status":"closed","sticky":false,"template":"","format":"standard","meta":{"_acf_changed":false,"_daextam_enable_autolinks":"1","footnotes":""},"categories":[2308],"tags":[32415,143,16878,8594,22248],"class_list":["post-563369","post","type-post","status-publish","format-standard","has-post-thumbnail","hentry","category-athletisme","tag-actu","tag-athletisme","tag-breve","tag-championnats-du-monde-dathletisme","tag-championnats-du-monde-en-salle-dathletisme"],"acf":[],"yoast_head":"<!-- This site is optimized with the Yoast SEO Premium plugin v26.7 (Yoast SEO v26.7) - https:\/\/yoast.com\/wordpress\/plugins\/seo\/ -->\n<title>Athl\u00e9tisme : La s\u00e9lection fran\u00e7aise pour les Mondiaux en salle \u00e0 Nankin<\/title>\n<meta name=\"description\" content=\"ATHL\u00c9TISME - D\u00e9couvrez la s\u00e9lection fran\u00e7aise pour les championnats du monde en salle \u00e0 Nankin (Chine), avec seulement 9 athl\u00e8tes retenus.\" \/>\n<meta name=\"robots\" content=\"index, follow, max-snippet:-1, max-image-preview:large, max-video-preview:-1\" \/>\n<link rel=\"canonical\" href=\"https:\/\/dicodusport.fr\/blog\/athletisme-la-selection-francaise-pour-les-mondiaux-en-salle-a-nankin\/\" \/>\n<meta property=\"og:locale\" content=\"fr_FR\" \/>\n<meta property=\"og:type\" content=\"article\" \/>\n<meta property=\"og:title\" content=\"Athl\u00e9tisme : La s\u00e9lection fran\u00e7aise pour les Mondiaux en salle \u00e0 Nankin\" \/>\n<meta property=\"og:description\" content=\"ATHL\u00c9TISME - D\u00e9couvrez la s\u00e9lection fran\u00e7aise pour les championnats du monde en salle \u00e0 Nankin (Chine), avec seulement 9 athl\u00e8tes retenus.\" \/>\n<meta property=\"og:url\" content=\"https:\/\/dicodusport.fr\/blog\/athletisme-la-selection-francaise-pour-les-mondiaux-en-salle-a-nankin\/\" \/>\n<meta property=\"og:site_name\" content=\"Dicodusport\" \/>\n<meta property=\"article:publisher\" content=\"https:\/\/www.facebook.com\/dicodusport\" \/>\n<meta property=\"article:published_time\" content=\"2025-03-17T11:17:19+00:00\" \/>\n<meta property=\"og:image\" content=\"https:\/\/dicodusport.fr\/blog\/wp-content\/uploads\/2025\/03\/Athletisme-La-selection-francaise-pour-les-mondiaux-en-salle-a-NankinLa-Rochelle-Brice-Dulin-snobe-Vannes-pour-signer-en-Pro-D2.png\" \/>\n\t<meta property=\"og:image:width\" content=\"1200\" \/>\n\t<meta property=\"og:image:height\" content=\"674\" \/>\n\t<meta property=\"og:image:type\" content=\"image\/png\" \/>\n<meta name=\"author\" content=\"Etienne Goursaud\" \/>\n<meta name=\"twitter:card\" content=\"summary_large_image\" \/>\n<meta name=\"twitter:title\" content=\"Athl\u00e9tisme : La s\u00e9lection fran\u00e7aise pour les Mondiaux en salle \u00e0 Nankin\" \/>\n<meta name=\"twitter:creator\" content=\"@dicodusport\" \/>\n<meta name=\"twitter:site\" content=\"@dicodusport\" \/>\n<script type=\"application\/ld+json\" class=\"yoast-schema-graph\">{\"@context\":\"https:\/\/schema.org\",\"@graph\":[{\"@type\":\"NewsArticle\",\"@id\":\"https:\/\/dicodusport.fr\/blog\/athletisme-la-selection-francaise-pour-les-mondiaux-en-salle-a-nankin\/#article\",\"isPartOf\":{\"@id\":\"https:\/\/dicodusport.fr\/blog\/athletisme-la-selection-francaise-pour-les-mondiaux-en-salle-a-nankin\/\"},\"author\":{\"name\":\"Etienne Goursaud\",\"@id\":\"https:\/\/dicodusport.fr\/blog\/#\/schema\/person\/d603dd7da31fb2b46c82b9835a77ec13\"},\"headline\":\"Athl\u00e9tisme : La s\u00e9lection fran\u00e7aise pour les Mondiaux en salle \u00e0 Nankin\",\"datePublished\":\"2025-03-17T11:17:19+00:00\",\"mainEntityOfPage\":{\"@id\":\"https:\/\/dicodusport.fr\/blog\/athletisme-la-selection-francaise-pour-les-mondiaux-en-salle-a-nankin\/\"},\"wordCount\":402,\"commentCount\":0,\"publisher\":{\"@id\":\"https:\/\/dicodusport.fr\/blog\/#organization\"},\"image\":{\"@id\":\"https:\/\/dicodusport.fr\/blog\/athletisme-la-selection-francaise-pour-les-mondiaux-en-salle-a-nankin\/#primaryimage\"},\"thumbnailUrl\":\"https:\/\/dicodusport.fr\/blog\/wp-content\/uploads\/2025\/03\/Athletisme-La-selection-francaise-pour-les-mondiaux-en-salle-a-NankinLa-Rochelle-Brice-Dulin-snobe-Vannes-pour-signer-en-Pro-D2.png\",\"keywords\":[\"actu\",\"Athl\u00e9tisme\",\"br\u00e8ve\",\"Championnats du monde d'athl\u00e9tisme\",\"championnats du monde en salle d'athl\u00e9tisme\"],\"articleSection\":[\"Athl\u00e9tisme\"],\"inLanguage\":\"fr-FR\",\"potentialAction\":[{\"@type\":\"CommentAction\",\"name\":\"Comment\",\"target\":[\"https:\/\/dicodusport.fr\/blog\/athletisme-la-selection-francaise-pour-les-mondiaux-en-salle-a-nankin\/#respond\"]}],\"copyrightYear\":\"2025\",\"copyrightHolder\":{\"@id\":\"https:\/\/dicodusport.fr\/blog\/#organization\"}},{\"@type\":\"WebPage\",\"@id\":\"https:\/\/dicodusport.fr\/blog\/athletisme-la-selection-francaise-pour-les-mondiaux-en-salle-a-nankin\/\",\"url\":\"https:\/\/dicodusport.fr\/blog\/athletisme-la-selection-francaise-pour-les-mondiaux-en-salle-a-nankin\/\",\"name\":\"Athl\u00e9tisme : La s\u00e9lection fran\u00e7aise pour les Mondiaux en salle \u00e0 Nankin\",\"isPartOf\":{\"@id\":\"https:\/\/dicodusport.fr\/blog\/#website\"},\"primaryImageOfPage\":{\"@id\":\"https:\/\/dicodusport.fr\/blog\/athletisme-la-selection-francaise-pour-les-mondiaux-en-salle-a-nankin\/#primaryimage\"},\"image\":{\"@id\":\"https:\/\/dicodusport.fr\/blog\/athletisme-la-selection-francaise-pour-les-mondiaux-en-salle-a-nankin\/#primaryimage\"},\"thumbnailUrl\":\"https:\/\/dicodusport.fr\/blog\/wp-content\/uploads\/2025\/03\/Athletisme-La-selection-francaise-pour-les-mondiaux-en-salle-a-NankinLa-Rochelle-Brice-Dulin-snobe-Vannes-pour-signer-en-Pro-D2.png\",\"datePublished\":\"2025-03-17T11:17:19+00:00\",\"description\":\"ATHL\u00c9TISME - D\u00e9couvrez la s\u00e9lection fran\u00e7aise pour les championnats du monde en salle \u00e0 Nankin (Chine), avec seulement 9 athl\u00e8tes retenus.\",\"breadcrumb\":{\"@id\":\"https:\/\/dicodusport.fr\/blog\/athletisme-la-selection-francaise-pour-les-mondiaux-en-salle-a-nankin\/#breadcrumb\"},\"inLanguage\":\"fr-FR\",\"potentialAction\":[{\"@type\":\"ReadAction\",\"target\":[\"https:\/\/dicodusport.fr\/blog\/athletisme-la-selection-francaise-pour-les-mondiaux-en-salle-a-nankin\/\"]}]},{\"@type\":\"ImageObject\",\"inLanguage\":\"fr-FR\",\"@id\":\"https:\/\/dicodusport.fr\/blog\/athletisme-la-selection-francaise-pour-les-mondiaux-en-salle-a-nankin\/#primaryimage\",\"url\":\"https:\/\/dicodusport.fr\/blog\/wp-content\/uploads\/2025\/03\/Athletisme-La-selection-francaise-pour-les-mondiaux-en-salle-a-NankinLa-Rochelle-Brice-Dulin-snobe-Vannes-pour-signer-en-Pro-D2.png\",\"contentUrl\":\"https:\/\/dicodusport.fr\/blog\/wp-content\/uploads\/2025\/03\/Athletisme-La-selection-francaise-pour-les-mondiaux-en-salle-a-NankinLa-Rochelle-Brice-Dulin-snobe-Vannes-pour-signer-en-Pro-D2.png\",\"width\":1200,\"height\":674,\"caption\":\"Athl\u00e9tisme - La s\u00e9lection fran\u00e7aise pour les mondiaux en salle \u00e0 Nankin\"},{\"@type\":\"BreadcrumbList\",\"@id\":\"https:\/\/dicodusport.fr\/blog\/athletisme-la-selection-francaise-pour-les-mondiaux-en-salle-a-nankin\/#breadcrumb\",\"itemListElement\":[{\"@type\":\"ListItem\",\"position\":1,\"name\":\"Accueil\",\"item\":\"https:\/\/dicodusport.fr\/blog\/\"},{\"@type\":\"ListItem\",\"position\":2,\"name\":\"Athl\u00e9tisme : La s\u00e9lection fran\u00e7aise pour les Mondiaux en salle \u00e0 Nankin\"}]},{\"@type\":\"WebSite\",\"@id\":\"https:\/\/dicodusport.fr\/blog\/#website\",\"url\":\"https:\/\/dicodusport.fr\/blog\/\",\"name\":\"Dicodusport\",\"description\":\"L&#039;encyclop\u00e9die de l&#039;actualit\u00e9 sportive\",\"publisher\":{\"@id\":\"https:\/\/dicodusport.fr\/blog\/#organization\"},\"potentialAction\":[{\"@type\":\"SearchAction\",\"target\":{\"@type\":\"EntryPoint\",\"urlTemplate\":\"https:\/\/dicodusport.fr\/blog\/?s={search_term_string}\"},\"query-input\":{\"@type\":\"PropertyValueSpecification\",\"valueRequired\":true,\"valueName\":\"search_term_string\"}}],\"inLanguage\":\"fr-FR\"},{\"@type\":\"NewsMediaOrganization\",\"@id\":\"https:\/\/dicodusport.fr\/blog\/#organization\",\"name\":\"Dicodusport\",\"url\":\"https:\/\/dicodusport.fr\/blog\/\",\"logo\":{\"@type\":\"ImageObject\",\"inLanguage\":\"fr-FR\",\"@id\":\"https:\/\/dicodusport.fr\/blog\/#\/schema\/logo\/image\/\",\"url\":\"https:\/\/dicodusport.fr\/blog\/wp-content\/uploads\/2020\/06\/cropped-LOGO-DICODUSPORT-2020-SANS-FOND-SANS-TEXTE.png\",\"contentUrl\":\"https:\/\/dicodusport.fr\/blog\/wp-content\/uploads\/2020\/06\/cropped-LOGO-DICODUSPORT-2020-SANS-FOND-SANS-TEXTE.png\",\"width\":512,\"height\":512,\"caption\":\"Dicodusport\"},\"image\":{\"@id\":\"https:\/\/dicodusport.fr\/blog\/#\/schema\/logo\/image\/\"},\"sameAs\":[\"https:\/\/www.facebook.com\/dicodusport\",\"https:\/\/x.com\/dicodusport\",\"https:\/\/www.instagram.com\/dicodusport\/\",\"https:\/\/www.youtube.com\/channel\/UC7V2KZ5sd3htJivAbA4ZG3w\"],\"description\":\"Dicodusport est l'encyclop\u00e9die de l'actualit\u00e9 sportive.\",\"email\":\"bonjour@dicodusport.fr\",\"legalName\":\"DICODUSPORT\",\"foundingDate\":\"2018-01-14\",\"vatID\":\"FR71834470973\",\"taxID\":\"83447097300043\",\"numberOfEmployees\":{\"@type\":\"QuantitativeValue\",\"minValue\":\"1\",\"maxValue\":\"10\"}},{\"@type\":\"Person\",\"@id\":\"https:\/\/dicodusport.fr\/blog\/#\/schema\/person\/d603dd7da31fb2b46c82b9835a77ec13\",\"name\":\"Etienne Goursaud\",\"image\":{\"@type\":\"ImageObject\",\"inLanguage\":\"fr-FR\",\"@id\":\"https:\/\/dicodusport.fr\/blog\/#\/schema\/person\/image\/\",\"url\":\"https:\/\/dicodusport.fr\/blog\/wp-content\/uploads\/2023\/12\/410122264_10231602061736049_5565839791558026645_n-150x150.jpg\",\"contentUrl\":\"https:\/\/dicodusport.fr\/blog\/wp-content\/uploads\/2023\/12\/410122264_10231602061736049_5565839791558026645_n-150x150.jpg\",\"caption\":\"Etienne Goursaud\"},\"description\":\"Journaliste et amoureux de sport. Ancien footballeur reconverti athl\u00e8te quand ses muscles le laissent tranquille. \u00c9lev\u00e9 \u00e0 la sauce des exploits de Thomas Voeckler en 2004, du dernier essai de l\u00e9gende de Eunice Barber \u00e0 la longueur lors des championnats du monde d'athl\u00e9tisme de 2003 mais aussi Zidane, Omeyer et Titou Lamaison.\",\"url\":\"https:\/\/dicodusport.fr\/blog\/author\/etienne-goursaud\/\"}]}<\/script>\n<!-- \/ Yoast SEO Premium plugin. -->","yoast_head_json":{"title":"Athl\u00e9tisme : La s\u00e9lection fran\u00e7aise pour les Mondiaux en salle \u00e0 Nankin","description":"ATHL\u00c9TISME - D\u00e9couvrez la s\u00e9lection fran\u00e7aise pour les championnats du monde en salle \u00e0 Nankin (Chine), avec seulement 9 athl\u00e8tes retenus.","robots":{"index":"index","follow":"follow","max-snippet":"max-snippet:-1","max-image-preview":"max-image-preview:large","max-video-preview":"max-video-preview:-1"},"canonical":"https:\/\/dicodusport.fr\/blog\/athletisme-la-selection-francaise-pour-les-mondiaux-en-salle-a-nankin\/","og_locale":"fr_FR","og_type":"article","og_title":"Athl\u00e9tisme : La s\u00e9lection fran\u00e7aise pour les Mondiaux en salle \u00e0 Nankin","og_description":"ATHL\u00c9TISME - D\u00e9couvrez la s\u00e9lection fran\u00e7aise pour les championnats du monde en salle \u00e0 Nankin (Chine), avec seulement 9 athl\u00e8tes retenus.","og_url":"https:\/\/dicodusport.fr\/blog\/athletisme-la-selection-francaise-pour-les-mondiaux-en-salle-a-nankin\/","og_site_name":"Dicodusport","article_publisher":"https:\/\/www.facebook.com\/dicodusport","article_published_time":"2025-03-17T11:17:19+00:00","og_image":[{"width":1200,"height":674,"url":"https:\/\/dicodusport.fr\/blog\/wp-content\/uploads\/2025\/03\/Athletisme-La-selection-francaise-pour-les-mondiaux-en-salle-a-NankinLa-Rochelle-Brice-Dulin-snobe-Vannes-pour-signer-en-Pro-D2.png","type":"image\/png"}],"author":"Etienne Goursaud","twitter_card":"summary_large_image","twitter_title":"Athl\u00e9tisme : La s\u00e9lection fran\u00e7aise pour les Mondiaux en salle \u00e0 Nankin","twitter_creator":"@dicodusport","twitter_site":"@dicodusport","schema":{"@context":"https:\/\/schema.org","@graph":[{"@type":"NewsArticle","@id":"https:\/\/dicodusport.fr\/blog\/athletisme-la-selection-francaise-pour-les-mondiaux-en-salle-a-nankin\/#article","isPartOf":{"@id":"https:\/\/dicodusport.fr\/blog\/athletisme-la-selection-francaise-pour-les-mondiaux-en-salle-a-nankin\/"},"author":{"name":"Etienne Goursaud","@id":"https:\/\/dicodusport.fr\/blog\/#\/schema\/person\/d603dd7da31fb2b46c82b9835a77ec13"},"headline":"Athl\u00e9tisme : La s\u00e9lection fran\u00e7aise pour les Mondiaux en salle \u00e0 Nankin","datePublished":"2025-03-17T11:17:19+00:00","mainEntityOfPage":{"@id":"https:\/\/dicodusport.fr\/blog\/athletisme-la-selection-francaise-pour-les-mondiaux-en-salle-a-nankin\/"},"wordCount":402,"commentCount":0,"publisher":{"@id":"https:\/\/dicodusport.fr\/blog\/#organization"},"image":{"@id":"https:\/\/dicodusport.fr\/blog\/athletisme-la-selection-francaise-pour-les-mondiaux-en-salle-a-nankin\/#primaryimage"},"thumbnailUrl":"https:\/\/dicodusport.fr\/blog\/wp-content\/uploads\/2025\/03\/Athletisme-La-selection-francaise-pour-les-mondiaux-en-salle-a-NankinLa-Rochelle-Brice-Dulin-snobe-Vannes-pour-signer-en-Pro-D2.png","keywords":["actu","Athl\u00e9tisme","br\u00e8ve","Championnats du monde d'athl\u00e9tisme","championnats du monde en salle d'athl\u00e9tisme"],"articleSection":["Athl\u00e9tisme"],"inLanguage":"fr-FR","potentialAction":[{"@type":"CommentAction","name":"Comment","target":["https:\/\/dicodusport.fr\/blog\/athletisme-la-selection-francaise-pour-les-mondiaux-en-salle-a-nankin\/#respond"]}],"copyrightYear":"2025","copyrightHolder":{"@id":"https:\/\/dicodusport.fr\/blog\/#organization"}},{"@type":"WebPage","@id":"https:\/\/dicodusport.fr\/blog\/athletisme-la-selection-francaise-pour-les-mondiaux-en-salle-a-nankin\/","url":"https:\/\/dicodusport.fr\/blog\/athletisme-la-selection-francaise-pour-les-mondiaux-en-salle-a-nankin\/","name":"Athl\u00e9tisme : La s\u00e9lection fran\u00e7aise pour les Mondiaux en salle \u00e0 Nankin","isPartOf":{"@id":"https:\/\/dicodusport.fr\/blog\/#website"},"primaryImageOfPage":{"@id":"https:\/\/dicodusport.fr\/blog\/athletisme-la-selection-francaise-pour-les-mondiaux-en-salle-a-nankin\/#primaryimage"},"image":{"@id":"https:\/\/dicodusport.fr\/blog\/athletisme-la-selection-francaise-pour-les-mondiaux-en-salle-a-nankin\/#primaryimage"},"thumbnailUrl":"https:\/\/dicodusport.fr\/blog\/wp-content\/uploads\/2025\/03\/Athletisme-La-selection-francaise-pour-les-mondiaux-en-salle-a-NankinLa-Rochelle-Brice-Dulin-snobe-Vannes-pour-signer-en-Pro-D2.png","datePublished":"2025-03-17T11:17:19+00:00","description":"ATHL\u00c9TISME - D\u00e9couvrez la s\u00e9lection fran\u00e7aise pour les championnats du monde en salle \u00e0 Nankin (Chine), avec seulement 9 athl\u00e8tes retenus.","breadcrumb":{"@id":"https:\/\/dicodusport.fr\/blog\/athletisme-la-selection-francaise-pour-les-mondiaux-en-salle-a-nankin\/#breadcrumb"},"inLanguage":"fr-FR","potentialAction":[{"@type":"ReadAction","target":["https:\/\/dicodusport.fr\/blog\/athletisme-la-selection-francaise-pour-les-mondiaux-en-salle-a-nankin\/"]}]},{"@type":"ImageObject","inLanguage":"fr-FR","@id":"https:\/\/dicodusport.fr\/blog\/athletisme-la-selection-francaise-pour-les-mondiaux-en-salle-a-nankin\/#primaryimage","url":"https:\/\/dicodusport.fr\/blog\/wp-content\/uploads\/2025\/03\/Athletisme-La-selection-francaise-pour-les-mondiaux-en-salle-a-NankinLa-Rochelle-Brice-Dulin-snobe-Vannes-pour-signer-en-Pro-D2.png","contentUrl":"https:\/\/dicodusport.fr\/blog\/wp-content\/uploads\/2025\/03\/Athletisme-La-selection-francaise-pour-les-mondiaux-en-salle-a-NankinLa-Rochelle-Brice-Dulin-snobe-Vannes-pour-signer-en-Pro-D2.png","width":1200,"height":674,"caption":"Athl\u00e9tisme - La s\u00e9lection fran\u00e7aise pour les mondiaux en salle \u00e0 Nankin"},{"@type":"BreadcrumbList","@id":"https:\/\/dicodusport.fr\/blog\/athletisme-la-selection-francaise-pour-les-mondiaux-en-salle-a-nankin\/#breadcrumb","itemListElement":[{"@type":"ListItem","position":1,"name":"Accueil","item":"https:\/\/dicodusport.fr\/blog\/"},{"@type":"ListItem","position":2,"name":"Athl\u00e9tisme : La s\u00e9lection fran\u00e7aise pour les Mondiaux en salle \u00e0 Nankin"}]},{"@type":"WebSite","@id":"https:\/\/dicodusport.fr\/blog\/#website","url":"https:\/\/dicodusport.fr\/blog\/","name":"Dicodusport","description":"L&#039;encyclop\u00e9die de l&#039;actualit\u00e9 sportive","publisher":{"@id":"https:\/\/dicodusport.fr\/blog\/#organization"},"potentialAction":[{"@type":"SearchAction","target":{"@type":"EntryPoint","urlTemplate":"https:\/\/dicodusport.fr\/blog\/?s={search_term_string}"},"query-input":{"@type":"PropertyValueSpecification","valueRequired":true,"valueName":"search_term_string"}}],"inLanguage":"fr-FR"},{"@type":"NewsMediaOrganization","@id":"https:\/\/dicodusport.fr\/blog\/#organization","name":"Dicodusport","url":"https:\/\/dicodusport.fr\/blog\/","logo":{"@type":"ImageObject","inLanguage":"fr-FR","@id":"https:\/\/dicodusport.fr\/blog\/#\/schema\/logo\/image\/","url":"https:\/\/dicodusport.fr\/blog\/wp-content\/uploads\/2020\/06\/cropped-LOGO-DICODUSPORT-2020-SANS-FOND-SANS-TEXTE.png","contentUrl":"https:\/\/dicodusport.fr\/blog\/wp-content\/uploads\/2020\/06\/cropped-LOGO-DICODUSPORT-2020-SANS-FOND-SANS-TEXTE.png","width":512,"height":512,"caption":"Dicodusport"},"image":{"@id":"https:\/\/dicodusport.fr\/blog\/#\/schema\/logo\/image\/"},"sameAs":["https:\/\/www.facebook.com\/dicodusport","https:\/\/x.com\/dicodusport","https:\/\/www.instagram.com\/dicodusport\/","https:\/\/www.youtube.com\/channel\/UC7V2KZ5sd3htJivAbA4ZG3w"],"description":"Dicodusport est l'encyclop\u00e9die de l'actualit\u00e9 sportive.","email":"bonjour@dicodusport.fr","legalName":"DICODUSPORT","foundingDate":"2018-01-14","vatID":"FR71834470973","taxID":"83447097300043","numberOfEmployees":{"@type":"QuantitativeValue","minValue":"1","maxValue":"10"}},{"@type":"Person","@id":"https:\/\/dicodusport.fr\/blog\/#\/schema\/person\/d603dd7da31fb2b46c82b9835a77ec13","name":"Etienne Goursaud","image":{"@type":"ImageObject","inLanguage":"fr-FR","@id":"https:\/\/dicodusport.fr\/blog\/#\/schema\/person\/image\/","url":"https:\/\/dicodusport.fr\/blog\/wp-content\/uploads\/2023\/12\/410122264_10231602061736049_5565839791558026645_n-150x150.jpg","contentUrl":"https:\/\/dicodusport.fr\/blog\/wp-content\/uploads\/2023\/12\/410122264_10231602061736049_5565839791558026645_n-150x150.jpg","caption":"Etienne Goursaud"},"description":"Journaliste et amoureux de sport. Ancien footballeur reconverti athl\u00e8te quand ses muscles le laissent tranquille. \u00c9lev\u00e9 \u00e0 la sauce des exploits de Thomas Voeckler en 2004, du dernier essai de l\u00e9gende de Eunice Barber \u00e0 la longueur lors des championnats du monde d'athl\u00e9tisme de 2003 mais aussi Zidane, Omeyer et Titou Lamaison.","url":"https:\/\/dicodusport.fr\/blog\/author\/etienne-goursaud\/"}]}},"_links":{"self":[{"href":"https:\/\/dicodusport.fr\/blog\/wp-json\/wp\/v2\/posts\/563369","targetHints":{"allow":["GET"]}}],"collection":[{"href":"https:\/\/dicodusport.fr\/blog\/wp-json\/wp\/v2\/posts"}],"about":[{"href":"https:\/\/dicodusport.fr\/blog\/wp-json\/wp\/v2\/types\/post"}],"author":[{"embeddable":true,"href":"https:\/\/dicodusport.fr\/blog\/wp-json\/wp\/v2\/users\/83"}],"replies":[{"embeddable":true,"href":"https:\/\/dicodusport.fr\/blog\/wp-json\/wp\/v2\/comments?post=563369"}],"version-history":[{"count":6,"href":"https:\/\/dicodusport.fr\/blog\/wp-json\/wp\/v2\/posts\/563369\/revisions"}],"predecessor-version":[{"id":565168,"href":"https:\/\/dicodusport.fr\/blog\/wp-json\/wp\/v2\/posts\/563369\/revisions\/565168"}],"wp:featuredmedia":[{"embeddable":true,"href":"https:\/\/dicodusport.fr\/blog\/wp-json\/wp\/v2\/media\/563372"}],"wp:attachment":[{"href":"https:\/\/dicodusport.fr\/blog\/wp-json\/wp\/v2\/media?parent=563369"}],"wp:term":[{"taxonomy":"category","embeddable":true,"href":"https:\/\/dicodusport.fr\/blog\/wp-json\/wp\/v2\/categories?post=563369"},{"taxonomy":"post_tag","embeddable":true,"href":"https:\/\/dicodusport.fr\/blog\/wp-json\/wp\/v2\/tags?post=563369"}],"curies":[{"name":"wp","href":"https:\/\/api.w.org\/{rel}","templated":true}]}}