{"id":563440,"date":"2025-03-13T12:50:33","date_gmt":"2025-03-13T11:50:33","guid":{"rendered":"https:\/\/dicodusport.fr\/blog\/?p=563440&#038;preview=true&#038;preview_id=563440"},"modified":"2025-07-09T18:33:13","modified_gmt":"2025-07-09T16:33:13","slug":"biathlon-pokljuka-2025-startlist-et-dossards-individuel-court-hommes","status":"publish","type":"post","link":"https:\/\/dicodusport.fr\/blog\/biathlon-pokljuka-2025-startlist-et-dossards-individuel-court-hommes\/","title":{"rendered":"Biathlon Pokljuka 2025 &#8211; Dossards et Startlist Individuel court hommes"},"content":{"rendered":"<h4 style=\"text-align: justify;\" align=\"justify\"><em>COUPE DU MONDE DE BIATHLON 2024-2025<b> &#8211;\u00a0<\/b>POKLJUKA &#8211; D\u00e9couvrez la startlist et les dossards de l&rsquo;individuel court hommes de Pokljuka (Slov\u00e9nie), dont le d\u00e9part est pr\u00e9vu le jeudi 13 mars \u00e0 15h15.<\/em><\/h4>\n<ul style=\"text-align: justify;\">\n<li style=\"text-align: justify;\"><strong>\u00c0 ce sujet \u2013 <a href=\"https:\/\/dicodusport.fr\/blog\/biathlon-pokljuka-2025-programme-complet-et-horaires\/\" target=\"_blank\" rel=\"noopener\">Biathlon Pokljuka 2025 : Programme complet et horaires<\/a><\/strong><\/li>\n<\/ul>\n<h2>Les dossards \u00e0 suivre<\/h2>\n<p style=\"text-align: justify;\">3. Johannes Boe<br \/>\n7. \u00c9milien Jacquelin<br \/>\n9. Endre Stroemsheim<br \/>\n13. Sturla Laegreid<br \/>\n15. Sebastian Samuelsson<br \/>\n19. Quentin Fillon Maillet<br \/>\n21. Fabien Claude<br \/>\n23. \u00c9ric Perrot<br \/>\n24. Oscar Lombardot<br \/>\n33. \u00c9milien Claude<\/p>\n<ul style=\"text-align: justify;\">\n<li style=\"text-align: justify;\"><strong>\u00c0 ce sujet &#8211;\u00a0<a href=\"https:\/\/dicodusport.fr\/blog\/biathlon-coupe-du-monde-2024-2025-le-calendrier-complet\/\">Coupe du monde Biathlon 2024-2025 \u2013 Le calendrier complet<\/a><\/strong><\/li>\n<\/ul>\n<div class=\"vlp-link-container vlp-layout-article\"><a href=\"https:\/\/dicodusport.fr\/blog\/biathlon-pokljuka-2025-pronostic-individuel-court-hommes\/\" class=\"vlp-link\" title=\"Biathlon Pokljuka 2025 - Pronostic Individuel court hommes\"><\/a><div class=\"vlp-layout-zone-side\"><div class=\"vlp-block-4 vlp-link-image\"><img loading=\"lazy\" decoding=\"async\" style=\"max-width: 792px;\" width=\"792\" height=\"445\" src=\"https:\/\/dicodusport.fr\/blog\/wp-content\/uploads\/2025\/03\/Pokljuka-2025-Pronostic-Individuel-court-hommes.png\" class=\"attachment-800x445 size-800x445\" alt=\"\" srcset=\"https:\/\/dicodusport.fr\/blog\/wp-content\/uploads\/2025\/03\/Pokljuka-2025-Pronostic-Individuel-court-hommes.png 1200w, https:\/\/dicodusport.fr\/blog\/wp-content\/uploads\/2025\/03\/Pokljuka-2025-Pronostic-Individuel-court-hommes-300x169.png 300w, https:\/\/dicodusport.fr\/blog\/wp-content\/uploads\/2025\/03\/Pokljuka-2025-Pronostic-Individuel-court-hommes-1024x575.png 1024w, https:\/\/dicodusport.fr\/blog\/wp-content\/uploads\/2025\/03\/Pokljuka-2025-Pronostic-Individuel-court-hommes-768x431.png 768w\" sizes=\"auto, (max-width: 792px) 100vw, 792px\" \/><\/div><\/div><div class=\"vlp-layout-zone-main\"><div class=\"vlp-block-0 vlp-link-title\">Biathlon Pokljuka 2025 - Pronostic Individuel court hommes<\/div><div class=\"vlp-block-1 vlp-link-summary\">COUPE DU MONDE DE BIATHLON 2024-2025 - POKLJUKA - Les hommes ont rendez-vous sur un individuel court en Slov\u00e9nie. D\u00e9couvrez nos deux favoris.<\/div><div class=\"vlp-block-2 vlp-link-button\">Lire l'article<\/div><div class=\"vlp-block-3 vlp-link-url\">dicodusport.fr<\/div><\/div><\/div>\n<h2 style=\"text-align: justify;\" align=\"justify\">La startlist de l&rsquo;individuel court Hommes de Pokljuka<\/h2>\n<p style=\"text-align: justify;\"><a href=\"https:\/\/dicodusport.fr\/blog\/wp-content\/uploads\/2025\/03\/Nouvelle-startlist-Individuel-court-hommes-Pokljuka.pdf\" class=\"pdfemb-viewer\" style=\"\" data-width=\"max\" data-height=\"max\"  data-toolbar=\"both\" data-toolbar-fixed=\"on\">Nouvelle startlist Individuel court hommes Pokljuka<br\/><\/a>\n","protected":false},"excerpt":{"rendered":"<p>COUPE DU MONDE DE BIATHLON 2024-2025 &#8211;\u00a0POKLJUKA &#8211; D\u00e9couvrez la startlist et les dossards de l&rsquo;individuel court hommes de Pokljuka (Slov\u00e9nie), dont le d\u00e9part est pr\u00e9vu le jeudi 13 mars \u00e0 15h15.<\/p>\n","protected":false},"author":1,"featured_media":563441,"comment_status":"open","ping_status":"closed","sticky":false,"template":"","format":"standard","meta":{"_acf_changed":false,"_daextam_enable_autolinks":"1","footnotes":""},"categories":[47040],"tags":[2427,16878],"class_list":["post-563440","post","type-post","status-publish","format-standard","has-post-thumbnail","hentry","category-coupe-du-monde-de-biathlon","tag-biathlon","tag-breve"],"acf":[],"yoast_head":"<!-- This site is optimized with the Yoast SEO Premium plugin v26.7 (Yoast SEO v26.7) - https:\/\/yoast.com\/wordpress\/plugins\/seo\/ -->\n<title>Biathlon Pokljuka 2025 - Dossards et Startlist Individuel court hommes<\/title>\n<meta name=\"description\" content=\"COUPE DU MONDE DE BIATHLON 2024-2025 -\u00a0POKLJUKA - D\u00e9couvrez la startlist et les dossards de l&#039;individuel court femmes de Pokljuka (Slov\u00e9nie).\" \/>\n<meta name=\"robots\" content=\"index, follow, max-snippet:-1, max-image-preview:large, max-video-preview:-1\" \/>\n<link rel=\"canonical\" href=\"https:\/\/dicodusport.fr\/blog\/biathlon-pokljuka-2025-startlist-et-dossards-individuel-court-hommes\/\" \/>\n<meta property=\"og:locale\" content=\"fr_FR\" \/>\n<meta property=\"og:type\" content=\"article\" \/>\n<meta property=\"og:title\" content=\"Biathlon Pokljuka 2025 - Dossards et Startlist Individuel court hommes\" \/>\n<meta property=\"og:description\" content=\"COUPE DU MONDE DE BIATHLON 2024-2025 -\u00a0POKLJUKA - D\u00e9couvrez la startlist et les dossards de l&#039;individuel court femmes de Pokljuka (Slov\u00e9nie).\" \/>\n<meta property=\"og:url\" content=\"https:\/\/dicodusport.fr\/blog\/biathlon-pokljuka-2025-startlist-et-dossards-individuel-court-hommes\/\" \/>\n<meta property=\"og:site_name\" content=\"Dicodusport\" \/>\n<meta property=\"article:publisher\" content=\"https:\/\/www.facebook.com\/dicodusport\" \/>\n<meta property=\"article:author\" content=\"https:\/\/www.facebook.com\/dicodusport\" \/>\n<meta property=\"article:published_time\" content=\"2025-03-13T11:50:33+00:00\" \/>\n<meta property=\"article:modified_time\" content=\"2025-07-09T16:33:13+00:00\" \/>\n<meta property=\"og:image\" content=\"https:\/\/dicodusport.fr\/blog\/wp-content\/uploads\/2025\/03\/Biathlon-Pokljuka-2025-Startlist-et-Dossards-individuel-court-hommes.png\" \/>\n\t<meta property=\"og:image:width\" content=\"1200\" \/>\n\t<meta property=\"og:image:height\" content=\"674\" \/>\n\t<meta property=\"og:image:type\" content=\"image\/png\" \/>\n<meta name=\"author\" content=\"Nicolas Jacquemard\" \/>\n<meta name=\"twitter:card\" content=\"summary_large_image\" \/>\n<meta name=\"twitter:title\" content=\"Biathlon Pokljuka 2025 - Dossards et Startlist Individuel court hommes\" \/>\n<meta name=\"twitter:creator\" content=\"@https:\/\/twitter.com\/Nico_Jacquemard\" \/>\n<meta name=\"twitter:site\" content=\"@dicodusport\" \/>\n<script type=\"application\/ld+json\" class=\"yoast-schema-graph\">{\"@context\":\"https:\/\/schema.org\",\"@graph\":[{\"@type\":\"NewsArticle\",\"@id\":\"https:\/\/dicodusport.fr\/blog\/biathlon-pokljuka-2025-startlist-et-dossards-individuel-court-hommes\/#article\",\"isPartOf\":{\"@id\":\"https:\/\/dicodusport.fr\/blog\/biathlon-pokljuka-2025-startlist-et-dossards-individuel-court-hommes\/\"},\"author\":{\"name\":\"Nicolas Jacquemard\",\"@id\":\"https:\/\/dicodusport.fr\/blog\/#\/schema\/person\/55dcb50ad410894e431ed812bbb70191\"},\"headline\":\"Biathlon Pokljuka 2025 &#8211; Dossards et Startlist Individuel court hommes\",\"datePublished\":\"2025-03-13T11:50:33+00:00\",\"dateModified\":\"2025-07-09T16:33:13+00:00\",\"mainEntityOfPage\":{\"@id\":\"https:\/\/dicodusport.fr\/blog\/biathlon-pokljuka-2025-startlist-et-dossards-individuel-court-hommes\/\"},\"wordCount\":198,\"commentCount\":0,\"publisher\":{\"@id\":\"https:\/\/dicodusport.fr\/blog\/#organization\"},\"image\":{\"@id\":\"https:\/\/dicodusport.fr\/blog\/biathlon-pokljuka-2025-startlist-et-dossards-individuel-court-hommes\/#primaryimage\"},\"thumbnailUrl\":\"https:\/\/dicodusport.fr\/blog\/wp-content\/uploads\/2025\/03\/Biathlon-Pokljuka-2025-Startlist-et-Dossards-individuel-court-hommes.png\",\"keywords\":[\"Biathlon\",\"br\u00e8ve\"],\"articleSection\":[\"Coupe du monde de biathlon\"],\"inLanguage\":\"fr-FR\",\"potentialAction\":[{\"@type\":\"CommentAction\",\"name\":\"Comment\",\"target\":[\"https:\/\/dicodusport.fr\/blog\/biathlon-pokljuka-2025-startlist-et-dossards-individuel-court-hommes\/#respond\"]}],\"copyrightYear\":\"2025\",\"copyrightHolder\":{\"@id\":\"https:\/\/dicodusport.fr\/blog\/#organization\"}},{\"@type\":\"WebPage\",\"@id\":\"https:\/\/dicodusport.fr\/blog\/biathlon-pokljuka-2025-startlist-et-dossards-individuel-court-hommes\/\",\"url\":\"https:\/\/dicodusport.fr\/blog\/biathlon-pokljuka-2025-startlist-et-dossards-individuel-court-hommes\/\",\"name\":\"Biathlon Pokljuka 2025 - Dossards et Startlist Individuel court hommes\",\"isPartOf\":{\"@id\":\"https:\/\/dicodusport.fr\/blog\/#website\"},\"primaryImageOfPage\":{\"@id\":\"https:\/\/dicodusport.fr\/blog\/biathlon-pokljuka-2025-startlist-et-dossards-individuel-court-hommes\/#primaryimage\"},\"image\":{\"@id\":\"https:\/\/dicodusport.fr\/blog\/biathlon-pokljuka-2025-startlist-et-dossards-individuel-court-hommes\/#primaryimage\"},\"thumbnailUrl\":\"https:\/\/dicodusport.fr\/blog\/wp-content\/uploads\/2025\/03\/Biathlon-Pokljuka-2025-Startlist-et-Dossards-individuel-court-hommes.png\",\"datePublished\":\"2025-03-13T11:50:33+00:00\",\"dateModified\":\"2025-07-09T16:33:13+00:00\",\"description\":\"COUPE DU MONDE DE BIATHLON 2024-2025 -\u00a0POKLJUKA - D\u00e9couvrez la startlist et les dossards de l'individuel court femmes de Pokljuka (Slov\u00e9nie).\",\"breadcrumb\":{\"@id\":\"https:\/\/dicodusport.fr\/blog\/biathlon-pokljuka-2025-startlist-et-dossards-individuel-court-hommes\/#breadcrumb\"},\"inLanguage\":\"fr-FR\",\"potentialAction\":[{\"@type\":\"ReadAction\",\"target\":[\"https:\/\/dicodusport.fr\/blog\/biathlon-pokljuka-2025-startlist-et-dossards-individuel-court-hommes\/\"]}]},{\"@type\":\"ImageObject\",\"inLanguage\":\"fr-FR\",\"@id\":\"https:\/\/dicodusport.fr\/blog\/biathlon-pokljuka-2025-startlist-et-dossards-individuel-court-hommes\/#primaryimage\",\"url\":\"https:\/\/dicodusport.fr\/blog\/wp-content\/uploads\/2025\/03\/Biathlon-Pokljuka-2025-Startlist-et-Dossards-individuel-court-hommes.png\",\"contentUrl\":\"https:\/\/dicodusport.fr\/blog\/wp-content\/uploads\/2025\/03\/Biathlon-Pokljuka-2025-Startlist-et-Dossards-individuel-court-hommes.png\",\"width\":1200,\"height\":674},{\"@type\":\"BreadcrumbList\",\"@id\":\"https:\/\/dicodusport.fr\/blog\/biathlon-pokljuka-2025-startlist-et-dossards-individuel-court-hommes\/#breadcrumb\",\"itemListElement\":[{\"@type\":\"ListItem\",\"position\":1,\"name\":\"Accueil\",\"item\":\"https:\/\/dicodusport.fr\/blog\/\"},{\"@type\":\"ListItem\",\"position\":2,\"name\":\"Biathlon Pokljuka 2025 &#8211; Dossards et Startlist Individuel court hommes\"}]},{\"@type\":\"WebSite\",\"@id\":\"https:\/\/dicodusport.fr\/blog\/#website\",\"url\":\"https:\/\/dicodusport.fr\/blog\/\",\"name\":\"Dicodusport\",\"description\":\"L&#039;encyclop\u00e9die de l&#039;actualit\u00e9 sportive\",\"publisher\":{\"@id\":\"https:\/\/dicodusport.fr\/blog\/#organization\"},\"potentialAction\":[{\"@type\":\"SearchAction\",\"target\":{\"@type\":\"EntryPoint\",\"urlTemplate\":\"https:\/\/dicodusport.fr\/blog\/?s={search_term_string}\"},\"query-input\":{\"@type\":\"PropertyValueSpecification\",\"valueRequired\":true,\"valueName\":\"search_term_string\"}}],\"inLanguage\":\"fr-FR\"},{\"@type\":\"NewsMediaOrganization\",\"@id\":\"https:\/\/dicodusport.fr\/blog\/#organization\",\"name\":\"Dicodusport\",\"url\":\"https:\/\/dicodusport.fr\/blog\/\",\"logo\":{\"@type\":\"ImageObject\",\"inLanguage\":\"fr-FR\",\"@id\":\"https:\/\/dicodusport.fr\/blog\/#\/schema\/logo\/image\/\",\"url\":\"https:\/\/dicodusport.fr\/blog\/wp-content\/uploads\/2020\/06\/cropped-LOGO-DICODUSPORT-2020-SANS-FOND-SANS-TEXTE.png\",\"contentUrl\":\"https:\/\/dicodusport.fr\/blog\/wp-content\/uploads\/2020\/06\/cropped-LOGO-DICODUSPORT-2020-SANS-FOND-SANS-TEXTE.png\",\"width\":512,\"height\":512,\"caption\":\"Dicodusport\"},\"image\":{\"@id\":\"https:\/\/dicodusport.fr\/blog\/#\/schema\/logo\/image\/\"},\"sameAs\":[\"https:\/\/www.facebook.com\/dicodusport\",\"https:\/\/x.com\/dicodusport\",\"https:\/\/www.instagram.com\/dicodusport\/\",\"https:\/\/www.youtube.com\/channel\/UC7V2KZ5sd3htJivAbA4ZG3w\"],\"description\":\"Dicodusport est l'encyclop\u00e9die de l'actualit\u00e9 sportive.\",\"email\":\"bonjour@dicodusport.fr\",\"legalName\":\"DICODUSPORT\",\"foundingDate\":\"2018-01-14\",\"vatID\":\"FR71834470973\",\"taxID\":\"83447097300043\",\"numberOfEmployees\":{\"@type\":\"QuantitativeValue\",\"minValue\":\"1\",\"maxValue\":\"10\"}},{\"@type\":\"Person\",\"@id\":\"https:\/\/dicodusport.fr\/blog\/#\/schema\/person\/55dcb50ad410894e431ed812bbb70191\",\"name\":\"Nicolas Jacquemard\",\"image\":{\"@type\":\"ImageObject\",\"inLanguage\":\"fr-FR\",\"@id\":\"https:\/\/dicodusport.fr\/blog\/#\/schema\/person\/image\/\",\"url\":\"https:\/\/dicodusport.fr\/blog\/wp-content\/uploads\/2021\/05\/Nicolas-Jacquemard-150x150.jpeg\",\"contentUrl\":\"https:\/\/dicodusport.fr\/blog\/wp-content\/uploads\/2021\/05\/Nicolas-Jacquemard-150x150.jpeg\",\"caption\":\"Nicolas Jacquemard\"},\"description\":\"Passionn\u00e9 de sport et entrepreneur depuis mes 18 ans, la cr\u00e9ation de Dicodusport m'a sembl\u00e9 \u00e9vidente pour participer \u00e0 la m\u00e9diatisation d'un plus grand nombre de sports. Le chemin est long mais avec une \u00e9quipe des plus motiv\u00e9es et les Jeux Olympiques de Paris 2024 en point de mire, nous y arriverons ! Journaliste dans le monde du sport depuis plus de 5 ans, je traite aussi bien de football, de rugby, de biathlon que de cyclisme.\",\"sameAs\":[\"https:\/\/www.facebook.com\/dicodusport\",\"https:\/\/x.com\/https:\/\/twitter.com\/Nico_Jacquemard\"],\"url\":\"https:\/\/dicodusport.fr\/blog\/author\/dicodusport\/\"}]}<\/script>\n<!-- \/ Yoast SEO Premium plugin. -->","yoast_head_json":{"title":"Biathlon Pokljuka 2025 - Dossards et Startlist Individuel court hommes","description":"COUPE DU MONDE DE BIATHLON 2024-2025 -\u00a0POKLJUKA - D\u00e9couvrez la startlist et les dossards de l'individuel court femmes de Pokljuka (Slov\u00e9nie).","robots":{"index":"index","follow":"follow","max-snippet":"max-snippet:-1","max-image-preview":"max-image-preview:large","max-video-preview":"max-video-preview:-1"},"canonical":"https:\/\/dicodusport.fr\/blog\/biathlon-pokljuka-2025-startlist-et-dossards-individuel-court-hommes\/","og_locale":"fr_FR","og_type":"article","og_title":"Biathlon Pokljuka 2025 - Dossards et Startlist Individuel court hommes","og_description":"COUPE DU MONDE DE BIATHLON 2024-2025 -\u00a0POKLJUKA - D\u00e9couvrez la startlist et les dossards de l'individuel court femmes de Pokljuka (Slov\u00e9nie).","og_url":"https:\/\/dicodusport.fr\/blog\/biathlon-pokljuka-2025-startlist-et-dossards-individuel-court-hommes\/","og_site_name":"Dicodusport","article_publisher":"https:\/\/www.facebook.com\/dicodusport","article_author":"https:\/\/www.facebook.com\/dicodusport","article_published_time":"2025-03-13T11:50:33+00:00","article_modified_time":"2025-07-09T16:33:13+00:00","og_image":[{"width":1200,"height":674,"url":"https:\/\/dicodusport.fr\/blog\/wp-content\/uploads\/2025\/03\/Biathlon-Pokljuka-2025-Startlist-et-Dossards-individuel-court-hommes.png","type":"image\/png"}],"author":"Nicolas Jacquemard","twitter_card":"summary_large_image","twitter_title":"Biathlon Pokljuka 2025 - Dossards et Startlist Individuel court hommes","twitter_creator":"@https:\/\/twitter.com\/Nico_Jacquemard","twitter_site":"@dicodusport","schema":{"@context":"https:\/\/schema.org","@graph":[{"@type":"NewsArticle","@id":"https:\/\/dicodusport.fr\/blog\/biathlon-pokljuka-2025-startlist-et-dossards-individuel-court-hommes\/#article","isPartOf":{"@id":"https:\/\/dicodusport.fr\/blog\/biathlon-pokljuka-2025-startlist-et-dossards-individuel-court-hommes\/"},"author":{"name":"Nicolas Jacquemard","@id":"https:\/\/dicodusport.fr\/blog\/#\/schema\/person\/55dcb50ad410894e431ed812bbb70191"},"headline":"Biathlon Pokljuka 2025 &#8211; Dossards et Startlist Individuel court hommes","datePublished":"2025-03-13T11:50:33+00:00","dateModified":"2025-07-09T16:33:13+00:00","mainEntityOfPage":{"@id":"https:\/\/dicodusport.fr\/blog\/biathlon-pokljuka-2025-startlist-et-dossards-individuel-court-hommes\/"},"wordCount":198,"commentCount":0,"publisher":{"@id":"https:\/\/dicodusport.fr\/blog\/#organization"},"image":{"@id":"https:\/\/dicodusport.fr\/blog\/biathlon-pokljuka-2025-startlist-et-dossards-individuel-court-hommes\/#primaryimage"},"thumbnailUrl":"https:\/\/dicodusport.fr\/blog\/wp-content\/uploads\/2025\/03\/Biathlon-Pokljuka-2025-Startlist-et-Dossards-individuel-court-hommes.png","keywords":["Biathlon","br\u00e8ve"],"articleSection":["Coupe du monde de biathlon"],"inLanguage":"fr-FR","potentialAction":[{"@type":"CommentAction","name":"Comment","target":["https:\/\/dicodusport.fr\/blog\/biathlon-pokljuka-2025-startlist-et-dossards-individuel-court-hommes\/#respond"]}],"copyrightYear":"2025","copyrightHolder":{"@id":"https:\/\/dicodusport.fr\/blog\/#organization"}},{"@type":"WebPage","@id":"https:\/\/dicodusport.fr\/blog\/biathlon-pokljuka-2025-startlist-et-dossards-individuel-court-hommes\/","url":"https:\/\/dicodusport.fr\/blog\/biathlon-pokljuka-2025-startlist-et-dossards-individuel-court-hommes\/","name":"Biathlon Pokljuka 2025 - Dossards et Startlist Individuel court hommes","isPartOf":{"@id":"https:\/\/dicodusport.fr\/blog\/#website"},"primaryImageOfPage":{"@id":"https:\/\/dicodusport.fr\/blog\/biathlon-pokljuka-2025-startlist-et-dossards-individuel-court-hommes\/#primaryimage"},"image":{"@id":"https:\/\/dicodusport.fr\/blog\/biathlon-pokljuka-2025-startlist-et-dossards-individuel-court-hommes\/#primaryimage"},"thumbnailUrl":"https:\/\/dicodusport.fr\/blog\/wp-content\/uploads\/2025\/03\/Biathlon-Pokljuka-2025-Startlist-et-Dossards-individuel-court-hommes.png","datePublished":"2025-03-13T11:50:33+00:00","dateModified":"2025-07-09T16:33:13+00:00","description":"COUPE DU MONDE DE BIATHLON 2024-2025 -\u00a0POKLJUKA - D\u00e9couvrez la startlist et les dossards de l'individuel court femmes de Pokljuka (Slov\u00e9nie).","breadcrumb":{"@id":"https:\/\/dicodusport.fr\/blog\/biathlon-pokljuka-2025-startlist-et-dossards-individuel-court-hommes\/#breadcrumb"},"inLanguage":"fr-FR","potentialAction":[{"@type":"ReadAction","target":["https:\/\/dicodusport.fr\/blog\/biathlon-pokljuka-2025-startlist-et-dossards-individuel-court-hommes\/"]}]},{"@type":"ImageObject","inLanguage":"fr-FR","@id":"https:\/\/dicodusport.fr\/blog\/biathlon-pokljuka-2025-startlist-et-dossards-individuel-court-hommes\/#primaryimage","url":"https:\/\/dicodusport.fr\/blog\/wp-content\/uploads\/2025\/03\/Biathlon-Pokljuka-2025-Startlist-et-Dossards-individuel-court-hommes.png","contentUrl":"https:\/\/dicodusport.fr\/blog\/wp-content\/uploads\/2025\/03\/Biathlon-Pokljuka-2025-Startlist-et-Dossards-individuel-court-hommes.png","width":1200,"height":674},{"@type":"BreadcrumbList","@id":"https:\/\/dicodusport.fr\/blog\/biathlon-pokljuka-2025-startlist-et-dossards-individuel-court-hommes\/#breadcrumb","itemListElement":[{"@type":"ListItem","position":1,"name":"Accueil","item":"https:\/\/dicodusport.fr\/blog\/"},{"@type":"ListItem","position":2,"name":"Biathlon Pokljuka 2025 &#8211; Dossards et Startlist Individuel court hommes"}]},{"@type":"WebSite","@id":"https:\/\/dicodusport.fr\/blog\/#website","url":"https:\/\/dicodusport.fr\/blog\/","name":"Dicodusport","description":"L&#039;encyclop\u00e9die de l&#039;actualit\u00e9 sportive","publisher":{"@id":"https:\/\/dicodusport.fr\/blog\/#organization"},"potentialAction":[{"@type":"SearchAction","target":{"@type":"EntryPoint","urlTemplate":"https:\/\/dicodusport.fr\/blog\/?s={search_term_string}"},"query-input":{"@type":"PropertyValueSpecification","valueRequired":true,"valueName":"search_term_string"}}],"inLanguage":"fr-FR"},{"@type":"NewsMediaOrganization","@id":"https:\/\/dicodusport.fr\/blog\/#organization","name":"Dicodusport","url":"https:\/\/dicodusport.fr\/blog\/","logo":{"@type":"ImageObject","inLanguage":"fr-FR","@id":"https:\/\/dicodusport.fr\/blog\/#\/schema\/logo\/image\/","url":"https:\/\/dicodusport.fr\/blog\/wp-content\/uploads\/2020\/06\/cropped-LOGO-DICODUSPORT-2020-SANS-FOND-SANS-TEXTE.png","contentUrl":"https:\/\/dicodusport.fr\/blog\/wp-content\/uploads\/2020\/06\/cropped-LOGO-DICODUSPORT-2020-SANS-FOND-SANS-TEXTE.png","width":512,"height":512,"caption":"Dicodusport"},"image":{"@id":"https:\/\/dicodusport.fr\/blog\/#\/schema\/logo\/image\/"},"sameAs":["https:\/\/www.facebook.com\/dicodusport","https:\/\/x.com\/dicodusport","https:\/\/www.instagram.com\/dicodusport\/","https:\/\/www.youtube.com\/channel\/UC7V2KZ5sd3htJivAbA4ZG3w"],"description":"Dicodusport est l'encyclop\u00e9die de l'actualit\u00e9 sportive.","email":"bonjour@dicodusport.fr","legalName":"DICODUSPORT","foundingDate":"2018-01-14","vatID":"FR71834470973","taxID":"83447097300043","numberOfEmployees":{"@type":"QuantitativeValue","minValue":"1","maxValue":"10"}},{"@type":"Person","@id":"https:\/\/dicodusport.fr\/blog\/#\/schema\/person\/55dcb50ad410894e431ed812bbb70191","name":"Nicolas Jacquemard","image":{"@type":"ImageObject","inLanguage":"fr-FR","@id":"https:\/\/dicodusport.fr\/blog\/#\/schema\/person\/image\/","url":"https:\/\/dicodusport.fr\/blog\/wp-content\/uploads\/2021\/05\/Nicolas-Jacquemard-150x150.jpeg","contentUrl":"https:\/\/dicodusport.fr\/blog\/wp-content\/uploads\/2021\/05\/Nicolas-Jacquemard-150x150.jpeg","caption":"Nicolas Jacquemard"},"description":"Passionn\u00e9 de sport et entrepreneur depuis mes 18 ans, la cr\u00e9ation de Dicodusport m'a sembl\u00e9 \u00e9vidente pour participer \u00e0 la m\u00e9diatisation d'un plus grand nombre de sports. Le chemin est long mais avec une \u00e9quipe des plus motiv\u00e9es et les Jeux Olympiques de Paris 2024 en point de mire, nous y arriverons ! Journaliste dans le monde du sport depuis plus de 5 ans, je traite aussi bien de football, de rugby, de biathlon que de cyclisme.","sameAs":["https:\/\/www.facebook.com\/dicodusport","https:\/\/x.com\/https:\/\/twitter.com\/Nico_Jacquemard"],"url":"https:\/\/dicodusport.fr\/blog\/author\/dicodusport\/"}]}},"_links":{"self":[{"href":"https:\/\/dicodusport.fr\/blog\/wp-json\/wp\/v2\/posts\/563440","targetHints":{"allow":["GET"]}}],"collection":[{"href":"https:\/\/dicodusport.fr\/blog\/wp-json\/wp\/v2\/posts"}],"about":[{"href":"https:\/\/dicodusport.fr\/blog\/wp-json\/wp\/v2\/types\/post"}],"author":[{"embeddable":true,"href":"https:\/\/dicodusport.fr\/blog\/wp-json\/wp\/v2\/users\/1"}],"replies":[{"embeddable":true,"href":"https:\/\/dicodusport.fr\/blog\/wp-json\/wp\/v2\/comments?post=563440"}],"version-history":[{"count":4,"href":"https:\/\/dicodusport.fr\/blog\/wp-json\/wp\/v2\/posts\/563440\/revisions"}],"predecessor-version":[{"id":563680,"href":"https:\/\/dicodusport.fr\/blog\/wp-json\/wp\/v2\/posts\/563440\/revisions\/563680"}],"wp:featuredmedia":[{"embeddable":true,"href":"https:\/\/dicodusport.fr\/blog\/wp-json\/wp\/v2\/media\/563441"}],"wp:attachment":[{"href":"https:\/\/dicodusport.fr\/blog\/wp-json\/wp\/v2\/media?parent=563440"}],"wp:term":[{"taxonomy":"category","embeddable":true,"href":"https:\/\/dicodusport.fr\/blog\/wp-json\/wp\/v2\/categories?post=563440"},{"taxonomy":"post_tag","embeddable":true,"href":"https:\/\/dicodusport.fr\/blog\/wp-json\/wp\/v2\/tags?post=563440"}],"curies":[{"name":"wp","href":"https:\/\/api.w.org\/{rel}","templated":true}]}}