{"id":563613,"date":"2025-03-13T12:29:12","date_gmt":"2025-03-13T11:29:12","guid":{"rendered":"https:\/\/dicodusport.fr\/blog\/?p=563613&#038;preview=true&#038;preview_id=563613"},"modified":"2025-07-09T18:33:15","modified_gmt":"2025-07-09T16:33:15","slug":"biathlon-pokljuka-2025-lindividuel-court-pour-julia-simon-le-petit-globe-pour-lou-jeanmonnot","status":"publish","type":"post","link":"https:\/\/dicodusport.fr\/blog\/biathlon-pokljuka-2025-lindividuel-court-pour-julia-simon-le-petit-globe-pour-lou-jeanmonnot\/","title":{"rendered":"Biathlon Pokljuka 2025 : L&rsquo;individuel court pour Julia Simon, le petit globe pour Lou Jeanmonnot !"},"content":{"rendered":"<h4 style=\"text-align: justify;\"><em>COUPE DU MONDE DE BIATHLON 2024\/2025 &#8211; R\u00e9alisant une course pleine, Julia Simon a sign\u00e9 une deuxi\u00e8me victoire de rang en Coupe du monde, sur une course individuelle. La Fran\u00e7aise s&rsquo;impose sur l&rsquo;individuel court de Pokljuka (Slov\u00e9nie), devant Hanna \u00d6berg. Dans le Top 10, Lou Jeanmonnot s&rsquo;assure le petit globe de l&rsquo;individuel.<\/em><\/h4>\n<ul>\n<li style=\"text-align: justify;\"><strong>\u00c0 ce sujet &#8211; <\/strong><a href=\"https:\/\/dicodusport.fr\/blog\/biathlon-pokljuka-2025-programme-complet-et-horaires\/\"><strong>Biathlon Pokljuka 2025 : Programme complet et horaires<\/strong><\/a><\/li>\n<\/ul>\n<h2 style=\"text-align: justify;\">Des enjeux importants en d\u00e9pit de conditions difficiles<\/h2>\n<p style=\"text-align: justify;\">La m\u00e9t\u00e9o faisant des siennes, l&rsquo;IBU a \u00e9t\u00e9 contrainte de modifier le programme de l&rsquo;\u00e9tape de Pokljuka. En lieu et place de l&rsquo;individuel 15 kilom\u00e8tres pr\u00e9vu initialement, les femmes ont finalement eu le droit au format court avec 2,5 kilom\u00e8tres de moins. Les conditions pluvieuses et la temp\u00e9rature positive du moment a en effet oblig\u00e9 les organisateurs \u00e0 placer deux courses aujourd&rsquo;hui puisque les hommes auront le droit \u00e0 un individuel court plus tard dans la journ\u00e9e. Leur individuel devait avoir lieu demain. En d\u00e9pit de ce jeu de chaises musicales organisationnel, il y avait lieu de se reconcentrer sur l&rsquo;aspect sportif tant les enjeux \u00e9taient importants avant le d\u00e9part.<\/p>\n<p style=\"text-align: justify;\">Il suffisait en effet \u00e0 <strong>Lou Jeanmonnot<\/strong> de terminer huiti\u00e8me pour d\u00e9crocher le deuxi\u00e8me petit globe de sa carri\u00e8re apr\u00e8s celui de la mass start l&rsquo;an dernier. Mieux encore, la Fran\u00e7aise avait l&rsquo;occasion de se montrer encore plus dans les r\u00e9troviseurs de <strong>Franziska Preuss<\/strong> dont l&rsquo;avance en t\u00eate du classement g\u00e9n\u00e9ral tend \u00e0 diminuer depuis la fin des Mondiaux. Et la Fran\u00e7aise a assur\u00e9. Pour le petit globe du moins.<\/p>\n<div class=\"vlp-link-container vlp-layout-article\"><a href=\"https:\/\/dicodusport.fr\/blog\/biathlon-classement-petit-globe-individuel-femmes-coupe-du-monde-2024-2025\/\" class=\"vlp-link\" title=\"Biathlon - Classement Petit globe individuel femmes Coupe du monde 2024-2025\"><\/a><div class=\"vlp-layout-zone-side\"><div class=\"vlp-block-4 vlp-link-image\"><img loading=\"lazy\" decoding=\"async\" style=\"max-width: 792px;\" width=\"792\" height=\"445\" src=\"https:\/\/dicodusport.fr\/blog\/wp-content\/uploads\/2024\/12\/Biathlon-Classement-Petit-globe-individuel-femmes-Coupe-du-monde-2024-2025.png\" class=\"attachment-800x445 size-800x445\" alt=\"Biathlon - Classement Petit globe individuel femmes Coupe du monde 2024-2025\" srcset=\"https:\/\/dicodusport.fr\/blog\/wp-content\/uploads\/2024\/12\/Biathlon-Classement-Petit-globe-individuel-femmes-Coupe-du-monde-2024-2025.png 1200w, https:\/\/dicodusport.fr\/blog\/wp-content\/uploads\/2024\/12\/Biathlon-Classement-Petit-globe-individuel-femmes-Coupe-du-monde-2024-2025-300x169.png 300w, https:\/\/dicodusport.fr\/blog\/wp-content\/uploads\/2024\/12\/Biathlon-Classement-Petit-globe-individuel-femmes-Coupe-du-monde-2024-2025-1024x575.png 1024w, https:\/\/dicodusport.fr\/blog\/wp-content\/uploads\/2024\/12\/Biathlon-Classement-Petit-globe-individuel-femmes-Coupe-du-monde-2024-2025-768x431.png 768w\" sizes=\"auto, (max-width: 792px) 100vw, 792px\" \/><\/div><\/div><div class=\"vlp-layout-zone-main\"><div class=\"vlp-block-0 vlp-link-title\">Biathlon - Classement Petit globe individuel femmes Coupe du monde 2024-2025<\/div><div class=\"vlp-block-1 vlp-link-summary\">COUPE DU MONDE DE BIATHLON 2024-2025 - D\u00e9couvrez le classement du petit globe de l'individuel femmes de la Coupe du monde de biathlon 2024-2025.<\/div><div class=\"vlp-block-2 vlp-link-button\">Lire l'article<\/div><div class=\"vlp-block-3 vlp-link-url\">dicodusport.fr<\/div><\/div><\/div>\n<h2 style=\"text-align: justify;\">Le petit globe pour Lou Jeanmonnot<\/h2>\n<p style=\"text-align: justify;\">Si elle avait d\u00e9but\u00e9 de la meilleure des mani\u00e8res,<strong> Lou Jeanmonnot<\/strong> a conc\u00e9d\u00e9 une p\u00e9nalit\u00e9 sur son premier debout, l\u00e0 ou <strong>Preuss<\/strong> passait \u00e0 10\/10. Un avertissement qui ne l&rsquo;a pas emp\u00each\u00e9e de se reprendre sur son troisi\u00e8me tir. Calme, la tricolore a pris son temps pour faire basculer les cinq cibles. Malgr\u00e9 une nouvelle faute sur le dernier debout, la Fran\u00e7aise ressortait dans le Top 5 provisoire, entretenant le suspens avant le dernier tir de <strong>Preuss.<\/strong> Comme souvent irr\u00e9prochable au tir, l&rsquo;Allemande a r\u00e9alis\u00e9 un nouveau sans-faute lui assurant de reprendre de la marge au g\u00e9n\u00e9ral sur sa dauphine.<\/p>\n<p style=\"text-align: justify;\">Ainsi, au g\u00e9n\u00e9ral, l&rsquo;Allemande compte d\u00e9sormais 60 points d&rsquo;avance sur <strong>Jeanmonnot<\/strong> mais la biathl\u00e8te tricolore \u00e9tait tout sourire en comprenant que le petit globe de la sp\u00e9cialit\u00e9 lui revenait. En effet, en terminant finalement septi\u00e8me, la Fran\u00e7aise \u00e9tait d&#8217;embl\u00e9e hors d&rsquo;atteinte. Dans une semaine, elle aura l&rsquo;occasion de remporter \u00e9galement celui de la poursuite.<\/p>\n<ul>\n<li style=\"text-align: justify;\"><strong>\u00c0 ce sujet &#8211; <a href=\"https:\/\/dicodusport.fr\/blog\/biathlon-pokljuka-classement-et-resultats-individuel-court-femmes\/\">Biathlon Pokljuka \u2013 Classement et r\u00e9sultats Individuel court femmes<\/a><\/strong><\/li>\n<\/ul>\n<h2>Impitoyable Julia Simon !<\/h2>\n<p style=\"text-align: justify;\">Sur la piste, <strong>Justine Braisaz-Bouchet<\/strong> a \u00e9t\u00e9 la premi\u00e8re \u00e0 tester la neige. Partie avec le dossard n\u00b01, la Fran\u00e7aise a align\u00e9 les chronos de r\u00e9f\u00e9rence \u00e0 l&rsquo;issue de ses trois premiers tours. S\u00e9rieuse derri\u00e8re la carabine, la championne du monde en titre du sprint a d&rsquo;abord r\u00e9alis\u00e9 le plein sur ses deux premiers tirs. Finalement, une faute lors de son troisi\u00e8me passage a rebattu les cartes tandis qu&rsquo;une autre balle manqu\u00e9e sur le dernier passage a eu raison de ses chances de victoire. Toutefois, conform\u00e9ment \u00e0 sa r\u00e9putation de skieuse rapide, la Savoyarde n&rsquo;a pas tra\u00een\u00e9 et s&rsquo;adjuge la sixi\u00e8me place en r\u00e9alisant le deuxi\u00e8me temps de ski.<\/p>\n<p style=\"text-align: justify;\">R\u00e9alisant une course discr\u00e8te en partant apr\u00e8s ses compatriotes, <strong>Julia Simon<\/strong> a \u00e9t\u00e9 la premi\u00e8re \u00e0 r\u00e9aliser le 20\/20. Pourtant, pas la plus rapide sur les skis, la d\u00e9cuple championne du monde a fait parler sa solidit\u00e9 derri\u00e8re la carabine. Loin de trembler au moment de blanchir ses cinq derni\u00e8res cibles, la Fran\u00e7aise a r\u00e9alis\u00e9 un dernier tir stratosph\u00e9rique en 21 secondes pour prendre la t\u00eate avec une avance importante sur la concurrence. Une performance remarquable qui lui ouvrait les portes de la victoire.<\/p>\n<p style=\"text-align: justify;\">Son destin n&rsquo;\u00e9tait pourtant pas entre ses mains puisque plus rapide, <strong>Hanna Oeberg<\/strong> avait la victoire en ligne de mire \u00e0 condition de r\u00e9aliser le plein sur son dernier tir. Rattrap\u00e9e par les \u00e9motions, la Su\u00e9doise avait bien engag\u00e9 son tir avant de marquer une apn\u00e9e plus longue avant sa derni\u00e8re balle. Une ou deux secondes de plus finalement fatales au moment d&rsquo;appuyer sur la d\u00e9tente. Avec un 19\/20, <strong>Oeberg<\/strong> sortait 3e \u00e0 40 secondes de <strong>Julia Simon<\/strong>. La Scandinave termine toutefois deuxi\u00e8me \u00e0 39 secondes, devant <strong>Preuss<\/strong>.<\/p>\n<blockquote class=\"twitter-tweet\">\n<p dir=\"ltr\" lang=\"fr\">\ud83d\udd25 \u00c9NORME Julia Simon ! La Fran\u00e7aise signe un incroyable 20\/20 au tir et r\u00e9alise une course exceptionnelle. <a href=\"https:\/\/twitter.com\/hashtag\/lequipeBIATHLON?src=hash&amp;ref_src=twsrc%5Etfw\">#lequipeBIATHLON<\/a> <a href=\"https:\/\/t.co\/94ITlHvu78\">pic.twitter.com\/94ITlHvu78<\/a><\/p>\n<p>\u2014 la chaine L&rsquo;\u00c9quipe (@lachainelequipe) <a href=\"https:\/\/twitter.com\/lachainelequipe\/status\/1900143112174928099?ref_src=twsrc%5Etfw\">March 13, 2025<\/a><\/p><\/blockquote>\n<p><script src=\"https:\/\/platform.twitter.com\/widgets.js\" async=\"\" charset=\"utf-8\"><\/script><\/p>\n<h2 style=\"text-align: justify;\">Les autres Fran\u00e7aises \u00e9galement dans le top 10<\/h2>\n<p style=\"text-align: justify;\">Appliqu\u00e9es, <strong>Oc\u00e9ane Michelon<\/strong> et <strong>Jeanne Richard<\/strong> ont, elles aussi, bien d\u00e9but\u00e9. R\u00e9alisant respectivement le 15 et 14\/15, les deux benjamines de l&rsquo;\u00e9quipe de France se pr\u00e9sentaient avec de s\u00e9rieuses ambitions avant de tirer leurs cinq derni\u00e8res cartouches. La premi\u00e8re, en plus du sans-faute jusqu&rsquo;alors, rivalisait qui plus est sur les skis avec <strong>Justine Braisaz-Bouchet<\/strong> et pouvait d&rsquo;ores et d\u00e9j\u00e0 assurer le podium en cas de 20\/20.<\/p>\n<p style=\"text-align: justify;\">L&rsquo;enjeu aura peut-\u00eatre \u00e9t\u00e9 trop pesant. Alors qu&rsquo;elle jouait la victoire et avait d\u00e9but\u00e9 son dernier tir par un 3\/3, deux ultimes fautes auront eu raison de ses espoirs de victoire. <strong>Oc\u00e9ane Michelon<\/strong> termine finalement cinqui\u00e8me, r\u00e9alisant le meilleur temps de ski alors que <strong>Jeanne Richard<\/strong>, 18\/20 \u00e9galement, se contente de la 10\u00e8me place.<\/p>\n<h2 style=\"text-align: justify;\">\u00c0 ce sujet<\/h2>\n<ul>\n<li><strong><a href=\"https:\/\/dicodusport.fr\/blog\/biathlon-pokljuka-2025-resultats-et-classements\/\">Biathlon Pokljuka 2025 : R\u00e9sultats et Classements<\/a><\/strong><\/li>\n<li><a href=\"https:\/\/dicodusport.fr\/blog\/biathlon-classement-general-femmes-coupe-du-monde-2024-2025\/\"><strong>Biathlon &#8211; Classement g\u00e9n\u00e9ral femmes Coupe du monde 2024-2025<\/strong><\/a><\/li>\n<\/ul>\n","protected":false},"excerpt":{"rendered":"<p>L&rsquo;individuel court pour Julia Simon, le petit globe pour Lou Jeanmonnot !<\/p>\n","protected":false},"author":91,"featured_media":563702,"comment_status":"open","ping_status":"closed","sticky":false,"template":"","format":"standard","meta":{"_acf_changed":false,"_daextam_enable_autolinks":"1","footnotes":""},"categories":[47040],"tags":[2427,14230,16878,24],"class_list":["post-563613","post","type-post","status-publish","format-standard","has-post-thumbnail","hentry","category-coupe-du-monde-de-biathlon","tag-biathlon","tag-biathlon-pokljuka","tag-breve","tag-sport"],"acf":[],"yoast_head":"<!-- This site is optimized with the Yoast SEO Premium plugin v26.7 (Yoast SEO v26.7) - https:\/\/yoast.com\/wordpress\/plugins\/seo\/ -->\n<title>Biathlon Pokljuka 2025 : L&#039;individuel court pour Julia Simon, le petit globe pour Lou Jeanmonnot !<\/title>\n<meta name=\"description\" content=\"COUPE DU MONDE DE BIATHLON 2024\/2025 - Julia Simon a remport\u00e9 l&#039;individuel court de Pokljuka tandis que Lou Jeanmonnot d\u00e9croche le petit globe.\" \/>\n<meta name=\"robots\" content=\"index, follow, max-snippet:-1, max-image-preview:large, max-video-preview:-1\" \/>\n<link rel=\"canonical\" href=\"https:\/\/dicodusport.fr\/blog\/biathlon-pokljuka-2025-lindividuel-court-pour-julia-simon-le-petit-globe-pour-lou-jeanmonnot\/\" \/>\n<meta property=\"og:locale\" content=\"fr_FR\" \/>\n<meta property=\"og:type\" content=\"article\" \/>\n<meta property=\"og:title\" content=\"Biathlon Pokljuka 2025 : L&#039;individuel court pour Julia Simon, le petit globe pour Lou Jeanmonnot !\" \/>\n<meta property=\"og:description\" content=\"COUPE DU MONDE DE BIATHLON 2024\/2025 - Julia Simon a remport\u00e9 l&#039;individuel court de Pokljuka tandis que Lou Jeanmonnot d\u00e9croche le petit globe.\" \/>\n<meta property=\"og:url\" content=\"https:\/\/dicodusport.fr\/blog\/biathlon-pokljuka-2025-lindividuel-court-pour-julia-simon-le-petit-globe-pour-lou-jeanmonnot\/\" \/>\n<meta property=\"og:site_name\" content=\"Dicodusport\" \/>\n<meta property=\"article:publisher\" content=\"https:\/\/www.facebook.com\/dicodusport\" \/>\n<meta property=\"article:published_time\" content=\"2025-03-13T11:29:12+00:00\" \/>\n<meta property=\"article:modified_time\" content=\"2025-07-09T16:33:15+00:00\" \/>\n<meta property=\"og:image\" content=\"https:\/\/dicodusport.fr\/blog\/wp-content\/uploads\/2025\/03\/Biathlon-Pokljuka-2025-Lindividuel-court-pour-Julia-Simon-le-petit-globe-pour-Lou-Jeanmonnot-1.png\" \/>\n\t<meta property=\"og:image:width\" content=\"1200\" \/>\n\t<meta property=\"og:image:height\" content=\"674\" \/>\n\t<meta property=\"og:image:type\" content=\"image\/png\" \/>\n<meta name=\"author\" content=\"Victor Clot-Amiot\" \/>\n<meta name=\"twitter:card\" content=\"summary_large_image\" \/>\n<meta name=\"twitter:title\" content=\"Biathlon Pokljuka 2025 : L&#039;individuel court pour Julia Simon, le petit globe pour Lou Jeanmonnot !\" \/>\n<meta name=\"twitter:creator\" content=\"@https:\/\/x.com\/VictorClotAmiot\" \/>\n<meta name=\"twitter:site\" content=\"@dicodusport\" \/>\n<script type=\"application\/ld+json\" class=\"yoast-schema-graph\">{\"@context\":\"https:\/\/schema.org\",\"@graph\":[{\"@type\":\"NewsArticle\",\"@id\":\"https:\/\/dicodusport.fr\/blog\/biathlon-pokljuka-2025-lindividuel-court-pour-julia-simon-le-petit-globe-pour-lou-jeanmonnot\/#article\",\"isPartOf\":{\"@id\":\"https:\/\/dicodusport.fr\/blog\/biathlon-pokljuka-2025-lindividuel-court-pour-julia-simon-le-petit-globe-pour-lou-jeanmonnot\/\"},\"author\":{\"name\":\"Victor Clot-Amiot\",\"@id\":\"https:\/\/dicodusport.fr\/blog\/#\/schema\/person\/b623199cba9ba90fe84a3d16e9282360\"},\"headline\":\"Biathlon Pokljuka 2025 : L&rsquo;individuel court pour Julia Simon, le petit globe pour Lou Jeanmonnot !\",\"datePublished\":\"2025-03-13T11:29:12+00:00\",\"dateModified\":\"2025-07-09T16:33:15+00:00\",\"mainEntityOfPage\":{\"@id\":\"https:\/\/dicodusport.fr\/blog\/biathlon-pokljuka-2025-lindividuel-court-pour-julia-simon-le-petit-globe-pour-lou-jeanmonnot\/\"},\"wordCount\":1076,\"commentCount\":0,\"publisher\":{\"@id\":\"https:\/\/dicodusport.fr\/blog\/#organization\"},\"image\":{\"@id\":\"https:\/\/dicodusport.fr\/blog\/biathlon-pokljuka-2025-lindividuel-court-pour-julia-simon-le-petit-globe-pour-lou-jeanmonnot\/#primaryimage\"},\"thumbnailUrl\":\"https:\/\/dicodusport.fr\/blog\/wp-content\/uploads\/2025\/03\/Biathlon-Pokljuka-2025-Lindividuel-court-pour-Julia-Simon-le-petit-globe-pour-Lou-Jeanmonnot-1.png\",\"keywords\":[\"Biathlon\",\"Biathlon Pokljuka\",\"br\u00e8ve\",\"sport\"],\"articleSection\":[\"Coupe du monde de biathlon\"],\"inLanguage\":\"fr-FR\",\"potentialAction\":[{\"@type\":\"CommentAction\",\"name\":\"Comment\",\"target\":[\"https:\/\/dicodusport.fr\/blog\/biathlon-pokljuka-2025-lindividuel-court-pour-julia-simon-le-petit-globe-pour-lou-jeanmonnot\/#respond\"]}],\"copyrightYear\":\"2025\",\"copyrightHolder\":{\"@id\":\"https:\/\/dicodusport.fr\/blog\/#organization\"}},{\"@type\":\"WebPage\",\"@id\":\"https:\/\/dicodusport.fr\/blog\/biathlon-pokljuka-2025-lindividuel-court-pour-julia-simon-le-petit-globe-pour-lou-jeanmonnot\/\",\"url\":\"https:\/\/dicodusport.fr\/blog\/biathlon-pokljuka-2025-lindividuel-court-pour-julia-simon-le-petit-globe-pour-lou-jeanmonnot\/\",\"name\":\"Biathlon Pokljuka 2025 : L'individuel court pour Julia Simon, le petit globe pour Lou Jeanmonnot !\",\"isPartOf\":{\"@id\":\"https:\/\/dicodusport.fr\/blog\/#website\"},\"primaryImageOfPage\":{\"@id\":\"https:\/\/dicodusport.fr\/blog\/biathlon-pokljuka-2025-lindividuel-court-pour-julia-simon-le-petit-globe-pour-lou-jeanmonnot\/#primaryimage\"},\"image\":{\"@id\":\"https:\/\/dicodusport.fr\/blog\/biathlon-pokljuka-2025-lindividuel-court-pour-julia-simon-le-petit-globe-pour-lou-jeanmonnot\/#primaryimage\"},\"thumbnailUrl\":\"https:\/\/dicodusport.fr\/blog\/wp-content\/uploads\/2025\/03\/Biathlon-Pokljuka-2025-Lindividuel-court-pour-Julia-Simon-le-petit-globe-pour-Lou-Jeanmonnot-1.png\",\"datePublished\":\"2025-03-13T11:29:12+00:00\",\"dateModified\":\"2025-07-09T16:33:15+00:00\",\"description\":\"COUPE DU MONDE DE BIATHLON 2024\/2025 - Julia Simon a remport\u00e9 l'individuel court de Pokljuka tandis que Lou Jeanmonnot d\u00e9croche le petit globe.\",\"breadcrumb\":{\"@id\":\"https:\/\/dicodusport.fr\/blog\/biathlon-pokljuka-2025-lindividuel-court-pour-julia-simon-le-petit-globe-pour-lou-jeanmonnot\/#breadcrumb\"},\"inLanguage\":\"fr-FR\",\"potentialAction\":[{\"@type\":\"ReadAction\",\"target\":[\"https:\/\/dicodusport.fr\/blog\/biathlon-pokljuka-2025-lindividuel-court-pour-julia-simon-le-petit-globe-pour-lou-jeanmonnot\/\"]}]},{\"@type\":\"ImageObject\",\"inLanguage\":\"fr-FR\",\"@id\":\"https:\/\/dicodusport.fr\/blog\/biathlon-pokljuka-2025-lindividuel-court-pour-julia-simon-le-petit-globe-pour-lou-jeanmonnot\/#primaryimage\",\"url\":\"https:\/\/dicodusport.fr\/blog\/wp-content\/uploads\/2025\/03\/Biathlon-Pokljuka-2025-Lindividuel-court-pour-Julia-Simon-le-petit-globe-pour-Lou-Jeanmonnot-1.png\",\"contentUrl\":\"https:\/\/dicodusport.fr\/blog\/wp-content\/uploads\/2025\/03\/Biathlon-Pokljuka-2025-Lindividuel-court-pour-Julia-Simon-le-petit-globe-pour-Lou-Jeanmonnot-1.png\",\"width\":1200,\"height\":674,\"caption\":\"Biathlon Pokljuka 2025 L'individuel court pour Julia Simon, le petit globe pour Lou Jeanmonnot ! (1)\"},{\"@type\":\"BreadcrumbList\",\"@id\":\"https:\/\/dicodusport.fr\/blog\/biathlon-pokljuka-2025-lindividuel-court-pour-julia-simon-le-petit-globe-pour-lou-jeanmonnot\/#breadcrumb\",\"itemListElement\":[{\"@type\":\"ListItem\",\"position\":1,\"name\":\"Accueil\",\"item\":\"https:\/\/dicodusport.fr\/blog\/\"},{\"@type\":\"ListItem\",\"position\":2,\"name\":\"Biathlon Pokljuka 2025 : L&rsquo;individuel court pour Julia Simon, le petit globe pour Lou Jeanmonnot !\"}]},{\"@type\":\"WebSite\",\"@id\":\"https:\/\/dicodusport.fr\/blog\/#website\",\"url\":\"https:\/\/dicodusport.fr\/blog\/\",\"name\":\"Dicodusport\",\"description\":\"L&#039;encyclop\u00e9die de l&#039;actualit\u00e9 sportive\",\"publisher\":{\"@id\":\"https:\/\/dicodusport.fr\/blog\/#organization\"},\"potentialAction\":[{\"@type\":\"SearchAction\",\"target\":{\"@type\":\"EntryPoint\",\"urlTemplate\":\"https:\/\/dicodusport.fr\/blog\/?s={search_term_string}\"},\"query-input\":{\"@type\":\"PropertyValueSpecification\",\"valueRequired\":true,\"valueName\":\"search_term_string\"}}],\"inLanguage\":\"fr-FR\"},{\"@type\":\"NewsMediaOrganization\",\"@id\":\"https:\/\/dicodusport.fr\/blog\/#organization\",\"name\":\"Dicodusport\",\"url\":\"https:\/\/dicodusport.fr\/blog\/\",\"logo\":{\"@type\":\"ImageObject\",\"inLanguage\":\"fr-FR\",\"@id\":\"https:\/\/dicodusport.fr\/blog\/#\/schema\/logo\/image\/\",\"url\":\"https:\/\/dicodusport.fr\/blog\/wp-content\/uploads\/2020\/06\/cropped-LOGO-DICODUSPORT-2020-SANS-FOND-SANS-TEXTE.png\",\"contentUrl\":\"https:\/\/dicodusport.fr\/blog\/wp-content\/uploads\/2020\/06\/cropped-LOGO-DICODUSPORT-2020-SANS-FOND-SANS-TEXTE.png\",\"width\":512,\"height\":512,\"caption\":\"Dicodusport\"},\"image\":{\"@id\":\"https:\/\/dicodusport.fr\/blog\/#\/schema\/logo\/image\/\"},\"sameAs\":[\"https:\/\/www.facebook.com\/dicodusport\",\"https:\/\/x.com\/dicodusport\",\"https:\/\/www.instagram.com\/dicodusport\/\",\"https:\/\/www.youtube.com\/channel\/UC7V2KZ5sd3htJivAbA4ZG3w\"],\"description\":\"Dicodusport est l'encyclop\u00e9die de l'actualit\u00e9 sportive.\",\"email\":\"bonjour@dicodusport.fr\",\"legalName\":\"DICODUSPORT\",\"foundingDate\":\"2018-01-14\",\"vatID\":\"FR71834470973\",\"taxID\":\"83447097300043\",\"numberOfEmployees\":{\"@type\":\"QuantitativeValue\",\"minValue\":\"1\",\"maxValue\":\"10\"}},{\"@type\":\"Person\",\"@id\":\"https:\/\/dicodusport.fr\/blog\/#\/schema\/person\/b623199cba9ba90fe84a3d16e9282360\",\"name\":\"Victor Clot-Amiot\",\"image\":{\"@type\":\"ImageObject\",\"inLanguage\":\"fr-FR\",\"@id\":\"https:\/\/dicodusport.fr\/blog\/#\/schema\/person\/image\/\",\"url\":\"https:\/\/dicodusport.fr\/blog\/wp-content\/uploads\/2023\/09\/IMG_20190826_114722-150x150.jpg\",\"contentUrl\":\"https:\/\/dicodusport.fr\/blog\/wp-content\/uploads\/2023\/09\/IMG_20190826_114722-150x150.jpg\",\"caption\":\"Victor Clot-Amiot\"},\"description\":\"Passionn\u00e9 de sport depuis toujours, un jour \u00e0 l'adolescence mes parents m'ont dit : \\\"quitte \u00e0 passer ton temps \u00e0 regarder du sport, au moins va le voir en vrai\\\" ! Depuis, cette remarque ne m'a plus quitt\u00e9 et je passe une grande partie de mon temps libre \u00e0 assister \u00e0 des comp\u00e9titions de tous sports. Je m\u00eale d'ailleurs mes deux passions, le sport et les voyages afin de faire une pierre deux coups ! Outre l'US Open ou l'Euro 2021 par exemple, j'ai assist\u00e9 cet \u00e9t\u00e9 aux Mondiaux d'athl\u00e9tisme \u00e0 Budapest. Mon plus gros coup dur est et restera les JO 2020-2021 pour lesquels j'avais r\u00e9serv\u00e9 17 \u00e9preuves. La suite, vous la connaissez...\",\"sameAs\":[\"https:\/\/x.com\/https:\/\/x.com\/VictorClotAmiot\"],\"url\":\"https:\/\/dicodusport.fr\/blog\/author\/victor-clot-amiot\/\"}]}<\/script>\n<!-- \/ Yoast SEO Premium plugin. -->","yoast_head_json":{"title":"Biathlon Pokljuka 2025 : L'individuel court pour Julia Simon, le petit globe pour Lou Jeanmonnot !","description":"COUPE DU MONDE DE BIATHLON 2024\/2025 - Julia Simon a remport\u00e9 l'individuel court de Pokljuka tandis que Lou Jeanmonnot d\u00e9croche le petit globe.","robots":{"index":"index","follow":"follow","max-snippet":"max-snippet:-1","max-image-preview":"max-image-preview:large","max-video-preview":"max-video-preview:-1"},"canonical":"https:\/\/dicodusport.fr\/blog\/biathlon-pokljuka-2025-lindividuel-court-pour-julia-simon-le-petit-globe-pour-lou-jeanmonnot\/","og_locale":"fr_FR","og_type":"article","og_title":"Biathlon Pokljuka 2025 : L'individuel court pour Julia Simon, le petit globe pour Lou Jeanmonnot !","og_description":"COUPE DU MONDE DE BIATHLON 2024\/2025 - Julia Simon a remport\u00e9 l'individuel court de Pokljuka tandis que Lou Jeanmonnot d\u00e9croche le petit globe.","og_url":"https:\/\/dicodusport.fr\/blog\/biathlon-pokljuka-2025-lindividuel-court-pour-julia-simon-le-petit-globe-pour-lou-jeanmonnot\/","og_site_name":"Dicodusport","article_publisher":"https:\/\/www.facebook.com\/dicodusport","article_published_time":"2025-03-13T11:29:12+00:00","article_modified_time":"2025-07-09T16:33:15+00:00","og_image":[{"width":1200,"height":674,"url":"https:\/\/dicodusport.fr\/blog\/wp-content\/uploads\/2025\/03\/Biathlon-Pokljuka-2025-Lindividuel-court-pour-Julia-Simon-le-petit-globe-pour-Lou-Jeanmonnot-1.png","type":"image\/png"}],"author":"Victor Clot-Amiot","twitter_card":"summary_large_image","twitter_title":"Biathlon Pokljuka 2025 : L'individuel court pour Julia Simon, le petit globe pour Lou Jeanmonnot !","twitter_creator":"@https:\/\/x.com\/VictorClotAmiot","twitter_site":"@dicodusport","schema":{"@context":"https:\/\/schema.org","@graph":[{"@type":"NewsArticle","@id":"https:\/\/dicodusport.fr\/blog\/biathlon-pokljuka-2025-lindividuel-court-pour-julia-simon-le-petit-globe-pour-lou-jeanmonnot\/#article","isPartOf":{"@id":"https:\/\/dicodusport.fr\/blog\/biathlon-pokljuka-2025-lindividuel-court-pour-julia-simon-le-petit-globe-pour-lou-jeanmonnot\/"},"author":{"name":"Victor Clot-Amiot","@id":"https:\/\/dicodusport.fr\/blog\/#\/schema\/person\/b623199cba9ba90fe84a3d16e9282360"},"headline":"Biathlon Pokljuka 2025 : L&rsquo;individuel court pour Julia Simon, le petit globe pour Lou Jeanmonnot !","datePublished":"2025-03-13T11:29:12+00:00","dateModified":"2025-07-09T16:33:15+00:00","mainEntityOfPage":{"@id":"https:\/\/dicodusport.fr\/blog\/biathlon-pokljuka-2025-lindividuel-court-pour-julia-simon-le-petit-globe-pour-lou-jeanmonnot\/"},"wordCount":1076,"commentCount":0,"publisher":{"@id":"https:\/\/dicodusport.fr\/blog\/#organization"},"image":{"@id":"https:\/\/dicodusport.fr\/blog\/biathlon-pokljuka-2025-lindividuel-court-pour-julia-simon-le-petit-globe-pour-lou-jeanmonnot\/#primaryimage"},"thumbnailUrl":"https:\/\/dicodusport.fr\/blog\/wp-content\/uploads\/2025\/03\/Biathlon-Pokljuka-2025-Lindividuel-court-pour-Julia-Simon-le-petit-globe-pour-Lou-Jeanmonnot-1.png","keywords":["Biathlon","Biathlon Pokljuka","br\u00e8ve","sport"],"articleSection":["Coupe du monde de biathlon"],"inLanguage":"fr-FR","potentialAction":[{"@type":"CommentAction","name":"Comment","target":["https:\/\/dicodusport.fr\/blog\/biathlon-pokljuka-2025-lindividuel-court-pour-julia-simon-le-petit-globe-pour-lou-jeanmonnot\/#respond"]}],"copyrightYear":"2025","copyrightHolder":{"@id":"https:\/\/dicodusport.fr\/blog\/#organization"}},{"@type":"WebPage","@id":"https:\/\/dicodusport.fr\/blog\/biathlon-pokljuka-2025-lindividuel-court-pour-julia-simon-le-petit-globe-pour-lou-jeanmonnot\/","url":"https:\/\/dicodusport.fr\/blog\/biathlon-pokljuka-2025-lindividuel-court-pour-julia-simon-le-petit-globe-pour-lou-jeanmonnot\/","name":"Biathlon Pokljuka 2025 : L'individuel court pour Julia Simon, le petit globe pour Lou Jeanmonnot !","isPartOf":{"@id":"https:\/\/dicodusport.fr\/blog\/#website"},"primaryImageOfPage":{"@id":"https:\/\/dicodusport.fr\/blog\/biathlon-pokljuka-2025-lindividuel-court-pour-julia-simon-le-petit-globe-pour-lou-jeanmonnot\/#primaryimage"},"image":{"@id":"https:\/\/dicodusport.fr\/blog\/biathlon-pokljuka-2025-lindividuel-court-pour-julia-simon-le-petit-globe-pour-lou-jeanmonnot\/#primaryimage"},"thumbnailUrl":"https:\/\/dicodusport.fr\/blog\/wp-content\/uploads\/2025\/03\/Biathlon-Pokljuka-2025-Lindividuel-court-pour-Julia-Simon-le-petit-globe-pour-Lou-Jeanmonnot-1.png","datePublished":"2025-03-13T11:29:12+00:00","dateModified":"2025-07-09T16:33:15+00:00","description":"COUPE DU MONDE DE BIATHLON 2024\/2025 - Julia Simon a remport\u00e9 l'individuel court de Pokljuka tandis que Lou Jeanmonnot d\u00e9croche le petit globe.","breadcrumb":{"@id":"https:\/\/dicodusport.fr\/blog\/biathlon-pokljuka-2025-lindividuel-court-pour-julia-simon-le-petit-globe-pour-lou-jeanmonnot\/#breadcrumb"},"inLanguage":"fr-FR","potentialAction":[{"@type":"ReadAction","target":["https:\/\/dicodusport.fr\/blog\/biathlon-pokljuka-2025-lindividuel-court-pour-julia-simon-le-petit-globe-pour-lou-jeanmonnot\/"]}]},{"@type":"ImageObject","inLanguage":"fr-FR","@id":"https:\/\/dicodusport.fr\/blog\/biathlon-pokljuka-2025-lindividuel-court-pour-julia-simon-le-petit-globe-pour-lou-jeanmonnot\/#primaryimage","url":"https:\/\/dicodusport.fr\/blog\/wp-content\/uploads\/2025\/03\/Biathlon-Pokljuka-2025-Lindividuel-court-pour-Julia-Simon-le-petit-globe-pour-Lou-Jeanmonnot-1.png","contentUrl":"https:\/\/dicodusport.fr\/blog\/wp-content\/uploads\/2025\/03\/Biathlon-Pokljuka-2025-Lindividuel-court-pour-Julia-Simon-le-petit-globe-pour-Lou-Jeanmonnot-1.png","width":1200,"height":674,"caption":"Biathlon Pokljuka 2025 L'individuel court pour Julia Simon, le petit globe pour Lou Jeanmonnot ! (1)"},{"@type":"BreadcrumbList","@id":"https:\/\/dicodusport.fr\/blog\/biathlon-pokljuka-2025-lindividuel-court-pour-julia-simon-le-petit-globe-pour-lou-jeanmonnot\/#breadcrumb","itemListElement":[{"@type":"ListItem","position":1,"name":"Accueil","item":"https:\/\/dicodusport.fr\/blog\/"},{"@type":"ListItem","position":2,"name":"Biathlon Pokljuka 2025 : L&rsquo;individuel court pour Julia Simon, le petit globe pour Lou Jeanmonnot !"}]},{"@type":"WebSite","@id":"https:\/\/dicodusport.fr\/blog\/#website","url":"https:\/\/dicodusport.fr\/blog\/","name":"Dicodusport","description":"L&#039;encyclop\u00e9die de l&#039;actualit\u00e9 sportive","publisher":{"@id":"https:\/\/dicodusport.fr\/blog\/#organization"},"potentialAction":[{"@type":"SearchAction","target":{"@type":"EntryPoint","urlTemplate":"https:\/\/dicodusport.fr\/blog\/?s={search_term_string}"},"query-input":{"@type":"PropertyValueSpecification","valueRequired":true,"valueName":"search_term_string"}}],"inLanguage":"fr-FR"},{"@type":"NewsMediaOrganization","@id":"https:\/\/dicodusport.fr\/blog\/#organization","name":"Dicodusport","url":"https:\/\/dicodusport.fr\/blog\/","logo":{"@type":"ImageObject","inLanguage":"fr-FR","@id":"https:\/\/dicodusport.fr\/blog\/#\/schema\/logo\/image\/","url":"https:\/\/dicodusport.fr\/blog\/wp-content\/uploads\/2020\/06\/cropped-LOGO-DICODUSPORT-2020-SANS-FOND-SANS-TEXTE.png","contentUrl":"https:\/\/dicodusport.fr\/blog\/wp-content\/uploads\/2020\/06\/cropped-LOGO-DICODUSPORT-2020-SANS-FOND-SANS-TEXTE.png","width":512,"height":512,"caption":"Dicodusport"},"image":{"@id":"https:\/\/dicodusport.fr\/blog\/#\/schema\/logo\/image\/"},"sameAs":["https:\/\/www.facebook.com\/dicodusport","https:\/\/x.com\/dicodusport","https:\/\/www.instagram.com\/dicodusport\/","https:\/\/www.youtube.com\/channel\/UC7V2KZ5sd3htJivAbA4ZG3w"],"description":"Dicodusport est l'encyclop\u00e9die de l'actualit\u00e9 sportive.","email":"bonjour@dicodusport.fr","legalName":"DICODUSPORT","foundingDate":"2018-01-14","vatID":"FR71834470973","taxID":"83447097300043","numberOfEmployees":{"@type":"QuantitativeValue","minValue":"1","maxValue":"10"}},{"@type":"Person","@id":"https:\/\/dicodusport.fr\/blog\/#\/schema\/person\/b623199cba9ba90fe84a3d16e9282360","name":"Victor Clot-Amiot","image":{"@type":"ImageObject","inLanguage":"fr-FR","@id":"https:\/\/dicodusport.fr\/blog\/#\/schema\/person\/image\/","url":"https:\/\/dicodusport.fr\/blog\/wp-content\/uploads\/2023\/09\/IMG_20190826_114722-150x150.jpg","contentUrl":"https:\/\/dicodusport.fr\/blog\/wp-content\/uploads\/2023\/09\/IMG_20190826_114722-150x150.jpg","caption":"Victor Clot-Amiot"},"description":"Passionn\u00e9 de sport depuis toujours, un jour \u00e0 l'adolescence mes parents m'ont dit : \"quitte \u00e0 passer ton temps \u00e0 regarder du sport, au moins va le voir en vrai\" ! Depuis, cette remarque ne m'a plus quitt\u00e9 et je passe une grande partie de mon temps libre \u00e0 assister \u00e0 des comp\u00e9titions de tous sports. Je m\u00eale d'ailleurs mes deux passions, le sport et les voyages afin de faire une pierre deux coups ! Outre l'US Open ou l'Euro 2021 par exemple, j'ai assist\u00e9 cet \u00e9t\u00e9 aux Mondiaux d'athl\u00e9tisme \u00e0 Budapest. Mon plus gros coup dur est et restera les JO 2020-2021 pour lesquels j'avais r\u00e9serv\u00e9 17 \u00e9preuves. La suite, vous la connaissez...","sameAs":["https:\/\/x.com\/https:\/\/x.com\/VictorClotAmiot"],"url":"https:\/\/dicodusport.fr\/blog\/author\/victor-clot-amiot\/"}]}},"_links":{"self":[{"href":"https:\/\/dicodusport.fr\/blog\/wp-json\/wp\/v2\/posts\/563613","targetHints":{"allow":["GET"]}}],"collection":[{"href":"https:\/\/dicodusport.fr\/blog\/wp-json\/wp\/v2\/posts"}],"about":[{"href":"https:\/\/dicodusport.fr\/blog\/wp-json\/wp\/v2\/types\/post"}],"author":[{"embeddable":true,"href":"https:\/\/dicodusport.fr\/blog\/wp-json\/wp\/v2\/users\/91"}],"replies":[{"embeddable":true,"href":"https:\/\/dicodusport.fr\/blog\/wp-json\/wp\/v2\/comments?post=563613"}],"version-history":[{"count":5,"href":"https:\/\/dicodusport.fr\/blog\/wp-json\/wp\/v2\/posts\/563613\/revisions"}],"predecessor-version":[{"id":564517,"href":"https:\/\/dicodusport.fr\/blog\/wp-json\/wp\/v2\/posts\/563613\/revisions\/564517"}],"wp:featuredmedia":[{"embeddable":true,"href":"https:\/\/dicodusport.fr\/blog\/wp-json\/wp\/v2\/media\/563702"}],"wp:attachment":[{"href":"https:\/\/dicodusport.fr\/blog\/wp-json\/wp\/v2\/media?parent=563613"}],"wp:term":[{"taxonomy":"category","embeddable":true,"href":"https:\/\/dicodusport.fr\/blog\/wp-json\/wp\/v2\/categories?post=563613"},{"taxonomy":"post_tag","embeddable":true,"href":"https:\/\/dicodusport.fr\/blog\/wp-json\/wp\/v2\/tags?post=563613"}],"curies":[{"name":"wp","href":"https:\/\/api.w.org\/{rel}","templated":true}]}}